{"id":9702,"date":"2026-01-29T20:12:03","date_gmt":"2026-01-29T20:12:03","guid":{"rendered":"https:\/\/angelboss.com.br\/?p=9702"},"modified":"2026-01-29T20:13:08","modified_gmt":"2026-01-29T20:13:08","slug":"izz-studios-berlin-fashion-film-festival-indicacoes","status":"publish","type":"post","link":"https:\/\/angelboss.com.br\/en\/2026\/01\/29\/izz-studios-berlin-fashion-film-festival-indicacoes\/","title":{"rendered":"IZZ\u00a0Studios\u00a0\u00e9\u00a0indicada\u00a0ao\u00a0Berlin\u00a0Fashion\u00a0Film\u00a0Festival\u00a0e\u00a0se\u00a0destaca\u00a0como\u00a0produtora\u00a0brasileira\u00a0com\u00a0mais\u00a0filmes\u00a0indicados"},"content":{"rendered":"<p>Com\u00a08\u00a0filmes\u00a0indicados, incluindo produ\u00e7\u00f5es de criativos\u00a0com\u00a0at\u00e9 25 anos, a premia\u00e7\u00e3o acontece\u00a0em 12 de fevereiro\u00a0e\u00a0refor\u00e7a o olhar para inova\u00e7\u00e3o\u00a0e\u00a0novos nomes do audiovisual brasileiro.\u00a0<\/p>\n\n\n\n<figure class=\"wp-block-table\"><table class=\"has-fixed-layout\"><tbody><tr><td><img decoding=\"async\" src=\"https:\/\/s2601.imxsnd74.com\/80QmOhhDM3AjY6InYu02bj5ycz9mYsV2ZuFGQsV2ZuF2b0Vmb6gTOykTM1EDN1ozZlBnauc3bsJDO0MTYiZTZyMjYjVzMkFjN4gjYyMDZ4cTNwUmZkZmYGJTJkZmYGJTJ0ITM3MjRyUSOzUTMyADM18VL1ETLf9VLwITLfpTO\"><\/td><\/tr><\/tbody><\/table><figcaption class=\"wp-element-caption\">Imagem\/Divulga\u00e7\u00e3o<\/figcaption><\/figure>\n\n\n\n<p><strong>S\u00e3o Paulo, Janeiro de 2026 &#8211;\u00a0<\/strong>A\u00a0IZZ\u00a0Studios\u00a0marca presen\u00e7a no 13\u00b0\u00a0<strong>Berlin\u00a0Fashion\u00a0Film\u00a0Festival<\/strong>, uma das principais premia\u00e7\u00f5es internacionais dedicadas a\u00a0filmes\u00a0de moda,\u00a0com\u00a0oito\u00a0filmes\u00a0selecionados\u00a0em 8 diferentes categorias\u00a0e\u00a02\u00a0filmes\u00a0em shortlist na\u00a0edi\u00e7\u00e3o atual, consolidando-se\u00a0como\u00a0a\u00a0produtora\u00a0brasileira\u00a0com\u00a0maior n\u00famero de indica\u00e7\u00f5es no\u00a0festival.<\/p>\n\n\n\n<p>Este \u00e9 o\u00a0segundo ano consecutivo do\u00a0est\u00fadio na premia\u00e7\u00e3o.\u00a0Em 2024, a\u00a0IZZ\u00a0Studios\u00a0foi a \u00fanica\u00a0produtora\u00a0brasileira\u00a0a conquistar um pr\u00eamio no\u00a0Berlin\u00a0Fashion\u00a0Film\u00a0Festival, consolidando sua presen\u00e7a no\u00a0evento\u00a0e\u00a0a constru\u00e7\u00e3o de uma rela\u00e7\u00e3o cont\u00ednua\u00a0com\u00a0a plataforma.<\/p>\n\n\n\n<p>Neste ano, a\u00a0sele\u00e7\u00e3o\u00a0expressiva de projetos\u00a0evidencia a diversidade de formatos, linguagens\u00a0e\u00a0tipologias de\u00a0filmes\u00a0desenvolvidos pela\u00a0IZZ\u00a0Studios,\u00a0com\u00a0trabalhos que v\u00e3o de\u00a0fashion\u00a0films\u00a0e\u00a0campanhas publicit\u00e1rias a projetos\u00a0experimentais, narrativas\u00a0em 3D\u00a0e\u00a0produ\u00e7\u00f5es\u00a0com\u00a0forte vi\u00e9s de inova\u00e7\u00e3o visual\u00a0e\u00a0tecnol\u00f3gica. Os\u00a0filmes\u00a0selecionados foram realizados para marcas globais\u00a0e\u00a0nacionais de diferentes\u00a0segmentos,\u00a0como\u00a0Prada Group, Levi\u2019s, Melissa, Riachuelo, Alexandre Pav\u00e3o, Track&amp;Field, Malbec\u00a0e\u00a0Working Title + Jack Daniel\u2019s, que integram as categorias no\u00a0festival\u00a0nesta\u00a0edi\u00e7\u00e3o.<\/p>\n\n\n\n<p>As indica\u00e7\u00f5es abrangem diferentes categorias do\u00a0Berlin\u00a0Fashion\u00a0Film\u00a0Festival, refletindo a capacidade do\u00a0est\u00fadio de transitar\u00a0entre universos\u00a0como\u00a0moda, cultura, design\u00a0e\u00a0tecnologia, dialogando\u00a0com\u00a0distintas propostas criativas\u00a0e\u00a0escalas de produ\u00e7\u00e3o.<\/p>\n\n\n\n<p>A presen\u00e7a da\u00a0IZZ\u00a0Studios\u00a0na\u00a0edi\u00e7\u00e3o deste ano tamb\u00e9m reflete\u00a0seu olhar consistente para o desenvolvimento de novos talentos no audiovisual\u00a0e\u00a0evidencia o protagonismo de uma nova gera\u00e7\u00e3o criativa,\u00a0com\u00a0projetos assinados por criativos jovens\u00a0e\u00a0equipes\u00a0em forma\u00e7\u00e3o cont\u00ednua.\u00a0Esse posicionamento\u00a0est\u00e1 diretamente conectado \u00e0 trajet\u00f3ria de\u00a0seu s\u00f3cio-fundador, Guilherme Muniz,\u00a0empreendedor criativo desde os 17 anos,\u00a0com\u00a0atua\u00e7\u00e3o pr\u00e1tica no audiovisual\u00a0e\u00a0vis\u00e3o\u00a0estrat\u00e9gica voltada \u00e0 constru\u00e7\u00e3o de ideias que\u00a0se\u00a0transformam\u00a0em\u00a0comunica\u00e7\u00e3o relevante.<\/p>\n\n\n\n<p>Em um momento&nbsp;em que o audiovisual brasileiro passa por transforma\u00e7\u00f5es, a participa\u00e7\u00e3o da&nbsp;IZZ&nbsp;Studios&nbsp;no&nbsp;Berlin&nbsp;Fashion&nbsp;Film&nbsp;Festival&nbsp;refor\u00e7a valores&nbsp;como&nbsp;inova\u00e7\u00e3o,&nbsp;excel\u00eancia criativa&nbsp;e&nbsp;relev\u00e2ncia cultural. O Grupo&nbsp;IZZ&nbsp;atua hoje&nbsp;em diferentes frentes, do&nbsp;entretenimento \u00e0 produ\u00e7\u00e3o audiovisual&nbsp;e&nbsp;projetos&nbsp;especiais,&nbsp;com&nbsp;um modelo que une&nbsp;est\u00fadio,&nbsp;produtora&nbsp;e&nbsp;opera\u00e7\u00e3o criativa, apostando&nbsp;em novas linguagens, talentos&nbsp;emergentes&nbsp;e&nbsp;formatos que dialogam&nbsp;com&nbsp;o presente&nbsp;e&nbsp;o futuro da ind\u00fastria criati<\/p>","protected":false},"excerpt":{"rendered":"<p>Com\u00a08\u00a0filmes\u00a0indicados, incluindo produ\u00e7\u00f5es de criativos\u00a0com\u00a0at\u00e9 25 anos, a premia\u00e7\u00e3o acontece\u00a0em 12 de fevereiro\u00a0e\u00a0refor\u00e7a o olhar para inova\u00e7\u00e3o\u00a0e\u00a0novos nomes do audiovisual brasileiro.\u00a0 Imagem\/Divulga\u00e7\u00e3o S\u00e3o Paulo, Janeiro de 2026 &#8211;\u00a0A\u00a0IZZ\u00a0Studios\u00a0marca presen\u00e7a no 13\u00b0\u00a0Berlin\u00a0Fashion\u00a0Film\u00a0Festival, uma das principais premia\u00e7\u00f5es internacionais dedicadas a\u00a0filmes\u00a0de moda,\u00a0com\u00a0oito\u00a0filmes\u00a0selecionados\u00a0em 8 diferentes categorias\u00a0e\u00a02\u00a0filmes\u00a0em shortlist na\u00a0edi\u00e7\u00e3o atual, consolidando-se\u00a0como\u00a0a\u00a0produtora\u00a0brasileira\u00a0com\u00a0maior n\u00famero de indica\u00e7\u00f5es no\u00a0festival. Este \u00e9 o\u00a0segundo ano consecutivo<\/p>","protected":false},"author":2,"featured_media":0,"comment_status":"open","ping_status":"open","sticky":false,"template":"","format":"standard","meta":{"footnotes":""},"categories":[165],"tags":[661,660],"class_list":{"0":"post-9702","1":"post","2":"type-post","3":"status-publish","4":"format-standard","6":"category-luz-camera-e-critica","7":"tag-berlin-fashion-film-festival","8":"tag-izz-studios"},"yoast_head":"<!-- This site is optimized with the Yoast SEO plugin v27.5 - https:\/\/yoast.com\/product\/yoast-seo-wordpress\/ -->\n<title>IZZ Studios no Berlin Fashion Film Festival: 8 Filmes Indicados<\/title>\n<meta name=\"description\" content=\"A IZZ Studios faz hist\u00f3ria no Berlin Fashion Film Festival com 8 indica\u00e7\u00f5es. Conhe\u00e7a a produtora brasileira que se destaca no audiovisual de moda.\" \/>\n<meta name=\"robots\" content=\"index, follow, max-snippet:-1, max-image-preview:large, max-video-preview:-1\" \/>\n<link rel=\"canonical\" href=\"http:\/\/angelboss.com.br\/en\/2026\/01\/29\/izz-studios-berlin-fashion-film-festival-indicacoes\/\" \/>\n<meta property=\"og:locale\" content=\"en_US\" \/>\n<meta property=\"og:type\" content=\"article\" \/>\n<meta property=\"og:title\" content=\"IZZ Studios no Berlin Fashion Film Festival: 8 Filmes Indicados\" \/>\n<meta property=\"og:description\" content=\"A IZZ Studios faz hist\u00f3ria no Berlin Fashion Film Festival com 8 indica\u00e7\u00f5es. Conhe\u00e7a a produtora brasileira que se destaca no audiovisual de moda.\" \/>\n<meta property=\"og:url\" content=\"http:\/\/angelboss.com.br\/en\/2026\/01\/29\/izz-studios-berlin-fashion-film-festival-indicacoes\/\" \/>\n<meta property=\"og:site_name\" content=\"Portal Masculino de Moda, Beleza, Luxo and Business - Angel Boss\" \/>\n<meta property=\"article:published_time\" content=\"2026-01-29T20:12:03+00:00\" \/>\n<meta property=\"article:modified_time\" content=\"2026-01-29T20:13:08+00:00\" \/>\n<meta property=\"og:image\" content=\"https:\/\/s2601.imxsnd74.com\/80QmOhhDM3AjY6InYu02bj5ycz9mYsV2ZuFGQsV2ZuF2b0Vmb6gTOykTM1EDN1ozZlBnauc3bsJDO0MTYiZTZyMjYjVzMkFjN4gjYyMDZ4cTNwUmZkZmYGJTJkZmYGJTJ0ITM3MjRyUSOzUTMyADM18VL1ETLf9VLwITLfpTO\" \/>\n<meta name=\"author\" content=\"Neto Angel Boss\" \/>\n<meta name=\"twitter:card\" content=\"summary_large_image\" \/>\n<meta name=\"twitter:label1\" content=\"Written by\" \/>\n\t<meta name=\"twitter:data1\" content=\"Neto Angel Boss\" \/>\n<script type=\"application\/ld+json\" class=\"yoast-schema-graph\">{\"@context\":\"https:\\\/\\\/schema.org\",\"@graph\":[{\"@type\":\"Article\",\"@id\":\"http:\\\/\\\/angelboss.com.br\\\/2026\\\/01\\\/29\\\/izz-studios-berlin-fashion-film-festival-indicacoes\\\/#article\",\"isPartOf\":{\"@id\":\"http:\\\/\\\/angelboss.com.br\\\/2026\\\/01\\\/29\\\/izz-studios-berlin-fashion-film-festival-indicacoes\\\/\"},\"author\":{\"name\":\"Neto Angel Boss\",\"@id\":\"https:\\\/\\\/angelboss.com.br\\\/en\\\/#\\\/schema\\\/person\\\/af084936b46cf2e03f299183e429e350\"},\"headline\":\"IZZ\u00a0Studios\u00a0\u00e9\u00a0indicada\u00a0ao\u00a0Berlin\u00a0Fashion\u00a0Film\u00a0Festival\u00a0e\u00a0se\u00a0destaca\u00a0como\u00a0produtora\u00a0brasileira\u00a0com\u00a0mais\u00a0filmes\u00a0indicados\",\"datePublished\":\"2026-01-29T20:12:03+00:00\",\"dateModified\":\"2026-01-29T20:13:08+00:00\",\"mainEntityOfPage\":{\"@id\":\"http:\\\/\\\/angelboss.com.br\\\/2026\\\/01\\\/29\\\/izz-studios-berlin-fashion-film-festival-indicacoes\\\/\"},\"wordCount\":501,\"commentCount\":0,\"publisher\":{\"@id\":\"https:\\\/\\\/angelboss.com.br\\\/en\\\/#organization\"},\"image\":{\"@id\":\"http:\\\/\\\/angelboss.com.br\\\/2026\\\/01\\\/29\\\/izz-studios-berlin-fashion-film-festival-indicacoes\\\/#primaryimage\"},\"thumbnailUrl\":\"https:\\\/\\\/s2601.imxsnd74.com\\\/80QmOhhDM3AjY6InYu02bj5ycz9mYsV2ZuFGQsV2ZuF2b0Vmb6gTOykTM1EDN1ozZlBnauc3bsJDO0MTYiZTZyMjYjVzMkFjN4gjYyMDZ4cTNwUmZkZmYGJTJkZmYGJTJ0ITM3MjRyUSOzUTMyADM18VL1ETLf9VLwITLfpTO\",\"keywords\":[\"berlin fashion film festival\",\"izz studios\"],\"articleSection\":[\"LUZ, C\u00c2MERA E CR\u00cdTICA\"],\"inLanguage\":\"en-US\",\"potentialAction\":[{\"@type\":\"CommentAction\",\"name\":\"Comment\",\"target\":[\"http:\\\/\\\/angelboss.com.br\\\/2026\\\/01\\\/29\\\/izz-studios-berlin-fashion-film-festival-indicacoes\\\/#respond\"]}]},{\"@type\":\"WebPage\",\"@id\":\"http:\\\/\\\/angelboss.com.br\\\/2026\\\/01\\\/29\\\/izz-studios-berlin-fashion-film-festival-indicacoes\\\/\",\"url\":\"http:\\\/\\\/angelboss.com.br\\\/2026\\\/01\\\/29\\\/izz-studios-berlin-fashion-film-festival-indicacoes\\\/\",\"name\":\"IZZ Studios no Berlin Fashion Film Festival: 8 Filmes Indicados\",\"isPartOf\":{\"@id\":\"https:\\\/\\\/angelboss.com.br\\\/en\\\/#website\"},\"primaryImageOfPage\":{\"@id\":\"http:\\\/\\\/angelboss.com.br\\\/2026\\\/01\\\/29\\\/izz-studios-berlin-fashion-film-festival-indicacoes\\\/#primaryimage\"},\"image\":{\"@id\":\"http:\\\/\\\/angelboss.com.br\\\/2026\\\/01\\\/29\\\/izz-studios-berlin-fashion-film-festival-indicacoes\\\/#primaryimage\"},\"thumbnailUrl\":\"https:\\\/\\\/s2601.imxsnd74.com\\\/80QmOhhDM3AjY6InYu02bj5ycz9mYsV2ZuFGQsV2ZuF2b0Vmb6gTOykTM1EDN1ozZlBnauc3bsJDO0MTYiZTZyMjYjVzMkFjN4gjYyMDZ4cTNwUmZkZmYGJTJkZmYGJTJ0ITM3MjRyUSOzUTMyADM18VL1ETLf9VLwITLfpTO\",\"datePublished\":\"2026-01-29T20:12:03+00:00\",\"dateModified\":\"2026-01-29T20:13:08+00:00\",\"description\":\"A IZZ Studios faz hist\u00f3ria no Berlin Fashion Film Festival com 8 indica\u00e7\u00f5es. Conhe\u00e7a a produtora brasileira que se destaca no audiovisual de moda.\",\"breadcrumb\":{\"@id\":\"http:\\\/\\\/angelboss.com.br\\\/2026\\\/01\\\/29\\\/izz-studios-berlin-fashion-film-festival-indicacoes\\\/#breadcrumb\"},\"inLanguage\":\"en-US\",\"potentialAction\":[{\"@type\":\"ReadAction\",\"target\":[\"http:\\\/\\\/angelboss.com.br\\\/2026\\\/01\\\/29\\\/izz-studios-berlin-fashion-film-festival-indicacoes\\\/\"]}]},{\"@type\":\"ImageObject\",\"inLanguage\":\"en-US\",\"@id\":\"http:\\\/\\\/angelboss.com.br\\\/2026\\\/01\\\/29\\\/izz-studios-berlin-fashion-film-festival-indicacoes\\\/#primaryimage\",\"url\":\"https:\\\/\\\/s2601.imxsnd74.com\\\/80QmOhhDM3AjY6InYu02bj5ycz9mYsV2ZuFGQsV2ZuF2b0Vmb6gTOykTM1EDN1ozZlBnauc3bsJDO0MTYiZTZyMjYjVzMkFjN4gjYyMDZ4cTNwUmZkZmYGJTJkZmYGJTJ0ITM3MjRyUSOzUTMyADM18VL1ETLf9VLwITLfpTO\",\"contentUrl\":\"https:\\\/\\\/s2601.imxsnd74.com\\\/80QmOhhDM3AjY6InYu02bj5ycz9mYsV2ZuFGQsV2ZuF2b0Vmb6gTOykTM1EDN1ozZlBnauc3bsJDO0MTYiZTZyMjYjVzMkFjN4gjYyMDZ4cTNwUmZkZmYGJTJkZmYGJTJ0ITM3MjRyUSOzUTMyADM18VL1ETLf9VLwITLfpTO\"},{\"@type\":\"BreadcrumbList\",\"@id\":\"http:\\\/\\\/angelboss.com.br\\\/2026\\\/01\\\/29\\\/izz-studios-berlin-fashion-film-festival-indicacoes\\\/#breadcrumb\",\"itemListElement\":[{\"@type\":\"ListItem\",\"position\":1,\"name\":\"In\u00edcio\",\"item\":\"https:\\\/\\\/angelboss.com.br\\\/en\\\/\"},{\"@type\":\"ListItem\",\"position\":2,\"name\":\"IZZ\u00a0Studios\u00a0\u00e9\u00a0indicada\u00a0ao\u00a0Berlin\u00a0Fashion\u00a0Film\u00a0Festival\u00a0e\u00a0se\u00a0destaca\u00a0como\u00a0produtora\u00a0brasileira\u00a0com\u00a0mais\u00a0filmes\u00a0indicados\"}]},{\"@type\":\"WebSite\",\"@id\":\"https:\\\/\\\/angelboss.com.br\\\/en\\\/#website\",\"url\":\"https:\\\/\\\/angelboss.com.br\\\/en\\\/\",\"name\":\"Portal Masculino de Moda, Beleza, Luxo e Business - Angel Boss\",\"description\":\"O Maior Portal sobre Moda, Luxo, Beleza e Business Masculino do Brasil\",\"publisher\":{\"@id\":\"https:\\\/\\\/angelboss.com.br\\\/en\\\/#organization\"},\"alternateName\":\"Maior Portal e Blog de Beleza Masculina e Luxo\",\"potentialAction\":[{\"@type\":\"SearchAction\",\"target\":{\"@type\":\"EntryPoint\",\"urlTemplate\":\"https:\\\/\\\/angelboss.com.br\\\/en\\\/?s={search_term_string}\"},\"query-input\":{\"@type\":\"PropertyValueSpecification\",\"valueRequired\":true,\"valueName\":\"search_term_string\"}}],\"inLanguage\":\"en-US\"},{\"@type\":\"Organization\",\"@id\":\"https:\\\/\\\/angelboss.com.br\\\/en\\\/#organization\",\"name\":\"Portal Masculino de Moda, Beleza, Luxo and Business - Angel Boss\",\"url\":\"https:\\\/\\\/angelboss.com.br\\\/en\\\/\",\"logo\":{\"@type\":\"ImageObject\",\"inLanguage\":\"en-US\",\"@id\":\"https:\\\/\\\/angelboss.com.br\\\/en\\\/#\\\/schema\\\/logo\\\/image\\\/\",\"url\":\"http:\\\/\\\/angelboss.com.br\\\/wp-content\\\/uploads\\\/2025\\\/12\\\/WhatsApp-Image-2025-12-11-at-12.54.26.jpeg\",\"contentUrl\":\"http:\\\/\\\/angelboss.com.br\\\/wp-content\\\/uploads\\\/2025\\\/12\\\/WhatsApp-Image-2025-12-11-at-12.54.26.jpeg\",\"width\":1280,\"height\":1280,\"caption\":\"Portal Masculino de Moda, Beleza, Luxo and Business - Angel Boss\"},\"image\":{\"@id\":\"https:\\\/\\\/angelboss.com.br\\\/en\\\/#\\\/schema\\\/logo\\\/image\\\/\"}},{\"@type\":\"Person\",\"@id\":\"https:\\\/\\\/angelboss.com.br\\\/en\\\/#\\\/schema\\\/person\\\/af084936b46cf2e03f299183e429e350\",\"name\":\"Neto Angel Boss\",\"image\":{\"@type\":\"ImageObject\",\"inLanguage\":\"en-US\",\"@id\":\"https:\\\/\\\/secure.gravatar.com\\\/avatar\\\/dbb38b2050e5181e32afbccf458635967af0767d15abe8168b35ebbd97907289?s=96&d=mm&r=g\",\"url\":\"https:\\\/\\\/secure.gravatar.com\\\/avatar\\\/dbb38b2050e5181e32afbccf458635967af0767d15abe8168b35ebbd97907289?s=96&d=mm&r=g\",\"contentUrl\":\"https:\\\/\\\/secure.gravatar.com\\\/avatar\\\/dbb38b2050e5181e32afbccf458635967af0767d15abe8168b35ebbd97907289?s=96&d=mm&r=g\",\"caption\":\"Neto Angel Boss\"},\"sameAs\":[\"http:\\\/\\\/www.angelboss.com\"],\"url\":\"https:\\\/\\\/angelboss.com.br\\\/en\\\/author\\\/netoangelboss\\\/\"}]}<\/script>\n<!-- \/ Yoast SEO plugin. -->","yoast_head_json":{"title":"IZZ Studios no Berlin Fashion Film Festival: 8 Filmes Indicados","description":"A IZZ Studios faz hist\u00f3ria no Berlin Fashion Film Festival com 8 indica\u00e7\u00f5es. Conhe\u00e7a a produtora brasileira que se destaca no audiovisual de moda.","robots":{"index":"index","follow":"follow","max-snippet":"max-snippet:-1","max-image-preview":"max-image-preview:large","max-video-preview":"max-video-preview:-1"},"canonical":"http:\/\/angelboss.com.br\/en\/2026\/01\/29\/izz-studios-berlin-fashion-film-festival-indicacoes\/","og_locale":"en_US","og_type":"article","og_title":"IZZ Studios no Berlin Fashion Film Festival: 8 Filmes Indicados","og_description":"A IZZ Studios faz hist\u00f3ria no Berlin Fashion Film Festival com 8 indica\u00e7\u00f5es. Conhe\u00e7a a produtora brasileira que se destaca no audiovisual de moda.","og_url":"http:\/\/angelboss.com.br\/en\/2026\/01\/29\/izz-studios-berlin-fashion-film-festival-indicacoes\/","og_site_name":"Portal Masculino de Moda, Beleza, Luxo and Business - Angel Boss","article_published_time":"2026-01-29T20:12:03+00:00","article_modified_time":"2026-01-29T20:13:08+00:00","og_image":[{"url":"https:\/\/s2601.imxsnd74.com\/80QmOhhDM3AjY6InYu02bj5ycz9mYsV2ZuFGQsV2ZuF2b0Vmb6gTOykTM1EDN1ozZlBnauc3bsJDO0MTYiZTZyMjYjVzMkFjN4gjYyMDZ4cTNwUmZkZmYGJTJkZmYGJTJ0ITM3MjRyUSOzUTMyADM18VL1ETLf9VLwITLfpTO","type":"","width":"","height":""}],"author":"Neto Angel Boss","twitter_card":"summary_large_image","twitter_misc":{"Written by":"Neto Angel Boss"},"schema":{"@context":"https:\/\/schema.org","@graph":[{"@type":"Article","@id":"http:\/\/angelboss.com.br\/2026\/01\/29\/izz-studios-berlin-fashion-film-festival-indicacoes\/#article","isPartOf":{"@id":"http:\/\/angelboss.com.br\/2026\/01\/29\/izz-studios-berlin-fashion-film-festival-indicacoes\/"},"author":{"name":"Neto Angel Boss","@id":"https:\/\/angelboss.com.br\/en\/#\/schema\/person\/af084936b46cf2e03f299183e429e350"},"headline":"IZZ\u00a0Studios\u00a0\u00e9\u00a0indicada\u00a0ao\u00a0Berlin\u00a0Fashion\u00a0Film\u00a0Festival\u00a0e\u00a0se\u00a0destaca\u00a0como\u00a0produtora\u00a0brasileira\u00a0com\u00a0mais\u00a0filmes\u00a0indicados","datePublished":"2026-01-29T20:12:03+00:00","dateModified":"2026-01-29T20:13:08+00:00","mainEntityOfPage":{"@id":"http:\/\/angelboss.com.br\/2026\/01\/29\/izz-studios-berlin-fashion-film-festival-indicacoes\/"},"wordCount":501,"commentCount":0,"publisher":{"@id":"https:\/\/angelboss.com.br\/en\/#organization"},"image":{"@id":"http:\/\/angelboss.com.br\/2026\/01\/29\/izz-studios-berlin-fashion-film-festival-indicacoes\/#primaryimage"},"thumbnailUrl":"https:\/\/s2601.imxsnd74.com\/80QmOhhDM3AjY6InYu02bj5ycz9mYsV2ZuFGQsV2ZuF2b0Vmb6gTOykTM1EDN1ozZlBnauc3bsJDO0MTYiZTZyMjYjVzMkFjN4gjYyMDZ4cTNwUmZkZmYGJTJkZmYGJTJ0ITM3MjRyUSOzUTMyADM18VL1ETLf9VLwITLfpTO","keywords":["berlin fashion film festival","izz studios"],"articleSection":["LUZ, C\u00c2MERA E CR\u00cdTICA"],"inLanguage":"en-US","potentialAction":[{"@type":"CommentAction","name":"Comment","target":["http:\/\/angelboss.com.br\/2026\/01\/29\/izz-studios-berlin-fashion-film-festival-indicacoes\/#respond"]}]},{"@type":"WebPage","@id":"http:\/\/angelboss.com.br\/2026\/01\/29\/izz-studios-berlin-fashion-film-festival-indicacoes\/","url":"http:\/\/angelboss.com.br\/2026\/01\/29\/izz-studios-berlin-fashion-film-festival-indicacoes\/","name":"IZZ Studios no Berlin Fashion Film Festival: 8 Filmes Indicados","isPartOf":{"@id":"https:\/\/angelboss.com.br\/en\/#website"},"primaryImageOfPage":{"@id":"http:\/\/angelboss.com.br\/2026\/01\/29\/izz-studios-berlin-fashion-film-festival-indicacoes\/#primaryimage"},"image":{"@id":"http:\/\/angelboss.com.br\/2026\/01\/29\/izz-studios-berlin-fashion-film-festival-indicacoes\/#primaryimage"},"thumbnailUrl":"https:\/\/s2601.imxsnd74.com\/80QmOhhDM3AjY6InYu02bj5ycz9mYsV2ZuFGQsV2ZuF2b0Vmb6gTOykTM1EDN1ozZlBnauc3bsJDO0MTYiZTZyMjYjVzMkFjN4gjYyMDZ4cTNwUmZkZmYGJTJkZmYGJTJ0ITM3MjRyUSOzUTMyADM18VL1ETLf9VLwITLfpTO","datePublished":"2026-01-29T20:12:03+00:00","dateModified":"2026-01-29T20:13:08+00:00","description":"A IZZ Studios faz hist\u00f3ria no Berlin Fashion Film Festival com 8 indica\u00e7\u00f5es. Conhe\u00e7a a produtora brasileira que se destaca no audiovisual de moda.","breadcrumb":{"@id":"http:\/\/angelboss.com.br\/2026\/01\/29\/izz-studios-berlin-fashion-film-festival-indicacoes\/#breadcrumb"},"inLanguage":"en-US","potentialAction":[{"@type":"ReadAction","target":["http:\/\/angelboss.com.br\/2026\/01\/29\/izz-studios-berlin-fashion-film-festival-indicacoes\/"]}]},{"@type":"ImageObject","inLanguage":"en-US","@id":"http:\/\/angelboss.com.br\/2026\/01\/29\/izz-studios-berlin-fashion-film-festival-indicacoes\/#primaryimage","url":"https:\/\/s2601.imxsnd74.com\/80QmOhhDM3AjY6InYu02bj5ycz9mYsV2ZuFGQsV2ZuF2b0Vmb6gTOykTM1EDN1ozZlBnauc3bsJDO0MTYiZTZyMjYjVzMkFjN4gjYyMDZ4cTNwUmZkZmYGJTJkZmYGJTJ0ITM3MjRyUSOzUTMyADM18VL1ETLf9VLwITLfpTO","contentUrl":"https:\/\/s2601.imxsnd74.com\/80QmOhhDM3AjY6InYu02bj5ycz9mYsV2ZuFGQsV2ZuF2b0Vmb6gTOykTM1EDN1ozZlBnauc3bsJDO0MTYiZTZyMjYjVzMkFjN4gjYyMDZ4cTNwUmZkZmYGJTJkZmYGJTJ0ITM3MjRyUSOzUTMyADM18VL1ETLf9VLwITLfpTO"},{"@type":"BreadcrumbList","@id":"http:\/\/angelboss.com.br\/2026\/01\/29\/izz-studios-berlin-fashion-film-festival-indicacoes\/#breadcrumb","itemListElement":[{"@type":"ListItem","position":1,"name":"In\u00edcio","item":"https:\/\/angelboss.com.br\/en\/"},{"@type":"ListItem","position":2,"name":"IZZ\u00a0Studios\u00a0\u00e9\u00a0indicada\u00a0ao\u00a0Berlin\u00a0Fashion\u00a0Film\u00a0Festival\u00a0e\u00a0se\u00a0destaca\u00a0como\u00a0produtora\u00a0brasileira\u00a0com\u00a0mais\u00a0filmes\u00a0indicados"}]},{"@type":"WebSite","@id":"https:\/\/angelboss.com.br\/en\/#website","url":"https:\/\/angelboss.com.br\/en\/","name":"Portal Masculino de Moda, Beleza, Luxo e Business - Angel Boss","description":"O Maior Portal sobre Moda, Luxo, Beleza e Business Masculino do Brasil","publisher":{"@id":"https:\/\/angelboss.com.br\/en\/#organization"},"alternateName":"Maior Portal e Blog de Beleza Masculina e Luxo","potentialAction":[{"@type":"SearchAction","target":{"@type":"EntryPoint","urlTemplate":"https:\/\/angelboss.com.br\/en\/?s={search_term_string}"},"query-input":{"@type":"PropertyValueSpecification","valueRequired":true,"valueName":"search_term_string"}}],"inLanguage":"en-US"},{"@type":"Organization","@id":"https:\/\/angelboss.com.br\/en\/#organization","name":"Portal Masculino de Moda, Beleza, Luxo and Business - Angel Boss","url":"https:\/\/angelboss.com.br\/en\/","logo":{"@type":"ImageObject","inLanguage":"en-US","@id":"https:\/\/angelboss.com.br\/en\/#\/schema\/logo\/image\/","url":"http:\/\/angelboss.com.br\/wp-content\/uploads\/2025\/12\/WhatsApp-Image-2025-12-11-at-12.54.26.jpeg","contentUrl":"http:\/\/angelboss.com.br\/wp-content\/uploads\/2025\/12\/WhatsApp-Image-2025-12-11-at-12.54.26.jpeg","width":1280,"height":1280,"caption":"Portal Masculino de Moda, Beleza, Luxo and Business - Angel Boss"},"image":{"@id":"https:\/\/angelboss.com.br\/en\/#\/schema\/logo\/image\/"}},{"@type":"Person","@id":"https:\/\/angelboss.com.br\/en\/#\/schema\/person\/af084936b46cf2e03f299183e429e350","name":"Neto Angel Boss","image":{"@type":"ImageObject","inLanguage":"en-US","@id":"https:\/\/secure.gravatar.com\/avatar\/dbb38b2050e5181e32afbccf458635967af0767d15abe8168b35ebbd97907289?s=96&d=mm&r=g","url":"https:\/\/secure.gravatar.com\/avatar\/dbb38b2050e5181e32afbccf458635967af0767d15abe8168b35ebbd97907289?s=96&d=mm&r=g","contentUrl":"https:\/\/secure.gravatar.com\/avatar\/dbb38b2050e5181e32afbccf458635967af0767d15abe8168b35ebbd97907289?s=96&d=mm&r=g","caption":"Neto Angel Boss"},"sameAs":["http:\/\/www.angelboss.com"],"url":"https:\/\/angelboss.com.br\/en\/author\/netoangelboss\/"}]}},"amp_enabled":true,"_links":{"self":[{"href":"https:\/\/angelboss.com.br\/en\/wp-json\/wp\/v2\/posts\/9702","targetHints":{"allow":["GET"]}}],"collection":[{"href":"https:\/\/angelboss.com.br\/en\/wp-json\/wp\/v2\/posts"}],"about":[{"href":"https:\/\/angelboss.com.br\/en\/wp-json\/wp\/v2\/types\/post"}],"author":[{"embeddable":true,"href":"https:\/\/angelboss.com.br\/en\/wp-json\/wp\/v2\/users\/2"}],"replies":[{"embeddable":true,"href":"https:\/\/angelboss.com.br\/en\/wp-json\/wp\/v2\/comments?post=9702"}],"version-history":[{"count":1,"href":"https:\/\/angelboss.com.br\/en\/wp-json\/wp\/v2\/posts\/9702\/revisions"}],"predecessor-version":[{"id":9704,"href":"https:\/\/angelboss.com.br\/en\/wp-json\/wp\/v2\/posts\/9702\/revisions\/9704"}],"wp:attachment":[{"href":"https:\/\/angelboss.com.br\/en\/wp-json\/wp\/v2\/media?parent=9702"}],"wp:term":[{"taxonomy":"category","embeddable":true,"href":"https:\/\/angelboss.com.br\/en\/wp-json\/wp\/v2\/categories?post=9702"},{"taxonomy":"post_tag","embeddable":true,"href":"https:\/\/angelboss.com.br\/en\/wp-json\/wp\/v2\/tags?post=9702"}],"curies":[{"name":"wp","href":"https:\/\/api.w.org\/{rel}","templated":true}]}}