{"id":7958,"date":"2026-01-16T18:11:11","date_gmt":"2026-01-16T18:11:11","guid":{"rendered":"https:\/\/angelboss.com.br\/?p=7958"},"modified":"2026-01-16T18:54:48","modified_gmt":"2026-01-16T18:54:48","slug":"parque-estadual-do-ibitipoca-transporte-utv","status":"publish","type":"post","link":"https:\/\/angelboss.com.br\/en\/2026\/01\/16\/parque-estadual-do-ibitipoca-transporte-utv\/","title":{"rendered":"Acampanhar em Ibitipoca: a experi\u00eancia perfeita para quem quer dormir ao som da Serra da Mantiqueira"},"content":{"rendered":"<p>Transporte Interno de UTV Can-Am passa ser oferecido no Parque, com roteiro exclusivo<\/p>\n\n\n\n<p>Basta atravessar a portaria do Parque Estadual do Ibitipoca, em Minas Gerais, para que o tempo desacelere. L\u00e1, a correria d\u00e1 lugar ao som dos riachos, ao vento passando e ao cheiro de mata fresca.<\/p>\n\n\n\n<p>Mas para quem busca ainda mais conex\u00e3o com a natureza, a possibilidade de estender essa sensa\u00e7\u00e3o at\u00e9 a noite \u2013 e acordar com os primeiros raios de sol iluminando a serra \u2013 \u00e9 convite irrecus\u00e1vel e a proposta da \u00e1rea de camping do Parque.<\/p>\n\n\n\n<p>Instalado em uma das unidades de conserva\u00e7\u00e3o mais queridas do Brasil, o camping de Ibitipoca oferece a chance de viver o Parque al\u00e9m do hor\u00e1rio de visita tradicional. Com uma estrutura simples, funcional e bem localizada, o espa\u00e7o tem capacidade para 30 barracas, com \u00e1reas demarcadas, banheiros, duchas e \u00e1rea de servi\u00e7o \u2014 itens essenciais para quem quer unir aventura e conforto.<\/p>\n\n\n\n<p>A reserva \u00e9 feita por pessoa, diretamente no site, e confirma automaticamente a vaga no camping ap\u00f3s a compra \u2013 como n\u00e3o inclui o ingresso di\u00e1rio do parque, para montar a barraca e se instalar \u00e9 obrigat\u00f3rio apresentar o ingresso de entrada regular. A regra ajuda no controle da capacidade: s\u00e3o at\u00e9 1.000 visitantes por dia, sendo apenas 240 autorizados no cl\u00e1ssico Circuito Janela do C\u00e9u.<\/p>\n\n\n\n<p><strong><em>Viver o parque com o nascer e o p\u00f4r do sol<\/em><\/strong><\/p>\n\n\n\n<p>Para quem gosta de trilhas, acampar dentro do Parque Estadual do Ibitipoca \u00e9 um privil\u00e9gio. O check-in pode ser feito das 7h \u00e0s 16h \u2014 perfeito para chegar, montar a barraca e ainda aproveitar o fim da tarde. O check-out ocorre at\u00e9 \u00e0s 8h, e reservas aos domingos s\u00e3o aceitas com sa\u00edda obrigat\u00f3ria na segunda-feira.<\/p>\n\n\n\n<p>A vantagem? Come\u00e7ar cedo. Como cada circuito tem hor\u00e1rio limite para entrada (Janela do C\u00e9u at\u00e9 \u00e0s 9h; Pico do Pi\u00e3o at\u00e9 \u00e0s 12h; Circuito das \u00c1guas at\u00e9 \u00e0s 15h), estar hospedado ali dentro permite planejar o dia sem pressa e com a natureza como despertador.<\/p>\n\n\n\n<p>Andar pelas trilhas, atravessar pontes de pedra iluminadas pelo sol da manh\u00e3, mergulhar em po\u00e7os de \u00e1gua fria antes do fluxo de visitantes s\u00e3o algumas das possibilidades que fazem do pernoite dentro do camping uma experi\u00eancia especial.<\/p>\n\n\n\n<p>O parque funciona de ter\u00e7a-feira a s\u00e1bado, e feriados, das 7h \u00e0s 17h, com o domingo reservado para sa\u00edda dos campistas, at\u00e9 8h. O ingresso custa R$ 45,00 por pessoa, com categorias de meia entrada (estudantes e maiores de 60 anos) e isentos (crian\u00e7as com at\u00e9 cinco anos).<\/p>\n\n\n\n<p><em>UTVs<\/em><\/p>\n\n\n\n<p>Outra novidade que acaba de ser confirmada no Parque Estadual do Ibitipoca e oferecida aos visitantes \u00e9 o transporte interno exclusivo de UTV Can-AM, uma experi\u00eancia com roteiro exclusivo pelo circuito da Janela do C\u00e9u que permite acessar os pontos mais altos do circuito, utilizando um ve\u00edculo exclusivo como aliado para ampliar acessibilidade e transformar a jornada em uma experi\u00eancia emocionante, inesquec\u00edvel e cuidadosamente planejada.<\/p>\n\n\n\n<p>Com pre\u00e7o promocional de lan\u00e7amento (R$ 160,00 por pessoa), o percurso soma oito quil\u00f4metros, \u00e9 realizado em duas horas e inclui paradas estrat\u00e9gicas em pontos como O Cruzeiro, com a vista panor\u00e2mica da serra; a Gruta da Cruz, uma das mais belas forma\u00e7\u00f5es do Parque; e o Pico da Lombada que, com mais de 1,7 mil metros, se confirma o ponto mais alto do Parque.<\/p>\n\n\n\n<p>Nas viagens do per\u00edodo da manh\u00e3 o visitante pode seguir o restante da trilha caminhando caso queira ir at\u00e9 a Janela do C\u00e9u.<\/p>\n\n\n\n<h2 class=\"wp-block-heading\"><strong>Sobre a Parquetur<\/strong>&nbsp;<\/h2>\n\n\n\n<p>A Parquetur \u00e9 uma empresa brasileira e uma das maiores concession\u00e1rias do setor de parques naturais no Brasil, que presta servi\u00e7os de apoio aos visitantes dos parques, com foco na conserva\u00e7\u00e3o e na prote\u00e7\u00e3o da natureza e grande atua\u00e7\u00e3o na educa\u00e7\u00e3o ambiental.<\/p>\n\n\n\n<p>Al\u00e9m da concess\u00e3o do Parque Nacional da Chapada dos Veadeiros, em Goi\u00e1s, atua na administra\u00e7\u00e3o do uso p\u00fablico do Parque Nacional do Itatiaia, no Rio de Janeiro; do Caminhos do Mar, em S\u00e3o Paulo, que faz parte do Parque Estadual Serra do Mar; e do Parque Estadual do Ibitipoca, em Minas Gerais.<\/p>\n\n\n\n<p>Tamb\u00e9m det\u00e9m a concess\u00e3o do Parque Nacional da Chapada dos Guimar\u00e3es, no Mato Grosso, e do Parque Estadual do Itacolomi, em Minas Gerais, cujos processos de administra\u00e7\u00e3o do uso p\u00fablico est\u00e3o em fase de implementa\u00e7\u00e3o e que passar\u00e3o a ser operados pela Parquetur em breve.<\/p>\n\n\n\n<p>A proposta da Parquetur \u00e9 (re)encantar as pessoas a partir de uma abertura gentil e imersiva da natureza, promovendo maior acessibilidade ao p\u00fablico visitante destas \u00e1reas, conservando a biodiversidade, indo al\u00e9m do ecoturismo e colocando a natureza como protagonista e como um recurso a ser conservado e valorizado. Mais informa\u00e7\u00f5es:&nbsp;<a target=\"_blank\" rel=\"noreferrer noopener\" href=\"https:\/\/click.cse360.com.br\/Click\/AddCampaignEmailClick\/31509403-f2a7-494f-bb6c-08de327afe93\/https%253a%252f%252fparquetur.com.br%252f\/bb5d6a96-397e-4ddd-ada2-ebb49597f835\/angel@angelboss.com.br\/True\">parquetur.com.br<\/a>&nbsp;&nbsp;|&nbsp;&nbsp;<a target=\"_blank\" rel=\"noreferrer noopener\" href=\"https:\/\/click.cse360.com.br\/Click\/AddCampaignEmailClick\/31509403-f2a7-494f-bb6c-08de327afe93\/https%253a%252f%252fwww.instagram.com%252fparquetur%252f\/bb5d6a96-397e-4ddd-ada2-ebb49597f835\/angel@angelboss.com.br\/True\">instagram.com\/parquetur<\/a><\/p>\n\n\n\n<p><\/p>","protected":false},"excerpt":{"rendered":"<p>Transporte Interno de UTV Can-Am passa ser oferecido no Parque, com roteiro exclusivo Basta atravessar a portaria do Parque Estadual do Ibitipoca, em Minas Gerais, para que o tempo desacelere. L\u00e1, a correria d\u00e1 lugar ao som dos riachos, ao vento passando e ao cheiro de mata fresca. Mas para quem busca ainda mais conex\u00e3o<\/p>","protected":false},"author":2,"featured_media":7960,"comment_status":"open","ping_status":"open","sticky":false,"template":"","format":"standard","meta":{"footnotes":""},"categories":[273],"tags":[253,324],"class_list":{"0":"post-7958","1":"post","2":"type-post","3":"status-publish","4":"format-standard","5":"has-post-thumbnail","7":"category-viagens","8":"tag-informacao","9":"tag-negocios"},"yoast_head":"<!-- This site is optimized with the Yoast SEO plugin v27.5 - https:\/\/yoast.com\/product\/yoast-seo-wordpress\/ -->\n<title>Parque Estadual do Ibitipoca passa a oferecer transporte interno<\/title>\n<meta name=\"description\" content=\"O Parque Estadual do Ibitipoca passa a oferecer transporte interno em UTV Can-Am e amplia a experi\u00eancia dos visitantes no circuito da Janela do C\u00e9u.\" \/>\n<meta name=\"robots\" content=\"index, follow, max-snippet:-1, max-image-preview:large, max-video-preview:-1\" \/>\n<link rel=\"canonical\" href=\"https:\/\/angelboss.com.br\/en\/2026\/01\/16\/parque-estadual-do-ibitipoca-transporte-utv\/\" \/>\n<meta property=\"og:locale\" content=\"en_US\" \/>\n<meta property=\"og:type\" content=\"article\" \/>\n<meta property=\"og:title\" content=\"Parque Estadual do Ibitipoca passa a oferecer transporte interno\" \/>\n<meta property=\"og:description\" content=\"O Parque Estadual do Ibitipoca passa a oferecer transporte interno em UTV Can-Am e amplia a experi\u00eancia dos visitantes no circuito da Janela do C\u00e9u.\" \/>\n<meta property=\"og:url\" content=\"https:\/\/angelboss.com.br\/en\/2026\/01\/16\/parque-estadual-do-ibitipoca-transporte-utv\/\" \/>\n<meta property=\"og:site_name\" content=\"Portal Masculino de Moda, Beleza, Luxo and Business - Angel Boss\" \/>\n<meta property=\"article:published_time\" content=\"2026-01-16T18:11:11+00:00\" \/>\n<meta property=\"article:modified_time\" content=\"2026-01-16T18:54:48+00:00\" \/>\n<meta property=\"og:image\" content=\"https:\/\/angelboss.com.br\/wp-content\/uploads\/2026\/01\/IBITIPOCA_CAMPING.jpg\" \/>\n\t<meta property=\"og:image:width\" content=\"1536\" \/>\n\t<meta property=\"og:image:height\" content=\"1024\" \/>\n\t<meta property=\"og:image:type\" content=\"image\/jpeg\" \/>\n<meta name=\"author\" content=\"Neto Angel Boss\" \/>\n<meta name=\"twitter:card\" content=\"summary_large_image\" \/>\n<meta name=\"twitter:label1\" content=\"Written by\" \/>\n\t<meta name=\"twitter:data1\" content=\"Neto Angel Boss\" \/>\n\t<meta name=\"twitter:label2\" content=\"Est. reading time\" \/>\n\t<meta name=\"twitter:data2\" content=\"5 minutes\" \/>\n<script type=\"application\/ld+json\" class=\"yoast-schema-graph\">{\"@context\":\"https:\\\/\\\/schema.org\",\"@graph\":[{\"@type\":\"Article\",\"@id\":\"https:\\\/\\\/angelboss.com.br\\\/2026\\\/01\\\/16\\\/parque-estadual-do-ibitipoca-transporte-utv\\\/#article\",\"isPartOf\":{\"@id\":\"https:\\\/\\\/angelboss.com.br\\\/2026\\\/01\\\/16\\\/parque-estadual-do-ibitipoca-transporte-utv\\\/\"},\"author\":{\"name\":\"Neto Angel Boss\",\"@id\":\"https:\\\/\\\/angelboss.com.br\\\/en\\\/#\\\/schema\\\/person\\\/af084936b46cf2e03f299183e429e350\"},\"headline\":\"Acampanhar em Ibitipoca: a experi\u00eancia perfeita para quem quer dormir ao som da Serra da Mantiqueira\",\"datePublished\":\"2026-01-16T18:11:11+00:00\",\"dateModified\":\"2026-01-16T18:54:48+00:00\",\"mainEntityOfPage\":{\"@id\":\"https:\\\/\\\/angelboss.com.br\\\/2026\\\/01\\\/16\\\/parque-estadual-do-ibitipoca-transporte-utv\\\/\"},\"wordCount\":841,\"commentCount\":0,\"publisher\":{\"@id\":\"https:\\\/\\\/angelboss.com.br\\\/en\\\/#organization\"},\"image\":{\"@id\":\"https:\\\/\\\/angelboss.com.br\\\/2026\\\/01\\\/16\\\/parque-estadual-do-ibitipoca-transporte-utv\\\/#primaryimage\"},\"thumbnailUrl\":\"https:\\\/\\\/angelboss.com.br\\\/wp-content\\\/uploads\\\/2026\\\/01\\\/IBITIPOCA_CAMPING.jpg\",\"keywords\":[\"informa\u00e7\u00e3o\",\"NEG\u00d3CIOS\"],\"articleSection\":[\"Viagens\"],\"inLanguage\":\"en-US\",\"potentialAction\":[{\"@type\":\"CommentAction\",\"name\":\"Comment\",\"target\":[\"https:\\\/\\\/angelboss.com.br\\\/2026\\\/01\\\/16\\\/parque-estadual-do-ibitipoca-transporte-utv\\\/#respond\"]}]},{\"@type\":\"WebPage\",\"@id\":\"https:\\\/\\\/angelboss.com.br\\\/2026\\\/01\\\/16\\\/parque-estadual-do-ibitipoca-transporte-utv\\\/\",\"url\":\"https:\\\/\\\/angelboss.com.br\\\/2026\\\/01\\\/16\\\/parque-estadual-do-ibitipoca-transporte-utv\\\/\",\"name\":\"Parque Estadual do Ibitipoca passa a oferecer transporte interno\",\"isPartOf\":{\"@id\":\"https:\\\/\\\/angelboss.com.br\\\/en\\\/#website\"},\"primaryImageOfPage\":{\"@id\":\"https:\\\/\\\/angelboss.com.br\\\/2026\\\/01\\\/16\\\/parque-estadual-do-ibitipoca-transporte-utv\\\/#primaryimage\"},\"image\":{\"@id\":\"https:\\\/\\\/angelboss.com.br\\\/2026\\\/01\\\/16\\\/parque-estadual-do-ibitipoca-transporte-utv\\\/#primaryimage\"},\"thumbnailUrl\":\"https:\\\/\\\/angelboss.com.br\\\/wp-content\\\/uploads\\\/2026\\\/01\\\/IBITIPOCA_CAMPING.jpg\",\"datePublished\":\"2026-01-16T18:11:11+00:00\",\"dateModified\":\"2026-01-16T18:54:48+00:00\",\"description\":\"O Parque Estadual do Ibitipoca passa a oferecer transporte interno em UTV Can-Am e amplia a experi\u00eancia dos visitantes no circuito da Janela do C\u00e9u.\",\"breadcrumb\":{\"@id\":\"https:\\\/\\\/angelboss.com.br\\\/2026\\\/01\\\/16\\\/parque-estadual-do-ibitipoca-transporte-utv\\\/#breadcrumb\"},\"inLanguage\":\"en-US\",\"potentialAction\":[{\"@type\":\"ReadAction\",\"target\":[\"https:\\\/\\\/angelboss.com.br\\\/2026\\\/01\\\/16\\\/parque-estadual-do-ibitipoca-transporte-utv\\\/\"]}]},{\"@type\":\"ImageObject\",\"inLanguage\":\"en-US\",\"@id\":\"https:\\\/\\\/angelboss.com.br\\\/2026\\\/01\\\/16\\\/parque-estadual-do-ibitipoca-transporte-utv\\\/#primaryimage\",\"url\":\"https:\\\/\\\/angelboss.com.br\\\/wp-content\\\/uploads\\\/2026\\\/01\\\/IBITIPOCA_CAMPING.jpg\",\"contentUrl\":\"https:\\\/\\\/angelboss.com.br\\\/wp-content\\\/uploads\\\/2026\\\/01\\\/IBITIPOCA_CAMPING.jpg\",\"width\":1536,\"height\":1024,\"caption\":\"Cr\u00e9ditos: Parquetur\\\/Divulga\u00e7\u00e3o\"},{\"@type\":\"BreadcrumbList\",\"@id\":\"https:\\\/\\\/angelboss.com.br\\\/2026\\\/01\\\/16\\\/parque-estadual-do-ibitipoca-transporte-utv\\\/#breadcrumb\",\"itemListElement\":[{\"@type\":\"ListItem\",\"position\":1,\"name\":\"In\u00edcio\",\"item\":\"https:\\\/\\\/angelboss.com.br\\\/en\\\/\"},{\"@type\":\"ListItem\",\"position\":2,\"name\":\"Acampanhar em Ibitipoca: a experi\u00eancia perfeita para quem quer dormir ao som da Serra da Mantiqueira\"}]},{\"@type\":\"WebSite\",\"@id\":\"https:\\\/\\\/angelboss.com.br\\\/en\\\/#website\",\"url\":\"https:\\\/\\\/angelboss.com.br\\\/en\\\/\",\"name\":\"Portal Masculino de Moda, Beleza, Luxo e Business - Angel Boss\",\"description\":\"O Maior Portal sobre Moda, Luxo, Beleza e Business Masculino do Brasil\",\"publisher\":{\"@id\":\"https:\\\/\\\/angelboss.com.br\\\/en\\\/#organization\"},\"alternateName\":\"Maior Portal e Blog de Beleza Masculina e Luxo\",\"potentialAction\":[{\"@type\":\"SearchAction\",\"target\":{\"@type\":\"EntryPoint\",\"urlTemplate\":\"https:\\\/\\\/angelboss.com.br\\\/en\\\/?s={search_term_string}\"},\"query-input\":{\"@type\":\"PropertyValueSpecification\",\"valueRequired\":true,\"valueName\":\"search_term_string\"}}],\"inLanguage\":\"en-US\"},{\"@type\":\"Organization\",\"@id\":\"https:\\\/\\\/angelboss.com.br\\\/en\\\/#organization\",\"name\":\"Portal Masculino de Moda, Beleza, Luxo and Business - Angel Boss\",\"url\":\"https:\\\/\\\/angelboss.com.br\\\/en\\\/\",\"logo\":{\"@type\":\"ImageObject\",\"inLanguage\":\"en-US\",\"@id\":\"https:\\\/\\\/angelboss.com.br\\\/en\\\/#\\\/schema\\\/logo\\\/image\\\/\",\"url\":\"http:\\\/\\\/angelboss.com.br\\\/wp-content\\\/uploads\\\/2025\\\/12\\\/WhatsApp-Image-2025-12-11-at-12.54.26.jpeg\",\"contentUrl\":\"http:\\\/\\\/angelboss.com.br\\\/wp-content\\\/uploads\\\/2025\\\/12\\\/WhatsApp-Image-2025-12-11-at-12.54.26.jpeg\",\"width\":1280,\"height\":1280,\"caption\":\"Portal Masculino de Moda, Beleza, Luxo and Business - Angel Boss\"},\"image\":{\"@id\":\"https:\\\/\\\/angelboss.com.br\\\/en\\\/#\\\/schema\\\/logo\\\/image\\\/\"}},{\"@type\":\"Person\",\"@id\":\"https:\\\/\\\/angelboss.com.br\\\/en\\\/#\\\/schema\\\/person\\\/af084936b46cf2e03f299183e429e350\",\"name\":\"Neto Angel Boss\",\"image\":{\"@type\":\"ImageObject\",\"inLanguage\":\"en-US\",\"@id\":\"https:\\\/\\\/secure.gravatar.com\\\/avatar\\\/dbb38b2050e5181e32afbccf458635967af0767d15abe8168b35ebbd97907289?s=96&d=mm&r=g\",\"url\":\"https:\\\/\\\/secure.gravatar.com\\\/avatar\\\/dbb38b2050e5181e32afbccf458635967af0767d15abe8168b35ebbd97907289?s=96&d=mm&r=g\",\"contentUrl\":\"https:\\\/\\\/secure.gravatar.com\\\/avatar\\\/dbb38b2050e5181e32afbccf458635967af0767d15abe8168b35ebbd97907289?s=96&d=mm&r=g\",\"caption\":\"Neto Angel Boss\"},\"sameAs\":[\"http:\\\/\\\/www.angelboss.com\"],\"url\":\"https:\\\/\\\/angelboss.com.br\\\/en\\\/author\\\/netoangelboss\\\/\"}]}<\/script>\n<!-- \/ Yoast SEO plugin. -->","yoast_head_json":{"title":"Parque Estadual do Ibitipoca passa a oferecer transporte interno","description":"O Parque Estadual do Ibitipoca passa a oferecer transporte interno em UTV Can-Am e amplia a experi\u00eancia dos visitantes no circuito da Janela do C\u00e9u.","robots":{"index":"index","follow":"follow","max-snippet":"max-snippet:-1","max-image-preview":"max-image-preview:large","max-video-preview":"max-video-preview:-1"},"canonical":"https:\/\/angelboss.com.br\/en\/2026\/01\/16\/parque-estadual-do-ibitipoca-transporte-utv\/","og_locale":"en_US","og_type":"article","og_title":"Parque Estadual do Ibitipoca passa a oferecer transporte interno","og_description":"O Parque Estadual do Ibitipoca passa a oferecer transporte interno em UTV Can-Am e amplia a experi\u00eancia dos visitantes no circuito da Janela do C\u00e9u.","og_url":"https:\/\/angelboss.com.br\/en\/2026\/01\/16\/parque-estadual-do-ibitipoca-transporte-utv\/","og_site_name":"Portal Masculino de Moda, Beleza, Luxo and Business - Angel Boss","article_published_time":"2026-01-16T18:11:11+00:00","article_modified_time":"2026-01-16T18:54:48+00:00","og_image":[{"width":1536,"height":1024,"url":"https:\/\/angelboss.com.br\/wp-content\/uploads\/2026\/01\/IBITIPOCA_CAMPING.jpg","type":"image\/jpeg"}],"author":"Neto Angel Boss","twitter_card":"summary_large_image","twitter_misc":{"Written by":"Neto Angel Boss","Est. reading time":"5 minutes"},"schema":{"@context":"https:\/\/schema.org","@graph":[{"@type":"Article","@id":"https:\/\/angelboss.com.br\/2026\/01\/16\/parque-estadual-do-ibitipoca-transporte-utv\/#article","isPartOf":{"@id":"https:\/\/angelboss.com.br\/2026\/01\/16\/parque-estadual-do-ibitipoca-transporte-utv\/"},"author":{"name":"Neto Angel Boss","@id":"https:\/\/angelboss.com.br\/en\/#\/schema\/person\/af084936b46cf2e03f299183e429e350"},"headline":"Acampanhar em Ibitipoca: a experi\u00eancia perfeita para quem quer dormir ao som da Serra da Mantiqueira","datePublished":"2026-01-16T18:11:11+00:00","dateModified":"2026-01-16T18:54:48+00:00","mainEntityOfPage":{"@id":"https:\/\/angelboss.com.br\/2026\/01\/16\/parque-estadual-do-ibitipoca-transporte-utv\/"},"wordCount":841,"commentCount":0,"publisher":{"@id":"https:\/\/angelboss.com.br\/en\/#organization"},"image":{"@id":"https:\/\/angelboss.com.br\/2026\/01\/16\/parque-estadual-do-ibitipoca-transporte-utv\/#primaryimage"},"thumbnailUrl":"https:\/\/angelboss.com.br\/wp-content\/uploads\/2026\/01\/IBITIPOCA_CAMPING.jpg","keywords":["informa\u00e7\u00e3o","NEG\u00d3CIOS"],"articleSection":["Viagens"],"inLanguage":"en-US","potentialAction":[{"@type":"CommentAction","name":"Comment","target":["https:\/\/angelboss.com.br\/2026\/01\/16\/parque-estadual-do-ibitipoca-transporte-utv\/#respond"]}]},{"@type":"WebPage","@id":"https:\/\/angelboss.com.br\/2026\/01\/16\/parque-estadual-do-ibitipoca-transporte-utv\/","url":"https:\/\/angelboss.com.br\/2026\/01\/16\/parque-estadual-do-ibitipoca-transporte-utv\/","name":"Parque Estadual do Ibitipoca passa a oferecer transporte interno","isPartOf":{"@id":"https:\/\/angelboss.com.br\/en\/#website"},"primaryImageOfPage":{"@id":"https:\/\/angelboss.com.br\/2026\/01\/16\/parque-estadual-do-ibitipoca-transporte-utv\/#primaryimage"},"image":{"@id":"https:\/\/angelboss.com.br\/2026\/01\/16\/parque-estadual-do-ibitipoca-transporte-utv\/#primaryimage"},"thumbnailUrl":"https:\/\/angelboss.com.br\/wp-content\/uploads\/2026\/01\/IBITIPOCA_CAMPING.jpg","datePublished":"2026-01-16T18:11:11+00:00","dateModified":"2026-01-16T18:54:48+00:00","description":"O Parque Estadual do Ibitipoca passa a oferecer transporte interno em UTV Can-Am e amplia a experi\u00eancia dos visitantes no circuito da Janela do C\u00e9u.","breadcrumb":{"@id":"https:\/\/angelboss.com.br\/2026\/01\/16\/parque-estadual-do-ibitipoca-transporte-utv\/#breadcrumb"},"inLanguage":"en-US","potentialAction":[{"@type":"ReadAction","target":["https:\/\/angelboss.com.br\/2026\/01\/16\/parque-estadual-do-ibitipoca-transporte-utv\/"]}]},{"@type":"ImageObject","inLanguage":"en-US","@id":"https:\/\/angelboss.com.br\/2026\/01\/16\/parque-estadual-do-ibitipoca-transporte-utv\/#primaryimage","url":"https:\/\/angelboss.com.br\/wp-content\/uploads\/2026\/01\/IBITIPOCA_CAMPING.jpg","contentUrl":"https:\/\/angelboss.com.br\/wp-content\/uploads\/2026\/01\/IBITIPOCA_CAMPING.jpg","width":1536,"height":1024,"caption":"Cr\u00e9ditos: Parquetur\/Divulga\u00e7\u00e3o"},{"@type":"BreadcrumbList","@id":"https:\/\/angelboss.com.br\/2026\/01\/16\/parque-estadual-do-ibitipoca-transporte-utv\/#breadcrumb","itemListElement":[{"@type":"ListItem","position":1,"name":"In\u00edcio","item":"https:\/\/angelboss.com.br\/en\/"},{"@type":"ListItem","position":2,"name":"Acampanhar em Ibitipoca: a experi\u00eancia perfeita para quem quer dormir ao som da Serra da Mantiqueira"}]},{"@type":"WebSite","@id":"https:\/\/angelboss.com.br\/en\/#website","url":"https:\/\/angelboss.com.br\/en\/","name":"Portal Masculino de Moda, Beleza, Luxo e Business - Angel Boss","description":"O Maior Portal sobre Moda, Luxo, Beleza e Business Masculino do Brasil","publisher":{"@id":"https:\/\/angelboss.com.br\/en\/#organization"},"alternateName":"Maior Portal e Blog de Beleza Masculina e Luxo","potentialAction":[{"@type":"SearchAction","target":{"@type":"EntryPoint","urlTemplate":"https:\/\/angelboss.com.br\/en\/?s={search_term_string}"},"query-input":{"@type":"PropertyValueSpecification","valueRequired":true,"valueName":"search_term_string"}}],"inLanguage":"en-US"},{"@type":"Organization","@id":"https:\/\/angelboss.com.br\/en\/#organization","name":"Portal Masculino de Moda, Beleza, Luxo and Business - Angel Boss","url":"https:\/\/angelboss.com.br\/en\/","logo":{"@type":"ImageObject","inLanguage":"en-US","@id":"https:\/\/angelboss.com.br\/en\/#\/schema\/logo\/image\/","url":"http:\/\/angelboss.com.br\/wp-content\/uploads\/2025\/12\/WhatsApp-Image-2025-12-11-at-12.54.26.jpeg","contentUrl":"http:\/\/angelboss.com.br\/wp-content\/uploads\/2025\/12\/WhatsApp-Image-2025-12-11-at-12.54.26.jpeg","width":1280,"height":1280,"caption":"Portal Masculino de Moda, Beleza, Luxo and Business - Angel Boss"},"image":{"@id":"https:\/\/angelboss.com.br\/en\/#\/schema\/logo\/image\/"}},{"@type":"Person","@id":"https:\/\/angelboss.com.br\/en\/#\/schema\/person\/af084936b46cf2e03f299183e429e350","name":"Neto Angel Boss","image":{"@type":"ImageObject","inLanguage":"en-US","@id":"https:\/\/secure.gravatar.com\/avatar\/dbb38b2050e5181e32afbccf458635967af0767d15abe8168b35ebbd97907289?s=96&d=mm&r=g","url":"https:\/\/secure.gravatar.com\/avatar\/dbb38b2050e5181e32afbccf458635967af0767d15abe8168b35ebbd97907289?s=96&d=mm&r=g","contentUrl":"https:\/\/secure.gravatar.com\/avatar\/dbb38b2050e5181e32afbccf458635967af0767d15abe8168b35ebbd97907289?s=96&d=mm&r=g","caption":"Neto Angel Boss"},"sameAs":["http:\/\/www.angelboss.com"],"url":"https:\/\/angelboss.com.br\/en\/author\/netoangelboss\/"}]}},"amp_enabled":true,"_links":{"self":[{"href":"https:\/\/angelboss.com.br\/en\/wp-json\/wp\/v2\/posts\/7958","targetHints":{"allow":["GET"]}}],"collection":[{"href":"https:\/\/angelboss.com.br\/en\/wp-json\/wp\/v2\/posts"}],"about":[{"href":"https:\/\/angelboss.com.br\/en\/wp-json\/wp\/v2\/types\/post"}],"author":[{"embeddable":true,"href":"https:\/\/angelboss.com.br\/en\/wp-json\/wp\/v2\/users\/2"}],"replies":[{"embeddable":true,"href":"https:\/\/angelboss.com.br\/en\/wp-json\/wp\/v2\/comments?post=7958"}],"version-history":[{"count":1,"href":"https:\/\/angelboss.com.br\/en\/wp-json\/wp\/v2\/posts\/7958\/revisions"}],"predecessor-version":[{"id":7961,"href":"https:\/\/angelboss.com.br\/en\/wp-json\/wp\/v2\/posts\/7958\/revisions\/7961"}],"wp:featuredmedia":[{"embeddable":true,"href":"https:\/\/angelboss.com.br\/en\/wp-json\/wp\/v2\/media\/7960"}],"wp:attachment":[{"href":"https:\/\/angelboss.com.br\/en\/wp-json\/wp\/v2\/media?parent=7958"}],"wp:term":[{"taxonomy":"category","embeddable":true,"href":"https:\/\/angelboss.com.br\/en\/wp-json\/wp\/v2\/categories?post=7958"},{"taxonomy":"post_tag","embeddable":true,"href":"https:\/\/angelboss.com.br\/en\/wp-json\/wp\/v2\/tags?post=7958"}],"curies":[{"name":"wp","href":"https:\/\/api.w.org\/{rel}","templated":true}]}}