{"id":35233,"date":"2026-09-04T19:29:16","date_gmt":"2026-09-04T19:29:16","guid":{"rendered":"https:\/\/angelboss.com.br\/?p=35233"},"modified":"2026-09-04T19:29:20","modified_gmt":"2026-09-04T19:29:20","slug":"foliculite-na-barba-tratar-irritacao-depilacao-a-laser","status":"publish","type":"post","link":"https:\/\/angelboss.com.br\/en\/2026\/09\/04\/foliculite-na-barba-tratar-irritacao-depilacao-a-laser\/","title":{"rendered":"Foliculite na barba: passo a passo para tratar a irrita\u00e7\u00e3o e iniciar a depila\u00e7\u00e3o a laser com seguran\u00e7a"},"content":{"rendered":"<p class=\"wp-block-paragraph\"><em>Especialista explica como preparar a pele, os cuidados antes e depois do procedimento e como a tecnologia elimina a inflama\u00e7\u00e3o provocada por l\u00e2minas de barbea<\/em>r\u00a0<\/p>\n\n\n\n<p class=\"wp-block-paragraph\"> Vermelhid\u00e3o, coceira, caro\u00e7os doloridos e pelos encravados no pesco\u00e7o. Se voc\u00ea costuma se barbear com frequ\u00eancia, grandes s\u00e3o as chances de j\u00e1 ter sofrido com a foliculite \u2014 uma inflama\u00e7\u00e3o no fol\u00edculo piloso frequentemente desencadeada pelo uso de l\u00e2minas ou ceras.<\/p>\n\n\n\n<p class=\"wp-block-paragraph\">A boa not\u00edcia \u00e9 que a depila\u00e7\u00e3o a laser deixou de ser apenas um procedimento est\u00e9tico e passou a ser tamb\u00e9m uma op\u00e7\u00e3o eficaz para reduzir o ciclo de irrita\u00e7\u00f5es da pele.<\/p>\n\n\n\n<p class=\"wp-block-paragraph\">Para quem deseja melhorar significativamente a foliculite, Ana Carolina Cury, Diretora T\u00e9cnica da Espa\u00e7olaser, estruturou um passo a passo pr\u00e1tico sobre como preparar a pele e iniciar o tratamento com seguran\u00e7a.<\/p>\n\n\n\n<p class=\"wp-block-paragraph\"><strong>Passo a Passo: Do preparo do pesco\u00e7o \u00e0 pele saud\u00e1vel<\/strong><\/p>\n\n\n\n<p class=\"wp-block-paragraph\"><strong>1. Pare de cutucar ou espremer as les\u00f5es<\/strong><\/p>\n\n\n\n<p class=\"wp-block-paragraph\">Antes de qualquer procedimento, o primeiro passo \u00e9 evitar espremer as \u201cbolinhas\u201d ou tentar retirar o pelo encravado com pin\u00e7as. A manipula\u00e7\u00e3o da regi\u00e3o pode aumentar o trauma e a inflama\u00e7\u00e3o da pele, favorecer infec\u00e7\u00f5es secund\u00e1rias e contribuir para o surgimento de manchas escuras (hiperpigmenta\u00e7\u00e3o) e, em alguns casos, cicatrizes.<\/p>\n\n\n\n<p class=\"wp-block-paragraph\"><strong>2. Fa\u00e7a uma avalia\u00e7\u00e3o t\u00e9cnica da pele<\/strong><\/p>\n\n\n\n<p class=\"wp-block-paragraph\">Nem toda pele \u00e9 igual. O tipo de pelo, a cor da pele e o grau da inflama\u00e7\u00e3o interferem nas defini\u00e7\u00f5es cl\u00ednicas. Antes de iniciar as sess\u00f5es, \u00e9 indispens\u00e1vel passar por uma avalia\u00e7\u00e3o com um profissional capacitado para analisar a sensibilidade da regi\u00e3o do pesco\u00e7o\/barba e indicar o protocolo e o tipo de laser adequados.<\/p>\n\n\n\n<p class=\"wp-block-paragraph\"><strong>3. Prepare a regi\u00e3o a ser tratada<\/strong><\/p>\n\n\n\n<p class=\"wp-block-paragraph\">Ao contr\u00e1rio do que muitos pensam, para fazer a depila\u00e7\u00e3o a laser \u00e9 necess\u00e1rio aparar o pelo de 12h a 24h antes da sess\u00e3o. Como o objetivo do laser \u00e9 atingir a raiz (o bulbo) do pelo. Se o pelo estiver longo, a energia do laser ser\u00e1 absorvida pela haste, diminuindo a efic\u00e1cia e aumentando o desconforto.<\/p>\n\n\n\n<p class=\"wp-block-paragraph\"><strong>4. Suspenda o uso de ceras e m\u00e9todos que arrancam o pelo pela raiz<\/strong><\/p>\n\n\n\n<p class=\"wp-block-paragraph\">Durante todo o tratamento a laser, esque\u00e7a a cera ou pin\u00e7as. Para que o laser funcione, a raiz do pelo precisa estar conectada ao bulbo, para promover a cauteriza\u00e7\u00e3o do fol\u00edculo piloso.<\/p>\n\n\n\n<p class=\"wp-block-paragraph\"><strong>5. Capriche na hidrata\u00e7\u00e3o no p\u00f3s-laser<\/strong><\/p>\n\n\n\n<p class=\"wp-block-paragraph\">Nas primeiras 24 a 48 horas ap\u00f3s a sess\u00e3o de laser, a pele da barba e do pesco\u00e7o precisa de descanso. A recomenda\u00e7\u00e3o \u00e9 evitar banhos muito quentes, saunas, exposi\u00e7\u00e3o solar direta sem protetor e o uso de produtos com \u00e1lcool ou \u00e1cidos agressivos. Utilizar g\u00e9is calmantes (como aloe vera) ajuda a regenerar a pele rapidamente.<\/p>\n\n\n\n<p class=\"wp-block-paragraph\"><strong>Por que o laser resolve a foliculite?<\/strong><\/p>\n\n\n\n<p class=\"wp-block-paragraph\">A foliculite cr\u00f4nica ocorre porque o pelo, quando aparado rente a pele, tenta crescer e se curva para dentro da pele, criando uma rea\u00e7\u00e3o inflamat\u00f3ria.&nbsp;<em>&#8220;A luz do laser atinge o pigmento da raiz do pelo e cauteriza o fol\u00edculo respons\u00e1vel pela sua produ\u00e7\u00e3o. \u00c0 medida que o pelo deixa de crescer ao longo das sess\u00f5es, a causa mec\u00e2nica da foliculite simplesmente deixa de existir, permitindo que a pele se recupere por completo&#8221;<\/em>, explica a especialista.<\/p>\n\n\n\n<p class=\"wp-block-paragraph\"><\/p>","protected":false},"excerpt":{"rendered":"<p>Especialista explica como preparar a pele, os cuidados antes e depois do procedimento e como a tecnologia elimina a inflama\u00e7\u00e3o provocada por l\u00e2minas de barbear\u00a0 Vermelhid\u00e3o, coceira, caro\u00e7os doloridos e pelos encravados no pesco\u00e7o. Se voc\u00ea costuma se barbear com frequ\u00eancia, grandes s\u00e3o as chances de j\u00e1 ter sofrido com a foliculite \u2014 uma inflama\u00e7\u00e3o<\/p>","protected":false},"author":2,"featured_media":35234,"comment_status":"open","ping_status":"open","sticky":false,"template":"","format":"standard","meta":{"_seopress_titles_title":"","_seopress_titles_desc":"","_seopress_robots_index":"","_seopress_robots_follow":"","_seopress_robots_imageindex":"","_seopress_robots_snippet":"","_seopress_robots_primary_cat":"152","_seopress_robots_breadcrumbs":"","_seopress_robots_freeze_modified_date":"","_seopress_robots_custom_modified_date":"","_seopress_robots_canonical":"","_seopress_social_fb_title":"","_seopress_social_fb_desc":"","_seopress_social_fb_img":"","_seopress_social_fb_img_attachment_id":0,"_seopress_social_fb_img_width":0,"_seopress_social_fb_img_height":0,"_seopress_social_twitter_title":"","_seopress_social_twitter_desc":"","_seopress_social_twitter_img":"","_seopress_social_twitter_img_attachment_id":0,"_seopress_social_twitter_img_width":0,"_seopress_social_twitter_img_height":0,"_seopress_redirections_value":"","_seopress_redirections_enabled":"","_seopress_redirections_enabled_regex":"","_seopress_redirections_logged_status":"","_seopress_redirections_param":"","_seopress_redirections_type":0,"_seopress_analysis_target_kw":"","page_builder":"","footnotes":""},"categories":[162,308,152],"tags":[7117,7116],"class_list":["post-35233","post","type-post","status-publish","format-standard","has-post-thumbnail","category-beleza-e-bem-estar","category-noticias","category-saude","tag-depilacao-a-laser","tag-foliculite"],"yoast_head":"<!-- This site is optimized with the Yoast SEO plugin v28.4 - https:\/\/yoast.com\/product\/yoast-seo-wordpress\/ -->\n<title>Foliculite na barba: como tratar a irrita\u00e7\u00e3o com depila\u00e7\u00e3o a laser<\/title>\n<meta name=\"description\" content=\"Saiba como a depila\u00e7\u00e3o a laser elimina a foliculite na barba e no pesco\u00e7o. Confira o passo a passo da especialista para preparar a pele.\" \/>\n<meta name=\"robots\" content=\"index, follow, max-snippet:-1, max-image-preview:large, max-video-preview:-1\" \/>\n<link rel=\"canonical\" href=\"https:\/\/angelboss.com.br\/en\/2026\/09\/04\/foliculite-na-barba-tratar-irritacao-depilacao-a-laser\/\" \/>\n<meta property=\"og:locale\" content=\"en_US\" \/>\n<meta property=\"og:type\" content=\"article\" \/>\n<meta property=\"og:title\" content=\"Foliculite na barba: como tratar a irrita\u00e7\u00e3o com depila\u00e7\u00e3o a laser\" \/>\n<meta property=\"og:description\" content=\"Saiba como a depila\u00e7\u00e3o a laser elimina a foliculite na barba e no pesco\u00e7o. Confira o passo a passo da especialista para preparar a pele.\" \/>\n<meta property=\"og:url\" content=\"https:\/\/angelboss.com.br\/en\/2026\/09\/04\/foliculite-na-barba-tratar-irritacao-depilacao-a-laser\/\" \/>\n<meta property=\"og:site_name\" content=\"Portal Masculino de Moda, Beleza, Luxo and Business - Angel Boss\" \/>\n<meta property=\"article:published_time\" content=\"2026-09-04T19:29:16+00:00\" \/>\n<meta property=\"article:modified_time\" content=\"2026-09-04T19:29:20+00:00\" \/>\n<meta property=\"og:image\" content=\"http:\/\/angelboss.com.br\/wp-content\/uploads\/2026\/09\/unnamed-2026-09-04t162521.735-1024x886.png\" \/>\n\t<meta property=\"og:image:width\" content=\"1024\" \/>\n\t<meta property=\"og:image:height\" content=\"886\" \/>\n\t<meta property=\"og:image:type\" content=\"image\/png\" \/>\n<meta name=\"author\" content=\"Neto Angel Boss\" \/>\n<meta name=\"twitter:card\" content=\"summary_large_image\" \/>\n<meta name=\"twitter:label1\" content=\"Written by\" \/>\n\t<meta name=\"twitter:data1\" content=\"Neto Angel Boss\" \/>\n\t<meta name=\"twitter:label2\" content=\"Est. reading time\" \/>\n\t<meta name=\"twitter:data2\" content=\"4 minutes\" \/>\n<script type=\"application\/ld+json\" class=\"yoast-schema-graph\">{\"@context\":\"https:\\\/\\\/schema.org\",\"@graph\":[{\"@type\":\"Article\",\"@id\":\"https:\\\/\\\/angelboss.com.br\\\/2026\\\/09\\\/04\\\/foliculite-na-barba-tratar-irritacao-depilacao-a-laser\\\/#article\",\"isPartOf\":{\"@id\":\"https:\\\/\\\/angelboss.com.br\\\/2026\\\/09\\\/04\\\/foliculite-na-barba-tratar-irritacao-depilacao-a-laser\\\/\"},\"author\":{\"name\":\"Neto Angel Boss\",\"@id\":\"http:\\\/\\\/angelboss.com.br\\\/#\\\/schema\\\/person\\\/af084936b46cf2e03f299183e429e350\"},\"headline\":\"Foliculite na barba: passo a passo para tratar a irrita\u00e7\u00e3o e iniciar a depila\u00e7\u00e3o a laser com seguran\u00e7a\",\"datePublished\":\"2026-09-04T19:29:16+00:00\",\"dateModified\":\"2026-09-04T19:29:20+00:00\",\"mainEntityOfPage\":{\"@id\":\"https:\\\/\\\/angelboss.com.br\\\/2026\\\/09\\\/04\\\/foliculite-na-barba-tratar-irritacao-depilacao-a-laser\\\/\"},\"wordCount\":588,\"commentCount\":0,\"publisher\":{\"@id\":\"http:\\\/\\\/angelboss.com.br\\\/#organization\"},\"image\":{\"@id\":\"https:\\\/\\\/angelboss.com.br\\\/2026\\\/09\\\/04\\\/foliculite-na-barba-tratar-irritacao-depilacao-a-laser\\\/#primaryimage\"},\"thumbnailUrl\":\"https:\\\/\\\/angelboss.com.br\\\/wp-content\\\/uploads\\\/2026\\\/09\\\/unnamed-2026-09-04t162521.735.png\",\"keywords\":[\"depila\u00e7\u00e3o a laser\",\"Foliculite\"],\"articleSection\":[\"BELEZA E BEM-ESTAR\",\"Not\u00edcias\",\"SA\u00daDE\"],\"inLanguage\":\"en-US\",\"potentialAction\":[{\"@type\":\"CommentAction\",\"name\":\"Comment\",\"target\":[\"https:\\\/\\\/angelboss.com.br\\\/2026\\\/09\\\/04\\\/foliculite-na-barba-tratar-irritacao-depilacao-a-laser\\\/#respond\"]}]},{\"@type\":\"WebPage\",\"@id\":\"https:\\\/\\\/angelboss.com.br\\\/2026\\\/09\\\/04\\\/foliculite-na-barba-tratar-irritacao-depilacao-a-laser\\\/\",\"url\":\"https:\\\/\\\/angelboss.com.br\\\/2026\\\/09\\\/04\\\/foliculite-na-barba-tratar-irritacao-depilacao-a-laser\\\/\",\"name\":\"Foliculite na barba: como tratar a irrita\u00e7\u00e3o com depila\u00e7\u00e3o a laser\",\"isPartOf\":{\"@id\":\"http:\\\/\\\/angelboss.com.br\\\/#website\"},\"primaryImageOfPage\":{\"@id\":\"https:\\\/\\\/angelboss.com.br\\\/2026\\\/09\\\/04\\\/foliculite-na-barba-tratar-irritacao-depilacao-a-laser\\\/#primaryimage\"},\"image\":{\"@id\":\"https:\\\/\\\/angelboss.com.br\\\/2026\\\/09\\\/04\\\/foliculite-na-barba-tratar-irritacao-depilacao-a-laser\\\/#primaryimage\"},\"thumbnailUrl\":\"https:\\\/\\\/angelboss.com.br\\\/wp-content\\\/uploads\\\/2026\\\/09\\\/unnamed-2026-09-04t162521.735.png\",\"datePublished\":\"2026-09-04T19:29:16+00:00\",\"dateModified\":\"2026-09-04T19:29:20+00:00\",\"description\":\"Saiba como a depila\u00e7\u00e3o a laser elimina a foliculite na barba e no pesco\u00e7o. Confira o passo a passo da especialista para preparar a pele.\",\"breadcrumb\":{\"@id\":\"https:\\\/\\\/angelboss.com.br\\\/2026\\\/09\\\/04\\\/foliculite-na-barba-tratar-irritacao-depilacao-a-laser\\\/#breadcrumb\"},\"inLanguage\":\"en-US\",\"potentialAction\":[{\"@type\":\"ReadAction\",\"target\":[\"https:\\\/\\\/angelboss.com.br\\\/2026\\\/09\\\/04\\\/foliculite-na-barba-tratar-irritacao-depilacao-a-laser\\\/\"]}]},{\"@type\":\"ImageObject\",\"inLanguage\":\"en-US\",\"@id\":\"https:\\\/\\\/angelboss.com.br\\\/2026\\\/09\\\/04\\\/foliculite-na-barba-tratar-irritacao-depilacao-a-laser\\\/#primaryimage\",\"url\":\"https:\\\/\\\/angelboss.com.br\\\/wp-content\\\/uploads\\\/2026\\\/09\\\/unnamed-2026-09-04t162521.735.png\",\"contentUrl\":\"https:\\\/\\\/angelboss.com.br\\\/wp-content\\\/uploads\\\/2026\\\/09\\\/unnamed-2026-09-04t162521.735.png\",\"width\":1466,\"height\":1268,\"caption\":\"Imagem\\\/Divulga\u00e7\u00e3o\"},{\"@type\":\"BreadcrumbList\",\"@id\":\"https:\\\/\\\/angelboss.com.br\\\/2026\\\/09\\\/04\\\/foliculite-na-barba-tratar-irritacao-depilacao-a-laser\\\/#breadcrumb\",\"itemListElement\":[{\"@type\":\"ListItem\",\"position\":1,\"name\":\"In\u00edcio\",\"item\":\"https:\\\/\\\/angelboss.com.br\\\/\"},{\"@type\":\"ListItem\",\"position\":2,\"name\":\"Foliculite na barba: passo a passo para tratar a irrita\u00e7\u00e3o e iniciar a depila\u00e7\u00e3o a laser com seguran\u00e7a\"}]},{\"@type\":\"WebSite\",\"@id\":\"http:\\\/\\\/angelboss.com.br\\\/#website\",\"url\":\"http:\\\/\\\/angelboss.com.br\\\/\",\"name\":\"Portal Masculino de Moda, Beleza, Luxo e Business - Angel Boss\",\"description\":\"O Maior Portal sobre Moda, Luxo, Beleza e Business Masculino do Brasil\",\"publisher\":{\"@id\":\"http:\\\/\\\/angelboss.com.br\\\/#organization\"},\"alternateName\":\"Maior Portal e Blog de Beleza Masculina e Luxo\",\"potentialAction\":[{\"@type\":\"SearchAction\",\"target\":{\"@type\":\"EntryPoint\",\"urlTemplate\":\"http:\\\/\\\/angelboss.com.br\\\/?s={search_term_string}\"},\"query-input\":{\"@type\":\"PropertyValueSpecification\",\"valueRequired\":true,\"valueName\":\"search_term_string\"}}],\"inLanguage\":\"en-US\"},{\"@type\":\"Organization\",\"@id\":\"http:\\\/\\\/angelboss.com.br\\\/#organization\",\"name\":\"Portal Masculino de Moda, Beleza, Luxo and Business - Angel Boss\",\"url\":\"http:\\\/\\\/angelboss.com.br\\\/\",\"logo\":{\"@type\":\"ImageObject\",\"inLanguage\":\"en-US\",\"@id\":\"http:\\\/\\\/angelboss.com.br\\\/#\\\/schema\\\/logo\\\/image\\\/\",\"url\":\"https:\\\/\\\/angelboss.com.br\\\/wp-content\\\/uploads\\\/2025\\\/12\\\/WhatsApp-Image-2025-12-11-at-12.54.26.jpeg\",\"contentUrl\":\"https:\\\/\\\/angelboss.com.br\\\/wp-content\\\/uploads\\\/2025\\\/12\\\/WhatsApp-Image-2025-12-11-at-12.54.26.jpeg\",\"width\":1280,\"height\":1280,\"caption\":\"Portal Masculino de Moda, Beleza, Luxo and Business - Angel Boss\"},\"image\":{\"@id\":\"http:\\\/\\\/angelboss.com.br\\\/#\\\/schema\\\/logo\\\/image\\\/\"}},{\"@type\":\"Person\",\"@id\":\"http:\\\/\\\/angelboss.com.br\\\/#\\\/schema\\\/person\\\/af084936b46cf2e03f299183e429e350\",\"name\":\"Neto Angel Boss\",\"image\":{\"@type\":\"ImageObject\",\"inLanguage\":\"en-US\",\"@id\":\"https:\\\/\\\/secure.gravatar.com\\\/avatar\\\/dbb38b2050e5181e32afbccf458635967af0767d15abe8168b35ebbd97907289?s=96&d=mm&r=g\",\"url\":\"https:\\\/\\\/secure.gravatar.com\\\/avatar\\\/dbb38b2050e5181e32afbccf458635967af0767d15abe8168b35ebbd97907289?s=96&d=mm&r=g\",\"contentUrl\":\"https:\\\/\\\/secure.gravatar.com\\\/avatar\\\/dbb38b2050e5181e32afbccf458635967af0767d15abe8168b35ebbd97907289?s=96&d=mm&r=g\",\"caption\":\"Neto Angel Boss\"},\"sameAs\":[\"http:\\\/\\\/www.angelboss.com\"],\"url\":\"https:\\\/\\\/angelboss.com.br\\\/en\\\/author\\\/netoangelboss\\\/\"}]}<\/script>\n<!-- \/ Yoast SEO plugin. -->","yoast_head_json":{"title":"Foliculite na barba: como tratar a irrita\u00e7\u00e3o com depila\u00e7\u00e3o a laser","description":"Saiba como a depila\u00e7\u00e3o a laser elimina a foliculite na barba e no pesco\u00e7o. Confira o passo a passo da especialista para preparar a pele.","robots":{"index":"index","follow":"follow","max-snippet":"max-snippet:-1","max-image-preview":"max-image-preview:large","max-video-preview":"max-video-preview:-1"},"canonical":"https:\/\/angelboss.com.br\/en\/2026\/09\/04\/foliculite-na-barba-tratar-irritacao-depilacao-a-laser\/","og_locale":"en_US","og_type":"article","og_title":"Foliculite na barba: como tratar a irrita\u00e7\u00e3o com depila\u00e7\u00e3o a laser","og_description":"Saiba como a depila\u00e7\u00e3o a laser elimina a foliculite na barba e no pesco\u00e7o. Confira o passo a passo da especialista para preparar a pele.","og_url":"https:\/\/angelboss.com.br\/en\/2026\/09\/04\/foliculite-na-barba-tratar-irritacao-depilacao-a-laser\/","og_site_name":"Portal Masculino de Moda, Beleza, Luxo and Business - Angel Boss","article_published_time":"2026-09-04T19:29:16+00:00","article_modified_time":"2026-09-04T19:29:20+00:00","og_image":[{"width":1024,"height":886,"url":"http:\/\/angelboss.com.br\/wp-content\/uploads\/2026\/09\/unnamed-2026-09-04t162521.735-1024x886.png","type":"image\/png"}],"author":"Neto Angel Boss","twitter_card":"summary_large_image","twitter_misc":{"Written by":"Neto Angel Boss","Est. reading time":"4 minutes"},"schema":{"@context":"https:\/\/schema.org","@graph":[{"@type":"Article","@id":"https:\/\/angelboss.com.br\/2026\/09\/04\/foliculite-na-barba-tratar-irritacao-depilacao-a-laser\/#article","isPartOf":{"@id":"https:\/\/angelboss.com.br\/2026\/09\/04\/foliculite-na-barba-tratar-irritacao-depilacao-a-laser\/"},"author":{"name":"Neto Angel Boss","@id":"http:\/\/angelboss.com.br\/#\/schema\/person\/af084936b46cf2e03f299183e429e350"},"headline":"Foliculite na barba: passo a passo para tratar a irrita\u00e7\u00e3o e iniciar a depila\u00e7\u00e3o a laser com seguran\u00e7a","datePublished":"2026-09-04T19:29:16+00:00","dateModified":"2026-09-04T19:29:20+00:00","mainEntityOfPage":{"@id":"https:\/\/angelboss.com.br\/2026\/09\/04\/foliculite-na-barba-tratar-irritacao-depilacao-a-laser\/"},"wordCount":588,"commentCount":0,"publisher":{"@id":"http:\/\/angelboss.com.br\/#organization"},"image":{"@id":"https:\/\/angelboss.com.br\/2026\/09\/04\/foliculite-na-barba-tratar-irritacao-depilacao-a-laser\/#primaryimage"},"thumbnailUrl":"https:\/\/angelboss.com.br\/wp-content\/uploads\/2026\/09\/unnamed-2026-09-04t162521.735.png","keywords":["depila\u00e7\u00e3o a laser","Foliculite"],"articleSection":["BELEZA E BEM-ESTAR","Not\u00edcias","SA\u00daDE"],"inLanguage":"en-US","potentialAction":[{"@type":"CommentAction","name":"Comment","target":["https:\/\/angelboss.com.br\/2026\/09\/04\/foliculite-na-barba-tratar-irritacao-depilacao-a-laser\/#respond"]}]},{"@type":"WebPage","@id":"https:\/\/angelboss.com.br\/2026\/09\/04\/foliculite-na-barba-tratar-irritacao-depilacao-a-laser\/","url":"https:\/\/angelboss.com.br\/2026\/09\/04\/foliculite-na-barba-tratar-irritacao-depilacao-a-laser\/","name":"Foliculite na barba: como tratar a irrita\u00e7\u00e3o com depila\u00e7\u00e3o a laser","isPartOf":{"@id":"http:\/\/angelboss.com.br\/#website"},"primaryImageOfPage":{"@id":"https:\/\/angelboss.com.br\/2026\/09\/04\/foliculite-na-barba-tratar-irritacao-depilacao-a-laser\/#primaryimage"},"image":{"@id":"https:\/\/angelboss.com.br\/2026\/09\/04\/foliculite-na-barba-tratar-irritacao-depilacao-a-laser\/#primaryimage"},"thumbnailUrl":"https:\/\/angelboss.com.br\/wp-content\/uploads\/2026\/09\/unnamed-2026-09-04t162521.735.png","datePublished":"2026-09-04T19:29:16+00:00","dateModified":"2026-09-04T19:29:20+00:00","description":"Saiba como a depila\u00e7\u00e3o a laser elimina a foliculite na barba e no pesco\u00e7o. Confira o passo a passo da especialista para preparar a pele.","breadcrumb":{"@id":"https:\/\/angelboss.com.br\/2026\/09\/04\/foliculite-na-barba-tratar-irritacao-depilacao-a-laser\/#breadcrumb"},"inLanguage":"en-US","potentialAction":[{"@type":"ReadAction","target":["https:\/\/angelboss.com.br\/2026\/09\/04\/foliculite-na-barba-tratar-irritacao-depilacao-a-laser\/"]}]},{"@type":"ImageObject","inLanguage":"en-US","@id":"https:\/\/angelboss.com.br\/2026\/09\/04\/foliculite-na-barba-tratar-irritacao-depilacao-a-laser\/#primaryimage","url":"https:\/\/angelboss.com.br\/wp-content\/uploads\/2026\/09\/unnamed-2026-09-04t162521.735.png","contentUrl":"https:\/\/angelboss.com.br\/wp-content\/uploads\/2026\/09\/unnamed-2026-09-04t162521.735.png","width":1466,"height":1268,"caption":"Imagem\/Divulga\u00e7\u00e3o"},{"@type":"BreadcrumbList","@id":"https:\/\/angelboss.com.br\/2026\/09\/04\/foliculite-na-barba-tratar-irritacao-depilacao-a-laser\/#breadcrumb","itemListElement":[{"@type":"ListItem","position":1,"name":"In\u00edcio","item":"https:\/\/angelboss.com.br\/"},{"@type":"ListItem","position":2,"name":"Foliculite na barba: passo a passo para tratar a irrita\u00e7\u00e3o e iniciar a depila\u00e7\u00e3o a laser com seguran\u00e7a"}]},{"@type":"WebSite","@id":"http:\/\/angelboss.com.br\/#website","url":"http:\/\/angelboss.com.br\/","name":"Portal Masculino de Moda, Beleza, Luxo e Business - Angel Boss","description":"O Maior Portal sobre Moda, Luxo, Beleza e Business Masculino do Brasil","publisher":{"@id":"http:\/\/angelboss.com.br\/#organization"},"alternateName":"Maior Portal e Blog de Beleza Masculina e Luxo","potentialAction":[{"@type":"SearchAction","target":{"@type":"EntryPoint","urlTemplate":"http:\/\/angelboss.com.br\/?s={search_term_string}"},"query-input":{"@type":"PropertyValueSpecification","valueRequired":true,"valueName":"search_term_string"}}],"inLanguage":"en-US"},{"@type":"Organization","@id":"http:\/\/angelboss.com.br\/#organization","name":"Portal Masculino de Moda, Beleza, Luxo and Business - Angel Boss","url":"http:\/\/angelboss.com.br\/","logo":{"@type":"ImageObject","inLanguage":"en-US","@id":"http:\/\/angelboss.com.br\/#\/schema\/logo\/image\/","url":"https:\/\/angelboss.com.br\/wp-content\/uploads\/2025\/12\/WhatsApp-Image-2025-12-11-at-12.54.26.jpeg","contentUrl":"https:\/\/angelboss.com.br\/wp-content\/uploads\/2025\/12\/WhatsApp-Image-2025-12-11-at-12.54.26.jpeg","width":1280,"height":1280,"caption":"Portal Masculino de Moda, Beleza, Luxo and Business - Angel Boss"},"image":{"@id":"http:\/\/angelboss.com.br\/#\/schema\/logo\/image\/"}},{"@type":"Person","@id":"http:\/\/angelboss.com.br\/#\/schema\/person\/af084936b46cf2e03f299183e429e350","name":"Neto Angel Boss","image":{"@type":"ImageObject","inLanguage":"en-US","@id":"https:\/\/secure.gravatar.com\/avatar\/dbb38b2050e5181e32afbccf458635967af0767d15abe8168b35ebbd97907289?s=96&d=mm&r=g","url":"https:\/\/secure.gravatar.com\/avatar\/dbb38b2050e5181e32afbccf458635967af0767d15abe8168b35ebbd97907289?s=96&d=mm&r=g","contentUrl":"https:\/\/secure.gravatar.com\/avatar\/dbb38b2050e5181e32afbccf458635967af0767d15abe8168b35ebbd97907289?s=96&d=mm&r=g","caption":"Neto Angel Boss"},"sameAs":["http:\/\/www.angelboss.com"],"url":"https:\/\/angelboss.com.br\/en\/author\/netoangelboss\/"}]}},"amp_enabled":true,"_links":{"self":[{"href":"https:\/\/angelboss.com.br\/en\/wp-json\/wp\/v2\/posts\/35233","targetHints":{"allow":["GET"]}}],"collection":[{"href":"https:\/\/angelboss.com.br\/en\/wp-json\/wp\/v2\/posts"}],"about":[{"href":"https:\/\/angelboss.com.br\/en\/wp-json\/wp\/v2\/types\/post"}],"author":[{"embeddable":true,"href":"https:\/\/angelboss.com.br\/en\/wp-json\/wp\/v2\/users\/2"}],"replies":[{"embeddable":true,"href":"https:\/\/angelboss.com.br\/en\/wp-json\/wp\/v2\/comments?post=35233"}],"version-history":[{"count":1,"href":"https:\/\/angelboss.com.br\/en\/wp-json\/wp\/v2\/posts\/35233\/revisions"}],"predecessor-version":[{"id":35235,"href":"https:\/\/angelboss.com.br\/en\/wp-json\/wp\/v2\/posts\/35233\/revisions\/35235"}],"wp:featuredmedia":[{"embeddable":true,"href":"https:\/\/angelboss.com.br\/en\/wp-json\/wp\/v2\/media\/35234"}],"wp:attachment":[{"href":"https:\/\/angelboss.com.br\/en\/wp-json\/wp\/v2\/media?parent=35233"}],"wp:term":[{"taxonomy":"category","embeddable":true,"href":"https:\/\/angelboss.com.br\/en\/wp-json\/wp\/v2\/categories?post=35233"},{"taxonomy":"post_tag","embeddable":true,"href":"https:\/\/angelboss.com.br\/en\/wp-json\/wp\/v2\/tags?post=35233"}],"curies":[{"name":"wp","href":"https:\/\/api.w.org\/{rel}","templated":true}]}}