{"id":35180,"date":"2026-09-04T00:00:00","date_gmt":"2026-09-04T00:00:00","guid":{"rendered":"https:\/\/angelboss.com.br\/2026\/09\/04\/336644-the-ocean-race-vai-movimentar-itajai-em-2027\/"},"modified":"2026-09-04T00:00:00","modified_gmt":"2026-09-04T00:00:00","slug":"336644-the-ocean-race-vai-movimentar-itajai-em-2027","status":"publish","type":"post","link":"https:\/\/angelboss.com.br\/en\/2026\/09\/04\/336644-the-ocean-race-vai-movimentar-itajai-em-2027\/","title":{"rendered":"The Ocean Race vai movimentar Itaja\u00ed em 2027"},"content":{"rendered":"<p>Em apenas 19 dias, Itaja\u00ed poder\u00e1 receber um fluxo de at\u00e9 500 mil visitantes e movimentar R$ 271 milh\u00f5es com a passagem da The Ocean Race 2027. A cidade catarinense sediar\u00e1, entre 31 de mar\u00e7o e 18 de abril, a quinta escala consecutiva da maior regata de volta ao mundo. Os primeiros veleiros s\u00e3o esperados a partir de 31 de mar\u00e7o, depois da travessia entre Auckland, na Nova Zel\u00e2ndia, e o litoral brasileiro, incluindo a passagem pelo desafiador Cabo Horn. A lista definitiva de inscritos ainda n\u00e3o foi anunciada, mas o regulamento abriu inicialmente dez vagas para os IMOCA 60 \u2014 configura\u00e7\u00e3o que representaria 40 atletas, quatro por barco, al\u00e9m de um rep\u00f3rter embarcado em cada equipe.<\/p>\n<p>O cen\u00e1rio-base prev\u00ea 420 mil visitantes, com possibilidade de alcan\u00e7ar meio milh\u00e3o durante o funcionamento da Vila da Regata. Caso a estimativa m\u00e1xima se confirme, o fluxo ser\u00e1 31% superior \u00e0s 381 mil pessoas registradas em 2023. O avan\u00e7o tamb\u00e9m aparece na economia: h\u00e1 tr\u00eas anos, o impacto da competi\u00e7\u00e3o foi calculado em R$ 195,6 milh\u00f5es; para 2027, a proje\u00e7\u00e3o \u00e9 quase 39% maior, com efeitos diretos sobre hotelaria, gastronomia, com\u00e9rcio, transportes, presta\u00e7\u00e3o de servi\u00e7os, gera\u00e7\u00e3o de empregos e ind\u00fastria n\u00e1utica.<\/p>\n<p>Antes de chegar a Itaja\u00ed, \u00fanica parada brasileira da regata, os competidores enfrentar\u00e3o um dos percursos mais exigentes dos 53 anos da The Ocean Race. A largada ser\u00e1 em 17 de janeiro de 2027, em Alicante, na Espanha, seguida por uma travessia de aproximadamente 14 mil milhas n\u00e1uticas at\u00e9 Auckland \u2014 a mais longa etapa de abertura da hist\u00f3ria da prova. De l\u00e1, a frota seguir\u00e1 pelo Oceano Sul, contornar\u00e1 o Cabo Horn e avan\u00e7ar\u00e1 at\u00e9 Santa Catarina. Os atletas competir\u00e3o a bordo dos IMOCA 60, veleiros equipados com foils e capazes de &quot;voar sobre as \u00e1guas&quot;, superando uma velocidade de 30 n\u00f3s, cerca de 55 quil\u00f4metros por hora. Cada tripula\u00e7\u00e3o ter\u00e1 quatro velejadores de pelo menos duas nacionalidades e dever\u00e1 contar, obrigatoriamente, com ao menos uma mulher.<\/p>\n<p>A realiza\u00e7\u00e3o da etapa brasileira conta com a participa\u00e7\u00e3o de Carlos Gayoso de Oliveira, diretor da <a rel=\"follow\" href=\"https:\/\/www.marinaitajai.com\/\">Marina Itaja\u00ed<\/a>. Na edi\u00e7\u00e3o de 2023, quando tamb\u00e9m atuou como gerente n\u00e1utico da The Ocean Race no Brasil, o executivo acompanhou a largada em Alicante e auxiliou, ao lado da prefeitura, na organiza\u00e7\u00e3o da parada latino-americana.<\/p>\n<p>&quot;Receber at\u00e9 500 mil visitantes em 19 dias mostra que a The Ocean Race ultrapassou o esporte e se tornou uma plataforma de desenvolvimento para Itaja\u00ed. A chegada dos veleiros mobiliza toda uma cadeia, da hotelaria e da gastronomia aos estaleiros e prestadores de servi\u00e7os n\u00e1uticos. O principal legado \u00e9 apresentar ao mundo uma cidade preparada para receber grandes competi\u00e7\u00f5es, embarca\u00e7\u00f5es e investimentos&quot;, comenta Carlos.<\/p>\n<p>A rela\u00e7\u00e3o da Marina Itaja\u00ed com a regata atravessa diferentes edi\u00e7\u00f5es. Em 2018, o complexo recebeu cerca de 90 embarca\u00e7\u00f5es de visitantes, alcan\u00e7ou 100% de ocupa\u00e7\u00e3o das vagas molhadas e registrou aproximadamente 5 mil pessoas durante o evento. Tamb\u00e9m foi ponto de embarque e desembarque de torcidas, equipes de apoio, jornalistas e navegadores. Em 2023, participou como patrocinadora oficial, criou tarifas especiais e abriu reservas limitadas para quem chegou \u00e0 cidade pelo mar. A escala de 2027 marcar\u00e1 a 11\u00aa passagem da The Ocean Race pelo Brasil e refor\u00e7ar\u00e1 a posi\u00e7\u00e3o de Itaja\u00ed entre os principais destinos da vela oce\u00e2nica e do turismo n\u00e1utico na Am\u00e9rica Latina.<\/p>\n<p><img src='https:\/\/api.dino.com.br\/v2\/news\/tr\/336644?partnerId=4593' alt=\"\" style=\"border:0px;width:1px;height:1px;\" \/><\/p>","protected":false},"excerpt":{"rendered":"<p>Com impacto econ\u00f4mico estimado em R$ 271 milh\u00f5es, a quinta parada consecutiva da regata transoce\u00e2nica em Itaja\u00ed (SC), programada entre 31 de mar\u00e7o e 18 de abril do pr\u00f3ximo ano, promete aquecer a hotelaria, a gastronomia, os servi\u00e7os e a cadeia n\u00e1utica, al\u00e9m de mobilizar estruturas locais como a Marina Itaja\u00ed, maior complexo n\u00e1utico do Sul.<\/p>","protected":false},"author":3,"featured_media":35181,"comment_status":"open","ping_status":"open","sticky":false,"template":"","format":"standard","meta":{"_seopress_titles_title":"","_seopress_titles_desc":"","_seopress_robots_index":"","_seopress_robots_follow":"","_seopress_robots_imageindex":"","_seopress_robots_snippet":"","_seopress_robots_primary_cat":"","_seopress_robots_breadcrumbs":"","_seopress_robots_freeze_modified_date":"","_seopress_robots_custom_modified_date":"","_seopress_robots_canonical":"","_seopress_social_fb_title":"","_seopress_social_fb_desc":"","_seopress_social_fb_img":"","_seopress_social_fb_img_attachment_id":0,"_seopress_social_fb_img_width":0,"_seopress_social_fb_img_height":0,"_seopress_social_twitter_title":"","_seopress_social_twitter_desc":"","_seopress_social_twitter_img":"","_seopress_social_twitter_img_attachment_id":0,"_seopress_social_twitter_img_width":0,"_seopress_social_twitter_img_height":0,"_seopress_redirections_value":"","_seopress_redirections_enabled":"","_seopress_redirections_enabled_regex":"","_seopress_redirections_logged_status":"","_seopress_redirections_param":"","_seopress_redirections_type":0,"_seopress_analysis_target_kw":"","page_builder":"","footnotes":""},"categories":[315],"tags":[341,365,324,378,356],"class_list":["post-35180","post","type-post","status-publish","format-standard","has-post-thumbnail","category-noticias-corporativas-dino","tag-economia","tag-esportes","tag-negocios","tag-turismo-e-viagem","tag-urbanismo"],"yoast_head":"<!-- This site is optimized with the Yoast SEO plugin v28.4 - https:\/\/yoast.com\/product\/yoast-seo-wordpress\/ -->\n<title>The Ocean Race vai movimentar Itaja\u00ed em 2027 - Portal Masculino de Moda, Beleza, Luxo and Business - Angel Boss<\/title>\n<meta name=\"robots\" content=\"index, follow, max-snippet:-1, max-image-preview:large, max-video-preview:-1\" \/>\n<link rel=\"canonical\" href=\"https:\/\/angelboss.com.br\/en\/2026\/09\/04\/336644-the-ocean-race-vai-movimentar-itajai-em-2027\/\" \/>\n<meta property=\"og:locale\" content=\"en_US\" \/>\n<meta property=\"og:type\" content=\"article\" \/>\n<meta property=\"og:title\" content=\"The Ocean Race vai movimentar Itaja\u00ed em 2027 - Portal Masculino de Moda, Beleza, Luxo and Business - Angel Boss\" \/>\n<meta property=\"og:description\" content=\"Com impacto econ\u00f4mico estimado em R$ 271 milh\u00f5es, a quinta parada consecutiva da regata transoce\u00e2nica em Itaja\u00ed (SC), programada entre 31 de mar\u00e7o e 18 de abril do pr\u00f3ximo ano, promete aquecer a hotelaria, a gastronomia, os servi\u00e7os e a cadeia n\u00e1utica, al\u00e9m de mobilizar estruturas locais como a Marina Itaja\u00ed, maior complexo n\u00e1utico do Sul.\" \/>\n<meta property=\"og:url\" content=\"https:\/\/angelboss.com.br\/en\/2026\/09\/04\/336644-the-ocean-race-vai-movimentar-itajai-em-2027\/\" \/>\n<meta property=\"og:site_name\" content=\"Portal Masculino de Moda, Beleza, Luxo and Business - Angel Boss\" \/>\n<meta property=\"article:published_time\" content=\"2026-09-04T00:00:00+00:00\" \/>\n<meta property=\"og:image\" content=\"https:\/\/api.dino.com.br\/v2\/news\/tr\/336644?partnerId=4593\" \/>\n<meta name=\"author\" content=\"DINO\" \/>\n<meta name=\"twitter:card\" content=\"summary_large_image\" \/>\n<meta name=\"twitter:label1\" content=\"Written by\" \/>\n\t<meta name=\"twitter:data1\" content=\"DINO\" \/>\n\t<meta name=\"twitter:label2\" content=\"Est. reading time\" \/>\n\t<meta name=\"twitter:data2\" content=\"3 minutes\" \/>\n<script type=\"application\/ld+json\" class=\"yoast-schema-graph\">{\"@context\":\"https:\\\/\\\/schema.org\",\"@graph\":[{\"@type\":\"Article\",\"@id\":\"https:\\\/\\\/angelboss.com.br\\\/2026\\\/09\\\/04\\\/336644-the-ocean-race-vai-movimentar-itajai-em-2027\\\/#article\",\"isPartOf\":{\"@id\":\"https:\\\/\\\/angelboss.com.br\\\/2026\\\/09\\\/04\\\/336644-the-ocean-race-vai-movimentar-itajai-em-2027\\\/\"},\"author\":{\"name\":\"DINO\",\"@id\":\"http:\\\/\\\/angelboss.com.br\\\/#\\\/schema\\\/person\\\/b6676b8d991f97199ef2d5b8e5c2d8a5\"},\"headline\":\"The Ocean Race vai movimentar Itaja\u00ed em 2027\",\"datePublished\":\"2026-09-04T00:00:00+00:00\",\"mainEntityOfPage\":{\"@id\":\"https:\\\/\\\/angelboss.com.br\\\/2026\\\/09\\\/04\\\/336644-the-ocean-race-vai-movimentar-itajai-em-2027\\\/\"},\"wordCount\":577,\"commentCount\":0,\"publisher\":{\"@id\":\"http:\\\/\\\/angelboss.com.br\\\/#organization\"},\"image\":{\"@id\":\"https:\\\/\\\/angelboss.com.br\\\/2026\\\/09\\\/04\\\/336644-the-ocean-race-vai-movimentar-itajai-em-2027\\\/#primaryimage\"},\"thumbnailUrl\":\"https:\\\/\\\/angelboss.com.br\\\/wp-content\\\/uploads\\\/2026\\\/09\\\/e7d3e925-1102-4653-a3e9-703563c1281f.jpg\",\"keywords\":[\"ECONOMIA\",\"ESPORTES\",\"NEG\u00d3CIOS\",\"TURISMO E VIAGEM\",\"URBANISMO\"],\"articleSection\":[\"Not\u00edcias Corporativas\"],\"inLanguage\":\"en-US\",\"potentialAction\":[{\"@type\":\"CommentAction\",\"name\":\"Comment\",\"target\":[\"https:\\\/\\\/angelboss.com.br\\\/2026\\\/09\\\/04\\\/336644-the-ocean-race-vai-movimentar-itajai-em-2027\\\/#respond\"]}]},{\"@type\":\"WebPage\",\"@id\":\"https:\\\/\\\/angelboss.com.br\\\/2026\\\/09\\\/04\\\/336644-the-ocean-race-vai-movimentar-itajai-em-2027\\\/\",\"url\":\"https:\\\/\\\/angelboss.com.br\\\/2026\\\/09\\\/04\\\/336644-the-ocean-race-vai-movimentar-itajai-em-2027\\\/\",\"name\":\"The Ocean Race vai movimentar Itaja\u00ed em 2027 - Portal Masculino de Moda, Beleza, Luxo and Business - Angel Boss\",\"isPartOf\":{\"@id\":\"http:\\\/\\\/angelboss.com.br\\\/#website\"},\"primaryImageOfPage\":{\"@id\":\"https:\\\/\\\/angelboss.com.br\\\/2026\\\/09\\\/04\\\/336644-the-ocean-race-vai-movimentar-itajai-em-2027\\\/#primaryimage\"},\"image\":{\"@id\":\"https:\\\/\\\/angelboss.com.br\\\/2026\\\/09\\\/04\\\/336644-the-ocean-race-vai-movimentar-itajai-em-2027\\\/#primaryimage\"},\"thumbnailUrl\":\"https:\\\/\\\/angelboss.com.br\\\/wp-content\\\/uploads\\\/2026\\\/09\\\/e7d3e925-1102-4653-a3e9-703563c1281f.jpg\",\"datePublished\":\"2026-09-04T00:00:00+00:00\",\"breadcrumb\":{\"@id\":\"https:\\\/\\\/angelboss.com.br\\\/2026\\\/09\\\/04\\\/336644-the-ocean-race-vai-movimentar-itajai-em-2027\\\/#breadcrumb\"},\"inLanguage\":\"en-US\",\"potentialAction\":[{\"@type\":\"ReadAction\",\"target\":[\"https:\\\/\\\/angelboss.com.br\\\/2026\\\/09\\\/04\\\/336644-the-ocean-race-vai-movimentar-itajai-em-2027\\\/\"]}]},{\"@type\":\"ImageObject\",\"inLanguage\":\"en-US\",\"@id\":\"https:\\\/\\\/angelboss.com.br\\\/2026\\\/09\\\/04\\\/336644-the-ocean-race-vai-movimentar-itajai-em-2027\\\/#primaryimage\",\"url\":\"https:\\\/\\\/angelboss.com.br\\\/wp-content\\\/uploads\\\/2026\\\/09\\\/e7d3e925-1102-4653-a3e9-703563c1281f.jpg\",\"contentUrl\":\"https:\\\/\\\/angelboss.com.br\\\/wp-content\\\/uploads\\\/2026\\\/09\\\/e7d3e925-1102-4653-a3e9-703563c1281f.jpg\",\"width\":1200,\"height\":799,\"caption\":\"15 january 2023, imoca leg 1 start in alicante\"},{\"@type\":\"BreadcrumbList\",\"@id\":\"https:\\\/\\\/angelboss.com.br\\\/2026\\\/09\\\/04\\\/336644-the-ocean-race-vai-movimentar-itajai-em-2027\\\/#breadcrumb\",\"itemListElement\":[{\"@type\":\"ListItem\",\"position\":1,\"name\":\"In\u00edcio\",\"item\":\"https:\\\/\\\/angelboss.com.br\\\/\"},{\"@type\":\"ListItem\",\"position\":2,\"name\":\"The Ocean Race vai movimentar Itaja\u00ed em 2027\"}]},{\"@type\":\"WebSite\",\"@id\":\"http:\\\/\\\/angelboss.com.br\\\/#website\",\"url\":\"http:\\\/\\\/angelboss.com.br\\\/\",\"name\":\"Portal Masculino de Moda, Beleza, Luxo e Business - Angel Boss\",\"description\":\"O Maior Portal sobre Moda, Luxo, Beleza e Business Masculino do Brasil\",\"publisher\":{\"@id\":\"http:\\\/\\\/angelboss.com.br\\\/#organization\"},\"alternateName\":\"Maior Portal e Blog de Beleza Masculina e Luxo\",\"potentialAction\":[{\"@type\":\"SearchAction\",\"target\":{\"@type\":\"EntryPoint\",\"urlTemplate\":\"http:\\\/\\\/angelboss.com.br\\\/?s={search_term_string}\"},\"query-input\":{\"@type\":\"PropertyValueSpecification\",\"valueRequired\":true,\"valueName\":\"search_term_string\"}}],\"inLanguage\":\"en-US\"},{\"@type\":\"Organization\",\"@id\":\"http:\\\/\\\/angelboss.com.br\\\/#organization\",\"name\":\"Portal Masculino de Moda, Beleza, Luxo and Business - Angel Boss\",\"url\":\"http:\\\/\\\/angelboss.com.br\\\/\",\"logo\":{\"@type\":\"ImageObject\",\"inLanguage\":\"en-US\",\"@id\":\"http:\\\/\\\/angelboss.com.br\\\/#\\\/schema\\\/logo\\\/image\\\/\",\"url\":\"https:\\\/\\\/angelboss.com.br\\\/wp-content\\\/uploads\\\/2025\\\/12\\\/WhatsApp-Image-2025-12-11-at-12.54.26.jpeg\",\"contentUrl\":\"https:\\\/\\\/angelboss.com.br\\\/wp-content\\\/uploads\\\/2025\\\/12\\\/WhatsApp-Image-2025-12-11-at-12.54.26.jpeg\",\"width\":1280,\"height\":1280,\"caption\":\"Portal Masculino de Moda, Beleza, Luxo and Business - Angel Boss\"},\"image\":{\"@id\":\"http:\\\/\\\/angelboss.com.br\\\/#\\\/schema\\\/logo\\\/image\\\/\"}},{\"@type\":\"Person\",\"@id\":\"http:\\\/\\\/angelboss.com.br\\\/#\\\/schema\\\/person\\\/b6676b8d991f97199ef2d5b8e5c2d8a5\",\"name\":\"DINO\",\"image\":{\"@type\":\"ImageObject\",\"inLanguage\":\"en-US\",\"@id\":\"https:\\\/\\\/secure.gravatar.com\\\/avatar\\\/f29568383aedf96da155b6f87103b0e04b1c662f982055cda25086444ab33ff8?s=96&d=mm&r=g\",\"url\":\"https:\\\/\\\/secure.gravatar.com\\\/avatar\\\/f29568383aedf96da155b6f87103b0e04b1c662f982055cda25086444ab33ff8?s=96&d=mm&r=g\",\"contentUrl\":\"https:\\\/\\\/secure.gravatar.com\\\/avatar\\\/f29568383aedf96da155b6f87103b0e04b1c662f982055cda25086444ab33ff8?s=96&d=mm&r=g\",\"caption\":\"DINO\"},\"url\":\"https:\\\/\\\/angelboss.com.br\\\/en\\\/author\\\/DINO\\\/\"}]}<\/script>\n<!-- \/ Yoast SEO plugin. -->","yoast_head_json":{"title":"The Ocean Race vai movimentar Itaja\u00ed em 2027 - Portal Masculino de Moda, Beleza, Luxo and Business - Angel Boss","robots":{"index":"index","follow":"follow","max-snippet":"max-snippet:-1","max-image-preview":"max-image-preview:large","max-video-preview":"max-video-preview:-1"},"canonical":"https:\/\/angelboss.com.br\/en\/2026\/09\/04\/336644-the-ocean-race-vai-movimentar-itajai-em-2027\/","og_locale":"en_US","og_type":"article","og_title":"The Ocean Race vai movimentar Itaja\u00ed em 2027 - Portal Masculino de Moda, Beleza, Luxo and Business - Angel Boss","og_description":"Com impacto econ\u00f4mico estimado em R$ 271 milh\u00f5es, a quinta parada consecutiva da regata transoce\u00e2nica em Itaja\u00ed (SC), programada entre 31 de mar\u00e7o e 18 de abril do pr\u00f3ximo ano, promete aquecer a hotelaria, a gastronomia, os servi\u00e7os e a cadeia n\u00e1utica, al\u00e9m de mobilizar estruturas locais como a Marina Itaja\u00ed, maior complexo n\u00e1utico do Sul.","og_url":"https:\/\/angelboss.com.br\/en\/2026\/09\/04\/336644-the-ocean-race-vai-movimentar-itajai-em-2027\/","og_site_name":"Portal Masculino de Moda, Beleza, Luxo and Business - Angel Boss","article_published_time":"2026-09-04T00:00:00+00:00","og_image":[{"url":"https:\/\/api.dino.com.br\/v2\/news\/tr\/336644?partnerId=4593","type":"","width":"","height":""}],"author":"DINO","twitter_card":"summary_large_image","twitter_misc":{"Written by":"DINO","Est. reading time":"3 minutes"},"schema":{"@context":"https:\/\/schema.org","@graph":[{"@type":"Article","@id":"https:\/\/angelboss.com.br\/2026\/09\/04\/336644-the-ocean-race-vai-movimentar-itajai-em-2027\/#article","isPartOf":{"@id":"https:\/\/angelboss.com.br\/2026\/09\/04\/336644-the-ocean-race-vai-movimentar-itajai-em-2027\/"},"author":{"name":"DINO","@id":"http:\/\/angelboss.com.br\/#\/schema\/person\/b6676b8d991f97199ef2d5b8e5c2d8a5"},"headline":"The Ocean Race vai movimentar Itaja\u00ed em 2027","datePublished":"2026-09-04T00:00:00+00:00","mainEntityOfPage":{"@id":"https:\/\/angelboss.com.br\/2026\/09\/04\/336644-the-ocean-race-vai-movimentar-itajai-em-2027\/"},"wordCount":577,"commentCount":0,"publisher":{"@id":"http:\/\/angelboss.com.br\/#organization"},"image":{"@id":"https:\/\/angelboss.com.br\/2026\/09\/04\/336644-the-ocean-race-vai-movimentar-itajai-em-2027\/#primaryimage"},"thumbnailUrl":"https:\/\/angelboss.com.br\/wp-content\/uploads\/2026\/09\/e7d3e925-1102-4653-a3e9-703563c1281f.jpg","keywords":["ECONOMIA","ESPORTES","NEG\u00d3CIOS","TURISMO E VIAGEM","URBANISMO"],"articleSection":["Not\u00edcias Corporativas"],"inLanguage":"en-US","potentialAction":[{"@type":"CommentAction","name":"Comment","target":["https:\/\/angelboss.com.br\/2026\/09\/04\/336644-the-ocean-race-vai-movimentar-itajai-em-2027\/#respond"]}]},{"@type":"WebPage","@id":"https:\/\/angelboss.com.br\/2026\/09\/04\/336644-the-ocean-race-vai-movimentar-itajai-em-2027\/","url":"https:\/\/angelboss.com.br\/2026\/09\/04\/336644-the-ocean-race-vai-movimentar-itajai-em-2027\/","name":"The Ocean Race vai movimentar Itaja\u00ed em 2027 - Portal Masculino de Moda, Beleza, Luxo and Business - Angel Boss","isPartOf":{"@id":"http:\/\/angelboss.com.br\/#website"},"primaryImageOfPage":{"@id":"https:\/\/angelboss.com.br\/2026\/09\/04\/336644-the-ocean-race-vai-movimentar-itajai-em-2027\/#primaryimage"},"image":{"@id":"https:\/\/angelboss.com.br\/2026\/09\/04\/336644-the-ocean-race-vai-movimentar-itajai-em-2027\/#primaryimage"},"thumbnailUrl":"https:\/\/angelboss.com.br\/wp-content\/uploads\/2026\/09\/e7d3e925-1102-4653-a3e9-703563c1281f.jpg","datePublished":"2026-09-04T00:00:00+00:00","breadcrumb":{"@id":"https:\/\/angelboss.com.br\/2026\/09\/04\/336644-the-ocean-race-vai-movimentar-itajai-em-2027\/#breadcrumb"},"inLanguage":"en-US","potentialAction":[{"@type":"ReadAction","target":["https:\/\/angelboss.com.br\/2026\/09\/04\/336644-the-ocean-race-vai-movimentar-itajai-em-2027\/"]}]},{"@type":"ImageObject","inLanguage":"en-US","@id":"https:\/\/angelboss.com.br\/2026\/09\/04\/336644-the-ocean-race-vai-movimentar-itajai-em-2027\/#primaryimage","url":"https:\/\/angelboss.com.br\/wp-content\/uploads\/2026\/09\/e7d3e925-1102-4653-a3e9-703563c1281f.jpg","contentUrl":"https:\/\/angelboss.com.br\/wp-content\/uploads\/2026\/09\/e7d3e925-1102-4653-a3e9-703563c1281f.jpg","width":1200,"height":799,"caption":"15 january 2023, imoca leg 1 start in alicante"},{"@type":"BreadcrumbList","@id":"https:\/\/angelboss.com.br\/2026\/09\/04\/336644-the-ocean-race-vai-movimentar-itajai-em-2027\/#breadcrumb","itemListElement":[{"@type":"ListItem","position":1,"name":"In\u00edcio","item":"https:\/\/angelboss.com.br\/"},{"@type":"ListItem","position":2,"name":"The Ocean Race vai movimentar Itaja\u00ed em 2027"}]},{"@type":"WebSite","@id":"http:\/\/angelboss.com.br\/#website","url":"http:\/\/angelboss.com.br\/","name":"Portal Masculino de Moda, Beleza, Luxo e Business - Angel Boss","description":"O Maior Portal sobre Moda, Luxo, Beleza e Business Masculino do Brasil","publisher":{"@id":"http:\/\/angelboss.com.br\/#organization"},"alternateName":"Maior Portal e Blog de Beleza Masculina e Luxo","potentialAction":[{"@type":"SearchAction","target":{"@type":"EntryPoint","urlTemplate":"http:\/\/angelboss.com.br\/?s={search_term_string}"},"query-input":{"@type":"PropertyValueSpecification","valueRequired":true,"valueName":"search_term_string"}}],"inLanguage":"en-US"},{"@type":"Organization","@id":"http:\/\/angelboss.com.br\/#organization","name":"Portal Masculino de Moda, Beleza, Luxo and Business - Angel Boss","url":"http:\/\/angelboss.com.br\/","logo":{"@type":"ImageObject","inLanguage":"en-US","@id":"http:\/\/angelboss.com.br\/#\/schema\/logo\/image\/","url":"https:\/\/angelboss.com.br\/wp-content\/uploads\/2025\/12\/WhatsApp-Image-2025-12-11-at-12.54.26.jpeg","contentUrl":"https:\/\/angelboss.com.br\/wp-content\/uploads\/2025\/12\/WhatsApp-Image-2025-12-11-at-12.54.26.jpeg","width":1280,"height":1280,"caption":"Portal Masculino de Moda, Beleza, Luxo and Business - Angel Boss"},"image":{"@id":"http:\/\/angelboss.com.br\/#\/schema\/logo\/image\/"}},{"@type":"Person","@id":"http:\/\/angelboss.com.br\/#\/schema\/person\/b6676b8d991f97199ef2d5b8e5c2d8a5","name":"DINO","image":{"@type":"ImageObject","inLanguage":"en-US","@id":"https:\/\/secure.gravatar.com\/avatar\/f29568383aedf96da155b6f87103b0e04b1c662f982055cda25086444ab33ff8?s=96&d=mm&r=g","url":"https:\/\/secure.gravatar.com\/avatar\/f29568383aedf96da155b6f87103b0e04b1c662f982055cda25086444ab33ff8?s=96&d=mm&r=g","contentUrl":"https:\/\/secure.gravatar.com\/avatar\/f29568383aedf96da155b6f87103b0e04b1c662f982055cda25086444ab33ff8?s=96&d=mm&r=g","caption":"DINO"},"url":"https:\/\/angelboss.com.br\/en\/author\/DINO\/"}]}},"amp_enabled":true,"_links":{"self":[{"href":"https:\/\/angelboss.com.br\/en\/wp-json\/wp\/v2\/posts\/35180","targetHints":{"allow":["GET"]}}],"collection":[{"href":"https:\/\/angelboss.com.br\/en\/wp-json\/wp\/v2\/posts"}],"about":[{"href":"https:\/\/angelboss.com.br\/en\/wp-json\/wp\/v2\/types\/post"}],"author":[{"embeddable":true,"href":"https:\/\/angelboss.com.br\/en\/wp-json\/wp\/v2\/users\/3"}],"replies":[{"embeddable":true,"href":"https:\/\/angelboss.com.br\/en\/wp-json\/wp\/v2\/comments?post=35180"}],"version-history":[{"count":0,"href":"https:\/\/angelboss.com.br\/en\/wp-json\/wp\/v2\/posts\/35180\/revisions"}],"wp:featuredmedia":[{"embeddable":true,"href":"https:\/\/angelboss.com.br\/en\/wp-json\/wp\/v2\/media\/35181"}],"wp:attachment":[{"href":"https:\/\/angelboss.com.br\/en\/wp-json\/wp\/v2\/media?parent=35180"}],"wp:term":[{"taxonomy":"category","embeddable":true,"href":"https:\/\/angelboss.com.br\/en\/wp-json\/wp\/v2\/categories?post=35180"},{"taxonomy":"post_tag","embeddable":true,"href":"https:\/\/angelboss.com.br\/en\/wp-json\/wp\/v2\/tags?post=35180"}],"curies":[{"name":"wp","href":"https:\/\/api.w.org\/{rel}","templated":true}]}}