{"id":35151,"date":"2026-09-04T00:00:00","date_gmt":"2026-09-04T00:00:00","guid":{"rendered":"https:\/\/angelboss.com.br\/2026\/09\/04\/327657-sebrae-participa-da-festa-de-flores-e-morangos-de-atibaia\/"},"modified":"2026-09-04T00:00:00","modified_gmt":"2026-09-04T00:00:00","slug":"327657-sebrae-participa-da-festa-de-flores-e-morangos-de-atibaia","status":"publish","type":"post","link":"https:\/\/angelboss.com.br\/en\/2026\/09\/04\/327657-sebrae-participa-da-festa-de-flores-e-morangos-de-atibaia\/","title":{"rendered":"Sebrae participa da Festa de Flores e Morangos de Atibaia"},"content":{"rendered":"<p>Incentivo ao produtor rural \u00e9 uma das miss\u00f5es da Festa de Flores e Morangos de Atibaia e, nesta edi\u00e7\u00e3o, o Sebrae-SP participa do evento com o projeto &quot;Atibaia com Origem&quot;. O objetivo \u00e9 ampliar o contato dos produtores de morango locais com o p\u00fablico e abrir espa\u00e7o para a divulga\u00e7\u00e3o e comercializa\u00e7\u00e3o da produ\u00e7\u00e3o.<\/p>\n<p>Ser\u00e3o quatro estandes viabilizados pelo Sebrae-SP, localizados pr\u00f3ximos \u00e0 entrada da feira, do lado esquerdo de quem acessa o evento, identificados como &quot;Atibaia com Origem&quot;. O projeto integra um trabalho desenvolvido pela institui\u00e7\u00e3o em apoio \u00e0 obten\u00e7\u00e3o do selo de Indica\u00e7\u00e3o Geogr\u00e1fica (IG) do Morango.<\/p>\n<p>A iniciativa faz parte de uma estrat\u00e9gia mais ampla da festa e do Sebrae-SP, voltada ao fortalecimento e reconhecimento do morango de Atibaia. Esse reconhecimento \u00e9 concedido pelo Instituto Nacional da Propriedade Industrial (Inpi) e pode contribuir para diferenciar e agregar valor ao produto no mercado.<\/p>\n<p>&quot;Al\u00e9m de ampliar o espa\u00e7o dos produtores no mercado, a experi\u00eancia ajuda a avaliar se esse tipo de canal de venda faz sentido para o neg\u00f3cio e quais estrat\u00e9gias podem tornar a participa\u00e7\u00e3o mais rent\u00e1vel&quot;, explica T\u00e2nia Akemi, analista de neg\u00f3cios do Sebrae-SP.<\/p>\n<p>&quot;\u00c9 uma honra para a festa receber o Sebrae-SP, ainda mais com este importante projeto para os produtores de morango da cidade. Esse cultivo faz parte da hist\u00f3ria de Atibaia e precisamos incentivar cada vez mais seu manejo, pois, al\u00e9m de sustento para as fam\u00edlias, h\u00e1 um grande ganho econ\u00f4mico para a regi\u00e3o&quot;, destaca Nelson Yoshida, presidente da Associa\u00e7\u00e3o Hortol\u00e2ndia de Atibaia.<\/p>\n<p>Mais do que uma vitrine para os produtores, a iniciativa conjunta contribuir\u00e1 para aproximar o consumidor da origem do alimento e refor\u00e7ar a identidade de um produto que carrega a hist\u00f3ria e as caracter\u00edsticas do territ\u00f3rio onde \u00e9 cultivado.<\/p>\n<p><strong>Garantia do ingresso<\/strong><\/p>\n<p>O Ingresso Parceiro custa R$ 50 mediante um quilo de alimento por pessoa. Uma economia de R$ 20 na entrada e uma contribui\u00e7\u00e3o social que acontece aos s\u00e1bados, domingos e no feriado de 7 de setembro. J\u00e1 no dia 11 de setembro, a iniciativa da Entrada Solid\u00e1ria permite a troca de ingresso pela doa\u00e7\u00e3o de 1 kg de alimento n\u00e3o perec\u00edvel, beneficiando fam\u00edlias em situa\u00e7\u00e3o de vulnerabilidade. Os alimentos arrecadados ser\u00e3o distribu\u00eddos aos Fundos Sociais de Solidariedade das cidades da regi\u00e3o.<\/p>\n<p>A entrada inteira de R$ 70 por pessoa \u00e9 para quem n\u00e3o contribuir com um quilo de alimento, e a meia-entrada de R$ 35 vale para estudantes com carteirinha, pessoas acima de 60 anos, pessoas com defici\u00eancia, professores da rede p\u00fablica do Estado de S\u00e3o Paulo e jovens de baixa renda, com Identidade Jovem. A apresenta\u00e7\u00e3o de documento comprobat\u00f3rio \u00e9 obrigat\u00f3ria.<\/p>\n<p><strong>Realiza\u00e7\u00e3o<\/strong><\/p>\n<p>A Festa de Flores e Morangos de Atibaia \u00e9 realizada pela Associa\u00e7\u00e3o Hortol\u00e2ndia de Atibaia; com apoio da Prefeitura Municipal de Atibaia; patroc\u00ednio das empresas Sakata, Ball, Bioplugs, PME Seguros, Silk Plack, Ata7, Sicredi, Lago Azul e Villa Net; e colabora\u00e7\u00e3o da Acenbra, Associa\u00e7\u00e3o dos Produtores de Morangos de Atibaia e Jarinu, Sindicato Rural de Atibaia, Pro-Flor, SAAE, Graal, Rota das Bandeiras, Convention &amp; Visitors Bureau e Hotel Itapetinga.<\/p>\n<p><strong>Servi\u00e7o:<\/strong><\/p>\n<p>Evento: 44\u00aa Festa de Flores e Morangos de Atibaia<\/p>\n<p>Data: de 4 a 27 de setembro<\/p>\n<p>Quando: Sextas, s\u00e1bados, domingos e feriado<\/p>\n<p>Hor\u00e1rios: das 9h \u00e0s 18h<\/p>\n<p>Local: Parque Ecol\u00f3gico Atibaia, Av. Nobuyuki Hiranaka, 566, acesso pela Rodovia Dom Pedro I. No sentido Atibaia\/Campinas, basta acessar a entrada antes do primeiro ped\u00e1gio (sa\u00edda 79 &#8211; km 79). J\u00e1 no sentido Campinas\/Atibaia, acesso pela sa\u00edda para B. Pires\/V. D. Pedro I (antes do km 79).<\/p>\n<p>Telefone: 0800-055-5979<\/p>\n<p>Ingressos: inteira R$ 70, ingresso parceiro R$ 50 (mediante doa\u00e7\u00e3o de um quilo de alimento) e meia-entrada R$ 35. Todas as sextas o valor do ingresso ser\u00e1 de meia-entrada (R$ 35).<\/p>\n<p>Estacionamento (administrado pela empresa Estapar): R$ 25 motos, R$ 50 carros, R$ 70 vans e micro-\u00f4nibus e R$ 100 \u00f4nibus. Clientes Porto Seguro t\u00eam 15% de desconto.<\/p>\n<p><img src='https:\/\/api.dino.com.br\/v2\/news\/tr\/327657?partnerId=4593' alt=\"\" style=\"border:0px;width:1px;height:1px;\" \/><\/p>","protected":false},"excerpt":{"rendered":"<p>Projeto \u201cAtibaia com Origem\u201d re\u00fane agricultores em estande pr\u00f3ximo \u00e0 entrada do evento para aproximar o p\u00fablico da produ\u00e7\u00e3o local<\/p>","protected":false},"author":3,"featured_media":35152,"comment_status":"open","ping_status":"open","sticky":false,"template":"","format":"standard","meta":{"_seopress_titles_title":"","_seopress_titles_desc":"","_seopress_robots_index":"","_seopress_robots_follow":"","_seopress_robots_imageindex":"","_seopress_robots_snippet":"","_seopress_robots_primary_cat":"","_seopress_robots_breadcrumbs":"","_seopress_robots_freeze_modified_date":"","_seopress_robots_custom_modified_date":"","_seopress_robots_canonical":"","_seopress_social_fb_title":"","_seopress_social_fb_desc":"","_seopress_social_fb_img":"","_seopress_social_fb_img_attachment_id":0,"_seopress_social_fb_img_width":0,"_seopress_social_fb_img_height":0,"_seopress_social_twitter_title":"","_seopress_social_twitter_desc":"","_seopress_social_twitter_img":"","_seopress_social_twitter_img_attachment_id":0,"_seopress_social_twitter_img_width":0,"_seopress_social_twitter_img_height":0,"_seopress_redirections_value":"","_seopress_redirections_enabled":"","_seopress_redirections_enabled_regex":"","_seopress_redirections_logged_status":"","_seopress_redirections_param":"","_seopress_redirections_type":0,"_seopress_analysis_target_kw":"","page_builder":"","footnotes":""},"categories":[315],"tags":[444,341,330,324,351],"class_list":["post-35151","post","type-post","status-publish","format-standard","has-post-thumbnail","category-noticias-corporativas-dino","tag-agronegocios","tag-economia","tag-eventos","tag-negocios","tag-sociedade"],"yoast_head":"<!-- This site is optimized with the Yoast SEO plugin v28.4 - https:\/\/yoast.com\/product\/yoast-seo-wordpress\/ -->\n<title>Sebrae participa da Festa de Flores e Morangos de Atibaia - Portal Masculino de Moda, Beleza, Luxo and Business - Angel Boss<\/title>\n<meta name=\"robots\" content=\"index, follow, max-snippet:-1, max-image-preview:large, max-video-preview:-1\" \/>\n<link rel=\"canonical\" href=\"https:\/\/angelboss.com.br\/en\/2026\/09\/04\/327657-sebrae-participa-da-festa-de-flores-e-morangos-de-atibaia\/\" \/>\n<meta property=\"og:locale\" content=\"en_US\" \/>\n<meta property=\"og:type\" content=\"article\" \/>\n<meta property=\"og:title\" content=\"Sebrae participa da Festa de Flores e Morangos de Atibaia - Portal Masculino de Moda, Beleza, Luxo and Business - Angel Boss\" \/>\n<meta property=\"og:description\" content=\"Projeto \u201cAtibaia com Origem\u201d re\u00fane agricultores em estande pr\u00f3ximo \u00e0 entrada do evento para aproximar o p\u00fablico da produ\u00e7\u00e3o local\" \/>\n<meta property=\"og:url\" content=\"https:\/\/angelboss.com.br\/en\/2026\/09\/04\/327657-sebrae-participa-da-festa-de-flores-e-morangos-de-atibaia\/\" \/>\n<meta property=\"og:site_name\" content=\"Portal Masculino de Moda, Beleza, Luxo and Business - Angel Boss\" \/>\n<meta property=\"article:published_time\" content=\"2026-09-04T00:00:00+00:00\" \/>\n<meta property=\"og:image\" content=\"https:\/\/api.dino.com.br\/v2\/news\/tr\/327657?partnerId=4593\" \/>\n<meta name=\"author\" content=\"DINO\" \/>\n<meta name=\"twitter:card\" content=\"summary_large_image\" \/>\n<meta name=\"twitter:label1\" content=\"Written by\" \/>\n\t<meta name=\"twitter:data1\" content=\"DINO\" \/>\n\t<meta name=\"twitter:label2\" content=\"Est. reading time\" \/>\n\t<meta name=\"twitter:data2\" content=\"3 minutes\" \/>\n<script type=\"application\/ld+json\" class=\"yoast-schema-graph\">{\"@context\":\"https:\\\/\\\/schema.org\",\"@graph\":[{\"@type\":\"Article\",\"@id\":\"https:\\\/\\\/angelboss.com.br\\\/2026\\\/09\\\/04\\\/327657-sebrae-participa-da-festa-de-flores-e-morangos-de-atibaia\\\/#article\",\"isPartOf\":{\"@id\":\"https:\\\/\\\/angelboss.com.br\\\/2026\\\/09\\\/04\\\/327657-sebrae-participa-da-festa-de-flores-e-morangos-de-atibaia\\\/\"},\"author\":{\"name\":\"DINO\",\"@id\":\"http:\\\/\\\/angelboss.com.br\\\/#\\\/schema\\\/person\\\/b6676b8d991f97199ef2d5b8e5c2d8a5\"},\"headline\":\"Sebrae participa da Festa de Flores e Morangos de Atibaia\",\"datePublished\":\"2026-09-04T00:00:00+00:00\",\"mainEntityOfPage\":{\"@id\":\"https:\\\/\\\/angelboss.com.br\\\/2026\\\/09\\\/04\\\/327657-sebrae-participa-da-festa-de-flores-e-morangos-de-atibaia\\\/\"},\"wordCount\":695,\"commentCount\":0,\"publisher\":{\"@id\":\"http:\\\/\\\/angelboss.com.br\\\/#organization\"},\"image\":{\"@id\":\"https:\\\/\\\/angelboss.com.br\\\/2026\\\/09\\\/04\\\/327657-sebrae-participa-da-festa-de-flores-e-morangos-de-atibaia\\\/#primaryimage\"},\"thumbnailUrl\":\"https:\\\/\\\/angelboss.com.br\\\/wp-content\\\/uploads\\\/2026\\\/09\\\/8f64f0a3-a638-4e50-8f41-a6f711d02c11.jpg\",\"keywords\":[\"AGRONEG\u00d3CIOS\",\"ECONOMIA\",\"EVENTOS\",\"NEG\u00d3CIOS\",\"SOCIEDADE\"],\"articleSection\":[\"Not\u00edcias Corporativas\"],\"inLanguage\":\"en-US\",\"potentialAction\":[{\"@type\":\"CommentAction\",\"name\":\"Comment\",\"target\":[\"https:\\\/\\\/angelboss.com.br\\\/2026\\\/09\\\/04\\\/327657-sebrae-participa-da-festa-de-flores-e-morangos-de-atibaia\\\/#respond\"]}]},{\"@type\":\"WebPage\",\"@id\":\"https:\\\/\\\/angelboss.com.br\\\/2026\\\/09\\\/04\\\/327657-sebrae-participa-da-festa-de-flores-e-morangos-de-atibaia\\\/\",\"url\":\"https:\\\/\\\/angelboss.com.br\\\/2026\\\/09\\\/04\\\/327657-sebrae-participa-da-festa-de-flores-e-morangos-de-atibaia\\\/\",\"name\":\"Sebrae participa da Festa de Flores e Morangos de Atibaia - Portal Masculino de Moda, Beleza, Luxo and Business - Angel Boss\",\"isPartOf\":{\"@id\":\"http:\\\/\\\/angelboss.com.br\\\/#website\"},\"primaryImageOfPage\":{\"@id\":\"https:\\\/\\\/angelboss.com.br\\\/2026\\\/09\\\/04\\\/327657-sebrae-participa-da-festa-de-flores-e-morangos-de-atibaia\\\/#primaryimage\"},\"image\":{\"@id\":\"https:\\\/\\\/angelboss.com.br\\\/2026\\\/09\\\/04\\\/327657-sebrae-participa-da-festa-de-flores-e-morangos-de-atibaia\\\/#primaryimage\"},\"thumbnailUrl\":\"https:\\\/\\\/angelboss.com.br\\\/wp-content\\\/uploads\\\/2026\\\/09\\\/8f64f0a3-a638-4e50-8f41-a6f711d02c11.jpg\",\"datePublished\":\"2026-09-04T00:00:00+00:00\",\"breadcrumb\":{\"@id\":\"https:\\\/\\\/angelboss.com.br\\\/2026\\\/09\\\/04\\\/327657-sebrae-participa-da-festa-de-flores-e-morangos-de-atibaia\\\/#breadcrumb\"},\"inLanguage\":\"en-US\",\"potentialAction\":[{\"@type\":\"ReadAction\",\"target\":[\"https:\\\/\\\/angelboss.com.br\\\/2026\\\/09\\\/04\\\/327657-sebrae-participa-da-festa-de-flores-e-morangos-de-atibaia\\\/\"]}]},{\"@type\":\"ImageObject\",\"inLanguage\":\"en-US\",\"@id\":\"https:\\\/\\\/angelboss.com.br\\\/2026\\\/09\\\/04\\\/327657-sebrae-participa-da-festa-de-flores-e-morangos-de-atibaia\\\/#primaryimage\",\"url\":\"https:\\\/\\\/angelboss.com.br\\\/wp-content\\\/uploads\\\/2026\\\/09\\\/8f64f0a3-a638-4e50-8f41-a6f711d02c11.jpg\",\"contentUrl\":\"https:\\\/\\\/angelboss.com.br\\\/wp-content\\\/uploads\\\/2026\\\/09\\\/8f64f0a3-a638-4e50-8f41-a6f711d02c11.jpg\",\"width\":1067,\"height\":800,\"caption\":\"8f64f0a3 a638 4e50 8f41 a6f711d02c11\"},{\"@type\":\"BreadcrumbList\",\"@id\":\"https:\\\/\\\/angelboss.com.br\\\/2026\\\/09\\\/04\\\/327657-sebrae-participa-da-festa-de-flores-e-morangos-de-atibaia\\\/#breadcrumb\",\"itemListElement\":[{\"@type\":\"ListItem\",\"position\":1,\"name\":\"In\u00edcio\",\"item\":\"https:\\\/\\\/angelboss.com.br\\\/\"},{\"@type\":\"ListItem\",\"position\":2,\"name\":\"Sebrae participa da Festa de Flores e Morangos de Atibaia\"}]},{\"@type\":\"WebSite\",\"@id\":\"http:\\\/\\\/angelboss.com.br\\\/#website\",\"url\":\"http:\\\/\\\/angelboss.com.br\\\/\",\"name\":\"Portal Masculino de Moda, Beleza, Luxo e Business - Angel Boss\",\"description\":\"O Maior Portal sobre Moda, Luxo, Beleza e Business Masculino do Brasil\",\"publisher\":{\"@id\":\"http:\\\/\\\/angelboss.com.br\\\/#organization\"},\"alternateName\":\"Maior Portal e Blog de Beleza Masculina e Luxo\",\"potentialAction\":[{\"@type\":\"SearchAction\",\"target\":{\"@type\":\"EntryPoint\",\"urlTemplate\":\"http:\\\/\\\/angelboss.com.br\\\/?s={search_term_string}\"},\"query-input\":{\"@type\":\"PropertyValueSpecification\",\"valueRequired\":true,\"valueName\":\"search_term_string\"}}],\"inLanguage\":\"en-US\"},{\"@type\":\"Organization\",\"@id\":\"http:\\\/\\\/angelboss.com.br\\\/#organization\",\"name\":\"Portal Masculino de Moda, Beleza, Luxo and Business - Angel Boss\",\"url\":\"http:\\\/\\\/angelboss.com.br\\\/\",\"logo\":{\"@type\":\"ImageObject\",\"inLanguage\":\"en-US\",\"@id\":\"http:\\\/\\\/angelboss.com.br\\\/#\\\/schema\\\/logo\\\/image\\\/\",\"url\":\"https:\\\/\\\/angelboss.com.br\\\/wp-content\\\/uploads\\\/2025\\\/12\\\/WhatsApp-Image-2025-12-11-at-12.54.26.jpeg\",\"contentUrl\":\"https:\\\/\\\/angelboss.com.br\\\/wp-content\\\/uploads\\\/2025\\\/12\\\/WhatsApp-Image-2025-12-11-at-12.54.26.jpeg\",\"width\":1280,\"height\":1280,\"caption\":\"Portal Masculino de Moda, Beleza, Luxo and Business - Angel Boss\"},\"image\":{\"@id\":\"http:\\\/\\\/angelboss.com.br\\\/#\\\/schema\\\/logo\\\/image\\\/\"}},{\"@type\":\"Person\",\"@id\":\"http:\\\/\\\/angelboss.com.br\\\/#\\\/schema\\\/person\\\/b6676b8d991f97199ef2d5b8e5c2d8a5\",\"name\":\"DINO\",\"image\":{\"@type\":\"ImageObject\",\"inLanguage\":\"en-US\",\"@id\":\"https:\\\/\\\/secure.gravatar.com\\\/avatar\\\/f29568383aedf96da155b6f87103b0e04b1c662f982055cda25086444ab33ff8?s=96&d=mm&r=g\",\"url\":\"https:\\\/\\\/secure.gravatar.com\\\/avatar\\\/f29568383aedf96da155b6f87103b0e04b1c662f982055cda25086444ab33ff8?s=96&d=mm&r=g\",\"contentUrl\":\"https:\\\/\\\/secure.gravatar.com\\\/avatar\\\/f29568383aedf96da155b6f87103b0e04b1c662f982055cda25086444ab33ff8?s=96&d=mm&r=g\",\"caption\":\"DINO\"},\"url\":\"https:\\\/\\\/angelboss.com.br\\\/en\\\/author\\\/DINO\\\/\"}]}<\/script>\n<!-- \/ Yoast SEO plugin. -->","yoast_head_json":{"title":"Sebrae participa da Festa de Flores e Morangos de Atibaia - Portal Masculino de Moda, Beleza, Luxo and Business - Angel Boss","robots":{"index":"index","follow":"follow","max-snippet":"max-snippet:-1","max-image-preview":"max-image-preview:large","max-video-preview":"max-video-preview:-1"},"canonical":"https:\/\/angelboss.com.br\/en\/2026\/09\/04\/327657-sebrae-participa-da-festa-de-flores-e-morangos-de-atibaia\/","og_locale":"en_US","og_type":"article","og_title":"Sebrae participa da Festa de Flores e Morangos de Atibaia - Portal Masculino de Moda, Beleza, Luxo and Business - Angel Boss","og_description":"Projeto \u201cAtibaia com Origem\u201d re\u00fane agricultores em estande pr\u00f3ximo \u00e0 entrada do evento para aproximar o p\u00fablico da produ\u00e7\u00e3o local","og_url":"https:\/\/angelboss.com.br\/en\/2026\/09\/04\/327657-sebrae-participa-da-festa-de-flores-e-morangos-de-atibaia\/","og_site_name":"Portal Masculino de Moda, Beleza, Luxo and Business - Angel Boss","article_published_time":"2026-09-04T00:00:00+00:00","og_image":[{"url":"https:\/\/api.dino.com.br\/v2\/news\/tr\/327657?partnerId=4593","type":"","width":"","height":""}],"author":"DINO","twitter_card":"summary_large_image","twitter_misc":{"Written by":"DINO","Est. reading time":"3 minutes"},"schema":{"@context":"https:\/\/schema.org","@graph":[{"@type":"Article","@id":"https:\/\/angelboss.com.br\/2026\/09\/04\/327657-sebrae-participa-da-festa-de-flores-e-morangos-de-atibaia\/#article","isPartOf":{"@id":"https:\/\/angelboss.com.br\/2026\/09\/04\/327657-sebrae-participa-da-festa-de-flores-e-morangos-de-atibaia\/"},"author":{"name":"DINO","@id":"http:\/\/angelboss.com.br\/#\/schema\/person\/b6676b8d991f97199ef2d5b8e5c2d8a5"},"headline":"Sebrae participa da Festa de Flores e Morangos de Atibaia","datePublished":"2026-09-04T00:00:00+00:00","mainEntityOfPage":{"@id":"https:\/\/angelboss.com.br\/2026\/09\/04\/327657-sebrae-participa-da-festa-de-flores-e-morangos-de-atibaia\/"},"wordCount":695,"commentCount":0,"publisher":{"@id":"http:\/\/angelboss.com.br\/#organization"},"image":{"@id":"https:\/\/angelboss.com.br\/2026\/09\/04\/327657-sebrae-participa-da-festa-de-flores-e-morangos-de-atibaia\/#primaryimage"},"thumbnailUrl":"https:\/\/angelboss.com.br\/wp-content\/uploads\/2026\/09\/8f64f0a3-a638-4e50-8f41-a6f711d02c11.jpg","keywords":["AGRONEG\u00d3CIOS","ECONOMIA","EVENTOS","NEG\u00d3CIOS","SOCIEDADE"],"articleSection":["Not\u00edcias Corporativas"],"inLanguage":"en-US","potentialAction":[{"@type":"CommentAction","name":"Comment","target":["https:\/\/angelboss.com.br\/2026\/09\/04\/327657-sebrae-participa-da-festa-de-flores-e-morangos-de-atibaia\/#respond"]}]},{"@type":"WebPage","@id":"https:\/\/angelboss.com.br\/2026\/09\/04\/327657-sebrae-participa-da-festa-de-flores-e-morangos-de-atibaia\/","url":"https:\/\/angelboss.com.br\/2026\/09\/04\/327657-sebrae-participa-da-festa-de-flores-e-morangos-de-atibaia\/","name":"Sebrae participa da Festa de Flores e Morangos de Atibaia - Portal Masculino de Moda, Beleza, Luxo and Business - Angel Boss","isPartOf":{"@id":"http:\/\/angelboss.com.br\/#website"},"primaryImageOfPage":{"@id":"https:\/\/angelboss.com.br\/2026\/09\/04\/327657-sebrae-participa-da-festa-de-flores-e-morangos-de-atibaia\/#primaryimage"},"image":{"@id":"https:\/\/angelboss.com.br\/2026\/09\/04\/327657-sebrae-participa-da-festa-de-flores-e-morangos-de-atibaia\/#primaryimage"},"thumbnailUrl":"https:\/\/angelboss.com.br\/wp-content\/uploads\/2026\/09\/8f64f0a3-a638-4e50-8f41-a6f711d02c11.jpg","datePublished":"2026-09-04T00:00:00+00:00","breadcrumb":{"@id":"https:\/\/angelboss.com.br\/2026\/09\/04\/327657-sebrae-participa-da-festa-de-flores-e-morangos-de-atibaia\/#breadcrumb"},"inLanguage":"en-US","potentialAction":[{"@type":"ReadAction","target":["https:\/\/angelboss.com.br\/2026\/09\/04\/327657-sebrae-participa-da-festa-de-flores-e-morangos-de-atibaia\/"]}]},{"@type":"ImageObject","inLanguage":"en-US","@id":"https:\/\/angelboss.com.br\/2026\/09\/04\/327657-sebrae-participa-da-festa-de-flores-e-morangos-de-atibaia\/#primaryimage","url":"https:\/\/angelboss.com.br\/wp-content\/uploads\/2026\/09\/8f64f0a3-a638-4e50-8f41-a6f711d02c11.jpg","contentUrl":"https:\/\/angelboss.com.br\/wp-content\/uploads\/2026\/09\/8f64f0a3-a638-4e50-8f41-a6f711d02c11.jpg","width":1067,"height":800,"caption":"8f64f0a3 a638 4e50 8f41 a6f711d02c11"},{"@type":"BreadcrumbList","@id":"https:\/\/angelboss.com.br\/2026\/09\/04\/327657-sebrae-participa-da-festa-de-flores-e-morangos-de-atibaia\/#breadcrumb","itemListElement":[{"@type":"ListItem","position":1,"name":"In\u00edcio","item":"https:\/\/angelboss.com.br\/"},{"@type":"ListItem","position":2,"name":"Sebrae participa da Festa de Flores e Morangos de Atibaia"}]},{"@type":"WebSite","@id":"http:\/\/angelboss.com.br\/#website","url":"http:\/\/angelboss.com.br\/","name":"Portal Masculino de Moda, Beleza, Luxo e Business - Angel Boss","description":"O Maior Portal sobre Moda, Luxo, Beleza e Business Masculino do Brasil","publisher":{"@id":"http:\/\/angelboss.com.br\/#organization"},"alternateName":"Maior Portal e Blog de Beleza Masculina e Luxo","potentialAction":[{"@type":"SearchAction","target":{"@type":"EntryPoint","urlTemplate":"http:\/\/angelboss.com.br\/?s={search_term_string}"},"query-input":{"@type":"PropertyValueSpecification","valueRequired":true,"valueName":"search_term_string"}}],"inLanguage":"en-US"},{"@type":"Organization","@id":"http:\/\/angelboss.com.br\/#organization","name":"Portal Masculino de Moda, Beleza, Luxo and Business - Angel Boss","url":"http:\/\/angelboss.com.br\/","logo":{"@type":"ImageObject","inLanguage":"en-US","@id":"http:\/\/angelboss.com.br\/#\/schema\/logo\/image\/","url":"https:\/\/angelboss.com.br\/wp-content\/uploads\/2025\/12\/WhatsApp-Image-2025-12-11-at-12.54.26.jpeg","contentUrl":"https:\/\/angelboss.com.br\/wp-content\/uploads\/2025\/12\/WhatsApp-Image-2025-12-11-at-12.54.26.jpeg","width":1280,"height":1280,"caption":"Portal Masculino de Moda, Beleza, Luxo and Business - Angel Boss"},"image":{"@id":"http:\/\/angelboss.com.br\/#\/schema\/logo\/image\/"}},{"@type":"Person","@id":"http:\/\/angelboss.com.br\/#\/schema\/person\/b6676b8d991f97199ef2d5b8e5c2d8a5","name":"DINO","image":{"@type":"ImageObject","inLanguage":"en-US","@id":"https:\/\/secure.gravatar.com\/avatar\/f29568383aedf96da155b6f87103b0e04b1c662f982055cda25086444ab33ff8?s=96&d=mm&r=g","url":"https:\/\/secure.gravatar.com\/avatar\/f29568383aedf96da155b6f87103b0e04b1c662f982055cda25086444ab33ff8?s=96&d=mm&r=g","contentUrl":"https:\/\/secure.gravatar.com\/avatar\/f29568383aedf96da155b6f87103b0e04b1c662f982055cda25086444ab33ff8?s=96&d=mm&r=g","caption":"DINO"},"url":"https:\/\/angelboss.com.br\/en\/author\/DINO\/"}]}},"amp_enabled":true,"_links":{"self":[{"href":"https:\/\/angelboss.com.br\/en\/wp-json\/wp\/v2\/posts\/35151","targetHints":{"allow":["GET"]}}],"collection":[{"href":"https:\/\/angelboss.com.br\/en\/wp-json\/wp\/v2\/posts"}],"about":[{"href":"https:\/\/angelboss.com.br\/en\/wp-json\/wp\/v2\/types\/post"}],"author":[{"embeddable":true,"href":"https:\/\/angelboss.com.br\/en\/wp-json\/wp\/v2\/users\/3"}],"replies":[{"embeddable":true,"href":"https:\/\/angelboss.com.br\/en\/wp-json\/wp\/v2\/comments?post=35151"}],"version-history":[{"count":0,"href":"https:\/\/angelboss.com.br\/en\/wp-json\/wp\/v2\/posts\/35151\/revisions"}],"wp:featuredmedia":[{"embeddable":true,"href":"https:\/\/angelboss.com.br\/en\/wp-json\/wp\/v2\/media\/35152"}],"wp:attachment":[{"href":"https:\/\/angelboss.com.br\/en\/wp-json\/wp\/v2\/media?parent=35151"}],"wp:term":[{"taxonomy":"category","embeddable":true,"href":"https:\/\/angelboss.com.br\/en\/wp-json\/wp\/v2\/categories?post=35151"},{"taxonomy":"post_tag","embeddable":true,"href":"https:\/\/angelboss.com.br\/en\/wp-json\/wp\/v2\/tags?post=35151"}],"curies":[{"name":"wp","href":"https:\/\/api.w.org\/{rel}","templated":true}]}}