{"id":35135,"date":"2026-09-03T00:00:00","date_gmt":"2026-09-03T00:00:00","guid":{"rendered":"https:\/\/angelboss.com.br\/2026\/09\/03\/325294-caixa-cultural-curitiba-recebe-festival-de-cinema-super-8\/"},"modified":"2026-09-03T00:00:00","modified_gmt":"2026-09-03T00:00:00","slug":"325294-caixa-cultural-curitiba-recebe-festival-de-cinema-super-8","status":"publish","type":"post","link":"https:\/\/angelboss.com.br\/en\/2026\/09\/03\/325294-caixa-cultural-curitiba-recebe-festival-de-cinema-super-8\/","title":{"rendered":"CAIXA Cultural Curitiba recebe festival de cinema Super 8"},"content":{"rendered":"<p>A CAIXA Cultural Curitiba recebe, de 10 a 13 de setembro, a 21\u00aa edi\u00e7\u00e3o do CURTA 8 \u2013 Festival Internacional de Cinema Super 8 de Curitiba. A programa\u00e7\u00e3o re\u00fane mais de 50 produ\u00e7\u00f5es realizadas em pel\u00edcula Super 8, de diferentes estados brasileiros e de outros sete pa\u00edses. As sess\u00f5es e atividades formativas t\u00eam entrada gratuita.<\/p>\n<p>Criado em 2005 pelo cineasta Leandro Schip (<em>in memoriam<\/em>), o festival \u00e9 dedicado \u00e0 produ\u00e7\u00e3o audiovisual em pel\u00edcula Super 8. Desde 2008, o evento passou a receber produ\u00e7\u00f5es internacionais e, segundo a organiza\u00e7\u00e3o, mant\u00e9m a realiza\u00e7\u00e3o anual desde sua cria\u00e7\u00e3o.<\/p>\n<p>A programa\u00e7\u00e3o deste ano inclui sess\u00f5es competitivas, mostras especiais e atividades formativas. Entre as atra\u00e7\u00f5es est\u00e3o uma mostra dedicada ao cineasta Guilherme de Almeida Prado, com tr\u00eas filmes produzidos em Super 8, e outra com trabalhos do padre Konrad Berning, nascido na Alemanha e que viveu durante um per\u00edodo no Paran\u00e1.<\/p>\n<p><strong>Mostras especiais<\/strong><\/p>\n<p>A mostra dedicada a Guilherme de Almeida Prado apresenta os filmes Mentes em fuga para o para\u00edso (1973), Varal (1974) e Exerc\u00edcio de espera (1975). O diretor \u00e9 respons\u00e1vel por obras como A Dama do Cine Shanghai, Perfume de Gard\u00eania e A Hora M\u00e1gica.<\/p>\n<p>A programa\u00e7\u00e3o tamb\u00e9m inclui dois filmes do padre Konrad Berning: A Pedra Preciosa (\u00e9 uma par\u00e1bola), de 1979, e Missa da Terra sem Males, de 1980.<\/p>\n<p>Uma sess\u00e3o especial com tradu\u00e7\u00e3o em Libras ter\u00e1 a exibi\u00e7\u00e3o de dois filmes do diretor curitibano Hugo Mengarelli: O Besouro (1978) e O M\u00e1gico (1979).<\/p>\n<p>Outro destaque da programa\u00e7\u00e3o \u00e9 o Dia do Filme Caseiro. A atividade permite que o p\u00fablico leve antigos rolos de filme Super 8 para revis\u00e3o t\u00e9cnica e posterior exibi\u00e7\u00e3o em tela grande durante o festival.<\/p>\n<p><strong>Atividades formativas<\/strong><\/p>\n<p>A programa\u00e7\u00e3o paralela inclui uma Oficina de Proje\u00e7\u00e3o, uma Oficina de Anima\u00e7\u00e3o e uma Masterclass sobre o uso do Super 8 na produ\u00e7\u00e3o de videoclipes. As atividades s\u00e3o gratuitas e abordam aspectos t\u00e9cnicos e criativos relacionados \u00e0 produ\u00e7\u00e3o e \u00e0 utiliza\u00e7\u00e3o da pel\u00edcula.<\/p>\n<p>De acordo com o curador F\u00e1bio Allon, a perman\u00eancia do Super 8 entre novos realizadores est\u00e1 relacionada \u00e0s caracter\u00edsticas do formato e \u00e0s possibilidades de experimenta\u00e7\u00e3o proporcionadas pela pel\u00edcula.<\/p>\n<p><strong>Festival<\/strong><\/p>\n<p>O CURTA 8 foi criado em 2005 pela iniciativa do cineasta Leandro Schip e, a partir de 2008, passou a receber produ\u00e7\u00f5es de outros pa\u00edses. A edi\u00e7\u00e3o de 2026 re\u00fane filmes brasileiros e internacionais produzidos em Super 8.<\/p>\n<p>O festival \u00e9 realizado pela PERFIL V\u00eddeo e Cultura e pela Processo Multiartes, com patroc\u00ednio da Caixa Econ\u00f4mica Federal.<\/p>\n<p>A programa\u00e7\u00e3o completa est\u00e1 dispon\u00edvel no site oficial do festival.<\/p>\n<p><strong>Servi\u00e7o:<\/strong><\/p>\n<p>Evento: 21\u00ba CURTA 8 \u2013 Festival Internacional de Cinema Super 8 de Curitiba<\/p>\n<p>Local: CAIXA Cultural Curitiba \u2013 Rua Conselheiro Laurindo, 280<\/p>\n<p>Data: 10 a 13 de setembro de 2026<\/p>\n<p>Hor\u00e1rios:<\/p>\n<p>Quinta-feira: 16h, 18h30 e 20h<\/p>\n<p>Sexta-feira: 18h30 e 20h<\/p>\n<p>S\u00e1bado: 16h, 18h30 e 20h<\/p>\n<p>Domingo: 15h, 17h e 19h<\/p>\n<p>A programa\u00e7\u00e3o detalhada pode ser consultada no site do festival e nos canais oficiais da CAIXA Cultural Curitiba.<\/p>\n<p>Ingressos: entrada gratuita, com distribui\u00e7\u00e3o de ingressos 30 minutos antes de cada sess\u00e3o.<\/p>\n<p>Classifica\u00e7\u00e3o indicativa: 18 anos<\/p>\n<p>Capacidade: 125 lugares<\/p>\n<p>Informa\u00e7\u00f5es: www.curta8.com.br | Instagram @curta8 | CAIXA Cultural Curitiba: (41) 3041-2155<\/p>\n<p><img src='https:\/\/api.dino.com.br\/v2\/news\/tr\/325294?partnerId=4593' alt=\"\" style=\"border:0px;width:1px;height:1px;\" \/><\/p>","protected":false},"excerpt":{"rendered":"<p>A 21\u00aa edi\u00e7\u00e3o do CURTA 8 ter\u00e1 mais de 50 filmes e entrada gratuita<\/p>","protected":false},"author":3,"featured_media":35136,"comment_status":"open","ping_status":"open","sticky":false,"template":"","format":"standard","meta":{"_seopress_titles_title":"","_seopress_titles_desc":"","_seopress_robots_index":"","_seopress_robots_follow":"","_seopress_robots_imageindex":"","_seopress_robots_snippet":"","_seopress_robots_primary_cat":"","_seopress_robots_breadcrumbs":"","_seopress_robots_freeze_modified_date":"","_seopress_robots_custom_modified_date":"","_seopress_robots_canonical":"","_seopress_social_fb_title":"","_seopress_social_fb_desc":"","_seopress_social_fb_img":"","_seopress_social_fb_img_attachment_id":0,"_seopress_social_fb_img_width":0,"_seopress_social_fb_img_height":0,"_seopress_social_twitter_title":"","_seopress_social_twitter_desc":"","_seopress_social_twitter_img":"","_seopress_social_twitter_img_attachment_id":0,"_seopress_social_twitter_img_width":0,"_seopress_social_twitter_img_height":0,"_seopress_redirections_value":"","_seopress_redirections_enabled":"","_seopress_redirections_enabled_regex":"","_seopress_redirections_logged_status":"","_seopress_redirections_param":"","_seopress_redirections_type":0,"_seopress_analysis_target_kw":"","page_builder":"","footnotes":""},"categories":[315],"tags":[349,350,337,330,378],"class_list":["post-35135","post","type-post","status-publish","format-standard","has-post-thumbnail","category-noticias-corporativas-dino","tag-arte","tag-comunicacao","tag-entretenimento","tag-eventos","tag-turismo-e-viagem"],"yoast_head":"<!-- This site is optimized with the Yoast SEO plugin v28.4 - https:\/\/yoast.com\/product\/yoast-seo-wordpress\/ -->\n<title>CAIXA Cultural Curitiba recebe festival de cinema Super 8 - Portal Masculino de Moda, Beleza, Luxo and Business - Angel Boss<\/title>\n<meta name=\"robots\" content=\"index, follow, max-snippet:-1, max-image-preview:large, max-video-preview:-1\" \/>\n<link rel=\"canonical\" href=\"https:\/\/angelboss.com.br\/en\/2026\/09\/03\/325294-caixa-cultural-curitiba-recebe-festival-de-cinema-super-8\/\" \/>\n<meta property=\"og:locale\" content=\"en_US\" \/>\n<meta property=\"og:type\" content=\"article\" \/>\n<meta property=\"og:title\" content=\"CAIXA Cultural Curitiba recebe festival de cinema Super 8 - Portal Masculino de Moda, Beleza, Luxo and Business - Angel Boss\" \/>\n<meta property=\"og:description\" content=\"A 21\u00aa edi\u00e7\u00e3o do CURTA 8 ter\u00e1 mais de 50 filmes e entrada gratuita\" \/>\n<meta property=\"og:url\" content=\"https:\/\/angelboss.com.br\/en\/2026\/09\/03\/325294-caixa-cultural-curitiba-recebe-festival-de-cinema-super-8\/\" \/>\n<meta property=\"og:site_name\" content=\"Portal Masculino de Moda, Beleza, Luxo and Business - Angel Boss\" \/>\n<meta property=\"article:published_time\" content=\"2026-09-03T00:00:00+00:00\" \/>\n<meta property=\"og:image\" content=\"https:\/\/api.dino.com.br\/v2\/news\/tr\/325294?partnerId=4593\" \/>\n<meta name=\"author\" content=\"DINO\" \/>\n<meta name=\"twitter:card\" content=\"summary_large_image\" \/>\n<meta name=\"twitter:label1\" content=\"Written by\" \/>\n\t<meta name=\"twitter:data1\" content=\"DINO\" \/>\n\t<meta name=\"twitter:label2\" content=\"Est. reading time\" \/>\n\t<meta name=\"twitter:data2\" content=\"3 minutes\" \/>\n<script type=\"application\/ld+json\" class=\"yoast-schema-graph\">{\"@context\":\"https:\\\/\\\/schema.org\",\"@graph\":[{\"@type\":\"Article\",\"@id\":\"https:\\\/\\\/angelboss.com.br\\\/2026\\\/09\\\/03\\\/325294-caixa-cultural-curitiba-recebe-festival-de-cinema-super-8\\\/#article\",\"isPartOf\":{\"@id\":\"https:\\\/\\\/angelboss.com.br\\\/2026\\\/09\\\/03\\\/325294-caixa-cultural-curitiba-recebe-festival-de-cinema-super-8\\\/\"},\"author\":{\"name\":\"DINO\",\"@id\":\"http:\\\/\\\/angelboss.com.br\\\/#\\\/schema\\\/person\\\/b6676b8d991f97199ef2d5b8e5c2d8a5\"},\"headline\":\"CAIXA Cultural Curitiba recebe festival de cinema Super 8\",\"datePublished\":\"2026-09-03T00:00:00+00:00\",\"mainEntityOfPage\":{\"@id\":\"https:\\\/\\\/angelboss.com.br\\\/2026\\\/09\\\/03\\\/325294-caixa-cultural-curitiba-recebe-festival-de-cinema-super-8\\\/\"},\"wordCount\":550,\"commentCount\":0,\"publisher\":{\"@id\":\"http:\\\/\\\/angelboss.com.br\\\/#organization\"},\"image\":{\"@id\":\"https:\\\/\\\/angelboss.com.br\\\/2026\\\/09\\\/03\\\/325294-caixa-cultural-curitiba-recebe-festival-de-cinema-super-8\\\/#primaryimage\"},\"thumbnailUrl\":\"https:\\\/\\\/angelboss.com.br\\\/wp-content\\\/uploads\\\/2026\\\/09\\\/97b2abc7-e93f-435c-bf3b-1e994a47e490.png\",\"keywords\":[\"ARTE\",\"COMUNICA\u00c7\u00c3O\",\"ENTRETENIMENTO\",\"EVENTOS\",\"TURISMO E VIAGEM\"],\"articleSection\":[\"Not\u00edcias Corporativas\"],\"inLanguage\":\"en-US\",\"potentialAction\":[{\"@type\":\"CommentAction\",\"name\":\"Comment\",\"target\":[\"https:\\\/\\\/angelboss.com.br\\\/2026\\\/09\\\/03\\\/325294-caixa-cultural-curitiba-recebe-festival-de-cinema-super-8\\\/#respond\"]}]},{\"@type\":\"WebPage\",\"@id\":\"https:\\\/\\\/angelboss.com.br\\\/2026\\\/09\\\/03\\\/325294-caixa-cultural-curitiba-recebe-festival-de-cinema-super-8\\\/\",\"url\":\"https:\\\/\\\/angelboss.com.br\\\/2026\\\/09\\\/03\\\/325294-caixa-cultural-curitiba-recebe-festival-de-cinema-super-8\\\/\",\"name\":\"CAIXA Cultural Curitiba recebe festival de cinema Super 8 - Portal Masculino de Moda, Beleza, Luxo and Business - Angel Boss\",\"isPartOf\":{\"@id\":\"http:\\\/\\\/angelboss.com.br\\\/#website\"},\"primaryImageOfPage\":{\"@id\":\"https:\\\/\\\/angelboss.com.br\\\/2026\\\/09\\\/03\\\/325294-caixa-cultural-curitiba-recebe-festival-de-cinema-super-8\\\/#primaryimage\"},\"image\":{\"@id\":\"https:\\\/\\\/angelboss.com.br\\\/2026\\\/09\\\/03\\\/325294-caixa-cultural-curitiba-recebe-festival-de-cinema-super-8\\\/#primaryimage\"},\"thumbnailUrl\":\"https:\\\/\\\/angelboss.com.br\\\/wp-content\\\/uploads\\\/2026\\\/09\\\/97b2abc7-e93f-435c-bf3b-1e994a47e490.png\",\"datePublished\":\"2026-09-03T00:00:00+00:00\",\"breadcrumb\":{\"@id\":\"https:\\\/\\\/angelboss.com.br\\\/2026\\\/09\\\/03\\\/325294-caixa-cultural-curitiba-recebe-festival-de-cinema-super-8\\\/#breadcrumb\"},\"inLanguage\":\"en-US\",\"potentialAction\":[{\"@type\":\"ReadAction\",\"target\":[\"https:\\\/\\\/angelboss.com.br\\\/2026\\\/09\\\/03\\\/325294-caixa-cultural-curitiba-recebe-festival-de-cinema-super-8\\\/\"]}]},{\"@type\":\"ImageObject\",\"inLanguage\":\"en-US\",\"@id\":\"https:\\\/\\\/angelboss.com.br\\\/2026\\\/09\\\/03\\\/325294-caixa-cultural-curitiba-recebe-festival-de-cinema-super-8\\\/#primaryimage\",\"url\":\"https:\\\/\\\/angelboss.com.br\\\/wp-content\\\/uploads\\\/2026\\\/09\\\/97b2abc7-e93f-435c-bf3b-1e994a47e490.png\",\"contentUrl\":\"https:\\\/\\\/angelboss.com.br\\\/wp-content\\\/uploads\\\/2026\\\/09\\\/97b2abc7-e93f-435c-bf3b-1e994a47e490.png\",\"width\":839,\"height\":800,\"caption\":\"97b2abc7 e93f 435c bf3b 1e994a47e490\"},{\"@type\":\"BreadcrumbList\",\"@id\":\"https:\\\/\\\/angelboss.com.br\\\/2026\\\/09\\\/03\\\/325294-caixa-cultural-curitiba-recebe-festival-de-cinema-super-8\\\/#breadcrumb\",\"itemListElement\":[{\"@type\":\"ListItem\",\"position\":1,\"name\":\"In\u00edcio\",\"item\":\"https:\\\/\\\/angelboss.com.br\\\/\"},{\"@type\":\"ListItem\",\"position\":2,\"name\":\"CAIXA Cultural Curitiba recebe festival de cinema Super 8\"}]},{\"@type\":\"WebSite\",\"@id\":\"http:\\\/\\\/angelboss.com.br\\\/#website\",\"url\":\"http:\\\/\\\/angelboss.com.br\\\/\",\"name\":\"Portal Masculino de Moda, Beleza, Luxo e Business - Angel Boss\",\"description\":\"O Maior Portal sobre Moda, Luxo, Beleza e Business Masculino do Brasil\",\"publisher\":{\"@id\":\"http:\\\/\\\/angelboss.com.br\\\/#organization\"},\"alternateName\":\"Maior Portal e Blog de Beleza Masculina e Luxo\",\"potentialAction\":[{\"@type\":\"SearchAction\",\"target\":{\"@type\":\"EntryPoint\",\"urlTemplate\":\"http:\\\/\\\/angelboss.com.br\\\/?s={search_term_string}\"},\"query-input\":{\"@type\":\"PropertyValueSpecification\",\"valueRequired\":true,\"valueName\":\"search_term_string\"}}],\"inLanguage\":\"en-US\"},{\"@type\":\"Organization\",\"@id\":\"http:\\\/\\\/angelboss.com.br\\\/#organization\",\"name\":\"Portal Masculino de Moda, Beleza, Luxo and Business - Angel Boss\",\"url\":\"http:\\\/\\\/angelboss.com.br\\\/\",\"logo\":{\"@type\":\"ImageObject\",\"inLanguage\":\"en-US\",\"@id\":\"http:\\\/\\\/angelboss.com.br\\\/#\\\/schema\\\/logo\\\/image\\\/\",\"url\":\"https:\\\/\\\/angelboss.com.br\\\/wp-content\\\/uploads\\\/2025\\\/12\\\/WhatsApp-Image-2025-12-11-at-12.54.26.jpeg\",\"contentUrl\":\"https:\\\/\\\/angelboss.com.br\\\/wp-content\\\/uploads\\\/2025\\\/12\\\/WhatsApp-Image-2025-12-11-at-12.54.26.jpeg\",\"width\":1280,\"height\":1280,\"caption\":\"Portal Masculino de Moda, Beleza, Luxo and Business - Angel Boss\"},\"image\":{\"@id\":\"http:\\\/\\\/angelboss.com.br\\\/#\\\/schema\\\/logo\\\/image\\\/\"}},{\"@type\":\"Person\",\"@id\":\"http:\\\/\\\/angelboss.com.br\\\/#\\\/schema\\\/person\\\/b6676b8d991f97199ef2d5b8e5c2d8a5\",\"name\":\"DINO\",\"image\":{\"@type\":\"ImageObject\",\"inLanguage\":\"en-US\",\"@id\":\"https:\\\/\\\/secure.gravatar.com\\\/avatar\\\/f29568383aedf96da155b6f87103b0e04b1c662f982055cda25086444ab33ff8?s=96&d=mm&r=g\",\"url\":\"https:\\\/\\\/secure.gravatar.com\\\/avatar\\\/f29568383aedf96da155b6f87103b0e04b1c662f982055cda25086444ab33ff8?s=96&d=mm&r=g\",\"contentUrl\":\"https:\\\/\\\/secure.gravatar.com\\\/avatar\\\/f29568383aedf96da155b6f87103b0e04b1c662f982055cda25086444ab33ff8?s=96&d=mm&r=g\",\"caption\":\"DINO\"},\"url\":\"https:\\\/\\\/angelboss.com.br\\\/en\\\/author\\\/DINO\\\/\"}]}<\/script>\n<!-- \/ Yoast SEO plugin. -->","yoast_head_json":{"title":"CAIXA Cultural Curitiba recebe festival de cinema Super 8 - Portal Masculino de Moda, Beleza, Luxo and Business - Angel Boss","robots":{"index":"index","follow":"follow","max-snippet":"max-snippet:-1","max-image-preview":"max-image-preview:large","max-video-preview":"max-video-preview:-1"},"canonical":"https:\/\/angelboss.com.br\/en\/2026\/09\/03\/325294-caixa-cultural-curitiba-recebe-festival-de-cinema-super-8\/","og_locale":"en_US","og_type":"article","og_title":"CAIXA Cultural Curitiba recebe festival de cinema Super 8 - Portal Masculino de Moda, Beleza, Luxo and Business - Angel Boss","og_description":"A 21\u00aa edi\u00e7\u00e3o do CURTA 8 ter\u00e1 mais de 50 filmes e entrada gratuita","og_url":"https:\/\/angelboss.com.br\/en\/2026\/09\/03\/325294-caixa-cultural-curitiba-recebe-festival-de-cinema-super-8\/","og_site_name":"Portal Masculino de Moda, Beleza, Luxo and Business - Angel Boss","article_published_time":"2026-09-03T00:00:00+00:00","og_image":[{"url":"https:\/\/api.dino.com.br\/v2\/news\/tr\/325294?partnerId=4593","type":"","width":"","height":""}],"author":"DINO","twitter_card":"summary_large_image","twitter_misc":{"Written by":"DINO","Est. reading time":"3 minutes"},"schema":{"@context":"https:\/\/schema.org","@graph":[{"@type":"Article","@id":"https:\/\/angelboss.com.br\/2026\/09\/03\/325294-caixa-cultural-curitiba-recebe-festival-de-cinema-super-8\/#article","isPartOf":{"@id":"https:\/\/angelboss.com.br\/2026\/09\/03\/325294-caixa-cultural-curitiba-recebe-festival-de-cinema-super-8\/"},"author":{"name":"DINO","@id":"http:\/\/angelboss.com.br\/#\/schema\/person\/b6676b8d991f97199ef2d5b8e5c2d8a5"},"headline":"CAIXA Cultural Curitiba recebe festival de cinema Super 8","datePublished":"2026-09-03T00:00:00+00:00","mainEntityOfPage":{"@id":"https:\/\/angelboss.com.br\/2026\/09\/03\/325294-caixa-cultural-curitiba-recebe-festival-de-cinema-super-8\/"},"wordCount":550,"commentCount":0,"publisher":{"@id":"http:\/\/angelboss.com.br\/#organization"},"image":{"@id":"https:\/\/angelboss.com.br\/2026\/09\/03\/325294-caixa-cultural-curitiba-recebe-festival-de-cinema-super-8\/#primaryimage"},"thumbnailUrl":"https:\/\/angelboss.com.br\/wp-content\/uploads\/2026\/09\/97b2abc7-e93f-435c-bf3b-1e994a47e490.png","keywords":["ARTE","COMUNICA\u00c7\u00c3O","ENTRETENIMENTO","EVENTOS","TURISMO E VIAGEM"],"articleSection":["Not\u00edcias Corporativas"],"inLanguage":"en-US","potentialAction":[{"@type":"CommentAction","name":"Comment","target":["https:\/\/angelboss.com.br\/2026\/09\/03\/325294-caixa-cultural-curitiba-recebe-festival-de-cinema-super-8\/#respond"]}]},{"@type":"WebPage","@id":"https:\/\/angelboss.com.br\/2026\/09\/03\/325294-caixa-cultural-curitiba-recebe-festival-de-cinema-super-8\/","url":"https:\/\/angelboss.com.br\/2026\/09\/03\/325294-caixa-cultural-curitiba-recebe-festival-de-cinema-super-8\/","name":"CAIXA Cultural Curitiba recebe festival de cinema Super 8 - Portal Masculino de Moda, Beleza, Luxo and Business - Angel Boss","isPartOf":{"@id":"http:\/\/angelboss.com.br\/#website"},"primaryImageOfPage":{"@id":"https:\/\/angelboss.com.br\/2026\/09\/03\/325294-caixa-cultural-curitiba-recebe-festival-de-cinema-super-8\/#primaryimage"},"image":{"@id":"https:\/\/angelboss.com.br\/2026\/09\/03\/325294-caixa-cultural-curitiba-recebe-festival-de-cinema-super-8\/#primaryimage"},"thumbnailUrl":"https:\/\/angelboss.com.br\/wp-content\/uploads\/2026\/09\/97b2abc7-e93f-435c-bf3b-1e994a47e490.png","datePublished":"2026-09-03T00:00:00+00:00","breadcrumb":{"@id":"https:\/\/angelboss.com.br\/2026\/09\/03\/325294-caixa-cultural-curitiba-recebe-festival-de-cinema-super-8\/#breadcrumb"},"inLanguage":"en-US","potentialAction":[{"@type":"ReadAction","target":["https:\/\/angelboss.com.br\/2026\/09\/03\/325294-caixa-cultural-curitiba-recebe-festival-de-cinema-super-8\/"]}]},{"@type":"ImageObject","inLanguage":"en-US","@id":"https:\/\/angelboss.com.br\/2026\/09\/03\/325294-caixa-cultural-curitiba-recebe-festival-de-cinema-super-8\/#primaryimage","url":"https:\/\/angelboss.com.br\/wp-content\/uploads\/2026\/09\/97b2abc7-e93f-435c-bf3b-1e994a47e490.png","contentUrl":"https:\/\/angelboss.com.br\/wp-content\/uploads\/2026\/09\/97b2abc7-e93f-435c-bf3b-1e994a47e490.png","width":839,"height":800,"caption":"97b2abc7 e93f 435c bf3b 1e994a47e490"},{"@type":"BreadcrumbList","@id":"https:\/\/angelboss.com.br\/2026\/09\/03\/325294-caixa-cultural-curitiba-recebe-festival-de-cinema-super-8\/#breadcrumb","itemListElement":[{"@type":"ListItem","position":1,"name":"In\u00edcio","item":"https:\/\/angelboss.com.br\/"},{"@type":"ListItem","position":2,"name":"CAIXA Cultural Curitiba recebe festival de cinema Super 8"}]},{"@type":"WebSite","@id":"http:\/\/angelboss.com.br\/#website","url":"http:\/\/angelboss.com.br\/","name":"Portal Masculino de Moda, Beleza, Luxo e Business - Angel Boss","description":"O Maior Portal sobre Moda, Luxo, Beleza e Business Masculino do Brasil","publisher":{"@id":"http:\/\/angelboss.com.br\/#organization"},"alternateName":"Maior Portal e Blog de Beleza Masculina e Luxo","potentialAction":[{"@type":"SearchAction","target":{"@type":"EntryPoint","urlTemplate":"http:\/\/angelboss.com.br\/?s={search_term_string}"},"query-input":{"@type":"PropertyValueSpecification","valueRequired":true,"valueName":"search_term_string"}}],"inLanguage":"en-US"},{"@type":"Organization","@id":"http:\/\/angelboss.com.br\/#organization","name":"Portal Masculino de Moda, Beleza, Luxo and Business - Angel Boss","url":"http:\/\/angelboss.com.br\/","logo":{"@type":"ImageObject","inLanguage":"en-US","@id":"http:\/\/angelboss.com.br\/#\/schema\/logo\/image\/","url":"https:\/\/angelboss.com.br\/wp-content\/uploads\/2025\/12\/WhatsApp-Image-2025-12-11-at-12.54.26.jpeg","contentUrl":"https:\/\/angelboss.com.br\/wp-content\/uploads\/2025\/12\/WhatsApp-Image-2025-12-11-at-12.54.26.jpeg","width":1280,"height":1280,"caption":"Portal Masculino de Moda, Beleza, Luxo and Business - Angel Boss"},"image":{"@id":"http:\/\/angelboss.com.br\/#\/schema\/logo\/image\/"}},{"@type":"Person","@id":"http:\/\/angelboss.com.br\/#\/schema\/person\/b6676b8d991f97199ef2d5b8e5c2d8a5","name":"DINO","image":{"@type":"ImageObject","inLanguage":"en-US","@id":"https:\/\/secure.gravatar.com\/avatar\/f29568383aedf96da155b6f87103b0e04b1c662f982055cda25086444ab33ff8?s=96&d=mm&r=g","url":"https:\/\/secure.gravatar.com\/avatar\/f29568383aedf96da155b6f87103b0e04b1c662f982055cda25086444ab33ff8?s=96&d=mm&r=g","contentUrl":"https:\/\/secure.gravatar.com\/avatar\/f29568383aedf96da155b6f87103b0e04b1c662f982055cda25086444ab33ff8?s=96&d=mm&r=g","caption":"DINO"},"url":"https:\/\/angelboss.com.br\/en\/author\/DINO\/"}]}},"amp_enabled":true,"_links":{"self":[{"href":"https:\/\/angelboss.com.br\/en\/wp-json\/wp\/v2\/posts\/35135","targetHints":{"allow":["GET"]}}],"collection":[{"href":"https:\/\/angelboss.com.br\/en\/wp-json\/wp\/v2\/posts"}],"about":[{"href":"https:\/\/angelboss.com.br\/en\/wp-json\/wp\/v2\/types\/post"}],"author":[{"embeddable":true,"href":"https:\/\/angelboss.com.br\/en\/wp-json\/wp\/v2\/users\/3"}],"replies":[{"embeddable":true,"href":"https:\/\/angelboss.com.br\/en\/wp-json\/wp\/v2\/comments?post=35135"}],"version-history":[{"count":0,"href":"https:\/\/angelboss.com.br\/en\/wp-json\/wp\/v2\/posts\/35135\/revisions"}],"wp:featuredmedia":[{"embeddable":true,"href":"https:\/\/angelboss.com.br\/en\/wp-json\/wp\/v2\/media\/35136"}],"wp:attachment":[{"href":"https:\/\/angelboss.com.br\/en\/wp-json\/wp\/v2\/media?parent=35135"}],"wp:term":[{"taxonomy":"category","embeddable":true,"href":"https:\/\/angelboss.com.br\/en\/wp-json\/wp\/v2\/categories?post=35135"},{"taxonomy":"post_tag","embeddable":true,"href":"https:\/\/angelboss.com.br\/en\/wp-json\/wp\/v2\/tags?post=35135"}],"curies":[{"name":"wp","href":"https:\/\/api.w.org\/{rel}","templated":true}]}}