{"id":35134,"date":"2026-09-03T00:00:00","date_gmt":"2026-09-03T00:00:00","guid":{"rendered":"https:\/\/angelboss.com.br\/2026\/09\/03\/336656-bahrein-assina-contrato-de-participacao-na-expo-2030-riyadh\/"},"modified":"2026-09-03T00:00:00","modified_gmt":"2026-09-03T00:00:00","slug":"336656-bahrein-assina-contrato-de-participacao-na-expo-2030-riyadh","status":"publish","type":"post","link":"https:\/\/angelboss.com.br\/en\/2026\/09\/03\/336656-bahrein-assina-contrato-de-participacao-na-expo-2030-riyadh\/","title":{"rendered":"Bahrein assina contrato de participa\u00e7\u00e3o na Expo 2030 Riyadh"},"content":{"rendered":"<p xmlns=\"http:\/\/www.w3.org\/1999\/xhtml\">\nO Reino de Bahrein assinou seu Contrato de Participa\u00e7\u00e3o na Expo 2030 Riyadh, marcando uma nova fase nos preparativos para sua participa\u00e7\u00e3o na Exposi\u00e7\u00e3o Mundial.<\/p>\n<p id=\"news-body-cta\" xmlns=\"http:\/\/www.w3.org\/1999\/xhtml\">Este comunicado de imprensa inclui multim\u00e9dia. Veja o comunicado completo aqui: <a href=\"https:\/\/www.businesswire.com\/news\/home\/20260903963572\/pt\/\" rel=\"follow\" target=\"_blank\">https:\/\/www.businesswire.com\/news\/home\/20260903963572\/pt\/<\/a><\/p>\n<div id=\"bwbodyimg\" style=\"width: 480px; float:left; padding-left:0px; padding-right:20px; padding-top:0px; padding-bottom:0px;\" xmlns=\"http:\/\/www.w3.org\/1999\/xhtml\"><img decoding=\"async\" src=\"https:\/\/mms.businesswire.com\/media\/20260903963572\/pt\/2889850\/4\/Bahrain_Signs_its_Participation_Contract_for_Expo_2030_Riyadh.jpg\" alt=\"His Excellency Sheikh Khalifa bin Ahmed Al Khalifa, President of the Bahrain Authority for Culture and Antiquities, and Talal Al-Marri, Chief Executive Officer of Expo 2030 Riyadh, at the ceremony.\"><\/p>\n<p style=\"font-size:85%;\">His Excellency Sheikh Khalifa bin Ahmed Al Khalifa, President of the Bahrain Authority for Culture and Antiquities, and Talal Al-Marri, Chief Executive Officer of Expo 2030 Riyadh, at the ceremony.<\/p>\n<\/div>\n<p xmlns=\"http:\/\/www.w3.org\/1999\/xhtml\">\nO acordo estabelece a estrutura formal para a participa\u00e7\u00e3o do Bahrein na Expo 2030 Riyadh, permitindo o avan\u00e7o dos preparativos nos principais aspectos organizacionais e operacionais de sua presen\u00e7a ao longo dos seis meses do evento, incluindo o desenvolvimento de seu pavilh\u00e3o, programas e experi\u00eancias para os visitantes.<\/p>\n<p xmlns=\"http:\/\/www.w3.org\/1999\/xhtml\">\nO Contrato de Participa\u00e7\u00e3o foi assinado no Bahrein por Talal Al-Marri, diretor executivo da Expo 2030 Riyadh, em nome da Expo 2030 Riyadh, e por Sua Excel\u00eancia Sheikh Khalifa bin Ahmed Al Khalifa, presidente da Autoridade de Cultura e Antiguidades do Bahrein, em nome do Reino de Bahrein.<\/p>\n<p xmlns=\"http:\/\/www.w3.org\/1999\/xhtml\"><b>Sua Excel\u00eancia Sheikh Khalifa bin Ahmed Al Khalifa, presidente da Autoridade de Cultura e Antiguidades do Bahrein, comentou:<\/b> \u201cA participa\u00e7\u00e3o do Bahrein na Expo 2030 Riyadh reflete os la\u00e7os fraternos e hist\u00f3ricos profundamente enraizados entre o Reino de Bahrein e o Reino da Ar\u00e1bia Saudita, e a crescente coopera\u00e7\u00e3o entre os dois pa\u00edses em uma ampla gama de \u00e1reas.\u201d<\/p>\n<p xmlns=\"http:\/\/www.w3.org\/1999\/xhtml\">\nEle acrescentou: \u201cA assinatura do Contrato de Participa\u00e7\u00e3o marca um importante passo nos preparativos do Bahrein para a Expo 2030 Riyadh e reflete o compromisso do Reino em desempenhar um papel ativo neste evento global. O Bahrein espera apresentar uma participa\u00e7\u00e3o que demonstre sua identidade, suas conquistas e suas aspira\u00e7\u00f5es futuras, ao mesmo tempo que fortale\u00e7a ainda mais sua presen\u00e7a no cen\u00e1rio internacional. Nosso objetivo \u00e9 oferecer uma presen\u00e7a nacional abrangente que reflita a import\u00e2ncia do evento e a plataforma global que ele proporciona para o interc\u00e2mbio cultural e de conhecimento, bem como para a constru\u00e7\u00e3o de parcerias.\u201d<\/p>\n<p xmlns=\"http:\/\/www.w3.org\/1999\/xhtml\"><b>Talal Al-Marri, CEO da Expo 2030 Riyadh, disse:<\/b> \u201cA assinatura do Contrato de Participa\u00e7\u00e3o do Bahrein marca um passo importante nos preparativos para a Expo 2030 Riyadh e reflete o crescente impulso &agrave; medida que os pa\u00edses participantes passam da confirma\u00e7\u00e3o de sua participa\u00e7\u00e3o para a entrega do que trar\u00e3o para Riad em 2030. Com a assinatura dos Contratos de Participa\u00e7\u00e3o, a Expo 2030 Riyadh vai ganhando forma por meio dos pavilh\u00f5es, programas e experi\u00eancias que os pa\u00edses participantes oferecer\u00e3o aos visitantes. Aguardamos com expectativa a colabora\u00e7\u00e3o com a equipe do Bahrein na pr\u00f3xima fase e a concretiza\u00e7\u00e3o de uma participa\u00e7\u00e3o singular \u2013 uma que reflita a vis\u00e3o, a cultura e as ambi\u00e7\u00f5es do Bahrein, enriquecendo, ao mesmo tempo, a experi\u00eancia geral da Expo 2030 Riyadh.\u201d<\/p>\n<p xmlns=\"http:\/\/www.w3.org\/1999\/xhtml\">\nA assinatura do Contrato de Participa\u00e7\u00e3o do Bahrein representa um marco importante em sua jornada rumo &agrave; Expo 2030 Riyadh, levando sua participa\u00e7\u00e3o da fase de confirma\u00e7\u00e3o e prepara\u00e7\u00e3o para a fase de planejamento e implementa\u00e7\u00e3o. Espera-se tamb\u00e9m que o Bahrein desenvolva um pavilh\u00e3o sustent\u00e1vel, projetado para permanecer al\u00e9m dos seis meses de dura\u00e7\u00e3o do evento e se tornar parte da Vila Global, um componente fundamental do legado duradouro da Expo 2030 Riyadh.<\/p>\n<p xmlns=\"http:\/\/www.w3.org\/1999\/xhtml\">\nMais de 145 pa\u00edses confirmaram sua participa\u00e7\u00e3o na Expo 2030 Riyadh, com os Contratos de Participa\u00e7\u00e3o formais come\u00e7ando a ser assinados &agrave; medida que os preparativos avan\u00e7am. Isso inclui a recente assinatura do Contrato de Participa\u00e7\u00e3o da Fran\u00e7a, no m\u00eas passado, em Paris, &agrave; margem da visita de Sua Alteza Real o pr\u00edncipe Mohammed bin Salman bin Abdulaziz Al Saud, pr\u00edncipe herdeiro e primeiro-ministro, &agrave; Fran\u00e7a.<\/p>\n<p xmlns=\"http:\/\/www.w3.org\/1999\/xhtml\">\nEsse impulso na participa\u00e7\u00e3o internacional se baseia na recente assinatura do Acordo de See entre o Reino da Ar\u00e1bia Saudita e o Bureau Internacional de Exposi\u00e7\u00f5es (BIE), que estabelece a estrutura legal e administrativa que rege a participa\u00e7\u00e3o de pa\u00edses e organiza\u00e7\u00f5es internacionais. Reflete tamb\u00e9m o progresso tang\u00edvel em todos os preparativos para a Expo 2030 Riyadh. O desenvolvimento do recinto da Expo, da infraestrutura e das obras de constru\u00e7\u00e3o continua em ritmo acelerado, juntamente com o avan\u00e7o do planejamento operacional e o desenvolvimento de experi\u00eancias diferenciadas que ajudar\u00e3o a moldar o evento e enriquecer a jornada do visitante.<\/p>\n<p xmlns=\"http:\/\/www.w3.org\/1999\/xhtml\">\nA Expo 2030 Riyadh acontecer\u00e1 de 1\u00ba de outubro de 2030 a 31 de mar\u00e7o de 2031, com o tema \u201cVis\u00e3o para o Amanh\u00e3\u201d. O evento, com dura\u00e7\u00e3o de seis meses, dever\u00e1 reunir mais de 200 participantes oficiais e receber 42 milh\u00f5es de visitantes. Por meio de pavilh\u00f5es nacionais, programa\u00e7\u00e3o cultural, inova\u00e7\u00e3o e experi\u00eancias imersivas, a Expo 2030 Riyadh proporcionar\u00e1 uma plataforma global para colabora\u00e7\u00e3o e interc\u00e2mbio internacional.<\/p>\n<p xmlns=\"http:\/\/www.w3.org\/1999\/xhtml\"><b>Sobre a Expo 2030 Riyadh<\/b><\/p>\n<p xmlns=\"http:\/\/www.w3.org\/1999\/xhtml\">\nA Expo 2030 Riyadh, que ocorrer\u00e1 de 1 de outubro de 2030 a 31 de mar\u00e7o de 2031, estar\u00e1 entre as Exposi\u00e7\u00f5es Mundiais mais ambiciosas j\u00e1 concebidas, com uma \u00e1rea de 6 milh\u00f5es de metros quadrados que reunir\u00e1 mais de 200 participantes oficiais e dever\u00e1 receber 42 milh\u00f5es de visitantes em 5 distritos distintos.<\/p>\n<p xmlns=\"http:\/\/www.w3.org\/1999\/xhtml\">\nRealizada sob o tema <i>\u201cPrevis\u00e3o para o Amanh\u00e3\u201d<\/i> e sediada em Riad &#8211; uma cidade de a\u00e7\u00e3o e ambi\u00e7\u00e3o &#8211; a Expo 2030 Riyadh fornecer\u00e1 uma plataforma para os participantes trocarem ideias, moldarem solu\u00e7\u00f5es e construirem parcerias que impulsionem um impacto real, enfrentem desafios globais e desbloqueiem novas oportunidades. A Expo Mundial contar\u00e1 com zonas culturais imersivas, ativa\u00e7\u00f5es di\u00e1rias e intera\u00e7\u00f5es baseadas em IA, combinando a tradicional hospitalidade saudita com tecnologia de ponta. Ap\u00f3s o evento de seis meses, o local evoluir\u00e1 para uma aldeia global, continuando a atrair visitantes e a contribuir para a din\u00e2mica paisagem urbana de Riad.<\/p>\n<p xmlns=\"http:\/\/www.w3.org\/1999\/xhtml\">\nPara mais informa\u00e7\u00f5es, acesse: <a href=\"https:\/\/cts.businesswire.com\/ct\/CT?id=smartlink&amp;url=https%3A%2F%2Fwww.expo2030riyadh.sa%2Fen%2F&amp;esheet=54598592&amp;newsitemid=20260903963572&amp;lan=pt-BR&amp;anchor=https%3A%2F%2Fwww.expo2030riyadh.sa%2Fen%2F&amp;index=1&amp;md5=fbf943d6c4ffe5fbe3444f40a233e1e8\" rel=\"follow\" shape=\"rect\" target=\"_blank\">https:\/\/www.expo2030riyadh.sa\/en\/<\/a><\/p>\n<p xmlns=\"http:\/\/www.w3.org\/1999\/xhtml\">\nO texto no idioma original deste an\u00fancio \u00e9 a vers\u00e3o oficial autorizada. As tradu\u00e7\u00f5es s\u00e3o fornecidas apenas como uma facilidade e devem se referir ao texto no idioma original, que \u00e9 a \u00fanica vers\u00e3o do texto que tem efeito legal.<\/p>\n<p xmlns=\"http:\/\/www.w3.org\/1999\/xhtml\"><img decoding=\"async\" alt=\"\" src=\"https:\/\/cts.businesswire.com\/ct\/CT?id=bwnews&amp;sty=20260903963572r1&amp;sid=brdno&amp;distro=ftp\"><span class=\"bwct31415\"><\/span><\/p>\n<p id=\"mmgallerylink\" xmlns=\"http:\/\/www.w3.org\/1999\/xhtml\"><span id=\"mmgallerylink-phrase\">Ver a vers\u00e3o original em businesswire.com: <\/span><span id=\"mmgallerylink-link\"><a href=\"https:\/\/www.businesswire.com\/news\/home\/20260903963572\/pt\/\" rel=\"follow\" target=\"_blank\">https:\/\/www.businesswire.com\/news\/home\/20260903963572\/pt\/<\/a><\/span><\/p>\n<p><b>Contato:<\/b><\/p>\n<p>\nPara informa\u00e7\u00f5es \u00e0 imprensa, entre em contato com <a href=\"mailto:media@expo2030riyadh.sa\" rel=\"follow\" shape=\"rect\">media@expo2030riyadh.sa<\/a><\/p>\n<p><strong>Fonte: <\/strong><a href='http:\/\/www.businesswire.com\/portal\/site\/home\/' target='_blank'>BUSINESS WIRE<\/a><img src='https:\/\/api.dino.com.br\/v2\/news\/tr\/336656?partnerId=4593' alt=\"\" style=\"border:0px;width:1px;height:1px;\" \/><\/p>","protected":false},"excerpt":{"rendered":"<p>O Reino de Bahrein assinou seu Contrato de Participa\u00e7\u00e3o na Expo 2030 Riyadh, marcando uma nova fase nos preparativos para sua participa\u00e7\u00e3o na Exposi\u00e7\u00e3o Mundial. Este comunicado de imprensa inclui multim\u00e9dia. Veja o comunicado completo aqui: https:\/\/www.businesswire.com\/news\/home\/20260903963572\/pt\/ His Excellency Sheikh Khalifa bin Ahmed Al Khalifa, President of the Bahrain Authority for Culture and Antiquities, and<\/p>","protected":false},"author":3,"featured_media":0,"comment_status":"open","ping_status":"open","sticky":false,"template":"","format":"standard","meta":{"_seopress_titles_title":"","_seopress_titles_desc":"","_seopress_robots_index":"","_seopress_robots_follow":"","_seopress_robots_imageindex":"","_seopress_robots_snippet":"","_seopress_robots_primary_cat":"","_seopress_robots_breadcrumbs":"","_seopress_robots_freeze_modified_date":"","_seopress_robots_custom_modified_date":"","_seopress_robots_canonical":"","_seopress_social_fb_title":"","_seopress_social_fb_desc":"","_seopress_social_fb_img":"","_seopress_social_fb_img_attachment_id":0,"_seopress_social_fb_img_width":0,"_seopress_social_fb_img_height":0,"_seopress_social_twitter_title":"","_seopress_social_twitter_desc":"","_seopress_social_twitter_img":"","_seopress_social_twitter_img_attachment_id":0,"_seopress_social_twitter_img_width":0,"_seopress_social_twitter_img_height":0,"_seopress_redirections_value":"","_seopress_redirections_enabled":"","_seopress_redirections_enabled_regex":"","_seopress_redirections_logged_status":"","_seopress_redirections_param":"","_seopress_redirections_type":0,"_seopress_analysis_target_kw":"","page_builder":"","footnotes":""},"categories":[315],"tags":[349,337,330,324,323,378],"class_list":["post-35134","post","type-post","status-publish","format-standard","category-noticias-corporativas-dino","tag-arte","tag-entretenimento","tag-eventos","tag-negocios","tag-tecnologia","tag-turismo-e-viagem"],"yoast_head":"<!-- This site is optimized with the Yoast SEO plugin v28.4 - https:\/\/yoast.com\/product\/yoast-seo-wordpress\/ -->\n<title>Bahrein assina contrato de participa\u00e7\u00e3o na Expo 2030 Riyadh - Portal Masculino de Moda, Beleza, Luxo and Business - Angel Boss<\/title>\n<meta name=\"robots\" content=\"index, follow, max-snippet:-1, max-image-preview:large, max-video-preview:-1\" \/>\n<link rel=\"canonical\" href=\"https:\/\/angelboss.com.br\/en\/2026\/09\/03\/336656-bahrein-assina-contrato-de-participacao-na-expo-2030-riyadh\/\" \/>\n<meta property=\"og:locale\" content=\"en_US\" \/>\n<meta property=\"og:type\" content=\"article\" \/>\n<meta property=\"og:title\" content=\"Bahrein assina contrato de participa\u00e7\u00e3o na Expo 2030 Riyadh - Portal Masculino de Moda, Beleza, Luxo and Business - Angel Boss\" \/>\n<meta property=\"og:description\" content=\"O Reino de Bahrein assinou seu Contrato de Participa\u00e7\u00e3o na Expo 2030 Riyadh, marcando uma nova fase nos preparativos para sua participa\u00e7\u00e3o na Exposi\u00e7\u00e3o Mundial. Este comunicado de imprensa inclui multim\u00e9dia. Veja o comunicado completo aqui: https:\/\/www.businesswire.com\/news\/home\/20260903963572\/pt\/ His Excellency Sheikh Khalifa bin Ahmed Al Khalifa, President of the Bahrain Authority for Culture and Antiquities, and\" \/>\n<meta property=\"og:url\" content=\"https:\/\/angelboss.com.br\/en\/2026\/09\/03\/336656-bahrein-assina-contrato-de-participacao-na-expo-2030-riyadh\/\" \/>\n<meta property=\"og:site_name\" content=\"Portal Masculino de Moda, Beleza, Luxo and Business - Angel Boss\" \/>\n<meta property=\"article:published_time\" content=\"2026-09-03T00:00:00+00:00\" \/>\n<meta property=\"og:image\" content=\"https:\/\/mms.businesswire.com\/media\/20260903963572\/pt\/2889850\/4\/Bahrain_Signs_its_Participation_Contract_for_Expo_2030_Riyadh.jpg\" \/>\n<meta name=\"author\" content=\"DINO\" \/>\n<meta name=\"twitter:card\" content=\"summary_large_image\" \/>\n<meta name=\"twitter:label1\" content=\"Written by\" \/>\n\t<meta name=\"twitter:data1\" content=\"DINO\" \/>\n\t<meta name=\"twitter:label2\" content=\"Est. reading time\" \/>\n\t<meta name=\"twitter:data2\" content=\"5 minutes\" \/>\n<script type=\"application\/ld+json\" class=\"yoast-schema-graph\">{\"@context\":\"https:\\\/\\\/schema.org\",\"@graph\":[{\"@type\":\"Article\",\"@id\":\"https:\\\/\\\/angelboss.com.br\\\/2026\\\/09\\\/03\\\/336656-bahrein-assina-contrato-de-participacao-na-expo-2030-riyadh\\\/#article\",\"isPartOf\":{\"@id\":\"https:\\\/\\\/angelboss.com.br\\\/2026\\\/09\\\/03\\\/336656-bahrein-assina-contrato-de-participacao-na-expo-2030-riyadh\\\/\"},\"author\":{\"name\":\"DINO\",\"@id\":\"http:\\\/\\\/angelboss.com.br\\\/#\\\/schema\\\/person\\\/b6676b8d991f97199ef2d5b8e5c2d8a5\"},\"headline\":\"Bahrein assina contrato de participa\u00e7\u00e3o na Expo 2030 Riyadh\",\"datePublished\":\"2026-09-03T00:00:00+00:00\",\"mainEntityOfPage\":{\"@id\":\"https:\\\/\\\/angelboss.com.br\\\/2026\\\/09\\\/03\\\/336656-bahrein-assina-contrato-de-participacao-na-expo-2030-riyadh\\\/\"},\"wordCount\":1074,\"commentCount\":0,\"publisher\":{\"@id\":\"http:\\\/\\\/angelboss.com.br\\\/#organization\"},\"image\":{\"@id\":\"https:\\\/\\\/angelboss.com.br\\\/2026\\\/09\\\/03\\\/336656-bahrein-assina-contrato-de-participacao-na-expo-2030-riyadh\\\/#primaryimage\"},\"thumbnailUrl\":\"https:\\\/\\\/mms.businesswire.com\\\/media\\\/20260903963572\\\/pt\\\/2889850\\\/4\\\/Bahrain_Signs_its_Participation_Contract_for_Expo_2030_Riyadh.jpg\",\"keywords\":[\"ARTE\",\"ENTRETENIMENTO\",\"EVENTOS\",\"NEG\u00d3CIOS\",\"TECNOLOGIA\",\"TURISMO E VIAGEM\"],\"articleSection\":[\"Not\u00edcias Corporativas\"],\"inLanguage\":\"en-US\",\"potentialAction\":[{\"@type\":\"CommentAction\",\"name\":\"Comment\",\"target\":[\"https:\\\/\\\/angelboss.com.br\\\/2026\\\/09\\\/03\\\/336656-bahrein-assina-contrato-de-participacao-na-expo-2030-riyadh\\\/#respond\"]}]},{\"@type\":\"WebPage\",\"@id\":\"https:\\\/\\\/angelboss.com.br\\\/2026\\\/09\\\/03\\\/336656-bahrein-assina-contrato-de-participacao-na-expo-2030-riyadh\\\/\",\"url\":\"https:\\\/\\\/angelboss.com.br\\\/2026\\\/09\\\/03\\\/336656-bahrein-assina-contrato-de-participacao-na-expo-2030-riyadh\\\/\",\"name\":\"Bahrein assina contrato de participa\u00e7\u00e3o na Expo 2030 Riyadh - Portal Masculino de Moda, Beleza, Luxo and Business - Angel Boss\",\"isPartOf\":{\"@id\":\"http:\\\/\\\/angelboss.com.br\\\/#website\"},\"primaryImageOfPage\":{\"@id\":\"https:\\\/\\\/angelboss.com.br\\\/2026\\\/09\\\/03\\\/336656-bahrein-assina-contrato-de-participacao-na-expo-2030-riyadh\\\/#primaryimage\"},\"image\":{\"@id\":\"https:\\\/\\\/angelboss.com.br\\\/2026\\\/09\\\/03\\\/336656-bahrein-assina-contrato-de-participacao-na-expo-2030-riyadh\\\/#primaryimage\"},\"thumbnailUrl\":\"https:\\\/\\\/mms.businesswire.com\\\/media\\\/20260903963572\\\/pt\\\/2889850\\\/4\\\/Bahrain_Signs_its_Participation_Contract_for_Expo_2030_Riyadh.jpg\",\"datePublished\":\"2026-09-03T00:00:00+00:00\",\"breadcrumb\":{\"@id\":\"https:\\\/\\\/angelboss.com.br\\\/2026\\\/09\\\/03\\\/336656-bahrein-assina-contrato-de-participacao-na-expo-2030-riyadh\\\/#breadcrumb\"},\"inLanguage\":\"en-US\",\"potentialAction\":[{\"@type\":\"ReadAction\",\"target\":[\"https:\\\/\\\/angelboss.com.br\\\/2026\\\/09\\\/03\\\/336656-bahrein-assina-contrato-de-participacao-na-expo-2030-riyadh\\\/\"]}]},{\"@type\":\"ImageObject\",\"inLanguage\":\"en-US\",\"@id\":\"https:\\\/\\\/angelboss.com.br\\\/2026\\\/09\\\/03\\\/336656-bahrein-assina-contrato-de-participacao-na-expo-2030-riyadh\\\/#primaryimage\",\"url\":\"https:\\\/\\\/mms.businesswire.com\\\/media\\\/20260903963572\\\/pt\\\/2889850\\\/4\\\/Bahrain_Signs_its_Participation_Contract_for_Expo_2030_Riyadh.jpg\",\"contentUrl\":\"https:\\\/\\\/mms.businesswire.com\\\/media\\\/20260903963572\\\/pt\\\/2889850\\\/4\\\/Bahrain_Signs_its_Participation_Contract_for_Expo_2030_Riyadh.jpg\"},{\"@type\":\"BreadcrumbList\",\"@id\":\"https:\\\/\\\/angelboss.com.br\\\/2026\\\/09\\\/03\\\/336656-bahrein-assina-contrato-de-participacao-na-expo-2030-riyadh\\\/#breadcrumb\",\"itemListElement\":[{\"@type\":\"ListItem\",\"position\":1,\"name\":\"In\u00edcio\",\"item\":\"https:\\\/\\\/angelboss.com.br\\\/\"},{\"@type\":\"ListItem\",\"position\":2,\"name\":\"Bahrein assina contrato de participa\u00e7\u00e3o na Expo 2030 Riyadh\"}]},{\"@type\":\"WebSite\",\"@id\":\"http:\\\/\\\/angelboss.com.br\\\/#website\",\"url\":\"http:\\\/\\\/angelboss.com.br\\\/\",\"name\":\"Portal Masculino de Moda, Beleza, Luxo e Business - Angel Boss\",\"description\":\"O Maior Portal sobre Moda, Luxo, Beleza e Business Masculino do Brasil\",\"publisher\":{\"@id\":\"http:\\\/\\\/angelboss.com.br\\\/#organization\"},\"alternateName\":\"Maior Portal e Blog de Beleza Masculina e Luxo\",\"potentialAction\":[{\"@type\":\"SearchAction\",\"target\":{\"@type\":\"EntryPoint\",\"urlTemplate\":\"http:\\\/\\\/angelboss.com.br\\\/?s={search_term_string}\"},\"query-input\":{\"@type\":\"PropertyValueSpecification\",\"valueRequired\":true,\"valueName\":\"search_term_string\"}}],\"inLanguage\":\"en-US\"},{\"@type\":\"Organization\",\"@id\":\"http:\\\/\\\/angelboss.com.br\\\/#organization\",\"name\":\"Portal Masculino de Moda, Beleza, Luxo and Business - Angel Boss\",\"url\":\"http:\\\/\\\/angelboss.com.br\\\/\",\"logo\":{\"@type\":\"ImageObject\",\"inLanguage\":\"en-US\",\"@id\":\"http:\\\/\\\/angelboss.com.br\\\/#\\\/schema\\\/logo\\\/image\\\/\",\"url\":\"https:\\\/\\\/angelboss.com.br\\\/wp-content\\\/uploads\\\/2025\\\/12\\\/WhatsApp-Image-2025-12-11-at-12.54.26.jpeg\",\"contentUrl\":\"https:\\\/\\\/angelboss.com.br\\\/wp-content\\\/uploads\\\/2025\\\/12\\\/WhatsApp-Image-2025-12-11-at-12.54.26.jpeg\",\"width\":1280,\"height\":1280,\"caption\":\"Portal Masculino de Moda, Beleza, Luxo and Business - Angel Boss\"},\"image\":{\"@id\":\"http:\\\/\\\/angelboss.com.br\\\/#\\\/schema\\\/logo\\\/image\\\/\"}},{\"@type\":\"Person\",\"@id\":\"http:\\\/\\\/angelboss.com.br\\\/#\\\/schema\\\/person\\\/b6676b8d991f97199ef2d5b8e5c2d8a5\",\"name\":\"DINO\",\"image\":{\"@type\":\"ImageObject\",\"inLanguage\":\"en-US\",\"@id\":\"https:\\\/\\\/secure.gravatar.com\\\/avatar\\\/f29568383aedf96da155b6f87103b0e04b1c662f982055cda25086444ab33ff8?s=96&d=mm&r=g\",\"url\":\"https:\\\/\\\/secure.gravatar.com\\\/avatar\\\/f29568383aedf96da155b6f87103b0e04b1c662f982055cda25086444ab33ff8?s=96&d=mm&r=g\",\"contentUrl\":\"https:\\\/\\\/secure.gravatar.com\\\/avatar\\\/f29568383aedf96da155b6f87103b0e04b1c662f982055cda25086444ab33ff8?s=96&d=mm&r=g\",\"caption\":\"DINO\"},\"url\":\"https:\\\/\\\/angelboss.com.br\\\/en\\\/author\\\/DINO\\\/\"}]}<\/script>\n<!-- \/ Yoast SEO plugin. -->","yoast_head_json":{"title":"Bahrein assina contrato de participa\u00e7\u00e3o na Expo 2030 Riyadh - Portal Masculino de Moda, Beleza, Luxo and Business - Angel Boss","robots":{"index":"index","follow":"follow","max-snippet":"max-snippet:-1","max-image-preview":"max-image-preview:large","max-video-preview":"max-video-preview:-1"},"canonical":"https:\/\/angelboss.com.br\/en\/2026\/09\/03\/336656-bahrein-assina-contrato-de-participacao-na-expo-2030-riyadh\/","og_locale":"en_US","og_type":"article","og_title":"Bahrein assina contrato de participa\u00e7\u00e3o na Expo 2030 Riyadh - Portal Masculino de Moda, Beleza, Luxo and Business - Angel Boss","og_description":"O Reino de Bahrein assinou seu Contrato de Participa\u00e7\u00e3o na Expo 2030 Riyadh, marcando uma nova fase nos preparativos para sua participa\u00e7\u00e3o na Exposi\u00e7\u00e3o Mundial. Este comunicado de imprensa inclui multim\u00e9dia. Veja o comunicado completo aqui: https:\/\/www.businesswire.com\/news\/home\/20260903963572\/pt\/ His Excellency Sheikh Khalifa bin Ahmed Al Khalifa, President of the Bahrain Authority for Culture and Antiquities, and","og_url":"https:\/\/angelboss.com.br\/en\/2026\/09\/03\/336656-bahrein-assina-contrato-de-participacao-na-expo-2030-riyadh\/","og_site_name":"Portal Masculino de Moda, Beleza, Luxo and Business - Angel Boss","article_published_time":"2026-09-03T00:00:00+00:00","og_image":[{"url":"https:\/\/mms.businesswire.com\/media\/20260903963572\/pt\/2889850\/4\/Bahrain_Signs_its_Participation_Contract_for_Expo_2030_Riyadh.jpg","type":"","width":"","height":""}],"author":"DINO","twitter_card":"summary_large_image","twitter_misc":{"Written by":"DINO","Est. reading time":"5 minutes"},"schema":{"@context":"https:\/\/schema.org","@graph":[{"@type":"Article","@id":"https:\/\/angelboss.com.br\/2026\/09\/03\/336656-bahrein-assina-contrato-de-participacao-na-expo-2030-riyadh\/#article","isPartOf":{"@id":"https:\/\/angelboss.com.br\/2026\/09\/03\/336656-bahrein-assina-contrato-de-participacao-na-expo-2030-riyadh\/"},"author":{"name":"DINO","@id":"http:\/\/angelboss.com.br\/#\/schema\/person\/b6676b8d991f97199ef2d5b8e5c2d8a5"},"headline":"Bahrein assina contrato de participa\u00e7\u00e3o na Expo 2030 Riyadh","datePublished":"2026-09-03T00:00:00+00:00","mainEntityOfPage":{"@id":"https:\/\/angelboss.com.br\/2026\/09\/03\/336656-bahrein-assina-contrato-de-participacao-na-expo-2030-riyadh\/"},"wordCount":1074,"commentCount":0,"publisher":{"@id":"http:\/\/angelboss.com.br\/#organization"},"image":{"@id":"https:\/\/angelboss.com.br\/2026\/09\/03\/336656-bahrein-assina-contrato-de-participacao-na-expo-2030-riyadh\/#primaryimage"},"thumbnailUrl":"https:\/\/mms.businesswire.com\/media\/20260903963572\/pt\/2889850\/4\/Bahrain_Signs_its_Participation_Contract_for_Expo_2030_Riyadh.jpg","keywords":["ARTE","ENTRETENIMENTO","EVENTOS","NEG\u00d3CIOS","TECNOLOGIA","TURISMO E VIAGEM"],"articleSection":["Not\u00edcias Corporativas"],"inLanguage":"en-US","potentialAction":[{"@type":"CommentAction","name":"Comment","target":["https:\/\/angelboss.com.br\/2026\/09\/03\/336656-bahrein-assina-contrato-de-participacao-na-expo-2030-riyadh\/#respond"]}]},{"@type":"WebPage","@id":"https:\/\/angelboss.com.br\/2026\/09\/03\/336656-bahrein-assina-contrato-de-participacao-na-expo-2030-riyadh\/","url":"https:\/\/angelboss.com.br\/2026\/09\/03\/336656-bahrein-assina-contrato-de-participacao-na-expo-2030-riyadh\/","name":"Bahrein assina contrato de participa\u00e7\u00e3o na Expo 2030 Riyadh - Portal Masculino de Moda, Beleza, Luxo and Business - Angel Boss","isPartOf":{"@id":"http:\/\/angelboss.com.br\/#website"},"primaryImageOfPage":{"@id":"https:\/\/angelboss.com.br\/2026\/09\/03\/336656-bahrein-assina-contrato-de-participacao-na-expo-2030-riyadh\/#primaryimage"},"image":{"@id":"https:\/\/angelboss.com.br\/2026\/09\/03\/336656-bahrein-assina-contrato-de-participacao-na-expo-2030-riyadh\/#primaryimage"},"thumbnailUrl":"https:\/\/mms.businesswire.com\/media\/20260903963572\/pt\/2889850\/4\/Bahrain_Signs_its_Participation_Contract_for_Expo_2030_Riyadh.jpg","datePublished":"2026-09-03T00:00:00+00:00","breadcrumb":{"@id":"https:\/\/angelboss.com.br\/2026\/09\/03\/336656-bahrein-assina-contrato-de-participacao-na-expo-2030-riyadh\/#breadcrumb"},"inLanguage":"en-US","potentialAction":[{"@type":"ReadAction","target":["https:\/\/angelboss.com.br\/2026\/09\/03\/336656-bahrein-assina-contrato-de-participacao-na-expo-2030-riyadh\/"]}]},{"@type":"ImageObject","inLanguage":"en-US","@id":"https:\/\/angelboss.com.br\/2026\/09\/03\/336656-bahrein-assina-contrato-de-participacao-na-expo-2030-riyadh\/#primaryimage","url":"https:\/\/mms.businesswire.com\/media\/20260903963572\/pt\/2889850\/4\/Bahrain_Signs_its_Participation_Contract_for_Expo_2030_Riyadh.jpg","contentUrl":"https:\/\/mms.businesswire.com\/media\/20260903963572\/pt\/2889850\/4\/Bahrain_Signs_its_Participation_Contract_for_Expo_2030_Riyadh.jpg"},{"@type":"BreadcrumbList","@id":"https:\/\/angelboss.com.br\/2026\/09\/03\/336656-bahrein-assina-contrato-de-participacao-na-expo-2030-riyadh\/#breadcrumb","itemListElement":[{"@type":"ListItem","position":1,"name":"In\u00edcio","item":"https:\/\/angelboss.com.br\/"},{"@type":"ListItem","position":2,"name":"Bahrein assina contrato de participa\u00e7\u00e3o na Expo 2030 Riyadh"}]},{"@type":"WebSite","@id":"http:\/\/angelboss.com.br\/#website","url":"http:\/\/angelboss.com.br\/","name":"Portal Masculino de Moda, Beleza, Luxo e Business - Angel Boss","description":"O Maior Portal sobre Moda, Luxo, Beleza e Business Masculino do Brasil","publisher":{"@id":"http:\/\/angelboss.com.br\/#organization"},"alternateName":"Maior Portal e Blog de Beleza Masculina e Luxo","potentialAction":[{"@type":"SearchAction","target":{"@type":"EntryPoint","urlTemplate":"http:\/\/angelboss.com.br\/?s={search_term_string}"},"query-input":{"@type":"PropertyValueSpecification","valueRequired":true,"valueName":"search_term_string"}}],"inLanguage":"en-US"},{"@type":"Organization","@id":"http:\/\/angelboss.com.br\/#organization","name":"Portal Masculino de Moda, Beleza, Luxo and Business - Angel Boss","url":"http:\/\/angelboss.com.br\/","logo":{"@type":"ImageObject","inLanguage":"en-US","@id":"http:\/\/angelboss.com.br\/#\/schema\/logo\/image\/","url":"https:\/\/angelboss.com.br\/wp-content\/uploads\/2025\/12\/WhatsApp-Image-2025-12-11-at-12.54.26.jpeg","contentUrl":"https:\/\/angelboss.com.br\/wp-content\/uploads\/2025\/12\/WhatsApp-Image-2025-12-11-at-12.54.26.jpeg","width":1280,"height":1280,"caption":"Portal Masculino de Moda, Beleza, Luxo and Business - Angel Boss"},"image":{"@id":"http:\/\/angelboss.com.br\/#\/schema\/logo\/image\/"}},{"@type":"Person","@id":"http:\/\/angelboss.com.br\/#\/schema\/person\/b6676b8d991f97199ef2d5b8e5c2d8a5","name":"DINO","image":{"@type":"ImageObject","inLanguage":"en-US","@id":"https:\/\/secure.gravatar.com\/avatar\/f29568383aedf96da155b6f87103b0e04b1c662f982055cda25086444ab33ff8?s=96&d=mm&r=g","url":"https:\/\/secure.gravatar.com\/avatar\/f29568383aedf96da155b6f87103b0e04b1c662f982055cda25086444ab33ff8?s=96&d=mm&r=g","contentUrl":"https:\/\/secure.gravatar.com\/avatar\/f29568383aedf96da155b6f87103b0e04b1c662f982055cda25086444ab33ff8?s=96&d=mm&r=g","caption":"DINO"},"url":"https:\/\/angelboss.com.br\/en\/author\/DINO\/"}]}},"amp_enabled":true,"_links":{"self":[{"href":"https:\/\/angelboss.com.br\/en\/wp-json\/wp\/v2\/posts\/35134","targetHints":{"allow":["GET"]}}],"collection":[{"href":"https:\/\/angelboss.com.br\/en\/wp-json\/wp\/v2\/posts"}],"about":[{"href":"https:\/\/angelboss.com.br\/en\/wp-json\/wp\/v2\/types\/post"}],"author":[{"embeddable":true,"href":"https:\/\/angelboss.com.br\/en\/wp-json\/wp\/v2\/users\/3"}],"replies":[{"embeddable":true,"href":"https:\/\/angelboss.com.br\/en\/wp-json\/wp\/v2\/comments?post=35134"}],"version-history":[{"count":0,"href":"https:\/\/angelboss.com.br\/en\/wp-json\/wp\/v2\/posts\/35134\/revisions"}],"wp:attachment":[{"href":"https:\/\/angelboss.com.br\/en\/wp-json\/wp\/v2\/media?parent=35134"}],"wp:term":[{"taxonomy":"category","embeddable":true,"href":"https:\/\/angelboss.com.br\/en\/wp-json\/wp\/v2\/categories?post=35134"},{"taxonomy":"post_tag","embeddable":true,"href":"https:\/\/angelboss.com.br\/en\/wp-json\/wp\/v2\/tags?post=35134"}],"curies":[{"name":"wp","href":"https:\/\/api.w.org\/{rel}","templated":true}]}}