{"id":35084,"date":"2026-09-03T00:00:00","date_gmt":"2026-09-03T00:00:00","guid":{"rendered":"https:\/\/angelboss.com.br\/2026\/09\/03\/321007-tarifas-dos-eua-trazem-perdas-mas-criam-tratados-comerciais\/"},"modified":"2026-09-03T00:00:00","modified_gmt":"2026-09-03T00:00:00","slug":"321007-tarifas-dos-eua-trazem-perdas-mas-criam-tratados-comerciais","status":"publish","type":"post","link":"https:\/\/angelboss.com.br\/en\/2026\/09\/03\/321007-tarifas-dos-eua-trazem-perdas-mas-criam-tratados-comerciais\/","title":{"rendered":"Tarifas dos EUA trazem perdas, mas criam tratados comerciais"},"content":{"rendered":"<p>A mais recente tarifa de 25% anunciada pelos Estados Unidos sobre produtos importados do Brasil \u00e9 um rev\u00e9s para a economia brasileira. Apesar de cerca de 2.100 itens terem sido exclu\u00eddos da medida, como carne, suco de laranja e pe\u00e7as para avi\u00f5es, o tarifa\u00e7o impacta 18% das exporta\u00e7\u00f5es nacionais para os EUA, o que corresponde a <a rel=\"follow\" href=\"https:\/\/g1.globo.com\/economia\/noticia\/2026\/07\/16\/tarifaco-ministro-diz-que-18percent-das-exportacoes-brasileiras-que-correspondem-a-us-74-bilhoes-serao-afetadas.ghtml\">US$ 7,4 bilh\u00f5es na balan\u00e7a comercial<\/a> entre os dois pa\u00edses (considerando dados de 2024, anteriores ao primeiro tarifa\u00e7o), segundo o governo brasileiro. Um quarto dos produtos vendidos para os EUA est\u00e1 sujeito a impostos de at\u00e9 50%.<\/p>\n<p>Por ser um importante destino de bens manufaturados brasileiros, a medida preocupa o setor industrial. <a rel=\"follow\" href=\"https:\/\/noticias.portaldaindustria.com.br\/posicionamentos\/cni-tarifa-adicional-de-25-dos-eua-prejudica-competitividade-brasileira-e-ameaca-exportacoes\/\">A Confedera\u00e7\u00e3o Nacional da Ind\u00fastria<\/a> (CNI) destaca que 20 dos 27 estados brasileiros j\u00e1 reduziram o volume vendido para os EUA no primeiro semestre deste ano e, desde a ado\u00e7\u00e3o das primeiras tarifas, em 2025, houve uma queda de 13% nas exporta\u00e7\u00f5es, ou US$ 2,6 bilh\u00f5es, para os norte-americanos.<\/p>\n<p>&quot;A decis\u00e3o vai agravar este quadro; \u00e9 preciso unir esfor\u00e7os para retomar a produtiva rela\u00e7\u00e3o que, historicamente, Brasil e EUA sempre mantiveram&quot;, diz Jos\u00e9 Maur\u00edcio Caldeira, s\u00f3cio e membro do Conselho de Administra\u00e7\u00e3o da Colpar Brasil, holding que atua em v\u00e1rios segmentos, como agroneg\u00f3cio, ind\u00fastria e urbanismo.<\/p>\n<p>A pol\u00edtica tarif\u00e1ria protecionista adotada globalmente pelo presidente dos Estados Unidos, Donald Trump, desde o in\u00edcio do seu governo, \u00e9 uma preocupa\u00e7\u00e3o mundial. A pol\u00edtica, por\u00e9m, provocou um efeito colateral inesperado no com\u00e9rcio internacional. Em vez de frear a integra\u00e7\u00e3o econ\u00f4mica entre as na\u00e7\u00f5es, a eleva\u00e7\u00e3o de tarifas de importa\u00e7\u00e3o e a crescente incerteza sobre o acesso ao mercado consumidor norte-americano aceleraram a corrida por novos acordos comerciais entre pa\u00edses e blocos econ\u00f4micos.<\/p>\n<p><strong>Negocia\u00e7\u00f5es ganharam tra\u00e7\u00e3o<\/strong><\/p>\n<p>Negocia\u00e7\u00f5es que estavam em banho-maria havia anos ganharam tra\u00e7\u00e3o. Diante da maior instabilidade geopol\u00edtica, o objetivo \u00e9 diversificar mercados, reduzir a depend\u00eancia de Estados Unidos e China, fortalecer cadeias globais de suprimentos e atrair investimentos.<\/p>\n<p>O principal marco dessa nova fase \u00e9 o <a rel=\"follow\" href=\"https:\/\/www.gov.br\/siscomex\/pt-br\/acordos-comerciais\/mercosul-uniao-europeia\">acordo entre Mercosul e Uni\u00e3o Europeia<\/a>, negociado por mais de duas d\u00e9cadas. Assinado em janeiro deste ano, entrou em aplica\u00e7\u00e3o provis\u00f3ria em maio, criando uma das maiores \u00e1reas de livre com\u00e9rcio do mundo, com cerca de 720 milh\u00f5es de consumidores e um PIB combinado superior a US$ 22 trilh\u00f5es.<\/p>\n<p>&quot;O tratado \u00e9 muito relevante, pois representa uma oportunidade de ampliar significativamente o acesso do Mercosul ao mercado europeu&quot;, avalia Jos\u00e9 Maur\u00edcio Caldeira, destacando que a parceria tamb\u00e9m tende a estimular investimentos estrangeiros no cone Sul.<\/p>\n<p>Outro avan\u00e7o importante foi a conclus\u00e3o do acordo entre o Mercosul e a Associa\u00e7\u00e3o Europeia de Livre Com\u00e9rcio <a rel=\"follow\" href=\"https:\/\/pt.wikipedia.org\/wiki\/Associa\u00e7\u00e3o_Europeia_de_Com\u00e9rcio_Livre\">(EFTA)<\/a>, formada por Su\u00ed\u00e7a, Noruega, Isl\u00e2ndia e Liechtenstein. Embora re\u00fana pa\u00edses com popula\u00e7\u00e3o relativamente pequena, o bloco possui elevado poder aquisitivo e grande capacidade de investimento.<\/p>\n<p><strong>Novas fronteiras<\/strong><\/p>\n<p>As negocia\u00e7\u00f5es entre Mercosul e Canad\u00e1 agora tamb\u00e9m correm em ritmo acelerado. Ambos trabalham com a expectativa de concluir o acordo ainda neste ano. A parceria abriria espa\u00e7o para maior acesso de produtos agr\u00edcolas e industriais brasileiros ao mercado canadense e pode ampliar investimentos em minera\u00e7\u00e3o, infraestrutura, energia e tecnologia.<\/p>\n<p>A novidade mais recente \u00e9 a abertura formal das negocia\u00e7\u00f5es para um <a rel=\"follow\" href=\"https:\/\/www.mercosur.int\/pt-br\/o-mercosul-e-o-japao-anunciam-o-inicio-das-negociacoes-para-um-acordo-de-parceria-economica\">Acordo de Parceria Econ\u00f4mica entre Mercosul e Jap\u00e3o<\/a>, anunciada durante a C\u00fapula do Mercosul realizada no Paraguai em 30 de junho do ano passado. Caso chegue a bom termo, o acordo criar\u00e1 uma \u00e1rea econ\u00f4mica de aproximadamente 400 milh\u00f5es de habitantes e PIB conjunto de cerca de US$ 7 trilh\u00f5es.<\/p>\n<p>As negocia\u00e7\u00f5es abrangem redu\u00e7\u00e3o de tarifas, facilita\u00e7\u00e3o do com\u00e9rcio, investimentos, integra\u00e7\u00e3o de cadeias produtivas e coopera\u00e7\u00e3o econ\u00f4mica. Para o Jap\u00e3o, o atrativo \u00e9 o maior acesso a alimentos e minerais cr\u00edticos. J\u00e1 para o Mercosul, o interesse est\u00e1 na amplia\u00e7\u00e3o de exporta\u00e7\u00f5es e na atra\u00e7\u00e3o de investimentos industriais e tecnol\u00f3gicos.<\/p>\n<p>Al\u00e9m de avan\u00e7ar no acordo com o Mercosul, a Uni\u00e3o Europeia tamb\u00e9m concluiu outras negocia\u00e7\u00f5es que dormiam nos escaninhos diplom\u00e1ticos. O bloco europeu finalizou um amplo acordo comercial com a \u00cdndia, encerrando negocia\u00e7\u00f5es iniciadas h\u00e1 quase vinte anos. O tratado conecta mercados que somam mais de dois bilh\u00f5es de consumidores e refor\u00e7a a estrat\u00e9gia europeia de reduzir depend\u00eancias estrat\u00e9gicas em rela\u00e7\u00e3o \u00e0s grandes pot\u00eancias.<\/p>\n<p>A UE tamb\u00e9m avan\u00e7a nas negocia\u00e7\u00f5es com pa\u00edses como Filipinas e Indon\u00e9sia, consolidando a \u00c1sia como prioridade para sua pol\u00edtica comercial. A regi\u00e3o j\u00e1 conta com a <a rel=\"follow\" href=\"https:\/\/asean-org.translate.goog\/our-communities\/economic-community\/integration-with-global-economy\/regional-comprehensive-economic-partnership-rcep\/?_x_tr_sl=en&amp;_x_tr_tl=pt&amp;_x_tr_hl=pt&amp;_x_tr_pto=tc&amp;_x_tr_hist=true\">Parceria Econ\u00f4mica Regional Abrangente<\/a>, que re\u00fane China, Jap\u00e3o, Coreia do Sul, Austr\u00e1lia, Nova Zel\u00e2ndia e os dez pa\u00edses da ASEAN (Associa\u00e7\u00e3o dos Pa\u00edses do Sudeste Asi\u00e1tico).<\/p>\n<p>A nova pol\u00edtica comercial dos Estados Unidos contribuiu para essa reorganiza\u00e7\u00e3o do comercial mundial, inaugurando uma nova fase de integra\u00e7\u00e3o global. &quot;Este movimento, paradoxalmente, levou \u00e0 cria\u00e7\u00e3o de uma rede mais ampla de parcerias e uma menor depend\u00eancia de um \u00fanico mercado, o que para o com\u00e9rcio entre as na\u00e7\u00f5es \u00e9 um movimento positivo&quot;, pontua Jos\u00e9 Maur\u00edcio Caldeira.<\/p>\n<p><img src='https:\/\/api.dino.com.br\/v2\/news\/tr\/321007?partnerId=4593' alt=\"\" style=\"border:0px;width:1px;height:1px;\" \/><\/p>","protected":false},"excerpt":{"rendered":"<p>Pol\u00edtica protecionista de Trump levou pa\u00edses e blocos econ\u00f4micos a acelerarem o fechamento de acordos para reduzir depend\u00eancia dos Estados Unidos. Para Jos\u00e9 Maur\u00edcio Caldeira, as novas parcerias s\u00e3o positivas<\/p>","protected":false},"author":3,"featured_media":35085,"comment_status":"open","ping_status":"open","sticky":false,"template":"","format":"standard","meta":{"_seopress_titles_title":"","_seopress_titles_desc":"","_seopress_robots_index":"","_seopress_robots_follow":"","_seopress_robots_imageindex":"","_seopress_robots_snippet":"","_seopress_robots_primary_cat":"","_seopress_robots_breadcrumbs":"","_seopress_robots_freeze_modified_date":"","_seopress_robots_custom_modified_date":"","_seopress_robots_canonical":"","_seopress_social_fb_title":"","_seopress_social_fb_desc":"","_seopress_social_fb_img":"","_seopress_social_fb_img_attachment_id":0,"_seopress_social_fb_img_width":0,"_seopress_social_fb_img_height":0,"_seopress_social_twitter_title":"","_seopress_social_twitter_desc":"","_seopress_social_twitter_img":"","_seopress_social_twitter_img_attachment_id":0,"_seopress_social_twitter_img_width":0,"_seopress_social_twitter_img_height":0,"_seopress_redirections_value":"","_seopress_redirections_enabled":"","_seopress_redirections_enabled_regex":"","_seopress_redirections_logged_status":"","_seopress_redirections_param":"","_seopress_redirections_type":0,"_seopress_analysis_target_kw":"","page_builder":"","footnotes":""},"categories":[315],"tags":[444,341,347,324,369],"class_list":["post-35084","post","type-post","status-publish","format-standard","has-post-thumbnail","category-noticias-corporativas-dino","tag-agronegocios","tag-economia","tag-industrias","tag-negocios","tag-politicas"],"yoast_head":"<!-- This site is optimized with the Yoast SEO plugin v28.4 - https:\/\/yoast.com\/product\/yoast-seo-wordpress\/ -->\n<title>Tarifas dos EUA trazem perdas, mas criam tratados comerciais - Portal Masculino de Moda, Beleza, Luxo and Business - Angel Boss<\/title>\n<meta name=\"robots\" content=\"index, follow, max-snippet:-1, max-image-preview:large, max-video-preview:-1\" \/>\n<link rel=\"canonical\" href=\"https:\/\/angelboss.com.br\/en\/2026\/09\/03\/321007-tarifas-dos-eua-trazem-perdas-mas-criam-tratados-comerciais\/\" \/>\n<meta property=\"og:locale\" content=\"en_US\" \/>\n<meta property=\"og:type\" content=\"article\" \/>\n<meta property=\"og:title\" content=\"Tarifas dos EUA trazem perdas, mas criam tratados comerciais - Portal Masculino de Moda, Beleza, Luxo and Business - Angel Boss\" \/>\n<meta property=\"og:description\" content=\"Pol\u00edtica protecionista de Trump levou pa\u00edses e blocos econ\u00f4micos a acelerarem o fechamento de acordos para reduzir depend\u00eancia dos Estados Unidos. Para Jos\u00e9 Maur\u00edcio Caldeira, as novas parcerias s\u00e3o positivas\" \/>\n<meta property=\"og:url\" content=\"https:\/\/angelboss.com.br\/en\/2026\/09\/03\/321007-tarifas-dos-eua-trazem-perdas-mas-criam-tratados-comerciais\/\" \/>\n<meta property=\"og:site_name\" content=\"Portal Masculino de Moda, Beleza, Luxo and Business - Angel Boss\" \/>\n<meta property=\"article:published_time\" content=\"2026-09-03T00:00:00+00:00\" \/>\n<meta property=\"og:image\" content=\"https:\/\/api.dino.com.br\/v2\/news\/tr\/321007?partnerId=4593\" \/>\n<meta name=\"author\" content=\"DINO\" \/>\n<meta name=\"twitter:card\" content=\"summary_large_image\" \/>\n<meta name=\"twitter:label1\" content=\"Written by\" \/>\n\t<meta name=\"twitter:data1\" content=\"DINO\" \/>\n\t<meta name=\"twitter:label2\" content=\"Est. reading time\" \/>\n\t<meta name=\"twitter:data2\" content=\"4 minutes\" \/>\n<script type=\"application\/ld+json\" class=\"yoast-schema-graph\">{\"@context\":\"https:\\\/\\\/schema.org\",\"@graph\":[{\"@type\":\"Article\",\"@id\":\"https:\\\/\\\/angelboss.com.br\\\/2026\\\/09\\\/03\\\/321007-tarifas-dos-eua-trazem-perdas-mas-criam-tratados-comerciais\\\/#article\",\"isPartOf\":{\"@id\":\"https:\\\/\\\/angelboss.com.br\\\/2026\\\/09\\\/03\\\/321007-tarifas-dos-eua-trazem-perdas-mas-criam-tratados-comerciais\\\/\"},\"author\":{\"name\":\"DINO\",\"@id\":\"http:\\\/\\\/angelboss.com.br\\\/#\\\/schema\\\/person\\\/b6676b8d991f97199ef2d5b8e5c2d8a5\"},\"headline\":\"Tarifas dos EUA trazem perdas, mas criam tratados comerciais\",\"datePublished\":\"2026-09-03T00:00:00+00:00\",\"mainEntityOfPage\":{\"@id\":\"https:\\\/\\\/angelboss.com.br\\\/2026\\\/09\\\/03\\\/321007-tarifas-dos-eua-trazem-perdas-mas-criam-tratados-comerciais\\\/\"},\"wordCount\":905,\"commentCount\":0,\"publisher\":{\"@id\":\"http:\\\/\\\/angelboss.com.br\\\/#organization\"},\"image\":{\"@id\":\"https:\\\/\\\/angelboss.com.br\\\/2026\\\/09\\\/03\\\/321007-tarifas-dos-eua-trazem-perdas-mas-criam-tratados-comerciais\\\/#primaryimage\"},\"thumbnailUrl\":\"https:\\\/\\\/angelboss.com.br\\\/wp-content\\\/uploads\\\/2026\\\/09\\\/e0b17f98-bcd8-4026-8239-0119c0d09914.jpg\",\"keywords\":[\"AGRONEG\u00d3CIOS\",\"ECONOMIA\",\"IND\u00daSTRIAS\",\"NEG\u00d3CIOS\",\"POL\u00cdTICAS\"],\"articleSection\":[\"Not\u00edcias Corporativas\"],\"inLanguage\":\"en-US\",\"potentialAction\":[{\"@type\":\"CommentAction\",\"name\":\"Comment\",\"target\":[\"https:\\\/\\\/angelboss.com.br\\\/2026\\\/09\\\/03\\\/321007-tarifas-dos-eua-trazem-perdas-mas-criam-tratados-comerciais\\\/#respond\"]}]},{\"@type\":\"WebPage\",\"@id\":\"https:\\\/\\\/angelboss.com.br\\\/2026\\\/09\\\/03\\\/321007-tarifas-dos-eua-trazem-perdas-mas-criam-tratados-comerciais\\\/\",\"url\":\"https:\\\/\\\/angelboss.com.br\\\/2026\\\/09\\\/03\\\/321007-tarifas-dos-eua-trazem-perdas-mas-criam-tratados-comerciais\\\/\",\"name\":\"Tarifas dos EUA trazem perdas, mas criam tratados comerciais - Portal Masculino de Moda, Beleza, Luxo and Business - Angel Boss\",\"isPartOf\":{\"@id\":\"http:\\\/\\\/angelboss.com.br\\\/#website\"},\"primaryImageOfPage\":{\"@id\":\"https:\\\/\\\/angelboss.com.br\\\/2026\\\/09\\\/03\\\/321007-tarifas-dos-eua-trazem-perdas-mas-criam-tratados-comerciais\\\/#primaryimage\"},\"image\":{\"@id\":\"https:\\\/\\\/angelboss.com.br\\\/2026\\\/09\\\/03\\\/321007-tarifas-dos-eua-trazem-perdas-mas-criam-tratados-comerciais\\\/#primaryimage\"},\"thumbnailUrl\":\"https:\\\/\\\/angelboss.com.br\\\/wp-content\\\/uploads\\\/2026\\\/09\\\/e0b17f98-bcd8-4026-8239-0119c0d09914.jpg\",\"datePublished\":\"2026-09-03T00:00:00+00:00\",\"breadcrumb\":{\"@id\":\"https:\\\/\\\/angelboss.com.br\\\/2026\\\/09\\\/03\\\/321007-tarifas-dos-eua-trazem-perdas-mas-criam-tratados-comerciais\\\/#breadcrumb\"},\"inLanguage\":\"en-US\",\"potentialAction\":[{\"@type\":\"ReadAction\",\"target\":[\"https:\\\/\\\/angelboss.com.br\\\/2026\\\/09\\\/03\\\/321007-tarifas-dos-eua-trazem-perdas-mas-criam-tratados-comerciais\\\/\"]}]},{\"@type\":\"ImageObject\",\"inLanguage\":\"en-US\",\"@id\":\"https:\\\/\\\/angelboss.com.br\\\/2026\\\/09\\\/03\\\/321007-tarifas-dos-eua-trazem-perdas-mas-criam-tratados-comerciais\\\/#primaryimage\",\"url\":\"https:\\\/\\\/angelboss.com.br\\\/wp-content\\\/uploads\\\/2026\\\/09\\\/e0b17f98-bcd8-4026-8239-0119c0d09914.jpg\",\"contentUrl\":\"https:\\\/\\\/angelboss.com.br\\\/wp-content\\\/uploads\\\/2026\\\/09\\\/e0b17f98-bcd8-4026-8239-0119c0d09914.jpg\",\"width\":1200,\"height\":800,\"caption\":\"e0b17f98 bcd8 4026 8239 0119c0d09914\"},{\"@type\":\"BreadcrumbList\",\"@id\":\"https:\\\/\\\/angelboss.com.br\\\/2026\\\/09\\\/03\\\/321007-tarifas-dos-eua-trazem-perdas-mas-criam-tratados-comerciais\\\/#breadcrumb\",\"itemListElement\":[{\"@type\":\"ListItem\",\"position\":1,\"name\":\"In\u00edcio\",\"item\":\"https:\\\/\\\/angelboss.com.br\\\/\"},{\"@type\":\"ListItem\",\"position\":2,\"name\":\"Tarifas dos EUA trazem perdas, mas criam tratados comerciais\"}]},{\"@type\":\"WebSite\",\"@id\":\"http:\\\/\\\/angelboss.com.br\\\/#website\",\"url\":\"http:\\\/\\\/angelboss.com.br\\\/\",\"name\":\"Portal Masculino de Moda, Beleza, Luxo e Business - Angel Boss\",\"description\":\"O Maior Portal sobre Moda, Luxo, Beleza e Business Masculino do Brasil\",\"publisher\":{\"@id\":\"http:\\\/\\\/angelboss.com.br\\\/#organization\"},\"alternateName\":\"Maior Portal e Blog de Beleza Masculina e Luxo\",\"potentialAction\":[{\"@type\":\"SearchAction\",\"target\":{\"@type\":\"EntryPoint\",\"urlTemplate\":\"http:\\\/\\\/angelboss.com.br\\\/?s={search_term_string}\"},\"query-input\":{\"@type\":\"PropertyValueSpecification\",\"valueRequired\":true,\"valueName\":\"search_term_string\"}}],\"inLanguage\":\"en-US\"},{\"@type\":\"Organization\",\"@id\":\"http:\\\/\\\/angelboss.com.br\\\/#organization\",\"name\":\"Portal Masculino de Moda, Beleza, Luxo and Business - Angel Boss\",\"url\":\"http:\\\/\\\/angelboss.com.br\\\/\",\"logo\":{\"@type\":\"ImageObject\",\"inLanguage\":\"en-US\",\"@id\":\"http:\\\/\\\/angelboss.com.br\\\/#\\\/schema\\\/logo\\\/image\\\/\",\"url\":\"https:\\\/\\\/angelboss.com.br\\\/wp-content\\\/uploads\\\/2025\\\/12\\\/WhatsApp-Image-2025-12-11-at-12.54.26.jpeg\",\"contentUrl\":\"https:\\\/\\\/angelboss.com.br\\\/wp-content\\\/uploads\\\/2025\\\/12\\\/WhatsApp-Image-2025-12-11-at-12.54.26.jpeg\",\"width\":1280,\"height\":1280,\"caption\":\"Portal Masculino de Moda, Beleza, Luxo and Business - Angel Boss\"},\"image\":{\"@id\":\"http:\\\/\\\/angelboss.com.br\\\/#\\\/schema\\\/logo\\\/image\\\/\"}},{\"@type\":\"Person\",\"@id\":\"http:\\\/\\\/angelboss.com.br\\\/#\\\/schema\\\/person\\\/b6676b8d991f97199ef2d5b8e5c2d8a5\",\"name\":\"DINO\",\"image\":{\"@type\":\"ImageObject\",\"inLanguage\":\"en-US\",\"@id\":\"https:\\\/\\\/secure.gravatar.com\\\/avatar\\\/f29568383aedf96da155b6f87103b0e04b1c662f982055cda25086444ab33ff8?s=96&d=mm&r=g\",\"url\":\"https:\\\/\\\/secure.gravatar.com\\\/avatar\\\/f29568383aedf96da155b6f87103b0e04b1c662f982055cda25086444ab33ff8?s=96&d=mm&r=g\",\"contentUrl\":\"https:\\\/\\\/secure.gravatar.com\\\/avatar\\\/f29568383aedf96da155b6f87103b0e04b1c662f982055cda25086444ab33ff8?s=96&d=mm&r=g\",\"caption\":\"DINO\"},\"url\":\"https:\\\/\\\/angelboss.com.br\\\/en\\\/author\\\/DINO\\\/\"}]}<\/script>\n<!-- \/ Yoast SEO plugin. -->","yoast_head_json":{"title":"Tarifas dos EUA trazem perdas, mas criam tratados comerciais - Portal Masculino de Moda, Beleza, Luxo and Business - Angel Boss","robots":{"index":"index","follow":"follow","max-snippet":"max-snippet:-1","max-image-preview":"max-image-preview:large","max-video-preview":"max-video-preview:-1"},"canonical":"https:\/\/angelboss.com.br\/en\/2026\/09\/03\/321007-tarifas-dos-eua-trazem-perdas-mas-criam-tratados-comerciais\/","og_locale":"en_US","og_type":"article","og_title":"Tarifas dos EUA trazem perdas, mas criam tratados comerciais - Portal Masculino de Moda, Beleza, Luxo and Business - Angel Boss","og_description":"Pol\u00edtica protecionista de Trump levou pa\u00edses e blocos econ\u00f4micos a acelerarem o fechamento de acordos para reduzir depend\u00eancia dos Estados Unidos. Para Jos\u00e9 Maur\u00edcio Caldeira, as novas parcerias s\u00e3o positivas","og_url":"https:\/\/angelboss.com.br\/en\/2026\/09\/03\/321007-tarifas-dos-eua-trazem-perdas-mas-criam-tratados-comerciais\/","og_site_name":"Portal Masculino de Moda, Beleza, Luxo and Business - Angel Boss","article_published_time":"2026-09-03T00:00:00+00:00","og_image":[{"url":"https:\/\/api.dino.com.br\/v2\/news\/tr\/321007?partnerId=4593","type":"","width":"","height":""}],"author":"DINO","twitter_card":"summary_large_image","twitter_misc":{"Written by":"DINO","Est. reading time":"4 minutes"},"schema":{"@context":"https:\/\/schema.org","@graph":[{"@type":"Article","@id":"https:\/\/angelboss.com.br\/2026\/09\/03\/321007-tarifas-dos-eua-trazem-perdas-mas-criam-tratados-comerciais\/#article","isPartOf":{"@id":"https:\/\/angelboss.com.br\/2026\/09\/03\/321007-tarifas-dos-eua-trazem-perdas-mas-criam-tratados-comerciais\/"},"author":{"name":"DINO","@id":"http:\/\/angelboss.com.br\/#\/schema\/person\/b6676b8d991f97199ef2d5b8e5c2d8a5"},"headline":"Tarifas dos EUA trazem perdas, mas criam tratados comerciais","datePublished":"2026-09-03T00:00:00+00:00","mainEntityOfPage":{"@id":"https:\/\/angelboss.com.br\/2026\/09\/03\/321007-tarifas-dos-eua-trazem-perdas-mas-criam-tratados-comerciais\/"},"wordCount":905,"commentCount":0,"publisher":{"@id":"http:\/\/angelboss.com.br\/#organization"},"image":{"@id":"https:\/\/angelboss.com.br\/2026\/09\/03\/321007-tarifas-dos-eua-trazem-perdas-mas-criam-tratados-comerciais\/#primaryimage"},"thumbnailUrl":"https:\/\/angelboss.com.br\/wp-content\/uploads\/2026\/09\/e0b17f98-bcd8-4026-8239-0119c0d09914.jpg","keywords":["AGRONEG\u00d3CIOS","ECONOMIA","IND\u00daSTRIAS","NEG\u00d3CIOS","POL\u00cdTICAS"],"articleSection":["Not\u00edcias Corporativas"],"inLanguage":"en-US","potentialAction":[{"@type":"CommentAction","name":"Comment","target":["https:\/\/angelboss.com.br\/2026\/09\/03\/321007-tarifas-dos-eua-trazem-perdas-mas-criam-tratados-comerciais\/#respond"]}]},{"@type":"WebPage","@id":"https:\/\/angelboss.com.br\/2026\/09\/03\/321007-tarifas-dos-eua-trazem-perdas-mas-criam-tratados-comerciais\/","url":"https:\/\/angelboss.com.br\/2026\/09\/03\/321007-tarifas-dos-eua-trazem-perdas-mas-criam-tratados-comerciais\/","name":"Tarifas dos EUA trazem perdas, mas criam tratados comerciais - Portal Masculino de Moda, Beleza, Luxo and Business - Angel Boss","isPartOf":{"@id":"http:\/\/angelboss.com.br\/#website"},"primaryImageOfPage":{"@id":"https:\/\/angelboss.com.br\/2026\/09\/03\/321007-tarifas-dos-eua-trazem-perdas-mas-criam-tratados-comerciais\/#primaryimage"},"image":{"@id":"https:\/\/angelboss.com.br\/2026\/09\/03\/321007-tarifas-dos-eua-trazem-perdas-mas-criam-tratados-comerciais\/#primaryimage"},"thumbnailUrl":"https:\/\/angelboss.com.br\/wp-content\/uploads\/2026\/09\/e0b17f98-bcd8-4026-8239-0119c0d09914.jpg","datePublished":"2026-09-03T00:00:00+00:00","breadcrumb":{"@id":"https:\/\/angelboss.com.br\/2026\/09\/03\/321007-tarifas-dos-eua-trazem-perdas-mas-criam-tratados-comerciais\/#breadcrumb"},"inLanguage":"en-US","potentialAction":[{"@type":"ReadAction","target":["https:\/\/angelboss.com.br\/2026\/09\/03\/321007-tarifas-dos-eua-trazem-perdas-mas-criam-tratados-comerciais\/"]}]},{"@type":"ImageObject","inLanguage":"en-US","@id":"https:\/\/angelboss.com.br\/2026\/09\/03\/321007-tarifas-dos-eua-trazem-perdas-mas-criam-tratados-comerciais\/#primaryimage","url":"https:\/\/angelboss.com.br\/wp-content\/uploads\/2026\/09\/e0b17f98-bcd8-4026-8239-0119c0d09914.jpg","contentUrl":"https:\/\/angelboss.com.br\/wp-content\/uploads\/2026\/09\/e0b17f98-bcd8-4026-8239-0119c0d09914.jpg","width":1200,"height":800,"caption":"e0b17f98 bcd8 4026 8239 0119c0d09914"},{"@type":"BreadcrumbList","@id":"https:\/\/angelboss.com.br\/2026\/09\/03\/321007-tarifas-dos-eua-trazem-perdas-mas-criam-tratados-comerciais\/#breadcrumb","itemListElement":[{"@type":"ListItem","position":1,"name":"In\u00edcio","item":"https:\/\/angelboss.com.br\/"},{"@type":"ListItem","position":2,"name":"Tarifas dos EUA trazem perdas, mas criam tratados comerciais"}]},{"@type":"WebSite","@id":"http:\/\/angelboss.com.br\/#website","url":"http:\/\/angelboss.com.br\/","name":"Portal Masculino de Moda, Beleza, Luxo e Business - Angel Boss","description":"O Maior Portal sobre Moda, Luxo, Beleza e Business Masculino do Brasil","publisher":{"@id":"http:\/\/angelboss.com.br\/#organization"},"alternateName":"Maior Portal e Blog de Beleza Masculina e Luxo","potentialAction":[{"@type":"SearchAction","target":{"@type":"EntryPoint","urlTemplate":"http:\/\/angelboss.com.br\/?s={search_term_string}"},"query-input":{"@type":"PropertyValueSpecification","valueRequired":true,"valueName":"search_term_string"}}],"inLanguage":"en-US"},{"@type":"Organization","@id":"http:\/\/angelboss.com.br\/#organization","name":"Portal Masculino de Moda, Beleza, Luxo and Business - Angel Boss","url":"http:\/\/angelboss.com.br\/","logo":{"@type":"ImageObject","inLanguage":"en-US","@id":"http:\/\/angelboss.com.br\/#\/schema\/logo\/image\/","url":"https:\/\/angelboss.com.br\/wp-content\/uploads\/2025\/12\/WhatsApp-Image-2025-12-11-at-12.54.26.jpeg","contentUrl":"https:\/\/angelboss.com.br\/wp-content\/uploads\/2025\/12\/WhatsApp-Image-2025-12-11-at-12.54.26.jpeg","width":1280,"height":1280,"caption":"Portal Masculino de Moda, Beleza, Luxo and Business - Angel Boss"},"image":{"@id":"http:\/\/angelboss.com.br\/#\/schema\/logo\/image\/"}},{"@type":"Person","@id":"http:\/\/angelboss.com.br\/#\/schema\/person\/b6676b8d991f97199ef2d5b8e5c2d8a5","name":"DINO","image":{"@type":"ImageObject","inLanguage":"en-US","@id":"https:\/\/secure.gravatar.com\/avatar\/f29568383aedf96da155b6f87103b0e04b1c662f982055cda25086444ab33ff8?s=96&d=mm&r=g","url":"https:\/\/secure.gravatar.com\/avatar\/f29568383aedf96da155b6f87103b0e04b1c662f982055cda25086444ab33ff8?s=96&d=mm&r=g","contentUrl":"https:\/\/secure.gravatar.com\/avatar\/f29568383aedf96da155b6f87103b0e04b1c662f982055cda25086444ab33ff8?s=96&d=mm&r=g","caption":"DINO"},"url":"https:\/\/angelboss.com.br\/en\/author\/DINO\/"}]}},"amp_enabled":true,"_links":{"self":[{"href":"https:\/\/angelboss.com.br\/en\/wp-json\/wp\/v2\/posts\/35084","targetHints":{"allow":["GET"]}}],"collection":[{"href":"https:\/\/angelboss.com.br\/en\/wp-json\/wp\/v2\/posts"}],"about":[{"href":"https:\/\/angelboss.com.br\/en\/wp-json\/wp\/v2\/types\/post"}],"author":[{"embeddable":true,"href":"https:\/\/angelboss.com.br\/en\/wp-json\/wp\/v2\/users\/3"}],"replies":[{"embeddable":true,"href":"https:\/\/angelboss.com.br\/en\/wp-json\/wp\/v2\/comments?post=35084"}],"version-history":[{"count":0,"href":"https:\/\/angelboss.com.br\/en\/wp-json\/wp\/v2\/posts\/35084\/revisions"}],"wp:featuredmedia":[{"embeddable":true,"href":"https:\/\/angelboss.com.br\/en\/wp-json\/wp\/v2\/media\/35085"}],"wp:attachment":[{"href":"https:\/\/angelboss.com.br\/en\/wp-json\/wp\/v2\/media?parent=35084"}],"wp:term":[{"taxonomy":"category","embeddable":true,"href":"https:\/\/angelboss.com.br\/en\/wp-json\/wp\/v2\/categories?post=35084"},{"taxonomy":"post_tag","embeddable":true,"href":"https:\/\/angelboss.com.br\/en\/wp-json\/wp\/v2\/tags?post=35084"}],"curies":[{"name":"wp","href":"https:\/\/api.w.org\/{rel}","templated":true}]}}