{"id":35078,"date":"2026-09-03T00:00:00","date_gmt":"2026-09-03T00:00:00","guid":{"rendered":"https:\/\/angelboss.com.br\/2026\/09\/03\/336624-belkin-apresenta-o-futuro-da-energia-portatil-com-os-novos-carregadores-portateis-ultracharge-pro-com-tecnologia-de-estado-semissolido\/"},"modified":"2026-09-03T00:00:00","modified_gmt":"2026-09-03T00:00:00","slug":"336624-belkin-apresenta-o-futuro-da-energia-portatil-com-os-novos-carregadores-portateis-ultracharge-pro-com-tecnologia-de-estado-semissolido","status":"publish","type":"post","link":"https:\/\/angelboss.com.br\/en\/2026\/09\/03\/336624-belkin-apresenta-o-futuro-da-energia-portatil-com-os-novos-carregadores-portateis-ultracharge-pro-com-tecnologia-de-estado-semissolido\/","title":{"rendered":"Belkin apresenta o futuro da energia port\u00e1til com os novos carregadores port\u00e1teis UltraCharge Pro com tecnologia de estado semiss\u00f3lido"},"content":{"rendered":"<p xmlns=\"http:\/\/www.w3.org\/1999\/xhtml\">\nA <a href=\"https:\/\/cts.businesswire.com\/ct\/CT?id=smartlink&amp;url=https%3A%2F%2Fwww.belkin.com%2F&amp;esheet=54598260&amp;newsitemid=20260903168982&amp;lan=pt-BR&amp;anchor=Belkin&amp;index=1&amp;md5=064f852e90cb6bf3c22d737b1af5c41e\" rel=\"follow\" shape=\"rect\" target=\"_blank\">Belkin<\/a>, l\u00edder global no mercado de eletr\u00f4nicos de consumo h\u00e1 mais de 40 anos, anunciou hoje novas solu\u00e7\u00f5es port\u00e1teis de carregamento equipadas com tecnologia de estado semiss\u00f3lido. A linha UltraCharge Pro com BoostSolid Cell \u00e9 um dos primeiros produtos da empresa a incorporar essa tecnologia, que oferece maior durabilidade, design fino e autonomia, sem comprometer o desempenho. Os produtos ser\u00e3o apresentados pela primeira vez na IFA 2026, onde a Belkin estar\u00e1 expondo no pavilh\u00e3o 3.2, estande n.\u00ba 117.<\/p>\n<p id=\"news-body-cta\" xmlns=\"http:\/\/www.w3.org\/1999\/xhtml\">Este comunicado de imprensa inclui multim\u00e9dia. Veja o comunicado completo aqui: <a href=\"https:\/\/www.businesswire.com\/news\/home\/20260903168982\/pt\/\" rel=\"follow\" target=\"_blank\">https:\/\/www.businesswire.com\/news\/home\/20260903168982\/pt\/<\/a><\/p>\n<div id=\"bwbodyimg\" style=\"width: 480px; float:left; padding-left:0px; padding-right:20px; padding-top:0px; padding-bottom:0px;\" xmlns=\"http:\/\/www.w3.org\/1999\/xhtml\"><img decoding=\"async\" src=\"https:\/\/mms.businesswire.com\/media\/20260903168982\/pt\/2889206\/4\/BoostSolid.jpg\" alt=\"Product image showcasing the first two Belkin power banks launched with BoostSolid technology\"><\/p>\n<p style=\"font-size:85%;\">Product image showcasing the first two Belkin power banks launched with BoostSolid technology<\/p>\n<\/div>\n<p xmlns=\"http:\/\/www.w3.org\/1999\/xhtml\"><b><span class=\"bwuline\">Tecnologia de bateria de \u00faltima gera\u00e7\u00e3o para energia de maior dura\u00e7\u00e3o<\/span><\/b><\/p>\n<p xmlns=\"http:\/\/www.w3.org\/1999\/xhtml\">\nOs novos carregadores port\u00e1teis UltraCharge Pro com tecnologia BoostSolid Cell, da Belkin, s\u00e3o equipados com bateria de estado semiss\u00f3lido avan\u00e7ada, estabelecendo um novo padr\u00e3o em energia port\u00e1til. Ao contr\u00e1rio das baterias convencionais de c\u00e9lula l\u00edquida, a tecnologia BoostSolid Cell adiciona uma camada semelhante a gel ao lado do eletr\u00f3lito, permitindo um design mais fino e compacto, enquanto oferece desempenho duradouro e confi\u00e1vel. Projetado para durar at\u00e9 tr\u00eas vezes mais que outros carregadores port\u00e1teis, o UltraCharge Pro com BoostSolid Cell foi desenvolvido para proporcionar anos de uso di\u00e1rio confi\u00e1vel.*<\/p>\n<p xmlns=\"http:\/\/www.w3.org\/1999\/xhtml\">\nCom a seguran\u00e7a em primeiro lugar, sua arquitetura avan\u00e7ada ajuda a reduzir o risco de fuga t\u00e9rmica, inc\u00eandio e incha\u00e7o, mantendo um desempenho de carregamento est\u00e1vel em uma ampla faixa de opera\u00e7\u00e3o de temperatura, de 0 a 40 \u00b0C. Sensores duplos de temperatura, tanto anal\u00f3gicos quanto digitais, monitoram a bateria continuamente a cada 250 milissegundos e interrompem automaticamente a alimenta\u00e7\u00e3o caso os limites operacionais sejam excedidos. Testado rigorosamente para suportar condi\u00e7\u00f5es exigentes do mundo real, o UltraCharge Pro com BoostSolid Cell atende aos requisitos da norma de seguran\u00e7a UL2056:2025 e \u00e0s diretrizes da TSA para bagagem de m\u00e3o. Assim, oferece aos consumidores maior confian\u00e7a para carregar seus dispositivos em qualquer lugar, seja em deslocamentos di\u00e1rios ou em viagens internacionais.<\/p>\n<p xmlns=\"http:\/\/www.w3.org\/1999\/xhtml\">\nRecursos:<\/p>\n<ul class=\"bwlistdisc\" xmlns=\"http:\/\/www.w3.org\/1999\/xhtml\">\n<li>\nProjetada para oferecer uma vida \u00fatil da bateria at\u00e9 3 vezes maior<\/p>\n<\/li>\n<li>\nDesempenho est\u00e1vel de carregamento em temperaturas que variam de 0 a 40 \u00b0C<\/p>\n<\/li>\n<li>\nGerenciamento t\u00e9rmico aprimorado com dissipa\u00e7\u00e3o ativa de calor e design otimizado para expans\u00e3o das c\u00e9lulas<\/p>\n<\/li>\n<li>\nEm conformidade com as normas da TSA para bagagem de m\u00e3o, proporcionando maior seguran\u00e7a e tranquilidade nas viagens<\/p>\n<\/li>\n<li>\nEmbalada em embalagem 100% livre de pl\u00e1stico<\/p>\n<\/li>\n<li>\nCobertura do Belkin SmartProtect e da Garantia de Equipamentos Conectados<\/p>\n<\/li>\n<li>\nRigorosamente testado quanto &agrave; durabilidade e seguran\u00e7a, incluindo:<\/p>\n<ul class=\"bwlistcircle\">\n<li>\nResist\u00eancia a perfura\u00e7\u00f5es por pregos<\/p>\n<\/li>\n<li>\nExposi\u00e7\u00e3o a altas temperaturas<\/p>\n<\/li>\n<li>\nDesempenho em condi\u00e7\u00f5es de frio extremo<\/p>\n<\/li>\n<li>\nResist\u00eancia a quedas e impactos<\/p>\n<\/li>\n<li>\nTestes de vibra\u00e7\u00e3o<\/p>\n<\/li>\n<\/ul>\n<\/li>\n<\/ul>\n<p xmlns=\"http:\/\/www.w3.org\/1999\/xhtml\"><a href=\"https:\/\/cts.businesswire.com\/ct\/CT?id=smartlink&amp;url=https%3A%2F%2Fbelkin.com%2Fp%2Fslim-magnetic-power-bank-5k-with-boostsolid-cell%2FBPD024fqBK.html&amp;esheet=54598260&amp;newsitemid=20260903168982&amp;lan=pt-BR&amp;anchor=Carregador+port%26aacute%3Btil+magn%26eacute%3Btico+UltraCharge+Pro+Slim+com+c%26eacute%3Blula+BoostSolid&amp;index=2&amp;md5=f649e2a831c26aad583699ecb573b999\" rel=\"follow\" shape=\"rect\" target=\"_blank\"><b>Carregador port\u00e1til magn\u00e9tico UltraCharge Pro Slim com c\u00e9lula BoostSolid<\/b><\/a> (BPD024)<\/p>\n<p xmlns=\"http:\/\/www.w3.org\/1999\/xhtml\">\nProjetado para recargas di\u00e1rias sem esfor\u00e7o, o UltraCharge Pro 5K combina desempenho potente com um design ultrafino que cabe no bolso. Com apenas 8,8 mm de espessura e tamanho n\u00e3o maior do que um cart\u00e3o de cr\u00e9dito padr\u00e3o, ele oferece 5.000 mAh de energia port\u00e1til sem aumentar o volume. Sua conex\u00e3o magn\u00e9tica Qi2 proporciona recarga sem fio perfeita, enquanto o acabamento met\u00e1lico premium e de toque suave o torna t\u00e3o elegante quanto pr\u00e1tico.<\/p>\n<p xmlns=\"http:\/\/www.w3.org\/1999\/xhtml\">\nMais recursos:<\/p>\n<ul class=\"bwlistdisc\" xmlns=\"http:\/\/www.w3.org\/1999\/xhtml\">\n<li>\n40% mais fino do que outros carregadores port\u00e1teis de 5K***<\/p>\n<\/li>\n<li>\nCarregamento sem fio magn\u00e9tico de 15 W com certifica\u00e7\u00e3o Qi2<\/p>\n<\/li>\n<li>\nPorta USB-C de 22,5 W para carregamento com fio****<\/p>\n<\/li>\n<li>\nCarregamento pass-through (o carregador e o dispositivo conectado s\u00e3o carregados ao mesmo tempo) (7,5 W sem fio)<\/p>\n<\/li>\n<li>\nIndicador LED de status da bateria<\/p>\n<\/li>\n<li>\nCabo tran\u00e7ado USB-C para USB-C inclu\u00eddo<\/p>\n<\/li>\n<\/ul>\n<p xmlns=\"http:\/\/www.w3.org\/1999\/xhtml\">\nPre\u00e7o: 69,99 USD \/ 59,99 GBP \/ 64,99 EUR \/ 119,95 AUD \/ 249 SAR \/ 249 AED \/ 799 NOK \/ 799 SEK<br \/>\n<br \/>Cores: Preto e areia<br \/>\n<br \/>Dispon\u00edvel a partir de setembro de 2026 no site belkin.com, na Amazon e em lojas selecionadas no mundo inteiro<\/p>\n<p xmlns=\"http:\/\/www.w3.org\/1999\/xhtml\"><a href=\"https:\/\/cts.businesswire.com\/ct\/CT?id=smartlink&amp;url=https%3A%2F%2Fbelkin.com%2Fp%2Fpower-bank-10k-with-boostsolid-cell%2FBPB044fqBK.html&amp;esheet=54598260&amp;newsitemid=20260903168982&amp;lan=pt-BR&amp;anchor=Carregador+port%26aacute%3Btil+UltraCharge+Pro+com+BoostSolid+Cell+e+Display&amp;index=3&amp;md5=f39d46dd1b2f946ee7923528d11eb08d\" rel=\"follow\" shape=\"rect\" target=\"_blank\"><b>Carregador port\u00e1til UltraCharge Pro com BoostSolid Cell e Display<\/b><\/a> (BPB044)<\/p>\n<p xmlns=\"http:\/\/www.w3.org\/1999\/xhtml\">\nProjetado para usu\u00e1rios que precisam de mais energia em tr\u00e2nsito, o UltraCharge Pro 10K oferece carregamento de alta velocidade em um design 27% menor. Sua capacidade de 10.000 mAh fornece energia confi\u00e1vel para smartphones, tablets, laptops e outros dispositivos USB-C, enquanto o USB-C Power Delivery de at\u00e9 60 W pode carregar um iPhone 17 Pro at\u00e9 50% em aproximadamente 24 minutos** e recarregar totalmente o carregador port\u00e1til em apenas 2 horas. Um visor inteligente integrado fornece informa\u00e7\u00f5es em tempo real sobre a bateria, o carregamento e a temperatura, oferecendo aos usu\u00e1rios maior visibilidade e controle, independentemente de onde estejam trabalhando ou viajando.<\/p>\n<p xmlns=\"http:\/\/www.w3.org\/1999\/xhtml\">\nMais recursos:<\/p>\n<ul class=\"bwlistdisc\" xmlns=\"http:\/\/www.w3.org\/1999\/xhtml\">\n<li>\nCapacidade de 10.000 mAh em um design 27% menor*****<\/p>\n<\/li>\n<li>\nPower Delivery USB-C de at\u00e9 60 W para carregamento r\u00e1pido de laptops, tablets e smartphones<\/p>\n<\/li>\n<li>\nDuas portas USB-C (sa\u00edda de at\u00e9 60 W por porta; sa\u00edda compartilhada de at\u00e9 27 W) com entrada USB-C de 40 W para recarga mais r\u00e1pida<\/p>\n<\/li>\n<li>\nPorta USB-A com suporte para sa\u00edda de at\u00e9 22,5 W<\/p>\n<\/li>\n<li>\nCarregamento pass-through de at\u00e9 15 W<\/p>\n<\/li>\n<li>\nVisor inteligente com status da bateria em tempo real, pot\u00eancia de sa\u00edda e monitoramento t\u00e9rmico<\/p>\n<\/li>\n<li>\nCompat\u00edvel com os protocolos PD, PPS, AVS e UFCS para ajuste din\u00e2mico da pot\u00eancia<\/p>\n<\/li>\n<li>\nCabo tran\u00e7ado USB-C para USB-C inclu\u00eddo<\/p>\n<\/li>\n<\/ul>\n<p xmlns=\"http:\/\/www.w3.org\/1999\/xhtml\">\nPre\u00e7o: 89,99 USD \/ 69,99 GBP \/ 79,99 EUR \/ 149,95 AUD \/ 299 SAR \/ 299 AED \/ 740 NOK \/ 740 SEK<br \/>\n<br \/>Cores: Preto e areia<br \/>\n<br \/>Dispon\u00edvel a partir de setembro de 2026 no site belkin.com, na Amazon e em lojas selecionadas em todo o mundo<\/p>\n<p xmlns=\"http:\/\/www.w3.org\/1999\/xhtml\">\nO kit de m\u00eddia pode ser encontrado <a href=\"https:\/\/cts.businesswire.com\/ct\/CT?id=smartlink&amp;url=https%3A%2F%2Fwww.dropbox.com%2Fscl%2Ffo%2Ffmwhzz8qwrcayjpf8808n%2FANU02-JD06KYVemgT8nUyuk%3Frlkey%3Ddfey0klvkezpec2f5jyhpvtda%26st%3Dn2agy4dt%26dl%3D0&amp;esheet=54598260&amp;newsitemid=20260903168982&amp;lan=pt-BR&amp;anchor=AQUI.&amp;index=4&amp;md5=660fc8678a029631cdeba4a914f5154e\" rel=\"follow\" shape=\"rect\" target=\"_blank\">AQUI.<\/a><\/p>\n<p xmlns=\"http:\/\/www.w3.org\/1999\/xhtml\"><i>*Com base na compara\u00e7\u00e3o da vida \u00fatil em ciclos. Mant\u00e9m at\u00e9 80% da capacidade ap\u00f3s 1.000 ciclos de carregamento; a vida \u00fatil estimada de 5 anos pressup\u00f5e um ciclo completo de carga e descarga a cada dois dias. O desempenho real pode variar.<br \/>\n<br \/><\/i><i>**Com base em testes internos. Os resultados podem variar dependendo de diversos fatores.<br \/>\n<br \/><\/i><i>***A redu\u00e7\u00e3o de volume \u00e9 calculada com base na compara\u00e7\u00e3o com os carregadores port\u00e1teis Belkin da gera\u00e7\u00e3o anterior, em condi\u00e7\u00f5es semelhantes de capacidade de 5.000 mAh.<br \/>\n<br \/><\/i><i>**** Oferece 22,5 W pelo protocolo SFC e at\u00e9 20 W pelo protocolo PD.<br \/>\n<br \/><\/i><i>*****A redu\u00e7\u00e3o de volume \u00e9 calculada com base na compara\u00e7\u00e3o com um carregador port\u00e1til padr\u00e3o de 45 W, em condi\u00e7\u00f5es semelhantes de capacidade de 10.000 mAh.<\/i><\/p>\n<p xmlns=\"http:\/\/www.w3.org\/1999\/xhtml\"><b>Sobre a Belkin<\/b><\/p>\n<p xmlns=\"http:\/\/www.w3.org\/1999\/xhtml\">\nL\u00edder no mercado de acess\u00f3rios, a Belkin, sediada na Calif\u00f3rnia, oferece, h\u00e1 mais de 40 anos, produtos premiados nas \u00e1reas de energia, prote\u00e7\u00e3o, produtividade, conectividade e \u00e1udio. Com design e engenharia desenvolvidos no sul do estado e produtos comercializados em mais de cem pa\u00edses, a Belkin mant\u00e9m um compromisso constante com a pesquisa e o desenvolvimento, a comunidade, a educa\u00e7\u00e3o, a sustentabilidade e, sobretudo, com as pessoas a quem atende. Desde suas origens modestas em uma garagem no sul da Calif\u00f3rnia em 1983, a Belkin se transformou em uma empresa global e diversificada de tecnologia. Continuamos sempre inspirados pelo planeta em que vivemos e pela conex\u00e3o entre as pessoas e a tecnologia.<\/p>\n<p xmlns=\"http:\/\/www.w3.org\/1999\/xhtml\">\nO texto no idioma original deste an\u00fancio \u00e9 a vers\u00e3o oficial autorizada. As tradu\u00e7\u00f5es s\u00e3o fornecidas apenas como uma facilidade e devem se referir ao texto no idioma original, que \u00e9 a \u00fanica vers\u00e3o do texto que tem efeito legal.<\/p>\n<p xmlns=\"http:\/\/www.w3.org\/1999\/xhtml\"><img decoding=\"async\" alt=\"\" src=\"https:\/\/cts.businesswire.com\/ct\/CT?id=bwnews&amp;sty=20260903168982r1&amp;sid=brdno&amp;distro=ftp\"><span class=\"bwct31415\"><\/span><\/p>\n<p id=\"mmgallerylink\" xmlns=\"http:\/\/www.w3.org\/1999\/xhtml\"><span id=\"mmgallerylink-phrase\">Ver a vers\u00e3o original em businesswire.com: <\/span><span id=\"mmgallerylink-link\"><a href=\"https:\/\/www.businesswire.com\/news\/home\/20260903168982\/pt\/\" rel=\"follow\" target=\"_blank\">https:\/\/www.businesswire.com\/news\/home\/20260903168982\/pt\/<\/a><\/span><\/p>\n<p><b>Contato:<\/b><\/p>\n<p><b>Assessoria de Imprensa<br \/>\n<\/b><\/p>\n<p>Jen Wei\n<\/p>\n<p>Vice-presidente de Marketing Global\n<\/p>\n<p><a href=\"mailto:comms@belkin.com\" rel=\"follow\" shape=\"rect\">comms@belkin.com<\/a><\/p>\n<p><strong>Fonte: <\/strong><a href='http:\/\/www.businesswire.com\/portal\/site\/home\/' target='_blank'>BUSINESS WIRE<\/a><img src='https:\/\/api.dino.com.br\/v2\/news\/tr\/336624?partnerId=4593' alt=\"\" style=\"border:0px;width:1px;height:1px;\" \/><\/p>","protected":false},"excerpt":{"rendered":"<p>A pr\u00f3xima gera\u00e7\u00e3o de energia port\u00e1til \u00e9 lan\u00e7ada na IFA 2026, apresentando a avan\u00e7ada tecnologia BoostSolid Cell e designs ultrafinos<\/p>","protected":false},"author":3,"featured_media":0,"comment_status":"open","ping_status":"open","sticky":false,"template":"","format":"standard","meta":{"_seopress_titles_title":"","_seopress_titles_desc":"","_seopress_robots_index":"","_seopress_robots_follow":"","_seopress_robots_imageindex":"","_seopress_robots_snippet":"","_seopress_robots_primary_cat":"","_seopress_robots_breadcrumbs":"","_seopress_robots_freeze_modified_date":"","_seopress_robots_custom_modified_date":"","_seopress_robots_canonical":"","_seopress_social_fb_title":"","_seopress_social_fb_desc":"","_seopress_social_fb_img":"","_seopress_social_fb_img_attachment_id":0,"_seopress_social_fb_img_width":0,"_seopress_social_fb_img_height":0,"_seopress_social_twitter_title":"","_seopress_social_twitter_desc":"","_seopress_social_twitter_img":"","_seopress_social_twitter_img_attachment_id":0,"_seopress_social_twitter_img_width":0,"_seopress_social_twitter_img_height":0,"_seopress_redirections_value":"","_seopress_redirections_enabled":"","_seopress_redirections_enabled_regex":"","_seopress_redirections_logged_status":"","_seopress_redirections_param":"","_seopress_redirections_type":0,"_seopress_analysis_target_kw":"","page_builder":"","footnotes":""},"categories":[315],"tags":[349,336,324,323],"class_list":["post-35078","post","type-post","status-publish","format-standard","category-noticias-corporativas-dino","tag-arte","tag-atacado-e-varejo","tag-negocios","tag-tecnologia"],"yoast_head":"<!-- This site is optimized with the Yoast SEO plugin v28.4 - https:\/\/yoast.com\/product\/yoast-seo-wordpress\/ -->\n<title>Belkin apresenta o futuro da energia port\u00e1til com os novos carregadores port\u00e1teis UltraCharge Pro com tecnologia de estado semiss\u00f3lido - Portal Masculino de Moda, Beleza, Luxo and Business - Angel Boss<\/title>\n<meta name=\"robots\" content=\"index, follow, max-snippet:-1, max-image-preview:large, max-video-preview:-1\" \/>\n<link rel=\"canonical\" href=\"https:\/\/angelboss.com.br\/en\/2026\/09\/03\/336624-belkin-apresenta-o-futuro-da-energia-portatil-com-os-novos-carregadores-portateis-ultracharge-pro-com-tecnologia-de-estado-semissolido\/\" \/>\n<meta property=\"og:locale\" content=\"en_US\" \/>\n<meta property=\"og:type\" content=\"article\" \/>\n<meta property=\"og:title\" content=\"Belkin apresenta o futuro da energia port\u00e1til com os novos carregadores port\u00e1teis UltraCharge Pro com tecnologia de estado semiss\u00f3lido - Portal Masculino de Moda, Beleza, Luxo and Business - Angel Boss\" \/>\n<meta property=\"og:description\" content=\"A pr\u00f3xima gera\u00e7\u00e3o de energia port\u00e1til \u00e9 lan\u00e7ada na IFA 2026, apresentando a avan\u00e7ada tecnologia BoostSolid Cell e designs ultrafinos\" \/>\n<meta property=\"og:url\" content=\"https:\/\/angelboss.com.br\/en\/2026\/09\/03\/336624-belkin-apresenta-o-futuro-da-energia-portatil-com-os-novos-carregadores-portateis-ultracharge-pro-com-tecnologia-de-estado-semissolido\/\" \/>\n<meta property=\"og:site_name\" content=\"Portal Masculino de Moda, Beleza, Luxo and Business - Angel Boss\" \/>\n<meta property=\"article:published_time\" content=\"2026-09-03T00:00:00+00:00\" \/>\n<meta property=\"og:image\" content=\"https:\/\/mms.businesswire.com\/media\/20260903168982\/pt\/2889206\/4\/BoostSolid.jpg\" \/>\n<meta name=\"author\" content=\"DINO\" \/>\n<meta name=\"twitter:card\" content=\"summary_large_image\" \/>\n<meta name=\"twitter:label1\" content=\"Written by\" \/>\n\t<meta name=\"twitter:data1\" content=\"DINO\" \/>\n\t<meta name=\"twitter:label2\" content=\"Est. reading time\" \/>\n\t<meta name=\"twitter:data2\" content=\"6 minutes\" \/>\n<script type=\"application\/ld+json\" class=\"yoast-schema-graph\">{\"@context\":\"https:\\\/\\\/schema.org\",\"@graph\":[{\"@type\":\"Article\",\"@id\":\"https:\\\/\\\/angelboss.com.br\\\/2026\\\/09\\\/03\\\/336624-belkin-apresenta-o-futuro-da-energia-portatil-com-os-novos-carregadores-portateis-ultracharge-pro-com-tecnologia-de-estado-semissolido\\\/#article\",\"isPartOf\":{\"@id\":\"https:\\\/\\\/angelboss.com.br\\\/2026\\\/09\\\/03\\\/336624-belkin-apresenta-o-futuro-da-energia-portatil-com-os-novos-carregadores-portateis-ultracharge-pro-com-tecnologia-de-estado-semissolido\\\/\"},\"author\":{\"name\":\"DINO\",\"@id\":\"http:\\\/\\\/angelboss.com.br\\\/#\\\/schema\\\/person\\\/b6676b8d991f97199ef2d5b8e5c2d8a5\"},\"headline\":\"Belkin apresenta o futuro da energia port\u00e1til com os novos carregadores port\u00e1teis UltraCharge Pro com tecnologia de estado semiss\u00f3lido\",\"datePublished\":\"2026-09-03T00:00:00+00:00\",\"mainEntityOfPage\":{\"@id\":\"https:\\\/\\\/angelboss.com.br\\\/2026\\\/09\\\/03\\\/336624-belkin-apresenta-o-futuro-da-energia-portatil-com-os-novos-carregadores-portateis-ultracharge-pro-com-tecnologia-de-estado-semissolido\\\/\"},\"wordCount\":1276,\"commentCount\":0,\"publisher\":{\"@id\":\"http:\\\/\\\/angelboss.com.br\\\/#organization\"},\"image\":{\"@id\":\"https:\\\/\\\/angelboss.com.br\\\/2026\\\/09\\\/03\\\/336624-belkin-apresenta-o-futuro-da-energia-portatil-com-os-novos-carregadores-portateis-ultracharge-pro-com-tecnologia-de-estado-semissolido\\\/#primaryimage\"},\"thumbnailUrl\":\"https:\\\/\\\/mms.businesswire.com\\\/media\\\/20260903168982\\\/pt\\\/2889206\\\/4\\\/BoostSolid.jpg\",\"keywords\":[\"ARTE\",\"ATACADO E VAREJO\",\"NEG\u00d3CIOS\",\"TECNOLOGIA\"],\"articleSection\":[\"Not\u00edcias Corporativas\"],\"inLanguage\":\"en-US\",\"potentialAction\":[{\"@type\":\"CommentAction\",\"name\":\"Comment\",\"target\":[\"https:\\\/\\\/angelboss.com.br\\\/2026\\\/09\\\/03\\\/336624-belkin-apresenta-o-futuro-da-energia-portatil-com-os-novos-carregadores-portateis-ultracharge-pro-com-tecnologia-de-estado-semissolido\\\/#respond\"]}]},{\"@type\":\"WebPage\",\"@id\":\"https:\\\/\\\/angelboss.com.br\\\/2026\\\/09\\\/03\\\/336624-belkin-apresenta-o-futuro-da-energia-portatil-com-os-novos-carregadores-portateis-ultracharge-pro-com-tecnologia-de-estado-semissolido\\\/\",\"url\":\"https:\\\/\\\/angelboss.com.br\\\/2026\\\/09\\\/03\\\/336624-belkin-apresenta-o-futuro-da-energia-portatil-com-os-novos-carregadores-portateis-ultracharge-pro-com-tecnologia-de-estado-semissolido\\\/\",\"name\":\"Belkin apresenta o futuro da energia port\u00e1til com os novos carregadores port\u00e1teis UltraCharge Pro com tecnologia de estado semiss\u00f3lido - Portal Masculino de Moda, Beleza, Luxo and Business - Angel Boss\",\"isPartOf\":{\"@id\":\"http:\\\/\\\/angelboss.com.br\\\/#website\"},\"primaryImageOfPage\":{\"@id\":\"https:\\\/\\\/angelboss.com.br\\\/2026\\\/09\\\/03\\\/336624-belkin-apresenta-o-futuro-da-energia-portatil-com-os-novos-carregadores-portateis-ultracharge-pro-com-tecnologia-de-estado-semissolido\\\/#primaryimage\"},\"image\":{\"@id\":\"https:\\\/\\\/angelboss.com.br\\\/2026\\\/09\\\/03\\\/336624-belkin-apresenta-o-futuro-da-energia-portatil-com-os-novos-carregadores-portateis-ultracharge-pro-com-tecnologia-de-estado-semissolido\\\/#primaryimage\"},\"thumbnailUrl\":\"https:\\\/\\\/mms.businesswire.com\\\/media\\\/20260903168982\\\/pt\\\/2889206\\\/4\\\/BoostSolid.jpg\",\"datePublished\":\"2026-09-03T00:00:00+00:00\",\"breadcrumb\":{\"@id\":\"https:\\\/\\\/angelboss.com.br\\\/2026\\\/09\\\/03\\\/336624-belkin-apresenta-o-futuro-da-energia-portatil-com-os-novos-carregadores-portateis-ultracharge-pro-com-tecnologia-de-estado-semissolido\\\/#breadcrumb\"},\"inLanguage\":\"en-US\",\"potentialAction\":[{\"@type\":\"ReadAction\",\"target\":[\"https:\\\/\\\/angelboss.com.br\\\/2026\\\/09\\\/03\\\/336624-belkin-apresenta-o-futuro-da-energia-portatil-com-os-novos-carregadores-portateis-ultracharge-pro-com-tecnologia-de-estado-semissolido\\\/\"]}]},{\"@type\":\"ImageObject\",\"inLanguage\":\"en-US\",\"@id\":\"https:\\\/\\\/angelboss.com.br\\\/2026\\\/09\\\/03\\\/336624-belkin-apresenta-o-futuro-da-energia-portatil-com-os-novos-carregadores-portateis-ultracharge-pro-com-tecnologia-de-estado-semissolido\\\/#primaryimage\",\"url\":\"https:\\\/\\\/mms.businesswire.com\\\/media\\\/20260903168982\\\/pt\\\/2889206\\\/4\\\/BoostSolid.jpg\",\"contentUrl\":\"https:\\\/\\\/mms.businesswire.com\\\/media\\\/20260903168982\\\/pt\\\/2889206\\\/4\\\/BoostSolid.jpg\"},{\"@type\":\"BreadcrumbList\",\"@id\":\"https:\\\/\\\/angelboss.com.br\\\/2026\\\/09\\\/03\\\/336624-belkin-apresenta-o-futuro-da-energia-portatil-com-os-novos-carregadores-portateis-ultracharge-pro-com-tecnologia-de-estado-semissolido\\\/#breadcrumb\",\"itemListElement\":[{\"@type\":\"ListItem\",\"position\":1,\"name\":\"In\u00edcio\",\"item\":\"https:\\\/\\\/angelboss.com.br\\\/\"},{\"@type\":\"ListItem\",\"position\":2,\"name\":\"Belkin apresenta o futuro da energia port\u00e1til com os novos carregadores port\u00e1teis UltraCharge Pro com tecnologia de estado semiss\u00f3lido\"}]},{\"@type\":\"WebSite\",\"@id\":\"http:\\\/\\\/angelboss.com.br\\\/#website\",\"url\":\"http:\\\/\\\/angelboss.com.br\\\/\",\"name\":\"Portal Masculino de Moda, Beleza, Luxo e Business - Angel Boss\",\"description\":\"O Maior Portal sobre Moda, Luxo, Beleza e Business Masculino do Brasil\",\"publisher\":{\"@id\":\"http:\\\/\\\/angelboss.com.br\\\/#organization\"},\"alternateName\":\"Maior Portal e Blog de Beleza Masculina e Luxo\",\"potentialAction\":[{\"@type\":\"SearchAction\",\"target\":{\"@type\":\"EntryPoint\",\"urlTemplate\":\"http:\\\/\\\/angelboss.com.br\\\/?s={search_term_string}\"},\"query-input\":{\"@type\":\"PropertyValueSpecification\",\"valueRequired\":true,\"valueName\":\"search_term_string\"}}],\"inLanguage\":\"en-US\"},{\"@type\":\"Organization\",\"@id\":\"http:\\\/\\\/angelboss.com.br\\\/#organization\",\"name\":\"Portal Masculino de Moda, Beleza, Luxo and Business - Angel Boss\",\"url\":\"http:\\\/\\\/angelboss.com.br\\\/\",\"logo\":{\"@type\":\"ImageObject\",\"inLanguage\":\"en-US\",\"@id\":\"http:\\\/\\\/angelboss.com.br\\\/#\\\/schema\\\/logo\\\/image\\\/\",\"url\":\"https:\\\/\\\/angelboss.com.br\\\/wp-content\\\/uploads\\\/2025\\\/12\\\/WhatsApp-Image-2025-12-11-at-12.54.26.jpeg\",\"contentUrl\":\"https:\\\/\\\/angelboss.com.br\\\/wp-content\\\/uploads\\\/2025\\\/12\\\/WhatsApp-Image-2025-12-11-at-12.54.26.jpeg\",\"width\":1280,\"height\":1280,\"caption\":\"Portal Masculino de Moda, Beleza, Luxo and Business - Angel Boss\"},\"image\":{\"@id\":\"http:\\\/\\\/angelboss.com.br\\\/#\\\/schema\\\/logo\\\/image\\\/\"}},{\"@type\":\"Person\",\"@id\":\"http:\\\/\\\/angelboss.com.br\\\/#\\\/schema\\\/person\\\/b6676b8d991f97199ef2d5b8e5c2d8a5\",\"name\":\"DINO\",\"image\":{\"@type\":\"ImageObject\",\"inLanguage\":\"en-US\",\"@id\":\"https:\\\/\\\/secure.gravatar.com\\\/avatar\\\/f29568383aedf96da155b6f87103b0e04b1c662f982055cda25086444ab33ff8?s=96&d=mm&r=g\",\"url\":\"https:\\\/\\\/secure.gravatar.com\\\/avatar\\\/f29568383aedf96da155b6f87103b0e04b1c662f982055cda25086444ab33ff8?s=96&d=mm&r=g\",\"contentUrl\":\"https:\\\/\\\/secure.gravatar.com\\\/avatar\\\/f29568383aedf96da155b6f87103b0e04b1c662f982055cda25086444ab33ff8?s=96&d=mm&r=g\",\"caption\":\"DINO\"},\"url\":\"https:\\\/\\\/angelboss.com.br\\\/en\\\/author\\\/DINO\\\/\"}]}<\/script>\n<!-- \/ Yoast SEO plugin. -->","yoast_head_json":{"title":"Belkin apresenta o futuro da energia port\u00e1til com os novos carregadores port\u00e1teis UltraCharge Pro com tecnologia de estado semiss\u00f3lido - Portal Masculino de Moda, Beleza, Luxo and Business - Angel Boss","robots":{"index":"index","follow":"follow","max-snippet":"max-snippet:-1","max-image-preview":"max-image-preview:large","max-video-preview":"max-video-preview:-1"},"canonical":"https:\/\/angelboss.com.br\/en\/2026\/09\/03\/336624-belkin-apresenta-o-futuro-da-energia-portatil-com-os-novos-carregadores-portateis-ultracharge-pro-com-tecnologia-de-estado-semissolido\/","og_locale":"en_US","og_type":"article","og_title":"Belkin apresenta o futuro da energia port\u00e1til com os novos carregadores port\u00e1teis UltraCharge Pro com tecnologia de estado semiss\u00f3lido - Portal Masculino de Moda, Beleza, Luxo and Business - Angel Boss","og_description":"A pr\u00f3xima gera\u00e7\u00e3o de energia port\u00e1til \u00e9 lan\u00e7ada na IFA 2026, apresentando a avan\u00e7ada tecnologia BoostSolid Cell e designs ultrafinos","og_url":"https:\/\/angelboss.com.br\/en\/2026\/09\/03\/336624-belkin-apresenta-o-futuro-da-energia-portatil-com-os-novos-carregadores-portateis-ultracharge-pro-com-tecnologia-de-estado-semissolido\/","og_site_name":"Portal Masculino de Moda, Beleza, Luxo and Business - Angel Boss","article_published_time":"2026-09-03T00:00:00+00:00","og_image":[{"url":"https:\/\/mms.businesswire.com\/media\/20260903168982\/pt\/2889206\/4\/BoostSolid.jpg","type":"","width":"","height":""}],"author":"DINO","twitter_card":"summary_large_image","twitter_misc":{"Written by":"DINO","Est. reading time":"6 minutes"},"schema":{"@context":"https:\/\/schema.org","@graph":[{"@type":"Article","@id":"https:\/\/angelboss.com.br\/2026\/09\/03\/336624-belkin-apresenta-o-futuro-da-energia-portatil-com-os-novos-carregadores-portateis-ultracharge-pro-com-tecnologia-de-estado-semissolido\/#article","isPartOf":{"@id":"https:\/\/angelboss.com.br\/2026\/09\/03\/336624-belkin-apresenta-o-futuro-da-energia-portatil-com-os-novos-carregadores-portateis-ultracharge-pro-com-tecnologia-de-estado-semissolido\/"},"author":{"name":"DINO","@id":"http:\/\/angelboss.com.br\/#\/schema\/person\/b6676b8d991f97199ef2d5b8e5c2d8a5"},"headline":"Belkin apresenta o futuro da energia port\u00e1til com os novos carregadores port\u00e1teis UltraCharge Pro com tecnologia de estado semiss\u00f3lido","datePublished":"2026-09-03T00:00:00+00:00","mainEntityOfPage":{"@id":"https:\/\/angelboss.com.br\/2026\/09\/03\/336624-belkin-apresenta-o-futuro-da-energia-portatil-com-os-novos-carregadores-portateis-ultracharge-pro-com-tecnologia-de-estado-semissolido\/"},"wordCount":1276,"commentCount":0,"publisher":{"@id":"http:\/\/angelboss.com.br\/#organization"},"image":{"@id":"https:\/\/angelboss.com.br\/2026\/09\/03\/336624-belkin-apresenta-o-futuro-da-energia-portatil-com-os-novos-carregadores-portateis-ultracharge-pro-com-tecnologia-de-estado-semissolido\/#primaryimage"},"thumbnailUrl":"https:\/\/mms.businesswire.com\/media\/20260903168982\/pt\/2889206\/4\/BoostSolid.jpg","keywords":["ARTE","ATACADO E VAREJO","NEG\u00d3CIOS","TECNOLOGIA"],"articleSection":["Not\u00edcias Corporativas"],"inLanguage":"en-US","potentialAction":[{"@type":"CommentAction","name":"Comment","target":["https:\/\/angelboss.com.br\/2026\/09\/03\/336624-belkin-apresenta-o-futuro-da-energia-portatil-com-os-novos-carregadores-portateis-ultracharge-pro-com-tecnologia-de-estado-semissolido\/#respond"]}]},{"@type":"WebPage","@id":"https:\/\/angelboss.com.br\/2026\/09\/03\/336624-belkin-apresenta-o-futuro-da-energia-portatil-com-os-novos-carregadores-portateis-ultracharge-pro-com-tecnologia-de-estado-semissolido\/","url":"https:\/\/angelboss.com.br\/2026\/09\/03\/336624-belkin-apresenta-o-futuro-da-energia-portatil-com-os-novos-carregadores-portateis-ultracharge-pro-com-tecnologia-de-estado-semissolido\/","name":"Belkin apresenta o futuro da energia port\u00e1til com os novos carregadores port\u00e1teis UltraCharge Pro com tecnologia de estado semiss\u00f3lido - Portal Masculino de Moda, Beleza, Luxo and Business - Angel Boss","isPartOf":{"@id":"http:\/\/angelboss.com.br\/#website"},"primaryImageOfPage":{"@id":"https:\/\/angelboss.com.br\/2026\/09\/03\/336624-belkin-apresenta-o-futuro-da-energia-portatil-com-os-novos-carregadores-portateis-ultracharge-pro-com-tecnologia-de-estado-semissolido\/#primaryimage"},"image":{"@id":"https:\/\/angelboss.com.br\/2026\/09\/03\/336624-belkin-apresenta-o-futuro-da-energia-portatil-com-os-novos-carregadores-portateis-ultracharge-pro-com-tecnologia-de-estado-semissolido\/#primaryimage"},"thumbnailUrl":"https:\/\/mms.businesswire.com\/media\/20260903168982\/pt\/2889206\/4\/BoostSolid.jpg","datePublished":"2026-09-03T00:00:00+00:00","breadcrumb":{"@id":"https:\/\/angelboss.com.br\/2026\/09\/03\/336624-belkin-apresenta-o-futuro-da-energia-portatil-com-os-novos-carregadores-portateis-ultracharge-pro-com-tecnologia-de-estado-semissolido\/#breadcrumb"},"inLanguage":"en-US","potentialAction":[{"@type":"ReadAction","target":["https:\/\/angelboss.com.br\/2026\/09\/03\/336624-belkin-apresenta-o-futuro-da-energia-portatil-com-os-novos-carregadores-portateis-ultracharge-pro-com-tecnologia-de-estado-semissolido\/"]}]},{"@type":"ImageObject","inLanguage":"en-US","@id":"https:\/\/angelboss.com.br\/2026\/09\/03\/336624-belkin-apresenta-o-futuro-da-energia-portatil-com-os-novos-carregadores-portateis-ultracharge-pro-com-tecnologia-de-estado-semissolido\/#primaryimage","url":"https:\/\/mms.businesswire.com\/media\/20260903168982\/pt\/2889206\/4\/BoostSolid.jpg","contentUrl":"https:\/\/mms.businesswire.com\/media\/20260903168982\/pt\/2889206\/4\/BoostSolid.jpg"},{"@type":"BreadcrumbList","@id":"https:\/\/angelboss.com.br\/2026\/09\/03\/336624-belkin-apresenta-o-futuro-da-energia-portatil-com-os-novos-carregadores-portateis-ultracharge-pro-com-tecnologia-de-estado-semissolido\/#breadcrumb","itemListElement":[{"@type":"ListItem","position":1,"name":"In\u00edcio","item":"https:\/\/angelboss.com.br\/"},{"@type":"ListItem","position":2,"name":"Belkin apresenta o futuro da energia port\u00e1til com os novos carregadores port\u00e1teis UltraCharge Pro com tecnologia de estado semiss\u00f3lido"}]},{"@type":"WebSite","@id":"http:\/\/angelboss.com.br\/#website","url":"http:\/\/angelboss.com.br\/","name":"Portal Masculino de Moda, Beleza, Luxo e Business - Angel Boss","description":"O Maior Portal sobre Moda, Luxo, Beleza e Business Masculino do Brasil","publisher":{"@id":"http:\/\/angelboss.com.br\/#organization"},"alternateName":"Maior Portal e Blog de Beleza Masculina e Luxo","potentialAction":[{"@type":"SearchAction","target":{"@type":"EntryPoint","urlTemplate":"http:\/\/angelboss.com.br\/?s={search_term_string}"},"query-input":{"@type":"PropertyValueSpecification","valueRequired":true,"valueName":"search_term_string"}}],"inLanguage":"en-US"},{"@type":"Organization","@id":"http:\/\/angelboss.com.br\/#organization","name":"Portal Masculino de Moda, Beleza, Luxo and Business - Angel Boss","url":"http:\/\/angelboss.com.br\/","logo":{"@type":"ImageObject","inLanguage":"en-US","@id":"http:\/\/angelboss.com.br\/#\/schema\/logo\/image\/","url":"https:\/\/angelboss.com.br\/wp-content\/uploads\/2025\/12\/WhatsApp-Image-2025-12-11-at-12.54.26.jpeg","contentUrl":"https:\/\/angelboss.com.br\/wp-content\/uploads\/2025\/12\/WhatsApp-Image-2025-12-11-at-12.54.26.jpeg","width":1280,"height":1280,"caption":"Portal Masculino de Moda, Beleza, Luxo and Business - Angel Boss"},"image":{"@id":"http:\/\/angelboss.com.br\/#\/schema\/logo\/image\/"}},{"@type":"Person","@id":"http:\/\/angelboss.com.br\/#\/schema\/person\/b6676b8d991f97199ef2d5b8e5c2d8a5","name":"DINO","image":{"@type":"ImageObject","inLanguage":"en-US","@id":"https:\/\/secure.gravatar.com\/avatar\/f29568383aedf96da155b6f87103b0e04b1c662f982055cda25086444ab33ff8?s=96&d=mm&r=g","url":"https:\/\/secure.gravatar.com\/avatar\/f29568383aedf96da155b6f87103b0e04b1c662f982055cda25086444ab33ff8?s=96&d=mm&r=g","contentUrl":"https:\/\/secure.gravatar.com\/avatar\/f29568383aedf96da155b6f87103b0e04b1c662f982055cda25086444ab33ff8?s=96&d=mm&r=g","caption":"DINO"},"url":"https:\/\/angelboss.com.br\/en\/author\/DINO\/"}]}},"amp_enabled":true,"_links":{"self":[{"href":"https:\/\/angelboss.com.br\/en\/wp-json\/wp\/v2\/posts\/35078","targetHints":{"allow":["GET"]}}],"collection":[{"href":"https:\/\/angelboss.com.br\/en\/wp-json\/wp\/v2\/posts"}],"about":[{"href":"https:\/\/angelboss.com.br\/en\/wp-json\/wp\/v2\/types\/post"}],"author":[{"embeddable":true,"href":"https:\/\/angelboss.com.br\/en\/wp-json\/wp\/v2\/users\/3"}],"replies":[{"embeddable":true,"href":"https:\/\/angelboss.com.br\/en\/wp-json\/wp\/v2\/comments?post=35078"}],"version-history":[{"count":0,"href":"https:\/\/angelboss.com.br\/en\/wp-json\/wp\/v2\/posts\/35078\/revisions"}],"wp:attachment":[{"href":"https:\/\/angelboss.com.br\/en\/wp-json\/wp\/v2\/media?parent=35078"}],"wp:term":[{"taxonomy":"category","embeddable":true,"href":"https:\/\/angelboss.com.br\/en\/wp-json\/wp\/v2\/categories?post=35078"},{"taxonomy":"post_tag","embeddable":true,"href":"https:\/\/angelboss.com.br\/en\/wp-json\/wp\/v2\/tags?post=35078"}],"curies":[{"name":"wp","href":"https:\/\/api.w.org\/{rel}","templated":true}]}}