{"id":34888,"date":"2026-09-01T18:31:12","date_gmt":"2026-09-01T18:31:12","guid":{"rendered":"https:\/\/angelboss.com.br\/?p=34888"},"modified":"2026-09-01T18:31:18","modified_gmt":"2026-09-01T18:31:18","slug":"ricardo-almeida-colecao-extraordinario-verao-26-27","status":"publish","type":"post","link":"https:\/\/angelboss.com.br\/en\/2026\/09\/01\/ricardo-almeida-colecao-extraordinario-verao-26-27\/","title":{"rendered":"Ricardo Almeida lan\u00e7a cole\u00e7\u00e3o \u201cO Extraordin\u00e1rio\u201d para o Ver\u00e3o 26\/27 com foco em inova\u00e7\u00e3o t\u00eaxtil"},"content":{"rendered":"<p class=\"wp-block-paragraph\"><em>Entre a fluidez estrutural e a inova\u00e7\u00e3o t\u00eaxtil, a marca brasileira celebra a coragem de ir al\u00e9m das conven\u00e7\u00f5es por meio de detalhes inesperados e mat\u00e9rias-primas nobres.<\/em><\/p>\n\n\n\n<figure class=\"wp-block-table aligncenter\"><table class=\"has-fixed-layout\"><tbody><tr><td><img decoding=\"async\" alt=\"\" width=\"338\" src=\"https:\/\/ci3.googleusercontent.com\/meips\/ADKq_NYqVTDwNS4GRYTui8sfeMGQk52NTGZ-RV3ruhbGScwErovi6z3HQChMGs34imTtOMS5QyX66JY9XD9TH7LMR2j4qWXTGocsl0H_kHGH2_d-lFAzJD3KHqRpxXDyhuyqATAmsPIHx9L6d-Wu3425pDk_2hTxonmXzvIJmxplAZ74bic038KxN0tEmOP1H1n4x3xXbr8vUoIEeC346EETGOmLB0Rn3fzHJTmxouhOAqa6zHbH9m2vwLeMOuE19ZPXLfqXL12ZMDx0wf8w2rPWou3Yvg536_UL_lJwv7tGXG8=s0-d-e1-ft#https:\/\/s2601.imxsnd64.com\/4zYmOiZGMiNmM6InYu02bj5ycz9mYsV2ZuFGQsV2ZuF2b0Vmb6MDOygzNwAjN0EjOnVGcq5ydvxWO5QjZ0IzYjF2Y1kjM2IGN5YDZ3YTO2ImNjdTZ4IWYlZkMlIWYlZkMlYzNycDNGJTJ1ITMyITM1UTOz8VL1ETLf9VLwITLfpzN\"><\/td><\/tr><\/tbody><\/table><figcaption class=\"wp-element-caption\"><em>Foto: Divulga\u00e7\u00e3o<\/em><\/figcaption><\/figure>\n\n\n\n<p class=\"wp-block-paragraph\"> O ordin\u00e1rio nunca bastou \u00e0 alfaiataria de Ricardo Almeida. Para a temporada Ver\u00e3o 26\/27, a marca apresenta a cole\u00e7\u00e3o\u00a0<strong>\u201cO Extraordin\u00e1rio\u201d<\/strong>, uma investiga\u00e7\u00e3o sobre o movimento, a percep\u00e7\u00e3o sensorial e a constante busca pelo inating\u00edvel. A partir da premissa de que o extraordin\u00e1rio se constr\u00f3i passo a passo, a cole\u00e7\u00e3o prop\u00f5e uma est\u00e9tica na qual a leveza guia a cria\u00e7\u00e3o e o l\u00fadico transforma o olhar sobre a vestimenta masculina.<\/p>\n\n\n\n<p class=\"wp-block-paragraph\">A grande inova\u00e7\u00e3o da temporada reside no estudo rigoroso dos tecidos e na subvers\u00e3o de suas estruturas tradicionais. A marca introduz uma invers\u00e3o conceitual: tecidos nobres de alfaiataria ganham a leveza necess\u00e1ria para dar forma a camisas, enquanto tecidos de camisaria assumem a constru\u00e7\u00e3o de pe\u00e7as alfaiatadas com fluidez estrutural e caimento preciso.<\/p>\n\n\n\n<p class=\"wp-block-paragraph\">Os&nbsp;<em>blends<\/em>&nbsp;de mat\u00e9rias-primas ganham protagonismo. O linho, em sua aplica\u00e7\u00e3o mais vers\u00e1til e contempor\u00e2nea, surge entrela\u00e7ado \u00e0 seda e \u00e0 l\u00e3, ao lado de composi\u00e7\u00f5es que integram o elastano para garantir liberdade aos movimentos.<\/p>\n\n\n\n<p class=\"wp-block-paragraph\">Na silhueta, a vanguarda se manifesta na for\u00e7a dos sets desconstru\u00eddos, desenhados para se dividirem em m\u00faltiplas coordena\u00e7\u00f5es. O blazer jaquet\u00e3o retoma o centro das aten\u00e7\u00f5es ao lado das cal\u00e7as de prega, em cortes retos ou afunilados, enquanto a cal\u00e7a branca reafirma sua relev\u00e2ncia no guarda-roupa estival. A cartela de cores navega por uma base monocrom\u00e1tica de areias, beges e cinzas, desdobrando-se em nuances de lil\u00e1s, tons frios, alaranjados, a vastid\u00e3o dos azuis e m\u00faltiplos verdes.<\/p>\n\n\n\n<figure class=\"wp-block-table aligncenter\"><table class=\"has-fixed-layout\"><tbody><tr><td><img decoding=\"async\" alt=\"\" width=\"338\" src=\"https:\/\/ci3.googleusercontent.com\/meips\/ADKq_NYJVDqLU9VAU6OX6kAqT__VLP0gbPSzXfnRl8a9T0SV8w_mmtuAXRo40L2hUwN3Ly2OffyW95zdR8C9w_90hcJJgwqgRIkAhGKC3EF_BTZAgyU81vzo1XkjzS0vpkzVSbJemXz847iXQvOGa5vdm8Rrnw_Lkb4yYWhbCn_XUrTgvW0-2jykondioEQcZcL_UNCCHoVtWxBGCE1QGGaS6yd5GSkCH8Gj_4eT8Tw4LI0RY6SMRd4kVTTuptRtqwW27pZYJeSGMGPVwVdcjSiIK9B6mxoUBsdb0I73pFjyfLs=s0-d-e1-ft#https:\/\/s2601.imxsnd64.com\/0zYmOkJDMkRzN6InYu02bj5ycz9mYsV2ZuFGQsV2ZuF2b0Vmb6MDOygzNwAjN0EjOnVGcq5ydvxGO3YWOlZzY5ADNzMjMxADNldDZzQGMjNWOyIWNhVDM1YkMlUDM1YkMlYzNycDNGJTJ1ITMyITM1UTOz8VL1ETLf9VLwITLfpDN\"><\/td><\/tr><\/tbody><\/table><\/figure>\n\n\n\n<figure class=\"wp-block-table aligncenter\"><table class=\"has-fixed-layout\"><tbody><tr><td><img decoding=\"async\" alt=\"\" width=\"339\" src=\"https:\/\/ci3.googleusercontent.com\/meips\/ADKq_Nb0AJvTT1c35yRZT5KrvvAggnBYFA7vNwndGfl1gq9P_IUEd1JIlOUQBbYkJ7jYITHk0z-jdh4A529UnvDM4dgnqR_OHwTqFcllDf82cZYuL1FOwAaxCmygPCjjYOrO6pw_NQcJYmFBMdszHdAlldsAnAjtHp_pwmnpY_iZ2EMQfl7WzMOJX4ikrGPl3GgdDEpEHPkNwGjEmf5Qtz55KquP2pcNbP1nC_vf7HCWgh0WAG35Xhzh2rhM2dXZdWdkhgtQuBwjeY-7gOu3C48JmKqm5xf0ovcOk1PNHIwaLi8=s0-d-e1-ft#https:\/\/s2601.imxsnd64.com\/2zYmO1EDM0IGO6InYu02bj5ycz9mYsV2ZuFGQsV2ZuF2b0Vmb6MDOygzNwAjN0EjOnVGcq5ydvxGN0cTY4Q2N3kTOiJDZ4U2NiRTZ2ADOldTMyImZiBTOkZkMlATOkZkMlYzNycDNGJTJ1ITMyITM1UTOz8VL1ETLf9VLwITLfpTN\"><\/td><\/tr><\/tbody><\/table><\/figure>\n\n\n\n<p class=\"wp-block-paragraph\">Nos acess\u00f3rios, o acabamento artesanal se traduz em babuches de camur\u00e7a e cintos em tress\u00ea, detalhes que ancoram a cole\u00e7\u00e3o em uma sofistica\u00e7\u00e3o despretensiosa.<\/p>\n\n\n\n<figure class=\"wp-block-table aligncenter\"><table class=\"has-fixed-layout\"><tbody><tr><td><img decoding=\"async\" alt=\"\" width=\"338\" src=\"https:\/\/ci3.googleusercontent.com\/meips\/ADKq_NY3a6KnvJ0dlW30vMKVwQFmHAqL0jHppi2WVl9dvF1oxu4RN4cutRcJBuJf5CWeiMfWPjQpSMcGUmW1h7oAHwHSZSrgKyWn5hJ2XCtq1JxWEnvrd7tGU3ZSqlZxWbQDnWqgLiHt9gK3jLP2SpxKl3QMX6z1schG2LBNkJMrR4b4Z5hP6JRple_Nw1Kxa89uxHPOk2thOeTArfTERZj_a4elNzhHDEm2aizeepFxxvvLFmGuu1PvhuAApoHhYqc3nozAZWWTmlW67Z2UjbTD_IEfrwa1F0p8dFE5hzVCb3w=s0-d-e1-ft#https:\/\/s2601.imxsnd64.com\/8zYmOhZjMkNmM6InYu02bj5ycz9mYsV2ZuFGQsV2ZuF2b0Vmb6MDOygzNwAjN0EjOnVGcq5ydvxGO5IjN0IWOmlTO4YjZzIDM4EGZhJDOmlzMwQGOlJTM3YkMlITM3YkMlYzNycDNGJTJ1ITMyITM1UTOz8VL1ETLf9VLwITLfpTN\"><\/td><\/tr><\/tbody><\/table><\/figure>\n\n\n\n<p class=\"wp-block-paragraph\">Assim a Ricardo Almeida reafirma sua capacidade de traduzir o tempo presente em pe\u00e7as atemporais. &#8220;O Extraordin\u00e1rio&#8221; \u00e9 a s\u00edntese de uma marca que n\u00e3o busca apenas vestir, mas criar mem\u00f3rias e sensa\u00e7\u00f5es que ainda n\u00e3o existiam.<\/p>\n\n\n\n<p class=\"wp-block-paragraph\">As pe\u00e7as estar\u00e3o dispon\u00edveis, a partir de 1 de setembro, nas lojas f\u00edsicas da marca em todo o Brasil. Acompanhe as redes sociais para mais detalhes, em @ricardoalmeidaoficial.<\/p>\n\n\n\n<p class=\"wp-block-paragraph\"><\/p>","protected":false},"excerpt":{"rendered":"<p>Entre a fluidez estrutural e a inova\u00e7\u00e3o t\u00eaxtil, a marca brasileira celebra a coragem de ir al\u00e9m das conven\u00e7\u00f5es por meio de detalhes inesperados e mat\u00e9rias-primas nobres. Foto: Divulga\u00e7\u00e3o O ordin\u00e1rio nunca bastou \u00e0 alfaiataria de Ricardo Almeida. Para a temporada Ver\u00e3o 26\/27, a marca apresenta a cole\u00e7\u00e3o\u00a0\u201cO Extraordin\u00e1rio\u201d, uma investiga\u00e7\u00e3o sobre o movimento, a<\/p>","protected":false},"author":2,"featured_media":34890,"comment_status":"open","ping_status":"open","sticky":false,"template":"","format":"standard","meta":{"_seopress_titles_title":"","_seopress_titles_desc":"","_seopress_robots_index":"","_seopress_robots_follow":"","_seopress_robots_imageindex":"","_seopress_robots_snippet":"","_seopress_robots_primary_cat":"308","_seopress_robots_breadcrumbs":"","_seopress_robots_freeze_modified_date":"","_seopress_robots_custom_modified_date":"","_seopress_robots_canonical":"","_seopress_social_fb_title":"","_seopress_social_fb_desc":"","_seopress_social_fb_img":"","_seopress_social_fb_img_attachment_id":0,"_seopress_social_fb_img_width":0,"_seopress_social_fb_img_height":0,"_seopress_social_twitter_title":"","_seopress_social_twitter_desc":"","_seopress_social_twitter_img":"","_seopress_social_twitter_img_attachment_id":0,"_seopress_social_twitter_img_width":0,"_seopress_social_twitter_img_height":0,"_seopress_redirections_value":"","_seopress_redirections_enabled":"","_seopress_redirections_enabled_regex":"","_seopress_redirections_logged_status":"","_seopress_redirections_param":"","_seopress_redirections_type":0,"_seopress_analysis_target_kw":"","page_builder":"","footnotes":""},"categories":[162,3050,151,609,2312,157,308],"tags":[7053,7054,2735],"class_list":["post-34888","post","type-post","status-publish","format-standard","has-post-thumbnail","category-beleza-e-bem-estar","category-branding","category-man","category-moda","category-moda-masculina","category-negocios-e-empreendedorismo","category-noticias","tag-o-extraordinario","tag-colecao-de-alfaiataria","tag-ricardo-almeida"],"yoast_head":"<!-- This site is optimized with the Yoast SEO plugin v28.3 - https:\/\/yoast.com\/product\/yoast-seo-wordpress\/ -->\n<title>Ricardo Almeida lan\u00e7a cole\u00e7\u00e3o de alfaiataria &quot;O Extraordin\u00e1rio&quot;<\/title>\n<meta name=\"description\" content=\"Ricardo Almeida apresenta a cole\u00e7\u00e3o O Extraordin\u00e1rio para o Ver\u00e3o 26\/27. Descubra as novidades em inova\u00e7\u00e3o t\u00eaxtil, alfaiataria fluida e tecidos nobres.\" \/>\n<meta name=\"robots\" content=\"index, follow, max-snippet:-1, max-image-preview:large, max-video-preview:-1\" \/>\n<link rel=\"canonical\" href=\"https:\/\/angelboss.com.br\/en\/2026\/09\/01\/ricardo-almeida-colecao-extraordinario-verao-26-27\/\" \/>\n<meta property=\"og:locale\" content=\"en_US\" \/>\n<meta property=\"og:type\" content=\"article\" \/>\n<meta property=\"og:title\" content=\"Ricardo Almeida lan\u00e7a cole\u00e7\u00e3o de alfaiataria &quot;O Extraordin\u00e1rio&quot;\" \/>\n<meta property=\"og:description\" content=\"Ricardo Almeida apresenta a cole\u00e7\u00e3o O Extraordin\u00e1rio para o Ver\u00e3o 26\/27. Descubra as novidades em inova\u00e7\u00e3o t\u00eaxtil, alfaiataria fluida e tecidos nobres.\" \/>\n<meta property=\"og:url\" content=\"https:\/\/angelboss.com.br\/en\/2026\/09\/01\/ricardo-almeida-colecao-extraordinario-verao-26-27\/\" \/>\n<meta property=\"og:site_name\" content=\"Portal Masculino de Moda, Beleza, Luxo and Business - Angel Boss\" \/>\n<meta property=\"article:published_time\" content=\"2026-09-01T18:31:12+00:00\" \/>\n<meta property=\"article:modified_time\" content=\"2026-09-01T18:31:18+00:00\" \/>\n<meta property=\"og:image\" content=\"http:\/\/angelboss.com.br\/wp-content\/uploads\/2026\/09\/unnamed-2026-09-01t152906.519.jpg\" \/>\n\t<meta property=\"og:image:width\" content=\"499\" \/>\n\t<meta property=\"og:image:height\" content=\"520\" \/>\n\t<meta property=\"og:image:type\" content=\"image\/jpeg\" \/>\n<meta name=\"author\" content=\"Neto Angel Boss\" \/>\n<meta name=\"twitter:card\" content=\"summary_large_image\" \/>\n<meta name=\"twitter:label1\" content=\"Written by\" \/>\n\t<meta name=\"twitter:data1\" content=\"Neto Angel Boss\" \/>\n\t<meta name=\"twitter:label2\" content=\"Est. reading time\" \/>\n\t<meta name=\"twitter:data2\" content=\"3 minutes\" \/>\n<script type=\"application\/ld+json\" class=\"yoast-schema-graph\">{\"@context\":\"https:\\\/\\\/schema.org\",\"@graph\":[{\"@type\":\"Article\",\"@id\":\"https:\\\/\\\/angelboss.com.br\\\/2026\\\/09\\\/01\\\/ricardo-almeida-colecao-extraordinario-verao-26-27\\\/#article\",\"isPartOf\":{\"@id\":\"https:\\\/\\\/angelboss.com.br\\\/2026\\\/09\\\/01\\\/ricardo-almeida-colecao-extraordinario-verao-26-27\\\/\"},\"author\":{\"name\":\"Neto Angel Boss\",\"@id\":\"http:\\\/\\\/angelboss.com.br\\\/#\\\/schema\\\/person\\\/af084936b46cf2e03f299183e429e350\"},\"headline\":\"Ricardo Almeida lan\u00e7a cole\u00e7\u00e3o \u201cO Extraordin\u00e1rio\u201d para o Ver\u00e3o 26\\\/27 com foco em inova\u00e7\u00e3o t\u00eaxtil\",\"datePublished\":\"2026-09-01T18:31:12+00:00\",\"dateModified\":\"2026-09-01T18:31:18+00:00\",\"mainEntityOfPage\":{\"@id\":\"https:\\\/\\\/angelboss.com.br\\\/2026\\\/09\\\/01\\\/ricardo-almeida-colecao-extraordinario-verao-26-27\\\/\"},\"wordCount\":428,\"commentCount\":0,\"publisher\":{\"@id\":\"http:\\\/\\\/angelboss.com.br\\\/#organization\"},\"image\":{\"@id\":\"https:\\\/\\\/angelboss.com.br\\\/2026\\\/09\\\/01\\\/ricardo-almeida-colecao-extraordinario-verao-26-27\\\/#primaryimage\"},\"thumbnailUrl\":\"https:\\\/\\\/angelboss.com.br\\\/wp-content\\\/uploads\\\/2026\\\/09\\\/unnamed-2026-09-01t152906.519.jpg\",\"keywords\":[\"\\\"O Extraordin\u00e1rio\\\"\",\"cole\u00e7\u00e3o de alfaiataria\",\"Ricardo Almeida\"],\"articleSection\":[\"BELEZA E BEM-ESTAR\",\"branding\",\"MAN\",\"MODA\",\"moda masculina\",\"NEG\u00d3CIOS E EMPREENDEDORISMO\",\"Not\u00edcias\"],\"inLanguage\":\"en-US\",\"potentialAction\":[{\"@type\":\"CommentAction\",\"name\":\"Comment\",\"target\":[\"https:\\\/\\\/angelboss.com.br\\\/2026\\\/09\\\/01\\\/ricardo-almeida-colecao-extraordinario-verao-26-27\\\/#respond\"]}]},{\"@type\":\"WebPage\",\"@id\":\"https:\\\/\\\/angelboss.com.br\\\/2026\\\/09\\\/01\\\/ricardo-almeida-colecao-extraordinario-verao-26-27\\\/\",\"url\":\"https:\\\/\\\/angelboss.com.br\\\/2026\\\/09\\\/01\\\/ricardo-almeida-colecao-extraordinario-verao-26-27\\\/\",\"name\":\"Ricardo Almeida lan\u00e7a cole\u00e7\u00e3o de alfaiataria \\\"O Extraordin\u00e1rio\\\"\",\"isPartOf\":{\"@id\":\"http:\\\/\\\/angelboss.com.br\\\/#website\"},\"primaryImageOfPage\":{\"@id\":\"https:\\\/\\\/angelboss.com.br\\\/2026\\\/09\\\/01\\\/ricardo-almeida-colecao-extraordinario-verao-26-27\\\/#primaryimage\"},\"image\":{\"@id\":\"https:\\\/\\\/angelboss.com.br\\\/2026\\\/09\\\/01\\\/ricardo-almeida-colecao-extraordinario-verao-26-27\\\/#primaryimage\"},\"thumbnailUrl\":\"https:\\\/\\\/angelboss.com.br\\\/wp-content\\\/uploads\\\/2026\\\/09\\\/unnamed-2026-09-01t152906.519.jpg\",\"datePublished\":\"2026-09-01T18:31:12+00:00\",\"dateModified\":\"2026-09-01T18:31:18+00:00\",\"description\":\"Ricardo Almeida apresenta a cole\u00e7\u00e3o O Extraordin\u00e1rio para o Ver\u00e3o 26\\\/27. Descubra as novidades em inova\u00e7\u00e3o t\u00eaxtil, alfaiataria fluida e tecidos nobres.\",\"breadcrumb\":{\"@id\":\"https:\\\/\\\/angelboss.com.br\\\/2026\\\/09\\\/01\\\/ricardo-almeida-colecao-extraordinario-verao-26-27\\\/#breadcrumb\"},\"inLanguage\":\"en-US\",\"potentialAction\":[{\"@type\":\"ReadAction\",\"target\":[\"https:\\\/\\\/angelboss.com.br\\\/2026\\\/09\\\/01\\\/ricardo-almeida-colecao-extraordinario-verao-26-27\\\/\"]}]},{\"@type\":\"ImageObject\",\"inLanguage\":\"en-US\",\"@id\":\"https:\\\/\\\/angelboss.com.br\\\/2026\\\/09\\\/01\\\/ricardo-almeida-colecao-extraordinario-verao-26-27\\\/#primaryimage\",\"url\":\"https:\\\/\\\/angelboss.com.br\\\/wp-content\\\/uploads\\\/2026\\\/09\\\/unnamed-2026-09-01t152906.519.jpg\",\"contentUrl\":\"https:\\\/\\\/angelboss.com.br\\\/wp-content\\\/uploads\\\/2026\\\/09\\\/unnamed-2026-09-01t152906.519.jpg\",\"width\":499,\"height\":520,\"caption\":\"Imagem\\\/Divulga\u00e7\u00e3o\"},{\"@type\":\"BreadcrumbList\",\"@id\":\"https:\\\/\\\/angelboss.com.br\\\/2026\\\/09\\\/01\\\/ricardo-almeida-colecao-extraordinario-verao-26-27\\\/#breadcrumb\",\"itemListElement\":[{\"@type\":\"ListItem\",\"position\":1,\"name\":\"In\u00edcio\",\"item\":\"http:\\\/\\\/angelboss.com.br\\\/\"},{\"@type\":\"ListItem\",\"position\":2,\"name\":\"Ricardo Almeida lan\u00e7a cole\u00e7\u00e3o \u201cO Extraordin\u00e1rio\u201d para o Ver\u00e3o 26\\\/27 com foco em inova\u00e7\u00e3o t\u00eaxtil\"}]},{\"@type\":\"WebSite\",\"@id\":\"http:\\\/\\\/angelboss.com.br\\\/#website\",\"url\":\"http:\\\/\\\/angelboss.com.br\\\/\",\"name\":\"Portal Masculino de Moda, Beleza, Luxo e Business - Angel Boss\",\"description\":\"O Maior Portal sobre Moda, Luxo, Beleza e Business Masculino do Brasil\",\"publisher\":{\"@id\":\"http:\\\/\\\/angelboss.com.br\\\/#organization\"},\"alternateName\":\"Maior Portal e Blog de Beleza Masculina e Luxo\",\"potentialAction\":[{\"@type\":\"SearchAction\",\"target\":{\"@type\":\"EntryPoint\",\"urlTemplate\":\"http:\\\/\\\/angelboss.com.br\\\/?s={search_term_string}\"},\"query-input\":{\"@type\":\"PropertyValueSpecification\",\"valueRequired\":true,\"valueName\":\"search_term_string\"}}],\"inLanguage\":\"en-US\"},{\"@type\":\"Organization\",\"@id\":\"http:\\\/\\\/angelboss.com.br\\\/#organization\",\"name\":\"Portal Masculino de Moda, Beleza, Luxo and Business - Angel Boss\",\"url\":\"http:\\\/\\\/angelboss.com.br\\\/\",\"logo\":{\"@type\":\"ImageObject\",\"inLanguage\":\"en-US\",\"@id\":\"http:\\\/\\\/angelboss.com.br\\\/#\\\/schema\\\/logo\\\/image\\\/\",\"url\":\"https:\\\/\\\/angelboss.com.br\\\/wp-content\\\/uploads\\\/2025\\\/12\\\/WhatsApp-Image-2025-12-11-at-12.54.26.jpeg\",\"contentUrl\":\"https:\\\/\\\/angelboss.com.br\\\/wp-content\\\/uploads\\\/2025\\\/12\\\/WhatsApp-Image-2025-12-11-at-12.54.26.jpeg\",\"width\":1280,\"height\":1280,\"caption\":\"Portal Masculino de Moda, Beleza, Luxo and Business - Angel Boss\"},\"image\":{\"@id\":\"http:\\\/\\\/angelboss.com.br\\\/#\\\/schema\\\/logo\\\/image\\\/\"}},{\"@type\":\"Person\",\"@id\":\"http:\\\/\\\/angelboss.com.br\\\/#\\\/schema\\\/person\\\/af084936b46cf2e03f299183e429e350\",\"name\":\"Neto Angel Boss\",\"image\":{\"@type\":\"ImageObject\",\"inLanguage\":\"en-US\",\"@id\":\"https:\\\/\\\/secure.gravatar.com\\\/avatar\\\/dbb38b2050e5181e32afbccf458635967af0767d15abe8168b35ebbd97907289?s=96&d=mm&r=g\",\"url\":\"https:\\\/\\\/secure.gravatar.com\\\/avatar\\\/dbb38b2050e5181e32afbccf458635967af0767d15abe8168b35ebbd97907289?s=96&d=mm&r=g\",\"contentUrl\":\"https:\\\/\\\/secure.gravatar.com\\\/avatar\\\/dbb38b2050e5181e32afbccf458635967af0767d15abe8168b35ebbd97907289?s=96&d=mm&r=g\",\"caption\":\"Neto Angel Boss\"},\"sameAs\":[\"http:\\\/\\\/www.angelboss.com\"],\"url\":\"https:\\\/\\\/angelboss.com.br\\\/en\\\/author\\\/netoangelboss\\\/\"}]}<\/script>\n<!-- \/ Yoast SEO plugin. -->","yoast_head_json":{"title":"Ricardo Almeida lan\u00e7a cole\u00e7\u00e3o de alfaiataria \"O Extraordin\u00e1rio\"","description":"Ricardo Almeida apresenta a cole\u00e7\u00e3o O Extraordin\u00e1rio para o Ver\u00e3o 26\/27. Descubra as novidades em inova\u00e7\u00e3o t\u00eaxtil, alfaiataria fluida e tecidos nobres.","robots":{"index":"index","follow":"follow","max-snippet":"max-snippet:-1","max-image-preview":"max-image-preview:large","max-video-preview":"max-video-preview:-1"},"canonical":"https:\/\/angelboss.com.br\/en\/2026\/09\/01\/ricardo-almeida-colecao-extraordinario-verao-26-27\/","og_locale":"en_US","og_type":"article","og_title":"Ricardo Almeida lan\u00e7a cole\u00e7\u00e3o de alfaiataria \"O Extraordin\u00e1rio\"","og_description":"Ricardo Almeida apresenta a cole\u00e7\u00e3o O Extraordin\u00e1rio para o Ver\u00e3o 26\/27. Descubra as novidades em inova\u00e7\u00e3o t\u00eaxtil, alfaiataria fluida e tecidos nobres.","og_url":"https:\/\/angelboss.com.br\/en\/2026\/09\/01\/ricardo-almeida-colecao-extraordinario-verao-26-27\/","og_site_name":"Portal Masculino de Moda, Beleza, Luxo and Business - Angel Boss","article_published_time":"2026-09-01T18:31:12+00:00","article_modified_time":"2026-09-01T18:31:18+00:00","og_image":[{"width":499,"height":520,"url":"http:\/\/angelboss.com.br\/wp-content\/uploads\/2026\/09\/unnamed-2026-09-01t152906.519.jpg","type":"image\/jpeg"}],"author":"Neto Angel Boss","twitter_card":"summary_large_image","twitter_misc":{"Written by":"Neto Angel Boss","Est. reading time":"3 minutes"},"schema":{"@context":"https:\/\/schema.org","@graph":[{"@type":"Article","@id":"https:\/\/angelboss.com.br\/2026\/09\/01\/ricardo-almeida-colecao-extraordinario-verao-26-27\/#article","isPartOf":{"@id":"https:\/\/angelboss.com.br\/2026\/09\/01\/ricardo-almeida-colecao-extraordinario-verao-26-27\/"},"author":{"name":"Neto Angel Boss","@id":"http:\/\/angelboss.com.br\/#\/schema\/person\/af084936b46cf2e03f299183e429e350"},"headline":"Ricardo Almeida lan\u00e7a cole\u00e7\u00e3o \u201cO Extraordin\u00e1rio\u201d para o Ver\u00e3o 26\/27 com foco em inova\u00e7\u00e3o t\u00eaxtil","datePublished":"2026-09-01T18:31:12+00:00","dateModified":"2026-09-01T18:31:18+00:00","mainEntityOfPage":{"@id":"https:\/\/angelboss.com.br\/2026\/09\/01\/ricardo-almeida-colecao-extraordinario-verao-26-27\/"},"wordCount":428,"commentCount":0,"publisher":{"@id":"http:\/\/angelboss.com.br\/#organization"},"image":{"@id":"https:\/\/angelboss.com.br\/2026\/09\/01\/ricardo-almeida-colecao-extraordinario-verao-26-27\/#primaryimage"},"thumbnailUrl":"https:\/\/angelboss.com.br\/wp-content\/uploads\/2026\/09\/unnamed-2026-09-01t152906.519.jpg","keywords":["\"O Extraordin\u00e1rio\"","cole\u00e7\u00e3o de alfaiataria","Ricardo Almeida"],"articleSection":["BELEZA E BEM-ESTAR","branding","MAN","MODA","moda masculina","NEG\u00d3CIOS E EMPREENDEDORISMO","Not\u00edcias"],"inLanguage":"en-US","potentialAction":[{"@type":"CommentAction","name":"Comment","target":["https:\/\/angelboss.com.br\/2026\/09\/01\/ricardo-almeida-colecao-extraordinario-verao-26-27\/#respond"]}]},{"@type":"WebPage","@id":"https:\/\/angelboss.com.br\/2026\/09\/01\/ricardo-almeida-colecao-extraordinario-verao-26-27\/","url":"https:\/\/angelboss.com.br\/2026\/09\/01\/ricardo-almeida-colecao-extraordinario-verao-26-27\/","name":"Ricardo Almeida lan\u00e7a cole\u00e7\u00e3o de alfaiataria \"O Extraordin\u00e1rio\"","isPartOf":{"@id":"http:\/\/angelboss.com.br\/#website"},"primaryImageOfPage":{"@id":"https:\/\/angelboss.com.br\/2026\/09\/01\/ricardo-almeida-colecao-extraordinario-verao-26-27\/#primaryimage"},"image":{"@id":"https:\/\/angelboss.com.br\/2026\/09\/01\/ricardo-almeida-colecao-extraordinario-verao-26-27\/#primaryimage"},"thumbnailUrl":"https:\/\/angelboss.com.br\/wp-content\/uploads\/2026\/09\/unnamed-2026-09-01t152906.519.jpg","datePublished":"2026-09-01T18:31:12+00:00","dateModified":"2026-09-01T18:31:18+00:00","description":"Ricardo Almeida apresenta a cole\u00e7\u00e3o O Extraordin\u00e1rio para o Ver\u00e3o 26\/27. Descubra as novidades em inova\u00e7\u00e3o t\u00eaxtil, alfaiataria fluida e tecidos nobres.","breadcrumb":{"@id":"https:\/\/angelboss.com.br\/2026\/09\/01\/ricardo-almeida-colecao-extraordinario-verao-26-27\/#breadcrumb"},"inLanguage":"en-US","potentialAction":[{"@type":"ReadAction","target":["https:\/\/angelboss.com.br\/2026\/09\/01\/ricardo-almeida-colecao-extraordinario-verao-26-27\/"]}]},{"@type":"ImageObject","inLanguage":"en-US","@id":"https:\/\/angelboss.com.br\/2026\/09\/01\/ricardo-almeida-colecao-extraordinario-verao-26-27\/#primaryimage","url":"https:\/\/angelboss.com.br\/wp-content\/uploads\/2026\/09\/unnamed-2026-09-01t152906.519.jpg","contentUrl":"https:\/\/angelboss.com.br\/wp-content\/uploads\/2026\/09\/unnamed-2026-09-01t152906.519.jpg","width":499,"height":520,"caption":"Imagem\/Divulga\u00e7\u00e3o"},{"@type":"BreadcrumbList","@id":"https:\/\/angelboss.com.br\/2026\/09\/01\/ricardo-almeida-colecao-extraordinario-verao-26-27\/#breadcrumb","itemListElement":[{"@type":"ListItem","position":1,"name":"In\u00edcio","item":"http:\/\/angelboss.com.br\/"},{"@type":"ListItem","position":2,"name":"Ricardo Almeida lan\u00e7a cole\u00e7\u00e3o \u201cO Extraordin\u00e1rio\u201d para o Ver\u00e3o 26\/27 com foco em inova\u00e7\u00e3o t\u00eaxtil"}]},{"@type":"WebSite","@id":"http:\/\/angelboss.com.br\/#website","url":"http:\/\/angelboss.com.br\/","name":"Portal Masculino de Moda, Beleza, Luxo e Business - Angel Boss","description":"O Maior Portal sobre Moda, Luxo, Beleza e Business Masculino do Brasil","publisher":{"@id":"http:\/\/angelboss.com.br\/#organization"},"alternateName":"Maior Portal e Blog de Beleza Masculina e Luxo","potentialAction":[{"@type":"SearchAction","target":{"@type":"EntryPoint","urlTemplate":"http:\/\/angelboss.com.br\/?s={search_term_string}"},"query-input":{"@type":"PropertyValueSpecification","valueRequired":true,"valueName":"search_term_string"}}],"inLanguage":"en-US"},{"@type":"Organization","@id":"http:\/\/angelboss.com.br\/#organization","name":"Portal Masculino de Moda, Beleza, Luxo and Business - Angel Boss","url":"http:\/\/angelboss.com.br\/","logo":{"@type":"ImageObject","inLanguage":"en-US","@id":"http:\/\/angelboss.com.br\/#\/schema\/logo\/image\/","url":"https:\/\/angelboss.com.br\/wp-content\/uploads\/2025\/12\/WhatsApp-Image-2025-12-11-at-12.54.26.jpeg","contentUrl":"https:\/\/angelboss.com.br\/wp-content\/uploads\/2025\/12\/WhatsApp-Image-2025-12-11-at-12.54.26.jpeg","width":1280,"height":1280,"caption":"Portal Masculino de Moda, Beleza, Luxo and Business - Angel Boss"},"image":{"@id":"http:\/\/angelboss.com.br\/#\/schema\/logo\/image\/"}},{"@type":"Person","@id":"http:\/\/angelboss.com.br\/#\/schema\/person\/af084936b46cf2e03f299183e429e350","name":"Neto Angel Boss","image":{"@type":"ImageObject","inLanguage":"en-US","@id":"https:\/\/secure.gravatar.com\/avatar\/dbb38b2050e5181e32afbccf458635967af0767d15abe8168b35ebbd97907289?s=96&d=mm&r=g","url":"https:\/\/secure.gravatar.com\/avatar\/dbb38b2050e5181e32afbccf458635967af0767d15abe8168b35ebbd97907289?s=96&d=mm&r=g","contentUrl":"https:\/\/secure.gravatar.com\/avatar\/dbb38b2050e5181e32afbccf458635967af0767d15abe8168b35ebbd97907289?s=96&d=mm&r=g","caption":"Neto Angel Boss"},"sameAs":["http:\/\/www.angelboss.com"],"url":"https:\/\/angelboss.com.br\/en\/author\/netoangelboss\/"}]}},"amp_enabled":true,"_links":{"self":[{"href":"https:\/\/angelboss.com.br\/en\/wp-json\/wp\/v2\/posts\/34888","targetHints":{"allow":["GET"]}}],"collection":[{"href":"https:\/\/angelboss.com.br\/en\/wp-json\/wp\/v2\/posts"}],"about":[{"href":"https:\/\/angelboss.com.br\/en\/wp-json\/wp\/v2\/types\/post"}],"author":[{"embeddable":true,"href":"https:\/\/angelboss.com.br\/en\/wp-json\/wp\/v2\/users\/2"}],"replies":[{"embeddable":true,"href":"https:\/\/angelboss.com.br\/en\/wp-json\/wp\/v2\/comments?post=34888"}],"version-history":[{"count":1,"href":"https:\/\/angelboss.com.br\/en\/wp-json\/wp\/v2\/posts\/34888\/revisions"}],"predecessor-version":[{"id":34891,"href":"https:\/\/angelboss.com.br\/en\/wp-json\/wp\/v2\/posts\/34888\/revisions\/34891"}],"wp:featuredmedia":[{"embeddable":true,"href":"https:\/\/angelboss.com.br\/en\/wp-json\/wp\/v2\/media\/34890"}],"wp:attachment":[{"href":"https:\/\/angelboss.com.br\/en\/wp-json\/wp\/v2\/media?parent=34888"}],"wp:term":[{"taxonomy":"category","embeddable":true,"href":"https:\/\/angelboss.com.br\/en\/wp-json\/wp\/v2\/categories?post=34888"},{"taxonomy":"post_tag","embeddable":true,"href":"https:\/\/angelboss.com.br\/en\/wp-json\/wp\/v2\/tags?post=34888"}],"curies":[{"name":"wp","href":"https:\/\/api.w.org\/{rel}","templated":true}]}}