{"id":34884,"date":"2026-09-01T18:27:13","date_gmt":"2026-09-01T18:27:13","guid":{"rendered":"https:\/\/angelboss.com.br\/?p=34884"},"modified":"2026-09-01T18:27:22","modified_gmt":"2026-09-01T18:27:22","slug":"sofi-tukker-show-unico-sao-paulo-festa-tangerica","status":"publish","type":"post","link":"https:\/\/angelboss.com.br\/en\/2026\/09\/01\/sofi-tukker-show-unico-sao-paulo-festa-tangerica\/","title":{"rendered":"SOFI TUKKER ter\u00e1 show \u00fanico neste s\u00e1bado, em S\u00e3o Paulo, antes de apresenta\u00e7\u00e3o no Rock in Rio"},"content":{"rendered":"<p class=\"wp-block-paragraph\"><em>Duo de m\u00fasica eletr\u00f4nica se apresenta no dia 05 de setembro, na festa Tangerica, em evento que re\u00fane tamb\u00e9m MLQ 2N, kLap e Donaflor<\/em><\/p>\n\n\n\n<figure class=\"wp-block-table\"><table class=\"has-fixed-layout\"><tbody><tr><td><img decoding=\"async\" alt=\"\" width=\"800\" src=\"https:\/\/ci3.googleusercontent.com\/meips\/ADKq_NY6drSlVCZbdpC3XDqlohPfqctS-CtK48bRpv9ryTO6EHUMzTWkCkFTgEX_TDaNuZbNIsI0dVgngn-RLGWWnaAUwiLV2u_l8mITs4bNg1hEhgb84mpscWNoQVS_mEScUDXDQK4IY8xDkxjVxjCx5z_4nsDIZ-qDPBYRoDyWtFiJy4eSH1vFjF-ZGb3BxhOFtXKQZiIX25y9oNoBdYxQRUFx2F2JUTySrBDMmxX1OOlSlmfEzwKvRY-4oBSVIwAmwL2ZuSR1L29ngMw5oFocqheFzk-8dtGnptrLOw=s0-d-e1-ft#https:\/\/s2601.imxsnd15.com\/4=MjZ6YzY2EGMjpjci5SbvNmLzN3bixWZn5WYAxWZn5WYvRXZupzM1AzM1UzMyQzM6cWZwpmL39GbhJmM3YmZykzN0QjMycDOwcTZkNzY2cTY3QWN5QjMmljRyUiMmljRyUCMGJTJ3IjN5czN2UTMy8VL1ETLf9VLwITLfpzM\"><\/td><\/tr><\/tbody><\/table><\/figure>\n\n\n\n<p class=\"wp-block-paragraph\">Neste s\u00e1bado,&nbsp;<a href=\"https:\/\/www.instagram.com\/sofitukker\/?hl=pt\" target=\"_blank\" rel=\"noopener\"><strong><u>SOFI TUKKER<\/u><\/strong><\/a>&nbsp;se apresenta em&nbsp;<strong>S\u00e3o Paulo,&nbsp;<\/strong>v\u00e9spera de sua apresenta\u00e7\u00e3o no Rock in Rio. O duo, conhecido mundialmente por misturar house e pop, ser\u00e1 destaque na festa&nbsp;<a href=\"https:\/\/www.instagram.com\/eu.tangerica\/\" target=\"_blank\" rel=\"noopener\"><strong><u>Tangerica<\/u><\/strong><\/a>&nbsp;no dia&nbsp;<strong>5 de setembro<\/strong>, noSonora Garden. A apresenta\u00e7\u00e3o marca a \u00fanica passagem dos artistas pela capital paulista durante sua vinda ao Brasil. A programa\u00e7\u00e3o conta, ainda, com&nbsp;<strong>MLQ 2N<\/strong>,&nbsp;<strong>kLap<\/strong>&nbsp;e&nbsp;<strong>Donaflor<\/strong>.&nbsp;<a href=\"https:\/\/gdya.dance\/sofi-tukker-em-sp-tangerica-festa-d788\" target=\"_blank\" rel=\"noopener\"><strong><u>Informa\u00e7\u00f5es e ingressos!<\/u><\/strong><\/a><\/p>\n\n\n\n<p class=\"wp-block-paragraph\">Formado por&nbsp;<a href=\"https:\/\/www.instagram.com\/sophiehawleyweld\/\" target=\"_blank\" rel=\"noopener\"><u>Sophie Hawley-Weld<\/u><\/a>&nbsp;e&nbsp;<a href=\"https:\/\/www.instagram.com\/themothertukker\/\" target=\"_blank\" rel=\"noopener\"><u>Tucker Halpern<\/u><\/a>, o&nbsp;<strong>SOFI TUKKER<\/strong>&nbsp;construiu uma trajet\u00f3ria marcada pela combina\u00e7\u00e3o entre m\u00fasica eletr\u00f4nica e refer\u00eancias da cultura brasileira. Parte dessa conex\u00e3o vem da pr\u00f3pria hist\u00f3ria de Sophie, que viveu no Brasil durante a juventude e incorporou o portugu\u00eas \u00e0s composi\u00e7\u00f5es da dupla. O projeto recebeu indica\u00e7\u00f5es ao&nbsp;<em>Grammy Awards 2017<\/em>&nbsp;com o single &#8220;<em>Drinkee<\/em>&#8221; e o \u00e1lbum<em>&nbsp;Treehouse<\/em>, e, desde ent\u00e3o, lan\u00e7ou os discos&nbsp;<em>WET TENNIS, BREAD<\/em>&nbsp;e&nbsp;<em>butter<\/em>, al\u00e9m de sucessos como&nbsp;<em>&#8220;Best Friend&#8221;<\/em>&nbsp;e&nbsp;<em>&#8220;Purple Hat&#8221;.&nbsp;<\/em>Alguns dos destaques de seus projetos s\u00e3o as colabora\u00e7\u00f5es com&nbsp;<strong>Seu Jorge<\/strong>,&nbsp;<strong>Liniker, Silva&nbsp;<\/strong>e<strong>&nbsp;Rael,<\/strong>&nbsp;refor\u00e7ando a rela\u00e7\u00e3o da dupla tamb\u00e9m com a MPB, samba e bossa nova.<\/p>\n\n\n\n<p class=\"wp-block-paragraph\">Ao longo da carreira, o duo passou por festivais como&nbsp;<strong>Coachella&nbsp;<\/strong>e&nbsp;<strong>Tomorrowland&nbsp;<\/strong>e foi headliner de palcos como<strong>&nbsp;Red Rocks&nbsp;<\/strong>e&nbsp;<strong>Forest Hills Stadium<\/strong>. A apresenta\u00e7\u00e3o em S\u00e3o Paulo acontece depois de sete anos (\u00faltima vez que tocaram na cidade) em meio \u00e0 divulga\u00e7\u00e3o de &#8220;COOK&#8221;, parceria com J Balvin que marca o in\u00edcio da rela\u00e7\u00e3o da dupla com a Republic Records.&nbsp;<a href=\"https:\/\/open.spotify.com\/intl-pt\/track\/4H2rI43vuXJuUrRIMxknzA?si=8d72e64b46714382\" target=\"_blank\" rel=\"noopener\"><strong>Ou\u00e7a aqui!<\/strong><\/a><\/p>\n\n\n\n<p class=\"wp-block-paragraph\">Al\u00e9m de SOFI TUKKER, a festa Tangerica re\u00fane\u00a0<a href=\"https:\/\/www.instagram.com\/mlq2noficial\/\" target=\"_blank\" rel=\"noopener\"><strong><u>MLQ 2N<\/u><\/strong><\/a>, produtor e DJ carioca conhecido pelos remixes que aproximam o funk brasileiro a sucessos internacionais;<a href=\"https:\/\/www.instagram.com\/klapthis\/\" target=\"_blank\" rel=\"noopener\"><strong><u>kLap<\/u><\/strong><\/a>, produtor de Bras\u00edlia que combina bass music, funk carioca e afrobeat e j\u00e1 passou por festivais como o The Town; e<a href=\"https:\/\/www.instagram.com\/___donaflor___?igsh=N3NjdWQxZ3duMGpm\" target=\"_blank\" rel=\"noopener\"><strong><u>Donaflor<\/u><\/strong><\/a>, projeto musical e DJ que combina house contempor\u00e2neo com ritmos brasileiros como samba, bossa nova e jazz.<\/p>\n\n\n\n<p class=\"wp-block-paragraph\">A programa\u00e7\u00e3o reflete a proposta da\u00a0<a href=\"https:\/\/www.instagram.com\/lsdco.tv?igsh=MXQzb2dqcWZ3MmppZg==\" target=\"_blank\" rel=\"noopener\"><strong><u>lsd.co<\/u><\/strong><\/a><strong>\u00a0&#8211; Label Services &amp; Dancing Company<\/strong>\u00a0&#8211; companhia idealizadora da Tangerica &#8211; de ser uma plataforma de difus\u00e3o cultural que promove o encontro entre artistas brasileiros e internacionais, explorando os diferentes caminhos da m\u00fasica de baile, do house ao funk.<\/p>\n\n\n\n<p class=\"wp-block-paragraph\"><strong><u>SERVI\u00c7O:<\/u><\/strong><\/p>\n\n\n\n<p class=\"wp-block-paragraph\"><strong>SOFI TUKKER @ Tangerica (festa) + MLQ 2N, kLap, Donaflor<\/strong><\/p>\n\n\n\n<p class=\"wp-block-paragraph\"><strong>Quando:<\/strong>&nbsp;5 de setembro (s\u00e1bado)<\/p>\n\n\n\n<p class=\"wp-block-paragraph\"><strong>Local:<\/strong>&nbsp;Sorona Garden &#8211;&nbsp;<a href=\"https:\/\/www.google.com\/maps\/search\/R.+Comendador+Nestor+Pereira,+33+-%0D%0A++++++++++++++++++Canind%C3%A9,+S%C3%A3o+Paulo?entry=gmail&amp;source=g\">R. Comendador Nestor Pereira, 33 &#8211; Canind\u00e9, S\u00e3o Paulo<\/a><\/p>\n\n\n\n<p class=\"wp-block-paragraph\"><strong>Hor\u00e1rios:<\/strong><\/p>\n\n\n\n<p class=\"wp-block-paragraph\"><strong>22h00-23h30 \u2014 Tangerica djs<\/strong><\/p>\n\n\n\n<p class=\"wp-block-paragraph\"><strong>23h30- 01h00 \u2014 kLap<\/strong><\/p>\n\n\n\n<p class=\"wp-block-paragraph\"><strong>01h00-02h30 \u2014 MLQ 2N<\/strong><\/p>\n\n\n\n<p class=\"wp-block-paragraph\"><strong>02h30-04h00 \u2014 SOFI TUKKER<\/strong><\/p>\n\n\n\n<p class=\"wp-block-paragraph\"><strong>04h00-05h30 \u2014 Donaflor<\/strong><\/p>\n\n\n\n<p class=\"wp-block-paragraph\"><strong>Ingressos via Gandaya<\/strong>:&nbsp;<a href=\"https:\/\/gdya.dance\/sofi-tukker-em-sp-tangerica-festa-d788\" target=\"_blank\" rel=\"noopener\">Link<\/a>&nbsp;<\/p>\n\n\n\n<p class=\"wp-block-paragraph\"><\/p>","protected":false},"excerpt":{"rendered":"<p>Duo de m\u00fasica eletr\u00f4nica se apresenta no dia 05 de setembro, na festa Tangerica, em evento que re\u00fane tamb\u00e9m MLQ 2N, kLap e Donaflor Neste s\u00e1bado,&nbsp;SOFI TUKKER&nbsp;se apresenta em&nbsp;S\u00e3o Paulo,&nbsp;v\u00e9spera de sua apresenta\u00e7\u00e3o no Rock in Rio. O duo, conhecido mundialmente por misturar house e pop, ser\u00e1 destaque na festa&nbsp;Tangerica&nbsp;no dia&nbsp;5 de setembro, noSonora Garden.<\/p>","protected":false},"author":2,"featured_media":34886,"comment_status":"open","ping_status":"open","sticky":false,"template":"","format":"standard","meta":{"_seopress_titles_title":"","_seopress_titles_desc":"","_seopress_robots_index":"","_seopress_robots_follow":"","_seopress_robots_imageindex":"","_seopress_robots_snippet":"","_seopress_robots_primary_cat":"308","_seopress_robots_breadcrumbs":"","_seopress_robots_freeze_modified_date":"","_seopress_robots_custom_modified_date":"","_seopress_robots_canonical":"","_seopress_social_fb_title":"","_seopress_social_fb_desc":"","_seopress_social_fb_img":"","_seopress_social_fb_img_attachment_id":0,"_seopress_social_fb_img_width":0,"_seopress_social_fb_img_height":0,"_seopress_social_twitter_title":"","_seopress_social_twitter_desc":"","_seopress_social_twitter_img":"","_seopress_social_twitter_img_attachment_id":0,"_seopress_social_twitter_img_width":0,"_seopress_social_twitter_img_height":0,"_seopress_redirections_value":"","_seopress_redirections_enabled":"","_seopress_redirections_enabled_regex":"","_seopress_redirections_logged_status":"","_seopress_redirections_param":"","_seopress_redirections_type":0,"_seopress_analysis_target_kw":"","page_builder":"","footnotes":""},"categories":[168,166,308],"tags":[7051,7050,7049],"class_list":["post-34884","post","type-post","status-publish","format-standard","has-post-thumbnail","category-eai-bora-nessa","category-musica","category-noticias","tag-festa-tangerica","tag-show-em-sp","tag-sofi-tukker"],"yoast_head":"<!-- This site is optimized with the Yoast SEO plugin v28.3 - https:\/\/yoast.com\/product\/yoast-seo-wordpress\/ -->\n<title>SOFI TUKKER realiza show \u00fanico em S\u00e3o Paulo neste s\u00e1bado<\/title>\n<meta name=\"description\" content=\"Duo SOFI TUKKER se apresenta em S\u00e3o Paulo neste s\u00e1bado (5) na festa Tangerica no Sonora Garden. Confira hor\u00e1rios, atra\u00e7\u00f5es e detalhes do show.\" \/>\n<meta name=\"robots\" content=\"index, follow, max-snippet:-1, max-image-preview:large, max-video-preview:-1\" \/>\n<link rel=\"canonical\" href=\"https:\/\/angelboss.com.br\/en\/2026\/09\/01\/sofi-tukker-show-unico-sao-paulo-festa-tangerica\/\" \/>\n<meta property=\"og:locale\" content=\"en_US\" \/>\n<meta property=\"og:type\" content=\"article\" \/>\n<meta property=\"og:title\" content=\"SOFI TUKKER realiza show \u00fanico em S\u00e3o Paulo neste s\u00e1bado\" \/>\n<meta property=\"og:description\" content=\"Duo SOFI TUKKER se apresenta em S\u00e3o Paulo neste s\u00e1bado (5) na festa Tangerica no Sonora Garden. Confira hor\u00e1rios, atra\u00e7\u00f5es e detalhes do show.\" \/>\n<meta property=\"og:url\" content=\"https:\/\/angelboss.com.br\/en\/2026\/09\/01\/sofi-tukker-show-unico-sao-paulo-festa-tangerica\/\" \/>\n<meta property=\"og:site_name\" content=\"Portal Masculino de Moda, Beleza, Luxo and Business - Angel Boss\" \/>\n<meta property=\"article:published_time\" content=\"2026-09-01T18:27:13+00:00\" \/>\n<meta property=\"article:modified_time\" content=\"2026-09-01T18:27:22+00:00\" \/>\n<meta property=\"og:image\" content=\"http:\/\/angelboss.com.br\/wp-content\/uploads\/2026\/09\/press-4-scaled.jpg\" \/>\n\t<meta property=\"og:image:width\" content=\"2048\" \/>\n\t<meta property=\"og:image:height\" content=\"2560\" \/>\n\t<meta property=\"og:image:type\" content=\"image\/jpeg\" \/>\n<meta name=\"author\" content=\"Neto Angel Boss\" \/>\n<meta name=\"twitter:card\" content=\"summary_large_image\" \/>\n<meta name=\"twitter:label1\" content=\"Written by\" \/>\n\t<meta name=\"twitter:data1\" content=\"Neto Angel Boss\" \/>\n\t<meta name=\"twitter:label2\" content=\"Est. reading time\" \/>\n\t<meta name=\"twitter:data2\" content=\"3 minutes\" \/>\n<script type=\"application\/ld+json\" class=\"yoast-schema-graph\">{\"@context\":\"https:\\\/\\\/schema.org\",\"@graph\":[{\"@type\":\"Article\",\"@id\":\"https:\\\/\\\/angelboss.com.br\\\/2026\\\/09\\\/01\\\/sofi-tukker-show-unico-sao-paulo-festa-tangerica\\\/#article\",\"isPartOf\":{\"@id\":\"https:\\\/\\\/angelboss.com.br\\\/2026\\\/09\\\/01\\\/sofi-tukker-show-unico-sao-paulo-festa-tangerica\\\/\"},\"author\":{\"name\":\"Neto Angel Boss\",\"@id\":\"http:\\\/\\\/angelboss.com.br\\\/#\\\/schema\\\/person\\\/af084936b46cf2e03f299183e429e350\"},\"headline\":\"SOFI TUKKER ter\u00e1 show \u00fanico neste s\u00e1bado, em S\u00e3o Paulo, antes de apresenta\u00e7\u00e3o no Rock in Rio\",\"datePublished\":\"2026-09-01T18:27:13+00:00\",\"dateModified\":\"2026-09-01T18:27:22+00:00\",\"mainEntityOfPage\":{\"@id\":\"https:\\\/\\\/angelboss.com.br\\\/2026\\\/09\\\/01\\\/sofi-tukker-show-unico-sao-paulo-festa-tangerica\\\/\"},\"wordCount\":543,\"commentCount\":0,\"publisher\":{\"@id\":\"http:\\\/\\\/angelboss.com.br\\\/#organization\"},\"image\":{\"@id\":\"https:\\\/\\\/angelboss.com.br\\\/2026\\\/09\\\/01\\\/sofi-tukker-show-unico-sao-paulo-festa-tangerica\\\/#primaryimage\"},\"thumbnailUrl\":\"https:\\\/\\\/angelboss.com.br\\\/wp-content\\\/uploads\\\/2026\\\/09\\\/press-4-scaled.jpg\",\"keywords\":[\"festa Tangerica\",\"Show em SP\",\"SOFI TUKKER\"],\"articleSection\":[\"EA\u00cd, BORA NESSA?\",\"M\u00daSICA\",\"Not\u00edcias\"],\"inLanguage\":\"en-US\",\"potentialAction\":[{\"@type\":\"CommentAction\",\"name\":\"Comment\",\"target\":[\"https:\\\/\\\/angelboss.com.br\\\/2026\\\/09\\\/01\\\/sofi-tukker-show-unico-sao-paulo-festa-tangerica\\\/#respond\"]}]},{\"@type\":\"WebPage\",\"@id\":\"https:\\\/\\\/angelboss.com.br\\\/2026\\\/09\\\/01\\\/sofi-tukker-show-unico-sao-paulo-festa-tangerica\\\/\",\"url\":\"https:\\\/\\\/angelboss.com.br\\\/2026\\\/09\\\/01\\\/sofi-tukker-show-unico-sao-paulo-festa-tangerica\\\/\",\"name\":\"SOFI TUKKER realiza show \u00fanico em S\u00e3o Paulo neste s\u00e1bado\",\"isPartOf\":{\"@id\":\"http:\\\/\\\/angelboss.com.br\\\/#website\"},\"primaryImageOfPage\":{\"@id\":\"https:\\\/\\\/angelboss.com.br\\\/2026\\\/09\\\/01\\\/sofi-tukker-show-unico-sao-paulo-festa-tangerica\\\/#primaryimage\"},\"image\":{\"@id\":\"https:\\\/\\\/angelboss.com.br\\\/2026\\\/09\\\/01\\\/sofi-tukker-show-unico-sao-paulo-festa-tangerica\\\/#primaryimage\"},\"thumbnailUrl\":\"https:\\\/\\\/angelboss.com.br\\\/wp-content\\\/uploads\\\/2026\\\/09\\\/press-4-scaled.jpg\",\"datePublished\":\"2026-09-01T18:27:13+00:00\",\"dateModified\":\"2026-09-01T18:27:22+00:00\",\"description\":\"Duo SOFI TUKKER se apresenta em S\u00e3o Paulo neste s\u00e1bado (5) na festa Tangerica no Sonora Garden. Confira hor\u00e1rios, atra\u00e7\u00f5es e detalhes do show.\",\"breadcrumb\":{\"@id\":\"https:\\\/\\\/angelboss.com.br\\\/2026\\\/09\\\/01\\\/sofi-tukker-show-unico-sao-paulo-festa-tangerica\\\/#breadcrumb\"},\"inLanguage\":\"en-US\",\"potentialAction\":[{\"@type\":\"ReadAction\",\"target\":[\"https:\\\/\\\/angelboss.com.br\\\/2026\\\/09\\\/01\\\/sofi-tukker-show-unico-sao-paulo-festa-tangerica\\\/\"]}]},{\"@type\":\"ImageObject\",\"inLanguage\":\"en-US\",\"@id\":\"https:\\\/\\\/angelboss.com.br\\\/2026\\\/09\\\/01\\\/sofi-tukker-show-unico-sao-paulo-festa-tangerica\\\/#primaryimage\",\"url\":\"https:\\\/\\\/angelboss.com.br\\\/wp-content\\\/uploads\\\/2026\\\/09\\\/press-4-scaled.jpg\",\"contentUrl\":\"https:\\\/\\\/angelboss.com.br\\\/wp-content\\\/uploads\\\/2026\\\/09\\\/press-4-scaled.jpg\",\"width\":2048,\"height\":2560,\"caption\":\"Imagem\\\/Divulga\u00e7\u00e3o\"},{\"@type\":\"BreadcrumbList\",\"@id\":\"https:\\\/\\\/angelboss.com.br\\\/2026\\\/09\\\/01\\\/sofi-tukker-show-unico-sao-paulo-festa-tangerica\\\/#breadcrumb\",\"itemListElement\":[{\"@type\":\"ListItem\",\"position\":1,\"name\":\"In\u00edcio\",\"item\":\"http:\\\/\\\/angelboss.com.br\\\/\"},{\"@type\":\"ListItem\",\"position\":2,\"name\":\"SOFI TUKKER ter\u00e1 show \u00fanico neste s\u00e1bado, em S\u00e3o Paulo, antes de apresenta\u00e7\u00e3o no Rock in Rio\"}]},{\"@type\":\"WebSite\",\"@id\":\"http:\\\/\\\/angelboss.com.br\\\/#website\",\"url\":\"http:\\\/\\\/angelboss.com.br\\\/\",\"name\":\"Portal Masculino de Moda, Beleza, Luxo e Business - Angel Boss\",\"description\":\"O Maior Portal sobre Moda, Luxo, Beleza e Business Masculino do Brasil\",\"publisher\":{\"@id\":\"http:\\\/\\\/angelboss.com.br\\\/#organization\"},\"alternateName\":\"Maior Portal e Blog de Beleza Masculina e Luxo\",\"potentialAction\":[{\"@type\":\"SearchAction\",\"target\":{\"@type\":\"EntryPoint\",\"urlTemplate\":\"http:\\\/\\\/angelboss.com.br\\\/?s={search_term_string}\"},\"query-input\":{\"@type\":\"PropertyValueSpecification\",\"valueRequired\":true,\"valueName\":\"search_term_string\"}}],\"inLanguage\":\"en-US\"},{\"@type\":\"Organization\",\"@id\":\"http:\\\/\\\/angelboss.com.br\\\/#organization\",\"name\":\"Portal Masculino de Moda, Beleza, Luxo and Business - Angel Boss\",\"url\":\"http:\\\/\\\/angelboss.com.br\\\/\",\"logo\":{\"@type\":\"ImageObject\",\"inLanguage\":\"en-US\",\"@id\":\"http:\\\/\\\/angelboss.com.br\\\/#\\\/schema\\\/logo\\\/image\\\/\",\"url\":\"https:\\\/\\\/angelboss.com.br\\\/wp-content\\\/uploads\\\/2025\\\/12\\\/WhatsApp-Image-2025-12-11-at-12.54.26.jpeg\",\"contentUrl\":\"https:\\\/\\\/angelboss.com.br\\\/wp-content\\\/uploads\\\/2025\\\/12\\\/WhatsApp-Image-2025-12-11-at-12.54.26.jpeg\",\"width\":1280,\"height\":1280,\"caption\":\"Portal Masculino de Moda, Beleza, Luxo and Business - Angel Boss\"},\"image\":{\"@id\":\"http:\\\/\\\/angelboss.com.br\\\/#\\\/schema\\\/logo\\\/image\\\/\"}},{\"@type\":\"Person\",\"@id\":\"http:\\\/\\\/angelboss.com.br\\\/#\\\/schema\\\/person\\\/af084936b46cf2e03f299183e429e350\",\"name\":\"Neto Angel Boss\",\"image\":{\"@type\":\"ImageObject\",\"inLanguage\":\"en-US\",\"@id\":\"https:\\\/\\\/secure.gravatar.com\\\/avatar\\\/dbb38b2050e5181e32afbccf458635967af0767d15abe8168b35ebbd97907289?s=96&d=mm&r=g\",\"url\":\"https:\\\/\\\/secure.gravatar.com\\\/avatar\\\/dbb38b2050e5181e32afbccf458635967af0767d15abe8168b35ebbd97907289?s=96&d=mm&r=g\",\"contentUrl\":\"https:\\\/\\\/secure.gravatar.com\\\/avatar\\\/dbb38b2050e5181e32afbccf458635967af0767d15abe8168b35ebbd97907289?s=96&d=mm&r=g\",\"caption\":\"Neto Angel Boss\"},\"sameAs\":[\"http:\\\/\\\/www.angelboss.com\"],\"url\":\"https:\\\/\\\/angelboss.com.br\\\/en\\\/author\\\/netoangelboss\\\/\"}]}<\/script>\n<!-- \/ Yoast SEO plugin. -->","yoast_head_json":{"title":"SOFI TUKKER realiza show \u00fanico em S\u00e3o Paulo neste s\u00e1bado","description":"Duo SOFI TUKKER se apresenta em S\u00e3o Paulo neste s\u00e1bado (5) na festa Tangerica no Sonora Garden. Confira hor\u00e1rios, atra\u00e7\u00f5es e detalhes do show.","robots":{"index":"index","follow":"follow","max-snippet":"max-snippet:-1","max-image-preview":"max-image-preview:large","max-video-preview":"max-video-preview:-1"},"canonical":"https:\/\/angelboss.com.br\/en\/2026\/09\/01\/sofi-tukker-show-unico-sao-paulo-festa-tangerica\/","og_locale":"en_US","og_type":"article","og_title":"SOFI TUKKER realiza show \u00fanico em S\u00e3o Paulo neste s\u00e1bado","og_description":"Duo SOFI TUKKER se apresenta em S\u00e3o Paulo neste s\u00e1bado (5) na festa Tangerica no Sonora Garden. Confira hor\u00e1rios, atra\u00e7\u00f5es e detalhes do show.","og_url":"https:\/\/angelboss.com.br\/en\/2026\/09\/01\/sofi-tukker-show-unico-sao-paulo-festa-tangerica\/","og_site_name":"Portal Masculino de Moda, Beleza, Luxo and Business - Angel Boss","article_published_time":"2026-09-01T18:27:13+00:00","article_modified_time":"2026-09-01T18:27:22+00:00","og_image":[{"width":2048,"height":2560,"url":"http:\/\/angelboss.com.br\/wp-content\/uploads\/2026\/09\/press-4-scaled.jpg","type":"image\/jpeg"}],"author":"Neto Angel Boss","twitter_card":"summary_large_image","twitter_misc":{"Written by":"Neto Angel Boss","Est. reading time":"3 minutes"},"schema":{"@context":"https:\/\/schema.org","@graph":[{"@type":"Article","@id":"https:\/\/angelboss.com.br\/2026\/09\/01\/sofi-tukker-show-unico-sao-paulo-festa-tangerica\/#article","isPartOf":{"@id":"https:\/\/angelboss.com.br\/2026\/09\/01\/sofi-tukker-show-unico-sao-paulo-festa-tangerica\/"},"author":{"name":"Neto Angel Boss","@id":"http:\/\/angelboss.com.br\/#\/schema\/person\/af084936b46cf2e03f299183e429e350"},"headline":"SOFI TUKKER ter\u00e1 show \u00fanico neste s\u00e1bado, em S\u00e3o Paulo, antes de apresenta\u00e7\u00e3o no Rock in Rio","datePublished":"2026-09-01T18:27:13+00:00","dateModified":"2026-09-01T18:27:22+00:00","mainEntityOfPage":{"@id":"https:\/\/angelboss.com.br\/2026\/09\/01\/sofi-tukker-show-unico-sao-paulo-festa-tangerica\/"},"wordCount":543,"commentCount":0,"publisher":{"@id":"http:\/\/angelboss.com.br\/#organization"},"image":{"@id":"https:\/\/angelboss.com.br\/2026\/09\/01\/sofi-tukker-show-unico-sao-paulo-festa-tangerica\/#primaryimage"},"thumbnailUrl":"https:\/\/angelboss.com.br\/wp-content\/uploads\/2026\/09\/press-4-scaled.jpg","keywords":["festa Tangerica","Show em SP","SOFI TUKKER"],"articleSection":["EA\u00cd, BORA NESSA?","M\u00daSICA","Not\u00edcias"],"inLanguage":"en-US","potentialAction":[{"@type":"CommentAction","name":"Comment","target":["https:\/\/angelboss.com.br\/2026\/09\/01\/sofi-tukker-show-unico-sao-paulo-festa-tangerica\/#respond"]}]},{"@type":"WebPage","@id":"https:\/\/angelboss.com.br\/2026\/09\/01\/sofi-tukker-show-unico-sao-paulo-festa-tangerica\/","url":"https:\/\/angelboss.com.br\/2026\/09\/01\/sofi-tukker-show-unico-sao-paulo-festa-tangerica\/","name":"SOFI TUKKER realiza show \u00fanico em S\u00e3o Paulo neste s\u00e1bado","isPartOf":{"@id":"http:\/\/angelboss.com.br\/#website"},"primaryImageOfPage":{"@id":"https:\/\/angelboss.com.br\/2026\/09\/01\/sofi-tukker-show-unico-sao-paulo-festa-tangerica\/#primaryimage"},"image":{"@id":"https:\/\/angelboss.com.br\/2026\/09\/01\/sofi-tukker-show-unico-sao-paulo-festa-tangerica\/#primaryimage"},"thumbnailUrl":"https:\/\/angelboss.com.br\/wp-content\/uploads\/2026\/09\/press-4-scaled.jpg","datePublished":"2026-09-01T18:27:13+00:00","dateModified":"2026-09-01T18:27:22+00:00","description":"Duo SOFI TUKKER se apresenta em S\u00e3o Paulo neste s\u00e1bado (5) na festa Tangerica no Sonora Garden. Confira hor\u00e1rios, atra\u00e7\u00f5es e detalhes do show.","breadcrumb":{"@id":"https:\/\/angelboss.com.br\/2026\/09\/01\/sofi-tukker-show-unico-sao-paulo-festa-tangerica\/#breadcrumb"},"inLanguage":"en-US","potentialAction":[{"@type":"ReadAction","target":["https:\/\/angelboss.com.br\/2026\/09\/01\/sofi-tukker-show-unico-sao-paulo-festa-tangerica\/"]}]},{"@type":"ImageObject","inLanguage":"en-US","@id":"https:\/\/angelboss.com.br\/2026\/09\/01\/sofi-tukker-show-unico-sao-paulo-festa-tangerica\/#primaryimage","url":"https:\/\/angelboss.com.br\/wp-content\/uploads\/2026\/09\/press-4-scaled.jpg","contentUrl":"https:\/\/angelboss.com.br\/wp-content\/uploads\/2026\/09\/press-4-scaled.jpg","width":2048,"height":2560,"caption":"Imagem\/Divulga\u00e7\u00e3o"},{"@type":"BreadcrumbList","@id":"https:\/\/angelboss.com.br\/2026\/09\/01\/sofi-tukker-show-unico-sao-paulo-festa-tangerica\/#breadcrumb","itemListElement":[{"@type":"ListItem","position":1,"name":"In\u00edcio","item":"http:\/\/angelboss.com.br\/"},{"@type":"ListItem","position":2,"name":"SOFI TUKKER ter\u00e1 show \u00fanico neste s\u00e1bado, em S\u00e3o Paulo, antes de apresenta\u00e7\u00e3o no Rock in Rio"}]},{"@type":"WebSite","@id":"http:\/\/angelboss.com.br\/#website","url":"http:\/\/angelboss.com.br\/","name":"Portal Masculino de Moda, Beleza, Luxo e Business - Angel Boss","description":"O Maior Portal sobre Moda, Luxo, Beleza e Business Masculino do Brasil","publisher":{"@id":"http:\/\/angelboss.com.br\/#organization"},"alternateName":"Maior Portal e Blog de Beleza Masculina e Luxo","potentialAction":[{"@type":"SearchAction","target":{"@type":"EntryPoint","urlTemplate":"http:\/\/angelboss.com.br\/?s={search_term_string}"},"query-input":{"@type":"PropertyValueSpecification","valueRequired":true,"valueName":"search_term_string"}}],"inLanguage":"en-US"},{"@type":"Organization","@id":"http:\/\/angelboss.com.br\/#organization","name":"Portal Masculino de Moda, Beleza, Luxo and Business - Angel Boss","url":"http:\/\/angelboss.com.br\/","logo":{"@type":"ImageObject","inLanguage":"en-US","@id":"http:\/\/angelboss.com.br\/#\/schema\/logo\/image\/","url":"https:\/\/angelboss.com.br\/wp-content\/uploads\/2025\/12\/WhatsApp-Image-2025-12-11-at-12.54.26.jpeg","contentUrl":"https:\/\/angelboss.com.br\/wp-content\/uploads\/2025\/12\/WhatsApp-Image-2025-12-11-at-12.54.26.jpeg","width":1280,"height":1280,"caption":"Portal Masculino de Moda, Beleza, Luxo and Business - Angel Boss"},"image":{"@id":"http:\/\/angelboss.com.br\/#\/schema\/logo\/image\/"}},{"@type":"Person","@id":"http:\/\/angelboss.com.br\/#\/schema\/person\/af084936b46cf2e03f299183e429e350","name":"Neto Angel Boss","image":{"@type":"ImageObject","inLanguage":"en-US","@id":"https:\/\/secure.gravatar.com\/avatar\/dbb38b2050e5181e32afbccf458635967af0767d15abe8168b35ebbd97907289?s=96&d=mm&r=g","url":"https:\/\/secure.gravatar.com\/avatar\/dbb38b2050e5181e32afbccf458635967af0767d15abe8168b35ebbd97907289?s=96&d=mm&r=g","contentUrl":"https:\/\/secure.gravatar.com\/avatar\/dbb38b2050e5181e32afbccf458635967af0767d15abe8168b35ebbd97907289?s=96&d=mm&r=g","caption":"Neto Angel Boss"},"sameAs":["http:\/\/www.angelboss.com"],"url":"https:\/\/angelboss.com.br\/en\/author\/netoangelboss\/"}]}},"amp_enabled":true,"_links":{"self":[{"href":"https:\/\/angelboss.com.br\/en\/wp-json\/wp\/v2\/posts\/34884","targetHints":{"allow":["GET"]}}],"collection":[{"href":"https:\/\/angelboss.com.br\/en\/wp-json\/wp\/v2\/posts"}],"about":[{"href":"https:\/\/angelboss.com.br\/en\/wp-json\/wp\/v2\/types\/post"}],"author":[{"embeddable":true,"href":"https:\/\/angelboss.com.br\/en\/wp-json\/wp\/v2\/users\/2"}],"replies":[{"embeddable":true,"href":"https:\/\/angelboss.com.br\/en\/wp-json\/wp\/v2\/comments?post=34884"}],"version-history":[{"count":1,"href":"https:\/\/angelboss.com.br\/en\/wp-json\/wp\/v2\/posts\/34884\/revisions"}],"predecessor-version":[{"id":34887,"href":"https:\/\/angelboss.com.br\/en\/wp-json\/wp\/v2\/posts\/34884\/revisions\/34887"}],"wp:featuredmedia":[{"embeddable":true,"href":"https:\/\/angelboss.com.br\/en\/wp-json\/wp\/v2\/media\/34886"}],"wp:attachment":[{"href":"https:\/\/angelboss.com.br\/en\/wp-json\/wp\/v2\/media?parent=34884"}],"wp:term":[{"taxonomy":"category","embeddable":true,"href":"https:\/\/angelboss.com.br\/en\/wp-json\/wp\/v2\/categories?post=34884"},{"taxonomy":"post_tag","embeddable":true,"href":"https:\/\/angelboss.com.br\/en\/wp-json\/wp\/v2\/tags?post=34884"}],"curies":[{"name":"wp","href":"https:\/\/api.w.org\/{rel}","templated":true}]}}