{"id":34818,"date":"2026-09-01T00:00:00","date_gmt":"2026-09-01T00:00:00","guid":{"rendered":"https:\/\/angelboss.com.br\/2026\/09\/01\/333867-dr-heber-videira-conecta-ciencia-e-politicas-publicas\/"},"modified":"2026-09-01T00:00:00","modified_gmt":"2026-09-01T00:00:00","slug":"333867-dr-heber-videira-conecta-ciencia-e-politicas-publicas","status":"publish","type":"post","link":"https:\/\/angelboss.com.br\/en\/2026\/09\/01\/333867-dr-heber-videira-conecta-ciencia-e-politicas-publicas\/","title":{"rendered":"Dr. Heber Videira conecta ci\u00eancia e pol\u00edticas p\u00fablicas"},"content":{"rendered":"<p>Uma bolsa de estudos em escola p\u00fablica abriu o caminho do f\u00edsico m\u00e9dico <a rel=\"follow\" href=\"https:\/\/www.instagram.com\/dr_heber_videira\/\">Heber Sim\u00f5es Videira<\/a>. Em 19 anos de Medicina Nuclear, ele atuou em produ\u00e7\u00e3o de radiois\u00f3topos, radiofarm\u00e1cia, log\u00edstica e regula\u00e7\u00e3o, e hoje leva essa experi\u00eancia ao debate de pol\u00edticas p\u00fablicas, como o <a rel=\"follow\" href=\"https:\/\/www25.senado.leg.br\/web\/atividade\/materias\/-\/materia\/168436\">PL 2167\/2025<\/a>. Nesta entrevista, ele conta esse percurso.<\/p>\n<p><strong>1 &#8211; Sua trajet\u00f3ria come\u00e7ou muito distante dos espa\u00e7os que ocupa hoje. Como a F\u00edsica mudou esse caminho?<\/strong><\/p>\n<p>&quot;Venho de uma fam\u00edlia humilde e, desde jovem, vi na educa\u00e7\u00e3o e na ci\u00eancia uma possibilidade de futuro. Estudei em escola p\u00fablica e no SENAI e, sem condi\u00e7\u00f5es de custear a faculdade, consegui uma bolsa pelo Programa Escola da Fam\u00edlia do governo de SP. Fui professor de F\u00edsica em escola p\u00fablica por cinco anos. Pela F\u00edsica, cheguei \u00e0 F\u00edsica M\u00e9dica e, depois, \u00e0 Medicina Nuclear. Ali encontrei uma profiss\u00e3o em que uni a ci\u00eancia, tecnologia e impacto na vida das pessoas. Uma pol\u00edtica p\u00fablica abriu uma porta para mim. Anos depois, entendi que eu deveria levar de volta conhecimento e oportunidade \u00e0s pessoas&quot;.<\/p>\n<p><strong>2 &#8211; E como essa forma\u00e7\u00e3o se transformou em uma atua\u00e7\u00e3o t\u00e3o ampla?<\/strong><\/p>\n<p>&quot;Em 19 anos, vivi toda a cadeia da Medicina Nuclear: atuei em produ\u00e7\u00e3o de radiois\u00f3topos, radiofarm\u00e1cia, assist\u00eancia hospitalar, pesquisa, log\u00edstica, prote\u00e7\u00e3o radiol\u00f3gica e regula\u00e7\u00e3o. No doutorado, contribu\u00ed no desenvolvimento da produ\u00e7\u00e3o de radiof\u00e1rmacos destinados ao diagn\u00f3stico e estadiamento do c\u00e2ncer de pr\u00f3stata em um hospital p\u00fablico. Como fundador da <strong>MEDICAL ALD<\/strong>, empresa de distribui\u00e7\u00e3o e log\u00edstica de radiof\u00e1rmacos, conheci 151 das 453 unidades de Medicina Nuclear do pa\u00eds e, na pr\u00e1tica, diferentes realidades e o caminho da produ\u00e7\u00e3o ao paciente. Com a m\u00e9dica nuclear, Dra. Mayara Torres, fundamos o <strong>MEDICAL ISOTALKS<\/strong>, podcast brasileiro dedicado \u00e0 \u00e1rea, que j\u00e1 alcan\u00e7ou 17 pa\u00edses&quot;.<\/p>\n<p><strong>3 &#8211; Em que momento percebeu que poderia fazer diferen\u00e7a tamb\u00e9m al\u00e9m da \u00e1rea t\u00e9cnica?<\/strong><\/p>\n<p>&quot;Quanto mais eu conhecia servi\u00e7os, profissionais e diferentes realidades, mais percebia que alguns problemas n\u00e3o seriam resolvidos apenas no laborat\u00f3rio, hospital ou empresa. Os encontros e conselhos de Alexandre Alcantara, deputado federal suplente e vice-presidente da <strong>ABDIMA<\/strong>, foram importantes. Passei a compreender a articula\u00e7\u00e3o institucional e percebi que minha experi\u00eancia t\u00e9cnica poderia contribuir nas decis\u00f5es sobre ci\u00eancia, inova\u00e7\u00e3o e acesso \u00e0 sa\u00fade. Ampliei minha atua\u00e7\u00e3o; n\u00e3o mudei de carreira. N\u00e3o deixei a ci\u00eancia para entrar na pol\u00edtica. Continuo sendo f\u00edsico m\u00e9dico, mas percebi que eu tinha que levar o conhecimento que constru\u00ed para outros espa\u00e7os. Hoje, levo a ci\u00eancia para onde as decis\u00f5es que determinam seu futuro s\u00e3o tomadas&quot;.<\/p>\n<p><strong>4 &#8211; Sua experi\u00eancia chegou tamb\u00e9m ao debate internacional. O que trouxe dessa viv\u00eancia para o Brasil?<\/strong><\/p>\n<p>&quot;Aprendi que n\u00e3o basta produzir inova\u00e7\u00e3o: ela precisa chegar ao paciente. Com radiof\u00e1rmacos, isso \u00e9 ainda mais cr\u00edtico, porque lutamos contra o tempo. Levei \u00e0 Ag\u00eancia Internacional de Energia At\u00f4mica a experi\u00eancia que desenvolvi na MEDICAL ALD com a mitiga\u00e7\u00e3o de <em>denial and delay<\/em> \u2014 recusas e atrasos no transporte de radiof\u00e1rmacos \u2014 e trouxe conhecimento e experi\u00eancias para aproximar operadores, institui\u00e7\u00f5es e profissionais brasileiros. Deixei de enxergar apenas os elos e passei a enxergar a cadeia inteira e como ci\u00eancia, tecnologia, inova\u00e7\u00e3o e pol\u00edticas p\u00fablicas precisam estar conectadas&quot;.<\/p>\n<p><strong>5 &#8211; Ap\u00f3s construir sua trajet\u00f3ria na Medicina Nuclear, o que o levou a ampliar esse horizonte para a medicina avan\u00e7ada?<\/strong><\/p>\n<p>&quot;Foi na Medicina Nuclear que entrei em contato com imagem molecular, teran\u00f3stico, radiof\u00e1rmacos, dosimetria e medicina de precis\u00e3o. Nessa trajet\u00f3ria, enxerguei conex\u00f5es com intelig\u00eancia artificial, gen\u00f4mica, terapias g\u00eanicas e celulares, patologia digital, biologia molecular e outras tecnologias. Percebi que o futuro da sa\u00fade n\u00e3o seria constru\u00eddo em uma \u00fanica especialidade. Para mim, medicina avan\u00e7ada \u00e9 a converg\u00eancia entre ci\u00eancia e tecnologia para tornar diagn\u00f3stico e tratamento mais precisos, personalizados e acess\u00edveis. Dessa vis\u00e3o nasceu a ABDIMA \u2014 Associa\u00e7\u00e3o Brasileira de Desenvolvimento e Integra\u00e7\u00e3o da Medicina Avan\u00e7ada, que fundei e hoje presido&quot;.<\/p>\n<p><strong>6 &#8211; E como o senhor est\u00e1 transformando essa vis\u00e3o em a\u00e7\u00f5es concretas?<\/strong><\/p>\n<p>&quot;Hoje atuo na interse\u00e7\u00e3o desses campos. Na USP, mantenho minha liga\u00e7\u00e3o com pesquisa; na MEDICAL ALD, atuo com inova\u00e7\u00e3o, novos neg\u00f3cios, distribui\u00e7\u00e3o e log\u00edstica de radiof\u00e1rmacos; na ABDIMA, trabalho para aproximar os atores da medicina avan\u00e7ada. Tenho levado essa experi\u00eancia ao debate de pol\u00edticas p\u00fablicas. Mantenho interlocu\u00e7\u00e3o com o Congresso Nacional e acompanho discuss\u00f5es como o PL 2167\/2025. Defendo profundamente um Plano Nacional de Desenvolvimento da Medicina Nuclear, conectando produ\u00e7\u00e3o de radiois\u00f3topos, regionaliza\u00e7\u00e3o, descentraliza\u00e7\u00e3o da produ\u00e7\u00e3o de radiof\u00e1rmacos, tipos de radiofarm\u00e1cias, radiof\u00e1rmacos in house, log\u00edstica, forma\u00e7\u00e3o, regula\u00e7\u00e3o e financiamento. N\u00e3o quero apenas apontar problemas. Quero aproximar pessoas, construir propostas e criar mecanismos para tirar boas ideias do papel&quot;.<\/p>\n<p><strong>7 &#8211; Depois de tudo o que construiu, que legado o Dr. Heber Videira gostaria de deixar?<\/strong><\/p>\n<p>&quot;Espero que, daqui a dez ou vinte anos, eu veja a Medicina Nuclear distribu\u00edda aos confins do pa\u00eds e que o acesso n\u00e3o dependa mais do CEP do paciente. Quero ver os avan\u00e7os da medicina mais acess\u00edveis, inclusive integrados ao SUS, e continuar sendo f\u00edsico m\u00e9dico, pesquisador e empreendedor, mas tamb\u00e9m algu\u00e9m capaz de conectar ci\u00eancia, inova\u00e7\u00e3o e pol\u00edticas p\u00fablicas. Sou esposo e pai de dois filhos e penso em legado. Para mim, sucesso n\u00e3o \u00e9 apenas construir uma carreira, participar de projetos ou publicar trabalhos. \u00c9 fazer o conhecimento gerar transforma\u00e7\u00e3o e abrir caminhos, como um dia abriram para mim. Quando voc\u00ea acredita e ama o que faz, o imposs\u00edvel come\u00e7a a se tornar poss\u00edvel. Quero que outras pessoas tamb\u00e9m acreditem nelas mesmas, como eu aprendi a acreditar em mim. Quero olhar para tr\u00e1s e perceber que n\u00e3o apenas acompanhei a transforma\u00e7\u00e3o da medicina brasileira, mas fui um dos respons\u00e1veis por essa transforma\u00e7\u00e3o&quot;.<\/p>\n<p>Para conhecer mais, basta acessar: <a rel=\"follow\" href=\"https:\/\/www.instagram.com\/dr_heber_videira\/\">instagram.com\/dr_heber_videira<\/a><\/p>\n<p><img src='https:\/\/api.dino.com.br\/v2\/news\/tr\/333867?partnerId=4593' alt=\"\" style=\"border:0px;width:1px;height:1px;\" \/><\/p>","protected":false},"excerpt":{"rendered":"<p>Em 19 anos, Dr. Heber Videira construiu uma trajet\u00f3ria entre ci\u00eancia, assist\u00eancia, ind\u00fastria, log\u00edstica e inova\u00e7\u00e3o. Pesquisador colaborador da Faculdade de Medicina da USP, fundador da MEDICAL ALD, criador do MEDICAL ISOTALKS e presidente-fundador da ABDIMA, hoje amplia sua atua\u00e7\u00e3o na medicina avan\u00e7ada e nas pol\u00edticas p\u00fablicas.<\/p>","protected":false},"author":3,"featured_media":34819,"comment_status":"open","ping_status":"open","sticky":false,"template":"","format":"standard","meta":{"_seopress_titles_title":"","_seopress_titles_desc":"","_seopress_robots_index":"","_seopress_robots_follow":"","_seopress_robots_imageindex":"","_seopress_robots_snippet":"","_seopress_robots_primary_cat":"","_seopress_robots_breadcrumbs":"","_seopress_robots_freeze_modified_date":"","_seopress_robots_custom_modified_date":"","_seopress_robots_canonical":"","_seopress_social_fb_title":"","_seopress_social_fb_desc":"","_seopress_social_fb_img":"","_seopress_social_fb_img_attachment_id":0,"_seopress_social_fb_img_width":0,"_seopress_social_fb_img_height":0,"_seopress_social_twitter_title":"","_seopress_social_twitter_desc":"","_seopress_social_twitter_img":"","_seopress_social_twitter_img_attachment_id":0,"_seopress_social_twitter_img_width":0,"_seopress_social_twitter_img_height":0,"_seopress_redirections_value":"","_seopress_redirections_enabled":"","_seopress_redirections_enabled_regex":"","_seopress_redirections_logged_status":"","_seopress_redirections_param":"","_seopress_redirections_type":0,"_seopress_analysis_target_kw":"","page_builder":"","footnotes":""},"categories":[315],"tags":[359,341,369,352,351],"class_list":["post-34818","post","type-post","status-publish","format-standard","has-post-thumbnail","category-noticias-corporativas-dino","tag-ciencia","tag-economia","tag-politicas","tag-saude-e-bem-estar","tag-sociedade"],"yoast_head":"<!-- This site is optimized with the Yoast SEO plugin v28.3 - https:\/\/yoast.com\/product\/yoast-seo-wordpress\/ -->\n<title>Dr. Heber Videira conecta ci\u00eancia e pol\u00edticas p\u00fablicas - Portal Masculino de Moda, Beleza, Luxo and Business - Angel Boss<\/title>\n<meta name=\"robots\" content=\"index, follow, max-snippet:-1, max-image-preview:large, max-video-preview:-1\" \/>\n<link rel=\"canonical\" href=\"https:\/\/angelboss.com.br\/en\/2026\/09\/01\/333867-dr-heber-videira-conecta-ciencia-e-politicas-publicas\/\" \/>\n<meta property=\"og:locale\" content=\"en_US\" \/>\n<meta property=\"og:type\" content=\"article\" \/>\n<meta property=\"og:title\" content=\"Dr. Heber Videira conecta ci\u00eancia e pol\u00edticas p\u00fablicas - Portal Masculino de Moda, Beleza, Luxo and Business - Angel Boss\" \/>\n<meta property=\"og:description\" content=\"Em 19 anos, Dr. Heber Videira construiu uma trajet\u00f3ria entre ci\u00eancia, assist\u00eancia, ind\u00fastria, log\u00edstica e inova\u00e7\u00e3o. Pesquisador colaborador da Faculdade de Medicina da USP, fundador da MEDICAL ALD, criador do MEDICAL ISOTALKS e presidente-fundador da ABDIMA, hoje amplia sua atua\u00e7\u00e3o na medicina avan\u00e7ada e nas pol\u00edticas p\u00fablicas.\" \/>\n<meta property=\"og:url\" content=\"https:\/\/angelboss.com.br\/en\/2026\/09\/01\/333867-dr-heber-videira-conecta-ciencia-e-politicas-publicas\/\" \/>\n<meta property=\"og:site_name\" content=\"Portal Masculino de Moda, Beleza, Luxo and Business - Angel Boss\" \/>\n<meta property=\"article:published_time\" content=\"2026-09-01T00:00:00+00:00\" \/>\n<meta property=\"og:image\" content=\"https:\/\/api.dino.com.br\/v2\/news\/tr\/333867?partnerId=4593\" \/>\n<meta name=\"author\" content=\"DINO\" \/>\n<meta name=\"twitter:card\" content=\"summary_large_image\" \/>\n<meta name=\"twitter:label1\" content=\"Written by\" \/>\n\t<meta name=\"twitter:data1\" content=\"DINO\" \/>\n\t<meta name=\"twitter:label2\" content=\"Est. reading time\" \/>\n\t<meta name=\"twitter:data2\" content=\"5 minutes\" \/>\n<script type=\"application\/ld+json\" class=\"yoast-schema-graph\">{\"@context\":\"https:\\\/\\\/schema.org\",\"@graph\":[{\"@type\":\"Article\",\"@id\":\"https:\\\/\\\/angelboss.com.br\\\/2026\\\/09\\\/01\\\/333867-dr-heber-videira-conecta-ciencia-e-politicas-publicas\\\/#article\",\"isPartOf\":{\"@id\":\"https:\\\/\\\/angelboss.com.br\\\/2026\\\/09\\\/01\\\/333867-dr-heber-videira-conecta-ciencia-e-politicas-publicas\\\/\"},\"author\":{\"name\":\"DINO\",\"@id\":\"http:\\\/\\\/angelboss.com.br\\\/#\\\/schema\\\/person\\\/b6676b8d991f97199ef2d5b8e5c2d8a5\"},\"headline\":\"Dr. Heber Videira conecta ci\u00eancia e pol\u00edticas p\u00fablicas\",\"datePublished\":\"2026-09-01T00:00:00+00:00\",\"mainEntityOfPage\":{\"@id\":\"https:\\\/\\\/angelboss.com.br\\\/2026\\\/09\\\/01\\\/333867-dr-heber-videira-conecta-ciencia-e-politicas-publicas\\\/\"},\"wordCount\":1104,\"commentCount\":0,\"publisher\":{\"@id\":\"http:\\\/\\\/angelboss.com.br\\\/#organization\"},\"image\":{\"@id\":\"https:\\\/\\\/angelboss.com.br\\\/2026\\\/09\\\/01\\\/333867-dr-heber-videira-conecta-ciencia-e-politicas-publicas\\\/#primaryimage\"},\"thumbnailUrl\":\"https:\\\/\\\/angelboss.com.br\\\/wp-content\\\/uploads\\\/2026\\\/09\\\/6b38c71b-f704-4316-ae92-ba3747c8e181.jpeg\",\"keywords\":[\"CI\u00caNCIA\",\"ECONOMIA\",\"POL\u00cdTICAS\",\"SA\u00daDE E BEM-ESTAR\",\"SOCIEDADE\"],\"articleSection\":[\"Not\u00edcias Corporativas\"],\"inLanguage\":\"en-US\",\"potentialAction\":[{\"@type\":\"CommentAction\",\"name\":\"Comment\",\"target\":[\"https:\\\/\\\/angelboss.com.br\\\/2026\\\/09\\\/01\\\/333867-dr-heber-videira-conecta-ciencia-e-politicas-publicas\\\/#respond\"]}]},{\"@type\":\"WebPage\",\"@id\":\"https:\\\/\\\/angelboss.com.br\\\/2026\\\/09\\\/01\\\/333867-dr-heber-videira-conecta-ciencia-e-politicas-publicas\\\/\",\"url\":\"https:\\\/\\\/angelboss.com.br\\\/2026\\\/09\\\/01\\\/333867-dr-heber-videira-conecta-ciencia-e-politicas-publicas\\\/\",\"name\":\"Dr. Heber Videira conecta ci\u00eancia e pol\u00edticas p\u00fablicas - Portal Masculino de Moda, Beleza, Luxo and Business - Angel Boss\",\"isPartOf\":{\"@id\":\"http:\\\/\\\/angelboss.com.br\\\/#website\"},\"primaryImageOfPage\":{\"@id\":\"https:\\\/\\\/angelboss.com.br\\\/2026\\\/09\\\/01\\\/333867-dr-heber-videira-conecta-ciencia-e-politicas-publicas\\\/#primaryimage\"},\"image\":{\"@id\":\"https:\\\/\\\/angelboss.com.br\\\/2026\\\/09\\\/01\\\/333867-dr-heber-videira-conecta-ciencia-e-politicas-publicas\\\/#primaryimage\"},\"thumbnailUrl\":\"https:\\\/\\\/angelboss.com.br\\\/wp-content\\\/uploads\\\/2026\\\/09\\\/6b38c71b-f704-4316-ae92-ba3747c8e181.jpeg\",\"datePublished\":\"2026-09-01T00:00:00+00:00\",\"breadcrumb\":{\"@id\":\"https:\\\/\\\/angelboss.com.br\\\/2026\\\/09\\\/01\\\/333867-dr-heber-videira-conecta-ciencia-e-politicas-publicas\\\/#breadcrumb\"},\"inLanguage\":\"en-US\",\"potentialAction\":[{\"@type\":\"ReadAction\",\"target\":[\"https:\\\/\\\/angelboss.com.br\\\/2026\\\/09\\\/01\\\/333867-dr-heber-videira-conecta-ciencia-e-politicas-publicas\\\/\"]}]},{\"@type\":\"ImageObject\",\"inLanguage\":\"en-US\",\"@id\":\"https:\\\/\\\/angelboss.com.br\\\/2026\\\/09\\\/01\\\/333867-dr-heber-videira-conecta-ciencia-e-politicas-publicas\\\/#primaryimage\",\"url\":\"https:\\\/\\\/angelboss.com.br\\\/wp-content\\\/uploads\\\/2026\\\/09\\\/6b38c71b-f704-4316-ae92-ba3747c8e181.jpeg\",\"contentUrl\":\"https:\\\/\\\/angelboss.com.br\\\/wp-content\\\/uploads\\\/2026\\\/09\\\/6b38c71b-f704-4316-ae92-ba3747c8e181.jpeg\",\"width\":800,\"height\":800,\"caption\":\"6b38c71b f704 4316 ae92 ba3747c8e181\"},{\"@type\":\"BreadcrumbList\",\"@id\":\"https:\\\/\\\/angelboss.com.br\\\/2026\\\/09\\\/01\\\/333867-dr-heber-videira-conecta-ciencia-e-politicas-publicas\\\/#breadcrumb\",\"itemListElement\":[{\"@type\":\"ListItem\",\"position\":1,\"name\":\"In\u00edcio\",\"item\":\"http:\\\/\\\/angelboss.com.br\\\/\"},{\"@type\":\"ListItem\",\"position\":2,\"name\":\"Dr. Heber Videira conecta ci\u00eancia e pol\u00edticas p\u00fablicas\"}]},{\"@type\":\"WebSite\",\"@id\":\"http:\\\/\\\/angelboss.com.br\\\/#website\",\"url\":\"http:\\\/\\\/angelboss.com.br\\\/\",\"name\":\"Portal Masculino de Moda, Beleza, Luxo e Business - Angel Boss\",\"description\":\"O Maior Portal sobre Moda, Luxo, Beleza e Business Masculino do Brasil\",\"publisher\":{\"@id\":\"http:\\\/\\\/angelboss.com.br\\\/#organization\"},\"alternateName\":\"Maior Portal e Blog de Beleza Masculina e Luxo\",\"potentialAction\":[{\"@type\":\"SearchAction\",\"target\":{\"@type\":\"EntryPoint\",\"urlTemplate\":\"http:\\\/\\\/angelboss.com.br\\\/?s={search_term_string}\"},\"query-input\":{\"@type\":\"PropertyValueSpecification\",\"valueRequired\":true,\"valueName\":\"search_term_string\"}}],\"inLanguage\":\"en-US\"},{\"@type\":\"Organization\",\"@id\":\"http:\\\/\\\/angelboss.com.br\\\/#organization\",\"name\":\"Portal Masculino de Moda, Beleza, Luxo and Business - Angel Boss\",\"url\":\"http:\\\/\\\/angelboss.com.br\\\/\",\"logo\":{\"@type\":\"ImageObject\",\"inLanguage\":\"en-US\",\"@id\":\"http:\\\/\\\/angelboss.com.br\\\/#\\\/schema\\\/logo\\\/image\\\/\",\"url\":\"https:\\\/\\\/angelboss.com.br\\\/wp-content\\\/uploads\\\/2025\\\/12\\\/WhatsApp-Image-2025-12-11-at-12.54.26.jpeg\",\"contentUrl\":\"https:\\\/\\\/angelboss.com.br\\\/wp-content\\\/uploads\\\/2025\\\/12\\\/WhatsApp-Image-2025-12-11-at-12.54.26.jpeg\",\"width\":1280,\"height\":1280,\"caption\":\"Portal Masculino de Moda, Beleza, Luxo and Business - Angel Boss\"},\"image\":{\"@id\":\"http:\\\/\\\/angelboss.com.br\\\/#\\\/schema\\\/logo\\\/image\\\/\"}},{\"@type\":\"Person\",\"@id\":\"http:\\\/\\\/angelboss.com.br\\\/#\\\/schema\\\/person\\\/b6676b8d991f97199ef2d5b8e5c2d8a5\",\"name\":\"DINO\",\"image\":{\"@type\":\"ImageObject\",\"inLanguage\":\"en-US\",\"@id\":\"https:\\\/\\\/secure.gravatar.com\\\/avatar\\\/f29568383aedf96da155b6f87103b0e04b1c662f982055cda25086444ab33ff8?s=96&d=mm&r=g\",\"url\":\"https:\\\/\\\/secure.gravatar.com\\\/avatar\\\/f29568383aedf96da155b6f87103b0e04b1c662f982055cda25086444ab33ff8?s=96&d=mm&r=g\",\"contentUrl\":\"https:\\\/\\\/secure.gravatar.com\\\/avatar\\\/f29568383aedf96da155b6f87103b0e04b1c662f982055cda25086444ab33ff8?s=96&d=mm&r=g\",\"caption\":\"DINO\"},\"url\":\"https:\\\/\\\/angelboss.com.br\\\/en\\\/author\\\/DINO\\\/\"}]}<\/script>\n<!-- \/ Yoast SEO plugin. -->","yoast_head_json":{"title":"Dr. Heber Videira conecta ci\u00eancia e pol\u00edticas p\u00fablicas - Portal Masculino de Moda, Beleza, Luxo and Business - Angel Boss","robots":{"index":"index","follow":"follow","max-snippet":"max-snippet:-1","max-image-preview":"max-image-preview:large","max-video-preview":"max-video-preview:-1"},"canonical":"https:\/\/angelboss.com.br\/en\/2026\/09\/01\/333867-dr-heber-videira-conecta-ciencia-e-politicas-publicas\/","og_locale":"en_US","og_type":"article","og_title":"Dr. Heber Videira conecta ci\u00eancia e pol\u00edticas p\u00fablicas - Portal Masculino de Moda, Beleza, Luxo and Business - Angel Boss","og_description":"Em 19 anos, Dr. Heber Videira construiu uma trajet\u00f3ria entre ci\u00eancia, assist\u00eancia, ind\u00fastria, log\u00edstica e inova\u00e7\u00e3o. Pesquisador colaborador da Faculdade de Medicina da USP, fundador da MEDICAL ALD, criador do MEDICAL ISOTALKS e presidente-fundador da ABDIMA, hoje amplia sua atua\u00e7\u00e3o na medicina avan\u00e7ada e nas pol\u00edticas p\u00fablicas.","og_url":"https:\/\/angelboss.com.br\/en\/2026\/09\/01\/333867-dr-heber-videira-conecta-ciencia-e-politicas-publicas\/","og_site_name":"Portal Masculino de Moda, Beleza, Luxo and Business - Angel Boss","article_published_time":"2026-09-01T00:00:00+00:00","og_image":[{"url":"https:\/\/api.dino.com.br\/v2\/news\/tr\/333867?partnerId=4593","type":"","width":"","height":""}],"author":"DINO","twitter_card":"summary_large_image","twitter_misc":{"Written by":"DINO","Est. reading time":"5 minutes"},"schema":{"@context":"https:\/\/schema.org","@graph":[{"@type":"Article","@id":"https:\/\/angelboss.com.br\/2026\/09\/01\/333867-dr-heber-videira-conecta-ciencia-e-politicas-publicas\/#article","isPartOf":{"@id":"https:\/\/angelboss.com.br\/2026\/09\/01\/333867-dr-heber-videira-conecta-ciencia-e-politicas-publicas\/"},"author":{"name":"DINO","@id":"http:\/\/angelboss.com.br\/#\/schema\/person\/b6676b8d991f97199ef2d5b8e5c2d8a5"},"headline":"Dr. Heber Videira conecta ci\u00eancia e pol\u00edticas p\u00fablicas","datePublished":"2026-09-01T00:00:00+00:00","mainEntityOfPage":{"@id":"https:\/\/angelboss.com.br\/2026\/09\/01\/333867-dr-heber-videira-conecta-ciencia-e-politicas-publicas\/"},"wordCount":1104,"commentCount":0,"publisher":{"@id":"http:\/\/angelboss.com.br\/#organization"},"image":{"@id":"https:\/\/angelboss.com.br\/2026\/09\/01\/333867-dr-heber-videira-conecta-ciencia-e-politicas-publicas\/#primaryimage"},"thumbnailUrl":"https:\/\/angelboss.com.br\/wp-content\/uploads\/2026\/09\/6b38c71b-f704-4316-ae92-ba3747c8e181.jpeg","keywords":["CI\u00caNCIA","ECONOMIA","POL\u00cdTICAS","SA\u00daDE E BEM-ESTAR","SOCIEDADE"],"articleSection":["Not\u00edcias Corporativas"],"inLanguage":"en-US","potentialAction":[{"@type":"CommentAction","name":"Comment","target":["https:\/\/angelboss.com.br\/2026\/09\/01\/333867-dr-heber-videira-conecta-ciencia-e-politicas-publicas\/#respond"]}]},{"@type":"WebPage","@id":"https:\/\/angelboss.com.br\/2026\/09\/01\/333867-dr-heber-videira-conecta-ciencia-e-politicas-publicas\/","url":"https:\/\/angelboss.com.br\/2026\/09\/01\/333867-dr-heber-videira-conecta-ciencia-e-politicas-publicas\/","name":"Dr. Heber Videira conecta ci\u00eancia e pol\u00edticas p\u00fablicas - Portal Masculino de Moda, Beleza, Luxo and Business - Angel Boss","isPartOf":{"@id":"http:\/\/angelboss.com.br\/#website"},"primaryImageOfPage":{"@id":"https:\/\/angelboss.com.br\/2026\/09\/01\/333867-dr-heber-videira-conecta-ciencia-e-politicas-publicas\/#primaryimage"},"image":{"@id":"https:\/\/angelboss.com.br\/2026\/09\/01\/333867-dr-heber-videira-conecta-ciencia-e-politicas-publicas\/#primaryimage"},"thumbnailUrl":"https:\/\/angelboss.com.br\/wp-content\/uploads\/2026\/09\/6b38c71b-f704-4316-ae92-ba3747c8e181.jpeg","datePublished":"2026-09-01T00:00:00+00:00","breadcrumb":{"@id":"https:\/\/angelboss.com.br\/2026\/09\/01\/333867-dr-heber-videira-conecta-ciencia-e-politicas-publicas\/#breadcrumb"},"inLanguage":"en-US","potentialAction":[{"@type":"ReadAction","target":["https:\/\/angelboss.com.br\/2026\/09\/01\/333867-dr-heber-videira-conecta-ciencia-e-politicas-publicas\/"]}]},{"@type":"ImageObject","inLanguage":"en-US","@id":"https:\/\/angelboss.com.br\/2026\/09\/01\/333867-dr-heber-videira-conecta-ciencia-e-politicas-publicas\/#primaryimage","url":"https:\/\/angelboss.com.br\/wp-content\/uploads\/2026\/09\/6b38c71b-f704-4316-ae92-ba3747c8e181.jpeg","contentUrl":"https:\/\/angelboss.com.br\/wp-content\/uploads\/2026\/09\/6b38c71b-f704-4316-ae92-ba3747c8e181.jpeg","width":800,"height":800,"caption":"6b38c71b f704 4316 ae92 ba3747c8e181"},{"@type":"BreadcrumbList","@id":"https:\/\/angelboss.com.br\/2026\/09\/01\/333867-dr-heber-videira-conecta-ciencia-e-politicas-publicas\/#breadcrumb","itemListElement":[{"@type":"ListItem","position":1,"name":"In\u00edcio","item":"http:\/\/angelboss.com.br\/"},{"@type":"ListItem","position":2,"name":"Dr. Heber Videira conecta ci\u00eancia e pol\u00edticas p\u00fablicas"}]},{"@type":"WebSite","@id":"http:\/\/angelboss.com.br\/#website","url":"http:\/\/angelboss.com.br\/","name":"Portal Masculino de Moda, Beleza, Luxo e Business - Angel Boss","description":"O Maior Portal sobre Moda, Luxo, Beleza e Business Masculino do Brasil","publisher":{"@id":"http:\/\/angelboss.com.br\/#organization"},"alternateName":"Maior Portal e Blog de Beleza Masculina e Luxo","potentialAction":[{"@type":"SearchAction","target":{"@type":"EntryPoint","urlTemplate":"http:\/\/angelboss.com.br\/?s={search_term_string}"},"query-input":{"@type":"PropertyValueSpecification","valueRequired":true,"valueName":"search_term_string"}}],"inLanguage":"en-US"},{"@type":"Organization","@id":"http:\/\/angelboss.com.br\/#organization","name":"Portal Masculino de Moda, Beleza, Luxo and Business - Angel Boss","url":"http:\/\/angelboss.com.br\/","logo":{"@type":"ImageObject","inLanguage":"en-US","@id":"http:\/\/angelboss.com.br\/#\/schema\/logo\/image\/","url":"https:\/\/angelboss.com.br\/wp-content\/uploads\/2025\/12\/WhatsApp-Image-2025-12-11-at-12.54.26.jpeg","contentUrl":"https:\/\/angelboss.com.br\/wp-content\/uploads\/2025\/12\/WhatsApp-Image-2025-12-11-at-12.54.26.jpeg","width":1280,"height":1280,"caption":"Portal Masculino de Moda, Beleza, Luxo and Business - Angel Boss"},"image":{"@id":"http:\/\/angelboss.com.br\/#\/schema\/logo\/image\/"}},{"@type":"Person","@id":"http:\/\/angelboss.com.br\/#\/schema\/person\/b6676b8d991f97199ef2d5b8e5c2d8a5","name":"DINO","image":{"@type":"ImageObject","inLanguage":"en-US","@id":"https:\/\/secure.gravatar.com\/avatar\/f29568383aedf96da155b6f87103b0e04b1c662f982055cda25086444ab33ff8?s=96&d=mm&r=g","url":"https:\/\/secure.gravatar.com\/avatar\/f29568383aedf96da155b6f87103b0e04b1c662f982055cda25086444ab33ff8?s=96&d=mm&r=g","contentUrl":"https:\/\/secure.gravatar.com\/avatar\/f29568383aedf96da155b6f87103b0e04b1c662f982055cda25086444ab33ff8?s=96&d=mm&r=g","caption":"DINO"},"url":"https:\/\/angelboss.com.br\/en\/author\/DINO\/"}]}},"amp_enabled":true,"_links":{"self":[{"href":"https:\/\/angelboss.com.br\/en\/wp-json\/wp\/v2\/posts\/34818","targetHints":{"allow":["GET"]}}],"collection":[{"href":"https:\/\/angelboss.com.br\/en\/wp-json\/wp\/v2\/posts"}],"about":[{"href":"https:\/\/angelboss.com.br\/en\/wp-json\/wp\/v2\/types\/post"}],"author":[{"embeddable":true,"href":"https:\/\/angelboss.com.br\/en\/wp-json\/wp\/v2\/users\/3"}],"replies":[{"embeddable":true,"href":"https:\/\/angelboss.com.br\/en\/wp-json\/wp\/v2\/comments?post=34818"}],"version-history":[{"count":0,"href":"https:\/\/angelboss.com.br\/en\/wp-json\/wp\/v2\/posts\/34818\/revisions"}],"wp:featuredmedia":[{"embeddable":true,"href":"https:\/\/angelboss.com.br\/en\/wp-json\/wp\/v2\/media\/34819"}],"wp:attachment":[{"href":"https:\/\/angelboss.com.br\/en\/wp-json\/wp\/v2\/media?parent=34818"}],"wp:term":[{"taxonomy":"category","embeddable":true,"href":"https:\/\/angelboss.com.br\/en\/wp-json\/wp\/v2\/categories?post=34818"},{"taxonomy":"post_tag","embeddable":true,"href":"https:\/\/angelboss.com.br\/en\/wp-json\/wp\/v2\/tags?post=34818"}],"curies":[{"name":"wp","href":"https:\/\/api.w.org\/{rel}","templated":true}]}}