{"id":34642,"date":"2026-08-31T18:18:19","date_gmt":"2026-08-31T18:18:19","guid":{"rendered":"https:\/\/angelboss.com.br\/?p=34642"},"modified":"2026-08-31T18:18:22","modified_gmt":"2026-08-31T18:18:22","slug":"jk-iguatemi-pina-no-jk-2026","status":"publish","type":"post","link":"https:\/\/angelboss.com.br\/en\/2026\/08\/31\/jk-iguatemi-pina-no-jk-2026\/","title":{"rendered":"JK IGUATEMI APRESENTA A 7\u00aa EDI\u00c7\u00c3O DO PROJETO PINA NO JK EM PARCERIA COM A PINACOTECA DE S\u00c3O PAULO"},"content":{"rendered":"<p class=\"wp-block-paragraph\"><strong>Iguatemi S.A. e Pinacoteca de S\u00e3o Paulo celebram 30 anos de parceria. A partir de 20 de agosto, a 7\u00aa edi\u00e7\u00e3o do Pina no JK exibeobras em xilogravura e v\u00eddeo de Gilvan Samicoe Gabriel Massan<\/strong>.<\/p>\n\n\n\n<figure class=\"wp-block-table\"><table class=\"has-fixed-layout\"><tbody><tr><td><img decoding=\"async\" src=\"https:\/\/ci3.googleusercontent.com\/meips\/ADKq_NY30qpFmE-zdaV4pXWmanvgPRnae_vtWDxNF2R1rJpkICSC7E9gwJ1Dg484zR9iwuMUItHkwMQrlhG-TyKcTEnGqwpkLyHFMDRbbs9FO7IvnsutA5pRNBalfMI5PfHoklKBYqj29YfuXXHPWmxVA5bKWWz-eQMs4i98mOpxj3paR97OifKu6vFmiiRVAazQCGUCB7Rt0eG04sl--_2KwEQIsR5OOV6Ydn4ObODSTxVI_JVuJfsabkMlzibjof9LEMZVv14VErkL3Zi73DC9nXn142AT9P161mVoMA=s0-d-e1-ft#https:\/\/s2601.imxsnd85.com\/7=IjZ6cDMkNTY0ojci5SbvNmLzN3bixWZn5WYAxWZn5WYvRXZupzNzcDOyIDNxATM6cmbw5SY5MDN2I2NzE2NmZDN1QDO1gjYwQDOlVDNzYDOhhjM4YkMlgjM4YkMlYTNxETMGJTJ5YzMzcTN2cTNz8VL1ETLf9VLwITLfpjM\"><a href=\"https:\/\/drive.google.com\/drive\/folders\/1HNds0SZVCIO_Fo6dx3INB3Gdz2P_t5qn?usp=sharing\" target=\"_blank\" rel=\"noopener\"><u>          Fotos: Rafael Cusato<\/u><\/a><\/td><\/tr><\/tbody><\/table><\/figure>\n\n\n\n<p class=\"wp-block-paragraph\"><strong>\u00a0<\/strong>A\u00a0<strong>Pinacoteca de S\u00e3o Paulo, museu da Secretaria da Cultura, Economia e Ind\u00fastria Criativas do Estado de S\u00e3o Paulo\u00a0<\/strong>se junta novamente ao\u00a0<strong>JK Iguatemi\u00a0<\/strong>para mais uma edi\u00e7\u00e3o do projeto\u00a0<strong>Pina no JK<\/strong>, que acontece a partir de 20 de agosto, com exibi\u00e7\u00e3o de trabalhos de Gilvan Samico e Gabriel Massan,ambos pertencentes \u00e0 cole\u00e7\u00e3o do museu. As obras ficam expostas nos Pisos 1 e 2 do shopping, localizado na Vila Ol\u00edmpia.<\/p>\n\n\n\n<p class=\"wp-block-paragraph\">Fruto de uma parceria de longa data entre Pinacoteca e a Iguatemi, o projeto Pina no JK amplia o acesso ao acervo da Pinacoteca de S\u00e3o Paulo ao apresentar obras em um espa\u00e7o de grande circula\u00e7\u00e3o, aproximando novos p\u00fablicos da arte brasileira moderna e contempor\u00e2nea.<\/p>\n\n\n\n<p class=\"wp-block-paragraph\">Distribu\u00edda em dois andares, esta edi\u00e7\u00e3o estabelece um di\u00e1logo entre artistas de diferentes gera\u00e7\u00f5es e linguagens que exploram a imagina\u00e7\u00e3o como forma de construir e reconfigurar mundos. Reunidas, elas convidam o p\u00fablico a perceber a imagina\u00e7\u00e3o como um campo de elabora\u00e7\u00e3o coletiva, capaz de tensionar o vis\u00edvel e o invis\u00edvel, o ancestral e o contempor\u00e2neo, o medo e o desejo.<\/p>\n\n\n\n<p class=\"wp-block-paragraph\">\u201cDa gravura \u00e0 imagem digital, da f\u00e1bula popular \u00e0 fic\u00e7\u00e3o especulativa, suas produ\u00e7\u00f5es mobilizam mitos, s\u00edmbolos, personagens e tecnologias para criar narrativas marcadas por conflito, encantamento e, sobretudo, desejo de transforma\u00e7\u00e3o\u201d, diz Pollyana Quintella, curadora da Pinacoteca e respons\u00e1vel pela exposi\u00e7\u00e3o.<\/p>\n\n\n\n<p class=\"wp-block-paragraph\">No Piso 1, Gabriel Massan (Rio de Janeiro, 1996), artista consagrado por criar mundos digitais constru\u00eddos com videogames e percorridos por criaturas e paisagens modeladas em 3D, apresenta a videoinstala\u00e7\u00e3o \u201cBaile do Terror\u201d (2025), obra feita em colabora\u00e7\u00e3o com outros artistas, m\u00fasicos e programadores. No que chama de \u201carqueologia ficcional\u201d, Massan inventa hist\u00f3rias e territ\u00f3rios que abordam a heran\u00e7a coloniale as profundas desigualdades da experi\u00eancia dos pa\u00edses latino-americanos.<\/p>\n\n\n\n<figure class=\"wp-block-table aligncenter\"><table class=\"has-fixed-layout\"><tbody><tr><td><img decoding=\"async\" src=\"https:\/\/ci3.googleusercontent.com\/meips\/ADKq_NaRs9KhsIG8A7gf5gJx0BCdZnmKLs4eccdavQAzd8MQPEA5xSvgBD-OtNZgfoLvxR5CGQdXj_266w8APyuncnY6VrXc2ZfIVsBtK5fsgXpxssCR0R7za2Nqu7hke2Gj-Iz4L8Y5VUxKMNMVSLdMkqz9VH1WyP7YGNFTI_rZm0uPKWLXGvaiMYv5aa5CNEwQIaV0NiSRICDvBlcJoWUmim-EIzcp25SaHcE1RMCx8HCdLKrdXY3MaQbe3uouMv3d1gaXMfOzsATcZQ60weMtZmn8-EEDouZsS484Wg=s0-d-e1-ft#https:\/\/s2601.imxsnd85.com\/0=IjZ6ATN4EWYlpjci5SbvNmLzN3bixWZn5WYAxWZn5WYvRXZupzNzcDOyIDNxATM6cmbw5yYlljZjdDO1EGO5UTO4MzYlV2N0kzMkFGM5IDOkRWYxYkMlQWYxYkMlYTNxETMGJTJ5YzMzcTN2cTNz8VL1ETLf9VLwITLfpDN\">                                         <em>Obra de GabrielMassan:\u00a0<\/em>Baile do Terror (2025)<\/td><\/tr><\/tbody><\/table><\/figure>\n\n\n\n<p class=\"wp-block-paragraph\">J\u00e1 no Piso 2, as quatro xilogravuras atravessadas pelo cordel de Gilvan Samico (Recife, 1928-2013) unem as tradi\u00e7\u00f5es eruditas e popular do sert\u00e3o e apresentam um universo de damas, cavaleiros, aves, serpentes e bestas, em composi\u00e7\u00f5es marcadas pela simetriae pelas cores vibrantes que variam entre o preto e branco. Nas obras feitas entre 1977 e 2005, vis\u00edvel e invis\u00edvel, sagrado e profano, bem e mal coexistem em tens\u00e3o constante.<\/p>\n\n\n\n<figure class=\"wp-block-table\"><table class=\"has-fixed-layout\"><tbody><tr><td><img decoding=\"async\" alt=\"\" width=\"800\" src=\"https:\/\/ci3.googleusercontent.com\/meips\/ADKq_NYDjigMIn8LHJ1m3cC4sCk8sdbDPBdn-71hum8zzhuq23E3x80v4rHmTpBaRSfLcgWweXTiC6PbT9HnDs92vPHRo06syTw1ckfJHjI5ZD6hbDUEsebDN-4yro_emN7zOia_rc56_XUxwcUVCibqn8sJx2eroO7c_YxoxyksHPfyoCtSONaX24tL8wAd12E2XPbSy5L9LhTOD_ul-rUbse8gmhLQopmKzhpwbUi8U4RS9eNvNLk2k6Am9UYZIz2XojQ6ZHzp7FEvvEu1KzHi-kSJhdohN5tfhYJKvQ=s0-d-e1-ft#https:\/\/s2601.imxsnd85.com\/3=IjZ6EmNlRzMzojci5SbvNmLzN3bixWZn5WYAxWZn5WYvRXZupzNzcDOyIDNxATM6cmbw5iYldTZ1cTMilDMzcDZkdzN1MDZzAjY0ImN0kDN3YWO0YkMlYWO0YkMlYTNxETMGJTJ5YzMzcTN2cTNz8VL1ETLf9VLwITLfpTM\"><em>Obras de Gilvan Samico:A Dama da Noite, 1928;A Fonte, 1990;A Luta dos Homens, 1977;J\u00falia e a chuva de prata, 2005.<\/em><\/td><\/tr><\/tbody><\/table><\/figure>\n\n\n\n<p class=\"wp-block-paragraph\">Vale lembrar que, em 2024, o Iguatemi S\u00e3o Paulo foi um dos patrocinadores da exposi\u00e7\u00e3o \u201cGabriel Massan: Terceiro Mundo, a dimens\u00e3o descoberta\u201d, na Galeria Pra\u00e7a da Pina Contempor\u00e2nea. Al\u00e9m disso, a obra agora exposta foi doada pelo Iguatemi\u00e0 Pinacoteca em 2026.<\/p>\n\n\n\n<p class=\"wp-block-paragraph\">Em 2028, a Iguatemi e Pinacoteca celebrar\u00e3o 30 anos de parceria desde a primeira obra doada pela Iguatemiao museu. Nesseper\u00edodo, foram mais de setentadoa\u00e7\u00f5es, refor\u00e7ando o compromisso da marca com a arte e a cultura brasileiras.<\/p>\n\n\n\n<p class=\"wp-block-paragraph\">\u201cAcreditamos que a arte \u00e9 uma linguagem de transforma\u00e7\u00e3o coletiva, capaz de ressignificar experi\u00eancias. H\u00e1 quase 30 anos, essa convic\u00e7\u00e3o nos une \u00e0 Pinacoteca de S\u00e3o Paulo, reafirmando nosso compromisso com a promo\u00e7\u00e3o da criatividade e da pluralidade das express\u00f5es art\u00edsticas. Receber Gilvan Samico e Gabriel Massan nesta edi\u00e7\u00e3o \u00e9 celebrar justamente essa diversidade de gera\u00e7\u00f5es e linguagens&#8221;, afirma Carlos Jereissati Filho, membro do Conselho da Iguatemi S.A.<\/p>\n\n\n\n<figure class=\"wp-block-table aligncenter\"><table class=\"has-fixed-layout\"><tbody><tr><td><img decoding=\"async\" width=\"624\" src=\"https:\/\/ci3.googleusercontent.com\/meips\/ADKq_NbYH4cusSPXWvbn9Ji7rJfXbqDaR5g56aOs7LwZV_0ESeDK8BM6sVKRJvfULNQeWSptLYKWHwRH7xDQIRhUDnQXM6YVUsagmXOqYU64GzNsiVcVVDAopQpsVvbwsIU5GECxeVfp1_9-V1WnCU_qqNWRqtlRIHXAO2R1BBlAFhuOzKzFjmYm1hhszCjPzI_HQvDi99zkv_vPjhF3Lyg6IA5Wm3DfZF1fk4LvOOQbI1tdy8AIIplU5xZaz9FGOIzjIx-ITJodxDYQZRWxsTFxvi17aqyOeTTpcpsuOw=s0-d-e1-ft#https:\/\/s2601.imxsnd85.com\/2=IjZ6EzMwQzY5ojci5SbvNmLzN3bixWZn5WYAxWZn5WYvRXZupzNzcDOyIDNxATM6cmbw5CZzkjZxEjN4YmZ5YDN5EWY0MmYmJjY0kzM3EmYlJ2YkZkMlI2YkZkMlYTNxETMGJTJ5YzMzcTN2cTNz8VL1ETLf9VLwITLfpDN\" alt=\"\">                                              Joseph Volz e CarlosJereissati Filho<\/td><\/tr><\/tbody><\/table><\/figure>\n\n\n\n<p class=\"wp-block-paragraph\"><strong>SERVI\u00c7O<\/strong><\/p>\n\n\n\n<p class=\"wp-block-paragraph\"><strong>JK Iguatemi Onde:&nbsp;<\/strong>Pisos 1 e 2<\/p>\n\n\n\n<p class=\"wp-block-paragraph\"><strong>Data:&nbsp;<\/strong>20.08.2026 &#8211; 30.09.2026<\/p>\n\n\n\n<p class=\"wp-block-paragraph\"><strong>Hor\u00e1rio de funcionamento:&nbsp;<\/strong>Segunda-feira a s\u00e1bado, das 10h \u00e0s 22h; domingo,das 11h \u00e0s 22h<\/p>\n\n\n\n<p class=\"wp-block-paragraph\"><strong>Endere\u00e7o:&nbsp;<\/strong><a href=\"https:\/\/www.google.com\/maps\/search\/Av.%0D%0A++++++++++++++++Pres.+Juscelino+Kubitschek,+2041+-+Vila+Ol%C3%ADmpia,S%C3%A3o%0D%0A++++++++++++++++Paulo?entry=gmail&amp;source=g\">Av. Pres. Juscelino Kubitschek, 2041 &#8211; Vila Ol\u00edmpia,S\u00e3o Paulo<\/a><\/p>\n\n\n\n<p class=\"wp-block-paragraph\"><strong>Telefone:&nbsp;<\/strong>(11) 3152-6800<\/p>","protected":false},"excerpt":{"rendered":"<p>Iguatemi S.A. e Pinacoteca de S\u00e3o Paulo celebram 30 anos de parceria. A partir de 20 de agosto, a 7\u00aa edi\u00e7\u00e3o do Pina no JK exibeobras em xilogravura e v\u00eddeo de Gilvan Samicoe Gabriel Massan. Fotos: Rafael Cusato \u00a0A\u00a0Pinacoteca de S\u00e3o Paulo, museu da Secretaria da Cultura, Economia e Ind\u00fastria Criativas do Estado de S\u00e3o<\/p>","protected":false},"author":2,"featured_media":34644,"comment_status":"open","ping_status":"open","sticky":false,"template":"","format":"standard","meta":{"_seopress_titles_title":"","_seopress_titles_desc":"","_seopress_robots_index":"","_seopress_robots_follow":"","_seopress_robots_imageindex":"","_seopress_robots_snippet":"","_seopress_robots_primary_cat":"308","_seopress_robots_breadcrumbs":"","_seopress_robots_freeze_modified_date":"","_seopress_robots_custom_modified_date":"","_seopress_robots_canonical":"","_seopress_social_fb_title":"","_seopress_social_fb_desc":"","_seopress_social_fb_img":"","_seopress_social_fb_img_attachment_id":0,"_seopress_social_fb_img_width":0,"_seopress_social_fb_img_height":0,"_seopress_social_twitter_title":"","_seopress_social_twitter_desc":"","_seopress_social_twitter_img":"","_seopress_social_twitter_img_attachment_id":0,"_seopress_social_twitter_img_width":0,"_seopress_social_twitter_img_height":0,"_seopress_redirections_value":"","_seopress_redirections_enabled":"","_seopress_redirections_enabled_regex":"","_seopress_redirections_logged_status":"","_seopress_redirections_param":"","_seopress_redirections_type":0,"_seopress_analysis_target_kw":"","page_builder":"","footnotes":""},"categories":[3162,168,308],"tags":[6943,681,6944],"class_list":["post-34642","post","type-post","status-publish","format-standard","has-post-thumbnail","category-arte","category-eai-bora-nessa","category-noticias","tag-7a-edicao-do-pina","tag-jk-iguatemi","tag-samico-e-massan"],"yoast_head":"<!-- This site is optimized with the Yoast SEO plugin v28.3 - https:\/\/yoast.com\/product\/yoast-seo-wordpress\/ -->\n<title>JK Iguatemi exibe 7\u00aa edi\u00e7\u00e3o do Pina no JK com Samico e Massan<\/title>\n<meta name=\"description\" content=\"Confira as obras de Gilvan Samico e Gabriel Massan na 7\u00aa edi\u00e7\u00e3o do projeto Pina no JK, em cartaz no Shopping JK Iguatemi at\u00e9 30 de setembro.\" \/>\n<meta name=\"robots\" content=\"index, follow, max-snippet:-1, max-image-preview:large, max-video-preview:-1\" \/>\n<link rel=\"canonical\" href=\"https:\/\/angelboss.com.br\/en\/2026\/08\/31\/jk-iguatemi-pina-no-jk-2026\/\" \/>\n<meta property=\"og:locale\" content=\"en_US\" \/>\n<meta property=\"og:type\" content=\"article\" \/>\n<meta property=\"og:title\" content=\"JK Iguatemi exibe 7\u00aa edi\u00e7\u00e3o do Pina no JK com Samico e Massan\" \/>\n<meta property=\"og:description\" content=\"Confira as obras de Gilvan Samico e Gabriel Massan na 7\u00aa edi\u00e7\u00e3o do projeto Pina no JK, em cartaz no Shopping JK Iguatemi at\u00e9 30 de setembro.\" \/>\n<meta property=\"og:url\" content=\"https:\/\/angelboss.com.br\/en\/2026\/08\/31\/jk-iguatemi-pina-no-jk-2026\/\" \/>\n<meta property=\"og:site_name\" content=\"Portal Masculino de Moda, Beleza, Luxo and Business - Angel Boss\" \/>\n<meta property=\"article:published_time\" content=\"2026-08-31T18:18:19+00:00\" \/>\n<meta property=\"article:modified_time\" content=\"2026-08-31T18:18:22+00:00\" \/>\n<meta property=\"og:image\" content=\"http:\/\/angelboss.com.br\/wp-content\/uploads\/2026\/08\/unnamed-2026-08-31t151409.061.png\" \/>\n\t<meta property=\"og:image:width\" content=\"624\" \/>\n\t<meta property=\"og:image:height\" content=\"297\" \/>\n\t<meta property=\"og:image:type\" content=\"image\/png\" \/>\n<meta name=\"author\" content=\"Neto Angel Boss\" \/>\n<meta name=\"twitter:card\" content=\"summary_large_image\" \/>\n<meta name=\"twitter:label1\" content=\"Written by\" \/>\n\t<meta name=\"twitter:data1\" content=\"Neto Angel Boss\" \/>\n\t<meta name=\"twitter:label2\" content=\"Est. reading time\" \/>\n\t<meta name=\"twitter:data2\" content=\"5 minutes\" \/>\n<script type=\"application\/ld+json\" class=\"yoast-schema-graph\">{\"@context\":\"https:\\\/\\\/schema.org\",\"@graph\":[{\"@type\":\"Article\",\"@id\":\"https:\\\/\\\/angelboss.com.br\\\/2026\\\/08\\\/31\\\/jk-iguatemi-pina-no-jk-2026\\\/#article\",\"isPartOf\":{\"@id\":\"https:\\\/\\\/angelboss.com.br\\\/2026\\\/08\\\/31\\\/jk-iguatemi-pina-no-jk-2026\\\/\"},\"author\":{\"name\":\"Neto Angel Boss\",\"@id\":\"http:\\\/\\\/angelboss.com.br\\\/#\\\/schema\\\/person\\\/af084936b46cf2e03f299183e429e350\"},\"headline\":\"JK IGUATEMI APRESENTA A 7\u00aa EDI\u00c7\u00c3O DO PROJETO PINA NO JK EM PARCERIA COM A PINACOTECA DE S\u00c3O PAULO\",\"datePublished\":\"2026-08-31T18:18:19+00:00\",\"dateModified\":\"2026-08-31T18:18:22+00:00\",\"mainEntityOfPage\":{\"@id\":\"https:\\\/\\\/angelboss.com.br\\\/2026\\\/08\\\/31\\\/jk-iguatemi-pina-no-jk-2026\\\/\"},\"wordCount\":683,\"commentCount\":0,\"publisher\":{\"@id\":\"http:\\\/\\\/angelboss.com.br\\\/#organization\"},\"image\":{\"@id\":\"https:\\\/\\\/angelboss.com.br\\\/2026\\\/08\\\/31\\\/jk-iguatemi-pina-no-jk-2026\\\/#primaryimage\"},\"thumbnailUrl\":\"https:\\\/\\\/angelboss.com.br\\\/wp-content\\\/uploads\\\/2026\\\/08\\\/unnamed-2026-08-31t151409.061.png\",\"keywords\":[\"7\u00aa edi\u00e7\u00e3o do Pina\",\"jk iguatemi\",\"Samico e Massan\"],\"articleSection\":[\"ARTE\",\"EA\u00cd, BORA NESSA?\",\"Not\u00edcias\"],\"inLanguage\":\"en-US\",\"potentialAction\":[{\"@type\":\"CommentAction\",\"name\":\"Comment\",\"target\":[\"https:\\\/\\\/angelboss.com.br\\\/2026\\\/08\\\/31\\\/jk-iguatemi-pina-no-jk-2026\\\/#respond\"]}]},{\"@type\":\"WebPage\",\"@id\":\"https:\\\/\\\/angelboss.com.br\\\/2026\\\/08\\\/31\\\/jk-iguatemi-pina-no-jk-2026\\\/\",\"url\":\"https:\\\/\\\/angelboss.com.br\\\/2026\\\/08\\\/31\\\/jk-iguatemi-pina-no-jk-2026\\\/\",\"name\":\"JK Iguatemi exibe 7\u00aa edi\u00e7\u00e3o do Pina no JK com Samico e Massan\",\"isPartOf\":{\"@id\":\"http:\\\/\\\/angelboss.com.br\\\/#website\"},\"primaryImageOfPage\":{\"@id\":\"https:\\\/\\\/angelboss.com.br\\\/2026\\\/08\\\/31\\\/jk-iguatemi-pina-no-jk-2026\\\/#primaryimage\"},\"image\":{\"@id\":\"https:\\\/\\\/angelboss.com.br\\\/2026\\\/08\\\/31\\\/jk-iguatemi-pina-no-jk-2026\\\/#primaryimage\"},\"thumbnailUrl\":\"https:\\\/\\\/angelboss.com.br\\\/wp-content\\\/uploads\\\/2026\\\/08\\\/unnamed-2026-08-31t151409.061.png\",\"datePublished\":\"2026-08-31T18:18:19+00:00\",\"dateModified\":\"2026-08-31T18:18:22+00:00\",\"description\":\"Confira as obras de Gilvan Samico e Gabriel Massan na 7\u00aa edi\u00e7\u00e3o do projeto Pina no JK, em cartaz no Shopping JK Iguatemi at\u00e9 30 de setembro.\",\"breadcrumb\":{\"@id\":\"https:\\\/\\\/angelboss.com.br\\\/2026\\\/08\\\/31\\\/jk-iguatemi-pina-no-jk-2026\\\/#breadcrumb\"},\"inLanguage\":\"en-US\",\"potentialAction\":[{\"@type\":\"ReadAction\",\"target\":[\"https:\\\/\\\/angelboss.com.br\\\/2026\\\/08\\\/31\\\/jk-iguatemi-pina-no-jk-2026\\\/\"]}]},{\"@type\":\"ImageObject\",\"inLanguage\":\"en-US\",\"@id\":\"https:\\\/\\\/angelboss.com.br\\\/2026\\\/08\\\/31\\\/jk-iguatemi-pina-no-jk-2026\\\/#primaryimage\",\"url\":\"https:\\\/\\\/angelboss.com.br\\\/wp-content\\\/uploads\\\/2026\\\/08\\\/unnamed-2026-08-31t151409.061.png\",\"contentUrl\":\"https:\\\/\\\/angelboss.com.br\\\/wp-content\\\/uploads\\\/2026\\\/08\\\/unnamed-2026-08-31t151409.061.png\",\"width\":624,\"height\":297,\"caption\":\"Imagem\\\/Divulga\u00e7\u00e3o\"},{\"@type\":\"BreadcrumbList\",\"@id\":\"https:\\\/\\\/angelboss.com.br\\\/2026\\\/08\\\/31\\\/jk-iguatemi-pina-no-jk-2026\\\/#breadcrumb\",\"itemListElement\":[{\"@type\":\"ListItem\",\"position\":1,\"name\":\"In\u00edcio\",\"item\":\"http:\\\/\\\/angelboss.com.br\\\/\"},{\"@type\":\"ListItem\",\"position\":2,\"name\":\"JK IGUATEMI APRESENTA A 7\u00aa EDI\u00c7\u00c3O DO PROJETO PINA NO JK EM PARCERIA COM A PINACOTECA DE S\u00c3O PAULO\"}]},{\"@type\":\"WebSite\",\"@id\":\"http:\\\/\\\/angelboss.com.br\\\/#website\",\"url\":\"http:\\\/\\\/angelboss.com.br\\\/\",\"name\":\"Portal Masculino de Moda, Beleza, Luxo e Business - Angel Boss\",\"description\":\"O Maior Portal sobre Moda, Luxo, Beleza e Business Masculino do Brasil\",\"publisher\":{\"@id\":\"http:\\\/\\\/angelboss.com.br\\\/#organization\"},\"alternateName\":\"Maior Portal e Blog de Beleza Masculina e Luxo\",\"potentialAction\":[{\"@type\":\"SearchAction\",\"target\":{\"@type\":\"EntryPoint\",\"urlTemplate\":\"http:\\\/\\\/angelboss.com.br\\\/?s={search_term_string}\"},\"query-input\":{\"@type\":\"PropertyValueSpecification\",\"valueRequired\":true,\"valueName\":\"search_term_string\"}}],\"inLanguage\":\"en-US\"},{\"@type\":\"Organization\",\"@id\":\"http:\\\/\\\/angelboss.com.br\\\/#organization\",\"name\":\"Portal Masculino de Moda, Beleza, Luxo and Business - Angel Boss\",\"url\":\"http:\\\/\\\/angelboss.com.br\\\/\",\"logo\":{\"@type\":\"ImageObject\",\"inLanguage\":\"en-US\",\"@id\":\"http:\\\/\\\/angelboss.com.br\\\/#\\\/schema\\\/logo\\\/image\\\/\",\"url\":\"https:\\\/\\\/angelboss.com.br\\\/wp-content\\\/uploads\\\/2025\\\/12\\\/WhatsApp-Image-2025-12-11-at-12.54.26.jpeg\",\"contentUrl\":\"https:\\\/\\\/angelboss.com.br\\\/wp-content\\\/uploads\\\/2025\\\/12\\\/WhatsApp-Image-2025-12-11-at-12.54.26.jpeg\",\"width\":1280,\"height\":1280,\"caption\":\"Portal Masculino de Moda, Beleza, Luxo and Business - Angel Boss\"},\"image\":{\"@id\":\"http:\\\/\\\/angelboss.com.br\\\/#\\\/schema\\\/logo\\\/image\\\/\"}},{\"@type\":\"Person\",\"@id\":\"http:\\\/\\\/angelboss.com.br\\\/#\\\/schema\\\/person\\\/af084936b46cf2e03f299183e429e350\",\"name\":\"Neto Angel Boss\",\"image\":{\"@type\":\"ImageObject\",\"inLanguage\":\"en-US\",\"@id\":\"https:\\\/\\\/secure.gravatar.com\\\/avatar\\\/dbb38b2050e5181e32afbccf458635967af0767d15abe8168b35ebbd97907289?s=96&d=mm&r=g\",\"url\":\"https:\\\/\\\/secure.gravatar.com\\\/avatar\\\/dbb38b2050e5181e32afbccf458635967af0767d15abe8168b35ebbd97907289?s=96&d=mm&r=g\",\"contentUrl\":\"https:\\\/\\\/secure.gravatar.com\\\/avatar\\\/dbb38b2050e5181e32afbccf458635967af0767d15abe8168b35ebbd97907289?s=96&d=mm&r=g\",\"caption\":\"Neto Angel Boss\"},\"sameAs\":[\"http:\\\/\\\/www.angelboss.com\"],\"url\":\"https:\\\/\\\/angelboss.com.br\\\/en\\\/author\\\/netoangelboss\\\/\"}]}<\/script>\n<!-- \/ Yoast SEO plugin. -->","yoast_head_json":{"title":"JK Iguatemi exibe 7\u00aa edi\u00e7\u00e3o do Pina no JK com Samico e Massan","description":"Confira as obras de Gilvan Samico e Gabriel Massan na 7\u00aa edi\u00e7\u00e3o do projeto Pina no JK, em cartaz no Shopping JK Iguatemi at\u00e9 30 de setembro.","robots":{"index":"index","follow":"follow","max-snippet":"max-snippet:-1","max-image-preview":"max-image-preview:large","max-video-preview":"max-video-preview:-1"},"canonical":"https:\/\/angelboss.com.br\/en\/2026\/08\/31\/jk-iguatemi-pina-no-jk-2026\/","og_locale":"en_US","og_type":"article","og_title":"JK Iguatemi exibe 7\u00aa edi\u00e7\u00e3o do Pina no JK com Samico e Massan","og_description":"Confira as obras de Gilvan Samico e Gabriel Massan na 7\u00aa edi\u00e7\u00e3o do projeto Pina no JK, em cartaz no Shopping JK Iguatemi at\u00e9 30 de setembro.","og_url":"https:\/\/angelboss.com.br\/en\/2026\/08\/31\/jk-iguatemi-pina-no-jk-2026\/","og_site_name":"Portal Masculino de Moda, Beleza, Luxo and Business - Angel Boss","article_published_time":"2026-08-31T18:18:19+00:00","article_modified_time":"2026-08-31T18:18:22+00:00","og_image":[{"width":624,"height":297,"url":"http:\/\/angelboss.com.br\/wp-content\/uploads\/2026\/08\/unnamed-2026-08-31t151409.061.png","type":"image\/png"}],"author":"Neto Angel Boss","twitter_card":"summary_large_image","twitter_misc":{"Written by":"Neto Angel Boss","Est. reading time":"5 minutes"},"schema":{"@context":"https:\/\/schema.org","@graph":[{"@type":"Article","@id":"https:\/\/angelboss.com.br\/2026\/08\/31\/jk-iguatemi-pina-no-jk-2026\/#article","isPartOf":{"@id":"https:\/\/angelboss.com.br\/2026\/08\/31\/jk-iguatemi-pina-no-jk-2026\/"},"author":{"name":"Neto Angel Boss","@id":"http:\/\/angelboss.com.br\/#\/schema\/person\/af084936b46cf2e03f299183e429e350"},"headline":"JK IGUATEMI APRESENTA A 7\u00aa EDI\u00c7\u00c3O DO PROJETO PINA NO JK EM PARCERIA COM A PINACOTECA DE S\u00c3O PAULO","datePublished":"2026-08-31T18:18:19+00:00","dateModified":"2026-08-31T18:18:22+00:00","mainEntityOfPage":{"@id":"https:\/\/angelboss.com.br\/2026\/08\/31\/jk-iguatemi-pina-no-jk-2026\/"},"wordCount":683,"commentCount":0,"publisher":{"@id":"http:\/\/angelboss.com.br\/#organization"},"image":{"@id":"https:\/\/angelboss.com.br\/2026\/08\/31\/jk-iguatemi-pina-no-jk-2026\/#primaryimage"},"thumbnailUrl":"https:\/\/angelboss.com.br\/wp-content\/uploads\/2026\/08\/unnamed-2026-08-31t151409.061.png","keywords":["7\u00aa edi\u00e7\u00e3o do Pina","jk iguatemi","Samico e Massan"],"articleSection":["ARTE","EA\u00cd, BORA NESSA?","Not\u00edcias"],"inLanguage":"en-US","potentialAction":[{"@type":"CommentAction","name":"Comment","target":["https:\/\/angelboss.com.br\/2026\/08\/31\/jk-iguatemi-pina-no-jk-2026\/#respond"]}]},{"@type":"WebPage","@id":"https:\/\/angelboss.com.br\/2026\/08\/31\/jk-iguatemi-pina-no-jk-2026\/","url":"https:\/\/angelboss.com.br\/2026\/08\/31\/jk-iguatemi-pina-no-jk-2026\/","name":"JK Iguatemi exibe 7\u00aa edi\u00e7\u00e3o do Pina no JK com Samico e Massan","isPartOf":{"@id":"http:\/\/angelboss.com.br\/#website"},"primaryImageOfPage":{"@id":"https:\/\/angelboss.com.br\/2026\/08\/31\/jk-iguatemi-pina-no-jk-2026\/#primaryimage"},"image":{"@id":"https:\/\/angelboss.com.br\/2026\/08\/31\/jk-iguatemi-pina-no-jk-2026\/#primaryimage"},"thumbnailUrl":"https:\/\/angelboss.com.br\/wp-content\/uploads\/2026\/08\/unnamed-2026-08-31t151409.061.png","datePublished":"2026-08-31T18:18:19+00:00","dateModified":"2026-08-31T18:18:22+00:00","description":"Confira as obras de Gilvan Samico e Gabriel Massan na 7\u00aa edi\u00e7\u00e3o do projeto Pina no JK, em cartaz no Shopping JK Iguatemi at\u00e9 30 de setembro.","breadcrumb":{"@id":"https:\/\/angelboss.com.br\/2026\/08\/31\/jk-iguatemi-pina-no-jk-2026\/#breadcrumb"},"inLanguage":"en-US","potentialAction":[{"@type":"ReadAction","target":["https:\/\/angelboss.com.br\/2026\/08\/31\/jk-iguatemi-pina-no-jk-2026\/"]}]},{"@type":"ImageObject","inLanguage":"en-US","@id":"https:\/\/angelboss.com.br\/2026\/08\/31\/jk-iguatemi-pina-no-jk-2026\/#primaryimage","url":"https:\/\/angelboss.com.br\/wp-content\/uploads\/2026\/08\/unnamed-2026-08-31t151409.061.png","contentUrl":"https:\/\/angelboss.com.br\/wp-content\/uploads\/2026\/08\/unnamed-2026-08-31t151409.061.png","width":624,"height":297,"caption":"Imagem\/Divulga\u00e7\u00e3o"},{"@type":"BreadcrumbList","@id":"https:\/\/angelboss.com.br\/2026\/08\/31\/jk-iguatemi-pina-no-jk-2026\/#breadcrumb","itemListElement":[{"@type":"ListItem","position":1,"name":"In\u00edcio","item":"http:\/\/angelboss.com.br\/"},{"@type":"ListItem","position":2,"name":"JK IGUATEMI APRESENTA A 7\u00aa EDI\u00c7\u00c3O DO PROJETO PINA NO JK EM PARCERIA COM A PINACOTECA DE S\u00c3O PAULO"}]},{"@type":"WebSite","@id":"http:\/\/angelboss.com.br\/#website","url":"http:\/\/angelboss.com.br\/","name":"Portal Masculino de Moda, Beleza, Luxo e Business - Angel Boss","description":"O Maior Portal sobre Moda, Luxo, Beleza e Business Masculino do Brasil","publisher":{"@id":"http:\/\/angelboss.com.br\/#organization"},"alternateName":"Maior Portal e Blog de Beleza Masculina e Luxo","potentialAction":[{"@type":"SearchAction","target":{"@type":"EntryPoint","urlTemplate":"http:\/\/angelboss.com.br\/?s={search_term_string}"},"query-input":{"@type":"PropertyValueSpecification","valueRequired":true,"valueName":"search_term_string"}}],"inLanguage":"en-US"},{"@type":"Organization","@id":"http:\/\/angelboss.com.br\/#organization","name":"Portal Masculino de Moda, Beleza, Luxo and Business - Angel Boss","url":"http:\/\/angelboss.com.br\/","logo":{"@type":"ImageObject","inLanguage":"en-US","@id":"http:\/\/angelboss.com.br\/#\/schema\/logo\/image\/","url":"https:\/\/angelboss.com.br\/wp-content\/uploads\/2025\/12\/WhatsApp-Image-2025-12-11-at-12.54.26.jpeg","contentUrl":"https:\/\/angelboss.com.br\/wp-content\/uploads\/2025\/12\/WhatsApp-Image-2025-12-11-at-12.54.26.jpeg","width":1280,"height":1280,"caption":"Portal Masculino de Moda, Beleza, Luxo and Business - Angel Boss"},"image":{"@id":"http:\/\/angelboss.com.br\/#\/schema\/logo\/image\/"}},{"@type":"Person","@id":"http:\/\/angelboss.com.br\/#\/schema\/person\/af084936b46cf2e03f299183e429e350","name":"Neto Angel Boss","image":{"@type":"ImageObject","inLanguage":"en-US","@id":"https:\/\/secure.gravatar.com\/avatar\/dbb38b2050e5181e32afbccf458635967af0767d15abe8168b35ebbd97907289?s=96&d=mm&r=g","url":"https:\/\/secure.gravatar.com\/avatar\/dbb38b2050e5181e32afbccf458635967af0767d15abe8168b35ebbd97907289?s=96&d=mm&r=g","contentUrl":"https:\/\/secure.gravatar.com\/avatar\/dbb38b2050e5181e32afbccf458635967af0767d15abe8168b35ebbd97907289?s=96&d=mm&r=g","caption":"Neto Angel Boss"},"sameAs":["http:\/\/www.angelboss.com"],"url":"https:\/\/angelboss.com.br\/en\/author\/netoangelboss\/"}]}},"amp_enabled":true,"_links":{"self":[{"href":"https:\/\/angelboss.com.br\/en\/wp-json\/wp\/v2\/posts\/34642","targetHints":{"allow":["GET"]}}],"collection":[{"href":"https:\/\/angelboss.com.br\/en\/wp-json\/wp\/v2\/posts"}],"about":[{"href":"https:\/\/angelboss.com.br\/en\/wp-json\/wp\/v2\/types\/post"}],"author":[{"embeddable":true,"href":"https:\/\/angelboss.com.br\/en\/wp-json\/wp\/v2\/users\/2"}],"replies":[{"embeddable":true,"href":"https:\/\/angelboss.com.br\/en\/wp-json\/wp\/v2\/comments?post=34642"}],"version-history":[{"count":1,"href":"https:\/\/angelboss.com.br\/en\/wp-json\/wp\/v2\/posts\/34642\/revisions"}],"predecessor-version":[{"id":34647,"href":"https:\/\/angelboss.com.br\/en\/wp-json\/wp\/v2\/posts\/34642\/revisions\/34647"}],"wp:featuredmedia":[{"embeddable":true,"href":"https:\/\/angelboss.com.br\/en\/wp-json\/wp\/v2\/media\/34644"}],"wp:attachment":[{"href":"https:\/\/angelboss.com.br\/en\/wp-json\/wp\/v2\/media?parent=34642"}],"wp:term":[{"taxonomy":"category","embeddable":true,"href":"https:\/\/angelboss.com.br\/en\/wp-json\/wp\/v2\/categories?post=34642"},{"taxonomy":"post_tag","embeddable":true,"href":"https:\/\/angelboss.com.br\/en\/wp-json\/wp\/v2\/tags?post=34642"}],"curies":[{"name":"wp","href":"https:\/\/api.w.org\/{rel}","templated":true}]}}