{"id":34632,"date":"2026-08-31T18:06:51","date_gmt":"2026-08-31T18:06:51","guid":{"rendered":"https:\/\/angelboss.com.br\/?p=34632"},"modified":"2026-08-31T18:06:56","modified_gmt":"2026-08-31T18:06:56","slug":"mg-motor-im-motors-suv-eletrico-im6-brasil","status":"publish","type":"post","link":"https:\/\/angelboss.com.br\/en\/2026\/08\/31\/mg-motor-im-motors-suv-eletrico-im6-brasil\/","title":{"rendered":"MG Motor revela IM6 no Festival Interlagos"},"content":{"rendered":"<p class=\"wp-block-paragraph\"> A MG Motor Brasil apresentar\u00e1 a marca IM Motors e seu SUV el\u00e9trico IM6 ao p\u00fablico brasileiro durante o Festival Interlagos 2026, que ocorre no aut\u00f3dromo de Interlagos, em S\u00e3o Paulo, de 27 a 30 de agosto. O modelo ser\u00e1 o primeiro da marca a ser comercializado no pa\u00eds, com lan\u00e7amento previsto para acontecer at\u00e9 o fim de 2026.<\/p>\n\n\n\n<p class=\"wp-block-paragraph\">A IM Motors, posicionada sob o guarda-chuva estrat\u00e9gico da MG Motor Brasil, marca uma nova era para a mobilidade el\u00e9trica premium, consolidando uma proposta distintiva que une tecnologia de ponta, design refinado e uma experi\u00eancia de condu\u00e7\u00e3o incompar\u00e1vel. Primeiro modelo da marca confirmado para o mercado brasileiro, o IM6, um SUV el\u00e9trico que redefine o segmento de luxo, traz interior suntuoso e inova\u00e7\u00f5es disruptivas. Com um\u00a0<strong>comprimento de 4.904 mm e entre-eixos de 2.950 mm<\/strong>, o\u00a0<strong>IM6 \u00e9 um SUV Inteligente<\/strong>\u00a0que combina dimens\u00f5es generosas com uma presen\u00e7a marcante.<\/p>\n\n\n\n<figure class=\"wp-block-table\"><table class=\"has-fixed-layout\"><tbody><tr><td><img decoding=\"async\" alt=\"\" width=\"800\" src=\"https:\/\/ci3.googleusercontent.com\/meips\/ADKq_NYHcVavWM-tFmcyHXBzE_r5-YNWnYn0DQtONilc4GOUO6AEhl5RpgJ1Nn5OzCrkJpf9J7YCHu3zHEugx9oZxDbt60LOJ9ftRwBa-S3timcRKB-kdh0Mseg4fpRm4tdYhOCnwOEW1-H8nOHNSvqXx6f6IMrJoQqLhYAQ2SEhOWkkXKu9ClM2wNrfmQwenwTtdcjpqIpfhOhuETdWUcFWMB9RbWg5RnUad9S7Ju_QHS6ffo7ivLbCVMgWQJvZrcekWta-TvvYHEmesfjuBVuMi0xUEh9JwvWd=s0-d-e1-ft#https:\/\/s2601.imxsnd73.com\/8yYmO1cDMlZTY6InYu02bj5ycz9mYsV2ZuFGQsV2ZuF2b0Vmb6kDM3MTMxkTN4MjOnVGcq5ydvxWOjdTYzEDN4QjZlVmYiFTZ4kzY1UGZzMWYmVWO4MjM1YkMlMjM1YkMlQDO3cTMGJTJyYTMx8VL1ETLf9VLwITLfpjM\"><\/td><\/tr><\/tbody><\/table><\/figure>\n\n\n\n<p class=\"wp-block-paragraph\">&#8220;Nossa participa\u00e7\u00e3o no Festival Interlagos marcar\u00e1 um passo importante para a MG Motor Brasil: a apresenta\u00e7\u00e3o oficial da IM Motors e do IM6 ao p\u00fablico brasileiro. Com uma proposta diferenciada para o segmento premium, a IM Motors une desempenho, sofistica\u00e7\u00e3o e intelig\u00eancia embarcada. O IM6 traduz essa vis\u00e3o em um SUV el\u00e9trico desenvolvido para oferecer uma experi\u00eancia mais envolvente, confort\u00e1vel e segura, mostrando como a tecnologia pode transformar a rela\u00e7\u00e3o das pessoas com o ve\u00edculo\u201d, afirma\u00a0<strong>Thiago Marques, Head de Marketing e Produto da MG Motor Brasil<\/strong>.<\/p>\n\n\n\n<p class=\"wp-block-paragraph\">O IM6 materializa uma fus\u00e3o harmoniosa de conforto, performance eletrizante e as mais avan\u00e7adas solu\u00e7\u00f5es de intelig\u00eancia artificial a bordo. Impulsionado por uma\u00a0<strong>pot\u00eancia m\u00e1xima de 767 cv e torque m\u00e1ximo de 81,7 kgfm<\/strong>, ele acelera de\u00a0<strong>0 a 100 km\/h em impressionantes 3,5 segundos<\/strong>, com uma\u00a0<strong>velocidade m\u00e1xima de 305 km\/h<\/strong>, refletindo um desempenho m\u00e1ximo com padr\u00f5es de seguran\u00e7a rigorosos, atestado pela classifica\u00e7\u00e3o<strong>\u00a0de cinco estrelas do Euro NCAP<\/strong>. A autonomia, certificada pelo\u00a0<strong>Inmetro, \u00e9 de 400 km<\/strong>, garantindo viagens longas com tranquilidade.<\/p>\n\n\n\n<p class=\"wp-block-paragraph\">O prazer ao dirigir \u00e9 assegurado pela\u00a0<strong>dirigibilidade excepcional<\/strong>, com um sistema de dire\u00e7\u00e3o nas quatro rodas que o torna mais \u00e1gil em baixa velocidade e est\u00e1vel em alta. O\u00a0<strong>conforto<\/strong>\u00a0\u00e9 levado ao extremo com a\u00a0<strong>Parada de Conforto Inteligente (ICS)<\/strong>, um sistema de controle de amortecimento ativo e suspens\u00e3o ajust\u00e1vel. A\u00a0<strong>seguran\u00e7a<\/strong>\u00a0\u00e9 inquestion\u00e1vel, com controle de estabilidade contra aquaplanagem, preven\u00e7\u00e3o de colis\u00f5es e capotamentos, e um\u00a0<strong>sistema ADAS<\/strong>\u00a0completo.<\/p>\n\n\n\n<p class=\"wp-block-paragraph\">A experi\u00eancia imersiva a bordo do IM6 \u00e9 acentuada pelo sistema\u00a0<strong>I-Silent<\/strong>, que utiliza\u00a0<strong>vidro duplo laminado<\/strong>\u00a0para eliminar efetivamente a transmiss\u00e3o de ru\u00eddo e aumentar o sil\u00eancio interno. O interior, um\u00a0<strong>I-Cockpit futurista e sensorial<\/strong>, foi\u00a0<strong>desenvolvido em parceria com a Universidade Central Saint Martins em Londres<\/strong>. Caracterizado por uma est\u00e9tica de linhas fluidas e aerodin\u00e2mica otimizada, o design reflete a filosofia &#8220;IM what I am&#8221;, com uma cocria\u00e7\u00e3o que resulta em um\u00a0<strong>&#8220;Copy of Nothing&#8221;<\/strong>.<\/p>\n\n\n\n<p class=\"wp-block-paragraph\">A cabine oferece uma\u00a0<strong>recursos<\/strong>\u00a0\u00fanicos, com um sistema de \u00e1udio IM de alta fidelidade, conforto ac\u00fastico e telas integradas, incluindo uma impressionante\u00a0<strong>tela de 26,3 polegadas<\/strong>\u00a0e a\u00a0<strong>tela IM Vision de 10,5 polegadas<\/strong>. Os assentos &#8220;sof\u00e1&#8221; de 1\u00aa classe convidam ao relaxamento, enquanto o sistema\u00a0<strong>I-Smart<\/strong>\u00a0proporciona intelig\u00eancia ao dirigir com atributos de IA, e o\u00a0<strong>I-Tech Performance<\/strong>\u00a0garante eletrifica\u00e7\u00e3o avan\u00e7ada com o DNA de performance da MG.<\/p>\n\n\n\n<p class=\"wp-block-paragraph\">A chegada, em breve, da IM Motors e do IM6 ao pa\u00eds refor\u00e7ar\u00e1 o compromisso da MG Motor Brasil em liderar a transi\u00e7\u00e3o para uma mobilidade mais sustent\u00e1vel e sofisticada. Detalhes sobre a venda, configura\u00e7\u00e3o de modelos e o cronograma de chegada das primeiras unidades ao mercado brasileiro ser\u00e3o anunciados em breve, com o objetivo de garantir uma experi\u00eancia de aquisi\u00e7\u00e3o e p\u00f3s-venda que reflita o padr\u00e3o de excel\u00eancia da marca.<\/p>","protected":false},"excerpt":{"rendered":"<p>A MG Motor Brasil apresentar\u00e1 a marca IM Motors e seu SUV el\u00e9trico IM6 ao p\u00fablico brasileiro durante o Festival Interlagos 2026, que ocorre no aut\u00f3dromo de Interlagos, em S\u00e3o Paulo, de 27 a 30 de agosto. O modelo ser\u00e1 o primeiro da marca a ser comercializado no pa\u00eds, com lan\u00e7amento previsto para acontecer at\u00e9<\/p>","protected":false},"author":2,"featured_media":34634,"comment_status":"open","ping_status":"open","sticky":false,"template":"","format":"standard","meta":{"_seopress_titles_title":"","_seopress_titles_desc":"","_seopress_robots_index":"","_seopress_robots_follow":"","_seopress_robots_imageindex":"","_seopress_robots_snippet":"","_seopress_robots_primary_cat":"1747","_seopress_robots_breadcrumbs":"","_seopress_robots_freeze_modified_date":"","_seopress_robots_custom_modified_date":"","_seopress_robots_canonical":"","_seopress_social_fb_title":"","_seopress_social_fb_desc":"","_seopress_social_fb_img":"","_seopress_social_fb_img_attachment_id":0,"_seopress_social_fb_img_width":0,"_seopress_social_fb_img_height":0,"_seopress_social_twitter_title":"","_seopress_social_twitter_desc":"","_seopress_social_twitter_img":"","_seopress_social_twitter_img_attachment_id":0,"_seopress_social_twitter_img_width":0,"_seopress_social_twitter_img_height":0,"_seopress_redirections_value":"","_seopress_redirections_enabled":"","_seopress_redirections_enabled_regex":"","_seopress_redirections_logged_status":"","_seopress_redirections_param":"","_seopress_redirections_type":0,"_seopress_analysis_target_kw":"","page_builder":"","footnotes":""},"categories":[1747,315],"tags":[4523,6935],"class_list":["post-34632","post","type-post","status-publish","format-standard","has-post-thumbnail","category-automobilismo","category-noticias-corporativas-dino","tag-mg-motor","tag-suv-eletrico-im6"],"yoast_head":"<!-- This site is optimized with the Yoast SEO plugin v28.4 - https:\/\/yoast.com\/product\/yoast-seo-wordpress\/ -->\n<title>MG Motor revela SUV el\u00e9trico IM6 no Festival Interlagos 2026<\/title>\n<meta name=\"description\" content=\"A MG Motor apresenta a IM Motors e o SUV el\u00e9trico IM6 de 767 cv no Festival Interlagos. Lan\u00e7amento no mercado brasileiro ocorre at\u00e9 o fim de 2026.\" \/>\n<meta name=\"robots\" content=\"index, follow, max-snippet:-1, max-image-preview:large, max-video-preview:-1\" \/>\n<link rel=\"canonical\" href=\"https:\/\/angelboss.com.br\/en\/2026\/08\/31\/mg-motor-im-motors-suv-eletrico-im6-brasil\/\" \/>\n<meta property=\"og:locale\" content=\"en_US\" \/>\n<meta property=\"og:type\" content=\"article\" \/>\n<meta property=\"og:title\" content=\"MG Motor revela SUV el\u00e9trico IM6 no Festival Interlagos 2026\" \/>\n<meta property=\"og:description\" content=\"A MG Motor apresenta a IM Motors e o SUV el\u00e9trico IM6 de 767 cv no Festival Interlagos. Lan\u00e7amento no mercado brasileiro ocorre at\u00e9 o fim de 2026.\" \/>\n<meta property=\"og:url\" content=\"https:\/\/angelboss.com.br\/en\/2026\/08\/31\/mg-motor-im-motors-suv-eletrico-im6-brasil\/\" \/>\n<meta property=\"og:site_name\" content=\"Portal Masculino de Moda, Beleza, Luxo and Business - Angel Boss\" \/>\n<meta property=\"article:published_time\" content=\"2026-08-31T18:06:51+00:00\" \/>\n<meta property=\"article:modified_time\" content=\"2026-08-31T18:06:56+00:00\" \/>\n<meta property=\"og:image\" content=\"http:\/\/angelboss.com.br\/wp-content\/uploads\/2026\/08\/unnamed-2026-08-31t150437.596.jpg\" \/>\n\t<meta property=\"og:image:width\" content=\"849\" \/>\n\t<meta property=\"og:image:height\" content=\"425\" \/>\n\t<meta property=\"og:image:type\" content=\"image\/jpeg\" \/>\n<meta name=\"author\" content=\"Neto Angel Boss\" \/>\n<meta name=\"twitter:card\" content=\"summary_large_image\" \/>\n<meta name=\"twitter:label1\" content=\"Written by\" \/>\n\t<meta name=\"twitter:data1\" content=\"Neto Angel Boss\" \/>\n\t<meta name=\"twitter:label2\" content=\"Est. reading time\" \/>\n\t<meta name=\"twitter:data2\" content=\"4 minutes\" \/>\n<script type=\"application\/ld+json\" class=\"yoast-schema-graph\">{\"@context\":\"https:\\\/\\\/schema.org\",\"@graph\":[{\"@type\":\"Article\",\"@id\":\"https:\\\/\\\/angelboss.com.br\\\/2026\\\/08\\\/31\\\/mg-motor-im-motors-suv-eletrico-im6-brasil\\\/#article\",\"isPartOf\":{\"@id\":\"https:\\\/\\\/angelboss.com.br\\\/2026\\\/08\\\/31\\\/mg-motor-im-motors-suv-eletrico-im6-brasil\\\/\"},\"author\":{\"name\":\"Neto Angel Boss\",\"@id\":\"http:\\\/\\\/angelboss.com.br\\\/#\\\/schema\\\/person\\\/af084936b46cf2e03f299183e429e350\"},\"headline\":\"MG Motor revela IM6 no Festival Interlagos\",\"datePublished\":\"2026-08-31T18:06:51+00:00\",\"dateModified\":\"2026-08-31T18:06:56+00:00\",\"mainEntityOfPage\":{\"@id\":\"https:\\\/\\\/angelboss.com.br\\\/2026\\\/08\\\/31\\\/mg-motor-im-motors-suv-eletrico-im6-brasil\\\/\"},\"wordCount\":664,\"commentCount\":0,\"publisher\":{\"@id\":\"http:\\\/\\\/angelboss.com.br\\\/#organization\"},\"image\":{\"@id\":\"https:\\\/\\\/angelboss.com.br\\\/2026\\\/08\\\/31\\\/mg-motor-im-motors-suv-eletrico-im6-brasil\\\/#primaryimage\"},\"thumbnailUrl\":\"https:\\\/\\\/angelboss.com.br\\\/wp-content\\\/uploads\\\/2026\\\/08\\\/unnamed-2026-08-31t150437.596.jpg\",\"keywords\":[\"MG Motor\",\"SUV el\u00e9trico IM6\"],\"articleSection\":[\"Automobilismo\",\"Not\u00edcias Corporativas\"],\"inLanguage\":\"en-US\",\"potentialAction\":[{\"@type\":\"CommentAction\",\"name\":\"Comment\",\"target\":[\"https:\\\/\\\/angelboss.com.br\\\/2026\\\/08\\\/31\\\/mg-motor-im-motors-suv-eletrico-im6-brasil\\\/#respond\"]}]},{\"@type\":\"WebPage\",\"@id\":\"https:\\\/\\\/angelboss.com.br\\\/2026\\\/08\\\/31\\\/mg-motor-im-motors-suv-eletrico-im6-brasil\\\/\",\"url\":\"https:\\\/\\\/angelboss.com.br\\\/2026\\\/08\\\/31\\\/mg-motor-im-motors-suv-eletrico-im6-brasil\\\/\",\"name\":\"MG Motor revela SUV el\u00e9trico IM6 no Festival Interlagos 2026\",\"isPartOf\":{\"@id\":\"http:\\\/\\\/angelboss.com.br\\\/#website\"},\"primaryImageOfPage\":{\"@id\":\"https:\\\/\\\/angelboss.com.br\\\/2026\\\/08\\\/31\\\/mg-motor-im-motors-suv-eletrico-im6-brasil\\\/#primaryimage\"},\"image\":{\"@id\":\"https:\\\/\\\/angelboss.com.br\\\/2026\\\/08\\\/31\\\/mg-motor-im-motors-suv-eletrico-im6-brasil\\\/#primaryimage\"},\"thumbnailUrl\":\"https:\\\/\\\/angelboss.com.br\\\/wp-content\\\/uploads\\\/2026\\\/08\\\/unnamed-2026-08-31t150437.596.jpg\",\"datePublished\":\"2026-08-31T18:06:51+00:00\",\"dateModified\":\"2026-08-31T18:06:56+00:00\",\"description\":\"A MG Motor apresenta a IM Motors e o SUV el\u00e9trico IM6 de 767 cv no Festival Interlagos. Lan\u00e7amento no mercado brasileiro ocorre at\u00e9 o fim de 2026.\",\"breadcrumb\":{\"@id\":\"https:\\\/\\\/angelboss.com.br\\\/2026\\\/08\\\/31\\\/mg-motor-im-motors-suv-eletrico-im6-brasil\\\/#breadcrumb\"},\"inLanguage\":\"en-US\",\"potentialAction\":[{\"@type\":\"ReadAction\",\"target\":[\"https:\\\/\\\/angelboss.com.br\\\/2026\\\/08\\\/31\\\/mg-motor-im-motors-suv-eletrico-im6-brasil\\\/\"]}]},{\"@type\":\"ImageObject\",\"inLanguage\":\"en-US\",\"@id\":\"https:\\\/\\\/angelboss.com.br\\\/2026\\\/08\\\/31\\\/mg-motor-im-motors-suv-eletrico-im6-brasil\\\/#primaryimage\",\"url\":\"https:\\\/\\\/angelboss.com.br\\\/wp-content\\\/uploads\\\/2026\\\/08\\\/unnamed-2026-08-31t150437.596.jpg\",\"contentUrl\":\"https:\\\/\\\/angelboss.com.br\\\/wp-content\\\/uploads\\\/2026\\\/08\\\/unnamed-2026-08-31t150437.596.jpg\",\"width\":849,\"height\":425,\"caption\":\"Imagem\\\/Divulga\u00e7\u00e3o\"},{\"@type\":\"BreadcrumbList\",\"@id\":\"https:\\\/\\\/angelboss.com.br\\\/2026\\\/08\\\/31\\\/mg-motor-im-motors-suv-eletrico-im6-brasil\\\/#breadcrumb\",\"itemListElement\":[{\"@type\":\"ListItem\",\"position\":1,\"name\":\"In\u00edcio\",\"item\":\"http:\\\/\\\/angelboss.com.br\\\/\"},{\"@type\":\"ListItem\",\"position\":2,\"name\":\"MG Motor revela IM6 no Festival Interlagos\"}]},{\"@type\":\"WebSite\",\"@id\":\"http:\\\/\\\/angelboss.com.br\\\/#website\",\"url\":\"http:\\\/\\\/angelboss.com.br\\\/\",\"name\":\"Portal Masculino de Moda, Beleza, Luxo e Business - Angel Boss\",\"description\":\"O Maior Portal sobre Moda, Luxo, Beleza e Business Masculino do Brasil\",\"publisher\":{\"@id\":\"http:\\\/\\\/angelboss.com.br\\\/#organization\"},\"alternateName\":\"Maior Portal e Blog de Beleza Masculina e Luxo\",\"potentialAction\":[{\"@type\":\"SearchAction\",\"target\":{\"@type\":\"EntryPoint\",\"urlTemplate\":\"http:\\\/\\\/angelboss.com.br\\\/?s={search_term_string}\"},\"query-input\":{\"@type\":\"PropertyValueSpecification\",\"valueRequired\":true,\"valueName\":\"search_term_string\"}}],\"inLanguage\":\"en-US\"},{\"@type\":\"Organization\",\"@id\":\"http:\\\/\\\/angelboss.com.br\\\/#organization\",\"name\":\"Portal Masculino de Moda, Beleza, Luxo and Business - Angel Boss\",\"url\":\"http:\\\/\\\/angelboss.com.br\\\/\",\"logo\":{\"@type\":\"ImageObject\",\"inLanguage\":\"en-US\",\"@id\":\"http:\\\/\\\/angelboss.com.br\\\/#\\\/schema\\\/logo\\\/image\\\/\",\"url\":\"https:\\\/\\\/angelboss.com.br\\\/wp-content\\\/uploads\\\/2025\\\/12\\\/WhatsApp-Image-2025-12-11-at-12.54.26.jpeg\",\"contentUrl\":\"https:\\\/\\\/angelboss.com.br\\\/wp-content\\\/uploads\\\/2025\\\/12\\\/WhatsApp-Image-2025-12-11-at-12.54.26.jpeg\",\"width\":1280,\"height\":1280,\"caption\":\"Portal Masculino de Moda, Beleza, Luxo and Business - Angel Boss\"},\"image\":{\"@id\":\"http:\\\/\\\/angelboss.com.br\\\/#\\\/schema\\\/logo\\\/image\\\/\"}},{\"@type\":\"Person\",\"@id\":\"http:\\\/\\\/angelboss.com.br\\\/#\\\/schema\\\/person\\\/af084936b46cf2e03f299183e429e350\",\"name\":\"Neto Angel Boss\",\"image\":{\"@type\":\"ImageObject\",\"inLanguage\":\"en-US\",\"@id\":\"https:\\\/\\\/secure.gravatar.com\\\/avatar\\\/dbb38b2050e5181e32afbccf458635967af0767d15abe8168b35ebbd97907289?s=96&d=mm&r=g\",\"url\":\"https:\\\/\\\/secure.gravatar.com\\\/avatar\\\/dbb38b2050e5181e32afbccf458635967af0767d15abe8168b35ebbd97907289?s=96&d=mm&r=g\",\"contentUrl\":\"https:\\\/\\\/secure.gravatar.com\\\/avatar\\\/dbb38b2050e5181e32afbccf458635967af0767d15abe8168b35ebbd97907289?s=96&d=mm&r=g\",\"caption\":\"Neto Angel Boss\"},\"sameAs\":[\"http:\\\/\\\/www.angelboss.com\"],\"url\":\"https:\\\/\\\/angelboss.com.br\\\/en\\\/author\\\/netoangelboss\\\/\"}]}<\/script>\n<!-- \/ Yoast SEO plugin. -->","yoast_head_json":{"title":"MG Motor revela SUV el\u00e9trico IM6 no Festival Interlagos 2026","description":"A MG Motor apresenta a IM Motors e o SUV el\u00e9trico IM6 de 767 cv no Festival Interlagos. Lan\u00e7amento no mercado brasileiro ocorre at\u00e9 o fim de 2026.","robots":{"index":"index","follow":"follow","max-snippet":"max-snippet:-1","max-image-preview":"max-image-preview:large","max-video-preview":"max-video-preview:-1"},"canonical":"https:\/\/angelboss.com.br\/en\/2026\/08\/31\/mg-motor-im-motors-suv-eletrico-im6-brasil\/","og_locale":"en_US","og_type":"article","og_title":"MG Motor revela SUV el\u00e9trico IM6 no Festival Interlagos 2026","og_description":"A MG Motor apresenta a IM Motors e o SUV el\u00e9trico IM6 de 767 cv no Festival Interlagos. Lan\u00e7amento no mercado brasileiro ocorre at\u00e9 o fim de 2026.","og_url":"https:\/\/angelboss.com.br\/en\/2026\/08\/31\/mg-motor-im-motors-suv-eletrico-im6-brasil\/","og_site_name":"Portal Masculino de Moda, Beleza, Luxo and Business - Angel Boss","article_published_time":"2026-08-31T18:06:51+00:00","article_modified_time":"2026-08-31T18:06:56+00:00","og_image":[{"width":849,"height":425,"url":"http:\/\/angelboss.com.br\/wp-content\/uploads\/2026\/08\/unnamed-2026-08-31t150437.596.jpg","type":"image\/jpeg"}],"author":"Neto Angel Boss","twitter_card":"summary_large_image","twitter_misc":{"Written by":"Neto Angel Boss","Est. reading time":"4 minutes"},"schema":{"@context":"https:\/\/schema.org","@graph":[{"@type":"Article","@id":"https:\/\/angelboss.com.br\/2026\/08\/31\/mg-motor-im-motors-suv-eletrico-im6-brasil\/#article","isPartOf":{"@id":"https:\/\/angelboss.com.br\/2026\/08\/31\/mg-motor-im-motors-suv-eletrico-im6-brasil\/"},"author":{"name":"Neto Angel Boss","@id":"http:\/\/angelboss.com.br\/#\/schema\/person\/af084936b46cf2e03f299183e429e350"},"headline":"MG Motor revela IM6 no Festival Interlagos","datePublished":"2026-08-31T18:06:51+00:00","dateModified":"2026-08-31T18:06:56+00:00","mainEntityOfPage":{"@id":"https:\/\/angelboss.com.br\/2026\/08\/31\/mg-motor-im-motors-suv-eletrico-im6-brasil\/"},"wordCount":664,"commentCount":0,"publisher":{"@id":"http:\/\/angelboss.com.br\/#organization"},"image":{"@id":"https:\/\/angelboss.com.br\/2026\/08\/31\/mg-motor-im-motors-suv-eletrico-im6-brasil\/#primaryimage"},"thumbnailUrl":"https:\/\/angelboss.com.br\/wp-content\/uploads\/2026\/08\/unnamed-2026-08-31t150437.596.jpg","keywords":["MG Motor","SUV el\u00e9trico IM6"],"articleSection":["Automobilismo","Not\u00edcias Corporativas"],"inLanguage":"en-US","potentialAction":[{"@type":"CommentAction","name":"Comment","target":["https:\/\/angelboss.com.br\/2026\/08\/31\/mg-motor-im-motors-suv-eletrico-im6-brasil\/#respond"]}]},{"@type":"WebPage","@id":"https:\/\/angelboss.com.br\/2026\/08\/31\/mg-motor-im-motors-suv-eletrico-im6-brasil\/","url":"https:\/\/angelboss.com.br\/2026\/08\/31\/mg-motor-im-motors-suv-eletrico-im6-brasil\/","name":"MG Motor revela SUV el\u00e9trico IM6 no Festival Interlagos 2026","isPartOf":{"@id":"http:\/\/angelboss.com.br\/#website"},"primaryImageOfPage":{"@id":"https:\/\/angelboss.com.br\/2026\/08\/31\/mg-motor-im-motors-suv-eletrico-im6-brasil\/#primaryimage"},"image":{"@id":"https:\/\/angelboss.com.br\/2026\/08\/31\/mg-motor-im-motors-suv-eletrico-im6-brasil\/#primaryimage"},"thumbnailUrl":"https:\/\/angelboss.com.br\/wp-content\/uploads\/2026\/08\/unnamed-2026-08-31t150437.596.jpg","datePublished":"2026-08-31T18:06:51+00:00","dateModified":"2026-08-31T18:06:56+00:00","description":"A MG Motor apresenta a IM Motors e o SUV el\u00e9trico IM6 de 767 cv no Festival Interlagos. Lan\u00e7amento no mercado brasileiro ocorre at\u00e9 o fim de 2026.","breadcrumb":{"@id":"https:\/\/angelboss.com.br\/2026\/08\/31\/mg-motor-im-motors-suv-eletrico-im6-brasil\/#breadcrumb"},"inLanguage":"en-US","potentialAction":[{"@type":"ReadAction","target":["https:\/\/angelboss.com.br\/2026\/08\/31\/mg-motor-im-motors-suv-eletrico-im6-brasil\/"]}]},{"@type":"ImageObject","inLanguage":"en-US","@id":"https:\/\/angelboss.com.br\/2026\/08\/31\/mg-motor-im-motors-suv-eletrico-im6-brasil\/#primaryimage","url":"https:\/\/angelboss.com.br\/wp-content\/uploads\/2026\/08\/unnamed-2026-08-31t150437.596.jpg","contentUrl":"https:\/\/angelboss.com.br\/wp-content\/uploads\/2026\/08\/unnamed-2026-08-31t150437.596.jpg","width":849,"height":425,"caption":"Imagem\/Divulga\u00e7\u00e3o"},{"@type":"BreadcrumbList","@id":"https:\/\/angelboss.com.br\/2026\/08\/31\/mg-motor-im-motors-suv-eletrico-im6-brasil\/#breadcrumb","itemListElement":[{"@type":"ListItem","position":1,"name":"In\u00edcio","item":"http:\/\/angelboss.com.br\/"},{"@type":"ListItem","position":2,"name":"MG Motor revela IM6 no Festival Interlagos"}]},{"@type":"WebSite","@id":"http:\/\/angelboss.com.br\/#website","url":"http:\/\/angelboss.com.br\/","name":"Portal Masculino de Moda, Beleza, Luxo e Business - Angel Boss","description":"O Maior Portal sobre Moda, Luxo, Beleza e Business Masculino do Brasil","publisher":{"@id":"http:\/\/angelboss.com.br\/#organization"},"alternateName":"Maior Portal e Blog de Beleza Masculina e Luxo","potentialAction":[{"@type":"SearchAction","target":{"@type":"EntryPoint","urlTemplate":"http:\/\/angelboss.com.br\/?s={search_term_string}"},"query-input":{"@type":"PropertyValueSpecification","valueRequired":true,"valueName":"search_term_string"}}],"inLanguage":"en-US"},{"@type":"Organization","@id":"http:\/\/angelboss.com.br\/#organization","name":"Portal Masculino de Moda, Beleza, Luxo and Business - Angel Boss","url":"http:\/\/angelboss.com.br\/","logo":{"@type":"ImageObject","inLanguage":"en-US","@id":"http:\/\/angelboss.com.br\/#\/schema\/logo\/image\/","url":"https:\/\/angelboss.com.br\/wp-content\/uploads\/2025\/12\/WhatsApp-Image-2025-12-11-at-12.54.26.jpeg","contentUrl":"https:\/\/angelboss.com.br\/wp-content\/uploads\/2025\/12\/WhatsApp-Image-2025-12-11-at-12.54.26.jpeg","width":1280,"height":1280,"caption":"Portal Masculino de Moda, Beleza, Luxo and Business - Angel Boss"},"image":{"@id":"http:\/\/angelboss.com.br\/#\/schema\/logo\/image\/"}},{"@type":"Person","@id":"http:\/\/angelboss.com.br\/#\/schema\/person\/af084936b46cf2e03f299183e429e350","name":"Neto Angel Boss","image":{"@type":"ImageObject","inLanguage":"en-US","@id":"https:\/\/secure.gravatar.com\/avatar\/dbb38b2050e5181e32afbccf458635967af0767d15abe8168b35ebbd97907289?s=96&d=mm&r=g","url":"https:\/\/secure.gravatar.com\/avatar\/dbb38b2050e5181e32afbccf458635967af0767d15abe8168b35ebbd97907289?s=96&d=mm&r=g","contentUrl":"https:\/\/secure.gravatar.com\/avatar\/dbb38b2050e5181e32afbccf458635967af0767d15abe8168b35ebbd97907289?s=96&d=mm&r=g","caption":"Neto Angel Boss"},"sameAs":["http:\/\/www.angelboss.com"],"url":"https:\/\/angelboss.com.br\/en\/author\/netoangelboss\/"}]}},"amp_enabled":true,"_links":{"self":[{"href":"https:\/\/angelboss.com.br\/en\/wp-json\/wp\/v2\/posts\/34632","targetHints":{"allow":["GET"]}}],"collection":[{"href":"https:\/\/angelboss.com.br\/en\/wp-json\/wp\/v2\/posts"}],"about":[{"href":"https:\/\/angelboss.com.br\/en\/wp-json\/wp\/v2\/types\/post"}],"author":[{"embeddable":true,"href":"https:\/\/angelboss.com.br\/en\/wp-json\/wp\/v2\/users\/2"}],"replies":[{"embeddable":true,"href":"https:\/\/angelboss.com.br\/en\/wp-json\/wp\/v2\/comments?post=34632"}],"version-history":[{"count":1,"href":"https:\/\/angelboss.com.br\/en\/wp-json\/wp\/v2\/posts\/34632\/revisions"}],"predecessor-version":[{"id":34635,"href":"https:\/\/angelboss.com.br\/en\/wp-json\/wp\/v2\/posts\/34632\/revisions\/34635"}],"wp:featuredmedia":[{"embeddable":true,"href":"https:\/\/angelboss.com.br\/en\/wp-json\/wp\/v2\/media\/34634"}],"wp:attachment":[{"href":"https:\/\/angelboss.com.br\/en\/wp-json\/wp\/v2\/media?parent=34632"}],"wp:term":[{"taxonomy":"category","embeddable":true,"href":"https:\/\/angelboss.com.br\/en\/wp-json\/wp\/v2\/categories?post=34632"},{"taxonomy":"post_tag","embeddable":true,"href":"https:\/\/angelboss.com.br\/en\/wp-json\/wp\/v2\/tags?post=34632"}],"curies":[{"name":"wp","href":"https:\/\/api.w.org\/{rel}","templated":true}]}}