{"id":34575,"date":"2026-08-31T00:00:00","date_gmt":"2026-08-31T00:00:00","guid":{"rendered":"https:\/\/angelboss.com.br\/2026\/08\/31\/333111-reforma-tributaria-do-consumo-altera-gestao-empresarial\/"},"modified":"2026-08-31T00:00:00","modified_gmt":"2026-08-31T00:00:00","slug":"333111-reforma-tributaria-do-consumo-altera-gestao-empresarial","status":"publish","type":"post","link":"https:\/\/angelboss.com.br\/en\/2026\/08\/31\/333111-reforma-tributaria-do-consumo-altera-gestao-empresarial\/","title":{"rendered":"Reforma Tribut\u00e1ria do Consumo altera gest\u00e3o empresarial"},"content":{"rendered":"<p>A implementa\u00e7\u00e3o da Reforma Tribut\u00e1ria do Consumo, anunciada pelo <a rel=\"follow\" href=\"https:\/\/www.gov.br\/receitafederal\/pt-br\">governo federal<\/a> em 2024, est\u00e1 sendo adotada por empresas de diversos setores em todo o territ\u00f3rio nacional. O novo regime fiscal requer atua\u00e7\u00e3o integrada entre departamentos de finan\u00e7as, compras, tecnologia da informa\u00e7\u00e3o e diretoria para adaptar fluxos operacionais, cadastros de produtos e parametriza\u00e7\u00f5es de sistemas.<\/p>\n<p>A altera\u00e7\u00e3o na incid\u00eancia de impostos afeta diretamente a forma\u00e7\u00e3o de pre\u00e7os e a composi\u00e7\u00e3o das margens de rentabilidade. As organiza\u00e7\u00f5es precisam simular diferentes cen\u00e1rios para identificar o custo l\u00edquido de cada opera\u00e7\u00e3o e o volume de cr\u00e9ditos tribut\u00e1rios pass\u00edveis de apropria\u00e7\u00e3o. O acompanhamento da liquidez tamb\u00e9m se torna cr\u00edtico, pois o descompasso entre a gera\u00e7\u00e3o de d\u00e9bitos fiscais e o recebimento dos valores devidos pelos clientes pode influenciar a necessidade de capital de giro.<\/p>\n<p>No setor de suprimentos, a sele\u00e7\u00e3o de fornecedores passa a considerar, al\u00e9m do pre\u00e7o, o regime tribut\u00e1rio da empresa parceira, a qualidade da documenta\u00e7\u00e3o emitida e seu potencial de gera\u00e7\u00e3o de cr\u00e9ditos. Contratos de longo prazo est\u00e3o sendo revisados para incluir cl\u00e1usulas de repasse de tributos e mecanismos de reequil\u00edbrio econ\u00f4mico\u2011financeiro.<\/p>\n<p>A digitaliza\u00e7\u00e3o da fiscaliza\u00e7\u00e3o eleva a exig\u00eancia de cadastros precisos de produtos e clientes. Dados inconsistentes ou descri\u00e7\u00f5es gen\u00e9ricas nos sistemas de gest\u00e3o corporativa podem provocar a rejei\u00e7\u00e3o autom\u00e1tica de notas fiscais, gerando interrup\u00e7\u00f5es no faturamento e atrasos na entrega de mercadorias. Assim, a adequa\u00e7\u00e3o de softwares e a parametriza\u00e7\u00e3o de tabelas fiscais tornam\u2011se requisitos indispens\u00e1veis para a continuidade das opera\u00e7\u00f5es.<\/p>\n<p>A coordena\u00e7\u00e3o entre dire\u00e7\u00e3o, \u00e1reas comerciais, compras e tecnologia da informa\u00e7\u00e3o tem sido apontada como fator preventivo. Adriana Matos, COO da Person Consultoria, destaca que a reorganiza\u00e7\u00e3o interna reduz gargalos no faturamento e converte a exig\u00eancia regulat\u00f3ria em oportunidade de aprimoramento administrativo. &quot;A revis\u00e3o de processos e o saneamento dos cadastros permitem que a empresa atravesse a transi\u00e7\u00e3o de forma organizada&quot;, afirma.<\/p>\n<p>A prepara\u00e7\u00e3o antecipada para o novo ambiente fiscal possibilita a corre\u00e7\u00e3o de inefici\u00eancias operacionais acumuladas. Ao alinhar gest\u00e3o de caixa, revis\u00e3o contratual e atualiza\u00e7\u00e3o tecnol\u00f3gica sob diretrizes comuns, as organiza\u00e7\u00f5es fortalecem a governan\u00e7a e estabelecem um caminho est\u00e1vel para a evolu\u00e7\u00e3o dos neg\u00f3cios no cen\u00e1rio nacional.<\/p>\n<p><img src='https:\/\/api.dino.com.br\/v2\/news\/tr\/333111?partnerId=4593' alt=\"\" style=\"border:0px;width:1px;height:1px;\" \/><\/p>","protected":false},"excerpt":{"rendered":"<p>A nova estrutura da Reforma Tribut\u00e1ria do Consumo, divulgada no portal oficial do governo federal, exige integra\u00e7\u00e3o entre \u00e1reas corporativas para adequar fluxos operacionais, cadastros e parametriza\u00e7\u00f5es tecnol\u00f3gicas. A mudan\u00e7a impacta forma\u00e7\u00e3o de pre\u00e7os, margens, liquidez, sele\u00e7\u00e3o de fornecedores e exige atualiza\u00e7\u00e3o de softwares e contratos para garantir a continuidade das opera\u00e7\u00f5es.<\/p>","protected":false},"author":3,"featured_media":34576,"comment_status":"open","ping_status":"open","sticky":false,"template":"","format":"standard","meta":{"_seopress_titles_title":"","_seopress_titles_desc":"","_seopress_robots_index":"","_seopress_robots_follow":"","_seopress_robots_imageindex":"","_seopress_robots_snippet":"","_seopress_robots_primary_cat":"","_seopress_robots_breadcrumbs":"","_seopress_robots_freeze_modified_date":"","_seopress_robots_custom_modified_date":"","_seopress_robots_canonical":"","_seopress_social_fb_title":"","_seopress_social_fb_desc":"","_seopress_social_fb_img":"","_seopress_social_fb_img_attachment_id":0,"_seopress_social_fb_img_width":0,"_seopress_social_fb_img_height":0,"_seopress_social_twitter_title":"","_seopress_social_twitter_desc":"","_seopress_social_twitter_img":"","_seopress_social_twitter_img_attachment_id":0,"_seopress_social_twitter_img_width":0,"_seopress_social_twitter_img_height":0,"_seopress_redirections_value":"","_seopress_redirections_enabled":"","_seopress_redirections_enabled_regex":"","_seopress_redirections_logged_status":"","_seopress_redirections_param":"","_seopress_redirections_type":0,"_seopress_analysis_target_kw":"","page_builder":"","footnotes":""},"categories":[315],"tags":[361,341,342,324,323],"class_list":["post-34575","post","type-post","status-publish","format-standard","has-post-thumbnail","category-noticias-corporativas-dino","tag-e-commerce","tag-economia","tag-empreendedorismo","tag-negocios","tag-tecnologia"],"yoast_head":"<!-- This site is optimized with the Yoast SEO plugin v28.3 - https:\/\/yoast.com\/product\/yoast-seo-wordpress\/ -->\n<title>Reforma Tribut\u00e1ria do Consumo altera gest\u00e3o empresarial - Portal Masculino de Moda, Beleza, Luxo and Business - Angel Boss<\/title>\n<meta name=\"robots\" content=\"index, follow, max-snippet:-1, max-image-preview:large, max-video-preview:-1\" \/>\n<link rel=\"canonical\" href=\"https:\/\/angelboss.com.br\/en\/2026\/08\/31\/333111-reforma-tributaria-do-consumo-altera-gestao-empresarial\/\" \/>\n<meta property=\"og:locale\" content=\"en_US\" \/>\n<meta property=\"og:type\" content=\"article\" \/>\n<meta property=\"og:title\" content=\"Reforma Tribut\u00e1ria do Consumo altera gest\u00e3o empresarial - Portal Masculino de Moda, Beleza, Luxo and Business - Angel Boss\" \/>\n<meta property=\"og:description\" content=\"A nova estrutura da Reforma Tribut\u00e1ria do Consumo, divulgada no portal oficial do governo federal, exige integra\u00e7\u00e3o entre \u00e1reas corporativas para adequar fluxos operacionais, cadastros e parametriza\u00e7\u00f5es tecnol\u00f3gicas. A mudan\u00e7a impacta forma\u00e7\u00e3o de pre\u00e7os, margens, liquidez, sele\u00e7\u00e3o de fornecedores e exige atualiza\u00e7\u00e3o de softwares e contratos para garantir a continuidade das opera\u00e7\u00f5es.\" \/>\n<meta property=\"og:url\" content=\"https:\/\/angelboss.com.br\/en\/2026\/08\/31\/333111-reforma-tributaria-do-consumo-altera-gestao-empresarial\/\" \/>\n<meta property=\"og:site_name\" content=\"Portal Masculino de Moda, Beleza, Luxo and Business - Angel Boss\" \/>\n<meta property=\"article:published_time\" content=\"2026-08-31T00:00:00+00:00\" \/>\n<meta property=\"og:image\" content=\"https:\/\/api.dino.com.br\/v2\/news\/tr\/333111?partnerId=4593\" \/>\n<meta name=\"author\" content=\"DINO\" \/>\n<meta name=\"twitter:card\" content=\"summary_large_image\" \/>\n<meta name=\"twitter:label1\" content=\"Written by\" \/>\n\t<meta name=\"twitter:data1\" content=\"DINO\" \/>\n\t<meta name=\"twitter:label2\" content=\"Est. reading time\" \/>\n\t<meta name=\"twitter:data2\" content=\"2 minutes\" \/>\n<script type=\"application\/ld+json\" class=\"yoast-schema-graph\">{\"@context\":\"https:\\\/\\\/schema.org\",\"@graph\":[{\"@type\":\"Article\",\"@id\":\"https:\\\/\\\/angelboss.com.br\\\/2026\\\/08\\\/31\\\/333111-reforma-tributaria-do-consumo-altera-gestao-empresarial\\\/#article\",\"isPartOf\":{\"@id\":\"https:\\\/\\\/angelboss.com.br\\\/2026\\\/08\\\/31\\\/333111-reforma-tributaria-do-consumo-altera-gestao-empresarial\\\/\"},\"author\":{\"name\":\"DINO\",\"@id\":\"http:\\\/\\\/angelboss.com.br\\\/#\\\/schema\\\/person\\\/b6676b8d991f97199ef2d5b8e5c2d8a5\"},\"headline\":\"Reforma Tribut\u00e1ria do Consumo altera gest\u00e3o empresarial\",\"datePublished\":\"2026-08-31T00:00:00+00:00\",\"mainEntityOfPage\":{\"@id\":\"https:\\\/\\\/angelboss.com.br\\\/2026\\\/08\\\/31\\\/333111-reforma-tributaria-do-consumo-altera-gestao-empresarial\\\/\"},\"wordCount\":430,\"commentCount\":0,\"publisher\":{\"@id\":\"http:\\\/\\\/angelboss.com.br\\\/#organization\"},\"image\":{\"@id\":\"https:\\\/\\\/angelboss.com.br\\\/2026\\\/08\\\/31\\\/333111-reforma-tributaria-do-consumo-altera-gestao-empresarial\\\/#primaryimage\"},\"thumbnailUrl\":\"https:\\\/\\\/angelboss.com.br\\\/wp-content\\\/uploads\\\/2026\\\/08\\\/aaf0b5e1-b069-449c-a6e2-0e7195ea816b.jpg\",\"keywords\":[\"E-COMMERCE\",\"ECONOMIA\",\"EMPREENDEDORISMO\",\"NEG\u00d3CIOS\",\"TECNOLOGIA\"],\"articleSection\":[\"Not\u00edcias Corporativas\"],\"inLanguage\":\"en-US\",\"potentialAction\":[{\"@type\":\"CommentAction\",\"name\":\"Comment\",\"target\":[\"https:\\\/\\\/angelboss.com.br\\\/2026\\\/08\\\/31\\\/333111-reforma-tributaria-do-consumo-altera-gestao-empresarial\\\/#respond\"]}]},{\"@type\":\"WebPage\",\"@id\":\"https:\\\/\\\/angelboss.com.br\\\/2026\\\/08\\\/31\\\/333111-reforma-tributaria-do-consumo-altera-gestao-empresarial\\\/\",\"url\":\"https:\\\/\\\/angelboss.com.br\\\/2026\\\/08\\\/31\\\/333111-reforma-tributaria-do-consumo-altera-gestao-empresarial\\\/\",\"name\":\"Reforma Tribut\u00e1ria do Consumo altera gest\u00e3o empresarial - Portal Masculino de Moda, Beleza, Luxo and Business - Angel Boss\",\"isPartOf\":{\"@id\":\"http:\\\/\\\/angelboss.com.br\\\/#website\"},\"primaryImageOfPage\":{\"@id\":\"https:\\\/\\\/angelboss.com.br\\\/2026\\\/08\\\/31\\\/333111-reforma-tributaria-do-consumo-altera-gestao-empresarial\\\/#primaryimage\"},\"image\":{\"@id\":\"https:\\\/\\\/angelboss.com.br\\\/2026\\\/08\\\/31\\\/333111-reforma-tributaria-do-consumo-altera-gestao-empresarial\\\/#primaryimage\"},\"thumbnailUrl\":\"https:\\\/\\\/angelboss.com.br\\\/wp-content\\\/uploads\\\/2026\\\/08\\\/aaf0b5e1-b069-449c-a6e2-0e7195ea816b.jpg\",\"datePublished\":\"2026-08-31T00:00:00+00:00\",\"breadcrumb\":{\"@id\":\"https:\\\/\\\/angelboss.com.br\\\/2026\\\/08\\\/31\\\/333111-reforma-tributaria-do-consumo-altera-gestao-empresarial\\\/#breadcrumb\"},\"inLanguage\":\"en-US\",\"potentialAction\":[{\"@type\":\"ReadAction\",\"target\":[\"https:\\\/\\\/angelboss.com.br\\\/2026\\\/08\\\/31\\\/333111-reforma-tributaria-do-consumo-altera-gestao-empresarial\\\/\"]}]},{\"@type\":\"ImageObject\",\"inLanguage\":\"en-US\",\"@id\":\"https:\\\/\\\/angelboss.com.br\\\/2026\\\/08\\\/31\\\/333111-reforma-tributaria-do-consumo-altera-gestao-empresarial\\\/#primaryimage\",\"url\":\"https:\\\/\\\/angelboss.com.br\\\/wp-content\\\/uploads\\\/2026\\\/08\\\/aaf0b5e1-b069-449c-a6e2-0e7195ea816b.jpg\",\"contentUrl\":\"https:\\\/\\\/angelboss.com.br\\\/wp-content\\\/uploads\\\/2026\\\/08\\\/aaf0b5e1-b069-449c-a6e2-0e7195ea816b.jpg\",\"width\":1200,\"height\":655,\"caption\":\"aaf0b5e1 b069 449c a6e2 0e7195ea816b\"},{\"@type\":\"BreadcrumbList\",\"@id\":\"https:\\\/\\\/angelboss.com.br\\\/2026\\\/08\\\/31\\\/333111-reforma-tributaria-do-consumo-altera-gestao-empresarial\\\/#breadcrumb\",\"itemListElement\":[{\"@type\":\"ListItem\",\"position\":1,\"name\":\"In\u00edcio\",\"item\":\"http:\\\/\\\/angelboss.com.br\\\/\"},{\"@type\":\"ListItem\",\"position\":2,\"name\":\"Reforma Tribut\u00e1ria do Consumo altera gest\u00e3o empresarial\"}]},{\"@type\":\"WebSite\",\"@id\":\"http:\\\/\\\/angelboss.com.br\\\/#website\",\"url\":\"http:\\\/\\\/angelboss.com.br\\\/\",\"name\":\"Portal Masculino de Moda, Beleza, Luxo e Business - Angel Boss\",\"description\":\"O Maior Portal sobre Moda, Luxo, Beleza e Business Masculino do Brasil\",\"publisher\":{\"@id\":\"http:\\\/\\\/angelboss.com.br\\\/#organization\"},\"alternateName\":\"Maior Portal e Blog de Beleza Masculina e Luxo\",\"potentialAction\":[{\"@type\":\"SearchAction\",\"target\":{\"@type\":\"EntryPoint\",\"urlTemplate\":\"http:\\\/\\\/angelboss.com.br\\\/?s={search_term_string}\"},\"query-input\":{\"@type\":\"PropertyValueSpecification\",\"valueRequired\":true,\"valueName\":\"search_term_string\"}}],\"inLanguage\":\"en-US\"},{\"@type\":\"Organization\",\"@id\":\"http:\\\/\\\/angelboss.com.br\\\/#organization\",\"name\":\"Portal Masculino de Moda, Beleza, Luxo and Business - Angel Boss\",\"url\":\"http:\\\/\\\/angelboss.com.br\\\/\",\"logo\":{\"@type\":\"ImageObject\",\"inLanguage\":\"en-US\",\"@id\":\"http:\\\/\\\/angelboss.com.br\\\/#\\\/schema\\\/logo\\\/image\\\/\",\"url\":\"https:\\\/\\\/angelboss.com.br\\\/wp-content\\\/uploads\\\/2025\\\/12\\\/WhatsApp-Image-2025-12-11-at-12.54.26.jpeg\",\"contentUrl\":\"https:\\\/\\\/angelboss.com.br\\\/wp-content\\\/uploads\\\/2025\\\/12\\\/WhatsApp-Image-2025-12-11-at-12.54.26.jpeg\",\"width\":1280,\"height\":1280,\"caption\":\"Portal Masculino de Moda, Beleza, Luxo and Business - Angel Boss\"},\"image\":{\"@id\":\"http:\\\/\\\/angelboss.com.br\\\/#\\\/schema\\\/logo\\\/image\\\/\"}},{\"@type\":\"Person\",\"@id\":\"http:\\\/\\\/angelboss.com.br\\\/#\\\/schema\\\/person\\\/b6676b8d991f97199ef2d5b8e5c2d8a5\",\"name\":\"DINO\",\"image\":{\"@type\":\"ImageObject\",\"inLanguage\":\"en-US\",\"@id\":\"https:\\\/\\\/secure.gravatar.com\\\/avatar\\\/f29568383aedf96da155b6f87103b0e04b1c662f982055cda25086444ab33ff8?s=96&d=mm&r=g\",\"url\":\"https:\\\/\\\/secure.gravatar.com\\\/avatar\\\/f29568383aedf96da155b6f87103b0e04b1c662f982055cda25086444ab33ff8?s=96&d=mm&r=g\",\"contentUrl\":\"https:\\\/\\\/secure.gravatar.com\\\/avatar\\\/f29568383aedf96da155b6f87103b0e04b1c662f982055cda25086444ab33ff8?s=96&d=mm&r=g\",\"caption\":\"DINO\"},\"url\":\"https:\\\/\\\/angelboss.com.br\\\/en\\\/author\\\/DINO\\\/\"}]}<\/script>\n<!-- \/ Yoast SEO plugin. -->","yoast_head_json":{"title":"Reforma Tribut\u00e1ria do Consumo altera gest\u00e3o empresarial - Portal Masculino de Moda, Beleza, Luxo and Business - Angel Boss","robots":{"index":"index","follow":"follow","max-snippet":"max-snippet:-1","max-image-preview":"max-image-preview:large","max-video-preview":"max-video-preview:-1"},"canonical":"https:\/\/angelboss.com.br\/en\/2026\/08\/31\/333111-reforma-tributaria-do-consumo-altera-gestao-empresarial\/","og_locale":"en_US","og_type":"article","og_title":"Reforma Tribut\u00e1ria do Consumo altera gest\u00e3o empresarial - Portal Masculino de Moda, Beleza, Luxo and Business - Angel Boss","og_description":"A nova estrutura da Reforma Tribut\u00e1ria do Consumo, divulgada no portal oficial do governo federal, exige integra\u00e7\u00e3o entre \u00e1reas corporativas para adequar fluxos operacionais, cadastros e parametriza\u00e7\u00f5es tecnol\u00f3gicas. A mudan\u00e7a impacta forma\u00e7\u00e3o de pre\u00e7os, margens, liquidez, sele\u00e7\u00e3o de fornecedores e exige atualiza\u00e7\u00e3o de softwares e contratos para garantir a continuidade das opera\u00e7\u00f5es.","og_url":"https:\/\/angelboss.com.br\/en\/2026\/08\/31\/333111-reforma-tributaria-do-consumo-altera-gestao-empresarial\/","og_site_name":"Portal Masculino de Moda, Beleza, Luxo and Business - Angel Boss","article_published_time":"2026-08-31T00:00:00+00:00","og_image":[{"url":"https:\/\/api.dino.com.br\/v2\/news\/tr\/333111?partnerId=4593","type":"","width":"","height":""}],"author":"DINO","twitter_card":"summary_large_image","twitter_misc":{"Written by":"DINO","Est. reading time":"2 minutes"},"schema":{"@context":"https:\/\/schema.org","@graph":[{"@type":"Article","@id":"https:\/\/angelboss.com.br\/2026\/08\/31\/333111-reforma-tributaria-do-consumo-altera-gestao-empresarial\/#article","isPartOf":{"@id":"https:\/\/angelboss.com.br\/2026\/08\/31\/333111-reforma-tributaria-do-consumo-altera-gestao-empresarial\/"},"author":{"name":"DINO","@id":"http:\/\/angelboss.com.br\/#\/schema\/person\/b6676b8d991f97199ef2d5b8e5c2d8a5"},"headline":"Reforma Tribut\u00e1ria do Consumo altera gest\u00e3o empresarial","datePublished":"2026-08-31T00:00:00+00:00","mainEntityOfPage":{"@id":"https:\/\/angelboss.com.br\/2026\/08\/31\/333111-reforma-tributaria-do-consumo-altera-gestao-empresarial\/"},"wordCount":430,"commentCount":0,"publisher":{"@id":"http:\/\/angelboss.com.br\/#organization"},"image":{"@id":"https:\/\/angelboss.com.br\/2026\/08\/31\/333111-reforma-tributaria-do-consumo-altera-gestao-empresarial\/#primaryimage"},"thumbnailUrl":"https:\/\/angelboss.com.br\/wp-content\/uploads\/2026\/08\/aaf0b5e1-b069-449c-a6e2-0e7195ea816b.jpg","keywords":["E-COMMERCE","ECONOMIA","EMPREENDEDORISMO","NEG\u00d3CIOS","TECNOLOGIA"],"articleSection":["Not\u00edcias Corporativas"],"inLanguage":"en-US","potentialAction":[{"@type":"CommentAction","name":"Comment","target":["https:\/\/angelboss.com.br\/2026\/08\/31\/333111-reforma-tributaria-do-consumo-altera-gestao-empresarial\/#respond"]}]},{"@type":"WebPage","@id":"https:\/\/angelboss.com.br\/2026\/08\/31\/333111-reforma-tributaria-do-consumo-altera-gestao-empresarial\/","url":"https:\/\/angelboss.com.br\/2026\/08\/31\/333111-reforma-tributaria-do-consumo-altera-gestao-empresarial\/","name":"Reforma Tribut\u00e1ria do Consumo altera gest\u00e3o empresarial - Portal Masculino de Moda, Beleza, Luxo and Business - Angel Boss","isPartOf":{"@id":"http:\/\/angelboss.com.br\/#website"},"primaryImageOfPage":{"@id":"https:\/\/angelboss.com.br\/2026\/08\/31\/333111-reforma-tributaria-do-consumo-altera-gestao-empresarial\/#primaryimage"},"image":{"@id":"https:\/\/angelboss.com.br\/2026\/08\/31\/333111-reforma-tributaria-do-consumo-altera-gestao-empresarial\/#primaryimage"},"thumbnailUrl":"https:\/\/angelboss.com.br\/wp-content\/uploads\/2026\/08\/aaf0b5e1-b069-449c-a6e2-0e7195ea816b.jpg","datePublished":"2026-08-31T00:00:00+00:00","breadcrumb":{"@id":"https:\/\/angelboss.com.br\/2026\/08\/31\/333111-reforma-tributaria-do-consumo-altera-gestao-empresarial\/#breadcrumb"},"inLanguage":"en-US","potentialAction":[{"@type":"ReadAction","target":["https:\/\/angelboss.com.br\/2026\/08\/31\/333111-reforma-tributaria-do-consumo-altera-gestao-empresarial\/"]}]},{"@type":"ImageObject","inLanguage":"en-US","@id":"https:\/\/angelboss.com.br\/2026\/08\/31\/333111-reforma-tributaria-do-consumo-altera-gestao-empresarial\/#primaryimage","url":"https:\/\/angelboss.com.br\/wp-content\/uploads\/2026\/08\/aaf0b5e1-b069-449c-a6e2-0e7195ea816b.jpg","contentUrl":"https:\/\/angelboss.com.br\/wp-content\/uploads\/2026\/08\/aaf0b5e1-b069-449c-a6e2-0e7195ea816b.jpg","width":1200,"height":655,"caption":"aaf0b5e1 b069 449c a6e2 0e7195ea816b"},{"@type":"BreadcrumbList","@id":"https:\/\/angelboss.com.br\/2026\/08\/31\/333111-reforma-tributaria-do-consumo-altera-gestao-empresarial\/#breadcrumb","itemListElement":[{"@type":"ListItem","position":1,"name":"In\u00edcio","item":"http:\/\/angelboss.com.br\/"},{"@type":"ListItem","position":2,"name":"Reforma Tribut\u00e1ria do Consumo altera gest\u00e3o empresarial"}]},{"@type":"WebSite","@id":"http:\/\/angelboss.com.br\/#website","url":"http:\/\/angelboss.com.br\/","name":"Portal Masculino de Moda, Beleza, Luxo e Business - Angel Boss","description":"O Maior Portal sobre Moda, Luxo, Beleza e Business Masculino do Brasil","publisher":{"@id":"http:\/\/angelboss.com.br\/#organization"},"alternateName":"Maior Portal e Blog de Beleza Masculina e Luxo","potentialAction":[{"@type":"SearchAction","target":{"@type":"EntryPoint","urlTemplate":"http:\/\/angelboss.com.br\/?s={search_term_string}"},"query-input":{"@type":"PropertyValueSpecification","valueRequired":true,"valueName":"search_term_string"}}],"inLanguage":"en-US"},{"@type":"Organization","@id":"http:\/\/angelboss.com.br\/#organization","name":"Portal Masculino de Moda, Beleza, Luxo and Business - Angel Boss","url":"http:\/\/angelboss.com.br\/","logo":{"@type":"ImageObject","inLanguage":"en-US","@id":"http:\/\/angelboss.com.br\/#\/schema\/logo\/image\/","url":"https:\/\/angelboss.com.br\/wp-content\/uploads\/2025\/12\/WhatsApp-Image-2025-12-11-at-12.54.26.jpeg","contentUrl":"https:\/\/angelboss.com.br\/wp-content\/uploads\/2025\/12\/WhatsApp-Image-2025-12-11-at-12.54.26.jpeg","width":1280,"height":1280,"caption":"Portal Masculino de Moda, Beleza, Luxo and Business - Angel Boss"},"image":{"@id":"http:\/\/angelboss.com.br\/#\/schema\/logo\/image\/"}},{"@type":"Person","@id":"http:\/\/angelboss.com.br\/#\/schema\/person\/b6676b8d991f97199ef2d5b8e5c2d8a5","name":"DINO","image":{"@type":"ImageObject","inLanguage":"en-US","@id":"https:\/\/secure.gravatar.com\/avatar\/f29568383aedf96da155b6f87103b0e04b1c662f982055cda25086444ab33ff8?s=96&d=mm&r=g","url":"https:\/\/secure.gravatar.com\/avatar\/f29568383aedf96da155b6f87103b0e04b1c662f982055cda25086444ab33ff8?s=96&d=mm&r=g","contentUrl":"https:\/\/secure.gravatar.com\/avatar\/f29568383aedf96da155b6f87103b0e04b1c662f982055cda25086444ab33ff8?s=96&d=mm&r=g","caption":"DINO"},"url":"https:\/\/angelboss.com.br\/en\/author\/DINO\/"}]}},"amp_enabled":true,"_links":{"self":[{"href":"https:\/\/angelboss.com.br\/en\/wp-json\/wp\/v2\/posts\/34575","targetHints":{"allow":["GET"]}}],"collection":[{"href":"https:\/\/angelboss.com.br\/en\/wp-json\/wp\/v2\/posts"}],"about":[{"href":"https:\/\/angelboss.com.br\/en\/wp-json\/wp\/v2\/types\/post"}],"author":[{"embeddable":true,"href":"https:\/\/angelboss.com.br\/en\/wp-json\/wp\/v2\/users\/3"}],"replies":[{"embeddable":true,"href":"https:\/\/angelboss.com.br\/en\/wp-json\/wp\/v2\/comments?post=34575"}],"version-history":[{"count":0,"href":"https:\/\/angelboss.com.br\/en\/wp-json\/wp\/v2\/posts\/34575\/revisions"}],"wp:featuredmedia":[{"embeddable":true,"href":"https:\/\/angelboss.com.br\/en\/wp-json\/wp\/v2\/media\/34576"}],"wp:attachment":[{"href":"https:\/\/angelboss.com.br\/en\/wp-json\/wp\/v2\/media?parent=34575"}],"wp:term":[{"taxonomy":"category","embeddable":true,"href":"https:\/\/angelboss.com.br\/en\/wp-json\/wp\/v2\/categories?post=34575"},{"taxonomy":"post_tag","embeddable":true,"href":"https:\/\/angelboss.com.br\/en\/wp-json\/wp\/v2\/tags?post=34575"}],"curies":[{"name":"wp","href":"https:\/\/api.w.org\/{rel}","templated":true}]}}