{"id":31030,"date":"2026-07-31T00:00:00","date_gmt":"2026-07-31T00:00:00","guid":{"rendered":"https:\/\/angelboss.com.br\/2026\/07\/31\/318382-industria-amplia-uso-de-ingredientes-mineiros\/"},"modified":"2026-07-31T00:00:00","modified_gmt":"2026-07-31T00:00:00","slug":"318382-industria-amplia-uso-de-ingredientes-mineiros","status":"publish","type":"post","link":"https:\/\/angelboss.com.br\/en\/2026\/07\/31\/318382-industria-amplia-uso-de-ingredientes-mineiros\/","title":{"rendered":"Ind\u00fastria amplia uso de ingredientes mineiros"},"content":{"rendered":"<p><em>Com a conquista do SIF nacional, a Temperatta amplia a distribui&ccedil;&atilde;o de seus temperos para todo o pa&iacute;s e refor&ccedil;a o protagonismo de Minas Gerais na produ&ccedil;&atilde;o de insumos para a gastronomia<\/em><\/p>\n<p>Minas Gerais consolida sua posi&ccedil;&atilde;o como um dos polos mais relevantes da ind&uacute;stria de alimentos do Brasil, e uma das provas desse movimento &eacute; a expans&atilde;o de empresas do setor de temperos e condimentos, que passam a atender todo o territ&oacute;rio nacional. &Eacute; o caso da Temperatta, marca mineira que acaba de obter o Selo de Inspe&ccedil;&atilde;o Federal (SIF), certifica&ccedil;&atilde;o que autoriza a comercializa&ccedil;&atilde;o de seus produtos em qualquer estado do pa&iacute;s, sem restri&ccedil;&atilde;o de fronteira estadual.<\/p>\n<p>A conquista chega em um momento de expans&atilde;o da companhia, que anunciou investimentos de at&eacute; R$ 6 milh&otilde;es para multiplicar por duas a tr&ecirc;s vezes sua capacidade produtiva. O aporte refor&ccedil;a n&atilde;o apenas a fabrica&ccedil;&atilde;o, mas toda a estrutura de servi&ccedil;os que sustenta a opera&ccedil;&atilde;o, da log&iacute;stica ao merchandising, hoje conduzida de forma 100% pr&oacute;pria pela empresa, com uma equipe de cerca de 180 profissionais dedicados &agrave; opera&ccedil;&atilde;o mensal.<\/p>\n<p>Um dos pilares dessa expans&atilde;o &eacute; o uso de ingredientes regionais, combinados a insumos importados de diferentes partes do mundo. Entre os produtos mineiros que ganham destaque na produ&ccedil;&atilde;o est&atilde;o o alho, a pimenta e o vinagre, selecionados por um processo t&eacute;cnico de compras que avalia frescor, padroniza&ccedil;&atilde;o e seguran&ccedil;a alimentar. &quot;Temos orgulho da nossa origem mineira e do respeito &agrave; tradi&ccedil;&atilde;o de uma das culin&aacute;rias mais ricas do pa&iacute;s. Combinamos mat&eacute;ria-prima regional de alta qualidade com insumos internacionais para entregar um padr&atilde;o que acompanha o crescimento de qualquer grande player do varejo&quot;, afirma Fernando Seabra, s&oacute;cio-diretor da Temperatta.<\/p>\n<p><strong>Novos blends e embalagens acompanham as tend&ecirc;ncias do setor<\/strong><\/p>\n<p>Alinhada &agrave;s demandas por praticidade e alto padr&atilde;o no food service e no varejo, a companhia lan&ccedil;ou recentemente sua nova Linha de Molhos Cremosos, voltada a cozinhas comerciais e consumidores mais exigentes. Duas novas linhas de produtos exclusivas j&aacute; est&atilde;o em desenvolvimento, com lan&ccedil;amento previsto para o segundo semestre de 2026, o que deve ampliar ainda mais o portf&oacute;lio de blends e formatos de embalagem oferecidos ao mercado.<\/p>\n<p>Para Seabra, o momento reflete o cen&aacute;rio favor&aacute;vel do estado. &quot;O mais barato que temos hoje &eacute; o produto. Mas o diferencial est&aacute; no servi&ccedil;o de extrema qualidade que entregamos ao supermercadista, abrangendo 100% do nosso territ&oacute;rio comercial, com venda, log&iacute;stica e merchandising. S&oacute; assim conseguimos acompanhar a expans&atilde;o de qualquer grande player, alinhados ao seu projeto de crescimento&quot;, explica o executivo.<\/p>\n<p>Com 11 anos de hist&oacute;ria e um crescimento de 27,5% em 2025, a Temperatta projeta usar a conquista do SIF nacional como plataforma para consolidar ingredientes mineiros em cozinhas de todo o Brasil, unindo tradi&ccedil;&atilde;o regional, inova&ccedil;&atilde;o em produtos e estrutura pr&oacute;pria de distribui&ccedil;&atilde;o.<\/p>\n<p><img src='https:\/\/api.dino.com.br\/v2\/news\/tr\/318382?partnerId=4593' alt=\"\" style=\"border:0px;width:1px;height:1px;\" \/><\/p>","protected":false},"excerpt":{"rendered":"<p>Minas Gerais consolida sua posi\u00e7\u00e3o como um dos polos mais relevantes da ind\u00fastria de alimentos do Brasil, e uma das provas desse movimento \u00e9 a expans\u00e3o de empresas do setor de temperos e condimentos, que passam a atender todo o territ\u00f3rio nacional. \u00c9 o caso da Temperatta, marca mineira que acaba de obter o Selo de Inspe\u00e7\u00e3o Federal (SIF), certifica\u00e7\u00e3o que autoriza a comercializa\u00e7\u00e3o de seus produtos em qualquer estado do pa\u00eds<\/p>","protected":false},"author":3,"featured_media":31031,"comment_status":"open","ping_status":"open","sticky":false,"template":"","format":"standard","meta":{"_seopress_titles_title":"","_seopress_titles_desc":"","_seopress_robots_index":"","_seopress_robots_follow":"","_seopress_robots_imageindex":"","_seopress_robots_snippet":"","_seopress_robots_primary_cat":"0","_seopress_robots_breadcrumbs":"","_seopress_robots_freeze_modified_date":"","_seopress_robots_custom_modified_date":"","_seopress_robots_canonical":"","_seopress_social_fb_title":"","_seopress_social_fb_desc":"","_seopress_social_fb_img":"","_seopress_social_fb_img_attachment_id":0,"_seopress_social_fb_img_width":0,"_seopress_social_fb_img_height":0,"_seopress_social_twitter_title":"","_seopress_social_twitter_desc":"","_seopress_social_twitter_img":"","_seopress_social_twitter_img_attachment_id":0,"_seopress_social_twitter_img_width":0,"_seopress_social_twitter_img_height":0,"_seopress_redirections_value":"","_seopress_redirections_enabled":"","_seopress_redirections_enabled_regex":"","_seopress_redirections_logged_status":"","_seopress_redirections_param":"","_seopress_redirections_type":0,"_seopress_analysis_target_kw":"","page_builder":"","footnotes":""},"categories":[315],"tags":[377,336,345,445,324],"class_list":["post-31030","post","type-post","status-publish","format-standard","has-post-thumbnail","category-noticias-corporativas-dino","tag-agricultura","tag-atacado-e-varejo","tag-gastronomia","tag-industria-de-nao-duraveis","tag-negocios"],"yoast_head":"<!-- This site is optimized with the Yoast SEO plugin v28.4 - https:\/\/yoast.com\/product\/yoast-seo-wordpress\/ -->\n<title>Ind\u00fastria amplia uso de ingredientes mineiros - Portal Masculino de Moda, Beleza, Luxo and Business - Angel Boss<\/title>\n<meta name=\"robots\" content=\"index, follow, max-snippet:-1, max-image-preview:large, max-video-preview:-1\" \/>\n<link rel=\"canonical\" href=\"https:\/\/angelboss.com.br\/en\/2026\/07\/31\/318382-industria-amplia-uso-de-ingredientes-mineiros\/\" \/>\n<meta property=\"og:locale\" content=\"en_US\" \/>\n<meta property=\"og:type\" content=\"article\" \/>\n<meta property=\"og:title\" content=\"Ind\u00fastria amplia uso de ingredientes mineiros - Portal Masculino de Moda, Beleza, Luxo and Business - Angel Boss\" \/>\n<meta property=\"og:description\" content=\"Minas Gerais consolida sua posi\u00e7\u00e3o como um dos polos mais relevantes da ind\u00fastria de alimentos do Brasil, e uma das provas desse movimento \u00e9 a expans\u00e3o de empresas do setor de temperos e condimentos, que passam a atender todo o territ\u00f3rio nacional. \u00c9 o caso da Temperatta, marca mineira que acaba de obter o Selo de Inspe\u00e7\u00e3o Federal (SIF), certifica\u00e7\u00e3o que autoriza a comercializa\u00e7\u00e3o de seus produtos em qualquer estado do pa\u00eds\" \/>\n<meta property=\"og:url\" content=\"https:\/\/angelboss.com.br\/en\/2026\/07\/31\/318382-industria-amplia-uso-de-ingredientes-mineiros\/\" \/>\n<meta property=\"og:site_name\" content=\"Portal Masculino de Moda, Beleza, Luxo and Business - Angel Boss\" \/>\n<meta property=\"article:published_time\" content=\"2026-07-31T00:00:00+00:00\" \/>\n<meta property=\"og:image\" content=\"https:\/\/angelboss.com.br\/wp-content\/uploads\/2026\/07\/374e4f6f-2e95-49eb-bdd7-c55643ebd1c0.jpeg\" \/>\n\t<meta property=\"og:image:width\" content=\"1198\" \/>\n\t<meta property=\"og:image:height\" content=\"800\" \/>\n\t<meta property=\"og:image:type\" content=\"image\/jpeg\" \/>\n<meta name=\"author\" content=\"DINO\" \/>\n<meta name=\"twitter:card\" content=\"summary_large_image\" \/>\n<meta name=\"twitter:label1\" content=\"Written by\" \/>\n\t<meta name=\"twitter:data1\" content=\"DINO\" \/>\n\t<meta name=\"twitter:label2\" content=\"Est. reading time\" \/>\n\t<meta name=\"twitter:data2\" content=\"3 minutes\" \/>\n<script type=\"application\/ld+json\" class=\"yoast-schema-graph\">{\"@context\":\"https:\\\/\\\/schema.org\",\"@graph\":[{\"@type\":\"Article\",\"@id\":\"https:\\\/\\\/angelboss.com.br\\\/en\\\/2026\\\/07\\\/31\\\/318382-industria-amplia-uso-de-ingredientes-mineiros\\\/#article\",\"isPartOf\":{\"@id\":\"https:\\\/\\\/angelboss.com.br\\\/en\\\/2026\\\/07\\\/31\\\/318382-industria-amplia-uso-de-ingredientes-mineiros\\\/\"},\"author\":{\"name\":\"DINO\",\"@id\":\"https:\\\/\\\/angelboss.com.br\\\/#\\\/schema\\\/person\\\/b6676b8d991f97199ef2d5b8e5c2d8a5\"},\"headline\":\"Ind\u00fastria amplia uso de ingredientes mineiros\",\"datePublished\":\"2026-07-31T00:00:00+00:00\",\"mainEntityOfPage\":{\"@id\":\"https:\\\/\\\/angelboss.com.br\\\/en\\\/2026\\\/07\\\/31\\\/318382-industria-amplia-uso-de-ingredientes-mineiros\\\/\"},\"wordCount\":590,\"commentCount\":0,\"publisher\":{\"@id\":\"https:\\\/\\\/angelboss.com.br\\\/#organization\"},\"image\":{\"@id\":\"https:\\\/\\\/angelboss.com.br\\\/en\\\/2026\\\/07\\\/31\\\/318382-industria-amplia-uso-de-ingredientes-mineiros\\\/#primaryimage\"},\"thumbnailUrl\":\"https:\\\/\\\/angelboss.com.br\\\/wp-content\\\/uploads\\\/2026\\\/07\\\/374e4f6f-2e95-49eb-bdd7-c55643ebd1c0.jpeg\",\"keywords\":[\"AGRICULTURA\",\"ATACADO E VAREJO\",\"GASTRONOMIA\",\"INDUSTRIA DE N\u00c3O DUR\u00c1VEIS\",\"NEG\u00d3CIOS\"],\"articleSection\":[\"Not\u00edcias Corporativas\"],\"inLanguage\":\"en-US\",\"potentialAction\":[{\"@type\":\"CommentAction\",\"name\":\"Comment\",\"target\":[\"https:\\\/\\\/angelboss.com.br\\\/en\\\/2026\\\/07\\\/31\\\/318382-industria-amplia-uso-de-ingredientes-mineiros\\\/#respond\"]}]},{\"@type\":\"WebPage\",\"@id\":\"https:\\\/\\\/angelboss.com.br\\\/en\\\/2026\\\/07\\\/31\\\/318382-industria-amplia-uso-de-ingredientes-mineiros\\\/\",\"url\":\"https:\\\/\\\/angelboss.com.br\\\/en\\\/2026\\\/07\\\/31\\\/318382-industria-amplia-uso-de-ingredientes-mineiros\\\/\",\"name\":\"Ind\u00fastria amplia uso de ingredientes mineiros - Portal Masculino de Moda, Beleza, Luxo and Business - Angel Boss\",\"isPartOf\":{\"@id\":\"https:\\\/\\\/angelboss.com.br\\\/#website\"},\"primaryImageOfPage\":{\"@id\":\"https:\\\/\\\/angelboss.com.br\\\/en\\\/2026\\\/07\\\/31\\\/318382-industria-amplia-uso-de-ingredientes-mineiros\\\/#primaryimage\"},\"image\":{\"@id\":\"https:\\\/\\\/angelboss.com.br\\\/en\\\/2026\\\/07\\\/31\\\/318382-industria-amplia-uso-de-ingredientes-mineiros\\\/#primaryimage\"},\"thumbnailUrl\":\"https:\\\/\\\/angelboss.com.br\\\/wp-content\\\/uploads\\\/2026\\\/07\\\/374e4f6f-2e95-49eb-bdd7-c55643ebd1c0.jpeg\",\"datePublished\":\"2026-07-31T00:00:00+00:00\",\"breadcrumb\":{\"@id\":\"https:\\\/\\\/angelboss.com.br\\\/en\\\/2026\\\/07\\\/31\\\/318382-industria-amplia-uso-de-ingredientes-mineiros\\\/#breadcrumb\"},\"inLanguage\":\"en-US\",\"potentialAction\":[{\"@type\":\"ReadAction\",\"target\":[\"https:\\\/\\\/angelboss.com.br\\\/en\\\/2026\\\/07\\\/31\\\/318382-industria-amplia-uso-de-ingredientes-mineiros\\\/\"]}]},{\"@type\":\"ImageObject\",\"inLanguage\":\"en-US\",\"@id\":\"https:\\\/\\\/angelboss.com.br\\\/en\\\/2026\\\/07\\\/31\\\/318382-industria-amplia-uso-de-ingredientes-mineiros\\\/#primaryimage\",\"url\":\"https:\\\/\\\/angelboss.com.br\\\/wp-content\\\/uploads\\\/2026\\\/07\\\/374e4f6f-2e95-49eb-bdd7-c55643ebd1c0.jpeg\",\"contentUrl\":\"https:\\\/\\\/angelboss.com.br\\\/wp-content\\\/uploads\\\/2026\\\/07\\\/374e4f6f-2e95-49eb-bdd7-c55643ebd1c0.jpeg\",\"width\":1198,\"height\":800,\"caption\":\"Ind\u00fastria amplia uso de ingredientes mineiros\"},{\"@type\":\"BreadcrumbList\",\"@id\":\"https:\\\/\\\/angelboss.com.br\\\/en\\\/2026\\\/07\\\/31\\\/318382-industria-amplia-uso-de-ingredientes-mineiros\\\/#breadcrumb\",\"itemListElement\":[{\"@type\":\"ListItem\",\"position\":1,\"name\":\"In\u00edcio\",\"item\":\"https:\\\/\\\/angelboss.com.br\\\/\"},{\"@type\":\"ListItem\",\"position\":2,\"name\":\"Ind\u00fastria amplia uso de ingredientes mineiros\"}]},{\"@type\":\"WebSite\",\"@id\":\"https:\\\/\\\/angelboss.com.br\\\/#website\",\"url\":\"https:\\\/\\\/angelboss.com.br\\\/\",\"name\":\"Portal Masculino de Moda, Beleza, Luxo e Business - Angel Boss\",\"description\":\"O Maior Portal sobre Moda, Luxo, Beleza e Business Masculino do Brasil\",\"publisher\":{\"@id\":\"https:\\\/\\\/angelboss.com.br\\\/#organization\"},\"alternateName\":\"Maior Portal e Blog de Beleza Masculina e Luxo\",\"potentialAction\":[{\"@type\":\"SearchAction\",\"target\":{\"@type\":\"EntryPoint\",\"urlTemplate\":\"https:\\\/\\\/angelboss.com.br\\\/?s={search_term_string}\"},\"query-input\":{\"@type\":\"PropertyValueSpecification\",\"valueRequired\":true,\"valueName\":\"search_term_string\"}}],\"inLanguage\":\"en-US\"},{\"@type\":\"Organization\",\"@id\":\"https:\\\/\\\/angelboss.com.br\\\/#organization\",\"name\":\"Portal Masculino de Moda, Beleza, Luxo and Business - Angel Boss\",\"url\":\"https:\\\/\\\/angelboss.com.br\\\/\",\"logo\":{\"@type\":\"ImageObject\",\"inLanguage\":\"en-US\",\"@id\":\"https:\\\/\\\/angelboss.com.br\\\/#\\\/schema\\\/logo\\\/image\\\/\",\"url\":\"https:\\\/\\\/angelboss.com.br\\\/wp-content\\\/uploads\\\/2025\\\/12\\\/WhatsApp-Image-2025-12-11-at-12.54.26.jpeg\",\"contentUrl\":\"https:\\\/\\\/angelboss.com.br\\\/wp-content\\\/uploads\\\/2025\\\/12\\\/WhatsApp-Image-2025-12-11-at-12.54.26.jpeg\",\"width\":1280,\"height\":1280,\"caption\":\"Portal Masculino de Moda, Beleza, Luxo and Business - Angel Boss\"},\"image\":{\"@id\":\"https:\\\/\\\/angelboss.com.br\\\/#\\\/schema\\\/logo\\\/image\\\/\"}},{\"@type\":\"Person\",\"@id\":\"https:\\\/\\\/angelboss.com.br\\\/#\\\/schema\\\/person\\\/b6676b8d991f97199ef2d5b8e5c2d8a5\",\"name\":\"DINO\",\"image\":{\"@type\":\"ImageObject\",\"inLanguage\":\"en-US\",\"@id\":\"https:\\\/\\\/secure.gravatar.com\\\/avatar\\\/f29568383aedf96da155b6f87103b0e04b1c662f982055cda25086444ab33ff8?s=96&d=mm&r=g\",\"url\":\"https:\\\/\\\/secure.gravatar.com\\\/avatar\\\/f29568383aedf96da155b6f87103b0e04b1c662f982055cda25086444ab33ff8?s=96&d=mm&r=g\",\"contentUrl\":\"https:\\\/\\\/secure.gravatar.com\\\/avatar\\\/f29568383aedf96da155b6f87103b0e04b1c662f982055cda25086444ab33ff8?s=96&d=mm&r=g\",\"caption\":\"DINO\"},\"url\":\"https:\\\/\\\/angelboss.com.br\\\/en\\\/author\\\/DINO\\\/\"}]}<\/script>\n<!-- \/ Yoast SEO plugin. -->","yoast_head_json":{"title":"Ind\u00fastria amplia uso de ingredientes mineiros - Portal Masculino de Moda, Beleza, Luxo and Business - Angel Boss","robots":{"index":"index","follow":"follow","max-snippet":"max-snippet:-1","max-image-preview":"max-image-preview:large","max-video-preview":"max-video-preview:-1"},"canonical":"https:\/\/angelboss.com.br\/en\/2026\/07\/31\/318382-industria-amplia-uso-de-ingredientes-mineiros\/","og_locale":"en_US","og_type":"article","og_title":"Ind\u00fastria amplia uso de ingredientes mineiros - Portal Masculino de Moda, Beleza, Luxo and Business - Angel Boss","og_description":"Minas Gerais consolida sua posi\u00e7\u00e3o como um dos polos mais relevantes da ind\u00fastria de alimentos do Brasil, e uma das provas desse movimento \u00e9 a expans\u00e3o de empresas do setor de temperos e condimentos, que passam a atender todo o territ\u00f3rio nacional. \u00c9 o caso da Temperatta, marca mineira que acaba de obter o Selo de Inspe\u00e7\u00e3o Federal (SIF), certifica\u00e7\u00e3o que autoriza a comercializa\u00e7\u00e3o de seus produtos em qualquer estado do pa\u00eds","og_url":"https:\/\/angelboss.com.br\/en\/2026\/07\/31\/318382-industria-amplia-uso-de-ingredientes-mineiros\/","og_site_name":"Portal Masculino de Moda, Beleza, Luxo and Business - Angel Boss","article_published_time":"2026-07-31T00:00:00+00:00","og_image":[{"width":1198,"height":800,"url":"https:\/\/angelboss.com.br\/wp-content\/uploads\/2026\/07\/374e4f6f-2e95-49eb-bdd7-c55643ebd1c0.jpeg","type":"image\/jpeg"}],"author":"DINO","twitter_card":"summary_large_image","twitter_misc":{"Written by":"DINO","Est. reading time":"3 minutes"},"schema":{"@context":"https:\/\/schema.org","@graph":[{"@type":"Article","@id":"https:\/\/angelboss.com.br\/en\/2026\/07\/31\/318382-industria-amplia-uso-de-ingredientes-mineiros\/#article","isPartOf":{"@id":"https:\/\/angelboss.com.br\/en\/2026\/07\/31\/318382-industria-amplia-uso-de-ingredientes-mineiros\/"},"author":{"name":"DINO","@id":"https:\/\/angelboss.com.br\/#\/schema\/person\/b6676b8d991f97199ef2d5b8e5c2d8a5"},"headline":"Ind\u00fastria amplia uso de ingredientes mineiros","datePublished":"2026-07-31T00:00:00+00:00","mainEntityOfPage":{"@id":"https:\/\/angelboss.com.br\/en\/2026\/07\/31\/318382-industria-amplia-uso-de-ingredientes-mineiros\/"},"wordCount":590,"commentCount":0,"publisher":{"@id":"https:\/\/angelboss.com.br\/#organization"},"image":{"@id":"https:\/\/angelboss.com.br\/en\/2026\/07\/31\/318382-industria-amplia-uso-de-ingredientes-mineiros\/#primaryimage"},"thumbnailUrl":"https:\/\/angelboss.com.br\/wp-content\/uploads\/2026\/07\/374e4f6f-2e95-49eb-bdd7-c55643ebd1c0.jpeg","keywords":["AGRICULTURA","ATACADO E VAREJO","GASTRONOMIA","INDUSTRIA DE N\u00c3O DUR\u00c1VEIS","NEG\u00d3CIOS"],"articleSection":["Not\u00edcias Corporativas"],"inLanguage":"en-US","potentialAction":[{"@type":"CommentAction","name":"Comment","target":["https:\/\/angelboss.com.br\/en\/2026\/07\/31\/318382-industria-amplia-uso-de-ingredientes-mineiros\/#respond"]}]},{"@type":"WebPage","@id":"https:\/\/angelboss.com.br\/en\/2026\/07\/31\/318382-industria-amplia-uso-de-ingredientes-mineiros\/","url":"https:\/\/angelboss.com.br\/en\/2026\/07\/31\/318382-industria-amplia-uso-de-ingredientes-mineiros\/","name":"Ind\u00fastria amplia uso de ingredientes mineiros - Portal Masculino de Moda, Beleza, Luxo and Business - Angel Boss","isPartOf":{"@id":"https:\/\/angelboss.com.br\/#website"},"primaryImageOfPage":{"@id":"https:\/\/angelboss.com.br\/en\/2026\/07\/31\/318382-industria-amplia-uso-de-ingredientes-mineiros\/#primaryimage"},"image":{"@id":"https:\/\/angelboss.com.br\/en\/2026\/07\/31\/318382-industria-amplia-uso-de-ingredientes-mineiros\/#primaryimage"},"thumbnailUrl":"https:\/\/angelboss.com.br\/wp-content\/uploads\/2026\/07\/374e4f6f-2e95-49eb-bdd7-c55643ebd1c0.jpeg","datePublished":"2026-07-31T00:00:00+00:00","breadcrumb":{"@id":"https:\/\/angelboss.com.br\/en\/2026\/07\/31\/318382-industria-amplia-uso-de-ingredientes-mineiros\/#breadcrumb"},"inLanguage":"en-US","potentialAction":[{"@type":"ReadAction","target":["https:\/\/angelboss.com.br\/en\/2026\/07\/31\/318382-industria-amplia-uso-de-ingredientes-mineiros\/"]}]},{"@type":"ImageObject","inLanguage":"en-US","@id":"https:\/\/angelboss.com.br\/en\/2026\/07\/31\/318382-industria-amplia-uso-de-ingredientes-mineiros\/#primaryimage","url":"https:\/\/angelboss.com.br\/wp-content\/uploads\/2026\/07\/374e4f6f-2e95-49eb-bdd7-c55643ebd1c0.jpeg","contentUrl":"https:\/\/angelboss.com.br\/wp-content\/uploads\/2026\/07\/374e4f6f-2e95-49eb-bdd7-c55643ebd1c0.jpeg","width":1198,"height":800,"caption":"Ind\u00fastria amplia uso de ingredientes mineiros"},{"@type":"BreadcrumbList","@id":"https:\/\/angelboss.com.br\/en\/2026\/07\/31\/318382-industria-amplia-uso-de-ingredientes-mineiros\/#breadcrumb","itemListElement":[{"@type":"ListItem","position":1,"name":"In\u00edcio","item":"https:\/\/angelboss.com.br\/"},{"@type":"ListItem","position":2,"name":"Ind\u00fastria amplia uso de ingredientes mineiros"}]},{"@type":"WebSite","@id":"https:\/\/angelboss.com.br\/#website","url":"https:\/\/angelboss.com.br\/","name":"Portal Masculino de Moda, Beleza, Luxo e Business - Angel Boss","description":"O Maior Portal sobre Moda, Luxo, Beleza e Business Masculino do Brasil","publisher":{"@id":"https:\/\/angelboss.com.br\/#organization"},"alternateName":"Maior Portal e Blog de Beleza Masculina e Luxo","potentialAction":[{"@type":"SearchAction","target":{"@type":"EntryPoint","urlTemplate":"https:\/\/angelboss.com.br\/?s={search_term_string}"},"query-input":{"@type":"PropertyValueSpecification","valueRequired":true,"valueName":"search_term_string"}}],"inLanguage":"en-US"},{"@type":"Organization","@id":"https:\/\/angelboss.com.br\/#organization","name":"Portal Masculino de Moda, Beleza, Luxo and Business - Angel Boss","url":"https:\/\/angelboss.com.br\/","logo":{"@type":"ImageObject","inLanguage":"en-US","@id":"https:\/\/angelboss.com.br\/#\/schema\/logo\/image\/","url":"https:\/\/angelboss.com.br\/wp-content\/uploads\/2025\/12\/WhatsApp-Image-2025-12-11-at-12.54.26.jpeg","contentUrl":"https:\/\/angelboss.com.br\/wp-content\/uploads\/2025\/12\/WhatsApp-Image-2025-12-11-at-12.54.26.jpeg","width":1280,"height":1280,"caption":"Portal Masculino de Moda, Beleza, Luxo and Business - Angel Boss"},"image":{"@id":"https:\/\/angelboss.com.br\/#\/schema\/logo\/image\/"}},{"@type":"Person","@id":"https:\/\/angelboss.com.br\/#\/schema\/person\/b6676b8d991f97199ef2d5b8e5c2d8a5","name":"DINO","image":{"@type":"ImageObject","inLanguage":"en-US","@id":"https:\/\/secure.gravatar.com\/avatar\/f29568383aedf96da155b6f87103b0e04b1c662f982055cda25086444ab33ff8?s=96&d=mm&r=g","url":"https:\/\/secure.gravatar.com\/avatar\/f29568383aedf96da155b6f87103b0e04b1c662f982055cda25086444ab33ff8?s=96&d=mm&r=g","contentUrl":"https:\/\/secure.gravatar.com\/avatar\/f29568383aedf96da155b6f87103b0e04b1c662f982055cda25086444ab33ff8?s=96&d=mm&r=g","caption":"DINO"},"url":"https:\/\/angelboss.com.br\/en\/author\/DINO\/"}]}},"amp_enabled":true,"_links":{"self":[{"href":"https:\/\/angelboss.com.br\/en\/wp-json\/wp\/v2\/posts\/31030","targetHints":{"allow":["GET"]}}],"collection":[{"href":"https:\/\/angelboss.com.br\/en\/wp-json\/wp\/v2\/posts"}],"about":[{"href":"https:\/\/angelboss.com.br\/en\/wp-json\/wp\/v2\/types\/post"}],"author":[{"embeddable":true,"href":"https:\/\/angelboss.com.br\/en\/wp-json\/wp\/v2\/users\/3"}],"replies":[{"embeddable":true,"href":"https:\/\/angelboss.com.br\/en\/wp-json\/wp\/v2\/comments?post=31030"}],"version-history":[{"count":0,"href":"https:\/\/angelboss.com.br\/en\/wp-json\/wp\/v2\/posts\/31030\/revisions"}],"wp:featuredmedia":[{"embeddable":true,"href":"https:\/\/angelboss.com.br\/en\/wp-json\/wp\/v2\/media\/31031"}],"wp:attachment":[{"href":"https:\/\/angelboss.com.br\/en\/wp-json\/wp\/v2\/media?parent=31030"}],"wp:term":[{"taxonomy":"category","embeddable":true,"href":"https:\/\/angelboss.com.br\/en\/wp-json\/wp\/v2\/categories?post=31030"},{"taxonomy":"post_tag","embeddable":true,"href":"https:\/\/angelboss.com.br\/en\/wp-json\/wp\/v2\/tags?post=31030"}],"curies":[{"name":"wp","href":"https:\/\/api.w.org\/{rel}","templated":true}]}}