{"id":29764,"date":"2026-07-21T00:00:00","date_gmt":"2026-07-21T00:00:00","guid":{"rendered":"https:\/\/angelboss.com.br\/2026\/07\/21\/334294-lei-de-cotas-completa-35-anos-e-reforca-inclusao\/"},"modified":"2026-07-21T00:00:00","modified_gmt":"2026-07-21T00:00:00","slug":"334294-lei-de-cotas-completa-35-anos-e-reforca-inclusao","status":"publish","type":"post","link":"https:\/\/angelboss.com.br\/en\/2026\/07\/21\/334294-lei-de-cotas-completa-35-anos-e-reforca-inclusao\/","title":{"rendered":"Lei de Cotas completa 35 anos e refor\u00e7a inclus\u00e3o"},"content":{"rendered":"<p>Tr\u00eas d\u00e9cadas e meia ap\u00f3s sua cria\u00e7\u00e3o, a Lei de Cotas (Lei n\u00ba 8.213\/1991) segue desempenhando um papel fundamental na promo\u00e7\u00e3o da inclus\u00e3o de pessoas com defici\u00eancia (PcD) no mercado de trabalho brasileiro. Para celebrar essa trajet\u00f3ria e discutir os desafios que ainda persistem, a <a rel=\"follow\" href=\"https:\/\/www.camarainclusao.com.br\/\">C\u00e2mara Paulista para Inclus\u00e3o da Pessoa com Defici\u00eancia<\/a> realizar\u00e1, no dia 24 de julho de 2026, um evento especial em homenagem aos 35 anos da legisla\u00e7\u00e3o, reunindo representantes do setor produtivo, especialistas, gestores de recursos humanos e profissionais com defici\u00eancia.<\/p>\n<p>A Lei de Cotas determina que empresas com 100 ou mais empregados reservem de 2% a 5% de seus postos de trabalho para pessoas com defici\u00eancia ou reabilitadas pelo Instituto Nacional do Seguro Social (INSS). Ao longo dos anos, a legisla\u00e7\u00e3o contribuiu para ampliar oportunidades e impulsionar a constru\u00e7\u00e3o de ambientes corporativos mais diversos e acess\u00edveis.<\/p>\n<p>Entre os apoiadores da iniciativa no segmento do varejo de alimentos est\u00e1 o DIA Brasil, que destaca a import\u00e2ncia de manter o tema da inclus\u00e3o em evid\u00eancia. Para Bruna Lino Xavier, coordenadora de R&amp;S Corporativo da empresa, a data representa um momento de reflex\u00e3o sobre os avan\u00e7os conquistados e os caminhos que ainda precisam ser percorridos.<\/p>\n<p>&quot;A Lei de Cotas representa um marco importante para a inclus\u00e3o das pessoas com defici\u00eancia no mercado de trabalho brasileiro. Celebrar seus 35 anos \u00e9 reconhecer os avan\u00e7os conquistados ao longo dessa trajet\u00f3ria e refor\u00e7ar que a inclus\u00e3o continua sendo um tema relevante para empresas e para a sociedade&quot;, afirma.<\/p>\n<p>Segundo a executiva, embora o cen\u00e1rio tenha evolu\u00eddo nos \u00faltimos anos, a legisla\u00e7\u00e3o continua necess\u00e1ria para ampliar oportunidades e fortalecer a participa\u00e7\u00e3o de profissionais com defici\u00eancia em diferentes \u00e1reas e n\u00edveis das organiza\u00e7\u00f5es.<\/p>\n<p>&quot;Os avan\u00e7os conquistados s\u00e3o importantes, mas ainda precisamos trabalhar para ampliar oportunidades, eliminar barreiras e promover ambientes onde todas as pessoas possam desenvolver seu potencial&quot;, destaca.<\/p>\n<p>Al\u00e9m de reconhecer a import\u00e2ncia hist\u00f3rica da Lei de Cotas, o evento tamb\u00e9m pretende estimular o debate sobre boas pr\u00e1ticas de inclus\u00e3o, acessibilidade e empregabilidade. A programa\u00e7\u00e3o abordar\u00e1 temas como recrutamento inclusivo, desenvolvimento profissional, perman\u00eancia no emprego e o papel das empresas na constru\u00e7\u00e3o de uma sociedade mais equitativa.<\/p>\n<p>Para o DIA Brasil, apoiar a celebra\u00e7\u00e3o refor\u00e7a um compromisso que vai al\u00e9m do cumprimento da legisla\u00e7\u00e3o. &quot;O apoio do DIA Brasil refor\u00e7a o compromisso da empresa com a diversidade, a inclus\u00e3o e a valoriza\u00e7\u00e3o das pessoas. Entendemos que a inclus\u00e3o vai al\u00e9m do cumprimento de uma legisla\u00e7\u00e3o; ela faz parte da constru\u00e7\u00e3o de ambientes mais acolhedores, respeitosos e representativos da sociedade&quot;, ressalta Bruna.<\/p>\n<p>Outro destaque do encontro ser\u00e1 a discuss\u00e3o sobre iniciativas que ajudam a aproximar empresas e profissionais em busca de oportunidades. Ferramentas de conex\u00e3o e empregabilidade, a exemplo do Varejo Contrata, t\u00eam desempenhado papel estrat\u00e9gico para reduzir barreiras de acesso ao mercado de trabalho e ampliar a visibilidade de talentos.<\/p>\n<p>A expectativa dos organizadores \u00e9 que a celebra\u00e7\u00e3o dos 35 anos da Lei de Cotas contribua para fortalecer o engajamento das empresas e ampliar a conscientiza\u00e7\u00e3o da sociedade sobre a import\u00e2ncia da inclus\u00e3o profissional das pessoas com defici\u00eancia, consolidando avan\u00e7os e impulsionando novas transforma\u00e7\u00f5es para os pr\u00f3ximos anos.<\/p>\n<p><strong>Servi\u00e7o:<\/strong><\/p>\n<p><strong>Evento:<\/strong> Celebra\u00e7\u00e3o dos 35 anos da Lei de Cotas<\/p>\n<p><strong>Realiza\u00e7\u00e3o:<\/strong> C\u00e2mara Paulista para Inclus\u00e3o da Pessoa com Defici\u00eancia<\/p>\n<p><strong>Dia:<\/strong> 24 de julho de 2026<\/p>\n<p><strong>Hor\u00e1rio:<\/strong> das 8h30 \u00e0s 17h<\/p>\n<p><strong>Local:<\/strong> Universidade Presbiteriana Mackenzie. Rua Piau\u00ed, n\u00ba 130, Higien\u00f3polis, S\u00e3o Paulo (SP)<\/p>\n<p><strong>Inscri\u00e7\u00f5es:<\/strong> at\u00e9 22\/7, pelo link: <a rel=\"follow\" href=\"https:\/\/forms.gle\/ddqzxpwWXCr3Yk1M9\">https:\/\/forms.gle\/ddqzxpwWXCr3Yk1M9<\/a><\/p>\n<p><img src='https:\/\/api.dino.com.br\/v2\/news\/tr\/334294?partnerId=4593' alt=\"\" style=\"border:0px;width:1px;height:1px;\" \/><\/p>","protected":false},"excerpt":{"rendered":"<p>Lei de Cotas completa 35 anos e ser\u00e1 celebrada em evento que discutir\u00e1 inclus\u00e3o, acessibilidade e empregabilidade, refor\u00e7ando avan\u00e7os e desafios para ampliar oportunidades \u00e0s pessoas com defici\u00eancia.<\/p>","protected":false},"author":3,"featured_media":29765,"comment_status":"open","ping_status":"open","sticky":false,"template":"","format":"standard","meta":{"_seopress_titles_title":"","_seopress_titles_desc":"","_seopress_robots_index":"","_seopress_robots_follow":"","_seopress_robots_imageindex":"","_seopress_robots_snippet":"","_seopress_robots_primary_cat":"0","_seopress_robots_breadcrumbs":"","_seopress_robots_freeze_modified_date":"","_seopress_robots_custom_modified_date":"","_seopress_robots_canonical":"","_seopress_social_fb_title":"","_seopress_social_fb_desc":"","_seopress_social_fb_img":"","_seopress_social_fb_img_attachment_id":0,"_seopress_social_fb_img_width":0,"_seopress_social_fb_img_height":0,"_seopress_social_twitter_title":"","_seopress_social_twitter_desc":"","_seopress_social_twitter_img":"","_seopress_social_twitter_img_attachment_id":0,"_seopress_social_twitter_img_width":0,"_seopress_social_twitter_img_height":0,"_seopress_redirections_value":"","_seopress_redirections_enabled":"","_seopress_redirections_enabled_regex":"","_seopress_redirections_logged_status":"","_seopress_redirections_param":"","_seopress_redirections_type":0,"_seopress_analysis_target_kw":"","page_builder":"","footnotes":""},"categories":[315],"tags":[447,358,324,352,351],"class_list":["post-29764","post","type-post","status-publish","format-standard","has-post-thumbnail","category-noticias-corporativas-dino","tag-acessibilidade","tag-educacao","tag-negocios","tag-saude-e-bem-estar","tag-sociedade"],"yoast_head":"<!-- This site is optimized with the Yoast SEO plugin v28.4 - https:\/\/yoast.com\/product\/yoast-seo-wordpress\/ -->\n<title>Lei de Cotas completa 35 anos e refor\u00e7a inclus\u00e3o - Portal Masculino de Moda, Beleza, Luxo and Business - Angel Boss<\/title>\n<meta name=\"robots\" content=\"index, follow, max-snippet:-1, max-image-preview:large, max-video-preview:-1\" \/>\n<link rel=\"canonical\" href=\"http:\/\/angelboss.com.br\/en\/2026\/07\/21\/334294-lei-de-cotas-completa-35-anos-e-reforca-inclusao\/\" \/>\n<meta property=\"og:locale\" content=\"en_US\" \/>\n<meta property=\"og:type\" content=\"article\" \/>\n<meta property=\"og:title\" content=\"Lei de Cotas completa 35 anos e refor\u00e7a inclus\u00e3o - Portal Masculino de Moda, Beleza, Luxo and Business - Angel Boss\" \/>\n<meta property=\"og:description\" content=\"Lei de Cotas completa 35 anos e ser\u00e1 celebrada em evento que discutir\u00e1 inclus\u00e3o, acessibilidade e empregabilidade, refor\u00e7ando avan\u00e7os e desafios para ampliar oportunidades \u00e0s pessoas com defici\u00eancia.\" \/>\n<meta property=\"og:url\" content=\"http:\/\/angelboss.com.br\/en\/2026\/07\/21\/334294-lei-de-cotas-completa-35-anos-e-reforca-inclusao\/\" \/>\n<meta property=\"og:site_name\" content=\"Portal Masculino de Moda, Beleza, Luxo and Business - Angel Boss\" \/>\n<meta property=\"article:published_time\" content=\"2026-07-21T00:00:00+00:00\" \/>\n<meta property=\"og:image\" content=\"http:\/\/angelboss.com.br\/wp-content\/uploads\/2026\/07\/b7646b8a-38d4-45fb-b5ea-be603c539473.jpg\" \/>\n\t<meta property=\"og:image:width\" content=\"1199\" \/>\n\t<meta property=\"og:image:height\" content=\"800\" \/>\n\t<meta property=\"og:image:type\" content=\"image\/jpeg\" \/>\n<meta name=\"author\" content=\"DINO\" \/>\n<meta name=\"twitter:card\" content=\"summary_large_image\" \/>\n<meta name=\"twitter:label1\" content=\"Written by\" \/>\n\t<meta name=\"twitter:data1\" content=\"DINO\" \/>\n\t<meta name=\"twitter:label2\" content=\"Est. reading time\" \/>\n\t<meta name=\"twitter:data2\" content=\"3 minutes\" \/>\n<script type=\"application\/ld+json\" class=\"yoast-schema-graph\">{\"@context\":\"https:\\\/\\\/schema.org\",\"@graph\":[{\"@type\":\"Article\",\"@id\":\"http:\\\/\\\/angelboss.com.br\\\/en\\\/2026\\\/07\\\/21\\\/334294-lei-de-cotas-completa-35-anos-e-reforca-inclusao\\\/#article\",\"isPartOf\":{\"@id\":\"http:\\\/\\\/angelboss.com.br\\\/en\\\/2026\\\/07\\\/21\\\/334294-lei-de-cotas-completa-35-anos-e-reforca-inclusao\\\/\"},\"author\":{\"name\":\"DINO\",\"@id\":\"http:\\\/\\\/angelboss.com.br\\\/#\\\/schema\\\/person\\\/b6676b8d991f97199ef2d5b8e5c2d8a5\"},\"headline\":\"Lei de Cotas completa 35 anos e refor\u00e7a inclus\u00e3o\",\"datePublished\":\"2026-07-21T00:00:00+00:00\",\"mainEntityOfPage\":{\"@id\":\"http:\\\/\\\/angelboss.com.br\\\/en\\\/2026\\\/07\\\/21\\\/334294-lei-de-cotas-completa-35-anos-e-reforca-inclusao\\\/\"},\"wordCount\":651,\"commentCount\":0,\"publisher\":{\"@id\":\"http:\\\/\\\/angelboss.com.br\\\/#organization\"},\"image\":{\"@id\":\"http:\\\/\\\/angelboss.com.br\\\/en\\\/2026\\\/07\\\/21\\\/334294-lei-de-cotas-completa-35-anos-e-reforca-inclusao\\\/#primaryimage\"},\"thumbnailUrl\":\"https:\\\/\\\/angelboss.com.br\\\/wp-content\\\/uploads\\\/2026\\\/07\\\/b7646b8a-38d4-45fb-b5ea-be603c539473.jpg\",\"keywords\":[\"ACESSIBILIDADE\",\"EDUCA\u00c7\u00c3O\",\"NEG\u00d3CIOS\",\"SA\u00daDE E BEM-ESTAR\",\"SOCIEDADE\"],\"articleSection\":[\"Not\u00edcias Corporativas\"],\"inLanguage\":\"en-US\",\"potentialAction\":[{\"@type\":\"CommentAction\",\"name\":\"Comment\",\"target\":[\"http:\\\/\\\/angelboss.com.br\\\/en\\\/2026\\\/07\\\/21\\\/334294-lei-de-cotas-completa-35-anos-e-reforca-inclusao\\\/#respond\"]}]},{\"@type\":\"WebPage\",\"@id\":\"http:\\\/\\\/angelboss.com.br\\\/en\\\/2026\\\/07\\\/21\\\/334294-lei-de-cotas-completa-35-anos-e-reforca-inclusao\\\/\",\"url\":\"http:\\\/\\\/angelboss.com.br\\\/en\\\/2026\\\/07\\\/21\\\/334294-lei-de-cotas-completa-35-anos-e-reforca-inclusao\\\/\",\"name\":\"Lei de Cotas completa 35 anos e refor\u00e7a inclus\u00e3o - Portal Masculino de Moda, Beleza, Luxo and Business - Angel Boss\",\"isPartOf\":{\"@id\":\"http:\\\/\\\/angelboss.com.br\\\/#website\"},\"primaryImageOfPage\":{\"@id\":\"http:\\\/\\\/angelboss.com.br\\\/en\\\/2026\\\/07\\\/21\\\/334294-lei-de-cotas-completa-35-anos-e-reforca-inclusao\\\/#primaryimage\"},\"image\":{\"@id\":\"http:\\\/\\\/angelboss.com.br\\\/en\\\/2026\\\/07\\\/21\\\/334294-lei-de-cotas-completa-35-anos-e-reforca-inclusao\\\/#primaryimage\"},\"thumbnailUrl\":\"https:\\\/\\\/angelboss.com.br\\\/wp-content\\\/uploads\\\/2026\\\/07\\\/b7646b8a-38d4-45fb-b5ea-be603c539473.jpg\",\"datePublished\":\"2026-07-21T00:00:00+00:00\",\"breadcrumb\":{\"@id\":\"http:\\\/\\\/angelboss.com.br\\\/en\\\/2026\\\/07\\\/21\\\/334294-lei-de-cotas-completa-35-anos-e-reforca-inclusao\\\/#breadcrumb\"},\"inLanguage\":\"en-US\",\"potentialAction\":[{\"@type\":\"ReadAction\",\"target\":[\"http:\\\/\\\/angelboss.com.br\\\/en\\\/2026\\\/07\\\/21\\\/334294-lei-de-cotas-completa-35-anos-e-reforca-inclusao\\\/\"]}]},{\"@type\":\"ImageObject\",\"inLanguage\":\"en-US\",\"@id\":\"http:\\\/\\\/angelboss.com.br\\\/en\\\/2026\\\/07\\\/21\\\/334294-lei-de-cotas-completa-35-anos-e-reforca-inclusao\\\/#primaryimage\",\"url\":\"https:\\\/\\\/angelboss.com.br\\\/wp-content\\\/uploads\\\/2026\\\/07\\\/b7646b8a-38d4-45fb-b5ea-be603c539473.jpg\",\"contentUrl\":\"https:\\\/\\\/angelboss.com.br\\\/wp-content\\\/uploads\\\/2026\\\/07\\\/b7646b8a-38d4-45fb-b5ea-be603c539473.jpg\",\"width\":1199,\"height\":800,\"caption\":\"Lei de Cotas completa 35 anos e refor\u00e7a inclus\u00e3o\"},{\"@type\":\"BreadcrumbList\",\"@id\":\"http:\\\/\\\/angelboss.com.br\\\/en\\\/2026\\\/07\\\/21\\\/334294-lei-de-cotas-completa-35-anos-e-reforca-inclusao\\\/#breadcrumb\",\"itemListElement\":[{\"@type\":\"ListItem\",\"position\":1,\"name\":\"In\u00edcio\",\"item\":\"https:\\\/\\\/angelboss.com.br\\\/\"},{\"@type\":\"ListItem\",\"position\":2,\"name\":\"Lei de Cotas completa 35 anos e refor\u00e7a inclus\u00e3o\"}]},{\"@type\":\"WebSite\",\"@id\":\"http:\\\/\\\/angelboss.com.br\\\/#website\",\"url\":\"http:\\\/\\\/angelboss.com.br\\\/\",\"name\":\"Portal Masculino de Moda, Beleza, Luxo e Business - Angel Boss\",\"description\":\"O Maior Portal sobre Moda, Luxo, Beleza e Business Masculino do Brasil\",\"publisher\":{\"@id\":\"http:\\\/\\\/angelboss.com.br\\\/#organization\"},\"alternateName\":\"Maior Portal e Blog de Beleza Masculina e Luxo\",\"potentialAction\":[{\"@type\":\"SearchAction\",\"target\":{\"@type\":\"EntryPoint\",\"urlTemplate\":\"http:\\\/\\\/angelboss.com.br\\\/?s={search_term_string}\"},\"query-input\":{\"@type\":\"PropertyValueSpecification\",\"valueRequired\":true,\"valueName\":\"search_term_string\"}}],\"inLanguage\":\"en-US\"},{\"@type\":\"Organization\",\"@id\":\"http:\\\/\\\/angelboss.com.br\\\/#organization\",\"name\":\"Portal Masculino de Moda, Beleza, Luxo and Business - Angel Boss\",\"url\":\"http:\\\/\\\/angelboss.com.br\\\/\",\"logo\":{\"@type\":\"ImageObject\",\"inLanguage\":\"en-US\",\"@id\":\"http:\\\/\\\/angelboss.com.br\\\/#\\\/schema\\\/logo\\\/image\\\/\",\"url\":\"https:\\\/\\\/angelboss.com.br\\\/wp-content\\\/uploads\\\/2025\\\/12\\\/WhatsApp-Image-2025-12-11-at-12.54.26.jpeg\",\"contentUrl\":\"https:\\\/\\\/angelboss.com.br\\\/wp-content\\\/uploads\\\/2025\\\/12\\\/WhatsApp-Image-2025-12-11-at-12.54.26.jpeg\",\"width\":1280,\"height\":1280,\"caption\":\"Portal Masculino de Moda, Beleza, Luxo and Business - Angel Boss\"},\"image\":{\"@id\":\"http:\\\/\\\/angelboss.com.br\\\/#\\\/schema\\\/logo\\\/image\\\/\"}},{\"@type\":\"Person\",\"@id\":\"http:\\\/\\\/angelboss.com.br\\\/#\\\/schema\\\/person\\\/b6676b8d991f97199ef2d5b8e5c2d8a5\",\"name\":\"DINO\",\"image\":{\"@type\":\"ImageObject\",\"inLanguage\":\"en-US\",\"@id\":\"https:\\\/\\\/secure.gravatar.com\\\/avatar\\\/f29568383aedf96da155b6f87103b0e04b1c662f982055cda25086444ab33ff8?s=96&d=mm&r=g\",\"url\":\"https:\\\/\\\/secure.gravatar.com\\\/avatar\\\/f29568383aedf96da155b6f87103b0e04b1c662f982055cda25086444ab33ff8?s=96&d=mm&r=g\",\"contentUrl\":\"https:\\\/\\\/secure.gravatar.com\\\/avatar\\\/f29568383aedf96da155b6f87103b0e04b1c662f982055cda25086444ab33ff8?s=96&d=mm&r=g\",\"caption\":\"DINO\"},\"url\":\"https:\\\/\\\/angelboss.com.br\\\/en\\\/author\\\/DINO\\\/\"}]}<\/script>\n<!-- \/ Yoast SEO plugin. -->","yoast_head_json":{"title":"Lei de Cotas completa 35 anos e refor\u00e7a inclus\u00e3o - Portal Masculino de Moda, Beleza, Luxo and Business - Angel Boss","robots":{"index":"index","follow":"follow","max-snippet":"max-snippet:-1","max-image-preview":"max-image-preview:large","max-video-preview":"max-video-preview:-1"},"canonical":"http:\/\/angelboss.com.br\/en\/2026\/07\/21\/334294-lei-de-cotas-completa-35-anos-e-reforca-inclusao\/","og_locale":"en_US","og_type":"article","og_title":"Lei de Cotas completa 35 anos e refor\u00e7a inclus\u00e3o - Portal Masculino de Moda, Beleza, Luxo and Business - Angel Boss","og_description":"Lei de Cotas completa 35 anos e ser\u00e1 celebrada em evento que discutir\u00e1 inclus\u00e3o, acessibilidade e empregabilidade, refor\u00e7ando avan\u00e7os e desafios para ampliar oportunidades \u00e0s pessoas com defici\u00eancia.","og_url":"http:\/\/angelboss.com.br\/en\/2026\/07\/21\/334294-lei-de-cotas-completa-35-anos-e-reforca-inclusao\/","og_site_name":"Portal Masculino de Moda, Beleza, Luxo and Business - Angel Boss","article_published_time":"2026-07-21T00:00:00+00:00","og_image":[{"width":1199,"height":800,"url":"http:\/\/angelboss.com.br\/wp-content\/uploads\/2026\/07\/b7646b8a-38d4-45fb-b5ea-be603c539473.jpg","type":"image\/jpeg"}],"author":"DINO","twitter_card":"summary_large_image","twitter_misc":{"Written by":"DINO","Est. reading time":"3 minutes"},"schema":{"@context":"https:\/\/schema.org","@graph":[{"@type":"Article","@id":"http:\/\/angelboss.com.br\/en\/2026\/07\/21\/334294-lei-de-cotas-completa-35-anos-e-reforca-inclusao\/#article","isPartOf":{"@id":"http:\/\/angelboss.com.br\/en\/2026\/07\/21\/334294-lei-de-cotas-completa-35-anos-e-reforca-inclusao\/"},"author":{"name":"DINO","@id":"http:\/\/angelboss.com.br\/#\/schema\/person\/b6676b8d991f97199ef2d5b8e5c2d8a5"},"headline":"Lei de Cotas completa 35 anos e refor\u00e7a inclus\u00e3o","datePublished":"2026-07-21T00:00:00+00:00","mainEntityOfPage":{"@id":"http:\/\/angelboss.com.br\/en\/2026\/07\/21\/334294-lei-de-cotas-completa-35-anos-e-reforca-inclusao\/"},"wordCount":651,"commentCount":0,"publisher":{"@id":"http:\/\/angelboss.com.br\/#organization"},"image":{"@id":"http:\/\/angelboss.com.br\/en\/2026\/07\/21\/334294-lei-de-cotas-completa-35-anos-e-reforca-inclusao\/#primaryimage"},"thumbnailUrl":"https:\/\/angelboss.com.br\/wp-content\/uploads\/2026\/07\/b7646b8a-38d4-45fb-b5ea-be603c539473.jpg","keywords":["ACESSIBILIDADE","EDUCA\u00c7\u00c3O","NEG\u00d3CIOS","SA\u00daDE E BEM-ESTAR","SOCIEDADE"],"articleSection":["Not\u00edcias Corporativas"],"inLanguage":"en-US","potentialAction":[{"@type":"CommentAction","name":"Comment","target":["http:\/\/angelboss.com.br\/en\/2026\/07\/21\/334294-lei-de-cotas-completa-35-anos-e-reforca-inclusao\/#respond"]}]},{"@type":"WebPage","@id":"http:\/\/angelboss.com.br\/en\/2026\/07\/21\/334294-lei-de-cotas-completa-35-anos-e-reforca-inclusao\/","url":"http:\/\/angelboss.com.br\/en\/2026\/07\/21\/334294-lei-de-cotas-completa-35-anos-e-reforca-inclusao\/","name":"Lei de Cotas completa 35 anos e refor\u00e7a inclus\u00e3o - Portal Masculino de Moda, Beleza, Luxo and Business - Angel Boss","isPartOf":{"@id":"http:\/\/angelboss.com.br\/#website"},"primaryImageOfPage":{"@id":"http:\/\/angelboss.com.br\/en\/2026\/07\/21\/334294-lei-de-cotas-completa-35-anos-e-reforca-inclusao\/#primaryimage"},"image":{"@id":"http:\/\/angelboss.com.br\/en\/2026\/07\/21\/334294-lei-de-cotas-completa-35-anos-e-reforca-inclusao\/#primaryimage"},"thumbnailUrl":"https:\/\/angelboss.com.br\/wp-content\/uploads\/2026\/07\/b7646b8a-38d4-45fb-b5ea-be603c539473.jpg","datePublished":"2026-07-21T00:00:00+00:00","breadcrumb":{"@id":"http:\/\/angelboss.com.br\/en\/2026\/07\/21\/334294-lei-de-cotas-completa-35-anos-e-reforca-inclusao\/#breadcrumb"},"inLanguage":"en-US","potentialAction":[{"@type":"ReadAction","target":["http:\/\/angelboss.com.br\/en\/2026\/07\/21\/334294-lei-de-cotas-completa-35-anos-e-reforca-inclusao\/"]}]},{"@type":"ImageObject","inLanguage":"en-US","@id":"http:\/\/angelboss.com.br\/en\/2026\/07\/21\/334294-lei-de-cotas-completa-35-anos-e-reforca-inclusao\/#primaryimage","url":"https:\/\/angelboss.com.br\/wp-content\/uploads\/2026\/07\/b7646b8a-38d4-45fb-b5ea-be603c539473.jpg","contentUrl":"https:\/\/angelboss.com.br\/wp-content\/uploads\/2026\/07\/b7646b8a-38d4-45fb-b5ea-be603c539473.jpg","width":1199,"height":800,"caption":"Lei de Cotas completa 35 anos e refor\u00e7a inclus\u00e3o"},{"@type":"BreadcrumbList","@id":"http:\/\/angelboss.com.br\/en\/2026\/07\/21\/334294-lei-de-cotas-completa-35-anos-e-reforca-inclusao\/#breadcrumb","itemListElement":[{"@type":"ListItem","position":1,"name":"In\u00edcio","item":"https:\/\/angelboss.com.br\/"},{"@type":"ListItem","position":2,"name":"Lei de Cotas completa 35 anos e refor\u00e7a inclus\u00e3o"}]},{"@type":"WebSite","@id":"http:\/\/angelboss.com.br\/#website","url":"http:\/\/angelboss.com.br\/","name":"Portal Masculino de Moda, Beleza, Luxo e Business - Angel Boss","description":"O Maior Portal sobre Moda, Luxo, Beleza e Business Masculino do Brasil","publisher":{"@id":"http:\/\/angelboss.com.br\/#organization"},"alternateName":"Maior Portal e Blog de Beleza Masculina e Luxo","potentialAction":[{"@type":"SearchAction","target":{"@type":"EntryPoint","urlTemplate":"http:\/\/angelboss.com.br\/?s={search_term_string}"},"query-input":{"@type":"PropertyValueSpecification","valueRequired":true,"valueName":"search_term_string"}}],"inLanguage":"en-US"},{"@type":"Organization","@id":"http:\/\/angelboss.com.br\/#organization","name":"Portal Masculino de Moda, Beleza, Luxo and Business - Angel Boss","url":"http:\/\/angelboss.com.br\/","logo":{"@type":"ImageObject","inLanguage":"en-US","@id":"http:\/\/angelboss.com.br\/#\/schema\/logo\/image\/","url":"https:\/\/angelboss.com.br\/wp-content\/uploads\/2025\/12\/WhatsApp-Image-2025-12-11-at-12.54.26.jpeg","contentUrl":"https:\/\/angelboss.com.br\/wp-content\/uploads\/2025\/12\/WhatsApp-Image-2025-12-11-at-12.54.26.jpeg","width":1280,"height":1280,"caption":"Portal Masculino de Moda, Beleza, Luxo and Business - Angel Boss"},"image":{"@id":"http:\/\/angelboss.com.br\/#\/schema\/logo\/image\/"}},{"@type":"Person","@id":"http:\/\/angelboss.com.br\/#\/schema\/person\/b6676b8d991f97199ef2d5b8e5c2d8a5","name":"DINO","image":{"@type":"ImageObject","inLanguage":"en-US","@id":"https:\/\/secure.gravatar.com\/avatar\/f29568383aedf96da155b6f87103b0e04b1c662f982055cda25086444ab33ff8?s=96&d=mm&r=g","url":"https:\/\/secure.gravatar.com\/avatar\/f29568383aedf96da155b6f87103b0e04b1c662f982055cda25086444ab33ff8?s=96&d=mm&r=g","contentUrl":"https:\/\/secure.gravatar.com\/avatar\/f29568383aedf96da155b6f87103b0e04b1c662f982055cda25086444ab33ff8?s=96&d=mm&r=g","caption":"DINO"},"url":"https:\/\/angelboss.com.br\/en\/author\/DINO\/"}]}},"amp_enabled":true,"_links":{"self":[{"href":"https:\/\/angelboss.com.br\/en\/wp-json\/wp\/v2\/posts\/29764","targetHints":{"allow":["GET"]}}],"collection":[{"href":"https:\/\/angelboss.com.br\/en\/wp-json\/wp\/v2\/posts"}],"about":[{"href":"https:\/\/angelboss.com.br\/en\/wp-json\/wp\/v2\/types\/post"}],"author":[{"embeddable":true,"href":"https:\/\/angelboss.com.br\/en\/wp-json\/wp\/v2\/users\/3"}],"replies":[{"embeddable":true,"href":"https:\/\/angelboss.com.br\/en\/wp-json\/wp\/v2\/comments?post=29764"}],"version-history":[{"count":0,"href":"https:\/\/angelboss.com.br\/en\/wp-json\/wp\/v2\/posts\/29764\/revisions"}],"wp:featuredmedia":[{"embeddable":true,"href":"https:\/\/angelboss.com.br\/en\/wp-json\/wp\/v2\/media\/29765"}],"wp:attachment":[{"href":"https:\/\/angelboss.com.br\/en\/wp-json\/wp\/v2\/media?parent=29764"}],"wp:term":[{"taxonomy":"category","embeddable":true,"href":"https:\/\/angelboss.com.br\/en\/wp-json\/wp\/v2\/categories?post=29764"},{"taxonomy":"post_tag","embeddable":true,"href":"https:\/\/angelboss.com.br\/en\/wp-json\/wp\/v2\/tags?post=29764"}],"curies":[{"name":"wp","href":"https:\/\/api.w.org\/{rel}","templated":true}]}}