{"id":22692,"date":"2026-05-14T17:28:28","date_gmt":"2026-05-14T17:28:28","guid":{"rendered":"https:\/\/angelboss.com.br\/?p=22692"},"modified":"2026-05-14T17:28:45","modified_gmt":"2026-05-14T17:28:45","slug":"new-balance-grey-anexo-sao-paulo-grey-days","status":"publish","type":"post","link":"https:\/\/angelboss.com.br\/en\/2026\/05\/14\/new-balance-grey-anexo-sao-paulo-grey-days\/","title":{"rendered":"New Balance apresenta o Grey Anexo, espa\u00e7o aberto ao p\u00fablico que conecta cultura, moda e comunidade em S\u00e3o Paulo"},"content":{"rendered":"<p class=\"wp-block-paragraph\"><em>At\u00e9 o dia 29 de maio, o local receber\u00e1 talks, workshops e experi\u00eancias que conectam moda, m\u00fasica e esporte como destaque da celebra\u00e7\u00e3o do Grey Days da marca, no Brasil<\/em><\/p>\n\n\n\n<p class=\"wp-block-paragraph\"> A\u00a0<strong>New Balance<\/strong>\u00a0amplia em 2026 a celebra\u00e7\u00e3o do\u00a0<strong>Grey Days<\/strong>, iniciativa global que homenageia o cinza, cor emblem\u00e1tica da marca e s\u00edmbolo de sua identidade original. Como grande destaque da campanha no Brasil, a marca inaugura o\u00a0<strong>Grey Anexo<\/strong>, plataforma cultural aberta ao p\u00fablico em S\u00e3o Paulo, com uma programa\u00e7\u00e3o especial de atividades ao longo do m\u00eas de maio. Entre os dias 13 e 29 de maio, o espa\u00e7o receber\u00e1\u00a0<em>talks, workshops<\/em>\u00a0e experi\u00eancias culturais, conectando moda, esporte, m\u00fasica e\u00a0<em>lifestyle<\/em>.<\/p>\n\n\n\n<p class=\"wp-block-paragraph\">O espa\u00e7o ficar\u00e1 aberto ao p\u00fablico geral para visita\u00e7\u00e3o de segunda-feira a s\u00e1bado, a partir de 13\/05, das 10h \u00e0s 18h, e aos domingos das 11h \u00e0s 16h, e parte da programa\u00e7\u00e3o \u00e9 exclusiva para convidados. A iniciativa faz parte do calend\u00e1rio de ativa\u00e7\u00f5es da marca relacionadas ao Grey Days, campanha global anual da New Balance\u2060 em celebra\u00e7\u00e3o \u00e0 cor cinza \u2014 o tom mais ic\u00f4nico da marca e parte central da sua identidade visual desde os anos 1980.<\/p>\n\n\n\n<figure class=\"wp-block-gallery has-nested-images columns-default is-cropped wp-block-gallery-1 is-layout-flex wp-block-gallery-is-layout-flex\">\n<figure class=\"wp-block-image\"><img decoding=\"async\" src=\"https:\/\/s2601.imxsnd72.com\/2==wMlpjYmhTYmNmOyJmLt92YuM3cvJGbldmbhBEbldmbh9Gdl5mO4UzN4MDNyATM0ozZlBnauc3bsNDZkNTM4YTY1EGNlRWY4QTY0UjN4UTM2UTNjJGO5kjMGJTJ5kjMGJTJ5QjN2QjRyUSM2AzMx8VL1ETLf9VLwITLfpjM\" alt=\"New Balance\"\/><\/figure>\n\n\n\n<figure class=\"wp-block-image\"><img decoding=\"async\" src=\"https:\/\/s2601.imxsnd72.com\/5==wMlpzMkZzM3UjOyJmLt92YuM3cvJGbldmbhBEbldmbh9Gdl5mO4UzN4MDNyATM0ozZlBnauc3bsBTMzUTNzcDMklDZyImNlVGOkBzY0QjZ4kTNwImY3Q2NGJTJ3Q2NGJTJ5QjN2QjRyUSM2AzMx8VL1ETLf9VLwITLfpDM\" alt=\"New Balance\"\/><\/figure>\n<\/figure>\n\n\n\n<figure class=\"wp-block-image\"><img decoding=\"async\" src=\"https:\/\/s2601.imxsnd72.com\/2==wMlpDOzkDM0MjOyJmLt92YuM3cvJGbldmbhBEbldmbh9Gdl5mO4UzN4MDNyATM0ozZlBnauc3bslTN4ETNlJWM4UGMwUTZxEGMlJzNmZGNxEWO1QDOjZjZGJTJjZjZGJTJ5QjN2QjRyUSM2AzMx8VL1ETLf9VLwITLfpTM\" alt=\"New Balance\"\/><figcaption class=\"wp-element-caption\"><em>Grey\u00a0Anexo\u00a0em\u00a0S\u00e3o\u00a0Paulo\u00a0\/ Cr\u00e9dito: blumenbergph<\/em><br>\u00a0<\/figcaption><\/figure>\n\n\n\n<p class=\"wp-block-paragraph\">O espa\u00e7o \u00e9 fruto de uma parceria entre a New Balance e a plataforma de m\u00eddia, cultura, moda e lifestyle urbano&nbsp;<strong>Notthesamo<\/strong>. Localizado na Rua Dr. Vila Nova, 57 &#8211; Vila Buarque, o local receber\u00e1 encontros casuais e intimistas, reunindo criativos e vozes relevantes que moldam a moda, a cultura e o esporte.&nbsp;O p\u00fablico geral ter\u00e1 o acesso gratuito ao local e poder\u00e1 conhecer mais sobre o Grey Days, al\u00e9m de ter acesso a uma exposi\u00e7\u00e3o dos produtos exclusivos Grey Days lan\u00e7ados pela marca.<\/p>\n\n\n\n<p class=\"wp-block-paragraph\">Parte da programa\u00e7\u00e3o do espa\u00e7o, incluindo os talks, tamb\u00e9m ser\u00e1 aberta ao p\u00fablico, com ingressos gratuitos disponibilizados pela plataforma Sympla, enquanto houver vagas dispon\u00edveis.<\/p>\n\n\n\n<p class=\"wp-block-paragraph\">A marca tamb\u00e9m contar\u00e1 com uma programa\u00e7\u00e3o exclusiva para convidados com&nbsp;<em>talks, workshops e&nbsp;<\/em>pain\u00e9is culturais sobre m\u00fasica,&nbsp;<em>lifestyle<\/em>&nbsp;e&nbsp;<em>wellness.<\/em><\/p>\n\n\n\n<p class=\"wp-block-paragraph\">&#8220;O Grey Days \u00e9 uma celebra\u00e7\u00e3o de um dos elementos mais importantes da identidade da New Balance e, ao mesmo tempo, uma oportunidade de traduzir o posicionamento da marca de forma relevante para o p\u00fablico brasileiro. Neste ano, ampliamos a iniciativa com uma agenda de experi\u00eancias que v\u00e3o al\u00e9m do produto e refor\u00e7am nossa conex\u00e3o com a cultura e com as comunidades locais. O Grey Anexo materializa esse movimento ao criar um espa\u00e7o aberto ao p\u00fablico, pensado para promover encontros, conversas e experi\u00eancias que refletem os territ\u00f3rios em que a New Balance est\u00e1 inserida.&#8221; destaca Leandro Moraes, diretor de marca da New Balance Brasil.<\/p>\n\n\n\n<p class=\"wp-block-paragraph\"><strong>Grey Days tamb\u00e9m chega a outras capitais ao longo do m\u00eas<\/strong><\/p>\n\n\n\n<p class=\"wp-block-paragraph\">Al\u00e9m de S\u00e3o Paulo, a marca ativar\u00e1 duas outras cidades ao longo do m\u00eas: Rio de Janeiro e Belo Horizonte. No&nbsp;<strong>Rio de Janeiro<\/strong>, a New Balance aposta na conex\u00e3o cultural em conjunto com a comunidade criativa e da moda, sendo a plataforma respons\u00e1vel por levar o Grey Days para a capital carioca.<\/p>\n\n\n\n<p class=\"wp-block-paragraph\">A ideia \u00e9 ter uma ativa\u00e7\u00e3o com forte apelo cultural e criativo. J\u00e1 em&nbsp;<strong>Belo Horizonte<\/strong>, a estrat\u00e9gia foca na constru\u00e7\u00e3o de uma presen\u00e7a aut\u00eantica em um territ\u00f3rio em expans\u00e3o cultural. As a\u00e7\u00f5es de marca v\u00e3o girar em torno de experi\u00eancias que valorizam a economia criativa local, a gastronomia e a conex\u00e3o com comunidades e coletivos da regi\u00e3o.<\/p>\n\n\n\n<p class=\"wp-block-paragraph\">Reunindo hist\u00f3ria, produtos e experi\u00eancias culturais, o Grey Days 2026 refor\u00e7a o posicionamento da New Balance como uma marca que segue com um trabalho forte no equil\u00edbrio entre legado e inova\u00e7\u00e3o, conectando diferentes gera\u00e7\u00f5es por meio de sua identidade original.<\/p>\n\n\n\n<p class=\"wp-block-paragraph\"><strong>Servi\u00e7o<\/strong><\/p>\n\n\n\n<p class=\"wp-block-paragraph\"><strong>Programa\u00e7\u00e3o do Grey Anexo em S\u00e3o Paulo:<\/strong><\/p>\n\n\n\n<ul class=\"wp-block-list\">\n<li>12 de maio &#8211; Abertura oficial do espa\u00e7o<\/li>\n\n\n\n<li>13 de maio &#8211; Talk M\u00fasica &#8211;\u00a0aberto ao p\u00fablico com vagas limitadas<\/li>\n\n\n\n<li>14 de maio &#8211; Workshop de arranjos &#8211; evento exclusivo para convidados<\/li>\n\n\n\n<li>20 de maio &#8211; Talk Lifestyle &#8211;\u00a0aberto ao p\u00fablico com vagas limitadas<\/li>\n\n\n\n<li>22 de maio &#8211; Workshop especial &#8211; evento exclusivo para convidados<\/li>\n\n\n\n<li>25 de maio &#8211; Talk Arte &#8211;\u00a0aberto ao p\u00fablico com vagas limitadas<\/li>\n\n\n\n<li>26 de maio &#8211; Talk Wellness &#8211; evento exclusivo para convidados<\/li>\n\n\n\n<li>31 de maio &#8211; Encerramento no Grey Anexo &#8211;\u00a0\u00faltimo dia para visita\u00e7\u00e3o, aberto ao p\u00fablico<\/li>\n<\/ul>\n\n\n\n<p class=\"wp-block-paragraph\"><\/p>","protected":false},"excerpt":{"rendered":"<p>At\u00e9 o dia 29 de maio, o local receber\u00e1 talks, workshops e experi\u00eancias que conectam moda, m\u00fasica e esporte como destaque da celebra\u00e7\u00e3o do Grey Days da marca, no Brasil A\u00a0New Balance\u00a0amplia em 2026 a celebra\u00e7\u00e3o do\u00a0Grey Days, iniciativa global que homenageia o cinza, cor emblem\u00e1tica da marca e s\u00edmbolo de sua identidade original. Como<\/p>","protected":false},"author":2,"featured_media":22694,"comment_status":"open","ping_status":"open","sticky":false,"template":"","format":"standard","meta":{"_seopress_titles_title":"New Balance Grey Anexo S\u00e3o Paulo: Programa\u00e7\u00e3o Grey Days","_seopress_titles_desc":"Conhe\u00e7a o Grey Anexo da New Balance em S\u00e3o Paulo. Programa\u00e7\u00e3o gratuita de talks e moda celebra o Grey Days 2026. Saiba datas e como participar.","_seopress_robots_index":"","_seopress_robots_follow":"","_seopress_robots_imageindex":"","_seopress_robots_snippet":"","_seopress_robots_primary_cat":"308","_seopress_robots_breadcrumbs":"","_seopress_robots_freeze_modified_date":"","_seopress_robots_custom_modified_date":"","_seopress_robots_canonical":"","_seopress_social_fb_title":"","_seopress_social_fb_desc":"","_seopress_social_fb_img":"","_seopress_social_fb_img_attachment_id":0,"_seopress_social_fb_img_width":0,"_seopress_social_fb_img_height":0,"_seopress_social_twitter_title":"","_seopress_social_twitter_desc":"","_seopress_social_twitter_img":"","_seopress_social_twitter_img_attachment_id":0,"_seopress_social_twitter_img_width":0,"_seopress_social_twitter_img_height":0,"_seopress_redirections_value":"","_seopress_redirections_enabled":"","_seopress_redirections_enabled_regex":"","_seopress_redirections_logged_status":"","_seopress_redirections_param":"","_seopress_redirections_type":0,"_seopress_analysis_target_kw":"New Balance","page_builder":"","footnotes":""},"categories":[2402,609,308],"tags":[4456,2790,4455],"class_list":["post-22692","post","type-post","status-publish","format-standard","has-post-thumbnail","category-cultura","category-moda","category-noticias","tag-grey-anexo-sao-paulo-2","tag-new-balance","tag-programacao-grey-days"],"yoast_head":"<!-- This site is optimized with the Yoast SEO plugin v28.4 - https:\/\/yoast.com\/product\/yoast-seo-wordpress\/ -->\n<title>New Balance Grey Anexo S\u00e3o Paulo: Programa\u00e7\u00e3o Grey Days<\/title>\n<meta name=\"description\" content=\"Conhe\u00e7a o Grey Anexo da New Balance em S\u00e3o Paulo. Programa\u00e7\u00e3o gratuita de talks e moda celebra o Grey Days 2026. Saiba datas e como participar.\" \/>\n<meta name=\"robots\" content=\"index, follow, max-snippet:-1, max-image-preview:large, max-video-preview:-1\" \/>\n<link rel=\"canonical\" href=\"https:\/\/angelboss.com.br\/en\/2026\/05\/14\/new-balance-grey-anexo-sao-paulo-grey-days\/\" \/>\n<meta property=\"og:locale\" content=\"en_US\" \/>\n<meta property=\"og:type\" content=\"article\" \/>\n<meta property=\"og:title\" content=\"New Balance Grey Anexo S\u00e3o Paulo: Programa\u00e7\u00e3o Grey Days\" \/>\n<meta property=\"og:description\" content=\"Conhe\u00e7a o Grey Anexo da New Balance em S\u00e3o Paulo. Programa\u00e7\u00e3o gratuita de talks e moda celebra o Grey Days 2026. Saiba datas e como participar.\" \/>\n<meta property=\"og:url\" content=\"https:\/\/angelboss.com.br\/en\/2026\/05\/14\/new-balance-grey-anexo-sao-paulo-grey-days\/\" \/>\n<meta property=\"og:site_name\" content=\"Portal Masculino de Moda, Beleza, Luxo and Business - Angel Boss\" \/>\n<meta property=\"article:published_time\" content=\"2026-05-14T17:28:28+00:00\" \/>\n<meta property=\"article:modified_time\" content=\"2026-05-14T17:28:45+00:00\" \/>\n<meta property=\"og:image\" content=\"https:\/\/angelboss.com.br\/wp-content\/uploads\/2026\/05\/2wMlpjNkBDOkNmOyJmLt92YuM3cvJGbldmbhBEbldmbh9Gdl5mO4UzN4MDNyATM0ozZlBnauc3bsNjM0EjN4QjZhhzMyQTYlBjMyMWYzIDM5IWMiBDOyIGMGJTJyIGMGJTJ5QjN2QjRyUSM2AzMx8VL1ETLf9VLwITLfpDO.jpg\" \/>\n\t<meta property=\"og:image:width\" content=\"800\" \/>\n\t<meta property=\"og:image:height\" content=\"533\" \/>\n\t<meta property=\"og:image:type\" content=\"image\/jpeg\" \/>\n<meta name=\"author\" content=\"Neto Angel Boss\" \/>\n<meta name=\"twitter:card\" content=\"summary_large_image\" \/>\n<meta name=\"twitter:label1\" content=\"Written by\" \/>\n\t<meta name=\"twitter:data1\" content=\"Neto Angel Boss\" \/>\n\t<meta name=\"twitter:label2\" content=\"Est. reading time\" \/>\n\t<meta name=\"twitter:data2\" content=\"5 minutes\" \/>\n<script type=\"application\/ld+json\" class=\"yoast-schema-graph\">{\"@context\":\"https:\\\/\\\/schema.org\",\"@graph\":[{\"@type\":\"Article\",\"@id\":\"https:\\\/\\\/angelboss.com.br\\\/2026\\\/05\\\/14\\\/new-balance-grey-anexo-sao-paulo-grey-days\\\/#article\",\"isPartOf\":{\"@id\":\"https:\\\/\\\/angelboss.com.br\\\/2026\\\/05\\\/14\\\/new-balance-grey-anexo-sao-paulo-grey-days\\\/\"},\"author\":{\"name\":\"Neto Angel Boss\",\"@id\":\"http:\\\/\\\/angelboss.com.br\\\/#\\\/schema\\\/person\\\/af084936b46cf2e03f299183e429e350\"},\"headline\":\"New Balance apresenta o Grey Anexo, espa\u00e7o aberto ao p\u00fablico que conecta cultura, moda e comunidade em S\u00e3o Paulo\",\"datePublished\":\"2026-05-14T17:28:28+00:00\",\"dateModified\":\"2026-05-14T17:28:45+00:00\",\"mainEntityOfPage\":{\"@id\":\"https:\\\/\\\/angelboss.com.br\\\/2026\\\/05\\\/14\\\/new-balance-grey-anexo-sao-paulo-grey-days\\\/\"},\"wordCount\":793,\"commentCount\":0,\"publisher\":{\"@id\":\"http:\\\/\\\/angelboss.com.br\\\/#organization\"},\"image\":{\"@id\":\"https:\\\/\\\/angelboss.com.br\\\/2026\\\/05\\\/14\\\/new-balance-grey-anexo-sao-paulo-grey-days\\\/#primaryimage\"},\"thumbnailUrl\":\"https:\\\/\\\/angelboss.com.br\\\/wp-content\\\/uploads\\\/2026\\\/05\\\/2wMlpjNkBDOkNmOyJmLt92YuM3cvJGbldmbhBEbldmbh9Gdl5mO4UzN4MDNyATM0ozZlBnauc3bsNjM0EjN4QjZhhzMyQTYlBjMyMWYzIDM5IWMiBDOyIGMGJTJyIGMGJTJ5QjN2QjRyUSM2AzMx8VL1ETLf9VLwITLfpDO.jpg\",\"keywords\":[\"Grey Anexo S\u00e3o Paulo:\",\"New Balance\",\"Programa\u00e7\u00e3o Grey Days\"],\"articleSection\":[\"Cultura\",\"MODA\",\"Not\u00edcias\"],\"inLanguage\":\"en-US\",\"potentialAction\":[{\"@type\":\"CommentAction\",\"name\":\"Comment\",\"target\":[\"https:\\\/\\\/angelboss.com.br\\\/2026\\\/05\\\/14\\\/new-balance-grey-anexo-sao-paulo-grey-days\\\/#respond\"]}]},{\"@type\":\"WebPage\",\"@id\":\"https:\\\/\\\/angelboss.com.br\\\/2026\\\/05\\\/14\\\/new-balance-grey-anexo-sao-paulo-grey-days\\\/\",\"url\":\"https:\\\/\\\/angelboss.com.br\\\/2026\\\/05\\\/14\\\/new-balance-grey-anexo-sao-paulo-grey-days\\\/\",\"name\":\"New Balance Grey Anexo S\u00e3o Paulo: Programa\u00e7\u00e3o Grey Days\",\"isPartOf\":{\"@id\":\"http:\\\/\\\/angelboss.com.br\\\/#website\"},\"primaryImageOfPage\":{\"@id\":\"https:\\\/\\\/angelboss.com.br\\\/2026\\\/05\\\/14\\\/new-balance-grey-anexo-sao-paulo-grey-days\\\/#primaryimage\"},\"image\":{\"@id\":\"https:\\\/\\\/angelboss.com.br\\\/2026\\\/05\\\/14\\\/new-balance-grey-anexo-sao-paulo-grey-days\\\/#primaryimage\"},\"thumbnailUrl\":\"https:\\\/\\\/angelboss.com.br\\\/wp-content\\\/uploads\\\/2026\\\/05\\\/2wMlpjNkBDOkNmOyJmLt92YuM3cvJGbldmbhBEbldmbh9Gdl5mO4UzN4MDNyATM0ozZlBnauc3bsNjM0EjN4QjZhhzMyQTYlBjMyMWYzIDM5IWMiBDOyIGMGJTJyIGMGJTJ5QjN2QjRyUSM2AzMx8VL1ETLf9VLwITLfpDO.jpg\",\"datePublished\":\"2026-05-14T17:28:28+00:00\",\"dateModified\":\"2026-05-14T17:28:45+00:00\",\"description\":\"Conhe\u00e7a o Grey Anexo da New Balance em S\u00e3o Paulo. Programa\u00e7\u00e3o gratuita de talks e moda celebra o Grey Days 2026. Saiba datas e como participar.\",\"breadcrumb\":{\"@id\":\"https:\\\/\\\/angelboss.com.br\\\/2026\\\/05\\\/14\\\/new-balance-grey-anexo-sao-paulo-grey-days\\\/#breadcrumb\"},\"inLanguage\":\"en-US\",\"potentialAction\":[{\"@type\":\"ReadAction\",\"target\":[\"https:\\\/\\\/angelboss.com.br\\\/2026\\\/05\\\/14\\\/new-balance-grey-anexo-sao-paulo-grey-days\\\/\"]}]},{\"@type\":\"ImageObject\",\"inLanguage\":\"en-US\",\"@id\":\"https:\\\/\\\/angelboss.com.br\\\/2026\\\/05\\\/14\\\/new-balance-grey-anexo-sao-paulo-grey-days\\\/#primaryimage\",\"url\":\"https:\\\/\\\/angelboss.com.br\\\/wp-content\\\/uploads\\\/2026\\\/05\\\/2wMlpjNkBDOkNmOyJmLt92YuM3cvJGbldmbhBEbldmbh9Gdl5mO4UzN4MDNyATM0ozZlBnauc3bsNjM0EjN4QjZhhzMyQTYlBjMyMWYzIDM5IWMiBDOyIGMGJTJyIGMGJTJ5QjN2QjRyUSM2AzMx8VL1ETLf9VLwITLfpDO.jpg\",\"contentUrl\":\"https:\\\/\\\/angelboss.com.br\\\/wp-content\\\/uploads\\\/2026\\\/05\\\/2wMlpjNkBDOkNmOyJmLt92YuM3cvJGbldmbhBEbldmbh9Gdl5mO4UzN4MDNyATM0ozZlBnauc3bsNjM0EjN4QjZhhzMyQTYlBjMyMWYzIDM5IWMiBDOyIGMGJTJyIGMGJTJ5QjN2QjRyUSM2AzMx8VL1ETLf9VLwITLfpDO.jpg\",\"width\":800,\"height\":533,\"caption\":\"Grey Anexo em S\u00e3o Paulo \\\/ Cr\u00e9dito: blumenbergph\"},{\"@type\":\"BreadcrumbList\",\"@id\":\"https:\\\/\\\/angelboss.com.br\\\/2026\\\/05\\\/14\\\/new-balance-grey-anexo-sao-paulo-grey-days\\\/#breadcrumb\",\"itemListElement\":[{\"@type\":\"ListItem\",\"position\":1,\"name\":\"In\u00edcio\",\"item\":\"https:\\\/\\\/angelboss.com.br\\\/\"},{\"@type\":\"ListItem\",\"position\":2,\"name\":\"New Balance apresenta o Grey Anexo, espa\u00e7o aberto ao p\u00fablico que conecta cultura, moda e comunidade em S\u00e3o Paulo\"}]},{\"@type\":\"WebSite\",\"@id\":\"http:\\\/\\\/angelboss.com.br\\\/#website\",\"url\":\"http:\\\/\\\/angelboss.com.br\\\/\",\"name\":\"Portal Masculino de Moda, Beleza, Luxo e Business - Angel Boss\",\"description\":\"O Maior Portal sobre Moda, Luxo, Beleza e Business Masculino do Brasil\",\"publisher\":{\"@id\":\"http:\\\/\\\/angelboss.com.br\\\/#organization\"},\"alternateName\":\"Maior Portal e Blog de Beleza Masculina e Luxo\",\"potentialAction\":[{\"@type\":\"SearchAction\",\"target\":{\"@type\":\"EntryPoint\",\"urlTemplate\":\"http:\\\/\\\/angelboss.com.br\\\/?s={search_term_string}\"},\"query-input\":{\"@type\":\"PropertyValueSpecification\",\"valueRequired\":true,\"valueName\":\"search_term_string\"}}],\"inLanguage\":\"en-US\"},{\"@type\":\"Organization\",\"@id\":\"http:\\\/\\\/angelboss.com.br\\\/#organization\",\"name\":\"Portal Masculino de Moda, Beleza, Luxo and Business - Angel Boss\",\"url\":\"http:\\\/\\\/angelboss.com.br\\\/\",\"logo\":{\"@type\":\"ImageObject\",\"inLanguage\":\"en-US\",\"@id\":\"http:\\\/\\\/angelboss.com.br\\\/#\\\/schema\\\/logo\\\/image\\\/\",\"url\":\"https:\\\/\\\/angelboss.com.br\\\/wp-content\\\/uploads\\\/2025\\\/12\\\/WhatsApp-Image-2025-12-11-at-12.54.26.jpeg\",\"contentUrl\":\"https:\\\/\\\/angelboss.com.br\\\/wp-content\\\/uploads\\\/2025\\\/12\\\/WhatsApp-Image-2025-12-11-at-12.54.26.jpeg\",\"width\":1280,\"height\":1280,\"caption\":\"Portal Masculino de Moda, Beleza, Luxo and Business - Angel Boss\"},\"image\":{\"@id\":\"http:\\\/\\\/angelboss.com.br\\\/#\\\/schema\\\/logo\\\/image\\\/\"}},{\"@type\":\"Person\",\"@id\":\"http:\\\/\\\/angelboss.com.br\\\/#\\\/schema\\\/person\\\/af084936b46cf2e03f299183e429e350\",\"name\":\"Neto Angel Boss\",\"image\":{\"@type\":\"ImageObject\",\"inLanguage\":\"en-US\",\"@id\":\"https:\\\/\\\/secure.gravatar.com\\\/avatar\\\/dbb38b2050e5181e32afbccf458635967af0767d15abe8168b35ebbd97907289?s=96&d=mm&r=g\",\"url\":\"https:\\\/\\\/secure.gravatar.com\\\/avatar\\\/dbb38b2050e5181e32afbccf458635967af0767d15abe8168b35ebbd97907289?s=96&d=mm&r=g\",\"contentUrl\":\"https:\\\/\\\/secure.gravatar.com\\\/avatar\\\/dbb38b2050e5181e32afbccf458635967af0767d15abe8168b35ebbd97907289?s=96&d=mm&r=g\",\"caption\":\"Neto Angel Boss\"},\"sameAs\":[\"http:\\\/\\\/www.angelboss.com\"],\"url\":\"https:\\\/\\\/angelboss.com.br\\\/en\\\/author\\\/netoangelboss\\\/\"}]}<\/script>\n<!-- \/ Yoast SEO plugin. -->","yoast_head_json":{"title":"New Balance Grey Anexo S\u00e3o Paulo: Programa\u00e7\u00e3o Grey Days","description":"Conhe\u00e7a o Grey Anexo da New Balance em S\u00e3o Paulo. Programa\u00e7\u00e3o gratuita de talks e moda celebra o Grey Days 2026. Saiba datas e como participar.","robots":{"index":"index","follow":"follow","max-snippet":"max-snippet:-1","max-image-preview":"max-image-preview:large","max-video-preview":"max-video-preview:-1"},"canonical":"https:\/\/angelboss.com.br\/en\/2026\/05\/14\/new-balance-grey-anexo-sao-paulo-grey-days\/","og_locale":"en_US","og_type":"article","og_title":"New Balance Grey Anexo S\u00e3o Paulo: Programa\u00e7\u00e3o Grey Days","og_description":"Conhe\u00e7a o Grey Anexo da New Balance em S\u00e3o Paulo. Programa\u00e7\u00e3o gratuita de talks e moda celebra o Grey Days 2026. Saiba datas e como participar.","og_url":"https:\/\/angelboss.com.br\/en\/2026\/05\/14\/new-balance-grey-anexo-sao-paulo-grey-days\/","og_site_name":"Portal Masculino de Moda, Beleza, Luxo and Business - Angel Boss","article_published_time":"2026-05-14T17:28:28+00:00","article_modified_time":"2026-05-14T17:28:45+00:00","og_image":[{"width":800,"height":533,"url":"https:\/\/angelboss.com.br\/wp-content\/uploads\/2026\/05\/2wMlpjNkBDOkNmOyJmLt92YuM3cvJGbldmbhBEbldmbh9Gdl5mO4UzN4MDNyATM0ozZlBnauc3bsNjM0EjN4QjZhhzMyQTYlBjMyMWYzIDM5IWMiBDOyIGMGJTJyIGMGJTJ5QjN2QjRyUSM2AzMx8VL1ETLf9VLwITLfpDO.jpg","type":"image\/jpeg"}],"author":"Neto Angel Boss","twitter_card":"summary_large_image","twitter_misc":{"Written by":"Neto Angel Boss","Est. reading time":"5 minutes"},"schema":{"@context":"https:\/\/schema.org","@graph":[{"@type":"Article","@id":"https:\/\/angelboss.com.br\/2026\/05\/14\/new-balance-grey-anexo-sao-paulo-grey-days\/#article","isPartOf":{"@id":"https:\/\/angelboss.com.br\/2026\/05\/14\/new-balance-grey-anexo-sao-paulo-grey-days\/"},"author":{"name":"Neto Angel Boss","@id":"http:\/\/angelboss.com.br\/#\/schema\/person\/af084936b46cf2e03f299183e429e350"},"headline":"New Balance apresenta o Grey Anexo, espa\u00e7o aberto ao p\u00fablico que conecta cultura, moda e comunidade em S\u00e3o Paulo","datePublished":"2026-05-14T17:28:28+00:00","dateModified":"2026-05-14T17:28:45+00:00","mainEntityOfPage":{"@id":"https:\/\/angelboss.com.br\/2026\/05\/14\/new-balance-grey-anexo-sao-paulo-grey-days\/"},"wordCount":793,"commentCount":0,"publisher":{"@id":"http:\/\/angelboss.com.br\/#organization"},"image":{"@id":"https:\/\/angelboss.com.br\/2026\/05\/14\/new-balance-grey-anexo-sao-paulo-grey-days\/#primaryimage"},"thumbnailUrl":"https:\/\/angelboss.com.br\/wp-content\/uploads\/2026\/05\/2wMlpjNkBDOkNmOyJmLt92YuM3cvJGbldmbhBEbldmbh9Gdl5mO4UzN4MDNyATM0ozZlBnauc3bsNjM0EjN4QjZhhzMyQTYlBjMyMWYzIDM5IWMiBDOyIGMGJTJyIGMGJTJ5QjN2QjRyUSM2AzMx8VL1ETLf9VLwITLfpDO.jpg","keywords":["Grey Anexo S\u00e3o Paulo:","New Balance","Programa\u00e7\u00e3o Grey Days"],"articleSection":["Cultura","MODA","Not\u00edcias"],"inLanguage":"en-US","potentialAction":[{"@type":"CommentAction","name":"Comment","target":["https:\/\/angelboss.com.br\/2026\/05\/14\/new-balance-grey-anexo-sao-paulo-grey-days\/#respond"]}]},{"@type":"WebPage","@id":"https:\/\/angelboss.com.br\/2026\/05\/14\/new-balance-grey-anexo-sao-paulo-grey-days\/","url":"https:\/\/angelboss.com.br\/2026\/05\/14\/new-balance-grey-anexo-sao-paulo-grey-days\/","name":"New Balance Grey Anexo S\u00e3o Paulo: Programa\u00e7\u00e3o Grey Days","isPartOf":{"@id":"http:\/\/angelboss.com.br\/#website"},"primaryImageOfPage":{"@id":"https:\/\/angelboss.com.br\/2026\/05\/14\/new-balance-grey-anexo-sao-paulo-grey-days\/#primaryimage"},"image":{"@id":"https:\/\/angelboss.com.br\/2026\/05\/14\/new-balance-grey-anexo-sao-paulo-grey-days\/#primaryimage"},"thumbnailUrl":"https:\/\/angelboss.com.br\/wp-content\/uploads\/2026\/05\/2wMlpjNkBDOkNmOyJmLt92YuM3cvJGbldmbhBEbldmbh9Gdl5mO4UzN4MDNyATM0ozZlBnauc3bsNjM0EjN4QjZhhzMyQTYlBjMyMWYzIDM5IWMiBDOyIGMGJTJyIGMGJTJ5QjN2QjRyUSM2AzMx8VL1ETLf9VLwITLfpDO.jpg","datePublished":"2026-05-14T17:28:28+00:00","dateModified":"2026-05-14T17:28:45+00:00","description":"Conhe\u00e7a o Grey Anexo da New Balance em S\u00e3o Paulo. Programa\u00e7\u00e3o gratuita de talks e moda celebra o Grey Days 2026. Saiba datas e como participar.","breadcrumb":{"@id":"https:\/\/angelboss.com.br\/2026\/05\/14\/new-balance-grey-anexo-sao-paulo-grey-days\/#breadcrumb"},"inLanguage":"en-US","potentialAction":[{"@type":"ReadAction","target":["https:\/\/angelboss.com.br\/2026\/05\/14\/new-balance-grey-anexo-sao-paulo-grey-days\/"]}]},{"@type":"ImageObject","inLanguage":"en-US","@id":"https:\/\/angelboss.com.br\/2026\/05\/14\/new-balance-grey-anexo-sao-paulo-grey-days\/#primaryimage","url":"https:\/\/angelboss.com.br\/wp-content\/uploads\/2026\/05\/2wMlpjNkBDOkNmOyJmLt92YuM3cvJGbldmbhBEbldmbh9Gdl5mO4UzN4MDNyATM0ozZlBnauc3bsNjM0EjN4QjZhhzMyQTYlBjMyMWYzIDM5IWMiBDOyIGMGJTJyIGMGJTJ5QjN2QjRyUSM2AzMx8VL1ETLf9VLwITLfpDO.jpg","contentUrl":"https:\/\/angelboss.com.br\/wp-content\/uploads\/2026\/05\/2wMlpjNkBDOkNmOyJmLt92YuM3cvJGbldmbhBEbldmbh9Gdl5mO4UzN4MDNyATM0ozZlBnauc3bsNjM0EjN4QjZhhzMyQTYlBjMyMWYzIDM5IWMiBDOyIGMGJTJyIGMGJTJ5QjN2QjRyUSM2AzMx8VL1ETLf9VLwITLfpDO.jpg","width":800,"height":533,"caption":"Grey Anexo em S\u00e3o Paulo \/ Cr\u00e9dito: blumenbergph"},{"@type":"BreadcrumbList","@id":"https:\/\/angelboss.com.br\/2026\/05\/14\/new-balance-grey-anexo-sao-paulo-grey-days\/#breadcrumb","itemListElement":[{"@type":"ListItem","position":1,"name":"In\u00edcio","item":"https:\/\/angelboss.com.br\/"},{"@type":"ListItem","position":2,"name":"New Balance apresenta o Grey Anexo, espa\u00e7o aberto ao p\u00fablico que conecta cultura, moda e comunidade em S\u00e3o Paulo"}]},{"@type":"WebSite","@id":"http:\/\/angelboss.com.br\/#website","url":"http:\/\/angelboss.com.br\/","name":"Portal Masculino de Moda, Beleza, Luxo e Business - Angel Boss","description":"O Maior Portal sobre Moda, Luxo, Beleza e Business Masculino do Brasil","publisher":{"@id":"http:\/\/angelboss.com.br\/#organization"},"alternateName":"Maior Portal e Blog de Beleza Masculina e Luxo","potentialAction":[{"@type":"SearchAction","target":{"@type":"EntryPoint","urlTemplate":"http:\/\/angelboss.com.br\/?s={search_term_string}"},"query-input":{"@type":"PropertyValueSpecification","valueRequired":true,"valueName":"search_term_string"}}],"inLanguage":"en-US"},{"@type":"Organization","@id":"http:\/\/angelboss.com.br\/#organization","name":"Portal Masculino de Moda, Beleza, Luxo and Business - Angel Boss","url":"http:\/\/angelboss.com.br\/","logo":{"@type":"ImageObject","inLanguage":"en-US","@id":"http:\/\/angelboss.com.br\/#\/schema\/logo\/image\/","url":"https:\/\/angelboss.com.br\/wp-content\/uploads\/2025\/12\/WhatsApp-Image-2025-12-11-at-12.54.26.jpeg","contentUrl":"https:\/\/angelboss.com.br\/wp-content\/uploads\/2025\/12\/WhatsApp-Image-2025-12-11-at-12.54.26.jpeg","width":1280,"height":1280,"caption":"Portal Masculino de Moda, Beleza, Luxo and Business - Angel Boss"},"image":{"@id":"http:\/\/angelboss.com.br\/#\/schema\/logo\/image\/"}},{"@type":"Person","@id":"http:\/\/angelboss.com.br\/#\/schema\/person\/af084936b46cf2e03f299183e429e350","name":"Neto Angel Boss","image":{"@type":"ImageObject","inLanguage":"en-US","@id":"https:\/\/secure.gravatar.com\/avatar\/dbb38b2050e5181e32afbccf458635967af0767d15abe8168b35ebbd97907289?s=96&d=mm&r=g","url":"https:\/\/secure.gravatar.com\/avatar\/dbb38b2050e5181e32afbccf458635967af0767d15abe8168b35ebbd97907289?s=96&d=mm&r=g","contentUrl":"https:\/\/secure.gravatar.com\/avatar\/dbb38b2050e5181e32afbccf458635967af0767d15abe8168b35ebbd97907289?s=96&d=mm&r=g","caption":"Neto Angel Boss"},"sameAs":["http:\/\/www.angelboss.com"],"url":"https:\/\/angelboss.com.br\/en\/author\/netoangelboss\/"}]}},"amp_enabled":true,"_links":{"self":[{"href":"https:\/\/angelboss.com.br\/en\/wp-json\/wp\/v2\/posts\/22692","targetHints":{"allow":["GET"]}}],"collection":[{"href":"https:\/\/angelboss.com.br\/en\/wp-json\/wp\/v2\/posts"}],"about":[{"href":"https:\/\/angelboss.com.br\/en\/wp-json\/wp\/v2\/types\/post"}],"author":[{"embeddable":true,"href":"https:\/\/angelboss.com.br\/en\/wp-json\/wp\/v2\/users\/2"}],"replies":[{"embeddable":true,"href":"https:\/\/angelboss.com.br\/en\/wp-json\/wp\/v2\/comments?post=22692"}],"version-history":[{"count":1,"href":"https:\/\/angelboss.com.br\/en\/wp-json\/wp\/v2\/posts\/22692\/revisions"}],"predecessor-version":[{"id":22695,"href":"https:\/\/angelboss.com.br\/en\/wp-json\/wp\/v2\/posts\/22692\/revisions\/22695"}],"wp:featuredmedia":[{"embeddable":true,"href":"https:\/\/angelboss.com.br\/en\/wp-json\/wp\/v2\/media\/22694"}],"wp:attachment":[{"href":"https:\/\/angelboss.com.br\/en\/wp-json\/wp\/v2\/media?parent=22692"}],"wp:term":[{"taxonomy":"category","embeddable":true,"href":"https:\/\/angelboss.com.br\/en\/wp-json\/wp\/v2\/categories?post=22692"},{"taxonomy":"post_tag","embeddable":true,"href":"https:\/\/angelboss.com.br\/en\/wp-json\/wp\/v2\/tags?post=22692"}],"curies":[{"name":"wp","href":"https:\/\/api.w.org\/{rel}","templated":true}]}}