{"id":22100,"date":"2026-05-11T18:20:06","date_gmt":"2026-05-11T18:20:06","guid":{"rendered":"https:\/\/angelboss.com.br\/?p=22100"},"modified":"2026-05-11T18:20:09","modified_gmt":"2026-05-11T18:20:09","slug":"viaje-parana-meeting-esto-es-parana-america-latina-2026","status":"publish","type":"post","link":"https:\/\/angelboss.com.br\/en\/2026\/05\/11\/viaje-parana-meeting-esto-es-parana-america-latina-2026\/","title":{"rendered":"Viaje Paran\u00e1: Inscri\u00e7\u00f5es para Eventos na Am\u00e9rica Latina"},"content":{"rendered":"<p class=\"wp-block-paragraph\">Empres\u00e1rios e profissionais do turismo&nbsp;podem&nbsp;participar&nbsp;de&nbsp;uma s\u00e9rie&nbsp;de&nbsp;eventos&nbsp;que v\u00e3o&nbsp;percorrer a Am\u00e9rica&nbsp;Latina&nbsp;at\u00e9&nbsp;o&nbsp;final&nbsp;deste ano, passando por 7 cidades&nbsp;de&nbsp;5 pa\u00edses. A a\u00e7\u00e3o&nbsp;faz parte da estrat\u00e9gia do&nbsp;Viaje&nbsp;Paran\u00e1 &#8211; \u00f3rg\u00e3o&nbsp;de&nbsp;promo\u00e7\u00e3o&nbsp;vinculado \u00e0 Secretaria do Turismo (Setu-PR), para a divulga\u00e7\u00e3o&nbsp;do turismo estadual. As inscri\u00e7\u00f5es para&nbsp;o&nbsp;\u201cMeeting Esto Es Paran\u00e1! &#8211; Edi\u00e7\u00e3o&nbsp;Am\u00e9rica&nbsp;Latina\u201d j\u00e1 est\u00e3o&nbsp;dispon\u00edveis e ficam abertas at\u00e9&nbsp;o&nbsp;pr\u00f3ximo dia 17&nbsp;de&nbsp;maio.<\/p>\n\n\n\n<p class=\"wp-block-paragraph\">O&nbsp;evento j\u00e1 aconteceu em diferentes localidades da Europa neste ano,&nbsp;como, Espanha e Portugal. Agora, a partir do final&nbsp;deste m\u00eas, a programa\u00e7\u00e3o&nbsp;vai passar por Lima (Peru); Montevid\u00e9u (Uruguai); C\u00f3rdoba, Ros\u00e1rio e Buenos Aires (todas&nbsp;na&nbsp;Argentina); Assun\u00e7\u00e3o&nbsp;(Paraguai); e Santiago (Chile).<\/p>\n\n\n\n<p class=\"wp-block-paragraph\">Os empres\u00e1rios e trade selecionados ter\u00e3o&nbsp;espa\u00e7o&nbsp;para networking e divulga\u00e7\u00e3o&nbsp;de&nbsp;seus produtos e servi\u00e7os ao p\u00fablico internacional. \u00c9 poss\u00edvel se inscrever para as edi\u00e7\u00f5es em apenas uma&nbsp;ou em todas as cidades, \u00e0 crit\u00e9rio do interessado. A participa\u00e7\u00e3o&nbsp;dos coexpositores \u00e9 atrav\u00e9s&nbsp;de&nbsp;Chamamento P\u00fablico e para se inscrever, basta<a href=\"https:\/\/click.knewin360.com\/Click\/click\/eyJhbGciOiJIUzI1NiIsInR5cCI6IkpXVCJ9.eyJjYW1wYWlnbklkIjoiM2VjZTlkYTctZDhiMi00YjBmLTNiMWUtMDhkZWE2YTJjZDliIiwicGVyc29uSWQiOiJkYzcyNzg2YS0xNzhmLTQwM2ItYWI4ZS00OGM3NDY2MjBlYzAiLCJlbWFpbCI6Im5ldG9hbmdlbEBhbmdlbGJvc3MuY29tLmJyIiwidXJsIjoiaHR0cHM6Ly9kb2NzLmdvb2dsZS5jb20vZm9ybXMvZC9lLzFGQUlwUUxTY0h2MzZPaDBpYzItTG5QeV9VYi1MYjJRamNFRDUzS3A1TmpvbTVYTkRCaFdrTkJRL3ZpZXdmb3JtIiwiaXNTZWdtZW50YXRpb24iOiJUcnVlIiwibmJmIjoxNzc4NTEyODc4LCJleHAiOjE3ODExMDQ4NzgsImlhdCI6MTc3ODUxMjg3OH0.tcLGZJrRyvmOxsL2wIqSM3XoKsmNlRqH7R_VWO2KCQ8\"><strong>&nbsp;clicar AQUI.<\/strong><\/a><\/p>\n\n\n\n<p class=\"wp-block-paragraph\">\u201cSer\u00e1 uma&nbsp;oportunidade \u00fanica aos coexpositores e empres\u00e1rios, porque vamos proporcionar a eles um contato muito pr\u00f3ximo&nbsp;com&nbsp;outros profissionais da Am\u00e9rica&nbsp;Latina.&nbsp;O&nbsp;continente \u00e9 um dos nossos mercados priorit\u00e1rios, porque envia muitos turistas ao Paran\u00e1 e aquece a nossa economia\u201d, disse Irapuan Cortes, diretor-presidente do&nbsp;Viaje&nbsp;Paran\u00e1.<\/p>\n\n\n\n<p class=\"wp-block-paragraph\">As a\u00e7\u00f5es tamb\u00e9m fazem parte&nbsp;de&nbsp;um protocolo&nbsp;de&nbsp;inten\u00e7\u00f5es firmado entre&nbsp;o&nbsp;Viaje&nbsp;Paran\u00e1 e a&nbsp;companhia a\u00e9rea TAP Air,&nbsp;com&nbsp;foco&nbsp;na&nbsp;divulga\u00e7\u00e3o&nbsp;do novo voo intercontinental que vai ligar Lisboa, em Portugal, diretamente a Curitiba a partir&nbsp;de&nbsp;julho. Durante&nbsp;os&nbsp;eventos, h\u00e1 tamb\u00e9m momentos&nbsp;de&nbsp;di\u00e1logo direto&nbsp;com&nbsp;os agentes&nbsp;de&nbsp;viagens dos pa\u00edses da Am\u00e9rica&nbsp;Latina, em que&nbsp;o&nbsp;\u00f3rg\u00e3o&nbsp;de&nbsp;promo\u00e7\u00e3o&nbsp;estadual apresenta as belezas,&nbsp;os atrativos e&nbsp;os servi\u00e7os tur\u00edsticos do Estado.<\/p>\n\n\n\n<p class=\"wp-block-paragraph\">Confira&nbsp;o&nbsp;cronograma do Meeting Esto Es Paran\u00e1 &#8211; Edi\u00e7\u00e3o&nbsp;Am\u00e9rica&nbsp;Latin<strong>a:<\/strong><\/p>\n\n\n\n<p class=\"wp-block-paragraph\">Dia 27&nbsp;de&nbsp;maio \u2013 em Lima (Peru)<\/p>\n\n\n\n<p class=\"wp-block-paragraph\">Dia 18&nbsp;de&nbsp;agosto \u2013 em Montevid\u00e9u (Uruguai)<\/p>\n\n\n\n<p class=\"wp-block-paragraph\">Dia 21&nbsp;de&nbsp;setembro \u2013 em C\u00f3rdoba (Argentina)<\/p>\n\n\n\n<p class=\"wp-block-paragraph\">Dia 22&nbsp;de&nbsp;setembro \u2013 em Ros\u00e1rio (Argentina)<\/p>\n\n\n\n<p class=\"wp-block-paragraph\">Dia 24&nbsp;de&nbsp;setembro \u2013 em Buenos Aires (Argentina)<\/p>\n\n\n\n<p class=\"wp-block-paragraph\">Dia 15&nbsp;de&nbsp;outubro \u2013 em Assun\u00e7\u00e3o&nbsp;(Paraguai)<\/p>\n\n\n\n<p class=\"wp-block-paragraph\">Dia 21&nbsp;de&nbsp;outubro \u2013 em Santiago (Chile)<\/p>","protected":false},"excerpt":{"rendered":"<p>Empres\u00e1rios e profissionais do turismo&nbsp;podem&nbsp;participar&nbsp;de&nbsp;uma s\u00e9rie&nbsp;de&nbsp;eventos&nbsp;que v\u00e3o&nbsp;percorrer a Am\u00e9rica&nbsp;Latina&nbsp;at\u00e9&nbsp;o&nbsp;final&nbsp;deste ano, passando por 7 cidades&nbsp;de&nbsp;5 pa\u00edses. A a\u00e7\u00e3o&nbsp;faz parte da estrat\u00e9gia do&nbsp;Viaje&nbsp;Paran\u00e1 &#8211; \u00f3rg\u00e3o&nbsp;de&nbsp;promo\u00e7\u00e3o&nbsp;vinculado \u00e0 Secretaria do Turismo (Setu-PR), para a divulga\u00e7\u00e3o&nbsp;do turismo estadual. As inscri\u00e7\u00f5es para&nbsp;o&nbsp;\u201cMeeting Esto Es Paran\u00e1! &#8211; Edi\u00e7\u00e3o&nbsp;Am\u00e9rica&nbsp;Latina\u201d j\u00e1 est\u00e3o&nbsp;dispon\u00edveis e ficam abertas at\u00e9&nbsp;o&nbsp;pr\u00f3ximo dia 17&nbsp;de&nbsp;maio. O&nbsp;evento j\u00e1 aconteceu em diferentes localidades<\/p>","protected":false},"author":2,"featured_media":22101,"comment_status":"open","ping_status":"open","sticky":false,"template":"","format":"standard","meta":{"_seopress_titles_title":"Viaje Paran\u00e1: Inscri\u00e7\u00f5es para Eventos na Am\u00e9rica Latina 2026","_seopress_titles_desc":"O Viaje Paran\u00e1 abre inscri\u00e7\u00f5es para o Meeting Esto Es Paran\u00e1! na Am\u00e9rica Latina. Empres\u00e1rios podem participar de eventos em 7 cidades at\u00e9 outubro de 2026.","_seopress_robots_index":"","_seopress_robots_follow":"","_seopress_robots_imageindex":"","_seopress_robots_snippet":"","_seopress_robots_primary_cat":"157","_seopress_robots_breadcrumbs":"","_seopress_robots_freeze_modified_date":"","_seopress_robots_custom_modified_date":"","_seopress_robots_canonical":"","_seopress_social_fb_title":"","_seopress_social_fb_desc":"","_seopress_social_fb_img":"","_seopress_social_fb_img_attachment_id":0,"_seopress_social_fb_img_width":0,"_seopress_social_fb_img_height":0,"_seopress_social_twitter_title":"","_seopress_social_twitter_desc":"","_seopress_social_twitter_img":"","_seopress_social_twitter_img_attachment_id":0,"_seopress_social_twitter_img_width":0,"_seopress_social_twitter_img_height":0,"_seopress_redirections_value":"","_seopress_redirections_enabled":"","_seopress_redirections_enabled_regex":"","_seopress_redirections_logged_status":"","_seopress_redirections_param":"","_seopress_redirections_type":0,"_seopress_analysis_target_kw":"Viaje Paran\u00e1","page_builder":"","footnotes":""},"categories":[157,273],"tags":[1687,4245,4244],"class_list":["post-22100","post","type-post","status-publish","format-standard","has-post-thumbnail","category-negocios-e-empreendedorismo","category-viagens","tag-america-latina","tag-inscricoes-para-eventos","tag-viaje-parana"],"yoast_head":"<!-- This site is optimized with the Yoast SEO plugin v28.3 - https:\/\/yoast.com\/product\/yoast-seo-wordpress\/ -->\n<title>Viaje Paran\u00e1: Inscri\u00e7\u00f5es para Eventos na Am\u00e9rica Latina 2026<\/title>\n<meta name=\"description\" content=\"O Viaje Paran\u00e1 abre inscri\u00e7\u00f5es para o Meeting Esto Es Paran\u00e1! na Am\u00e9rica Latina. Empres\u00e1rios podem participar de eventos em 7 cidades at\u00e9 outubro de 2026.\" \/>\n<meta name=\"robots\" content=\"index, follow, max-snippet:-1, max-image-preview:large, max-video-preview:-1\" \/>\n<link rel=\"canonical\" href=\"https:\/\/angelboss.com.br\/en\/2026\/05\/11\/viaje-parana-meeting-esto-es-parana-america-latina-2026\/\" \/>\n<meta property=\"og:locale\" content=\"en_US\" \/>\n<meta property=\"og:type\" content=\"article\" \/>\n<meta property=\"og:title\" content=\"Viaje Paran\u00e1: Inscri\u00e7\u00f5es para Eventos na Am\u00e9rica Latina 2026\" \/>\n<meta property=\"og:description\" content=\"O Viaje Paran\u00e1 abre inscri\u00e7\u00f5es para o Meeting Esto Es Paran\u00e1! na Am\u00e9rica Latina. Empres\u00e1rios podem participar de eventos em 7 cidades at\u00e9 outubro de 2026.\" \/>\n<meta property=\"og:url\" content=\"https:\/\/angelboss.com.br\/en\/2026\/05\/11\/viaje-parana-meeting-esto-es-parana-america-latina-2026\/\" \/>\n<meta property=\"og:site_name\" content=\"Portal Masculino de Moda, Beleza, Luxo and Business - Angel Boss\" \/>\n<meta property=\"article:published_time\" content=\"2026-05-11T18:20:06+00:00\" \/>\n<meta property=\"article:modified_time\" content=\"2026-05-11T18:20:09+00:00\" \/>\n<meta property=\"og:image\" content=\"https:\/\/angelboss.com.br\/wp-content\/uploads\/2026\/05\/baf9d0cb-2cf2-432d-9323-b007961cad75-scaled.jpg\" \/>\n\t<meta property=\"og:image:width\" content=\"2560\" \/>\n\t<meta property=\"og:image:height\" content=\"1718\" \/>\n\t<meta property=\"og:image:type\" content=\"image\/jpeg\" \/>\n<meta name=\"author\" content=\"Neto Angel Boss\" \/>\n<meta name=\"twitter:card\" content=\"summary_large_image\" \/>\n<meta name=\"twitter:label1\" content=\"Written by\" \/>\n\t<meta name=\"twitter:data1\" content=\"Neto Angel Boss\" \/>\n\t<meta name=\"twitter:label2\" content=\"Est. reading time\" \/>\n\t<meta name=\"twitter:data2\" content=\"3 minutes\" \/>\n<script type=\"application\/ld+json\" class=\"yoast-schema-graph\">{\"@context\":\"https:\\\/\\\/schema.org\",\"@graph\":[{\"@type\":\"Article\",\"@id\":\"https:\\\/\\\/angelboss.com.br\\\/en\\\/2026\\\/05\\\/11\\\/viaje-parana-meeting-esto-es-parana-america-latina-2026\\\/#article\",\"isPartOf\":{\"@id\":\"https:\\\/\\\/angelboss.com.br\\\/en\\\/2026\\\/05\\\/11\\\/viaje-parana-meeting-esto-es-parana-america-latina-2026\\\/\"},\"author\":{\"name\":\"Neto Angel Boss\",\"@id\":\"http:\\\/\\\/angelboss.com.br\\\/#\\\/schema\\\/person\\\/af084936b46cf2e03f299183e429e350\"},\"headline\":\"Viaje Paran\u00e1: Inscri\u00e7\u00f5es para Eventos na Am\u00e9rica Latina\",\"datePublished\":\"2026-05-11T18:20:06+00:00\",\"dateModified\":\"2026-05-11T18:20:09+00:00\",\"mainEntityOfPage\":{\"@id\":\"https:\\\/\\\/angelboss.com.br\\\/en\\\/2026\\\/05\\\/11\\\/viaje-parana-meeting-esto-es-parana-america-latina-2026\\\/\"},\"wordCount\":525,\"commentCount\":0,\"publisher\":{\"@id\":\"http:\\\/\\\/angelboss.com.br\\\/#organization\"},\"image\":{\"@id\":\"https:\\\/\\\/angelboss.com.br\\\/en\\\/2026\\\/05\\\/11\\\/viaje-parana-meeting-esto-es-parana-america-latina-2026\\\/#primaryimage\"},\"thumbnailUrl\":\"https:\\\/\\\/angelboss.com.br\\\/wp-content\\\/uploads\\\/2026\\\/05\\\/baf9d0cb-2cf2-432d-9323-b007961cad75-scaled.jpg\",\"keywords\":[\"Am\u00e9rica Latina\",\"Inscri\u00e7\u00f5es para Eventos\",\"Viaje Paran\u00e1\"],\"articleSection\":[\"NEG\u00d3CIOS E EMPREENDEDORISMO\",\"Viagens\"],\"inLanguage\":\"en-US\",\"potentialAction\":[{\"@type\":\"CommentAction\",\"name\":\"Comment\",\"target\":[\"https:\\\/\\\/angelboss.com.br\\\/en\\\/2026\\\/05\\\/11\\\/viaje-parana-meeting-esto-es-parana-america-latina-2026\\\/#respond\"]}]},{\"@type\":\"WebPage\",\"@id\":\"https:\\\/\\\/angelboss.com.br\\\/en\\\/2026\\\/05\\\/11\\\/viaje-parana-meeting-esto-es-parana-america-latina-2026\\\/\",\"url\":\"https:\\\/\\\/angelboss.com.br\\\/en\\\/2026\\\/05\\\/11\\\/viaje-parana-meeting-esto-es-parana-america-latina-2026\\\/\",\"name\":\"Viaje Paran\u00e1: Inscri\u00e7\u00f5es para Eventos na Am\u00e9rica Latina 2026\",\"isPartOf\":{\"@id\":\"http:\\\/\\\/angelboss.com.br\\\/#website\"},\"primaryImageOfPage\":{\"@id\":\"https:\\\/\\\/angelboss.com.br\\\/en\\\/2026\\\/05\\\/11\\\/viaje-parana-meeting-esto-es-parana-america-latina-2026\\\/#primaryimage\"},\"image\":{\"@id\":\"https:\\\/\\\/angelboss.com.br\\\/en\\\/2026\\\/05\\\/11\\\/viaje-parana-meeting-esto-es-parana-america-latina-2026\\\/#primaryimage\"},\"thumbnailUrl\":\"https:\\\/\\\/angelboss.com.br\\\/wp-content\\\/uploads\\\/2026\\\/05\\\/baf9d0cb-2cf2-432d-9323-b007961cad75-scaled.jpg\",\"datePublished\":\"2026-05-11T18:20:06+00:00\",\"dateModified\":\"2026-05-11T18:20:09+00:00\",\"description\":\"O Viaje Paran\u00e1 abre inscri\u00e7\u00f5es para o Meeting Esto Es Paran\u00e1! na Am\u00e9rica Latina. Empres\u00e1rios podem participar de eventos em 7 cidades at\u00e9 outubro de 2026.\",\"breadcrumb\":{\"@id\":\"https:\\\/\\\/angelboss.com.br\\\/en\\\/2026\\\/05\\\/11\\\/viaje-parana-meeting-esto-es-parana-america-latina-2026\\\/#breadcrumb\"},\"inLanguage\":\"en-US\",\"potentialAction\":[{\"@type\":\"ReadAction\",\"target\":[\"https:\\\/\\\/angelboss.com.br\\\/en\\\/2026\\\/05\\\/11\\\/viaje-parana-meeting-esto-es-parana-america-latina-2026\\\/\"]}]},{\"@type\":\"ImageObject\",\"inLanguage\":\"en-US\",\"@id\":\"https:\\\/\\\/angelboss.com.br\\\/en\\\/2026\\\/05\\\/11\\\/viaje-parana-meeting-esto-es-parana-america-latina-2026\\\/#primaryimage\",\"url\":\"https:\\\/\\\/angelboss.com.br\\\/wp-content\\\/uploads\\\/2026\\\/05\\\/baf9d0cb-2cf2-432d-9323-b007961cad75-scaled.jpg\",\"contentUrl\":\"https:\\\/\\\/angelboss.com.br\\\/wp-content\\\/uploads\\\/2026\\\/05\\\/baf9d0cb-2cf2-432d-9323-b007961cad75-scaled.jpg\",\"width\":2560,\"height\":1718,\"caption\":\"No setor hist\u00f3rico da cidade, h\u00e1 templos de diferentes religi\u00f5es, que podem ser visitados em uma caminhada tranquila. - Na imagem, a Igreja Presbiteriana. Foto: Ivan Bueno\\\/SMCS (arquivo)\"},{\"@type\":\"BreadcrumbList\",\"@id\":\"https:\\\/\\\/angelboss.com.br\\\/en\\\/2026\\\/05\\\/11\\\/viaje-parana-meeting-esto-es-parana-america-latina-2026\\\/#breadcrumb\",\"itemListElement\":[{\"@type\":\"ListItem\",\"position\":1,\"name\":\"In\u00edcio\",\"item\":\"http:\\\/\\\/angelboss.com.br\\\/\"},{\"@type\":\"ListItem\",\"position\":2,\"name\":\"Viaje Paran\u00e1: Inscri\u00e7\u00f5es para Eventos na Am\u00e9rica Latina\"}]},{\"@type\":\"WebSite\",\"@id\":\"http:\\\/\\\/angelboss.com.br\\\/#website\",\"url\":\"http:\\\/\\\/angelboss.com.br\\\/\",\"name\":\"Portal Masculino de Moda, Beleza, Luxo e Business - Angel Boss\",\"description\":\"O Maior Portal sobre Moda, Luxo, Beleza e Business Masculino do Brasil\",\"publisher\":{\"@id\":\"http:\\\/\\\/angelboss.com.br\\\/#organization\"},\"alternateName\":\"Maior Portal e Blog de Beleza Masculina e Luxo\",\"potentialAction\":[{\"@type\":\"SearchAction\",\"target\":{\"@type\":\"EntryPoint\",\"urlTemplate\":\"http:\\\/\\\/angelboss.com.br\\\/?s={search_term_string}\"},\"query-input\":{\"@type\":\"PropertyValueSpecification\",\"valueRequired\":true,\"valueName\":\"search_term_string\"}}],\"inLanguage\":\"en-US\"},{\"@type\":\"Organization\",\"@id\":\"http:\\\/\\\/angelboss.com.br\\\/#organization\",\"name\":\"Portal Masculino de Moda, Beleza, Luxo and Business - Angel Boss\",\"url\":\"http:\\\/\\\/angelboss.com.br\\\/\",\"logo\":{\"@type\":\"ImageObject\",\"inLanguage\":\"en-US\",\"@id\":\"http:\\\/\\\/angelboss.com.br\\\/#\\\/schema\\\/logo\\\/image\\\/\",\"url\":\"https:\\\/\\\/angelboss.com.br\\\/wp-content\\\/uploads\\\/2025\\\/12\\\/WhatsApp-Image-2025-12-11-at-12.54.26.jpeg\",\"contentUrl\":\"https:\\\/\\\/angelboss.com.br\\\/wp-content\\\/uploads\\\/2025\\\/12\\\/WhatsApp-Image-2025-12-11-at-12.54.26.jpeg\",\"width\":1280,\"height\":1280,\"caption\":\"Portal Masculino de Moda, Beleza, Luxo and Business - Angel Boss\"},\"image\":{\"@id\":\"http:\\\/\\\/angelboss.com.br\\\/#\\\/schema\\\/logo\\\/image\\\/\"}},{\"@type\":\"Person\",\"@id\":\"http:\\\/\\\/angelboss.com.br\\\/#\\\/schema\\\/person\\\/af084936b46cf2e03f299183e429e350\",\"name\":\"Neto Angel Boss\",\"image\":{\"@type\":\"ImageObject\",\"inLanguage\":\"en-US\",\"@id\":\"https:\\\/\\\/secure.gravatar.com\\\/avatar\\\/dbb38b2050e5181e32afbccf458635967af0767d15abe8168b35ebbd97907289?s=96&d=mm&r=g\",\"url\":\"https:\\\/\\\/secure.gravatar.com\\\/avatar\\\/dbb38b2050e5181e32afbccf458635967af0767d15abe8168b35ebbd97907289?s=96&d=mm&r=g\",\"contentUrl\":\"https:\\\/\\\/secure.gravatar.com\\\/avatar\\\/dbb38b2050e5181e32afbccf458635967af0767d15abe8168b35ebbd97907289?s=96&d=mm&r=g\",\"caption\":\"Neto Angel Boss\"},\"sameAs\":[\"http:\\\/\\\/www.angelboss.com\"],\"url\":\"https:\\\/\\\/angelboss.com.br\\\/en\\\/author\\\/netoangelboss\\\/\"}]}<\/script>\n<!-- \/ Yoast SEO plugin. -->","yoast_head_json":{"title":"Viaje Paran\u00e1: Inscri\u00e7\u00f5es para Eventos na Am\u00e9rica Latina 2026","description":"O Viaje Paran\u00e1 abre inscri\u00e7\u00f5es para o Meeting Esto Es Paran\u00e1! na Am\u00e9rica Latina. Empres\u00e1rios podem participar de eventos em 7 cidades at\u00e9 outubro de 2026.","robots":{"index":"index","follow":"follow","max-snippet":"max-snippet:-1","max-image-preview":"max-image-preview:large","max-video-preview":"max-video-preview:-1"},"canonical":"https:\/\/angelboss.com.br\/en\/2026\/05\/11\/viaje-parana-meeting-esto-es-parana-america-latina-2026\/","og_locale":"en_US","og_type":"article","og_title":"Viaje Paran\u00e1: Inscri\u00e7\u00f5es para Eventos na Am\u00e9rica Latina 2026","og_description":"O Viaje Paran\u00e1 abre inscri\u00e7\u00f5es para o Meeting Esto Es Paran\u00e1! na Am\u00e9rica Latina. Empres\u00e1rios podem participar de eventos em 7 cidades at\u00e9 outubro de 2026.","og_url":"https:\/\/angelboss.com.br\/en\/2026\/05\/11\/viaje-parana-meeting-esto-es-parana-america-latina-2026\/","og_site_name":"Portal Masculino de Moda, Beleza, Luxo and Business - Angel Boss","article_published_time":"2026-05-11T18:20:06+00:00","article_modified_time":"2026-05-11T18:20:09+00:00","og_image":[{"width":2560,"height":1718,"url":"https:\/\/angelboss.com.br\/wp-content\/uploads\/2026\/05\/baf9d0cb-2cf2-432d-9323-b007961cad75-scaled.jpg","type":"image\/jpeg"}],"author":"Neto Angel Boss","twitter_card":"summary_large_image","twitter_misc":{"Written by":"Neto Angel Boss","Est. reading time":"3 minutes"},"schema":{"@context":"https:\/\/schema.org","@graph":[{"@type":"Article","@id":"https:\/\/angelboss.com.br\/en\/2026\/05\/11\/viaje-parana-meeting-esto-es-parana-america-latina-2026\/#article","isPartOf":{"@id":"https:\/\/angelboss.com.br\/en\/2026\/05\/11\/viaje-parana-meeting-esto-es-parana-america-latina-2026\/"},"author":{"name":"Neto Angel Boss","@id":"http:\/\/angelboss.com.br\/#\/schema\/person\/af084936b46cf2e03f299183e429e350"},"headline":"Viaje Paran\u00e1: Inscri\u00e7\u00f5es para Eventos na Am\u00e9rica Latina","datePublished":"2026-05-11T18:20:06+00:00","dateModified":"2026-05-11T18:20:09+00:00","mainEntityOfPage":{"@id":"https:\/\/angelboss.com.br\/en\/2026\/05\/11\/viaje-parana-meeting-esto-es-parana-america-latina-2026\/"},"wordCount":525,"commentCount":0,"publisher":{"@id":"http:\/\/angelboss.com.br\/#organization"},"image":{"@id":"https:\/\/angelboss.com.br\/en\/2026\/05\/11\/viaje-parana-meeting-esto-es-parana-america-latina-2026\/#primaryimage"},"thumbnailUrl":"https:\/\/angelboss.com.br\/wp-content\/uploads\/2026\/05\/baf9d0cb-2cf2-432d-9323-b007961cad75-scaled.jpg","keywords":["Am\u00e9rica Latina","Inscri\u00e7\u00f5es para Eventos","Viaje Paran\u00e1"],"articleSection":["NEG\u00d3CIOS E EMPREENDEDORISMO","Viagens"],"inLanguage":"en-US","potentialAction":[{"@type":"CommentAction","name":"Comment","target":["https:\/\/angelboss.com.br\/en\/2026\/05\/11\/viaje-parana-meeting-esto-es-parana-america-latina-2026\/#respond"]}]},{"@type":"WebPage","@id":"https:\/\/angelboss.com.br\/en\/2026\/05\/11\/viaje-parana-meeting-esto-es-parana-america-latina-2026\/","url":"https:\/\/angelboss.com.br\/en\/2026\/05\/11\/viaje-parana-meeting-esto-es-parana-america-latina-2026\/","name":"Viaje Paran\u00e1: Inscri\u00e7\u00f5es para Eventos na Am\u00e9rica Latina 2026","isPartOf":{"@id":"http:\/\/angelboss.com.br\/#website"},"primaryImageOfPage":{"@id":"https:\/\/angelboss.com.br\/en\/2026\/05\/11\/viaje-parana-meeting-esto-es-parana-america-latina-2026\/#primaryimage"},"image":{"@id":"https:\/\/angelboss.com.br\/en\/2026\/05\/11\/viaje-parana-meeting-esto-es-parana-america-latina-2026\/#primaryimage"},"thumbnailUrl":"https:\/\/angelboss.com.br\/wp-content\/uploads\/2026\/05\/baf9d0cb-2cf2-432d-9323-b007961cad75-scaled.jpg","datePublished":"2026-05-11T18:20:06+00:00","dateModified":"2026-05-11T18:20:09+00:00","description":"O Viaje Paran\u00e1 abre inscri\u00e7\u00f5es para o Meeting Esto Es Paran\u00e1! na Am\u00e9rica Latina. Empres\u00e1rios podem participar de eventos em 7 cidades at\u00e9 outubro de 2026.","breadcrumb":{"@id":"https:\/\/angelboss.com.br\/en\/2026\/05\/11\/viaje-parana-meeting-esto-es-parana-america-latina-2026\/#breadcrumb"},"inLanguage":"en-US","potentialAction":[{"@type":"ReadAction","target":["https:\/\/angelboss.com.br\/en\/2026\/05\/11\/viaje-parana-meeting-esto-es-parana-america-latina-2026\/"]}]},{"@type":"ImageObject","inLanguage":"en-US","@id":"https:\/\/angelboss.com.br\/en\/2026\/05\/11\/viaje-parana-meeting-esto-es-parana-america-latina-2026\/#primaryimage","url":"https:\/\/angelboss.com.br\/wp-content\/uploads\/2026\/05\/baf9d0cb-2cf2-432d-9323-b007961cad75-scaled.jpg","contentUrl":"https:\/\/angelboss.com.br\/wp-content\/uploads\/2026\/05\/baf9d0cb-2cf2-432d-9323-b007961cad75-scaled.jpg","width":2560,"height":1718,"caption":"No setor hist\u00f3rico da cidade, h\u00e1 templos de diferentes religi\u00f5es, que podem ser visitados em uma caminhada tranquila. - Na imagem, a Igreja Presbiteriana. Foto: Ivan Bueno\/SMCS (arquivo)"},{"@type":"BreadcrumbList","@id":"https:\/\/angelboss.com.br\/en\/2026\/05\/11\/viaje-parana-meeting-esto-es-parana-america-latina-2026\/#breadcrumb","itemListElement":[{"@type":"ListItem","position":1,"name":"In\u00edcio","item":"http:\/\/angelboss.com.br\/"},{"@type":"ListItem","position":2,"name":"Viaje Paran\u00e1: Inscri\u00e7\u00f5es para Eventos na Am\u00e9rica Latina"}]},{"@type":"WebSite","@id":"http:\/\/angelboss.com.br\/#website","url":"http:\/\/angelboss.com.br\/","name":"Portal Masculino de Moda, Beleza, Luxo e Business - Angel Boss","description":"O Maior Portal sobre Moda, Luxo, Beleza e Business Masculino do Brasil","publisher":{"@id":"http:\/\/angelboss.com.br\/#organization"},"alternateName":"Maior Portal e Blog de Beleza Masculina e Luxo","potentialAction":[{"@type":"SearchAction","target":{"@type":"EntryPoint","urlTemplate":"http:\/\/angelboss.com.br\/?s={search_term_string}"},"query-input":{"@type":"PropertyValueSpecification","valueRequired":true,"valueName":"search_term_string"}}],"inLanguage":"en-US"},{"@type":"Organization","@id":"http:\/\/angelboss.com.br\/#organization","name":"Portal Masculino de Moda, Beleza, Luxo and Business - Angel Boss","url":"http:\/\/angelboss.com.br\/","logo":{"@type":"ImageObject","inLanguage":"en-US","@id":"http:\/\/angelboss.com.br\/#\/schema\/logo\/image\/","url":"https:\/\/angelboss.com.br\/wp-content\/uploads\/2025\/12\/WhatsApp-Image-2025-12-11-at-12.54.26.jpeg","contentUrl":"https:\/\/angelboss.com.br\/wp-content\/uploads\/2025\/12\/WhatsApp-Image-2025-12-11-at-12.54.26.jpeg","width":1280,"height":1280,"caption":"Portal Masculino de Moda, Beleza, Luxo and Business - Angel Boss"},"image":{"@id":"http:\/\/angelboss.com.br\/#\/schema\/logo\/image\/"}},{"@type":"Person","@id":"http:\/\/angelboss.com.br\/#\/schema\/person\/af084936b46cf2e03f299183e429e350","name":"Neto Angel Boss","image":{"@type":"ImageObject","inLanguage":"en-US","@id":"https:\/\/secure.gravatar.com\/avatar\/dbb38b2050e5181e32afbccf458635967af0767d15abe8168b35ebbd97907289?s=96&d=mm&r=g","url":"https:\/\/secure.gravatar.com\/avatar\/dbb38b2050e5181e32afbccf458635967af0767d15abe8168b35ebbd97907289?s=96&d=mm&r=g","contentUrl":"https:\/\/secure.gravatar.com\/avatar\/dbb38b2050e5181e32afbccf458635967af0767d15abe8168b35ebbd97907289?s=96&d=mm&r=g","caption":"Neto Angel Boss"},"sameAs":["http:\/\/www.angelboss.com"],"url":"https:\/\/angelboss.com.br\/en\/author\/netoangelboss\/"}]}},"amp_enabled":true,"_links":{"self":[{"href":"https:\/\/angelboss.com.br\/en\/wp-json\/wp\/v2\/posts\/22100","targetHints":{"allow":["GET"]}}],"collection":[{"href":"https:\/\/angelboss.com.br\/en\/wp-json\/wp\/v2\/posts"}],"about":[{"href":"https:\/\/angelboss.com.br\/en\/wp-json\/wp\/v2\/types\/post"}],"author":[{"embeddable":true,"href":"https:\/\/angelboss.com.br\/en\/wp-json\/wp\/v2\/users\/2"}],"replies":[{"embeddable":true,"href":"https:\/\/angelboss.com.br\/en\/wp-json\/wp\/v2\/comments?post=22100"}],"version-history":[{"count":1,"href":"https:\/\/angelboss.com.br\/en\/wp-json\/wp\/v2\/posts\/22100\/revisions"}],"predecessor-version":[{"id":22105,"href":"https:\/\/angelboss.com.br\/en\/wp-json\/wp\/v2\/posts\/22100\/revisions\/22105"}],"wp:featuredmedia":[{"embeddable":true,"href":"https:\/\/angelboss.com.br\/en\/wp-json\/wp\/v2\/media\/22101"}],"wp:attachment":[{"href":"https:\/\/angelboss.com.br\/en\/wp-json\/wp\/v2\/media?parent=22100"}],"wp:term":[{"taxonomy":"category","embeddable":true,"href":"https:\/\/angelboss.com.br\/en\/wp-json\/wp\/v2\/categories?post=22100"},{"taxonomy":"post_tag","embeddable":true,"href":"https:\/\/angelboss.com.br\/en\/wp-json\/wp\/v2\/tags?post=22100"}],"curies":[{"name":"wp","href":"https:\/\/api.w.org\/{rel}","templated":true}]}}