{"id":20996,"date":"2026-04-30T18:33:25","date_gmt":"2026-04-30T18:33:25","guid":{"rendered":"https:\/\/angelboss.com.br\/?p=20996"},"modified":"2026-04-30T18:33:28","modified_gmt":"2026-04-30T18:33:28","slug":"antonio-fagundes-sete-minutos-teatro-cultura-artistica-2026","status":"publish","type":"post","link":"https:\/\/angelboss.com.br\/en\/2026\/04\/30\/antonio-fagundes-sete-minutos-teatro-cultura-artistica-2026\/","title":{"rendered":"Antonio Fagundes celebra 60 anos de carreira e dirige\u00a0Sete Minutos\u00a0&#8211;\u00a0Uma Com\u00e9dia no Tempo Certo, espet\u00e1culo de sua autoria que estreia no Teatro Cultura Art\u00edstica"},"content":{"rendered":"<p><em>A produ\u00e7\u00e3o \u00e9 assinada pelo&nbsp;<\/em><strong><em>Infoteatro&nbsp;<\/em><\/strong><em>e&nbsp;marca a primeira realiza\u00e7\u00e3o art\u00edstica do Portal conduzido pela atriz&nbsp;<\/em><strong><em>Nat\u00e1lia Beukers<\/em><\/strong><em>,&nbsp;que&nbsp;tamb\u00e9m integra o&nbsp;elenco.<\/em><\/p>\n\n\n\n<p><strong>Antonio&nbsp;Fagundes<\/strong>&nbsp;celebra&nbsp;60&nbsp;anos&nbsp;de&nbsp;carreira&nbsp;e, sob&nbsp;uma&nbsp;nova perspectiva, retorna \u00e0 casa&nbsp;que&nbsp;por tanto&nbsp;tempo&nbsp;ocupou \u2013 o&nbsp;Cultura&nbsp;Art\u00edstica. Com texto&nbsp;de&nbsp;sua&nbsp;autoria,&nbsp;encenado por&nbsp;ele&nbsp;em 2002,&nbsp;Fagundes&nbsp;experimenta o papel&nbsp;de&nbsp;diretor do seu pr\u00f3prio&nbsp;espet\u00e1culo,&nbsp;<strong><em>Sete&nbsp;Minutos&nbsp;&#8211;&nbsp;Uma&nbsp;Com\u00e9dia&nbsp;no&nbsp;Tempo&nbsp;Certo<\/em><\/strong>,&nbsp;em&nbsp;temporada&nbsp;que&nbsp;vai&nbsp;de&nbsp;21&nbsp;de&nbsp;maio a 1\u00ba&nbsp;de&nbsp;agosto,&nbsp;no&nbsp;<strong>Teatro&nbsp;Cultura&nbsp;Art\u00edstica<\/strong>. Os ingressos j\u00e1&nbsp;est\u00e3o dispon\u00edveis&nbsp;no&nbsp;site&nbsp;<a href=\"https:\/\/click.knewin360.com\/Click\/click\/eyJhbGciOiJIUzI1NiIsInR5cCI6IkpXVCJ9.eyJjYW1wYWlnbklkIjoiNzQzNzM4M2QtODVjNC00MjRjLTM4ZTgtMDhkZWE2YTJjZDliIiwicGVyc29uSWQiOiJiYjVkNmE5Ni0zOTdlLTRkZGQtYWRhMi1lYmI0OTU5N2Y4MzUiLCJlbWFpbCI6ImFuZ2VsQGFuZ2VsYm9zcy5jb20uYnIiLCJ1cmwiOiJodHRwOi8vY3VsdHVyYWFydGlzdGljYS5vcmcvIiwiaXNTZWdtZW50YXRpb24iOiJUcnVlIiwibmJmIjoxNzc3NTcwODYxLCJleHAiOjE3ODAxNjI4NjEsImlhdCI6MTc3NzU3MDg2MX0.W_tXGbwpVDBlZupV1x6iGxKb9cCMbkDZpy34dbxqLLk\"><u>culturaartistica.org<\/u><\/a>.&nbsp;<\/p>\n\n\n\n<p>A com\u00e9dia inicia com o drama&nbsp;de&nbsp;um ator veterano&nbsp;que&nbsp;abandona o palco&nbsp;no&nbsp;meio da apresenta\u00e7\u00e3o&nbsp;de&nbsp;<em>Macbeth<\/em>, irritado com celulares&nbsp;e&nbsp;outros inc\u00f4modos vindos da plateia.&nbsp;Nos bastidores, o&nbsp;epis\u00f3dio&nbsp;desencadeia um&nbsp;embate sobre o pacto&nbsp;entre os atores&nbsp;e&nbsp;o p\u00fablico,&nbsp;e&nbsp;os limites&nbsp;dessa l\u00fadica conviv\u00eancia.&nbsp;Entre humor&nbsp;e&nbsp;cr\u00edtica, a pe\u00e7a \u00e9 tamb\u00e9m&nbsp;uma&nbsp;declara\u00e7\u00e3o&nbsp;de&nbsp;amor ao&nbsp;teatro,&nbsp;definido pelo protagonista como \u201co \u00faltimo reduto&nbsp;de&nbsp;humanidade\u201d. Antecipando a crise&nbsp;de&nbsp;concentra\u00e7\u00e3o intensificada pela tecnologia, a pe\u00e7a&nbsp;questiona&nbsp;uma&nbsp;audi\u00eancia habituada a blocos&nbsp;de&nbsp;aten\u00e7\u00e3o cada vez mais curtos \u2014&nbsp;e&nbsp;reafirma o&nbsp;teatro&nbsp;como&nbsp;espa\u00e7o&nbsp;de&nbsp;presen\u00e7a,&nbsp;escuta&nbsp;e&nbsp;encontro real.&nbsp;No&nbsp;elenco&nbsp;est\u00e3o&nbsp;<strong>Norival Rizzo, Walter Breda, F\u00e1bio&nbsp;Esposito, Ana Andreatta, Conrado Sardinha&nbsp;<\/strong>e<strong>&nbsp;Nat\u00e1lia Beukers<\/strong>.&nbsp;<\/p>\n\n\n\n<p>A produ\u00e7\u00e3o da montagem atual \u00e9&nbsp;uma&nbsp;iniciativa do&nbsp;<strong>Infoeteatro<\/strong>,&nbsp;e&nbsp;marca a primeira realiza\u00e7\u00e3o art\u00edstica do Portal conduzido por&nbsp;<strong>Nat\u00e1lia Beukers<\/strong>: \u201c\u00c9 muito gratificante para mim contar com o&nbsp;Fagundes&nbsp;e&nbsp;aprender com&nbsp;ele, com a&nbsp;sua&nbsp;vasta&nbsp;experi\u00eancia, sobre a forma\u00e7\u00e3o&nbsp;de&nbsp;p\u00fablico para&nbsp;teatro, o&nbsp;que&nbsp;tem tudo a ver com o projeto&nbsp;<strong>Infoteatro<\/strong>&nbsp;e&nbsp;com a mensagem da pe\u00e7a,&nbsp;que&nbsp;apenas um grande ator poderia traduzir com tanta propriedade. Um texto reflexivo, mas, ao mesmo&nbsp;tempo, muito&nbsp;engra\u00e7ado\u201d, afirma.&nbsp;<\/p>\n\n\n\n<p>A rela\u00e7\u00e3o&nbsp;de&nbsp;Fagundes&nbsp;com o&nbsp;espet\u00e1culo \u00e9 atravessada por diferentes momentos&nbsp;de&nbsp;sua&nbsp;carreira: \u201cA minha rela\u00e7\u00e3o com o texto j\u00e1 tinha mudado l\u00e1 na primeira montagem.&nbsp;Eu tinha&nbsp;escrito aquele texto, mas&nbsp;ele n\u00e3o&nbsp;era para mim como ator. S\u00f3&nbsp;que,&nbsp;de&nbsp;repente, percebi&nbsp;que&nbsp;aquele personagem&nbsp;era&nbsp;eu,&nbsp;de&nbsp;certa forma.&nbsp;Ent\u00e3o, quando resolvi atuar&nbsp;no&nbsp;espet\u00e1culo, percebi&nbsp;que&nbsp;a minha vis\u00e3o&nbsp;de&nbsp;ator acrescentava coisas \u00e0 minha vis\u00e3o&nbsp;de&nbsp;autor,&nbsp;e&nbsp;isso j\u00e1 configurava&nbsp;uma&nbsp;rela\u00e7\u00e3o diferente com o texto. Agora, vou observar o texto como autor&nbsp;e&nbsp;tamb\u00e9m observar outros atores interpretando&nbsp;esse material.&nbsp;Ent\u00e3o, realmente, vai ser um terceiro salto \u2014 bastante interessante\u201d, avalia.&nbsp;<\/p>\n\n\n\n<p><em>Sete&nbsp;Minutos<\/em>, na montagem&nbsp;de&nbsp;2002, chegou a receber mais&nbsp;de&nbsp;200 mil&nbsp;espectadores, segundo&nbsp;Fagundes,&nbsp;que&nbsp;afirma o&nbsp;desejo&nbsp;de&nbsp;repetir o feito,&nbsp;embora sejam outros os&nbsp;tempos&nbsp;e&nbsp;tamb\u00e9m a&nbsp;estrutura do&nbsp;espa\u00e7o.&nbsp;Em 2008, o&nbsp;Teatro&nbsp;Cultura&nbsp;Art\u00edstica foi vitimado por um inc\u00eandio&nbsp;de&nbsp;grandes propor\u00e7\u00f5es,&nbsp;que&nbsp;destruiu completamente as duas salas&nbsp;de&nbsp;apresenta\u00e7\u00e3o do local. \u201cEle tem&nbsp;uma&nbsp;rela\u00e7\u00e3o diferente com a plateia, a capacidade da sala \u00e9 outra, mas a localiza\u00e7\u00e3o j\u00e1 faz bater meu cora\u00e7\u00e3o. S\u00f3&nbsp;de&nbsp;eu pegar o carro&nbsp;e&nbsp;ir naquela dire\u00e7\u00e3o, j\u00e1 lembro dos 13&nbsp;anos&nbsp;em&nbsp;que&nbsp;ocupei o&nbsp;Teatro&nbsp;Cultura&nbsp;Art\u00edstica\u201d, comenta o ator.&nbsp;<\/p>\n\n\n\n<p>Tamb\u00e9m foi l\u00e1 onde&nbsp;Antonio&nbsp;Fagundes&nbsp;escreveu parte da&nbsp;sua&nbsp;hist\u00f3ria com o&nbsp;teatro, considerado por&nbsp;ele como sede da companhia&nbsp;que&nbsp;fundou&nbsp;e&nbsp;liderou&nbsp;nos&nbsp;anos&nbsp;80. \u201cForam, primeiro, 10&nbsp;anos&nbsp;com a Companhia&nbsp;Est\u00e1vel&nbsp;de&nbsp;Repert\u00f3rio,&nbsp;e&nbsp;a sede, basicamente,&nbsp;era o&nbsp;Teatro&nbsp;Cultura&nbsp;Art\u00edstica.&nbsp;Depois, quando&nbsp;encerrei as atividades da companhia, fiz mais tr\u00eas&nbsp;espet\u00e1culos l\u00e1. Foi algo muito importante na minha vida&nbsp;e&nbsp;no&nbsp;teatro&nbsp;em S\u00e3o Paulo.&nbsp;Est\u00e1 sendo muito&nbsp;emocionante voltar, inclusive com&nbsp;uma&nbsp;pe\u00e7a&nbsp;que&nbsp;estreei ali&nbsp;em 2002&nbsp;e&nbsp;que&nbsp;ficou mais&nbsp;de&nbsp;um ano&nbsp;em cartaz s\u00f3&nbsp;no&nbsp;Cultura&nbsp;Art\u00edstica\u201d, relembra.&nbsp;<\/p>\n\n\n\n<p><strong>Em comum, a forma\u00e7\u00e3o&nbsp;de&nbsp;p\u00fablico como miss\u00e3o&nbsp;<\/strong><\/p>\n\n\n\n<p>Faz parte, tanto do texto quanto da montagem, a iniciativa&nbsp;de&nbsp;trazer o p\u00fablico para perto do&nbsp;teatro. Por isso, duas a\u00e7\u00f5es fizeram parte da prepara\u00e7\u00e3o do&nbsp;espet\u00e1culo. Houve,&nbsp;em meados&nbsp;de&nbsp;mar\u00e7o&nbsp;e&nbsp;abril,&nbsp;uma&nbsp;primeira leitura p\u00fablica do texto&nbsp;e&nbsp;ensaios, com distribui\u00e7\u00e3o&nbsp;de&nbsp;150 ingressos gratuitos.&nbsp;E&nbsp;ainda antes da&nbsp;estreia, a produ\u00e7\u00e3o realizar\u00e1 os \u00faltimos&nbsp;ensaios abertos&nbsp;nos dias<strong>&nbsp;<\/strong>2&nbsp;e&nbsp;9&nbsp;de&nbsp;maio, sempre \u00e0s 14h,&nbsp;no&nbsp;audit\u00f3rio do&nbsp;teatro. Nesses&nbsp;encontros, o p\u00fablico acompanha o processo&nbsp;de&nbsp;cria\u00e7\u00e3o do&nbsp;espet\u00e1culo, observando o&nbsp;desenvolvimento das cenas&nbsp;e&nbsp;o trabalho conjunto da&nbsp;equipe art\u00edstica&nbsp;e&nbsp;t\u00e9cnica.&nbsp;E&nbsp;est\u00e1 previsto, ainda,&nbsp;que&nbsp;ao fim&nbsp;de&nbsp;cada apresenta\u00e7\u00e3o da&nbsp;temporada, o&nbsp;elenco retorne ao palco para um bate-papo com a plateia (sujeito \u00e0 disponibilidade dos atores).&nbsp;<\/p>\n\n\n\n<p>O&nbsp;espet\u00e1culo&nbsp;<em>Sete&nbsp;Minutos<\/em>&nbsp;&#8211;&nbsp;<em>Uma&nbsp;Com\u00e9dia&nbsp;no&nbsp;Tempo&nbsp;Certo<\/em>&nbsp;ser\u00e1 viabilizado&nbsp;exclusivamente com recursos&nbsp;de&nbsp;bilheteria, sem leis&nbsp;de&nbsp;incentivo, modelo&nbsp;que&nbsp;o&nbsp;Fagundes&nbsp;adota&nbsp;desde a cria\u00e7\u00e3o da Companhia&nbsp;Est\u00e1vel&nbsp;de&nbsp;Repert\u00f3rio,&nbsp;em 1982. \u201cTem sido muito importante aprender com&nbsp;ele&nbsp;uma&nbsp;forma&nbsp;de&nbsp;produzir&nbsp;que&nbsp;permite&nbsp;que&nbsp;a gente se liberte&nbsp;dessa l\u00f3gica dos&nbsp;editais&nbsp;e&nbsp;leis&nbsp;de&nbsp;incentivo,&nbsp;que&nbsp;hoje&nbsp;est\u00e1&nbsp;entranhada na produ\u00e7\u00e3o teatral. \u00c9 claro&nbsp;que&nbsp;tudo isso tem&nbsp;sua&nbsp;import\u00e2ncia&nbsp;e&nbsp;utilidade&nbsp;cultural, mas tamb\u00e9m \u00e9 fundamental buscar outros caminhos&nbsp;e&nbsp;provar&nbsp;que&nbsp;\u00e9 poss\u00edvel\u201d, pontua Nat\u00e1lia.&nbsp;<\/p>\n\n\n\n<p>Do texto \u00e0 realiza\u00e7\u00e3o,&nbsp;<em>Sete&nbsp;Minutos<\/em>&nbsp;&#8211;&nbsp;<em>Uma&nbsp;Com\u00e9dia&nbsp;no&nbsp;Tempo&nbsp;Certo<\/em>&nbsp;\u00e9 um convite&nbsp;de&nbsp;presen\u00e7a ao p\u00fablico. Sobre o fato&nbsp;de&nbsp;o&nbsp;espet\u00e1culo tratar justamente do pacto&nbsp;entre&nbsp;elenco&nbsp;e&nbsp;plateia&nbsp;e&nbsp;os limites&nbsp;dessa conviv\u00eancia,&nbsp;Fagundes&nbsp;revela: \u201cAinda h\u00e1 pessoas&nbsp;que&nbsp;se recusam ou&nbsp;demoram a&nbsp;entender&nbsp;que&nbsp;a grande vantagem do&nbsp;teatro&nbsp;\u00e9&nbsp;exatamente a possibilidade&nbsp;de&nbsp;se&nbsp;entregar, sem interfer\u00eancias, \u00e0quele mundo m\u00e1gico&nbsp;que&nbsp;o palco oferece. Um&nbsp;tempo&nbsp;mais aprofundado do&nbsp;que&nbsp;os outros ve\u00edculos, como a televis\u00e3o, o cinema&nbsp;e, principalmente, a internet, costumam proporcionar.&nbsp;Ent\u00e3o,&nbsp;eu ainda sinto um pouco&nbsp;de&nbsp;pena das pessoas&nbsp;que&nbsp;resistem \u2014 mesmo&nbsp;estando&nbsp;dentro do&nbsp;teatro&nbsp;\u2014 a&nbsp;essa&nbsp;entrega. Mas acho&nbsp;que&nbsp;<em>Sete&nbsp;Minutos<\/em>&nbsp;conversa com a plateia nesse sentido&nbsp;e&nbsp;apresenta justamente as vantagens&nbsp;dessa&nbsp;entrega. Vamos ver se o&nbsp;espet\u00e1culo consegue mexer um pouco com a cabe\u00e7a das pessoas nesse sentido\u201d.<\/p>\n\n\n\n<p><strong>Ficha t\u00e9cnica<\/strong>:<\/p>\n\n\n\n<p><strong>Texto&nbsp;e&nbsp;dire\u00e7\u00e3o<\/strong>:&nbsp;Antonio&nbsp;Fagundes.&nbsp;<strong>Assistente&nbsp;de&nbsp;Dire\u00e7\u00e3o<\/strong>: Patricia Gasppar.&nbsp;<strong>Elenco<\/strong>:&nbsp;Norival Rizzo, Walter Breda, F\u00e1bio&nbsp;Esposito, Ana Andreatta, Conrado Sardinha&nbsp;e&nbsp;Nat\u00e1lia Beukers.&nbsp;<strong>Figurinos&nbsp;e&nbsp;Cen\u00e1rios<\/strong>: F\u00e1bio Namatame.&nbsp;<strong>Designer&nbsp;de&nbsp;luz<\/strong>: Domingos Quintiliano.&nbsp;<strong>M\u00fasica Original&nbsp;e&nbsp;Sonoplastia<\/strong>: Jonatan Harold.&nbsp;<strong>Fot\u00f3grafo:<\/strong>&nbsp;Ronaldo Gutierrez&nbsp;e&nbsp;Monique&nbsp;<strong>Maquiagem para Fotos:<\/strong>&nbsp;Beto Fran\u00e7a.&nbsp;<strong>Dire\u00e7\u00e3o&nbsp;de&nbsp;Produ\u00e7\u00e3o<\/strong>: Sonia Kavantan.&nbsp;<strong>Produ\u00e7\u00e3o&nbsp;Executiva:<\/strong>&nbsp;Jess Rezende&nbsp;<strong>Administra\u00e7\u00e3o:<\/strong>&nbsp;Gabriela&nbsp;de&nbsp;S\u00e1&nbsp;e&nbsp;Madu Arakaki.&nbsp;<strong>M\u00eddias Sociais&nbsp;e&nbsp;Identidade Visual<\/strong>: Nathalia Duarte&nbsp;e&nbsp;Saul Salles.&nbsp;<strong>Gest\u00e3o&nbsp;de&nbsp;Tr\u00e1fego<\/strong>: Michel Waisman.&nbsp;<strong>Assessoria&nbsp;de&nbsp;Imprensa<\/strong>: Adriana Balsanelli.&nbsp;<strong>Idealiza\u00e7\u00e3o<\/strong>: Nat\u00e1lia Beukers.&nbsp;<strong>Realiza\u00e7\u00e3o<\/strong>: Infoteatro.&nbsp;<strong>Coprodu\u00e7\u00e3o<\/strong>: Beijo Produ\u00e7\u00f5es Art\u00edsticas.&nbsp;<\/p>\n\n\n\n<p><\/p>","protected":false},"excerpt":{"rendered":"<p>A produ\u00e7\u00e3o \u00e9 assinada pelo&nbsp;Infoteatro&nbsp;e&nbsp;marca a primeira realiza\u00e7\u00e3o art\u00edstica do Portal conduzido pela atriz&nbsp;Nat\u00e1lia Beukers,&nbsp;que&nbsp;tamb\u00e9m integra o&nbsp;elenco. Antonio&nbsp;Fagundes&nbsp;celebra&nbsp;60&nbsp;anos&nbsp;de&nbsp;carreira&nbsp;e, sob&nbsp;uma&nbsp;nova perspectiva, retorna \u00e0 casa&nbsp;que&nbsp;por tanto&nbsp;tempo&nbsp;ocupou \u2013 o&nbsp;Cultura&nbsp;Art\u00edstica. Com texto&nbsp;de&nbsp;sua&nbsp;autoria,&nbsp;encenado por&nbsp;ele&nbsp;em 2002,&nbsp;Fagundes&nbsp;experimenta o papel&nbsp;de&nbsp;diretor do seu pr\u00f3prio&nbsp;espet\u00e1culo,&nbsp;Sete&nbsp;Minutos&nbsp;&#8211;&nbsp;Uma&nbsp;Com\u00e9dia&nbsp;no&nbsp;Tempo&nbsp;Certo,&nbsp;em&nbsp;temporada&nbsp;que&nbsp;vai&nbsp;de&nbsp;21&nbsp;de&nbsp;maio a 1\u00ba&nbsp;de&nbsp;agosto,&nbsp;no&nbsp;Teatro&nbsp;Cultura&nbsp;Art\u00edstica. Os ingressos j\u00e1&nbsp;est\u00e3o dispon\u00edveis&nbsp;no&nbsp;site&nbsp;culturaartistica.org.&nbsp; A com\u00e9dia inicia com o drama&nbsp;de&nbsp;um ator veterano&nbsp;que&nbsp;abandona o palco&nbsp;no&nbsp;meio da apresenta\u00e7\u00e3o&nbsp;de&nbsp;Macbeth, irritado com<\/p>","protected":false},"author":2,"featured_media":21000,"comment_status":"open","ping_status":"open","sticky":false,"template":"","format":"standard","meta":{"footnotes":""},"categories":[3162,2402,151],"tags":[3917,3915,3916,3006],"class_list":{"0":"post-20996","1":"post","2":"type-post","3":"status-publish","4":"format-standard","5":"has-post-thumbnail","7":"category-arte","8":"category-cultura","9":"category-man","10":"tag-60-anos-de-carreira","11":"tag-antonio-fagundes","12":"tag-sete-minutos","13":"tag-teatro-cultura-artistica"},"yoast_head":"<!-- This site is optimized with the Yoast SEO plugin v27.5 - https:\/\/yoast.com\/product\/yoast-seo-wordpress\/ -->\n<title>Antonio Fagundes Direge Sete Minutos no Teatro Cultura Art\u00edstica<\/title>\n<meta name=\"description\" content=\"Antonio Fagundes celebra 60 anos de carreira com a estreia de Sete Minutos no Teatro Cultura Art\u00edstica. Uma com\u00e9dia sobre o teatro e o pacto com o p\u00fablico.\" \/>\n<meta name=\"robots\" content=\"index, follow, max-snippet:-1, max-image-preview:large, max-video-preview:-1\" \/>\n<link rel=\"canonical\" href=\"https:\/\/angelboss.com.br\/en\/2026\/04\/30\/antonio-fagundes-sete-minutos-teatro-cultura-artistica-2026\/\" \/>\n<meta property=\"og:locale\" content=\"en_US\" \/>\n<meta property=\"og:type\" content=\"article\" \/>\n<meta property=\"og:title\" content=\"Antonio Fagundes Direge Sete Minutos no Teatro Cultura Art\u00edstica\" \/>\n<meta property=\"og:description\" content=\"Antonio Fagundes celebra 60 anos de carreira com a estreia de Sete Minutos no Teatro Cultura Art\u00edstica. Uma com\u00e9dia sobre o teatro e o pacto com o p\u00fablico.\" \/>\n<meta property=\"og:url\" content=\"https:\/\/angelboss.com.br\/en\/2026\/04\/30\/antonio-fagundes-sete-minutos-teatro-cultura-artistica-2026\/\" \/>\n<meta property=\"og:site_name\" content=\"Portal Masculino de Moda, Beleza, Luxo and Business - Angel Boss\" \/>\n<meta property=\"article:published_time\" content=\"2026-04-30T18:33:25+00:00\" \/>\n<meta property=\"article:modified_time\" content=\"2026-04-30T18:33:28+00:00\" \/>\n<meta property=\"og:image\" content=\"http:\/\/angelboss.com.br\/wp-content\/uploads\/2026\/04\/Sete-Minutos-5037-Ronaldo-Gutierrez-scaled.jpg\" \/>\n\t<meta property=\"og:image:width\" content=\"2560\" \/>\n\t<meta property=\"og:image:height\" content=\"1707\" \/>\n\t<meta property=\"og:image:type\" content=\"image\/jpeg\" \/>\n<meta name=\"author\" content=\"Neto Angel Boss\" \/>\n<meta name=\"twitter:card\" content=\"summary_large_image\" \/>\n<meta name=\"twitter:label1\" content=\"Written by\" \/>\n\t<meta name=\"twitter:data1\" content=\"Neto Angel Boss\" \/>\n\t<meta name=\"twitter:label2\" content=\"Est. reading time\" \/>\n\t<meta name=\"twitter:data2\" content=\"7 minutes\" \/>\n<script type=\"application\/ld+json\" class=\"yoast-schema-graph\">{\"@context\":\"https:\\\/\\\/schema.org\",\"@graph\":[{\"@type\":\"Article\",\"@id\":\"https:\\\/\\\/angelboss.com.br\\\/2026\\\/04\\\/30\\\/antonio-fagundes-sete-minutos-teatro-cultura-artistica-2026\\\/#article\",\"isPartOf\":{\"@id\":\"https:\\\/\\\/angelboss.com.br\\\/2026\\\/04\\\/30\\\/antonio-fagundes-sete-minutos-teatro-cultura-artistica-2026\\\/\"},\"author\":{\"name\":\"Neto Angel Boss\",\"@id\":\"https:\\\/\\\/angelboss.com.br\\\/en\\\/#\\\/schema\\\/person\\\/af084936b46cf2e03f299183e429e350\"},\"headline\":\"Antonio Fagundes celebra 60 anos de carreira e dirige\u00a0Sete Minutos\u00a0&#8211;\u00a0Uma Com\u00e9dia no Tempo Certo, espet\u00e1culo de sua autoria que estreia no Teatro Cultura Art\u00edstica\",\"datePublished\":\"2026-04-30T18:33:25+00:00\",\"dateModified\":\"2026-04-30T18:33:28+00:00\",\"mainEntityOfPage\":{\"@id\":\"https:\\\/\\\/angelboss.com.br\\\/2026\\\/04\\\/30\\\/antonio-fagundes-sete-minutos-teatro-cultura-artistica-2026\\\/\"},\"wordCount\":1725,\"commentCount\":0,\"publisher\":{\"@id\":\"https:\\\/\\\/angelboss.com.br\\\/en\\\/#organization\"},\"image\":{\"@id\":\"https:\\\/\\\/angelboss.com.br\\\/2026\\\/04\\\/30\\\/antonio-fagundes-sete-minutos-teatro-cultura-artistica-2026\\\/#primaryimage\"},\"thumbnailUrl\":\"https:\\\/\\\/angelboss.com.br\\\/wp-content\\\/uploads\\\/2026\\\/04\\\/Sete-Minutos-5037-Ronaldo-Gutierrez-scaled.jpg\",\"keywords\":[\"60 anos de carreira\",\"Antonio Fagundes\",\"Sete Minutos\",\"Teatro Cultura Art\u00edstica\"],\"articleSection\":[\"ARTE\",\"Cultura\",\"MAN\"],\"inLanguage\":\"en-US\",\"potentialAction\":[{\"@type\":\"CommentAction\",\"name\":\"Comment\",\"target\":[\"https:\\\/\\\/angelboss.com.br\\\/2026\\\/04\\\/30\\\/antonio-fagundes-sete-minutos-teatro-cultura-artistica-2026\\\/#respond\"]}]},{\"@type\":\"WebPage\",\"@id\":\"https:\\\/\\\/angelboss.com.br\\\/2026\\\/04\\\/30\\\/antonio-fagundes-sete-minutos-teatro-cultura-artistica-2026\\\/\",\"url\":\"https:\\\/\\\/angelboss.com.br\\\/2026\\\/04\\\/30\\\/antonio-fagundes-sete-minutos-teatro-cultura-artistica-2026\\\/\",\"name\":\"Antonio Fagundes Direge Sete Minutos no Teatro Cultura Art\u00edstica\",\"isPartOf\":{\"@id\":\"https:\\\/\\\/angelboss.com.br\\\/en\\\/#website\"},\"primaryImageOfPage\":{\"@id\":\"https:\\\/\\\/angelboss.com.br\\\/2026\\\/04\\\/30\\\/antonio-fagundes-sete-minutos-teatro-cultura-artistica-2026\\\/#primaryimage\"},\"image\":{\"@id\":\"https:\\\/\\\/angelboss.com.br\\\/2026\\\/04\\\/30\\\/antonio-fagundes-sete-minutos-teatro-cultura-artistica-2026\\\/#primaryimage\"},\"thumbnailUrl\":\"https:\\\/\\\/angelboss.com.br\\\/wp-content\\\/uploads\\\/2026\\\/04\\\/Sete-Minutos-5037-Ronaldo-Gutierrez-scaled.jpg\",\"datePublished\":\"2026-04-30T18:33:25+00:00\",\"dateModified\":\"2026-04-30T18:33:28+00:00\",\"description\":\"Antonio Fagundes celebra 60 anos de carreira com a estreia de Sete Minutos no Teatro Cultura Art\u00edstica. Uma com\u00e9dia sobre o teatro e o pacto com o p\u00fablico.\",\"breadcrumb\":{\"@id\":\"https:\\\/\\\/angelboss.com.br\\\/2026\\\/04\\\/30\\\/antonio-fagundes-sete-minutos-teatro-cultura-artistica-2026\\\/#breadcrumb\"},\"inLanguage\":\"en-US\",\"potentialAction\":[{\"@type\":\"ReadAction\",\"target\":[\"https:\\\/\\\/angelboss.com.br\\\/2026\\\/04\\\/30\\\/antonio-fagundes-sete-minutos-teatro-cultura-artistica-2026\\\/\"]}]},{\"@type\":\"ImageObject\",\"inLanguage\":\"en-US\",\"@id\":\"https:\\\/\\\/angelboss.com.br\\\/2026\\\/04\\\/30\\\/antonio-fagundes-sete-minutos-teatro-cultura-artistica-2026\\\/#primaryimage\",\"url\":\"https:\\\/\\\/angelboss.com.br\\\/wp-content\\\/uploads\\\/2026\\\/04\\\/Sete-Minutos-5037-Ronaldo-Gutierrez-scaled.jpg\",\"contentUrl\":\"https:\\\/\\\/angelboss.com.br\\\/wp-content\\\/uploads\\\/2026\\\/04\\\/Sete-Minutos-5037-Ronaldo-Gutierrez-scaled.jpg\",\"width\":2560,\"height\":1707,\"caption\":\"Imagem\\\/Divulga\u00e7\u00e3o\"},{\"@type\":\"BreadcrumbList\",\"@id\":\"https:\\\/\\\/angelboss.com.br\\\/2026\\\/04\\\/30\\\/antonio-fagundes-sete-minutos-teatro-cultura-artistica-2026\\\/#breadcrumb\",\"itemListElement\":[{\"@type\":\"ListItem\",\"position\":1,\"name\":\"In\u00edcio\",\"item\":\"https:\\\/\\\/angelboss.com.br\\\/en\\\/\"},{\"@type\":\"ListItem\",\"position\":2,\"name\":\"Antonio Fagundes celebra 60 anos de carreira e dirige\u00a0Sete Minutos\u00a0&#8211;\u00a0Uma Com\u00e9dia no Tempo Certo, espet\u00e1culo de sua autoria que estreia no Teatro Cultura Art\u00edstica\"}]},{\"@type\":\"WebSite\",\"@id\":\"https:\\\/\\\/angelboss.com.br\\\/en\\\/#website\",\"url\":\"https:\\\/\\\/angelboss.com.br\\\/en\\\/\",\"name\":\"Portal Masculino de Moda, Beleza, Luxo e Business - Angel Boss\",\"description\":\"O Maior Portal sobre Moda, Luxo, Beleza e Business Masculino do Brasil\",\"publisher\":{\"@id\":\"https:\\\/\\\/angelboss.com.br\\\/en\\\/#organization\"},\"alternateName\":\"Maior Portal e Blog de Beleza Masculina e Luxo\",\"potentialAction\":[{\"@type\":\"SearchAction\",\"target\":{\"@type\":\"EntryPoint\",\"urlTemplate\":\"https:\\\/\\\/angelboss.com.br\\\/en\\\/?s={search_term_string}\"},\"query-input\":{\"@type\":\"PropertyValueSpecification\",\"valueRequired\":true,\"valueName\":\"search_term_string\"}}],\"inLanguage\":\"en-US\"},{\"@type\":\"Organization\",\"@id\":\"https:\\\/\\\/angelboss.com.br\\\/en\\\/#organization\",\"name\":\"Portal Masculino de Moda, Beleza, Luxo and Business - Angel Boss\",\"url\":\"https:\\\/\\\/angelboss.com.br\\\/en\\\/\",\"logo\":{\"@type\":\"ImageObject\",\"inLanguage\":\"en-US\",\"@id\":\"https:\\\/\\\/angelboss.com.br\\\/en\\\/#\\\/schema\\\/logo\\\/image\\\/\",\"url\":\"http:\\\/\\\/angelboss.com.br\\\/wp-content\\\/uploads\\\/2025\\\/12\\\/WhatsApp-Image-2025-12-11-at-12.54.26.jpeg\",\"contentUrl\":\"http:\\\/\\\/angelboss.com.br\\\/wp-content\\\/uploads\\\/2025\\\/12\\\/WhatsApp-Image-2025-12-11-at-12.54.26.jpeg\",\"width\":1280,\"height\":1280,\"caption\":\"Portal Masculino de Moda, Beleza, Luxo and Business - Angel Boss\"},\"image\":{\"@id\":\"https:\\\/\\\/angelboss.com.br\\\/en\\\/#\\\/schema\\\/logo\\\/image\\\/\"}},{\"@type\":\"Person\",\"@id\":\"https:\\\/\\\/angelboss.com.br\\\/en\\\/#\\\/schema\\\/person\\\/af084936b46cf2e03f299183e429e350\",\"name\":\"Neto Angel Boss\",\"image\":{\"@type\":\"ImageObject\",\"inLanguage\":\"en-US\",\"@id\":\"https:\\\/\\\/secure.gravatar.com\\\/avatar\\\/dbb38b2050e5181e32afbccf458635967af0767d15abe8168b35ebbd97907289?s=96&d=mm&r=g\",\"url\":\"https:\\\/\\\/secure.gravatar.com\\\/avatar\\\/dbb38b2050e5181e32afbccf458635967af0767d15abe8168b35ebbd97907289?s=96&d=mm&r=g\",\"contentUrl\":\"https:\\\/\\\/secure.gravatar.com\\\/avatar\\\/dbb38b2050e5181e32afbccf458635967af0767d15abe8168b35ebbd97907289?s=96&d=mm&r=g\",\"caption\":\"Neto Angel Boss\"},\"sameAs\":[\"http:\\\/\\\/www.angelboss.com\"],\"url\":\"https:\\\/\\\/angelboss.com.br\\\/en\\\/author\\\/netoangelboss\\\/\"}]}<\/script>\n<!-- \/ Yoast SEO plugin. -->","yoast_head_json":{"title":"Antonio Fagundes Direge Sete Minutos no Teatro Cultura Art\u00edstica","description":"Antonio Fagundes celebra 60 anos de carreira com a estreia de Sete Minutos no Teatro Cultura Art\u00edstica. Uma com\u00e9dia sobre o teatro e o pacto com o p\u00fablico.","robots":{"index":"index","follow":"follow","max-snippet":"max-snippet:-1","max-image-preview":"max-image-preview:large","max-video-preview":"max-video-preview:-1"},"canonical":"https:\/\/angelboss.com.br\/en\/2026\/04\/30\/antonio-fagundes-sete-minutos-teatro-cultura-artistica-2026\/","og_locale":"en_US","og_type":"article","og_title":"Antonio Fagundes Direge Sete Minutos no Teatro Cultura Art\u00edstica","og_description":"Antonio Fagundes celebra 60 anos de carreira com a estreia de Sete Minutos no Teatro Cultura Art\u00edstica. Uma com\u00e9dia sobre o teatro e o pacto com o p\u00fablico.","og_url":"https:\/\/angelboss.com.br\/en\/2026\/04\/30\/antonio-fagundes-sete-minutos-teatro-cultura-artistica-2026\/","og_site_name":"Portal Masculino de Moda, Beleza, Luxo and Business - Angel Boss","article_published_time":"2026-04-30T18:33:25+00:00","article_modified_time":"2026-04-30T18:33:28+00:00","og_image":[{"width":2560,"height":1707,"url":"http:\/\/angelboss.com.br\/wp-content\/uploads\/2026\/04\/Sete-Minutos-5037-Ronaldo-Gutierrez-scaled.jpg","type":"image\/jpeg"}],"author":"Neto Angel Boss","twitter_card":"summary_large_image","twitter_misc":{"Written by":"Neto Angel Boss","Est. reading time":"7 minutes"},"schema":{"@context":"https:\/\/schema.org","@graph":[{"@type":"Article","@id":"https:\/\/angelboss.com.br\/2026\/04\/30\/antonio-fagundes-sete-minutos-teatro-cultura-artistica-2026\/#article","isPartOf":{"@id":"https:\/\/angelboss.com.br\/2026\/04\/30\/antonio-fagundes-sete-minutos-teatro-cultura-artistica-2026\/"},"author":{"name":"Neto Angel Boss","@id":"https:\/\/angelboss.com.br\/en\/#\/schema\/person\/af084936b46cf2e03f299183e429e350"},"headline":"Antonio Fagundes celebra 60 anos de carreira e dirige\u00a0Sete Minutos\u00a0&#8211;\u00a0Uma Com\u00e9dia no Tempo Certo, espet\u00e1culo de sua autoria que estreia no Teatro Cultura Art\u00edstica","datePublished":"2026-04-30T18:33:25+00:00","dateModified":"2026-04-30T18:33:28+00:00","mainEntityOfPage":{"@id":"https:\/\/angelboss.com.br\/2026\/04\/30\/antonio-fagundes-sete-minutos-teatro-cultura-artistica-2026\/"},"wordCount":1725,"commentCount":0,"publisher":{"@id":"https:\/\/angelboss.com.br\/en\/#organization"},"image":{"@id":"https:\/\/angelboss.com.br\/2026\/04\/30\/antonio-fagundes-sete-minutos-teatro-cultura-artistica-2026\/#primaryimage"},"thumbnailUrl":"https:\/\/angelboss.com.br\/wp-content\/uploads\/2026\/04\/Sete-Minutos-5037-Ronaldo-Gutierrez-scaled.jpg","keywords":["60 anos de carreira","Antonio Fagundes","Sete Minutos","Teatro Cultura Art\u00edstica"],"articleSection":["ARTE","Cultura","MAN"],"inLanguage":"en-US","potentialAction":[{"@type":"CommentAction","name":"Comment","target":["https:\/\/angelboss.com.br\/2026\/04\/30\/antonio-fagundes-sete-minutos-teatro-cultura-artistica-2026\/#respond"]}]},{"@type":"WebPage","@id":"https:\/\/angelboss.com.br\/2026\/04\/30\/antonio-fagundes-sete-minutos-teatro-cultura-artistica-2026\/","url":"https:\/\/angelboss.com.br\/2026\/04\/30\/antonio-fagundes-sete-minutos-teatro-cultura-artistica-2026\/","name":"Antonio Fagundes Direge Sete Minutos no Teatro Cultura Art\u00edstica","isPartOf":{"@id":"https:\/\/angelboss.com.br\/en\/#website"},"primaryImageOfPage":{"@id":"https:\/\/angelboss.com.br\/2026\/04\/30\/antonio-fagundes-sete-minutos-teatro-cultura-artistica-2026\/#primaryimage"},"image":{"@id":"https:\/\/angelboss.com.br\/2026\/04\/30\/antonio-fagundes-sete-minutos-teatro-cultura-artistica-2026\/#primaryimage"},"thumbnailUrl":"https:\/\/angelboss.com.br\/wp-content\/uploads\/2026\/04\/Sete-Minutos-5037-Ronaldo-Gutierrez-scaled.jpg","datePublished":"2026-04-30T18:33:25+00:00","dateModified":"2026-04-30T18:33:28+00:00","description":"Antonio Fagundes celebra 60 anos de carreira com a estreia de Sete Minutos no Teatro Cultura Art\u00edstica. Uma com\u00e9dia sobre o teatro e o pacto com o p\u00fablico.","breadcrumb":{"@id":"https:\/\/angelboss.com.br\/2026\/04\/30\/antonio-fagundes-sete-minutos-teatro-cultura-artistica-2026\/#breadcrumb"},"inLanguage":"en-US","potentialAction":[{"@type":"ReadAction","target":["https:\/\/angelboss.com.br\/2026\/04\/30\/antonio-fagundes-sete-minutos-teatro-cultura-artistica-2026\/"]}]},{"@type":"ImageObject","inLanguage":"en-US","@id":"https:\/\/angelboss.com.br\/2026\/04\/30\/antonio-fagundes-sete-minutos-teatro-cultura-artistica-2026\/#primaryimage","url":"https:\/\/angelboss.com.br\/wp-content\/uploads\/2026\/04\/Sete-Minutos-5037-Ronaldo-Gutierrez-scaled.jpg","contentUrl":"https:\/\/angelboss.com.br\/wp-content\/uploads\/2026\/04\/Sete-Minutos-5037-Ronaldo-Gutierrez-scaled.jpg","width":2560,"height":1707,"caption":"Imagem\/Divulga\u00e7\u00e3o"},{"@type":"BreadcrumbList","@id":"https:\/\/angelboss.com.br\/2026\/04\/30\/antonio-fagundes-sete-minutos-teatro-cultura-artistica-2026\/#breadcrumb","itemListElement":[{"@type":"ListItem","position":1,"name":"In\u00edcio","item":"https:\/\/angelboss.com.br\/en\/"},{"@type":"ListItem","position":2,"name":"Antonio Fagundes celebra 60 anos de carreira e dirige\u00a0Sete Minutos\u00a0&#8211;\u00a0Uma Com\u00e9dia no Tempo Certo, espet\u00e1culo de sua autoria que estreia no Teatro Cultura Art\u00edstica"}]},{"@type":"WebSite","@id":"https:\/\/angelboss.com.br\/en\/#website","url":"https:\/\/angelboss.com.br\/en\/","name":"Portal Masculino de Moda, Beleza, Luxo e Business - Angel Boss","description":"O Maior Portal sobre Moda, Luxo, Beleza e Business Masculino do Brasil","publisher":{"@id":"https:\/\/angelboss.com.br\/en\/#organization"},"alternateName":"Maior Portal e Blog de Beleza Masculina e Luxo","potentialAction":[{"@type":"SearchAction","target":{"@type":"EntryPoint","urlTemplate":"https:\/\/angelboss.com.br\/en\/?s={search_term_string}"},"query-input":{"@type":"PropertyValueSpecification","valueRequired":true,"valueName":"search_term_string"}}],"inLanguage":"en-US"},{"@type":"Organization","@id":"https:\/\/angelboss.com.br\/en\/#organization","name":"Portal Masculino de Moda, Beleza, Luxo and Business - Angel Boss","url":"https:\/\/angelboss.com.br\/en\/","logo":{"@type":"ImageObject","inLanguage":"en-US","@id":"https:\/\/angelboss.com.br\/en\/#\/schema\/logo\/image\/","url":"http:\/\/angelboss.com.br\/wp-content\/uploads\/2025\/12\/WhatsApp-Image-2025-12-11-at-12.54.26.jpeg","contentUrl":"http:\/\/angelboss.com.br\/wp-content\/uploads\/2025\/12\/WhatsApp-Image-2025-12-11-at-12.54.26.jpeg","width":1280,"height":1280,"caption":"Portal Masculino de Moda, Beleza, Luxo and Business - Angel Boss"},"image":{"@id":"https:\/\/angelboss.com.br\/en\/#\/schema\/logo\/image\/"}},{"@type":"Person","@id":"https:\/\/angelboss.com.br\/en\/#\/schema\/person\/af084936b46cf2e03f299183e429e350","name":"Neto Angel Boss","image":{"@type":"ImageObject","inLanguage":"en-US","@id":"https:\/\/secure.gravatar.com\/avatar\/dbb38b2050e5181e32afbccf458635967af0767d15abe8168b35ebbd97907289?s=96&d=mm&r=g","url":"https:\/\/secure.gravatar.com\/avatar\/dbb38b2050e5181e32afbccf458635967af0767d15abe8168b35ebbd97907289?s=96&d=mm&r=g","contentUrl":"https:\/\/secure.gravatar.com\/avatar\/dbb38b2050e5181e32afbccf458635967af0767d15abe8168b35ebbd97907289?s=96&d=mm&r=g","caption":"Neto Angel Boss"},"sameAs":["http:\/\/www.angelboss.com"],"url":"https:\/\/angelboss.com.br\/en\/author\/netoangelboss\/"}]}},"amp_enabled":true,"_links":{"self":[{"href":"https:\/\/angelboss.com.br\/en\/wp-json\/wp\/v2\/posts\/20996","targetHints":{"allow":["GET"]}}],"collection":[{"href":"https:\/\/angelboss.com.br\/en\/wp-json\/wp\/v2\/posts"}],"about":[{"href":"https:\/\/angelboss.com.br\/en\/wp-json\/wp\/v2\/types\/post"}],"author":[{"embeddable":true,"href":"https:\/\/angelboss.com.br\/en\/wp-json\/wp\/v2\/users\/2"}],"replies":[{"embeddable":true,"href":"https:\/\/angelboss.com.br\/en\/wp-json\/wp\/v2\/comments?post=20996"}],"version-history":[{"count":1,"href":"https:\/\/angelboss.com.br\/en\/wp-json\/wp\/v2\/posts\/20996\/revisions"}],"predecessor-version":[{"id":21004,"href":"https:\/\/angelboss.com.br\/en\/wp-json\/wp\/v2\/posts\/20996\/revisions\/21004"}],"wp:featuredmedia":[{"embeddable":true,"href":"https:\/\/angelboss.com.br\/en\/wp-json\/wp\/v2\/media\/21000"}],"wp:attachment":[{"href":"https:\/\/angelboss.com.br\/en\/wp-json\/wp\/v2\/media?parent=20996"}],"wp:term":[{"taxonomy":"category","embeddable":true,"href":"https:\/\/angelboss.com.br\/en\/wp-json\/wp\/v2\/categories?post=20996"},{"taxonomy":"post_tag","embeddable":true,"href":"https:\/\/angelboss.com.br\/en\/wp-json\/wp\/v2\/tags?post=20996"}],"curies":[{"name":"wp","href":"https:\/\/api.w.org\/{rel}","templated":true}]}}