{"id":20955,"date":"2026-04-30T17:27:19","date_gmt":"2026-04-30T17:27:19","guid":{"rendered":"https:\/\/angelboss.com.br\/?p=20955"},"modified":"2026-04-30T17:27:21","modified_gmt":"2026-04-30T17:27:21","slug":"terraco-notie-by-priceless-programacao-maio-vinil-2026","status":"publish","type":"post","link":"https:\/\/angelboss.com.br\/en\/2026\/04\/30\/terraco-notie-by-priceless-programacao-maio-vinil-2026\/","title":{"rendered":"Terra\u00e7o Noti\u00ea by Priceless recebe artistas convidados nas sextas-feiras de maio em programa\u00e7\u00e3o especial"},"content":{"rendered":"<p><em>Confira a programa\u00e7\u00e3o&nbsp;deste m\u00eas, que combina discotecagem&nbsp;de&nbsp;vinil, coquetelaria e uma atmosfera&nbsp;especial&nbsp;em&nbsp;noites&nbsp;dedicadas \u00e0 experi\u00eancia sensorial.&nbsp;<\/em><\/p>\n\n\n\n<p>Semanalmente, o&nbsp;&nbsp;<strong>Terra\u00e7o Noti\u00ea&nbsp;by&nbsp;Priceless<\/strong>&nbsp;recebe&nbsp;artistas&nbsp;convidados&nbsp;na Sala&nbsp;de&nbsp;M\u00fasica \u00e0s&nbsp;sextas-feiras, a partir das 19h, que dividem a noite com o curador da casa, Meu Caro Vinho,&nbsp;em&nbsp;sets que combinam personalidade, sonoridades e uma atmosfera envolvente.&nbsp;<\/p>\n\n\n\n<p>Ao longo&nbsp;de&nbsp;maio, a&nbsp;<strong>programa\u00e7\u00e3o<\/strong>&nbsp;segue&nbsp;em&nbsp;movimento com uma curadoria que atravessa diferentes estilos a cada encontro: no dia 1\u00ba, Selecta Brasil; no dia 8, \u00e9 a vez&nbsp;de&nbsp;Rapha Lins; no dia 15, DJ Dani Pimenta comanda a noite; no dia 22, DJ Vini Pimenta; e, encerrando o m\u00eas no dia 29, Pedrosa DJ.&nbsp;<\/p>\n\n\n\n<p>O&nbsp;<strong>Selecta Brasil<\/strong>, convidado&nbsp;desta semana, traz uma sele\u00e7\u00e3o que celebra os grooves da m\u00fasica brasileira e d\u00e1 o tom do per\u00edodo. O projeto \u00e9 assinado pelo DJ, produtor e pesquisador musical Rafael Silva Ribeiro, conhecido como Silva, e&nbsp;nasce&nbsp;de&nbsp;um estudo&nbsp;dedicado a disco, funk e boogie nacional.&nbsp;Em&nbsp;suas apresenta\u00e7\u00f5es, o Rafael transforma esse trabalho&nbsp;de&nbsp;garimpo&nbsp;em&nbsp;sets que conectam passado e presente, com uma leitura vibrante e afetiva da cultura brasileira. Ele tamb\u00e9m j\u00e1 integrou o projeto Arcade Fighters, ao lado&nbsp;de&nbsp;Golden Kong, com lan\u00e7amentos por selos internacionais e faixas utilizadas&nbsp;em&nbsp;campanhas fora do Brasil, que amplia sua atua\u00e7\u00e3o como produtor e refor\u00e7a sua presen\u00e7a na cena musical.<\/p>\n\n\n\n<p>A Sala&nbsp;de&nbsp;M\u00fasica, palco dos encontros, foi concebida para proporcionar uma experi\u00eancia&nbsp;de&nbsp;escuta imersiva e mais pr\u00f3xima do p\u00fablico, inspirada nos listening bars japoneses. Seu sistema sonoro \u00e9 projetado para valorizar a audi\u00e7\u00e3o&nbsp;em&nbsp;alta&nbsp;defini\u00e7\u00e3o e o espa\u00e7o conta ainda com opera\u00e7\u00e3o independente ou integrada ao bar, refor\u00e7ando sua versatilidade&nbsp;dentro do complexo.<\/p>\n\n\n\n<p>Inaugurado&nbsp;em&nbsp;2021 com a proposta&nbsp;de&nbsp;unir gastronomia e programa\u00e7\u00e3o cultural e reinaugurado&nbsp;em&nbsp;junho&nbsp;de&nbsp;2025 sob sua opera\u00e7\u00e3o atual, o Terra\u00e7o Noti\u00ea&nbsp;by&nbsp;Priceless&nbsp;consolida os projetos Abaru e Noti\u00ea&nbsp;by&nbsp;Priceless&nbsp;em&nbsp;uma \u00fanica marca, refor\u00e7ando sua voca\u00e7\u00e3o para experi\u00eancias culturais e sensoriais. O complexo re\u00fane ainda salas com foyer e \u00e1reas integr\u00e1veis que somam 350 m\u00b2, al\u00e9m do Terra\u00e7o Equivalente, tamb\u00e9m com 350 m\u00b2 e vista para o Centro Hist\u00f3rico, incluindo o bar, a Sala&nbsp;de&nbsp;M\u00fasica e o Mirante, todos os espa\u00e7os com possibilidade&nbsp;de&nbsp;opera\u00e7\u00e3o independente ou conectada.<\/p>","protected":false},"excerpt":{"rendered":"<p>Confira a programa\u00e7\u00e3o&nbsp;deste m\u00eas, que combina discotecagem&nbsp;de&nbsp;vinil, coquetelaria e uma atmosfera&nbsp;especial&nbsp;em&nbsp;noites&nbsp;dedicadas \u00e0 experi\u00eancia sensorial.&nbsp; Semanalmente, o&nbsp;&nbsp;Terra\u00e7o Noti\u00ea&nbsp;by&nbsp;Priceless&nbsp;recebe&nbsp;artistas&nbsp;convidados&nbsp;na Sala&nbsp;de&nbsp;M\u00fasica \u00e0s&nbsp;sextas-feiras, a partir das 19h, que dividem a noite com o curador da casa, Meu Caro Vinho,&nbsp;em&nbsp;sets que combinam personalidade, sonoridades e uma atmosfera envolvente.&nbsp; Ao longo&nbsp;de&nbsp;maio, a&nbsp;programa\u00e7\u00e3o&nbsp;segue&nbsp;em&nbsp;movimento com uma curadoria que atravessa diferentes estilos a cada<\/p>","protected":false},"author":2,"featured_media":20956,"comment_status":"open","ping_status":"open","sticky":false,"template":"","format":"standard","meta":{"footnotes":""},"categories":[168],"tags":[3901,434,3628],"class_list":{"0":"post-20955","1":"post","2":"type-post","3":"status-publish","4":"format-standard","5":"has-post-thumbnail","7":"category-eai-bora-nessa","8":"tag-programacao-de-maio","9":"tag-sao-paulo","10":"tag-terraco-notie-by-priceless"},"yoast_head":"<!-- This site is optimized with the Yoast SEO plugin v27.5 - https:\/\/yoast.com\/product\/yoast-seo-wordpress\/ -->\n<title>Terra\u00e7o Noti\u00ea by Priceless: Programa\u00e7\u00e3o de Maio\/Experi\u00eancia Vinil<\/title>\n<meta name=\"description\" content=\"Confira a programa\u00e7\u00e3o de maio do Terra\u00e7o Noti\u00ea by Priceless. Noites de vinil na Sala de M\u00fasica com Selecta Brasil, Dani Pimenta e mais em S\u00e3o Paulo.\" \/>\n<meta name=\"robots\" content=\"index, follow, max-snippet:-1, max-image-preview:large, max-video-preview:-1\" \/>\n<link rel=\"canonical\" href=\"https:\/\/angelboss.com.br\/en\/2026\/04\/30\/terraco-notie-by-priceless-programacao-maio-vinil-2026\/\" \/>\n<meta property=\"og:locale\" content=\"en_US\" \/>\n<meta property=\"og:type\" content=\"article\" \/>\n<meta property=\"og:title\" content=\"Terra\u00e7o Noti\u00ea by Priceless: Programa\u00e7\u00e3o de Maio\/Experi\u00eancia Vinil\" \/>\n<meta property=\"og:description\" content=\"Confira a programa\u00e7\u00e3o de maio do Terra\u00e7o Noti\u00ea by Priceless. Noites de vinil na Sala de M\u00fasica com Selecta Brasil, Dani Pimenta e mais em S\u00e3o Paulo.\" \/>\n<meta property=\"og:url\" content=\"https:\/\/angelboss.com.br\/en\/2026\/04\/30\/terraco-notie-by-priceless-programacao-maio-vinil-2026\/\" \/>\n<meta property=\"og:site_name\" content=\"Portal Masculino de Moda, Beleza, Luxo and Business - Angel Boss\" \/>\n<meta property=\"article:published_time\" content=\"2026-04-30T17:27:19+00:00\" \/>\n<meta property=\"article:modified_time\" content=\"2026-04-30T17:27:21+00:00\" \/>\n<meta property=\"og:image\" content=\"http:\/\/angelboss.com.br\/wp-content\/uploads\/2026\/04\/efd1b978-5360-41ad-bdb1-52dcb0bc6b9e.png\" \/>\n\t<meta property=\"og:image:width\" content=\"1080\" \/>\n\t<meta property=\"og:image:height\" content=\"1440\" \/>\n\t<meta property=\"og:image:type\" content=\"image\/png\" \/>\n<meta name=\"author\" content=\"Neto Angel Boss\" \/>\n<meta name=\"twitter:card\" content=\"summary_large_image\" \/>\n<meta name=\"twitter:label1\" content=\"Written by\" \/>\n\t<meta name=\"twitter:data1\" content=\"Neto Angel Boss\" \/>\n\t<meta name=\"twitter:label2\" content=\"Est. reading time\" \/>\n\t<meta name=\"twitter:data2\" content=\"3 minutes\" \/>\n<script type=\"application\/ld+json\" class=\"yoast-schema-graph\">{\"@context\":\"https:\\\/\\\/schema.org\",\"@graph\":[{\"@type\":\"Article\",\"@id\":\"https:\\\/\\\/angelboss.com.br\\\/2026\\\/04\\\/30\\\/terraco-notie-by-priceless-programacao-maio-vinil-2026\\\/#article\",\"isPartOf\":{\"@id\":\"https:\\\/\\\/angelboss.com.br\\\/2026\\\/04\\\/30\\\/terraco-notie-by-priceless-programacao-maio-vinil-2026\\\/\"},\"author\":{\"name\":\"Neto Angel Boss\",\"@id\":\"https:\\\/\\\/angelboss.com.br\\\/en\\\/#\\\/schema\\\/person\\\/af084936b46cf2e03f299183e429e350\"},\"headline\":\"Terra\u00e7o Noti\u00ea by Priceless recebe artistas convidados nas sextas-feiras de maio em programa\u00e7\u00e3o especial\",\"datePublished\":\"2026-04-30T17:27:19+00:00\",\"dateModified\":\"2026-04-30T17:27:21+00:00\",\"mainEntityOfPage\":{\"@id\":\"https:\\\/\\\/angelboss.com.br\\\/2026\\\/04\\\/30\\\/terraco-notie-by-priceless-programacao-maio-vinil-2026\\\/\"},\"wordCount\":502,\"commentCount\":0,\"publisher\":{\"@id\":\"https:\\\/\\\/angelboss.com.br\\\/en\\\/#organization\"},\"image\":{\"@id\":\"https:\\\/\\\/angelboss.com.br\\\/2026\\\/04\\\/30\\\/terraco-notie-by-priceless-programacao-maio-vinil-2026\\\/#primaryimage\"},\"thumbnailUrl\":\"https:\\\/\\\/angelboss.com.br\\\/wp-content\\\/uploads\\\/2026\\\/04\\\/efd1b978-5360-41ad-bdb1-52dcb0bc6b9e.png\",\"keywords\":[\"Programa\u00e7\u00e3o de Maio\",\"s\u00e3o paulo\",\"Terra\u00e7o Noti\u00ea by Priceless\"],\"articleSection\":[\"EA\u00cd, BORA NESSA?\"],\"inLanguage\":\"en-US\",\"potentialAction\":[{\"@type\":\"CommentAction\",\"name\":\"Comment\",\"target\":[\"https:\\\/\\\/angelboss.com.br\\\/2026\\\/04\\\/30\\\/terraco-notie-by-priceless-programacao-maio-vinil-2026\\\/#respond\"]}]},{\"@type\":\"WebPage\",\"@id\":\"https:\\\/\\\/angelboss.com.br\\\/2026\\\/04\\\/30\\\/terraco-notie-by-priceless-programacao-maio-vinil-2026\\\/\",\"url\":\"https:\\\/\\\/angelboss.com.br\\\/2026\\\/04\\\/30\\\/terraco-notie-by-priceless-programacao-maio-vinil-2026\\\/\",\"name\":\"Terra\u00e7o Noti\u00ea by Priceless: Programa\u00e7\u00e3o de Maio\\\/Experi\u00eancia Vinil\",\"isPartOf\":{\"@id\":\"https:\\\/\\\/angelboss.com.br\\\/en\\\/#website\"},\"primaryImageOfPage\":{\"@id\":\"https:\\\/\\\/angelboss.com.br\\\/2026\\\/04\\\/30\\\/terraco-notie-by-priceless-programacao-maio-vinil-2026\\\/#primaryimage\"},\"image\":{\"@id\":\"https:\\\/\\\/angelboss.com.br\\\/2026\\\/04\\\/30\\\/terraco-notie-by-priceless-programacao-maio-vinil-2026\\\/#primaryimage\"},\"thumbnailUrl\":\"https:\\\/\\\/angelboss.com.br\\\/wp-content\\\/uploads\\\/2026\\\/04\\\/efd1b978-5360-41ad-bdb1-52dcb0bc6b9e.png\",\"datePublished\":\"2026-04-30T17:27:19+00:00\",\"dateModified\":\"2026-04-30T17:27:21+00:00\",\"description\":\"Confira a programa\u00e7\u00e3o de maio do Terra\u00e7o Noti\u00ea by Priceless. Noites de vinil na Sala de M\u00fasica com Selecta Brasil, Dani Pimenta e mais em S\u00e3o Paulo.\",\"breadcrumb\":{\"@id\":\"https:\\\/\\\/angelboss.com.br\\\/2026\\\/04\\\/30\\\/terraco-notie-by-priceless-programacao-maio-vinil-2026\\\/#breadcrumb\"},\"inLanguage\":\"en-US\",\"potentialAction\":[{\"@type\":\"ReadAction\",\"target\":[\"https:\\\/\\\/angelboss.com.br\\\/2026\\\/04\\\/30\\\/terraco-notie-by-priceless-programacao-maio-vinil-2026\\\/\"]}]},{\"@type\":\"ImageObject\",\"inLanguage\":\"en-US\",\"@id\":\"https:\\\/\\\/angelboss.com.br\\\/2026\\\/04\\\/30\\\/terraco-notie-by-priceless-programacao-maio-vinil-2026\\\/#primaryimage\",\"url\":\"https:\\\/\\\/angelboss.com.br\\\/wp-content\\\/uploads\\\/2026\\\/04\\\/efd1b978-5360-41ad-bdb1-52dcb0bc6b9e.png\",\"contentUrl\":\"https:\\\/\\\/angelboss.com.br\\\/wp-content\\\/uploads\\\/2026\\\/04\\\/efd1b978-5360-41ad-bdb1-52dcb0bc6b9e.png\",\"width\":1080,\"height\":1440,\"caption\":\"Imagem\\\/Divulga\u00e7\u00e3o\"},{\"@type\":\"BreadcrumbList\",\"@id\":\"https:\\\/\\\/angelboss.com.br\\\/2026\\\/04\\\/30\\\/terraco-notie-by-priceless-programacao-maio-vinil-2026\\\/#breadcrumb\",\"itemListElement\":[{\"@type\":\"ListItem\",\"position\":1,\"name\":\"In\u00edcio\",\"item\":\"https:\\\/\\\/angelboss.com.br\\\/en\\\/\"},{\"@type\":\"ListItem\",\"position\":2,\"name\":\"Terra\u00e7o Noti\u00ea by Priceless recebe artistas convidados nas sextas-feiras de maio em programa\u00e7\u00e3o especial\"}]},{\"@type\":\"WebSite\",\"@id\":\"https:\\\/\\\/angelboss.com.br\\\/en\\\/#website\",\"url\":\"https:\\\/\\\/angelboss.com.br\\\/en\\\/\",\"name\":\"Portal Masculino de Moda, Beleza, Luxo e Business - Angel Boss\",\"description\":\"O Maior Portal sobre Moda, Luxo, Beleza e Business Masculino do Brasil\",\"publisher\":{\"@id\":\"https:\\\/\\\/angelboss.com.br\\\/en\\\/#organization\"},\"alternateName\":\"Maior Portal e Blog de Beleza Masculina e Luxo\",\"potentialAction\":[{\"@type\":\"SearchAction\",\"target\":{\"@type\":\"EntryPoint\",\"urlTemplate\":\"https:\\\/\\\/angelboss.com.br\\\/en\\\/?s={search_term_string}\"},\"query-input\":{\"@type\":\"PropertyValueSpecification\",\"valueRequired\":true,\"valueName\":\"search_term_string\"}}],\"inLanguage\":\"en-US\"},{\"@type\":\"Organization\",\"@id\":\"https:\\\/\\\/angelboss.com.br\\\/en\\\/#organization\",\"name\":\"Portal Masculino de Moda, Beleza, Luxo and Business - Angel Boss\",\"url\":\"https:\\\/\\\/angelboss.com.br\\\/en\\\/\",\"logo\":{\"@type\":\"ImageObject\",\"inLanguage\":\"en-US\",\"@id\":\"https:\\\/\\\/angelboss.com.br\\\/en\\\/#\\\/schema\\\/logo\\\/image\\\/\",\"url\":\"http:\\\/\\\/angelboss.com.br\\\/wp-content\\\/uploads\\\/2025\\\/12\\\/WhatsApp-Image-2025-12-11-at-12.54.26.jpeg\",\"contentUrl\":\"http:\\\/\\\/angelboss.com.br\\\/wp-content\\\/uploads\\\/2025\\\/12\\\/WhatsApp-Image-2025-12-11-at-12.54.26.jpeg\",\"width\":1280,\"height\":1280,\"caption\":\"Portal Masculino de Moda, Beleza, Luxo and Business - Angel Boss\"},\"image\":{\"@id\":\"https:\\\/\\\/angelboss.com.br\\\/en\\\/#\\\/schema\\\/logo\\\/image\\\/\"}},{\"@type\":\"Person\",\"@id\":\"https:\\\/\\\/angelboss.com.br\\\/en\\\/#\\\/schema\\\/person\\\/af084936b46cf2e03f299183e429e350\",\"name\":\"Neto Angel Boss\",\"image\":{\"@type\":\"ImageObject\",\"inLanguage\":\"en-US\",\"@id\":\"https:\\\/\\\/secure.gravatar.com\\\/avatar\\\/dbb38b2050e5181e32afbccf458635967af0767d15abe8168b35ebbd97907289?s=96&d=mm&r=g\",\"url\":\"https:\\\/\\\/secure.gravatar.com\\\/avatar\\\/dbb38b2050e5181e32afbccf458635967af0767d15abe8168b35ebbd97907289?s=96&d=mm&r=g\",\"contentUrl\":\"https:\\\/\\\/secure.gravatar.com\\\/avatar\\\/dbb38b2050e5181e32afbccf458635967af0767d15abe8168b35ebbd97907289?s=96&d=mm&r=g\",\"caption\":\"Neto Angel Boss\"},\"sameAs\":[\"http:\\\/\\\/www.angelboss.com\"],\"url\":\"https:\\\/\\\/angelboss.com.br\\\/en\\\/author\\\/netoangelboss\\\/\"}]}<\/script>\n<!-- \/ Yoast SEO plugin. -->","yoast_head_json":{"title":"Terra\u00e7o Noti\u00ea by Priceless: Programa\u00e7\u00e3o de Maio\/Experi\u00eancia Vinil","description":"Confira a programa\u00e7\u00e3o de maio do Terra\u00e7o Noti\u00ea by Priceless. Noites de vinil na Sala de M\u00fasica com Selecta Brasil, Dani Pimenta e mais em S\u00e3o Paulo.","robots":{"index":"index","follow":"follow","max-snippet":"max-snippet:-1","max-image-preview":"max-image-preview:large","max-video-preview":"max-video-preview:-1"},"canonical":"https:\/\/angelboss.com.br\/en\/2026\/04\/30\/terraco-notie-by-priceless-programacao-maio-vinil-2026\/","og_locale":"en_US","og_type":"article","og_title":"Terra\u00e7o Noti\u00ea by Priceless: Programa\u00e7\u00e3o de Maio\/Experi\u00eancia Vinil","og_description":"Confira a programa\u00e7\u00e3o de maio do Terra\u00e7o Noti\u00ea by Priceless. Noites de vinil na Sala de M\u00fasica com Selecta Brasil, Dani Pimenta e mais em S\u00e3o Paulo.","og_url":"https:\/\/angelboss.com.br\/en\/2026\/04\/30\/terraco-notie-by-priceless-programacao-maio-vinil-2026\/","og_site_name":"Portal Masculino de Moda, Beleza, Luxo and Business - Angel Boss","article_published_time":"2026-04-30T17:27:19+00:00","article_modified_time":"2026-04-30T17:27:21+00:00","og_image":[{"width":1080,"height":1440,"url":"http:\/\/angelboss.com.br\/wp-content\/uploads\/2026\/04\/efd1b978-5360-41ad-bdb1-52dcb0bc6b9e.png","type":"image\/png"}],"author":"Neto Angel Boss","twitter_card":"summary_large_image","twitter_misc":{"Written by":"Neto Angel Boss","Est. reading time":"3 minutes"},"schema":{"@context":"https:\/\/schema.org","@graph":[{"@type":"Article","@id":"https:\/\/angelboss.com.br\/2026\/04\/30\/terraco-notie-by-priceless-programacao-maio-vinil-2026\/#article","isPartOf":{"@id":"https:\/\/angelboss.com.br\/2026\/04\/30\/terraco-notie-by-priceless-programacao-maio-vinil-2026\/"},"author":{"name":"Neto Angel Boss","@id":"https:\/\/angelboss.com.br\/en\/#\/schema\/person\/af084936b46cf2e03f299183e429e350"},"headline":"Terra\u00e7o Noti\u00ea by Priceless recebe artistas convidados nas sextas-feiras de maio em programa\u00e7\u00e3o especial","datePublished":"2026-04-30T17:27:19+00:00","dateModified":"2026-04-30T17:27:21+00:00","mainEntityOfPage":{"@id":"https:\/\/angelboss.com.br\/2026\/04\/30\/terraco-notie-by-priceless-programacao-maio-vinil-2026\/"},"wordCount":502,"commentCount":0,"publisher":{"@id":"https:\/\/angelboss.com.br\/en\/#organization"},"image":{"@id":"https:\/\/angelboss.com.br\/2026\/04\/30\/terraco-notie-by-priceless-programacao-maio-vinil-2026\/#primaryimage"},"thumbnailUrl":"https:\/\/angelboss.com.br\/wp-content\/uploads\/2026\/04\/efd1b978-5360-41ad-bdb1-52dcb0bc6b9e.png","keywords":["Programa\u00e7\u00e3o de Maio","s\u00e3o paulo","Terra\u00e7o Noti\u00ea by Priceless"],"articleSection":["EA\u00cd, BORA NESSA?"],"inLanguage":"en-US","potentialAction":[{"@type":"CommentAction","name":"Comment","target":["https:\/\/angelboss.com.br\/2026\/04\/30\/terraco-notie-by-priceless-programacao-maio-vinil-2026\/#respond"]}]},{"@type":"WebPage","@id":"https:\/\/angelboss.com.br\/2026\/04\/30\/terraco-notie-by-priceless-programacao-maio-vinil-2026\/","url":"https:\/\/angelboss.com.br\/2026\/04\/30\/terraco-notie-by-priceless-programacao-maio-vinil-2026\/","name":"Terra\u00e7o Noti\u00ea by Priceless: Programa\u00e7\u00e3o de Maio\/Experi\u00eancia Vinil","isPartOf":{"@id":"https:\/\/angelboss.com.br\/en\/#website"},"primaryImageOfPage":{"@id":"https:\/\/angelboss.com.br\/2026\/04\/30\/terraco-notie-by-priceless-programacao-maio-vinil-2026\/#primaryimage"},"image":{"@id":"https:\/\/angelboss.com.br\/2026\/04\/30\/terraco-notie-by-priceless-programacao-maio-vinil-2026\/#primaryimage"},"thumbnailUrl":"https:\/\/angelboss.com.br\/wp-content\/uploads\/2026\/04\/efd1b978-5360-41ad-bdb1-52dcb0bc6b9e.png","datePublished":"2026-04-30T17:27:19+00:00","dateModified":"2026-04-30T17:27:21+00:00","description":"Confira a programa\u00e7\u00e3o de maio do Terra\u00e7o Noti\u00ea by Priceless. Noites de vinil na Sala de M\u00fasica com Selecta Brasil, Dani Pimenta e mais em S\u00e3o Paulo.","breadcrumb":{"@id":"https:\/\/angelboss.com.br\/2026\/04\/30\/terraco-notie-by-priceless-programacao-maio-vinil-2026\/#breadcrumb"},"inLanguage":"en-US","potentialAction":[{"@type":"ReadAction","target":["https:\/\/angelboss.com.br\/2026\/04\/30\/terraco-notie-by-priceless-programacao-maio-vinil-2026\/"]}]},{"@type":"ImageObject","inLanguage":"en-US","@id":"https:\/\/angelboss.com.br\/2026\/04\/30\/terraco-notie-by-priceless-programacao-maio-vinil-2026\/#primaryimage","url":"https:\/\/angelboss.com.br\/wp-content\/uploads\/2026\/04\/efd1b978-5360-41ad-bdb1-52dcb0bc6b9e.png","contentUrl":"https:\/\/angelboss.com.br\/wp-content\/uploads\/2026\/04\/efd1b978-5360-41ad-bdb1-52dcb0bc6b9e.png","width":1080,"height":1440,"caption":"Imagem\/Divulga\u00e7\u00e3o"},{"@type":"BreadcrumbList","@id":"https:\/\/angelboss.com.br\/2026\/04\/30\/terraco-notie-by-priceless-programacao-maio-vinil-2026\/#breadcrumb","itemListElement":[{"@type":"ListItem","position":1,"name":"In\u00edcio","item":"https:\/\/angelboss.com.br\/en\/"},{"@type":"ListItem","position":2,"name":"Terra\u00e7o Noti\u00ea by Priceless recebe artistas convidados nas sextas-feiras de maio em programa\u00e7\u00e3o especial"}]},{"@type":"WebSite","@id":"https:\/\/angelboss.com.br\/en\/#website","url":"https:\/\/angelboss.com.br\/en\/","name":"Portal Masculino de Moda, Beleza, Luxo e Business - Angel Boss","description":"O Maior Portal sobre Moda, Luxo, Beleza e Business Masculino do Brasil","publisher":{"@id":"https:\/\/angelboss.com.br\/en\/#organization"},"alternateName":"Maior Portal e Blog de Beleza Masculina e Luxo","potentialAction":[{"@type":"SearchAction","target":{"@type":"EntryPoint","urlTemplate":"https:\/\/angelboss.com.br\/en\/?s={search_term_string}"},"query-input":{"@type":"PropertyValueSpecification","valueRequired":true,"valueName":"search_term_string"}}],"inLanguage":"en-US"},{"@type":"Organization","@id":"https:\/\/angelboss.com.br\/en\/#organization","name":"Portal Masculino de Moda, Beleza, Luxo and Business - Angel Boss","url":"https:\/\/angelboss.com.br\/en\/","logo":{"@type":"ImageObject","inLanguage":"en-US","@id":"https:\/\/angelboss.com.br\/en\/#\/schema\/logo\/image\/","url":"http:\/\/angelboss.com.br\/wp-content\/uploads\/2025\/12\/WhatsApp-Image-2025-12-11-at-12.54.26.jpeg","contentUrl":"http:\/\/angelboss.com.br\/wp-content\/uploads\/2025\/12\/WhatsApp-Image-2025-12-11-at-12.54.26.jpeg","width":1280,"height":1280,"caption":"Portal Masculino de Moda, Beleza, Luxo and Business - Angel Boss"},"image":{"@id":"https:\/\/angelboss.com.br\/en\/#\/schema\/logo\/image\/"}},{"@type":"Person","@id":"https:\/\/angelboss.com.br\/en\/#\/schema\/person\/af084936b46cf2e03f299183e429e350","name":"Neto Angel Boss","image":{"@type":"ImageObject","inLanguage":"en-US","@id":"https:\/\/secure.gravatar.com\/avatar\/dbb38b2050e5181e32afbccf458635967af0767d15abe8168b35ebbd97907289?s=96&d=mm&r=g","url":"https:\/\/secure.gravatar.com\/avatar\/dbb38b2050e5181e32afbccf458635967af0767d15abe8168b35ebbd97907289?s=96&d=mm&r=g","contentUrl":"https:\/\/secure.gravatar.com\/avatar\/dbb38b2050e5181e32afbccf458635967af0767d15abe8168b35ebbd97907289?s=96&d=mm&r=g","caption":"Neto Angel Boss"},"sameAs":["http:\/\/www.angelboss.com"],"url":"https:\/\/angelboss.com.br\/en\/author\/netoangelboss\/"}]}},"amp_enabled":true,"_links":{"self":[{"href":"https:\/\/angelboss.com.br\/en\/wp-json\/wp\/v2\/posts\/20955","targetHints":{"allow":["GET"]}}],"collection":[{"href":"https:\/\/angelboss.com.br\/en\/wp-json\/wp\/v2\/posts"}],"about":[{"href":"https:\/\/angelboss.com.br\/en\/wp-json\/wp\/v2\/types\/post"}],"author":[{"embeddable":true,"href":"https:\/\/angelboss.com.br\/en\/wp-json\/wp\/v2\/users\/2"}],"replies":[{"embeddable":true,"href":"https:\/\/angelboss.com.br\/en\/wp-json\/wp\/v2\/comments?post=20955"}],"version-history":[{"count":1,"href":"https:\/\/angelboss.com.br\/en\/wp-json\/wp\/v2\/posts\/20955\/revisions"}],"predecessor-version":[{"id":20958,"href":"https:\/\/angelboss.com.br\/en\/wp-json\/wp\/v2\/posts\/20955\/revisions\/20958"}],"wp:featuredmedia":[{"embeddable":true,"href":"https:\/\/angelboss.com.br\/en\/wp-json\/wp\/v2\/media\/20956"}],"wp:attachment":[{"href":"https:\/\/angelboss.com.br\/en\/wp-json\/wp\/v2\/media?parent=20955"}],"wp:term":[{"taxonomy":"category","embeddable":true,"href":"https:\/\/angelboss.com.br\/en\/wp-json\/wp\/v2\/categories?post=20955"},{"taxonomy":"post_tag","embeddable":true,"href":"https:\/\/angelboss.com.br\/en\/wp-json\/wp\/v2\/tags?post=20955"}],"curies":[{"name":"wp","href":"https:\/\/api.w.org\/{rel}","templated":true}]}}