{"id":20930,"date":"2026-04-30T00:00:00","date_gmt":"2026-04-30T00:00:00","guid":{"rendered":"https:\/\/angelboss.com.br\/2026\/04\/30\/315294-filme-revela-apagamento-da-memoria-negra-nas-igrejas\/"},"modified":"2026-04-30T00:00:00","modified_gmt":"2026-04-30T00:00:00","slug":"315294-filme-revela-apagamento-da-memoria-negra-nas-igrejas","status":"publish","type":"post","link":"https:\/\/angelboss.com.br\/en\/2026\/04\/30\/315294-filme-revela-apagamento-da-memoria-negra-nas-igrejas\/","title":{"rendered":"Filme revela apagamento da mem\u00f3ria negra nas igrejas"},"content":{"rendered":"<p>A mem\u00f3ria de personagens negros que marcaram a hist\u00f3ria do Brasil ainda enfrenta lacunas significativas, sobretudo em registros documentais. Em diferentes \u00e1reas, inclusive no campo religioso, essas aus\u00eancias revelam como trajet\u00f3rias importantes foram ignoradas ao longo do tempo.<\/p>\n<p>A chegada do filme document\u00e1rio <strong><em>Esquecendo Flora<\/em><\/strong> \u00e0s plataformas digitais insere no debate p\u00fablico uma quest\u00e3o historicamente negligenciada: o apagamento da mem\u00f3ria negra nas institui\u00e7\u00f5es religiosas no Brasil.<\/p>\n<p>A obra, dirigida pelo diretor paulista Beto Oliveira, articula pesquisa hist\u00f3rica e linguagem audiovisual para examinar como o racismo estrutural se consolidou tamb\u00e9m no ambiente das igrejas protestantes, especialmente no interior de S\u00e3o Paulo.<\/p>\n<p><strong>&quot;Esquecendo Flora&quot;<\/strong> investiga a trajet\u00f3ria de Flora Maria Blumer de Toledo, mulher negra que viveu cerca de cinco d\u00e9cadas sob escravid\u00e3o no s\u00e9culo XIX e, posteriormente, conquistou sua alforria. Apontada como a primeira mulher negra admitida em uma igreja protestante no pa\u00eds, sua hist\u00f3ria permanece ausente dos registros oficiais mais difundidos.<\/p>\n<p>A escassez documental n\u00e3o \u00e9 epis\u00f3dica. <a rel=\"follow\" href=\"https:\/\/www.scielo.br\/j\/his\/a\/wZyFb6PJsTfCvxkfpwyF8qD\">Pesquisas<\/a> sobre registros criminais e escravid\u00e3o no Brasil Imperial indicam que pessoas negras, durante o per\u00edodo escravocrata, eram frequentemente registradas em documentos produzidos por institui\u00e7\u00f5es de controle, como arquivos policiais e judiciais. Esse padr\u00e3o \u00e9 frequentemente associado ao que pesquisadores classificam como <a rel=\"follow\" href=\"https:\/\/veja.abril.com.br\/coluna\/matheus-leitao\/o-esquecimento-e-a-memoria-apagada-sobre-a-formacao-do-brasil\/\">apagamento<\/a> da mem\u00f3ria na forma\u00e7\u00e3o hist\u00f3rica do Brasil.<\/p>\n<p>&quot;O que representa mais um daqueles sil\u00eancios estruturais da hist\u00f3ria nacional, e a prova fria e injusta de que o racismo estrutural hist\u00f3rico existe e tamb\u00e9m est\u00e1 ativamente presente nas institui\u00e7\u00f5es religiosas de forma sofisticada e sutil&quot;, destaca o diretor do filme.<\/p>\n<p>A produ\u00e7\u00e3o do document\u00e1rio envolveu quatro anos de investiga\u00e7\u00e3o em arquivos institucionais e documentos judiciais. Segundo o diretor Beto Oliveira, a an\u00e1lise desses materiais evidenciou a profundidade das estruturas de desigualdade racial no interior de S\u00e3o Paulo.<\/p>\n<p>O longa aborda a identidade racista e colonial de uma regi\u00e3o classificada por historiadores como Mississipi Paulista. Contextualizando a presen\u00e7a de colonos norte-americanos no interior de S\u00e3o Paulo ap\u00f3s a Guerra de Secess\u00e3o (1861\u20131865), como agentes de um sistema escravagista peculiar. A <a rel=\"follow\" href=\"https:\/\/brasilescola.uol.com.br\/historiag\/guerra-secessao.htm\">migra\u00e7\u00e3o<\/a> de confederados ap\u00f3s a guerra civil americana indica que, ap\u00f3s a derrota no conflito, grupos ligados ao sul dos Estados Unidos buscaram se estabelecer em pa\u00edses onde a escravid\u00e3o ainda era permitida, como o Brasil.<\/p>\n<p>Diante da fragmenta\u00e7\u00e3o dos registros, o document\u00e1rio adota uma abordagem que combina depoimentos, performances e an\u00e1lises de especialistas para reconstruir uma mem\u00f3ria poss\u00edvel. A estrat\u00e9gia narrativa dialoga com conceitos contempor\u00e2neos do jornalismo interpretativo, ao reconhecer os limites da documenta\u00e7\u00e3o hist\u00f3rica e propor leituras cr\u00edticas sobre o passado.<\/p>\n<p>&quot;A voz silenciada de Flora ecoa atrav\u00e9s de sons prof\u00e9ticos de in\u00fameras mulheres negras, te\u00f3logas e leigas, que ao longo dos \u00faltimos 30 anos t\u00eam sido lan\u00e7adas ao ostracismo, \u00e0 invisibilidade e ao desamparo social pela institucionalidade das igrejas protestantes&quot;, disse Vanessa Barboza, coordenadora da Rede de Mulheres Negras Evang\u00e9licas, e ativista na ONG Casa Galil\u00e9ia ao <a rel=\"follow\" href=\"https:\/\/www.cartacapital.com.br\/blogs\/dialogos-da-fe\/a-memoria-viva-das-mulheres-negras-evangelicas-resiste\/\">Carta Capital<\/a> sobre o filme.<\/p>\n<p>O filme re\u00fane entrevistas com: Alexandra Lohas, Adelino Ademir Jos\u00e9, Antonio Filog\u00eanio Junior, Carlos Carvalho Cavalheiro, Giovanna Fenili Calabria, Joana D\u00b4arc Oliveira, entre outros, contribuindo para a an\u00e1lise dos processos sociais que levaram ao apagamento da presen\u00e7a negra na hist\u00f3ria oficial, incluindo as igrejas.<\/p>\n<p>O filme j\u00e1 foi selecionado oficialmente para o Encontro de Cinema Negro Z\u00f3zimo Bulbul em 2023 no Rio de Janeiro e para o Festival Jackson Lane Doc, em Tennessee, EUA, e teve exibi\u00e7\u00f5es importantes nas capitais de S\u00e3o Paulo, Bras\u00edlia e Rio de Janeiro.<\/p>\n<p>&quot;Sendo mulher, Flora tem uma hist\u00f3ria de resist\u00eancia pol\u00edtica e de g\u00eanero que n\u00f3s consideramos importante que seja retratada atrav\u00e9s desse document\u00e1rio&quot;, afirmou Rose Soares, do Movimento Pretas da <a rel=\"follow\" href=\"https:\/\/www.al.sp.gov.br\/noticia\/?id=475584\">Alesp<\/a>, na exibi\u00e7\u00e3o do filme na Assembleia Legislativa do Estado de S\u00e3o Paulo.<\/p>\n<p>A dire\u00e7\u00e3o de produ\u00e7\u00e3o de Esquecendo Flora \u00e9 assinada por Beatriz Ferraz, que reflete sobre a import\u00e2ncia de desenvolver um olhar cr\u00edtico sobre a hist\u00f3ria. &quot;Olhar para o nosso passado e fazer conex\u00f5es com o presente \u00e9 essencial para realmente podermos dizer que estamos comprometidos com um futuro antirracista&quot;, diz a produtora.<\/p>\n<p>O filme se encontra dispon\u00edvel nos streamings BoxBrazil Play, Amazon Prime, e Claro TV.<\/p>\n<p><img src='https:\/\/api.dino.com.br\/v2\/news\/tr\/315294?partnerId=4593' alt=\"\" style=\"border:0px;width:1px;height:1px;\" \/><\/p>","protected":false},"excerpt":{"rendered":"<p>\u201cEsquecendo Flora\u201d, filme document\u00e1rio sobre primeira mulher negra a ser admitida em igreja protestante no Brasil estreia no streaming e revela hist\u00f3rias apagadas que ainda moldam o presente do racismo estrutural no Brasil.<\/p>","protected":false},"author":3,"featured_media":20931,"comment_status":"open","ping_status":"open","sticky":false,"template":"","format":"standard","meta":{"footnotes":""},"categories":[315],"tags":[349,358,337,369,351],"class_list":{"0":"post-20930","1":"post","2":"type-post","3":"status-publish","4":"format-standard","5":"has-post-thumbnail","7":"category-noticias-corporativas-dino","8":"tag-arte","9":"tag-educacao","10":"tag-entretenimento","11":"tag-politicas","12":"tag-sociedade"},"yoast_head":"<!-- This site is optimized with the Yoast SEO plugin v27.5 - https:\/\/yoast.com\/product\/yoast-seo-wordpress\/ -->\n<title>Filme revela apagamento da mem\u00f3ria negra nas igrejas - Portal Masculino de Moda, Beleza, Luxo and Business - Angel Boss<\/title>\n<meta name=\"robots\" content=\"index, follow, max-snippet:-1, max-image-preview:large, max-video-preview:-1\" \/>\n<link rel=\"canonical\" href=\"https:\/\/angelboss.com.br\/en\/2026\/04\/30\/315294-filme-revela-apagamento-da-memoria-negra-nas-igrejas\/\" \/>\n<meta property=\"og:locale\" content=\"en_US\" \/>\n<meta property=\"og:type\" content=\"article\" \/>\n<meta property=\"og:title\" content=\"Filme revela apagamento da mem\u00f3ria negra nas igrejas - Portal Masculino de Moda, Beleza, Luxo and Business - Angel Boss\" \/>\n<meta property=\"og:description\" content=\"\u201cEsquecendo Flora\u201d, filme document\u00e1rio sobre primeira mulher negra a ser admitida em igreja protestante no Brasil estreia no streaming e revela hist\u00f3rias apagadas que ainda moldam o presente do racismo estrutural no Brasil.\" \/>\n<meta property=\"og:url\" content=\"https:\/\/angelboss.com.br\/en\/2026\/04\/30\/315294-filme-revela-apagamento-da-memoria-negra-nas-igrejas\/\" \/>\n<meta property=\"og:site_name\" content=\"Portal Masculino de Moda, Beleza, Luxo and Business - Angel Boss\" \/>\n<meta property=\"article:published_time\" content=\"2026-04-30T00:00:00+00:00\" \/>\n<meta property=\"og:image\" content=\"https:\/\/api.dino.com.br\/v2\/news\/tr\/315294?partnerId=4593\" \/>\n<meta name=\"author\" content=\"DINO\" \/>\n<meta name=\"twitter:card\" content=\"summary_large_image\" \/>\n<meta name=\"twitter:label1\" content=\"Written by\" \/>\n\t<meta name=\"twitter:data1\" content=\"DINO\" \/>\n\t<meta name=\"twitter:label2\" content=\"Est. reading time\" \/>\n\t<meta name=\"twitter:data2\" content=\"4 minutes\" \/>\n<script type=\"application\/ld+json\" class=\"yoast-schema-graph\">{\"@context\":\"https:\\\/\\\/schema.org\",\"@graph\":[{\"@type\":\"Article\",\"@id\":\"https:\\\/\\\/angelboss.com.br\\\/2026\\\/04\\\/30\\\/315294-filme-revela-apagamento-da-memoria-negra-nas-igrejas\\\/#article\",\"isPartOf\":{\"@id\":\"https:\\\/\\\/angelboss.com.br\\\/2026\\\/04\\\/30\\\/315294-filme-revela-apagamento-da-memoria-negra-nas-igrejas\\\/\"},\"author\":{\"name\":\"DINO\",\"@id\":\"https:\\\/\\\/angelboss.com.br\\\/en\\\/#\\\/schema\\\/person\\\/b6676b8d991f97199ef2d5b8e5c2d8a5\"},\"headline\":\"Filme revela apagamento da mem\u00f3ria negra nas igrejas\",\"datePublished\":\"2026-04-30T00:00:00+00:00\",\"mainEntityOfPage\":{\"@id\":\"https:\\\/\\\/angelboss.com.br\\\/2026\\\/04\\\/30\\\/315294-filme-revela-apagamento-da-memoria-negra-nas-igrejas\\\/\"},\"wordCount\":771,\"commentCount\":0,\"publisher\":{\"@id\":\"https:\\\/\\\/angelboss.com.br\\\/en\\\/#organization\"},\"image\":{\"@id\":\"https:\\\/\\\/angelboss.com.br\\\/2026\\\/04\\\/30\\\/315294-filme-revela-apagamento-da-memoria-negra-nas-igrejas\\\/#primaryimage\"},\"thumbnailUrl\":\"https:\\\/\\\/angelboss.com.br\\\/wp-content\\\/uploads\\\/2026\\\/04\\\/578bf9f3-e140-4fd4-a31a-1a2e703a9d2e.jpg\",\"keywords\":[\"ARTE\",\"EDUCA\u00c7\u00c3O\",\"ENTRETENIMENTO\",\"POL\u00cdTICAS\",\"SOCIEDADE\"],\"articleSection\":[\"Not\u00edcias Corporativas\"],\"inLanguage\":\"en-US\",\"potentialAction\":[{\"@type\":\"CommentAction\",\"name\":\"Comment\",\"target\":[\"https:\\\/\\\/angelboss.com.br\\\/2026\\\/04\\\/30\\\/315294-filme-revela-apagamento-da-memoria-negra-nas-igrejas\\\/#respond\"]}]},{\"@type\":\"WebPage\",\"@id\":\"https:\\\/\\\/angelboss.com.br\\\/2026\\\/04\\\/30\\\/315294-filme-revela-apagamento-da-memoria-negra-nas-igrejas\\\/\",\"url\":\"https:\\\/\\\/angelboss.com.br\\\/2026\\\/04\\\/30\\\/315294-filme-revela-apagamento-da-memoria-negra-nas-igrejas\\\/\",\"name\":\"Filme revela apagamento da mem\u00f3ria negra nas igrejas - Portal Masculino de Moda, Beleza, Luxo and Business - Angel Boss\",\"isPartOf\":{\"@id\":\"https:\\\/\\\/angelboss.com.br\\\/en\\\/#website\"},\"primaryImageOfPage\":{\"@id\":\"https:\\\/\\\/angelboss.com.br\\\/2026\\\/04\\\/30\\\/315294-filme-revela-apagamento-da-memoria-negra-nas-igrejas\\\/#primaryimage\"},\"image\":{\"@id\":\"https:\\\/\\\/angelboss.com.br\\\/2026\\\/04\\\/30\\\/315294-filme-revela-apagamento-da-memoria-negra-nas-igrejas\\\/#primaryimage\"},\"thumbnailUrl\":\"https:\\\/\\\/angelboss.com.br\\\/wp-content\\\/uploads\\\/2026\\\/04\\\/578bf9f3-e140-4fd4-a31a-1a2e703a9d2e.jpg\",\"datePublished\":\"2026-04-30T00:00:00+00:00\",\"breadcrumb\":{\"@id\":\"https:\\\/\\\/angelboss.com.br\\\/2026\\\/04\\\/30\\\/315294-filme-revela-apagamento-da-memoria-negra-nas-igrejas\\\/#breadcrumb\"},\"inLanguage\":\"en-US\",\"potentialAction\":[{\"@type\":\"ReadAction\",\"target\":[\"https:\\\/\\\/angelboss.com.br\\\/2026\\\/04\\\/30\\\/315294-filme-revela-apagamento-da-memoria-negra-nas-igrejas\\\/\"]}]},{\"@type\":\"ImageObject\",\"inLanguage\":\"en-US\",\"@id\":\"https:\\\/\\\/angelboss.com.br\\\/2026\\\/04\\\/30\\\/315294-filme-revela-apagamento-da-memoria-negra-nas-igrejas\\\/#primaryimage\",\"url\":\"https:\\\/\\\/angelboss.com.br\\\/wp-content\\\/uploads\\\/2026\\\/04\\\/578bf9f3-e140-4fd4-a31a-1a2e703a9d2e.jpg\",\"contentUrl\":\"https:\\\/\\\/angelboss.com.br\\\/wp-content\\\/uploads\\\/2026\\\/04\\\/578bf9f3-e140-4fd4-a31a-1a2e703a9d2e.jpg\",\"width\":1200,\"height\":514,\"caption\":\"Filme revela apagamento da mem\u00f3ria negra nas igrejas\"},{\"@type\":\"BreadcrumbList\",\"@id\":\"https:\\\/\\\/angelboss.com.br\\\/2026\\\/04\\\/30\\\/315294-filme-revela-apagamento-da-memoria-negra-nas-igrejas\\\/#breadcrumb\",\"itemListElement\":[{\"@type\":\"ListItem\",\"position\":1,\"name\":\"In\u00edcio\",\"item\":\"https:\\\/\\\/angelboss.com.br\\\/en\\\/\"},{\"@type\":\"ListItem\",\"position\":2,\"name\":\"Filme revela apagamento da mem\u00f3ria negra nas igrejas\"}]},{\"@type\":\"WebSite\",\"@id\":\"https:\\\/\\\/angelboss.com.br\\\/en\\\/#website\",\"url\":\"https:\\\/\\\/angelboss.com.br\\\/en\\\/\",\"name\":\"Portal Masculino de Moda, Beleza, Luxo e Business - Angel Boss\",\"description\":\"O Maior Portal sobre Moda, Luxo, Beleza e Business Masculino do Brasil\",\"publisher\":{\"@id\":\"https:\\\/\\\/angelboss.com.br\\\/en\\\/#organization\"},\"alternateName\":\"Maior Portal e Blog de Beleza Masculina e Luxo\",\"potentialAction\":[{\"@type\":\"SearchAction\",\"target\":{\"@type\":\"EntryPoint\",\"urlTemplate\":\"https:\\\/\\\/angelboss.com.br\\\/en\\\/?s={search_term_string}\"},\"query-input\":{\"@type\":\"PropertyValueSpecification\",\"valueRequired\":true,\"valueName\":\"search_term_string\"}}],\"inLanguage\":\"en-US\"},{\"@type\":\"Organization\",\"@id\":\"https:\\\/\\\/angelboss.com.br\\\/en\\\/#organization\",\"name\":\"Portal Masculino de Moda, Beleza, Luxo and Business - Angel Boss\",\"url\":\"https:\\\/\\\/angelboss.com.br\\\/en\\\/\",\"logo\":{\"@type\":\"ImageObject\",\"inLanguage\":\"en-US\",\"@id\":\"https:\\\/\\\/angelboss.com.br\\\/en\\\/#\\\/schema\\\/logo\\\/image\\\/\",\"url\":\"http:\\\/\\\/angelboss.com.br\\\/wp-content\\\/uploads\\\/2025\\\/12\\\/WhatsApp-Image-2025-12-11-at-12.54.26.jpeg\",\"contentUrl\":\"http:\\\/\\\/angelboss.com.br\\\/wp-content\\\/uploads\\\/2025\\\/12\\\/WhatsApp-Image-2025-12-11-at-12.54.26.jpeg\",\"width\":1280,\"height\":1280,\"caption\":\"Portal Masculino de Moda, Beleza, Luxo and Business - Angel Boss\"},\"image\":{\"@id\":\"https:\\\/\\\/angelboss.com.br\\\/en\\\/#\\\/schema\\\/logo\\\/image\\\/\"}},{\"@type\":\"Person\",\"@id\":\"https:\\\/\\\/angelboss.com.br\\\/en\\\/#\\\/schema\\\/person\\\/b6676b8d991f97199ef2d5b8e5c2d8a5\",\"name\":\"DINO\",\"image\":{\"@type\":\"ImageObject\",\"inLanguage\":\"en-US\",\"@id\":\"https:\\\/\\\/secure.gravatar.com\\\/avatar\\\/f29568383aedf96da155b6f87103b0e04b1c662f982055cda25086444ab33ff8?s=96&d=mm&r=g\",\"url\":\"https:\\\/\\\/secure.gravatar.com\\\/avatar\\\/f29568383aedf96da155b6f87103b0e04b1c662f982055cda25086444ab33ff8?s=96&d=mm&r=g\",\"contentUrl\":\"https:\\\/\\\/secure.gravatar.com\\\/avatar\\\/f29568383aedf96da155b6f87103b0e04b1c662f982055cda25086444ab33ff8?s=96&d=mm&r=g\",\"caption\":\"DINO\"},\"url\":\"https:\\\/\\\/angelboss.com.br\\\/en\\\/author\\\/DINO\\\/\"}]}<\/script>\n<!-- \/ Yoast SEO plugin. -->","yoast_head_json":{"title":"Filme revela apagamento da mem\u00f3ria negra nas igrejas - Portal Masculino de Moda, Beleza, Luxo and Business - Angel Boss","robots":{"index":"index","follow":"follow","max-snippet":"max-snippet:-1","max-image-preview":"max-image-preview:large","max-video-preview":"max-video-preview:-1"},"canonical":"https:\/\/angelboss.com.br\/en\/2026\/04\/30\/315294-filme-revela-apagamento-da-memoria-negra-nas-igrejas\/","og_locale":"en_US","og_type":"article","og_title":"Filme revela apagamento da mem\u00f3ria negra nas igrejas - Portal Masculino de Moda, Beleza, Luxo and Business - Angel Boss","og_description":"\u201cEsquecendo Flora\u201d, filme document\u00e1rio sobre primeira mulher negra a ser admitida em igreja protestante no Brasil estreia no streaming e revela hist\u00f3rias apagadas que ainda moldam o presente do racismo estrutural no Brasil.","og_url":"https:\/\/angelboss.com.br\/en\/2026\/04\/30\/315294-filme-revela-apagamento-da-memoria-negra-nas-igrejas\/","og_site_name":"Portal Masculino de Moda, Beleza, Luxo and Business - Angel Boss","article_published_time":"2026-04-30T00:00:00+00:00","og_image":[{"url":"https:\/\/api.dino.com.br\/v2\/news\/tr\/315294?partnerId=4593","type":"","width":"","height":""}],"author":"DINO","twitter_card":"summary_large_image","twitter_misc":{"Written by":"DINO","Est. reading time":"4 minutes"},"schema":{"@context":"https:\/\/schema.org","@graph":[{"@type":"Article","@id":"https:\/\/angelboss.com.br\/2026\/04\/30\/315294-filme-revela-apagamento-da-memoria-negra-nas-igrejas\/#article","isPartOf":{"@id":"https:\/\/angelboss.com.br\/2026\/04\/30\/315294-filme-revela-apagamento-da-memoria-negra-nas-igrejas\/"},"author":{"name":"DINO","@id":"https:\/\/angelboss.com.br\/en\/#\/schema\/person\/b6676b8d991f97199ef2d5b8e5c2d8a5"},"headline":"Filme revela apagamento da mem\u00f3ria negra nas igrejas","datePublished":"2026-04-30T00:00:00+00:00","mainEntityOfPage":{"@id":"https:\/\/angelboss.com.br\/2026\/04\/30\/315294-filme-revela-apagamento-da-memoria-negra-nas-igrejas\/"},"wordCount":771,"commentCount":0,"publisher":{"@id":"https:\/\/angelboss.com.br\/en\/#organization"},"image":{"@id":"https:\/\/angelboss.com.br\/2026\/04\/30\/315294-filme-revela-apagamento-da-memoria-negra-nas-igrejas\/#primaryimage"},"thumbnailUrl":"https:\/\/angelboss.com.br\/wp-content\/uploads\/2026\/04\/578bf9f3-e140-4fd4-a31a-1a2e703a9d2e.jpg","keywords":["ARTE","EDUCA\u00c7\u00c3O","ENTRETENIMENTO","POL\u00cdTICAS","SOCIEDADE"],"articleSection":["Not\u00edcias Corporativas"],"inLanguage":"en-US","potentialAction":[{"@type":"CommentAction","name":"Comment","target":["https:\/\/angelboss.com.br\/2026\/04\/30\/315294-filme-revela-apagamento-da-memoria-negra-nas-igrejas\/#respond"]}]},{"@type":"WebPage","@id":"https:\/\/angelboss.com.br\/2026\/04\/30\/315294-filme-revela-apagamento-da-memoria-negra-nas-igrejas\/","url":"https:\/\/angelboss.com.br\/2026\/04\/30\/315294-filme-revela-apagamento-da-memoria-negra-nas-igrejas\/","name":"Filme revela apagamento da mem\u00f3ria negra nas igrejas - Portal Masculino de Moda, Beleza, Luxo and Business - Angel Boss","isPartOf":{"@id":"https:\/\/angelboss.com.br\/en\/#website"},"primaryImageOfPage":{"@id":"https:\/\/angelboss.com.br\/2026\/04\/30\/315294-filme-revela-apagamento-da-memoria-negra-nas-igrejas\/#primaryimage"},"image":{"@id":"https:\/\/angelboss.com.br\/2026\/04\/30\/315294-filme-revela-apagamento-da-memoria-negra-nas-igrejas\/#primaryimage"},"thumbnailUrl":"https:\/\/angelboss.com.br\/wp-content\/uploads\/2026\/04\/578bf9f3-e140-4fd4-a31a-1a2e703a9d2e.jpg","datePublished":"2026-04-30T00:00:00+00:00","breadcrumb":{"@id":"https:\/\/angelboss.com.br\/2026\/04\/30\/315294-filme-revela-apagamento-da-memoria-negra-nas-igrejas\/#breadcrumb"},"inLanguage":"en-US","potentialAction":[{"@type":"ReadAction","target":["https:\/\/angelboss.com.br\/2026\/04\/30\/315294-filme-revela-apagamento-da-memoria-negra-nas-igrejas\/"]}]},{"@type":"ImageObject","inLanguage":"en-US","@id":"https:\/\/angelboss.com.br\/2026\/04\/30\/315294-filme-revela-apagamento-da-memoria-negra-nas-igrejas\/#primaryimage","url":"https:\/\/angelboss.com.br\/wp-content\/uploads\/2026\/04\/578bf9f3-e140-4fd4-a31a-1a2e703a9d2e.jpg","contentUrl":"https:\/\/angelboss.com.br\/wp-content\/uploads\/2026\/04\/578bf9f3-e140-4fd4-a31a-1a2e703a9d2e.jpg","width":1200,"height":514,"caption":"Filme revela apagamento da mem\u00f3ria negra nas igrejas"},{"@type":"BreadcrumbList","@id":"https:\/\/angelboss.com.br\/2026\/04\/30\/315294-filme-revela-apagamento-da-memoria-negra-nas-igrejas\/#breadcrumb","itemListElement":[{"@type":"ListItem","position":1,"name":"In\u00edcio","item":"https:\/\/angelboss.com.br\/en\/"},{"@type":"ListItem","position":2,"name":"Filme revela apagamento da mem\u00f3ria negra nas igrejas"}]},{"@type":"WebSite","@id":"https:\/\/angelboss.com.br\/en\/#website","url":"https:\/\/angelboss.com.br\/en\/","name":"Portal Masculino de Moda, Beleza, Luxo e Business - Angel Boss","description":"O Maior Portal sobre Moda, Luxo, Beleza e Business Masculino do Brasil","publisher":{"@id":"https:\/\/angelboss.com.br\/en\/#organization"},"alternateName":"Maior Portal e Blog de Beleza Masculina e Luxo","potentialAction":[{"@type":"SearchAction","target":{"@type":"EntryPoint","urlTemplate":"https:\/\/angelboss.com.br\/en\/?s={search_term_string}"},"query-input":{"@type":"PropertyValueSpecification","valueRequired":true,"valueName":"search_term_string"}}],"inLanguage":"en-US"},{"@type":"Organization","@id":"https:\/\/angelboss.com.br\/en\/#organization","name":"Portal Masculino de Moda, Beleza, Luxo and Business - Angel Boss","url":"https:\/\/angelboss.com.br\/en\/","logo":{"@type":"ImageObject","inLanguage":"en-US","@id":"https:\/\/angelboss.com.br\/en\/#\/schema\/logo\/image\/","url":"http:\/\/angelboss.com.br\/wp-content\/uploads\/2025\/12\/WhatsApp-Image-2025-12-11-at-12.54.26.jpeg","contentUrl":"http:\/\/angelboss.com.br\/wp-content\/uploads\/2025\/12\/WhatsApp-Image-2025-12-11-at-12.54.26.jpeg","width":1280,"height":1280,"caption":"Portal Masculino de Moda, Beleza, Luxo and Business - Angel Boss"},"image":{"@id":"https:\/\/angelboss.com.br\/en\/#\/schema\/logo\/image\/"}},{"@type":"Person","@id":"https:\/\/angelboss.com.br\/en\/#\/schema\/person\/b6676b8d991f97199ef2d5b8e5c2d8a5","name":"DINO","image":{"@type":"ImageObject","inLanguage":"en-US","@id":"https:\/\/secure.gravatar.com\/avatar\/f29568383aedf96da155b6f87103b0e04b1c662f982055cda25086444ab33ff8?s=96&d=mm&r=g","url":"https:\/\/secure.gravatar.com\/avatar\/f29568383aedf96da155b6f87103b0e04b1c662f982055cda25086444ab33ff8?s=96&d=mm&r=g","contentUrl":"https:\/\/secure.gravatar.com\/avatar\/f29568383aedf96da155b6f87103b0e04b1c662f982055cda25086444ab33ff8?s=96&d=mm&r=g","caption":"DINO"},"url":"https:\/\/angelboss.com.br\/en\/author\/DINO\/"}]}},"amp_enabled":true,"_links":{"self":[{"href":"https:\/\/angelboss.com.br\/en\/wp-json\/wp\/v2\/posts\/20930","targetHints":{"allow":["GET"]}}],"collection":[{"href":"https:\/\/angelboss.com.br\/en\/wp-json\/wp\/v2\/posts"}],"about":[{"href":"https:\/\/angelboss.com.br\/en\/wp-json\/wp\/v2\/types\/post"}],"author":[{"embeddable":true,"href":"https:\/\/angelboss.com.br\/en\/wp-json\/wp\/v2\/users\/3"}],"replies":[{"embeddable":true,"href":"https:\/\/angelboss.com.br\/en\/wp-json\/wp\/v2\/comments?post=20930"}],"version-history":[{"count":0,"href":"https:\/\/angelboss.com.br\/en\/wp-json\/wp\/v2\/posts\/20930\/revisions"}],"wp:featuredmedia":[{"embeddable":true,"href":"https:\/\/angelboss.com.br\/en\/wp-json\/wp\/v2\/media\/20931"}],"wp:attachment":[{"href":"https:\/\/angelboss.com.br\/en\/wp-json\/wp\/v2\/media?parent=20930"}],"wp:term":[{"taxonomy":"category","embeddable":true,"href":"https:\/\/angelboss.com.br\/en\/wp-json\/wp\/v2\/categories?post=20930"},{"taxonomy":"post_tag","embeddable":true,"href":"https:\/\/angelboss.com.br\/en\/wp-json\/wp\/v2\/tags?post=20930"}],"curies":[{"name":"wp","href":"https:\/\/api.w.org\/{rel}","templated":true}]}}