{"id":20795,"date":"2026-04-29T18:05:02","date_gmt":"2026-04-29T18:05:02","guid":{"rendered":"https:\/\/angelboss.com.br\/?p=20795"},"modified":"2026-04-29T18:05:05","modified_gmt":"2026-04-29T18:05:05","slug":"14-bis-sao-pedro-aeroporto-retomada-luigi-cani-aviacao-2026","status":"publish","type":"post","link":"https:\/\/angelboss.com.br\/en\/2026\/04\/29\/14-bis-sao-pedro-aeroporto-retomada-luigi-cani-aviacao-2026\/","title":{"rendered":"Voo cinematogr\u00e1fico de r\u00e9plica do 14 Bis marca retomada do aeroporto de S\u00e3o Pedro (SP)"},"content":{"rendered":"<p>A Est\u00e2ncia Tur\u00edstica&nbsp;de&nbsp;S\u00e3o&nbsp;Pedro&nbsp;(SP), localizada a 190 km&nbsp;de&nbsp;S\u00e3o Paulo, vive um momento hist\u00f3rico com a&nbsp;retomada&nbsp;das opera\u00e7\u00f5es&nbsp;de&nbsp;seu&nbsp;aeroporto&nbsp;municipal,&nbsp;marcada por uma a\u00e7\u00e3o&nbsp;de&nbsp;grande impacto nacional: o&nbsp;voo&nbsp;cinematogr\u00e1fico da r\u00e9plica&nbsp;do&nbsp;14&nbsp;Bis, que integra uma produ\u00e7\u00e3o especial iniciada h\u00e1 tr\u00eas meses.&nbsp;Ap\u00f3s cerca&nbsp;de&nbsp;dois anos sem opera\u00e7\u00f5es, o&nbsp;aeroporto&nbsp;retomou oficialmente suas atividades nesta ter\u00e7a-feira (28), ap\u00f3s recomenda\u00e7\u00e3o da Ag\u00eancia Nacional&nbsp;de&nbsp;Avia\u00e7\u00e3o Civil (ANAC) pela revoga\u00e7\u00e3o da medida cautelar que restringia pousos no local. O parecer t\u00e9cnico confirmou que o aer\u00f3dromo atende \u00e0s condi\u00e7\u00f5es&nbsp;de&nbsp;seguran\u00e7a necess\u00e1rias, ap\u00f3s adequa\u00e7\u00f5es estruturais e operacionais realizadas nos \u00faltimos anos.<\/p>\n\n\n\n<p>A&nbsp;retomada&nbsp;foi&nbsp;marcada pela execu\u00e7\u00e3o&nbsp;de&nbsp;um projeto idealizado por Luigi Cani, empres\u00e1rio, produtor cinematogr\u00e1fico e paraquedista brasileiro, reconhecido internacionalmente.&nbsp;Detentor&nbsp;de&nbsp;11 recordes mundiais, Cani soma mais&nbsp;de&nbsp;14&nbsp;mil saltos e 79 medalhas ao longo&nbsp;de&nbsp;sua carreira, com&nbsp;marcas expressivas como a maior velocidade em queda livre e o salto com o menor paraquedas&nbsp;do&nbsp;mundo.<\/p>\n\n\n\n<p>O&nbsp;voo&nbsp;da r\u00e9plica&nbsp;do&nbsp;14&nbsp;Bis, aeronave que marcou a hist\u00f3ria da avia\u00e7\u00e3o mundial e eternizou Alberto Santos Dumont como o pai da avia\u00e7\u00e3o foi realizado com apoio da Secretaria&nbsp;de&nbsp;Turismo e Cultura&nbsp;de&nbsp;S\u00e3o&nbsp;Pedro, que atuou diretamente na estrutura\u00e7\u00e3o da opera\u00e7\u00e3o, garantindo seguran\u00e7a e condi\u00e7\u00f5es ideais. A condu\u00e7\u00e3o&nbsp;do&nbsp;bal\u00e3o respons\u00e1vel pelo sobrevoo foi realizada por Feodor Nenov, piloto com mais&nbsp;de&nbsp;35 anos&nbsp;de&nbsp;experi\u00eancia e recordista sul-americano&nbsp;de&nbsp;altitude, tendo atingido a&nbsp;marca&nbsp;de&nbsp;9.040 metros. Ao longo&nbsp;de&nbsp;sua trajet\u00f3ria, Nenov tamb\u00e9m acumulou participa\u00e7\u00f5es em campeonatos mundiais, projetos&nbsp;de&nbsp;grande repercuss\u00e3o nacional e produ\u00e7\u00f5es televisivas, consolidando-se como um&nbsp;dos principais nomes&nbsp;do&nbsp;balonismo no Brasil.<\/p>\n\n\n\n<p>Segundo o piloto Feodor, a escolha&nbsp;de&nbsp;S\u00e3o&nbsp;Pedro&nbsp;foi estrat\u00e9gica. \u201c\u00c9 o melhor lugar&nbsp;do&nbsp;Brasil para esse tipo&nbsp;de&nbsp;projeto. O espa\u00e7o a\u00e9reo \u00e9 fant\u00e1stico, sem interfer\u00eancia&nbsp;de&nbsp;cidades pr\u00f3ximas, al\u00e9m&nbsp;de&nbsp;ser uma regi\u00e3o extremamente bonita. Sobrevoo essa \u00e1rea h\u00e1 mais&nbsp;de&nbsp;20 anos, ent\u00e3o esse \u00e9 praticamente meu quintal. Tenho muita seguran\u00e7a para voar aqui\u201d,&nbsp;destacou.<\/p>\n\n\n\n<p>Para garantir a seguran\u00e7a da opera\u00e7\u00e3o, duas r\u00e9plicas da aeronave foram constru\u00eddas. O projeto tamb\u00e9m colocou o&nbsp;14&nbsp;Bis&nbsp;em uma condi\u00e7\u00e3o in\u00e9dita, com&nbsp;voo&nbsp;em maior altitude para aumentar a raz\u00e3o&nbsp;de&nbsp;planeio e permitir uma performance diferenciada em rela\u00e7\u00e3o \u00e0s simula\u00e7\u00f5es convencionais.<\/p>\n\n\n\n<p>Feodor Nenov j\u00e1 esteve \u00e0 frente&nbsp;de&nbsp;outras a\u00e7\u00f5es&nbsp;de&nbsp;grande repercuss\u00e3o, como projetos especiais com opera\u00e7\u00f5es a\u00e9reas criativas e experimentais, todas realizadas em S\u00e3o&nbsp;Pedro&nbsp;(SP).<\/p>","protected":false},"excerpt":{"rendered":"<p>A Est\u00e2ncia Tur\u00edstica&nbsp;de&nbsp;S\u00e3o&nbsp;Pedro&nbsp;(SP), localizada a 190 km&nbsp;de&nbsp;S\u00e3o Paulo, vive um momento hist\u00f3rico com a&nbsp;retomada&nbsp;das opera\u00e7\u00f5es&nbsp;de&nbsp;seu&nbsp;aeroporto&nbsp;municipal,&nbsp;marcada por uma a\u00e7\u00e3o&nbsp;de&nbsp;grande impacto nacional: o&nbsp;voo&nbsp;cinematogr\u00e1fico da r\u00e9plica&nbsp;do&nbsp;14&nbsp;Bis, que integra uma produ\u00e7\u00e3o especial iniciada h\u00e1 tr\u00eas meses.&nbsp;Ap\u00f3s cerca&nbsp;de&nbsp;dois anos sem opera\u00e7\u00f5es, o&nbsp;aeroporto&nbsp;retomou oficialmente suas atividades nesta ter\u00e7a-feira (28), ap\u00f3s recomenda\u00e7\u00e3o da Ag\u00eancia Nacional&nbsp;de&nbsp;Avia\u00e7\u00e3o Civil (ANAC) pela revoga\u00e7\u00e3o da medida cautelar<\/p>","protected":false},"author":2,"featured_media":20796,"comment_status":"open","ping_status":"open","sticky":false,"template":"","format":"standard","meta":{"footnotes":""},"categories":[315,273],"tags":[3870,3872,3871],"class_list":{"0":"post-20795","1":"post","2":"type-post","3":"status-publish","4":"format-standard","5":"has-post-thumbnail","7":"category-noticias-corporativas-dino","8":"category-viagens","9":"tag-14-bis","10":"tag-retomada-do-aeroporto-municipal","11":"tag-voo-cinematografico"},"yoast_head":"<!-- This site is optimized with the Yoast SEO plugin v27.5 - https:\/\/yoast.com\/product\/yoast-seo-wordpress\/ -->\n<title>14 Bis em S\u00e3o Pedro: Voo Hist\u00f3rico e Reabertura de Aeroporto<\/title>\n<meta name=\"description\" content=\"R\u00e9plica do 14 Bis realiza voo cinematogr\u00e1fico em S\u00e3o Pedro (SP) para marcar a retomada do aeroporto municipal em 2026. Saiba mais sobre o projeto de Luigi Cani.\" \/>\n<meta name=\"robots\" content=\"index, follow, max-snippet:-1, max-image-preview:large, max-video-preview:-1\" \/>\n<link rel=\"canonical\" href=\"https:\/\/angelboss.com.br\/en\/2026\/04\/29\/14-bis-sao-pedro-aeroporto-retomada-luigi-cani-aviacao-2026\/\" \/>\n<meta property=\"og:locale\" content=\"en_US\" \/>\n<meta property=\"og:type\" content=\"article\" \/>\n<meta property=\"og:title\" content=\"14 Bis em S\u00e3o Pedro: Voo Hist\u00f3rico e Reabertura de Aeroporto\" \/>\n<meta property=\"og:description\" content=\"R\u00e9plica do 14 Bis realiza voo cinematogr\u00e1fico em S\u00e3o Pedro (SP) para marcar a retomada do aeroporto municipal em 2026. Saiba mais sobre o projeto de Luigi Cani.\" \/>\n<meta property=\"og:url\" content=\"https:\/\/angelboss.com.br\/en\/2026\/04\/29\/14-bis-sao-pedro-aeroporto-retomada-luigi-cani-aviacao-2026\/\" \/>\n<meta property=\"og:site_name\" content=\"Portal Masculino de Moda, Beleza, Luxo and Business - Angel Boss\" \/>\n<meta property=\"article:published_time\" content=\"2026-04-29T18:05:02+00:00\" \/>\n<meta property=\"article:modified_time\" content=\"2026-04-29T18:05:05+00:00\" \/>\n<meta property=\"og:image\" content=\"http:\/\/angelboss.com.br\/wp-content\/uploads\/2026\/04\/8591aa0d-1c42-4e8b-8c5b-8334a11b4bbd.jpeg\" \/>\n\t<meta property=\"og:image:width\" content=\"1600\" \/>\n\t<meta property=\"og:image:height\" content=\"900\" \/>\n\t<meta property=\"og:image:type\" content=\"image\/jpeg\" \/>\n<meta name=\"author\" content=\"Neto Angel Boss\" \/>\n<meta name=\"twitter:card\" content=\"summary_large_image\" \/>\n<meta name=\"twitter:label1\" content=\"Written by\" \/>\n\t<meta name=\"twitter:data1\" content=\"Neto Angel Boss\" \/>\n\t<meta name=\"twitter:label2\" content=\"Est. reading time\" \/>\n\t<meta name=\"twitter:data2\" content=\"3 minutes\" \/>\n<script type=\"application\/ld+json\" class=\"yoast-schema-graph\">{\"@context\":\"https:\\\/\\\/schema.org\",\"@graph\":[{\"@type\":\"Article\",\"@id\":\"https:\\\/\\\/angelboss.com.br\\\/2026\\\/04\\\/29\\\/14-bis-sao-pedro-aeroporto-retomada-luigi-cani-aviacao-2026\\\/#article\",\"isPartOf\":{\"@id\":\"https:\\\/\\\/angelboss.com.br\\\/2026\\\/04\\\/29\\\/14-bis-sao-pedro-aeroporto-retomada-luigi-cani-aviacao-2026\\\/\"},\"author\":{\"name\":\"Neto Angel Boss\",\"@id\":\"https:\\\/\\\/angelboss.com.br\\\/en\\\/#\\\/schema\\\/person\\\/af084936b46cf2e03f299183e429e350\"},\"headline\":\"Voo cinematogr\u00e1fico de r\u00e9plica do 14 Bis marca retomada do aeroporto de S\u00e3o Pedro (SP)\",\"datePublished\":\"2026-04-29T18:05:02+00:00\",\"dateModified\":\"2026-04-29T18:05:05+00:00\",\"mainEntityOfPage\":{\"@id\":\"https:\\\/\\\/angelboss.com.br\\\/2026\\\/04\\\/29\\\/14-bis-sao-pedro-aeroporto-retomada-luigi-cani-aviacao-2026\\\/\"},\"wordCount\":588,\"commentCount\":0,\"publisher\":{\"@id\":\"https:\\\/\\\/angelboss.com.br\\\/en\\\/#organization\"},\"image\":{\"@id\":\"https:\\\/\\\/angelboss.com.br\\\/2026\\\/04\\\/29\\\/14-bis-sao-pedro-aeroporto-retomada-luigi-cani-aviacao-2026\\\/#primaryimage\"},\"thumbnailUrl\":\"https:\\\/\\\/angelboss.com.br\\\/wp-content\\\/uploads\\\/2026\\\/04\\\/8591aa0d-1c42-4e8b-8c5b-8334a11b4bbd.jpeg\",\"keywords\":[\"14 Bis\",\"retomada do aeroporto municipal\",\"voo cinematogr\u00e1fico\"],\"articleSection\":[\"Not\u00edcias Corporativas\",\"Viagens\"],\"inLanguage\":\"en-US\",\"potentialAction\":[{\"@type\":\"CommentAction\",\"name\":\"Comment\",\"target\":[\"https:\\\/\\\/angelboss.com.br\\\/2026\\\/04\\\/29\\\/14-bis-sao-pedro-aeroporto-retomada-luigi-cani-aviacao-2026\\\/#respond\"]}]},{\"@type\":\"WebPage\",\"@id\":\"https:\\\/\\\/angelboss.com.br\\\/2026\\\/04\\\/29\\\/14-bis-sao-pedro-aeroporto-retomada-luigi-cani-aviacao-2026\\\/\",\"url\":\"https:\\\/\\\/angelboss.com.br\\\/2026\\\/04\\\/29\\\/14-bis-sao-pedro-aeroporto-retomada-luigi-cani-aviacao-2026\\\/\",\"name\":\"14 Bis em S\u00e3o Pedro: Voo Hist\u00f3rico e Reabertura de Aeroporto\",\"isPartOf\":{\"@id\":\"https:\\\/\\\/angelboss.com.br\\\/en\\\/#website\"},\"primaryImageOfPage\":{\"@id\":\"https:\\\/\\\/angelboss.com.br\\\/2026\\\/04\\\/29\\\/14-bis-sao-pedro-aeroporto-retomada-luigi-cani-aviacao-2026\\\/#primaryimage\"},\"image\":{\"@id\":\"https:\\\/\\\/angelboss.com.br\\\/2026\\\/04\\\/29\\\/14-bis-sao-pedro-aeroporto-retomada-luigi-cani-aviacao-2026\\\/#primaryimage\"},\"thumbnailUrl\":\"https:\\\/\\\/angelboss.com.br\\\/wp-content\\\/uploads\\\/2026\\\/04\\\/8591aa0d-1c42-4e8b-8c5b-8334a11b4bbd.jpeg\",\"datePublished\":\"2026-04-29T18:05:02+00:00\",\"dateModified\":\"2026-04-29T18:05:05+00:00\",\"description\":\"R\u00e9plica do 14 Bis realiza voo cinematogr\u00e1fico em S\u00e3o Pedro (SP) para marcar a retomada do aeroporto municipal em 2026. Saiba mais sobre o projeto de Luigi Cani.\",\"breadcrumb\":{\"@id\":\"https:\\\/\\\/angelboss.com.br\\\/2026\\\/04\\\/29\\\/14-bis-sao-pedro-aeroporto-retomada-luigi-cani-aviacao-2026\\\/#breadcrumb\"},\"inLanguage\":\"en-US\",\"potentialAction\":[{\"@type\":\"ReadAction\",\"target\":[\"https:\\\/\\\/angelboss.com.br\\\/2026\\\/04\\\/29\\\/14-bis-sao-pedro-aeroporto-retomada-luigi-cani-aviacao-2026\\\/\"]}]},{\"@type\":\"ImageObject\",\"inLanguage\":\"en-US\",\"@id\":\"https:\\\/\\\/angelboss.com.br\\\/2026\\\/04\\\/29\\\/14-bis-sao-pedro-aeroporto-retomada-luigi-cani-aviacao-2026\\\/#primaryimage\",\"url\":\"https:\\\/\\\/angelboss.com.br\\\/wp-content\\\/uploads\\\/2026\\\/04\\\/8591aa0d-1c42-4e8b-8c5b-8334a11b4bbd.jpeg\",\"contentUrl\":\"https:\\\/\\\/angelboss.com.br\\\/wp-content\\\/uploads\\\/2026\\\/04\\\/8591aa0d-1c42-4e8b-8c5b-8334a11b4bbd.jpeg\",\"width\":1600,\"height\":900,\"caption\":\"Imagem\\\/Divulga\u00e7\u00e3o\"},{\"@type\":\"BreadcrumbList\",\"@id\":\"https:\\\/\\\/angelboss.com.br\\\/2026\\\/04\\\/29\\\/14-bis-sao-pedro-aeroporto-retomada-luigi-cani-aviacao-2026\\\/#breadcrumb\",\"itemListElement\":[{\"@type\":\"ListItem\",\"position\":1,\"name\":\"In\u00edcio\",\"item\":\"https:\\\/\\\/angelboss.com.br\\\/en\\\/\"},{\"@type\":\"ListItem\",\"position\":2,\"name\":\"Voo cinematogr\u00e1fico de r\u00e9plica do 14 Bis marca retomada do aeroporto de S\u00e3o Pedro (SP)\"}]},{\"@type\":\"WebSite\",\"@id\":\"https:\\\/\\\/angelboss.com.br\\\/en\\\/#website\",\"url\":\"https:\\\/\\\/angelboss.com.br\\\/en\\\/\",\"name\":\"Portal Masculino de Moda, Beleza, Luxo e Business - Angel Boss\",\"description\":\"O Maior Portal sobre Moda, Luxo, Beleza e Business Masculino do Brasil\",\"publisher\":{\"@id\":\"https:\\\/\\\/angelboss.com.br\\\/en\\\/#organization\"},\"alternateName\":\"Maior Portal e Blog de Beleza Masculina e Luxo\",\"potentialAction\":[{\"@type\":\"SearchAction\",\"target\":{\"@type\":\"EntryPoint\",\"urlTemplate\":\"https:\\\/\\\/angelboss.com.br\\\/en\\\/?s={search_term_string}\"},\"query-input\":{\"@type\":\"PropertyValueSpecification\",\"valueRequired\":true,\"valueName\":\"search_term_string\"}}],\"inLanguage\":\"en-US\"},{\"@type\":\"Organization\",\"@id\":\"https:\\\/\\\/angelboss.com.br\\\/en\\\/#organization\",\"name\":\"Portal Masculino de Moda, Beleza, Luxo and Business - Angel Boss\",\"url\":\"https:\\\/\\\/angelboss.com.br\\\/en\\\/\",\"logo\":{\"@type\":\"ImageObject\",\"inLanguage\":\"en-US\",\"@id\":\"https:\\\/\\\/angelboss.com.br\\\/en\\\/#\\\/schema\\\/logo\\\/image\\\/\",\"url\":\"http:\\\/\\\/angelboss.com.br\\\/wp-content\\\/uploads\\\/2025\\\/12\\\/WhatsApp-Image-2025-12-11-at-12.54.26.jpeg\",\"contentUrl\":\"http:\\\/\\\/angelboss.com.br\\\/wp-content\\\/uploads\\\/2025\\\/12\\\/WhatsApp-Image-2025-12-11-at-12.54.26.jpeg\",\"width\":1280,\"height\":1280,\"caption\":\"Portal Masculino de Moda, Beleza, Luxo and Business - Angel Boss\"},\"image\":{\"@id\":\"https:\\\/\\\/angelboss.com.br\\\/en\\\/#\\\/schema\\\/logo\\\/image\\\/\"}},{\"@type\":\"Person\",\"@id\":\"https:\\\/\\\/angelboss.com.br\\\/en\\\/#\\\/schema\\\/person\\\/af084936b46cf2e03f299183e429e350\",\"name\":\"Neto Angel Boss\",\"image\":{\"@type\":\"ImageObject\",\"inLanguage\":\"en-US\",\"@id\":\"https:\\\/\\\/secure.gravatar.com\\\/avatar\\\/dbb38b2050e5181e32afbccf458635967af0767d15abe8168b35ebbd97907289?s=96&d=mm&r=g\",\"url\":\"https:\\\/\\\/secure.gravatar.com\\\/avatar\\\/dbb38b2050e5181e32afbccf458635967af0767d15abe8168b35ebbd97907289?s=96&d=mm&r=g\",\"contentUrl\":\"https:\\\/\\\/secure.gravatar.com\\\/avatar\\\/dbb38b2050e5181e32afbccf458635967af0767d15abe8168b35ebbd97907289?s=96&d=mm&r=g\",\"caption\":\"Neto Angel Boss\"},\"sameAs\":[\"http:\\\/\\\/www.angelboss.com\"],\"url\":\"https:\\\/\\\/angelboss.com.br\\\/en\\\/author\\\/netoangelboss\\\/\"}]}<\/script>\n<!-- \/ Yoast SEO plugin. -->","yoast_head_json":{"title":"14 Bis em S\u00e3o Pedro: Voo Hist\u00f3rico e Reabertura de Aeroporto","description":"R\u00e9plica do 14 Bis realiza voo cinematogr\u00e1fico em S\u00e3o Pedro (SP) para marcar a retomada do aeroporto municipal em 2026. Saiba mais sobre o projeto de Luigi Cani.","robots":{"index":"index","follow":"follow","max-snippet":"max-snippet:-1","max-image-preview":"max-image-preview:large","max-video-preview":"max-video-preview:-1"},"canonical":"https:\/\/angelboss.com.br\/en\/2026\/04\/29\/14-bis-sao-pedro-aeroporto-retomada-luigi-cani-aviacao-2026\/","og_locale":"en_US","og_type":"article","og_title":"14 Bis em S\u00e3o Pedro: Voo Hist\u00f3rico e Reabertura de Aeroporto","og_description":"R\u00e9plica do 14 Bis realiza voo cinematogr\u00e1fico em S\u00e3o Pedro (SP) para marcar a retomada do aeroporto municipal em 2026. Saiba mais sobre o projeto de Luigi Cani.","og_url":"https:\/\/angelboss.com.br\/en\/2026\/04\/29\/14-bis-sao-pedro-aeroporto-retomada-luigi-cani-aviacao-2026\/","og_site_name":"Portal Masculino de Moda, Beleza, Luxo and Business - Angel Boss","article_published_time":"2026-04-29T18:05:02+00:00","article_modified_time":"2026-04-29T18:05:05+00:00","og_image":[{"width":1600,"height":900,"url":"http:\/\/angelboss.com.br\/wp-content\/uploads\/2026\/04\/8591aa0d-1c42-4e8b-8c5b-8334a11b4bbd.jpeg","type":"image\/jpeg"}],"author":"Neto Angel Boss","twitter_card":"summary_large_image","twitter_misc":{"Written by":"Neto Angel Boss","Est. reading time":"3 minutes"},"schema":{"@context":"https:\/\/schema.org","@graph":[{"@type":"Article","@id":"https:\/\/angelboss.com.br\/2026\/04\/29\/14-bis-sao-pedro-aeroporto-retomada-luigi-cani-aviacao-2026\/#article","isPartOf":{"@id":"https:\/\/angelboss.com.br\/2026\/04\/29\/14-bis-sao-pedro-aeroporto-retomada-luigi-cani-aviacao-2026\/"},"author":{"name":"Neto Angel Boss","@id":"https:\/\/angelboss.com.br\/en\/#\/schema\/person\/af084936b46cf2e03f299183e429e350"},"headline":"Voo cinematogr\u00e1fico de r\u00e9plica do 14 Bis marca retomada do aeroporto de S\u00e3o Pedro (SP)","datePublished":"2026-04-29T18:05:02+00:00","dateModified":"2026-04-29T18:05:05+00:00","mainEntityOfPage":{"@id":"https:\/\/angelboss.com.br\/2026\/04\/29\/14-bis-sao-pedro-aeroporto-retomada-luigi-cani-aviacao-2026\/"},"wordCount":588,"commentCount":0,"publisher":{"@id":"https:\/\/angelboss.com.br\/en\/#organization"},"image":{"@id":"https:\/\/angelboss.com.br\/2026\/04\/29\/14-bis-sao-pedro-aeroporto-retomada-luigi-cani-aviacao-2026\/#primaryimage"},"thumbnailUrl":"https:\/\/angelboss.com.br\/wp-content\/uploads\/2026\/04\/8591aa0d-1c42-4e8b-8c5b-8334a11b4bbd.jpeg","keywords":["14 Bis","retomada do aeroporto municipal","voo cinematogr\u00e1fico"],"articleSection":["Not\u00edcias Corporativas","Viagens"],"inLanguage":"en-US","potentialAction":[{"@type":"CommentAction","name":"Comment","target":["https:\/\/angelboss.com.br\/2026\/04\/29\/14-bis-sao-pedro-aeroporto-retomada-luigi-cani-aviacao-2026\/#respond"]}]},{"@type":"WebPage","@id":"https:\/\/angelboss.com.br\/2026\/04\/29\/14-bis-sao-pedro-aeroporto-retomada-luigi-cani-aviacao-2026\/","url":"https:\/\/angelboss.com.br\/2026\/04\/29\/14-bis-sao-pedro-aeroporto-retomada-luigi-cani-aviacao-2026\/","name":"14 Bis em S\u00e3o Pedro: Voo Hist\u00f3rico e Reabertura de Aeroporto","isPartOf":{"@id":"https:\/\/angelboss.com.br\/en\/#website"},"primaryImageOfPage":{"@id":"https:\/\/angelboss.com.br\/2026\/04\/29\/14-bis-sao-pedro-aeroporto-retomada-luigi-cani-aviacao-2026\/#primaryimage"},"image":{"@id":"https:\/\/angelboss.com.br\/2026\/04\/29\/14-bis-sao-pedro-aeroporto-retomada-luigi-cani-aviacao-2026\/#primaryimage"},"thumbnailUrl":"https:\/\/angelboss.com.br\/wp-content\/uploads\/2026\/04\/8591aa0d-1c42-4e8b-8c5b-8334a11b4bbd.jpeg","datePublished":"2026-04-29T18:05:02+00:00","dateModified":"2026-04-29T18:05:05+00:00","description":"R\u00e9plica do 14 Bis realiza voo cinematogr\u00e1fico em S\u00e3o Pedro (SP) para marcar a retomada do aeroporto municipal em 2026. Saiba mais sobre o projeto de Luigi Cani.","breadcrumb":{"@id":"https:\/\/angelboss.com.br\/2026\/04\/29\/14-bis-sao-pedro-aeroporto-retomada-luigi-cani-aviacao-2026\/#breadcrumb"},"inLanguage":"en-US","potentialAction":[{"@type":"ReadAction","target":["https:\/\/angelboss.com.br\/2026\/04\/29\/14-bis-sao-pedro-aeroporto-retomada-luigi-cani-aviacao-2026\/"]}]},{"@type":"ImageObject","inLanguage":"en-US","@id":"https:\/\/angelboss.com.br\/2026\/04\/29\/14-bis-sao-pedro-aeroporto-retomada-luigi-cani-aviacao-2026\/#primaryimage","url":"https:\/\/angelboss.com.br\/wp-content\/uploads\/2026\/04\/8591aa0d-1c42-4e8b-8c5b-8334a11b4bbd.jpeg","contentUrl":"https:\/\/angelboss.com.br\/wp-content\/uploads\/2026\/04\/8591aa0d-1c42-4e8b-8c5b-8334a11b4bbd.jpeg","width":1600,"height":900,"caption":"Imagem\/Divulga\u00e7\u00e3o"},{"@type":"BreadcrumbList","@id":"https:\/\/angelboss.com.br\/2026\/04\/29\/14-bis-sao-pedro-aeroporto-retomada-luigi-cani-aviacao-2026\/#breadcrumb","itemListElement":[{"@type":"ListItem","position":1,"name":"In\u00edcio","item":"https:\/\/angelboss.com.br\/en\/"},{"@type":"ListItem","position":2,"name":"Voo cinematogr\u00e1fico de r\u00e9plica do 14 Bis marca retomada do aeroporto de S\u00e3o Pedro (SP)"}]},{"@type":"WebSite","@id":"https:\/\/angelboss.com.br\/en\/#website","url":"https:\/\/angelboss.com.br\/en\/","name":"Portal Masculino de Moda, Beleza, Luxo e Business - Angel Boss","description":"O Maior Portal sobre Moda, Luxo, Beleza e Business Masculino do Brasil","publisher":{"@id":"https:\/\/angelboss.com.br\/en\/#organization"},"alternateName":"Maior Portal e Blog de Beleza Masculina e Luxo","potentialAction":[{"@type":"SearchAction","target":{"@type":"EntryPoint","urlTemplate":"https:\/\/angelboss.com.br\/en\/?s={search_term_string}"},"query-input":{"@type":"PropertyValueSpecification","valueRequired":true,"valueName":"search_term_string"}}],"inLanguage":"en-US"},{"@type":"Organization","@id":"https:\/\/angelboss.com.br\/en\/#organization","name":"Portal Masculino de Moda, Beleza, Luxo and Business - Angel Boss","url":"https:\/\/angelboss.com.br\/en\/","logo":{"@type":"ImageObject","inLanguage":"en-US","@id":"https:\/\/angelboss.com.br\/en\/#\/schema\/logo\/image\/","url":"http:\/\/angelboss.com.br\/wp-content\/uploads\/2025\/12\/WhatsApp-Image-2025-12-11-at-12.54.26.jpeg","contentUrl":"http:\/\/angelboss.com.br\/wp-content\/uploads\/2025\/12\/WhatsApp-Image-2025-12-11-at-12.54.26.jpeg","width":1280,"height":1280,"caption":"Portal Masculino de Moda, Beleza, Luxo and Business - Angel Boss"},"image":{"@id":"https:\/\/angelboss.com.br\/en\/#\/schema\/logo\/image\/"}},{"@type":"Person","@id":"https:\/\/angelboss.com.br\/en\/#\/schema\/person\/af084936b46cf2e03f299183e429e350","name":"Neto Angel Boss","image":{"@type":"ImageObject","inLanguage":"en-US","@id":"https:\/\/secure.gravatar.com\/avatar\/dbb38b2050e5181e32afbccf458635967af0767d15abe8168b35ebbd97907289?s=96&d=mm&r=g","url":"https:\/\/secure.gravatar.com\/avatar\/dbb38b2050e5181e32afbccf458635967af0767d15abe8168b35ebbd97907289?s=96&d=mm&r=g","contentUrl":"https:\/\/secure.gravatar.com\/avatar\/dbb38b2050e5181e32afbccf458635967af0767d15abe8168b35ebbd97907289?s=96&d=mm&r=g","caption":"Neto Angel Boss"},"sameAs":["http:\/\/www.angelboss.com"],"url":"https:\/\/angelboss.com.br\/en\/author\/netoangelboss\/"}]}},"amp_enabled":true,"_links":{"self":[{"href":"https:\/\/angelboss.com.br\/en\/wp-json\/wp\/v2\/posts\/20795","targetHints":{"allow":["GET"]}}],"collection":[{"href":"https:\/\/angelboss.com.br\/en\/wp-json\/wp\/v2\/posts"}],"about":[{"href":"https:\/\/angelboss.com.br\/en\/wp-json\/wp\/v2\/types\/post"}],"author":[{"embeddable":true,"href":"https:\/\/angelboss.com.br\/en\/wp-json\/wp\/v2\/users\/2"}],"replies":[{"embeddable":true,"href":"https:\/\/angelboss.com.br\/en\/wp-json\/wp\/v2\/comments?post=20795"}],"version-history":[{"count":1,"href":"https:\/\/angelboss.com.br\/en\/wp-json\/wp\/v2\/posts\/20795\/revisions"}],"predecessor-version":[{"id":20798,"href":"https:\/\/angelboss.com.br\/en\/wp-json\/wp\/v2\/posts\/20795\/revisions\/20798"}],"wp:featuredmedia":[{"embeddable":true,"href":"https:\/\/angelboss.com.br\/en\/wp-json\/wp\/v2\/media\/20796"}],"wp:attachment":[{"href":"https:\/\/angelboss.com.br\/en\/wp-json\/wp\/v2\/media?parent=20795"}],"wp:term":[{"taxonomy":"category","embeddable":true,"href":"https:\/\/angelboss.com.br\/en\/wp-json\/wp\/v2\/categories?post=20795"},{"taxonomy":"post_tag","embeddable":true,"href":"https:\/\/angelboss.com.br\/en\/wp-json\/wp\/v2\/tags?post=20795"}],"curies":[{"name":"wp","href":"https:\/\/api.w.org\/{rel}","templated":true}]}}