{"id":20640,"date":"2026-04-28T00:00:00","date_gmt":"2026-04-28T00:00:00","guid":{"rendered":"https:\/\/angelboss.com.br\/2026\/04\/28\/324327-exposicao-a-ruidos-acende-alerta-para-perda-auditiva\/"},"modified":"2026-04-28T00:00:00","modified_gmt":"2026-04-28T00:00:00","slug":"324327-exposicao-a-ruidos-acende-alerta-para-perda-auditiva","status":"publish","type":"post","link":"https:\/\/angelboss.com.br\/en\/2026\/04\/28\/324327-exposicao-a-ruidos-acende-alerta-para-perda-auditiva\/","title":{"rendered":"Exposi\u00e7\u00e3o a ru\u00eddos acende alerta para perda auditiva"},"content":{"rendered":"<p>O h\u00e1bito de passar horas por dia com fones de ouvido, som alto e exposi\u00e7\u00e3o constante a ambientes ruidosos est\u00e1 ampliando o risco entre a popula\u00e7\u00e3o jovem. De acordo com a <a href=\"https:\/\/www.who.int\/news-room\/fact-sheets\/detail\/deafness-and-hearing-loss\" rel=\"follow\">Organiza\u00e7\u00e3o Mundial da Sa\u00fade (OMS)<\/a>, mais de 1 bilh\u00e3o de jovens adultos no mundo podem desenvolver perda auditiva permanente e evit\u00e1vel por pr\u00e1ticas de escuta inseguras, como volume elevado em fones e ru\u00eddo intenso no cotidiano.<\/p>\n<p>No Brasil, o tema \u00e9 ainda mais sens\u00edvel porque h\u00e1 forte subdiagn\u00f3stico. A perda auditiva atinge pelo menos 10 milh\u00f5es de brasileiros, segundo o <a href=\"https:\/\/jornal.usp.br\/atualidades\/mais-de-10-milhoes-de-brasileiros-apresentam-algum-grau-de-surdez\/\" rel=\"follow\">Instituto Brasileiro de Geografia e Estat\u00edstica (IBGE)<\/a>, mas muitos casos n\u00e3o s\u00e3o reconhecidos ou avaliados a tempo, o que torna o problema maior do que os n\u00fameros capturam oficialmente.<\/p>\n<p>&quot;O jovem costuma achar que perda auditiva \u00e9 assunto de idoso, mas a escuta insegura est\u00e1 antecipando esse risco. O dano pode come\u00e7ar de forma discreta e ir se acumulando sem que a pessoa perceba, at\u00e9 que o impacto se torne permanente&quot;, afirma Erica Bacchetti, fonoaudi\u00f3loga e gerente de Audiologia da AudioNova.<\/p>\n<p>A OMS projeta que, at\u00e9 2050, quase 2,5 bilh\u00f5es de pessoas ter\u00e3o algum grau de perda auditiva e mais de 700 milh\u00f5es dever\u00e3o precisar de reabilita\u00e7\u00e3o auditiva. Al\u00e9m do impacto em sa\u00fade e qualidade de vida, o custo social \u00e9 relevante: a perda auditiva n\u00e3o tratada gera um <a href=\"https:\/\/www.who.int\/health-topics\/hearing-loss#tab=tab_1\" rel=\"follow\">\u00f4nus estimado em US$ 980 bilh\u00f5es<\/a> por ano para a economia global, refletindo efeitos em produtividade, educa\u00e7\u00e3o, inclus\u00e3o e bem-estar.<\/p>\n<p>&quot;Quando a audi\u00e7\u00e3o piora, n\u00e3o \u00e9 s\u00f3 a \u2018capacidade de ouvir\u2019 que cai. A compreens\u00e3o de fala, a intera\u00e7\u00e3o social e o desempenho em atividades do dia a dia tamb\u00e9m s\u00e3o afetados. E isso pode ter repercuss\u00f5es na vida escolar, no trabalho e na sa\u00fade mental&quot;, explica Erica.<\/p>\n<p><strong>Impactos que v\u00e3o al\u00e9m da audi\u00e7\u00e3o<\/strong><\/p>\n<p>Em crian\u00e7as e adolescentes, a perda auditiva pode comprometer aprendizagem e desenvolvimento de linguagem, afetando desempenho escolar e socializa\u00e7\u00e3o. Em adultos, pode reduzir produtividade e participa\u00e7\u00e3o social. J\u00e1 em idosos, estudos associam perda auditiva ao decl\u00ednio cognitivo e ao agravamento de quadros de dem\u00eancia. Justamente por isso, o foco em jovens \u00e9 estrat\u00e9gico: reduzir exposi\u00e7\u00e3o hoje diminui riscos acumulados ao longo da vida.<\/p>\n<p>&quot;Cuidar da audi\u00e7\u00e3o precisa virar h\u00e1bito de sa\u00fade preventiva, como acompanhar press\u00e3o, glicemia ou colesterol. A diferen\u00e7a \u00e9 que, quando o dano auditivo se consolida, muitas vezes ele \u00e9 irrevers\u00edvel&quot;, alerta a fonoaudi\u00f3loga.<\/p>\n<p><strong>Como reduzir o risco no dia a dia:<\/strong><\/p>\n<ul>\n<li><strong>Baixar o volume<\/strong> e evitar usar o som no m\u00e1ximo, especialmente por longos per\u00edodos;<\/li>\n<li><strong>Fazer pausas<\/strong> ao longo do dia; exposi\u00e7\u00e3o cont\u00ednua \u00e9 mais agressiva do que picos curtos;<\/li>\n<li>Em ambientes ruidosos (academia, transporte p\u00fablico, rua), preferir <strong>fones que isolem o ru\u00eddo<\/strong>, para n\u00e3o &quot;compensar&quot; aumentando o volume;<\/li>\n<li>Aten\u00e7\u00e3o aos sinais: <strong>zumbido<\/strong>, <strong>tontura<\/strong>, <strong>dificuldade de entender palavras<\/strong> e fadiga auditiva;<\/li>\n<li><strong>Procurar avalia\u00e7\u00e3o<\/strong>: a <strong>audiometria<\/strong> pode entrar na rotina, sobretudo se houver sintomas.<\/li>\n<\/ul>\n<p>&quot;A audiometria deveria entrar na rotina, assim como outros exames preventivos. Quanto antes o jovem ajustar h\u00e1bitos de escuta e buscar avalia\u00e7\u00e3o diante de sinais como zumbido e dificuldade de compreens\u00e3o, maior a chance de evitar danos permanentes e preservar qualidade de vida no longo prazo&quot;, conclui Bacchetti.<\/p>\n<p><img src='https:\/\/api.dino.com.br\/v2\/news\/tr\/324327?partnerId=4593' alt=\"\" style=\"border:0px;width:1px;height:1px;\" \/><\/p>","protected":false},"excerpt":{"rendered":"<p>Em crian\u00e7as e adolescentes, a perda auditiva pode comprometer aprendizagem e desenvolvimento de linguagem, afetando desempenho escolar e socializa\u00e7\u00e3o.<\/p>","protected":false},"author":3,"featured_media":0,"comment_status":"open","ping_status":"open","sticky":false,"template":"","format":"standard","meta":{"footnotes":""},"categories":[315],"tags":[359,357,352,351,323],"class_list":{"0":"post-20640","1":"post","2":"type-post","3":"status-publish","4":"format-standard","6":"category-noticias-corporativas-dino","7":"tag-ciencia","8":"tag-estilo-de-vida","9":"tag-saude-e-bem-estar","10":"tag-sociedade","11":"tag-tecnologia"},"yoast_head":"<!-- This site is optimized with the Yoast SEO plugin v27.5 - https:\/\/yoast.com\/product\/yoast-seo-wordpress\/ -->\n<title>Exposi\u00e7\u00e3o a ru\u00eddos acende alerta para perda auditiva - Portal Masculino de Moda, Beleza, Luxo and Business - Angel Boss<\/title>\n<meta name=\"robots\" content=\"index, follow, max-snippet:-1, max-image-preview:large, max-video-preview:-1\" \/>\n<link rel=\"canonical\" href=\"https:\/\/angelboss.com.br\/en\/2026\/04\/28\/324327-exposicao-a-ruidos-acende-alerta-para-perda-auditiva\/\" \/>\n<meta property=\"og:locale\" content=\"en_US\" \/>\n<meta property=\"og:type\" content=\"article\" \/>\n<meta property=\"og:title\" content=\"Exposi\u00e7\u00e3o a ru\u00eddos acende alerta para perda auditiva - Portal Masculino de Moda, Beleza, Luxo and Business - Angel Boss\" \/>\n<meta property=\"og:description\" content=\"Em crian\u00e7as e adolescentes, a perda auditiva pode comprometer aprendizagem e desenvolvimento de linguagem, afetando desempenho escolar e socializa\u00e7\u00e3o.\" \/>\n<meta property=\"og:url\" content=\"https:\/\/angelboss.com.br\/en\/2026\/04\/28\/324327-exposicao-a-ruidos-acende-alerta-para-perda-auditiva\/\" \/>\n<meta property=\"og:site_name\" content=\"Portal Masculino de Moda, Beleza, Luxo and Business - Angel Boss\" \/>\n<meta property=\"article:published_time\" content=\"2026-04-28T00:00:00+00:00\" \/>\n<meta property=\"og:image\" content=\"https:\/\/api.dino.com.br\/v2\/news\/tr\/324327?partnerId=4593\" \/>\n<meta name=\"author\" content=\"DINO\" \/>\n<meta name=\"twitter:card\" content=\"summary_large_image\" \/>\n<meta name=\"twitter:label1\" content=\"Written by\" \/>\n\t<meta name=\"twitter:data1\" content=\"DINO\" \/>\n\t<meta name=\"twitter:label2\" content=\"Est. reading time\" \/>\n\t<meta name=\"twitter:data2\" content=\"3 minutes\" \/>\n<script type=\"application\/ld+json\" class=\"yoast-schema-graph\">{\"@context\":\"https:\\\/\\\/schema.org\",\"@graph\":[{\"@type\":\"Article\",\"@id\":\"https:\\\/\\\/angelboss.com.br\\\/2026\\\/04\\\/28\\\/324327-exposicao-a-ruidos-acende-alerta-para-perda-auditiva\\\/#article\",\"isPartOf\":{\"@id\":\"https:\\\/\\\/angelboss.com.br\\\/2026\\\/04\\\/28\\\/324327-exposicao-a-ruidos-acende-alerta-para-perda-auditiva\\\/\"},\"author\":{\"name\":\"DINO\",\"@id\":\"https:\\\/\\\/angelboss.com.br\\\/en\\\/#\\\/schema\\\/person\\\/b6676b8d991f97199ef2d5b8e5c2d8a5\"},\"headline\":\"Exposi\u00e7\u00e3o a ru\u00eddos acende alerta para perda auditiva\",\"datePublished\":\"2026-04-28T00:00:00+00:00\",\"mainEntityOfPage\":{\"@id\":\"https:\\\/\\\/angelboss.com.br\\\/2026\\\/04\\\/28\\\/324327-exposicao-a-ruidos-acende-alerta-para-perda-auditiva\\\/\"},\"wordCount\":590,\"commentCount\":0,\"publisher\":{\"@id\":\"https:\\\/\\\/angelboss.com.br\\\/en\\\/#organization\"},\"image\":{\"@id\":\"https:\\\/\\\/angelboss.com.br\\\/2026\\\/04\\\/28\\\/324327-exposicao-a-ruidos-acende-alerta-para-perda-auditiva\\\/#primaryimage\"},\"thumbnailUrl\":\"https:\\\/\\\/api.dino.com.br\\\/v2\\\/news\\\/tr\\\/324327?partnerId=4593\",\"keywords\":[\"CI\u00caNCIA\",\"ESTILO DE VIDA\",\"SA\u00daDE E BEM-ESTAR\",\"SOCIEDADE\",\"TECNOLOGIA\"],\"articleSection\":[\"Not\u00edcias Corporativas\"],\"inLanguage\":\"en-US\",\"potentialAction\":[{\"@type\":\"CommentAction\",\"name\":\"Comment\",\"target\":[\"https:\\\/\\\/angelboss.com.br\\\/2026\\\/04\\\/28\\\/324327-exposicao-a-ruidos-acende-alerta-para-perda-auditiva\\\/#respond\"]}]},{\"@type\":\"WebPage\",\"@id\":\"https:\\\/\\\/angelboss.com.br\\\/2026\\\/04\\\/28\\\/324327-exposicao-a-ruidos-acende-alerta-para-perda-auditiva\\\/\",\"url\":\"https:\\\/\\\/angelboss.com.br\\\/2026\\\/04\\\/28\\\/324327-exposicao-a-ruidos-acende-alerta-para-perda-auditiva\\\/\",\"name\":\"Exposi\u00e7\u00e3o a ru\u00eddos acende alerta para perda auditiva - Portal Masculino de Moda, Beleza, Luxo and Business - Angel Boss\",\"isPartOf\":{\"@id\":\"https:\\\/\\\/angelboss.com.br\\\/en\\\/#website\"},\"primaryImageOfPage\":{\"@id\":\"https:\\\/\\\/angelboss.com.br\\\/2026\\\/04\\\/28\\\/324327-exposicao-a-ruidos-acende-alerta-para-perda-auditiva\\\/#primaryimage\"},\"image\":{\"@id\":\"https:\\\/\\\/angelboss.com.br\\\/2026\\\/04\\\/28\\\/324327-exposicao-a-ruidos-acende-alerta-para-perda-auditiva\\\/#primaryimage\"},\"thumbnailUrl\":\"https:\\\/\\\/api.dino.com.br\\\/v2\\\/news\\\/tr\\\/324327?partnerId=4593\",\"datePublished\":\"2026-04-28T00:00:00+00:00\",\"breadcrumb\":{\"@id\":\"https:\\\/\\\/angelboss.com.br\\\/2026\\\/04\\\/28\\\/324327-exposicao-a-ruidos-acende-alerta-para-perda-auditiva\\\/#breadcrumb\"},\"inLanguage\":\"en-US\",\"potentialAction\":[{\"@type\":\"ReadAction\",\"target\":[\"https:\\\/\\\/angelboss.com.br\\\/2026\\\/04\\\/28\\\/324327-exposicao-a-ruidos-acende-alerta-para-perda-auditiva\\\/\"]}]},{\"@type\":\"ImageObject\",\"inLanguage\":\"en-US\",\"@id\":\"https:\\\/\\\/angelboss.com.br\\\/2026\\\/04\\\/28\\\/324327-exposicao-a-ruidos-acende-alerta-para-perda-auditiva\\\/#primaryimage\",\"url\":\"https:\\\/\\\/api.dino.com.br\\\/v2\\\/news\\\/tr\\\/324327?partnerId=4593\",\"contentUrl\":\"https:\\\/\\\/api.dino.com.br\\\/v2\\\/news\\\/tr\\\/324327?partnerId=4593\"},{\"@type\":\"BreadcrumbList\",\"@id\":\"https:\\\/\\\/angelboss.com.br\\\/2026\\\/04\\\/28\\\/324327-exposicao-a-ruidos-acende-alerta-para-perda-auditiva\\\/#breadcrumb\",\"itemListElement\":[{\"@type\":\"ListItem\",\"position\":1,\"name\":\"In\u00edcio\",\"item\":\"https:\\\/\\\/angelboss.com.br\\\/en\\\/\"},{\"@type\":\"ListItem\",\"position\":2,\"name\":\"Exposi\u00e7\u00e3o a ru\u00eddos acende alerta para perda auditiva\"}]},{\"@type\":\"WebSite\",\"@id\":\"https:\\\/\\\/angelboss.com.br\\\/en\\\/#website\",\"url\":\"https:\\\/\\\/angelboss.com.br\\\/en\\\/\",\"name\":\"Portal Masculino de Moda, Beleza, Luxo e Business - Angel Boss\",\"description\":\"O Maior Portal sobre Moda, Luxo, Beleza e Business Masculino do Brasil\",\"publisher\":{\"@id\":\"https:\\\/\\\/angelboss.com.br\\\/en\\\/#organization\"},\"alternateName\":\"Maior Portal e Blog de Beleza Masculina e Luxo\",\"potentialAction\":[{\"@type\":\"SearchAction\",\"target\":{\"@type\":\"EntryPoint\",\"urlTemplate\":\"https:\\\/\\\/angelboss.com.br\\\/en\\\/?s={search_term_string}\"},\"query-input\":{\"@type\":\"PropertyValueSpecification\",\"valueRequired\":true,\"valueName\":\"search_term_string\"}}],\"inLanguage\":\"en-US\"},{\"@type\":\"Organization\",\"@id\":\"https:\\\/\\\/angelboss.com.br\\\/en\\\/#organization\",\"name\":\"Portal Masculino de Moda, Beleza, Luxo and Business - Angel Boss\",\"url\":\"https:\\\/\\\/angelboss.com.br\\\/en\\\/\",\"logo\":{\"@type\":\"ImageObject\",\"inLanguage\":\"en-US\",\"@id\":\"https:\\\/\\\/angelboss.com.br\\\/en\\\/#\\\/schema\\\/logo\\\/image\\\/\",\"url\":\"http:\\\/\\\/angelboss.com.br\\\/wp-content\\\/uploads\\\/2025\\\/12\\\/WhatsApp-Image-2025-12-11-at-12.54.26.jpeg\",\"contentUrl\":\"http:\\\/\\\/angelboss.com.br\\\/wp-content\\\/uploads\\\/2025\\\/12\\\/WhatsApp-Image-2025-12-11-at-12.54.26.jpeg\",\"width\":1280,\"height\":1280,\"caption\":\"Portal Masculino de Moda, Beleza, Luxo and Business - Angel Boss\"},\"image\":{\"@id\":\"https:\\\/\\\/angelboss.com.br\\\/en\\\/#\\\/schema\\\/logo\\\/image\\\/\"}},{\"@type\":\"Person\",\"@id\":\"https:\\\/\\\/angelboss.com.br\\\/en\\\/#\\\/schema\\\/person\\\/b6676b8d991f97199ef2d5b8e5c2d8a5\",\"name\":\"DINO\",\"image\":{\"@type\":\"ImageObject\",\"inLanguage\":\"en-US\",\"@id\":\"https:\\\/\\\/secure.gravatar.com\\\/avatar\\\/f29568383aedf96da155b6f87103b0e04b1c662f982055cda25086444ab33ff8?s=96&d=mm&r=g\",\"url\":\"https:\\\/\\\/secure.gravatar.com\\\/avatar\\\/f29568383aedf96da155b6f87103b0e04b1c662f982055cda25086444ab33ff8?s=96&d=mm&r=g\",\"contentUrl\":\"https:\\\/\\\/secure.gravatar.com\\\/avatar\\\/f29568383aedf96da155b6f87103b0e04b1c662f982055cda25086444ab33ff8?s=96&d=mm&r=g\",\"caption\":\"DINO\"},\"url\":\"https:\\\/\\\/angelboss.com.br\\\/en\\\/author\\\/DINO\\\/\"}]}<\/script>\n<!-- \/ Yoast SEO plugin. -->","yoast_head_json":{"title":"Exposi\u00e7\u00e3o a ru\u00eddos acende alerta para perda auditiva - Portal Masculino de Moda, Beleza, Luxo and Business - Angel Boss","robots":{"index":"index","follow":"follow","max-snippet":"max-snippet:-1","max-image-preview":"max-image-preview:large","max-video-preview":"max-video-preview:-1"},"canonical":"https:\/\/angelboss.com.br\/en\/2026\/04\/28\/324327-exposicao-a-ruidos-acende-alerta-para-perda-auditiva\/","og_locale":"en_US","og_type":"article","og_title":"Exposi\u00e7\u00e3o a ru\u00eddos acende alerta para perda auditiva - Portal Masculino de Moda, Beleza, Luxo and Business - Angel Boss","og_description":"Em crian\u00e7as e adolescentes, a perda auditiva pode comprometer aprendizagem e desenvolvimento de linguagem, afetando desempenho escolar e socializa\u00e7\u00e3o.","og_url":"https:\/\/angelboss.com.br\/en\/2026\/04\/28\/324327-exposicao-a-ruidos-acende-alerta-para-perda-auditiva\/","og_site_name":"Portal Masculino de Moda, Beleza, Luxo and Business - Angel Boss","article_published_time":"2026-04-28T00:00:00+00:00","og_image":[{"url":"https:\/\/api.dino.com.br\/v2\/news\/tr\/324327?partnerId=4593","type":"","width":"","height":""}],"author":"DINO","twitter_card":"summary_large_image","twitter_misc":{"Written by":"DINO","Est. reading time":"3 minutes"},"schema":{"@context":"https:\/\/schema.org","@graph":[{"@type":"Article","@id":"https:\/\/angelboss.com.br\/2026\/04\/28\/324327-exposicao-a-ruidos-acende-alerta-para-perda-auditiva\/#article","isPartOf":{"@id":"https:\/\/angelboss.com.br\/2026\/04\/28\/324327-exposicao-a-ruidos-acende-alerta-para-perda-auditiva\/"},"author":{"name":"DINO","@id":"https:\/\/angelboss.com.br\/en\/#\/schema\/person\/b6676b8d991f97199ef2d5b8e5c2d8a5"},"headline":"Exposi\u00e7\u00e3o a ru\u00eddos acende alerta para perda auditiva","datePublished":"2026-04-28T00:00:00+00:00","mainEntityOfPage":{"@id":"https:\/\/angelboss.com.br\/2026\/04\/28\/324327-exposicao-a-ruidos-acende-alerta-para-perda-auditiva\/"},"wordCount":590,"commentCount":0,"publisher":{"@id":"https:\/\/angelboss.com.br\/en\/#organization"},"image":{"@id":"https:\/\/angelboss.com.br\/2026\/04\/28\/324327-exposicao-a-ruidos-acende-alerta-para-perda-auditiva\/#primaryimage"},"thumbnailUrl":"https:\/\/api.dino.com.br\/v2\/news\/tr\/324327?partnerId=4593","keywords":["CI\u00caNCIA","ESTILO DE VIDA","SA\u00daDE E BEM-ESTAR","SOCIEDADE","TECNOLOGIA"],"articleSection":["Not\u00edcias Corporativas"],"inLanguage":"en-US","potentialAction":[{"@type":"CommentAction","name":"Comment","target":["https:\/\/angelboss.com.br\/2026\/04\/28\/324327-exposicao-a-ruidos-acende-alerta-para-perda-auditiva\/#respond"]}]},{"@type":"WebPage","@id":"https:\/\/angelboss.com.br\/2026\/04\/28\/324327-exposicao-a-ruidos-acende-alerta-para-perda-auditiva\/","url":"https:\/\/angelboss.com.br\/2026\/04\/28\/324327-exposicao-a-ruidos-acende-alerta-para-perda-auditiva\/","name":"Exposi\u00e7\u00e3o a ru\u00eddos acende alerta para perda auditiva - Portal Masculino de Moda, Beleza, Luxo and Business - Angel Boss","isPartOf":{"@id":"https:\/\/angelboss.com.br\/en\/#website"},"primaryImageOfPage":{"@id":"https:\/\/angelboss.com.br\/2026\/04\/28\/324327-exposicao-a-ruidos-acende-alerta-para-perda-auditiva\/#primaryimage"},"image":{"@id":"https:\/\/angelboss.com.br\/2026\/04\/28\/324327-exposicao-a-ruidos-acende-alerta-para-perda-auditiva\/#primaryimage"},"thumbnailUrl":"https:\/\/api.dino.com.br\/v2\/news\/tr\/324327?partnerId=4593","datePublished":"2026-04-28T00:00:00+00:00","breadcrumb":{"@id":"https:\/\/angelboss.com.br\/2026\/04\/28\/324327-exposicao-a-ruidos-acende-alerta-para-perda-auditiva\/#breadcrumb"},"inLanguage":"en-US","potentialAction":[{"@type":"ReadAction","target":["https:\/\/angelboss.com.br\/2026\/04\/28\/324327-exposicao-a-ruidos-acende-alerta-para-perda-auditiva\/"]}]},{"@type":"ImageObject","inLanguage":"en-US","@id":"https:\/\/angelboss.com.br\/2026\/04\/28\/324327-exposicao-a-ruidos-acende-alerta-para-perda-auditiva\/#primaryimage","url":"https:\/\/api.dino.com.br\/v2\/news\/tr\/324327?partnerId=4593","contentUrl":"https:\/\/api.dino.com.br\/v2\/news\/tr\/324327?partnerId=4593"},{"@type":"BreadcrumbList","@id":"https:\/\/angelboss.com.br\/2026\/04\/28\/324327-exposicao-a-ruidos-acende-alerta-para-perda-auditiva\/#breadcrumb","itemListElement":[{"@type":"ListItem","position":1,"name":"In\u00edcio","item":"https:\/\/angelboss.com.br\/en\/"},{"@type":"ListItem","position":2,"name":"Exposi\u00e7\u00e3o a ru\u00eddos acende alerta para perda auditiva"}]},{"@type":"WebSite","@id":"https:\/\/angelboss.com.br\/en\/#website","url":"https:\/\/angelboss.com.br\/en\/","name":"Portal Masculino de Moda, Beleza, Luxo e Business - Angel Boss","description":"O Maior Portal sobre Moda, Luxo, Beleza e Business Masculino do Brasil","publisher":{"@id":"https:\/\/angelboss.com.br\/en\/#organization"},"alternateName":"Maior Portal e Blog de Beleza Masculina e Luxo","potentialAction":[{"@type":"SearchAction","target":{"@type":"EntryPoint","urlTemplate":"https:\/\/angelboss.com.br\/en\/?s={search_term_string}"},"query-input":{"@type":"PropertyValueSpecification","valueRequired":true,"valueName":"search_term_string"}}],"inLanguage":"en-US"},{"@type":"Organization","@id":"https:\/\/angelboss.com.br\/en\/#organization","name":"Portal Masculino de Moda, Beleza, Luxo and Business - Angel Boss","url":"https:\/\/angelboss.com.br\/en\/","logo":{"@type":"ImageObject","inLanguage":"en-US","@id":"https:\/\/angelboss.com.br\/en\/#\/schema\/logo\/image\/","url":"http:\/\/angelboss.com.br\/wp-content\/uploads\/2025\/12\/WhatsApp-Image-2025-12-11-at-12.54.26.jpeg","contentUrl":"http:\/\/angelboss.com.br\/wp-content\/uploads\/2025\/12\/WhatsApp-Image-2025-12-11-at-12.54.26.jpeg","width":1280,"height":1280,"caption":"Portal Masculino de Moda, Beleza, Luxo and Business - Angel Boss"},"image":{"@id":"https:\/\/angelboss.com.br\/en\/#\/schema\/logo\/image\/"}},{"@type":"Person","@id":"https:\/\/angelboss.com.br\/en\/#\/schema\/person\/b6676b8d991f97199ef2d5b8e5c2d8a5","name":"DINO","image":{"@type":"ImageObject","inLanguage":"en-US","@id":"https:\/\/secure.gravatar.com\/avatar\/f29568383aedf96da155b6f87103b0e04b1c662f982055cda25086444ab33ff8?s=96&d=mm&r=g","url":"https:\/\/secure.gravatar.com\/avatar\/f29568383aedf96da155b6f87103b0e04b1c662f982055cda25086444ab33ff8?s=96&d=mm&r=g","contentUrl":"https:\/\/secure.gravatar.com\/avatar\/f29568383aedf96da155b6f87103b0e04b1c662f982055cda25086444ab33ff8?s=96&d=mm&r=g","caption":"DINO"},"url":"https:\/\/angelboss.com.br\/en\/author\/DINO\/"}]}},"amp_enabled":true,"_links":{"self":[{"href":"https:\/\/angelboss.com.br\/en\/wp-json\/wp\/v2\/posts\/20640","targetHints":{"allow":["GET"]}}],"collection":[{"href":"https:\/\/angelboss.com.br\/en\/wp-json\/wp\/v2\/posts"}],"about":[{"href":"https:\/\/angelboss.com.br\/en\/wp-json\/wp\/v2\/types\/post"}],"author":[{"embeddable":true,"href":"https:\/\/angelboss.com.br\/en\/wp-json\/wp\/v2\/users\/3"}],"replies":[{"embeddable":true,"href":"https:\/\/angelboss.com.br\/en\/wp-json\/wp\/v2\/comments?post=20640"}],"version-history":[{"count":0,"href":"https:\/\/angelboss.com.br\/en\/wp-json\/wp\/v2\/posts\/20640\/revisions"}],"wp:attachment":[{"href":"https:\/\/angelboss.com.br\/en\/wp-json\/wp\/v2\/media?parent=20640"}],"wp:term":[{"taxonomy":"category","embeddable":true,"href":"https:\/\/angelboss.com.br\/en\/wp-json\/wp\/v2\/categories?post=20640"},{"taxonomy":"post_tag","embeddable":true,"href":"https:\/\/angelboss.com.br\/en\/wp-json\/wp\/v2\/tags?post=20640"}],"curies":[{"name":"wp","href":"https:\/\/api.w.org\/{rel}","templated":true}]}}