{"id":20581,"date":"2026-04-28T00:00:00","date_gmt":"2026-04-28T00:00:00","guid":{"rendered":"https:\/\/angelboss.com.br\/2026\/04\/28\/328342-anec-projeta-futuro-da-educacao-com-inovacao-em-forum\/"},"modified":"2026-04-28T00:00:00","modified_gmt":"2026-04-28T00:00:00","slug":"328342-anec-projeta-futuro-da-educacao-com-inovacao-em-forum","status":"publish","type":"post","link":"https:\/\/angelboss.com.br\/en\/2026\/04\/28\/328342-anec-projeta-futuro-da-educacao-com-inovacao-em-forum\/","title":{"rendered":"ANEC projeta futuro da educa\u00e7\u00e3o com inova\u00e7\u00e3o em f\u00f3rum"},"content":{"rendered":"<p>O F\u00f3rum Nacional de Educa\u00e7\u00e3o Cat\u00f3lica 2026, realizado em Bras\u00edlia nos dias 16 e 17 de abril, reuniu lideran\u00e7as, gestores, educadores e representantes institucionais de todo o pa\u00eds em dois dias de intensa programa\u00e7\u00e3o, marcada por reflex\u00f5es, troca de experi\u00eancias e defini\u00e7\u00e3o de caminhos para o futuro da educa\u00e7\u00e3o cat\u00f3lica no Brasil. Com o tema &quot;Educa\u00e7\u00e3o Cat\u00f3lica: sonhar juntos hoje para impulsionar o amanh\u00e3&quot;, o encontro refor\u00e7ou a import\u00e2ncia da identidade, da miss\u00e3o e da unidade como pilares para enfrentar os desafios contempor\u00e2neos e garantir a perenidade das institui\u00e7\u00f5es. Como destacou a presidente da Associa\u00e7\u00e3o Nacional de Educa\u00e7\u00e3o Cat\u00f3lica do Brasil (ANEC), Irm\u00e3 Iran\u00ed Rupolo, &quot;sonhar juntos para projetar o futuro \u00e9 reconhecer que o amanh\u00e3 come\u00e7a hoje&quot;.<\/p>\n<p>Ao longo do F\u00f3rum, as salas tem\u00e1ticas aprofundaram discuss\u00f5es estrat\u00e9gicas sobre gest\u00e3o, posicionamento de mercado, pastoralidade, inova\u00e7\u00e3o e sustentabilidade institucional. Especialistas e participantes destacaram a necessidade de alinhar prop\u00f3sito e pr\u00e1tica, fortalecendo modelos de gest\u00e3o mais profissionais, adapt\u00e1veis e conectados com a realidade atual. Na \u00e1rea de gest\u00e3o, a especialista Kelly Mattos levou os participantes \u00e0 reflex\u00e3o sobre suas pr\u00e1ticas: &quot;Mais do que apresentar modelos prontos, precisamos refletir sobre como nossa cultura e identidade impactam o modelo de gest\u00e3o e a perenidade das institui\u00e7\u00f5es&quot;.<\/p>\n<p>J\u00e1 no debate sobre posicionamento de mercado, Marcelo Chaves foi direto ao ponto ao tratar da comunica\u00e7\u00e3o da identidade cat\u00f3lica: &quot;N\u00f3s temos o essencial, que \u00e9 a identidade e a miss\u00e3o, mas muitas vezes n\u00e3o conseguimos comunicar isso ao mercado&quot;. As discuss\u00f5es tamb\u00e9m evidenciaram a necessidade de acompanhar as transforma\u00e7\u00f5es do mundo contempor\u00e2neo. &quot;As novas realidades do trabalho e o avan\u00e7o da intelig\u00eancia artificial nos desafiam, mas tamb\u00e9m nos oferecem oportunidades&quot;, destacou irm\u00e3 Iran\u00ed, ao tratar dos caminhos futuros da educa\u00e7\u00e3o.<\/p>\n<p>Realizada paralelamente ao F\u00f3rum, a ExpoANEC consolidou-se como um espa\u00e7o estrat\u00e9gico de conex\u00e3o entre institui\u00e7\u00f5es de ensino e fornecedores de solu\u00e7\u00f5es educacionais. A feira reuniu empresas e organiza\u00e7\u00f5es que apresentaram produtos, servi\u00e7os e tecnologias voltadas \u00e0 inova\u00e7\u00e3o, gest\u00e3o e melhoria dos processos educacionais. A iniciativa fortalece o ecossistema da educa\u00e7\u00e3o cat\u00f3lica ao aproximar gestores de ferramentas e tend\u00eancias do mercado, promovendo articula\u00e7\u00e3o profissional qualificada e oportunidades de parceria.<\/p>\n<p>Parceira da ANEC desde 2019, a Bookfair destacou o compromisso com a educa\u00e7\u00e3o confessional. &quot;Trabalhamos com as escolas cat\u00f3licas com muito amor e seriedade. Estamos de m\u00e3os dadas com a ANEC para transformar a educa\u00e7\u00e3o cat\u00f3lica no Brasil&quot;, afirmou o CEO Maur\u00edcio Pereira. A \u00c1rvore de Livros tamb\u00e9m refor\u00e7ou a rela\u00e7\u00e3o hist\u00f3rica com o setor. &quot;Desde o in\u00edcio, nossas principais parceiras s\u00e3o as escolas cat\u00f3licas. Estar aqui \u00e9 sempre uma oportunidade de fortalecer e ampliar esse relacionamento&quot;, destacou o CEO Jo\u00e3o Leal. J\u00e1 a Layers evidenciou o papel da tecnologia alinhada ao prop\u00f3sito. &quot;Acreditamos que a educa\u00e7\u00e3o \u00e9 feita de pessoas e que a tecnologia deve potencializar resultados, nunca substituir o humano&quot;, pontuou o CEO Danilo Aneshig.<\/p>\n<p>Um dos momentos marcantes da ExpoANEC foi a entrega da Medalha do Jubileu do Mundo Educativo, aben\u00e7oada pelo Papa, aos participantes e parceiros. A iniciativa simbolizou a uni\u00e3o entre f\u00e9, educa\u00e7\u00e3o e miss\u00e3o. &quot;Foi um momento de muita emo\u00e7\u00e3o e espiritualidade. Poder trazer esse gesto para o Brasil e compartilhar com as institui\u00e7\u00f5es foi muito especial&quot;, destacou Maur\u00edcio Pereira.<\/p>\n<p>O encerramento do F\u00f3rum foi marcado pela plen\u00e1ria final, que reuniu as principais percep\u00e7\u00f5es e avalia\u00e7\u00f5es das salas tem\u00e1ticas com o tema &quot;Construindo o sonho compartilhado: onde estaremos em 5 anos?&quot;. Os participantes destacaram a relev\u00e2ncia do encontro como espa\u00e7o de escuta, partilha e constru\u00e7\u00e3o coletiva. Entre os pontos mais ressaltados estiveram o fortalecimento da identidade cat\u00f3lica e a necessidade de respostas concretas aos desafios atuais. &quot;Os desafios n\u00e3o podem nos paralisar. Eles exigem de n\u00f3s uma gest\u00e3o colaborativa, competente e fiel \u00e0 miss\u00e3o&quot;, refor\u00e7ou Irm\u00e3 Iran\u00ed.<\/p>\n<p>A percep\u00e7\u00e3o positiva tamb\u00e9m foi compartilhada pelos participantes. Para a Irm\u00e3 Noemi, do Col\u00e9gio Nossa Senhora de Lourdes, em Governador Valadares (MG), o F\u00f3rum reafirma a import\u00e2ncia da caminhada conjunta. &quot;A experi\u00eancia mais marcante foi a possibilidade de estarmos fazendo uma caminhada cada vez mais conjunta em prol da educa\u00e7\u00e3o cat\u00f3lica no Brasil. Quanto mais nos unimos, mais fortalecemos a nossa identidade&quot;, destacou.<\/p>\n<p>Na mesma linha, o Padre Edson de Oliveira, diretor-presidente do Col\u00e9gio Santa Cruz e da Faculdade Cat\u00f3lica Dom Orione, em Aragua\u00edna (TO), ressaltou tr\u00eas pilares do encontro: identidade, comunh\u00e3o e capacita\u00e7\u00e3o. &quot;Destaco a valoriza\u00e7\u00e3o da educa\u00e7\u00e3o cat\u00f3lica como miss\u00e3o da Igreja, a sinodalidade no conhecimento de outras experi\u00eancias e a capacita\u00e7\u00e3o dos gestores, que \u00e9 fundamental para a sustentabilidade das nossas institui\u00e7\u00f5es&quot;, afirmou.<\/p>\n<p>Ao final, o F\u00f3rum deixa um recado claro: a educa\u00e7\u00e3o cat\u00f3lica no Brasil est\u00e1 em movimento, consciente de sua hist\u00f3ria e atenta \u00e0s exig\u00eancias do presente. Entre tradi\u00e7\u00e3o e inova\u00e7\u00e3o, o setor reafirma seu compromisso com a forma\u00e7\u00e3o integral, a dignidade humana e a constru\u00e7\u00e3o de uma sociedade mais justa. O vice-presidente da ANEC, Padre Charles Lamartine, destacou o sentimento de unidade e renova\u00e7\u00e3o da miss\u00e3o. &quot;Voltamos para nossas institui\u00e7\u00f5es com um sentimento de comunh\u00e3o e com a certeza de que a nossa identidade confessional \u00e9 a for\u00e7a que nos move&quot;, afirmou. Ele tamb\u00e9m refor\u00e7ou o compromisso com a forma\u00e7\u00e3o integral: &quot;Somos chamados a formar o ser humano em sua plenitude. Essa \u00e9 a miss\u00e3o da educa\u00e7\u00e3o cat\u00f3lica, e acreditamos na for\u00e7a dessa miss\u00e3o para transformar vidas&quot;.<\/p>\n<p><img src='https:\/\/api.dino.com.br\/v2\/news\/tr\/328342?partnerId=4593' alt=\"\" style=\"border:0px;width:1px;height:1px;\" \/><\/p>","protected":false},"excerpt":{"rendered":"<p>Evento reuniu lideran\u00e7as de todo o pa\u00eds e refor\u00e7ou identidade, gest\u00e3o e posicionamento estrat\u00e9gico do setor<\/p>","protected":false},"author":3,"featured_media":20582,"comment_status":"open","ping_status":"open","sticky":false,"template":"","format":"standard","meta":{"footnotes":""},"categories":[315],"tags":[350,358,344,369,351],"class_list":{"0":"post-20581","1":"post","2":"type-post","3":"status-publish","4":"format-standard","5":"has-post-thumbnail","7":"category-noticias-corporativas-dino","8":"tag-comunicacao","9":"tag-educacao","10":"tag-midia","11":"tag-politicas","12":"tag-sociedade"},"yoast_head":"<!-- This site is optimized with the Yoast SEO plugin v27.5 - https:\/\/yoast.com\/product\/yoast-seo-wordpress\/ -->\n<title>ANEC projeta futuro da educa\u00e7\u00e3o com inova\u00e7\u00e3o em f\u00f3rum - Portal Masculino de Moda, Beleza, Luxo and Business - Angel Boss<\/title>\n<meta name=\"robots\" content=\"index, follow, max-snippet:-1, max-image-preview:large, max-video-preview:-1\" \/>\n<link rel=\"canonical\" href=\"https:\/\/angelboss.com.br\/en\/2026\/04\/28\/328342-anec-projeta-futuro-da-educacao-com-inovacao-em-forum\/\" \/>\n<meta property=\"og:locale\" content=\"en_US\" \/>\n<meta property=\"og:type\" content=\"article\" \/>\n<meta property=\"og:title\" content=\"ANEC projeta futuro da educa\u00e7\u00e3o com inova\u00e7\u00e3o em f\u00f3rum - Portal Masculino de Moda, Beleza, Luxo and Business - Angel Boss\" \/>\n<meta property=\"og:description\" content=\"Evento reuniu lideran\u00e7as de todo o pa\u00eds e refor\u00e7ou identidade, gest\u00e3o e posicionamento estrat\u00e9gico do setor\" \/>\n<meta property=\"og:url\" content=\"https:\/\/angelboss.com.br\/en\/2026\/04\/28\/328342-anec-projeta-futuro-da-educacao-com-inovacao-em-forum\/\" \/>\n<meta property=\"og:site_name\" content=\"Portal Masculino de Moda, Beleza, Luxo and Business - Angel Boss\" \/>\n<meta property=\"article:published_time\" content=\"2026-04-28T00:00:00+00:00\" \/>\n<meta property=\"og:image\" content=\"https:\/\/api.dino.com.br\/v2\/news\/tr\/328342?partnerId=4593\" \/>\n<meta name=\"author\" content=\"DINO\" \/>\n<meta name=\"twitter:card\" content=\"summary_large_image\" \/>\n<meta name=\"twitter:label1\" content=\"Written by\" \/>\n\t<meta name=\"twitter:data1\" content=\"DINO\" \/>\n\t<meta name=\"twitter:label2\" content=\"Est. reading time\" \/>\n\t<meta name=\"twitter:data2\" content=\"5 minutes\" \/>\n<script type=\"application\/ld+json\" class=\"yoast-schema-graph\">{\"@context\":\"https:\\\/\\\/schema.org\",\"@graph\":[{\"@type\":\"Article\",\"@id\":\"https:\\\/\\\/angelboss.com.br\\\/2026\\\/04\\\/28\\\/328342-anec-projeta-futuro-da-educacao-com-inovacao-em-forum\\\/#article\",\"isPartOf\":{\"@id\":\"https:\\\/\\\/angelboss.com.br\\\/2026\\\/04\\\/28\\\/328342-anec-projeta-futuro-da-educacao-com-inovacao-em-forum\\\/\"},\"author\":{\"name\":\"DINO\",\"@id\":\"https:\\\/\\\/angelboss.com.br\\\/en\\\/#\\\/schema\\\/person\\\/b6676b8d991f97199ef2d5b8e5c2d8a5\"},\"headline\":\"ANEC projeta futuro da educa\u00e7\u00e3o com inova\u00e7\u00e3o em f\u00f3rum\",\"datePublished\":\"2026-04-28T00:00:00+00:00\",\"mainEntityOfPage\":{\"@id\":\"https:\\\/\\\/angelboss.com.br\\\/2026\\\/04\\\/28\\\/328342-anec-projeta-futuro-da-educacao-com-inovacao-em-forum\\\/\"},\"wordCount\":1039,\"commentCount\":0,\"publisher\":{\"@id\":\"https:\\\/\\\/angelboss.com.br\\\/en\\\/#organization\"},\"image\":{\"@id\":\"https:\\\/\\\/angelboss.com.br\\\/2026\\\/04\\\/28\\\/328342-anec-projeta-futuro-da-educacao-com-inovacao-em-forum\\\/#primaryimage\"},\"thumbnailUrl\":\"https:\\\/\\\/angelboss.com.br\\\/wp-content\\\/uploads\\\/2026\\\/04\\\/6a56bd25-1775-426d-ba27-a6f085b5d921.jpg\",\"keywords\":[\"COMUNICA\u00c7\u00c3O\",\"EDUCA\u00c7\u00c3O\",\"M\u00cdDIA\",\"POL\u00cdTICAS\",\"SOCIEDADE\"],\"articleSection\":[\"Not\u00edcias Corporativas\"],\"inLanguage\":\"en-US\",\"potentialAction\":[{\"@type\":\"CommentAction\",\"name\":\"Comment\",\"target\":[\"https:\\\/\\\/angelboss.com.br\\\/2026\\\/04\\\/28\\\/328342-anec-projeta-futuro-da-educacao-com-inovacao-em-forum\\\/#respond\"]}]},{\"@type\":\"WebPage\",\"@id\":\"https:\\\/\\\/angelboss.com.br\\\/2026\\\/04\\\/28\\\/328342-anec-projeta-futuro-da-educacao-com-inovacao-em-forum\\\/\",\"url\":\"https:\\\/\\\/angelboss.com.br\\\/2026\\\/04\\\/28\\\/328342-anec-projeta-futuro-da-educacao-com-inovacao-em-forum\\\/\",\"name\":\"ANEC projeta futuro da educa\u00e7\u00e3o com inova\u00e7\u00e3o em f\u00f3rum - Portal Masculino de Moda, Beleza, Luxo and Business - Angel Boss\",\"isPartOf\":{\"@id\":\"https:\\\/\\\/angelboss.com.br\\\/en\\\/#website\"},\"primaryImageOfPage\":{\"@id\":\"https:\\\/\\\/angelboss.com.br\\\/2026\\\/04\\\/28\\\/328342-anec-projeta-futuro-da-educacao-com-inovacao-em-forum\\\/#primaryimage\"},\"image\":{\"@id\":\"https:\\\/\\\/angelboss.com.br\\\/2026\\\/04\\\/28\\\/328342-anec-projeta-futuro-da-educacao-com-inovacao-em-forum\\\/#primaryimage\"},\"thumbnailUrl\":\"https:\\\/\\\/angelboss.com.br\\\/wp-content\\\/uploads\\\/2026\\\/04\\\/6a56bd25-1775-426d-ba27-a6f085b5d921.jpg\",\"datePublished\":\"2026-04-28T00:00:00+00:00\",\"breadcrumb\":{\"@id\":\"https:\\\/\\\/angelboss.com.br\\\/2026\\\/04\\\/28\\\/328342-anec-projeta-futuro-da-educacao-com-inovacao-em-forum\\\/#breadcrumb\"},\"inLanguage\":\"en-US\",\"potentialAction\":[{\"@type\":\"ReadAction\",\"target\":[\"https:\\\/\\\/angelboss.com.br\\\/2026\\\/04\\\/28\\\/328342-anec-projeta-futuro-da-educacao-com-inovacao-em-forum\\\/\"]}]},{\"@type\":\"ImageObject\",\"inLanguage\":\"en-US\",\"@id\":\"https:\\\/\\\/angelboss.com.br\\\/2026\\\/04\\\/28\\\/328342-anec-projeta-futuro-da-educacao-com-inovacao-em-forum\\\/#primaryimage\",\"url\":\"https:\\\/\\\/angelboss.com.br\\\/wp-content\\\/uploads\\\/2026\\\/04\\\/6a56bd25-1775-426d-ba27-a6f085b5d921.jpg\",\"contentUrl\":\"https:\\\/\\\/angelboss.com.br\\\/wp-content\\\/uploads\\\/2026\\\/04\\\/6a56bd25-1775-426d-ba27-a6f085b5d921.jpg\",\"width\":1199,\"height\":800,\"caption\":\"ANEC projeta futuro da educa\u00e7\u00e3o com inova\u00e7\u00e3o em f\u00f3rum\"},{\"@type\":\"BreadcrumbList\",\"@id\":\"https:\\\/\\\/angelboss.com.br\\\/2026\\\/04\\\/28\\\/328342-anec-projeta-futuro-da-educacao-com-inovacao-em-forum\\\/#breadcrumb\",\"itemListElement\":[{\"@type\":\"ListItem\",\"position\":1,\"name\":\"In\u00edcio\",\"item\":\"https:\\\/\\\/angelboss.com.br\\\/en\\\/\"},{\"@type\":\"ListItem\",\"position\":2,\"name\":\"ANEC projeta futuro da educa\u00e7\u00e3o com inova\u00e7\u00e3o em f\u00f3rum\"}]},{\"@type\":\"WebSite\",\"@id\":\"https:\\\/\\\/angelboss.com.br\\\/en\\\/#website\",\"url\":\"https:\\\/\\\/angelboss.com.br\\\/en\\\/\",\"name\":\"Portal Masculino de Moda, Beleza, Luxo e Business - Angel Boss\",\"description\":\"O Maior Portal sobre Moda, Luxo, Beleza e Business Masculino do Brasil\",\"publisher\":{\"@id\":\"https:\\\/\\\/angelboss.com.br\\\/en\\\/#organization\"},\"alternateName\":\"Maior Portal e Blog de Beleza Masculina e Luxo\",\"potentialAction\":[{\"@type\":\"SearchAction\",\"target\":{\"@type\":\"EntryPoint\",\"urlTemplate\":\"https:\\\/\\\/angelboss.com.br\\\/en\\\/?s={search_term_string}\"},\"query-input\":{\"@type\":\"PropertyValueSpecification\",\"valueRequired\":true,\"valueName\":\"search_term_string\"}}],\"inLanguage\":\"en-US\"},{\"@type\":\"Organization\",\"@id\":\"https:\\\/\\\/angelboss.com.br\\\/en\\\/#organization\",\"name\":\"Portal Masculino de Moda, Beleza, Luxo and Business - Angel Boss\",\"url\":\"https:\\\/\\\/angelboss.com.br\\\/en\\\/\",\"logo\":{\"@type\":\"ImageObject\",\"inLanguage\":\"en-US\",\"@id\":\"https:\\\/\\\/angelboss.com.br\\\/en\\\/#\\\/schema\\\/logo\\\/image\\\/\",\"url\":\"http:\\\/\\\/angelboss.com.br\\\/wp-content\\\/uploads\\\/2025\\\/12\\\/WhatsApp-Image-2025-12-11-at-12.54.26.jpeg\",\"contentUrl\":\"http:\\\/\\\/angelboss.com.br\\\/wp-content\\\/uploads\\\/2025\\\/12\\\/WhatsApp-Image-2025-12-11-at-12.54.26.jpeg\",\"width\":1280,\"height\":1280,\"caption\":\"Portal Masculino de Moda, Beleza, Luxo and Business - Angel Boss\"},\"image\":{\"@id\":\"https:\\\/\\\/angelboss.com.br\\\/en\\\/#\\\/schema\\\/logo\\\/image\\\/\"}},{\"@type\":\"Person\",\"@id\":\"https:\\\/\\\/angelboss.com.br\\\/en\\\/#\\\/schema\\\/person\\\/b6676b8d991f97199ef2d5b8e5c2d8a5\",\"name\":\"DINO\",\"image\":{\"@type\":\"ImageObject\",\"inLanguage\":\"en-US\",\"@id\":\"https:\\\/\\\/secure.gravatar.com\\\/avatar\\\/f29568383aedf96da155b6f87103b0e04b1c662f982055cda25086444ab33ff8?s=96&d=mm&r=g\",\"url\":\"https:\\\/\\\/secure.gravatar.com\\\/avatar\\\/f29568383aedf96da155b6f87103b0e04b1c662f982055cda25086444ab33ff8?s=96&d=mm&r=g\",\"contentUrl\":\"https:\\\/\\\/secure.gravatar.com\\\/avatar\\\/f29568383aedf96da155b6f87103b0e04b1c662f982055cda25086444ab33ff8?s=96&d=mm&r=g\",\"caption\":\"DINO\"},\"url\":\"https:\\\/\\\/angelboss.com.br\\\/en\\\/author\\\/DINO\\\/\"}]}<\/script>\n<!-- \/ Yoast SEO plugin. -->","yoast_head_json":{"title":"ANEC projeta futuro da educa\u00e7\u00e3o com inova\u00e7\u00e3o em f\u00f3rum - Portal Masculino de Moda, Beleza, Luxo and Business - Angel Boss","robots":{"index":"index","follow":"follow","max-snippet":"max-snippet:-1","max-image-preview":"max-image-preview:large","max-video-preview":"max-video-preview:-1"},"canonical":"https:\/\/angelboss.com.br\/en\/2026\/04\/28\/328342-anec-projeta-futuro-da-educacao-com-inovacao-em-forum\/","og_locale":"en_US","og_type":"article","og_title":"ANEC projeta futuro da educa\u00e7\u00e3o com inova\u00e7\u00e3o em f\u00f3rum - Portal Masculino de Moda, Beleza, Luxo and Business - Angel Boss","og_description":"Evento reuniu lideran\u00e7as de todo o pa\u00eds e refor\u00e7ou identidade, gest\u00e3o e posicionamento estrat\u00e9gico do setor","og_url":"https:\/\/angelboss.com.br\/en\/2026\/04\/28\/328342-anec-projeta-futuro-da-educacao-com-inovacao-em-forum\/","og_site_name":"Portal Masculino de Moda, Beleza, Luxo and Business - Angel Boss","article_published_time":"2026-04-28T00:00:00+00:00","og_image":[{"url":"https:\/\/api.dino.com.br\/v2\/news\/tr\/328342?partnerId=4593","type":"","width":"","height":""}],"author":"DINO","twitter_card":"summary_large_image","twitter_misc":{"Written by":"DINO","Est. reading time":"5 minutes"},"schema":{"@context":"https:\/\/schema.org","@graph":[{"@type":"Article","@id":"https:\/\/angelboss.com.br\/2026\/04\/28\/328342-anec-projeta-futuro-da-educacao-com-inovacao-em-forum\/#article","isPartOf":{"@id":"https:\/\/angelboss.com.br\/2026\/04\/28\/328342-anec-projeta-futuro-da-educacao-com-inovacao-em-forum\/"},"author":{"name":"DINO","@id":"https:\/\/angelboss.com.br\/en\/#\/schema\/person\/b6676b8d991f97199ef2d5b8e5c2d8a5"},"headline":"ANEC projeta futuro da educa\u00e7\u00e3o com inova\u00e7\u00e3o em f\u00f3rum","datePublished":"2026-04-28T00:00:00+00:00","mainEntityOfPage":{"@id":"https:\/\/angelboss.com.br\/2026\/04\/28\/328342-anec-projeta-futuro-da-educacao-com-inovacao-em-forum\/"},"wordCount":1039,"commentCount":0,"publisher":{"@id":"https:\/\/angelboss.com.br\/en\/#organization"},"image":{"@id":"https:\/\/angelboss.com.br\/2026\/04\/28\/328342-anec-projeta-futuro-da-educacao-com-inovacao-em-forum\/#primaryimage"},"thumbnailUrl":"https:\/\/angelboss.com.br\/wp-content\/uploads\/2026\/04\/6a56bd25-1775-426d-ba27-a6f085b5d921.jpg","keywords":["COMUNICA\u00c7\u00c3O","EDUCA\u00c7\u00c3O","M\u00cdDIA","POL\u00cdTICAS","SOCIEDADE"],"articleSection":["Not\u00edcias Corporativas"],"inLanguage":"en-US","potentialAction":[{"@type":"CommentAction","name":"Comment","target":["https:\/\/angelboss.com.br\/2026\/04\/28\/328342-anec-projeta-futuro-da-educacao-com-inovacao-em-forum\/#respond"]}]},{"@type":"WebPage","@id":"https:\/\/angelboss.com.br\/2026\/04\/28\/328342-anec-projeta-futuro-da-educacao-com-inovacao-em-forum\/","url":"https:\/\/angelboss.com.br\/2026\/04\/28\/328342-anec-projeta-futuro-da-educacao-com-inovacao-em-forum\/","name":"ANEC projeta futuro da educa\u00e7\u00e3o com inova\u00e7\u00e3o em f\u00f3rum - Portal Masculino de Moda, Beleza, Luxo and Business - Angel Boss","isPartOf":{"@id":"https:\/\/angelboss.com.br\/en\/#website"},"primaryImageOfPage":{"@id":"https:\/\/angelboss.com.br\/2026\/04\/28\/328342-anec-projeta-futuro-da-educacao-com-inovacao-em-forum\/#primaryimage"},"image":{"@id":"https:\/\/angelboss.com.br\/2026\/04\/28\/328342-anec-projeta-futuro-da-educacao-com-inovacao-em-forum\/#primaryimage"},"thumbnailUrl":"https:\/\/angelboss.com.br\/wp-content\/uploads\/2026\/04\/6a56bd25-1775-426d-ba27-a6f085b5d921.jpg","datePublished":"2026-04-28T00:00:00+00:00","breadcrumb":{"@id":"https:\/\/angelboss.com.br\/2026\/04\/28\/328342-anec-projeta-futuro-da-educacao-com-inovacao-em-forum\/#breadcrumb"},"inLanguage":"en-US","potentialAction":[{"@type":"ReadAction","target":["https:\/\/angelboss.com.br\/2026\/04\/28\/328342-anec-projeta-futuro-da-educacao-com-inovacao-em-forum\/"]}]},{"@type":"ImageObject","inLanguage":"en-US","@id":"https:\/\/angelboss.com.br\/2026\/04\/28\/328342-anec-projeta-futuro-da-educacao-com-inovacao-em-forum\/#primaryimage","url":"https:\/\/angelboss.com.br\/wp-content\/uploads\/2026\/04\/6a56bd25-1775-426d-ba27-a6f085b5d921.jpg","contentUrl":"https:\/\/angelboss.com.br\/wp-content\/uploads\/2026\/04\/6a56bd25-1775-426d-ba27-a6f085b5d921.jpg","width":1199,"height":800,"caption":"ANEC projeta futuro da educa\u00e7\u00e3o com inova\u00e7\u00e3o em f\u00f3rum"},{"@type":"BreadcrumbList","@id":"https:\/\/angelboss.com.br\/2026\/04\/28\/328342-anec-projeta-futuro-da-educacao-com-inovacao-em-forum\/#breadcrumb","itemListElement":[{"@type":"ListItem","position":1,"name":"In\u00edcio","item":"https:\/\/angelboss.com.br\/en\/"},{"@type":"ListItem","position":2,"name":"ANEC projeta futuro da educa\u00e7\u00e3o com inova\u00e7\u00e3o em f\u00f3rum"}]},{"@type":"WebSite","@id":"https:\/\/angelboss.com.br\/en\/#website","url":"https:\/\/angelboss.com.br\/en\/","name":"Portal Masculino de Moda, Beleza, Luxo e Business - Angel Boss","description":"O Maior Portal sobre Moda, Luxo, Beleza e Business Masculino do Brasil","publisher":{"@id":"https:\/\/angelboss.com.br\/en\/#organization"},"alternateName":"Maior Portal e Blog de Beleza Masculina e Luxo","potentialAction":[{"@type":"SearchAction","target":{"@type":"EntryPoint","urlTemplate":"https:\/\/angelboss.com.br\/en\/?s={search_term_string}"},"query-input":{"@type":"PropertyValueSpecification","valueRequired":true,"valueName":"search_term_string"}}],"inLanguage":"en-US"},{"@type":"Organization","@id":"https:\/\/angelboss.com.br\/en\/#organization","name":"Portal Masculino de Moda, Beleza, Luxo and Business - Angel Boss","url":"https:\/\/angelboss.com.br\/en\/","logo":{"@type":"ImageObject","inLanguage":"en-US","@id":"https:\/\/angelboss.com.br\/en\/#\/schema\/logo\/image\/","url":"http:\/\/angelboss.com.br\/wp-content\/uploads\/2025\/12\/WhatsApp-Image-2025-12-11-at-12.54.26.jpeg","contentUrl":"http:\/\/angelboss.com.br\/wp-content\/uploads\/2025\/12\/WhatsApp-Image-2025-12-11-at-12.54.26.jpeg","width":1280,"height":1280,"caption":"Portal Masculino de Moda, Beleza, Luxo and Business - Angel Boss"},"image":{"@id":"https:\/\/angelboss.com.br\/en\/#\/schema\/logo\/image\/"}},{"@type":"Person","@id":"https:\/\/angelboss.com.br\/en\/#\/schema\/person\/b6676b8d991f97199ef2d5b8e5c2d8a5","name":"DINO","image":{"@type":"ImageObject","inLanguage":"en-US","@id":"https:\/\/secure.gravatar.com\/avatar\/f29568383aedf96da155b6f87103b0e04b1c662f982055cda25086444ab33ff8?s=96&d=mm&r=g","url":"https:\/\/secure.gravatar.com\/avatar\/f29568383aedf96da155b6f87103b0e04b1c662f982055cda25086444ab33ff8?s=96&d=mm&r=g","contentUrl":"https:\/\/secure.gravatar.com\/avatar\/f29568383aedf96da155b6f87103b0e04b1c662f982055cda25086444ab33ff8?s=96&d=mm&r=g","caption":"DINO"},"url":"https:\/\/angelboss.com.br\/en\/author\/DINO\/"}]}},"amp_enabled":true,"_links":{"self":[{"href":"https:\/\/angelboss.com.br\/en\/wp-json\/wp\/v2\/posts\/20581","targetHints":{"allow":["GET"]}}],"collection":[{"href":"https:\/\/angelboss.com.br\/en\/wp-json\/wp\/v2\/posts"}],"about":[{"href":"https:\/\/angelboss.com.br\/en\/wp-json\/wp\/v2\/types\/post"}],"author":[{"embeddable":true,"href":"https:\/\/angelboss.com.br\/en\/wp-json\/wp\/v2\/users\/3"}],"replies":[{"embeddable":true,"href":"https:\/\/angelboss.com.br\/en\/wp-json\/wp\/v2\/comments?post=20581"}],"version-history":[{"count":0,"href":"https:\/\/angelboss.com.br\/en\/wp-json\/wp\/v2\/posts\/20581\/revisions"}],"wp:featuredmedia":[{"embeddable":true,"href":"https:\/\/angelboss.com.br\/en\/wp-json\/wp\/v2\/media\/20582"}],"wp:attachment":[{"href":"https:\/\/angelboss.com.br\/en\/wp-json\/wp\/v2\/media?parent=20581"}],"wp:term":[{"taxonomy":"category","embeddable":true,"href":"https:\/\/angelboss.com.br\/en\/wp-json\/wp\/v2\/categories?post=20581"},{"taxonomy":"post_tag","embeddable":true,"href":"https:\/\/angelboss.com.br\/en\/wp-json\/wp\/v2\/tags?post=20581"}],"curies":[{"name":"wp","href":"https:\/\/api.w.org\/{rel}","templated":true}]}}