{"id":20421,"date":"2026-04-27T00:00:00","date_gmt":"2026-04-27T00:00:00","guid":{"rendered":"https:\/\/angelboss.com.br\/2026\/04\/27\/327678-ferramentas-integradas-auxiliam-gestao-na-advocacia\/"},"modified":"2026-04-27T00:00:00","modified_gmt":"2026-04-27T00:00:00","slug":"327678-ferramentas-integradas-auxiliam-gestao-na-advocacia","status":"publish","type":"post","link":"https:\/\/angelboss.com.br\/en\/2026\/04\/27\/327678-ferramentas-integradas-auxiliam-gestao-na-advocacia\/","title":{"rendered":"Ferramentas integradas auxiliam gest\u00e3o na advocacia"},"content":{"rendered":"<p>De acordo com a pesquisa Engaja S\/A, sal\u00e1rios baixos e sentimento de estagna\u00e7\u00e3o na carreira s\u00e3o os principais motivos que levam os brasileiros a pedir demiss\u00e3o. O levantamento foi feito pela Flash em parceria com a Escola de Administra\u00e7\u00e3o de Empresas de S\u00e3o Paulo da Funda\u00e7\u00e3o Getulio Vargas (FGV-EAESP) e o Talenses Group, tendo sido repercutido pelo <a href=\"https:\/\/g1.globo.com\/trabalho-e-carreira\/noticia\/2025\/04\/30\/salarios-baixos-e-estagnacao-lideram-motivos-para-pedidos-de-demissao-diz-estudo.ghtml\" rel=\"follow\"><em>g1<\/em><\/a>.<\/p>\n<p>Apesar de a pesquisa n\u00e3o citar especificamente a \u00e1rea do Direito, advogados tamb\u00e9m enfrentam com frequ\u00eancia um sentimento de estagna\u00e7\u00e3o, explica Priscila Pinheiro, advogada e CEO do Grupo Adali, ecossistema de solu\u00e7\u00f5es tecnol\u00f3gicas para o meio jur\u00eddico. Segundo ela, um dos fatores \u00e9 a concentra\u00e7\u00e3o excessiva de tempo do profissional em atividades operacionais.<\/p>\n<p>&quot;Muitos advogados acabam dedicando grande parte do dia \u00e0 execu\u00e7\u00e3o de tarefas repetitivas, como elabora\u00e7\u00e3o de documentos, organiza\u00e7\u00e3o de demandas e acompanhamento de processos, o que reduz o espa\u00e7o para atua\u00e7\u00e3o estrat\u00e9gica&quot;, avalia Pinheiro.<\/p>\n<p>&quot;Al\u00e9m disso, h\u00e1 desafios relacionados ao posicionamento no mercado e \u00e0 dificuldade de estruturar uma rotina que favore\u00e7a o crescimento, especialmente entre profissionais aut\u00f4nomos e pequenos escrit\u00f3rios&quot;, completa a advogada.<\/p>\n<p>Gian Nunes, cofundador do Grupo Adali, compartilha da mesma avalia\u00e7\u00e3o de Pinheiro. Ele diz que a sobrecarga operacional limita a capacidade do advogado de evoluir na carreira. Quando a maior parte do tempo \u00e9 consumida por tarefas operacionais, sobra pouco espa\u00e7o para an\u00e1lise estrat\u00e9gica, prospec\u00e7\u00e3o de clientes e desenvolvimento profissional, detalha Nunes.<\/p>\n<p>Nesse ciclo, o profissional trabalha cada vez mais, mas com pouco avan\u00e7o em termos de posicionamento, faturamento e expans\u00e3o da atua\u00e7\u00e3o. A aus\u00eancia de ferramentas integradas \u00e9 um dos fatores que contribuem para esse tipo de situa\u00e7\u00e3o, afirma o executivo.<\/p>\n<p>&quot;Quando o advogado utiliza m\u00faltiplas ferramentas desconectadas \u2014 uma para documentos, outra para gest\u00e3o, outra para comunica\u00e7\u00e3o \u2014 h\u00e1 perda de tempo, retrabalho e maior risco de erros. A falta de integra\u00e7\u00e3o dificulta a vis\u00e3o completa das demandas e torna a rotina mais fragmentada. Isso impacta diretamente a produtividade e a capacidade de organizar o fluxo de trabalho de forma eficiente&quot;, ressalta Nunes.<\/p>\n<p>A centraliza\u00e7\u00e3o, por outro lado, permite que o advogado tenha uma vis\u00e3o mais clara e organizada de toda a sua opera\u00e7\u00e3o. Pinheiro refor\u00e7a que, quando diferentes etapas do trabalho est\u00e3o reunidas em um \u00fanico ambiente, h\u00e1 ganho de tempo, redu\u00e7\u00e3o de retrabalho e mais previsibilidade na execu\u00e7\u00e3o das atividades. Como resultado, a tomada de decis\u00e3o se torna mais f\u00e1cil e o profissional passa a ter mais controle sobre sua rotina, conseguindo equilibrar melhor execu\u00e7\u00e3o e estrat\u00e9gia.<\/p>\n<p>Ao identificar essa demanda no mercado, o Grupo Adali lan\u00e7ou uma plataforma que centraliza as atividades do dia a dia na advocacia. O <a href=\"https:\/\/jusdinamico.com.br\/?source=dino\" rel=\"follow\">JusDin\u00e2mico<\/a> re\u00fane prospec\u00e7\u00e3o de clientes, produ\u00e7\u00e3o de pe\u00e7as simples e complexas, cadastros de clientes, prazos, entre outras ferramentas que auxiliam a rotina do advogado de ponta a ponta, tudo em um s\u00f3 lugar. A plataforma permite ainda que o profissional organize suas informa\u00e7\u00f5es, apresente suas \u00e1reas de atua\u00e7\u00e3o e tenha um espa\u00e7o pr\u00f3prio para consolidar sua identidade no ambiente digital a partir da cria\u00e7\u00e3o de site profissional e produ\u00e7\u00e3o de artigos jur\u00eddicos.<\/p>\n<p>Com todas essas funcionalidades em uma s\u00f3 plataforma, a ideia \u00e9 ajudar os advogados a economizarem tempo, reduzirem a sobrecarga com tarefas operacionais e direcionarem seus esfor\u00e7os para atividades mais estrat\u00e9gicas.<\/p>\n<p>Isso abre espa\u00e7o para o desenvolvimento de novas oportunidades de neg\u00f3cio, fortalecimento do posicionamento no mercado e, consequentemente, maior satisfa\u00e7\u00e3o profissional, sintetiza Pinheiro.<\/p>\n<p>&quot;Ao otimizar a rotina e oferecer mais controle sobre os processos, solu\u00e7\u00f5es integradas como essa podem contribuir para quebrar o ciclo de estagna\u00e7\u00e3o, permitindo que o advogado evolua n\u00e3o apenas em produtividade, mas tamb\u00e9m em perspectiva de carreira e qualidade de vida&quot;, diz a CEO.<\/p>\n<p>Para saber mais, basta acessar: <a href=\"https:\/\/jusdinamico.com.br\/?source=dino\" rel=\"follow\">https:\/\/jusdinamico.com.br<\/a><\/p>\n<p><img src='https:\/\/api.dino.com.br\/v2\/news\/tr\/327678?partnerId=4593' alt=\"\" style=\"border:0px;width:1px;height:1px;\" \/><\/p>","protected":false},"excerpt":{"rendered":"<p>Executivos do Grupo Adali explicam que a sobrecarga operacional limita a capacidade do advogado de evoluir na carreira. Por outro lado, centralizar e integrar ferramentas ajuda a ganhar produtividade e efici\u00eancia.<\/p>","protected":false},"author":3,"featured_media":20422,"comment_status":"open","ping_status":"open","sticky":false,"template":"","format":"standard","meta":{"footnotes":""},"categories":[315],"tags":[342,374,324,340,323],"class_list":{"0":"post-20421","1":"post","2":"type-post","3":"status-publish","4":"format-standard","5":"has-post-thumbnail","7":"category-noticias-corporativas-dino","8":"tag-empreendedorismo","9":"tag-judiciario","10":"tag-negocios","11":"tag-startups","12":"tag-tecnologia"},"yoast_head":"<!-- This site is optimized with the Yoast SEO plugin v27.4 - https:\/\/yoast.com\/product\/yoast-seo-wordpress\/ -->\n<title>Ferramentas integradas auxiliam gest\u00e3o na advocacia - Portal Masculino de Moda, Beleza, Luxo and Business - Angel Boss<\/title>\n<meta name=\"robots\" content=\"index, follow, max-snippet:-1, max-image-preview:large, max-video-preview:-1\" \/>\n<link rel=\"canonical\" href=\"https:\/\/angelboss.com.br\/en\/2026\/04\/27\/327678-ferramentas-integradas-auxiliam-gestao-na-advocacia\/\" \/>\n<meta property=\"og:locale\" content=\"en_US\" \/>\n<meta property=\"og:type\" content=\"article\" \/>\n<meta property=\"og:title\" content=\"Ferramentas integradas auxiliam gest\u00e3o na advocacia - Portal Masculino de Moda, Beleza, Luxo and Business - Angel Boss\" \/>\n<meta property=\"og:description\" content=\"Executivos do Grupo Adali explicam que a sobrecarga operacional limita a capacidade do advogado de evoluir na carreira. Por outro lado, centralizar e integrar ferramentas ajuda a ganhar produtividade e efici\u00eancia.\" \/>\n<meta property=\"og:url\" content=\"https:\/\/angelboss.com.br\/en\/2026\/04\/27\/327678-ferramentas-integradas-auxiliam-gestao-na-advocacia\/\" \/>\n<meta property=\"og:site_name\" content=\"Portal Masculino de Moda, Beleza, Luxo and Business - Angel Boss\" \/>\n<meta property=\"article:published_time\" content=\"2026-04-27T00:00:00+00:00\" \/>\n<meta property=\"og:image\" content=\"https:\/\/api.dino.com.br\/v2\/news\/tr\/327678?partnerId=4593\" \/>\n<meta name=\"author\" content=\"DINO\" \/>\n<meta name=\"twitter:card\" content=\"summary_large_image\" \/>\n<meta name=\"twitter:label1\" content=\"Written by\" \/>\n\t<meta name=\"twitter:data1\" content=\"DINO\" \/>\n\t<meta name=\"twitter:label2\" content=\"Est. reading time\" \/>\n\t<meta name=\"twitter:data2\" content=\"3 minutes\" \/>\n<script type=\"application\/ld+json\" class=\"yoast-schema-graph\">{\"@context\":\"https:\\\/\\\/schema.org\",\"@graph\":[{\"@type\":\"Article\",\"@id\":\"https:\\\/\\\/angelboss.com.br\\\/2026\\\/04\\\/27\\\/327678-ferramentas-integradas-auxiliam-gestao-na-advocacia\\\/#article\",\"isPartOf\":{\"@id\":\"https:\\\/\\\/angelboss.com.br\\\/2026\\\/04\\\/27\\\/327678-ferramentas-integradas-auxiliam-gestao-na-advocacia\\\/\"},\"author\":{\"name\":\"DINO\",\"@id\":\"http:\\\/\\\/angelboss.com.br\\\/#\\\/schema\\\/person\\\/b6676b8d991f97199ef2d5b8e5c2d8a5\"},\"headline\":\"Ferramentas integradas auxiliam gest\u00e3o na advocacia\",\"datePublished\":\"2026-04-27T00:00:00+00:00\",\"mainEntityOfPage\":{\"@id\":\"https:\\\/\\\/angelboss.com.br\\\/2026\\\/04\\\/27\\\/327678-ferramentas-integradas-auxiliam-gestao-na-advocacia\\\/\"},\"wordCount\":690,\"commentCount\":0,\"publisher\":{\"@id\":\"http:\\\/\\\/angelboss.com.br\\\/#organization\"},\"image\":{\"@id\":\"https:\\\/\\\/angelboss.com.br\\\/2026\\\/04\\\/27\\\/327678-ferramentas-integradas-auxiliam-gestao-na-advocacia\\\/#primaryimage\"},\"thumbnailUrl\":\"https:\\\/\\\/angelboss.com.br\\\/wp-content\\\/uploads\\\/2026\\\/04\\\/44d66a9e-fea9-467a-a30f-e4ff0dca59c6.jpg\",\"keywords\":[\"EMPREENDEDORISMO\",\"JUDICI\u00c1RIO\",\"NEG\u00d3CIOS\",\"STARTUPS\",\"TECNOLOGIA\"],\"articleSection\":[\"Not\u00edcias Corporativas\"],\"inLanguage\":\"en-US\",\"potentialAction\":[{\"@type\":\"CommentAction\",\"name\":\"Comment\",\"target\":[\"https:\\\/\\\/angelboss.com.br\\\/2026\\\/04\\\/27\\\/327678-ferramentas-integradas-auxiliam-gestao-na-advocacia\\\/#respond\"]}]},{\"@type\":\"WebPage\",\"@id\":\"https:\\\/\\\/angelboss.com.br\\\/2026\\\/04\\\/27\\\/327678-ferramentas-integradas-auxiliam-gestao-na-advocacia\\\/\",\"url\":\"https:\\\/\\\/angelboss.com.br\\\/2026\\\/04\\\/27\\\/327678-ferramentas-integradas-auxiliam-gestao-na-advocacia\\\/\",\"name\":\"Ferramentas integradas auxiliam gest\u00e3o na advocacia - Portal Masculino de Moda, Beleza, Luxo and Business - Angel Boss\",\"isPartOf\":{\"@id\":\"http:\\\/\\\/angelboss.com.br\\\/#website\"},\"primaryImageOfPage\":{\"@id\":\"https:\\\/\\\/angelboss.com.br\\\/2026\\\/04\\\/27\\\/327678-ferramentas-integradas-auxiliam-gestao-na-advocacia\\\/#primaryimage\"},\"image\":{\"@id\":\"https:\\\/\\\/angelboss.com.br\\\/2026\\\/04\\\/27\\\/327678-ferramentas-integradas-auxiliam-gestao-na-advocacia\\\/#primaryimage\"},\"thumbnailUrl\":\"https:\\\/\\\/angelboss.com.br\\\/wp-content\\\/uploads\\\/2026\\\/04\\\/44d66a9e-fea9-467a-a30f-e4ff0dca59c6.jpg\",\"datePublished\":\"2026-04-27T00:00:00+00:00\",\"breadcrumb\":{\"@id\":\"https:\\\/\\\/angelboss.com.br\\\/2026\\\/04\\\/27\\\/327678-ferramentas-integradas-auxiliam-gestao-na-advocacia\\\/#breadcrumb\"},\"inLanguage\":\"en-US\",\"potentialAction\":[{\"@type\":\"ReadAction\",\"target\":[\"https:\\\/\\\/angelboss.com.br\\\/2026\\\/04\\\/27\\\/327678-ferramentas-integradas-auxiliam-gestao-na-advocacia\\\/\"]}]},{\"@type\":\"ImageObject\",\"inLanguage\":\"en-US\",\"@id\":\"https:\\\/\\\/angelboss.com.br\\\/2026\\\/04\\\/27\\\/327678-ferramentas-integradas-auxiliam-gestao-na-advocacia\\\/#primaryimage\",\"url\":\"https:\\\/\\\/angelboss.com.br\\\/wp-content\\\/uploads\\\/2026\\\/04\\\/44d66a9e-fea9-467a-a30f-e4ff0dca59c6.jpg\",\"contentUrl\":\"https:\\\/\\\/angelboss.com.br\\\/wp-content\\\/uploads\\\/2026\\\/04\\\/44d66a9e-fea9-467a-a30f-e4ff0dca59c6.jpg\",\"width\":1200,\"height\":800,\"caption\":\"Ferramentas integradas auxiliam gest\u00e3o na advocacia\"},{\"@type\":\"BreadcrumbList\",\"@id\":\"https:\\\/\\\/angelboss.com.br\\\/2026\\\/04\\\/27\\\/327678-ferramentas-integradas-auxiliam-gestao-na-advocacia\\\/#breadcrumb\",\"itemListElement\":[{\"@type\":\"ListItem\",\"position\":1,\"name\":\"In\u00edcio\",\"item\":\"http:\\\/\\\/angelboss.com.br\\\/\"},{\"@type\":\"ListItem\",\"position\":2,\"name\":\"Ferramentas integradas auxiliam gest\u00e3o na advocacia\"}]},{\"@type\":\"WebSite\",\"@id\":\"http:\\\/\\\/angelboss.com.br\\\/#website\",\"url\":\"http:\\\/\\\/angelboss.com.br\\\/\",\"name\":\"Portal Masculino de Moda, Beleza, Luxo e Business - Angel Boss\",\"description\":\"O Maior Portal sobre Moda, Luxo, Beleza e Business Masculino do Brasil\",\"publisher\":{\"@id\":\"http:\\\/\\\/angelboss.com.br\\\/#organization\"},\"alternateName\":\"Maior Portal e Blog de Beleza Masculina e Luxo\",\"potentialAction\":[{\"@type\":\"SearchAction\",\"target\":{\"@type\":\"EntryPoint\",\"urlTemplate\":\"http:\\\/\\\/angelboss.com.br\\\/?s={search_term_string}\"},\"query-input\":{\"@type\":\"PropertyValueSpecification\",\"valueRequired\":true,\"valueName\":\"search_term_string\"}}],\"inLanguage\":\"en-US\"},{\"@type\":\"Organization\",\"@id\":\"http:\\\/\\\/angelboss.com.br\\\/#organization\",\"name\":\"Portal Masculino de Moda, Beleza, Luxo and Business - Angel Boss\",\"url\":\"http:\\\/\\\/angelboss.com.br\\\/\",\"logo\":{\"@type\":\"ImageObject\",\"inLanguage\":\"en-US\",\"@id\":\"http:\\\/\\\/angelboss.com.br\\\/#\\\/schema\\\/logo\\\/image\\\/\",\"url\":\"http:\\\/\\\/angelboss.com.br\\\/wp-content\\\/uploads\\\/2025\\\/12\\\/WhatsApp-Image-2025-12-11-at-12.54.26.jpeg\",\"contentUrl\":\"http:\\\/\\\/angelboss.com.br\\\/wp-content\\\/uploads\\\/2025\\\/12\\\/WhatsApp-Image-2025-12-11-at-12.54.26.jpeg\",\"width\":1280,\"height\":1280,\"caption\":\"Portal Masculino de Moda, Beleza, Luxo and Business - Angel Boss\"},\"image\":{\"@id\":\"http:\\\/\\\/angelboss.com.br\\\/#\\\/schema\\\/logo\\\/image\\\/\"}},{\"@type\":\"Person\",\"@id\":\"http:\\\/\\\/angelboss.com.br\\\/#\\\/schema\\\/person\\\/b6676b8d991f97199ef2d5b8e5c2d8a5\",\"name\":\"DINO\",\"image\":{\"@type\":\"ImageObject\",\"inLanguage\":\"en-US\",\"@id\":\"https:\\\/\\\/secure.gravatar.com\\\/avatar\\\/f29568383aedf96da155b6f87103b0e04b1c662f982055cda25086444ab33ff8?s=96&d=mm&r=g\",\"url\":\"https:\\\/\\\/secure.gravatar.com\\\/avatar\\\/f29568383aedf96da155b6f87103b0e04b1c662f982055cda25086444ab33ff8?s=96&d=mm&r=g\",\"contentUrl\":\"https:\\\/\\\/secure.gravatar.com\\\/avatar\\\/f29568383aedf96da155b6f87103b0e04b1c662f982055cda25086444ab33ff8?s=96&d=mm&r=g\",\"caption\":\"DINO\"},\"url\":\"https:\\\/\\\/angelboss.com.br\\\/en\\\/author\\\/DINO\\\/\"}]}<\/script>\n<!-- \/ Yoast SEO plugin. -->","yoast_head_json":{"title":"Ferramentas integradas auxiliam gest\u00e3o na advocacia - Portal Masculino de Moda, Beleza, Luxo and Business - Angel Boss","robots":{"index":"index","follow":"follow","max-snippet":"max-snippet:-1","max-image-preview":"max-image-preview:large","max-video-preview":"max-video-preview:-1"},"canonical":"https:\/\/angelboss.com.br\/en\/2026\/04\/27\/327678-ferramentas-integradas-auxiliam-gestao-na-advocacia\/","og_locale":"en_US","og_type":"article","og_title":"Ferramentas integradas auxiliam gest\u00e3o na advocacia - Portal Masculino de Moda, Beleza, Luxo and Business - Angel Boss","og_description":"Executivos do Grupo Adali explicam que a sobrecarga operacional limita a capacidade do advogado de evoluir na carreira. Por outro lado, centralizar e integrar ferramentas ajuda a ganhar produtividade e efici\u00eancia.","og_url":"https:\/\/angelboss.com.br\/en\/2026\/04\/27\/327678-ferramentas-integradas-auxiliam-gestao-na-advocacia\/","og_site_name":"Portal Masculino de Moda, Beleza, Luxo and Business - Angel Boss","article_published_time":"2026-04-27T00:00:00+00:00","og_image":[{"url":"https:\/\/api.dino.com.br\/v2\/news\/tr\/327678?partnerId=4593","type":"","width":"","height":""}],"author":"DINO","twitter_card":"summary_large_image","twitter_misc":{"Written by":"DINO","Est. reading time":"3 minutes"},"schema":{"@context":"https:\/\/schema.org","@graph":[{"@type":"Article","@id":"https:\/\/angelboss.com.br\/2026\/04\/27\/327678-ferramentas-integradas-auxiliam-gestao-na-advocacia\/#article","isPartOf":{"@id":"https:\/\/angelboss.com.br\/2026\/04\/27\/327678-ferramentas-integradas-auxiliam-gestao-na-advocacia\/"},"author":{"name":"DINO","@id":"http:\/\/angelboss.com.br\/#\/schema\/person\/b6676b8d991f97199ef2d5b8e5c2d8a5"},"headline":"Ferramentas integradas auxiliam gest\u00e3o na advocacia","datePublished":"2026-04-27T00:00:00+00:00","mainEntityOfPage":{"@id":"https:\/\/angelboss.com.br\/2026\/04\/27\/327678-ferramentas-integradas-auxiliam-gestao-na-advocacia\/"},"wordCount":690,"commentCount":0,"publisher":{"@id":"http:\/\/angelboss.com.br\/#organization"},"image":{"@id":"https:\/\/angelboss.com.br\/2026\/04\/27\/327678-ferramentas-integradas-auxiliam-gestao-na-advocacia\/#primaryimage"},"thumbnailUrl":"https:\/\/angelboss.com.br\/wp-content\/uploads\/2026\/04\/44d66a9e-fea9-467a-a30f-e4ff0dca59c6.jpg","keywords":["EMPREENDEDORISMO","JUDICI\u00c1RIO","NEG\u00d3CIOS","STARTUPS","TECNOLOGIA"],"articleSection":["Not\u00edcias Corporativas"],"inLanguage":"en-US","potentialAction":[{"@type":"CommentAction","name":"Comment","target":["https:\/\/angelboss.com.br\/2026\/04\/27\/327678-ferramentas-integradas-auxiliam-gestao-na-advocacia\/#respond"]}]},{"@type":"WebPage","@id":"https:\/\/angelboss.com.br\/2026\/04\/27\/327678-ferramentas-integradas-auxiliam-gestao-na-advocacia\/","url":"https:\/\/angelboss.com.br\/2026\/04\/27\/327678-ferramentas-integradas-auxiliam-gestao-na-advocacia\/","name":"Ferramentas integradas auxiliam gest\u00e3o na advocacia - Portal Masculino de Moda, Beleza, Luxo and Business - Angel Boss","isPartOf":{"@id":"http:\/\/angelboss.com.br\/#website"},"primaryImageOfPage":{"@id":"https:\/\/angelboss.com.br\/2026\/04\/27\/327678-ferramentas-integradas-auxiliam-gestao-na-advocacia\/#primaryimage"},"image":{"@id":"https:\/\/angelboss.com.br\/2026\/04\/27\/327678-ferramentas-integradas-auxiliam-gestao-na-advocacia\/#primaryimage"},"thumbnailUrl":"https:\/\/angelboss.com.br\/wp-content\/uploads\/2026\/04\/44d66a9e-fea9-467a-a30f-e4ff0dca59c6.jpg","datePublished":"2026-04-27T00:00:00+00:00","breadcrumb":{"@id":"https:\/\/angelboss.com.br\/2026\/04\/27\/327678-ferramentas-integradas-auxiliam-gestao-na-advocacia\/#breadcrumb"},"inLanguage":"en-US","potentialAction":[{"@type":"ReadAction","target":["https:\/\/angelboss.com.br\/2026\/04\/27\/327678-ferramentas-integradas-auxiliam-gestao-na-advocacia\/"]}]},{"@type":"ImageObject","inLanguage":"en-US","@id":"https:\/\/angelboss.com.br\/2026\/04\/27\/327678-ferramentas-integradas-auxiliam-gestao-na-advocacia\/#primaryimage","url":"https:\/\/angelboss.com.br\/wp-content\/uploads\/2026\/04\/44d66a9e-fea9-467a-a30f-e4ff0dca59c6.jpg","contentUrl":"https:\/\/angelboss.com.br\/wp-content\/uploads\/2026\/04\/44d66a9e-fea9-467a-a30f-e4ff0dca59c6.jpg","width":1200,"height":800,"caption":"Ferramentas integradas auxiliam gest\u00e3o na advocacia"},{"@type":"BreadcrumbList","@id":"https:\/\/angelboss.com.br\/2026\/04\/27\/327678-ferramentas-integradas-auxiliam-gestao-na-advocacia\/#breadcrumb","itemListElement":[{"@type":"ListItem","position":1,"name":"In\u00edcio","item":"http:\/\/angelboss.com.br\/"},{"@type":"ListItem","position":2,"name":"Ferramentas integradas auxiliam gest\u00e3o na advocacia"}]},{"@type":"WebSite","@id":"http:\/\/angelboss.com.br\/#website","url":"http:\/\/angelboss.com.br\/","name":"Portal Masculino de Moda, Beleza, Luxo e Business - Angel Boss","description":"O Maior Portal sobre Moda, Luxo, Beleza e Business Masculino do Brasil","publisher":{"@id":"http:\/\/angelboss.com.br\/#organization"},"alternateName":"Maior Portal e Blog de Beleza Masculina e Luxo","potentialAction":[{"@type":"SearchAction","target":{"@type":"EntryPoint","urlTemplate":"http:\/\/angelboss.com.br\/?s={search_term_string}"},"query-input":{"@type":"PropertyValueSpecification","valueRequired":true,"valueName":"search_term_string"}}],"inLanguage":"en-US"},{"@type":"Organization","@id":"http:\/\/angelboss.com.br\/#organization","name":"Portal Masculino de Moda, Beleza, Luxo and Business - Angel Boss","url":"http:\/\/angelboss.com.br\/","logo":{"@type":"ImageObject","inLanguage":"en-US","@id":"http:\/\/angelboss.com.br\/#\/schema\/logo\/image\/","url":"http:\/\/angelboss.com.br\/wp-content\/uploads\/2025\/12\/WhatsApp-Image-2025-12-11-at-12.54.26.jpeg","contentUrl":"http:\/\/angelboss.com.br\/wp-content\/uploads\/2025\/12\/WhatsApp-Image-2025-12-11-at-12.54.26.jpeg","width":1280,"height":1280,"caption":"Portal Masculino de Moda, Beleza, Luxo and Business - Angel Boss"},"image":{"@id":"http:\/\/angelboss.com.br\/#\/schema\/logo\/image\/"}},{"@type":"Person","@id":"http:\/\/angelboss.com.br\/#\/schema\/person\/b6676b8d991f97199ef2d5b8e5c2d8a5","name":"DINO","image":{"@type":"ImageObject","inLanguage":"en-US","@id":"https:\/\/secure.gravatar.com\/avatar\/f29568383aedf96da155b6f87103b0e04b1c662f982055cda25086444ab33ff8?s=96&d=mm&r=g","url":"https:\/\/secure.gravatar.com\/avatar\/f29568383aedf96da155b6f87103b0e04b1c662f982055cda25086444ab33ff8?s=96&d=mm&r=g","contentUrl":"https:\/\/secure.gravatar.com\/avatar\/f29568383aedf96da155b6f87103b0e04b1c662f982055cda25086444ab33ff8?s=96&d=mm&r=g","caption":"DINO"},"url":"https:\/\/angelboss.com.br\/en\/author\/DINO\/"}]}},"amp_enabled":true,"_links":{"self":[{"href":"https:\/\/angelboss.com.br\/en\/wp-json\/wp\/v2\/posts\/20421","targetHints":{"allow":["GET"]}}],"collection":[{"href":"https:\/\/angelboss.com.br\/en\/wp-json\/wp\/v2\/posts"}],"about":[{"href":"https:\/\/angelboss.com.br\/en\/wp-json\/wp\/v2\/types\/post"}],"author":[{"embeddable":true,"href":"https:\/\/angelboss.com.br\/en\/wp-json\/wp\/v2\/users\/3"}],"replies":[{"embeddable":true,"href":"https:\/\/angelboss.com.br\/en\/wp-json\/wp\/v2\/comments?post=20421"}],"version-history":[{"count":0,"href":"https:\/\/angelboss.com.br\/en\/wp-json\/wp\/v2\/posts\/20421\/revisions"}],"wp:featuredmedia":[{"embeddable":true,"href":"https:\/\/angelboss.com.br\/en\/wp-json\/wp\/v2\/media\/20422"}],"wp:attachment":[{"href":"https:\/\/angelboss.com.br\/en\/wp-json\/wp\/v2\/media?parent=20421"}],"wp:term":[{"taxonomy":"category","embeddable":true,"href":"https:\/\/angelboss.com.br\/en\/wp-json\/wp\/v2\/categories?post=20421"},{"taxonomy":"post_tag","embeddable":true,"href":"https:\/\/angelboss.com.br\/en\/wp-json\/wp\/v2\/tags?post=20421"}],"curies":[{"name":"wp","href":"https:\/\/api.w.org\/{rel}","templated":true}]}}