{"id":20419,"date":"2026-04-27T16:46:45","date_gmt":"2026-04-27T16:46:45","guid":{"rendered":"https:\/\/angelboss.com.br\/?p=20419"},"modified":"2026-04-27T16:47:08","modified_gmt":"2026-04-27T16:47:08","slug":"mata-lab-sao-paulo-beleza-acessorios-design-autoral-2026","status":"publish","type":"post","link":"https:\/\/angelboss.com.br\/en\/2026\/04\/27\/mata-lab-sao-paulo-beleza-acessorios-design-autoral-2026\/","title":{"rendered":"Mata Lab amplia sua plataforma de criadores com novos espa\u00e7os de Beleza e Acess\u00f3rios"},"content":{"rendered":"<p><em>A&nbsp;plataforma&nbsp;de&nbsp;criadores&nbsp;de&nbsp;moda,&nbsp;beleza&nbsp;e&nbsp;design da&nbsp;Mata&nbsp;S\u00e3o Paulo inaugura uma nova fase&nbsp;com&nbsp;ambientes voltados \u00e0&nbsp;beleza, bolsas, sapatos&nbsp;e&nbsp;\u00f3culos&nbsp;de&nbsp;sol, consolidando seu olhar curatorial voltado a promover a pot\u00eancia criativa do Sul Global<\/em><\/p>\n\n\n\n<p>A&nbsp;<strong>Mata&nbsp;Lab<\/strong>&nbsp;inaugura uma nova fase&nbsp;com&nbsp;a abertura&nbsp;de&nbsp;ambientes in\u00e9ditos: um inteiramente&nbsp;dedicado ao universo da&nbsp;beleza, outro aos acess\u00f3rios&nbsp;com&nbsp;foco&nbsp;em sapatos&nbsp;e&nbsp;bolsas brasileiras&nbsp;e&nbsp;uma se\u00e7\u00e3o&nbsp;exclusiva para \u00f3culos&nbsp;de&nbsp;sol. Ap\u00f3s a primeira fase,&nbsp;dedicada \u00e0 moda brasileira&nbsp;e&nbsp;urbana, o projeto&nbsp;amplia&nbsp;sua&nbsp;curadoria para a&nbsp;beleza&nbsp;e&nbsp;os acess\u00f3rios &#8211; categorias que tamb\u00e9m s\u00e3o&nbsp;express\u00e3o&nbsp;de&nbsp;identidade&nbsp;e&nbsp;v\u00ednculo&nbsp;com&nbsp;quem cria,&nbsp;e&nbsp;que aprofundam o conceito da&nbsp;Mata&nbsp;Lab&nbsp;como&nbsp;plataforma&nbsp;que valoriza&nbsp;criadores&nbsp;do Sul Global, onde moda,&nbsp;beleza&nbsp;e&nbsp;design se&nbsp;entrela\u00e7am&nbsp;em uma&nbsp;experi\u00eancia cont\u00ednua&nbsp;de&nbsp;descoberta.<\/p>\n\n\n\n<p>A curadoria, majoritariamente&nbsp;composta por marcas brasileiras,&nbsp;explora cada categoria&nbsp;em profundidade \u2014 do&nbsp;design \u00e0s mat\u00e9rias-primas, dos processos produtivos \u00e0&nbsp;experi\u00eancia sensorial.<\/p>\n\n\n\n<p>Os&nbsp;novos&nbsp;ambientes prop\u00f5em uma rela\u00e7\u00e3o&nbsp;com&nbsp;o consumo mais orientada pela&nbsp;experi\u00eancia&nbsp;e&nbsp;pela&nbsp;descoberta. O ambiente&nbsp;de&nbsp;experimenta\u00e7\u00e3o&nbsp;estrutura uma&nbsp;plataforma&nbsp;din\u00e2mica&nbsp;de&nbsp;relacionamento, que incentiva o contato direto&nbsp;com&nbsp;os produtos para testar, sentir&nbsp;e&nbsp;vestir,&nbsp;e&nbsp;potencializa ativa\u00e7\u00f5es,&nbsp;encontros&nbsp;e&nbsp;programa\u00e7\u00f5es. Um&nbsp;ecossistema&nbsp;em movimento que fortalece as conex\u00f5es&nbsp;entre marcas,&nbsp;criadores&nbsp;e&nbsp;p\u00fablico.<\/p>\n\n\n\n<h3 class=\"wp-block-heading\"><strong>A&nbsp;Beleza&nbsp;como Ritual&nbsp;de&nbsp;Experimenta\u00e7\u00e3o<\/strong><\/h3>\n\n\n\n<p>A \u00e1rea&nbsp;dedicada \u00e0&nbsp;Beleza&nbsp;nasce&nbsp;de&nbsp;uma convic\u00e7\u00e3o: o corpo \u00e9 organismo vivo, n\u00e3o superf\u00edcie a ser corrigida.&nbsp;E&nbsp;o cuidado&nbsp;com&nbsp;ele \u00e9 gesto&nbsp;de&nbsp;conex\u00e3o&nbsp;com&nbsp;a natureza &#8211; pele, cabelo&nbsp;e&nbsp;presen\u00e7a se&nbsp;encontram&nbsp;com&nbsp;ingredientes reais, plantas, \u00f3leos,&nbsp;extratos,&nbsp;em processos que respeitam ciclos&nbsp;e&nbsp;o tempo&nbsp;de&nbsp;quem faz&nbsp;e&nbsp;de&nbsp;quem usa. Inspirado pelo conceito&nbsp;de&nbsp;<em>green beauty<\/em>, que tem&nbsp;como principal pilar formula\u00e7\u00f5es&nbsp;de&nbsp;origem natural, que priorizam o bem-estar aliado ao cuidado&nbsp;com&nbsp;o planeta, o&nbsp;espa\u00e7o&nbsp;de&nbsp;Beleza&nbsp;traz uma abordagem&nbsp;de&nbsp;cuidado que integra sa\u00fade, natureza&nbsp;e&nbsp;responsabilidade.&nbsp;<\/p>\n\n\n\n<p>Mais do que&nbsp;est\u00e9tica, prop\u00f5e&nbsp;uma rela\u00e7\u00e3o mais consciente&nbsp;e&nbsp;sustent\u00e1vel&nbsp;com&nbsp;a&nbsp;beleza&nbsp;como um ritual. Ao lado&nbsp;de&nbsp;<em>skincare<\/em>&nbsp;e&nbsp;maquiagem, o&nbsp;espa\u00e7o re\u00fane velas, incensos&nbsp;e&nbsp;objetos que convidam ao&nbsp;estado presente &#8211; porque autocuidado tamb\u00e9m \u00e9 pausa, respira\u00e7\u00e3o&nbsp;e&nbsp;escuta.<\/p>\n\n\n\n<figure class=\"wp-block-image\"><img decoding=\"async\" src=\"https:\/\/s3.us-east-1.wasabisys.com\/wasabi.cse360.com.br\/email-editor-files\/63eb09da-0e77-4234-a463-08d9f0b2efaa\/751c2d68-bdba-4b2b-ac7d-6b485f5cb223.jpg\" alt=\"\"\/><\/figure>\n\n\n\n<p>S\u00e3o&nbsp;<strong>mais&nbsp;de&nbsp;80 marcas<\/strong>, a maioria brasileiras,&nbsp;em uma imers\u00e3o que articula produto, arquitetura&nbsp;e&nbsp;experi\u00eancia sensorial. A curadoria privilegia nomes autorais que trabalham&nbsp;com&nbsp;<strong>mat\u00e9rias-primas da biodiversidade brasileira<\/strong>&nbsp;&#8211; pracaxi, murumuru, cupua\u00e7u, jambu, andiroba, argila, manteigas vegetais,&nbsp;extratos bot\u00e2nicos &#8211;&nbsp;em formula\u00e7\u00f5es majoritariamente veganas&nbsp;e&nbsp;livres&nbsp;de&nbsp;aditivos sint\u00e9ticos. Muitas&nbsp;dessas marcas produzem&nbsp;em pequena&nbsp;escala,&nbsp;em parceria direta&nbsp;com&nbsp;comunidades ribeirinhas da Amaz\u00f4nia, agricultores familiares&nbsp;e&nbsp;coletivos&nbsp;de&nbsp;artes\u00e3s, trazendo \u00e0&nbsp;beleza&nbsp;contempor\u00e2nea a pot\u00eancia&nbsp;de&nbsp;saberes que atravessam gera\u00e7\u00f5es.<\/p>\n\n\n\n<p>Entre os nomes presentes&nbsp;est\u00e3o a marca&nbsp;<strong>Glas<\/strong>, que trabalha&nbsp;com&nbsp;grupos&nbsp;de&nbsp;mulheres no Norte&nbsp;e&nbsp;Nordeste do Brasil, conhecidas&nbsp;como as quebradeiras&nbsp;de&nbsp;coco baba\u00e7u, organizadas por meio do Movimento Interestadual das Quebradeiras&nbsp;de&nbsp;Coco Baba\u00e7u (MIQCB), que colhem&nbsp;esse fruto que d\u00e1 origem ao principal ativo da marca;&nbsp;e&nbsp;a&nbsp;<strong>Lalume Beauty<\/strong>, que inova&nbsp;com&nbsp;tecnologia&nbsp;est\u00e9tica por meio&nbsp;de&nbsp;aparelhos faciais&nbsp;com&nbsp;terapia&nbsp;de&nbsp;luz, voltados para tratamentos&nbsp;de&nbsp;acne, antienvelhecimento&nbsp;e&nbsp;hidrata\u00e7\u00e3o, al\u00e9m&nbsp;de&nbsp;dispositivos focados&nbsp;em&nbsp;<em>wellness<\/em>, que auxiliam na recupera\u00e7\u00e3o&nbsp;de&nbsp;les\u00f5es causadas por&nbsp;exerc\u00edcios f\u00edsicos.<\/p>\n\n\n\n<figure class=\"wp-block-image\"><img decoding=\"async\" src=\"https:\/\/s3.us-east-1.wasabisys.com\/wasabi.cse360.com.br\/email-editor-files\/63eb09da-0e77-4234-a463-08d9f0b2efaa\/fdae9a29-2d00-4300-af0f-8eeb7432faab.jpg\" alt=\"\"\/><\/figure>\n\n\n\n<p>Outras marcas incluem&nbsp;<strong>Gala di Gaea<\/strong>,&nbsp;<strong>Shin Care<\/strong>,<strong>&nbsp;Bond Rio<\/strong>&nbsp;\u2014 que tem na&nbsp;Mata&nbsp;Lab&nbsp;seu primeiro ponto f\u00edsico \u2014&nbsp;<strong>Care Natural Beauty, GE Beauty, Leoni Beauty, Mellow Body, Juvia, Kuarar, B.O.B, Pantys&nbsp;e&nbsp;Matilda<\/strong>, ao lado&nbsp;de&nbsp;outras que representam diferentes abordagens da&nbsp;beleza&nbsp;contempor\u00e2nea. O que re\u00fane&nbsp;essas marcas \u00e9 a convic\u00e7\u00e3o&nbsp;de&nbsp;que&nbsp;beleza&nbsp;come\u00e7a no que a natureza oferece&nbsp;e&nbsp;no cuidado&nbsp;de&nbsp;quem produz, transformando o autocuidado&nbsp;de&nbsp;rotina privada para uma viv\u00eancia&nbsp;compartilhada.<\/p>\n\n\n\n<p>O&nbsp;espa\u00e7o foi concebido&nbsp;como um convite aberto \u00e0&nbsp;experimenta\u00e7\u00e3o. Pias, superf\u00edcies&nbsp;de&nbsp;apoio&nbsp;e&nbsp;ferramentas ficam \u00e0 disposi\u00e7\u00e3o para que cada pessoa&nbsp;explore, teste, misture&nbsp;e&nbsp;aplique os produtos&nbsp;com&nbsp;tempo&nbsp;e&nbsp;liberdade.<\/p>\n\n\n\n<h3 class=\"wp-block-heading\"><strong>Acess\u00f3rios&nbsp;como Manifesto<\/strong><\/h3>\n\n\n\n<p>Mais do que&nbsp;complementos, acess\u00f3rios s\u00e3o manifesto. Uma bolsa, um sapato, um par&nbsp;de&nbsp;\u00f3culos \u2014 cada pe\u00e7a afirma algo antes mesmo da palavra. Traduzem identidade, assinatura pessoal&nbsp;e&nbsp;atitude sobre&nbsp;como se&nbsp;expressar no mundo.&nbsp;Escolher uma pe\u00e7a assinada por um criador brasileiro \u00e9 hoje um gesto&nbsp;de&nbsp;posi\u00e7\u00e3o \u2014 parte&nbsp;de&nbsp;um movimento&nbsp;de&nbsp;<strong>Orgulho do Sul Global<\/strong>&nbsp;que vem colocando o&nbsp;design brasileiro no centro da conversa global.<\/p>\n\n\n\n<figure class=\"wp-block-image\"><img decoding=\"async\" src=\"https:\/\/s3.us-east-1.wasabisys.com\/wasabi.cse360.com.br\/email-editor-files\/63eb09da-0e77-4234-a463-08d9f0b2efaa\/bb6176d8-0d4c-4393-8ade-34dc6ee97122.jpg\" alt=\"\"\/><\/figure>\n\n\n\n<p>A&nbsp;Mata&nbsp;Lab&nbsp;apresenta neste&nbsp;espa\u00e7o mais&nbsp;de&nbsp;20 marcas,&nbsp;entre nomes consolidados&nbsp;e&nbsp;criadores&nbsp;em ascens\u00e3o que v\u00eam redesenhando o cen\u00e1rio do&nbsp;design&nbsp;de&nbsp;bolsas&nbsp;e&nbsp;sapatos brasileiro.&nbsp;Entre&nbsp;eles&nbsp;est\u00e3o&nbsp;<strong>Botti, Manolita, Lane Marinho, Misci, Nana Dudu, Syl&nbsp;e&nbsp;Vie, Matri&nbsp;<\/strong>e<strong>&nbsp;Charmme<\/strong>&nbsp;\u2014&nbsp;estas duas \u00faltimas inaugurando seu primeiro ponto f\u00edsico na multimarcas. Outro&nbsp;destaque \u00e9 a marca&nbsp;<strong>Ateli\u00ea 26<\/strong>, que chega na&nbsp;Mata&nbsp;Lab&nbsp;com&nbsp;suas bolsas manuais&nbsp;de&nbsp;design&nbsp;escultural&nbsp;e&nbsp;linguagem visual aut\u00eantica, todas concebidas individualmente, o que torna cada pe\u00e7a \u00fanica.<\/p>\n\n\n\n<p>O ambiente foi pensado para uma viv\u00eancia mais prolongada&nbsp;e&nbsp;confort\u00e1vel: um grande sof\u00e1 convida a&nbsp;experimentar as pe\u00e7as&nbsp;com&nbsp;calma,&nbsp;enquanto um lustre monumental atua&nbsp;como&nbsp;elemento&nbsp;de&nbsp;teatralidade&nbsp;e&nbsp;refor\u00e7a a dimens\u00e3o&nbsp;est\u00e9tica do&nbsp;espa\u00e7o.<\/p>\n\n\n\n<p>J\u00e1 a ala&nbsp;dedicada aos \u00d3culos&nbsp;de&nbsp;Sol tem&nbsp;como centro um&nbsp;<strong>expositor&nbsp;com&nbsp;cerca&nbsp;de&nbsp;600 modelos&nbsp;<\/strong>de&nbsp;mais&nbsp;de&nbsp;30 marcas.&nbsp;Entre&nbsp;elas, nomes internacionais&nbsp;como&nbsp;<strong>Alaia, Valentino&nbsp;e&nbsp;YSL<\/strong>,&nbsp;e&nbsp;a brasileira&nbsp;<strong>Lapima<\/strong>.&nbsp;Destaque ainda para a parceria&nbsp;com&nbsp;a&nbsp;<strong>\u00d3ticas Ventura<\/strong>,&nbsp;empresa familiar que h\u00e1 mais&nbsp;de&nbsp;30 anos traz um novo olhar para o&nbsp;<em>eyewear<\/em>&nbsp;brasileiro,&nbsp;e&nbsp;que chega no&nbsp;espa\u00e7o neste primeiro momento&nbsp;com&nbsp;cerca&nbsp;de&nbsp;30 modelos&nbsp;entre autorais,&nbsp;especialmente das cole\u00e7\u00f5es DNA&nbsp;e&nbsp;OpArt,&nbsp;e&nbsp;selecionados&nbsp;em feiras internacionais,&nbsp;como Voa, Talla,&nbsp;Etnia&nbsp;e&nbsp;outras.<\/p>\n\n\n\n<p>O projeto arquitet\u00f4nico \u00e9 assinado pelo&nbsp;est\u00fadio&nbsp;<strong>Malherbe Paris,&nbsp;<\/strong>respons\u00e1vel por projetos para marcas&nbsp;como Dior, Givenchy, Hennessy&nbsp;e&nbsp;espa\u00e7os na nova La Samaritaine,&nbsp;<strong>&nbsp;em colabora\u00e7\u00e3o&nbsp;com&nbsp;Alexandre Allard<\/strong>, fundador da&nbsp;Mata&nbsp;S\u00e3o Paulo, que traz para o projeto&nbsp;sua&nbsp;trajet\u00f3ria profundamente&nbsp;enraizada no universo da moda, onde construiu uma vis\u00e3o que conecta cria\u00e7\u00e3o, cultura&nbsp;e&nbsp;experi\u00eancia incentivando&nbsp;novos&nbsp;talentos&nbsp;e&nbsp;valorizando o autoral&nbsp;e&nbsp;o feito&nbsp;com&nbsp;prop\u00f3sito<\/p>\n\n\n\n<figure class=\"wp-block-image\"><img decoding=\"async\" src=\"https:\/\/s3.us-east-1.wasabisys.com\/wasabi.cse360.com.br\/email-editor-files\/63eb09da-0e77-4234-a463-08d9f0b2efaa\/113164bf-90fd-4385-ae78-35a96e025998.jpg\" alt=\"\"\/><\/figure>\n\n\n\n<p>Materiais contempor\u00e2neos dialogam\u00a0com\u00a0elementos\u00a0de\u00a0forte impacto visual,\u00a0como o lustre nos Acess\u00f3rios\u00a0e\u00a0as colunas na\u00a0Beleza, al\u00e9m das pedras brasileiras que\u00a0comp\u00f5em a\u00a0estrutura do piso\u00a0e\u00a0paredes\u00a0e\u00a0as plantas naturais da\u00a0Mata\u00a0Atl\u00e2ntica que populam o teto\u00a0desse\u00a0espa\u00e7o, criando uma atmosfera que se transforma \u00e0 medida que os produtos ocupam o ambiente.\u00a0Design contempor\u00e2neo, pesquisa\u00a0de\u00a0materiais\u00a0e\u00a0processos artesanais se\u00a0entrela\u00e7am, refor\u00e7ando a proposta da\u00a0Mata\u00a0Lab\u00a0como um lugar que inaugura uma nova maneira\u00a0de\u00a0se relacionar\u00a0com\u00a0a moda\u00a0e\u00a0a\u00a0beleza.<\/p>\n\n\n\n<p>Acompanhe a&nbsp;Mata&nbsp;Lab&nbsp;em&nbsp;<a href=\"https:\/\/click.knewin360.com\/Click\/click\/eyJhbGciOiJIUzI1NiIsInR5cCI6IkpXVCJ9.eyJjYW1wYWlnbklkIjoiNzRmOTMyOTctZGNiOC00NWVkLThiOGMtMDhkZTllZTUyNDRkIiwicGVyc29uSWQiOiJiYjVkNmE5Ni0zOTdlLTRkZGQtYWRhMi1lYmI0OTU5N2Y4MzUiLCJlbWFpbCI6ImFuZ2VsQGFuZ2VsYm9zcy5jb20uYnIiLCJ1cmwiOiJodHRwczovL3d3dy5pbnN0YWdyYW0uY29tL21hdGFsYWJzcC8iLCJpc1NlZ21lbnRhdGlvbiI6IlRydWUiLCJuYmYiOjE3NzczMDAxMzUsImV4cCI6MTc3OTg5MjEzNSwiaWF0IjoxNzc3MzAwMTM1fQ.-2V67XGBEZOa3vAMR9HJn-Qv2qKoN7k7uD11itVPtbE\"><strong>@matalabsp<\/strong><\/a>.<\/p>\n\n\n\n<p><\/p>","protected":false},"excerpt":{"rendered":"<p>A&nbsp;plataforma&nbsp;de&nbsp;criadores&nbsp;de&nbsp;moda,&nbsp;beleza&nbsp;e&nbsp;design da&nbsp;Mata&nbsp;S\u00e3o Paulo inaugura uma nova fase&nbsp;com&nbsp;ambientes voltados \u00e0&nbsp;beleza, bolsas, sapatos&nbsp;e&nbsp;\u00f3culos&nbsp;de&nbsp;sol, consolidando seu olhar curatorial voltado a promover a pot\u00eancia criativa do Sul Global A&nbsp;Mata&nbsp;Lab&nbsp;inaugura uma nova fase&nbsp;com&nbsp;a abertura&nbsp;de&nbsp;ambientes in\u00e9ditos: um inteiramente&nbsp;dedicado ao universo da&nbsp;beleza, outro aos acess\u00f3rios&nbsp;com&nbsp;foco&nbsp;em sapatos&nbsp;e&nbsp;bolsas brasileiras&nbsp;e&nbsp;uma se\u00e7\u00e3o&nbsp;exclusiva para \u00f3culos&nbsp;de&nbsp;sol. Ap\u00f3s a primeira fase,&nbsp;dedicada \u00e0 moda brasileira&nbsp;e&nbsp;urbana, o projeto&nbsp;amplia&nbsp;sua&nbsp;curadoria para a&nbsp;beleza&nbsp;e&nbsp;os acess\u00f3rios<\/p>","protected":false},"author":2,"featured_media":20420,"comment_status":"open","ping_status":"open","sticky":false,"template":"","format":"standard","meta":{"footnotes":""},"categories":[162,272,609,157,315],"tags":[311,3770,1050,3767,3769],"class_list":{"0":"post-20419","1":"post","2":"type-post","3":"status-publish","4":"format-standard","5":"has-post-thumbnail","7":"category-beleza-e-bem-estar","8":"category-luxo","9":"category-moda","10":"category-negocios-e-empreendedorismo","11":"category-noticias-corporativas-dino","12":"tag-acessorios","13":"tag-malherbe-paris","14":"tag-mata-lab","15":"tag-mata-lab-sao-paulo","16":"tag-nova-era"},"yoast_head":"<!-- This site is optimized with the Yoast SEO plugin v27.5 - https:\/\/yoast.com\/product\/yoast-seo-wordpress\/ -->\n<title>Mata Lab: Nova Era de Beleza e Acess\u00f3rios no Sul Global em 2026<\/title>\n<meta name=\"description\" content=\"Mata Lab amplia plataforma com novos espa\u00e7os de Beleza e Acess\u00f3rios em S\u00e3o Paulo. Curadoria de luxo autoral com mais de 80 marcas brasileiras e design de Malherbe Paris.\" \/>\n<meta name=\"robots\" content=\"index, follow, max-snippet:-1, max-image-preview:large, max-video-preview:-1\" \/>\n<link rel=\"canonical\" href=\"http:\/\/angelboss.com.br\/en\/2026\/04\/27\/mata-lab-sao-paulo-beleza-acessorios-design-autoral-2026\/\" \/>\n<meta property=\"og:locale\" content=\"en_US\" \/>\n<meta property=\"og:type\" content=\"article\" \/>\n<meta property=\"og:title\" content=\"Mata Lab: Nova Era de Beleza e Acess\u00f3rios no Sul Global em 2026\" \/>\n<meta property=\"og:description\" content=\"Mata Lab amplia plataforma com novos espa\u00e7os de Beleza e Acess\u00f3rios em S\u00e3o Paulo. Curadoria de luxo autoral com mais de 80 marcas brasileiras e design de Malherbe Paris.\" \/>\n<meta property=\"og:url\" content=\"http:\/\/angelboss.com.br\/en\/2026\/04\/27\/mata-lab-sao-paulo-beleza-acessorios-design-autoral-2026\/\" \/>\n<meta property=\"og:site_name\" content=\"Portal Masculino de Moda, Beleza, Luxo and Business - Angel Boss\" \/>\n<meta property=\"article:published_time\" content=\"2026-04-27T16:46:45+00:00\" \/>\n<meta property=\"article:modified_time\" content=\"2026-04-27T16:47:08+00:00\" \/>\n<meta property=\"og:image\" content=\"http:\/\/angelboss.com.br\/wp-content\/uploads\/2026\/04\/ba9483f7-f5bd-46a6-b4b9-07a88f734f1f.png\" \/>\n\t<meta property=\"og:image:width\" content=\"751\" \/>\n\t<meta property=\"og:image:height\" content=\"495\" \/>\n\t<meta property=\"og:image:type\" content=\"image\/png\" \/>\n<meta name=\"author\" content=\"Neto Angel Boss\" \/>\n<meta name=\"twitter:card\" content=\"summary_large_image\" \/>\n<meta name=\"twitter:label1\" content=\"Written by\" \/>\n\t<meta name=\"twitter:data1\" content=\"Neto Angel Boss\" \/>\n\t<meta name=\"twitter:label2\" content=\"Est. reading time\" \/>\n\t<meta name=\"twitter:data2\" content=\"8 minutes\" \/>\n<script type=\"application\/ld+json\" class=\"yoast-schema-graph\">{\"@context\":\"https:\\\/\\\/schema.org\",\"@graph\":[{\"@type\":\"Article\",\"@id\":\"http:\\\/\\\/angelboss.com.br\\\/2026\\\/04\\\/27\\\/mata-lab-sao-paulo-beleza-acessorios-design-autoral-2026\\\/#article\",\"isPartOf\":{\"@id\":\"http:\\\/\\\/angelboss.com.br\\\/2026\\\/04\\\/27\\\/mata-lab-sao-paulo-beleza-acessorios-design-autoral-2026\\\/\"},\"author\":{\"name\":\"Neto Angel Boss\",\"@id\":\"https:\\\/\\\/angelboss.com.br\\\/en\\\/#\\\/schema\\\/person\\\/af084936b46cf2e03f299183e429e350\"},\"headline\":\"Mata Lab amplia sua plataforma de criadores com novos espa\u00e7os de Beleza e Acess\u00f3rios\",\"datePublished\":\"2026-04-27T16:46:45+00:00\",\"dateModified\":\"2026-04-27T16:47:08+00:00\",\"mainEntityOfPage\":{\"@id\":\"http:\\\/\\\/angelboss.com.br\\\/2026\\\/04\\\/27\\\/mata-lab-sao-paulo-beleza-acessorios-design-autoral-2026\\\/\"},\"wordCount\":1648,\"commentCount\":0,\"publisher\":{\"@id\":\"https:\\\/\\\/angelboss.com.br\\\/en\\\/#organization\"},\"image\":{\"@id\":\"http:\\\/\\\/angelboss.com.br\\\/2026\\\/04\\\/27\\\/mata-lab-sao-paulo-beleza-acessorios-design-autoral-2026\\\/#primaryimage\"},\"thumbnailUrl\":\"https:\\\/\\\/angelboss.com.br\\\/wp-content\\\/uploads\\\/2026\\\/04\\\/ba9483f7-f5bd-46a6-b4b9-07a88f734f1f.png\",\"keywords\":[\"acess\u00f3rios\",\"Malherbe Paris.\",\"Mata Lab\",\"Mata Lab S\u00e3o Paulo\",\"Nova Era\"],\"articleSection\":[\"BELEZA E BEM-ESTAR\",\"Luxo\",\"MODA\",\"NEG\u00d3CIOS E EMPREENDEDORISMO\",\"Not\u00edcias Corporativas\"],\"inLanguage\":\"en-US\",\"potentialAction\":[{\"@type\":\"CommentAction\",\"name\":\"Comment\",\"target\":[\"http:\\\/\\\/angelboss.com.br\\\/2026\\\/04\\\/27\\\/mata-lab-sao-paulo-beleza-acessorios-design-autoral-2026\\\/#respond\"]}]},{\"@type\":\"WebPage\",\"@id\":\"http:\\\/\\\/angelboss.com.br\\\/2026\\\/04\\\/27\\\/mata-lab-sao-paulo-beleza-acessorios-design-autoral-2026\\\/\",\"url\":\"http:\\\/\\\/angelboss.com.br\\\/2026\\\/04\\\/27\\\/mata-lab-sao-paulo-beleza-acessorios-design-autoral-2026\\\/\",\"name\":\"Mata Lab: Nova Era de Beleza e Acess\u00f3rios no Sul Global em 2026\",\"isPartOf\":{\"@id\":\"https:\\\/\\\/angelboss.com.br\\\/en\\\/#website\"},\"primaryImageOfPage\":{\"@id\":\"http:\\\/\\\/angelboss.com.br\\\/2026\\\/04\\\/27\\\/mata-lab-sao-paulo-beleza-acessorios-design-autoral-2026\\\/#primaryimage\"},\"image\":{\"@id\":\"http:\\\/\\\/angelboss.com.br\\\/2026\\\/04\\\/27\\\/mata-lab-sao-paulo-beleza-acessorios-design-autoral-2026\\\/#primaryimage\"},\"thumbnailUrl\":\"https:\\\/\\\/angelboss.com.br\\\/wp-content\\\/uploads\\\/2026\\\/04\\\/ba9483f7-f5bd-46a6-b4b9-07a88f734f1f.png\",\"datePublished\":\"2026-04-27T16:46:45+00:00\",\"dateModified\":\"2026-04-27T16:47:08+00:00\",\"description\":\"Mata Lab amplia plataforma com novos espa\u00e7os de Beleza e Acess\u00f3rios em S\u00e3o Paulo. Curadoria de luxo autoral com mais de 80 marcas brasileiras e design de Malherbe Paris.\",\"breadcrumb\":{\"@id\":\"http:\\\/\\\/angelboss.com.br\\\/2026\\\/04\\\/27\\\/mata-lab-sao-paulo-beleza-acessorios-design-autoral-2026\\\/#breadcrumb\"},\"inLanguage\":\"en-US\",\"potentialAction\":[{\"@type\":\"ReadAction\",\"target\":[\"http:\\\/\\\/angelboss.com.br\\\/2026\\\/04\\\/27\\\/mata-lab-sao-paulo-beleza-acessorios-design-autoral-2026\\\/\"]}]},{\"@type\":\"ImageObject\",\"inLanguage\":\"en-US\",\"@id\":\"http:\\\/\\\/angelboss.com.br\\\/2026\\\/04\\\/27\\\/mata-lab-sao-paulo-beleza-acessorios-design-autoral-2026\\\/#primaryimage\",\"url\":\"https:\\\/\\\/angelboss.com.br\\\/wp-content\\\/uploads\\\/2026\\\/04\\\/ba9483f7-f5bd-46a6-b4b9-07a88f734f1f.png\",\"contentUrl\":\"https:\\\/\\\/angelboss.com.br\\\/wp-content\\\/uploads\\\/2026\\\/04\\\/ba9483f7-f5bd-46a6-b4b9-07a88f734f1f.png\",\"width\":751,\"height\":495,\"caption\":\"Imagem\\\/Divulga\u00e7\u00e3o\"},{\"@type\":\"BreadcrumbList\",\"@id\":\"http:\\\/\\\/angelboss.com.br\\\/2026\\\/04\\\/27\\\/mata-lab-sao-paulo-beleza-acessorios-design-autoral-2026\\\/#breadcrumb\",\"itemListElement\":[{\"@type\":\"ListItem\",\"position\":1,\"name\":\"In\u00edcio\",\"item\":\"https:\\\/\\\/angelboss.com.br\\\/en\\\/\"},{\"@type\":\"ListItem\",\"position\":2,\"name\":\"Mata Lab amplia sua plataforma de criadores com novos espa\u00e7os de Beleza e Acess\u00f3rios\"}]},{\"@type\":\"WebSite\",\"@id\":\"https:\\\/\\\/angelboss.com.br\\\/en\\\/#website\",\"url\":\"https:\\\/\\\/angelboss.com.br\\\/en\\\/\",\"name\":\"Portal Masculino de Moda, Beleza, Luxo e Business - Angel Boss\",\"description\":\"O Maior Portal sobre Moda, Luxo, Beleza e Business Masculino do Brasil\",\"publisher\":{\"@id\":\"https:\\\/\\\/angelboss.com.br\\\/en\\\/#organization\"},\"alternateName\":\"Maior Portal e Blog de Beleza Masculina e Luxo\",\"potentialAction\":[{\"@type\":\"SearchAction\",\"target\":{\"@type\":\"EntryPoint\",\"urlTemplate\":\"https:\\\/\\\/angelboss.com.br\\\/en\\\/?s={search_term_string}\"},\"query-input\":{\"@type\":\"PropertyValueSpecification\",\"valueRequired\":true,\"valueName\":\"search_term_string\"}}],\"inLanguage\":\"en-US\"},{\"@type\":\"Organization\",\"@id\":\"https:\\\/\\\/angelboss.com.br\\\/en\\\/#organization\",\"name\":\"Portal Masculino de Moda, Beleza, Luxo and Business - Angel Boss\",\"url\":\"https:\\\/\\\/angelboss.com.br\\\/en\\\/\",\"logo\":{\"@type\":\"ImageObject\",\"inLanguage\":\"en-US\",\"@id\":\"https:\\\/\\\/angelboss.com.br\\\/en\\\/#\\\/schema\\\/logo\\\/image\\\/\",\"url\":\"http:\\\/\\\/angelboss.com.br\\\/wp-content\\\/uploads\\\/2025\\\/12\\\/WhatsApp-Image-2025-12-11-at-12.54.26.jpeg\",\"contentUrl\":\"http:\\\/\\\/angelboss.com.br\\\/wp-content\\\/uploads\\\/2025\\\/12\\\/WhatsApp-Image-2025-12-11-at-12.54.26.jpeg\",\"width\":1280,\"height\":1280,\"caption\":\"Portal Masculino de Moda, Beleza, Luxo and Business - Angel Boss\"},\"image\":{\"@id\":\"https:\\\/\\\/angelboss.com.br\\\/en\\\/#\\\/schema\\\/logo\\\/image\\\/\"}},{\"@type\":\"Person\",\"@id\":\"https:\\\/\\\/angelboss.com.br\\\/en\\\/#\\\/schema\\\/person\\\/af084936b46cf2e03f299183e429e350\",\"name\":\"Neto Angel Boss\",\"image\":{\"@type\":\"ImageObject\",\"inLanguage\":\"en-US\",\"@id\":\"https:\\\/\\\/secure.gravatar.com\\\/avatar\\\/dbb38b2050e5181e32afbccf458635967af0767d15abe8168b35ebbd97907289?s=96&d=mm&r=g\",\"url\":\"https:\\\/\\\/secure.gravatar.com\\\/avatar\\\/dbb38b2050e5181e32afbccf458635967af0767d15abe8168b35ebbd97907289?s=96&d=mm&r=g\",\"contentUrl\":\"https:\\\/\\\/secure.gravatar.com\\\/avatar\\\/dbb38b2050e5181e32afbccf458635967af0767d15abe8168b35ebbd97907289?s=96&d=mm&r=g\",\"caption\":\"Neto Angel Boss\"},\"sameAs\":[\"http:\\\/\\\/www.angelboss.com\"],\"url\":\"https:\\\/\\\/angelboss.com.br\\\/en\\\/author\\\/netoangelboss\\\/\"}]}<\/script>\n<!-- \/ Yoast SEO plugin. -->","yoast_head_json":{"title":"Mata Lab: Nova Era de Beleza e Acess\u00f3rios no Sul Global em 2026","description":"Mata Lab amplia plataforma com novos espa\u00e7os de Beleza e Acess\u00f3rios em S\u00e3o Paulo. Curadoria de luxo autoral com mais de 80 marcas brasileiras e design de Malherbe Paris.","robots":{"index":"index","follow":"follow","max-snippet":"max-snippet:-1","max-image-preview":"max-image-preview:large","max-video-preview":"max-video-preview:-1"},"canonical":"http:\/\/angelboss.com.br\/en\/2026\/04\/27\/mata-lab-sao-paulo-beleza-acessorios-design-autoral-2026\/","og_locale":"en_US","og_type":"article","og_title":"Mata Lab: Nova Era de Beleza e Acess\u00f3rios no Sul Global em 2026","og_description":"Mata Lab amplia plataforma com novos espa\u00e7os de Beleza e Acess\u00f3rios em S\u00e3o Paulo. Curadoria de luxo autoral com mais de 80 marcas brasileiras e design de Malherbe Paris.","og_url":"http:\/\/angelboss.com.br\/en\/2026\/04\/27\/mata-lab-sao-paulo-beleza-acessorios-design-autoral-2026\/","og_site_name":"Portal Masculino de Moda, Beleza, Luxo and Business - Angel Boss","article_published_time":"2026-04-27T16:46:45+00:00","article_modified_time":"2026-04-27T16:47:08+00:00","og_image":[{"width":751,"height":495,"url":"http:\/\/angelboss.com.br\/wp-content\/uploads\/2026\/04\/ba9483f7-f5bd-46a6-b4b9-07a88f734f1f.png","type":"image\/png"}],"author":"Neto Angel Boss","twitter_card":"summary_large_image","twitter_misc":{"Written by":"Neto Angel Boss","Est. reading time":"8 minutes"},"schema":{"@context":"https:\/\/schema.org","@graph":[{"@type":"Article","@id":"http:\/\/angelboss.com.br\/2026\/04\/27\/mata-lab-sao-paulo-beleza-acessorios-design-autoral-2026\/#article","isPartOf":{"@id":"http:\/\/angelboss.com.br\/2026\/04\/27\/mata-lab-sao-paulo-beleza-acessorios-design-autoral-2026\/"},"author":{"name":"Neto Angel Boss","@id":"https:\/\/angelboss.com.br\/en\/#\/schema\/person\/af084936b46cf2e03f299183e429e350"},"headline":"Mata Lab amplia sua plataforma de criadores com novos espa\u00e7os de Beleza e Acess\u00f3rios","datePublished":"2026-04-27T16:46:45+00:00","dateModified":"2026-04-27T16:47:08+00:00","mainEntityOfPage":{"@id":"http:\/\/angelboss.com.br\/2026\/04\/27\/mata-lab-sao-paulo-beleza-acessorios-design-autoral-2026\/"},"wordCount":1648,"commentCount":0,"publisher":{"@id":"https:\/\/angelboss.com.br\/en\/#organization"},"image":{"@id":"http:\/\/angelboss.com.br\/2026\/04\/27\/mata-lab-sao-paulo-beleza-acessorios-design-autoral-2026\/#primaryimage"},"thumbnailUrl":"https:\/\/angelboss.com.br\/wp-content\/uploads\/2026\/04\/ba9483f7-f5bd-46a6-b4b9-07a88f734f1f.png","keywords":["acess\u00f3rios","Malherbe Paris.","Mata Lab","Mata Lab S\u00e3o Paulo","Nova Era"],"articleSection":["BELEZA E BEM-ESTAR","Luxo","MODA","NEG\u00d3CIOS E EMPREENDEDORISMO","Not\u00edcias Corporativas"],"inLanguage":"en-US","potentialAction":[{"@type":"CommentAction","name":"Comment","target":["http:\/\/angelboss.com.br\/2026\/04\/27\/mata-lab-sao-paulo-beleza-acessorios-design-autoral-2026\/#respond"]}]},{"@type":"WebPage","@id":"http:\/\/angelboss.com.br\/2026\/04\/27\/mata-lab-sao-paulo-beleza-acessorios-design-autoral-2026\/","url":"http:\/\/angelboss.com.br\/2026\/04\/27\/mata-lab-sao-paulo-beleza-acessorios-design-autoral-2026\/","name":"Mata Lab: Nova Era de Beleza e Acess\u00f3rios no Sul Global em 2026","isPartOf":{"@id":"https:\/\/angelboss.com.br\/en\/#website"},"primaryImageOfPage":{"@id":"http:\/\/angelboss.com.br\/2026\/04\/27\/mata-lab-sao-paulo-beleza-acessorios-design-autoral-2026\/#primaryimage"},"image":{"@id":"http:\/\/angelboss.com.br\/2026\/04\/27\/mata-lab-sao-paulo-beleza-acessorios-design-autoral-2026\/#primaryimage"},"thumbnailUrl":"https:\/\/angelboss.com.br\/wp-content\/uploads\/2026\/04\/ba9483f7-f5bd-46a6-b4b9-07a88f734f1f.png","datePublished":"2026-04-27T16:46:45+00:00","dateModified":"2026-04-27T16:47:08+00:00","description":"Mata Lab amplia plataforma com novos espa\u00e7os de Beleza e Acess\u00f3rios em S\u00e3o Paulo. Curadoria de luxo autoral com mais de 80 marcas brasileiras e design de Malherbe Paris.","breadcrumb":{"@id":"http:\/\/angelboss.com.br\/2026\/04\/27\/mata-lab-sao-paulo-beleza-acessorios-design-autoral-2026\/#breadcrumb"},"inLanguage":"en-US","potentialAction":[{"@type":"ReadAction","target":["http:\/\/angelboss.com.br\/2026\/04\/27\/mata-lab-sao-paulo-beleza-acessorios-design-autoral-2026\/"]}]},{"@type":"ImageObject","inLanguage":"en-US","@id":"http:\/\/angelboss.com.br\/2026\/04\/27\/mata-lab-sao-paulo-beleza-acessorios-design-autoral-2026\/#primaryimage","url":"https:\/\/angelboss.com.br\/wp-content\/uploads\/2026\/04\/ba9483f7-f5bd-46a6-b4b9-07a88f734f1f.png","contentUrl":"https:\/\/angelboss.com.br\/wp-content\/uploads\/2026\/04\/ba9483f7-f5bd-46a6-b4b9-07a88f734f1f.png","width":751,"height":495,"caption":"Imagem\/Divulga\u00e7\u00e3o"},{"@type":"BreadcrumbList","@id":"http:\/\/angelboss.com.br\/2026\/04\/27\/mata-lab-sao-paulo-beleza-acessorios-design-autoral-2026\/#breadcrumb","itemListElement":[{"@type":"ListItem","position":1,"name":"In\u00edcio","item":"https:\/\/angelboss.com.br\/en\/"},{"@type":"ListItem","position":2,"name":"Mata Lab amplia sua plataforma de criadores com novos espa\u00e7os de Beleza e Acess\u00f3rios"}]},{"@type":"WebSite","@id":"https:\/\/angelboss.com.br\/en\/#website","url":"https:\/\/angelboss.com.br\/en\/","name":"Portal Masculino de Moda, Beleza, Luxo e Business - Angel Boss","description":"O Maior Portal sobre Moda, Luxo, Beleza e Business Masculino do Brasil","publisher":{"@id":"https:\/\/angelboss.com.br\/en\/#organization"},"alternateName":"Maior Portal e Blog de Beleza Masculina e Luxo","potentialAction":[{"@type":"SearchAction","target":{"@type":"EntryPoint","urlTemplate":"https:\/\/angelboss.com.br\/en\/?s={search_term_string}"},"query-input":{"@type":"PropertyValueSpecification","valueRequired":true,"valueName":"search_term_string"}}],"inLanguage":"en-US"},{"@type":"Organization","@id":"https:\/\/angelboss.com.br\/en\/#organization","name":"Portal Masculino de Moda, Beleza, Luxo and Business - Angel Boss","url":"https:\/\/angelboss.com.br\/en\/","logo":{"@type":"ImageObject","inLanguage":"en-US","@id":"https:\/\/angelboss.com.br\/en\/#\/schema\/logo\/image\/","url":"http:\/\/angelboss.com.br\/wp-content\/uploads\/2025\/12\/WhatsApp-Image-2025-12-11-at-12.54.26.jpeg","contentUrl":"http:\/\/angelboss.com.br\/wp-content\/uploads\/2025\/12\/WhatsApp-Image-2025-12-11-at-12.54.26.jpeg","width":1280,"height":1280,"caption":"Portal Masculino de Moda, Beleza, Luxo and Business - Angel Boss"},"image":{"@id":"https:\/\/angelboss.com.br\/en\/#\/schema\/logo\/image\/"}},{"@type":"Person","@id":"https:\/\/angelboss.com.br\/en\/#\/schema\/person\/af084936b46cf2e03f299183e429e350","name":"Neto Angel Boss","image":{"@type":"ImageObject","inLanguage":"en-US","@id":"https:\/\/secure.gravatar.com\/avatar\/dbb38b2050e5181e32afbccf458635967af0767d15abe8168b35ebbd97907289?s=96&d=mm&r=g","url":"https:\/\/secure.gravatar.com\/avatar\/dbb38b2050e5181e32afbccf458635967af0767d15abe8168b35ebbd97907289?s=96&d=mm&r=g","contentUrl":"https:\/\/secure.gravatar.com\/avatar\/dbb38b2050e5181e32afbccf458635967af0767d15abe8168b35ebbd97907289?s=96&d=mm&r=g","caption":"Neto Angel Boss"},"sameAs":["http:\/\/www.angelboss.com"],"url":"https:\/\/angelboss.com.br\/en\/author\/netoangelboss\/"}]}},"amp_enabled":true,"_links":{"self":[{"href":"https:\/\/angelboss.com.br\/en\/wp-json\/wp\/v2\/posts\/20419","targetHints":{"allow":["GET"]}}],"collection":[{"href":"https:\/\/angelboss.com.br\/en\/wp-json\/wp\/v2\/posts"}],"about":[{"href":"https:\/\/angelboss.com.br\/en\/wp-json\/wp\/v2\/types\/post"}],"author":[{"embeddable":true,"href":"https:\/\/angelboss.com.br\/en\/wp-json\/wp\/v2\/users\/2"}],"replies":[{"embeddable":true,"href":"https:\/\/angelboss.com.br\/en\/wp-json\/wp\/v2\/comments?post=20419"}],"version-history":[{"count":1,"href":"https:\/\/angelboss.com.br\/en\/wp-json\/wp\/v2\/posts\/20419\/revisions"}],"predecessor-version":[{"id":20424,"href":"https:\/\/angelboss.com.br\/en\/wp-json\/wp\/v2\/posts\/20419\/revisions\/20424"}],"wp:featuredmedia":[{"embeddable":true,"href":"https:\/\/angelboss.com.br\/en\/wp-json\/wp\/v2\/media\/20420"}],"wp:attachment":[{"href":"https:\/\/angelboss.com.br\/en\/wp-json\/wp\/v2\/media?parent=20419"}],"wp:term":[{"taxonomy":"category","embeddable":true,"href":"https:\/\/angelboss.com.br\/en\/wp-json\/wp\/v2\/categories?post=20419"},{"taxonomy":"post_tag","embeddable":true,"href":"https:\/\/angelboss.com.br\/en\/wp-json\/wp\/v2\/tags?post=20419"}],"curies":[{"name":"wp","href":"https:\/\/api.w.org\/{rel}","templated":true}]}}