{"id":20403,"date":"2026-04-27T00:00:00","date_gmt":"2026-04-27T00:00:00","guid":{"rendered":"https:\/\/angelboss.com.br\/2026\/04\/27\/330000-gio-estetica-amplia-presenca-no-brasil-com-carla-sarni\/"},"modified":"2026-04-27T00:00:00","modified_gmt":"2026-04-27T00:00:00","slug":"330000-gio-estetica-amplia-presenca-no-brasil-com-carla-sarni","status":"publish","type":"post","link":"https:\/\/angelboss.com.br\/en\/2026\/04\/27\/330000-gio-estetica-amplia-presenca-no-brasil-com-carla-sarni\/","title":{"rendered":"GIO Est\u00e9tica amplia presen\u00e7a no Brasil com Carla Sarni"},"content":{"rendered":"<p>O mercado de est\u00e9tica e bem-estar no Brasil segue em expans\u00e3o, impulsionado pela crescente demanda por procedimentos n\u00e3o invasivos e servi\u00e7os voltados \u00e0 qualidade de vida. Segundo dados da Associa\u00e7\u00e3o Brasileira da Ind\u00fastria de Higiene Pessoal, Perfumaria e Cosm\u00e9ticos (<a href=\"https:\/\/abihpec.org.br\/\">ABIHPEC<\/a>), o <a href=\"https:\/\/abihpec.org.br\/release\/setor-de-beleza-e-cuidados-pessoais-bate-recorde-de-exportacoes-e-ultrapassa-us-1-bi\/\" rel=\"follow\">setor mant\u00e9m ritmo consistente de crescimento<\/a>, refletindo mudan\u00e7as no comportamento do consumidor e maior valoriza\u00e7\u00e3o de cuidados est\u00e9ticos e preventivos. Nesse cen\u00e1rio, redes estruturadas e com atua\u00e7\u00e3o nacional t\u00eam ampliado sua presen\u00e7a, acompanhando a evolu\u00e7\u00e3o do setor e o aumento da base de consumidores.<\/p>\n<p>Inserida nesse contexto, a GIO Est\u00e9tica Avan\u00e7ada, integrante do Grupo Salus, vem expandindo sua atua\u00e7\u00e3o no pa\u00eds sob a lideran\u00e7a da empres\u00e1ria Carla Sarni. A rede, conhecida por sua atua\u00e7\u00e3o com cl\u00ednicas especializadas \u2014 incluindo opera\u00e7\u00f5es anteriormente associadas \u00e0 marca Giolaser \u2014, tem sustentado seu crescimento por meio do modelo de franquias. &quot;A expans\u00e3o da GIO est\u00e1 conectada \u00e0 evolu\u00e7\u00e3o do setor e \u00e0 necessidade de oferecer servi\u00e7os cada vez mais alinhados \u00e0s expectativas dos consumidores&quot;, afirma.<\/p>\n<p>O segmento de est\u00e9tica no Brasil tem apresentado crescimento consistente nos \u00faltimos anos, impulsionado tanto pela amplia\u00e7\u00e3o do acesso a servi\u00e7os especializados quanto pela recorr\u00eancia no consumo. Relat\u00f3rios da <a href=\"https:\/\/www.euromonitor.com\" rel=\"follow\">Euromonitor International<\/a> apontam que <a href=\"https:\/\/veja.abril.com.br\/economia\/mercado-de-beleza-estamos-entre-os-melhores-do-mundo\/\" rel=\"follow\">o pa\u00eds est\u00e1 entre os maiores mercados globais de beleza e cuidados pessoais<\/a>, o que favorece a expans\u00e3o de redes estruturadas e profissionalizadas. Nesse ambiente, a GIO Est\u00e9tica Avan\u00e7ada adota uma estrat\u00e9gia baseada na padroniza\u00e7\u00e3o das opera\u00e7\u00f5es e no acompanhamento cont\u00ednuo das unidades, com foco na consist\u00eancia dos servi\u00e7os e na experi\u00eancia do cliente.<\/p>\n<p>A expans\u00e3o da rede ocorre por meio do sistema de franquias, modelo amplamente consolidado no Brasil e respons\u00e1vel por impulsionar o crescimento de diferentes segmentos de servi\u00e7os. De acordo com a <a href=\"https:\/\/abf.com.br\/\" rel=\"follow\">Associa\u00e7\u00e3o Brasileira de Franchising (ABF)<\/a>, o setor ultrapassou a marca de R$ 300 bilh\u00f5es em faturamento em 2025, alcan\u00e7ando cerca de R$ 301,7 bilh\u00f5es e mantendo uma trajet\u00f3ria consistente de crescimento no pa\u00eds. &quot;O franchising permite ampliar a presen\u00e7a da marca de forma estruturada, com diretrizes operacionais bem definidas&quot;, destaca Carla Sarni.<\/p>\n<p>Outro pilar da opera\u00e7\u00e3o est\u00e1 nos investimentos em tecnologia e na atualiza\u00e7\u00e3o constante dos protocolos, acompanhando a evolu\u00e7\u00e3o do setor de est\u00e9tica. A companhia trabalha com padroniza\u00e7\u00e3o de processos e monitoramento de indicadores operacionais, buscando garantir efici\u00eancia e qualidade na presta\u00e7\u00e3o dos servi\u00e7os. &quot;A atualiza\u00e7\u00e3o constante dos processos acompanha a din\u00e2mica do setor e contribui para a efici\u00eancia das opera\u00e7\u00f5es&quot;, pontua a empres\u00e1ria.<\/p>\n<p>O crescimento do mercado de est\u00e9tica e bem-estar no Brasil tamb\u00e9m est\u00e1 associado ao aumento da frequ\u00eancia de uso desses servi\u00e7os, impulsionado por uma mudan\u00e7a no perfil do consumidor. Segundo <a href=\"https:\/\/sebraepr.com.br\/impulsiona\/retrato-do-empreendedorismo-no-brasil-gem-2024-2025\/\" rel=\"follow\">relat\u00f3rio<\/a> do Servi\u00e7o Brasileiro de Apoio \u00e0s Micro e Pequenas Empresas (Sebrae), <a href=\"https:\/\/sebraepr.com.br\/impulsiona\/retrato-do-empreendedorismo-no-brasil-gem-2024-2025\/\" rel=\"follow\">h\u00e1 maior interesse por solu\u00e7\u00f5es acess\u00edveis, seguras e integradas ao dia a dia<\/a>, o que favorece modelos de neg\u00f3cio estruturados e com presen\u00e7a nacional. Esse movimento tem impulsionado a expans\u00e3o de redes organizadas em franquias, como a GIO Est\u00e9tica Avan\u00e7ada.<\/p>\n<p>Com trajet\u00f3ria consolidada nos setores de sa\u00fade, est\u00e9tica e franchising, Carla Sarni atua no desenvolvimento de redes com foco em crescimento estruturado e escal\u00e1vel. Sua atua\u00e7\u00e3o est\u00e1 ligada \u00e0 consolida\u00e7\u00e3o de opera\u00e7\u00f5es em diferentes regi\u00f5es do pa\u00eds, com \u00eanfase na padroniza\u00e7\u00e3o e na adapta\u00e7\u00e3o \u00e0s din\u00e2micas de mercado. &quot;A constru\u00e7\u00e3o de uma rede depende de consist\u00eancia e capacidade de adapta\u00e7\u00e3o \u00e0s mudan\u00e7as do mercado&quot;, frisa.<\/p>\n<p>As perspectivas para o setor indicam continuidade no crescimento, acompanhada por maior profissionaliza\u00e7\u00e3o e ado\u00e7\u00e3o de tecnologias. A expectativa da companhia \u00e9 seguir expandindo sua presen\u00e7a nacional, com evolu\u00e7\u00e3o das opera\u00e7\u00f5es e fortalecimento da rede. &quot;O setor segue em transforma\u00e7\u00e3o, e a tend\u00eancia \u00e9 de aprimoramento cont\u00ednuo dos servi\u00e7os e da gest\u00e3o&quot;, conclui Carla Sarni.<\/p>\n<p><img src='https:\/\/api.dino.com.br\/v2\/news\/tr\/330000?partnerId=4593' alt=\"\" style=\"border:0px;width:1px;height:1px;\" \/><\/p>","protected":false},"excerpt":{"rendered":"<p>A rede GIO Est\u00e9tica Avan\u00e7ada, integrante do Grupo Salus e conhecida no setor de est\u00e9tica por sua atua\u00e7\u00e3o com cl\u00ednicas especializadas, incluindo opera\u00e7\u00f5es anteriormente associadas \u00e0 marca Giolaser, amplia sua presen\u00e7a no mercado brasileiro de bem-estar e est\u00e9tica, com crescimento sustentado pelo modelo de franquias<\/p>","protected":false},"author":3,"featured_media":20404,"comment_status":"open","ping_status":"open","sticky":false,"template":"","format":"standard","meta":{"footnotes":""},"categories":[315],"tags":[342,343,324,352,340],"class_list":{"0":"post-20403","1":"post","2":"type-post","3":"status-publish","4":"format-standard","5":"has-post-thumbnail","7":"category-noticias-corporativas-dino","8":"tag-empreendedorismo","9":"tag-marketing","10":"tag-negocios","11":"tag-saude-e-bem-estar","12":"tag-startups"},"yoast_head":"<!-- This site is optimized with the Yoast SEO plugin v27.4 - https:\/\/yoast.com\/product\/yoast-seo-wordpress\/ -->\n<title>GIO Est\u00e9tica amplia presen\u00e7a no Brasil com Carla Sarni - Portal Masculino de Moda, Beleza, Luxo and Business - Angel Boss<\/title>\n<meta name=\"robots\" content=\"index, follow, max-snippet:-1, max-image-preview:large, max-video-preview:-1\" \/>\n<link rel=\"canonical\" href=\"https:\/\/angelboss.com.br\/en\/2026\/04\/27\/330000-gio-estetica-amplia-presenca-no-brasil-com-carla-sarni\/\" \/>\n<meta property=\"og:locale\" content=\"en_US\" \/>\n<meta property=\"og:type\" content=\"article\" \/>\n<meta property=\"og:title\" content=\"GIO Est\u00e9tica amplia presen\u00e7a no Brasil com Carla Sarni - Portal Masculino de Moda, Beleza, Luxo and Business - Angel Boss\" \/>\n<meta property=\"og:description\" content=\"A rede GIO Est\u00e9tica Avan\u00e7ada, integrante do Grupo Salus e conhecida no setor de est\u00e9tica por sua atua\u00e7\u00e3o com cl\u00ednicas especializadas, incluindo opera\u00e7\u00f5es anteriormente associadas \u00e0 marca Giolaser, amplia sua presen\u00e7a no mercado brasileiro de bem-estar e est\u00e9tica, com crescimento sustentado pelo modelo de franquias\" \/>\n<meta property=\"og:url\" content=\"https:\/\/angelboss.com.br\/en\/2026\/04\/27\/330000-gio-estetica-amplia-presenca-no-brasil-com-carla-sarni\/\" \/>\n<meta property=\"og:site_name\" content=\"Portal Masculino de Moda, Beleza, Luxo and Business - Angel Boss\" \/>\n<meta property=\"article:published_time\" content=\"2026-04-27T00:00:00+00:00\" \/>\n<meta property=\"og:image\" content=\"https:\/\/api.dino.com.br\/v2\/news\/tr\/330000?partnerId=4593\" \/>\n<meta name=\"author\" content=\"DINO\" \/>\n<meta name=\"twitter:card\" content=\"summary_large_image\" \/>\n<meta name=\"twitter:label1\" content=\"Written by\" \/>\n\t<meta name=\"twitter:data1\" content=\"DINO\" \/>\n\t<meta name=\"twitter:label2\" content=\"Est. reading time\" \/>\n\t<meta name=\"twitter:data2\" content=\"4 minutes\" \/>\n<script type=\"application\/ld+json\" class=\"yoast-schema-graph\">{\"@context\":\"https:\\\/\\\/schema.org\",\"@graph\":[{\"@type\":\"Article\",\"@id\":\"https:\\\/\\\/angelboss.com.br\\\/2026\\\/04\\\/27\\\/330000-gio-estetica-amplia-presenca-no-brasil-com-carla-sarni\\\/#article\",\"isPartOf\":{\"@id\":\"https:\\\/\\\/angelboss.com.br\\\/2026\\\/04\\\/27\\\/330000-gio-estetica-amplia-presenca-no-brasil-com-carla-sarni\\\/\"},\"author\":{\"name\":\"DINO\",\"@id\":\"http:\\\/\\\/angelboss.com.br\\\/#\\\/schema\\\/person\\\/b6676b8d991f97199ef2d5b8e5c2d8a5\"},\"headline\":\"GIO Est\u00e9tica amplia presen\u00e7a no Brasil com Carla Sarni\",\"datePublished\":\"2026-04-27T00:00:00+00:00\",\"mainEntityOfPage\":{\"@id\":\"https:\\\/\\\/angelboss.com.br\\\/2026\\\/04\\\/27\\\/330000-gio-estetica-amplia-presenca-no-brasil-com-carla-sarni\\\/\"},\"wordCount\":713,\"commentCount\":0,\"publisher\":{\"@id\":\"http:\\\/\\\/angelboss.com.br\\\/#organization\"},\"image\":{\"@id\":\"https:\\\/\\\/angelboss.com.br\\\/2026\\\/04\\\/27\\\/330000-gio-estetica-amplia-presenca-no-brasil-com-carla-sarni\\\/#primaryimage\"},\"thumbnailUrl\":\"https:\\\/\\\/angelboss.com.br\\\/wp-content\\\/uploads\\\/2026\\\/04\\\/27cac576-1e9d-4f8a-8c31-0a59ea78d707.jpg\",\"keywords\":[\"EMPREENDEDORISMO\",\"MARKETING\",\"NEG\u00d3CIOS\",\"SA\u00daDE E BEM-ESTAR\",\"STARTUPS\"],\"articleSection\":[\"Not\u00edcias Corporativas\"],\"inLanguage\":\"en-US\",\"potentialAction\":[{\"@type\":\"CommentAction\",\"name\":\"Comment\",\"target\":[\"https:\\\/\\\/angelboss.com.br\\\/2026\\\/04\\\/27\\\/330000-gio-estetica-amplia-presenca-no-brasil-com-carla-sarni\\\/#respond\"]}]},{\"@type\":\"WebPage\",\"@id\":\"https:\\\/\\\/angelboss.com.br\\\/2026\\\/04\\\/27\\\/330000-gio-estetica-amplia-presenca-no-brasil-com-carla-sarni\\\/\",\"url\":\"https:\\\/\\\/angelboss.com.br\\\/2026\\\/04\\\/27\\\/330000-gio-estetica-amplia-presenca-no-brasil-com-carla-sarni\\\/\",\"name\":\"GIO Est\u00e9tica amplia presen\u00e7a no Brasil com Carla Sarni - Portal Masculino de Moda, Beleza, Luxo and Business - Angel Boss\",\"isPartOf\":{\"@id\":\"http:\\\/\\\/angelboss.com.br\\\/#website\"},\"primaryImageOfPage\":{\"@id\":\"https:\\\/\\\/angelboss.com.br\\\/2026\\\/04\\\/27\\\/330000-gio-estetica-amplia-presenca-no-brasil-com-carla-sarni\\\/#primaryimage\"},\"image\":{\"@id\":\"https:\\\/\\\/angelboss.com.br\\\/2026\\\/04\\\/27\\\/330000-gio-estetica-amplia-presenca-no-brasil-com-carla-sarni\\\/#primaryimage\"},\"thumbnailUrl\":\"https:\\\/\\\/angelboss.com.br\\\/wp-content\\\/uploads\\\/2026\\\/04\\\/27cac576-1e9d-4f8a-8c31-0a59ea78d707.jpg\",\"datePublished\":\"2026-04-27T00:00:00+00:00\",\"breadcrumb\":{\"@id\":\"https:\\\/\\\/angelboss.com.br\\\/2026\\\/04\\\/27\\\/330000-gio-estetica-amplia-presenca-no-brasil-com-carla-sarni\\\/#breadcrumb\"},\"inLanguage\":\"en-US\",\"potentialAction\":[{\"@type\":\"ReadAction\",\"target\":[\"https:\\\/\\\/angelboss.com.br\\\/2026\\\/04\\\/27\\\/330000-gio-estetica-amplia-presenca-no-brasil-com-carla-sarni\\\/\"]}]},{\"@type\":\"ImageObject\",\"inLanguage\":\"en-US\",\"@id\":\"https:\\\/\\\/angelboss.com.br\\\/2026\\\/04\\\/27\\\/330000-gio-estetica-amplia-presenca-no-brasil-com-carla-sarni\\\/#primaryimage\",\"url\":\"https:\\\/\\\/angelboss.com.br\\\/wp-content\\\/uploads\\\/2026\\\/04\\\/27cac576-1e9d-4f8a-8c31-0a59ea78d707.jpg\",\"contentUrl\":\"https:\\\/\\\/angelboss.com.br\\\/wp-content\\\/uploads\\\/2026\\\/04\\\/27cac576-1e9d-4f8a-8c31-0a59ea78d707.jpg\",\"width\":1200,\"height\":800,\"caption\":\"GIO Est\u00e9tica amplia presen\u00e7a no Brasil com Carla Sarni\"},{\"@type\":\"BreadcrumbList\",\"@id\":\"https:\\\/\\\/angelboss.com.br\\\/2026\\\/04\\\/27\\\/330000-gio-estetica-amplia-presenca-no-brasil-com-carla-sarni\\\/#breadcrumb\",\"itemListElement\":[{\"@type\":\"ListItem\",\"position\":1,\"name\":\"In\u00edcio\",\"item\":\"http:\\\/\\\/angelboss.com.br\\\/\"},{\"@type\":\"ListItem\",\"position\":2,\"name\":\"GIO Est\u00e9tica amplia presen\u00e7a no Brasil com Carla Sarni\"}]},{\"@type\":\"WebSite\",\"@id\":\"http:\\\/\\\/angelboss.com.br\\\/#website\",\"url\":\"http:\\\/\\\/angelboss.com.br\\\/\",\"name\":\"Portal Masculino de Moda, Beleza, Luxo e Business - Angel Boss\",\"description\":\"O Maior Portal sobre Moda, Luxo, Beleza e Business Masculino do Brasil\",\"publisher\":{\"@id\":\"http:\\\/\\\/angelboss.com.br\\\/#organization\"},\"alternateName\":\"Maior Portal e Blog de Beleza Masculina e Luxo\",\"potentialAction\":[{\"@type\":\"SearchAction\",\"target\":{\"@type\":\"EntryPoint\",\"urlTemplate\":\"http:\\\/\\\/angelboss.com.br\\\/?s={search_term_string}\"},\"query-input\":{\"@type\":\"PropertyValueSpecification\",\"valueRequired\":true,\"valueName\":\"search_term_string\"}}],\"inLanguage\":\"en-US\"},{\"@type\":\"Organization\",\"@id\":\"http:\\\/\\\/angelboss.com.br\\\/#organization\",\"name\":\"Portal Masculino de Moda, Beleza, Luxo and Business - Angel Boss\",\"url\":\"http:\\\/\\\/angelboss.com.br\\\/\",\"logo\":{\"@type\":\"ImageObject\",\"inLanguage\":\"en-US\",\"@id\":\"http:\\\/\\\/angelboss.com.br\\\/#\\\/schema\\\/logo\\\/image\\\/\",\"url\":\"http:\\\/\\\/angelboss.com.br\\\/wp-content\\\/uploads\\\/2025\\\/12\\\/WhatsApp-Image-2025-12-11-at-12.54.26.jpeg\",\"contentUrl\":\"http:\\\/\\\/angelboss.com.br\\\/wp-content\\\/uploads\\\/2025\\\/12\\\/WhatsApp-Image-2025-12-11-at-12.54.26.jpeg\",\"width\":1280,\"height\":1280,\"caption\":\"Portal Masculino de Moda, Beleza, Luxo and Business - Angel Boss\"},\"image\":{\"@id\":\"http:\\\/\\\/angelboss.com.br\\\/#\\\/schema\\\/logo\\\/image\\\/\"}},{\"@type\":\"Person\",\"@id\":\"http:\\\/\\\/angelboss.com.br\\\/#\\\/schema\\\/person\\\/b6676b8d991f97199ef2d5b8e5c2d8a5\",\"name\":\"DINO\",\"image\":{\"@type\":\"ImageObject\",\"inLanguage\":\"en-US\",\"@id\":\"https:\\\/\\\/secure.gravatar.com\\\/avatar\\\/f29568383aedf96da155b6f87103b0e04b1c662f982055cda25086444ab33ff8?s=96&d=mm&r=g\",\"url\":\"https:\\\/\\\/secure.gravatar.com\\\/avatar\\\/f29568383aedf96da155b6f87103b0e04b1c662f982055cda25086444ab33ff8?s=96&d=mm&r=g\",\"contentUrl\":\"https:\\\/\\\/secure.gravatar.com\\\/avatar\\\/f29568383aedf96da155b6f87103b0e04b1c662f982055cda25086444ab33ff8?s=96&d=mm&r=g\",\"caption\":\"DINO\"},\"url\":\"https:\\\/\\\/angelboss.com.br\\\/en\\\/author\\\/DINO\\\/\"}]}<\/script>\n<!-- \/ Yoast SEO plugin. -->","yoast_head_json":{"title":"GIO Est\u00e9tica amplia presen\u00e7a no Brasil com Carla Sarni - Portal Masculino de Moda, Beleza, Luxo and Business - Angel Boss","robots":{"index":"index","follow":"follow","max-snippet":"max-snippet:-1","max-image-preview":"max-image-preview:large","max-video-preview":"max-video-preview:-1"},"canonical":"https:\/\/angelboss.com.br\/en\/2026\/04\/27\/330000-gio-estetica-amplia-presenca-no-brasil-com-carla-sarni\/","og_locale":"en_US","og_type":"article","og_title":"GIO Est\u00e9tica amplia presen\u00e7a no Brasil com Carla Sarni - Portal Masculino de Moda, Beleza, Luxo and Business - Angel Boss","og_description":"A rede GIO Est\u00e9tica Avan\u00e7ada, integrante do Grupo Salus e conhecida no setor de est\u00e9tica por sua atua\u00e7\u00e3o com cl\u00ednicas especializadas, incluindo opera\u00e7\u00f5es anteriormente associadas \u00e0 marca Giolaser, amplia sua presen\u00e7a no mercado brasileiro de bem-estar e est\u00e9tica, com crescimento sustentado pelo modelo de franquias","og_url":"https:\/\/angelboss.com.br\/en\/2026\/04\/27\/330000-gio-estetica-amplia-presenca-no-brasil-com-carla-sarni\/","og_site_name":"Portal Masculino de Moda, Beleza, Luxo and Business - Angel Boss","article_published_time":"2026-04-27T00:00:00+00:00","og_image":[{"url":"https:\/\/api.dino.com.br\/v2\/news\/tr\/330000?partnerId=4593","type":"","width":"","height":""}],"author":"DINO","twitter_card":"summary_large_image","twitter_misc":{"Written by":"DINO","Est. reading time":"4 minutes"},"schema":{"@context":"https:\/\/schema.org","@graph":[{"@type":"Article","@id":"https:\/\/angelboss.com.br\/2026\/04\/27\/330000-gio-estetica-amplia-presenca-no-brasil-com-carla-sarni\/#article","isPartOf":{"@id":"https:\/\/angelboss.com.br\/2026\/04\/27\/330000-gio-estetica-amplia-presenca-no-brasil-com-carla-sarni\/"},"author":{"name":"DINO","@id":"http:\/\/angelboss.com.br\/#\/schema\/person\/b6676b8d991f97199ef2d5b8e5c2d8a5"},"headline":"GIO Est\u00e9tica amplia presen\u00e7a no Brasil com Carla Sarni","datePublished":"2026-04-27T00:00:00+00:00","mainEntityOfPage":{"@id":"https:\/\/angelboss.com.br\/2026\/04\/27\/330000-gio-estetica-amplia-presenca-no-brasil-com-carla-sarni\/"},"wordCount":713,"commentCount":0,"publisher":{"@id":"http:\/\/angelboss.com.br\/#organization"},"image":{"@id":"https:\/\/angelboss.com.br\/2026\/04\/27\/330000-gio-estetica-amplia-presenca-no-brasil-com-carla-sarni\/#primaryimage"},"thumbnailUrl":"https:\/\/angelboss.com.br\/wp-content\/uploads\/2026\/04\/27cac576-1e9d-4f8a-8c31-0a59ea78d707.jpg","keywords":["EMPREENDEDORISMO","MARKETING","NEG\u00d3CIOS","SA\u00daDE E BEM-ESTAR","STARTUPS"],"articleSection":["Not\u00edcias Corporativas"],"inLanguage":"en-US","potentialAction":[{"@type":"CommentAction","name":"Comment","target":["https:\/\/angelboss.com.br\/2026\/04\/27\/330000-gio-estetica-amplia-presenca-no-brasil-com-carla-sarni\/#respond"]}]},{"@type":"WebPage","@id":"https:\/\/angelboss.com.br\/2026\/04\/27\/330000-gio-estetica-amplia-presenca-no-brasil-com-carla-sarni\/","url":"https:\/\/angelboss.com.br\/2026\/04\/27\/330000-gio-estetica-amplia-presenca-no-brasil-com-carla-sarni\/","name":"GIO Est\u00e9tica amplia presen\u00e7a no Brasil com Carla Sarni - Portal Masculino de Moda, Beleza, Luxo and Business - Angel Boss","isPartOf":{"@id":"http:\/\/angelboss.com.br\/#website"},"primaryImageOfPage":{"@id":"https:\/\/angelboss.com.br\/2026\/04\/27\/330000-gio-estetica-amplia-presenca-no-brasil-com-carla-sarni\/#primaryimage"},"image":{"@id":"https:\/\/angelboss.com.br\/2026\/04\/27\/330000-gio-estetica-amplia-presenca-no-brasil-com-carla-sarni\/#primaryimage"},"thumbnailUrl":"https:\/\/angelboss.com.br\/wp-content\/uploads\/2026\/04\/27cac576-1e9d-4f8a-8c31-0a59ea78d707.jpg","datePublished":"2026-04-27T00:00:00+00:00","breadcrumb":{"@id":"https:\/\/angelboss.com.br\/2026\/04\/27\/330000-gio-estetica-amplia-presenca-no-brasil-com-carla-sarni\/#breadcrumb"},"inLanguage":"en-US","potentialAction":[{"@type":"ReadAction","target":["https:\/\/angelboss.com.br\/2026\/04\/27\/330000-gio-estetica-amplia-presenca-no-brasil-com-carla-sarni\/"]}]},{"@type":"ImageObject","inLanguage":"en-US","@id":"https:\/\/angelboss.com.br\/2026\/04\/27\/330000-gio-estetica-amplia-presenca-no-brasil-com-carla-sarni\/#primaryimage","url":"https:\/\/angelboss.com.br\/wp-content\/uploads\/2026\/04\/27cac576-1e9d-4f8a-8c31-0a59ea78d707.jpg","contentUrl":"https:\/\/angelboss.com.br\/wp-content\/uploads\/2026\/04\/27cac576-1e9d-4f8a-8c31-0a59ea78d707.jpg","width":1200,"height":800,"caption":"GIO Est\u00e9tica amplia presen\u00e7a no Brasil com Carla Sarni"},{"@type":"BreadcrumbList","@id":"https:\/\/angelboss.com.br\/2026\/04\/27\/330000-gio-estetica-amplia-presenca-no-brasil-com-carla-sarni\/#breadcrumb","itemListElement":[{"@type":"ListItem","position":1,"name":"In\u00edcio","item":"http:\/\/angelboss.com.br\/"},{"@type":"ListItem","position":2,"name":"GIO Est\u00e9tica amplia presen\u00e7a no Brasil com Carla Sarni"}]},{"@type":"WebSite","@id":"http:\/\/angelboss.com.br\/#website","url":"http:\/\/angelboss.com.br\/","name":"Portal Masculino de Moda, Beleza, Luxo e Business - Angel Boss","description":"O Maior Portal sobre Moda, Luxo, Beleza e Business Masculino do Brasil","publisher":{"@id":"http:\/\/angelboss.com.br\/#organization"},"alternateName":"Maior Portal e Blog de Beleza Masculina e Luxo","potentialAction":[{"@type":"SearchAction","target":{"@type":"EntryPoint","urlTemplate":"http:\/\/angelboss.com.br\/?s={search_term_string}"},"query-input":{"@type":"PropertyValueSpecification","valueRequired":true,"valueName":"search_term_string"}}],"inLanguage":"en-US"},{"@type":"Organization","@id":"http:\/\/angelboss.com.br\/#organization","name":"Portal Masculino de Moda, Beleza, Luxo and Business - Angel Boss","url":"http:\/\/angelboss.com.br\/","logo":{"@type":"ImageObject","inLanguage":"en-US","@id":"http:\/\/angelboss.com.br\/#\/schema\/logo\/image\/","url":"http:\/\/angelboss.com.br\/wp-content\/uploads\/2025\/12\/WhatsApp-Image-2025-12-11-at-12.54.26.jpeg","contentUrl":"http:\/\/angelboss.com.br\/wp-content\/uploads\/2025\/12\/WhatsApp-Image-2025-12-11-at-12.54.26.jpeg","width":1280,"height":1280,"caption":"Portal Masculino de Moda, Beleza, Luxo and Business - Angel Boss"},"image":{"@id":"http:\/\/angelboss.com.br\/#\/schema\/logo\/image\/"}},{"@type":"Person","@id":"http:\/\/angelboss.com.br\/#\/schema\/person\/b6676b8d991f97199ef2d5b8e5c2d8a5","name":"DINO","image":{"@type":"ImageObject","inLanguage":"en-US","@id":"https:\/\/secure.gravatar.com\/avatar\/f29568383aedf96da155b6f87103b0e04b1c662f982055cda25086444ab33ff8?s=96&d=mm&r=g","url":"https:\/\/secure.gravatar.com\/avatar\/f29568383aedf96da155b6f87103b0e04b1c662f982055cda25086444ab33ff8?s=96&d=mm&r=g","contentUrl":"https:\/\/secure.gravatar.com\/avatar\/f29568383aedf96da155b6f87103b0e04b1c662f982055cda25086444ab33ff8?s=96&d=mm&r=g","caption":"DINO"},"url":"https:\/\/angelboss.com.br\/en\/author\/DINO\/"}]}},"amp_enabled":true,"_links":{"self":[{"href":"https:\/\/angelboss.com.br\/en\/wp-json\/wp\/v2\/posts\/20403","targetHints":{"allow":["GET"]}}],"collection":[{"href":"https:\/\/angelboss.com.br\/en\/wp-json\/wp\/v2\/posts"}],"about":[{"href":"https:\/\/angelboss.com.br\/en\/wp-json\/wp\/v2\/types\/post"}],"author":[{"embeddable":true,"href":"https:\/\/angelboss.com.br\/en\/wp-json\/wp\/v2\/users\/3"}],"replies":[{"embeddable":true,"href":"https:\/\/angelboss.com.br\/en\/wp-json\/wp\/v2\/comments?post=20403"}],"version-history":[{"count":0,"href":"https:\/\/angelboss.com.br\/en\/wp-json\/wp\/v2\/posts\/20403\/revisions"}],"wp:featuredmedia":[{"embeddable":true,"href":"https:\/\/angelboss.com.br\/en\/wp-json\/wp\/v2\/media\/20404"}],"wp:attachment":[{"href":"https:\/\/angelboss.com.br\/en\/wp-json\/wp\/v2\/media?parent=20403"}],"wp:term":[{"taxonomy":"category","embeddable":true,"href":"https:\/\/angelboss.com.br\/en\/wp-json\/wp\/v2\/categories?post=20403"},{"taxonomy":"post_tag","embeddable":true,"href":"https:\/\/angelboss.com.br\/en\/wp-json\/wp\/v2\/tags?post=20403"}],"curies":[{"name":"wp","href":"https:\/\/api.w.org\/{rel}","templated":true}]}}