{"id":20329,"date":"2026-04-24T19:37:37","date_gmt":"2026-04-24T19:37:37","guid":{"rendered":"https:\/\/angelboss.com.br\/?p=20329"},"modified":"2026-04-24T19:37:40","modified_gmt":"2026-04-24T19:37:40","slug":"bmw-neue-klasse-auto-china-2026-pequim-ix3-i3-serie-7","status":"publish","type":"post","link":"https:\/\/angelboss.com.br\/en\/2026\/04\/24\/bmw-neue-klasse-auto-china-2026-pequim-ix3-i3-serie-7\/","title":{"rendered":"Sal\u00e3o de Pequim: BMW Group apresenta o in\u00edcio de uma nova era na China"},"content":{"rendered":"<ul class=\"wp-block-list\">\n<li>Estreias mundiais do BMW iX3 Long Wheelbase, do BMW i3 Long Wheelbase e do novo BMW S\u00e9rie 7<\/li>\n\n\n\n<li>Novo BMW S\u00e9rie 7 com tecnologias BMW Neue Klasse pela primeira vez<\/li>\n\n\n\n<li>Experi\u00eancia digital BMW e sistemas de assist\u00eancia ao condutor desenvolvidos especificamente para o mercado chin\u00eas \u2013 Carros-conceito MINI Emotional<\/li>\n<\/ul>\n\n\n\n<p>\u00a0O estande do BMW Group no Auto China 2026 \u00e9 inteiramente dedicado \u00e0 Neue Klasse. Em Pequim, o novo BMW iX3 Long Wheelbase, o novo BMW i3 Long Wheelbase e o novo BMW S\u00e9rie 7 com tecnologias Neue Klasse celebram suas estreias mundiais. &#8220;Com a introdu\u00e7\u00e3o do novo BMW iX3 para a China, do BMW i3 para a China e do novo BMW S\u00e9rie 7, estamos marcando um importante marco no maior projeto futuro da hist\u00f3ria da BMW: a Neue Klasse. Estamos dando um grande salto \u2014 em tecnologia, experi\u00eancia de condu\u00e7\u00e3o e design&#8221;, afirmou Oliver Zipse, Presidente do Conselho de Administra\u00e7\u00e3o da BMW AG. &#8220;Com o novo BMW S\u00e9rie 7, demonstramos como estamos escalando os novos clusters tecnol\u00f3gicos e a nova linguagem de design em todo o nosso portf\u00f3lio. Este \u00e9 um exemplo claro de como todos os futuros modelos se beneficiar\u00e3o das inova\u00e7\u00f5es da Neue Klasse&#8221;.<\/p>\n\n\n\n<p>A presen\u00e7a do BMW Group no Auto China 2026 destaca seu foco tecnol\u00f3gico. A empresa apresenta diversas inova\u00e7\u00f5es voltadas ao futuro em Pequim, incluindo uma experi\u00eancia digital com o BMW Panoramic iDrive totalmente adaptado \u00e0s necessidades dos clientes chineses, al\u00e9m de sistemas de assist\u00eancia ao motorista desenvolvidos especificamente para as condi\u00e7\u00f5es de tr\u00e1fego da China. A marca MINI tamb\u00e9m est\u00e1 presente no evento, chamando a aten\u00e7\u00e3o com dois concept cars de forte apelo emocional.<\/p>\n\n\n\n<p><strong>BMW iX3 e BMW i3: estreias mundiais dos dois primeiros modelos Neue Klasse desenvolvidos para a China<\/strong><br>Os primeiros modelos Neue Klasse desenvolvidos na China para a China \u2014 o novo BMW iX3 e o novo BMW i3 \u2014 fazem sua estreia mundial no Auto China 2026. Ambos representam o salto para uma nova era e refletem a ambi\u00e7\u00e3o da BMW de liderar a inova\u00e7\u00e3o em seu maior mercado individual, especialmente em eletrifica\u00e7\u00e3o, digitaliza\u00e7\u00e3o e ve\u00edculos definidos por software.<\/p>\n\n\n\n<p>Com a linguagem de design caracter\u00edstica da Neue Klasse, os modelos inauguram uma nova fase no design da BMW. Ambos combinam propor\u00e7\u00f5es t\u00edpicas da marca com uma abordagem mais limpa e t\u00e9cnica. Entre os principais destaques est\u00e3o a reinterpret\u00e7\u00e3o da ic\u00f4nica grade dupla (kidney grille), assinaturas luminosas integradas e linhas orientadas para frente.<\/p>\n\n\n\n<p>Os dois modelos s\u00e3o baseados na sexta gera\u00e7\u00e3o da tecnologia BMW eDrive (Gen6). Um dos principais avan\u00e7os \u00e9 a utiliza\u00e7\u00e3o de c\u00e9lulas cil\u00edndricas na bateria de alta voltagem. Isso permite autonomia superior a 900 km no novo BMW iX3 e acima de 1.000 km no novo BMW i3, segundo o ciclo CLTC. Com a arquitetura de 800 volts da Neue Klasse, ambos podem ser carregados em esta\u00e7\u00f5es de alta pot\u00eancia com at\u00e9 400 kW, adicionando at\u00e9 400 km de autonomia em apenas dez minutos.<\/p>\n\n\n\n<p><strong>Estreia mundial do novo BMW S\u00e9rie 7<\/strong><br>O BMW Group refor\u00e7a sua lideran\u00e7a no segmento de luxo com o novo BMW S\u00e9rie 7, a express\u00e3o m\u00e1xima do Puro Prazer de Dirigir.<\/p>\n\n\n\n<p>O modelo representa a mais abrangente atualiza\u00e7\u00e3o da hist\u00f3ria da marca. Em sua s\u00e9tima gera\u00e7\u00e3o, assume papel pioneiro ao introduzir tecnologias da Neue Klasse em modelos j\u00e1 existentes, marcando o in\u00edcio de uma expans\u00e3o tecnol\u00f3gica transversal a todos os segmentos e motoriza\u00e7\u00f5es.<\/p>\n\n\n\n<p><strong>Nova linguagem de design no segmento de luxo<\/strong><br>O novo BMW S\u00e9rie 7 incorpora a interpreta\u00e7\u00e3o da nova linguagem de design da marca para o segmento de luxo. O exterior monol\u00edtico, a nova grade iluminada BMW Iconic Glow e os far\u00f3is minimalistas em cristal criam uma presen\u00e7a marcante. A lateral traz superf\u00edcies limpas e linhas bem definidas, enquanto a traseira se destaca por elementos visuais precisos e modernos.<\/p>\n\n\n\n<p><strong>Experi\u00eancia a bordo: luxo, tecnologia e bem-estar<\/strong><br>O interior combina materiais nobres como couro, tecidos, madeira, cristal e metal, com um design moderno e tecnologias avan\u00e7adas. O conceito de ilumina\u00e7\u00e3o imersiva, com faixas de luz ambiente e novos elementos luminosos, cria uma atmosfera sofisticada e acolhedora.<\/p>\n\n\n\n<p><strong>BMW Panoramic iDrive e nova experi\u00eancia digital<\/strong><br>O novo BMW S\u00e9rie 7 amplia a experi\u00eancia digital com foco total no usu\u00e1rio. Entre os destaques est\u00e3o o BMW Panoramic iDrive, orientado ao motorista, o BMW Passenger Screen, o Theatre Screen aprimorado para entretenimento ou trabalho e o sistema de som Bowers &amp; Wilkins com Dolby Atmos.<\/p>\n\n\n\n<p>A opera\u00e7\u00e3o multimodal combina toque, comando t\u00e1til e voz, com suporte do BMW Intelligent Personal Assistant baseado em IA (Amazon Alexa+). Na China, o sistema incorpora tecnologia DeepSeek.<\/p>\n\n\n\n<p><strong>Novos sistemas de assist\u00eancia ao motorista<\/strong><\/p>\n\n\n\n<p>Os sistemas de assist\u00eancia de n\u00edvel 2 foram significativamente aprimorados, permitindo condu\u00e7\u00e3o hands-free em rodovias a at\u00e9 130 km\/h em diversos mercados. O sistema inclui mudan\u00e7as autom\u00e1ticas de faixa e assist\u00eancia &#8220;Entry-to-Exit&#8221;.<\/p>\n\n\n\n<p>O City Assistant oferece condu\u00e7\u00e3o assistida de &#8220;endere\u00e7o a endere\u00e7o&#8221;, com intera\u00e7\u00e3o fluida entre motorista e intelig\u00eancia artificial por meio do BMW Symbiotic Drive.<\/p>\n\n\n\n<p><strong>Assist\u00eancia ao motorista adaptada ao mercado chin\u00eas<\/strong><\/p>\n\n\n\n<p>A partir do BMW iX3, a marca introduz um novo sistema desenvolvido especificamente para o tr\u00e1fego chin\u00eas, com previs\u00e3o de expans\u00e3o para 12 modelos at\u00e9 2027.<\/p>\n\n\n\n<p>Desenvolvido em parceria com a empresa chinesa Momenta, o sistema combina d\u00e9cadas de experi\u00eancia da BMW com intelig\u00eancia artificial local. Destaque tamb\u00e9m para o sistema de frenagem cooperativa, que permite ao motorista interagir com o sistema sem desativ\u00e1-lo.<\/p>\n\n\n\n<p><strong>Avan\u00e7o digital com BMW Operating System X<\/strong><\/p>\n\n\n\n<p>O BMW Panoramic iDrive \u00e9 baseado no novo BMW Operating System X, projetado para ser escal\u00e1vel globalmente e adapt\u00e1vel localmente.<\/p>\n\n\n\n<p>Na China, cerca de 70% do sistema foi desenvolvido localmente, com forte integra\u00e7\u00e3o com empresas como Alibaba, DeepSeek, Amap e Huawei. Isso permite funcionalidades digitais altamente adaptadas ao comportamento do consumidor chin\u00eas.<\/p>\n\n\n\n<p><strong>BMW iX3 Flow Edition e tecnologia E Ink<\/strong><\/p>\n\n\n\n<p>O BMW iX3 Flow Edition demonstra o avan\u00e7o da tecnologia E Ink aplicada ao ve\u00edculo, permitindo anima\u00e7\u00f5es personaliz\u00e1veis na carroceria. O conceito simboliza inova\u00e7\u00e3o e express\u00e3o individual, com potencial para aplica\u00e7\u00e3o em modelos de produ\u00e7\u00e3o.<\/p>\n\n\n\n<p><strong>MINI: diversidade e criatividade<\/strong><\/p>\n\n\n\n<p>A MINI apresenta edi\u00e7\u00f5es especiais e modelos \u00fanicos, incluindo a MINI Paul Smith Edition e vers\u00f5es John Cooper Works.<\/p>\n\n\n\n<p>Destaque para o MINI x Vagabund, desenvolvido com o est\u00fadio austr\u00edaco Vagabund, transformando o ve\u00edculo em uma experi\u00eancia sonora e cultural. Outro destaque \u00e9 o MINI JCW &#8220;The Skeg&#8221;, inspirado no universo do surf e do motorsport.<\/p>\n\n\n\n<p><strong>BMW iX5 Hydroge<\/strong><\/p>\n\n\n\n<p>O BMW iX5 Hydrogen, previsto para produ\u00e7\u00e3o a partir de 2028, demonstra o avan\u00e7o da tecnologia de c\u00e9lula a combust\u00edvel. O modelo combina autonomia elevada com reabastecimento r\u00e1pido, refor\u00e7ando o compromisso com mobilidade sustent\u00e1vel.<\/p>\n\n\n\n<p><strong>Presen\u00e7a recorde no Auto China 2026<\/strong><\/p>\n\n\n\n<p>O BMW Group ocupa um espa\u00e7o de 4.400 m\u00b2 no evento \u2014 quase tr\u00eas vezes maior que em 2024 \u2014 apresentando 42 ve\u00edculos, incluindo tr\u00eas estreias mundiais.<\/p>\n\n\n\n<p>A experi\u00eancia inclui exposi\u00e7\u00f5es interativas, demonstra\u00e7\u00f5es tecnol\u00f3gicas, materiais exclusivos do BMW Individual e uma experi\u00eancia sonora imersiva com Dolby Atmos.<\/p>","protected":false},"excerpt":{"rendered":"<p>\u00a0O estande do BMW Group no Auto China 2026 \u00e9 inteiramente dedicado \u00e0 Neue Klasse. Em Pequim, o novo BMW iX3 Long Wheelbase, o novo BMW i3 Long Wheelbase e o novo BMW S\u00e9rie 7 com tecnologias Neue Klasse celebram suas estreias mundiais. &#8220;Com a introdu\u00e7\u00e3o do novo BMW iX3 para a China, do BMW<\/p>","protected":false},"author":2,"featured_media":20330,"comment_status":"open","ping_status":"open","sticky":false,"template":"","format":"standard","meta":{"footnotes":""},"categories":[1747,315],"tags":[3748,3751,3750],"class_list":{"0":"post-20329","1":"post","2":"type-post","3":"status-publish","4":"format-standard","5":"has-post-thumbnail","7":"category-automobilismo","8":"category-noticias-corporativas-dino","9":"tag-bmw-neue-klasse","10":"tag-ia-deepseek","11":"tag-pequim"},"yoast_head":"<!-- This site is optimized with the Yoast SEO plugin v27.4 - https:\/\/yoast.com\/product\/yoast-seo-wordpress\/ -->\n<title>BMW na China: Estreia da Neue Klasse e Novo S\u00e9rie 7 em Pequim<\/title>\n<meta name=\"description\" content=\"BMW Group lan\u00e7a a era Neue Klasse no Auto China 2026. Conhe\u00e7a o novo iX3, i3 e o S\u00e9rie 7 com tecnologia de 800V, IA DeepSeek e 1.000km de autonomia.\" \/>\n<meta name=\"robots\" content=\"index, follow, max-snippet:-1, max-image-preview:large, max-video-preview:-1\" \/>\n<link rel=\"canonical\" href=\"https:\/\/angelboss.com.br\/en\/2026\/04\/24\/bmw-neue-klasse-auto-china-2026-pequim-ix3-i3-serie-7\/\" \/>\n<meta property=\"og:locale\" content=\"en_US\" \/>\n<meta property=\"og:type\" content=\"article\" \/>\n<meta property=\"og:title\" content=\"BMW na China: Estreia da Neue Klasse e Novo S\u00e9rie 7 em Pequim\" \/>\n<meta property=\"og:description\" content=\"BMW Group lan\u00e7a a era Neue Klasse no Auto China 2026. Conhe\u00e7a o novo iX3, i3 e o S\u00e9rie 7 com tecnologia de 800V, IA DeepSeek e 1.000km de autonomia.\" \/>\n<meta property=\"og:url\" content=\"https:\/\/angelboss.com.br\/en\/2026\/04\/24\/bmw-neue-klasse-auto-china-2026-pequim-ix3-i3-serie-7\/\" \/>\n<meta property=\"og:site_name\" content=\"Portal Masculino de Moda, Beleza, Luxo and Business - Angel Boss\" \/>\n<meta property=\"article:published_time\" content=\"2026-04-24T19:37:37+00:00\" \/>\n<meta property=\"article:modified_time\" content=\"2026-04-24T19:37:40+00:00\" \/>\n<meta property=\"og:image\" content=\"https:\/\/angelboss.com.br\/wp-content\/uploads\/2026\/04\/1wUmOlBzYzkTN6InYu02bj5ycz9mYsV2ZuFGQsV2ZuF2b0Vmb6MDN5kTOzAzMyIjOn5GcuMmM4UDN1MjYlhjM0YTYiBzY3IWYxgzM5YTNwYWOjlTMGJTJjlTMGJTJyQTN4IjRyUCN1ADNx8VL1ETLf9VLwITLfpDO.png\" \/>\n\t<meta property=\"og:image:width\" content=\"1016\" \/>\n\t<meta property=\"og:image:height\" content=\"571\" \/>\n\t<meta property=\"og:image:type\" content=\"image\/png\" \/>\n<meta name=\"author\" content=\"Neto Angel Boss\" \/>\n<meta name=\"twitter:card\" content=\"summary_large_image\" \/>\n<meta name=\"twitter:label1\" content=\"Written by\" \/>\n\t<meta name=\"twitter:data1\" content=\"Neto Angel Boss\" \/>\n\t<meta name=\"twitter:label2\" content=\"Est. reading time\" \/>\n\t<meta name=\"twitter:data2\" content=\"7 minutes\" \/>\n<script type=\"application\/ld+json\" class=\"yoast-schema-graph\">{\"@context\":\"https:\\\/\\\/schema.org\",\"@graph\":[{\"@type\":\"Article\",\"@id\":\"https:\\\/\\\/angelboss.com.br\\\/2026\\\/04\\\/24\\\/bmw-neue-klasse-auto-china-2026-pequim-ix3-i3-serie-7\\\/#article\",\"isPartOf\":{\"@id\":\"https:\\\/\\\/angelboss.com.br\\\/2026\\\/04\\\/24\\\/bmw-neue-klasse-auto-china-2026-pequim-ix3-i3-serie-7\\\/\"},\"author\":{\"name\":\"Neto Angel Boss\",\"@id\":\"http:\\\/\\\/angelboss.com.br\\\/en\\\/#\\\/schema\\\/person\\\/af084936b46cf2e03f299183e429e350\"},\"headline\":\"Sal\u00e3o de Pequim: BMW Group apresenta o in\u00edcio de uma nova era na China\",\"datePublished\":\"2026-04-24T19:37:37+00:00\",\"dateModified\":\"2026-04-24T19:37:40+00:00\",\"mainEntityOfPage\":{\"@id\":\"https:\\\/\\\/angelboss.com.br\\\/2026\\\/04\\\/24\\\/bmw-neue-klasse-auto-china-2026-pequim-ix3-i3-serie-7\\\/\"},\"wordCount\":1256,\"commentCount\":0,\"publisher\":{\"@id\":\"http:\\\/\\\/angelboss.com.br\\\/en\\\/#organization\"},\"image\":{\"@id\":\"https:\\\/\\\/angelboss.com.br\\\/2026\\\/04\\\/24\\\/bmw-neue-klasse-auto-china-2026-pequim-ix3-i3-serie-7\\\/#primaryimage\"},\"thumbnailUrl\":\"https:\\\/\\\/angelboss.com.br\\\/wp-content\\\/uploads\\\/2026\\\/04\\\/1wUmOlBzYzkTN6InYu02bj5ycz9mYsV2ZuFGQsV2ZuF2b0Vmb6MDN5kTOzAzMyIjOn5GcuMmM4UDN1MjYlhjM0YTYiBzY3IWYxgzM5YTNwYWOjlTMGJTJjlTMGJTJyQTN4IjRyUCN1ADNx8VL1ETLf9VLwITLfpDO.png\",\"keywords\":[\"BMW Neue Klasse\",\"IA DeepSeek\",\"Pequim\"],\"articleSection\":[\"Automobilismo\",\"Not\u00edcias Corporativas\"],\"inLanguage\":\"en-US\",\"potentialAction\":[{\"@type\":\"CommentAction\",\"name\":\"Comment\",\"target\":[\"https:\\\/\\\/angelboss.com.br\\\/2026\\\/04\\\/24\\\/bmw-neue-klasse-auto-china-2026-pequim-ix3-i3-serie-7\\\/#respond\"]}]},{\"@type\":\"WebPage\",\"@id\":\"https:\\\/\\\/angelboss.com.br\\\/2026\\\/04\\\/24\\\/bmw-neue-klasse-auto-china-2026-pequim-ix3-i3-serie-7\\\/\",\"url\":\"https:\\\/\\\/angelboss.com.br\\\/2026\\\/04\\\/24\\\/bmw-neue-klasse-auto-china-2026-pequim-ix3-i3-serie-7\\\/\",\"name\":\"BMW na China: Estreia da Neue Klasse e Novo S\u00e9rie 7 em Pequim\",\"isPartOf\":{\"@id\":\"http:\\\/\\\/angelboss.com.br\\\/en\\\/#website\"},\"primaryImageOfPage\":{\"@id\":\"https:\\\/\\\/angelboss.com.br\\\/2026\\\/04\\\/24\\\/bmw-neue-klasse-auto-china-2026-pequim-ix3-i3-serie-7\\\/#primaryimage\"},\"image\":{\"@id\":\"https:\\\/\\\/angelboss.com.br\\\/2026\\\/04\\\/24\\\/bmw-neue-klasse-auto-china-2026-pequim-ix3-i3-serie-7\\\/#primaryimage\"},\"thumbnailUrl\":\"https:\\\/\\\/angelboss.com.br\\\/wp-content\\\/uploads\\\/2026\\\/04\\\/1wUmOlBzYzkTN6InYu02bj5ycz9mYsV2ZuFGQsV2ZuF2b0Vmb6MDN5kTOzAzMyIjOn5GcuMmM4UDN1MjYlhjM0YTYiBzY3IWYxgzM5YTNwYWOjlTMGJTJjlTMGJTJyQTN4IjRyUCN1ADNx8VL1ETLf9VLwITLfpDO.png\",\"datePublished\":\"2026-04-24T19:37:37+00:00\",\"dateModified\":\"2026-04-24T19:37:40+00:00\",\"description\":\"BMW Group lan\u00e7a a era Neue Klasse no Auto China 2026. Conhe\u00e7a o novo iX3, i3 e o S\u00e9rie 7 com tecnologia de 800V, IA DeepSeek e 1.000km de autonomia.\",\"breadcrumb\":{\"@id\":\"https:\\\/\\\/angelboss.com.br\\\/2026\\\/04\\\/24\\\/bmw-neue-klasse-auto-china-2026-pequim-ix3-i3-serie-7\\\/#breadcrumb\"},\"inLanguage\":\"en-US\",\"potentialAction\":[{\"@type\":\"ReadAction\",\"target\":[\"https:\\\/\\\/angelboss.com.br\\\/2026\\\/04\\\/24\\\/bmw-neue-klasse-auto-china-2026-pequim-ix3-i3-serie-7\\\/\"]}]},{\"@type\":\"ImageObject\",\"inLanguage\":\"en-US\",\"@id\":\"https:\\\/\\\/angelboss.com.br\\\/2026\\\/04\\\/24\\\/bmw-neue-klasse-auto-china-2026-pequim-ix3-i3-serie-7\\\/#primaryimage\",\"url\":\"https:\\\/\\\/angelboss.com.br\\\/wp-content\\\/uploads\\\/2026\\\/04\\\/1wUmOlBzYzkTN6InYu02bj5ycz9mYsV2ZuFGQsV2ZuF2b0Vmb6MDN5kTOzAzMyIjOn5GcuMmM4UDN1MjYlhjM0YTYiBzY3IWYxgzM5YTNwYWOjlTMGJTJjlTMGJTJyQTN4IjRyUCN1ADNx8VL1ETLf9VLwITLfpDO.png\",\"contentUrl\":\"https:\\\/\\\/angelboss.com.br\\\/wp-content\\\/uploads\\\/2026\\\/04\\\/1wUmOlBzYzkTN6InYu02bj5ycz9mYsV2ZuFGQsV2ZuF2b0Vmb6MDN5kTOzAzMyIjOn5GcuMmM4UDN1MjYlhjM0YTYiBzY3IWYxgzM5YTNwYWOjlTMGJTJjlTMGJTJyQTN4IjRyUCN1ADNx8VL1ETLf9VLwITLfpDO.png\",\"width\":1016,\"height\":571,\"caption\":\"Imagem\\\/Divulga\u00e7\u00e3o\"},{\"@type\":\"BreadcrumbList\",\"@id\":\"https:\\\/\\\/angelboss.com.br\\\/2026\\\/04\\\/24\\\/bmw-neue-klasse-auto-china-2026-pequim-ix3-i3-serie-7\\\/#breadcrumb\",\"itemListElement\":[{\"@type\":\"ListItem\",\"position\":1,\"name\":\"In\u00edcio\",\"item\":\"http:\\\/\\\/angelboss.com.br\\\/en\\\/\"},{\"@type\":\"ListItem\",\"position\":2,\"name\":\"Sal\u00e3o de Pequim: BMW Group apresenta o in\u00edcio de uma nova era na China\"}]},{\"@type\":\"WebSite\",\"@id\":\"http:\\\/\\\/angelboss.com.br\\\/en\\\/#website\",\"url\":\"http:\\\/\\\/angelboss.com.br\\\/en\\\/\",\"name\":\"Portal Masculino de Moda, Beleza, Luxo e Business - Angel Boss\",\"description\":\"O Maior Portal sobre Moda, Luxo, Beleza e Business Masculino do Brasil\",\"publisher\":{\"@id\":\"http:\\\/\\\/angelboss.com.br\\\/en\\\/#organization\"},\"alternateName\":\"Maior Portal e Blog de Beleza Masculina e Luxo\",\"potentialAction\":[{\"@type\":\"SearchAction\",\"target\":{\"@type\":\"EntryPoint\",\"urlTemplate\":\"http:\\\/\\\/angelboss.com.br\\\/en\\\/?s={search_term_string}\"},\"query-input\":{\"@type\":\"PropertyValueSpecification\",\"valueRequired\":true,\"valueName\":\"search_term_string\"}}],\"inLanguage\":\"en-US\"},{\"@type\":\"Organization\",\"@id\":\"http:\\\/\\\/angelboss.com.br\\\/en\\\/#organization\",\"name\":\"Portal Masculino de Moda, Beleza, Luxo and Business - Angel Boss\",\"url\":\"http:\\\/\\\/angelboss.com.br\\\/en\\\/\",\"logo\":{\"@type\":\"ImageObject\",\"inLanguage\":\"en-US\",\"@id\":\"http:\\\/\\\/angelboss.com.br\\\/en\\\/#\\\/schema\\\/logo\\\/image\\\/\",\"url\":\"http:\\\/\\\/angelboss.com.br\\\/wp-content\\\/uploads\\\/2025\\\/12\\\/WhatsApp-Image-2025-12-11-at-12.54.26.jpeg\",\"contentUrl\":\"http:\\\/\\\/angelboss.com.br\\\/wp-content\\\/uploads\\\/2025\\\/12\\\/WhatsApp-Image-2025-12-11-at-12.54.26.jpeg\",\"width\":1280,\"height\":1280,\"caption\":\"Portal Masculino de Moda, Beleza, Luxo and Business - Angel Boss\"},\"image\":{\"@id\":\"http:\\\/\\\/angelboss.com.br\\\/en\\\/#\\\/schema\\\/logo\\\/image\\\/\"}},{\"@type\":\"Person\",\"@id\":\"http:\\\/\\\/angelboss.com.br\\\/en\\\/#\\\/schema\\\/person\\\/af084936b46cf2e03f299183e429e350\",\"name\":\"Neto Angel Boss\",\"image\":{\"@type\":\"ImageObject\",\"inLanguage\":\"en-US\",\"@id\":\"https:\\\/\\\/secure.gravatar.com\\\/avatar\\\/dbb38b2050e5181e32afbccf458635967af0767d15abe8168b35ebbd97907289?s=96&d=mm&r=g\",\"url\":\"https:\\\/\\\/secure.gravatar.com\\\/avatar\\\/dbb38b2050e5181e32afbccf458635967af0767d15abe8168b35ebbd97907289?s=96&d=mm&r=g\",\"contentUrl\":\"https:\\\/\\\/secure.gravatar.com\\\/avatar\\\/dbb38b2050e5181e32afbccf458635967af0767d15abe8168b35ebbd97907289?s=96&d=mm&r=g\",\"caption\":\"Neto Angel Boss\"},\"sameAs\":[\"http:\\\/\\\/www.angelboss.com\"],\"url\":\"https:\\\/\\\/angelboss.com.br\\\/en\\\/author\\\/netoangelboss\\\/\"}]}<\/script>\n<!-- \/ Yoast SEO plugin. -->","yoast_head_json":{"title":"BMW na China: Estreia da Neue Klasse e Novo S\u00e9rie 7 em Pequim","description":"BMW Group lan\u00e7a a era Neue Klasse no Auto China 2026. Conhe\u00e7a o novo iX3, i3 e o S\u00e9rie 7 com tecnologia de 800V, IA DeepSeek e 1.000km de autonomia.","robots":{"index":"index","follow":"follow","max-snippet":"max-snippet:-1","max-image-preview":"max-image-preview:large","max-video-preview":"max-video-preview:-1"},"canonical":"https:\/\/angelboss.com.br\/en\/2026\/04\/24\/bmw-neue-klasse-auto-china-2026-pequim-ix3-i3-serie-7\/","og_locale":"en_US","og_type":"article","og_title":"BMW na China: Estreia da Neue Klasse e Novo S\u00e9rie 7 em Pequim","og_description":"BMW Group lan\u00e7a a era Neue Klasse no Auto China 2026. Conhe\u00e7a o novo iX3, i3 e o S\u00e9rie 7 com tecnologia de 800V, IA DeepSeek e 1.000km de autonomia.","og_url":"https:\/\/angelboss.com.br\/en\/2026\/04\/24\/bmw-neue-klasse-auto-china-2026-pequim-ix3-i3-serie-7\/","og_site_name":"Portal Masculino de Moda, Beleza, Luxo and Business - Angel Boss","article_published_time":"2026-04-24T19:37:37+00:00","article_modified_time":"2026-04-24T19:37:40+00:00","og_image":[{"width":1016,"height":571,"url":"https:\/\/angelboss.com.br\/wp-content\/uploads\/2026\/04\/1wUmOlBzYzkTN6InYu02bj5ycz9mYsV2ZuFGQsV2ZuF2b0Vmb6MDN5kTOzAzMyIjOn5GcuMmM4UDN1MjYlhjM0YTYiBzY3IWYxgzM5YTNwYWOjlTMGJTJjlTMGJTJyQTN4IjRyUCN1ADNx8VL1ETLf9VLwITLfpDO.png","type":"image\/png"}],"author":"Neto Angel Boss","twitter_card":"summary_large_image","twitter_misc":{"Written by":"Neto Angel Boss","Est. reading time":"7 minutes"},"schema":{"@context":"https:\/\/schema.org","@graph":[{"@type":"Article","@id":"https:\/\/angelboss.com.br\/2026\/04\/24\/bmw-neue-klasse-auto-china-2026-pequim-ix3-i3-serie-7\/#article","isPartOf":{"@id":"https:\/\/angelboss.com.br\/2026\/04\/24\/bmw-neue-klasse-auto-china-2026-pequim-ix3-i3-serie-7\/"},"author":{"name":"Neto Angel Boss","@id":"http:\/\/angelboss.com.br\/en\/#\/schema\/person\/af084936b46cf2e03f299183e429e350"},"headline":"Sal\u00e3o de Pequim: BMW Group apresenta o in\u00edcio de uma nova era na China","datePublished":"2026-04-24T19:37:37+00:00","dateModified":"2026-04-24T19:37:40+00:00","mainEntityOfPage":{"@id":"https:\/\/angelboss.com.br\/2026\/04\/24\/bmw-neue-klasse-auto-china-2026-pequim-ix3-i3-serie-7\/"},"wordCount":1256,"commentCount":0,"publisher":{"@id":"http:\/\/angelboss.com.br\/en\/#organization"},"image":{"@id":"https:\/\/angelboss.com.br\/2026\/04\/24\/bmw-neue-klasse-auto-china-2026-pequim-ix3-i3-serie-7\/#primaryimage"},"thumbnailUrl":"https:\/\/angelboss.com.br\/wp-content\/uploads\/2026\/04\/1wUmOlBzYzkTN6InYu02bj5ycz9mYsV2ZuFGQsV2ZuF2b0Vmb6MDN5kTOzAzMyIjOn5GcuMmM4UDN1MjYlhjM0YTYiBzY3IWYxgzM5YTNwYWOjlTMGJTJjlTMGJTJyQTN4IjRyUCN1ADNx8VL1ETLf9VLwITLfpDO.png","keywords":["BMW Neue Klasse","IA DeepSeek","Pequim"],"articleSection":["Automobilismo","Not\u00edcias Corporativas"],"inLanguage":"en-US","potentialAction":[{"@type":"CommentAction","name":"Comment","target":["https:\/\/angelboss.com.br\/2026\/04\/24\/bmw-neue-klasse-auto-china-2026-pequim-ix3-i3-serie-7\/#respond"]}]},{"@type":"WebPage","@id":"https:\/\/angelboss.com.br\/2026\/04\/24\/bmw-neue-klasse-auto-china-2026-pequim-ix3-i3-serie-7\/","url":"https:\/\/angelboss.com.br\/2026\/04\/24\/bmw-neue-klasse-auto-china-2026-pequim-ix3-i3-serie-7\/","name":"BMW na China: Estreia da Neue Klasse e Novo S\u00e9rie 7 em Pequim","isPartOf":{"@id":"http:\/\/angelboss.com.br\/en\/#website"},"primaryImageOfPage":{"@id":"https:\/\/angelboss.com.br\/2026\/04\/24\/bmw-neue-klasse-auto-china-2026-pequim-ix3-i3-serie-7\/#primaryimage"},"image":{"@id":"https:\/\/angelboss.com.br\/2026\/04\/24\/bmw-neue-klasse-auto-china-2026-pequim-ix3-i3-serie-7\/#primaryimage"},"thumbnailUrl":"https:\/\/angelboss.com.br\/wp-content\/uploads\/2026\/04\/1wUmOlBzYzkTN6InYu02bj5ycz9mYsV2ZuFGQsV2ZuF2b0Vmb6MDN5kTOzAzMyIjOn5GcuMmM4UDN1MjYlhjM0YTYiBzY3IWYxgzM5YTNwYWOjlTMGJTJjlTMGJTJyQTN4IjRyUCN1ADNx8VL1ETLf9VLwITLfpDO.png","datePublished":"2026-04-24T19:37:37+00:00","dateModified":"2026-04-24T19:37:40+00:00","description":"BMW Group lan\u00e7a a era Neue Klasse no Auto China 2026. Conhe\u00e7a o novo iX3, i3 e o S\u00e9rie 7 com tecnologia de 800V, IA DeepSeek e 1.000km de autonomia.","breadcrumb":{"@id":"https:\/\/angelboss.com.br\/2026\/04\/24\/bmw-neue-klasse-auto-china-2026-pequim-ix3-i3-serie-7\/#breadcrumb"},"inLanguage":"en-US","potentialAction":[{"@type":"ReadAction","target":["https:\/\/angelboss.com.br\/2026\/04\/24\/bmw-neue-klasse-auto-china-2026-pequim-ix3-i3-serie-7\/"]}]},{"@type":"ImageObject","inLanguage":"en-US","@id":"https:\/\/angelboss.com.br\/2026\/04\/24\/bmw-neue-klasse-auto-china-2026-pequim-ix3-i3-serie-7\/#primaryimage","url":"https:\/\/angelboss.com.br\/wp-content\/uploads\/2026\/04\/1wUmOlBzYzkTN6InYu02bj5ycz9mYsV2ZuFGQsV2ZuF2b0Vmb6MDN5kTOzAzMyIjOn5GcuMmM4UDN1MjYlhjM0YTYiBzY3IWYxgzM5YTNwYWOjlTMGJTJjlTMGJTJyQTN4IjRyUCN1ADNx8VL1ETLf9VLwITLfpDO.png","contentUrl":"https:\/\/angelboss.com.br\/wp-content\/uploads\/2026\/04\/1wUmOlBzYzkTN6InYu02bj5ycz9mYsV2ZuFGQsV2ZuF2b0Vmb6MDN5kTOzAzMyIjOn5GcuMmM4UDN1MjYlhjM0YTYiBzY3IWYxgzM5YTNwYWOjlTMGJTJjlTMGJTJyQTN4IjRyUCN1ADNx8VL1ETLf9VLwITLfpDO.png","width":1016,"height":571,"caption":"Imagem\/Divulga\u00e7\u00e3o"},{"@type":"BreadcrumbList","@id":"https:\/\/angelboss.com.br\/2026\/04\/24\/bmw-neue-klasse-auto-china-2026-pequim-ix3-i3-serie-7\/#breadcrumb","itemListElement":[{"@type":"ListItem","position":1,"name":"In\u00edcio","item":"http:\/\/angelboss.com.br\/en\/"},{"@type":"ListItem","position":2,"name":"Sal\u00e3o de Pequim: BMW Group apresenta o in\u00edcio de uma nova era na China"}]},{"@type":"WebSite","@id":"http:\/\/angelboss.com.br\/en\/#website","url":"http:\/\/angelboss.com.br\/en\/","name":"Portal Masculino de Moda, Beleza, Luxo e Business - Angel Boss","description":"O Maior Portal sobre Moda, Luxo, Beleza e Business Masculino do Brasil","publisher":{"@id":"http:\/\/angelboss.com.br\/en\/#organization"},"alternateName":"Maior Portal e Blog de Beleza Masculina e Luxo","potentialAction":[{"@type":"SearchAction","target":{"@type":"EntryPoint","urlTemplate":"http:\/\/angelboss.com.br\/en\/?s={search_term_string}"},"query-input":{"@type":"PropertyValueSpecification","valueRequired":true,"valueName":"search_term_string"}}],"inLanguage":"en-US"},{"@type":"Organization","@id":"http:\/\/angelboss.com.br\/en\/#organization","name":"Portal Masculino de Moda, Beleza, Luxo and Business - Angel Boss","url":"http:\/\/angelboss.com.br\/en\/","logo":{"@type":"ImageObject","inLanguage":"en-US","@id":"http:\/\/angelboss.com.br\/en\/#\/schema\/logo\/image\/","url":"http:\/\/angelboss.com.br\/wp-content\/uploads\/2025\/12\/WhatsApp-Image-2025-12-11-at-12.54.26.jpeg","contentUrl":"http:\/\/angelboss.com.br\/wp-content\/uploads\/2025\/12\/WhatsApp-Image-2025-12-11-at-12.54.26.jpeg","width":1280,"height":1280,"caption":"Portal Masculino de Moda, Beleza, Luxo and Business - Angel Boss"},"image":{"@id":"http:\/\/angelboss.com.br\/en\/#\/schema\/logo\/image\/"}},{"@type":"Person","@id":"http:\/\/angelboss.com.br\/en\/#\/schema\/person\/af084936b46cf2e03f299183e429e350","name":"Neto Angel Boss","image":{"@type":"ImageObject","inLanguage":"en-US","@id":"https:\/\/secure.gravatar.com\/avatar\/dbb38b2050e5181e32afbccf458635967af0767d15abe8168b35ebbd97907289?s=96&d=mm&r=g","url":"https:\/\/secure.gravatar.com\/avatar\/dbb38b2050e5181e32afbccf458635967af0767d15abe8168b35ebbd97907289?s=96&d=mm&r=g","contentUrl":"https:\/\/secure.gravatar.com\/avatar\/dbb38b2050e5181e32afbccf458635967af0767d15abe8168b35ebbd97907289?s=96&d=mm&r=g","caption":"Neto Angel Boss"},"sameAs":["http:\/\/www.angelboss.com"],"url":"https:\/\/angelboss.com.br\/en\/author\/netoangelboss\/"}]}},"amp_enabled":true,"_links":{"self":[{"href":"https:\/\/angelboss.com.br\/en\/wp-json\/wp\/v2\/posts\/20329","targetHints":{"allow":["GET"]}}],"collection":[{"href":"https:\/\/angelboss.com.br\/en\/wp-json\/wp\/v2\/posts"}],"about":[{"href":"https:\/\/angelboss.com.br\/en\/wp-json\/wp\/v2\/types\/post"}],"author":[{"embeddable":true,"href":"https:\/\/angelboss.com.br\/en\/wp-json\/wp\/v2\/users\/2"}],"replies":[{"embeddable":true,"href":"https:\/\/angelboss.com.br\/en\/wp-json\/wp\/v2\/comments?post=20329"}],"version-history":[{"count":1,"href":"https:\/\/angelboss.com.br\/en\/wp-json\/wp\/v2\/posts\/20329\/revisions"}],"predecessor-version":[{"id":20333,"href":"https:\/\/angelboss.com.br\/en\/wp-json\/wp\/v2\/posts\/20329\/revisions\/20333"}],"wp:featuredmedia":[{"embeddable":true,"href":"https:\/\/angelboss.com.br\/en\/wp-json\/wp\/v2\/media\/20330"}],"wp:attachment":[{"href":"https:\/\/angelboss.com.br\/en\/wp-json\/wp\/v2\/media?parent=20329"}],"wp:term":[{"taxonomy":"category","embeddable":true,"href":"https:\/\/angelboss.com.br\/en\/wp-json\/wp\/v2\/categories?post=20329"},{"taxonomy":"post_tag","embeddable":true,"href":"https:\/\/angelboss.com.br\/en\/wp-json\/wp\/v2\/tags?post=20329"}],"curies":[{"name":"wp","href":"https:\/\/api.w.org\/{rel}","templated":true}]}}