{"id":20320,"date":"2026-04-24T00:00:00","date_gmt":"2026-04-24T00:00:00","guid":{"rendered":"https:\/\/angelboss.com.br\/2026\/04\/24\/330239-praca-em-sp-recebe-exposicao-sobre-vida-urbana-em-familia\/"},"modified":"2026-04-24T00:00:00","modified_gmt":"2026-04-24T00:00:00","slug":"330239-praca-em-sp-recebe-exposicao-sobre-vida-urbana-em-familia","status":"publish","type":"post","link":"https:\/\/angelboss.com.br\/en\/2026\/04\/24\/330239-praca-em-sp-recebe-exposicao-sobre-vida-urbana-em-familia\/","title":{"rendered":"Pra\u00e7a em SP recebe exposi\u00e7\u00e3o sobre vida urbana em fam\u00edlia"},"content":{"rendered":"<p>O Instituto Macabi apresenta, entre os dias 28 de abril e 11 de maio, na Pra\u00e7a Cidade de Mil\u00e3o, localizada na Vila Nova Concei\u00e7\u00e3o, em S\u00e3o Paulo, a exposi\u00e7\u00e3o &quot;A Pra\u00e7a Como Territ\u00f3rio de V\u00ednculo&quot; \u2014 uma iniciativa sociocultural que convida a cidade a revisitar o espa\u00e7o p\u00fablico como lugar de encontro, afeto e conviv\u00eancia entre fam\u00edlias. A a\u00e7\u00e3o estar\u00e1 aberta ao p\u00fablico, com entrada gratuita.<\/p>\n<p>Com ensaio assinado pela fot\u00f3grafa Drica Lobo, a mostra parte de um olhar sens\u00edvel sobre o cotidiano da pra\u00e7a e prop\u00f5e uma reflex\u00e3o urgente: como devolver \u00e0s cidades a presen\u00e7a das crian\u00e7as, das fam\u00edlias e do tempo compartilhado?<\/p>\n<p>Como parte dessa proposta, a fot\u00f3grafa traduz o conceito do projeto em uma perspectiva sens\u00edvel sobre a ocupa\u00e7\u00e3o dos espa\u00e7os p\u00fablicos:<\/p>\n<p>&quot;Na pra\u00e7a, a cidade reencontra sua forma mais humana. \u00c9 ali que a inf\u00e2ncia ganha espa\u00e7o para correr, cair, inventar e recome\u00e7ar, enquanto m\u00e3es, pais e cuidadores redescobrem o valor da presen\u00e7a. Entre \u00e1rvores, balan\u00e7os e caminhos de terra, nasce um territ\u00f3rio invis\u00edvel, mas essencial: o v\u00ednculo. Quando uma pra\u00e7a acolhe a inf\u00e2ncia, ela tamb\u00e9m cultiva sa\u00fade, comunidade e futuro&quot;, afirma Drica Lobo.<\/p>\n<p>As imagens apresentam uma narrativa constru\u00edda por mulheres, m\u00e3es e fam\u00edlias que frequentam a pra\u00e7a e que, a partir de sua viv\u00eancia, registram formas de ocupa\u00e7\u00e3o do espa\u00e7o urbano em fam\u00edlia.<\/p>\n<p>A iniciativa, patrocinada pelo Instituto Macabi, com apoio da Associa\u00e7\u00e3o dos Moradores da Vila Nova Concei\u00e7\u00e3o e do Grupo M\u00e3es da Pracinha, refor\u00e7a a import\u00e2ncia do brincar ao ar livre e da presen\u00e7a nos espa\u00e7os p\u00fablicos como pilares de sa\u00fade e desenvolvimento. A mostra acontece \u00e0s v\u00e9speras do Dia das M\u00e3es, refor\u00e7ando a import\u00e2ncia da data e da conex\u00e3o m\u00e3e e filhos, pilar fundamental do Instituto Macabi.<\/p>\n<p>Ao apoiar a exposi\u00e7\u00e3o, o Instituto Macabi reafirma seu compromisso com projetos que ampliam o conceito de sa\u00fade para al\u00e9m do cuidado cl\u00ednico e com a cidade como territ\u00f3rio de presen\u00e7a e afeto. Fundado pelas m\u00e9dicas Mariana, Camila e Bianca Bolonhezi, o Instituto nasceu com o prop\u00f3sito de oferecer um atendimento integral e humanizado, considerando o indiv\u00edduo em sua totalidade \u2014 f\u00edsica, emocional e social.<\/p>\n<p>Essa vis\u00e3o se traduz tamb\u00e9m no incentivo a iniciativas que fortalecem v\u00ednculos e promovem qualidade de vida nos territ\u00f3rios urbanos. Ao transformar a pra\u00e7a em espa\u00e7o de escuta, conviv\u00eancia e desenvolvimento, a exposi\u00e7\u00e3o evidencia o impacto do brincar ao ar livre e da presen\u00e7a ativa de m\u00e3es, pais e cuidadores na forma\u00e7\u00e3o emocional, social e at\u00e9 imunol\u00f3gica das crian\u00e7as.<\/p>\n<p>&quot;Estamos muito felizes em fazer parte deste projeto, que traduz, na pr\u00e1tica, o nosso olhar para a sa\u00fade integral \u2014 que vai al\u00e9m do cuidado cl\u00ednico e inclui os v\u00ednculos, a conviv\u00eancia e a presen\u00e7a nos espa\u00e7os p\u00fablicos como pilares do bem-estar&quot;, destacam Mariana, Camila e Bianca, do Instituto Macabi.<\/p>\n<p>\u00c9 nesse cen\u00e1rio que a Associa\u00e7\u00e3o dos Moradores da Vila Nova Concei\u00e7\u00e3o atua. A entidade desenvolve iniciativas de valoriza\u00e7\u00e3o e ativa\u00e7\u00e3o cultural da Pra\u00e7a Cidade de Mil\u00e3o, com a\u00e7\u00f5es voltadas ao uso do espa\u00e7o como ponto de encontro e conviv\u00eancia no bairro. Somado \u00e0 associa\u00e7\u00e3o, atuam tamb\u00e9m as lideran\u00e7as do Grupo M\u00e3es da Pracinha, iniciado com cinco m\u00e3es originalmente e que j\u00e1 chega hoje a mais de 450, sempre em busca de trocas e conviv\u00eancia ao ar livre em fam\u00edlia.<\/p>\n<p>A exposi\u00e7\u00e3o &quot;A Pra\u00e7a Como Territ\u00f3rio de V\u00ednculo&quot; apoia o Instituto Jardins da Inf\u00e2ncia, idealizado pela autora das fotos Drica Lobo, que j\u00e1 h\u00e1 13 anos desenvolve projetos que articulam inf\u00e2ncia, natureza, cidade e conviv\u00eancia comunit\u00e1ria, mobilizando a\u00e7\u00f5es culturais, educativas e ambientais que investigam como os territ\u00f3rios urbanos, tanto nos bairros centrais quanto nas periferias, podem se transformar em espa\u00e7os de desenvolvimento saud\u00e1vel para crian\u00e7as e fam\u00edlias.<\/p>\n<p>Mais do que uma exposi\u00e7\u00e3o, o projeto se apresenta como um convite: reocupar a cidade com presen\u00e7a, reconstruir v\u00ednculos e permitir que a vida urbana volte a ser vivida em fam\u00edlia.<\/p>\n<p><strong>Sobre Instituto Macabi<\/strong><\/p>\n<p>O Instituto Macabi \u00e9 uma cl\u00ednica multidisciplinar fundada pelas m\u00e9dicas Mariana, Camila e Bianca Bolonhezi, com o prop\u00f3sito de oferecer um cuidado integral, acolhedor e baseado em evid\u00eancias cient\u00edficas. Com uma abordagem centrada no paciente, o instituto re\u00fane diversas especialidades em um \u00fanico espa\u00e7o, promovendo um acompanhamento cont\u00ednuo e coordenado em todas as fases da vida \u2014 da inf\u00e2ncia \u00e0 terceira idade.<\/p>\n<p>Mais do que o cuidado cl\u00ednico, o Instituto Macabi prop\u00f5e um olhar ampliado sobre a sa\u00fade, integrando aspectos f\u00edsicos, emocionais e sociais. Sua atua\u00e7\u00e3o se baseia na combina\u00e7\u00e3o entre conhecimento t\u00e9cnico, escuta ativa e empatia, com o objetivo de proporcionar bem-estar e qualidade de vida de forma consistente e personalizada.<\/p>\n<p><strong>Sobre Drica Lobo<\/strong><\/p>\n<p>Fot\u00f3grafa que h\u00e1 35 anos trabalha com fam\u00edlias e inf\u00e2ncia, \u00e9 idealizadora do projeto Instituto Jardins da Inf\u00e2ncia.<\/p>\n<p>H\u00e1 13 anos \u00e0 frente do instituto, Drica desenvolve projetos que articulam inf\u00e2ncia, natureza, cidade e conviv\u00eancia comunit\u00e1ria, mobilizando a\u00e7\u00f5es culturais, educativas e ambientais que investigam como os territ\u00f3rios urbanos podem se transformar em espa\u00e7os de desenvolvimento saud\u00e1vel para crian\u00e7as e fam\u00edlias.<\/p>\n<p>O projeto j\u00e1 recebeu reconhecimento p\u00fablico, incluindo o 5\u00ba e o 6\u00ba Pr\u00eamio Municipal de Direitos Humanos e Cidadania de S\u00e3o Paulo.<\/p>\n<p>Neste ensaio, a fot\u00f3grafa observa a pra\u00e7a como um laborat\u00f3rio vivo de v\u00ednculos, onde pequenos gestos cotidianos constroem pertencimento, identidade e comunidade.<\/p>\n<p><strong>Ficha T\u00e9cnica | Exposi\u00e7\u00e3o<\/strong><\/p>\n<p>Nome da exposi\u00e7\u00e3o: A Pra\u00e7a Como Territ\u00f3rio de V\u00ednculo<\/p>\n<p>Fotografia Drica Lobo<\/p>\n<p>Realiza\u00e7\u00e3o Drica Lobo Instituto Jardins da Inf\u00e2ncia<\/p>\n<p>Patroc\u00ednio Instituto Macabi<\/p>\n<p>Parceria comunit\u00e1ria Associa\u00e7\u00e3o dos Moradores da Vila Nova Concei\u00e7\u00e3o M\u00e3es da Pracinha<\/p>\n<p>Ag\u00eancia de Comunica\u00e7\u00e3o Ag\u00eancia VIVA<\/p>\n<p><strong>Servi\u00e7o:<\/strong><\/p>\n<p>Evento: Exposi\u00e7\u00e3o: A Pra\u00e7a Como Territ\u00f3rio de V\u00ednculo<\/p>\n<p>Local: Pra\u00e7a Cidade de Mil\u00e3o \u2013 Vila Nova Concei\u00e7\u00e3o<\/p>\n<p>Abertura: 28 de abril<\/p>\n<p>Visita\u00e7\u00e3o: at\u00e9 11 de maio (especial Dia das M\u00e3es)<\/p>\n<p>Entrada: gratuita e aberta ao p\u00fablico<\/p>\n<p><img src='https:\/\/api.dino.com.br\/v2\/news\/tr\/330239?partnerId=4593' alt=\"\" style=\"border:0px;width:1px;height:1px;\" \/><\/p>","protected":false},"excerpt":{"rendered":"<p>Instituto Macabi promove exposi\u00e7\u00e3o sociocultural na Pra\u00e7a Cidade de Mil\u00e3o, em S\u00e3o Paulo, e prop\u00f5e o resgate da vida urbana em fam\u00edlia. Com ensaio de Drica Lobo, a mostra transforma a pra\u00e7a em espa\u00e7o de conviv\u00eancia, escuta e afeto, destacando o papel das fam\u00edlias na constru\u00e7\u00e3o de cidades mais humanas.<\/p>","protected":false},"author":3,"featured_media":20321,"comment_status":"open","ping_status":"open","sticky":false,"template":"","format":"standard","meta":{"footnotes":""},"categories":[315],"tags":[349,379,357,343,352],"class_list":{"0":"post-20320","1":"post","2":"type-post","3":"status-publish","4":"format-standard","5":"has-post-thumbnail","7":"category-noticias-corporativas-dino","8":"tag-arte","9":"tag-casa-e-familia","10":"tag-estilo-de-vida","11":"tag-marketing","12":"tag-saude-e-bem-estar"},"yoast_head":"<!-- This site is optimized with the Yoast SEO plugin v27.5 - https:\/\/yoast.com\/product\/yoast-seo-wordpress\/ -->\n<title>Pra\u00e7a em SP recebe exposi\u00e7\u00e3o sobre vida urbana em fam\u00edlia - Portal Masculino de Moda, Beleza, Luxo and Business - Angel Boss<\/title>\n<meta name=\"robots\" content=\"index, follow, max-snippet:-1, max-image-preview:large, max-video-preview:-1\" \/>\n<link rel=\"canonical\" href=\"http:\/\/angelboss.com.br\/en\/2026\/04\/24\/330239-praca-em-sp-recebe-exposicao-sobre-vida-urbana-em-familia\/\" \/>\n<meta property=\"og:locale\" content=\"en_US\" \/>\n<meta property=\"og:type\" content=\"article\" \/>\n<meta property=\"og:title\" content=\"Pra\u00e7a em SP recebe exposi\u00e7\u00e3o sobre vida urbana em fam\u00edlia - Portal Masculino de Moda, Beleza, Luxo and Business - Angel Boss\" \/>\n<meta property=\"og:description\" content=\"Instituto Macabi promove exposi\u00e7\u00e3o sociocultural na Pra\u00e7a Cidade de Mil\u00e3o, em S\u00e3o Paulo, e prop\u00f5e o resgate da vida urbana em fam\u00edlia. Com ensaio de Drica Lobo, a mostra transforma a pra\u00e7a em espa\u00e7o de conviv\u00eancia, escuta e afeto, destacando o papel das fam\u00edlias na constru\u00e7\u00e3o de cidades mais humanas.\" \/>\n<meta property=\"og:url\" content=\"http:\/\/angelboss.com.br\/en\/2026\/04\/24\/330239-praca-em-sp-recebe-exposicao-sobre-vida-urbana-em-familia\/\" \/>\n<meta property=\"og:site_name\" content=\"Portal Masculino de Moda, Beleza, Luxo and Business - Angel Boss\" \/>\n<meta property=\"article:published_time\" content=\"2026-04-24T00:00:00+00:00\" \/>\n<meta property=\"og:image\" content=\"http:\/\/angelboss.com.br\/wp-content\/uploads\/2026\/04\/22d8517c-a525-4a14-ac0e-4b7452ab364a.jpg\" \/>\n\t<meta property=\"og:image:width\" content=\"1200\" \/>\n\t<meta property=\"og:image:height\" content=\"800\" \/>\n\t<meta property=\"og:image:type\" content=\"image\/jpeg\" \/>\n<meta name=\"author\" content=\"DINO\" \/>\n<meta name=\"twitter:card\" content=\"summary_large_image\" \/>\n<meta name=\"twitter:label1\" content=\"Written by\" \/>\n\t<meta name=\"twitter:data1\" content=\"DINO\" \/>\n\t<meta name=\"twitter:label2\" content=\"Est. reading time\" \/>\n\t<meta name=\"twitter:data2\" content=\"6 minutes\" \/>\n<script type=\"application\/ld+json\" class=\"yoast-schema-graph\">{\"@context\":\"https:\\\/\\\/schema.org\",\"@graph\":[{\"@type\":\"Article\",\"@id\":\"http:\\\/\\\/angelboss.com.br\\\/2026\\\/04\\\/24\\\/330239-praca-em-sp-recebe-exposicao-sobre-vida-urbana-em-familia\\\/#article\",\"isPartOf\":{\"@id\":\"http:\\\/\\\/angelboss.com.br\\\/2026\\\/04\\\/24\\\/330239-praca-em-sp-recebe-exposicao-sobre-vida-urbana-em-familia\\\/\"},\"author\":{\"name\":\"DINO\",\"@id\":\"http:\\\/\\\/angelboss.com.br\\\/#\\\/schema\\\/person\\\/b6676b8d991f97199ef2d5b8e5c2d8a5\"},\"headline\":\"Pra\u00e7a em SP recebe exposi\u00e7\u00e3o sobre vida urbana em fam\u00edlia\",\"datePublished\":\"2026-04-24T00:00:00+00:00\",\"mainEntityOfPage\":{\"@id\":\"http:\\\/\\\/angelboss.com.br\\\/2026\\\/04\\\/24\\\/330239-praca-em-sp-recebe-exposicao-sobre-vida-urbana-em-familia\\\/\"},\"wordCount\":1132,\"commentCount\":0,\"publisher\":{\"@id\":\"http:\\\/\\\/angelboss.com.br\\\/#organization\"},\"image\":{\"@id\":\"http:\\\/\\\/angelboss.com.br\\\/2026\\\/04\\\/24\\\/330239-praca-em-sp-recebe-exposicao-sobre-vida-urbana-em-familia\\\/#primaryimage\"},\"thumbnailUrl\":\"https:\\\/\\\/angelboss.com.br\\\/wp-content\\\/uploads\\\/2026\\\/04\\\/22d8517c-a525-4a14-ac0e-4b7452ab364a.jpg\",\"keywords\":[\"ARTE\",\"CASA E FAM\u00cdLIA\",\"ESTILO DE VIDA\",\"MARKETING\",\"SA\u00daDE E BEM-ESTAR\"],\"articleSection\":[\"Not\u00edcias Corporativas\"],\"inLanguage\":\"en-US\",\"potentialAction\":[{\"@type\":\"CommentAction\",\"name\":\"Comment\",\"target\":[\"http:\\\/\\\/angelboss.com.br\\\/2026\\\/04\\\/24\\\/330239-praca-em-sp-recebe-exposicao-sobre-vida-urbana-em-familia\\\/#respond\"]}]},{\"@type\":\"WebPage\",\"@id\":\"http:\\\/\\\/angelboss.com.br\\\/2026\\\/04\\\/24\\\/330239-praca-em-sp-recebe-exposicao-sobre-vida-urbana-em-familia\\\/\",\"url\":\"http:\\\/\\\/angelboss.com.br\\\/2026\\\/04\\\/24\\\/330239-praca-em-sp-recebe-exposicao-sobre-vida-urbana-em-familia\\\/\",\"name\":\"Pra\u00e7a em SP recebe exposi\u00e7\u00e3o sobre vida urbana em fam\u00edlia - Portal Masculino de Moda, Beleza, Luxo and Business - Angel Boss\",\"isPartOf\":{\"@id\":\"http:\\\/\\\/angelboss.com.br\\\/#website\"},\"primaryImageOfPage\":{\"@id\":\"http:\\\/\\\/angelboss.com.br\\\/2026\\\/04\\\/24\\\/330239-praca-em-sp-recebe-exposicao-sobre-vida-urbana-em-familia\\\/#primaryimage\"},\"image\":{\"@id\":\"http:\\\/\\\/angelboss.com.br\\\/2026\\\/04\\\/24\\\/330239-praca-em-sp-recebe-exposicao-sobre-vida-urbana-em-familia\\\/#primaryimage\"},\"thumbnailUrl\":\"https:\\\/\\\/angelboss.com.br\\\/wp-content\\\/uploads\\\/2026\\\/04\\\/22d8517c-a525-4a14-ac0e-4b7452ab364a.jpg\",\"datePublished\":\"2026-04-24T00:00:00+00:00\",\"breadcrumb\":{\"@id\":\"http:\\\/\\\/angelboss.com.br\\\/2026\\\/04\\\/24\\\/330239-praca-em-sp-recebe-exposicao-sobre-vida-urbana-em-familia\\\/#breadcrumb\"},\"inLanguage\":\"en-US\",\"potentialAction\":[{\"@type\":\"ReadAction\",\"target\":[\"http:\\\/\\\/angelboss.com.br\\\/2026\\\/04\\\/24\\\/330239-praca-em-sp-recebe-exposicao-sobre-vida-urbana-em-familia\\\/\"]}]},{\"@type\":\"ImageObject\",\"inLanguage\":\"en-US\",\"@id\":\"http:\\\/\\\/angelboss.com.br\\\/2026\\\/04\\\/24\\\/330239-praca-em-sp-recebe-exposicao-sobre-vida-urbana-em-familia\\\/#primaryimage\",\"url\":\"https:\\\/\\\/angelboss.com.br\\\/wp-content\\\/uploads\\\/2026\\\/04\\\/22d8517c-a525-4a14-ac0e-4b7452ab364a.jpg\",\"contentUrl\":\"https:\\\/\\\/angelboss.com.br\\\/wp-content\\\/uploads\\\/2026\\\/04\\\/22d8517c-a525-4a14-ac0e-4b7452ab364a.jpg\",\"width\":1200,\"height\":800,\"caption\":\"Pra\u00e7a em SP recebe exposi\u00e7\u00e3o sobre vida urbana em fam\u00edlia\"},{\"@type\":\"BreadcrumbList\",\"@id\":\"http:\\\/\\\/angelboss.com.br\\\/2026\\\/04\\\/24\\\/330239-praca-em-sp-recebe-exposicao-sobre-vida-urbana-em-familia\\\/#breadcrumb\",\"itemListElement\":[{\"@type\":\"ListItem\",\"position\":1,\"name\":\"In\u00edcio\",\"item\":\"http:\\\/\\\/angelboss.com.br\\\/\"},{\"@type\":\"ListItem\",\"position\":2,\"name\":\"Pra\u00e7a em SP recebe exposi\u00e7\u00e3o sobre vida urbana em fam\u00edlia\"}]},{\"@type\":\"WebSite\",\"@id\":\"http:\\\/\\\/angelboss.com.br\\\/#website\",\"url\":\"http:\\\/\\\/angelboss.com.br\\\/\",\"name\":\"Portal Masculino de Moda, Beleza, Luxo e Business - Angel Boss\",\"description\":\"O Maior Portal sobre Moda, Luxo, Beleza e Business Masculino do Brasil\",\"publisher\":{\"@id\":\"http:\\\/\\\/angelboss.com.br\\\/#organization\"},\"alternateName\":\"Maior Portal e Blog de Beleza Masculina e Luxo\",\"potentialAction\":[{\"@type\":\"SearchAction\",\"target\":{\"@type\":\"EntryPoint\",\"urlTemplate\":\"http:\\\/\\\/angelboss.com.br\\\/?s={search_term_string}\"},\"query-input\":{\"@type\":\"PropertyValueSpecification\",\"valueRequired\":true,\"valueName\":\"search_term_string\"}}],\"inLanguage\":\"en-US\"},{\"@type\":\"Organization\",\"@id\":\"http:\\\/\\\/angelboss.com.br\\\/#organization\",\"name\":\"Portal Masculino de Moda, Beleza, Luxo and Business - Angel Boss\",\"url\":\"http:\\\/\\\/angelboss.com.br\\\/\",\"logo\":{\"@type\":\"ImageObject\",\"inLanguage\":\"en-US\",\"@id\":\"http:\\\/\\\/angelboss.com.br\\\/#\\\/schema\\\/logo\\\/image\\\/\",\"url\":\"http:\\\/\\\/angelboss.com.br\\\/wp-content\\\/uploads\\\/2025\\\/12\\\/WhatsApp-Image-2025-12-11-at-12.54.26.jpeg\",\"contentUrl\":\"http:\\\/\\\/angelboss.com.br\\\/wp-content\\\/uploads\\\/2025\\\/12\\\/WhatsApp-Image-2025-12-11-at-12.54.26.jpeg\",\"width\":1280,\"height\":1280,\"caption\":\"Portal Masculino de Moda, Beleza, Luxo and Business - Angel Boss\"},\"image\":{\"@id\":\"http:\\\/\\\/angelboss.com.br\\\/#\\\/schema\\\/logo\\\/image\\\/\"}},{\"@type\":\"Person\",\"@id\":\"http:\\\/\\\/angelboss.com.br\\\/#\\\/schema\\\/person\\\/b6676b8d991f97199ef2d5b8e5c2d8a5\",\"name\":\"DINO\",\"image\":{\"@type\":\"ImageObject\",\"inLanguage\":\"en-US\",\"@id\":\"https:\\\/\\\/secure.gravatar.com\\\/avatar\\\/f29568383aedf96da155b6f87103b0e04b1c662f982055cda25086444ab33ff8?s=96&d=mm&r=g\",\"url\":\"https:\\\/\\\/secure.gravatar.com\\\/avatar\\\/f29568383aedf96da155b6f87103b0e04b1c662f982055cda25086444ab33ff8?s=96&d=mm&r=g\",\"contentUrl\":\"https:\\\/\\\/secure.gravatar.com\\\/avatar\\\/f29568383aedf96da155b6f87103b0e04b1c662f982055cda25086444ab33ff8?s=96&d=mm&r=g\",\"caption\":\"DINO\"},\"url\":\"https:\\\/\\\/angelboss.com.br\\\/en\\\/author\\\/DINO\\\/\"}]}<\/script>\n<!-- \/ Yoast SEO plugin. -->","yoast_head_json":{"title":"Pra\u00e7a em SP recebe exposi\u00e7\u00e3o sobre vida urbana em fam\u00edlia - Portal Masculino de Moda, Beleza, Luxo and Business - Angel Boss","robots":{"index":"index","follow":"follow","max-snippet":"max-snippet:-1","max-image-preview":"max-image-preview:large","max-video-preview":"max-video-preview:-1"},"canonical":"http:\/\/angelboss.com.br\/en\/2026\/04\/24\/330239-praca-em-sp-recebe-exposicao-sobre-vida-urbana-em-familia\/","og_locale":"en_US","og_type":"article","og_title":"Pra\u00e7a em SP recebe exposi\u00e7\u00e3o sobre vida urbana em fam\u00edlia - Portal Masculino de Moda, Beleza, Luxo and Business - Angel Boss","og_description":"Instituto Macabi promove exposi\u00e7\u00e3o sociocultural na Pra\u00e7a Cidade de Mil\u00e3o, em S\u00e3o Paulo, e prop\u00f5e o resgate da vida urbana em fam\u00edlia. Com ensaio de Drica Lobo, a mostra transforma a pra\u00e7a em espa\u00e7o de conviv\u00eancia, escuta e afeto, destacando o papel das fam\u00edlias na constru\u00e7\u00e3o de cidades mais humanas.","og_url":"http:\/\/angelboss.com.br\/en\/2026\/04\/24\/330239-praca-em-sp-recebe-exposicao-sobre-vida-urbana-em-familia\/","og_site_name":"Portal Masculino de Moda, Beleza, Luxo and Business - Angel Boss","article_published_time":"2026-04-24T00:00:00+00:00","og_image":[{"width":1200,"height":800,"url":"http:\/\/angelboss.com.br\/wp-content\/uploads\/2026\/04\/22d8517c-a525-4a14-ac0e-4b7452ab364a.jpg","type":"image\/jpeg"}],"author":"DINO","twitter_card":"summary_large_image","twitter_misc":{"Written by":"DINO","Est. reading time":"6 minutes"},"schema":{"@context":"https:\/\/schema.org","@graph":[{"@type":"Article","@id":"http:\/\/angelboss.com.br\/2026\/04\/24\/330239-praca-em-sp-recebe-exposicao-sobre-vida-urbana-em-familia\/#article","isPartOf":{"@id":"http:\/\/angelboss.com.br\/2026\/04\/24\/330239-praca-em-sp-recebe-exposicao-sobre-vida-urbana-em-familia\/"},"author":{"name":"DINO","@id":"http:\/\/angelboss.com.br\/#\/schema\/person\/b6676b8d991f97199ef2d5b8e5c2d8a5"},"headline":"Pra\u00e7a em SP recebe exposi\u00e7\u00e3o sobre vida urbana em fam\u00edlia","datePublished":"2026-04-24T00:00:00+00:00","mainEntityOfPage":{"@id":"http:\/\/angelboss.com.br\/2026\/04\/24\/330239-praca-em-sp-recebe-exposicao-sobre-vida-urbana-em-familia\/"},"wordCount":1132,"commentCount":0,"publisher":{"@id":"http:\/\/angelboss.com.br\/#organization"},"image":{"@id":"http:\/\/angelboss.com.br\/2026\/04\/24\/330239-praca-em-sp-recebe-exposicao-sobre-vida-urbana-em-familia\/#primaryimage"},"thumbnailUrl":"https:\/\/angelboss.com.br\/wp-content\/uploads\/2026\/04\/22d8517c-a525-4a14-ac0e-4b7452ab364a.jpg","keywords":["ARTE","CASA E FAM\u00cdLIA","ESTILO DE VIDA","MARKETING","SA\u00daDE E BEM-ESTAR"],"articleSection":["Not\u00edcias Corporativas"],"inLanguage":"en-US","potentialAction":[{"@type":"CommentAction","name":"Comment","target":["http:\/\/angelboss.com.br\/2026\/04\/24\/330239-praca-em-sp-recebe-exposicao-sobre-vida-urbana-em-familia\/#respond"]}]},{"@type":"WebPage","@id":"http:\/\/angelboss.com.br\/2026\/04\/24\/330239-praca-em-sp-recebe-exposicao-sobre-vida-urbana-em-familia\/","url":"http:\/\/angelboss.com.br\/2026\/04\/24\/330239-praca-em-sp-recebe-exposicao-sobre-vida-urbana-em-familia\/","name":"Pra\u00e7a em SP recebe exposi\u00e7\u00e3o sobre vida urbana em fam\u00edlia - Portal Masculino de Moda, Beleza, Luxo and Business - Angel Boss","isPartOf":{"@id":"http:\/\/angelboss.com.br\/#website"},"primaryImageOfPage":{"@id":"http:\/\/angelboss.com.br\/2026\/04\/24\/330239-praca-em-sp-recebe-exposicao-sobre-vida-urbana-em-familia\/#primaryimage"},"image":{"@id":"http:\/\/angelboss.com.br\/2026\/04\/24\/330239-praca-em-sp-recebe-exposicao-sobre-vida-urbana-em-familia\/#primaryimage"},"thumbnailUrl":"https:\/\/angelboss.com.br\/wp-content\/uploads\/2026\/04\/22d8517c-a525-4a14-ac0e-4b7452ab364a.jpg","datePublished":"2026-04-24T00:00:00+00:00","breadcrumb":{"@id":"http:\/\/angelboss.com.br\/2026\/04\/24\/330239-praca-em-sp-recebe-exposicao-sobre-vida-urbana-em-familia\/#breadcrumb"},"inLanguage":"en-US","potentialAction":[{"@type":"ReadAction","target":["http:\/\/angelboss.com.br\/2026\/04\/24\/330239-praca-em-sp-recebe-exposicao-sobre-vida-urbana-em-familia\/"]}]},{"@type":"ImageObject","inLanguage":"en-US","@id":"http:\/\/angelboss.com.br\/2026\/04\/24\/330239-praca-em-sp-recebe-exposicao-sobre-vida-urbana-em-familia\/#primaryimage","url":"https:\/\/angelboss.com.br\/wp-content\/uploads\/2026\/04\/22d8517c-a525-4a14-ac0e-4b7452ab364a.jpg","contentUrl":"https:\/\/angelboss.com.br\/wp-content\/uploads\/2026\/04\/22d8517c-a525-4a14-ac0e-4b7452ab364a.jpg","width":1200,"height":800,"caption":"Pra\u00e7a em SP recebe exposi\u00e7\u00e3o sobre vida urbana em fam\u00edlia"},{"@type":"BreadcrumbList","@id":"http:\/\/angelboss.com.br\/2026\/04\/24\/330239-praca-em-sp-recebe-exposicao-sobre-vida-urbana-em-familia\/#breadcrumb","itemListElement":[{"@type":"ListItem","position":1,"name":"In\u00edcio","item":"http:\/\/angelboss.com.br\/"},{"@type":"ListItem","position":2,"name":"Pra\u00e7a em SP recebe exposi\u00e7\u00e3o sobre vida urbana em fam\u00edlia"}]},{"@type":"WebSite","@id":"http:\/\/angelboss.com.br\/#website","url":"http:\/\/angelboss.com.br\/","name":"Portal Masculino de Moda, Beleza, Luxo e Business - Angel Boss","description":"O Maior Portal sobre Moda, Luxo, Beleza e Business Masculino do Brasil","publisher":{"@id":"http:\/\/angelboss.com.br\/#organization"},"alternateName":"Maior Portal e Blog de Beleza Masculina e Luxo","potentialAction":[{"@type":"SearchAction","target":{"@type":"EntryPoint","urlTemplate":"http:\/\/angelboss.com.br\/?s={search_term_string}"},"query-input":{"@type":"PropertyValueSpecification","valueRequired":true,"valueName":"search_term_string"}}],"inLanguage":"en-US"},{"@type":"Organization","@id":"http:\/\/angelboss.com.br\/#organization","name":"Portal Masculino de Moda, Beleza, Luxo and Business - Angel Boss","url":"http:\/\/angelboss.com.br\/","logo":{"@type":"ImageObject","inLanguage":"en-US","@id":"http:\/\/angelboss.com.br\/#\/schema\/logo\/image\/","url":"http:\/\/angelboss.com.br\/wp-content\/uploads\/2025\/12\/WhatsApp-Image-2025-12-11-at-12.54.26.jpeg","contentUrl":"http:\/\/angelboss.com.br\/wp-content\/uploads\/2025\/12\/WhatsApp-Image-2025-12-11-at-12.54.26.jpeg","width":1280,"height":1280,"caption":"Portal Masculino de Moda, Beleza, Luxo and Business - Angel Boss"},"image":{"@id":"http:\/\/angelboss.com.br\/#\/schema\/logo\/image\/"}},{"@type":"Person","@id":"http:\/\/angelboss.com.br\/#\/schema\/person\/b6676b8d991f97199ef2d5b8e5c2d8a5","name":"DINO","image":{"@type":"ImageObject","inLanguage":"en-US","@id":"https:\/\/secure.gravatar.com\/avatar\/f29568383aedf96da155b6f87103b0e04b1c662f982055cda25086444ab33ff8?s=96&d=mm&r=g","url":"https:\/\/secure.gravatar.com\/avatar\/f29568383aedf96da155b6f87103b0e04b1c662f982055cda25086444ab33ff8?s=96&d=mm&r=g","contentUrl":"https:\/\/secure.gravatar.com\/avatar\/f29568383aedf96da155b6f87103b0e04b1c662f982055cda25086444ab33ff8?s=96&d=mm&r=g","caption":"DINO"},"url":"https:\/\/angelboss.com.br\/en\/author\/DINO\/"}]}},"amp_enabled":true,"_links":{"self":[{"href":"https:\/\/angelboss.com.br\/en\/wp-json\/wp\/v2\/posts\/20320","targetHints":{"allow":["GET"]}}],"collection":[{"href":"https:\/\/angelboss.com.br\/en\/wp-json\/wp\/v2\/posts"}],"about":[{"href":"https:\/\/angelboss.com.br\/en\/wp-json\/wp\/v2\/types\/post"}],"author":[{"embeddable":true,"href":"https:\/\/angelboss.com.br\/en\/wp-json\/wp\/v2\/users\/3"}],"replies":[{"embeddable":true,"href":"https:\/\/angelboss.com.br\/en\/wp-json\/wp\/v2\/comments?post=20320"}],"version-history":[{"count":0,"href":"https:\/\/angelboss.com.br\/en\/wp-json\/wp\/v2\/posts\/20320\/revisions"}],"wp:featuredmedia":[{"embeddable":true,"href":"https:\/\/angelboss.com.br\/en\/wp-json\/wp\/v2\/media\/20321"}],"wp:attachment":[{"href":"https:\/\/angelboss.com.br\/en\/wp-json\/wp\/v2\/media?parent=20320"}],"wp:term":[{"taxonomy":"category","embeddable":true,"href":"https:\/\/angelboss.com.br\/en\/wp-json\/wp\/v2\/categories?post=20320"},{"taxonomy":"post_tag","embeddable":true,"href":"https:\/\/angelboss.com.br\/en\/wp-json\/wp\/v2\/tags?post=20320"}],"curies":[{"name":"wp","href":"https:\/\/api.w.org\/{rel}","templated":true}]}}