{"id":19897,"date":"2026-04-22T00:00:00","date_gmt":"2026-04-22T00:00:00","guid":{"rendered":"https:\/\/angelboss.com.br\/2026\/04\/22\/326800-moda-projeta-r-63-bi-em-vendas-no-outono-inverno-2026\/"},"modified":"2026-04-22T00:00:00","modified_gmt":"2026-04-22T00:00:00","slug":"326800-moda-projeta-r-63-bi-em-vendas-no-outono-inverno-2026","status":"publish","type":"post","link":"https:\/\/angelboss.com.br\/en\/2026\/04\/22\/326800-moda-projeta-r-63-bi-em-vendas-no-outono-inverno-2026\/","title":{"rendered":"Moda projeta R$ 63 bi em vendas no outono\/inverno 2026"},"content":{"rendered":"<p>O varejo brasileiro de vestu\u00e1rio deve movimentar cerca de 1,85 bilh\u00e3o de pe\u00e7as durante a temporada de outono e inverno de 2026, entre maio e agosto, segundo estimativas do&nbsp;<a rel=\"follow\" href=\"https:\/\/iemi.com.br\/varejo-de-moda-estimativa-moderada-para-o-inverno-2026\/\"><strong>IEMI &#8211; Intelig\u00eancia de Mercado<\/strong><\/a>. O volume representa uma alta discreta de 0,65% em rela\u00e7\u00e3o ao mesmo per\u00edodo de 2025, quando foram comercializadas aproximadamente 1,84 bilh\u00e3o de pe\u00e7as.<\/p>\n<p>Em termos de faturamento, a expectativa \u00e9 de crescimento mais expressivo. As vendas devem alcan\u00e7ar R$ 63,34 bilh\u00f5es, avan\u00e7o de 4,2% sobre os R$ 60,79 bilh\u00f5es registrados na temporada anterior. Os n\u00fameros indicam um cen\u00e1rio de recupera\u00e7\u00e3o gradual do consumo, ainda marcado por cautela tanto do varejo quanto dos consumidores.<\/p>\n<p>Para o <strong>economista Marcelo Prado, diretor do IEMI &#8211; Intelig\u00eancia de Mercado<\/strong>, o desempenho projetado reflete um mercado que segue operando com aten\u00e7\u00e3o redobrada \u00e0s oscila\u00e7\u00f5es do consumo e aos custos da cadeia produtiva. &quot;H\u00e1 expectativa de crescimento em valor, mas o avan\u00e7o em volume ainda \u00e9 moderado, o que mostra que o mercado segue em recupera\u00e7\u00e3o gradual e com forte competi\u00e7\u00e3o&quot;, afirma.<\/p>\n<p>Do lado das empresas, o planejamento para a temporada come\u00e7ou ainda no ano passado, com ajustes nas cole\u00e7\u00f5es e nos n\u00edveis de estoque. A estrat\u00e9gia tem sido apostar em pe\u00e7as vers\u00e1teis, capazes de atender a diferentes varia\u00e7\u00f5es de temperatura ao longo da esta\u00e7\u00e3o.<\/p>\n<p>Segundo <strong>Edmundo Lima, diretor-executivo da<\/strong>&nbsp;<a rel=\"follow\" href=\"https:\/\/www.abvtex.org.br\/\"><strong>Associa\u00e7\u00e3o Brasileira do Varejo T\u00eaxtil (ABVTEX)<\/strong><\/a>, entidade que representa mais de 100 marcas de moda, as varejistas v\u00eam priorizando cole\u00e7\u00f5es de meia-esta\u00e7\u00e3o e itens que permitam maior flexibilidade nas vendas. &quot;As empresas est\u00e3o trabalhando com mais cautela na forma\u00e7\u00e3o de estoques devido \u00e0 variabilidade do clima em v\u00e1rias regi\u00f5es do pa\u00eds. Por isso, a aposta tem sido em pe\u00e7as vers\u00e1teis, como tric\u00f4s leves, jaquetas, moletons e sobreposi\u00e7\u00f5es, que funcionam bem tanto em dias mais amenos quanto em per\u00edodos de frio mais intenso&quot;, explica.<\/p>\n<p>&quot;Mesmo com esses desafios, o varejo tem buscado manter pre\u00e7os competitivos e estimular as vendas ao longo da temporada, com negocia\u00e7\u00f5es equilibradas ao longo da cadeia produtiva&quot;, acrescenta.<\/p>\n<p>Os especialistas do setor Edmundo Lima, da ABVTEX, e Marcelo Prado, do IEMI, apontam que o desempenho da temporada de inverno costuma ter peso relevante para o varejo de moda no Brasil, por conta do ticket m\u00e9dio mais alto, especialmente para categorias como malharia, casacos e pe\u00e7as de sobreposi\u00e7\u00e3o. O comportamento do clima e o ritmo do consumo nos primeiros meses da esta\u00e7\u00e3o ser\u00e3o fatores decisivos para confirmar as proje\u00e7\u00f5es de crescimento em 2026.<\/p>\n<p><img src='https:\/\/api.dino.com.br\/v2\/news\/tr\/326800?partnerId=4593' alt=\"\" style=\"border:0px;width:1px;height:1px;\" \/><\/p>","protected":false},"excerpt":{"rendered":"<p>Estimativas do IEMI &#8211; Intelig\u00eancia de Mercado indicam crescimento do faturamento entre maio e agosto e aumento no n\u00famero de pe\u00e7as comercializadas<\/p>","protected":false},"author":3,"featured_media":19898,"comment_status":"open","ping_status":"open","sticky":false,"template":"","format":"standard","meta":{"footnotes":""},"categories":[315],"tags":[336,245,324,370],"class_list":{"0":"post-19897","1":"post","2":"type-post","3":"status-publish","4":"format-standard","5":"has-post-thumbnail","7":"category-noticias-corporativas-dino","8":"tag-atacado-e-varejo","9":"tag-moda","10":"tag-negocios","11":"tag-sustentabilidade"},"yoast_head":"<!-- This site is optimized with the Yoast SEO plugin v27.4 - https:\/\/yoast.com\/product\/yoast-seo-wordpress\/ -->\n<title>Moda projeta R$ 63 bi em vendas no outono\/inverno 2026 - Portal Masculino de Moda, Beleza, Luxo and Business - Angel Boss<\/title>\n<meta name=\"robots\" content=\"index, follow, max-snippet:-1, max-image-preview:large, max-video-preview:-1\" \/>\n<link rel=\"canonical\" href=\"https:\/\/angelboss.com.br\/en\/2026\/04\/22\/326800-moda-projeta-r-63-bi-em-vendas-no-outono-inverno-2026\/\" \/>\n<meta property=\"og:locale\" content=\"en_US\" \/>\n<meta property=\"og:type\" content=\"article\" \/>\n<meta property=\"og:title\" content=\"Moda projeta R$ 63 bi em vendas no outono\/inverno 2026 - Portal Masculino de Moda, Beleza, Luxo and Business - Angel Boss\" \/>\n<meta property=\"og:description\" content=\"Estimativas do IEMI - Intelig\u00eancia de Mercado indicam crescimento do faturamento entre maio e agosto e aumento no n\u00famero de pe\u00e7as comercializadas\" \/>\n<meta property=\"og:url\" content=\"https:\/\/angelboss.com.br\/en\/2026\/04\/22\/326800-moda-projeta-r-63-bi-em-vendas-no-outono-inverno-2026\/\" \/>\n<meta property=\"og:site_name\" content=\"Portal Masculino de Moda, Beleza, Luxo and Business - Angel Boss\" \/>\n<meta property=\"article:published_time\" content=\"2026-04-22T00:00:00+00:00\" \/>\n<meta property=\"og:image\" content=\"https:\/\/angelboss.com.br\/wp-content\/uploads\/2026\/04\/a8bcfa3d-4af6-461f-8560-4a94bf3fc90c.jpg\" \/>\n\t<meta property=\"og:image:width\" content=\"1199\" \/>\n\t<meta property=\"og:image:height\" content=\"800\" \/>\n\t<meta property=\"og:image:type\" content=\"image\/jpeg\" \/>\n<meta name=\"author\" content=\"DINO\" \/>\n<meta name=\"twitter:card\" content=\"summary_large_image\" \/>\n<meta name=\"twitter:label1\" content=\"Written by\" \/>\n\t<meta name=\"twitter:data1\" content=\"DINO\" \/>\n\t<meta name=\"twitter:label2\" content=\"Est. reading time\" \/>\n\t<meta name=\"twitter:data2\" content=\"2 minutes\" \/>\n<script type=\"application\/ld+json\" class=\"yoast-schema-graph\">{\"@context\":\"https:\\\/\\\/schema.org\",\"@graph\":[{\"@type\":\"Article\",\"@id\":\"https:\\\/\\\/angelboss.com.br\\\/en\\\/2026\\\/04\\\/22\\\/326800-moda-projeta-r-63-bi-em-vendas-no-outono-inverno-2026\\\/#article\",\"isPartOf\":{\"@id\":\"https:\\\/\\\/angelboss.com.br\\\/en\\\/2026\\\/04\\\/22\\\/326800-moda-projeta-r-63-bi-em-vendas-no-outono-inverno-2026\\\/\"},\"author\":{\"name\":\"DINO\",\"@id\":\"http:\\\/\\\/angelboss.com.br\\\/#\\\/schema\\\/person\\\/b6676b8d991f97199ef2d5b8e5c2d8a5\"},\"headline\":\"Moda projeta R$ 63 bi em vendas no outono\\\/inverno 2026\",\"datePublished\":\"2026-04-22T00:00:00+00:00\",\"mainEntityOfPage\":{\"@id\":\"https:\\\/\\\/angelboss.com.br\\\/en\\\/2026\\\/04\\\/22\\\/326800-moda-projeta-r-63-bi-em-vendas-no-outono-inverno-2026\\\/\"},\"wordCount\":459,\"commentCount\":0,\"publisher\":{\"@id\":\"http:\\\/\\\/angelboss.com.br\\\/#organization\"},\"image\":{\"@id\":\"https:\\\/\\\/angelboss.com.br\\\/en\\\/2026\\\/04\\\/22\\\/326800-moda-projeta-r-63-bi-em-vendas-no-outono-inverno-2026\\\/#primaryimage\"},\"thumbnailUrl\":\"https:\\\/\\\/angelboss.com.br\\\/wp-content\\\/uploads\\\/2026\\\/04\\\/a8bcfa3d-4af6-461f-8560-4a94bf3fc90c.jpg\",\"keywords\":[\"ATACADO E VAREJO\",\"moda\",\"NEG\u00d3CIOS\",\"SUSTENTABILIDADE\"],\"articleSection\":[\"Not\u00edcias Corporativas\"],\"inLanguage\":\"en-US\",\"potentialAction\":[{\"@type\":\"CommentAction\",\"name\":\"Comment\",\"target\":[\"https:\\\/\\\/angelboss.com.br\\\/en\\\/2026\\\/04\\\/22\\\/326800-moda-projeta-r-63-bi-em-vendas-no-outono-inverno-2026\\\/#respond\"]}]},{\"@type\":\"WebPage\",\"@id\":\"https:\\\/\\\/angelboss.com.br\\\/en\\\/2026\\\/04\\\/22\\\/326800-moda-projeta-r-63-bi-em-vendas-no-outono-inverno-2026\\\/\",\"url\":\"https:\\\/\\\/angelboss.com.br\\\/en\\\/2026\\\/04\\\/22\\\/326800-moda-projeta-r-63-bi-em-vendas-no-outono-inverno-2026\\\/\",\"name\":\"Moda projeta R$ 63 bi em vendas no outono\\\/inverno 2026 - Portal Masculino de Moda, Beleza, Luxo and Business - Angel Boss\",\"isPartOf\":{\"@id\":\"http:\\\/\\\/angelboss.com.br\\\/#website\"},\"primaryImageOfPage\":{\"@id\":\"https:\\\/\\\/angelboss.com.br\\\/en\\\/2026\\\/04\\\/22\\\/326800-moda-projeta-r-63-bi-em-vendas-no-outono-inverno-2026\\\/#primaryimage\"},\"image\":{\"@id\":\"https:\\\/\\\/angelboss.com.br\\\/en\\\/2026\\\/04\\\/22\\\/326800-moda-projeta-r-63-bi-em-vendas-no-outono-inverno-2026\\\/#primaryimage\"},\"thumbnailUrl\":\"https:\\\/\\\/angelboss.com.br\\\/wp-content\\\/uploads\\\/2026\\\/04\\\/a8bcfa3d-4af6-461f-8560-4a94bf3fc90c.jpg\",\"datePublished\":\"2026-04-22T00:00:00+00:00\",\"breadcrumb\":{\"@id\":\"https:\\\/\\\/angelboss.com.br\\\/en\\\/2026\\\/04\\\/22\\\/326800-moda-projeta-r-63-bi-em-vendas-no-outono-inverno-2026\\\/#breadcrumb\"},\"inLanguage\":\"en-US\",\"potentialAction\":[{\"@type\":\"ReadAction\",\"target\":[\"https:\\\/\\\/angelboss.com.br\\\/en\\\/2026\\\/04\\\/22\\\/326800-moda-projeta-r-63-bi-em-vendas-no-outono-inverno-2026\\\/\"]}]},{\"@type\":\"ImageObject\",\"inLanguage\":\"en-US\",\"@id\":\"https:\\\/\\\/angelboss.com.br\\\/en\\\/2026\\\/04\\\/22\\\/326800-moda-projeta-r-63-bi-em-vendas-no-outono-inverno-2026\\\/#primaryimage\",\"url\":\"https:\\\/\\\/angelboss.com.br\\\/wp-content\\\/uploads\\\/2026\\\/04\\\/a8bcfa3d-4af6-461f-8560-4a94bf3fc90c.jpg\",\"contentUrl\":\"https:\\\/\\\/angelboss.com.br\\\/wp-content\\\/uploads\\\/2026\\\/04\\\/a8bcfa3d-4af6-461f-8560-4a94bf3fc90c.jpg\",\"width\":1199,\"height\":800,\"caption\":\"Moda projeta R$ 63 bi em vendas no outono\\\/inverno 2026\"},{\"@type\":\"BreadcrumbList\",\"@id\":\"https:\\\/\\\/angelboss.com.br\\\/en\\\/2026\\\/04\\\/22\\\/326800-moda-projeta-r-63-bi-em-vendas-no-outono-inverno-2026\\\/#breadcrumb\",\"itemListElement\":[{\"@type\":\"ListItem\",\"position\":1,\"name\":\"In\u00edcio\",\"item\":\"http:\\\/\\\/angelboss.com.br\\\/\"},{\"@type\":\"ListItem\",\"position\":2,\"name\":\"Moda projeta R$ 63 bi em vendas no outono\\\/inverno 2026\"}]},{\"@type\":\"WebSite\",\"@id\":\"http:\\\/\\\/angelboss.com.br\\\/#website\",\"url\":\"http:\\\/\\\/angelboss.com.br\\\/\",\"name\":\"Portal Masculino de Moda, Beleza, Luxo e Business - Angel Boss\",\"description\":\"O Maior Portal sobre Moda, Luxo, Beleza e Business Masculino do Brasil\",\"publisher\":{\"@id\":\"http:\\\/\\\/angelboss.com.br\\\/#organization\"},\"alternateName\":\"Maior Portal e Blog de Beleza Masculina e Luxo\",\"potentialAction\":[{\"@type\":\"SearchAction\",\"target\":{\"@type\":\"EntryPoint\",\"urlTemplate\":\"http:\\\/\\\/angelboss.com.br\\\/?s={search_term_string}\"},\"query-input\":{\"@type\":\"PropertyValueSpecification\",\"valueRequired\":true,\"valueName\":\"search_term_string\"}}],\"inLanguage\":\"en-US\"},{\"@type\":\"Organization\",\"@id\":\"http:\\\/\\\/angelboss.com.br\\\/#organization\",\"name\":\"Portal Masculino de Moda, Beleza, Luxo and Business - Angel Boss\",\"url\":\"http:\\\/\\\/angelboss.com.br\\\/\",\"logo\":{\"@type\":\"ImageObject\",\"inLanguage\":\"en-US\",\"@id\":\"http:\\\/\\\/angelboss.com.br\\\/#\\\/schema\\\/logo\\\/image\\\/\",\"url\":\"http:\\\/\\\/angelboss.com.br\\\/wp-content\\\/uploads\\\/2025\\\/12\\\/WhatsApp-Image-2025-12-11-at-12.54.26.jpeg\",\"contentUrl\":\"http:\\\/\\\/angelboss.com.br\\\/wp-content\\\/uploads\\\/2025\\\/12\\\/WhatsApp-Image-2025-12-11-at-12.54.26.jpeg\",\"width\":1280,\"height\":1280,\"caption\":\"Portal Masculino de Moda, Beleza, Luxo and Business - Angel Boss\"},\"image\":{\"@id\":\"http:\\\/\\\/angelboss.com.br\\\/#\\\/schema\\\/logo\\\/image\\\/\"}},{\"@type\":\"Person\",\"@id\":\"http:\\\/\\\/angelboss.com.br\\\/#\\\/schema\\\/person\\\/b6676b8d991f97199ef2d5b8e5c2d8a5\",\"name\":\"DINO\",\"image\":{\"@type\":\"ImageObject\",\"inLanguage\":\"en-US\",\"@id\":\"https:\\\/\\\/secure.gravatar.com\\\/avatar\\\/f29568383aedf96da155b6f87103b0e04b1c662f982055cda25086444ab33ff8?s=96&d=mm&r=g\",\"url\":\"https:\\\/\\\/secure.gravatar.com\\\/avatar\\\/f29568383aedf96da155b6f87103b0e04b1c662f982055cda25086444ab33ff8?s=96&d=mm&r=g\",\"contentUrl\":\"https:\\\/\\\/secure.gravatar.com\\\/avatar\\\/f29568383aedf96da155b6f87103b0e04b1c662f982055cda25086444ab33ff8?s=96&d=mm&r=g\",\"caption\":\"DINO\"},\"url\":\"https:\\\/\\\/angelboss.com.br\\\/en\\\/author\\\/DINO\\\/\"}]}<\/script>\n<!-- \/ Yoast SEO plugin. -->","yoast_head_json":{"title":"Moda projeta R$ 63 bi em vendas no outono\/inverno 2026 - Portal Masculino de Moda, Beleza, Luxo and Business - Angel Boss","robots":{"index":"index","follow":"follow","max-snippet":"max-snippet:-1","max-image-preview":"max-image-preview:large","max-video-preview":"max-video-preview:-1"},"canonical":"https:\/\/angelboss.com.br\/en\/2026\/04\/22\/326800-moda-projeta-r-63-bi-em-vendas-no-outono-inverno-2026\/","og_locale":"en_US","og_type":"article","og_title":"Moda projeta R$ 63 bi em vendas no outono\/inverno 2026 - Portal Masculino de Moda, Beleza, Luxo and Business - Angel Boss","og_description":"Estimativas do IEMI - Intelig\u00eancia de Mercado indicam crescimento do faturamento entre maio e agosto e aumento no n\u00famero de pe\u00e7as comercializadas","og_url":"https:\/\/angelboss.com.br\/en\/2026\/04\/22\/326800-moda-projeta-r-63-bi-em-vendas-no-outono-inverno-2026\/","og_site_name":"Portal Masculino de Moda, Beleza, Luxo and Business - Angel Boss","article_published_time":"2026-04-22T00:00:00+00:00","og_image":[{"width":1199,"height":800,"url":"https:\/\/angelboss.com.br\/wp-content\/uploads\/2026\/04\/a8bcfa3d-4af6-461f-8560-4a94bf3fc90c.jpg","type":"image\/jpeg"}],"author":"DINO","twitter_card":"summary_large_image","twitter_misc":{"Written by":"DINO","Est. reading time":"2 minutes"},"schema":{"@context":"https:\/\/schema.org","@graph":[{"@type":"Article","@id":"https:\/\/angelboss.com.br\/en\/2026\/04\/22\/326800-moda-projeta-r-63-bi-em-vendas-no-outono-inverno-2026\/#article","isPartOf":{"@id":"https:\/\/angelboss.com.br\/en\/2026\/04\/22\/326800-moda-projeta-r-63-bi-em-vendas-no-outono-inverno-2026\/"},"author":{"name":"DINO","@id":"http:\/\/angelboss.com.br\/#\/schema\/person\/b6676b8d991f97199ef2d5b8e5c2d8a5"},"headline":"Moda projeta R$ 63 bi em vendas no outono\/inverno 2026","datePublished":"2026-04-22T00:00:00+00:00","mainEntityOfPage":{"@id":"https:\/\/angelboss.com.br\/en\/2026\/04\/22\/326800-moda-projeta-r-63-bi-em-vendas-no-outono-inverno-2026\/"},"wordCount":459,"commentCount":0,"publisher":{"@id":"http:\/\/angelboss.com.br\/#organization"},"image":{"@id":"https:\/\/angelboss.com.br\/en\/2026\/04\/22\/326800-moda-projeta-r-63-bi-em-vendas-no-outono-inverno-2026\/#primaryimage"},"thumbnailUrl":"https:\/\/angelboss.com.br\/wp-content\/uploads\/2026\/04\/a8bcfa3d-4af6-461f-8560-4a94bf3fc90c.jpg","keywords":["ATACADO E VAREJO","moda","NEG\u00d3CIOS","SUSTENTABILIDADE"],"articleSection":["Not\u00edcias Corporativas"],"inLanguage":"en-US","potentialAction":[{"@type":"CommentAction","name":"Comment","target":["https:\/\/angelboss.com.br\/en\/2026\/04\/22\/326800-moda-projeta-r-63-bi-em-vendas-no-outono-inverno-2026\/#respond"]}]},{"@type":"WebPage","@id":"https:\/\/angelboss.com.br\/en\/2026\/04\/22\/326800-moda-projeta-r-63-bi-em-vendas-no-outono-inverno-2026\/","url":"https:\/\/angelboss.com.br\/en\/2026\/04\/22\/326800-moda-projeta-r-63-bi-em-vendas-no-outono-inverno-2026\/","name":"Moda projeta R$ 63 bi em vendas no outono\/inverno 2026 - Portal Masculino de Moda, Beleza, Luxo and Business - Angel Boss","isPartOf":{"@id":"http:\/\/angelboss.com.br\/#website"},"primaryImageOfPage":{"@id":"https:\/\/angelboss.com.br\/en\/2026\/04\/22\/326800-moda-projeta-r-63-bi-em-vendas-no-outono-inverno-2026\/#primaryimage"},"image":{"@id":"https:\/\/angelboss.com.br\/en\/2026\/04\/22\/326800-moda-projeta-r-63-bi-em-vendas-no-outono-inverno-2026\/#primaryimage"},"thumbnailUrl":"https:\/\/angelboss.com.br\/wp-content\/uploads\/2026\/04\/a8bcfa3d-4af6-461f-8560-4a94bf3fc90c.jpg","datePublished":"2026-04-22T00:00:00+00:00","breadcrumb":{"@id":"https:\/\/angelboss.com.br\/en\/2026\/04\/22\/326800-moda-projeta-r-63-bi-em-vendas-no-outono-inverno-2026\/#breadcrumb"},"inLanguage":"en-US","potentialAction":[{"@type":"ReadAction","target":["https:\/\/angelboss.com.br\/en\/2026\/04\/22\/326800-moda-projeta-r-63-bi-em-vendas-no-outono-inverno-2026\/"]}]},{"@type":"ImageObject","inLanguage":"en-US","@id":"https:\/\/angelboss.com.br\/en\/2026\/04\/22\/326800-moda-projeta-r-63-bi-em-vendas-no-outono-inverno-2026\/#primaryimage","url":"https:\/\/angelboss.com.br\/wp-content\/uploads\/2026\/04\/a8bcfa3d-4af6-461f-8560-4a94bf3fc90c.jpg","contentUrl":"https:\/\/angelboss.com.br\/wp-content\/uploads\/2026\/04\/a8bcfa3d-4af6-461f-8560-4a94bf3fc90c.jpg","width":1199,"height":800,"caption":"Moda projeta R$ 63 bi em vendas no outono\/inverno 2026"},{"@type":"BreadcrumbList","@id":"https:\/\/angelboss.com.br\/en\/2026\/04\/22\/326800-moda-projeta-r-63-bi-em-vendas-no-outono-inverno-2026\/#breadcrumb","itemListElement":[{"@type":"ListItem","position":1,"name":"In\u00edcio","item":"http:\/\/angelboss.com.br\/"},{"@type":"ListItem","position":2,"name":"Moda projeta R$ 63 bi em vendas no outono\/inverno 2026"}]},{"@type":"WebSite","@id":"http:\/\/angelboss.com.br\/#website","url":"http:\/\/angelboss.com.br\/","name":"Portal Masculino de Moda, Beleza, Luxo e Business - Angel Boss","description":"O Maior Portal sobre Moda, Luxo, Beleza e Business Masculino do Brasil","publisher":{"@id":"http:\/\/angelboss.com.br\/#organization"},"alternateName":"Maior Portal e Blog de Beleza Masculina e Luxo","potentialAction":[{"@type":"SearchAction","target":{"@type":"EntryPoint","urlTemplate":"http:\/\/angelboss.com.br\/?s={search_term_string}"},"query-input":{"@type":"PropertyValueSpecification","valueRequired":true,"valueName":"search_term_string"}}],"inLanguage":"en-US"},{"@type":"Organization","@id":"http:\/\/angelboss.com.br\/#organization","name":"Portal Masculino de Moda, Beleza, Luxo and Business - Angel Boss","url":"http:\/\/angelboss.com.br\/","logo":{"@type":"ImageObject","inLanguage":"en-US","@id":"http:\/\/angelboss.com.br\/#\/schema\/logo\/image\/","url":"http:\/\/angelboss.com.br\/wp-content\/uploads\/2025\/12\/WhatsApp-Image-2025-12-11-at-12.54.26.jpeg","contentUrl":"http:\/\/angelboss.com.br\/wp-content\/uploads\/2025\/12\/WhatsApp-Image-2025-12-11-at-12.54.26.jpeg","width":1280,"height":1280,"caption":"Portal Masculino de Moda, Beleza, Luxo and Business - Angel Boss"},"image":{"@id":"http:\/\/angelboss.com.br\/#\/schema\/logo\/image\/"}},{"@type":"Person","@id":"http:\/\/angelboss.com.br\/#\/schema\/person\/b6676b8d991f97199ef2d5b8e5c2d8a5","name":"DINO","image":{"@type":"ImageObject","inLanguage":"en-US","@id":"https:\/\/secure.gravatar.com\/avatar\/f29568383aedf96da155b6f87103b0e04b1c662f982055cda25086444ab33ff8?s=96&d=mm&r=g","url":"https:\/\/secure.gravatar.com\/avatar\/f29568383aedf96da155b6f87103b0e04b1c662f982055cda25086444ab33ff8?s=96&d=mm&r=g","contentUrl":"https:\/\/secure.gravatar.com\/avatar\/f29568383aedf96da155b6f87103b0e04b1c662f982055cda25086444ab33ff8?s=96&d=mm&r=g","caption":"DINO"},"url":"https:\/\/angelboss.com.br\/en\/author\/DINO\/"}]}},"amp_enabled":true,"_links":{"self":[{"href":"https:\/\/angelboss.com.br\/en\/wp-json\/wp\/v2\/posts\/19897","targetHints":{"allow":["GET"]}}],"collection":[{"href":"https:\/\/angelboss.com.br\/en\/wp-json\/wp\/v2\/posts"}],"about":[{"href":"https:\/\/angelboss.com.br\/en\/wp-json\/wp\/v2\/types\/post"}],"author":[{"embeddable":true,"href":"https:\/\/angelboss.com.br\/en\/wp-json\/wp\/v2\/users\/3"}],"replies":[{"embeddable":true,"href":"https:\/\/angelboss.com.br\/en\/wp-json\/wp\/v2\/comments?post=19897"}],"version-history":[{"count":0,"href":"https:\/\/angelboss.com.br\/en\/wp-json\/wp\/v2\/posts\/19897\/revisions"}],"wp:featuredmedia":[{"embeddable":true,"href":"https:\/\/angelboss.com.br\/en\/wp-json\/wp\/v2\/media\/19898"}],"wp:attachment":[{"href":"https:\/\/angelboss.com.br\/en\/wp-json\/wp\/v2\/media?parent=19897"}],"wp:term":[{"taxonomy":"category","embeddable":true,"href":"https:\/\/angelboss.com.br\/en\/wp-json\/wp\/v2\/categories?post=19897"},{"taxonomy":"post_tag","embeddable":true,"href":"https:\/\/angelboss.com.br\/en\/wp-json\/wp\/v2\/tags?post=19897"}],"curies":[{"name":"wp","href":"https:\/\/api.w.org\/{rel}","templated":true}]}}