{"id":17516,"date":"2026-03-31T00:00:00","date_gmt":"2026-03-31T00:00:00","guid":{"rendered":"https:\/\/angelboss.com.br\/2026\/03\/31\/325979-crise-de-autonomia-faz-ceo-de-empresa-familiar-sair-cedo\/"},"modified":"2026-03-31T00:00:00","modified_gmt":"2026-03-31T00:00:00","slug":"325979-crise-de-autonomia-faz-ceo-de-empresa-familiar-sair-cedo","status":"publish","type":"post","link":"https:\/\/angelboss.com.br\/en\/2026\/03\/31\/325979-crise-de-autonomia-faz-ceo-de-empresa-familiar-sair-cedo\/","title":{"rendered":"Crise de autonomia faz CEO de empresa familiar sair cedo"},"content":{"rendered":"<p>O mercado corporativo brasileiro enfrenta um desafio silencioso, mas de alto impacto no Produto Interno Bruto (PIB): a instabilidade na cadeira do CEO nas grandes empresas familiares. Uma pesquisa in\u00e9dita realizada pela Funda\u00e7\u00e3o Dom Cabral (FDC), com patroc\u00ednio da Grant Thornton Brasil, revela que a sa\u00edda prematura desses executivos est\u00e1 raramente ligada \u00e0 falta de compet\u00eancia t\u00e9cnica ou ao descumprimento de metas financeiras. O verdadeiro gargalo reside na dificuldade de navegar em um ambiente em que a gest\u00e3o t\u00e9cnica \u00e9 constantemente confrontada por um &quot;organograma invis\u00edvel&quot; de influ\u00eancias emocionais e pol\u00edticas.<\/p>\n<p>O estudo, que mergulhou na realidade de 22 organiza\u00e7\u00f5es com faturamento de at\u00e9 R$ 4 bilh\u00f5es, tra\u00e7a um perfil s\u00eanior desses l\u00edderes: a maioria possui entre 50 e 69 anos, com s\u00f3lida forma\u00e7\u00e3o em Engenharia ou Administra\u00e7\u00e3o.<\/p>\n<p>Embora 60% da amostra seja composta por profissionais externos, contratados justamente para trazer a necess\u00e1ria profissionaliza\u00e7\u00e3o, a realidade do dia a dia revela uma barreira invis\u00edvel. Esses executivos muitas vezes se veem no papel de &quot;equilibristas&quot;, tentando mediar conflitos entre herdeiros e fundadores, o que gera um isolamento estrat\u00e9gico descrito pelos pr\u00f3prios entrevistados como uma &quot;solid\u00e3o no topo&quot;.<\/p>\n<p>Um dos dados do levantamento refere-se \u00e0 fragilidade da governan\u00e7a. Enquanto 52% das empresas operam apenas com Conselhos Consultivos, a falta de \u00f3rg\u00e3os deliberativos independentes faz com que as decis\u00f5es estrat\u00e9gicas sejam frequentemente tomadas fora das salas de reuni\u00e3o oficiais.<\/p>\n<p>De acordo com a professora Elismar \u00c1lvares, curadora do Family Business da FDC, a autonomia do CEO \u00e9 diretamente proporcional \u00e0 maturidade da governan\u00e7a: onde as regras n\u00e3o s\u00e3o claras, a confian\u00e7a pessoal acaba pesando mais do que as m\u00e9tricas de desempenho.<\/p>\n<p>&quot;As empresas familiares s\u00e3o um dos grandes motores da economia brasileira, mas sua complexidade n\u00e3o est\u00e1 apenas na estrat\u00e9gia. Ela surge na interse\u00e7\u00e3o entre fam\u00edlia, propriedade e gest\u00e3o. Nesse contexto, o papel do CEO \u00e9 fundamental para equilibrar expectativas, construir confian\u00e7a e transformar rela\u00e7\u00f5es em uma governan\u00e7a estruturada que contribua para a continuidade do neg\u00f3cio&quot;, afirma Daniel Maranh\u00e3o, CEO da Grant Thornton Brasil.<\/p>\n<p>A efici\u00eancia financeira tamb\u00e9m entra no debate com n\u00fameros contundentes. O relat\u00f3rio aponta que empresas sob o comando de CEOs externos apresentam um retorno sobre ativos (ROA) m\u00e9dio de 4,08%, um desempenho superior aos 3,22% registrados em gest\u00f5es familiares.<\/p>\n<p><img src='https:\/\/api.dino.com.br\/v2\/news\/tr\/325979?partnerId=4593' alt=\"\" style=\"border:0px;width:1px;height:1px;\" \/><\/p>","protected":false},"excerpt":{"rendered":"<p>CEOs externos t\u00eam melhor desempenho (ROA de 4,08% vs. 3,22%), mas a falta de governan\u00e7a limita sua atua\u00e7\u00e3o estrat\u00e9gica. O perfil predominante \u00e9 de homens, engenheiros e com mais de 50 anos liderando empresas familiares.<\/p>","protected":false},"author":3,"featured_media":17517,"comment_status":"open","ping_status":"open","sticky":false,"template":"","format":"standard","meta":{"footnotes":""},"categories":[315],"tags":[341,342,455,324,355],"class_list":{"0":"post-17516","1":"post","2":"type-post","3":"status-publish","4":"format-standard","5":"has-post-thumbnail","7":"category-noticias-corporativas-dino","8":"tag-economia","9":"tag-empreendedorismo","10":"tag-executivo","11":"tag-negocios","12":"tag-relacoes-com-investidores"},"yoast_head":"<!-- This site is optimized with the Yoast SEO plugin v27.5 - https:\/\/yoast.com\/product\/yoast-seo-wordpress\/ -->\n<title>Crise de autonomia faz CEO de empresa familiar sair cedo - Portal Masculino de Moda, Beleza, Luxo and Business - Angel Boss<\/title>\n<meta name=\"robots\" content=\"index, follow, max-snippet:-1, max-image-preview:large, max-video-preview:-1\" \/>\n<link rel=\"canonical\" href=\"https:\/\/angelboss.com.br\/en\/2026\/03\/31\/325979-crise-de-autonomia-faz-ceo-de-empresa-familiar-sair-cedo\/\" \/>\n<meta property=\"og:locale\" content=\"en_US\" \/>\n<meta property=\"og:type\" content=\"article\" \/>\n<meta property=\"og:title\" content=\"Crise de autonomia faz CEO de empresa familiar sair cedo - Portal Masculino de Moda, Beleza, Luxo and Business - Angel Boss\" \/>\n<meta property=\"og:description\" content=\"CEOs externos t\u00eam melhor desempenho (ROA de 4,08% vs. 3,22%), mas a falta de governan\u00e7a limita sua atua\u00e7\u00e3o estrat\u00e9gica. O perfil predominante \u00e9 de homens, engenheiros e com mais de 50 anos liderando empresas familiares.\" \/>\n<meta property=\"og:url\" content=\"https:\/\/angelboss.com.br\/en\/2026\/03\/31\/325979-crise-de-autonomia-faz-ceo-de-empresa-familiar-sair-cedo\/\" \/>\n<meta property=\"og:site_name\" content=\"Portal Masculino de Moda, Beleza, Luxo and Business - Angel Boss\" \/>\n<meta property=\"article:published_time\" content=\"2026-03-31T00:00:00+00:00\" \/>\n<meta property=\"og:image\" content=\"https:\/\/angelboss.com.br\/wp-content\/uploads\/2026\/03\/4b2ca2eb-7ed6-41d4-8397-e3d8c1402007.jpg\" \/>\n\t<meta property=\"og:image:width\" content=\"1200\" \/>\n\t<meta property=\"og:image:height\" content=\"675\" \/>\n\t<meta property=\"og:image:type\" content=\"image\/jpeg\" \/>\n<meta name=\"author\" content=\"DINO\" \/>\n<meta name=\"twitter:card\" content=\"summary_large_image\" \/>\n<meta name=\"twitter:label1\" content=\"Written by\" \/>\n\t<meta name=\"twitter:data1\" content=\"DINO\" \/>\n\t<meta name=\"twitter:label2\" content=\"Est. reading time\" \/>\n\t<meta name=\"twitter:data2\" content=\"2 minutes\" \/>\n<script type=\"application\/ld+json\" class=\"yoast-schema-graph\">{\"@context\":\"https:\\\/\\\/schema.org\",\"@graph\":[{\"@type\":\"Article\",\"@id\":\"https:\\\/\\\/angelboss.com.br\\\/en\\\/2026\\\/03\\\/31\\\/325979-crise-de-autonomia-faz-ceo-de-empresa-familiar-sair-cedo\\\/#article\",\"isPartOf\":{\"@id\":\"https:\\\/\\\/angelboss.com.br\\\/en\\\/2026\\\/03\\\/31\\\/325979-crise-de-autonomia-faz-ceo-de-empresa-familiar-sair-cedo\\\/\"},\"author\":{\"name\":\"DINO\",\"@id\":\"https:\\\/\\\/angelboss.com.br\\\/en\\\/#\\\/schema\\\/person\\\/b6676b8d991f97199ef2d5b8e5c2d8a5\"},\"headline\":\"Crise de autonomia faz CEO de empresa familiar sair cedo\",\"datePublished\":\"2026-03-31T00:00:00+00:00\",\"mainEntityOfPage\":{\"@id\":\"https:\\\/\\\/angelboss.com.br\\\/en\\\/2026\\\/03\\\/31\\\/325979-crise-de-autonomia-faz-ceo-de-empresa-familiar-sair-cedo\\\/\"},\"wordCount\":426,\"commentCount\":0,\"publisher\":{\"@id\":\"https:\\\/\\\/angelboss.com.br\\\/en\\\/#organization\"},\"image\":{\"@id\":\"https:\\\/\\\/angelboss.com.br\\\/en\\\/2026\\\/03\\\/31\\\/325979-crise-de-autonomia-faz-ceo-de-empresa-familiar-sair-cedo\\\/#primaryimage\"},\"thumbnailUrl\":\"https:\\\/\\\/angelboss.com.br\\\/wp-content\\\/uploads\\\/2026\\\/03\\\/4b2ca2eb-7ed6-41d4-8397-e3d8c1402007.jpg\",\"keywords\":[\"ECONOMIA\",\"EMPREENDEDORISMO\",\"EXECUTIVO\",\"NEG\u00d3CIOS\",\"RELA\u00c7\u00d5ES COM INVESTIDORES\"],\"articleSection\":[\"Not\u00edcias Corporativas\"],\"inLanguage\":\"en-US\",\"potentialAction\":[{\"@type\":\"CommentAction\",\"name\":\"Comment\",\"target\":[\"https:\\\/\\\/angelboss.com.br\\\/en\\\/2026\\\/03\\\/31\\\/325979-crise-de-autonomia-faz-ceo-de-empresa-familiar-sair-cedo\\\/#respond\"]}]},{\"@type\":\"WebPage\",\"@id\":\"https:\\\/\\\/angelboss.com.br\\\/en\\\/2026\\\/03\\\/31\\\/325979-crise-de-autonomia-faz-ceo-de-empresa-familiar-sair-cedo\\\/\",\"url\":\"https:\\\/\\\/angelboss.com.br\\\/en\\\/2026\\\/03\\\/31\\\/325979-crise-de-autonomia-faz-ceo-de-empresa-familiar-sair-cedo\\\/\",\"name\":\"Crise de autonomia faz CEO de empresa familiar sair cedo - Portal Masculino de Moda, Beleza, Luxo and Business - Angel Boss\",\"isPartOf\":{\"@id\":\"https:\\\/\\\/angelboss.com.br\\\/en\\\/#website\"},\"primaryImageOfPage\":{\"@id\":\"https:\\\/\\\/angelboss.com.br\\\/en\\\/2026\\\/03\\\/31\\\/325979-crise-de-autonomia-faz-ceo-de-empresa-familiar-sair-cedo\\\/#primaryimage\"},\"image\":{\"@id\":\"https:\\\/\\\/angelboss.com.br\\\/en\\\/2026\\\/03\\\/31\\\/325979-crise-de-autonomia-faz-ceo-de-empresa-familiar-sair-cedo\\\/#primaryimage\"},\"thumbnailUrl\":\"https:\\\/\\\/angelboss.com.br\\\/wp-content\\\/uploads\\\/2026\\\/03\\\/4b2ca2eb-7ed6-41d4-8397-e3d8c1402007.jpg\",\"datePublished\":\"2026-03-31T00:00:00+00:00\",\"breadcrumb\":{\"@id\":\"https:\\\/\\\/angelboss.com.br\\\/en\\\/2026\\\/03\\\/31\\\/325979-crise-de-autonomia-faz-ceo-de-empresa-familiar-sair-cedo\\\/#breadcrumb\"},\"inLanguage\":\"en-US\",\"potentialAction\":[{\"@type\":\"ReadAction\",\"target\":[\"https:\\\/\\\/angelboss.com.br\\\/en\\\/2026\\\/03\\\/31\\\/325979-crise-de-autonomia-faz-ceo-de-empresa-familiar-sair-cedo\\\/\"]}]},{\"@type\":\"ImageObject\",\"inLanguage\":\"en-US\",\"@id\":\"https:\\\/\\\/angelboss.com.br\\\/en\\\/2026\\\/03\\\/31\\\/325979-crise-de-autonomia-faz-ceo-de-empresa-familiar-sair-cedo\\\/#primaryimage\",\"url\":\"https:\\\/\\\/angelboss.com.br\\\/wp-content\\\/uploads\\\/2026\\\/03\\\/4b2ca2eb-7ed6-41d4-8397-e3d8c1402007.jpg\",\"contentUrl\":\"https:\\\/\\\/angelboss.com.br\\\/wp-content\\\/uploads\\\/2026\\\/03\\\/4b2ca2eb-7ed6-41d4-8397-e3d8c1402007.jpg\",\"width\":1200,\"height\":675,\"caption\":\"Crise de autonomia faz CEO de empresa familiar sair cedo\"},{\"@type\":\"BreadcrumbList\",\"@id\":\"https:\\\/\\\/angelboss.com.br\\\/en\\\/2026\\\/03\\\/31\\\/325979-crise-de-autonomia-faz-ceo-de-empresa-familiar-sair-cedo\\\/#breadcrumb\",\"itemListElement\":[{\"@type\":\"ListItem\",\"position\":1,\"name\":\"In\u00edcio\",\"item\":\"https:\\\/\\\/angelboss.com.br\\\/en\\\/\"},{\"@type\":\"ListItem\",\"position\":2,\"name\":\"Crise de autonomia faz CEO de empresa familiar sair cedo\"}]},{\"@type\":\"WebSite\",\"@id\":\"https:\\\/\\\/angelboss.com.br\\\/en\\\/#website\",\"url\":\"https:\\\/\\\/angelboss.com.br\\\/en\\\/\",\"name\":\"Portal Masculino de Moda, Beleza, Luxo e Business - Angel Boss\",\"description\":\"O Maior Portal sobre Moda, Luxo, Beleza e Business Masculino do Brasil\",\"publisher\":{\"@id\":\"https:\\\/\\\/angelboss.com.br\\\/en\\\/#organization\"},\"alternateName\":\"Maior Portal e Blog de Beleza Masculina e Luxo\",\"potentialAction\":[{\"@type\":\"SearchAction\",\"target\":{\"@type\":\"EntryPoint\",\"urlTemplate\":\"https:\\\/\\\/angelboss.com.br\\\/en\\\/?s={search_term_string}\"},\"query-input\":{\"@type\":\"PropertyValueSpecification\",\"valueRequired\":true,\"valueName\":\"search_term_string\"}}],\"inLanguage\":\"en-US\"},{\"@type\":\"Organization\",\"@id\":\"https:\\\/\\\/angelboss.com.br\\\/en\\\/#organization\",\"name\":\"Portal Masculino de Moda, Beleza, Luxo and Business - Angel Boss\",\"url\":\"https:\\\/\\\/angelboss.com.br\\\/en\\\/\",\"logo\":{\"@type\":\"ImageObject\",\"inLanguage\":\"en-US\",\"@id\":\"https:\\\/\\\/angelboss.com.br\\\/en\\\/#\\\/schema\\\/logo\\\/image\\\/\",\"url\":\"http:\\\/\\\/angelboss.com.br\\\/wp-content\\\/uploads\\\/2025\\\/12\\\/WhatsApp-Image-2025-12-11-at-12.54.26.jpeg\",\"contentUrl\":\"http:\\\/\\\/angelboss.com.br\\\/wp-content\\\/uploads\\\/2025\\\/12\\\/WhatsApp-Image-2025-12-11-at-12.54.26.jpeg\",\"width\":1280,\"height\":1280,\"caption\":\"Portal Masculino de Moda, Beleza, Luxo and Business - Angel Boss\"},\"image\":{\"@id\":\"https:\\\/\\\/angelboss.com.br\\\/en\\\/#\\\/schema\\\/logo\\\/image\\\/\"}},{\"@type\":\"Person\",\"@id\":\"https:\\\/\\\/angelboss.com.br\\\/en\\\/#\\\/schema\\\/person\\\/b6676b8d991f97199ef2d5b8e5c2d8a5\",\"name\":\"DINO\",\"image\":{\"@type\":\"ImageObject\",\"inLanguage\":\"en-US\",\"@id\":\"https:\\\/\\\/secure.gravatar.com\\\/avatar\\\/f29568383aedf96da155b6f87103b0e04b1c662f982055cda25086444ab33ff8?s=96&d=mm&r=g\",\"url\":\"https:\\\/\\\/secure.gravatar.com\\\/avatar\\\/f29568383aedf96da155b6f87103b0e04b1c662f982055cda25086444ab33ff8?s=96&d=mm&r=g\",\"contentUrl\":\"https:\\\/\\\/secure.gravatar.com\\\/avatar\\\/f29568383aedf96da155b6f87103b0e04b1c662f982055cda25086444ab33ff8?s=96&d=mm&r=g\",\"caption\":\"DINO\"},\"url\":\"https:\\\/\\\/angelboss.com.br\\\/en\\\/author\\\/DINO\\\/\"}]}<\/script>\n<!-- \/ Yoast SEO plugin. -->","yoast_head_json":{"title":"Crise de autonomia faz CEO de empresa familiar sair cedo - Portal Masculino de Moda, Beleza, Luxo and Business - Angel Boss","robots":{"index":"index","follow":"follow","max-snippet":"max-snippet:-1","max-image-preview":"max-image-preview:large","max-video-preview":"max-video-preview:-1"},"canonical":"https:\/\/angelboss.com.br\/en\/2026\/03\/31\/325979-crise-de-autonomia-faz-ceo-de-empresa-familiar-sair-cedo\/","og_locale":"en_US","og_type":"article","og_title":"Crise de autonomia faz CEO de empresa familiar sair cedo - Portal Masculino de Moda, Beleza, Luxo and Business - Angel Boss","og_description":"CEOs externos t\u00eam melhor desempenho (ROA de 4,08% vs. 3,22%), mas a falta de governan\u00e7a limita sua atua\u00e7\u00e3o estrat\u00e9gica. O perfil predominante \u00e9 de homens, engenheiros e com mais de 50 anos liderando empresas familiares.","og_url":"https:\/\/angelboss.com.br\/en\/2026\/03\/31\/325979-crise-de-autonomia-faz-ceo-de-empresa-familiar-sair-cedo\/","og_site_name":"Portal Masculino de Moda, Beleza, Luxo and Business - Angel Boss","article_published_time":"2026-03-31T00:00:00+00:00","og_image":[{"width":1200,"height":675,"url":"https:\/\/angelboss.com.br\/wp-content\/uploads\/2026\/03\/4b2ca2eb-7ed6-41d4-8397-e3d8c1402007.jpg","type":"image\/jpeg"}],"author":"DINO","twitter_card":"summary_large_image","twitter_misc":{"Written by":"DINO","Est. reading time":"2 minutes"},"schema":{"@context":"https:\/\/schema.org","@graph":[{"@type":"Article","@id":"https:\/\/angelboss.com.br\/en\/2026\/03\/31\/325979-crise-de-autonomia-faz-ceo-de-empresa-familiar-sair-cedo\/#article","isPartOf":{"@id":"https:\/\/angelboss.com.br\/en\/2026\/03\/31\/325979-crise-de-autonomia-faz-ceo-de-empresa-familiar-sair-cedo\/"},"author":{"name":"DINO","@id":"https:\/\/angelboss.com.br\/en\/#\/schema\/person\/b6676b8d991f97199ef2d5b8e5c2d8a5"},"headline":"Crise de autonomia faz CEO de empresa familiar sair cedo","datePublished":"2026-03-31T00:00:00+00:00","mainEntityOfPage":{"@id":"https:\/\/angelboss.com.br\/en\/2026\/03\/31\/325979-crise-de-autonomia-faz-ceo-de-empresa-familiar-sair-cedo\/"},"wordCount":426,"commentCount":0,"publisher":{"@id":"https:\/\/angelboss.com.br\/en\/#organization"},"image":{"@id":"https:\/\/angelboss.com.br\/en\/2026\/03\/31\/325979-crise-de-autonomia-faz-ceo-de-empresa-familiar-sair-cedo\/#primaryimage"},"thumbnailUrl":"https:\/\/angelboss.com.br\/wp-content\/uploads\/2026\/03\/4b2ca2eb-7ed6-41d4-8397-e3d8c1402007.jpg","keywords":["ECONOMIA","EMPREENDEDORISMO","EXECUTIVO","NEG\u00d3CIOS","RELA\u00c7\u00d5ES COM INVESTIDORES"],"articleSection":["Not\u00edcias Corporativas"],"inLanguage":"en-US","potentialAction":[{"@type":"CommentAction","name":"Comment","target":["https:\/\/angelboss.com.br\/en\/2026\/03\/31\/325979-crise-de-autonomia-faz-ceo-de-empresa-familiar-sair-cedo\/#respond"]}]},{"@type":"WebPage","@id":"https:\/\/angelboss.com.br\/en\/2026\/03\/31\/325979-crise-de-autonomia-faz-ceo-de-empresa-familiar-sair-cedo\/","url":"https:\/\/angelboss.com.br\/en\/2026\/03\/31\/325979-crise-de-autonomia-faz-ceo-de-empresa-familiar-sair-cedo\/","name":"Crise de autonomia faz CEO de empresa familiar sair cedo - Portal Masculino de Moda, Beleza, Luxo and Business - Angel Boss","isPartOf":{"@id":"https:\/\/angelboss.com.br\/en\/#website"},"primaryImageOfPage":{"@id":"https:\/\/angelboss.com.br\/en\/2026\/03\/31\/325979-crise-de-autonomia-faz-ceo-de-empresa-familiar-sair-cedo\/#primaryimage"},"image":{"@id":"https:\/\/angelboss.com.br\/en\/2026\/03\/31\/325979-crise-de-autonomia-faz-ceo-de-empresa-familiar-sair-cedo\/#primaryimage"},"thumbnailUrl":"https:\/\/angelboss.com.br\/wp-content\/uploads\/2026\/03\/4b2ca2eb-7ed6-41d4-8397-e3d8c1402007.jpg","datePublished":"2026-03-31T00:00:00+00:00","breadcrumb":{"@id":"https:\/\/angelboss.com.br\/en\/2026\/03\/31\/325979-crise-de-autonomia-faz-ceo-de-empresa-familiar-sair-cedo\/#breadcrumb"},"inLanguage":"en-US","potentialAction":[{"@type":"ReadAction","target":["https:\/\/angelboss.com.br\/en\/2026\/03\/31\/325979-crise-de-autonomia-faz-ceo-de-empresa-familiar-sair-cedo\/"]}]},{"@type":"ImageObject","inLanguage":"en-US","@id":"https:\/\/angelboss.com.br\/en\/2026\/03\/31\/325979-crise-de-autonomia-faz-ceo-de-empresa-familiar-sair-cedo\/#primaryimage","url":"https:\/\/angelboss.com.br\/wp-content\/uploads\/2026\/03\/4b2ca2eb-7ed6-41d4-8397-e3d8c1402007.jpg","contentUrl":"https:\/\/angelboss.com.br\/wp-content\/uploads\/2026\/03\/4b2ca2eb-7ed6-41d4-8397-e3d8c1402007.jpg","width":1200,"height":675,"caption":"Crise de autonomia faz CEO de empresa familiar sair cedo"},{"@type":"BreadcrumbList","@id":"https:\/\/angelboss.com.br\/en\/2026\/03\/31\/325979-crise-de-autonomia-faz-ceo-de-empresa-familiar-sair-cedo\/#breadcrumb","itemListElement":[{"@type":"ListItem","position":1,"name":"In\u00edcio","item":"https:\/\/angelboss.com.br\/en\/"},{"@type":"ListItem","position":2,"name":"Crise de autonomia faz CEO de empresa familiar sair cedo"}]},{"@type":"WebSite","@id":"https:\/\/angelboss.com.br\/en\/#website","url":"https:\/\/angelboss.com.br\/en\/","name":"Portal Masculino de Moda, Beleza, Luxo e Business - Angel Boss","description":"O Maior Portal sobre Moda, Luxo, Beleza e Business Masculino do Brasil","publisher":{"@id":"https:\/\/angelboss.com.br\/en\/#organization"},"alternateName":"Maior Portal e Blog de Beleza Masculina e Luxo","potentialAction":[{"@type":"SearchAction","target":{"@type":"EntryPoint","urlTemplate":"https:\/\/angelboss.com.br\/en\/?s={search_term_string}"},"query-input":{"@type":"PropertyValueSpecification","valueRequired":true,"valueName":"search_term_string"}}],"inLanguage":"en-US"},{"@type":"Organization","@id":"https:\/\/angelboss.com.br\/en\/#organization","name":"Portal Masculino de Moda, Beleza, Luxo and Business - Angel Boss","url":"https:\/\/angelboss.com.br\/en\/","logo":{"@type":"ImageObject","inLanguage":"en-US","@id":"https:\/\/angelboss.com.br\/en\/#\/schema\/logo\/image\/","url":"http:\/\/angelboss.com.br\/wp-content\/uploads\/2025\/12\/WhatsApp-Image-2025-12-11-at-12.54.26.jpeg","contentUrl":"http:\/\/angelboss.com.br\/wp-content\/uploads\/2025\/12\/WhatsApp-Image-2025-12-11-at-12.54.26.jpeg","width":1280,"height":1280,"caption":"Portal Masculino de Moda, Beleza, Luxo and Business - Angel Boss"},"image":{"@id":"https:\/\/angelboss.com.br\/en\/#\/schema\/logo\/image\/"}},{"@type":"Person","@id":"https:\/\/angelboss.com.br\/en\/#\/schema\/person\/b6676b8d991f97199ef2d5b8e5c2d8a5","name":"DINO","image":{"@type":"ImageObject","inLanguage":"en-US","@id":"https:\/\/secure.gravatar.com\/avatar\/f29568383aedf96da155b6f87103b0e04b1c662f982055cda25086444ab33ff8?s=96&d=mm&r=g","url":"https:\/\/secure.gravatar.com\/avatar\/f29568383aedf96da155b6f87103b0e04b1c662f982055cda25086444ab33ff8?s=96&d=mm&r=g","contentUrl":"https:\/\/secure.gravatar.com\/avatar\/f29568383aedf96da155b6f87103b0e04b1c662f982055cda25086444ab33ff8?s=96&d=mm&r=g","caption":"DINO"},"url":"https:\/\/angelboss.com.br\/en\/author\/DINO\/"}]}},"amp_enabled":true,"_links":{"self":[{"href":"https:\/\/angelboss.com.br\/en\/wp-json\/wp\/v2\/posts\/17516","targetHints":{"allow":["GET"]}}],"collection":[{"href":"https:\/\/angelboss.com.br\/en\/wp-json\/wp\/v2\/posts"}],"about":[{"href":"https:\/\/angelboss.com.br\/en\/wp-json\/wp\/v2\/types\/post"}],"author":[{"embeddable":true,"href":"https:\/\/angelboss.com.br\/en\/wp-json\/wp\/v2\/users\/3"}],"replies":[{"embeddable":true,"href":"https:\/\/angelboss.com.br\/en\/wp-json\/wp\/v2\/comments?post=17516"}],"version-history":[{"count":0,"href":"https:\/\/angelboss.com.br\/en\/wp-json\/wp\/v2\/posts\/17516\/revisions"}],"wp:featuredmedia":[{"embeddable":true,"href":"https:\/\/angelboss.com.br\/en\/wp-json\/wp\/v2\/media\/17517"}],"wp:attachment":[{"href":"https:\/\/angelboss.com.br\/en\/wp-json\/wp\/v2\/media?parent=17516"}],"wp:term":[{"taxonomy":"category","embeddable":true,"href":"https:\/\/angelboss.com.br\/en\/wp-json\/wp\/v2\/categories?post=17516"},{"taxonomy":"post_tag","embeddable":true,"href":"https:\/\/angelboss.com.br\/en\/wp-json\/wp\/v2\/tags?post=17516"}],"curies":[{"name":"wp","href":"https:\/\/api.w.org\/{rel}","templated":true}]}}