{"id":17463,"date":"2026-03-30T20:34:19","date_gmt":"2026-03-30T20:34:19","guid":{"rendered":"https:\/\/angelboss.com.br\/?p=17463"},"modified":"2026-03-30T20:34:39","modified_gmt":"2026-03-30T20:34:39","slug":"jantar-davidoff-europa-lounge-2026-pascal-valero-charutos-premium","status":"publish","type":"post","link":"https:\/\/angelboss.com.br\/en\/2026\/03\/30\/jantar-davidoff-europa-lounge-2026-pascal-valero-charutos-premium\/","title":{"rendered":"Europa Lounge promove jantar Davidoff com chef Michelin e experi\u00eancia sensorial guiada"},"content":{"rendered":"<p><em>Noite exclusiva em S\u00e3o Paulo re\u00fane alta gastronomia, charuto premium e destilados em experi\u00eancia, marcado o retorno da marca Davidoff ao elegante endere\u00e7o da Avenida Europa<\/em><\/p>\n\n\n\n<p>No pr\u00f3ximo dia\u00a0<strong>1\u00ba de abril<\/strong>, o Europa Lounge, na Avenida Europa, em S\u00e3o Paulo, realiza uma noite que marca seu novo momento e o retorno de uma das marcas mais desejadas do universo dos charutos premium ao endere\u00e7o: a\u00a0<strong>Davidoff<\/strong>. Batizado de\u00a0<strong>Jantar Davidoff<\/strong>, o encontro prop\u00f5e uma experi\u00eancia constru\u00edda em camadas, reunindo gastronomia autoral, degusta\u00e7\u00e3o guiada e o ritual do charuto em um ambiente voltado ao p\u00fablico apreciador.<\/p>\n\n\n\n<figure class=\"wp-block-image\"><img decoding=\"async\" src=\"https:\/\/s2601.imxsnd41.com\/7jRmO1YjMmVTZ6InYu02bj5ycz9mYsV2ZuFGQsV2ZuF2b0Vmb6YDMwEDOxgjMwEjOnVGcq5ydvxmM2MmZjF2YxgzN1kzMhNjZlRmY0I2YwYDZxcTOmdTNlZkMlcTNlZkMlIzN0cTMGJTJygDOyMzN5QTMx8VL1ETLf9VLwITLfpTM\" alt=\"\"\/><figcaption class=\"wp-element-caption\">Arroz de pato, uma das delicias do menu assinado pelo chef Pascal Valero, foto Europa Lounge<\/figcaption><\/figure>\n\n\n\n<p>\u00c0 frente da cozinha, o chef franc\u00eas\u00a0<strong>Pascal Valero<\/strong>, com trajet\u00f3ria em casas estreladas Michelin, assina um menu em tr\u00eas tempos desenvolvido especialmente para dialogar com o\u00a0<strong>Davidoff Gran Cru Toro<\/strong>\u00a0\u2014 um dos exemplares mais elegantes da tradicional maison su\u00ed\u00e7a. A proposta parte de um princ\u00edpio raro: a gastronomia n\u00e3o compete com o charuto, mas o acompanha e valoriza sua evolu\u00e7\u00e3o sensorial.<\/p>\n\n\n\n<figure class=\"wp-block-image\"><img decoding=\"async\" src=\"https:\/\/s2601.imxsnd41.com\/8=MGZ6ETN3QTN0ojci5SbvNmLzN3bixWZn5WYAxWZn5WYvRXZupjNwATM4EDOyATM6cmbw5iNjRDO2UTMhRzNmRzMyQ2N2MGOwAzN0EWN3QzYyADNiZkMlADNiZkMlIzN0cTMGJTJygDOyMzN5QTMx8VL1ETLf9VLwITLfpjN\" alt=\"\"\/><figcaption class=\"wp-element-caption\">\u00a0<strong>Davidoff\u00a0Gran Cru Toro<\/strong>\u00a0\u2014 um dos\u00a0exemplares mais\u00a0elegantes da tradicional maison su\u00ed\u00e7a. Foto\u00a0Europa\u00a0Lounge<\/figcaption><\/figure>\n\n\n\n<p>Fundada por Zino Davidoff, a marca tornou-se uma das principais refer\u00eancias globais no universo dos charutos premium, reconhecida pelo rigor na sele\u00e7\u00e3o de tabacos e pela busca constante por equil\u00edbrio e refinamento. Produzidos na Rep\u00fablica Dominicana, seus blends revelam complexidade arom\u00e1tica e precis\u00e3o na constru\u00e7\u00e3o \u2014 atributos que aproximam a experi\u00eancia da l\u00f3gica dos grandes vinhos. O Gran Cru Toro, inspirado nesse universo, apresenta um perfil elegante, com notas amadeiradas, nuances tostadas e um dul\u00e7or sutil que evolui ao longo da degusta\u00e7\u00e3o.<\/p>\n\n\n\n<p>A condu\u00e7\u00e3o da noite ficar\u00e1 a cargo de\u00a0<strong>Alexandre Avellar<\/strong>, \u00fanico brasileiro a conquistar o t\u00edtulo de Hombre Habano \u2014 o mais importante reconhecimento internacional no universo dos charutos \u2014 que guiar\u00e1 os convidados por uma jornada sensorial que integra o charuto a harmoniza\u00e7\u00f5es com\u00a0<strong>Champagne Drappier<\/strong>\u00a0e o whisky\u00a0<strong>Glenlivet Founder&#8217;s Reserve<\/strong><\/p>\n\n\n\n<figure class=\"wp-block-image\"><img decoding=\"async\" src=\"https:\/\/s2601.imxsnd41.com\/4=MGZ6YmM4kzYhpjci5SbvNmLzN3bixWZn5WYAxWZn5WYvRXZupjNwATM4EDOyATM6cmbw5SY3YTM5EjY0cTNjFjYkNTYwYmN0IWMwYWMldzN4MGZ1YkMlMGZ1YkMlIzN0cTMGJTJygDOyMzN5QTMx8VL1ETLf9VLwITLfpzM\" alt=\"\"\/><figcaption class=\"wp-element-caption\">Salas\u00a0elegantes para prova de charutos procedentes das melhores origens<\/figcaption><\/figure>\n\n\n\n<p>Mais do que um jantar, a proposta refor\u00e7a o posicionamento do Europa Lounge como um espa\u00e7o dedicado ao lifestyle sofisticado, onde o tempo, a conversa e a degusta\u00e7\u00e3o ganham protagonismo<\/p>\n\n\n\n<p>Servi\u00e7o<\/p>\n\n\n\n<p><strong>Jantar Davidoff \u2013 Europa Lounge<\/strong><br>Data: 1\u00ba de abril<br>Hor\u00e1rio: 19h<br>Local: Europa Lounge \u2013 Av. Europa, S\u00e3o Paulo<\/p>\n\n\n\n<p>Investimento: R$ 1.250 por pessoa (servi\u00e7o incluso)<\/p>\n\n\n\n<p>Vagas: 45 lugares<\/p>","protected":false},"excerpt":{"rendered":"<p>Noite exclusiva em S\u00e3o Paulo re\u00fane alta gastronomia, charuto premium e destilados em experi\u00eancia, marcado o retorno da marca Davidoff ao elegante endere\u00e7o da Avenida Europa No pr\u00f3ximo dia\u00a01\u00ba de abril, o Europa Lounge, na Avenida Europa, em S\u00e3o Paulo, realiza uma noite que marca seu novo momento e o retorno de uma das marcas<\/p>","protected":false},"author":2,"featured_media":17464,"comment_status":"open","ping_status":"open","sticky":false,"template":"","format":"standard","meta":{"footnotes":""},"categories":[167,168],"tags":[2840,2839,2838],"class_list":{"0":"post-17463","1":"post","2":"type-post","3":"status-publish","4":"format-standard","5":"has-post-thumbnail","7":"category-dicas-do-chef","8":"category-eai-bora-nessa","9":"tag-alta-gastronomia-e-charutos","10":"tag-europa-lounge","11":"tag-jantar-davidoff"},"yoast_head":"<!-- This site is optimized with the Yoast SEO plugin v27.5 - https:\/\/yoast.com\/product\/yoast-seo-wordpress\/ -->\n<title>Jantar Davidoff no Europa Lounge: Alta Gastronomia e Charutos<\/title>\n<meta name=\"description\" content=\"Europa Lounge promove o Jantar Davidoff em 1\u00ba de abril de 2026. Menu do chef Pascal Valero, degusta\u00e7\u00e3o guiada por Alexandre Avellar.\" \/>\n<meta name=\"robots\" content=\"index, follow, max-snippet:-1, max-image-preview:large, max-video-preview:-1\" \/>\n<link rel=\"canonical\" href=\"http:\/\/angelboss.com.br\/en\/2026\/03\/30\/jantar-davidoff-europa-lounge-2026-pascal-valero-charutos-premium\/\" \/>\n<meta property=\"og:locale\" content=\"en_US\" \/>\n<meta property=\"og:type\" content=\"article\" \/>\n<meta property=\"og:title\" content=\"Jantar Davidoff no Europa Lounge: Alta Gastronomia e Charutos\" \/>\n<meta property=\"og:description\" content=\"Europa Lounge promove o Jantar Davidoff em 1\u00ba de abril de 2026. Menu do chef Pascal Valero, degusta\u00e7\u00e3o guiada por Alexandre Avellar.\" \/>\n<meta property=\"og:url\" content=\"http:\/\/angelboss.com.br\/en\/2026\/03\/30\/jantar-davidoff-europa-lounge-2026-pascal-valero-charutos-premium\/\" \/>\n<meta property=\"og:site_name\" content=\"Portal Masculino de Moda, Beleza, Luxo and Business - Angel Boss\" \/>\n<meta property=\"article:published_time\" content=\"2026-03-30T20:34:19+00:00\" \/>\n<meta property=\"article:modified_time\" content=\"2026-03-30T20:34:39+00:00\" \/>\n<meta property=\"og:image\" content=\"http:\/\/angelboss.com.br\/wp-content\/uploads\/2026\/03\/link-2.webp\" \/>\n\t<meta property=\"og:image:width\" content=\"1100\" \/>\n\t<meta property=\"og:image:height\" content=\"550\" \/>\n\t<meta property=\"og:image:type\" content=\"image\/webp\" \/>\n<meta name=\"author\" content=\"Neto Angel Boss\" \/>\n<meta name=\"twitter:card\" content=\"summary_large_image\" \/>\n<meta name=\"twitter:label1\" content=\"Written by\" \/>\n\t<meta name=\"twitter:data1\" content=\"Neto Angel Boss\" \/>\n\t<meta name=\"twitter:label2\" content=\"Est. reading time\" \/>\n\t<meta name=\"twitter:data2\" content=\"3 minutes\" \/>\n<script type=\"application\/ld+json\" class=\"yoast-schema-graph\">{\"@context\":\"https:\\\/\\\/schema.org\",\"@graph\":[{\"@type\":\"Article\",\"@id\":\"http:\\\/\\\/angelboss.com.br\\\/2026\\\/03\\\/30\\\/jantar-davidoff-europa-lounge-2026-pascal-valero-charutos-premium\\\/#article\",\"isPartOf\":{\"@id\":\"http:\\\/\\\/angelboss.com.br\\\/2026\\\/03\\\/30\\\/jantar-davidoff-europa-lounge-2026-pascal-valero-charutos-premium\\\/\"},\"author\":{\"name\":\"Neto Angel Boss\",\"@id\":\"https:\\\/\\\/angelboss.com.br\\\/en\\\/#\\\/schema\\\/person\\\/af084936b46cf2e03f299183e429e350\"},\"headline\":\"Europa Lounge promove jantar Davidoff com chef Michelin e experi\u00eancia sensorial guiada\",\"datePublished\":\"2026-03-30T20:34:19+00:00\",\"dateModified\":\"2026-03-30T20:34:39+00:00\",\"mainEntityOfPage\":{\"@id\":\"http:\\\/\\\/angelboss.com.br\\\/2026\\\/03\\\/30\\\/jantar-davidoff-europa-lounge-2026-pascal-valero-charutos-premium\\\/\"},\"wordCount\":438,\"commentCount\":0,\"publisher\":{\"@id\":\"https:\\\/\\\/angelboss.com.br\\\/en\\\/#organization\"},\"image\":{\"@id\":\"http:\\\/\\\/angelboss.com.br\\\/2026\\\/03\\\/30\\\/jantar-davidoff-europa-lounge-2026-pascal-valero-charutos-premium\\\/#primaryimage\"},\"thumbnailUrl\":\"https:\\\/\\\/angelboss.com.br\\\/wp-content\\\/uploads\\\/2026\\\/03\\\/link-2.webp\",\"keywords\":[\"Alta Gastronomia e Charutos\",\"Europa Lounge\",\"Jantar Davidoff\"],\"articleSection\":[\"DICAS DO CHEF\",\"EA\u00cd, BORA NESSA?\"],\"inLanguage\":\"en-US\",\"potentialAction\":[{\"@type\":\"CommentAction\",\"name\":\"Comment\",\"target\":[\"http:\\\/\\\/angelboss.com.br\\\/2026\\\/03\\\/30\\\/jantar-davidoff-europa-lounge-2026-pascal-valero-charutos-premium\\\/#respond\"]}]},{\"@type\":\"WebPage\",\"@id\":\"http:\\\/\\\/angelboss.com.br\\\/2026\\\/03\\\/30\\\/jantar-davidoff-europa-lounge-2026-pascal-valero-charutos-premium\\\/\",\"url\":\"http:\\\/\\\/angelboss.com.br\\\/2026\\\/03\\\/30\\\/jantar-davidoff-europa-lounge-2026-pascal-valero-charutos-premium\\\/\",\"name\":\"Jantar Davidoff no Europa Lounge: Alta Gastronomia e Charutos\",\"isPartOf\":{\"@id\":\"https:\\\/\\\/angelboss.com.br\\\/en\\\/#website\"},\"primaryImageOfPage\":{\"@id\":\"http:\\\/\\\/angelboss.com.br\\\/2026\\\/03\\\/30\\\/jantar-davidoff-europa-lounge-2026-pascal-valero-charutos-premium\\\/#primaryimage\"},\"image\":{\"@id\":\"http:\\\/\\\/angelboss.com.br\\\/2026\\\/03\\\/30\\\/jantar-davidoff-europa-lounge-2026-pascal-valero-charutos-premium\\\/#primaryimage\"},\"thumbnailUrl\":\"https:\\\/\\\/angelboss.com.br\\\/wp-content\\\/uploads\\\/2026\\\/03\\\/link-2.webp\",\"datePublished\":\"2026-03-30T20:34:19+00:00\",\"dateModified\":\"2026-03-30T20:34:39+00:00\",\"description\":\"Europa Lounge promove o Jantar Davidoff em 1\u00ba de abril de 2026. Menu do chef Pascal Valero, degusta\u00e7\u00e3o guiada por Alexandre Avellar.\",\"breadcrumb\":{\"@id\":\"http:\\\/\\\/angelboss.com.br\\\/2026\\\/03\\\/30\\\/jantar-davidoff-europa-lounge-2026-pascal-valero-charutos-premium\\\/#breadcrumb\"},\"inLanguage\":\"en-US\",\"potentialAction\":[{\"@type\":\"ReadAction\",\"target\":[\"http:\\\/\\\/angelboss.com.br\\\/2026\\\/03\\\/30\\\/jantar-davidoff-europa-lounge-2026-pascal-valero-charutos-premium\\\/\"]}]},{\"@type\":\"ImageObject\",\"inLanguage\":\"en-US\",\"@id\":\"http:\\\/\\\/angelboss.com.br\\\/2026\\\/03\\\/30\\\/jantar-davidoff-europa-lounge-2026-pascal-valero-charutos-premium\\\/#primaryimage\",\"url\":\"https:\\\/\\\/angelboss.com.br\\\/wp-content\\\/uploads\\\/2026\\\/03\\\/link-2.webp\",\"contentUrl\":\"https:\\\/\\\/angelboss.com.br\\\/wp-content\\\/uploads\\\/2026\\\/03\\\/link-2.webp\",\"width\":1100,\"height\":550,\"caption\":\"Imagem\\\/Divulga\u00e7\u00e3o\"},{\"@type\":\"BreadcrumbList\",\"@id\":\"http:\\\/\\\/angelboss.com.br\\\/2026\\\/03\\\/30\\\/jantar-davidoff-europa-lounge-2026-pascal-valero-charutos-premium\\\/#breadcrumb\",\"itemListElement\":[{\"@type\":\"ListItem\",\"position\":1,\"name\":\"In\u00edcio\",\"item\":\"https:\\\/\\\/angelboss.com.br\\\/en\\\/\"},{\"@type\":\"ListItem\",\"position\":2,\"name\":\"Europa Lounge promove jantar Davidoff com chef Michelin e experi\u00eancia sensorial guiada\"}]},{\"@type\":\"WebSite\",\"@id\":\"https:\\\/\\\/angelboss.com.br\\\/en\\\/#website\",\"url\":\"https:\\\/\\\/angelboss.com.br\\\/en\\\/\",\"name\":\"Portal Masculino de Moda, Beleza, Luxo e Business - Angel Boss\",\"description\":\"O Maior Portal sobre Moda, Luxo, Beleza e Business Masculino do Brasil\",\"publisher\":{\"@id\":\"https:\\\/\\\/angelboss.com.br\\\/en\\\/#organization\"},\"alternateName\":\"Maior Portal e Blog de Beleza Masculina e Luxo\",\"potentialAction\":[{\"@type\":\"SearchAction\",\"target\":{\"@type\":\"EntryPoint\",\"urlTemplate\":\"https:\\\/\\\/angelboss.com.br\\\/en\\\/?s={search_term_string}\"},\"query-input\":{\"@type\":\"PropertyValueSpecification\",\"valueRequired\":true,\"valueName\":\"search_term_string\"}}],\"inLanguage\":\"en-US\"},{\"@type\":\"Organization\",\"@id\":\"https:\\\/\\\/angelboss.com.br\\\/en\\\/#organization\",\"name\":\"Portal Masculino de Moda, Beleza, Luxo and Business - Angel Boss\",\"url\":\"https:\\\/\\\/angelboss.com.br\\\/en\\\/\",\"logo\":{\"@type\":\"ImageObject\",\"inLanguage\":\"en-US\",\"@id\":\"https:\\\/\\\/angelboss.com.br\\\/en\\\/#\\\/schema\\\/logo\\\/image\\\/\",\"url\":\"http:\\\/\\\/angelboss.com.br\\\/wp-content\\\/uploads\\\/2025\\\/12\\\/WhatsApp-Image-2025-12-11-at-12.54.26.jpeg\",\"contentUrl\":\"http:\\\/\\\/angelboss.com.br\\\/wp-content\\\/uploads\\\/2025\\\/12\\\/WhatsApp-Image-2025-12-11-at-12.54.26.jpeg\",\"width\":1280,\"height\":1280,\"caption\":\"Portal Masculino de Moda, Beleza, Luxo and Business - Angel Boss\"},\"image\":{\"@id\":\"https:\\\/\\\/angelboss.com.br\\\/en\\\/#\\\/schema\\\/logo\\\/image\\\/\"}},{\"@type\":\"Person\",\"@id\":\"https:\\\/\\\/angelboss.com.br\\\/en\\\/#\\\/schema\\\/person\\\/af084936b46cf2e03f299183e429e350\",\"name\":\"Neto Angel Boss\",\"image\":{\"@type\":\"ImageObject\",\"inLanguage\":\"en-US\",\"@id\":\"https:\\\/\\\/secure.gravatar.com\\\/avatar\\\/dbb38b2050e5181e32afbccf458635967af0767d15abe8168b35ebbd97907289?s=96&d=mm&r=g\",\"url\":\"https:\\\/\\\/secure.gravatar.com\\\/avatar\\\/dbb38b2050e5181e32afbccf458635967af0767d15abe8168b35ebbd97907289?s=96&d=mm&r=g\",\"contentUrl\":\"https:\\\/\\\/secure.gravatar.com\\\/avatar\\\/dbb38b2050e5181e32afbccf458635967af0767d15abe8168b35ebbd97907289?s=96&d=mm&r=g\",\"caption\":\"Neto Angel Boss\"},\"sameAs\":[\"http:\\\/\\\/www.angelboss.com\"],\"url\":\"https:\\\/\\\/angelboss.com.br\\\/en\\\/author\\\/netoangelboss\\\/\"}]}<\/script>\n<!-- \/ Yoast SEO plugin. -->","yoast_head_json":{"title":"Jantar Davidoff no Europa Lounge: Alta Gastronomia e Charutos","description":"Europa Lounge promove o Jantar Davidoff em 1\u00ba de abril de 2026. Menu do chef Pascal Valero, degusta\u00e7\u00e3o guiada por Alexandre Avellar.","robots":{"index":"index","follow":"follow","max-snippet":"max-snippet:-1","max-image-preview":"max-image-preview:large","max-video-preview":"max-video-preview:-1"},"canonical":"http:\/\/angelboss.com.br\/en\/2026\/03\/30\/jantar-davidoff-europa-lounge-2026-pascal-valero-charutos-premium\/","og_locale":"en_US","og_type":"article","og_title":"Jantar Davidoff no Europa Lounge: Alta Gastronomia e Charutos","og_description":"Europa Lounge promove o Jantar Davidoff em 1\u00ba de abril de 2026. Menu do chef Pascal Valero, degusta\u00e7\u00e3o guiada por Alexandre Avellar.","og_url":"http:\/\/angelboss.com.br\/en\/2026\/03\/30\/jantar-davidoff-europa-lounge-2026-pascal-valero-charutos-premium\/","og_site_name":"Portal Masculino de Moda, Beleza, Luxo and Business - Angel Boss","article_published_time":"2026-03-30T20:34:19+00:00","article_modified_time":"2026-03-30T20:34:39+00:00","og_image":[{"width":1100,"height":550,"url":"http:\/\/angelboss.com.br\/wp-content\/uploads\/2026\/03\/link-2.webp","type":"image\/webp"}],"author":"Neto Angel Boss","twitter_card":"summary_large_image","twitter_misc":{"Written by":"Neto Angel Boss","Est. reading time":"3 minutes"},"schema":{"@context":"https:\/\/schema.org","@graph":[{"@type":"Article","@id":"http:\/\/angelboss.com.br\/2026\/03\/30\/jantar-davidoff-europa-lounge-2026-pascal-valero-charutos-premium\/#article","isPartOf":{"@id":"http:\/\/angelboss.com.br\/2026\/03\/30\/jantar-davidoff-europa-lounge-2026-pascal-valero-charutos-premium\/"},"author":{"name":"Neto Angel Boss","@id":"https:\/\/angelboss.com.br\/en\/#\/schema\/person\/af084936b46cf2e03f299183e429e350"},"headline":"Europa Lounge promove jantar Davidoff com chef Michelin e experi\u00eancia sensorial guiada","datePublished":"2026-03-30T20:34:19+00:00","dateModified":"2026-03-30T20:34:39+00:00","mainEntityOfPage":{"@id":"http:\/\/angelboss.com.br\/2026\/03\/30\/jantar-davidoff-europa-lounge-2026-pascal-valero-charutos-premium\/"},"wordCount":438,"commentCount":0,"publisher":{"@id":"https:\/\/angelboss.com.br\/en\/#organization"},"image":{"@id":"http:\/\/angelboss.com.br\/2026\/03\/30\/jantar-davidoff-europa-lounge-2026-pascal-valero-charutos-premium\/#primaryimage"},"thumbnailUrl":"https:\/\/angelboss.com.br\/wp-content\/uploads\/2026\/03\/link-2.webp","keywords":["Alta Gastronomia e Charutos","Europa Lounge","Jantar Davidoff"],"articleSection":["DICAS DO CHEF","EA\u00cd, BORA NESSA?"],"inLanguage":"en-US","potentialAction":[{"@type":"CommentAction","name":"Comment","target":["http:\/\/angelboss.com.br\/2026\/03\/30\/jantar-davidoff-europa-lounge-2026-pascal-valero-charutos-premium\/#respond"]}]},{"@type":"WebPage","@id":"http:\/\/angelboss.com.br\/2026\/03\/30\/jantar-davidoff-europa-lounge-2026-pascal-valero-charutos-premium\/","url":"http:\/\/angelboss.com.br\/2026\/03\/30\/jantar-davidoff-europa-lounge-2026-pascal-valero-charutos-premium\/","name":"Jantar Davidoff no Europa Lounge: Alta Gastronomia e Charutos","isPartOf":{"@id":"https:\/\/angelboss.com.br\/en\/#website"},"primaryImageOfPage":{"@id":"http:\/\/angelboss.com.br\/2026\/03\/30\/jantar-davidoff-europa-lounge-2026-pascal-valero-charutos-premium\/#primaryimage"},"image":{"@id":"http:\/\/angelboss.com.br\/2026\/03\/30\/jantar-davidoff-europa-lounge-2026-pascal-valero-charutos-premium\/#primaryimage"},"thumbnailUrl":"https:\/\/angelboss.com.br\/wp-content\/uploads\/2026\/03\/link-2.webp","datePublished":"2026-03-30T20:34:19+00:00","dateModified":"2026-03-30T20:34:39+00:00","description":"Europa Lounge promove o Jantar Davidoff em 1\u00ba de abril de 2026. Menu do chef Pascal Valero, degusta\u00e7\u00e3o guiada por Alexandre Avellar.","breadcrumb":{"@id":"http:\/\/angelboss.com.br\/2026\/03\/30\/jantar-davidoff-europa-lounge-2026-pascal-valero-charutos-premium\/#breadcrumb"},"inLanguage":"en-US","potentialAction":[{"@type":"ReadAction","target":["http:\/\/angelboss.com.br\/2026\/03\/30\/jantar-davidoff-europa-lounge-2026-pascal-valero-charutos-premium\/"]}]},{"@type":"ImageObject","inLanguage":"en-US","@id":"http:\/\/angelboss.com.br\/2026\/03\/30\/jantar-davidoff-europa-lounge-2026-pascal-valero-charutos-premium\/#primaryimage","url":"https:\/\/angelboss.com.br\/wp-content\/uploads\/2026\/03\/link-2.webp","contentUrl":"https:\/\/angelboss.com.br\/wp-content\/uploads\/2026\/03\/link-2.webp","width":1100,"height":550,"caption":"Imagem\/Divulga\u00e7\u00e3o"},{"@type":"BreadcrumbList","@id":"http:\/\/angelboss.com.br\/2026\/03\/30\/jantar-davidoff-europa-lounge-2026-pascal-valero-charutos-premium\/#breadcrumb","itemListElement":[{"@type":"ListItem","position":1,"name":"In\u00edcio","item":"https:\/\/angelboss.com.br\/en\/"},{"@type":"ListItem","position":2,"name":"Europa Lounge promove jantar Davidoff com chef Michelin e experi\u00eancia sensorial guiada"}]},{"@type":"WebSite","@id":"https:\/\/angelboss.com.br\/en\/#website","url":"https:\/\/angelboss.com.br\/en\/","name":"Portal Masculino de Moda, Beleza, Luxo e Business - Angel Boss","description":"O Maior Portal sobre Moda, Luxo, Beleza e Business Masculino do Brasil","publisher":{"@id":"https:\/\/angelboss.com.br\/en\/#organization"},"alternateName":"Maior Portal e Blog de Beleza Masculina e Luxo","potentialAction":[{"@type":"SearchAction","target":{"@type":"EntryPoint","urlTemplate":"https:\/\/angelboss.com.br\/en\/?s={search_term_string}"},"query-input":{"@type":"PropertyValueSpecification","valueRequired":true,"valueName":"search_term_string"}}],"inLanguage":"en-US"},{"@type":"Organization","@id":"https:\/\/angelboss.com.br\/en\/#organization","name":"Portal Masculino de Moda, Beleza, Luxo and Business - Angel Boss","url":"https:\/\/angelboss.com.br\/en\/","logo":{"@type":"ImageObject","inLanguage":"en-US","@id":"https:\/\/angelboss.com.br\/en\/#\/schema\/logo\/image\/","url":"http:\/\/angelboss.com.br\/wp-content\/uploads\/2025\/12\/WhatsApp-Image-2025-12-11-at-12.54.26.jpeg","contentUrl":"http:\/\/angelboss.com.br\/wp-content\/uploads\/2025\/12\/WhatsApp-Image-2025-12-11-at-12.54.26.jpeg","width":1280,"height":1280,"caption":"Portal Masculino de Moda, Beleza, Luxo and Business - Angel Boss"},"image":{"@id":"https:\/\/angelboss.com.br\/en\/#\/schema\/logo\/image\/"}},{"@type":"Person","@id":"https:\/\/angelboss.com.br\/en\/#\/schema\/person\/af084936b46cf2e03f299183e429e350","name":"Neto Angel Boss","image":{"@type":"ImageObject","inLanguage":"en-US","@id":"https:\/\/secure.gravatar.com\/avatar\/dbb38b2050e5181e32afbccf458635967af0767d15abe8168b35ebbd97907289?s=96&d=mm&r=g","url":"https:\/\/secure.gravatar.com\/avatar\/dbb38b2050e5181e32afbccf458635967af0767d15abe8168b35ebbd97907289?s=96&d=mm&r=g","contentUrl":"https:\/\/secure.gravatar.com\/avatar\/dbb38b2050e5181e32afbccf458635967af0767d15abe8168b35ebbd97907289?s=96&d=mm&r=g","caption":"Neto Angel Boss"},"sameAs":["http:\/\/www.angelboss.com"],"url":"https:\/\/angelboss.com.br\/en\/author\/netoangelboss\/"}]}},"amp_enabled":true,"_links":{"self":[{"href":"https:\/\/angelboss.com.br\/en\/wp-json\/wp\/v2\/posts\/17463","targetHints":{"allow":["GET"]}}],"collection":[{"href":"https:\/\/angelboss.com.br\/en\/wp-json\/wp\/v2\/posts"}],"about":[{"href":"https:\/\/angelboss.com.br\/en\/wp-json\/wp\/v2\/types\/post"}],"author":[{"embeddable":true,"href":"https:\/\/angelboss.com.br\/en\/wp-json\/wp\/v2\/users\/2"}],"replies":[{"embeddable":true,"href":"https:\/\/angelboss.com.br\/en\/wp-json\/wp\/v2\/comments?post=17463"}],"version-history":[{"count":1,"href":"https:\/\/angelboss.com.br\/en\/wp-json\/wp\/v2\/posts\/17463\/revisions"}],"predecessor-version":[{"id":17465,"href":"https:\/\/angelboss.com.br\/en\/wp-json\/wp\/v2\/posts\/17463\/revisions\/17465"}],"wp:featuredmedia":[{"embeddable":true,"href":"https:\/\/angelboss.com.br\/en\/wp-json\/wp\/v2\/media\/17464"}],"wp:attachment":[{"href":"https:\/\/angelboss.com.br\/en\/wp-json\/wp\/v2\/media?parent=17463"}],"wp:term":[{"taxonomy":"category","embeddable":true,"href":"https:\/\/angelboss.com.br\/en\/wp-json\/wp\/v2\/categories?post=17463"},{"taxonomy":"post_tag","embeddable":true,"href":"https:\/\/angelboss.com.br\/en\/wp-json\/wp\/v2\/tags?post=17463"}],"curies":[{"name":"wp","href":"https:\/\/api.w.org\/{rel}","templated":true}]}}