{"id":17408,"date":"2026-03-30T18:51:12","date_gmt":"2026-03-30T18:51:12","guid":{"rendered":"https:\/\/angelboss.com.br\/?p=17408"},"modified":"2026-03-30T18:51:33","modified_gmt":"2026-03-30T18:51:33","slug":"energisa-buzios-sailing-week-2026-vela-oceanica-buzios","status":"publish","type":"post","link":"https:\/\/angelboss.com.br\/en\/2026\/03\/30\/energisa-buzios-sailing-week-2026-vela-oceanica-buzios\/","title":{"rendered":"Energisa B\u00fazios Sailing Week 2026 projeta edi\u00e7\u00e3o de alto n\u00edvel com grandes nomes da vela"},"content":{"rendered":"<p><em>Evento re\u00fane classes ORC, BRA-RGS e RGS-Cruiser entre 1\u00ba e 5 de abril, com regatas e programa\u00e7\u00e3o social em B\u00fazios (RJ)<\/em><\/p>\n\n\n\n<p>A Energisa B\u00fazios Sailing Week 2026 promete reunir a elite da vela oce\u00e2nica brasileira entre os dias 1\u00ba e 5 de abril, em Arma\u00e7\u00e3o dos B\u00fazios (RJ). A competi\u00e7\u00e3o contar\u00e1 com embarca\u00e7\u00f5es das classes ORC (Performance e Cruzeiro\/Regata), BRA-RGS e RGS-Cruiser, consolidando o evento como um dos principais do calend\u00e1rio nacional.<\/p>\n\n\n\n<p>Organizado pelo Iate Clube Arma\u00e7\u00e3o de B\u00fazios (ICAB), em parceria com a Confedera\u00e7\u00e3o Brasileira de Vela (CBVela) e a Associa\u00e7\u00e3o Brasileira de Veleiros de Oceano (ABVO), o evento completar\u00e1 39 edi\u00e7\u00f5es, combinando disputas de alto rendimento com uma programa\u00e7\u00e3o social que movimenta a cidade durante o feriado da Semana Santa.<\/p>\n\n\n\n<p>A programa\u00e7\u00e3o come\u00e7a no dia 1\u00ba de abril, com cerim\u00f4nia de abertura entre 17h e 19h. As regatas t\u00eam in\u00edcio no dia 2, ap\u00f3s reuni\u00e3o de comandantes \u00e0s 10h, com largada ao meio-dia. Nos dias seguintes, as disputas acontecem a partir das 11h.<\/p>\n\n\n\n<p>Comodoro do ICAB e organizador, o campe\u00e3o ol\u00edmpico Marcos Soares (Moscou 1980, ao lado de Eduardo Penido) destaca a tradi\u00e7\u00e3o e a relev\u00e2ncia internacional do evento:<\/p>\n\n\n<div class=\"wp-block-image\">\n<figure class=\"aligncenter\"><img decoding=\"async\" src=\"https:\/\/s2601.imxsnd37.com\/5jRmOlNzY5YWO6InYu02bj5ycz9mYsV2ZuFGQsV2ZuF2b0Vmb6AzNyQTM1YDO4IjOnVGcq5ydvxWYxgzY4ATNhNGM5M2YhRDM5gTM4kzMjdjZ0IWOjVzYhZkMlUzYhZkMlgzN0gTNGJTJ2IDMx8VL1ETLf9VLwITLfpzN\" alt=\"\"\/><\/figure>\n<\/div>\n\n\n<p>&#8220;A B\u00fazios Sailing Week \u00e9 um evento hist\u00f3rico, que caminha para 40 anos e sempre foi pensado como uma competi\u00e7\u00e3o de alto n\u00edvel. B\u00fazios re\u00fane, h\u00e1 d\u00e9cadas, alguns dos principais barcos do Brasil e tamb\u00e9m do exterior \u2014 j\u00e1 tivemos at\u00e9 a participa\u00e7\u00e3o do Rei da Noruega.&#8221;<\/p>\n\n\n\n<p>&#8220;A vela brasileira e mundial escolheu B\u00fazios como base de treinos pelo regime de ventos e pela infraestrutura que a cidade oferece. \u00c9 um cen\u00e1rio ideal para competir. Nesta edi\u00e7\u00e3o, voltamos a reunir grandes nomes do esporte, como Torben Grael, o que eleva ainda mais o n\u00edvel t\u00e9cnico da competi\u00e7\u00e3o.&#8221;<\/p>\n\n\n\n<p>Com sede no Iate Clube Arma\u00e7\u00e3o de B\u00fazios, as regatas ser\u00e3o disputadas nas \u00e1guas do litoral buziano, reconhecido pelas condi\u00e7\u00f5es ideais de vento e navega\u00e7\u00e3o \u2014 fatores que colocam a cidade entre os principais polos da vela no Brasil.<\/p>\n\n\n<div class=\"wp-block-image\">\n<figure class=\"aligncenter\"><img decoding=\"async\" src=\"https:\/\/s2601.imxsnd37.com\/7jRmOiBTZ0ATO6InYu02bj5ycz9mYsV2ZuFGQsV2ZuF2b0Vmb6AzNyQTM1YDO4IjOnVGcq5ydvxmZmVGZjNWYhF2YmZDNiFGNwY2YzEmY1IWNxEDZiZ2M5YkMlY2M5YkMlgzN0gTNGJTJ2IDMx8VL1ETLf9VLwITLfpjN\" alt=\"\"\/><\/figure>\n<\/div>\n\n\n<p>A competi\u00e7\u00e3o premiar\u00e1 os vencedores gerais das classes ORC, BRA-RGS e RGS-Cruiser, al\u00e9m dos tr\u00eas primeiros colocados em cada subdivis\u00e3o. A cerim\u00f4nia de premia\u00e7\u00e3o ser\u00e1 realizada no dia 5 de abril, encerrando a edi\u00e7\u00e3o.<\/p>\n\n\n\n<p>Se quiser, posso dar mais um n\u00edvel acima (vers\u00e3o &#8220;release para grande imprensa&#8221;, com t\u00edtulo mais agressivo tipo Estad\u00e3o\/Globo ou adaptar para redes sociais).<\/p>\n\n\n\n<p><strong>Programa\u00e7\u00e3o une regatas e experi\u00eancias sociais<\/strong><\/p>\n\n\n\n<p>Al\u00e9m das provas, o evento ter\u00e1 atra\u00e7\u00f5es como o Sunset Energisa com DJ nos dias 2 e 3 de abril, al\u00e9m do Energisa BBQ no dia 4. O encerramento ser\u00e1 no domingo (5), com a \u00faltima regata e a cerim\u00f4nia de premia\u00e7\u00e3o \u00e0s 16h30.<\/p>\n\n\n\n<p>Est\u00e3o previstas at\u00e9 seis regatas, com limite de duas por dia, incluindo percursos barla-sota e de percurso. O campeonato ser\u00e1 validado com a realiza\u00e7\u00e3o m\u00ednima de tr\u00eas provas. Em 2025, a Energisa B\u00fazios Sailing Week valeu como Campeonato Brasileiro de Vela. Na ORC Geral e ORC Performance, o Crioula 52, de Eduardo Plass (VDS), levou o seu TP52 ao lugar mais alto do p\u00f3dio.<br><br>Na ORC Cruiser Racer, o +Brav\u00edssimo, com o argentino Nacho Giamonna (ICES), levou a melhor. Entre os BRA-RGS Geral e RGS A, o vencedor foi o Nativo 3, de Eduardo Harabedian (BR Marinas) e na divis\u00e3o RGS B, o primeiro foi Absoluto, de Kaio Mendes (ICES).<\/p>\n\n\n<div class=\"wp-block-image\">\n<figure class=\"aligncenter\"><img decoding=\"async\" src=\"https:\/\/s2601.imxsnd37.com\/4jRmO5QTYwAzN6InYu02bj5ycz9mYsV2ZuFGQsV2ZuF2b0Vmb6AzNyQTM1YDO4IjOnVGcq5ydvxWNihTY2IGZmRDNlRmZyMWNwgjYmFGMxU2NwYWOxUWMyYkMlUWMyYkMlgzN0gTNGJTJ2IDMx8VL1ETLf9VLwITLfpjN\" alt=\"\"\/><\/figure>\n<\/div>\n\n\n<p><\/p>","protected":false},"excerpt":{"rendered":"<p>Evento re\u00fane classes ORC, BRA-RGS e RGS-Cruiser entre 1\u00ba e 5 de abril, com regatas e programa\u00e7\u00e3o social em B\u00fazios (RJ) A Energisa B\u00fazios Sailing Week 2026 promete reunir a elite da vela oce\u00e2nica brasileira entre os dias 1\u00ba e 5 de abril, em Arma\u00e7\u00e3o dos B\u00fazios (RJ). A competi\u00e7\u00e3o contar\u00e1 com embarca\u00e7\u00f5es das classes<\/p>","protected":false},"author":2,"featured_media":17409,"comment_status":"open","ping_status":"open","sticky":false,"template":"","format":"standard","meta":{"footnotes":""},"categories":[168,154],"tags":[2820,2822,2821],"class_list":{"0":"post-17408","1":"post","2":"type-post","3":"status-publish","4":"format-standard","5":"has-post-thumbnail","7":"category-eai-bora-nessa","8":"category-esportes","9":"tag-energisa-buzios","10":"tag-grandes-nomes-da-vela","11":"tag-sailing-week-2026"},"yoast_head":"<!-- This site is optimized with the Yoast SEO plugin v27.5 - https:\/\/yoast.com\/product\/yoast-seo-wordpress\/ -->\n<title>Energisa B\u00fazios Sailing Week 2026: Elite da Vela no RJ<\/title>\n<meta name=\"description\" content=\"A Energisa B\u00fazios Sailing Week 2026 re\u00fane Torben Grael e a elite da vela brasileira entre 1\u00ba e 5 de abril. Confira a programa\u00e7\u00e3o de regatas e eventos sociais.\" \/>\n<meta name=\"robots\" content=\"index, follow, max-snippet:-1, max-image-preview:large, max-video-preview:-1\" \/>\n<link rel=\"canonical\" href=\"http:\/\/angelboss.com.br\/en\/2026\/03\/30\/energisa-buzios-sailing-week-2026-vela-oceanica-buzios\/\" \/>\n<meta property=\"og:locale\" content=\"en_US\" \/>\n<meta property=\"og:type\" content=\"article\" \/>\n<meta property=\"og:title\" content=\"Energisa B\u00fazios Sailing Week 2026: Elite da Vela no RJ\" \/>\n<meta property=\"og:description\" content=\"A Energisa B\u00fazios Sailing Week 2026 re\u00fane Torben Grael e a elite da vela brasileira entre 1\u00ba e 5 de abril. Confira a programa\u00e7\u00e3o de regatas e eventos sociais.\" \/>\n<meta property=\"og:url\" content=\"http:\/\/angelboss.com.br\/en\/2026\/03\/30\/energisa-buzios-sailing-week-2026-vela-oceanica-buzios\/\" \/>\n<meta property=\"og:site_name\" content=\"Portal Masculino de Moda, Beleza, Luxo and Business - Angel Boss\" \/>\n<meta property=\"article:published_time\" content=\"2026-03-30T18:51:12+00:00\" \/>\n<meta property=\"article:modified_time\" content=\"2026-03-30T18:51:33+00:00\" \/>\n<meta property=\"og:image\" content=\"http:\/\/angelboss.com.br\/wp-content\/uploads\/2026\/03\/3jRmO3YGZ4IWZ6InYu02bj5ycz9mYsV2ZuFGQsV2ZuF2b0Vmb6AzNyQTM1YDO4IjOnVGcq5ydvxWMxEzM5Y2YxMWM3ITYyADOhRGOzEWYhlDOxYGZ0YjZkZkMlYjZkZkMlgzN0gTNGJTJ2IDMx8VL1ETLf9VLwITLfpjM.jpg\" \/>\n\t<meta property=\"og:image:width\" content=\"602\" \/>\n\t<meta property=\"og:image:height\" content=\"343\" \/>\n\t<meta property=\"og:image:type\" content=\"image\/jpeg\" \/>\n<meta name=\"author\" content=\"Neto Angel Boss\" \/>\n<meta name=\"twitter:card\" content=\"summary_large_image\" \/>\n<meta name=\"twitter:label1\" content=\"Written by\" \/>\n\t<meta name=\"twitter:data1\" content=\"Neto Angel Boss\" \/>\n\t<meta name=\"twitter:label2\" content=\"Est. reading time\" \/>\n\t<meta name=\"twitter:data2\" content=\"4 minutes\" \/>\n<script type=\"application\/ld+json\" class=\"yoast-schema-graph\">{\"@context\":\"https:\\\/\\\/schema.org\",\"@graph\":[{\"@type\":\"Article\",\"@id\":\"http:\\\/\\\/angelboss.com.br\\\/en\\\/2026\\\/03\\\/30\\\/energisa-buzios-sailing-week-2026-vela-oceanica-buzios\\\/#article\",\"isPartOf\":{\"@id\":\"http:\\\/\\\/angelboss.com.br\\\/en\\\/2026\\\/03\\\/30\\\/energisa-buzios-sailing-week-2026-vela-oceanica-buzios\\\/\"},\"author\":{\"name\":\"Neto Angel Boss\",\"@id\":\"https:\\\/\\\/angelboss.com.br\\\/en\\\/#\\\/schema\\\/person\\\/af084936b46cf2e03f299183e429e350\"},\"headline\":\"Energisa B\u00fazios Sailing Week 2026 projeta edi\u00e7\u00e3o de alto n\u00edvel com grandes nomes da vela\",\"datePublished\":\"2026-03-30T18:51:12+00:00\",\"dateModified\":\"2026-03-30T18:51:33+00:00\",\"mainEntityOfPage\":{\"@id\":\"http:\\\/\\\/angelboss.com.br\\\/en\\\/2026\\\/03\\\/30\\\/energisa-buzios-sailing-week-2026-vela-oceanica-buzios\\\/\"},\"wordCount\":615,\"commentCount\":0,\"publisher\":{\"@id\":\"https:\\\/\\\/angelboss.com.br\\\/en\\\/#organization\"},\"image\":{\"@id\":\"http:\\\/\\\/angelboss.com.br\\\/en\\\/2026\\\/03\\\/30\\\/energisa-buzios-sailing-week-2026-vela-oceanica-buzios\\\/#primaryimage\"},\"thumbnailUrl\":\"https:\\\/\\\/angelboss.com.br\\\/wp-content\\\/uploads\\\/2026\\\/03\\\/3jRmO3YGZ4IWZ6InYu02bj5ycz9mYsV2ZuFGQsV2ZuF2b0Vmb6AzNyQTM1YDO4IjOnVGcq5ydvxWMxEzM5Y2YxMWM3ITYyADOhRGOzEWYhlDOxYGZ0YjZkZkMlYjZkZkMlgzN0gTNGJTJ2IDMx8VL1ETLf9VLwITLfpjM.jpg\",\"keywords\":[\"Energisa B\u00fazios\",\"grandes nomes da vela\",\"Sailing Week 2026\"],\"articleSection\":[\"EA\u00cd, BORA NESSA?\",\"ESPORTES\"],\"inLanguage\":\"en-US\",\"potentialAction\":[{\"@type\":\"CommentAction\",\"name\":\"Comment\",\"target\":[\"http:\\\/\\\/angelboss.com.br\\\/en\\\/2026\\\/03\\\/30\\\/energisa-buzios-sailing-week-2026-vela-oceanica-buzios\\\/#respond\"]}]},{\"@type\":\"WebPage\",\"@id\":\"http:\\\/\\\/angelboss.com.br\\\/en\\\/2026\\\/03\\\/30\\\/energisa-buzios-sailing-week-2026-vela-oceanica-buzios\\\/\",\"url\":\"http:\\\/\\\/angelboss.com.br\\\/en\\\/2026\\\/03\\\/30\\\/energisa-buzios-sailing-week-2026-vela-oceanica-buzios\\\/\",\"name\":\"Energisa B\u00fazios Sailing Week 2026: Elite da Vela no RJ\",\"isPartOf\":{\"@id\":\"https:\\\/\\\/angelboss.com.br\\\/en\\\/#website\"},\"primaryImageOfPage\":{\"@id\":\"http:\\\/\\\/angelboss.com.br\\\/en\\\/2026\\\/03\\\/30\\\/energisa-buzios-sailing-week-2026-vela-oceanica-buzios\\\/#primaryimage\"},\"image\":{\"@id\":\"http:\\\/\\\/angelboss.com.br\\\/en\\\/2026\\\/03\\\/30\\\/energisa-buzios-sailing-week-2026-vela-oceanica-buzios\\\/#primaryimage\"},\"thumbnailUrl\":\"https:\\\/\\\/angelboss.com.br\\\/wp-content\\\/uploads\\\/2026\\\/03\\\/3jRmO3YGZ4IWZ6InYu02bj5ycz9mYsV2ZuFGQsV2ZuF2b0Vmb6AzNyQTM1YDO4IjOnVGcq5ydvxWMxEzM5Y2YxMWM3ITYyADOhRGOzEWYhlDOxYGZ0YjZkZkMlYjZkZkMlgzN0gTNGJTJ2IDMx8VL1ETLf9VLwITLfpjM.jpg\",\"datePublished\":\"2026-03-30T18:51:12+00:00\",\"dateModified\":\"2026-03-30T18:51:33+00:00\",\"description\":\"A Energisa B\u00fazios Sailing Week 2026 re\u00fane Torben Grael e a elite da vela brasileira entre 1\u00ba e 5 de abril. Confira a programa\u00e7\u00e3o de regatas e eventos sociais.\",\"breadcrumb\":{\"@id\":\"http:\\\/\\\/angelboss.com.br\\\/en\\\/2026\\\/03\\\/30\\\/energisa-buzios-sailing-week-2026-vela-oceanica-buzios\\\/#breadcrumb\"},\"inLanguage\":\"en-US\",\"potentialAction\":[{\"@type\":\"ReadAction\",\"target\":[\"http:\\\/\\\/angelboss.com.br\\\/en\\\/2026\\\/03\\\/30\\\/energisa-buzios-sailing-week-2026-vela-oceanica-buzios\\\/\"]}]},{\"@type\":\"ImageObject\",\"inLanguage\":\"en-US\",\"@id\":\"http:\\\/\\\/angelboss.com.br\\\/en\\\/2026\\\/03\\\/30\\\/energisa-buzios-sailing-week-2026-vela-oceanica-buzios\\\/#primaryimage\",\"url\":\"https:\\\/\\\/angelboss.com.br\\\/wp-content\\\/uploads\\\/2026\\\/03\\\/3jRmO3YGZ4IWZ6InYu02bj5ycz9mYsV2ZuFGQsV2ZuF2b0Vmb6AzNyQTM1YDO4IjOnVGcq5ydvxWMxEzM5Y2YxMWM3ITYyADOhRGOzEWYhlDOxYGZ0YjZkZkMlYjZkZkMlgzN0gTNGJTJ2IDMx8VL1ETLf9VLwITLfpjM.jpg\",\"contentUrl\":\"https:\\\/\\\/angelboss.com.br\\\/wp-content\\\/uploads\\\/2026\\\/03\\\/3jRmO3YGZ4IWZ6InYu02bj5ycz9mYsV2ZuFGQsV2ZuF2b0Vmb6AzNyQTM1YDO4IjOnVGcq5ydvxWMxEzM5Y2YxMWM3ITYyADOhRGOzEWYhlDOxYGZ0YjZkZkMlYjZkZkMlgzN0gTNGJTJ2IDMx8VL1ETLf9VLwITLfpjM.jpg\",\"width\":602,\"height\":343,\"caption\":\"Imagem\\\/Divulga\u00e7\u00e3o\"},{\"@type\":\"BreadcrumbList\",\"@id\":\"http:\\\/\\\/angelboss.com.br\\\/en\\\/2026\\\/03\\\/30\\\/energisa-buzios-sailing-week-2026-vela-oceanica-buzios\\\/#breadcrumb\",\"itemListElement\":[{\"@type\":\"ListItem\",\"position\":1,\"name\":\"In\u00edcio\",\"item\":\"https:\\\/\\\/angelboss.com.br\\\/en\\\/\"},{\"@type\":\"ListItem\",\"position\":2,\"name\":\"Energisa B\u00fazios Sailing Week 2026 projeta edi\u00e7\u00e3o de alto n\u00edvel com grandes nomes da vela\"}]},{\"@type\":\"WebSite\",\"@id\":\"https:\\\/\\\/angelboss.com.br\\\/en\\\/#website\",\"url\":\"https:\\\/\\\/angelboss.com.br\\\/en\\\/\",\"name\":\"Portal Masculino de Moda, Beleza, Luxo e Business - Angel Boss\",\"description\":\"O Maior Portal sobre Moda, Luxo, Beleza e Business Masculino do Brasil\",\"publisher\":{\"@id\":\"https:\\\/\\\/angelboss.com.br\\\/en\\\/#organization\"},\"alternateName\":\"Maior Portal e Blog de Beleza Masculina e Luxo\",\"potentialAction\":[{\"@type\":\"SearchAction\",\"target\":{\"@type\":\"EntryPoint\",\"urlTemplate\":\"https:\\\/\\\/angelboss.com.br\\\/en\\\/?s={search_term_string}\"},\"query-input\":{\"@type\":\"PropertyValueSpecification\",\"valueRequired\":true,\"valueName\":\"search_term_string\"}}],\"inLanguage\":\"en-US\"},{\"@type\":\"Organization\",\"@id\":\"https:\\\/\\\/angelboss.com.br\\\/en\\\/#organization\",\"name\":\"Portal Masculino de Moda, Beleza, Luxo and Business - Angel Boss\",\"url\":\"https:\\\/\\\/angelboss.com.br\\\/en\\\/\",\"logo\":{\"@type\":\"ImageObject\",\"inLanguage\":\"en-US\",\"@id\":\"https:\\\/\\\/angelboss.com.br\\\/en\\\/#\\\/schema\\\/logo\\\/image\\\/\",\"url\":\"http:\\\/\\\/angelboss.com.br\\\/wp-content\\\/uploads\\\/2025\\\/12\\\/WhatsApp-Image-2025-12-11-at-12.54.26.jpeg\",\"contentUrl\":\"http:\\\/\\\/angelboss.com.br\\\/wp-content\\\/uploads\\\/2025\\\/12\\\/WhatsApp-Image-2025-12-11-at-12.54.26.jpeg\",\"width\":1280,\"height\":1280,\"caption\":\"Portal Masculino de Moda, Beleza, Luxo and Business - Angel Boss\"},\"image\":{\"@id\":\"https:\\\/\\\/angelboss.com.br\\\/en\\\/#\\\/schema\\\/logo\\\/image\\\/\"}},{\"@type\":\"Person\",\"@id\":\"https:\\\/\\\/angelboss.com.br\\\/en\\\/#\\\/schema\\\/person\\\/af084936b46cf2e03f299183e429e350\",\"name\":\"Neto Angel Boss\",\"image\":{\"@type\":\"ImageObject\",\"inLanguage\":\"en-US\",\"@id\":\"https:\\\/\\\/secure.gravatar.com\\\/avatar\\\/dbb38b2050e5181e32afbccf458635967af0767d15abe8168b35ebbd97907289?s=96&d=mm&r=g\",\"url\":\"https:\\\/\\\/secure.gravatar.com\\\/avatar\\\/dbb38b2050e5181e32afbccf458635967af0767d15abe8168b35ebbd97907289?s=96&d=mm&r=g\",\"contentUrl\":\"https:\\\/\\\/secure.gravatar.com\\\/avatar\\\/dbb38b2050e5181e32afbccf458635967af0767d15abe8168b35ebbd97907289?s=96&d=mm&r=g\",\"caption\":\"Neto Angel Boss\"},\"sameAs\":[\"http:\\\/\\\/www.angelboss.com\"],\"url\":\"https:\\\/\\\/angelboss.com.br\\\/en\\\/author\\\/netoangelboss\\\/\"}]}<\/script>\n<!-- \/ Yoast SEO plugin. -->","yoast_head_json":{"title":"Energisa B\u00fazios Sailing Week 2026: Elite da Vela no RJ","description":"A Energisa B\u00fazios Sailing Week 2026 re\u00fane Torben Grael e a elite da vela brasileira entre 1\u00ba e 5 de abril. Confira a programa\u00e7\u00e3o de regatas e eventos sociais.","robots":{"index":"index","follow":"follow","max-snippet":"max-snippet:-1","max-image-preview":"max-image-preview:large","max-video-preview":"max-video-preview:-1"},"canonical":"http:\/\/angelboss.com.br\/en\/2026\/03\/30\/energisa-buzios-sailing-week-2026-vela-oceanica-buzios\/","og_locale":"en_US","og_type":"article","og_title":"Energisa B\u00fazios Sailing Week 2026: Elite da Vela no RJ","og_description":"A Energisa B\u00fazios Sailing Week 2026 re\u00fane Torben Grael e a elite da vela brasileira entre 1\u00ba e 5 de abril. Confira a programa\u00e7\u00e3o de regatas e eventos sociais.","og_url":"http:\/\/angelboss.com.br\/en\/2026\/03\/30\/energisa-buzios-sailing-week-2026-vela-oceanica-buzios\/","og_site_name":"Portal Masculino de Moda, Beleza, Luxo and Business - Angel Boss","article_published_time":"2026-03-30T18:51:12+00:00","article_modified_time":"2026-03-30T18:51:33+00:00","og_image":[{"width":602,"height":343,"url":"http:\/\/angelboss.com.br\/wp-content\/uploads\/2026\/03\/3jRmO3YGZ4IWZ6InYu02bj5ycz9mYsV2ZuFGQsV2ZuF2b0Vmb6AzNyQTM1YDO4IjOnVGcq5ydvxWMxEzM5Y2YxMWM3ITYyADOhRGOzEWYhlDOxYGZ0YjZkZkMlYjZkZkMlgzN0gTNGJTJ2IDMx8VL1ETLf9VLwITLfpjM.jpg","type":"image\/jpeg"}],"author":"Neto Angel Boss","twitter_card":"summary_large_image","twitter_misc":{"Written by":"Neto Angel Boss","Est. reading time":"4 minutes"},"schema":{"@context":"https:\/\/schema.org","@graph":[{"@type":"Article","@id":"http:\/\/angelboss.com.br\/en\/2026\/03\/30\/energisa-buzios-sailing-week-2026-vela-oceanica-buzios\/#article","isPartOf":{"@id":"http:\/\/angelboss.com.br\/en\/2026\/03\/30\/energisa-buzios-sailing-week-2026-vela-oceanica-buzios\/"},"author":{"name":"Neto Angel Boss","@id":"https:\/\/angelboss.com.br\/en\/#\/schema\/person\/af084936b46cf2e03f299183e429e350"},"headline":"Energisa B\u00fazios Sailing Week 2026 projeta edi\u00e7\u00e3o de alto n\u00edvel com grandes nomes da vela","datePublished":"2026-03-30T18:51:12+00:00","dateModified":"2026-03-30T18:51:33+00:00","mainEntityOfPage":{"@id":"http:\/\/angelboss.com.br\/en\/2026\/03\/30\/energisa-buzios-sailing-week-2026-vela-oceanica-buzios\/"},"wordCount":615,"commentCount":0,"publisher":{"@id":"https:\/\/angelboss.com.br\/en\/#organization"},"image":{"@id":"http:\/\/angelboss.com.br\/en\/2026\/03\/30\/energisa-buzios-sailing-week-2026-vela-oceanica-buzios\/#primaryimage"},"thumbnailUrl":"https:\/\/angelboss.com.br\/wp-content\/uploads\/2026\/03\/3jRmO3YGZ4IWZ6InYu02bj5ycz9mYsV2ZuFGQsV2ZuF2b0Vmb6AzNyQTM1YDO4IjOnVGcq5ydvxWMxEzM5Y2YxMWM3ITYyADOhRGOzEWYhlDOxYGZ0YjZkZkMlYjZkZkMlgzN0gTNGJTJ2IDMx8VL1ETLf9VLwITLfpjM.jpg","keywords":["Energisa B\u00fazios","grandes nomes da vela","Sailing Week 2026"],"articleSection":["EA\u00cd, BORA NESSA?","ESPORTES"],"inLanguage":"en-US","potentialAction":[{"@type":"CommentAction","name":"Comment","target":["http:\/\/angelboss.com.br\/en\/2026\/03\/30\/energisa-buzios-sailing-week-2026-vela-oceanica-buzios\/#respond"]}]},{"@type":"WebPage","@id":"http:\/\/angelboss.com.br\/en\/2026\/03\/30\/energisa-buzios-sailing-week-2026-vela-oceanica-buzios\/","url":"http:\/\/angelboss.com.br\/en\/2026\/03\/30\/energisa-buzios-sailing-week-2026-vela-oceanica-buzios\/","name":"Energisa B\u00fazios Sailing Week 2026: Elite da Vela no RJ","isPartOf":{"@id":"https:\/\/angelboss.com.br\/en\/#website"},"primaryImageOfPage":{"@id":"http:\/\/angelboss.com.br\/en\/2026\/03\/30\/energisa-buzios-sailing-week-2026-vela-oceanica-buzios\/#primaryimage"},"image":{"@id":"http:\/\/angelboss.com.br\/en\/2026\/03\/30\/energisa-buzios-sailing-week-2026-vela-oceanica-buzios\/#primaryimage"},"thumbnailUrl":"https:\/\/angelboss.com.br\/wp-content\/uploads\/2026\/03\/3jRmO3YGZ4IWZ6InYu02bj5ycz9mYsV2ZuFGQsV2ZuF2b0Vmb6AzNyQTM1YDO4IjOnVGcq5ydvxWMxEzM5Y2YxMWM3ITYyADOhRGOzEWYhlDOxYGZ0YjZkZkMlYjZkZkMlgzN0gTNGJTJ2IDMx8VL1ETLf9VLwITLfpjM.jpg","datePublished":"2026-03-30T18:51:12+00:00","dateModified":"2026-03-30T18:51:33+00:00","description":"A Energisa B\u00fazios Sailing Week 2026 re\u00fane Torben Grael e a elite da vela brasileira entre 1\u00ba e 5 de abril. Confira a programa\u00e7\u00e3o de regatas e eventos sociais.","breadcrumb":{"@id":"http:\/\/angelboss.com.br\/en\/2026\/03\/30\/energisa-buzios-sailing-week-2026-vela-oceanica-buzios\/#breadcrumb"},"inLanguage":"en-US","potentialAction":[{"@type":"ReadAction","target":["http:\/\/angelboss.com.br\/en\/2026\/03\/30\/energisa-buzios-sailing-week-2026-vela-oceanica-buzios\/"]}]},{"@type":"ImageObject","inLanguage":"en-US","@id":"http:\/\/angelboss.com.br\/en\/2026\/03\/30\/energisa-buzios-sailing-week-2026-vela-oceanica-buzios\/#primaryimage","url":"https:\/\/angelboss.com.br\/wp-content\/uploads\/2026\/03\/3jRmO3YGZ4IWZ6InYu02bj5ycz9mYsV2ZuFGQsV2ZuF2b0Vmb6AzNyQTM1YDO4IjOnVGcq5ydvxWMxEzM5Y2YxMWM3ITYyADOhRGOzEWYhlDOxYGZ0YjZkZkMlYjZkZkMlgzN0gTNGJTJ2IDMx8VL1ETLf9VLwITLfpjM.jpg","contentUrl":"https:\/\/angelboss.com.br\/wp-content\/uploads\/2026\/03\/3jRmO3YGZ4IWZ6InYu02bj5ycz9mYsV2ZuFGQsV2ZuF2b0Vmb6AzNyQTM1YDO4IjOnVGcq5ydvxWMxEzM5Y2YxMWM3ITYyADOhRGOzEWYhlDOxYGZ0YjZkZkMlYjZkZkMlgzN0gTNGJTJ2IDMx8VL1ETLf9VLwITLfpjM.jpg","width":602,"height":343,"caption":"Imagem\/Divulga\u00e7\u00e3o"},{"@type":"BreadcrumbList","@id":"http:\/\/angelboss.com.br\/en\/2026\/03\/30\/energisa-buzios-sailing-week-2026-vela-oceanica-buzios\/#breadcrumb","itemListElement":[{"@type":"ListItem","position":1,"name":"In\u00edcio","item":"https:\/\/angelboss.com.br\/en\/"},{"@type":"ListItem","position":2,"name":"Energisa B\u00fazios Sailing Week 2026 projeta edi\u00e7\u00e3o de alto n\u00edvel com grandes nomes da vela"}]},{"@type":"WebSite","@id":"https:\/\/angelboss.com.br\/en\/#website","url":"https:\/\/angelboss.com.br\/en\/","name":"Portal Masculino de Moda, Beleza, Luxo e Business - Angel Boss","description":"O Maior Portal sobre Moda, Luxo, Beleza e Business Masculino do Brasil","publisher":{"@id":"https:\/\/angelboss.com.br\/en\/#organization"},"alternateName":"Maior Portal e Blog de Beleza Masculina e Luxo","potentialAction":[{"@type":"SearchAction","target":{"@type":"EntryPoint","urlTemplate":"https:\/\/angelboss.com.br\/en\/?s={search_term_string}"},"query-input":{"@type":"PropertyValueSpecification","valueRequired":true,"valueName":"search_term_string"}}],"inLanguage":"en-US"},{"@type":"Organization","@id":"https:\/\/angelboss.com.br\/en\/#organization","name":"Portal Masculino de Moda, Beleza, Luxo and Business - Angel Boss","url":"https:\/\/angelboss.com.br\/en\/","logo":{"@type":"ImageObject","inLanguage":"en-US","@id":"https:\/\/angelboss.com.br\/en\/#\/schema\/logo\/image\/","url":"http:\/\/angelboss.com.br\/wp-content\/uploads\/2025\/12\/WhatsApp-Image-2025-12-11-at-12.54.26.jpeg","contentUrl":"http:\/\/angelboss.com.br\/wp-content\/uploads\/2025\/12\/WhatsApp-Image-2025-12-11-at-12.54.26.jpeg","width":1280,"height":1280,"caption":"Portal Masculino de Moda, Beleza, Luxo and Business - Angel Boss"},"image":{"@id":"https:\/\/angelboss.com.br\/en\/#\/schema\/logo\/image\/"}},{"@type":"Person","@id":"https:\/\/angelboss.com.br\/en\/#\/schema\/person\/af084936b46cf2e03f299183e429e350","name":"Neto Angel Boss","image":{"@type":"ImageObject","inLanguage":"en-US","@id":"https:\/\/secure.gravatar.com\/avatar\/dbb38b2050e5181e32afbccf458635967af0767d15abe8168b35ebbd97907289?s=96&d=mm&r=g","url":"https:\/\/secure.gravatar.com\/avatar\/dbb38b2050e5181e32afbccf458635967af0767d15abe8168b35ebbd97907289?s=96&d=mm&r=g","contentUrl":"https:\/\/secure.gravatar.com\/avatar\/dbb38b2050e5181e32afbccf458635967af0767d15abe8168b35ebbd97907289?s=96&d=mm&r=g","caption":"Neto Angel Boss"},"sameAs":["http:\/\/www.angelboss.com"],"url":"https:\/\/angelboss.com.br\/en\/author\/netoangelboss\/"}]}},"amp_enabled":true,"_links":{"self":[{"href":"https:\/\/angelboss.com.br\/en\/wp-json\/wp\/v2\/posts\/17408","targetHints":{"allow":["GET"]}}],"collection":[{"href":"https:\/\/angelboss.com.br\/en\/wp-json\/wp\/v2\/posts"}],"about":[{"href":"https:\/\/angelboss.com.br\/en\/wp-json\/wp\/v2\/types\/post"}],"author":[{"embeddable":true,"href":"https:\/\/angelboss.com.br\/en\/wp-json\/wp\/v2\/users\/2"}],"replies":[{"embeddable":true,"href":"https:\/\/angelboss.com.br\/en\/wp-json\/wp\/v2\/comments?post=17408"}],"version-history":[{"count":1,"href":"https:\/\/angelboss.com.br\/en\/wp-json\/wp\/v2\/posts\/17408\/revisions"}],"predecessor-version":[{"id":17412,"href":"https:\/\/angelboss.com.br\/en\/wp-json\/wp\/v2\/posts\/17408\/revisions\/17412"}],"wp:featuredmedia":[{"embeddable":true,"href":"https:\/\/angelboss.com.br\/en\/wp-json\/wp\/v2\/media\/17409"}],"wp:attachment":[{"href":"https:\/\/angelboss.com.br\/en\/wp-json\/wp\/v2\/media?parent=17408"}],"wp:term":[{"taxonomy":"category","embeddable":true,"href":"https:\/\/angelboss.com.br\/en\/wp-json\/wp\/v2\/categories?post=17408"},{"taxonomy":"post_tag","embeddable":true,"href":"https:\/\/angelboss.com.br\/en\/wp-json\/wp\/v2\/tags?post=17408"}],"curies":[{"name":"wp","href":"https:\/\/api.w.org\/{rel}","templated":true}]}}