{"id":16833,"date":"2026-03-26T18:10:39","date_gmt":"2026-03-26T18:10:39","guid":{"rendered":"https:\/\/angelboss.com.br\/?p=16833"},"modified":"2026-03-26T18:10:41","modified_gmt":"2026-03-26T18:10:41","slug":"faap-mam-exposicao-formacao-do-artista-mab-faap-2026","status":"publish","type":"post","link":"https:\/\/angelboss.com.br\/en\/2026\/03\/26\/faap-mam-exposicao-formacao-do-artista-mab-faap-2026\/","title":{"rendered":"FAAP e MAM S\u00e3o Paulo apresentam exposi\u00e7\u00e3o em parceria in\u00e9dita\u00a0"},"content":{"rendered":"<p><em>Mostra re\u00fane obras de artistas da cole\u00e7\u00e3o do MAM que estudaram ou lecionaram na FAAP, e prop\u00f5e discutir o percurso formativo em arte como processo em movimento entre escola, ateli\u00ea e museu<\/em><\/p>\n\n\n\n<p>De&nbsp;<strong>26 de mar\u00e7o a 28 de junho de 2026<\/strong>,&nbsp;a&nbsp;<a href=\"https:\/\/online.faap.br\/\" target=\"_blank\" rel=\"noreferrer noopener\"><strong><u>Funda\u00e7\u00e3o Armando Alvares Penteado<\/u><\/strong><\/a>&nbsp;e o&nbsp;<a href=\"https:\/\/mam.org.br\/\" target=\"_blank\" rel=\"noreferrer noopener\"><strong><u>Museu de Arte Moderna de S\u00e3o Paulo<\/u><\/strong><\/a><strong>&nbsp;<\/strong>apresentam a exposi\u00e7\u00e3o&nbsp;<em><strong>FAAP na cole\u00e7\u00e3o do MAM: a forma\u00e7\u00e3o do artista<\/strong><\/em>. Com curadoria de&nbsp;<strong>Cau\u00ea Alves<\/strong>&nbsp;e&nbsp;<strong>Marcos Moraes<\/strong>, a mostra acontece no Sal\u00e3o Cultural do&nbsp;<strong>MAB FAAP &#8211; Museu de Arte Brasileira<\/strong>&nbsp;e re\u00fane cerca de 160 obras do acervo do MAM S\u00e3o Paulo de mais de 80 artistas que passaram pela FAAP como estudantes ou professores, revelando percursos formativos que atravessam gera\u00e7\u00f5es e institui\u00e7\u00f5es.<\/p>\n\n\n\n<p><em>FAAP na cole\u00e7\u00e3o do MAM: a forma\u00e7\u00e3o do artista<\/em>&nbsp;aborda o modo como museu e escola irradiam saberes, acolhem rupturas e acompanham os movimentos da arte brasileira. Mais do que compreender a forma\u00e7\u00e3o como aprendizado t\u00e9cnico e te\u00f3rico, a exposi\u00e7\u00e3o prop\u00f5e pens\u00e1-la como uma travessia permanente, que se reinventa por meio do di\u00e1logo com o mundo contempor\u00e2neo e do contato direto com a arte.<\/p>\n\n\n\n<p>Articulada em tr\u00eas n\u00facleos \u2013 alunos, professores e artistas residentes \u2013 a exposi\u00e7\u00e3o prop\u00f5e um percurso que acompanha seis d\u00e9cadas de exist\u00eancia do curso de artes visuais da FAAP \u2013 mas tamb\u00e9m com artistas que estudaram cinema, publicidade e comunica\u00e7\u00e3o visual na Institui\u00e7\u00e3o. Para os curadores, &#8220;mais do que compreender a forma\u00e7\u00e3o como aprendizado te\u00f3rico, t\u00e9cnico e de linguagens art\u00edsticas, trata-se de estimular o di\u00e1logo com o mundo contempor\u00e2neo e o contato direto com a arte&#8221;.<\/p>\n\n\n\n<p>&#8220;A exposi\u00e7\u00e3o prop\u00f5e uma reflex\u00e3o sobre os v\u00ednculos entre ensino, pr\u00e1tica e reconhecimento institucional na arte brasileira, apontando para o fato de que a forma\u00e7\u00e3o do artista nunca est\u00e1 conclu\u00edda: ela est\u00e1 sempre em expans\u00e3o e se reinventando, tanto na sala de aula, no ateli\u00ea, quanto no museu ou em programas de resid\u00eancia art\u00edstica. Ao realizar este projeto em parceria com a FAAP &#8211; a primeira entre as duas institui\u00e7\u00f5es &#8211; o MAM reafirma seu compromisso hist\u00f3rico com colabora\u00e7\u00f5es institucionais que ampliam o debate p\u00fablico e fazem o acervo circular, ativando novas leituras e contextos&#8221;, diz Cau\u00ea Alves, curador-chefe do MAM S\u00e3o Paulo.<\/p>\n\n\n\n<p>&#8220;O recorte curatorial evidencia como a forma\u00e7\u00e3o do artista se constr\u00f3i de modo cont\u00ednuo e expandido. Cada obra presente na exposi\u00e7\u00e3o testemunha o entrela\u00e7amento entre os percursos individuais dos artistas, o ambiente pedag\u00f3gico da FAAP e o papel do museu como espa\u00e7o de legitima\u00e7\u00e3o, media\u00e7\u00e3o e circula\u00e7\u00e3o. \u00c9 poss\u00edvel reconhecer, no conjunto das obras, o di\u00e1logo entre as diferentes gera\u00e7\u00f5es que passaram pelos cursos vinculados \u00e0 Funda\u00e7\u00e3o e que est\u00e3o presentes tanto na hist\u00f3ria da arte contempor\u00e2nea como na cole\u00e7\u00e3o do Museu. \u00c9 uma excelente oportunidade para vermos tamb\u00e9m os resultados em manter dois programas de resid\u00eancia art\u00edstica, em S\u00e3o Paulo e Paris, voltados para o desenvolvimento de projetos, ativos nos \u00faltimos 30 anos&#8221;, reflete Marcos Moraes, diretor do MAB FAAP, do curso de Artes Visuais e das Resid\u00eancias Art\u00edsticas da FAAP \u2013 S\u00e3o Paulo\/ Paris.<\/p>\n\n\n\n<p>A lista de artistas \u00e9 composta por&nbsp;<strong>Alex Cerveny, Alex Vallauri, Ana Maria Tavares, Anna Mantovani, Andr\u00e9 Komatsu, AVAF, Caetano de Almeida, Caio Reisewitz, Carla Chaim, Carla Zaccagnini, Carmela Gross, Celina Yamauchi, Celso Orsini, Claudio Mubarac, Dora Longo Bahia, Edgar de Souza, Edith Derdyk, Edouard Fraipont, Elisa Bracher, Evandro Carlos Jardim, Fabiano Marques, Fabio Morais, Fabricio Lopez, Felipe Cama, Felipe Cohen, Fl\u00e1via Junqueira, Gilberto Mariotti, Gisele Motta &amp; Leandro Lima, Guilherme Peters, Gustavo Rezende, Herman Tacasey, Hudinilson J\u00fanior, Iran do Esp\u00edrito Santo, Jac Leirner, Jo\u00e3o Loureiro, Jos\u00e9 Leonilson, Jos\u00e9 Moraes, Jos\u00e9 Spaniol, Julio Plaza, Karola Braga, Keila Alaver, Laurita Salles, Leda Catunda, Let\u00edcia Ramos, Leya Mira Brander, Lia Chaia, Lina Kim, Lucas Bambozzi, Lucia Koch, Luiz Solha, Luiz Zerbini, Lydia Okumura, Marcelo Arruda, Marcello Nitsche, Marcelo Cidade, M\u00e1rcia Xavier, Maria Teresa Louro, M\u00e1rio Ishikawa, Mauro Restiffe, Mauro Piva, Marcius Galan, Marina Rheingantz, Marina Saleme, M\u00f4nica Barth, M\u00f4nica Nador, M\u00f4nica Schoenacker, Nelson Leirner, Nicolas Vlavianos, Norberto Nicola, Paulo Pasta, Paz\u00e9, Regina Johas, Regina Silveira, Ricardo Carioba, Rog\u00e9rio Canella, Ros\u00e2ngela Dorazio, Sandra Cinto, Sant\u00eddio Pereira, S\u00e9rgio Romagnolo, Sidney Amaral, Tiago Judas, Thiago Hon\u00f3rio &amp; Thiago Bortolozzo, Ulysses B\u00f4scolo, Vik Muniz&nbsp;<\/strong>e&nbsp;<strong>Wagner Malta Tavares<\/strong>.<\/p>\n\n\n\n<p>Criada em 1947, a FAAP consolidou-se como um espa\u00e7o dedicado \u00e0 forma\u00e7\u00e3o art\u00edstica, \u00e0 pesquisa e \u00e0 reflex\u00e3o cr\u00edtica. J\u00e1 o MAM S\u00e3o Paulo, fundado em 1948, nasceu como um lugar de experimenta\u00e7\u00e3o, aberto \u00e0 arte moderna e contempor\u00e2nea. A aproxima\u00e7\u00e3o entre essas duas hist\u00f3rias encontra eco na atua\u00e7\u00e3o de figuras centrais do cen\u00e1rio cultural brasileiro, como Yolanda Penteado, protagonista do mecenato cultural no pa\u00eds, e seu primo Armando Alvares Penteado, cujo projeto institucional visava fomentar o estudo da arte e profissionalizar o circuito art\u00edstico.<\/p>\n\n\n\n<p>Hoje, com 60 anos de hist\u00f3ria, o curso de artes visuais da institui\u00e7\u00e3o tem, al\u00e9m da forma\u00e7\u00e3o, exposi\u00e7\u00f5es como a Anual de Artes, j\u00e1 em sua 55\u00aa edi\u00e7\u00e3o, que j\u00e1 revelou nomes em in\u00edcio de carreira para o circuito das artes. Os programas de resid\u00eancia art\u00edstica, tanto em S\u00e3o Paulo, como em Paris, t\u00eam 30 anos de exist\u00eancia e j\u00e1 receberam mais de 450 artistas do mundo todo para o desenvolvimento de projetos.<\/p>\n\n\n\n<p>A exposi\u00e7\u00e3o&nbsp;<em>FAAP na cole\u00e7\u00e3o do MAM: a forma\u00e7\u00e3o do artista<\/em>&nbsp;integra o programa MAM em Movimento, iniciativa que leva a cole\u00e7\u00e3o do Museu de Arte Moderna de S\u00e3o Paulo a outras institui\u00e7\u00f5es durante o fechamento tempor\u00e1rio de sua sede para reforma, ampliando di\u00e1logos, expandindo seus territ\u00f3rios de atua\u00e7\u00e3o e reafirmando seu compromisso com a circula\u00e7\u00e3o do acervo e com a constru\u00e7\u00e3o de parcerias institucionais.<\/p>\n\n\n\n<p><\/p>","protected":false},"excerpt":{"rendered":"<p>Mostra re\u00fane obras de artistas da cole\u00e7\u00e3o do MAM que estudaram ou lecionaram na FAAP, e prop\u00f5e discutir o percurso formativo em arte como processo em movimento entre escola, ateli\u00ea e museu De&nbsp;26 de mar\u00e7o a 28 de junho de 2026,&nbsp;a&nbsp;Funda\u00e7\u00e3o Armando Alvares Penteado&nbsp;e o&nbsp;Museu de Arte Moderna de S\u00e3o Paulo&nbsp;apresentam a exposi\u00e7\u00e3o&nbsp;FAAP na cole\u00e7\u00e3o<\/p>","protected":false},"author":2,"featured_media":16835,"comment_status":"open","ping_status":"open","sticky":false,"template":"","format":"standard","meta":{"footnotes":""},"categories":[2402,168],"tags":[2588,2587,2586],"class_list":{"0":"post-16833","1":"post","2":"type-post","3":"status-publish","4":"format-standard","5":"has-post-thumbnail","7":"category-cultura","8":"category-eai-bora-nessa","9":"tag-60-anos-de-artes-visuais","10":"tag-exposicao-inedita","11":"tag-faap-e-mam"},"yoast_head":"<!-- This site is optimized with the Yoast SEO plugin v27.5 - https:\/\/yoast.com\/product\/yoast-seo-wordpress\/ -->\n<title>FAAP e MAM: Exposi\u00e7\u00e3o In\u00e9dita Celebra 60 Anos de Artes Visuais<\/title>\n<meta name=\"description\" content=\"MAM e FAAP apresentam exposi\u00e7\u00e3o com 160 obras de artistas que passaram pela institui\u00e7\u00e3o. Conhe\u00e7a a mostra que discute a forma\u00e7\u00e3o do artista contempor\u00e2neo.\" \/>\n<meta name=\"robots\" content=\"index, follow, max-snippet:-1, max-image-preview:large, max-video-preview:-1\" \/>\n<link rel=\"canonical\" href=\"http:\/\/angelboss.com.br\/en\/2026\/03\/26\/faap-mam-exposicao-formacao-do-artista-mab-faap-2026\/\" \/>\n<meta property=\"og:locale\" content=\"en_US\" \/>\n<meta property=\"og:type\" content=\"article\" \/>\n<meta property=\"og:title\" content=\"FAAP e MAM: Exposi\u00e7\u00e3o In\u00e9dita Celebra 60 Anos de Artes Visuais\" \/>\n<meta property=\"og:description\" content=\"MAM e FAAP apresentam exposi\u00e7\u00e3o com 160 obras de artistas que passaram pela institui\u00e7\u00e3o. Conhe\u00e7a a mostra que discute a forma\u00e7\u00e3o do artista contempor\u00e2neo.\" \/>\n<meta property=\"og:url\" content=\"http:\/\/angelboss.com.br\/en\/2026\/03\/26\/faap-mam-exposicao-formacao-do-artista-mab-faap-2026\/\" \/>\n<meta property=\"og:site_name\" content=\"Portal Masculino de Moda, Beleza, Luxo and Business - Angel Boss\" \/>\n<meta property=\"article:published_time\" content=\"2026-03-26T18:10:39+00:00\" \/>\n<meta property=\"article:modified_time\" content=\"2026-03-26T18:10:41+00:00\" \/>\n<meta property=\"og:image\" content=\"http:\/\/angelboss.com.br\/wp-content\/uploads\/2026\/03\/8MGZ6YmMwATZ1ojci5SbvNmLzN3bixWZn5WYAxWZn5WYvRXZupzM3UTOxAjNxIjM6cmbw5SOllDOiVWN5kDOyYmY5EDM4MWY2ImZyYGZ3Q2YwUWM5YkMlUWM5YkMlMTM5kjMGJTJxUTNxEzN1AjNx8VL1ETLf9VLwITLfpTO-1024x724.png\" \/>\n\t<meta property=\"og:image:width\" content=\"1024\" \/>\n\t<meta property=\"og:image:height\" content=\"724\" \/>\n\t<meta property=\"og:image:type\" content=\"image\/png\" \/>\n<meta name=\"author\" content=\"Neto Angel Boss\" \/>\n<meta name=\"twitter:card\" content=\"summary_large_image\" \/>\n<meta name=\"twitter:label1\" content=\"Written by\" \/>\n\t<meta name=\"twitter:data1\" content=\"Neto Angel Boss\" \/>\n\t<meta name=\"twitter:label2\" content=\"Est. reading time\" \/>\n\t<meta name=\"twitter:data2\" content=\"6 minutes\" \/>\n<script type=\"application\/ld+json\" class=\"yoast-schema-graph\">{\"@context\":\"https:\\\/\\\/schema.org\",\"@graph\":[{\"@type\":\"Article\",\"@id\":\"http:\\\/\\\/angelboss.com.br\\\/2026\\\/03\\\/26\\\/faap-mam-exposicao-formacao-do-artista-mab-faap-2026\\\/#article\",\"isPartOf\":{\"@id\":\"http:\\\/\\\/angelboss.com.br\\\/2026\\\/03\\\/26\\\/faap-mam-exposicao-formacao-do-artista-mab-faap-2026\\\/\"},\"author\":{\"name\":\"Neto Angel Boss\",\"@id\":\"https:\\\/\\\/angelboss.com.br\\\/en\\\/#\\\/schema\\\/person\\\/af084936b46cf2e03f299183e429e350\"},\"headline\":\"FAAP e MAM S\u00e3o Paulo apresentam exposi\u00e7\u00e3o em parceria in\u00e9dita\u00a0\",\"datePublished\":\"2026-03-26T18:10:39+00:00\",\"dateModified\":\"2026-03-26T18:10:41+00:00\",\"mainEntityOfPage\":{\"@id\":\"http:\\\/\\\/angelboss.com.br\\\/2026\\\/03\\\/26\\\/faap-mam-exposicao-formacao-do-artista-mab-faap-2026\\\/\"},\"wordCount\":1057,\"commentCount\":0,\"publisher\":{\"@id\":\"https:\\\/\\\/angelboss.com.br\\\/en\\\/#organization\"},\"image\":{\"@id\":\"http:\\\/\\\/angelboss.com.br\\\/2026\\\/03\\\/26\\\/faap-mam-exposicao-formacao-do-artista-mab-faap-2026\\\/#primaryimage\"},\"thumbnailUrl\":\"https:\\\/\\\/angelboss.com.br\\\/wp-content\\\/uploads\\\/2026\\\/03\\\/8MGZ6YmMwATZ1ojci5SbvNmLzN3bixWZn5WYAxWZn5WYvRXZupzM3UTOxAjNxIjM6cmbw5SOllDOiVWN5kDOyYmY5EDM4MWY2ImZyYGZ3Q2YwUWM5YkMlUWM5YkMlMTM5kjMGJTJxUTNxEzN1AjNx8VL1ETLf9VLwITLfpTO.png\",\"keywords\":[\"60 Anos de Artes Visuais\",\"Exposi\u00e7\u00e3o In\u00e9dita\",\"FAAP e MAM\"],\"articleSection\":[\"Cultura\",\"EA\u00cd, BORA NESSA?\"],\"inLanguage\":\"en-US\",\"potentialAction\":[{\"@type\":\"CommentAction\",\"name\":\"Comment\",\"target\":[\"http:\\\/\\\/angelboss.com.br\\\/2026\\\/03\\\/26\\\/faap-mam-exposicao-formacao-do-artista-mab-faap-2026\\\/#respond\"]}]},{\"@type\":\"WebPage\",\"@id\":\"http:\\\/\\\/angelboss.com.br\\\/2026\\\/03\\\/26\\\/faap-mam-exposicao-formacao-do-artista-mab-faap-2026\\\/\",\"url\":\"http:\\\/\\\/angelboss.com.br\\\/2026\\\/03\\\/26\\\/faap-mam-exposicao-formacao-do-artista-mab-faap-2026\\\/\",\"name\":\"FAAP e MAM: Exposi\u00e7\u00e3o In\u00e9dita Celebra 60 Anos de Artes Visuais\",\"isPartOf\":{\"@id\":\"https:\\\/\\\/angelboss.com.br\\\/en\\\/#website\"},\"primaryImageOfPage\":{\"@id\":\"http:\\\/\\\/angelboss.com.br\\\/2026\\\/03\\\/26\\\/faap-mam-exposicao-formacao-do-artista-mab-faap-2026\\\/#primaryimage\"},\"image\":{\"@id\":\"http:\\\/\\\/angelboss.com.br\\\/2026\\\/03\\\/26\\\/faap-mam-exposicao-formacao-do-artista-mab-faap-2026\\\/#primaryimage\"},\"thumbnailUrl\":\"https:\\\/\\\/angelboss.com.br\\\/wp-content\\\/uploads\\\/2026\\\/03\\\/8MGZ6YmMwATZ1ojci5SbvNmLzN3bixWZn5WYAxWZn5WYvRXZupzM3UTOxAjNxIjM6cmbw5SOllDOiVWN5kDOyYmY5EDM4MWY2ImZyYGZ3Q2YwUWM5YkMlUWM5YkMlMTM5kjMGJTJxUTNxEzN1AjNx8VL1ETLf9VLwITLfpTO.png\",\"datePublished\":\"2026-03-26T18:10:39+00:00\",\"dateModified\":\"2026-03-26T18:10:41+00:00\",\"description\":\"MAM e FAAP apresentam exposi\u00e7\u00e3o com 160 obras de artistas que passaram pela institui\u00e7\u00e3o. Conhe\u00e7a a mostra que discute a forma\u00e7\u00e3o do artista contempor\u00e2neo.\",\"breadcrumb\":{\"@id\":\"http:\\\/\\\/angelboss.com.br\\\/2026\\\/03\\\/26\\\/faap-mam-exposicao-formacao-do-artista-mab-faap-2026\\\/#breadcrumb\"},\"inLanguage\":\"en-US\",\"potentialAction\":[{\"@type\":\"ReadAction\",\"target\":[\"http:\\\/\\\/angelboss.com.br\\\/2026\\\/03\\\/26\\\/faap-mam-exposicao-formacao-do-artista-mab-faap-2026\\\/\"]}]},{\"@type\":\"ImageObject\",\"inLanguage\":\"en-US\",\"@id\":\"http:\\\/\\\/angelboss.com.br\\\/2026\\\/03\\\/26\\\/faap-mam-exposicao-formacao-do-artista-mab-faap-2026\\\/#primaryimage\",\"url\":\"https:\\\/\\\/angelboss.com.br\\\/wp-content\\\/uploads\\\/2026\\\/03\\\/8MGZ6YmMwATZ1ojci5SbvNmLzN3bixWZn5WYAxWZn5WYvRXZupzM3UTOxAjNxIjM6cmbw5SOllDOiVWN5kDOyYmY5EDM4MWY2ImZyYGZ3Q2YwUWM5YkMlUWM5YkMlMTM5kjMGJTJxUTNxEzN1AjNx8VL1ETLf9VLwITLfpTO.png\",\"contentUrl\":\"https:\\\/\\\/angelboss.com.br\\\/wp-content\\\/uploads\\\/2026\\\/03\\\/8MGZ6YmMwATZ1ojci5SbvNmLzN3bixWZn5WYAxWZn5WYvRXZupzM3UTOxAjNxIjM6cmbw5SOllDOiVWN5kDOyYmY5EDM4MWY2ImZyYGZ3Q2YwUWM5YkMlUWM5YkMlMTM5kjMGJTJxUTNxEzN1AjNx8VL1ETLf9VLwITLfpTO.png\",\"width\":1588,\"height\":1122,\"caption\":\"Felipe Cama, Gobbis x Elaine, 2008. Doa\u00e7\u00e3o artista por interm\u00e9dio do Clube de Colecionadores de Fotografia MAM S\u00e3o Paulo, 2009. Cole\u00e7\u00e3o MAM S\u00e3o Paulo. Clique aqui para acessar mais imagens de divulga\u00e7\u00e3o.\"},{\"@type\":\"BreadcrumbList\",\"@id\":\"http:\\\/\\\/angelboss.com.br\\\/2026\\\/03\\\/26\\\/faap-mam-exposicao-formacao-do-artista-mab-faap-2026\\\/#breadcrumb\",\"itemListElement\":[{\"@type\":\"ListItem\",\"position\":1,\"name\":\"In\u00edcio\",\"item\":\"https:\\\/\\\/angelboss.com.br\\\/en\\\/\"},{\"@type\":\"ListItem\",\"position\":2,\"name\":\"FAAP e MAM S\u00e3o Paulo apresentam exposi\u00e7\u00e3o em parceria in\u00e9dita\u00a0\"}]},{\"@type\":\"WebSite\",\"@id\":\"https:\\\/\\\/angelboss.com.br\\\/en\\\/#website\",\"url\":\"https:\\\/\\\/angelboss.com.br\\\/en\\\/\",\"name\":\"Portal Masculino de Moda, Beleza, Luxo e Business - Angel Boss\",\"description\":\"O Maior Portal sobre Moda, Luxo, Beleza e Business Masculino do Brasil\",\"publisher\":{\"@id\":\"https:\\\/\\\/angelboss.com.br\\\/en\\\/#organization\"},\"alternateName\":\"Maior Portal e Blog de Beleza Masculina e Luxo\",\"potentialAction\":[{\"@type\":\"SearchAction\",\"target\":{\"@type\":\"EntryPoint\",\"urlTemplate\":\"https:\\\/\\\/angelboss.com.br\\\/en\\\/?s={search_term_string}\"},\"query-input\":{\"@type\":\"PropertyValueSpecification\",\"valueRequired\":true,\"valueName\":\"search_term_string\"}}],\"inLanguage\":\"en-US\"},{\"@type\":\"Organization\",\"@id\":\"https:\\\/\\\/angelboss.com.br\\\/en\\\/#organization\",\"name\":\"Portal Masculino de Moda, Beleza, Luxo and Business - Angel Boss\",\"url\":\"https:\\\/\\\/angelboss.com.br\\\/en\\\/\",\"logo\":{\"@type\":\"ImageObject\",\"inLanguage\":\"en-US\",\"@id\":\"https:\\\/\\\/angelboss.com.br\\\/en\\\/#\\\/schema\\\/logo\\\/image\\\/\",\"url\":\"http:\\\/\\\/angelboss.com.br\\\/wp-content\\\/uploads\\\/2025\\\/12\\\/WhatsApp-Image-2025-12-11-at-12.54.26.jpeg\",\"contentUrl\":\"http:\\\/\\\/angelboss.com.br\\\/wp-content\\\/uploads\\\/2025\\\/12\\\/WhatsApp-Image-2025-12-11-at-12.54.26.jpeg\",\"width\":1280,\"height\":1280,\"caption\":\"Portal Masculino de Moda, Beleza, Luxo and Business - Angel Boss\"},\"image\":{\"@id\":\"https:\\\/\\\/angelboss.com.br\\\/en\\\/#\\\/schema\\\/logo\\\/image\\\/\"}},{\"@type\":\"Person\",\"@id\":\"https:\\\/\\\/angelboss.com.br\\\/en\\\/#\\\/schema\\\/person\\\/af084936b46cf2e03f299183e429e350\",\"name\":\"Neto Angel Boss\",\"image\":{\"@type\":\"ImageObject\",\"inLanguage\":\"en-US\",\"@id\":\"https:\\\/\\\/secure.gravatar.com\\\/avatar\\\/dbb38b2050e5181e32afbccf458635967af0767d15abe8168b35ebbd97907289?s=96&d=mm&r=g\",\"url\":\"https:\\\/\\\/secure.gravatar.com\\\/avatar\\\/dbb38b2050e5181e32afbccf458635967af0767d15abe8168b35ebbd97907289?s=96&d=mm&r=g\",\"contentUrl\":\"https:\\\/\\\/secure.gravatar.com\\\/avatar\\\/dbb38b2050e5181e32afbccf458635967af0767d15abe8168b35ebbd97907289?s=96&d=mm&r=g\",\"caption\":\"Neto Angel Boss\"},\"sameAs\":[\"http:\\\/\\\/www.angelboss.com\"],\"url\":\"https:\\\/\\\/angelboss.com.br\\\/en\\\/author\\\/netoangelboss\\\/\"}]}<\/script>\n<!-- \/ Yoast SEO plugin. -->","yoast_head_json":{"title":"FAAP e MAM: Exposi\u00e7\u00e3o In\u00e9dita Celebra 60 Anos de Artes Visuais","description":"MAM e FAAP apresentam exposi\u00e7\u00e3o com 160 obras de artistas que passaram pela institui\u00e7\u00e3o. Conhe\u00e7a a mostra que discute a forma\u00e7\u00e3o do artista contempor\u00e2neo.","robots":{"index":"index","follow":"follow","max-snippet":"max-snippet:-1","max-image-preview":"max-image-preview:large","max-video-preview":"max-video-preview:-1"},"canonical":"http:\/\/angelboss.com.br\/en\/2026\/03\/26\/faap-mam-exposicao-formacao-do-artista-mab-faap-2026\/","og_locale":"en_US","og_type":"article","og_title":"FAAP e MAM: Exposi\u00e7\u00e3o In\u00e9dita Celebra 60 Anos de Artes Visuais","og_description":"MAM e FAAP apresentam exposi\u00e7\u00e3o com 160 obras de artistas que passaram pela institui\u00e7\u00e3o. Conhe\u00e7a a mostra que discute a forma\u00e7\u00e3o do artista contempor\u00e2neo.","og_url":"http:\/\/angelboss.com.br\/en\/2026\/03\/26\/faap-mam-exposicao-formacao-do-artista-mab-faap-2026\/","og_site_name":"Portal Masculino de Moda, Beleza, Luxo and Business - Angel Boss","article_published_time":"2026-03-26T18:10:39+00:00","article_modified_time":"2026-03-26T18:10:41+00:00","og_image":[{"width":1024,"height":724,"url":"http:\/\/angelboss.com.br\/wp-content\/uploads\/2026\/03\/8MGZ6YmMwATZ1ojci5SbvNmLzN3bixWZn5WYAxWZn5WYvRXZupzM3UTOxAjNxIjM6cmbw5SOllDOiVWN5kDOyYmY5EDM4MWY2ImZyYGZ3Q2YwUWM5YkMlUWM5YkMlMTM5kjMGJTJxUTNxEzN1AjNx8VL1ETLf9VLwITLfpTO-1024x724.png","type":"image\/png"}],"author":"Neto Angel Boss","twitter_card":"summary_large_image","twitter_misc":{"Written by":"Neto Angel Boss","Est. reading time":"6 minutes"},"schema":{"@context":"https:\/\/schema.org","@graph":[{"@type":"Article","@id":"http:\/\/angelboss.com.br\/2026\/03\/26\/faap-mam-exposicao-formacao-do-artista-mab-faap-2026\/#article","isPartOf":{"@id":"http:\/\/angelboss.com.br\/2026\/03\/26\/faap-mam-exposicao-formacao-do-artista-mab-faap-2026\/"},"author":{"name":"Neto Angel Boss","@id":"https:\/\/angelboss.com.br\/en\/#\/schema\/person\/af084936b46cf2e03f299183e429e350"},"headline":"FAAP e MAM S\u00e3o Paulo apresentam exposi\u00e7\u00e3o em parceria in\u00e9dita\u00a0","datePublished":"2026-03-26T18:10:39+00:00","dateModified":"2026-03-26T18:10:41+00:00","mainEntityOfPage":{"@id":"http:\/\/angelboss.com.br\/2026\/03\/26\/faap-mam-exposicao-formacao-do-artista-mab-faap-2026\/"},"wordCount":1057,"commentCount":0,"publisher":{"@id":"https:\/\/angelboss.com.br\/en\/#organization"},"image":{"@id":"http:\/\/angelboss.com.br\/2026\/03\/26\/faap-mam-exposicao-formacao-do-artista-mab-faap-2026\/#primaryimage"},"thumbnailUrl":"https:\/\/angelboss.com.br\/wp-content\/uploads\/2026\/03\/8MGZ6YmMwATZ1ojci5SbvNmLzN3bixWZn5WYAxWZn5WYvRXZupzM3UTOxAjNxIjM6cmbw5SOllDOiVWN5kDOyYmY5EDM4MWY2ImZyYGZ3Q2YwUWM5YkMlUWM5YkMlMTM5kjMGJTJxUTNxEzN1AjNx8VL1ETLf9VLwITLfpTO.png","keywords":["60 Anos de Artes Visuais","Exposi\u00e7\u00e3o In\u00e9dita","FAAP e MAM"],"articleSection":["Cultura","EA\u00cd, BORA NESSA?"],"inLanguage":"en-US","potentialAction":[{"@type":"CommentAction","name":"Comment","target":["http:\/\/angelboss.com.br\/2026\/03\/26\/faap-mam-exposicao-formacao-do-artista-mab-faap-2026\/#respond"]}]},{"@type":"WebPage","@id":"http:\/\/angelboss.com.br\/2026\/03\/26\/faap-mam-exposicao-formacao-do-artista-mab-faap-2026\/","url":"http:\/\/angelboss.com.br\/2026\/03\/26\/faap-mam-exposicao-formacao-do-artista-mab-faap-2026\/","name":"FAAP e MAM: Exposi\u00e7\u00e3o In\u00e9dita Celebra 60 Anos de Artes Visuais","isPartOf":{"@id":"https:\/\/angelboss.com.br\/en\/#website"},"primaryImageOfPage":{"@id":"http:\/\/angelboss.com.br\/2026\/03\/26\/faap-mam-exposicao-formacao-do-artista-mab-faap-2026\/#primaryimage"},"image":{"@id":"http:\/\/angelboss.com.br\/2026\/03\/26\/faap-mam-exposicao-formacao-do-artista-mab-faap-2026\/#primaryimage"},"thumbnailUrl":"https:\/\/angelboss.com.br\/wp-content\/uploads\/2026\/03\/8MGZ6YmMwATZ1ojci5SbvNmLzN3bixWZn5WYAxWZn5WYvRXZupzM3UTOxAjNxIjM6cmbw5SOllDOiVWN5kDOyYmY5EDM4MWY2ImZyYGZ3Q2YwUWM5YkMlUWM5YkMlMTM5kjMGJTJxUTNxEzN1AjNx8VL1ETLf9VLwITLfpTO.png","datePublished":"2026-03-26T18:10:39+00:00","dateModified":"2026-03-26T18:10:41+00:00","description":"MAM e FAAP apresentam exposi\u00e7\u00e3o com 160 obras de artistas que passaram pela institui\u00e7\u00e3o. Conhe\u00e7a a mostra que discute a forma\u00e7\u00e3o do artista contempor\u00e2neo.","breadcrumb":{"@id":"http:\/\/angelboss.com.br\/2026\/03\/26\/faap-mam-exposicao-formacao-do-artista-mab-faap-2026\/#breadcrumb"},"inLanguage":"en-US","potentialAction":[{"@type":"ReadAction","target":["http:\/\/angelboss.com.br\/2026\/03\/26\/faap-mam-exposicao-formacao-do-artista-mab-faap-2026\/"]}]},{"@type":"ImageObject","inLanguage":"en-US","@id":"http:\/\/angelboss.com.br\/2026\/03\/26\/faap-mam-exposicao-formacao-do-artista-mab-faap-2026\/#primaryimage","url":"https:\/\/angelboss.com.br\/wp-content\/uploads\/2026\/03\/8MGZ6YmMwATZ1ojci5SbvNmLzN3bixWZn5WYAxWZn5WYvRXZupzM3UTOxAjNxIjM6cmbw5SOllDOiVWN5kDOyYmY5EDM4MWY2ImZyYGZ3Q2YwUWM5YkMlUWM5YkMlMTM5kjMGJTJxUTNxEzN1AjNx8VL1ETLf9VLwITLfpTO.png","contentUrl":"https:\/\/angelboss.com.br\/wp-content\/uploads\/2026\/03\/8MGZ6YmMwATZ1ojci5SbvNmLzN3bixWZn5WYAxWZn5WYvRXZupzM3UTOxAjNxIjM6cmbw5SOllDOiVWN5kDOyYmY5EDM4MWY2ImZyYGZ3Q2YwUWM5YkMlUWM5YkMlMTM5kjMGJTJxUTNxEzN1AjNx8VL1ETLf9VLwITLfpTO.png","width":1588,"height":1122,"caption":"Felipe Cama, Gobbis x Elaine, 2008. Doa\u00e7\u00e3o artista por interm\u00e9dio do Clube de Colecionadores de Fotografia MAM S\u00e3o Paulo, 2009. Cole\u00e7\u00e3o MAM S\u00e3o Paulo. Clique aqui para acessar mais imagens de divulga\u00e7\u00e3o."},{"@type":"BreadcrumbList","@id":"http:\/\/angelboss.com.br\/2026\/03\/26\/faap-mam-exposicao-formacao-do-artista-mab-faap-2026\/#breadcrumb","itemListElement":[{"@type":"ListItem","position":1,"name":"In\u00edcio","item":"https:\/\/angelboss.com.br\/en\/"},{"@type":"ListItem","position":2,"name":"FAAP e MAM S\u00e3o Paulo apresentam exposi\u00e7\u00e3o em parceria in\u00e9dita\u00a0"}]},{"@type":"WebSite","@id":"https:\/\/angelboss.com.br\/en\/#website","url":"https:\/\/angelboss.com.br\/en\/","name":"Portal Masculino de Moda, Beleza, Luxo e Business - Angel Boss","description":"O Maior Portal sobre Moda, Luxo, Beleza e Business Masculino do Brasil","publisher":{"@id":"https:\/\/angelboss.com.br\/en\/#organization"},"alternateName":"Maior Portal e Blog de Beleza Masculina e Luxo","potentialAction":[{"@type":"SearchAction","target":{"@type":"EntryPoint","urlTemplate":"https:\/\/angelboss.com.br\/en\/?s={search_term_string}"},"query-input":{"@type":"PropertyValueSpecification","valueRequired":true,"valueName":"search_term_string"}}],"inLanguage":"en-US"},{"@type":"Organization","@id":"https:\/\/angelboss.com.br\/en\/#organization","name":"Portal Masculino de Moda, Beleza, Luxo and Business - Angel Boss","url":"https:\/\/angelboss.com.br\/en\/","logo":{"@type":"ImageObject","inLanguage":"en-US","@id":"https:\/\/angelboss.com.br\/en\/#\/schema\/logo\/image\/","url":"http:\/\/angelboss.com.br\/wp-content\/uploads\/2025\/12\/WhatsApp-Image-2025-12-11-at-12.54.26.jpeg","contentUrl":"http:\/\/angelboss.com.br\/wp-content\/uploads\/2025\/12\/WhatsApp-Image-2025-12-11-at-12.54.26.jpeg","width":1280,"height":1280,"caption":"Portal Masculino de Moda, Beleza, Luxo and Business - Angel Boss"},"image":{"@id":"https:\/\/angelboss.com.br\/en\/#\/schema\/logo\/image\/"}},{"@type":"Person","@id":"https:\/\/angelboss.com.br\/en\/#\/schema\/person\/af084936b46cf2e03f299183e429e350","name":"Neto Angel Boss","image":{"@type":"ImageObject","inLanguage":"en-US","@id":"https:\/\/secure.gravatar.com\/avatar\/dbb38b2050e5181e32afbccf458635967af0767d15abe8168b35ebbd97907289?s=96&d=mm&r=g","url":"https:\/\/secure.gravatar.com\/avatar\/dbb38b2050e5181e32afbccf458635967af0767d15abe8168b35ebbd97907289?s=96&d=mm&r=g","contentUrl":"https:\/\/secure.gravatar.com\/avatar\/dbb38b2050e5181e32afbccf458635967af0767d15abe8168b35ebbd97907289?s=96&d=mm&r=g","caption":"Neto Angel Boss"},"sameAs":["http:\/\/www.angelboss.com"],"url":"https:\/\/angelboss.com.br\/en\/author\/netoangelboss\/"}]}},"amp_enabled":true,"_links":{"self":[{"href":"https:\/\/angelboss.com.br\/en\/wp-json\/wp\/v2\/posts\/16833","targetHints":{"allow":["GET"]}}],"collection":[{"href":"https:\/\/angelboss.com.br\/en\/wp-json\/wp\/v2\/posts"}],"about":[{"href":"https:\/\/angelboss.com.br\/en\/wp-json\/wp\/v2\/types\/post"}],"author":[{"embeddable":true,"href":"https:\/\/angelboss.com.br\/en\/wp-json\/wp\/v2\/users\/2"}],"replies":[{"embeddable":true,"href":"https:\/\/angelboss.com.br\/en\/wp-json\/wp\/v2\/comments?post=16833"}],"version-history":[{"count":1,"href":"https:\/\/angelboss.com.br\/en\/wp-json\/wp\/v2\/posts\/16833\/revisions"}],"predecessor-version":[{"id":16836,"href":"https:\/\/angelboss.com.br\/en\/wp-json\/wp\/v2\/posts\/16833\/revisions\/16836"}],"wp:featuredmedia":[{"embeddable":true,"href":"https:\/\/angelboss.com.br\/en\/wp-json\/wp\/v2\/media\/16835"}],"wp:attachment":[{"href":"https:\/\/angelboss.com.br\/en\/wp-json\/wp\/v2\/media?parent=16833"}],"wp:term":[{"taxonomy":"category","embeddable":true,"href":"https:\/\/angelboss.com.br\/en\/wp-json\/wp\/v2\/categories?post=16833"},{"taxonomy":"post_tag","embeddable":true,"href":"https:\/\/angelboss.com.br\/en\/wp-json\/wp\/v2\/tags?post=16833"}],"curies":[{"name":"wp","href":"https:\/\/api.w.org\/{rel}","templated":true}]}}