{"id":16731,"date":"2026-03-25T20:22:41","date_gmt":"2026-03-25T20:22:41","guid":{"rendered":"https:\/\/angelboss.com.br\/?p=16731"},"modified":"2026-03-25T20:22:43","modified_gmt":"2026-03-25T20:22:43","slug":"adidas-adizero-evo-sl-ritmos-do-brasil-cultura-corrida","status":"publish","type":"post","link":"https:\/\/angelboss.com.br\/en\/2026\/03\/25\/adidas-adizero-evo-sl-ritmos-do-brasil-cultura-corrida\/","title":{"rendered":"ADIDAS CONECTA CORRIDA, M\u00daSICA E CAF\u00c9 EM ATIVA\u00c7\u00d5ES CULTURAIS E CELEBRA O ADIZERO EVO SL NO BRASIL"},"content":{"rendered":"<p><em>Projeto &#8220;Ritmos do Brasil&#8221; transforma passadas de corredores de Recife em m\u00fasica, enquanto caf\u00e9 tempor\u00e1rio em S\u00e3o Paulo vira point dos corredores<\/em><br>Confira imagens em alta&nbsp;<a href=\"https:\/\/drive.google.com\/drive\/folders\/1LlTC9x8gCw-Dic3RlcjUG8-aG4TS6lPV?usp=drive_link\" target=\"_blank\" rel=\"noreferrer noopener\">aqui<\/a>.<\/p>\n\n\n\n<p>\u00a0Para continuar a celebra\u00e7\u00e3o do Adizero EVO SL no Brasil, a adidas apresenta duas ativa\u00e7\u00f5es que conectam corrida, m\u00fasica e cultura urbana para destacar o Adizero EVO SL, modelo que traduz a velocidade da corrida em express\u00e3o de lifestyle. Essa semana, a marca d\u00e1 in\u00edcio ao projeto\u00a0<em><strong>Ritmos do Brasil<\/strong>,<\/em>\u00a0seguido pela abertura da\u00a0<em><strong>Coffee Station<\/strong><\/em><strong>,<\/strong>\u00a0um espa\u00e7o tempor\u00e1rio dedicado \u00e0 cultura da corrida em S\u00e3o Paulo.<\/p>\n\n\n\n<p>A iniciativa de trazer a m\u00fasica para o centro da conversa nasce de um insight comum entre corredores: h\u00e1 um momento em que o corpo entra no piloto autom\u00e1tico, a mente se concentra totalmente e o mundo ao redor vira apenas ru\u00eddo de fundo. O que permanece \u00e9 passada, respira\u00e7\u00e3o e o ritmo &#8212; uma conex\u00e3o que acaba transformando movimento em batida.<\/p>\n\n\n\n<p>O projeto&nbsp;<em>Ritmos do Brasil&nbsp;<\/em>parte da rela\u00e7\u00e3o entre corrida e ritmo. Para capturar essa energia, a adidas se uniu a crew de corrida&nbsp;<strong>Tropa dos Gorillas<\/strong>, do Recife, um coletivo que movimenta milhares de pessoas toda quarta-feira na capital de Pernambuco e se tornou um fen\u00f4meno de corrida de rua no \u00faltimo ano. A partir da cad\u00eancia m\u00e9dia das passadas dos mais de mil corredores que marcaram presen\u00e7a no treino coletivo, foi criado o pulso que deu origem&nbsp;<a href=\"https:\/\/open.spotify.com\/album\/4yVKCyUdhvQBoDCBhC9M86?si=hZrOpreLT0SJOJhWJQo9Nw\" target=\"_blank\" rel=\"noreferrer noopener\">a uma faixa musical in\u00e9dita<\/a>, desenvolvida pelo rapper pernambucano Mago de Tarso.<\/p>\n\n\n\n<p>&#8220;Receber o convite da adidas para participar desse projeto foi uma honra muito grande, me senti realizando um sonho de crian\u00e7a. Eu j\u00e1 estava inserido no universo da corrida de rua, porque \u00e9 um movimento que s\u00f3 tem crescido aqui em Recife, e correr com a Tropa dos Gorillas foi uma experi\u00eancia \u00edmpar. Ap\u00f3s vivenciar esse momento, fazer a m\u00fasica foi o mais simples, pensei em fazer um drill, por ser um ritmo mais acelerado e que tem tudo a ver com movimento, com a corrida. Na letra eu tentei retratar os limites que voc\u00ea precisa superar, seja na corrida, ou na sua vida pessoal&#8221;, comenta o rapper Mago de Tarso.<\/p>\n\n\n\n<p><em>Ritmos do Brasil<\/em>&nbsp;tamb\u00e9m conta com a participa\u00e7\u00e3o da artista visual Raiana Britto, respons\u00e1vel pela obra que traduz visualmente o som e a energia do movimento. O resultado \u00e9 um projeto que une esporte e express\u00e3o art\u00edstica: das passadas ao beat, transformando o ritmo da corrida em m\u00fasica e imagem. A faixa j\u00e1 est\u00e1 dispon\u00edvel nas principais plataformas de streaming, ampliando a narrativa cultural da campanha.<\/p>\n\n\n\n<p>Ainda como desdobramento da campanha, a adidas inaugura no dia 26 de mar\u00e7o a&nbsp;<strong>Coffee Station<\/strong>, uma ativa\u00e7\u00e3o especial em S\u00e3o Paulo que transforma o Cream Caf\u00e9, em Pinheiros, em um ponto de encontro da cultura da corrida. Aberto ao p\u00fablico entre os dias 26 de mar\u00e7o e 5 de abril, o espa\u00e7o foi pensado como um hub para corredores e apaixonados por cultura urbana. A programa\u00e7\u00e3o inclui experi\u00eancias que misturam corrida, arte e m\u00fasica.<\/p>\n\n\n\n<p>A abertura, exclusiva para convidados, contar\u00e1 com a apresenta\u00e7\u00e3o ao vivo da faixa criada no projeto&nbsp;<em>Ritmos do Brasil<\/em>&nbsp;em um pocket show de Mago de Tarso, al\u00e9m de exposi\u00e7\u00e3o de obras da artista Raiana Britto e experi\u00eancias de customiza\u00e7\u00e3o inspiradas no universo da corrida. Durante o per\u00edodo da ativa\u00e7\u00e3o, o Caf\u00e9 tamb\u00e9m receber\u00e1 encontros de crews de corrida, DJs e experi\u00eancias culturais voltadas \u00e0 comunidade. A partir do dia 27 de mar\u00e7o a entrada ser\u00e1 gratuita e aberta ao p\u00fablico.<\/p>\n\n\n\n<p>&#8220;Enxergamos a velocidade n\u00e3o apenas como performance, mas como movimento e forma de express\u00e3o que pulsa nas ruas e na cultura. O Adizero EVO SL \u00e9 a conex\u00e3o perfeita entre esses mundos: um produto que nasceu na corrida e, de maneira muito natural, se integrou ao universo cultural, traduzindo a energia da cidade. Tanto o projeto&nbsp;<em>Ritmos do Brasil<\/em>&nbsp;quanto o&nbsp;<em>Coffee Station<\/em>&nbsp;celebram mais um cap\u00edtulo da hist\u00f3ria do EVO SL, um t\u00eanis que j\u00e1 se tornou \u00edcone, tanto para corredores quanto para quem faz da correria seu estilo de vida&#8221;, afirma B\u00e1rbara Ikari, gerente s\u00eanior de marketing da adidas Brasil<\/p>\n\n\n\n<p>Com essas iniciativas, a adidas refor\u00e7a o posicionamento do Adizero EVO SL como um t\u00eanis que reflete uma nova gera\u00e7\u00e3o de corredores que vivem a velocidade n\u00e3o apenas no esporte, mas tamb\u00e9m na cultura.<\/p>\n\n\n\n<p>Dispon\u00edvel em branco, com detalhes em preto; em preto, com detalhes em branco, al\u00e9m de outras op\u00e7\u00f5es, o Adizero EVO SL j\u00e1 pode ser encontrado no&nbsp;<a href=\"https:\/\/www.adidas.com.br\/tenis-adizero-evo-sl\/JH6208.html\" target=\"_blank\" rel=\"noreferrer noopener\">site oficial<\/a>&nbsp;da adidas e em lojas selecionadas.<\/p>","protected":false},"excerpt":{"rendered":"<p>Projeto &#8220;Ritmos do Brasil&#8221; transforma passadas de corredores de Recife em m\u00fasica, enquanto caf\u00e9 tempor\u00e1rio em S\u00e3o Paulo vira point dos corredoresConfira imagens em alta&nbsp;aqui. \u00a0Para continuar a celebra\u00e7\u00e3o do Adizero EVO SL no Brasil, a adidas apresenta duas ativa\u00e7\u00f5es que conectam corrida, m\u00fasica e cultura urbana para destacar o Adizero EVO SL, modelo que<\/p>","protected":false},"author":2,"featured_media":16733,"comment_status":"open","ping_status":"open","sticky":false,"template":"","format":"standard","meta":{"footnotes":""},"categories":[168,154],"tags":[1659,2564,2565],"class_list":{"0":"post-16731","1":"post","2":"type-post","3":"status-publish","4":"format-standard","5":"has-post-thumbnail","7":"category-eai-bora-nessa","8":"category-esportes","9":"tag-adidas","10":"tag-adizero-evo-sl","11":"tag-ritmos-do-brasil"},"yoast_head":"<!-- This site is optimized with the Yoast SEO plugin v27.4 - https:\/\/yoast.com\/product\/yoast-seo-wordpress\/ -->\n<title>adidas Une M\u00fasica, Caf\u00e9 e Corrida no Lan\u00e7amento do Adizero<\/title>\n<meta name=\"description\" content=\"Conhe\u00e7a as ativa\u00e7\u00f5es da adidas para o Adizero EVO SL: o projeto Ritmos do Brasil e a Coffee Station em SP, conectando a cultura.\" \/>\n<meta name=\"robots\" content=\"index, follow, max-snippet:-1, max-image-preview:large, max-video-preview:-1\" \/>\n<link rel=\"canonical\" href=\"http:\/\/angelboss.com.br\/en\/2026\/03\/25\/adidas-adizero-evo-sl-ritmos-do-brasil-cultura-corrida\/\" \/>\n<meta property=\"og:locale\" content=\"en_US\" \/>\n<meta property=\"og:type\" content=\"article\" \/>\n<meta property=\"og:title\" content=\"adidas Une M\u00fasica, Caf\u00e9 e Corrida no Lan\u00e7amento do Adizero\" \/>\n<meta property=\"og:description\" content=\"Conhe\u00e7a as ativa\u00e7\u00f5es da adidas para o Adizero EVO SL: o projeto Ritmos do Brasil e a Coffee Station em SP, conectando a cultura.\" \/>\n<meta property=\"og:url\" content=\"http:\/\/angelboss.com.br\/en\/2026\/03\/25\/adidas-adizero-evo-sl-ritmos-do-brasil-cultura-corrida\/\" \/>\n<meta property=\"og:site_name\" content=\"Portal Masculino de Moda, Beleza, Luxo and Business - Angel Boss\" \/>\n<meta property=\"article:published_time\" content=\"2026-03-25T20:22:41+00:00\" \/>\n<meta property=\"article:modified_time\" content=\"2026-03-25T20:22:43+00:00\" \/>\n<meta property=\"og:image\" content=\"http:\/\/angelboss.com.br\/wp-content\/uploads\/2026\/03\/1wYkpzYzIDZ3gjOyJmLt92YuM3cvJGbldmbhBEbldmbh9Gdl5mOyQzN3ITO1czNxozZlBnauc3bshjZjVmZzY2NkFTYzMDMwEGZ0QTNklTZwITM3YDZlFTZGJTJlFTZGJTJ2AzM3IjRyUSMzEDNx8VL1ETLf9VLwITLfpTN.jpg\" \/>\n\t<meta property=\"og:image:width\" content=\"458\" \/>\n\t<meta property=\"og:image:height\" content=\"572\" \/>\n\t<meta property=\"og:image:type\" content=\"image\/jpeg\" \/>\n<meta name=\"author\" content=\"Neto Angel Boss\" \/>\n<meta name=\"twitter:card\" content=\"summary_large_image\" \/>\n<meta name=\"twitter:label1\" content=\"Written by\" \/>\n\t<meta name=\"twitter:data1\" content=\"Neto Angel Boss\" \/>\n\t<meta name=\"twitter:label2\" content=\"Est. reading time\" \/>\n\t<meta name=\"twitter:data2\" content=\"5 minutes\" \/>\n<script type=\"application\/ld+json\" class=\"yoast-schema-graph\">{\"@context\":\"https:\\\/\\\/schema.org\",\"@graph\":[{\"@type\":\"Article\",\"@id\":\"http:\\\/\\\/angelboss.com.br\\\/2026\\\/03\\\/25\\\/adidas-adizero-evo-sl-ritmos-do-brasil-cultura-corrida\\\/#article\",\"isPartOf\":{\"@id\":\"http:\\\/\\\/angelboss.com.br\\\/2026\\\/03\\\/25\\\/adidas-adizero-evo-sl-ritmos-do-brasil-cultura-corrida\\\/\"},\"author\":{\"name\":\"Neto Angel Boss\",\"@id\":\"http:\\\/\\\/angelboss.com.br\\\/#\\\/schema\\\/person\\\/af084936b46cf2e03f299183e429e350\"},\"headline\":\"ADIDAS CONECTA CORRIDA, M\u00daSICA E CAF\u00c9 EM ATIVA\u00c7\u00d5ES CULTURAIS E CELEBRA O ADIZERO EVO SL NO BRASIL\",\"datePublished\":\"2026-03-25T20:22:41+00:00\",\"dateModified\":\"2026-03-25T20:22:43+00:00\",\"mainEntityOfPage\":{\"@id\":\"http:\\\/\\\/angelboss.com.br\\\/2026\\\/03\\\/25\\\/adidas-adizero-evo-sl-ritmos-do-brasil-cultura-corrida\\\/\"},\"wordCount\":843,\"commentCount\":0,\"publisher\":{\"@id\":\"http:\\\/\\\/angelboss.com.br\\\/#organization\"},\"image\":{\"@id\":\"http:\\\/\\\/angelboss.com.br\\\/2026\\\/03\\\/25\\\/adidas-adizero-evo-sl-ritmos-do-brasil-cultura-corrida\\\/#primaryimage\"},\"thumbnailUrl\":\"https:\\\/\\\/angelboss.com.br\\\/wp-content\\\/uploads\\\/2026\\\/03\\\/1wYkpzYzIDZ3gjOyJmLt92YuM3cvJGbldmbhBEbldmbh9Gdl5mOyQzN3ITO1czNxozZlBnauc3bshjZjVmZzY2NkFTYzMDMwEGZ0QTNklTZwITM3YDZlFTZGJTJlFTZGJTJ2AzM3IjRyUSMzEDNx8VL1ETLf9VLwITLfpTN.jpg\",\"keywords\":[\"Adidas\",\"Adizero EVO SL\",\"Ritmos do Brasil\"],\"articleSection\":[\"EA\u00cd, BORA NESSA?\",\"ESPORTES\"],\"inLanguage\":\"en-US\",\"potentialAction\":[{\"@type\":\"CommentAction\",\"name\":\"Comment\",\"target\":[\"http:\\\/\\\/angelboss.com.br\\\/2026\\\/03\\\/25\\\/adidas-adizero-evo-sl-ritmos-do-brasil-cultura-corrida\\\/#respond\"]}]},{\"@type\":\"WebPage\",\"@id\":\"http:\\\/\\\/angelboss.com.br\\\/2026\\\/03\\\/25\\\/adidas-adizero-evo-sl-ritmos-do-brasil-cultura-corrida\\\/\",\"url\":\"http:\\\/\\\/angelboss.com.br\\\/2026\\\/03\\\/25\\\/adidas-adizero-evo-sl-ritmos-do-brasil-cultura-corrida\\\/\",\"name\":\"adidas Une M\u00fasica, Caf\u00e9 e Corrida no Lan\u00e7amento do Adizero\",\"isPartOf\":{\"@id\":\"http:\\\/\\\/angelboss.com.br\\\/#website\"},\"primaryImageOfPage\":{\"@id\":\"http:\\\/\\\/angelboss.com.br\\\/2026\\\/03\\\/25\\\/adidas-adizero-evo-sl-ritmos-do-brasil-cultura-corrida\\\/#primaryimage\"},\"image\":{\"@id\":\"http:\\\/\\\/angelboss.com.br\\\/2026\\\/03\\\/25\\\/adidas-adizero-evo-sl-ritmos-do-brasil-cultura-corrida\\\/#primaryimage\"},\"thumbnailUrl\":\"https:\\\/\\\/angelboss.com.br\\\/wp-content\\\/uploads\\\/2026\\\/03\\\/1wYkpzYzIDZ3gjOyJmLt92YuM3cvJGbldmbhBEbldmbh9Gdl5mOyQzN3ITO1czNxozZlBnauc3bshjZjVmZzY2NkFTYzMDMwEGZ0QTNklTZwITM3YDZlFTZGJTJlFTZGJTJ2AzM3IjRyUSMzEDNx8VL1ETLf9VLwITLfpTN.jpg\",\"datePublished\":\"2026-03-25T20:22:41+00:00\",\"dateModified\":\"2026-03-25T20:22:43+00:00\",\"description\":\"Conhe\u00e7a as ativa\u00e7\u00f5es da adidas para o Adizero EVO SL: o projeto Ritmos do Brasil e a Coffee Station em SP, conectando a cultura.\",\"breadcrumb\":{\"@id\":\"http:\\\/\\\/angelboss.com.br\\\/2026\\\/03\\\/25\\\/adidas-adizero-evo-sl-ritmos-do-brasil-cultura-corrida\\\/#breadcrumb\"},\"inLanguage\":\"en-US\",\"potentialAction\":[{\"@type\":\"ReadAction\",\"target\":[\"http:\\\/\\\/angelboss.com.br\\\/2026\\\/03\\\/25\\\/adidas-adizero-evo-sl-ritmos-do-brasil-cultura-corrida\\\/\"]}]},{\"@type\":\"ImageObject\",\"inLanguage\":\"en-US\",\"@id\":\"http:\\\/\\\/angelboss.com.br\\\/2026\\\/03\\\/25\\\/adidas-adizero-evo-sl-ritmos-do-brasil-cultura-corrida\\\/#primaryimage\",\"url\":\"https:\\\/\\\/angelboss.com.br\\\/wp-content\\\/uploads\\\/2026\\\/03\\\/1wYkpzYzIDZ3gjOyJmLt92YuM3cvJGbldmbhBEbldmbh9Gdl5mOyQzN3ITO1czNxozZlBnauc3bshjZjVmZzY2NkFTYzMDMwEGZ0QTNklTZwITM3YDZlFTZGJTJlFTZGJTJ2AzM3IjRyUSMzEDNx8VL1ETLf9VLwITLfpTN.jpg\",\"contentUrl\":\"https:\\\/\\\/angelboss.com.br\\\/wp-content\\\/uploads\\\/2026\\\/03\\\/1wYkpzYzIDZ3gjOyJmLt92YuM3cvJGbldmbhBEbldmbh9Gdl5mOyQzN3ITO1czNxozZlBnauc3bshjZjVmZzY2NkFTYzMDMwEGZ0QTNklTZwITM3YDZlFTZGJTJlFTZGJTJ2AzM3IjRyUSMzEDNx8VL1ETLf9VLwITLfpTN.jpg\",\"width\":458,\"height\":572,\"caption\":\"Imagem\\\/Divulga\u00e7\u00e3o\"},{\"@type\":\"BreadcrumbList\",\"@id\":\"http:\\\/\\\/angelboss.com.br\\\/2026\\\/03\\\/25\\\/adidas-adizero-evo-sl-ritmos-do-brasil-cultura-corrida\\\/#breadcrumb\",\"itemListElement\":[{\"@type\":\"ListItem\",\"position\":1,\"name\":\"In\u00edcio\",\"item\":\"http:\\\/\\\/angelboss.com.br\\\/\"},{\"@type\":\"ListItem\",\"position\":2,\"name\":\"ADIDAS CONECTA CORRIDA, M\u00daSICA E CAF\u00c9 EM ATIVA\u00c7\u00d5ES CULTURAIS E CELEBRA O ADIZERO EVO SL NO BRASIL\"}]},{\"@type\":\"WebSite\",\"@id\":\"http:\\\/\\\/angelboss.com.br\\\/#website\",\"url\":\"http:\\\/\\\/angelboss.com.br\\\/\",\"name\":\"Portal Masculino de Moda, Beleza, Luxo e Business - Angel Boss\",\"description\":\"O Maior Portal sobre Moda, Luxo, Beleza e Business Masculino do Brasil\",\"publisher\":{\"@id\":\"http:\\\/\\\/angelboss.com.br\\\/#organization\"},\"alternateName\":\"Maior Portal e Blog de Beleza Masculina e Luxo\",\"potentialAction\":[{\"@type\":\"SearchAction\",\"target\":{\"@type\":\"EntryPoint\",\"urlTemplate\":\"http:\\\/\\\/angelboss.com.br\\\/?s={search_term_string}\"},\"query-input\":{\"@type\":\"PropertyValueSpecification\",\"valueRequired\":true,\"valueName\":\"search_term_string\"}}],\"inLanguage\":\"en-US\"},{\"@type\":\"Organization\",\"@id\":\"http:\\\/\\\/angelboss.com.br\\\/#organization\",\"name\":\"Portal Masculino de Moda, Beleza, Luxo and Business - Angel Boss\",\"url\":\"http:\\\/\\\/angelboss.com.br\\\/\",\"logo\":{\"@type\":\"ImageObject\",\"inLanguage\":\"en-US\",\"@id\":\"http:\\\/\\\/angelboss.com.br\\\/#\\\/schema\\\/logo\\\/image\\\/\",\"url\":\"http:\\\/\\\/angelboss.com.br\\\/wp-content\\\/uploads\\\/2025\\\/12\\\/WhatsApp-Image-2025-12-11-at-12.54.26.jpeg\",\"contentUrl\":\"http:\\\/\\\/angelboss.com.br\\\/wp-content\\\/uploads\\\/2025\\\/12\\\/WhatsApp-Image-2025-12-11-at-12.54.26.jpeg\",\"width\":1280,\"height\":1280,\"caption\":\"Portal Masculino de Moda, Beleza, Luxo and Business - Angel Boss\"},\"image\":{\"@id\":\"http:\\\/\\\/angelboss.com.br\\\/#\\\/schema\\\/logo\\\/image\\\/\"}},{\"@type\":\"Person\",\"@id\":\"http:\\\/\\\/angelboss.com.br\\\/#\\\/schema\\\/person\\\/af084936b46cf2e03f299183e429e350\",\"name\":\"Neto Angel Boss\",\"image\":{\"@type\":\"ImageObject\",\"inLanguage\":\"en-US\",\"@id\":\"https:\\\/\\\/secure.gravatar.com\\\/avatar\\\/dbb38b2050e5181e32afbccf458635967af0767d15abe8168b35ebbd97907289?s=96&d=mm&r=g\",\"url\":\"https:\\\/\\\/secure.gravatar.com\\\/avatar\\\/dbb38b2050e5181e32afbccf458635967af0767d15abe8168b35ebbd97907289?s=96&d=mm&r=g\",\"contentUrl\":\"https:\\\/\\\/secure.gravatar.com\\\/avatar\\\/dbb38b2050e5181e32afbccf458635967af0767d15abe8168b35ebbd97907289?s=96&d=mm&r=g\",\"caption\":\"Neto Angel Boss\"},\"sameAs\":[\"http:\\\/\\\/www.angelboss.com\"],\"url\":\"https:\\\/\\\/angelboss.com.br\\\/en\\\/author\\\/netoangelboss\\\/\"}]}<\/script>\n<!-- \/ Yoast SEO plugin. -->","yoast_head_json":{"title":"adidas Une M\u00fasica, Caf\u00e9 e Corrida no Lan\u00e7amento do Adizero","description":"Conhe\u00e7a as ativa\u00e7\u00f5es da adidas para o Adizero EVO SL: o projeto Ritmos do Brasil e a Coffee Station em SP, conectando a cultura.","robots":{"index":"index","follow":"follow","max-snippet":"max-snippet:-1","max-image-preview":"max-image-preview:large","max-video-preview":"max-video-preview:-1"},"canonical":"http:\/\/angelboss.com.br\/en\/2026\/03\/25\/adidas-adizero-evo-sl-ritmos-do-brasil-cultura-corrida\/","og_locale":"en_US","og_type":"article","og_title":"adidas Une M\u00fasica, Caf\u00e9 e Corrida no Lan\u00e7amento do Adizero","og_description":"Conhe\u00e7a as ativa\u00e7\u00f5es da adidas para o Adizero EVO SL: o projeto Ritmos do Brasil e a Coffee Station em SP, conectando a cultura.","og_url":"http:\/\/angelboss.com.br\/en\/2026\/03\/25\/adidas-adizero-evo-sl-ritmos-do-brasil-cultura-corrida\/","og_site_name":"Portal Masculino de Moda, Beleza, Luxo and Business - Angel Boss","article_published_time":"2026-03-25T20:22:41+00:00","article_modified_time":"2026-03-25T20:22:43+00:00","og_image":[{"width":458,"height":572,"url":"http:\/\/angelboss.com.br\/wp-content\/uploads\/2026\/03\/1wYkpzYzIDZ3gjOyJmLt92YuM3cvJGbldmbhBEbldmbh9Gdl5mOyQzN3ITO1czNxozZlBnauc3bshjZjVmZzY2NkFTYzMDMwEGZ0QTNklTZwITM3YDZlFTZGJTJlFTZGJTJ2AzM3IjRyUSMzEDNx8VL1ETLf9VLwITLfpTN.jpg","type":"image\/jpeg"}],"author":"Neto Angel Boss","twitter_card":"summary_large_image","twitter_misc":{"Written by":"Neto Angel Boss","Est. reading time":"5 minutes"},"schema":{"@context":"https:\/\/schema.org","@graph":[{"@type":"Article","@id":"http:\/\/angelboss.com.br\/2026\/03\/25\/adidas-adizero-evo-sl-ritmos-do-brasil-cultura-corrida\/#article","isPartOf":{"@id":"http:\/\/angelboss.com.br\/2026\/03\/25\/adidas-adizero-evo-sl-ritmos-do-brasil-cultura-corrida\/"},"author":{"name":"Neto Angel Boss","@id":"http:\/\/angelboss.com.br\/#\/schema\/person\/af084936b46cf2e03f299183e429e350"},"headline":"ADIDAS CONECTA CORRIDA, M\u00daSICA E CAF\u00c9 EM ATIVA\u00c7\u00d5ES CULTURAIS E CELEBRA O ADIZERO EVO SL NO BRASIL","datePublished":"2026-03-25T20:22:41+00:00","dateModified":"2026-03-25T20:22:43+00:00","mainEntityOfPage":{"@id":"http:\/\/angelboss.com.br\/2026\/03\/25\/adidas-adizero-evo-sl-ritmos-do-brasil-cultura-corrida\/"},"wordCount":843,"commentCount":0,"publisher":{"@id":"http:\/\/angelboss.com.br\/#organization"},"image":{"@id":"http:\/\/angelboss.com.br\/2026\/03\/25\/adidas-adizero-evo-sl-ritmos-do-brasil-cultura-corrida\/#primaryimage"},"thumbnailUrl":"https:\/\/angelboss.com.br\/wp-content\/uploads\/2026\/03\/1wYkpzYzIDZ3gjOyJmLt92YuM3cvJGbldmbhBEbldmbh9Gdl5mOyQzN3ITO1czNxozZlBnauc3bshjZjVmZzY2NkFTYzMDMwEGZ0QTNklTZwITM3YDZlFTZGJTJlFTZGJTJ2AzM3IjRyUSMzEDNx8VL1ETLf9VLwITLfpTN.jpg","keywords":["Adidas","Adizero EVO SL","Ritmos do Brasil"],"articleSection":["EA\u00cd, BORA NESSA?","ESPORTES"],"inLanguage":"en-US","potentialAction":[{"@type":"CommentAction","name":"Comment","target":["http:\/\/angelboss.com.br\/2026\/03\/25\/adidas-adizero-evo-sl-ritmos-do-brasil-cultura-corrida\/#respond"]}]},{"@type":"WebPage","@id":"http:\/\/angelboss.com.br\/2026\/03\/25\/adidas-adizero-evo-sl-ritmos-do-brasil-cultura-corrida\/","url":"http:\/\/angelboss.com.br\/2026\/03\/25\/adidas-adizero-evo-sl-ritmos-do-brasil-cultura-corrida\/","name":"adidas Une M\u00fasica, Caf\u00e9 e Corrida no Lan\u00e7amento do Adizero","isPartOf":{"@id":"http:\/\/angelboss.com.br\/#website"},"primaryImageOfPage":{"@id":"http:\/\/angelboss.com.br\/2026\/03\/25\/adidas-adizero-evo-sl-ritmos-do-brasil-cultura-corrida\/#primaryimage"},"image":{"@id":"http:\/\/angelboss.com.br\/2026\/03\/25\/adidas-adizero-evo-sl-ritmos-do-brasil-cultura-corrida\/#primaryimage"},"thumbnailUrl":"https:\/\/angelboss.com.br\/wp-content\/uploads\/2026\/03\/1wYkpzYzIDZ3gjOyJmLt92YuM3cvJGbldmbhBEbldmbh9Gdl5mOyQzN3ITO1czNxozZlBnauc3bshjZjVmZzY2NkFTYzMDMwEGZ0QTNklTZwITM3YDZlFTZGJTJlFTZGJTJ2AzM3IjRyUSMzEDNx8VL1ETLf9VLwITLfpTN.jpg","datePublished":"2026-03-25T20:22:41+00:00","dateModified":"2026-03-25T20:22:43+00:00","description":"Conhe\u00e7a as ativa\u00e7\u00f5es da adidas para o Adizero EVO SL: o projeto Ritmos do Brasil e a Coffee Station em SP, conectando a cultura.","breadcrumb":{"@id":"http:\/\/angelboss.com.br\/2026\/03\/25\/adidas-adizero-evo-sl-ritmos-do-brasil-cultura-corrida\/#breadcrumb"},"inLanguage":"en-US","potentialAction":[{"@type":"ReadAction","target":["http:\/\/angelboss.com.br\/2026\/03\/25\/adidas-adizero-evo-sl-ritmos-do-brasil-cultura-corrida\/"]}]},{"@type":"ImageObject","inLanguage":"en-US","@id":"http:\/\/angelboss.com.br\/2026\/03\/25\/adidas-adizero-evo-sl-ritmos-do-brasil-cultura-corrida\/#primaryimage","url":"https:\/\/angelboss.com.br\/wp-content\/uploads\/2026\/03\/1wYkpzYzIDZ3gjOyJmLt92YuM3cvJGbldmbhBEbldmbh9Gdl5mOyQzN3ITO1czNxozZlBnauc3bshjZjVmZzY2NkFTYzMDMwEGZ0QTNklTZwITM3YDZlFTZGJTJlFTZGJTJ2AzM3IjRyUSMzEDNx8VL1ETLf9VLwITLfpTN.jpg","contentUrl":"https:\/\/angelboss.com.br\/wp-content\/uploads\/2026\/03\/1wYkpzYzIDZ3gjOyJmLt92YuM3cvJGbldmbhBEbldmbh9Gdl5mOyQzN3ITO1czNxozZlBnauc3bshjZjVmZzY2NkFTYzMDMwEGZ0QTNklTZwITM3YDZlFTZGJTJlFTZGJTJ2AzM3IjRyUSMzEDNx8VL1ETLf9VLwITLfpTN.jpg","width":458,"height":572,"caption":"Imagem\/Divulga\u00e7\u00e3o"},{"@type":"BreadcrumbList","@id":"http:\/\/angelboss.com.br\/2026\/03\/25\/adidas-adizero-evo-sl-ritmos-do-brasil-cultura-corrida\/#breadcrumb","itemListElement":[{"@type":"ListItem","position":1,"name":"In\u00edcio","item":"http:\/\/angelboss.com.br\/"},{"@type":"ListItem","position":2,"name":"ADIDAS CONECTA CORRIDA, M\u00daSICA E CAF\u00c9 EM ATIVA\u00c7\u00d5ES CULTURAIS E CELEBRA O ADIZERO EVO SL NO BRASIL"}]},{"@type":"WebSite","@id":"http:\/\/angelboss.com.br\/#website","url":"http:\/\/angelboss.com.br\/","name":"Portal Masculino de Moda, Beleza, Luxo e Business - Angel Boss","description":"O Maior Portal sobre Moda, Luxo, Beleza e Business Masculino do Brasil","publisher":{"@id":"http:\/\/angelboss.com.br\/#organization"},"alternateName":"Maior Portal e Blog de Beleza Masculina e Luxo","potentialAction":[{"@type":"SearchAction","target":{"@type":"EntryPoint","urlTemplate":"http:\/\/angelboss.com.br\/?s={search_term_string}"},"query-input":{"@type":"PropertyValueSpecification","valueRequired":true,"valueName":"search_term_string"}}],"inLanguage":"en-US"},{"@type":"Organization","@id":"http:\/\/angelboss.com.br\/#organization","name":"Portal Masculino de Moda, Beleza, Luxo and Business - Angel Boss","url":"http:\/\/angelboss.com.br\/","logo":{"@type":"ImageObject","inLanguage":"en-US","@id":"http:\/\/angelboss.com.br\/#\/schema\/logo\/image\/","url":"http:\/\/angelboss.com.br\/wp-content\/uploads\/2025\/12\/WhatsApp-Image-2025-12-11-at-12.54.26.jpeg","contentUrl":"http:\/\/angelboss.com.br\/wp-content\/uploads\/2025\/12\/WhatsApp-Image-2025-12-11-at-12.54.26.jpeg","width":1280,"height":1280,"caption":"Portal Masculino de Moda, Beleza, Luxo and Business - Angel Boss"},"image":{"@id":"http:\/\/angelboss.com.br\/#\/schema\/logo\/image\/"}},{"@type":"Person","@id":"http:\/\/angelboss.com.br\/#\/schema\/person\/af084936b46cf2e03f299183e429e350","name":"Neto Angel Boss","image":{"@type":"ImageObject","inLanguage":"en-US","@id":"https:\/\/secure.gravatar.com\/avatar\/dbb38b2050e5181e32afbccf458635967af0767d15abe8168b35ebbd97907289?s=96&d=mm&r=g","url":"https:\/\/secure.gravatar.com\/avatar\/dbb38b2050e5181e32afbccf458635967af0767d15abe8168b35ebbd97907289?s=96&d=mm&r=g","contentUrl":"https:\/\/secure.gravatar.com\/avatar\/dbb38b2050e5181e32afbccf458635967af0767d15abe8168b35ebbd97907289?s=96&d=mm&r=g","caption":"Neto Angel Boss"},"sameAs":["http:\/\/www.angelboss.com"],"url":"https:\/\/angelboss.com.br\/en\/author\/netoangelboss\/"}]}},"amp_enabled":true,"_links":{"self":[{"href":"https:\/\/angelboss.com.br\/en\/wp-json\/wp\/v2\/posts\/16731","targetHints":{"allow":["GET"]}}],"collection":[{"href":"https:\/\/angelboss.com.br\/en\/wp-json\/wp\/v2\/posts"}],"about":[{"href":"https:\/\/angelboss.com.br\/en\/wp-json\/wp\/v2\/types\/post"}],"author":[{"embeddable":true,"href":"https:\/\/angelboss.com.br\/en\/wp-json\/wp\/v2\/users\/2"}],"replies":[{"embeddable":true,"href":"https:\/\/angelboss.com.br\/en\/wp-json\/wp\/v2\/comments?post=16731"}],"version-history":[{"count":1,"href":"https:\/\/angelboss.com.br\/en\/wp-json\/wp\/v2\/posts\/16731\/revisions"}],"predecessor-version":[{"id":16734,"href":"https:\/\/angelboss.com.br\/en\/wp-json\/wp\/v2\/posts\/16731\/revisions\/16734"}],"wp:featuredmedia":[{"embeddable":true,"href":"https:\/\/angelboss.com.br\/en\/wp-json\/wp\/v2\/media\/16733"}],"wp:attachment":[{"href":"https:\/\/angelboss.com.br\/en\/wp-json\/wp\/v2\/media?parent=16731"}],"wp:term":[{"taxonomy":"category","embeddable":true,"href":"https:\/\/angelboss.com.br\/en\/wp-json\/wp\/v2\/categories?post=16731"},{"taxonomy":"post_tag","embeddable":true,"href":"https:\/\/angelboss.com.br\/en\/wp-json\/wp\/v2\/tags?post=16731"}],"curies":[{"name":"wp","href":"https:\/\/api.w.org\/{rel}","templated":true}]}}