{"id":16668,"date":"2026-03-25T18:07:34","date_gmt":"2026-03-25T18:07:34","guid":{"rendered":"https:\/\/angelboss.com.br\/?p=16668"},"modified":"2026-03-25T18:07:36","modified_gmt":"2026-03-25T18:07:36","slug":"sp2b-sao-paulo-beyond-business-2026-ingressos-esther-perel","status":"publish","type":"post","link":"https:\/\/angelboss.com.br\/en\/2026\/03\/25\/sp2b-sao-paulo-beyond-business-2026-ingressos-esther-perel\/","title":{"rendered":"SP2B anuncia venda de credenciais, novas marcas e institui\u00e7\u00f5es parceiras, detalhes dos palcos e trilhas de conte\u00fado que v\u00e3o guiar os pain\u00e9is de sua primeira edi\u00e7\u00e3o"},"content":{"rendered":"<p><em>Com o tema \u201cA Nova L\u00f3gica do Empreendedorismo\u201d, confer\u00eancia global de inova\u00e7\u00e3o, criatividade e desenvolvimento urbano confirma a autora best-seller e uma das vozes mais influentes do mundo sobre rela\u00e7\u00f5es humanas, Esther Perel, como palestrante de abertura<\/em><\/p>\n\n\n\n<p><em>Evento grande parte do Parque Ibirapuera, de 9 a 16 de agosto, com programa\u00e7\u00e3o estruturada em 30 palcos distribu\u00eddos por oito espa\u00e7os tem\u00e1ticos, e inicia a venda de credenciais no dia 23 de mar\u00e7o<\/em><\/p>\n\n\n\n<p>Em um cen\u00e1rio de transforma\u00e7\u00e3o do empreendedorismo, em que apenas o crescimento e a efici\u00eancia n\u00e3o bastam, as empresas passam a ser cada vez mais valorizadas por sua capacidade de gerar significado, relev\u00e2ncia e impacto. Esse contexto \u00e9 o ponto de partida para a primeira edi\u00e7\u00e3o do&nbsp;<strong>SP2B \u2014 S\u00e3o Paulo Beyond Business<\/strong>, megaconfer\u00eancia global de inova\u00e7\u00e3o, criatividade e desenvolvimento urbano,&nbsp;ocupa todos os equipamentos culturais e v\u00e1rias \u00e1reas abertas do Parque Ibirapuera.<\/p>\n\n\n\n<p>Sob o tema&nbsp;<strong>\u201cThe New Logic of Entrepreneurship\u201d&nbsp;<\/strong>(<strong>A Nova L\u00f3gica do Empreendedorismo<\/strong>), o evento prop\u00f5e discutir como empresas e lideran\u00e7as est\u00e3o reposicionando suas estrat\u00e9gias a partir da converg\u00eancia entre prop\u00f3sito e performance, da constru\u00e7\u00e3o de comunidades e da atua\u00e7\u00e3o em ecossistemas colaborativos. Ao longo de&nbsp;<strong>oito dias<\/strong>, os&nbsp;<strong>30 palcos&nbsp;<\/strong>da primeira edi\u00e7\u00e3o recebem mais de&nbsp;<strong>750 pain\u00e9is<\/strong>,&nbsp;<strong>mil horas de conte\u00fado<\/strong>&nbsp;e cerca de&nbsp;<strong>dois mil palestrantes<\/strong>. A expectativa \u00e9 que mais de&nbsp;<strong>500 mil pessoas<\/strong>&nbsp;passem pelo&nbsp;<strong>SP2B<\/strong>, que vai promover ainda experi\u00eancias imersivas e um olhar abrangente para temas que v\u00e3o da tecnologia ao futuro das cidades, passando pela gastronomia, m\u00fasica, sa\u00fade, agro, finan\u00e7as, sustentabilidade e novos modelos de neg\u00f3cios.<\/p>\n\n\n\n<p><em>\u201cO futuro do empreendedorismo n\u00e3o ser\u00e1 constru\u00eddo em silos, nem apenas em planilhas e planos de neg\u00f3cios. Ele nasce de encontros, de repert\u00f3rio e da capacidade de conectar mundos que antes n\u00e3o dialogavam. O SP2B \u00e9 uma plataforma para isso \u2014 um lugar onde inova\u00e7\u00e3o deixa de ser apenas sobre tecnologia e passa a ser, sobretudo, sobre pessoas, rela\u00e7\u00f5es e novas formas de criar valor\u201d<\/em>, conta&nbsp;<strong>Rafael Lazarini<\/strong>, fundador da&nbsp;<strong>Da20,&nbsp;<\/strong>empresa respons\u00e1velpelo&nbsp;<strong>SP2B<\/strong>&nbsp;e tamb\u00e9m pelo j\u00e1 consolidado&nbsp;<strong>Rio2C<\/strong>,o principal encontro de criatividade da Am\u00e9rica Latina.<\/p>\n\n\n\n<p>O&nbsp;<strong>SP2B<\/strong>&nbsp;\u00e9 idealizado e promovido pela empresa&nbsp;<strong>DA20<\/strong>&nbsp;e conta com correaliza\u00e7\u00e3o da&nbsp;<strong>InvestSP<\/strong>,&nbsp;<strong>SP Neg\u00f3cios<\/strong>,&nbsp;<strong>Adesampa<\/strong>&nbsp;e&nbsp;<strong>SP Cine<\/strong>, al\u00e9m do apoio do&nbsp;<strong>Governo do Estado de S\u00e3o Paulo,&nbsp;<\/strong>da&nbsp;<strong>Prefeitura de S\u00e3o Paulo<\/strong>&nbsp;e do&nbsp;<strong>Grupo Globo<\/strong>, com coprodu\u00e7\u00e3o da&nbsp;<strong>Musicalize<\/strong>.<\/p>\n\n\n\n<p><strong>Abertura de vendas de credenciais<\/strong><\/p>\n\n\n\n<p>A venda de credenciais ter\u00e1 in\u00edcio no dia&nbsp;<strong>23 de mar\u00e7o<\/strong>, pelo site&nbsp;<a href=\"https:\/\/click.knewin360.com\/Click\/click\/eyJhbGciOiJIUzI1NiIsInR5cCI6IkpXVCJ9.eyJjYW1wYWlnbklkIjoiOGQxN2Q1NWYtMDk2Zi00ZGEwLWNmMWYtMDhkZTg1YjdkNjhiIiwicGVyc29uSWQiOiJiYjVkNmE5Ni0zOTdlLTRkZGQtYWRhMi1lYmI0OTU5N2Y4MzUiLCJlbWFpbCI6ImFuZ2VsQGFuZ2VsYm9zcy5jb20uYnIiLCJ1cmwiOiJodHRwczovL3d3dy50aWNrZXRtYXN0ZXIuY29tLmJyLyIsImlzU2VnbWVudGF0aW9uIjoiVHJ1ZSIsIm5iZiI6MTc3NDI3NjkwNiwiZXhwIjoxNzc2ODY4OTA2LCJpYXQiOjE3NzQyNzY5MDZ9.oGk1NuiL__RY4mQdCj_Ril420Q3xbHi4MFYlTp7xTUQ\">https:\/\/www.ticketmaster.com.br<\/a>, onde o p\u00fablico poder\u00e1 acessar todas as informa\u00e7\u00f5es sobre modalidades de ingresso e valores (confira mais detalhes no servi\u00e7o abaixo). O an\u00fancio foi realizado na<strong>&nbsp;B3<\/strong>, a&nbsp;<strong>Bolsa de Valores do Brasil,<\/strong>&nbsp;em um movimento simb\u00f3lico que dialoga com o pr\u00f3prio tema do evento.&nbsp;<\/p>\n\n\n\n<p>De acordo com&nbsp;<strong>Lazarini<\/strong>&nbsp;a escolha da&nbsp;<strong>B3<\/strong>&nbsp;como local de an\u00fancio da abertura de vendas, por si s\u00f3, traz muito significado:\u201c<em>Se a B3 \u00e9 onde empresas iniciam sua jornada no mercado de capitais, estamos ali para iniciar outra jornada: a de uma nova gera\u00e7\u00e3o de ideias, neg\u00f3cios e iniciativas. Com esse evento, n\u00e3o estamos apenas abrindo as vendas do SP2B, estamos convocando todos aqueles que querem construir o amanh\u00e3 e reposicionar S\u00e3o Paulo no mapa global da inova\u00e7\u00e3o.<\/em>\u201d<\/p>\n\n\n\n<p><strong>Em oito espa\u00e7os tem\u00e1ticos, 30 palcos d\u00e3o forma \u00e0 programa\u00e7\u00e3o<\/strong><\/p>\n\n\n\n<p><em>Ao reunir l\u00edderes, criadores e agentes de transforma\u00e7\u00e3o, a programa\u00e7\u00e3o do&nbsp;<\/em><strong>SP2B&nbsp;<\/strong>se organiza a partir de uma leitura transversal das mudan\u00e7as contempor\u00e2neas, em que tecnologia, cultura, neg\u00f3cios e comportamento passam a operar de forma interdependente. O papel das comunidades ganha protagonismo nesse cen\u00e1rio. Em um ambiente cada vez mais conectado, empresas passam a depender da capacidade de articula\u00e7\u00e3o com redes, parceiros e p\u00fablicos diversos. Ao mesmo tempo, a inova\u00e7\u00e3o deixa de surgir de processos isolados e passa a emergir de ecossistemas que conectam diferentes compet\u00eancias, territ\u00f3rios, tecnologias e culturas, com a colabora\u00e7\u00e3o se consolidando como elemento competitivo.<\/p>\n\n\n\n<p><em>\u201cO SP2B nasce da percep\u00e7\u00e3o de que o empreendedorismo entrou em uma nova fase. N\u00e3o se trata mais apenas de escalar neg\u00f3cios, mas de construir relev\u00e2ncia, significado e impacto real. Ao ocupar o Parque Ibirapuera com uma arquitetura integrada de conte\u00fados, experi\u00eancias e encontros, estamos criando um ambiente onde diferentes disciplinas, culturas e setores se conectam para repensar o futuro. O SP2B \u00e9, acima de tudo, um espa\u00e7o para ativar essa nova l\u00f3gica,\u201d&nbsp;<\/em>explica&nbsp;<strong>Lazarini<\/strong>.<\/p>\n\n\n\n<p>Uma l\u00f3gica que se traduz na ocupa\u00e7\u00e3o do Parque Ibirapuera como um sistema integrado de experi\u00eancias, inspirado na din\u00e2mica da mobilidade urbana. Os diferentes espa\u00e7os do parque funcionam como \u201cesta\u00e7\u00f5es\u201d interligadas, criando uma jornada imersiva que orienta a circula\u00e7\u00e3o do p\u00fablico e articula conte\u00fados, encontros e ativa\u00e7\u00f5es. Nesse circuito, que combina debates, arte, cultura, gastronomia e apresenta\u00e7\u00f5es musicais, o<strong>&nbsp;SP2B&nbsp;<\/strong>se organiza em oito espa\u00e7os tem\u00e1ticos que abrigam 30 palcos, distribu\u00eddos entre&nbsp;<strong>Bespoke<\/strong>&nbsp;(<strong>Audit\u00f3rio Ibirapuera<\/strong>, 1 palco),&nbsp;<strong>Beyond<\/strong>&nbsp;(<strong>Pacubra<\/strong>, 6 palcos),&nbsp;<strong>Belong<\/strong>&nbsp;(<strong>Oca<\/strong>, 4 palcos),&nbsp;<strong>Beginning<\/strong>&nbsp;(<strong>Museu Afro<\/strong>, 5 palcos),&nbsp;<strong>Believe<\/strong>&nbsp;(<strong>Planet\u00e1rio<\/strong>, 1 palco),&nbsp;<strong>Beehive<\/strong>&nbsp;(<strong>Bienal<\/strong>, 8 palcos),&nbsp;<strong>Beats<\/strong>&nbsp;(<strong>Marquise<\/strong>, 4 palcos) e&nbsp;<strong>Beside<\/strong>&nbsp;(<strong>Jardim do Audit\u00f3rio<\/strong>, 1 palco).&nbsp;\u00c9 a partir dessa arquitetura que o evento prop\u00f5e n\u00e3o apenas apresentar tend\u00eancias, mas reorganizar a forma como essas transforma\u00e7\u00f5es s\u00e3o entendidas.<\/p>\n\n\n\n<p>O&nbsp;<strong>Bespoke (Audit\u00f3rio Ibirapuera)<\/strong>&nbsp;\u00e9 o espa\u00e7o dos encontros improv\u00e1veis, com o objetivo de questionar as certezas e estimular reflex\u00f5es fora do lugar-comum, da zona de conforto. Temas como prop\u00f3sito versus performance, novas m\u00e9tricas de sucesso al\u00e9m do valuation, e autonomia em rela\u00e7\u00e3o ao capital colocam em debate a pr\u00f3pria l\u00f3gica de crescimento que orientou o empreendedorismo nas \u00faltimas d\u00e9cadas, propondo novas formas de medir relev\u00e2ncia e impacto.<\/p>\n\n\n\n<p>Essa l\u00f3gica se traduz na pr\u00f3pria constru\u00e7\u00e3o dos palcos. No&nbsp;<strong>Beginning (Museu Afro)<\/strong>, o ponto de partida n\u00e3o \u00e9 a inova\u00e7\u00e3o em si, mas o que a antecede: repert\u00f3rio, mem\u00f3ria e identidade. A partir do eixo&nbsp;<strong><em>Humanity, Ancestry &amp; Technology&nbsp;<\/em><\/strong><em>(Humanidade, Ancestralidade e Tecnologia)<\/em>, o conte\u00fado desloca o olhar para a influ\u00eancia das origens culturais, sociais e afetivas, nas decis\u00f5es e nos processos criativos contempor\u00e2neos, inserindo a ancestralidade como vetor ativo de inova\u00e7\u00e3o.<\/p>\n\n\n\n<p>No&nbsp;<strong>Believe (Planet\u00e1rio)<\/strong>, a proposta \u00e9 tensionar a dimens\u00e3o mais subjetiva do empreendedorismo. Sob o guarda-chuva de&nbsp;<strong><em>Ethics, Philosophy, Sociology &amp; Technology<\/em><\/strong><em>&nbsp;(\u00c9tica, Filosofia, Sociologia e Tecnologia)<\/em>, os debates abordam temas como solid\u00e3o, constru\u00e7\u00e3o de sentido, sa\u00fade mental e cultura digital, colocando em evid\u00eancia aspectos menos explorados em eventos de neg\u00f3cios, como os impactos emocionais, simb\u00f3licos e sociais das transforma\u00e7\u00f5es tecnol\u00f3gicas.<\/p>\n\n\n\n<p>J\u00e1 o&nbsp;<strong>Beyond (Pacubra)<\/strong>&nbsp;concentra os conte\u00fados mais diretamente ligados \u00e0 inova\u00e7\u00e3o, mas tamb\u00e9m com uma abordagem ampliada. Em vez de tratar tecnologia como um fim, as trilhas, como&nbsp;<strong><em>AI<\/em><\/strong><em>,&nbsp;<\/em><strong><em>Quantum &amp; The Age of Awareness<\/em><\/strong><em>&nbsp;(IA, computa\u00e7\u00e3o qu\u00e2ntica e a era da consci\u00eancia)<\/em>,&nbsp;<strong><em>Future of Work &amp; Learning&nbsp;<\/em><\/strong><em>(Futuro do Trabalho e da Aprendizagem),&nbsp;<\/em><strong><em>Health, Life &amp; Longevity<\/em><\/strong>&nbsp;(Sa\u00fade, Vida e Longevidade)&nbsp;e&nbsp;<strong><em>Money, Trust &amp; The Future of Value&nbsp;<\/em><\/strong><em>(Dinheiro, Confian\u00e7a e o Futuro do Valor),<\/em>&nbsp;conectam avan\u00e7os t\u00e9cnicos a suas implica\u00e7\u00f5es estruturais, como novas formas de poder, reorganiza\u00e7\u00e3o do trabalho, redefini\u00e7\u00e3o de valor e transforma\u00e7\u00e3o das infraestruturas econ\u00f4micas e sociais.<\/p>\n\n\n\n<p>Cultura, comportamento, marcas, moda, tecnologia e experi\u00eancias ao vivo s\u00e3o partes de um mesmo sistema simb\u00f3lico, onde valores s\u00e3o constru\u00eddos, narrativas circulam e sentidos s\u00e3o compartilhados. No&nbsp;<strong>Belong (Oca)<\/strong>, os palcos como&nbsp;<strong><em>Beyond Brands<\/em><\/strong><em>&nbsp;(Al\u00e9m das Marcas)<\/em>,&nbsp;<strong><em>The<\/em><\/strong>&nbsp;<strong><em>Human Code<\/em><\/strong><em>&nbsp;(O C\u00f3digo Humano)<\/em>&nbsp;e&nbsp;<strong><em>Live Experience<\/em><\/strong><em>&nbsp;(Experi\u00eancias ao Vivo)<\/em>&nbsp;refletem uma mudan\u00e7a de paradigma: marcas deixam de ser apenas emissores de mensagem para operar como plataformas de relacionamento, em que valor simb\u00f3lico e emocional se tornam fatores estrat\u00e9gicos para a sustentabilidade dos neg\u00f3cios. Um espa\u00e7o onde diferentes linguagens se conectam para ler o presente, tensionar o agora e imaginar futuros mais conscientes, criativos e humanos.<\/p>\n\n\n\n<p>No&nbsp;<strong>Beehive<\/strong>&nbsp;(<strong>Bienal<\/strong>), o foco est\u00e1 na articula\u00e7\u00e3o de neg\u00f3cios e na gera\u00e7\u00e3o de oportunidades. Pensado como ponto de encontro entre pequenas e m\u00e9dias empresas, empreendedores, investidores e l\u00edderes setoriais, o espa\u00e7o traduz a proposta do&nbsp;<strong>SP2B&nbsp;<\/strong>de criar um ecossistema vibrante de troca de ideias e experimenta\u00e7\u00e3o urbana, reunindo agentes de diferentes perfis e origens.<\/p>\n\n\n\n<p>Em um movimento que amplia o escopo estrat\u00e9gico do evento, o&nbsp;<strong>Beehive<\/strong>&nbsp;reflete de forma mais precisa a realidade econ\u00f4mica brasileira, marcada pelo papel central das pequenas e m\u00e9dias empresas, ao mesmo tempo em que dialoga com um espectro mais amplo do ambiente de neg\u00f3cios \u2014 de empres\u00e1rios \u00e0 frente de companhias tradicionais a executivos de grandes opera\u00e7\u00f5es, passando por investidores de diferentes frentes, como venture capital, private equity, family offices e institui\u00e7\u00f5es de cr\u00e9dito estruturado. Essa din\u00e2mica se materializa na&nbsp;<strong>Enterprise Expo<\/strong>, hub voltado \u00e0 conex\u00e3o entre empresas, corpora\u00e7\u00f5es e o ecossistema financeiro, ampliando oportunidades de neg\u00f3cios e estimulando parcerias estrat\u00e9gicas, al\u00e9m de reunir palcos de conte\u00fado, mentorias e encontros entre participantes.<\/p>\n\n\n\n<p>A dimens\u00e3o do entretenimento e das express\u00f5es culturais ganha protagonismo no&nbsp;<strong>Beats<\/strong>&nbsp;(<strong>Marquise<\/strong>), com cinco palcos dedicados \u00e0 m\u00fasica, \u00e0 arte, \u00e0 literatura e \u00e0 produ\u00e7\u00e3o de novos talentos, e no&nbsp;<strong>Beside<\/strong>&nbsp;(<strong>Jardim do Audit\u00f3rio<\/strong>), que refor\u00e7a essa voca\u00e7\u00e3o ao propor experi\u00eancias musicais e encontros ao vivo. Juntos, esses espa\u00e7os expandem o&nbsp;<strong>SP2B<\/strong>&nbsp;para al\u00e9m do conte\u00fado, consolidando o evento como uma plataforma que articula neg\u00f3cios, cultura e experi\u00eancias em m\u00faltiplas camadas.<\/p>\n\n\n\n<p>J\u00e1 o&nbsp;<strong>Between<\/strong>&nbsp;(Pra\u00e7a de Eventos e entorno da&nbsp;<strong>Marquise<\/strong>) \u00e9 o territ\u00f3rio da gastronomia, com experi\u00eancias que exploram a comida como linguagem cultural e espa\u00e7o de encontro.<\/p>\n\n\n\n<p><strong>Novas parcerias<\/strong><\/p>\n\n\n\n<p><em>Ampliando sua rede de colabora\u00e7\u00e3o e aprofundando o di\u00e1logo com diferentes dimens\u00f5es do ecossistema de inova\u00e7\u00e3o, o&nbsp;<\/em><strong>SP2B<\/strong>&nbsp;avan\u00e7a na constru\u00e7\u00e3o de uma plataforma conectada entre mercado, conhecimento, tecnologia e cultura ao anunciar novas parcerias estrat\u00e9gicas.<\/p>\n\n\n\n<p>A&nbsp;<strong>B3<\/strong>, a&nbsp;<strong>ESPM<\/strong>, o&nbsp;<strong>LinkedIn<\/strong>&nbsp;e a&nbsp;<strong>Ticketmaster<\/strong>&nbsp;passam a integrar o&nbsp;<strong>SP2B<\/strong>&nbsp;como marcas parceiras, contribuindo com diferentes perspectivas sobre a nova l\u00f3gica de cria\u00e7\u00e3o de valor.<\/p>\n\n\n\n<p>A&nbsp;<strong>B3&nbsp;<\/strong>integra o<strong>&nbsp;SP2B<\/strong>&nbsp;como parceira institucional, trazendo para o centro da programa\u00e7\u00e3o a dimens\u00e3o estrutural do crescimento \u2014 aquela que envolve confian\u00e7a, governan\u00e7a e acesso a capital. Sua participa\u00e7\u00e3o fortalece os debates sobre investimento, expans\u00e3o e sustentabilidade dos neg\u00f3cios, aproximando empresas, investidores e lideran\u00e7as e conectando a gera\u00e7\u00e3o de valor a mecanismos concretos de viabiliza\u00e7\u00e3o no mercado.<\/p>\n\n\n\n<p>J\u00e1 a&nbsp;<strong>ESPM&nbsp;<\/strong>contribui com a conex\u00e3o entre academia e mercado, posicionando-se como elo estrat\u00e9gico entre a forma\u00e7\u00e3o de novos talentos e o ambiente de neg\u00f3cios contempor\u00e2neo. Com atua\u00e7\u00e3o que envolve produ\u00e7\u00e3o de conhecimento, participa\u00e7\u00e3o na curadoria e mobiliza\u00e7\u00e3o de alunos e professores, a institui\u00e7\u00e3o amplia o alcance do&nbsp;<strong>SP2B<\/strong>&nbsp;ao desdobrar conte\u00fados, gerar insights e estender as discuss\u00f5es para al\u00e9m do evento.<\/p>\n\n\n\n<p>O&nbsp;<strong>LinkedIn<\/strong>&nbsp;adiciona uma vis\u00e3o global sobre trabalho, carreiras e redes profissionais, potencializando discuss\u00f5es sobre o futuro das organiza\u00e7\u00f5es e das rela\u00e7\u00f5es no ambiente produtivo. J\u00e1 a&nbsp;<strong>Ticketmaster&nbsp;<\/strong>conecta o evento \u00e0 dimens\u00e3o da experi\u00eancia e da tecnologia aplicada ao acesso, dados e relacionamento com o p\u00fablico, refor\u00e7ando o papel das plataformas na constru\u00e7\u00e3o de comunidades em larga escala.<\/p>\n\n\n\n<p>O SP2B conta ainda com o apoio institucional da&nbsp;<strong>Ampro<\/strong>&nbsp;e&nbsp;<strong>Promoview<\/strong>, ampliando o di\u00e1logo com a ind\u00fastria de live marketing e brand experience, e com parcerias de m\u00eddia e conte\u00fado com a&nbsp;<strong>Billboard<\/strong>, a&nbsp;<strong>NEOOH<\/strong>&nbsp;e a&nbsp;<strong>Eletromidia<\/strong>, que fortalecem a presen\u00e7a do evento em diferentes plataformas e territ\u00f3rios urbanos.<\/p>\n\n\n\n<p>\u201c<em>Mais do que reunir grandes marcas, o SP2B nasce como uma plataforma de converg\u00eancia entre diferentes vis\u00f5es de mundo. Cada parceiro que se junta ao projeto traz uma camada essencial dessa nova l\u00f3gica \u2014 seja capital, conhecimento, tecnologia ou comunidade. O que estamos construindo n\u00e3o \u00e9 apenas um evento, mas um ecossistema vivo, onde essas for\u00e7as se encontram para redefinir como valor \u00e9 criado no mundo contempor\u00e2neo<\/em>\u201d, afirma&nbsp;<strong>Rafael Lazarini<\/strong>.<\/p>\n\n\n\n<p><strong>Esther Perel abre a programa\u00e7\u00e3o do SP2B 2026<\/strong><\/p>\n\n\n\n<p><em>Autora best-seller do&nbsp;<\/em><strong>New York Times<\/strong>, a psicoterapeuta&nbsp;<strong>Esther Perel<\/strong>&nbsp;ser\u00e1 a palestrante de abertura da confer\u00eancia.Consultora organizacional para empresas da Fortune 500 ao redor do mundo e reconhecida internacionalmente por suas reflex\u00f5es sobre v\u00ednculos, intimidade, trabalho e cultura,&nbsp;<strong>Perel&nbsp;<\/strong>se tornou uma das vozes mais influentes quando o tema s\u00e3o as transforma\u00e7\u00f5es nas rela\u00e7\u00f5es humanas. Autora dos best-sellers&nbsp;<strong>\u201cMating in Captivity\u201d<\/strong>&nbsp;e&nbsp;<strong>\u201cThe State of Affairs\u201d<\/strong>, traduzidos para dezenas de idiomas, ela tamb\u00e9m \u00e9 criadora dos podcasts&nbsp;<strong>\u201cWhere Should We Begin?\u201d<\/strong>&nbsp;e&nbsp;<strong>\u201cHow\u2019s Work?\u201d<\/strong>, que exploram dilemas afetivos e profissionais a partir de conversas reais. Suas palestras est\u00e3o entre as mais assistidas da plataforma TED, com milh\u00f5es de visualiza\u00e7\u00f5es.<\/p>\n\n\n\n<p>Em suas pesquisas e palestras, ela defende que vivemos um momento de transforma\u00e7\u00e3o profunda nas rela\u00e7\u00f5es: as pessoas buscam ao mesmo tempo estabilidade e liberdade, pertencimento e autonomia \u2014 tens\u00f5es que marcam tanto os relacionamentos afetivos quanto o ambiente de trabalho. Em um cen\u00e1rio de r\u00e1pidas transforma\u00e7\u00f5es tecnol\u00f3gicas e avan\u00e7o da intelig\u00eancia artificial,&nbsp;<strong>Perel&nbsp;<\/strong>argumenta que as chamadas \u201chabilidades humanas\u201d, como empatia, escuta, confian\u00e7a e capacidade de lidar com conflitos, se tornam cada vez mais centrais para a colabora\u00e7\u00e3o, a lideran\u00e7a e a inova\u00e7\u00e3o<\/p>\n\n\n\n<h3 class=\"wp-block-heading\"><strong>Do SXSW para S\u00e3o Paulo<\/strong><\/h3>\n\n\n\n<p><em>Outra fortaleza do projeto \u00e9 a participa\u00e7\u00e3o de Hugh Forrest na equipe de gest\u00e3o e curadoria do SP2B. Com mais de tr\u00eas d\u00e9cadas dedicadas ao desenvolvimento do&nbsp;<\/em><strong>SXSW<\/strong>, Forrest atuou como Chief Programming Officer e Presidente, liderando a transforma\u00e7\u00e3o do festival em um dos encontros mais influentes do mundo nos campos da criatividade, cultura e inova\u00e7\u00e3o.<\/p>\n\n\n\n<p>Sua chegada fortalece a conex\u00e3o internacional do SP2B e amplia o di\u00e1logo do evento com l\u00edderes, investidores e criativos de diferentes partes do mundo, contribuindo para posicionar S\u00e3o Paulo como um espa\u00e7o de experimenta\u00e7\u00e3o e debate sobre o futuro das metr\u00f3poles.<\/p>\n\n\n\n<h3 class=\"wp-block-heading\"><strong>Inclus\u00e3o e impacto social<\/strong><\/h3>\n\n\n\n<p><em>O&nbsp;<\/em><strong>SP2B<\/strong>&nbsp;tamb\u00e9m prev\u00ea iniciativas voltadas \u00e0 inclus\u00e3o e ao impacto social. No s\u00e1bado, parte da programa\u00e7\u00e3o ser\u00e1 dedicada \u00e0 forma\u00e7\u00e3o de profissionais oriundos de contextos menos favorecidos, com palestras, mentorias, oficinas, treinamentos de pitching e masterclasses conduzidas por especialistas do mercado.<\/p>\n\n\n\n<p>No no domingo, ser\u00e1 realizado o&nbsp;<strong>Experience Day<\/strong>, quando o festival abrir\u00e1 suas atividades gratuitamente ao p\u00fablico no&nbsp;<strong>Parque Ibirapuera<\/strong>, com shows, cinema ao ar livre e diversas experi\u00eancias interativas.<\/p>\n\n\n\n<p>Mais do que um festival, o&nbsp;<strong>SP2B<\/strong>&nbsp;se posiciona como um articulador de conex\u00f5es dentro do ecossistema global de inova\u00e7\u00e3o. Ao reunir empreendedores, investidores, aceleradoras e grandes empresas em rodadas de neg\u00f3cios, encontros estrat\u00e9gicos e espa\u00e7os de troca de ideias, o evento estimula o surgimento de novas parcerias e projetos.<\/p>\n\n\n\n<p>A experi\u00eancia tamb\u00e9m se estender\u00e1 para al\u00e9m do parque, com ativa\u00e7\u00f5es espalhadas pela cidade de&nbsp;<strong>S\u00e3o Paulo<\/strong>, incluindo roteiros gastron\u00f4micos, proje\u00e7\u00f5es mapeadas, a\u00e7\u00f5es em comunidades e iniciativas em parceria com universidades e centros de pesquisa.<\/p>\n\n\n\n<p><strong>SERVI\u00c7O &#8211; VENDA DE CREDENCIAIS<\/strong><\/p>\n\n\n\n<p><em>A pr\u00e9-venda de credenciais tem in\u00edcio hoje,&nbsp;<\/em><strong>23 de mar\u00e7o<\/strong>, com&nbsp;<strong>30% de desconto<\/strong>&nbsp;at\u00e9 o dia&nbsp;<strong>31 de mar\u00e7o<\/strong>. Vendas pelo site<a href=\"https:\/\/click.knewin360.com\/Click\/click\/eyJhbGciOiJIUzI1NiIsInR5cCI6IkpXVCJ9.eyJjYW1wYWlnbklkIjoiOGQxN2Q1NWYtMDk2Zi00ZGEwLWNmMWYtMDhkZTg1YjdkNjhiIiwicGVyc29uSWQiOiJiYjVkNmE5Ni0zOTdlLTRkZGQtYWRhMi1lYmI0OTU5N2Y4MzUiLCJlbWFpbCI6ImFuZ2VsQGFuZ2VsYm9zcy5jb20uYnIiLCJ1cmwiOiJodHRwOi8vd3d3LnRpY2tldG1hc3Rlci5jb20uYnIvIiwiaXNTZWdtZW50YXRpb24iOiJUcnVlIiwibmJmIjoxNzc0Mjc2OTA2LCJleHAiOjE3NzY4Njg5MDYsImlhdCI6MTc3NDI3NjkwNn0.BF9GkAeAMBcuadmsIgW2HDWwoAspH5qFHyge3kmtXyI\">&nbsp;<\/a><a href=\"https:\/\/click.knewin360.com\/Click\/click\/eyJhbGciOiJIUzI1NiIsInR5cCI6IkpXVCJ9.eyJjYW1wYWlnbklkIjoiOGQxN2Q1NWYtMDk2Zi00ZGEwLWNmMWYtMDhkZTg1YjdkNjhiIiwicGVyc29uSWQiOiJiYjVkNmE5Ni0zOTdlLTRkZGQtYWRhMi1lYmI0OTU5N2Y4MzUiLCJlbWFpbCI6ImFuZ2VsQGFuZ2VsYm9zcy5jb20uYnIiLCJ1cmwiOiJodHRwOi8vd3d3LnRpY2tldG1hc3Rlci5jb20uYnIvIiwiaXNTZWdtZW50YXRpb24iOiJUcnVlIiwibmJmIjoxNzc0Mjc2OTA2LCJleHAiOjE3NzY4Njg5MDYsImlhdCI6MTc3NDI3NjkwNn0.BF9GkAeAMBcuadmsIgW2HDWwoAspH5qFHyge3kmtXyI\">www.ticketmaster.com.br<\/a>, onde o p\u00fablico poder\u00e1 acessar todas as informa\u00e7\u00f5es atualizadas sobre modalidades, valores e disponibilidade. Credenciais dispon\u00edveis:<\/p>\n\n\n\n<p><strong>EXPLORER<\/strong><\/p>\n\n\n\n<p><em>Voltada para quem busca conte\u00fado e atualiza\u00e7\u00e3o, a credencial Explorer oferece acesso a sete dias de evento (segunda a domingo), incluindo palcos de conte\u00fado, \u00e1rea de entretenimento, Expo e experi\u00eancias gastron\u00f4micas.<\/em><\/p>\n\n\n\n<p><em>Pr\u00e9-venda: R$ 825,00<\/em><\/p>\n\n\n\n<p>Inclui:<\/p>\n\n\n\n<p>\u25cf Acesso aos 6 dias de conte\u00fado do evento (segunda a s\u00e1bado)<\/p>\n\n\n\n<p>\u25cf Acesso priorit\u00e1rio ao Experience Day (domingo)<\/p>\n\n\n\n<p>\u25cf Acesso aos palcos de conte\u00fado<\/p>\n\n\n\n<p>\u25cf Acesso \u00e0 \u00e1rea de exposi\u00e7\u00e3o (Expo)<\/p>\n\n\n\n<p>\u25cf Networking com participantes do ecossistema<\/p>\n\n\n\n<p>\u25cf Acesso a shows realizados no Jardim do Audit\u00f3rio<\/p>\n\n\n\n<p>\u25cf Acesso \u00e0 \u00e1rea de gastronomia<\/p>\n\n\n\n<p><\/p>","protected":false},"excerpt":{"rendered":"<p>Com o tema \u201cA Nova L\u00f3gica do Empreendedorismo\u201d, confer\u00eancia global de inova\u00e7\u00e3o, criatividade e desenvolvimento urbano confirma a autora best-seller e uma das vozes mais influentes do mundo sobre rela\u00e7\u00f5es humanas, Esther Perel, como palestrante de abertura Evento grande parte do Parque Ibirapuera, de 9 a 16 de agosto, com programa\u00e7\u00e3o estruturada em 30 palcos<\/p>","protected":false},"author":2,"featured_media":16670,"comment_status":"open","ping_status":"open","sticky":false,"template":"","format":"standard","meta":{"footnotes":""},"categories":[315],"tags":[2544,2545,2543],"class_list":{"0":"post-16668","1":"post","2":"type-post","3":"status-publish","4":"format-standard","5":"has-post-thumbnail","7":"category-noticias-corporativas-dino","8":"tag-a-nova-logica","9":"tag-conferencia-de-inovacao-e-negocios","10":"tag-sp2b-2026"},"yoast_head":"<!-- This site is optimized with the Yoast SEO plugin v27.5 - https:\/\/yoast.com\/product\/yoast-seo-wordpress\/ -->\n<title>SP2B 2026: A Nova L\u00f3gica do Empreendedorismo no Ibirapuera<\/title>\n<meta name=\"description\" content=\"O SP2B chega ao Ibirapuera com 30 palcos e a presen\u00e7a de Esther Perel. Garanta sua credencial para a maior confer\u00eancia de inova\u00e7\u00e3o e neg\u00f3cios de 2026.\" \/>\n<meta name=\"robots\" content=\"index, follow, max-snippet:-1, max-image-preview:large, max-video-preview:-1\" \/>\n<link rel=\"canonical\" href=\"http:\/\/angelboss.com.br\/en\/2026\/03\/25\/sp2b-sao-paulo-beyond-business-2026-ingressos-esther-perel\/\" \/>\n<meta property=\"og:locale\" content=\"en_US\" \/>\n<meta property=\"og:type\" content=\"article\" \/>\n<meta property=\"og:title\" content=\"SP2B 2026: A Nova L\u00f3gica do Empreendedorismo no Ibirapuera\" \/>\n<meta property=\"og:description\" content=\"O SP2B chega ao Ibirapuera com 30 palcos e a presen\u00e7a de Esther Perel. Garanta sua credencial para a maior confer\u00eancia de inova\u00e7\u00e3o e neg\u00f3cios de 2026.\" \/>\n<meta property=\"og:url\" content=\"http:\/\/angelboss.com.br\/en\/2026\/03\/25\/sp2b-sao-paulo-beyond-business-2026-ingressos-esther-perel\/\" \/>\n<meta property=\"og:site_name\" content=\"Portal Masculino de Moda, Beleza, Luxo and Business - Angel Boss\" \/>\n<meta property=\"article:published_time\" content=\"2026-03-25T18:07:34+00:00\" \/>\n<meta property=\"article:modified_time\" content=\"2026-03-25T18:07:36+00:00\" \/>\n<meta property=\"og:image\" content=\"http:\/\/angelboss.com.br\/wp-content\/uploads\/2026\/03\/723ced10-0a2c-4fbf-9fd4-093f9c23f5c3.jpg\" \/>\n\t<meta property=\"og:image:width\" content=\"752\" \/>\n\t<meta property=\"og:image:height\" content=\"424\" \/>\n\t<meta property=\"og:image:type\" content=\"image\/jpeg\" \/>\n<meta name=\"author\" content=\"Neto Angel Boss\" \/>\n<meta name=\"twitter:card\" content=\"summary_large_image\" \/>\n<meta name=\"twitter:label1\" content=\"Written by\" \/>\n\t<meta name=\"twitter:data1\" content=\"Neto Angel Boss\" \/>\n\t<meta name=\"twitter:label2\" content=\"Est. reading time\" \/>\n\t<meta name=\"twitter:data2\" content=\"14 minutes\" \/>\n<script type=\"application\/ld+json\" class=\"yoast-schema-graph\">{\"@context\":\"https:\\\/\\\/schema.org\",\"@graph\":[{\"@type\":\"Article\",\"@id\":\"http:\\\/\\\/angelboss.com.br\\\/2026\\\/03\\\/25\\\/sp2b-sao-paulo-beyond-business-2026-ingressos-esther-perel\\\/#article\",\"isPartOf\":{\"@id\":\"http:\\\/\\\/angelboss.com.br\\\/2026\\\/03\\\/25\\\/sp2b-sao-paulo-beyond-business-2026-ingressos-esther-perel\\\/\"},\"author\":{\"name\":\"Neto Angel Boss\",\"@id\":\"https:\\\/\\\/angelboss.com.br\\\/en\\\/#\\\/schema\\\/person\\\/af084936b46cf2e03f299183e429e350\"},\"headline\":\"SP2B anuncia venda de credenciais, novas marcas e institui\u00e7\u00f5es parceiras, detalhes dos palcos e trilhas de conte\u00fado que v\u00e3o guiar os pain\u00e9is de sua primeira edi\u00e7\u00e3o\",\"datePublished\":\"2026-03-25T18:07:34+00:00\",\"dateModified\":\"2026-03-25T18:07:36+00:00\",\"mainEntityOfPage\":{\"@id\":\"http:\\\/\\\/angelboss.com.br\\\/2026\\\/03\\\/25\\\/sp2b-sao-paulo-beyond-business-2026-ingressos-esther-perel\\\/\"},\"wordCount\":3013,\"commentCount\":0,\"publisher\":{\"@id\":\"https:\\\/\\\/angelboss.com.br\\\/en\\\/#organization\"},\"image\":{\"@id\":\"http:\\\/\\\/angelboss.com.br\\\/2026\\\/03\\\/25\\\/sp2b-sao-paulo-beyond-business-2026-ingressos-esther-perel\\\/#primaryimage\"},\"thumbnailUrl\":\"https:\\\/\\\/angelboss.com.br\\\/wp-content\\\/uploads\\\/2026\\\/03\\\/723ced10-0a2c-4fbf-9fd4-093f9c23f5c3.jpg\",\"keywords\":[\"A Nova L\u00f3gica\",\"confer\u00eancia de inova\u00e7\u00e3o e neg\u00f3cios\",\"SP2B 2026\"],\"articleSection\":[\"Not\u00edcias Corporativas\"],\"inLanguage\":\"en-US\",\"potentialAction\":[{\"@type\":\"CommentAction\",\"name\":\"Comment\",\"target\":[\"http:\\\/\\\/angelboss.com.br\\\/2026\\\/03\\\/25\\\/sp2b-sao-paulo-beyond-business-2026-ingressos-esther-perel\\\/#respond\"]}]},{\"@type\":\"WebPage\",\"@id\":\"http:\\\/\\\/angelboss.com.br\\\/2026\\\/03\\\/25\\\/sp2b-sao-paulo-beyond-business-2026-ingressos-esther-perel\\\/\",\"url\":\"http:\\\/\\\/angelboss.com.br\\\/2026\\\/03\\\/25\\\/sp2b-sao-paulo-beyond-business-2026-ingressos-esther-perel\\\/\",\"name\":\"SP2B 2026: A Nova L\u00f3gica do Empreendedorismo no Ibirapuera\",\"isPartOf\":{\"@id\":\"https:\\\/\\\/angelboss.com.br\\\/en\\\/#website\"},\"primaryImageOfPage\":{\"@id\":\"http:\\\/\\\/angelboss.com.br\\\/2026\\\/03\\\/25\\\/sp2b-sao-paulo-beyond-business-2026-ingressos-esther-perel\\\/#primaryimage\"},\"image\":{\"@id\":\"http:\\\/\\\/angelboss.com.br\\\/2026\\\/03\\\/25\\\/sp2b-sao-paulo-beyond-business-2026-ingressos-esther-perel\\\/#primaryimage\"},\"thumbnailUrl\":\"https:\\\/\\\/angelboss.com.br\\\/wp-content\\\/uploads\\\/2026\\\/03\\\/723ced10-0a2c-4fbf-9fd4-093f9c23f5c3.jpg\",\"datePublished\":\"2026-03-25T18:07:34+00:00\",\"dateModified\":\"2026-03-25T18:07:36+00:00\",\"description\":\"O SP2B chega ao Ibirapuera com 30 palcos e a presen\u00e7a de Esther Perel. Garanta sua credencial para a maior confer\u00eancia de inova\u00e7\u00e3o e neg\u00f3cios de 2026.\",\"breadcrumb\":{\"@id\":\"http:\\\/\\\/angelboss.com.br\\\/2026\\\/03\\\/25\\\/sp2b-sao-paulo-beyond-business-2026-ingressos-esther-perel\\\/#breadcrumb\"},\"inLanguage\":\"en-US\",\"potentialAction\":[{\"@type\":\"ReadAction\",\"target\":[\"http:\\\/\\\/angelboss.com.br\\\/2026\\\/03\\\/25\\\/sp2b-sao-paulo-beyond-business-2026-ingressos-esther-perel\\\/\"]}]},{\"@type\":\"ImageObject\",\"inLanguage\":\"en-US\",\"@id\":\"http:\\\/\\\/angelboss.com.br\\\/2026\\\/03\\\/25\\\/sp2b-sao-paulo-beyond-business-2026-ingressos-esther-perel\\\/#primaryimage\",\"url\":\"https:\\\/\\\/angelboss.com.br\\\/wp-content\\\/uploads\\\/2026\\\/03\\\/723ced10-0a2c-4fbf-9fd4-093f9c23f5c3.jpg\",\"contentUrl\":\"https:\\\/\\\/angelboss.com.br\\\/wp-content\\\/uploads\\\/2026\\\/03\\\/723ced10-0a2c-4fbf-9fd4-093f9c23f5c3.jpg\",\"width\":752,\"height\":424,\"caption\":\"Imagem\\\/Divulga\u00e7\u00e3o\"},{\"@type\":\"BreadcrumbList\",\"@id\":\"http:\\\/\\\/angelboss.com.br\\\/2026\\\/03\\\/25\\\/sp2b-sao-paulo-beyond-business-2026-ingressos-esther-perel\\\/#breadcrumb\",\"itemListElement\":[{\"@type\":\"ListItem\",\"position\":1,\"name\":\"In\u00edcio\",\"item\":\"https:\\\/\\\/angelboss.com.br\\\/en\\\/\"},{\"@type\":\"ListItem\",\"position\":2,\"name\":\"SP2B anuncia venda de credenciais, novas marcas e institui\u00e7\u00f5es parceiras, detalhes dos palcos e trilhas de conte\u00fado que v\u00e3o guiar os pain\u00e9is de sua primeira edi\u00e7\u00e3o\"}]},{\"@type\":\"WebSite\",\"@id\":\"https:\\\/\\\/angelboss.com.br\\\/en\\\/#website\",\"url\":\"https:\\\/\\\/angelboss.com.br\\\/en\\\/\",\"name\":\"Portal Masculino de Moda, Beleza, Luxo e Business - Angel Boss\",\"description\":\"O Maior Portal sobre Moda, Luxo, Beleza e Business Masculino do Brasil\",\"publisher\":{\"@id\":\"https:\\\/\\\/angelboss.com.br\\\/en\\\/#organization\"},\"alternateName\":\"Maior Portal e Blog de Beleza Masculina e Luxo\",\"potentialAction\":[{\"@type\":\"SearchAction\",\"target\":{\"@type\":\"EntryPoint\",\"urlTemplate\":\"https:\\\/\\\/angelboss.com.br\\\/en\\\/?s={search_term_string}\"},\"query-input\":{\"@type\":\"PropertyValueSpecification\",\"valueRequired\":true,\"valueName\":\"search_term_string\"}}],\"inLanguage\":\"en-US\"},{\"@type\":\"Organization\",\"@id\":\"https:\\\/\\\/angelboss.com.br\\\/en\\\/#organization\",\"name\":\"Portal Masculino de Moda, Beleza, Luxo and Business - Angel Boss\",\"url\":\"https:\\\/\\\/angelboss.com.br\\\/en\\\/\",\"logo\":{\"@type\":\"ImageObject\",\"inLanguage\":\"en-US\",\"@id\":\"https:\\\/\\\/angelboss.com.br\\\/en\\\/#\\\/schema\\\/logo\\\/image\\\/\",\"url\":\"http:\\\/\\\/angelboss.com.br\\\/wp-content\\\/uploads\\\/2025\\\/12\\\/WhatsApp-Image-2025-12-11-at-12.54.26.jpeg\",\"contentUrl\":\"http:\\\/\\\/angelboss.com.br\\\/wp-content\\\/uploads\\\/2025\\\/12\\\/WhatsApp-Image-2025-12-11-at-12.54.26.jpeg\",\"width\":1280,\"height\":1280,\"caption\":\"Portal Masculino de Moda, Beleza, Luxo and Business - Angel Boss\"},\"image\":{\"@id\":\"https:\\\/\\\/angelboss.com.br\\\/en\\\/#\\\/schema\\\/logo\\\/image\\\/\"}},{\"@type\":\"Person\",\"@id\":\"https:\\\/\\\/angelboss.com.br\\\/en\\\/#\\\/schema\\\/person\\\/af084936b46cf2e03f299183e429e350\",\"name\":\"Neto Angel Boss\",\"image\":{\"@type\":\"ImageObject\",\"inLanguage\":\"en-US\",\"@id\":\"https:\\\/\\\/secure.gravatar.com\\\/avatar\\\/dbb38b2050e5181e32afbccf458635967af0767d15abe8168b35ebbd97907289?s=96&d=mm&r=g\",\"url\":\"https:\\\/\\\/secure.gravatar.com\\\/avatar\\\/dbb38b2050e5181e32afbccf458635967af0767d15abe8168b35ebbd97907289?s=96&d=mm&r=g\",\"contentUrl\":\"https:\\\/\\\/secure.gravatar.com\\\/avatar\\\/dbb38b2050e5181e32afbccf458635967af0767d15abe8168b35ebbd97907289?s=96&d=mm&r=g\",\"caption\":\"Neto Angel Boss\"},\"sameAs\":[\"http:\\\/\\\/www.angelboss.com\"],\"url\":\"https:\\\/\\\/angelboss.com.br\\\/en\\\/author\\\/netoangelboss\\\/\"}]}<\/script>\n<!-- \/ Yoast SEO plugin. -->","yoast_head_json":{"title":"SP2B 2026: A Nova L\u00f3gica do Empreendedorismo no Ibirapuera","description":"O SP2B chega ao Ibirapuera com 30 palcos e a presen\u00e7a de Esther Perel. Garanta sua credencial para a maior confer\u00eancia de inova\u00e7\u00e3o e neg\u00f3cios de 2026.","robots":{"index":"index","follow":"follow","max-snippet":"max-snippet:-1","max-image-preview":"max-image-preview:large","max-video-preview":"max-video-preview:-1"},"canonical":"http:\/\/angelboss.com.br\/en\/2026\/03\/25\/sp2b-sao-paulo-beyond-business-2026-ingressos-esther-perel\/","og_locale":"en_US","og_type":"article","og_title":"SP2B 2026: A Nova L\u00f3gica do Empreendedorismo no Ibirapuera","og_description":"O SP2B chega ao Ibirapuera com 30 palcos e a presen\u00e7a de Esther Perel. Garanta sua credencial para a maior confer\u00eancia de inova\u00e7\u00e3o e neg\u00f3cios de 2026.","og_url":"http:\/\/angelboss.com.br\/en\/2026\/03\/25\/sp2b-sao-paulo-beyond-business-2026-ingressos-esther-perel\/","og_site_name":"Portal Masculino de Moda, Beleza, Luxo and Business - Angel Boss","article_published_time":"2026-03-25T18:07:34+00:00","article_modified_time":"2026-03-25T18:07:36+00:00","og_image":[{"width":752,"height":424,"url":"http:\/\/angelboss.com.br\/wp-content\/uploads\/2026\/03\/723ced10-0a2c-4fbf-9fd4-093f9c23f5c3.jpg","type":"image\/jpeg"}],"author":"Neto Angel Boss","twitter_card":"summary_large_image","twitter_misc":{"Written by":"Neto Angel Boss","Est. reading time":"14 minutes"},"schema":{"@context":"https:\/\/schema.org","@graph":[{"@type":"Article","@id":"http:\/\/angelboss.com.br\/2026\/03\/25\/sp2b-sao-paulo-beyond-business-2026-ingressos-esther-perel\/#article","isPartOf":{"@id":"http:\/\/angelboss.com.br\/2026\/03\/25\/sp2b-sao-paulo-beyond-business-2026-ingressos-esther-perel\/"},"author":{"name":"Neto Angel Boss","@id":"https:\/\/angelboss.com.br\/en\/#\/schema\/person\/af084936b46cf2e03f299183e429e350"},"headline":"SP2B anuncia venda de credenciais, novas marcas e institui\u00e7\u00f5es parceiras, detalhes dos palcos e trilhas de conte\u00fado que v\u00e3o guiar os pain\u00e9is de sua primeira edi\u00e7\u00e3o","datePublished":"2026-03-25T18:07:34+00:00","dateModified":"2026-03-25T18:07:36+00:00","mainEntityOfPage":{"@id":"http:\/\/angelboss.com.br\/2026\/03\/25\/sp2b-sao-paulo-beyond-business-2026-ingressos-esther-perel\/"},"wordCount":3013,"commentCount":0,"publisher":{"@id":"https:\/\/angelboss.com.br\/en\/#organization"},"image":{"@id":"http:\/\/angelboss.com.br\/2026\/03\/25\/sp2b-sao-paulo-beyond-business-2026-ingressos-esther-perel\/#primaryimage"},"thumbnailUrl":"https:\/\/angelboss.com.br\/wp-content\/uploads\/2026\/03\/723ced10-0a2c-4fbf-9fd4-093f9c23f5c3.jpg","keywords":["A Nova L\u00f3gica","confer\u00eancia de inova\u00e7\u00e3o e neg\u00f3cios","SP2B 2026"],"articleSection":["Not\u00edcias Corporativas"],"inLanguage":"en-US","potentialAction":[{"@type":"CommentAction","name":"Comment","target":["http:\/\/angelboss.com.br\/2026\/03\/25\/sp2b-sao-paulo-beyond-business-2026-ingressos-esther-perel\/#respond"]}]},{"@type":"WebPage","@id":"http:\/\/angelboss.com.br\/2026\/03\/25\/sp2b-sao-paulo-beyond-business-2026-ingressos-esther-perel\/","url":"http:\/\/angelboss.com.br\/2026\/03\/25\/sp2b-sao-paulo-beyond-business-2026-ingressos-esther-perel\/","name":"SP2B 2026: A Nova L\u00f3gica do Empreendedorismo no Ibirapuera","isPartOf":{"@id":"https:\/\/angelboss.com.br\/en\/#website"},"primaryImageOfPage":{"@id":"http:\/\/angelboss.com.br\/2026\/03\/25\/sp2b-sao-paulo-beyond-business-2026-ingressos-esther-perel\/#primaryimage"},"image":{"@id":"http:\/\/angelboss.com.br\/2026\/03\/25\/sp2b-sao-paulo-beyond-business-2026-ingressos-esther-perel\/#primaryimage"},"thumbnailUrl":"https:\/\/angelboss.com.br\/wp-content\/uploads\/2026\/03\/723ced10-0a2c-4fbf-9fd4-093f9c23f5c3.jpg","datePublished":"2026-03-25T18:07:34+00:00","dateModified":"2026-03-25T18:07:36+00:00","description":"O SP2B chega ao Ibirapuera com 30 palcos e a presen\u00e7a de Esther Perel. Garanta sua credencial para a maior confer\u00eancia de inova\u00e7\u00e3o e neg\u00f3cios de 2026.","breadcrumb":{"@id":"http:\/\/angelboss.com.br\/2026\/03\/25\/sp2b-sao-paulo-beyond-business-2026-ingressos-esther-perel\/#breadcrumb"},"inLanguage":"en-US","potentialAction":[{"@type":"ReadAction","target":["http:\/\/angelboss.com.br\/2026\/03\/25\/sp2b-sao-paulo-beyond-business-2026-ingressos-esther-perel\/"]}]},{"@type":"ImageObject","inLanguage":"en-US","@id":"http:\/\/angelboss.com.br\/2026\/03\/25\/sp2b-sao-paulo-beyond-business-2026-ingressos-esther-perel\/#primaryimage","url":"https:\/\/angelboss.com.br\/wp-content\/uploads\/2026\/03\/723ced10-0a2c-4fbf-9fd4-093f9c23f5c3.jpg","contentUrl":"https:\/\/angelboss.com.br\/wp-content\/uploads\/2026\/03\/723ced10-0a2c-4fbf-9fd4-093f9c23f5c3.jpg","width":752,"height":424,"caption":"Imagem\/Divulga\u00e7\u00e3o"},{"@type":"BreadcrumbList","@id":"http:\/\/angelboss.com.br\/2026\/03\/25\/sp2b-sao-paulo-beyond-business-2026-ingressos-esther-perel\/#breadcrumb","itemListElement":[{"@type":"ListItem","position":1,"name":"In\u00edcio","item":"https:\/\/angelboss.com.br\/en\/"},{"@type":"ListItem","position":2,"name":"SP2B anuncia venda de credenciais, novas marcas e institui\u00e7\u00f5es parceiras, detalhes dos palcos e trilhas de conte\u00fado que v\u00e3o guiar os pain\u00e9is de sua primeira edi\u00e7\u00e3o"}]},{"@type":"WebSite","@id":"https:\/\/angelboss.com.br\/en\/#website","url":"https:\/\/angelboss.com.br\/en\/","name":"Portal Masculino de Moda, Beleza, Luxo e Business - Angel Boss","description":"O Maior Portal sobre Moda, Luxo, Beleza e Business Masculino do Brasil","publisher":{"@id":"https:\/\/angelboss.com.br\/en\/#organization"},"alternateName":"Maior Portal e Blog de Beleza Masculina e Luxo","potentialAction":[{"@type":"SearchAction","target":{"@type":"EntryPoint","urlTemplate":"https:\/\/angelboss.com.br\/en\/?s={search_term_string}"},"query-input":{"@type":"PropertyValueSpecification","valueRequired":true,"valueName":"search_term_string"}}],"inLanguage":"en-US"},{"@type":"Organization","@id":"https:\/\/angelboss.com.br\/en\/#organization","name":"Portal Masculino de Moda, Beleza, Luxo and Business - Angel Boss","url":"https:\/\/angelboss.com.br\/en\/","logo":{"@type":"ImageObject","inLanguage":"en-US","@id":"https:\/\/angelboss.com.br\/en\/#\/schema\/logo\/image\/","url":"http:\/\/angelboss.com.br\/wp-content\/uploads\/2025\/12\/WhatsApp-Image-2025-12-11-at-12.54.26.jpeg","contentUrl":"http:\/\/angelboss.com.br\/wp-content\/uploads\/2025\/12\/WhatsApp-Image-2025-12-11-at-12.54.26.jpeg","width":1280,"height":1280,"caption":"Portal Masculino de Moda, Beleza, Luxo and Business - Angel Boss"},"image":{"@id":"https:\/\/angelboss.com.br\/en\/#\/schema\/logo\/image\/"}},{"@type":"Person","@id":"https:\/\/angelboss.com.br\/en\/#\/schema\/person\/af084936b46cf2e03f299183e429e350","name":"Neto Angel Boss","image":{"@type":"ImageObject","inLanguage":"en-US","@id":"https:\/\/secure.gravatar.com\/avatar\/dbb38b2050e5181e32afbccf458635967af0767d15abe8168b35ebbd97907289?s=96&d=mm&r=g","url":"https:\/\/secure.gravatar.com\/avatar\/dbb38b2050e5181e32afbccf458635967af0767d15abe8168b35ebbd97907289?s=96&d=mm&r=g","contentUrl":"https:\/\/secure.gravatar.com\/avatar\/dbb38b2050e5181e32afbccf458635967af0767d15abe8168b35ebbd97907289?s=96&d=mm&r=g","caption":"Neto Angel Boss"},"sameAs":["http:\/\/www.angelboss.com"],"url":"https:\/\/angelboss.com.br\/en\/author\/netoangelboss\/"}]}},"amp_enabled":true,"_links":{"self":[{"href":"https:\/\/angelboss.com.br\/en\/wp-json\/wp\/v2\/posts\/16668","targetHints":{"allow":["GET"]}}],"collection":[{"href":"https:\/\/angelboss.com.br\/en\/wp-json\/wp\/v2\/posts"}],"about":[{"href":"https:\/\/angelboss.com.br\/en\/wp-json\/wp\/v2\/types\/post"}],"author":[{"embeddable":true,"href":"https:\/\/angelboss.com.br\/en\/wp-json\/wp\/v2\/users\/2"}],"replies":[{"embeddable":true,"href":"https:\/\/angelboss.com.br\/en\/wp-json\/wp\/v2\/comments?post=16668"}],"version-history":[{"count":1,"href":"https:\/\/angelboss.com.br\/en\/wp-json\/wp\/v2\/posts\/16668\/revisions"}],"predecessor-version":[{"id":16671,"href":"https:\/\/angelboss.com.br\/en\/wp-json\/wp\/v2\/posts\/16668\/revisions\/16671"}],"wp:featuredmedia":[{"embeddable":true,"href":"https:\/\/angelboss.com.br\/en\/wp-json\/wp\/v2\/media\/16670"}],"wp:attachment":[{"href":"https:\/\/angelboss.com.br\/en\/wp-json\/wp\/v2\/media?parent=16668"}],"wp:term":[{"taxonomy":"category","embeddable":true,"href":"https:\/\/angelboss.com.br\/en\/wp-json\/wp\/v2\/categories?post=16668"},{"taxonomy":"post_tag","embeddable":true,"href":"https:\/\/angelboss.com.br\/en\/wp-json\/wp\/v2\/tags?post=16668"}],"curies":[{"name":"wp","href":"https:\/\/api.w.org\/{rel}","templated":true}]}}