{"id":16251,"date":"2026-03-23T18:14:20","date_gmt":"2026-03-23T18:14:20","guid":{"rendered":"https:\/\/angelboss.com.br\/?p=16251"},"modified":"2026-03-23T18:14:29","modified_gmt":"2026-03-23T18:14:29","slug":"rio-fashion-week-2026-porto-maravilha-line-up-ingressos","status":"publish","type":"post","link":"https:\/\/angelboss.com.br\/en\/2026\/03\/23\/rio-fashion-week-2026-porto-maravilha-line-up-ingressos\/","title":{"rendered":"Rio Fashion Week ter\u00e1 20 desfiles de 14 a 18 de abril entre o Pier Mau\u00e1 e endere\u00e7os emblem\u00e1ticos da cidade"},"content":{"rendered":"<p>De 14 a 18 de abril, a capital carioca recebe marcas de todas as regi\u00f5es do pa\u00eds em um hub criativo que une o hist\u00f3rico pr\u00e9dio do Touring \u00e0 modernidade do P\u00eder Mau\u00e1.<\/p>\n\n\n\n<p>A moda nacional ganha um novo e sofisticado palco com a realiza\u00e7\u00e3o do <strong>Rio Fashion Week 2026 Porto Maravilha<\/strong>. Entre os dias 14 e 18 de abril, o Rio de Janeiro se transforma na capital mundial do estilo, ocupando tr\u00eas armaz\u00e9ns do P\u00eder Mau\u00e1 e o emblem\u00e1tico pr\u00e9dio do Touring, joia da Art D\u00e9co carioca. A semana de moda contar\u00e1 com 20 desfiles que traduzem a diversidade e o progresso do design brasileiro, sob a organiza\u00e7\u00e3o da IMM \u2014 a mesma gigante por tr\u00e1s do Rio Open e SPFW. Com a apresenta\u00e7\u00e3o da Prefeitura do Rio e do Senac RJ, o evento marca o renascimento da cidade como hub estrat\u00e9gico para a ind\u00fastria t\u00eaxtil e criativa de alto padr\u00e3o.<\/p>\n\n\n\n<p>O line-up d<strong>a semana de moda<\/strong> \u00e9 uma verdadeira vitrine do talento nacional, reunindo nove marcas cariocas ic\u00f4nicas, como Osklen, Lenny Niemeyer e Isabela Capeto. A curadoria do <strong>Rio Fashion Week 2026 Porto Maravilha<\/strong> tamb\u00e9m traz perspectivas de todas as regi\u00f5es do pa\u00eds: do Centro-Oeste vem a Misci; do Norte, a Normando e Aluf; enquanto o Nordeste \u00e9 representado por Dendezeiro e Hel\u00f4 Rocha. A presen\u00e7a global no evento fica por conta da Adidas, que traz a influ\u00eancia do <em>sportswear<\/em> para a passarela, conectando o desempenho atl\u00e9tico \u00e0 est\u00e9tica urbana contempor\u00e2nea que tanto ressoa com o p\u00fablico do Angel Boss.<\/p>\n\n\n\n<h2 class=\"wp-block-heading\">Curadoria e Tradi\u00e7\u00e3o: Rio Fashion Week 2026 Porto Maravilha<\/h2>\n\n\n\n<p>Al\u00e9m das passarelas, o <strong>Rio Fashion Week 2026 Porto Maravilha<\/strong> destaca-se pelo resgate de endere\u00e7os hist\u00f3ricos. O Touring, rec\u00e9m-revitalizado, ser\u00e1 um dos cen\u00e1rios principais, oferecendo um contraste elegante entre o patrim\u00f4nio hist\u00f3rico e as cole\u00e7\u00f5es de vanguarda de nomes como Apartamento 03 e Karoline Vitto. No <strong>Rio Fashion Week 2026 Porto Maravilha<\/strong>, a moda \u00e9 vista como uma experi\u00eancia multissensorial, onde a arquitetura da cidade dialoga com as texturas e cores das novas cole\u00e7\u00f5es. Para os leitores do Angel Boss, acompanhar o <strong>Rio Fashion Week 2026 Porto Maravilha<\/strong> \u00e9 essencial para entender as pr\u00f3ximas tend\u00eancias de consumo e comportamento do mercado de luxo.<\/p>\n\n\n\n<h2 class=\"wp-block-heading\">Experi\u00eancia e Ingressos: Rio Fashion Week 2026 Porto Maravilha<\/h2>\n\n\n\n<p>As vendas para o evento j\u00e1 est\u00e3o abertas, oferecendo desde o acesso aos desfiles at\u00e9 experi\u00eancias exclusivas com patrocinadores master como C6 e Riachuelo. O evento n\u00e3o \u00e9 apenas sobre roupas; \u00e9 sobre a celebra\u00e7\u00e3o do <em>lifestyle<\/em> carioca em sua forma mais refinada. No portal Angel Boss, acreditamos que eventos desta magnitude impulsionam o progresso econ\u00f4mico e cultural, posicionando o Brasil como um player indispens\u00e1vel no circuito da moda internacional. Garanta seu lugar e prepare-se para ver o Porto Maravilha brilhar sob as luzes da alta costura nacional.<\/p>\n\n\n\n<p>No portal Angel Boss, valorizamos a criatividade que move o mundo. O <strong>Rio Fashion Week 2026 Porto Maravilha<\/strong> \u00e9 o ponto de encontro de mentes brilhantes, marcas vision\u00e1rias e apaixonados por estilo que n\u00e3o abrem m\u00e3o da excel\u00eancia. Acompanhe nossa cobertura completa e descubra como o Rio de Janeiro est\u00e1 redefinindo os c\u00f3digos da moda brasileira nesta temporada. A passarela est\u00e1 pronta; o espet\u00e1culo vai come\u00e7ar.<\/p>\n\n\n\n<figure class=\"wp-block-image is-resized\"><img decoding=\"async\" src=\"https:\/\/s2601.imxsnd00.com\/3iRmOhR2M3UTZ6InYu02bj5ycz9mYsV2ZuFGQsV2ZuF2b0Vmb6IDO3QDM4EzNyIjOnVGcq5ydvxWYhFGNyITOmZDZ4cTNlJjYwgTYhlTOwIDM0IWZwkjZ1YkMlkjZ1YkMlkTM0QTMGJTJ5MzM1YjN0kjMz8VL1ETLf9VLwITLfpjN\" alt=\"\" style=\"aspect-ratio:2.066213045518536;width:780px;height:auto\"\/><\/figure>\n\n\n\n<p><\/p>","protected":false},"excerpt":{"rendered":"<p>De 14 a 18 de abril, a capital carioca recebe marcas de todas as regi\u00f5es do pa\u00eds em um hub criativo que une o hist\u00f3rico pr\u00e9dio do Touring \u00e0 modernidade do P\u00eder Mau\u00e1. A moda nacional ganha um novo e sofisticado palco com a realiza\u00e7\u00e3o do Rio Fashion Week 2026 Porto Maravilha. Entre os dias<\/p>","protected":false},"author":2,"featured_media":16253,"comment_status":"open","ping_status":"open","sticky":false,"template":"","format":"standard","meta":{"footnotes":""},"categories":[168,315],"tags":[2398,2397,2396],"class_list":{"0":"post-16251","1":"post","2":"type-post","3":"status-publish","4":"format-standard","5":"has-post-thumbnail","7":"category-eai-bora-nessa","8":"category-noticias-corporativas-dino","9":"tag-20-desfiles-e-luxo","10":"tag-porto-maravilha","11":"tag-rio-fashion-week-2026"},"yoast_head":"<!-- This site is optimized with the Yoast SEO plugin v27.5 - https:\/\/yoast.com\/product\/yoast-seo-wordpress\/ -->\n<title>Rio Fashion Week 2026 Porto Maravilha: 20 Desfiles e Luxo<\/title>\n<meta name=\"description\" content=\"escubra o Rio Fashion Week 2026 Porto Maravilha. Com 20 desfiles, o evento re\u00fane marcas como Osklen e Lenny Niemeyer no P\u00eder Mau\u00e1.\" \/>\n<meta name=\"robots\" content=\"index, follow, max-snippet:-1, max-image-preview:large, max-video-preview:-1\" \/>\n<link rel=\"canonical\" href=\"http:\/\/angelboss.com.br\/en\/2026\/03\/23\/rio-fashion-week-2026-porto-maravilha-line-up-ingressos\/\" \/>\n<meta property=\"og:locale\" content=\"en_US\" \/>\n<meta property=\"og:type\" content=\"article\" \/>\n<meta property=\"og:title\" content=\"Rio Fashion Week 2026 Porto Maravilha: 20 Desfiles e Luxo\" \/>\n<meta property=\"og:description\" content=\"escubra o Rio Fashion Week 2026 Porto Maravilha. Com 20 desfiles, o evento re\u00fane marcas como Osklen e Lenny Niemeyer no P\u00eder Mau\u00e1.\" \/>\n<meta property=\"og:url\" content=\"http:\/\/angelboss.com.br\/en\/2026\/03\/23\/rio-fashion-week-2026-porto-maravilha-line-up-ingressos\/\" \/>\n<meta property=\"og:site_name\" content=\"Portal Masculino de Moda, Beleza, Luxo and Business - Angel Boss\" \/>\n<meta property=\"article:published_time\" content=\"2026-03-23T18:14:20+00:00\" \/>\n<meta property=\"article:modified_time\" content=\"2026-03-23T18:14:29+00:00\" \/>\n<meta property=\"og:image\" content=\"http:\/\/angelboss.com.br\/wp-content\/uploads\/2026\/03\/3iRmOhR2M3UTZ6InYu02bj5ycz9mYsV2ZuFGQsV2ZuF2b0Vmb6IDO3QDM4EzNyIjOnVGcq5ydvxWYhFGNyITOmZDZ4cTNlJjYwgTYhlTOwIDM0IWZwkjZ1YkMlkjZ1YkMlkTM0QTMGJTJ5MzM1YjN0kjMz8VL1ETLf9VLwITLfpjN.jpg\" \/>\n\t<meta property=\"og:image:width\" content=\"688\" \/>\n\t<meta property=\"og:image:height\" content=\"333\" \/>\n\t<meta property=\"og:image:type\" content=\"image\/jpeg\" \/>\n<meta name=\"author\" content=\"Neto Angel Boss\" \/>\n<meta name=\"twitter:card\" content=\"summary_large_image\" \/>\n<meta name=\"twitter:label1\" content=\"Written by\" \/>\n\t<meta name=\"twitter:data1\" content=\"Neto Angel Boss\" \/>\n\t<meta name=\"twitter:label2\" content=\"Est. reading time\" \/>\n\t<meta name=\"twitter:data2\" content=\"4 minutes\" \/>\n<script type=\"application\/ld+json\" class=\"yoast-schema-graph\">{\"@context\":\"https:\\\/\\\/schema.org\",\"@graph\":[{\"@type\":\"Article\",\"@id\":\"http:\\\/\\\/angelboss.com.br\\\/2026\\\/03\\\/23\\\/rio-fashion-week-2026-porto-maravilha-line-up-ingressos\\\/#article\",\"isPartOf\":{\"@id\":\"http:\\\/\\\/angelboss.com.br\\\/2026\\\/03\\\/23\\\/rio-fashion-week-2026-porto-maravilha-line-up-ingressos\\\/\"},\"author\":{\"name\":\"Neto Angel Boss\",\"@id\":\"https:\\\/\\\/angelboss.com.br\\\/en\\\/#\\\/schema\\\/person\\\/af084936b46cf2e03f299183e429e350\"},\"headline\":\"Rio Fashion Week ter\u00e1 20 desfiles de 14 a 18 de abril entre o Pier Mau\u00e1 e endere\u00e7os emblem\u00e1ticos da cidade\",\"datePublished\":\"2026-03-23T18:14:20+00:00\",\"dateModified\":\"2026-03-23T18:14:29+00:00\",\"mainEntityOfPage\":{\"@id\":\"http:\\\/\\\/angelboss.com.br\\\/2026\\\/03\\\/23\\\/rio-fashion-week-2026-porto-maravilha-line-up-ingressos\\\/\"},\"wordCount\":579,\"commentCount\":0,\"publisher\":{\"@id\":\"https:\\\/\\\/angelboss.com.br\\\/en\\\/#organization\"},\"image\":{\"@id\":\"http:\\\/\\\/angelboss.com.br\\\/2026\\\/03\\\/23\\\/rio-fashion-week-2026-porto-maravilha-line-up-ingressos\\\/#primaryimage\"},\"thumbnailUrl\":\"https:\\\/\\\/angelboss.com.br\\\/wp-content\\\/uploads\\\/2026\\\/03\\\/3iRmOhR2M3UTZ6InYu02bj5ycz9mYsV2ZuFGQsV2ZuF2b0Vmb6IDO3QDM4EzNyIjOnVGcq5ydvxWYhFGNyITOmZDZ4cTNlJjYwgTYhlTOwIDM0IWZwkjZ1YkMlkjZ1YkMlkTM0QTMGJTJ5MzM1YjN0kjMz8VL1ETLf9VLwITLfpjN.jpg\",\"keywords\":[\"20 Desfiles e Luxo\",\"Porto Maravilha\",\"Rio Fashion Week 2026\"],\"articleSection\":[\"EA\u00cd, BORA NESSA?\",\"Not\u00edcias Corporativas\"],\"inLanguage\":\"en-US\",\"potentialAction\":[{\"@type\":\"CommentAction\",\"name\":\"Comment\",\"target\":[\"http:\\\/\\\/angelboss.com.br\\\/2026\\\/03\\\/23\\\/rio-fashion-week-2026-porto-maravilha-line-up-ingressos\\\/#respond\"]}]},{\"@type\":\"WebPage\",\"@id\":\"http:\\\/\\\/angelboss.com.br\\\/2026\\\/03\\\/23\\\/rio-fashion-week-2026-porto-maravilha-line-up-ingressos\\\/\",\"url\":\"http:\\\/\\\/angelboss.com.br\\\/2026\\\/03\\\/23\\\/rio-fashion-week-2026-porto-maravilha-line-up-ingressos\\\/\",\"name\":\"Rio Fashion Week 2026 Porto Maravilha: 20 Desfiles e Luxo\",\"isPartOf\":{\"@id\":\"https:\\\/\\\/angelboss.com.br\\\/en\\\/#website\"},\"primaryImageOfPage\":{\"@id\":\"http:\\\/\\\/angelboss.com.br\\\/2026\\\/03\\\/23\\\/rio-fashion-week-2026-porto-maravilha-line-up-ingressos\\\/#primaryimage\"},\"image\":{\"@id\":\"http:\\\/\\\/angelboss.com.br\\\/2026\\\/03\\\/23\\\/rio-fashion-week-2026-porto-maravilha-line-up-ingressos\\\/#primaryimage\"},\"thumbnailUrl\":\"https:\\\/\\\/angelboss.com.br\\\/wp-content\\\/uploads\\\/2026\\\/03\\\/3iRmOhR2M3UTZ6InYu02bj5ycz9mYsV2ZuFGQsV2ZuF2b0Vmb6IDO3QDM4EzNyIjOnVGcq5ydvxWYhFGNyITOmZDZ4cTNlJjYwgTYhlTOwIDM0IWZwkjZ1YkMlkjZ1YkMlkTM0QTMGJTJ5MzM1YjN0kjMz8VL1ETLf9VLwITLfpjN.jpg\",\"datePublished\":\"2026-03-23T18:14:20+00:00\",\"dateModified\":\"2026-03-23T18:14:29+00:00\",\"description\":\"escubra o Rio Fashion Week 2026 Porto Maravilha. Com 20 desfiles, o evento re\u00fane marcas como Osklen e Lenny Niemeyer no P\u00eder Mau\u00e1.\",\"breadcrumb\":{\"@id\":\"http:\\\/\\\/angelboss.com.br\\\/2026\\\/03\\\/23\\\/rio-fashion-week-2026-porto-maravilha-line-up-ingressos\\\/#breadcrumb\"},\"inLanguage\":\"en-US\",\"potentialAction\":[{\"@type\":\"ReadAction\",\"target\":[\"http:\\\/\\\/angelboss.com.br\\\/2026\\\/03\\\/23\\\/rio-fashion-week-2026-porto-maravilha-line-up-ingressos\\\/\"]}]},{\"@type\":\"ImageObject\",\"inLanguage\":\"en-US\",\"@id\":\"http:\\\/\\\/angelboss.com.br\\\/2026\\\/03\\\/23\\\/rio-fashion-week-2026-porto-maravilha-line-up-ingressos\\\/#primaryimage\",\"url\":\"https:\\\/\\\/angelboss.com.br\\\/wp-content\\\/uploads\\\/2026\\\/03\\\/3iRmOhR2M3UTZ6InYu02bj5ycz9mYsV2ZuFGQsV2ZuF2b0Vmb6IDO3QDM4EzNyIjOnVGcq5ydvxWYhFGNyITOmZDZ4cTNlJjYwgTYhlTOwIDM0IWZwkjZ1YkMlkjZ1YkMlkTM0QTMGJTJ5MzM1YjN0kjMz8VL1ETLf9VLwITLfpjN.jpg\",\"contentUrl\":\"https:\\\/\\\/angelboss.com.br\\\/wp-content\\\/uploads\\\/2026\\\/03\\\/3iRmOhR2M3UTZ6InYu02bj5ycz9mYsV2ZuFGQsV2ZuF2b0Vmb6IDO3QDM4EzNyIjOnVGcq5ydvxWYhFGNyITOmZDZ4cTNlJjYwgTYhlTOwIDM0IWZwkjZ1YkMlkjZ1YkMlkTM0QTMGJTJ5MzM1YjN0kjMz8VL1ETLf9VLwITLfpjN.jpg\",\"width\":688,\"height\":333,\"caption\":\"Imagem\\\/Divulga\u00e7\u00e3o\"},{\"@type\":\"BreadcrumbList\",\"@id\":\"http:\\\/\\\/angelboss.com.br\\\/2026\\\/03\\\/23\\\/rio-fashion-week-2026-porto-maravilha-line-up-ingressos\\\/#breadcrumb\",\"itemListElement\":[{\"@type\":\"ListItem\",\"position\":1,\"name\":\"In\u00edcio\",\"item\":\"https:\\\/\\\/angelboss.com.br\\\/en\\\/\"},{\"@type\":\"ListItem\",\"position\":2,\"name\":\"Rio Fashion Week ter\u00e1 20 desfiles de 14 a 18 de abril entre o Pier Mau\u00e1 e endere\u00e7os emblem\u00e1ticos da cidade\"}]},{\"@type\":\"WebSite\",\"@id\":\"https:\\\/\\\/angelboss.com.br\\\/en\\\/#website\",\"url\":\"https:\\\/\\\/angelboss.com.br\\\/en\\\/\",\"name\":\"Portal Masculino de Moda, Beleza, Luxo e Business - Angel Boss\",\"description\":\"O Maior Portal sobre Moda, Luxo, Beleza e Business Masculino do Brasil\",\"publisher\":{\"@id\":\"https:\\\/\\\/angelboss.com.br\\\/en\\\/#organization\"},\"alternateName\":\"Maior Portal e Blog de Beleza Masculina e Luxo\",\"potentialAction\":[{\"@type\":\"SearchAction\",\"target\":{\"@type\":\"EntryPoint\",\"urlTemplate\":\"https:\\\/\\\/angelboss.com.br\\\/en\\\/?s={search_term_string}\"},\"query-input\":{\"@type\":\"PropertyValueSpecification\",\"valueRequired\":true,\"valueName\":\"search_term_string\"}}],\"inLanguage\":\"en-US\"},{\"@type\":\"Organization\",\"@id\":\"https:\\\/\\\/angelboss.com.br\\\/en\\\/#organization\",\"name\":\"Portal Masculino de Moda, Beleza, Luxo and Business - Angel Boss\",\"url\":\"https:\\\/\\\/angelboss.com.br\\\/en\\\/\",\"logo\":{\"@type\":\"ImageObject\",\"inLanguage\":\"en-US\",\"@id\":\"https:\\\/\\\/angelboss.com.br\\\/en\\\/#\\\/schema\\\/logo\\\/image\\\/\",\"url\":\"http:\\\/\\\/angelboss.com.br\\\/wp-content\\\/uploads\\\/2025\\\/12\\\/WhatsApp-Image-2025-12-11-at-12.54.26.jpeg\",\"contentUrl\":\"http:\\\/\\\/angelboss.com.br\\\/wp-content\\\/uploads\\\/2025\\\/12\\\/WhatsApp-Image-2025-12-11-at-12.54.26.jpeg\",\"width\":1280,\"height\":1280,\"caption\":\"Portal Masculino de Moda, Beleza, Luxo and Business - Angel Boss\"},\"image\":{\"@id\":\"https:\\\/\\\/angelboss.com.br\\\/en\\\/#\\\/schema\\\/logo\\\/image\\\/\"}},{\"@type\":\"Person\",\"@id\":\"https:\\\/\\\/angelboss.com.br\\\/en\\\/#\\\/schema\\\/person\\\/af084936b46cf2e03f299183e429e350\",\"name\":\"Neto Angel Boss\",\"image\":{\"@type\":\"ImageObject\",\"inLanguage\":\"en-US\",\"@id\":\"https:\\\/\\\/secure.gravatar.com\\\/avatar\\\/dbb38b2050e5181e32afbccf458635967af0767d15abe8168b35ebbd97907289?s=96&d=mm&r=g\",\"url\":\"https:\\\/\\\/secure.gravatar.com\\\/avatar\\\/dbb38b2050e5181e32afbccf458635967af0767d15abe8168b35ebbd97907289?s=96&d=mm&r=g\",\"contentUrl\":\"https:\\\/\\\/secure.gravatar.com\\\/avatar\\\/dbb38b2050e5181e32afbccf458635967af0767d15abe8168b35ebbd97907289?s=96&d=mm&r=g\",\"caption\":\"Neto Angel Boss\"},\"sameAs\":[\"http:\\\/\\\/www.angelboss.com\"],\"url\":\"https:\\\/\\\/angelboss.com.br\\\/en\\\/author\\\/netoangelboss\\\/\"}]}<\/script>\n<!-- \/ Yoast SEO plugin. -->","yoast_head_json":{"title":"Rio Fashion Week 2026 Porto Maravilha: 20 Desfiles e Luxo","description":"escubra o Rio Fashion Week 2026 Porto Maravilha. Com 20 desfiles, o evento re\u00fane marcas como Osklen e Lenny Niemeyer no P\u00eder Mau\u00e1.","robots":{"index":"index","follow":"follow","max-snippet":"max-snippet:-1","max-image-preview":"max-image-preview:large","max-video-preview":"max-video-preview:-1"},"canonical":"http:\/\/angelboss.com.br\/en\/2026\/03\/23\/rio-fashion-week-2026-porto-maravilha-line-up-ingressos\/","og_locale":"en_US","og_type":"article","og_title":"Rio Fashion Week 2026 Porto Maravilha: 20 Desfiles e Luxo","og_description":"escubra o Rio Fashion Week 2026 Porto Maravilha. Com 20 desfiles, o evento re\u00fane marcas como Osklen e Lenny Niemeyer no P\u00eder Mau\u00e1.","og_url":"http:\/\/angelboss.com.br\/en\/2026\/03\/23\/rio-fashion-week-2026-porto-maravilha-line-up-ingressos\/","og_site_name":"Portal Masculino de Moda, Beleza, Luxo and Business - Angel Boss","article_published_time":"2026-03-23T18:14:20+00:00","article_modified_time":"2026-03-23T18:14:29+00:00","og_image":[{"width":688,"height":333,"url":"http:\/\/angelboss.com.br\/wp-content\/uploads\/2026\/03\/3iRmOhR2M3UTZ6InYu02bj5ycz9mYsV2ZuFGQsV2ZuF2b0Vmb6IDO3QDM4EzNyIjOnVGcq5ydvxWYhFGNyITOmZDZ4cTNlJjYwgTYhlTOwIDM0IWZwkjZ1YkMlkjZ1YkMlkTM0QTMGJTJ5MzM1YjN0kjMz8VL1ETLf9VLwITLfpjN.jpg","type":"image\/jpeg"}],"author":"Neto Angel Boss","twitter_card":"summary_large_image","twitter_misc":{"Written by":"Neto Angel Boss","Est. reading time":"4 minutes"},"schema":{"@context":"https:\/\/schema.org","@graph":[{"@type":"Article","@id":"http:\/\/angelboss.com.br\/2026\/03\/23\/rio-fashion-week-2026-porto-maravilha-line-up-ingressos\/#article","isPartOf":{"@id":"http:\/\/angelboss.com.br\/2026\/03\/23\/rio-fashion-week-2026-porto-maravilha-line-up-ingressos\/"},"author":{"name":"Neto Angel Boss","@id":"https:\/\/angelboss.com.br\/en\/#\/schema\/person\/af084936b46cf2e03f299183e429e350"},"headline":"Rio Fashion Week ter\u00e1 20 desfiles de 14 a 18 de abril entre o Pier Mau\u00e1 e endere\u00e7os emblem\u00e1ticos da cidade","datePublished":"2026-03-23T18:14:20+00:00","dateModified":"2026-03-23T18:14:29+00:00","mainEntityOfPage":{"@id":"http:\/\/angelboss.com.br\/2026\/03\/23\/rio-fashion-week-2026-porto-maravilha-line-up-ingressos\/"},"wordCount":579,"commentCount":0,"publisher":{"@id":"https:\/\/angelboss.com.br\/en\/#organization"},"image":{"@id":"http:\/\/angelboss.com.br\/2026\/03\/23\/rio-fashion-week-2026-porto-maravilha-line-up-ingressos\/#primaryimage"},"thumbnailUrl":"https:\/\/angelboss.com.br\/wp-content\/uploads\/2026\/03\/3iRmOhR2M3UTZ6InYu02bj5ycz9mYsV2ZuFGQsV2ZuF2b0Vmb6IDO3QDM4EzNyIjOnVGcq5ydvxWYhFGNyITOmZDZ4cTNlJjYwgTYhlTOwIDM0IWZwkjZ1YkMlkjZ1YkMlkTM0QTMGJTJ5MzM1YjN0kjMz8VL1ETLf9VLwITLfpjN.jpg","keywords":["20 Desfiles e Luxo","Porto Maravilha","Rio Fashion Week 2026"],"articleSection":["EA\u00cd, BORA NESSA?","Not\u00edcias Corporativas"],"inLanguage":"en-US","potentialAction":[{"@type":"CommentAction","name":"Comment","target":["http:\/\/angelboss.com.br\/2026\/03\/23\/rio-fashion-week-2026-porto-maravilha-line-up-ingressos\/#respond"]}]},{"@type":"WebPage","@id":"http:\/\/angelboss.com.br\/2026\/03\/23\/rio-fashion-week-2026-porto-maravilha-line-up-ingressos\/","url":"http:\/\/angelboss.com.br\/2026\/03\/23\/rio-fashion-week-2026-porto-maravilha-line-up-ingressos\/","name":"Rio Fashion Week 2026 Porto Maravilha: 20 Desfiles e Luxo","isPartOf":{"@id":"https:\/\/angelboss.com.br\/en\/#website"},"primaryImageOfPage":{"@id":"http:\/\/angelboss.com.br\/2026\/03\/23\/rio-fashion-week-2026-porto-maravilha-line-up-ingressos\/#primaryimage"},"image":{"@id":"http:\/\/angelboss.com.br\/2026\/03\/23\/rio-fashion-week-2026-porto-maravilha-line-up-ingressos\/#primaryimage"},"thumbnailUrl":"https:\/\/angelboss.com.br\/wp-content\/uploads\/2026\/03\/3iRmOhR2M3UTZ6InYu02bj5ycz9mYsV2ZuFGQsV2ZuF2b0Vmb6IDO3QDM4EzNyIjOnVGcq5ydvxWYhFGNyITOmZDZ4cTNlJjYwgTYhlTOwIDM0IWZwkjZ1YkMlkjZ1YkMlkTM0QTMGJTJ5MzM1YjN0kjMz8VL1ETLf9VLwITLfpjN.jpg","datePublished":"2026-03-23T18:14:20+00:00","dateModified":"2026-03-23T18:14:29+00:00","description":"escubra o Rio Fashion Week 2026 Porto Maravilha. Com 20 desfiles, o evento re\u00fane marcas como Osklen e Lenny Niemeyer no P\u00eder Mau\u00e1.","breadcrumb":{"@id":"http:\/\/angelboss.com.br\/2026\/03\/23\/rio-fashion-week-2026-porto-maravilha-line-up-ingressos\/#breadcrumb"},"inLanguage":"en-US","potentialAction":[{"@type":"ReadAction","target":["http:\/\/angelboss.com.br\/2026\/03\/23\/rio-fashion-week-2026-porto-maravilha-line-up-ingressos\/"]}]},{"@type":"ImageObject","inLanguage":"en-US","@id":"http:\/\/angelboss.com.br\/2026\/03\/23\/rio-fashion-week-2026-porto-maravilha-line-up-ingressos\/#primaryimage","url":"https:\/\/angelboss.com.br\/wp-content\/uploads\/2026\/03\/3iRmOhR2M3UTZ6InYu02bj5ycz9mYsV2ZuFGQsV2ZuF2b0Vmb6IDO3QDM4EzNyIjOnVGcq5ydvxWYhFGNyITOmZDZ4cTNlJjYwgTYhlTOwIDM0IWZwkjZ1YkMlkjZ1YkMlkTM0QTMGJTJ5MzM1YjN0kjMz8VL1ETLf9VLwITLfpjN.jpg","contentUrl":"https:\/\/angelboss.com.br\/wp-content\/uploads\/2026\/03\/3iRmOhR2M3UTZ6InYu02bj5ycz9mYsV2ZuFGQsV2ZuF2b0Vmb6IDO3QDM4EzNyIjOnVGcq5ydvxWYhFGNyITOmZDZ4cTNlJjYwgTYhlTOwIDM0IWZwkjZ1YkMlkjZ1YkMlkTM0QTMGJTJ5MzM1YjN0kjMz8VL1ETLf9VLwITLfpjN.jpg","width":688,"height":333,"caption":"Imagem\/Divulga\u00e7\u00e3o"},{"@type":"BreadcrumbList","@id":"http:\/\/angelboss.com.br\/2026\/03\/23\/rio-fashion-week-2026-porto-maravilha-line-up-ingressos\/#breadcrumb","itemListElement":[{"@type":"ListItem","position":1,"name":"In\u00edcio","item":"https:\/\/angelboss.com.br\/en\/"},{"@type":"ListItem","position":2,"name":"Rio Fashion Week ter\u00e1 20 desfiles de 14 a 18 de abril entre o Pier Mau\u00e1 e endere\u00e7os emblem\u00e1ticos da cidade"}]},{"@type":"WebSite","@id":"https:\/\/angelboss.com.br\/en\/#website","url":"https:\/\/angelboss.com.br\/en\/","name":"Portal Masculino de Moda, Beleza, Luxo e Business - Angel Boss","description":"O Maior Portal sobre Moda, Luxo, Beleza e Business Masculino do Brasil","publisher":{"@id":"https:\/\/angelboss.com.br\/en\/#organization"},"alternateName":"Maior Portal e Blog de Beleza Masculina e Luxo","potentialAction":[{"@type":"SearchAction","target":{"@type":"EntryPoint","urlTemplate":"https:\/\/angelboss.com.br\/en\/?s={search_term_string}"},"query-input":{"@type":"PropertyValueSpecification","valueRequired":true,"valueName":"search_term_string"}}],"inLanguage":"en-US"},{"@type":"Organization","@id":"https:\/\/angelboss.com.br\/en\/#organization","name":"Portal Masculino de Moda, Beleza, Luxo and Business - Angel Boss","url":"https:\/\/angelboss.com.br\/en\/","logo":{"@type":"ImageObject","inLanguage":"en-US","@id":"https:\/\/angelboss.com.br\/en\/#\/schema\/logo\/image\/","url":"http:\/\/angelboss.com.br\/wp-content\/uploads\/2025\/12\/WhatsApp-Image-2025-12-11-at-12.54.26.jpeg","contentUrl":"http:\/\/angelboss.com.br\/wp-content\/uploads\/2025\/12\/WhatsApp-Image-2025-12-11-at-12.54.26.jpeg","width":1280,"height":1280,"caption":"Portal Masculino de Moda, Beleza, Luxo and Business - Angel Boss"},"image":{"@id":"https:\/\/angelboss.com.br\/en\/#\/schema\/logo\/image\/"}},{"@type":"Person","@id":"https:\/\/angelboss.com.br\/en\/#\/schema\/person\/af084936b46cf2e03f299183e429e350","name":"Neto Angel Boss","image":{"@type":"ImageObject","inLanguage":"en-US","@id":"https:\/\/secure.gravatar.com\/avatar\/dbb38b2050e5181e32afbccf458635967af0767d15abe8168b35ebbd97907289?s=96&d=mm&r=g","url":"https:\/\/secure.gravatar.com\/avatar\/dbb38b2050e5181e32afbccf458635967af0767d15abe8168b35ebbd97907289?s=96&d=mm&r=g","contentUrl":"https:\/\/secure.gravatar.com\/avatar\/dbb38b2050e5181e32afbccf458635967af0767d15abe8168b35ebbd97907289?s=96&d=mm&r=g","caption":"Neto Angel Boss"},"sameAs":["http:\/\/www.angelboss.com"],"url":"https:\/\/angelboss.com.br\/en\/author\/netoangelboss\/"}]}},"amp_enabled":true,"_links":{"self":[{"href":"https:\/\/angelboss.com.br\/en\/wp-json\/wp\/v2\/posts\/16251","targetHints":{"allow":["GET"]}}],"collection":[{"href":"https:\/\/angelboss.com.br\/en\/wp-json\/wp\/v2\/posts"}],"about":[{"href":"https:\/\/angelboss.com.br\/en\/wp-json\/wp\/v2\/types\/post"}],"author":[{"embeddable":true,"href":"https:\/\/angelboss.com.br\/en\/wp-json\/wp\/v2\/users\/2"}],"replies":[{"embeddable":true,"href":"https:\/\/angelboss.com.br\/en\/wp-json\/wp\/v2\/comments?post=16251"}],"version-history":[{"count":1,"href":"https:\/\/angelboss.com.br\/en\/wp-json\/wp\/v2\/posts\/16251\/revisions"}],"predecessor-version":[{"id":16255,"href":"https:\/\/angelboss.com.br\/en\/wp-json\/wp\/v2\/posts\/16251\/revisions\/16255"}],"wp:featuredmedia":[{"embeddable":true,"href":"https:\/\/angelboss.com.br\/en\/wp-json\/wp\/v2\/media\/16253"}],"wp:attachment":[{"href":"https:\/\/angelboss.com.br\/en\/wp-json\/wp\/v2\/media?parent=16251"}],"wp:term":[{"taxonomy":"category","embeddable":true,"href":"https:\/\/angelboss.com.br\/en\/wp-json\/wp\/v2\/categories?post=16251"},{"taxonomy":"post_tag","embeddable":true,"href":"https:\/\/angelboss.com.br\/en\/wp-json\/wp\/v2\/tags?post=16251"}],"curies":[{"name":"wp","href":"https:\/\/api.w.org\/{rel}","templated":true}]}}