{"id":15852,"date":"2026-03-19T18:01:21","date_gmt":"2026-03-19T18:01:21","guid":{"rendered":"https:\/\/angelboss.com.br\/?p=15852"},"modified":"2026-03-19T18:01:23","modified_gmt":"2026-03-19T18:01:23","slug":"lojas-renner-sustainability-yearbook-2026-esg-moda-sustentavel","status":"publish","type":"post","link":"https:\/\/angelboss.com.br\/en\/2026\/03\/19\/lojas-renner-sustainability-yearbook-2026-esg-moda-sustentavel\/","title":{"rendered":"Lojas Renner S.A. \u00e9 a \u00fanica varejista brasileira de moda no anu\u00e1rio global da S&amp;P\u00a0"},"content":{"rendered":"<p><em>O Sustainability Yearbook 2026&nbsp;analisou mais&nbsp;de&nbsp;9.300&nbsp;empresas&nbsp;de&nbsp;59 ind\u00fastrias, com metodologia focada na gest\u00e3o&nbsp;e&nbsp;no&nbsp;desempenho&nbsp;ESG<\/em><\/p>\n\n\n\n<p>A&nbsp;Lojas&nbsp;Renner&nbsp;S.A.&nbsp;voltou&nbsp;a&nbsp;se&nbsp;destacar&nbsp;em um dos mais relevantes&nbsp;anu\u00e1rios globais&nbsp;de&nbsp;sustentabilidade corporativa, o&nbsp;<em>Sustainability Yearbook 2026,<\/em>&nbsp;da&nbsp;S&amp;P&nbsp;Global, que re\u00fane&nbsp;empresas com os melhores&nbsp;desempenhos&nbsp;ambientais, sociais&nbsp;e&nbsp;de&nbsp;governan\u00e7a&nbsp;do mundo.&nbsp;A&nbsp;empresa figura como&nbsp;a&nbsp;\u00fanica&nbsp;varejista&nbsp;brasileira&nbsp;de&nbsp;moda&nbsp;no&nbsp;anu\u00e1rio, refor\u00e7ando&nbsp;sua&nbsp;posi\u00e7\u00e3o&nbsp;de&nbsp;refer\u00eancia na&nbsp;agenda&nbsp;ESG.<\/p>\n\n\n\n<p>Nesta&nbsp;edi\u00e7\u00e3o, mais&nbsp;de&nbsp;9.300&nbsp;empresas&nbsp;de&nbsp;59 ind\u00fastrias foram&nbsp;avaliadas com base&nbsp;no&nbsp;<em>Corporate Sustainability&nbsp;Assessment (CSA)<\/em>, metodologia reconhecida&nbsp;globalmente por medir&nbsp;a&nbsp;gest\u00e3o&nbsp;e&nbsp;o&nbsp;desempenho&nbsp;das companhias&nbsp;em crit\u00e9rios&nbsp;ESG.&nbsp;Apenas 848&nbsp;empresas&nbsp;alcan\u00e7aram pontua\u00e7\u00e3o suficiente para integrar o Yearbook,&nbsp;evidenciando o rigor&nbsp;e&nbsp;a&nbsp;seletividade&nbsp;da&nbsp;listagem.<\/p>\n\n\n\n<p>\u201cEstar&nbsp;novamente&nbsp;entre&nbsp;as&nbsp;empresas reconhecidas&nbsp;no&nbsp;Sustainability Yearbook refor\u00e7a&nbsp;que&nbsp;nossa&nbsp;estrat\u00e9gia&nbsp;de&nbsp;sustentabilidade&nbsp;est\u00e1&nbsp;avan\u00e7ando&nbsp;de&nbsp;forma consistente&nbsp;e&nbsp;integrada&nbsp;ao neg\u00f3cio.&nbsp;Nos \u00faltimos&nbsp;anos, consolidamos um modelo que une impacto&nbsp;ambiental&nbsp;e&nbsp;social positivo \u00e0 gera\u00e7\u00e3o&nbsp;de&nbsp;valor&nbsp;econ\u00f4mico, com metas claras&nbsp;e&nbsp;de&nbsp;longo prazo.&nbsp;Esse reconhecimento internacional mostra que&nbsp;estamos&nbsp;no&nbsp;caminho certo&nbsp;ao promover uma transi\u00e7\u00e3o para um&nbsp;ecossistema&nbsp;de&nbsp;moda&nbsp;e&nbsp;lifestyle mais circular, regenerativo&nbsp;e&nbsp;alinhado \u00e0&nbsp;economia&nbsp;de&nbsp;baixo carbono.\u201d, diz o diretor&nbsp;de&nbsp;Sustentabilidade&nbsp;da&nbsp;Lojas&nbsp;Renner&nbsp;S.A.,&nbsp;Eduardo Ferlauto.<\/p>\n\n\n\n<p><strong>Estrat\u00e9gia&nbsp;de&nbsp;Sustentabilidade&nbsp;da&nbsp;Lojas&nbsp;Renner&nbsp;S.A.<\/strong><\/p>\n\n\n\n<p>A&nbsp;sustentabilidade&nbsp;est\u00e1&nbsp;no&nbsp;centro dos valores corporativos&nbsp;e&nbsp;dos objetivos&nbsp;estrat\u00e9gicos&nbsp;da&nbsp;Lojas&nbsp;Renner&nbsp;S.A.&nbsp;h\u00e1 mais&nbsp;de&nbsp;uma d\u00e9cada.&nbsp;Ap\u00f3s cumprir&nbsp;as metas p\u00fablicas previstas para o ciclo 2018\u20132021,&nbsp;a&nbsp;companhia&nbsp;anunciou,&nbsp;em 2022, compromissos&nbsp;ainda mais&nbsp;abrangentes&nbsp;e&nbsp;ambiciosos&nbsp;at\u00e9 2030. O plano re\u00fane 12 objetivos&nbsp;estruturados&nbsp;em tr\u00eas pilares \u2014 solu\u00e7\u00f5es clim\u00e1ticas, circulares&nbsp;e&nbsp;regenerativas; conex\u00f5es que&nbsp;amplificam;&nbsp;e&nbsp;rela\u00e7\u00f5es humanas&nbsp;e&nbsp;diversas \u2014 que orientam toda&nbsp;a&nbsp;atua\u00e7\u00e3o do&nbsp;ecossistema&nbsp;de&nbsp;moda&nbsp;e&nbsp;lifestyle&nbsp;da&nbsp;empresa.&nbsp;A&nbsp;estrat\u00e9gia&nbsp;apoia&nbsp;a&nbsp;transi\u00e7\u00e3o para uma&nbsp;economia&nbsp;de&nbsp;baixo carbono&nbsp;e&nbsp;prev\u00ea que&nbsp;a&nbsp;Lojas&nbsp;Renner&nbsp;S.A.&nbsp;alcance&nbsp;a&nbsp;neutralidade clim\u00e1tica (net zero)&nbsp;at\u00e9 2050, meta&nbsp;de&nbsp;longo prazo j\u00e1&nbsp;aprovada pela Science Based Targets initiative (SBTi).<\/p>\n\n\n\n<p>A&nbsp;jornada recente&nbsp;da&nbsp;companhia tamb\u00e9m inclui&nbsp;avan\u00e7os significativos na integra\u00e7\u00e3o&nbsp;entre sustentabilidade&nbsp;e&nbsp;gest\u00e3o financeira.&nbsp;Em 2025,&nbsp;a&nbsp;Lojas&nbsp;Renner&nbsp;S.A.&nbsp;tornou-se&nbsp;a&nbsp;primeira&nbsp;varejista&nbsp;do mundo \u2014&nbsp;e&nbsp;a&nbsp;segunda&nbsp;empresa&nbsp;entre todos os setores&nbsp;da&nbsp;economia \u2014&nbsp;a&nbsp;divulgar informa\u00e7\u00f5es financeiras relacionadas \u00e0 sustentabilidade conforme&nbsp;as&nbsp;normas IFRS S1&nbsp;e&nbsp;S2. O primeiro relat\u00f3rio, referente&nbsp;a&nbsp;2024, mostrou que os&nbsp;efeitos l\u00edquidos positivos&nbsp;das iniciativas&nbsp;de&nbsp;sustentabilidade contribu\u00edram com R$ 100 milh\u00f5es para o resultado operacional, mesmo diante dos impactos negativos&nbsp;de&nbsp;eventos clim\u00e1ticos&nbsp;extremos, como inunda\u00e7\u00f5es&nbsp;e&nbsp;ondas&nbsp;de&nbsp;calor. Para os pr\u00f3ximos&nbsp;dez&nbsp;anos,&nbsp;as proje\u00e7\u00f5es indicam uma gera\u00e7\u00e3o l\u00edquida&nbsp;de&nbsp;caixa&nbsp;entre R$ 191 milh\u00f5es&nbsp;e&nbsp;R$ 217 milh\u00f5es, impulsionada principalmente pelo uso&nbsp;de&nbsp;energia renov\u00e1vel&nbsp;de&nbsp;baixo impacto&nbsp;e&nbsp;pelo&nbsp;aumento&nbsp;das receitas com produtos mais sustent\u00e1veis.<\/p>\n\n\n\n<p><\/p>","protected":false},"excerpt":{"rendered":"<p>O Sustainability Yearbook 2026&nbsp;analisou mais&nbsp;de&nbsp;9.300&nbsp;empresas&nbsp;de&nbsp;59 ind\u00fastrias, com metodologia focada na gest\u00e3o&nbsp;e&nbsp;no&nbsp;desempenho&nbsp;ESG A&nbsp;Lojas&nbsp;Renner&nbsp;S.A.&nbsp;voltou&nbsp;a&nbsp;se&nbsp;destacar&nbsp;em um dos mais relevantes&nbsp;anu\u00e1rios globais&nbsp;de&nbsp;sustentabilidade corporativa, o&nbsp;Sustainability Yearbook 2026,&nbsp;da&nbsp;S&amp;P&nbsp;Global, que re\u00fane&nbsp;empresas com os melhores&nbsp;desempenhos&nbsp;ambientais, sociais&nbsp;e&nbsp;de&nbsp;governan\u00e7a&nbsp;do mundo.&nbsp;A&nbsp;empresa figura como&nbsp;a&nbsp;\u00fanica&nbsp;varejista&nbsp;brasileira&nbsp;de&nbsp;moda&nbsp;no&nbsp;anu\u00e1rio, refor\u00e7ando&nbsp;sua&nbsp;posi\u00e7\u00e3o&nbsp;de&nbsp;refer\u00eancia na&nbsp;agenda&nbsp;ESG. Nesta&nbsp;edi\u00e7\u00e3o, mais&nbsp;de&nbsp;9.300&nbsp;empresas&nbsp;de&nbsp;59 ind\u00fastrias foram&nbsp;avaliadas com base&nbsp;no&nbsp;Corporate Sustainability&nbsp;Assessment (CSA), metodologia reconhecida&nbsp;globalmente por medir&nbsp;a&nbsp;gest\u00e3o&nbsp;e&nbsp;o&nbsp;desempenho&nbsp;das companhias&nbsp;em crit\u00e9rios&nbsp;ESG.&nbsp;Apenas 848&nbsp;empresas&nbsp;alcan\u00e7aram pontua\u00e7\u00e3o suficiente para integrar o Yearbook,&nbsp;evidenciando o rigor&nbsp;e&nbsp;a&nbsp;seletividade&nbsp;da&nbsp;listagem.<\/p>","protected":false},"author":2,"featured_media":15855,"comment_status":"open","ping_status":"open","sticky":false,"template":"","format":"standard","meta":{"footnotes":""},"categories":[315],"tags":[2268,2266,2267],"class_list":{"0":"post-15852","1":"post","2":"type-post","3":"status-publish","4":"format-standard","5":"has-post-thumbnail","7":"category-noticias-corporativas-dino","8":"tag-lideranca-em-esg","9":"tag-lojas-renner","10":"tag-sustainability-yearbook"},"yoast_head":"<!-- This site is optimized with the Yoast SEO plugin v27.5 - https:\/\/yoast.com\/product\/yoast-seo-wordpress\/ -->\n<title>Lojas Renner Sustainability Yearbook 2026: Lideran\u00e7a em ESG<\/title>\n<meta name=\"description\" content=\"A Lojas Renner Sustainability Yearbook 2026 se destaca como a \u00fanica varejista de moda brasileira no anu\u00e1rio da S&amp;P Global.\" \/>\n<meta name=\"robots\" content=\"index, follow, max-snippet:-1, max-image-preview:large, max-video-preview:-1\" \/>\n<link rel=\"canonical\" href=\"https:\/\/angelboss.com.br\/en\/2026\/03\/19\/lojas-renner-sustainability-yearbook-2026-esg-moda-sustentavel\/\" \/>\n<meta property=\"og:locale\" content=\"en_US\" \/>\n<meta property=\"og:type\" content=\"article\" \/>\n<meta property=\"og:title\" content=\"Lojas Renner Sustainability Yearbook 2026: Lideran\u00e7a em ESG\" \/>\n<meta property=\"og:description\" content=\"A Lojas Renner Sustainability Yearbook 2026 se destaca como a \u00fanica varejista de moda brasileira no anu\u00e1rio da S&amp;P Global.\" \/>\n<meta property=\"og:url\" content=\"https:\/\/angelboss.com.br\/en\/2026\/03\/19\/lojas-renner-sustainability-yearbook-2026-esg-moda-sustentavel\/\" \/>\n<meta property=\"og:site_name\" content=\"Portal Masculino de Moda, Beleza, Luxo and Business - Angel Boss\" \/>\n<meta property=\"article:published_time\" content=\"2026-03-19T18:01:21+00:00\" \/>\n<meta property=\"article:modified_time\" content=\"2026-03-19T18:01:23+00:00\" \/>\n<meta property=\"og:image\" content=\"https:\/\/angelboss.com.br\/wp-content\/uploads\/2026\/03\/2iRmOiNGM2IWN6InYu02bj5ycz9mYsV2ZuFGQsV2ZuF2b0Vmb6cDO5cDN0YTNyMjOnVGcq5ydvxmZlFmZkFmYxYjM2ATNwEWOkhjMkFWNjJGZmNDZmZmY3YkMlYmY3YkMlIDM4UjMGJTJ2IDMx8VL1ETLf9VLwITLfpzM.jpg\" \/>\n\t<meta property=\"og:image:width\" content=\"800\" \/>\n\t<meta property=\"og:image:height\" content=\"533\" \/>\n\t<meta property=\"og:image:type\" content=\"image\/jpeg\" \/>\n<meta name=\"author\" content=\"Neto Angel Boss\" \/>\n<meta name=\"twitter:card\" content=\"summary_large_image\" \/>\n<meta name=\"twitter:label1\" content=\"Written by\" \/>\n\t<meta name=\"twitter:data1\" content=\"Neto Angel Boss\" \/>\n\t<meta name=\"twitter:label2\" content=\"Est. reading time\" \/>\n\t<meta name=\"twitter:data2\" content=\"3 minutes\" \/>\n<script type=\"application\/ld+json\" class=\"yoast-schema-graph\">{\"@context\":\"https:\\\/\\\/schema.org\",\"@graph\":[{\"@type\":\"Article\",\"@id\":\"https:\\\/\\\/angelboss.com.br\\\/2026\\\/03\\\/19\\\/lojas-renner-sustainability-yearbook-2026-esg-moda-sustentavel\\\/#article\",\"isPartOf\":{\"@id\":\"https:\\\/\\\/angelboss.com.br\\\/2026\\\/03\\\/19\\\/lojas-renner-sustainability-yearbook-2026-esg-moda-sustentavel\\\/\"},\"author\":{\"name\":\"Neto Angel Boss\",\"@id\":\"http:\\\/\\\/angelboss.com.br\\\/#\\\/schema\\\/person\\\/af084936b46cf2e03f299183e429e350\"},\"headline\":\"Lojas Renner S.A. \u00e9 a \u00fanica varejista brasileira de moda no anu\u00e1rio global da S&amp;P\u00a0\",\"datePublished\":\"2026-03-19T18:01:21+00:00\",\"dateModified\":\"2026-03-19T18:01:23+00:00\",\"mainEntityOfPage\":{\"@id\":\"https:\\\/\\\/angelboss.com.br\\\/2026\\\/03\\\/19\\\/lojas-renner-sustainability-yearbook-2026-esg-moda-sustentavel\\\/\"},\"wordCount\":795,\"commentCount\":0,\"publisher\":{\"@id\":\"http:\\\/\\\/angelboss.com.br\\\/#organization\"},\"image\":{\"@id\":\"https:\\\/\\\/angelboss.com.br\\\/2026\\\/03\\\/19\\\/lojas-renner-sustainability-yearbook-2026-esg-moda-sustentavel\\\/#primaryimage\"},\"thumbnailUrl\":\"https:\\\/\\\/angelboss.com.br\\\/wp-content\\\/uploads\\\/2026\\\/03\\\/2iRmOiNGM2IWN6InYu02bj5ycz9mYsV2ZuFGQsV2ZuF2b0Vmb6cDO5cDN0YTNyMjOnVGcq5ydvxmZlFmZkFmYxYjM2ATNwEWOkhjMkFWNjJGZmNDZmZmY3YkMlYmY3YkMlIDM4UjMGJTJ2IDMx8VL1ETLf9VLwITLfpzM.jpg\",\"keywords\":[\"Lideran\u00e7a em ESG\",\"Lojas Renner\",\"Sustainability Yearbook\"],\"articleSection\":[\"Not\u00edcias Corporativas\"],\"inLanguage\":\"en-US\",\"potentialAction\":[{\"@type\":\"CommentAction\",\"name\":\"Comment\",\"target\":[\"https:\\\/\\\/angelboss.com.br\\\/2026\\\/03\\\/19\\\/lojas-renner-sustainability-yearbook-2026-esg-moda-sustentavel\\\/#respond\"]}]},{\"@type\":\"WebPage\",\"@id\":\"https:\\\/\\\/angelboss.com.br\\\/2026\\\/03\\\/19\\\/lojas-renner-sustainability-yearbook-2026-esg-moda-sustentavel\\\/\",\"url\":\"https:\\\/\\\/angelboss.com.br\\\/2026\\\/03\\\/19\\\/lojas-renner-sustainability-yearbook-2026-esg-moda-sustentavel\\\/\",\"name\":\"Lojas Renner Sustainability Yearbook 2026: Lideran\u00e7a em ESG\",\"isPartOf\":{\"@id\":\"http:\\\/\\\/angelboss.com.br\\\/#website\"},\"primaryImageOfPage\":{\"@id\":\"https:\\\/\\\/angelboss.com.br\\\/2026\\\/03\\\/19\\\/lojas-renner-sustainability-yearbook-2026-esg-moda-sustentavel\\\/#primaryimage\"},\"image\":{\"@id\":\"https:\\\/\\\/angelboss.com.br\\\/2026\\\/03\\\/19\\\/lojas-renner-sustainability-yearbook-2026-esg-moda-sustentavel\\\/#primaryimage\"},\"thumbnailUrl\":\"https:\\\/\\\/angelboss.com.br\\\/wp-content\\\/uploads\\\/2026\\\/03\\\/2iRmOiNGM2IWN6InYu02bj5ycz9mYsV2ZuFGQsV2ZuF2b0Vmb6cDO5cDN0YTNyMjOnVGcq5ydvxmZlFmZkFmYxYjM2ATNwEWOkhjMkFWNjJGZmNDZmZmY3YkMlYmY3YkMlIDM4UjMGJTJ2IDMx8VL1ETLf9VLwITLfpzM.jpg\",\"datePublished\":\"2026-03-19T18:01:21+00:00\",\"dateModified\":\"2026-03-19T18:01:23+00:00\",\"description\":\"A Lojas Renner Sustainability Yearbook 2026 se destaca como a \u00fanica varejista de moda brasileira no anu\u00e1rio da S&P Global.\",\"breadcrumb\":{\"@id\":\"https:\\\/\\\/angelboss.com.br\\\/2026\\\/03\\\/19\\\/lojas-renner-sustainability-yearbook-2026-esg-moda-sustentavel\\\/#breadcrumb\"},\"inLanguage\":\"en-US\",\"potentialAction\":[{\"@type\":\"ReadAction\",\"target\":[\"https:\\\/\\\/angelboss.com.br\\\/2026\\\/03\\\/19\\\/lojas-renner-sustainability-yearbook-2026-esg-moda-sustentavel\\\/\"]}]},{\"@type\":\"ImageObject\",\"inLanguage\":\"en-US\",\"@id\":\"https:\\\/\\\/angelboss.com.br\\\/2026\\\/03\\\/19\\\/lojas-renner-sustainability-yearbook-2026-esg-moda-sustentavel\\\/#primaryimage\",\"url\":\"https:\\\/\\\/angelboss.com.br\\\/wp-content\\\/uploads\\\/2026\\\/03\\\/2iRmOiNGM2IWN6InYu02bj5ycz9mYsV2ZuFGQsV2ZuF2b0Vmb6cDO5cDN0YTNyMjOnVGcq5ydvxmZlFmZkFmYxYjM2ATNwEWOkhjMkFWNjJGZmNDZmZmY3YkMlYmY3YkMlIDM4UjMGJTJ2IDMx8VL1ETLf9VLwITLfpzM.jpg\",\"contentUrl\":\"https:\\\/\\\/angelboss.com.br\\\/wp-content\\\/uploads\\\/2026\\\/03\\\/2iRmOiNGM2IWN6InYu02bj5ycz9mYsV2ZuFGQsV2ZuF2b0Vmb6cDO5cDN0YTNyMjOnVGcq5ydvxmZlFmZkFmYxYjM2ATNwEWOkhjMkFWNjJGZmNDZmZmY3YkMlYmY3YkMlIDM4UjMGJTJ2IDMx8VL1ETLf9VLwITLfpzM.jpg\",\"width\":800,\"height\":533,\"caption\":\"Imagem\\\/Divulga\u00e7\u00e3o\"},{\"@type\":\"BreadcrumbList\",\"@id\":\"https:\\\/\\\/angelboss.com.br\\\/2026\\\/03\\\/19\\\/lojas-renner-sustainability-yearbook-2026-esg-moda-sustentavel\\\/#breadcrumb\",\"itemListElement\":[{\"@type\":\"ListItem\",\"position\":1,\"name\":\"In\u00edcio\",\"item\":\"http:\\\/\\\/angelboss.com.br\\\/\"},{\"@type\":\"ListItem\",\"position\":2,\"name\":\"Lojas Renner S.A. \u00e9 a \u00fanica varejista brasileira de moda no anu\u00e1rio global da S&amp;P\u00a0\"}]},{\"@type\":\"WebSite\",\"@id\":\"http:\\\/\\\/angelboss.com.br\\\/#website\",\"url\":\"http:\\\/\\\/angelboss.com.br\\\/\",\"name\":\"Portal Masculino de Moda, Beleza, Luxo e Business - Angel Boss\",\"description\":\"O Maior Portal sobre Moda, Luxo, Beleza e Business Masculino do Brasil\",\"publisher\":{\"@id\":\"http:\\\/\\\/angelboss.com.br\\\/#organization\"},\"alternateName\":\"Maior Portal e Blog de Beleza Masculina e Luxo\",\"potentialAction\":[{\"@type\":\"SearchAction\",\"target\":{\"@type\":\"EntryPoint\",\"urlTemplate\":\"http:\\\/\\\/angelboss.com.br\\\/?s={search_term_string}\"},\"query-input\":{\"@type\":\"PropertyValueSpecification\",\"valueRequired\":true,\"valueName\":\"search_term_string\"}}],\"inLanguage\":\"en-US\"},{\"@type\":\"Organization\",\"@id\":\"http:\\\/\\\/angelboss.com.br\\\/#organization\",\"name\":\"Portal Masculino de Moda, Beleza, Luxo and Business - Angel Boss\",\"url\":\"http:\\\/\\\/angelboss.com.br\\\/\",\"logo\":{\"@type\":\"ImageObject\",\"inLanguage\":\"en-US\",\"@id\":\"http:\\\/\\\/angelboss.com.br\\\/#\\\/schema\\\/logo\\\/image\\\/\",\"url\":\"http:\\\/\\\/angelboss.com.br\\\/wp-content\\\/uploads\\\/2025\\\/12\\\/WhatsApp-Image-2025-12-11-at-12.54.26.jpeg\",\"contentUrl\":\"http:\\\/\\\/angelboss.com.br\\\/wp-content\\\/uploads\\\/2025\\\/12\\\/WhatsApp-Image-2025-12-11-at-12.54.26.jpeg\",\"width\":1280,\"height\":1280,\"caption\":\"Portal Masculino de Moda, Beleza, Luxo and Business - Angel Boss\"},\"image\":{\"@id\":\"http:\\\/\\\/angelboss.com.br\\\/#\\\/schema\\\/logo\\\/image\\\/\"}},{\"@type\":\"Person\",\"@id\":\"http:\\\/\\\/angelboss.com.br\\\/#\\\/schema\\\/person\\\/af084936b46cf2e03f299183e429e350\",\"name\":\"Neto Angel Boss\",\"image\":{\"@type\":\"ImageObject\",\"inLanguage\":\"en-US\",\"@id\":\"https:\\\/\\\/secure.gravatar.com\\\/avatar\\\/dbb38b2050e5181e32afbccf458635967af0767d15abe8168b35ebbd97907289?s=96&d=mm&r=g\",\"url\":\"https:\\\/\\\/secure.gravatar.com\\\/avatar\\\/dbb38b2050e5181e32afbccf458635967af0767d15abe8168b35ebbd97907289?s=96&d=mm&r=g\",\"contentUrl\":\"https:\\\/\\\/secure.gravatar.com\\\/avatar\\\/dbb38b2050e5181e32afbccf458635967af0767d15abe8168b35ebbd97907289?s=96&d=mm&r=g\",\"caption\":\"Neto Angel Boss\"},\"sameAs\":[\"http:\\\/\\\/www.angelboss.com\"],\"url\":\"https:\\\/\\\/angelboss.com.br\\\/en\\\/author\\\/netoangelboss\\\/\"}]}<\/script>\n<!-- \/ Yoast SEO plugin. -->","yoast_head_json":{"title":"Lojas Renner Sustainability Yearbook 2026: Lideran\u00e7a em ESG","description":"A Lojas Renner Sustainability Yearbook 2026 se destaca como a \u00fanica varejista de moda brasileira no anu\u00e1rio da S&P Global.","robots":{"index":"index","follow":"follow","max-snippet":"max-snippet:-1","max-image-preview":"max-image-preview:large","max-video-preview":"max-video-preview:-1"},"canonical":"https:\/\/angelboss.com.br\/en\/2026\/03\/19\/lojas-renner-sustainability-yearbook-2026-esg-moda-sustentavel\/","og_locale":"en_US","og_type":"article","og_title":"Lojas Renner Sustainability Yearbook 2026: Lideran\u00e7a em ESG","og_description":"A Lojas Renner Sustainability Yearbook 2026 se destaca como a \u00fanica varejista de moda brasileira no anu\u00e1rio da S&P Global.","og_url":"https:\/\/angelboss.com.br\/en\/2026\/03\/19\/lojas-renner-sustainability-yearbook-2026-esg-moda-sustentavel\/","og_site_name":"Portal Masculino de Moda, Beleza, Luxo and Business - Angel Boss","article_published_time":"2026-03-19T18:01:21+00:00","article_modified_time":"2026-03-19T18:01:23+00:00","og_image":[{"width":800,"height":533,"url":"https:\/\/angelboss.com.br\/wp-content\/uploads\/2026\/03\/2iRmOiNGM2IWN6InYu02bj5ycz9mYsV2ZuFGQsV2ZuF2b0Vmb6cDO5cDN0YTNyMjOnVGcq5ydvxmZlFmZkFmYxYjM2ATNwEWOkhjMkFWNjJGZmNDZmZmY3YkMlYmY3YkMlIDM4UjMGJTJ2IDMx8VL1ETLf9VLwITLfpzM.jpg","type":"image\/jpeg"}],"author":"Neto Angel Boss","twitter_card":"summary_large_image","twitter_misc":{"Written by":"Neto Angel Boss","Est. reading time":"3 minutes"},"schema":{"@context":"https:\/\/schema.org","@graph":[{"@type":"Article","@id":"https:\/\/angelboss.com.br\/2026\/03\/19\/lojas-renner-sustainability-yearbook-2026-esg-moda-sustentavel\/#article","isPartOf":{"@id":"https:\/\/angelboss.com.br\/2026\/03\/19\/lojas-renner-sustainability-yearbook-2026-esg-moda-sustentavel\/"},"author":{"name":"Neto Angel Boss","@id":"http:\/\/angelboss.com.br\/#\/schema\/person\/af084936b46cf2e03f299183e429e350"},"headline":"Lojas Renner S.A. \u00e9 a \u00fanica varejista brasileira de moda no anu\u00e1rio global da S&amp;P\u00a0","datePublished":"2026-03-19T18:01:21+00:00","dateModified":"2026-03-19T18:01:23+00:00","mainEntityOfPage":{"@id":"https:\/\/angelboss.com.br\/2026\/03\/19\/lojas-renner-sustainability-yearbook-2026-esg-moda-sustentavel\/"},"wordCount":795,"commentCount":0,"publisher":{"@id":"http:\/\/angelboss.com.br\/#organization"},"image":{"@id":"https:\/\/angelboss.com.br\/2026\/03\/19\/lojas-renner-sustainability-yearbook-2026-esg-moda-sustentavel\/#primaryimage"},"thumbnailUrl":"https:\/\/angelboss.com.br\/wp-content\/uploads\/2026\/03\/2iRmOiNGM2IWN6InYu02bj5ycz9mYsV2ZuFGQsV2ZuF2b0Vmb6cDO5cDN0YTNyMjOnVGcq5ydvxmZlFmZkFmYxYjM2ATNwEWOkhjMkFWNjJGZmNDZmZmY3YkMlYmY3YkMlIDM4UjMGJTJ2IDMx8VL1ETLf9VLwITLfpzM.jpg","keywords":["Lideran\u00e7a em ESG","Lojas Renner","Sustainability Yearbook"],"articleSection":["Not\u00edcias Corporativas"],"inLanguage":"en-US","potentialAction":[{"@type":"CommentAction","name":"Comment","target":["https:\/\/angelboss.com.br\/2026\/03\/19\/lojas-renner-sustainability-yearbook-2026-esg-moda-sustentavel\/#respond"]}]},{"@type":"WebPage","@id":"https:\/\/angelboss.com.br\/2026\/03\/19\/lojas-renner-sustainability-yearbook-2026-esg-moda-sustentavel\/","url":"https:\/\/angelboss.com.br\/2026\/03\/19\/lojas-renner-sustainability-yearbook-2026-esg-moda-sustentavel\/","name":"Lojas Renner Sustainability Yearbook 2026: Lideran\u00e7a em ESG","isPartOf":{"@id":"http:\/\/angelboss.com.br\/#website"},"primaryImageOfPage":{"@id":"https:\/\/angelboss.com.br\/2026\/03\/19\/lojas-renner-sustainability-yearbook-2026-esg-moda-sustentavel\/#primaryimage"},"image":{"@id":"https:\/\/angelboss.com.br\/2026\/03\/19\/lojas-renner-sustainability-yearbook-2026-esg-moda-sustentavel\/#primaryimage"},"thumbnailUrl":"https:\/\/angelboss.com.br\/wp-content\/uploads\/2026\/03\/2iRmOiNGM2IWN6InYu02bj5ycz9mYsV2ZuFGQsV2ZuF2b0Vmb6cDO5cDN0YTNyMjOnVGcq5ydvxmZlFmZkFmYxYjM2ATNwEWOkhjMkFWNjJGZmNDZmZmY3YkMlYmY3YkMlIDM4UjMGJTJ2IDMx8VL1ETLf9VLwITLfpzM.jpg","datePublished":"2026-03-19T18:01:21+00:00","dateModified":"2026-03-19T18:01:23+00:00","description":"A Lojas Renner Sustainability Yearbook 2026 se destaca como a \u00fanica varejista de moda brasileira no anu\u00e1rio da S&P Global.","breadcrumb":{"@id":"https:\/\/angelboss.com.br\/2026\/03\/19\/lojas-renner-sustainability-yearbook-2026-esg-moda-sustentavel\/#breadcrumb"},"inLanguage":"en-US","potentialAction":[{"@type":"ReadAction","target":["https:\/\/angelboss.com.br\/2026\/03\/19\/lojas-renner-sustainability-yearbook-2026-esg-moda-sustentavel\/"]}]},{"@type":"ImageObject","inLanguage":"en-US","@id":"https:\/\/angelboss.com.br\/2026\/03\/19\/lojas-renner-sustainability-yearbook-2026-esg-moda-sustentavel\/#primaryimage","url":"https:\/\/angelboss.com.br\/wp-content\/uploads\/2026\/03\/2iRmOiNGM2IWN6InYu02bj5ycz9mYsV2ZuFGQsV2ZuF2b0Vmb6cDO5cDN0YTNyMjOnVGcq5ydvxmZlFmZkFmYxYjM2ATNwEWOkhjMkFWNjJGZmNDZmZmY3YkMlYmY3YkMlIDM4UjMGJTJ2IDMx8VL1ETLf9VLwITLfpzM.jpg","contentUrl":"https:\/\/angelboss.com.br\/wp-content\/uploads\/2026\/03\/2iRmOiNGM2IWN6InYu02bj5ycz9mYsV2ZuFGQsV2ZuF2b0Vmb6cDO5cDN0YTNyMjOnVGcq5ydvxmZlFmZkFmYxYjM2ATNwEWOkhjMkFWNjJGZmNDZmZmY3YkMlYmY3YkMlIDM4UjMGJTJ2IDMx8VL1ETLf9VLwITLfpzM.jpg","width":800,"height":533,"caption":"Imagem\/Divulga\u00e7\u00e3o"},{"@type":"BreadcrumbList","@id":"https:\/\/angelboss.com.br\/2026\/03\/19\/lojas-renner-sustainability-yearbook-2026-esg-moda-sustentavel\/#breadcrumb","itemListElement":[{"@type":"ListItem","position":1,"name":"In\u00edcio","item":"http:\/\/angelboss.com.br\/"},{"@type":"ListItem","position":2,"name":"Lojas Renner S.A. \u00e9 a \u00fanica varejista brasileira de moda no anu\u00e1rio global da S&amp;P\u00a0"}]},{"@type":"WebSite","@id":"http:\/\/angelboss.com.br\/#website","url":"http:\/\/angelboss.com.br\/","name":"Portal Masculino de Moda, Beleza, Luxo e Business - Angel Boss","description":"O Maior Portal sobre Moda, Luxo, Beleza e Business Masculino do Brasil","publisher":{"@id":"http:\/\/angelboss.com.br\/#organization"},"alternateName":"Maior Portal e Blog de Beleza Masculina e Luxo","potentialAction":[{"@type":"SearchAction","target":{"@type":"EntryPoint","urlTemplate":"http:\/\/angelboss.com.br\/?s={search_term_string}"},"query-input":{"@type":"PropertyValueSpecification","valueRequired":true,"valueName":"search_term_string"}}],"inLanguage":"en-US"},{"@type":"Organization","@id":"http:\/\/angelboss.com.br\/#organization","name":"Portal Masculino de Moda, Beleza, Luxo and Business - Angel Boss","url":"http:\/\/angelboss.com.br\/","logo":{"@type":"ImageObject","inLanguage":"en-US","@id":"http:\/\/angelboss.com.br\/#\/schema\/logo\/image\/","url":"http:\/\/angelboss.com.br\/wp-content\/uploads\/2025\/12\/WhatsApp-Image-2025-12-11-at-12.54.26.jpeg","contentUrl":"http:\/\/angelboss.com.br\/wp-content\/uploads\/2025\/12\/WhatsApp-Image-2025-12-11-at-12.54.26.jpeg","width":1280,"height":1280,"caption":"Portal Masculino de Moda, Beleza, Luxo and Business - Angel Boss"},"image":{"@id":"http:\/\/angelboss.com.br\/#\/schema\/logo\/image\/"}},{"@type":"Person","@id":"http:\/\/angelboss.com.br\/#\/schema\/person\/af084936b46cf2e03f299183e429e350","name":"Neto Angel Boss","image":{"@type":"ImageObject","inLanguage":"en-US","@id":"https:\/\/secure.gravatar.com\/avatar\/dbb38b2050e5181e32afbccf458635967af0767d15abe8168b35ebbd97907289?s=96&d=mm&r=g","url":"https:\/\/secure.gravatar.com\/avatar\/dbb38b2050e5181e32afbccf458635967af0767d15abe8168b35ebbd97907289?s=96&d=mm&r=g","contentUrl":"https:\/\/secure.gravatar.com\/avatar\/dbb38b2050e5181e32afbccf458635967af0767d15abe8168b35ebbd97907289?s=96&d=mm&r=g","caption":"Neto Angel Boss"},"sameAs":["http:\/\/www.angelboss.com"],"url":"https:\/\/angelboss.com.br\/en\/author\/netoangelboss\/"}]}},"amp_enabled":true,"_links":{"self":[{"href":"https:\/\/angelboss.com.br\/en\/wp-json\/wp\/v2\/posts\/15852","targetHints":{"allow":["GET"]}}],"collection":[{"href":"https:\/\/angelboss.com.br\/en\/wp-json\/wp\/v2\/posts"}],"about":[{"href":"https:\/\/angelboss.com.br\/en\/wp-json\/wp\/v2\/types\/post"}],"author":[{"embeddable":true,"href":"https:\/\/angelboss.com.br\/en\/wp-json\/wp\/v2\/users\/2"}],"replies":[{"embeddable":true,"href":"https:\/\/angelboss.com.br\/en\/wp-json\/wp\/v2\/comments?post=15852"}],"version-history":[{"count":1,"href":"https:\/\/angelboss.com.br\/en\/wp-json\/wp\/v2\/posts\/15852\/revisions"}],"predecessor-version":[{"id":15856,"href":"https:\/\/angelboss.com.br\/en\/wp-json\/wp\/v2\/posts\/15852\/revisions\/15856"}],"wp:featuredmedia":[{"embeddable":true,"href":"https:\/\/angelboss.com.br\/en\/wp-json\/wp\/v2\/media\/15855"}],"wp:attachment":[{"href":"https:\/\/angelboss.com.br\/en\/wp-json\/wp\/v2\/media?parent=15852"}],"wp:term":[{"taxonomy":"category","embeddable":true,"href":"https:\/\/angelboss.com.br\/en\/wp-json\/wp\/v2\/categories?post=15852"},{"taxonomy":"post_tag","embeddable":true,"href":"https:\/\/angelboss.com.br\/en\/wp-json\/wp\/v2\/tags?post=15852"}],"curies":[{"name":"wp","href":"https:\/\/api.w.org\/{rel}","templated":true}]}}