{"id":15540,"date":"2026-03-17T00:00:00","date_gmt":"2026-03-17T00:00:00","guid":{"rendered":"https:\/\/angelboss.com.br\/2026\/03\/17\/316557-associacao-cultural-axe-dende-planta-arvores-em-paracatu-mg\/"},"modified":"2026-03-17T00:00:00","modified_gmt":"2026-03-17T00:00:00","slug":"316557-associacao-cultural-axe-dende-planta-arvores-em-paracatu-mg","status":"publish","type":"post","link":"https:\/\/angelboss.com.br\/en\/2026\/03\/17\/316557-associacao-cultural-axe-dende-planta-arvores-em-paracatu-mg\/","title":{"rendered":"Associa\u00e7\u00e3o Cultural Ax\u00e9 Dend\u00ea planta \u00e1rvores em Paracatu-MG"},"content":{"rendered":"<p>A Associa\u00e7\u00e3o Cultural Ax\u00e9 Dend\u00ea de Capoeira, de Paracatu (MG), realizar\u00e1, no dia 20 de mar\u00e7o (sexta-feira), \u00e0s 8h, uma a\u00e7\u00e3o de plantio de mudas de \u00e1rvores nativas no Instituto Estadual de Florestas (IEF) do munic\u00edpio. A atividade, gratuita e aberta \u00e0 comunidade, integra as celebra\u00e7\u00f5es do Dia Internacional das Florestas, comemorado em 21 de mar\u00e7o, e faz parte das a\u00e7\u00f5es do Projeto BIRIBA \u2013 Cultura, Educa\u00e7\u00e3o e Sustentabilidade.<\/p>\n<p>A iniciativa tamb\u00e9m representa uma contrapartida social do projeto e tem como objetivo mobilizar a popula\u00e7\u00e3o para a import\u00e2ncia da preserva\u00e7\u00e3o ambiental, aliando cultura, ancestralidade e cuidado com a natureza.<\/p>\n<p>O Projeto BIRIBA \u00e9 realizado pela Associa\u00e7\u00e3o Cultural Ax\u00e9 Dend\u00ea e conta com patroc\u00ednio da Kinross Paracatu, por meio da Lei Federal de Incentivo \u00e0 Cultura, al\u00e9m de parcerias com institui\u00e7\u00f5es locais.<\/p>\n<p>Durante a atividade, ser\u00e3o plantadas mudas de \u00e1rvores nativas, entre elas biriba e pau-pereira, esp\u00e9cies tradicionalmente utilizadas na fabrica\u00e7\u00e3o do berimbau, instrumento s\u00edmbolo da capoeira e da cultura afro-brasileira.<\/p>\n<p>A a\u00e7\u00e3o contar\u00e1 com o acompanhamento de monitores e tamb\u00e9m com int\u00e9rprete de Libras, garantindo acessibilidade e inclus\u00e3o para participantes com defici\u00eancia auditiva. &quot;A proposta \u00e9 que toda a comunidade possa participar da atividade de forma segura e acolhedora&quot;, diz o coordenador das oficinas do projeto, Mestre Cacau (Darley).<\/p>\n<p>Segundo Mestre Cacau, a a\u00e7\u00e3o carrega um significado que vai al\u00e9m da preserva\u00e7\u00e3o ambiental. &quot;Preservar as \u00e1rvores que d\u00e3o origem ao berimbau \u00e9 tamb\u00e9m preservar a pr\u00f3pria capoeira. Mas o ato de plantar essas e outras mudas \u00e9 um gesto de cuidado com a cultura e com o futuro das pr\u00f3ximas gera\u00e7\u00f5es&quot;, destaca.<\/p>\n<p><strong>Cultura, ancestralidade e sustentabilidade<\/strong><\/p>\n<p>O nome do projeto n\u00e3o foi escolhido por acaso. &quot;Biriba&quot; faz refer\u00eancia \u00e0 madeira utilizada na confec\u00e7\u00e3o do berimbau, instrumento fundamental na pr\u00e1tica da capoeira.<\/p>\n<p>Para Mestre Cacau, &quot;a proposta do projeto \u00e9 justamente fortalecer essa conex\u00e3o entre cultura e natureza, destacando a import\u00e2ncia de proteger as esp\u00e9cies e os biomas de onde v\u00eam os recursos utilizados na tradi\u00e7\u00e3o capoeirista&quot;.<\/p>\n<p>De acordo com a organiza\u00e7\u00e3o, a atividade \u00e9 tamb\u00e9m uma forma de conscientizar a popula\u00e7\u00e3o sobre o uso respons\u00e1vel dos recursos naturais e estimular o envolvimento da comunidade em a\u00e7\u00f5es ambientais.<\/p>\n<p><strong>Impacto social em Paracatu<\/strong><\/p>\n<p>Iniciado em 2025, o Projeto BIRIBA \u2013 Cultura, Educa\u00e7\u00e3o e Sustentabilidade j\u00e1 realizou diversas a\u00e7\u00f5es culturais e educativas no munic\u00edpio.<\/p>\n<p>Entre as iniciativas est\u00e3o aulas regulares de capoeira em escolas p\u00fablicas, oficinas de constru\u00e7\u00e3o de berimbau e a realiza\u00e7\u00e3o da III edi\u00e7\u00e3o dos Jogos Internacionais de Capoeira, evento que mobilizou cerca de 1.500 capoeiristas de 40 cidades e diferentes pa\u00edses, com transmiss\u00e3o ao vivo pela TV local.<\/p>\n<p>O projeto tamb\u00e9m promoveu um semin\u00e1rio em comunidade quilombola, realizado em parceria com a segunda edi\u00e7\u00e3o do Projeto Culturar \u2013 Encontro de Arte e Cultura de Paracatu, reunindo apresenta\u00e7\u00f5es culturais, palestras e debates.<\/p>\n<p>Somadas, as a\u00e7\u00f5es realizadas no \u00faltimo ano impactaram cerca de 4 mil pessoas presencialmente e mais de 20 mil virtualmente.<\/p>\n<p>Para Rose Bispo, uma das fundadoras da institui\u00e7\u00e3o, a iniciativa representa um avan\u00e7o importante na valoriza\u00e7\u00e3o da capoeira como ferramenta de transforma\u00e7\u00e3o social. &quot;Este projeto representa um salto diante de uma luta constante para que a capoeira seja reconhecida como instrumento potente de transforma\u00e7\u00e3o social e conectada com temas urgentes, como a quest\u00e3o ambiental, que afeta a todos n\u00f3s&quot;, afirma.<\/p>\n<p><strong>Servi\u00e7o:<\/strong><\/p>\n<p><strong>O qu\u00ea:<\/strong>&nbsp;plantio de mudas \u2013 Projeto BIRIBA<\/p>\n<p><strong>Quando:<\/strong> 20 de mar\u00e7o de 2026<\/p>\n<p><strong>Hor\u00e1rio:<\/strong> 8h<\/p>\n<p><strong>Onde:<\/strong> Instituto Estadual de Florestas (IEF) \u2013 Paracatu (MG)<\/p>\n<p><strong>Parceria:<\/strong> Instituto Estadual de Florestas \u2013 IEF Paracatu | Prefeitura de Paracatu<\/p>\n<p><strong>Patroc\u00ednio:<\/strong> Kinross Paracatu<\/p>\n<p><strong>Realiza\u00e7\u00e3o:<\/strong> Associa\u00e7\u00e3o Cultural Ax\u00e9 Dend\u00ea de Capoeira de Paracatu | Minist\u00e9rio da Cultura<\/p>\n<p><img src='https:\/\/api.dino.com.br\/v2\/news\/tr\/316557?partnerId=4593' alt=\"\" style=\"border:0px;width:1px;height:1px;\" \/><\/p>","protected":false},"excerpt":{"rendered":"<p>A\u00e7\u00e3o do Projeto Biriba une capoeira, cultura afro-brasileira e preserva\u00e7\u00e3o ambiental em atividade aberta \u00e0 comunidade.<\/p>","protected":false},"author":3,"featured_media":15541,"comment_status":"open","ping_status":"open","sticky":false,"template":"","format":"standard","meta":{"footnotes":""},"categories":[315],"tags":[349,365,330,339,370],"class_list":{"0":"post-15540","1":"post","2":"type-post","3":"status-publish","4":"format-standard","5":"has-post-thumbnail","7":"category-noticias-corporativas-dino","8":"tag-arte","9":"tag-esportes","10":"tag-eventos","11":"tag-meio-ambiente","12":"tag-sustentabilidade"},"yoast_head":"<!-- This site is optimized with the Yoast SEO plugin v27.4 - https:\/\/yoast.com\/product\/yoast-seo-wordpress\/ -->\n<title>Associa\u00e7\u00e3o Cultural Ax\u00e9 Dend\u00ea planta \u00e1rvores em Paracatu-MG - Portal Masculino de Moda, Beleza, Luxo and Business - Angel Boss<\/title>\n<meta name=\"robots\" content=\"index, follow, max-snippet:-1, max-image-preview:large, max-video-preview:-1\" \/>\n<link rel=\"canonical\" href=\"https:\/\/angelboss.com.br\/en\/2026\/03\/17\/316557-associacao-cultural-axe-dende-planta-arvores-em-paracatu-mg\/\" \/>\n<meta property=\"og:locale\" content=\"en_US\" \/>\n<meta property=\"og:type\" content=\"article\" \/>\n<meta property=\"og:title\" content=\"Associa\u00e7\u00e3o Cultural Ax\u00e9 Dend\u00ea planta \u00e1rvores em Paracatu-MG - Portal Masculino de Moda, Beleza, Luxo and Business - Angel Boss\" \/>\n<meta property=\"og:description\" content=\"A\u00e7\u00e3o do Projeto Biriba une capoeira, cultura afro-brasileira e preserva\u00e7\u00e3o ambiental em atividade aberta \u00e0 comunidade.\" \/>\n<meta property=\"og:url\" content=\"https:\/\/angelboss.com.br\/en\/2026\/03\/17\/316557-associacao-cultural-axe-dende-planta-arvores-em-paracatu-mg\/\" \/>\n<meta property=\"og:site_name\" content=\"Portal Masculino de Moda, Beleza, Luxo and Business - Angel Boss\" \/>\n<meta property=\"article:published_time\" content=\"2026-03-17T00:00:00+00:00\" \/>\n<meta property=\"og:image\" content=\"https:\/\/angelboss.com.br\/wp-content\/uploads\/2026\/03\/087d7715-da1a-4a10-a971-11b0bd97bf7c.jpeg\" \/>\n\t<meta property=\"og:image:width\" content=\"1067\" \/>\n\t<meta property=\"og:image:height\" content=\"800\" \/>\n\t<meta property=\"og:image:type\" content=\"image\/jpeg\" \/>\n<meta name=\"author\" content=\"DINO\" \/>\n<meta name=\"twitter:card\" content=\"summary_large_image\" \/>\n<meta name=\"twitter:label1\" content=\"Written by\" \/>\n\t<meta name=\"twitter:data1\" content=\"DINO\" \/>\n\t<meta name=\"twitter:label2\" content=\"Est. reading time\" \/>\n\t<meta name=\"twitter:data2\" content=\"3 minutes\" \/>\n<script type=\"application\/ld+json\" class=\"yoast-schema-graph\">{\"@context\":\"https:\\\/\\\/schema.org\",\"@graph\":[{\"@type\":\"Article\",\"@id\":\"https:\\\/\\\/angelboss.com.br\\\/en\\\/2026\\\/03\\\/17\\\/316557-associacao-cultural-axe-dende-planta-arvores-em-paracatu-mg\\\/#article\",\"isPartOf\":{\"@id\":\"https:\\\/\\\/angelboss.com.br\\\/en\\\/2026\\\/03\\\/17\\\/316557-associacao-cultural-axe-dende-planta-arvores-em-paracatu-mg\\\/\"},\"author\":{\"name\":\"DINO\",\"@id\":\"http:\\\/\\\/angelboss.com.br\\\/#\\\/schema\\\/person\\\/b6676b8d991f97199ef2d5b8e5c2d8a5\"},\"headline\":\"Associa\u00e7\u00e3o Cultural Ax\u00e9 Dend\u00ea planta \u00e1rvores em Paracatu-MG\",\"datePublished\":\"2026-03-17T00:00:00+00:00\",\"mainEntityOfPage\":{\"@id\":\"https:\\\/\\\/angelboss.com.br\\\/en\\\/2026\\\/03\\\/17\\\/316557-associacao-cultural-axe-dende-planta-arvores-em-paracatu-mg\\\/\"},\"wordCount\":665,\"commentCount\":0,\"publisher\":{\"@id\":\"http:\\\/\\\/angelboss.com.br\\\/#organization\"},\"image\":{\"@id\":\"https:\\\/\\\/angelboss.com.br\\\/en\\\/2026\\\/03\\\/17\\\/316557-associacao-cultural-axe-dende-planta-arvores-em-paracatu-mg\\\/#primaryimage\"},\"thumbnailUrl\":\"https:\\\/\\\/angelboss.com.br\\\/wp-content\\\/uploads\\\/2026\\\/03\\\/087d7715-da1a-4a10-a971-11b0bd97bf7c.jpeg\",\"keywords\":[\"ARTE\",\"ESPORTES\",\"EVENTOS\",\"MEIO AMBIENTE\",\"SUSTENTABILIDADE\"],\"articleSection\":[\"Not\u00edcias Corporativas\"],\"inLanguage\":\"en-US\",\"potentialAction\":[{\"@type\":\"CommentAction\",\"name\":\"Comment\",\"target\":[\"https:\\\/\\\/angelboss.com.br\\\/en\\\/2026\\\/03\\\/17\\\/316557-associacao-cultural-axe-dende-planta-arvores-em-paracatu-mg\\\/#respond\"]}]},{\"@type\":\"WebPage\",\"@id\":\"https:\\\/\\\/angelboss.com.br\\\/en\\\/2026\\\/03\\\/17\\\/316557-associacao-cultural-axe-dende-planta-arvores-em-paracatu-mg\\\/\",\"url\":\"https:\\\/\\\/angelboss.com.br\\\/en\\\/2026\\\/03\\\/17\\\/316557-associacao-cultural-axe-dende-planta-arvores-em-paracatu-mg\\\/\",\"name\":\"Associa\u00e7\u00e3o Cultural Ax\u00e9 Dend\u00ea planta \u00e1rvores em Paracatu-MG - Portal Masculino de Moda, Beleza, Luxo and Business - Angel Boss\",\"isPartOf\":{\"@id\":\"http:\\\/\\\/angelboss.com.br\\\/#website\"},\"primaryImageOfPage\":{\"@id\":\"https:\\\/\\\/angelboss.com.br\\\/en\\\/2026\\\/03\\\/17\\\/316557-associacao-cultural-axe-dende-planta-arvores-em-paracatu-mg\\\/#primaryimage\"},\"image\":{\"@id\":\"https:\\\/\\\/angelboss.com.br\\\/en\\\/2026\\\/03\\\/17\\\/316557-associacao-cultural-axe-dende-planta-arvores-em-paracatu-mg\\\/#primaryimage\"},\"thumbnailUrl\":\"https:\\\/\\\/angelboss.com.br\\\/wp-content\\\/uploads\\\/2026\\\/03\\\/087d7715-da1a-4a10-a971-11b0bd97bf7c.jpeg\",\"datePublished\":\"2026-03-17T00:00:00+00:00\",\"breadcrumb\":{\"@id\":\"https:\\\/\\\/angelboss.com.br\\\/en\\\/2026\\\/03\\\/17\\\/316557-associacao-cultural-axe-dende-planta-arvores-em-paracatu-mg\\\/#breadcrumb\"},\"inLanguage\":\"en-US\",\"potentialAction\":[{\"@type\":\"ReadAction\",\"target\":[\"https:\\\/\\\/angelboss.com.br\\\/en\\\/2026\\\/03\\\/17\\\/316557-associacao-cultural-axe-dende-planta-arvores-em-paracatu-mg\\\/\"]}]},{\"@type\":\"ImageObject\",\"inLanguage\":\"en-US\",\"@id\":\"https:\\\/\\\/angelboss.com.br\\\/en\\\/2026\\\/03\\\/17\\\/316557-associacao-cultural-axe-dende-planta-arvores-em-paracatu-mg\\\/#primaryimage\",\"url\":\"https:\\\/\\\/angelboss.com.br\\\/wp-content\\\/uploads\\\/2026\\\/03\\\/087d7715-da1a-4a10-a971-11b0bd97bf7c.jpeg\",\"contentUrl\":\"https:\\\/\\\/angelboss.com.br\\\/wp-content\\\/uploads\\\/2026\\\/03\\\/087d7715-da1a-4a10-a971-11b0bd97bf7c.jpeg\",\"width\":1067,\"height\":800,\"caption\":\"Associa\u00e7\u00e3o Cultural Ax\u00e9 Dend\u00ea planta \u00e1rvores em Paracatu-MG\"},{\"@type\":\"BreadcrumbList\",\"@id\":\"https:\\\/\\\/angelboss.com.br\\\/en\\\/2026\\\/03\\\/17\\\/316557-associacao-cultural-axe-dende-planta-arvores-em-paracatu-mg\\\/#breadcrumb\",\"itemListElement\":[{\"@type\":\"ListItem\",\"position\":1,\"name\":\"In\u00edcio\",\"item\":\"http:\\\/\\\/angelboss.com.br\\\/\"},{\"@type\":\"ListItem\",\"position\":2,\"name\":\"Associa\u00e7\u00e3o Cultural Ax\u00e9 Dend\u00ea planta \u00e1rvores em Paracatu-MG\"}]},{\"@type\":\"WebSite\",\"@id\":\"http:\\\/\\\/angelboss.com.br\\\/#website\",\"url\":\"http:\\\/\\\/angelboss.com.br\\\/\",\"name\":\"Portal Masculino de Moda, Beleza, Luxo e Business - Angel Boss\",\"description\":\"O Maior Portal sobre Moda, Luxo, Beleza e Business Masculino do Brasil\",\"publisher\":{\"@id\":\"http:\\\/\\\/angelboss.com.br\\\/#organization\"},\"alternateName\":\"Maior Portal e Blog de Beleza Masculina e Luxo\",\"potentialAction\":[{\"@type\":\"SearchAction\",\"target\":{\"@type\":\"EntryPoint\",\"urlTemplate\":\"http:\\\/\\\/angelboss.com.br\\\/?s={search_term_string}\"},\"query-input\":{\"@type\":\"PropertyValueSpecification\",\"valueRequired\":true,\"valueName\":\"search_term_string\"}}],\"inLanguage\":\"en-US\"},{\"@type\":\"Organization\",\"@id\":\"http:\\\/\\\/angelboss.com.br\\\/#organization\",\"name\":\"Portal Masculino de Moda, Beleza, Luxo and Business - Angel Boss\",\"url\":\"http:\\\/\\\/angelboss.com.br\\\/\",\"logo\":{\"@type\":\"ImageObject\",\"inLanguage\":\"en-US\",\"@id\":\"http:\\\/\\\/angelboss.com.br\\\/#\\\/schema\\\/logo\\\/image\\\/\",\"url\":\"http:\\\/\\\/angelboss.com.br\\\/wp-content\\\/uploads\\\/2025\\\/12\\\/WhatsApp-Image-2025-12-11-at-12.54.26.jpeg\",\"contentUrl\":\"http:\\\/\\\/angelboss.com.br\\\/wp-content\\\/uploads\\\/2025\\\/12\\\/WhatsApp-Image-2025-12-11-at-12.54.26.jpeg\",\"width\":1280,\"height\":1280,\"caption\":\"Portal Masculino de Moda, Beleza, Luxo and Business - Angel Boss\"},\"image\":{\"@id\":\"http:\\\/\\\/angelboss.com.br\\\/#\\\/schema\\\/logo\\\/image\\\/\"}},{\"@type\":\"Person\",\"@id\":\"http:\\\/\\\/angelboss.com.br\\\/#\\\/schema\\\/person\\\/b6676b8d991f97199ef2d5b8e5c2d8a5\",\"name\":\"DINO\",\"image\":{\"@type\":\"ImageObject\",\"inLanguage\":\"en-US\",\"@id\":\"https:\\\/\\\/secure.gravatar.com\\\/avatar\\\/f29568383aedf96da155b6f87103b0e04b1c662f982055cda25086444ab33ff8?s=96&d=mm&r=g\",\"url\":\"https:\\\/\\\/secure.gravatar.com\\\/avatar\\\/f29568383aedf96da155b6f87103b0e04b1c662f982055cda25086444ab33ff8?s=96&d=mm&r=g\",\"contentUrl\":\"https:\\\/\\\/secure.gravatar.com\\\/avatar\\\/f29568383aedf96da155b6f87103b0e04b1c662f982055cda25086444ab33ff8?s=96&d=mm&r=g\",\"caption\":\"DINO\"},\"url\":\"https:\\\/\\\/angelboss.com.br\\\/en\\\/author\\\/DINO\\\/\"}]}<\/script>\n<!-- \/ Yoast SEO plugin. -->","yoast_head_json":{"title":"Associa\u00e7\u00e3o Cultural Ax\u00e9 Dend\u00ea planta \u00e1rvores em Paracatu-MG - Portal Masculino de Moda, Beleza, Luxo and Business - Angel Boss","robots":{"index":"index","follow":"follow","max-snippet":"max-snippet:-1","max-image-preview":"max-image-preview:large","max-video-preview":"max-video-preview:-1"},"canonical":"https:\/\/angelboss.com.br\/en\/2026\/03\/17\/316557-associacao-cultural-axe-dende-planta-arvores-em-paracatu-mg\/","og_locale":"en_US","og_type":"article","og_title":"Associa\u00e7\u00e3o Cultural Ax\u00e9 Dend\u00ea planta \u00e1rvores em Paracatu-MG - Portal Masculino de Moda, Beleza, Luxo and Business - Angel Boss","og_description":"A\u00e7\u00e3o do Projeto Biriba une capoeira, cultura afro-brasileira e preserva\u00e7\u00e3o ambiental em atividade aberta \u00e0 comunidade.","og_url":"https:\/\/angelboss.com.br\/en\/2026\/03\/17\/316557-associacao-cultural-axe-dende-planta-arvores-em-paracatu-mg\/","og_site_name":"Portal Masculino de Moda, Beleza, Luxo and Business - Angel Boss","article_published_time":"2026-03-17T00:00:00+00:00","og_image":[{"width":1067,"height":800,"url":"https:\/\/angelboss.com.br\/wp-content\/uploads\/2026\/03\/087d7715-da1a-4a10-a971-11b0bd97bf7c.jpeg","type":"image\/jpeg"}],"author":"DINO","twitter_card":"summary_large_image","twitter_misc":{"Written by":"DINO","Est. reading time":"3 minutes"},"schema":{"@context":"https:\/\/schema.org","@graph":[{"@type":"Article","@id":"https:\/\/angelboss.com.br\/en\/2026\/03\/17\/316557-associacao-cultural-axe-dende-planta-arvores-em-paracatu-mg\/#article","isPartOf":{"@id":"https:\/\/angelboss.com.br\/en\/2026\/03\/17\/316557-associacao-cultural-axe-dende-planta-arvores-em-paracatu-mg\/"},"author":{"name":"DINO","@id":"http:\/\/angelboss.com.br\/#\/schema\/person\/b6676b8d991f97199ef2d5b8e5c2d8a5"},"headline":"Associa\u00e7\u00e3o Cultural Ax\u00e9 Dend\u00ea planta \u00e1rvores em Paracatu-MG","datePublished":"2026-03-17T00:00:00+00:00","mainEntityOfPage":{"@id":"https:\/\/angelboss.com.br\/en\/2026\/03\/17\/316557-associacao-cultural-axe-dende-planta-arvores-em-paracatu-mg\/"},"wordCount":665,"commentCount":0,"publisher":{"@id":"http:\/\/angelboss.com.br\/#organization"},"image":{"@id":"https:\/\/angelboss.com.br\/en\/2026\/03\/17\/316557-associacao-cultural-axe-dende-planta-arvores-em-paracatu-mg\/#primaryimage"},"thumbnailUrl":"https:\/\/angelboss.com.br\/wp-content\/uploads\/2026\/03\/087d7715-da1a-4a10-a971-11b0bd97bf7c.jpeg","keywords":["ARTE","ESPORTES","EVENTOS","MEIO AMBIENTE","SUSTENTABILIDADE"],"articleSection":["Not\u00edcias Corporativas"],"inLanguage":"en-US","potentialAction":[{"@type":"CommentAction","name":"Comment","target":["https:\/\/angelboss.com.br\/en\/2026\/03\/17\/316557-associacao-cultural-axe-dende-planta-arvores-em-paracatu-mg\/#respond"]}]},{"@type":"WebPage","@id":"https:\/\/angelboss.com.br\/en\/2026\/03\/17\/316557-associacao-cultural-axe-dende-planta-arvores-em-paracatu-mg\/","url":"https:\/\/angelboss.com.br\/en\/2026\/03\/17\/316557-associacao-cultural-axe-dende-planta-arvores-em-paracatu-mg\/","name":"Associa\u00e7\u00e3o Cultural Ax\u00e9 Dend\u00ea planta \u00e1rvores em Paracatu-MG - Portal Masculino de Moda, Beleza, Luxo and Business - Angel Boss","isPartOf":{"@id":"http:\/\/angelboss.com.br\/#website"},"primaryImageOfPage":{"@id":"https:\/\/angelboss.com.br\/en\/2026\/03\/17\/316557-associacao-cultural-axe-dende-planta-arvores-em-paracatu-mg\/#primaryimage"},"image":{"@id":"https:\/\/angelboss.com.br\/en\/2026\/03\/17\/316557-associacao-cultural-axe-dende-planta-arvores-em-paracatu-mg\/#primaryimage"},"thumbnailUrl":"https:\/\/angelboss.com.br\/wp-content\/uploads\/2026\/03\/087d7715-da1a-4a10-a971-11b0bd97bf7c.jpeg","datePublished":"2026-03-17T00:00:00+00:00","breadcrumb":{"@id":"https:\/\/angelboss.com.br\/en\/2026\/03\/17\/316557-associacao-cultural-axe-dende-planta-arvores-em-paracatu-mg\/#breadcrumb"},"inLanguage":"en-US","potentialAction":[{"@type":"ReadAction","target":["https:\/\/angelboss.com.br\/en\/2026\/03\/17\/316557-associacao-cultural-axe-dende-planta-arvores-em-paracatu-mg\/"]}]},{"@type":"ImageObject","inLanguage":"en-US","@id":"https:\/\/angelboss.com.br\/en\/2026\/03\/17\/316557-associacao-cultural-axe-dende-planta-arvores-em-paracatu-mg\/#primaryimage","url":"https:\/\/angelboss.com.br\/wp-content\/uploads\/2026\/03\/087d7715-da1a-4a10-a971-11b0bd97bf7c.jpeg","contentUrl":"https:\/\/angelboss.com.br\/wp-content\/uploads\/2026\/03\/087d7715-da1a-4a10-a971-11b0bd97bf7c.jpeg","width":1067,"height":800,"caption":"Associa\u00e7\u00e3o Cultural Ax\u00e9 Dend\u00ea planta \u00e1rvores em Paracatu-MG"},{"@type":"BreadcrumbList","@id":"https:\/\/angelboss.com.br\/en\/2026\/03\/17\/316557-associacao-cultural-axe-dende-planta-arvores-em-paracatu-mg\/#breadcrumb","itemListElement":[{"@type":"ListItem","position":1,"name":"In\u00edcio","item":"http:\/\/angelboss.com.br\/"},{"@type":"ListItem","position":2,"name":"Associa\u00e7\u00e3o Cultural Ax\u00e9 Dend\u00ea planta \u00e1rvores em Paracatu-MG"}]},{"@type":"WebSite","@id":"http:\/\/angelboss.com.br\/#website","url":"http:\/\/angelboss.com.br\/","name":"Portal Masculino de Moda, Beleza, Luxo e Business - Angel Boss","description":"O Maior Portal sobre Moda, Luxo, Beleza e Business Masculino do Brasil","publisher":{"@id":"http:\/\/angelboss.com.br\/#organization"},"alternateName":"Maior Portal e Blog de Beleza Masculina e Luxo","potentialAction":[{"@type":"SearchAction","target":{"@type":"EntryPoint","urlTemplate":"http:\/\/angelboss.com.br\/?s={search_term_string}"},"query-input":{"@type":"PropertyValueSpecification","valueRequired":true,"valueName":"search_term_string"}}],"inLanguage":"en-US"},{"@type":"Organization","@id":"http:\/\/angelboss.com.br\/#organization","name":"Portal Masculino de Moda, Beleza, Luxo and Business - Angel Boss","url":"http:\/\/angelboss.com.br\/","logo":{"@type":"ImageObject","inLanguage":"en-US","@id":"http:\/\/angelboss.com.br\/#\/schema\/logo\/image\/","url":"http:\/\/angelboss.com.br\/wp-content\/uploads\/2025\/12\/WhatsApp-Image-2025-12-11-at-12.54.26.jpeg","contentUrl":"http:\/\/angelboss.com.br\/wp-content\/uploads\/2025\/12\/WhatsApp-Image-2025-12-11-at-12.54.26.jpeg","width":1280,"height":1280,"caption":"Portal Masculino de Moda, Beleza, Luxo and Business - Angel Boss"},"image":{"@id":"http:\/\/angelboss.com.br\/#\/schema\/logo\/image\/"}},{"@type":"Person","@id":"http:\/\/angelboss.com.br\/#\/schema\/person\/b6676b8d991f97199ef2d5b8e5c2d8a5","name":"DINO","image":{"@type":"ImageObject","inLanguage":"en-US","@id":"https:\/\/secure.gravatar.com\/avatar\/f29568383aedf96da155b6f87103b0e04b1c662f982055cda25086444ab33ff8?s=96&d=mm&r=g","url":"https:\/\/secure.gravatar.com\/avatar\/f29568383aedf96da155b6f87103b0e04b1c662f982055cda25086444ab33ff8?s=96&d=mm&r=g","contentUrl":"https:\/\/secure.gravatar.com\/avatar\/f29568383aedf96da155b6f87103b0e04b1c662f982055cda25086444ab33ff8?s=96&d=mm&r=g","caption":"DINO"},"url":"https:\/\/angelboss.com.br\/en\/author\/DINO\/"}]}},"amp_enabled":true,"_links":{"self":[{"href":"https:\/\/angelboss.com.br\/en\/wp-json\/wp\/v2\/posts\/15540","targetHints":{"allow":["GET"]}}],"collection":[{"href":"https:\/\/angelboss.com.br\/en\/wp-json\/wp\/v2\/posts"}],"about":[{"href":"https:\/\/angelboss.com.br\/en\/wp-json\/wp\/v2\/types\/post"}],"author":[{"embeddable":true,"href":"https:\/\/angelboss.com.br\/en\/wp-json\/wp\/v2\/users\/3"}],"replies":[{"embeddable":true,"href":"https:\/\/angelboss.com.br\/en\/wp-json\/wp\/v2\/comments?post=15540"}],"version-history":[{"count":0,"href":"https:\/\/angelboss.com.br\/en\/wp-json\/wp\/v2\/posts\/15540\/revisions"}],"wp:featuredmedia":[{"embeddable":true,"href":"https:\/\/angelboss.com.br\/en\/wp-json\/wp\/v2\/media\/15541"}],"wp:attachment":[{"href":"https:\/\/angelboss.com.br\/en\/wp-json\/wp\/v2\/media?parent=15540"}],"wp:term":[{"taxonomy":"category","embeddable":true,"href":"https:\/\/angelboss.com.br\/en\/wp-json\/wp\/v2\/categories?post=15540"},{"taxonomy":"post_tag","embeddable":true,"href":"https:\/\/angelboss.com.br\/en\/wp-json\/wp\/v2\/tags?post=15540"}],"curies":[{"name":"wp","href":"https:\/\/api.w.org\/{rel}","templated":true}]}}