{"id":14979,"date":"2026-03-13T19:48:16","date_gmt":"2026-03-13T19:48:16","guid":{"rendered":"https:\/\/angelboss.com.br\/?p=14979"},"modified":"2026-03-13T19:48:18","modified_gmt":"2026-03-13T19:48:18","slug":"collab-l7nnon-e-kenner-drop-7-madureira-rio-de-janeiro","status":"publish","type":"post","link":"https:\/\/angelboss.com.br\/en\/2026\/03\/13\/collab-l7nnon-e-kenner-drop-7-madureira-rio-de-janeiro\/","title":{"rendered":"Kenner e L7nnon lan\u00e7am s\u00e9tima cole\u00e7\u00e3o de sand\u00e1lias e inauguram pop-up no Rio"},"content":{"rendered":"<p>Sempre&nbsp;de&nbsp;Kenner&nbsp;no&nbsp;p\u00e9! Com quatro anos&nbsp;de&nbsp;parceria&nbsp;e&nbsp;cerca&nbsp;de&nbsp;1,4 milh\u00e3o&nbsp;de&nbsp;pares vendidos, o rapper&nbsp;L7nnon&nbsp;e&nbsp;a marca carioca&nbsp;est\u00e3o juntos para mais um movimento&nbsp;especial: o lan\u00e7amento da s\u00e9tima cole\u00e7\u00e3o com sete sand\u00e1lias, com seis modelos in\u00e9ditos.&nbsp;A&nbsp;nova collab tamb\u00e9m \u00e9 marcada pela inaugura\u00e7\u00e3o da primeira&nbsp;pop-up&nbsp;store da&nbsp;Kenner&nbsp;no&nbsp;Rio&nbsp;de&nbsp;Janeiro. O&nbsp;espa\u00e7o vai movimentar Madureira, na Zona&nbsp;Norte da cidade, levando o portf\u00f3lio da colabora\u00e7\u00e3o&nbsp;e&nbsp;uma agenda cultural \u00e0s quintas, sextas&nbsp;e&nbsp;s\u00e1bados&nbsp;em todo o m\u00eas&nbsp;de&nbsp;mar\u00e7o.&nbsp;Essa tamb\u00e9m \u00e9 a primeira vez que a marca cria um ambiente&nbsp;exclusivo&nbsp;em parceria com um&nbsp;embaixador: o pr\u00f3prio L7.<\/p>\n\n\n\n<p>\u201cMinha conex\u00e3o com a&nbsp;Kenner&nbsp;sempre foi muito natural, porque vem da rua, vem da&nbsp;nossa cultura. N\u00e3o \u00e9 s\u00f3 uma collab, \u00e9 constru\u00e7\u00e3o conjunta. Cada drop conta um cap\u00edtulo da&nbsp;nossa hist\u00f3ria. O drop 7 chega mais alinhado com quem&nbsp;eu sou hoje. \u00c9 sobre&nbsp;evolu\u00e7\u00e3o, identidade&nbsp;e&nbsp;sobre representar quem caminha com a gente&nbsp;desde o come\u00e7o\u201d, diz&nbsp;L7nnon.<\/p>\n\n\n\n<p>Modelo slide inovador&nbsp;e&nbsp;multifuncional, a Megah Baggy L7 faz sua&nbsp;estreia como a grande aposta da collab. O modelo traz refer\u00eancias do streetwear, como o mini bolso lateral na tira, que tamb\u00e9m tem um cadar\u00e7o remov\u00edvel. Nas cores baunilha, caramelo&nbsp;e&nbsp;preto ou na vers\u00e3o totalmente preta, a sand\u00e1lia tamb\u00e9m se&nbsp;destaca pelo solado tratorado robusto&nbsp;e&nbsp;antiderrapante, inspirado&nbsp;em pneus&nbsp;de&nbsp;tratores.<\/p>\n\n\n\n<p>Sucesso&nbsp;no&nbsp;portf\u00f3lio da&nbsp;Kenner, a Rakka ganha a vers\u00e3o in\u00e9dita Cushy Bold L7&nbsp;e&nbsp;se diferencia pelo&nbsp;efeito puffer nas tiras. O modelo tem o tramado macio com fun\u00e7\u00e3o hidrorepelente com forro feito&nbsp;em tecido ripstop acolchoado. Com a assinatura&nbsp;exclusiva L7&nbsp;e&nbsp;o pin K met\u00e1lico, o cal\u00e7ado conta com a palmilha lixada&nbsp;em&nbsp;EVA&nbsp;e&nbsp;o solado tratorado, antiderrapante, produzido&nbsp;em borracha vulcanizada.<\/p>\n\n\n\n<p>Com cabedal tramado ajust\u00e1vel, robusto&nbsp;e&nbsp;confort\u00e1vel com forro&nbsp;de&nbsp;neoprene, a Megah Plus traz o solado com&nbsp;design tratorado&nbsp;e&nbsp;antiderrapante&nbsp;em borracha vulcanizada.&nbsp;Entre as varia\u00e7\u00f5es, o modelo combina a cor cobre \u2013 tom metalizado&nbsp;em alta \u2013 com&nbsp;detalhes&nbsp;em preto, al\u00e9m&nbsp;de&nbsp;ganhar uma vers\u00e3o totalmente preta.<\/p>\n\n\n\n<p><strong>Express\u00e3o cultural&nbsp;e&nbsp;identit\u00e1ria&nbsp;<\/strong><\/p>\n\n\n\n<p>A&nbsp;nova cole\u00e7\u00e3o d\u00e1 continuidade ao trabalho da&nbsp;Kenner&nbsp;para valorizar a moda como&nbsp;express\u00e3o&nbsp;de&nbsp;cultura&nbsp;e&nbsp;pertencimento.&nbsp;Desta vez, uma das inspira\u00e7\u00f5es vem dos cabelos com reflexo, \u00edcone da&nbsp;est\u00e9tica perif\u00e9rica, reinterpretados na tira tramada quadriculada da Kivah Dots L7. O modelo in\u00e9dito apresenta o pin met\u00e1lico K vazado&nbsp;e&nbsp;o pin&nbsp;Kenner&nbsp;na lateral, ambos na cor dourada, agregando um toque&nbsp;de&nbsp;estilo \u00e0s cores branca&nbsp;e&nbsp;preta&nbsp;de&nbsp;cada sand\u00e1lia. O&nbsp;design robusto caracter\u00edstico da marca \u00e9 refletido&nbsp;no&nbsp;solado tratorado, antiderrapante, feito&nbsp;em borracha vulcanizada.&nbsp;<\/p>\n\n\n\n<p>\u201cA colabora\u00e7\u00e3o com o&nbsp;L7nnon&nbsp;sempre se reinventa&nbsp;e&nbsp;traz refer\u00eancias das viv\u00eancias&nbsp;dele. A cada cole\u00e7\u00e3o, buscamos&nbsp;entender o que o artista tem usado, as cores que&nbsp;ele curte&nbsp;e&nbsp;est\u00e3o&nbsp;em alta&nbsp;e&nbsp;o que ainda n\u00e3o fizemos. \u00c9 uma parceria s\u00f3lida que tem a total participa\u00e7\u00e3o do L7&nbsp;no&nbsp;processo criativo. Para a marca, \u00e9 muito importante criar&nbsp;em conjunto&nbsp;e&nbsp;manter&nbsp;essa conex\u00e3o genu\u00edna tamb\u00e9m com o&nbsp;nosso p\u00fablico\u201d,&nbsp;explica Lucas Rodrigues, coordenador&nbsp;de&nbsp;branding,&nbsp;estrat\u00e9gia&nbsp;e&nbsp;cultura&nbsp;de&nbsp;marca da&nbsp;Kenner.<\/p>\n\n\n\n<p><strong>Conex\u00e3o&nbsp;entre moda, arte&nbsp;e&nbsp;m\u00fasica<\/strong><\/p>\n\n\n\n<p>Presente&nbsp;no&nbsp;DNA da marca, a arte \u00e9 incorporada \u00e0&nbsp;pop-up&nbsp;store com grafites produzidos pelo artista&nbsp;e&nbsp;produtor cultural Air\u00e1 Ocrespo, mais conhecido como MC Grafiteiro. A parte&nbsp;externa da&nbsp;pop-up&nbsp;tamb\u00e9m ganha muros grafitados. A tradi\u00e7\u00e3o&nbsp;de&nbsp;bate-bola, considerado Patrim\u00f4nio Cultural Carioca&nbsp;e&nbsp;s\u00edmbolo do sub\u00farbio do&nbsp;Rio, ser\u00e1&nbsp;exaltada&nbsp;em uma&nbsp;exposi\u00e7\u00e3o&nbsp;desenvolvida&nbsp;em parceria com a .pormenor. A mostra apresenta pe\u00e7as produzidas pela marca&nbsp;de&nbsp;Bento Ribeiro&nbsp;exclusivamente para o&nbsp;editorial&nbsp;de&nbsp;Carnaval da&nbsp;Kenner.&nbsp;<\/p>\n\n\n\n<p>J\u00e1 a agenda cultural ter\u00e1&nbsp;eventos semanais como o \u201cKinta com K\u201d, com uma ativa\u00e7\u00e3o diferente a cada quinta-feira. A&nbsp;estreia ser\u00e1&nbsp;no&nbsp;dia 12, com a roda&nbsp;de&nbsp;conversa sobre&nbsp;design&nbsp;e&nbsp;tecnologia, aberta ao p\u00fablico.&nbsp;Em 19&nbsp;de&nbsp;mar\u00e7o, o&nbsp;evento Live Set&nbsp;Kenner&nbsp;ter\u00e1 grava\u00e7\u00e3o ao vivo&nbsp;em frente \u00e0 loja. O&nbsp;encerramento ser\u00e1 com a oficina&nbsp;de&nbsp;bon\u00e9&nbsp;de&nbsp;croch\u00ea, comandada pelo coletivo paulista Artesanato Chave,&nbsp;no&nbsp;dia 26&nbsp;de&nbsp;mar\u00e7o. Logo ap\u00f3s as a\u00e7\u00f5es fechadas, a&nbsp;pop-up&nbsp;vai virar baile com DJs selecionados, sempre a partir das 19h,&nbsp;de&nbsp;forma gratuita.&nbsp;<\/p>\n\n\n\n<p>A programa\u00e7\u00e3o&nbsp;de&nbsp;s\u00e1bado acontece das 19h \u00e0s 00h com&nbsp;entrada franca.&nbsp;No&nbsp;dia 14, o&nbsp;evento ser\u00e1 marcado pelo DanceHall;&nbsp;em 21&nbsp;de&nbsp;mar\u00e7o, \u00e9 a vez do R&amp;B animar o p\u00fablico na&nbsp;pop-up. J\u00e1&nbsp;no&nbsp;dia 28, o ponto alto ser\u00e1 um aul\u00e3o com Aline Maia, com o ritmo Miami Bass&nbsp;encerrando a pista. A loja contar\u00e1, ainda, com um bar&nbsp;exclusivo para os clientes.<\/p>","protected":false},"excerpt":{"rendered":"<p>Sempre&nbsp;de&nbsp;Kenner&nbsp;no&nbsp;p\u00e9! Com quatro anos&nbsp;de&nbsp;parceria&nbsp;e&nbsp;cerca&nbsp;de&nbsp;1,4 milh\u00e3o&nbsp;de&nbsp;pares vendidos, o rapper&nbsp;L7nnon&nbsp;e&nbsp;a marca carioca&nbsp;est\u00e3o juntos para mais um movimento&nbsp;especial: o lan\u00e7amento da s\u00e9tima cole\u00e7\u00e3o com sete sand\u00e1lias, com seis modelos in\u00e9ditos.&nbsp;A&nbsp;nova collab tamb\u00e9m \u00e9 marcada pela inaugura\u00e7\u00e3o da primeira&nbsp;pop-up&nbsp;store da&nbsp;Kenner&nbsp;no&nbsp;Rio&nbsp;de&nbsp;Janeiro. O&nbsp;espa\u00e7o vai movimentar Madureira, na Zona&nbsp;Norte da cidade, levando o portf\u00f3lio da colabora\u00e7\u00e3o&nbsp;e&nbsp;uma agenda cultural \u00e0s quintas, sextas&nbsp;e&nbsp;s\u00e1bados&nbsp;em todo<\/p>","protected":false},"author":2,"featured_media":14982,"comment_status":"open","ping_status":"open","sticky":false,"template":"","format":"standard","meta":{"footnotes":""},"categories":[151,609],"tags":[1002,1993,1992],"class_list":{"0":"post-14979","1":"post","2":"type-post","3":"status-publish","4":"format-standard","5":"has-post-thumbnail","7":"category-man","8":"category-moda","9":"tag-collab","10":"tag-drop-7","11":"tag-l7nnon-e-kenner"},"yoast_head":"<!-- This site is optimized with the Yoast SEO plugin v27.5 - https:\/\/yoast.com\/product\/yoast-seo-wordpress\/ -->\n<title>Collab L7nnon e Kenner: Lan\u00e7amento do Drop 7 e Pop-up no Rio<\/title>\n<meta name=\"description\" content=\"Conhe\u00e7a a nova Collab L7nnon e Kenner. O Drop 7 traz modelos in\u00e9ditos e a inaugura\u00e7\u00e3o da pop-up store em Madureira com agenda cultural exclusiva.\" \/>\n<meta name=\"robots\" content=\"index, follow, max-snippet:-1, max-image-preview:large, max-video-preview:-1\" \/>\n<link rel=\"canonical\" href=\"http:\/\/angelboss.com.br\/en\/2026\/03\/13\/collab-l7nnon-e-kenner-drop-7-madureira-rio-de-janeiro\/\" \/>\n<meta property=\"og:locale\" content=\"en_US\" \/>\n<meta property=\"og:type\" content=\"article\" \/>\n<meta property=\"og:title\" content=\"Collab L7nnon e Kenner: Lan\u00e7amento do Drop 7 e Pop-up no Rio\" \/>\n<meta property=\"og:description\" content=\"Conhe\u00e7a a nova Collab L7nnon e Kenner. O Drop 7 traz modelos in\u00e9ditos e a inaugura\u00e7\u00e3o da pop-up store em Madureira com agenda cultural exclusiva.\" \/>\n<meta property=\"og:url\" content=\"http:\/\/angelboss.com.br\/en\/2026\/03\/13\/collab-l7nnon-e-kenner-drop-7-madureira-rio-de-janeiro\/\" \/>\n<meta property=\"og:site_name\" content=\"Portal Masculino de Moda, Beleza, Luxo and Business - Angel Boss\" \/>\n<meta property=\"article:published_time\" content=\"2026-03-13T19:48:16+00:00\" \/>\n<meta property=\"article:modified_time\" content=\"2026-03-13T19:48:18+00:00\" \/>\n<meta property=\"og:image\" content=\"http:\/\/angelboss.com.br\/wp-content\/uploads\/2026\/03\/69b16be9-4bac-47b9-a766-c4c66c5dc8e4-scaled.jpg\" \/>\n\t<meta property=\"og:image:width\" content=\"1707\" \/>\n\t<meta property=\"og:image:height\" content=\"2560\" \/>\n\t<meta property=\"og:image:type\" content=\"image\/jpeg\" \/>\n<meta name=\"author\" content=\"Neto Angel Boss\" \/>\n<meta name=\"twitter:card\" content=\"summary_large_image\" \/>\n<meta name=\"twitter:label1\" content=\"Written by\" \/>\n\t<meta name=\"twitter:data1\" content=\"Neto Angel Boss\" \/>\n\t<meta name=\"twitter:label2\" content=\"Est. reading time\" \/>\n\t<meta name=\"twitter:data2\" content=\"5 minutes\" \/>\n<script type=\"application\/ld+json\" class=\"yoast-schema-graph\">{\"@context\":\"https:\\\/\\\/schema.org\",\"@graph\":[{\"@type\":\"Article\",\"@id\":\"http:\\\/\\\/angelboss.com.br\\\/en\\\/2026\\\/03\\\/13\\\/collab-l7nnon-e-kenner-drop-7-madureira-rio-de-janeiro\\\/#article\",\"isPartOf\":{\"@id\":\"http:\\\/\\\/angelboss.com.br\\\/en\\\/2026\\\/03\\\/13\\\/collab-l7nnon-e-kenner-drop-7-madureira-rio-de-janeiro\\\/\"},\"author\":{\"name\":\"Neto Angel Boss\",\"@id\":\"http:\\\/\\\/angelboss.com.br\\\/#\\\/schema\\\/person\\\/af084936b46cf2e03f299183e429e350\"},\"headline\":\"Kenner e L7nnon lan\u00e7am s\u00e9tima cole\u00e7\u00e3o de sand\u00e1lias e inauguram pop-up no Rio\",\"datePublished\":\"2026-03-13T19:48:16+00:00\",\"dateModified\":\"2026-03-13T19:48:18+00:00\",\"mainEntityOfPage\":{\"@id\":\"http:\\\/\\\/angelboss.com.br\\\/en\\\/2026\\\/03\\\/13\\\/collab-l7nnon-e-kenner-drop-7-madureira-rio-de-janeiro\\\/\"},\"wordCount\":1090,\"commentCount\":0,\"publisher\":{\"@id\":\"http:\\\/\\\/angelboss.com.br\\\/#organization\"},\"image\":{\"@id\":\"http:\\\/\\\/angelboss.com.br\\\/en\\\/2026\\\/03\\\/13\\\/collab-l7nnon-e-kenner-drop-7-madureira-rio-de-janeiro\\\/#primaryimage\"},\"thumbnailUrl\":\"https:\\\/\\\/angelboss.com.br\\\/wp-content\\\/uploads\\\/2026\\\/03\\\/69b16be9-4bac-47b9-a766-c4c66c5dc8e4-scaled.jpg\",\"keywords\":[\"Collab\",\"Drop 7\",\"L7nnon e Kenner\"],\"articleSection\":[\"MAN\",\"MODA\"],\"inLanguage\":\"en-US\",\"potentialAction\":[{\"@type\":\"CommentAction\",\"name\":\"Comment\",\"target\":[\"http:\\\/\\\/angelboss.com.br\\\/en\\\/2026\\\/03\\\/13\\\/collab-l7nnon-e-kenner-drop-7-madureira-rio-de-janeiro\\\/#respond\"]}]},{\"@type\":\"WebPage\",\"@id\":\"http:\\\/\\\/angelboss.com.br\\\/en\\\/2026\\\/03\\\/13\\\/collab-l7nnon-e-kenner-drop-7-madureira-rio-de-janeiro\\\/\",\"url\":\"http:\\\/\\\/angelboss.com.br\\\/en\\\/2026\\\/03\\\/13\\\/collab-l7nnon-e-kenner-drop-7-madureira-rio-de-janeiro\\\/\",\"name\":\"Collab L7nnon e Kenner: Lan\u00e7amento do Drop 7 e Pop-up no Rio\",\"isPartOf\":{\"@id\":\"http:\\\/\\\/angelboss.com.br\\\/#website\"},\"primaryImageOfPage\":{\"@id\":\"http:\\\/\\\/angelboss.com.br\\\/en\\\/2026\\\/03\\\/13\\\/collab-l7nnon-e-kenner-drop-7-madureira-rio-de-janeiro\\\/#primaryimage\"},\"image\":{\"@id\":\"http:\\\/\\\/angelboss.com.br\\\/en\\\/2026\\\/03\\\/13\\\/collab-l7nnon-e-kenner-drop-7-madureira-rio-de-janeiro\\\/#primaryimage\"},\"thumbnailUrl\":\"https:\\\/\\\/angelboss.com.br\\\/wp-content\\\/uploads\\\/2026\\\/03\\\/69b16be9-4bac-47b9-a766-c4c66c5dc8e4-scaled.jpg\",\"datePublished\":\"2026-03-13T19:48:16+00:00\",\"dateModified\":\"2026-03-13T19:48:18+00:00\",\"description\":\"Conhe\u00e7a a nova Collab L7nnon e Kenner. O Drop 7 traz modelos in\u00e9ditos e a inaugura\u00e7\u00e3o da pop-up store em Madureira com agenda cultural exclusiva.\",\"breadcrumb\":{\"@id\":\"http:\\\/\\\/angelboss.com.br\\\/en\\\/2026\\\/03\\\/13\\\/collab-l7nnon-e-kenner-drop-7-madureira-rio-de-janeiro\\\/#breadcrumb\"},\"inLanguage\":\"en-US\",\"potentialAction\":[{\"@type\":\"ReadAction\",\"target\":[\"http:\\\/\\\/angelboss.com.br\\\/en\\\/2026\\\/03\\\/13\\\/collab-l7nnon-e-kenner-drop-7-madureira-rio-de-janeiro\\\/\"]}]},{\"@type\":\"ImageObject\",\"inLanguage\":\"en-US\",\"@id\":\"http:\\\/\\\/angelboss.com.br\\\/en\\\/2026\\\/03\\\/13\\\/collab-l7nnon-e-kenner-drop-7-madureira-rio-de-janeiro\\\/#primaryimage\",\"url\":\"https:\\\/\\\/angelboss.com.br\\\/wp-content\\\/uploads\\\/2026\\\/03\\\/69b16be9-4bac-47b9-a766-c4c66c5dc8e4-scaled.jpg\",\"contentUrl\":\"https:\\\/\\\/angelboss.com.br\\\/wp-content\\\/uploads\\\/2026\\\/03\\\/69b16be9-4bac-47b9-a766-c4c66c5dc8e4-scaled.jpg\",\"width\":1707,\"height\":2560,\"caption\":\"Cr\u00e9dito: Projeto Click na Favela\"},{\"@type\":\"BreadcrumbList\",\"@id\":\"http:\\\/\\\/angelboss.com.br\\\/en\\\/2026\\\/03\\\/13\\\/collab-l7nnon-e-kenner-drop-7-madureira-rio-de-janeiro\\\/#breadcrumb\",\"itemListElement\":[{\"@type\":\"ListItem\",\"position\":1,\"name\":\"In\u00edcio\",\"item\":\"http:\\\/\\\/angelboss.com.br\\\/\"},{\"@type\":\"ListItem\",\"position\":2,\"name\":\"Kenner e L7nnon lan\u00e7am s\u00e9tima cole\u00e7\u00e3o de sand\u00e1lias e inauguram pop-up no Rio\"}]},{\"@type\":\"WebSite\",\"@id\":\"http:\\\/\\\/angelboss.com.br\\\/#website\",\"url\":\"http:\\\/\\\/angelboss.com.br\\\/\",\"name\":\"Portal Masculino de Moda, Beleza, Luxo e Business - Angel Boss\",\"description\":\"O Maior Portal sobre Moda, Luxo, Beleza e Business Masculino do Brasil\",\"publisher\":{\"@id\":\"http:\\\/\\\/angelboss.com.br\\\/#organization\"},\"alternateName\":\"Maior Portal e Blog de Beleza Masculina e Luxo\",\"potentialAction\":[{\"@type\":\"SearchAction\",\"target\":{\"@type\":\"EntryPoint\",\"urlTemplate\":\"http:\\\/\\\/angelboss.com.br\\\/?s={search_term_string}\"},\"query-input\":{\"@type\":\"PropertyValueSpecification\",\"valueRequired\":true,\"valueName\":\"search_term_string\"}}],\"inLanguage\":\"en-US\"},{\"@type\":\"Organization\",\"@id\":\"http:\\\/\\\/angelboss.com.br\\\/#organization\",\"name\":\"Portal Masculino de Moda, Beleza, Luxo and Business - Angel Boss\",\"url\":\"http:\\\/\\\/angelboss.com.br\\\/\",\"logo\":{\"@type\":\"ImageObject\",\"inLanguage\":\"en-US\",\"@id\":\"http:\\\/\\\/angelboss.com.br\\\/#\\\/schema\\\/logo\\\/image\\\/\",\"url\":\"http:\\\/\\\/angelboss.com.br\\\/wp-content\\\/uploads\\\/2025\\\/12\\\/WhatsApp-Image-2025-12-11-at-12.54.26.jpeg\",\"contentUrl\":\"http:\\\/\\\/angelboss.com.br\\\/wp-content\\\/uploads\\\/2025\\\/12\\\/WhatsApp-Image-2025-12-11-at-12.54.26.jpeg\",\"width\":1280,\"height\":1280,\"caption\":\"Portal Masculino de Moda, Beleza, Luxo and Business - Angel Boss\"},\"image\":{\"@id\":\"http:\\\/\\\/angelboss.com.br\\\/#\\\/schema\\\/logo\\\/image\\\/\"}},{\"@type\":\"Person\",\"@id\":\"http:\\\/\\\/angelboss.com.br\\\/#\\\/schema\\\/person\\\/af084936b46cf2e03f299183e429e350\",\"name\":\"Neto Angel Boss\",\"image\":{\"@type\":\"ImageObject\",\"inLanguage\":\"en-US\",\"@id\":\"https:\\\/\\\/secure.gravatar.com\\\/avatar\\\/dbb38b2050e5181e32afbccf458635967af0767d15abe8168b35ebbd97907289?s=96&d=mm&r=g\",\"url\":\"https:\\\/\\\/secure.gravatar.com\\\/avatar\\\/dbb38b2050e5181e32afbccf458635967af0767d15abe8168b35ebbd97907289?s=96&d=mm&r=g\",\"contentUrl\":\"https:\\\/\\\/secure.gravatar.com\\\/avatar\\\/dbb38b2050e5181e32afbccf458635967af0767d15abe8168b35ebbd97907289?s=96&d=mm&r=g\",\"caption\":\"Neto Angel Boss\"},\"sameAs\":[\"http:\\\/\\\/www.angelboss.com\"],\"url\":\"https:\\\/\\\/angelboss.com.br\\\/en\\\/author\\\/netoangelboss\\\/\"}]}<\/script>\n<!-- \/ Yoast SEO plugin. -->","yoast_head_json":{"title":"Collab L7nnon e Kenner: Lan\u00e7amento do Drop 7 e Pop-up no Rio","description":"Conhe\u00e7a a nova Collab L7nnon e Kenner. O Drop 7 traz modelos in\u00e9ditos e a inaugura\u00e7\u00e3o da pop-up store em Madureira com agenda cultural exclusiva.","robots":{"index":"index","follow":"follow","max-snippet":"max-snippet:-1","max-image-preview":"max-image-preview:large","max-video-preview":"max-video-preview:-1"},"canonical":"http:\/\/angelboss.com.br\/en\/2026\/03\/13\/collab-l7nnon-e-kenner-drop-7-madureira-rio-de-janeiro\/","og_locale":"en_US","og_type":"article","og_title":"Collab L7nnon e Kenner: Lan\u00e7amento do Drop 7 e Pop-up no Rio","og_description":"Conhe\u00e7a a nova Collab L7nnon e Kenner. O Drop 7 traz modelos in\u00e9ditos e a inaugura\u00e7\u00e3o da pop-up store em Madureira com agenda cultural exclusiva.","og_url":"http:\/\/angelboss.com.br\/en\/2026\/03\/13\/collab-l7nnon-e-kenner-drop-7-madureira-rio-de-janeiro\/","og_site_name":"Portal Masculino de Moda, Beleza, Luxo and Business - Angel Boss","article_published_time":"2026-03-13T19:48:16+00:00","article_modified_time":"2026-03-13T19:48:18+00:00","og_image":[{"width":1707,"height":2560,"url":"http:\/\/angelboss.com.br\/wp-content\/uploads\/2026\/03\/69b16be9-4bac-47b9-a766-c4c66c5dc8e4-scaled.jpg","type":"image\/jpeg"}],"author":"Neto Angel Boss","twitter_card":"summary_large_image","twitter_misc":{"Written by":"Neto Angel Boss","Est. reading time":"5 minutes"},"schema":{"@context":"https:\/\/schema.org","@graph":[{"@type":"Article","@id":"http:\/\/angelboss.com.br\/en\/2026\/03\/13\/collab-l7nnon-e-kenner-drop-7-madureira-rio-de-janeiro\/#article","isPartOf":{"@id":"http:\/\/angelboss.com.br\/en\/2026\/03\/13\/collab-l7nnon-e-kenner-drop-7-madureira-rio-de-janeiro\/"},"author":{"name":"Neto Angel Boss","@id":"http:\/\/angelboss.com.br\/#\/schema\/person\/af084936b46cf2e03f299183e429e350"},"headline":"Kenner e L7nnon lan\u00e7am s\u00e9tima cole\u00e7\u00e3o de sand\u00e1lias e inauguram pop-up no Rio","datePublished":"2026-03-13T19:48:16+00:00","dateModified":"2026-03-13T19:48:18+00:00","mainEntityOfPage":{"@id":"http:\/\/angelboss.com.br\/en\/2026\/03\/13\/collab-l7nnon-e-kenner-drop-7-madureira-rio-de-janeiro\/"},"wordCount":1090,"commentCount":0,"publisher":{"@id":"http:\/\/angelboss.com.br\/#organization"},"image":{"@id":"http:\/\/angelboss.com.br\/en\/2026\/03\/13\/collab-l7nnon-e-kenner-drop-7-madureira-rio-de-janeiro\/#primaryimage"},"thumbnailUrl":"https:\/\/angelboss.com.br\/wp-content\/uploads\/2026\/03\/69b16be9-4bac-47b9-a766-c4c66c5dc8e4-scaled.jpg","keywords":["Collab","Drop 7","L7nnon e Kenner"],"articleSection":["MAN","MODA"],"inLanguage":"en-US","potentialAction":[{"@type":"CommentAction","name":"Comment","target":["http:\/\/angelboss.com.br\/en\/2026\/03\/13\/collab-l7nnon-e-kenner-drop-7-madureira-rio-de-janeiro\/#respond"]}]},{"@type":"WebPage","@id":"http:\/\/angelboss.com.br\/en\/2026\/03\/13\/collab-l7nnon-e-kenner-drop-7-madureira-rio-de-janeiro\/","url":"http:\/\/angelboss.com.br\/en\/2026\/03\/13\/collab-l7nnon-e-kenner-drop-7-madureira-rio-de-janeiro\/","name":"Collab L7nnon e Kenner: Lan\u00e7amento do Drop 7 e Pop-up no Rio","isPartOf":{"@id":"http:\/\/angelboss.com.br\/#website"},"primaryImageOfPage":{"@id":"http:\/\/angelboss.com.br\/en\/2026\/03\/13\/collab-l7nnon-e-kenner-drop-7-madureira-rio-de-janeiro\/#primaryimage"},"image":{"@id":"http:\/\/angelboss.com.br\/en\/2026\/03\/13\/collab-l7nnon-e-kenner-drop-7-madureira-rio-de-janeiro\/#primaryimage"},"thumbnailUrl":"https:\/\/angelboss.com.br\/wp-content\/uploads\/2026\/03\/69b16be9-4bac-47b9-a766-c4c66c5dc8e4-scaled.jpg","datePublished":"2026-03-13T19:48:16+00:00","dateModified":"2026-03-13T19:48:18+00:00","description":"Conhe\u00e7a a nova Collab L7nnon e Kenner. O Drop 7 traz modelos in\u00e9ditos e a inaugura\u00e7\u00e3o da pop-up store em Madureira com agenda cultural exclusiva.","breadcrumb":{"@id":"http:\/\/angelboss.com.br\/en\/2026\/03\/13\/collab-l7nnon-e-kenner-drop-7-madureira-rio-de-janeiro\/#breadcrumb"},"inLanguage":"en-US","potentialAction":[{"@type":"ReadAction","target":["http:\/\/angelboss.com.br\/en\/2026\/03\/13\/collab-l7nnon-e-kenner-drop-7-madureira-rio-de-janeiro\/"]}]},{"@type":"ImageObject","inLanguage":"en-US","@id":"http:\/\/angelboss.com.br\/en\/2026\/03\/13\/collab-l7nnon-e-kenner-drop-7-madureira-rio-de-janeiro\/#primaryimage","url":"https:\/\/angelboss.com.br\/wp-content\/uploads\/2026\/03\/69b16be9-4bac-47b9-a766-c4c66c5dc8e4-scaled.jpg","contentUrl":"https:\/\/angelboss.com.br\/wp-content\/uploads\/2026\/03\/69b16be9-4bac-47b9-a766-c4c66c5dc8e4-scaled.jpg","width":1707,"height":2560,"caption":"Cr\u00e9dito: Projeto Click na Favela"},{"@type":"BreadcrumbList","@id":"http:\/\/angelboss.com.br\/en\/2026\/03\/13\/collab-l7nnon-e-kenner-drop-7-madureira-rio-de-janeiro\/#breadcrumb","itemListElement":[{"@type":"ListItem","position":1,"name":"In\u00edcio","item":"http:\/\/angelboss.com.br\/"},{"@type":"ListItem","position":2,"name":"Kenner e L7nnon lan\u00e7am s\u00e9tima cole\u00e7\u00e3o de sand\u00e1lias e inauguram pop-up no Rio"}]},{"@type":"WebSite","@id":"http:\/\/angelboss.com.br\/#website","url":"http:\/\/angelboss.com.br\/","name":"Portal Masculino de Moda, Beleza, Luxo e Business - Angel Boss","description":"O Maior Portal sobre Moda, Luxo, Beleza e Business Masculino do Brasil","publisher":{"@id":"http:\/\/angelboss.com.br\/#organization"},"alternateName":"Maior Portal e Blog de Beleza Masculina e Luxo","potentialAction":[{"@type":"SearchAction","target":{"@type":"EntryPoint","urlTemplate":"http:\/\/angelboss.com.br\/?s={search_term_string}"},"query-input":{"@type":"PropertyValueSpecification","valueRequired":true,"valueName":"search_term_string"}}],"inLanguage":"en-US"},{"@type":"Organization","@id":"http:\/\/angelboss.com.br\/#organization","name":"Portal Masculino de Moda, Beleza, Luxo and Business - Angel Boss","url":"http:\/\/angelboss.com.br\/","logo":{"@type":"ImageObject","inLanguage":"en-US","@id":"http:\/\/angelboss.com.br\/#\/schema\/logo\/image\/","url":"http:\/\/angelboss.com.br\/wp-content\/uploads\/2025\/12\/WhatsApp-Image-2025-12-11-at-12.54.26.jpeg","contentUrl":"http:\/\/angelboss.com.br\/wp-content\/uploads\/2025\/12\/WhatsApp-Image-2025-12-11-at-12.54.26.jpeg","width":1280,"height":1280,"caption":"Portal Masculino de Moda, Beleza, Luxo and Business - Angel Boss"},"image":{"@id":"http:\/\/angelboss.com.br\/#\/schema\/logo\/image\/"}},{"@type":"Person","@id":"http:\/\/angelboss.com.br\/#\/schema\/person\/af084936b46cf2e03f299183e429e350","name":"Neto Angel Boss","image":{"@type":"ImageObject","inLanguage":"en-US","@id":"https:\/\/secure.gravatar.com\/avatar\/dbb38b2050e5181e32afbccf458635967af0767d15abe8168b35ebbd97907289?s=96&d=mm&r=g","url":"https:\/\/secure.gravatar.com\/avatar\/dbb38b2050e5181e32afbccf458635967af0767d15abe8168b35ebbd97907289?s=96&d=mm&r=g","contentUrl":"https:\/\/secure.gravatar.com\/avatar\/dbb38b2050e5181e32afbccf458635967af0767d15abe8168b35ebbd97907289?s=96&d=mm&r=g","caption":"Neto Angel Boss"},"sameAs":["http:\/\/www.angelboss.com"],"url":"https:\/\/angelboss.com.br\/en\/author\/netoangelboss\/"}]}},"amp_enabled":true,"_links":{"self":[{"href":"https:\/\/angelboss.com.br\/en\/wp-json\/wp\/v2\/posts\/14979","targetHints":{"allow":["GET"]}}],"collection":[{"href":"https:\/\/angelboss.com.br\/en\/wp-json\/wp\/v2\/posts"}],"about":[{"href":"https:\/\/angelboss.com.br\/en\/wp-json\/wp\/v2\/types\/post"}],"author":[{"embeddable":true,"href":"https:\/\/angelboss.com.br\/en\/wp-json\/wp\/v2\/users\/2"}],"replies":[{"embeddable":true,"href":"https:\/\/angelboss.com.br\/en\/wp-json\/wp\/v2\/comments?post=14979"}],"version-history":[{"count":1,"href":"https:\/\/angelboss.com.br\/en\/wp-json\/wp\/v2\/posts\/14979\/revisions"}],"predecessor-version":[{"id":14983,"href":"https:\/\/angelboss.com.br\/en\/wp-json\/wp\/v2\/posts\/14979\/revisions\/14983"}],"wp:featuredmedia":[{"embeddable":true,"href":"https:\/\/angelboss.com.br\/en\/wp-json\/wp\/v2\/media\/14982"}],"wp:attachment":[{"href":"https:\/\/angelboss.com.br\/en\/wp-json\/wp\/v2\/media?parent=14979"}],"wp:term":[{"taxonomy":"category","embeddable":true,"href":"https:\/\/angelboss.com.br\/en\/wp-json\/wp\/v2\/categories?post=14979"},{"taxonomy":"post_tag","embeddable":true,"href":"https:\/\/angelboss.com.br\/en\/wp-json\/wp\/v2\/tags?post=14979"}],"curies":[{"name":"wp","href":"https:\/\/api.w.org\/{rel}","templated":true}]}}