{"id":14967,"date":"2026-03-13T19:38:26","date_gmt":"2026-03-13T19:38:26","guid":{"rendered":"https:\/\/angelboss.com.br\/?p=14967"},"modified":"2026-03-13T19:38:29","modified_gmt":"2026-03-13T19:38:29","slug":"expositores-da-flimis-2026-feira-do-livro-mis-sao-paulo","status":"publish","type":"post","link":"https:\/\/angelboss.com.br\/en\/2026\/03\/13\/expositores-da-flimis-2026-feira-do-livro-mis-sao-paulo\/","title":{"rendered":"MIS anuncia expositores selecionados para a FLIMIS, nova feira liter\u00e1ria organizada pelo Museu\u00a0"},"content":{"rendered":"<p><em>Ao todo, foram 75\u00a0selecionados\u00a0para\u00a0a\u00a0primeira edi\u00e7\u00e3o do evento, que\u00a0acontece nos dias 11 e 12 de\u00a0abril em parceria com\u00a0a\u00a0editora Lote 42<\/em><\/p>\n\n\n\n<p>O&nbsp;<strong>MIS<\/strong>&nbsp;divulgou&nbsp;a&nbsp;lista de&nbsp;expositores&nbsp;selecionados&nbsp;para&nbsp;a&nbsp;<strong>FLIMIS<\/strong>,&nbsp;a&nbsp;<strong>Feira&nbsp;do Livro do&nbsp;MIS<\/strong>, novo evento cultural que busca promover livros que exploram linguagens&nbsp;art\u00edsticas, especialmente&nbsp;aquelas vinculadas \u00e0 imagem (fotografia, cinema, ilustra\u00e7\u00e3o, quadrinhos) e&nbsp;ao som (m\u00fasica e poesia), explorando publica\u00e7\u00f5es&nbsp;para&nbsp;ver, ouvir e ler.&nbsp;Ao todo, foram&nbsp;<strong>75&nbsp;selecionados<\/strong>&nbsp;para&nbsp;a&nbsp;primeira edi\u00e7\u00e3o do evento, que&nbsp;acontece nos dias&nbsp;<strong>11 e 12 de&nbsp;abril<\/strong>&nbsp;em parceria com&nbsp;a&nbsp;editora Lote 42. &nbsp;&nbsp;&nbsp;&nbsp;&nbsp;<\/p>\n\n\n\n<p>A&nbsp;sele\u00e7\u00e3o contemplou editoras de diferentes portes: desde Ubu, F\u00f3sforo e&nbsp;Aleph, passando por publicadores&nbsp;artesanais, como Borogod\u00f3 Editora, gr\u00e1ficaf\u00e1brica e Quel\u00f4nio,&nbsp;at\u00e9&nbsp;artistas independentes e livrarias. Os 75&nbsp;expositores&nbsp;mostrar\u00e3o uma grande diversidade na constru\u00e7\u00e3o de publica\u00e7\u00f5es impressas, tanto&nbsp;pelo&nbsp;conte\u00fado&nbsp;apresentado como pelas t\u00e9cnicas utilizadas, como serigrafia, carimbo, tipografia e xilogravura.<\/p>\n\n\n\n<p><strong>Expositores&nbsp;|&nbsp;FLIMIS&nbsp;2026<\/strong><\/p>\n\n\n\n<p>Aboio Editorial |&nbsp;Afluente |&nbsp;Aleph |&nbsp;Amilton Santos |&nbsp;Anansi&nbsp;Lab&nbsp;|&nbsp;Atelier Zico Farina | Banca Tatu\u00ed | Bazar do Tempo | Bebel Books | Borogod\u00f3 Editora |&nbsp;Bulu&nbsp;Editora | C\u00e2mara Perif\u00e9rica do Livro (CPL) | Catacumba |&nbsp;diquinta&nbsp;| Dublinense | Edi\u00e7\u00f5es Barbatana | Editora 34 | Editora&nbsp;Bamboozinho&nbsp;| Editora Caixote | Editora Clepsidra | Editora Cobog\u00f3 | Editora Deu na Telha | Editora&nbsp;Ercolano&nbsp;| Editora Funilaria | editora hipot\u00e9tica | Editora Incompleta | Editora Kalinka | Editora Meu Fim de Mundo | Editora&nbsp;Olhav\u00ea&nbsp;| Editora Origem | Editora Polytheama\/Selo&nbsp;Phantastika&nbsp;| Editora Terreno Estranho | Edusp em Movimento | Estudio Ceda&nbsp;el&nbsp;Paso | Experimentos Impressos | F\u00f3sforo\/C\u00edrculo de Poemas |&nbsp;Gabaju&nbsp;| GLAC edi\u00e7\u00f5es |&nbsp;gr\u00e1ficaf\u00e1brica\/Gilberto Tom\u00e9 | Keila Okubo |&nbsp;Kinoruss&nbsp;Edi\u00e7\u00f5es |&nbsp;Kitembo&nbsp;Literatura | LAB.&nbsp;Migaloo&nbsp;| Laranja Original |&nbsp;lauaual&nbsp;|&nbsp;lila&nbsp;botter&nbsp;| Livraria Gr\u00e1fica | Lote 42 | L\u00f3tus e Lichias | Lucia&nbsp;Leiko&nbsp;Ishikawa |&nbsp;Mag\u00f4&nbsp;Pool | Marina&nbsp;Schenkel&nbsp;| Matheus Gon\u00e7alves | Mina de HQ |&nbsp;MMarte&nbsp;| Nemo | Numa Editora |&nbsp;\u00d4Z\u00e9&nbsp;Editora | Paisagens Encartadas | P\u00e9 de Cabra Editora | Poup\u00e9e Rouge Publica\u00e7\u00f5es | Proc\u00f3pio Patavino | Quel\u00f4nio | Rodrigo Leme | Seiva | Selo Dem\u00f4nio Negro | Selo Vertigem | Sinistra Edi\u00e7\u00f5es |&nbsp;sobinfluencia&nbsp;edi\u00e7\u00f5es |&nbsp;Telaranha&nbsp;Edi\u00e7\u00f5es | Terra Virgem Edi\u00e7\u00f5es | Ubu | Wagner Willian | Zapata Edi\u00e7\u00f5es | Zarabatana Books&nbsp;<\/p>","protected":false},"excerpt":{"rendered":"<p>Ao todo, foram 75\u00a0selecionados\u00a0para\u00a0a\u00a0primeira edi\u00e7\u00e3o do evento, que\u00a0acontece nos dias 11 e 12 de\u00a0abril em parceria com\u00a0a\u00a0editora Lote 42 O&nbsp;MIS&nbsp;divulgou&nbsp;a&nbsp;lista de&nbsp;expositores&nbsp;selecionados&nbsp;para&nbsp;a&nbsp;FLIMIS,&nbsp;a&nbsp;Feira&nbsp;do Livro do&nbsp;MIS, novo evento cultural que busca promover livros que exploram linguagens&nbsp;art\u00edsticas, especialmente&nbsp;aquelas vinculadas \u00e0 imagem (fotografia, cinema, ilustra\u00e7\u00e3o, quadrinhos) e&nbsp;ao som (m\u00fasica e poesia), explorando publica\u00e7\u00f5es&nbsp;para&nbsp;ver, ouvir e ler.&nbsp;Ao todo, foram&nbsp;75&nbsp;selecionados&nbsp;para&nbsp;a&nbsp;primeira edi\u00e7\u00e3o do<\/p>","protected":false},"author":2,"featured_media":14969,"comment_status":"open","ping_status":"open","sticky":false,"template":"","format":"standard","meta":{"footnotes":""},"categories":[168,165],"tags":[1986,1988,1987],"class_list":{"0":"post-14967","1":"post","2":"type-post","3":"status-publish","4":"format-standard","5":"has-post-thumbnail","7":"category-eai-bora-nessa","8":"category-luz-camera-e-critica","9":"tag-expositores","10":"tag-flimis-2026","11":"tag-lista-completa"},"yoast_head":"<!-- This site is optimized with the Yoast SEO plugin v27.5 - https:\/\/yoast.com\/product\/yoast-seo-wordpress\/ -->\n<title>Expositores da FLIMIS 2026: Lista Completa e Destaques do MIS<\/title>\n<meta name=\"description\" content=\"Confira a lista dos Expositores da FLIMIS 2026. A Feira do Livro do MIS re\u00fane 75 editoras e artistas independentes em S\u00e3o Paulo nos dias 11 e 12 de abril.\" \/>\n<meta name=\"robots\" content=\"index, follow, max-snippet:-1, max-image-preview:large, max-video-preview:-1\" \/>\n<link rel=\"canonical\" href=\"https:\/\/angelboss.com.br\/en\/2026\/03\/13\/expositores-da-flimis-2026-feira-do-livro-mis-sao-paulo\/\" \/>\n<meta property=\"og:locale\" content=\"en_US\" \/>\n<meta property=\"og:type\" content=\"article\" \/>\n<meta property=\"og:title\" content=\"Expositores da FLIMIS 2026: Lista Completa e Destaques do MIS\" \/>\n<meta property=\"og:description\" content=\"Confira a lista dos Expositores da FLIMIS 2026. A Feira do Livro do MIS re\u00fane 75 editoras e artistas independentes em S\u00e3o Paulo nos dias 11 e 12 de abril.\" \/>\n<meta property=\"og:url\" content=\"https:\/\/angelboss.com.br\/en\/2026\/03\/13\/expositores-da-flimis-2026-feira-do-livro-mis-sao-paulo\/\" \/>\n<meta property=\"og:site_name\" content=\"Portal Masculino de Moda, Beleza, Luxo and Business - Angel Boss\" \/>\n<meta property=\"article:published_time\" content=\"2026-03-13T19:38:26+00:00\" \/>\n<meta property=\"article:modified_time\" content=\"2026-03-13T19:38:29+00:00\" \/>\n<meta property=\"og:image\" content=\"https:\/\/angelboss.com.br\/wp-content\/uploads\/2026\/03\/50f1aee5-6441-4413-a4e3-d2bf6dc0aa8a.png\" \/>\n\t<meta property=\"og:image:width\" content=\"602\" \/>\n\t<meta property=\"og:image:height\" content=\"201\" \/>\n\t<meta property=\"og:image:type\" content=\"image\/png\" \/>\n<meta name=\"author\" content=\"Neto Angel Boss\" \/>\n<meta name=\"twitter:card\" content=\"summary_large_image\" \/>\n<meta name=\"twitter:label1\" content=\"Written by\" \/>\n\t<meta name=\"twitter:data1\" content=\"Neto Angel Boss\" \/>\n\t<meta name=\"twitter:label2\" content=\"Est. reading time\" \/>\n\t<meta name=\"twitter:data2\" content=\"3 minutes\" \/>\n<script type=\"application\/ld+json\" class=\"yoast-schema-graph\">{\"@context\":\"https:\\\/\\\/schema.org\",\"@graph\":[{\"@type\":\"Article\",\"@id\":\"https:\\\/\\\/angelboss.com.br\\\/en\\\/2026\\\/03\\\/13\\\/expositores-da-flimis-2026-feira-do-livro-mis-sao-paulo\\\/#article\",\"isPartOf\":{\"@id\":\"https:\\\/\\\/angelboss.com.br\\\/en\\\/2026\\\/03\\\/13\\\/expositores-da-flimis-2026-feira-do-livro-mis-sao-paulo\\\/\"},\"author\":{\"name\":\"Neto Angel Boss\",\"@id\":\"https:\\\/\\\/angelboss.com.br\\\/en\\\/#\\\/schema\\\/person\\\/af084936b46cf2e03f299183e429e350\"},\"headline\":\"MIS anuncia expositores selecionados para a FLIMIS, nova feira liter\u00e1ria organizada pelo Museu\u00a0\",\"datePublished\":\"2026-03-13T19:38:26+00:00\",\"dateModified\":\"2026-03-13T19:38:29+00:00\",\"mainEntityOfPage\":{\"@id\":\"https:\\\/\\\/angelboss.com.br\\\/en\\\/2026\\\/03\\\/13\\\/expositores-da-flimis-2026-feira-do-livro-mis-sao-paulo\\\/\"},\"wordCount\":463,\"commentCount\":0,\"publisher\":{\"@id\":\"https:\\\/\\\/angelboss.com.br\\\/en\\\/#organization\"},\"image\":{\"@id\":\"https:\\\/\\\/angelboss.com.br\\\/en\\\/2026\\\/03\\\/13\\\/expositores-da-flimis-2026-feira-do-livro-mis-sao-paulo\\\/#primaryimage\"},\"thumbnailUrl\":\"https:\\\/\\\/angelboss.com.br\\\/wp-content\\\/uploads\\\/2026\\\/03\\\/50f1aee5-6441-4413-a4e3-d2bf6dc0aa8a.png\",\"keywords\":[\"Expositores\",\"FLIMIS 2026\",\"Lista Completa\"],\"articleSection\":[\"EA\u00cd, BORA NESSA?\",\"LUZ, C\u00c2MERA E CR\u00cdTICA\"],\"inLanguage\":\"en-US\",\"potentialAction\":[{\"@type\":\"CommentAction\",\"name\":\"Comment\",\"target\":[\"https:\\\/\\\/angelboss.com.br\\\/en\\\/2026\\\/03\\\/13\\\/expositores-da-flimis-2026-feira-do-livro-mis-sao-paulo\\\/#respond\"]}]},{\"@type\":\"WebPage\",\"@id\":\"https:\\\/\\\/angelboss.com.br\\\/en\\\/2026\\\/03\\\/13\\\/expositores-da-flimis-2026-feira-do-livro-mis-sao-paulo\\\/\",\"url\":\"https:\\\/\\\/angelboss.com.br\\\/en\\\/2026\\\/03\\\/13\\\/expositores-da-flimis-2026-feira-do-livro-mis-sao-paulo\\\/\",\"name\":\"Expositores da FLIMIS 2026: Lista Completa e Destaques do MIS\",\"isPartOf\":{\"@id\":\"https:\\\/\\\/angelboss.com.br\\\/en\\\/#website\"},\"primaryImageOfPage\":{\"@id\":\"https:\\\/\\\/angelboss.com.br\\\/en\\\/2026\\\/03\\\/13\\\/expositores-da-flimis-2026-feira-do-livro-mis-sao-paulo\\\/#primaryimage\"},\"image\":{\"@id\":\"https:\\\/\\\/angelboss.com.br\\\/en\\\/2026\\\/03\\\/13\\\/expositores-da-flimis-2026-feira-do-livro-mis-sao-paulo\\\/#primaryimage\"},\"thumbnailUrl\":\"https:\\\/\\\/angelboss.com.br\\\/wp-content\\\/uploads\\\/2026\\\/03\\\/50f1aee5-6441-4413-a4e3-d2bf6dc0aa8a.png\",\"datePublished\":\"2026-03-13T19:38:26+00:00\",\"dateModified\":\"2026-03-13T19:38:29+00:00\",\"description\":\"Confira a lista dos Expositores da FLIMIS 2026. A Feira do Livro do MIS re\u00fane 75 editoras e artistas independentes em S\u00e3o Paulo nos dias 11 e 12 de abril.\",\"breadcrumb\":{\"@id\":\"https:\\\/\\\/angelboss.com.br\\\/en\\\/2026\\\/03\\\/13\\\/expositores-da-flimis-2026-feira-do-livro-mis-sao-paulo\\\/#breadcrumb\"},\"inLanguage\":\"en-US\",\"potentialAction\":[{\"@type\":\"ReadAction\",\"target\":[\"https:\\\/\\\/angelboss.com.br\\\/en\\\/2026\\\/03\\\/13\\\/expositores-da-flimis-2026-feira-do-livro-mis-sao-paulo\\\/\"]}]},{\"@type\":\"ImageObject\",\"inLanguage\":\"en-US\",\"@id\":\"https:\\\/\\\/angelboss.com.br\\\/en\\\/2026\\\/03\\\/13\\\/expositores-da-flimis-2026-feira-do-livro-mis-sao-paulo\\\/#primaryimage\",\"url\":\"https:\\\/\\\/angelboss.com.br\\\/wp-content\\\/uploads\\\/2026\\\/03\\\/50f1aee5-6441-4413-a4e3-d2bf6dc0aa8a.png\",\"contentUrl\":\"https:\\\/\\\/angelboss.com.br\\\/wp-content\\\/uploads\\\/2026\\\/03\\\/50f1aee5-6441-4413-a4e3-d2bf6dc0aa8a.png\",\"width\":602,\"height\":201,\"caption\":\"Imagem\\\/Divulga\u00e7\u00e3o\"},{\"@type\":\"BreadcrumbList\",\"@id\":\"https:\\\/\\\/angelboss.com.br\\\/en\\\/2026\\\/03\\\/13\\\/expositores-da-flimis-2026-feira-do-livro-mis-sao-paulo\\\/#breadcrumb\",\"itemListElement\":[{\"@type\":\"ListItem\",\"position\":1,\"name\":\"In\u00edcio\",\"item\":\"https:\\\/\\\/angelboss.com.br\\\/en\\\/\"},{\"@type\":\"ListItem\",\"position\":2,\"name\":\"MIS anuncia expositores selecionados para a FLIMIS, nova feira liter\u00e1ria organizada pelo Museu\u00a0\"}]},{\"@type\":\"WebSite\",\"@id\":\"https:\\\/\\\/angelboss.com.br\\\/en\\\/#website\",\"url\":\"https:\\\/\\\/angelboss.com.br\\\/en\\\/\",\"name\":\"Portal Masculino de Moda, Beleza, Luxo e Business - Angel Boss\",\"description\":\"O Maior Portal sobre Moda, Luxo, Beleza e Business Masculino do Brasil\",\"publisher\":{\"@id\":\"https:\\\/\\\/angelboss.com.br\\\/en\\\/#organization\"},\"alternateName\":\"Maior Portal e Blog de Beleza Masculina e Luxo\",\"potentialAction\":[{\"@type\":\"SearchAction\",\"target\":{\"@type\":\"EntryPoint\",\"urlTemplate\":\"https:\\\/\\\/angelboss.com.br\\\/en\\\/?s={search_term_string}\"},\"query-input\":{\"@type\":\"PropertyValueSpecification\",\"valueRequired\":true,\"valueName\":\"search_term_string\"}}],\"inLanguage\":\"en-US\"},{\"@type\":\"Organization\",\"@id\":\"https:\\\/\\\/angelboss.com.br\\\/en\\\/#organization\",\"name\":\"Portal Masculino de Moda, Beleza, Luxo and Business - Angel Boss\",\"url\":\"https:\\\/\\\/angelboss.com.br\\\/en\\\/\",\"logo\":{\"@type\":\"ImageObject\",\"inLanguage\":\"en-US\",\"@id\":\"https:\\\/\\\/angelboss.com.br\\\/en\\\/#\\\/schema\\\/logo\\\/image\\\/\",\"url\":\"http:\\\/\\\/angelboss.com.br\\\/wp-content\\\/uploads\\\/2025\\\/12\\\/WhatsApp-Image-2025-12-11-at-12.54.26.jpeg\",\"contentUrl\":\"http:\\\/\\\/angelboss.com.br\\\/wp-content\\\/uploads\\\/2025\\\/12\\\/WhatsApp-Image-2025-12-11-at-12.54.26.jpeg\",\"width\":1280,\"height\":1280,\"caption\":\"Portal Masculino de Moda, Beleza, Luxo and Business - Angel Boss\"},\"image\":{\"@id\":\"https:\\\/\\\/angelboss.com.br\\\/en\\\/#\\\/schema\\\/logo\\\/image\\\/\"}},{\"@type\":\"Person\",\"@id\":\"https:\\\/\\\/angelboss.com.br\\\/en\\\/#\\\/schema\\\/person\\\/af084936b46cf2e03f299183e429e350\",\"name\":\"Neto Angel Boss\",\"image\":{\"@type\":\"ImageObject\",\"inLanguage\":\"en-US\",\"@id\":\"https:\\\/\\\/secure.gravatar.com\\\/avatar\\\/dbb38b2050e5181e32afbccf458635967af0767d15abe8168b35ebbd97907289?s=96&d=mm&r=g\",\"url\":\"https:\\\/\\\/secure.gravatar.com\\\/avatar\\\/dbb38b2050e5181e32afbccf458635967af0767d15abe8168b35ebbd97907289?s=96&d=mm&r=g\",\"contentUrl\":\"https:\\\/\\\/secure.gravatar.com\\\/avatar\\\/dbb38b2050e5181e32afbccf458635967af0767d15abe8168b35ebbd97907289?s=96&d=mm&r=g\",\"caption\":\"Neto Angel Boss\"},\"sameAs\":[\"http:\\\/\\\/www.angelboss.com\"],\"url\":\"https:\\\/\\\/angelboss.com.br\\\/en\\\/author\\\/netoangelboss\\\/\"}]}<\/script>\n<!-- \/ Yoast SEO plugin. -->","yoast_head_json":{"title":"Expositores da FLIMIS 2026: Lista Completa e Destaques do MIS","description":"Confira a lista dos Expositores da FLIMIS 2026. A Feira do Livro do MIS re\u00fane 75 editoras e artistas independentes em S\u00e3o Paulo nos dias 11 e 12 de abril.","robots":{"index":"index","follow":"follow","max-snippet":"max-snippet:-1","max-image-preview":"max-image-preview:large","max-video-preview":"max-video-preview:-1"},"canonical":"https:\/\/angelboss.com.br\/en\/2026\/03\/13\/expositores-da-flimis-2026-feira-do-livro-mis-sao-paulo\/","og_locale":"en_US","og_type":"article","og_title":"Expositores da FLIMIS 2026: Lista Completa e Destaques do MIS","og_description":"Confira a lista dos Expositores da FLIMIS 2026. A Feira do Livro do MIS re\u00fane 75 editoras e artistas independentes em S\u00e3o Paulo nos dias 11 e 12 de abril.","og_url":"https:\/\/angelboss.com.br\/en\/2026\/03\/13\/expositores-da-flimis-2026-feira-do-livro-mis-sao-paulo\/","og_site_name":"Portal Masculino de Moda, Beleza, Luxo and Business - Angel Boss","article_published_time":"2026-03-13T19:38:26+00:00","article_modified_time":"2026-03-13T19:38:29+00:00","og_image":[{"width":602,"height":201,"url":"https:\/\/angelboss.com.br\/wp-content\/uploads\/2026\/03\/50f1aee5-6441-4413-a4e3-d2bf6dc0aa8a.png","type":"image\/png"}],"author":"Neto Angel Boss","twitter_card":"summary_large_image","twitter_misc":{"Written by":"Neto Angel Boss","Est. reading time":"3 minutes"},"schema":{"@context":"https:\/\/schema.org","@graph":[{"@type":"Article","@id":"https:\/\/angelboss.com.br\/en\/2026\/03\/13\/expositores-da-flimis-2026-feira-do-livro-mis-sao-paulo\/#article","isPartOf":{"@id":"https:\/\/angelboss.com.br\/en\/2026\/03\/13\/expositores-da-flimis-2026-feira-do-livro-mis-sao-paulo\/"},"author":{"name":"Neto Angel Boss","@id":"https:\/\/angelboss.com.br\/en\/#\/schema\/person\/af084936b46cf2e03f299183e429e350"},"headline":"MIS anuncia expositores selecionados para a FLIMIS, nova feira liter\u00e1ria organizada pelo Museu\u00a0","datePublished":"2026-03-13T19:38:26+00:00","dateModified":"2026-03-13T19:38:29+00:00","mainEntityOfPage":{"@id":"https:\/\/angelboss.com.br\/en\/2026\/03\/13\/expositores-da-flimis-2026-feira-do-livro-mis-sao-paulo\/"},"wordCount":463,"commentCount":0,"publisher":{"@id":"https:\/\/angelboss.com.br\/en\/#organization"},"image":{"@id":"https:\/\/angelboss.com.br\/en\/2026\/03\/13\/expositores-da-flimis-2026-feira-do-livro-mis-sao-paulo\/#primaryimage"},"thumbnailUrl":"https:\/\/angelboss.com.br\/wp-content\/uploads\/2026\/03\/50f1aee5-6441-4413-a4e3-d2bf6dc0aa8a.png","keywords":["Expositores","FLIMIS 2026","Lista Completa"],"articleSection":["EA\u00cd, BORA NESSA?","LUZ, C\u00c2MERA E CR\u00cdTICA"],"inLanguage":"en-US","potentialAction":[{"@type":"CommentAction","name":"Comment","target":["https:\/\/angelboss.com.br\/en\/2026\/03\/13\/expositores-da-flimis-2026-feira-do-livro-mis-sao-paulo\/#respond"]}]},{"@type":"WebPage","@id":"https:\/\/angelboss.com.br\/en\/2026\/03\/13\/expositores-da-flimis-2026-feira-do-livro-mis-sao-paulo\/","url":"https:\/\/angelboss.com.br\/en\/2026\/03\/13\/expositores-da-flimis-2026-feira-do-livro-mis-sao-paulo\/","name":"Expositores da FLIMIS 2026: Lista Completa e Destaques do MIS","isPartOf":{"@id":"https:\/\/angelboss.com.br\/en\/#website"},"primaryImageOfPage":{"@id":"https:\/\/angelboss.com.br\/en\/2026\/03\/13\/expositores-da-flimis-2026-feira-do-livro-mis-sao-paulo\/#primaryimage"},"image":{"@id":"https:\/\/angelboss.com.br\/en\/2026\/03\/13\/expositores-da-flimis-2026-feira-do-livro-mis-sao-paulo\/#primaryimage"},"thumbnailUrl":"https:\/\/angelboss.com.br\/wp-content\/uploads\/2026\/03\/50f1aee5-6441-4413-a4e3-d2bf6dc0aa8a.png","datePublished":"2026-03-13T19:38:26+00:00","dateModified":"2026-03-13T19:38:29+00:00","description":"Confira a lista dos Expositores da FLIMIS 2026. A Feira do Livro do MIS re\u00fane 75 editoras e artistas independentes em S\u00e3o Paulo nos dias 11 e 12 de abril.","breadcrumb":{"@id":"https:\/\/angelboss.com.br\/en\/2026\/03\/13\/expositores-da-flimis-2026-feira-do-livro-mis-sao-paulo\/#breadcrumb"},"inLanguage":"en-US","potentialAction":[{"@type":"ReadAction","target":["https:\/\/angelboss.com.br\/en\/2026\/03\/13\/expositores-da-flimis-2026-feira-do-livro-mis-sao-paulo\/"]}]},{"@type":"ImageObject","inLanguage":"en-US","@id":"https:\/\/angelboss.com.br\/en\/2026\/03\/13\/expositores-da-flimis-2026-feira-do-livro-mis-sao-paulo\/#primaryimage","url":"https:\/\/angelboss.com.br\/wp-content\/uploads\/2026\/03\/50f1aee5-6441-4413-a4e3-d2bf6dc0aa8a.png","contentUrl":"https:\/\/angelboss.com.br\/wp-content\/uploads\/2026\/03\/50f1aee5-6441-4413-a4e3-d2bf6dc0aa8a.png","width":602,"height":201,"caption":"Imagem\/Divulga\u00e7\u00e3o"},{"@type":"BreadcrumbList","@id":"https:\/\/angelboss.com.br\/en\/2026\/03\/13\/expositores-da-flimis-2026-feira-do-livro-mis-sao-paulo\/#breadcrumb","itemListElement":[{"@type":"ListItem","position":1,"name":"In\u00edcio","item":"https:\/\/angelboss.com.br\/en\/"},{"@type":"ListItem","position":2,"name":"MIS anuncia expositores selecionados para a FLIMIS, nova feira liter\u00e1ria organizada pelo Museu\u00a0"}]},{"@type":"WebSite","@id":"https:\/\/angelboss.com.br\/en\/#website","url":"https:\/\/angelboss.com.br\/en\/","name":"Portal Masculino de Moda, Beleza, Luxo e Business - Angel Boss","description":"O Maior Portal sobre Moda, Luxo, Beleza e Business Masculino do Brasil","publisher":{"@id":"https:\/\/angelboss.com.br\/en\/#organization"},"alternateName":"Maior Portal e Blog de Beleza Masculina e Luxo","potentialAction":[{"@type":"SearchAction","target":{"@type":"EntryPoint","urlTemplate":"https:\/\/angelboss.com.br\/en\/?s={search_term_string}"},"query-input":{"@type":"PropertyValueSpecification","valueRequired":true,"valueName":"search_term_string"}}],"inLanguage":"en-US"},{"@type":"Organization","@id":"https:\/\/angelboss.com.br\/en\/#organization","name":"Portal Masculino de Moda, Beleza, Luxo and Business - Angel Boss","url":"https:\/\/angelboss.com.br\/en\/","logo":{"@type":"ImageObject","inLanguage":"en-US","@id":"https:\/\/angelboss.com.br\/en\/#\/schema\/logo\/image\/","url":"http:\/\/angelboss.com.br\/wp-content\/uploads\/2025\/12\/WhatsApp-Image-2025-12-11-at-12.54.26.jpeg","contentUrl":"http:\/\/angelboss.com.br\/wp-content\/uploads\/2025\/12\/WhatsApp-Image-2025-12-11-at-12.54.26.jpeg","width":1280,"height":1280,"caption":"Portal Masculino de Moda, Beleza, Luxo and Business - Angel Boss"},"image":{"@id":"https:\/\/angelboss.com.br\/en\/#\/schema\/logo\/image\/"}},{"@type":"Person","@id":"https:\/\/angelboss.com.br\/en\/#\/schema\/person\/af084936b46cf2e03f299183e429e350","name":"Neto Angel Boss","image":{"@type":"ImageObject","inLanguage":"en-US","@id":"https:\/\/secure.gravatar.com\/avatar\/dbb38b2050e5181e32afbccf458635967af0767d15abe8168b35ebbd97907289?s=96&d=mm&r=g","url":"https:\/\/secure.gravatar.com\/avatar\/dbb38b2050e5181e32afbccf458635967af0767d15abe8168b35ebbd97907289?s=96&d=mm&r=g","contentUrl":"https:\/\/secure.gravatar.com\/avatar\/dbb38b2050e5181e32afbccf458635967af0767d15abe8168b35ebbd97907289?s=96&d=mm&r=g","caption":"Neto Angel Boss"},"sameAs":["http:\/\/www.angelboss.com"],"url":"https:\/\/angelboss.com.br\/en\/author\/netoangelboss\/"}]}},"amp_enabled":true,"_links":{"self":[{"href":"https:\/\/angelboss.com.br\/en\/wp-json\/wp\/v2\/posts\/14967","targetHints":{"allow":["GET"]}}],"collection":[{"href":"https:\/\/angelboss.com.br\/en\/wp-json\/wp\/v2\/posts"}],"about":[{"href":"https:\/\/angelboss.com.br\/en\/wp-json\/wp\/v2\/types\/post"}],"author":[{"embeddable":true,"href":"https:\/\/angelboss.com.br\/en\/wp-json\/wp\/v2\/users\/2"}],"replies":[{"embeddable":true,"href":"https:\/\/angelboss.com.br\/en\/wp-json\/wp\/v2\/comments?post=14967"}],"version-history":[{"count":1,"href":"https:\/\/angelboss.com.br\/en\/wp-json\/wp\/v2\/posts\/14967\/revisions"}],"predecessor-version":[{"id":14971,"href":"https:\/\/angelboss.com.br\/en\/wp-json\/wp\/v2\/posts\/14967\/revisions\/14971"}],"wp:featuredmedia":[{"embeddable":true,"href":"https:\/\/angelboss.com.br\/en\/wp-json\/wp\/v2\/media\/14969"}],"wp:attachment":[{"href":"https:\/\/angelboss.com.br\/en\/wp-json\/wp\/v2\/media?parent=14967"}],"wp:term":[{"taxonomy":"category","embeddable":true,"href":"https:\/\/angelboss.com.br\/en\/wp-json\/wp\/v2\/categories?post=14967"},{"taxonomy":"post_tag","embeddable":true,"href":"https:\/\/angelboss.com.br\/en\/wp-json\/wp\/v2\/tags?post=14967"}],"curies":[{"name":"wp","href":"https:\/\/api.w.org\/{rel}","templated":true}]}}