{"id":14908,"date":"2026-03-13T17:35:43","date_gmt":"2026-03-13T17:35:43","guid":{"rendered":"https:\/\/angelboss.com.br\/?p=14908"},"modified":"2026-03-13T17:35:45","modified_gmt":"2026-03-13T17:35:45","slug":"exposicao-pluralidades-insulares-no-fiesp-acervo-bid-sao-paulo","status":"publish","type":"post","link":"https:\/\/angelboss.com.br\/en\/2026\/03\/13\/exposicao-pluralidades-insulares-no-fiesp-acervo-bid-sao-paulo\/","title":{"rendered":"Pluralidades insulares\u00a0leva ao Centro Cultural Fiesp\u00a0acervo do BID pela primeira vez na Am\u00e9rica Latina\u00a0"},"content":{"rendered":"<p><em>Com entrada gratuita, mostra re\u00fane de 18 de mar\u00e7o a 5 de julho artistas de 26 pa\u00edses da regi\u00e3o sob curadoria de Giancarlo Hannud e Julieta Maroni e prop\u00f5e um olhar sobre a diversidade de linguagens presentes&nbsp;na&nbsp;cole\u00e7\u00e3o&nbsp;do&nbsp;Banco Interamericano de Desenvolvimento, formada&nbsp;ao&nbsp;longo de sete d\u00e9cadas<\/em><\/p>\n\n\n\n<p>&nbsp;Entre 18 de mar\u00e7o e 5 de julho, a Galeria de Arte&nbsp;do&nbsp;Centro&nbsp;Cultural&nbsp;Fiesp&nbsp;(CCF) recebe a exposi\u00e7\u00e3o&nbsp;<em>Pluralidades&nbsp;insulares: arte latino-americana e caribenha no&nbsp;acervo&nbsp;do&nbsp;BID<\/em>. \u00c9 a&nbsp;primeira&nbsp;vez&nbsp;que a cole\u00e7\u00e3o&nbsp;do&nbsp;Grupo Banco Interamericano de Desenvolvimento (BID) \u00e9 reunida fora de sua sede, em Washington, nos Estados Unidos.<\/p>\n\n\n\n<p>S\u00e3o 157 obrasdos 26 pa\u00edses mutu\u00e1rios&nbsp;do&nbsp;BID, incluindo nomes consagrados&nbsp;na&nbsp;regi\u00e3o, como Tomie Ohtake (Brasil), Olga de Amaral (Col\u00f4mbia), Benito Quinquela Mart\u00edn (Argentina), Diego Rivera (M\u00e9xico) e Fernando de Szyszlo (Peru). Tamb\u00e9m est\u00e1 presente uma gera\u00e7\u00e3o mais jovem de artistas que conquistou reconhecimento internacional mais recentemente, como Kika Carvalho (Brasil), Ad Minoliti (Argentina), Rember Yahuarcani (Peru), Claudia Casarino (Paraguai) e Sheena Rose (Barbados).<\/p>\n\n\n\n<p>\u201cEstamos colocando a arte&nbsp;do&nbsp;BID&nbsp;\u00e0 disposi\u00e7\u00e3o para o grande p\u00fablico. S\u00e3o 157 obras de 26 pa\u00edses&nbsp;pela&nbsp;primeira&nbsp;vez&nbsp;fora da sede&nbsp;do&nbsp;Banco\u201d, afirmou o presidente&nbsp;do&nbsp;Grupo&nbsp;BID, Ilan Goldfajn. \u201cNo Grupo&nbsp;BID, consideramos a arte uma parte fundamental&nbsp;do&nbsp;desenvolvimento e da constru\u00e7\u00e3o da produtividade e da prosperidade&nbsp;na&nbsp;Am\u00e9rica&nbsp;Latina&nbsp;e Caribe. A arte cria empregos, estimula inova\u00e7\u00e3o e une comunidades. \u00c9 por isso que o Grupo&nbsp;BID&nbsp;\u00e9 a \u00fanica institui\u00e7\u00e3o multilateral com um grupo espec\u00edfico de Cultura, Arte e Cole\u00e7\u00f5es, usando a criatividade para destacar o talento e o potencial da regi\u00e3o\u201d, completou.<\/p>\n\n\n\n<p>Com quase 2.000 obras, sobretudo da Am\u00e9rica&nbsp;Latina&nbsp;e Caribe, a cole\u00e7\u00e3o de arte&nbsp;do&nbsp;BID&nbsp;se formou&nbsp;ao&nbsp;longo das quase sete d\u00e9cadas de hist\u00f3ria da institui\u00e7\u00e3o, por meio de aquisi\u00e7\u00f5es e iniciativas institucionais.<\/p>\n\n\n\n<p>Na&nbsp;exposi\u00e7\u00e3o que se inicia por S\u00e3o Paulo, a presen\u00e7a brasileira, que inclui destaques como Victor Brecheret, \u00e9 intencionalmente pontual. O objetivo \u00e9 apresentar&nbsp;ao&nbsp;p\u00fablico obras de pa\u00edses e artistas ainda menos conhecidos por aqui.<\/p>\n\n\n\n<p>Sete se\u00e7\u00f5es tem\u00e1ticas organizam olhar: Territ\u00f3rios, Gentes, Geometrias, Abstra\u00e7\u00f5es, Religiosidade, Mulheres e Hist\u00f3ria da cole\u00e7\u00e3o.<\/p>\n\n\n\n<p>Mais&nbsp;do&nbsp;que uma tentativa de espelhar a realidade, a cole\u00e7\u00e3o&nbsp;do&nbsp;BID&nbsp;revela a evolu\u00e7\u00e3o da constru\u00e7\u00e3o da imagem da regi\u00e3o. \u00c9, sobretudo, um convite&nbsp;ao&nbsp;di\u00e1logo intergeracional e inter-regional.&nbsp;<\/p>\n\n\n\n<p>De acordo com Paulo Skaf, presidente da&nbsp;FIESP&nbsp;e&nbsp;do&nbsp;SESI-SP, \u00e9 uma honra para o&nbsp;Centro&nbsp;Cultural&nbsp;Fiesp&nbsp;receber,&nbsp;pela&nbsp;primeira&nbsp;vez&nbsp;fora de Washington, o&nbsp;acervo&nbsp;do&nbsp;Banco Interamericano de Desenvolvimento. \u201cA mostra destaca a diversidade da Am\u00e9rica&nbsp;Latina&nbsp;e refor\u00e7a que desenvolvimento tamb\u00e9m \u00e9 cultura\u201d, diz Skaf.<\/p>\n\n\n\n<p><strong>CURADORIA<\/strong><\/p>\n\n\n\n<p>\u201cEm suas&nbsp;primeiras d\u00e9cadas, a cole\u00e7\u00e3o concentrou-se principalmente em mestres modernos que tiveram papel decisivo&nbsp;na&nbsp;forma\u00e7\u00e3o das tradi\u00e7\u00f5es art\u00edsticas&nbsp;nacionais&nbsp;dos pa\u00edses membros. Com o tempo, esse olhar se ampliou para incluir artistas emergentes e fortalecer a representa\u00e7\u00e3o de diferentes pa\u00edses e comunidades da Am\u00e9rica&nbsp;Latina&nbsp;e&nbsp;do&nbsp;Caribe\u201d, explica Julieta Maroni, curadora respons\u00e1vel&nbsp;pela&nbsp;cole\u00e7\u00e3o no&nbsp;BID. \u201cHoje a cole\u00e7\u00e3o procura refletir tanto os legados art\u00edsticos quanto o dinamismo da produ\u00e7\u00e3o contempor\u00e2nea\u201d, completa.<\/p>\n\n\n\n<p>Para Giancarlo Hannud, curador convidado a conceber o recorte apresentado em S\u00e3o Paulo em di\u00e1logo com Julieta Maroni, um&nbsp;dos pontos de partida n\u00e3o poderia ser outro sen\u00e3o observar de que forma diferentes artistas latino-americanos aparecem representados&nbsp;na&nbsp;cole\u00e7\u00e3o.<\/p>\n\n\n\n<figure class=\"wp-block-image\"><img decoding=\"async\" src=\"https:\/\/s3.us-east-1.wasabisys.com\/wasabi.cse360.com.br\/email-editor-files\/61228dfc-bc49-4aaa-81f3-08d98f0ff8e9\/afb15f23-9a78-4d42-b5f2-94a560cc8fb8.jpg\" alt=\"\"\/><\/figure>\n\n\n\n<p>Karen Miranda| Oferenda equatoriana no p\u00e1ramo (da s\u00e9rie&nbsp;<em>Na&nbsp;boca&nbsp;do&nbsp;jaguar da montanha, todos s\u00e3o beija-flores<\/em>) | Equador | 2020<\/p>\n\n\n\n<p>O cuidado de n\u00e3o fixar defini\u00e7\u00f5es orienta toda a constru\u00e7\u00e3o&nbsp;do&nbsp;percurso. Em&nbsp;vez&nbsp;de organizar as obras por pa\u00eds ou per\u00edodo &#8211; solu\u00e7\u00e3o que poderia sugerir uma coer\u00eancia territorial artificial &#8211; a curadoria prop\u00f5e uma leitura fragmentada, assumindo as descontinuidades como parte constitutiva da regi\u00e3o. \u201cS\u00e3o pequenas ilhas&nbsp;na&nbsp;Am\u00e9rica dita&nbsp;latina, que muitas&nbsp;vezes n\u00e3o se conversam, mas coexistem\u201d, diz Hannud.<\/p>\n\n\n\n<p>A imagem&nbsp;do&nbsp;arquip\u00e9lago tamb\u00e9m sugere outra dimens\u00e3o: dentro de cada pa\u00eds h\u00e1 m\u00faltiplas ilhas. N\u00e3o existe uma \u00fanica produ\u00e7\u00e3o argentina, colombiana ou haitiana, assim como n\u00e3o existe uma \u00fanica forma de ser latino-americano. Assim,&nbsp;ao&nbsp;olhar para o conjunto&nbsp;do&nbsp;acervo, o que emerge n\u00e3o \u00e9 uma&nbsp;narrativa coesa, mas uma constela\u00e7\u00e3o de hist\u00f3rias, territ\u00f3rios imaginados, gestos art\u00edsticos e sensibilidades diversas.<\/p>\n\n\n\n<p><strong>RECORR\u00caNCIAS&nbsp;DO&nbsp;ACERVO<\/strong><\/p>\n\n\n\n<figure class=\"wp-block-image\"><img decoding=\"async\" src=\"https:\/\/s3.us-east-1.wasabisys.com\/wasabi.cse360.com.br\/email-editor-files\/61228dfc-bc49-4aaa-81f3-08d98f0ff8e9\/f37be785-b57b-46ae-aa4a-a36092e6899f.jpg\" alt=\"\"\/><\/figure>\n\n\n\n<p>Fabi\u00e1n Diaz | Amazonas | 2014 | Col\u00f4mbia<\/p>\n\n\n\n<p>Entre as recorr\u00eancias vis\u00edveis&nbsp;do&nbsp;acervo&nbsp;est\u00e3o retratos e imagens que ajudaram a construir a mem\u00f3ria visual de processos hist\u00f3ricos no continente, as linguagens geom\u00e9tricas e abstratas que atravessaram o continente no p\u00f3s-guerra, a presen\u00e7a expressiva de mulheres artistas e um conjunto de obras que dialoga com religiosidades e cosmologias diversas.<\/p>\n\n\n\n<p>A geometria e a abstra\u00e7\u00e3o ocupam um lugar expressivo no percurso. Associadas, em diferentes momentos, \u00e0 ideia de universalidade e \u00e0 utopia de uma linguagem capaz de transpor fronteiras, essas vertentes revelam inflex\u00f5es pr\u00f3prias no contexto latino-americano. \u201cQuando a geometria moderna entra&nbsp;na&nbsp;Am\u00e9rica&nbsp;do&nbsp;Sul, cada um assume um sotaque diferente\u201d, comenta Hannud. O resultado \u00e9 uma sucess\u00e3o de tradu\u00e7\u00f5es locais que desafiam qualquer no\u00e7\u00e3o de unidade estil\u00edstica.<\/p>\n\n\n\n<p>Outro n\u00facleo re\u00fane obras que evocam&nbsp;narrativas religiosas, s\u00edmbolos populares e universos fabulat\u00f3rios. Sem recorrer&nbsp;ao&nbsp;exotismo, a curadoria destaca como a imagina\u00e7\u00e3o de realidades alternativas assume formas distintas. Bandeiras vodu, esculturas sacras, imagens simb\u00f3licas e personagens hist\u00f3ricos reinventados apontam para experi\u00eancias que dialogam entre si, ainda que marcadas por realidades e contextos diversos.<\/p>\n\n\n\n<p>A presen\u00e7a das mulheres artistas constitui um&nbsp;dos eixos da exposi\u00e7\u00e3o. O recorte dialoga com debates contempor\u00e2neos sobre revis\u00e3o historiogr\u00e1fica e com mudan\u00e7as recentes&nbsp;na&nbsp;pr\u00f3pria cole\u00e7\u00e3o. Segundo Julieta Maroni, esse movimento acompanha processos mais amplos&nbsp;na&nbsp;hist\u00f3ria das cole\u00e7\u00f5es de arte formadas&nbsp;ao&nbsp;longo&nbsp;do&nbsp;s\u00e9culo XX. \u201cAssim como ocorreu em muitas cole\u00e7\u00f5es estabelecidas&nbsp;naquele per\u00edodo, as&nbsp;primeiras aquisi\u00e7\u00f5es refletiam padr\u00f5es mais amplos&nbsp;do&nbsp;campo art\u00edstico\u201d, explica. \u201cCom o tempo, buscamos ampliar esse panorama, incorporando artistas cujas pr\u00e1ticas contribuem de forma decisiva para compreender a hist\u00f3ria art\u00edstica da Am\u00e9rica&nbsp;Latina&nbsp;e&nbsp;do&nbsp;Caribe\u201d.<\/p>\n\n\n\n<p><strong>CULTURA E DESENVOLVIMENTO<\/strong><\/p>\n\n\n\n<p>No plano institucional, a cole\u00e7\u00e3o&nbsp;do&nbsp;BID&nbsp;representa uma dimens\u00e3o&nbsp;cultural&nbsp;da pr\u00f3pria miss\u00e3o&nbsp;do&nbsp;banco&nbsp;na&nbsp;Am\u00e9rica&nbsp;Latina&nbsp;e no Caribe. \u201cEnquanto o&nbsp;BID&nbsp;trabalha para melhorar a vida de milh\u00f5es de pessoas&nbsp;na&nbsp;regi\u00e3o, a cole\u00e7\u00e3o oferece uma plataforma complementar para destacar a capacidade criativa de nossas sociedades\u201d, afirma Julieta Maroni.<\/p>\n\n\n\n<p>Segundo ela, a arte permite tornar vis\u00edveis as dimens\u00f5es humanas e culturais&nbsp;do&nbsp;desenvolvimento. \u201cEla pode refletir transforma\u00e7\u00f5es urbanas, mudan\u00e7as sociais e as aspira\u00e7\u00f5es em constante evolu\u00e7\u00e3o das sociedades\u201d, explica. \u201cAssim como a cole\u00e7\u00e3o, a mostra&nbsp;na&nbsp;Galeria de Arte&nbsp;do&nbsp;Centro&nbsp;Cultural&nbsp;Fiesp&nbsp;refor\u00e7a a ideia de que desenvolvimento n\u00e3o se limita \u00e0 infraestrutura ou \u00e0s finan\u00e7as, mas envolve tamb\u00e9m pessoas e vitalidade&nbsp;cultural.\u201d<\/p>\n\n\n\n<p>Se o conceito de desenvolvimento \u00e9, por si s\u00f3, objeto de disputas e redefini\u00e7\u00f5es constantes, a arte ocupa nessa exposi\u00e7\u00e3o um campo privilegiado que favorece refletir sobre suas ambiguidades. Entre certezas institucionais e provoca\u00e7\u00f5es curatoriais, a mostra constr\u00f3i um espa\u00e7o de fric\u00e7\u00e3o produtiva.<\/p>\n\n\n\n<p>Longe de oferecer uma s\u00edntese definitiva,&nbsp;<strong>Pluralidades&nbsp;Insulares: arte latino-americana e caribenha no&nbsp;acervo&nbsp;do&nbsp;BID<\/strong>&nbsp;convida o p\u00fablico a habitar um territ\u00f3rio onde as categorias tradicionais deixam de operar com nitidez. O que \u00e9 visivelmente compartilhado, sugere a exposi\u00e7\u00e3o, talvez n\u00e3o seja um idioma, uma geografia ou mesmo uma&nbsp;narrativa comum, mas um modo de estar no mundo que se reinventa continuamente.<\/p>","protected":false},"excerpt":{"rendered":"<p>Com entrada gratuita, mostra re\u00fane de 18 de mar\u00e7o a 5 de julho artistas de 26 pa\u00edses da regi\u00e3o sob curadoria de Giancarlo Hannud e Julieta Maroni e prop\u00f5e um olhar sobre a diversidade de linguagens presentes&nbsp;na&nbsp;cole\u00e7\u00e3o&nbsp;do&nbsp;Banco Interamericano de Desenvolvimento, formada&nbsp;ao&nbsp;longo de sete d\u00e9cadas &nbsp;Entre 18 de mar\u00e7o e 5 de julho, a Galeria de<\/p>","protected":false},"author":2,"featured_media":14910,"comment_status":"open","ping_status":"open","sticky":false,"template":"","format":"standard","meta":{"footnotes":""},"categories":[168,164],"tags":[1962,1234,1961],"class_list":{"0":"post-14908","1":"post","2":"type-post","3":"status-publish","4":"format-standard","5":"has-post-thumbnail","7":"category-eai-bora-nessa","8":"category-na-tela","9":"tag-arte-do-bid","10":"tag-exposicao","11":"tag-pluralidades-insulares"},"yoast_head":"<!-- This site is optimized with the Yoast SEO plugin v27.5 - https:\/\/yoast.com\/product\/yoast-seo-wordpress\/ -->\n<title>Exposi\u00e7\u00e3o Pluralidades Insulares no Fiesp: Arte do BID em SP<\/title>\n<meta name=\"description\" content=\"Visite a Exposi\u00e7\u00e3o Pluralidades Insulares no Fiesp. Pela primeira vez fora dos EUA, o acervo do BID re\u00fane 157 obras de 26 pa\u00edses latino-americanos.\" \/>\n<meta name=\"robots\" content=\"index, follow, max-snippet:-1, max-image-preview:large, max-video-preview:-1\" \/>\n<link rel=\"canonical\" href=\"http:\/\/angelboss.com.br\/en\/2026\/03\/13\/exposicao-pluralidades-insulares-no-fiesp-acervo-bid-sao-paulo\/\" \/>\n<meta property=\"og:locale\" content=\"en_US\" \/>\n<meta property=\"og:type\" content=\"article\" \/>\n<meta property=\"og:title\" content=\"Exposi\u00e7\u00e3o Pluralidades Insulares no Fiesp: Arte do BID em SP\" \/>\n<meta property=\"og:description\" content=\"Visite a Exposi\u00e7\u00e3o Pluralidades Insulares no Fiesp. Pela primeira vez fora dos EUA, o acervo do BID re\u00fane 157 obras de 26 pa\u00edses latino-americanos.\" \/>\n<meta property=\"og:url\" content=\"http:\/\/angelboss.com.br\/en\/2026\/03\/13\/exposicao-pluralidades-insulares-no-fiesp-acervo-bid-sao-paulo\/\" \/>\n<meta property=\"og:site_name\" content=\"Portal Masculino de Moda, Beleza, Luxo and Business - Angel Boss\" \/>\n<meta property=\"article:published_time\" content=\"2026-03-13T17:35:43+00:00\" \/>\n<meta property=\"article:modified_time\" content=\"2026-03-13T17:35:45+00:00\" \/>\n<meta property=\"og:image\" content=\"http:\/\/angelboss.com.br\/wp-content\/uploads\/2026\/03\/317c71fd-eec9-41f6-867b-95cda012fa89.jpg\" \/>\n\t<meta property=\"og:image:width\" content=\"547\" \/>\n\t<meta property=\"og:image:height\" content=\"410\" \/>\n\t<meta property=\"og:image:type\" content=\"image\/jpeg\" \/>\n<meta name=\"author\" content=\"Neto Angel Boss\" \/>\n<meta name=\"twitter:card\" content=\"summary_large_image\" \/>\n<meta name=\"twitter:label1\" content=\"Written by\" \/>\n\t<meta name=\"twitter:data1\" content=\"Neto Angel Boss\" \/>\n\t<meta name=\"twitter:label2\" content=\"Est. reading time\" \/>\n\t<meta name=\"twitter:data2\" content=\"8 minutes\" \/>\n<script type=\"application\/ld+json\" class=\"yoast-schema-graph\">{\"@context\":\"https:\\\/\\\/schema.org\",\"@graph\":[{\"@type\":\"Article\",\"@id\":\"http:\\\/\\\/angelboss.com.br\\\/en\\\/2026\\\/03\\\/13\\\/exposicao-pluralidades-insulares-no-fiesp-acervo-bid-sao-paulo\\\/#article\",\"isPartOf\":{\"@id\":\"http:\\\/\\\/angelboss.com.br\\\/en\\\/2026\\\/03\\\/13\\\/exposicao-pluralidades-insulares-no-fiesp-acervo-bid-sao-paulo\\\/\"},\"author\":{\"name\":\"Neto Angel Boss\",\"@id\":\"http:\\\/\\\/angelboss.com.br\\\/#\\\/schema\\\/person\\\/af084936b46cf2e03f299183e429e350\"},\"headline\":\"Pluralidades insulares\u00a0leva ao Centro Cultural Fiesp\u00a0acervo do BID pela primeira vez na Am\u00e9rica Latina\u00a0\",\"datePublished\":\"2026-03-13T17:35:43+00:00\",\"dateModified\":\"2026-03-13T17:35:45+00:00\",\"mainEntityOfPage\":{\"@id\":\"http:\\\/\\\/angelboss.com.br\\\/en\\\/2026\\\/03\\\/13\\\/exposicao-pluralidades-insulares-no-fiesp-acervo-bid-sao-paulo\\\/\"},\"wordCount\":1545,\"commentCount\":0,\"publisher\":{\"@id\":\"http:\\\/\\\/angelboss.com.br\\\/#organization\"},\"image\":{\"@id\":\"http:\\\/\\\/angelboss.com.br\\\/en\\\/2026\\\/03\\\/13\\\/exposicao-pluralidades-insulares-no-fiesp-acervo-bid-sao-paulo\\\/#primaryimage\"},\"thumbnailUrl\":\"https:\\\/\\\/angelboss.com.br\\\/wp-content\\\/uploads\\\/2026\\\/03\\\/317c71fd-eec9-41f6-867b-95cda012fa89.jpg\",\"keywords\":[\"Arte do BID\",\"Exposi\u00e7\u00e3o\",\"Pluralidades Insulares\"],\"articleSection\":[\"EA\u00cd, BORA NESSA?\",\"NA TELA\"],\"inLanguage\":\"en-US\",\"potentialAction\":[{\"@type\":\"CommentAction\",\"name\":\"Comment\",\"target\":[\"http:\\\/\\\/angelboss.com.br\\\/en\\\/2026\\\/03\\\/13\\\/exposicao-pluralidades-insulares-no-fiesp-acervo-bid-sao-paulo\\\/#respond\"]}]},{\"@type\":\"WebPage\",\"@id\":\"http:\\\/\\\/angelboss.com.br\\\/en\\\/2026\\\/03\\\/13\\\/exposicao-pluralidades-insulares-no-fiesp-acervo-bid-sao-paulo\\\/\",\"url\":\"http:\\\/\\\/angelboss.com.br\\\/en\\\/2026\\\/03\\\/13\\\/exposicao-pluralidades-insulares-no-fiesp-acervo-bid-sao-paulo\\\/\",\"name\":\"Exposi\u00e7\u00e3o Pluralidades Insulares no Fiesp: Arte do BID em SP\",\"isPartOf\":{\"@id\":\"http:\\\/\\\/angelboss.com.br\\\/#website\"},\"primaryImageOfPage\":{\"@id\":\"http:\\\/\\\/angelboss.com.br\\\/en\\\/2026\\\/03\\\/13\\\/exposicao-pluralidades-insulares-no-fiesp-acervo-bid-sao-paulo\\\/#primaryimage\"},\"image\":{\"@id\":\"http:\\\/\\\/angelboss.com.br\\\/en\\\/2026\\\/03\\\/13\\\/exposicao-pluralidades-insulares-no-fiesp-acervo-bid-sao-paulo\\\/#primaryimage\"},\"thumbnailUrl\":\"https:\\\/\\\/angelboss.com.br\\\/wp-content\\\/uploads\\\/2026\\\/03\\\/317c71fd-eec9-41f6-867b-95cda012fa89.jpg\",\"datePublished\":\"2026-03-13T17:35:43+00:00\",\"dateModified\":\"2026-03-13T17:35:45+00:00\",\"description\":\"Visite a Exposi\u00e7\u00e3o Pluralidades Insulares no Fiesp. Pela primeira vez fora dos EUA, o acervo do BID re\u00fane 157 obras de 26 pa\u00edses latino-americanos.\",\"breadcrumb\":{\"@id\":\"http:\\\/\\\/angelboss.com.br\\\/en\\\/2026\\\/03\\\/13\\\/exposicao-pluralidades-insulares-no-fiesp-acervo-bid-sao-paulo\\\/#breadcrumb\"},\"inLanguage\":\"en-US\",\"potentialAction\":[{\"@type\":\"ReadAction\",\"target\":[\"http:\\\/\\\/angelboss.com.br\\\/en\\\/2026\\\/03\\\/13\\\/exposicao-pluralidades-insulares-no-fiesp-acervo-bid-sao-paulo\\\/\"]}]},{\"@type\":\"ImageObject\",\"inLanguage\":\"en-US\",\"@id\":\"http:\\\/\\\/angelboss.com.br\\\/en\\\/2026\\\/03\\\/13\\\/exposicao-pluralidades-insulares-no-fiesp-acervo-bid-sao-paulo\\\/#primaryimage\",\"url\":\"https:\\\/\\\/angelboss.com.br\\\/wp-content\\\/uploads\\\/2026\\\/03\\\/317c71fd-eec9-41f6-867b-95cda012fa89.jpg\",\"contentUrl\":\"https:\\\/\\\/angelboss.com.br\\\/wp-content\\\/uploads\\\/2026\\\/03\\\/317c71fd-eec9-41f6-867b-95cda012fa89.jpg\",\"width\":547,\"height\":410,\"caption\":\"Imagem\\\/Divulga\u00e7\u00e3o\\\/Kika Carvalho | Sem t\u00edtulo | 2021| Brasil\"},{\"@type\":\"BreadcrumbList\",\"@id\":\"http:\\\/\\\/angelboss.com.br\\\/en\\\/2026\\\/03\\\/13\\\/exposicao-pluralidades-insulares-no-fiesp-acervo-bid-sao-paulo\\\/#breadcrumb\",\"itemListElement\":[{\"@type\":\"ListItem\",\"position\":1,\"name\":\"In\u00edcio\",\"item\":\"http:\\\/\\\/angelboss.com.br\\\/\"},{\"@type\":\"ListItem\",\"position\":2,\"name\":\"Pluralidades insulares\u00a0leva ao Centro Cultural Fiesp\u00a0acervo do BID pela primeira vez na Am\u00e9rica Latina\u00a0\"}]},{\"@type\":\"WebSite\",\"@id\":\"http:\\\/\\\/angelboss.com.br\\\/#website\",\"url\":\"http:\\\/\\\/angelboss.com.br\\\/\",\"name\":\"Portal Masculino de Moda, Beleza, Luxo e Business - Angel Boss\",\"description\":\"O Maior Portal sobre Moda, Luxo, Beleza e Business Masculino do Brasil\",\"publisher\":{\"@id\":\"http:\\\/\\\/angelboss.com.br\\\/#organization\"},\"alternateName\":\"Maior Portal e Blog de Beleza Masculina e Luxo\",\"potentialAction\":[{\"@type\":\"SearchAction\",\"target\":{\"@type\":\"EntryPoint\",\"urlTemplate\":\"http:\\\/\\\/angelboss.com.br\\\/?s={search_term_string}\"},\"query-input\":{\"@type\":\"PropertyValueSpecification\",\"valueRequired\":true,\"valueName\":\"search_term_string\"}}],\"inLanguage\":\"en-US\"},{\"@type\":\"Organization\",\"@id\":\"http:\\\/\\\/angelboss.com.br\\\/#organization\",\"name\":\"Portal Masculino de Moda, Beleza, Luxo and Business - Angel Boss\",\"url\":\"http:\\\/\\\/angelboss.com.br\\\/\",\"logo\":{\"@type\":\"ImageObject\",\"inLanguage\":\"en-US\",\"@id\":\"http:\\\/\\\/angelboss.com.br\\\/#\\\/schema\\\/logo\\\/image\\\/\",\"url\":\"http:\\\/\\\/angelboss.com.br\\\/wp-content\\\/uploads\\\/2025\\\/12\\\/WhatsApp-Image-2025-12-11-at-12.54.26.jpeg\",\"contentUrl\":\"http:\\\/\\\/angelboss.com.br\\\/wp-content\\\/uploads\\\/2025\\\/12\\\/WhatsApp-Image-2025-12-11-at-12.54.26.jpeg\",\"width\":1280,\"height\":1280,\"caption\":\"Portal Masculino de Moda, Beleza, Luxo and Business - Angel Boss\"},\"image\":{\"@id\":\"http:\\\/\\\/angelboss.com.br\\\/#\\\/schema\\\/logo\\\/image\\\/\"}},{\"@type\":\"Person\",\"@id\":\"http:\\\/\\\/angelboss.com.br\\\/#\\\/schema\\\/person\\\/af084936b46cf2e03f299183e429e350\",\"name\":\"Neto Angel Boss\",\"image\":{\"@type\":\"ImageObject\",\"inLanguage\":\"en-US\",\"@id\":\"https:\\\/\\\/secure.gravatar.com\\\/avatar\\\/dbb38b2050e5181e32afbccf458635967af0767d15abe8168b35ebbd97907289?s=96&d=mm&r=g\",\"url\":\"https:\\\/\\\/secure.gravatar.com\\\/avatar\\\/dbb38b2050e5181e32afbccf458635967af0767d15abe8168b35ebbd97907289?s=96&d=mm&r=g\",\"contentUrl\":\"https:\\\/\\\/secure.gravatar.com\\\/avatar\\\/dbb38b2050e5181e32afbccf458635967af0767d15abe8168b35ebbd97907289?s=96&d=mm&r=g\",\"caption\":\"Neto Angel Boss\"},\"sameAs\":[\"http:\\\/\\\/www.angelboss.com\"],\"url\":\"https:\\\/\\\/angelboss.com.br\\\/en\\\/author\\\/netoangelboss\\\/\"}]}<\/script>\n<!-- \/ Yoast SEO plugin. -->","yoast_head_json":{"title":"Exposi\u00e7\u00e3o Pluralidades Insulares no Fiesp: Arte do BID em SP","description":"Visite a Exposi\u00e7\u00e3o Pluralidades Insulares no Fiesp. Pela primeira vez fora dos EUA, o acervo do BID re\u00fane 157 obras de 26 pa\u00edses latino-americanos.","robots":{"index":"index","follow":"follow","max-snippet":"max-snippet:-1","max-image-preview":"max-image-preview:large","max-video-preview":"max-video-preview:-1"},"canonical":"http:\/\/angelboss.com.br\/en\/2026\/03\/13\/exposicao-pluralidades-insulares-no-fiesp-acervo-bid-sao-paulo\/","og_locale":"en_US","og_type":"article","og_title":"Exposi\u00e7\u00e3o Pluralidades Insulares no Fiesp: Arte do BID em SP","og_description":"Visite a Exposi\u00e7\u00e3o Pluralidades Insulares no Fiesp. Pela primeira vez fora dos EUA, o acervo do BID re\u00fane 157 obras de 26 pa\u00edses latino-americanos.","og_url":"http:\/\/angelboss.com.br\/en\/2026\/03\/13\/exposicao-pluralidades-insulares-no-fiesp-acervo-bid-sao-paulo\/","og_site_name":"Portal Masculino de Moda, Beleza, Luxo and Business - Angel Boss","article_published_time":"2026-03-13T17:35:43+00:00","article_modified_time":"2026-03-13T17:35:45+00:00","og_image":[{"width":547,"height":410,"url":"http:\/\/angelboss.com.br\/wp-content\/uploads\/2026\/03\/317c71fd-eec9-41f6-867b-95cda012fa89.jpg","type":"image\/jpeg"}],"author":"Neto Angel Boss","twitter_card":"summary_large_image","twitter_misc":{"Written by":"Neto Angel Boss","Est. reading time":"8 minutes"},"schema":{"@context":"https:\/\/schema.org","@graph":[{"@type":"Article","@id":"http:\/\/angelboss.com.br\/en\/2026\/03\/13\/exposicao-pluralidades-insulares-no-fiesp-acervo-bid-sao-paulo\/#article","isPartOf":{"@id":"http:\/\/angelboss.com.br\/en\/2026\/03\/13\/exposicao-pluralidades-insulares-no-fiesp-acervo-bid-sao-paulo\/"},"author":{"name":"Neto Angel Boss","@id":"http:\/\/angelboss.com.br\/#\/schema\/person\/af084936b46cf2e03f299183e429e350"},"headline":"Pluralidades insulares\u00a0leva ao Centro Cultural Fiesp\u00a0acervo do BID pela primeira vez na Am\u00e9rica Latina\u00a0","datePublished":"2026-03-13T17:35:43+00:00","dateModified":"2026-03-13T17:35:45+00:00","mainEntityOfPage":{"@id":"http:\/\/angelboss.com.br\/en\/2026\/03\/13\/exposicao-pluralidades-insulares-no-fiesp-acervo-bid-sao-paulo\/"},"wordCount":1545,"commentCount":0,"publisher":{"@id":"http:\/\/angelboss.com.br\/#organization"},"image":{"@id":"http:\/\/angelboss.com.br\/en\/2026\/03\/13\/exposicao-pluralidades-insulares-no-fiesp-acervo-bid-sao-paulo\/#primaryimage"},"thumbnailUrl":"https:\/\/angelboss.com.br\/wp-content\/uploads\/2026\/03\/317c71fd-eec9-41f6-867b-95cda012fa89.jpg","keywords":["Arte do BID","Exposi\u00e7\u00e3o","Pluralidades Insulares"],"articleSection":["EA\u00cd, BORA NESSA?","NA TELA"],"inLanguage":"en-US","potentialAction":[{"@type":"CommentAction","name":"Comment","target":["http:\/\/angelboss.com.br\/en\/2026\/03\/13\/exposicao-pluralidades-insulares-no-fiesp-acervo-bid-sao-paulo\/#respond"]}]},{"@type":"WebPage","@id":"http:\/\/angelboss.com.br\/en\/2026\/03\/13\/exposicao-pluralidades-insulares-no-fiesp-acervo-bid-sao-paulo\/","url":"http:\/\/angelboss.com.br\/en\/2026\/03\/13\/exposicao-pluralidades-insulares-no-fiesp-acervo-bid-sao-paulo\/","name":"Exposi\u00e7\u00e3o Pluralidades Insulares no Fiesp: Arte do BID em SP","isPartOf":{"@id":"http:\/\/angelboss.com.br\/#website"},"primaryImageOfPage":{"@id":"http:\/\/angelboss.com.br\/en\/2026\/03\/13\/exposicao-pluralidades-insulares-no-fiesp-acervo-bid-sao-paulo\/#primaryimage"},"image":{"@id":"http:\/\/angelboss.com.br\/en\/2026\/03\/13\/exposicao-pluralidades-insulares-no-fiesp-acervo-bid-sao-paulo\/#primaryimage"},"thumbnailUrl":"https:\/\/angelboss.com.br\/wp-content\/uploads\/2026\/03\/317c71fd-eec9-41f6-867b-95cda012fa89.jpg","datePublished":"2026-03-13T17:35:43+00:00","dateModified":"2026-03-13T17:35:45+00:00","description":"Visite a Exposi\u00e7\u00e3o Pluralidades Insulares no Fiesp. Pela primeira vez fora dos EUA, o acervo do BID re\u00fane 157 obras de 26 pa\u00edses latino-americanos.","breadcrumb":{"@id":"http:\/\/angelboss.com.br\/en\/2026\/03\/13\/exposicao-pluralidades-insulares-no-fiesp-acervo-bid-sao-paulo\/#breadcrumb"},"inLanguage":"en-US","potentialAction":[{"@type":"ReadAction","target":["http:\/\/angelboss.com.br\/en\/2026\/03\/13\/exposicao-pluralidades-insulares-no-fiesp-acervo-bid-sao-paulo\/"]}]},{"@type":"ImageObject","inLanguage":"en-US","@id":"http:\/\/angelboss.com.br\/en\/2026\/03\/13\/exposicao-pluralidades-insulares-no-fiesp-acervo-bid-sao-paulo\/#primaryimage","url":"https:\/\/angelboss.com.br\/wp-content\/uploads\/2026\/03\/317c71fd-eec9-41f6-867b-95cda012fa89.jpg","contentUrl":"https:\/\/angelboss.com.br\/wp-content\/uploads\/2026\/03\/317c71fd-eec9-41f6-867b-95cda012fa89.jpg","width":547,"height":410,"caption":"Imagem\/Divulga\u00e7\u00e3o\/Kika Carvalho | Sem t\u00edtulo | 2021| Brasil"},{"@type":"BreadcrumbList","@id":"http:\/\/angelboss.com.br\/en\/2026\/03\/13\/exposicao-pluralidades-insulares-no-fiesp-acervo-bid-sao-paulo\/#breadcrumb","itemListElement":[{"@type":"ListItem","position":1,"name":"In\u00edcio","item":"http:\/\/angelboss.com.br\/"},{"@type":"ListItem","position":2,"name":"Pluralidades insulares\u00a0leva ao Centro Cultural Fiesp\u00a0acervo do BID pela primeira vez na Am\u00e9rica Latina\u00a0"}]},{"@type":"WebSite","@id":"http:\/\/angelboss.com.br\/#website","url":"http:\/\/angelboss.com.br\/","name":"Portal Masculino de Moda, Beleza, Luxo e Business - Angel Boss","description":"O Maior Portal sobre Moda, Luxo, Beleza e Business Masculino do Brasil","publisher":{"@id":"http:\/\/angelboss.com.br\/#organization"},"alternateName":"Maior Portal e Blog de Beleza Masculina e Luxo","potentialAction":[{"@type":"SearchAction","target":{"@type":"EntryPoint","urlTemplate":"http:\/\/angelboss.com.br\/?s={search_term_string}"},"query-input":{"@type":"PropertyValueSpecification","valueRequired":true,"valueName":"search_term_string"}}],"inLanguage":"en-US"},{"@type":"Organization","@id":"http:\/\/angelboss.com.br\/#organization","name":"Portal Masculino de Moda, Beleza, Luxo and Business - Angel Boss","url":"http:\/\/angelboss.com.br\/","logo":{"@type":"ImageObject","inLanguage":"en-US","@id":"http:\/\/angelboss.com.br\/#\/schema\/logo\/image\/","url":"http:\/\/angelboss.com.br\/wp-content\/uploads\/2025\/12\/WhatsApp-Image-2025-12-11-at-12.54.26.jpeg","contentUrl":"http:\/\/angelboss.com.br\/wp-content\/uploads\/2025\/12\/WhatsApp-Image-2025-12-11-at-12.54.26.jpeg","width":1280,"height":1280,"caption":"Portal Masculino de Moda, Beleza, Luxo and Business - Angel Boss"},"image":{"@id":"http:\/\/angelboss.com.br\/#\/schema\/logo\/image\/"}},{"@type":"Person","@id":"http:\/\/angelboss.com.br\/#\/schema\/person\/af084936b46cf2e03f299183e429e350","name":"Neto Angel Boss","image":{"@type":"ImageObject","inLanguage":"en-US","@id":"https:\/\/secure.gravatar.com\/avatar\/dbb38b2050e5181e32afbccf458635967af0767d15abe8168b35ebbd97907289?s=96&d=mm&r=g","url":"https:\/\/secure.gravatar.com\/avatar\/dbb38b2050e5181e32afbccf458635967af0767d15abe8168b35ebbd97907289?s=96&d=mm&r=g","contentUrl":"https:\/\/secure.gravatar.com\/avatar\/dbb38b2050e5181e32afbccf458635967af0767d15abe8168b35ebbd97907289?s=96&d=mm&r=g","caption":"Neto Angel Boss"},"sameAs":["http:\/\/www.angelboss.com"],"url":"https:\/\/angelboss.com.br\/en\/author\/netoangelboss\/"}]}},"amp_enabled":true,"_links":{"self":[{"href":"https:\/\/angelboss.com.br\/en\/wp-json\/wp\/v2\/posts\/14908","targetHints":{"allow":["GET"]}}],"collection":[{"href":"https:\/\/angelboss.com.br\/en\/wp-json\/wp\/v2\/posts"}],"about":[{"href":"https:\/\/angelboss.com.br\/en\/wp-json\/wp\/v2\/types\/post"}],"author":[{"embeddable":true,"href":"https:\/\/angelboss.com.br\/en\/wp-json\/wp\/v2\/users\/2"}],"replies":[{"embeddable":true,"href":"https:\/\/angelboss.com.br\/en\/wp-json\/wp\/v2\/comments?post=14908"}],"version-history":[{"count":1,"href":"https:\/\/angelboss.com.br\/en\/wp-json\/wp\/v2\/posts\/14908\/revisions"}],"predecessor-version":[{"id":14912,"href":"https:\/\/angelboss.com.br\/en\/wp-json\/wp\/v2\/posts\/14908\/revisions\/14912"}],"wp:featuredmedia":[{"embeddable":true,"href":"https:\/\/angelboss.com.br\/en\/wp-json\/wp\/v2\/media\/14910"}],"wp:attachment":[{"href":"https:\/\/angelboss.com.br\/en\/wp-json\/wp\/v2\/media?parent=14908"}],"wp:term":[{"taxonomy":"category","embeddable":true,"href":"https:\/\/angelboss.com.br\/en\/wp-json\/wp\/v2\/categories?post=14908"},{"taxonomy":"post_tag","embeddable":true,"href":"https:\/\/angelboss.com.br\/en\/wp-json\/wp\/v2\/tags?post=14908"}],"curies":[{"name":"wp","href":"https:\/\/api.w.org\/{rel}","templated":true}]}}