{"id":14357,"date":"2026-03-10T20:40:58","date_gmt":"2026-03-10T20:40:58","guid":{"rendered":"https:\/\/angelboss.com.br\/?p=14357"},"modified":"2026-03-10T20:41:00","modified_gmt":"2026-03-10T20:41:00","slug":"tissot-reforca-sua-conexao-historica-com-o-ciclismo-e-se-torna-patrocinadora-oficial-do-letape-brasil","status":"publish","type":"post","link":"https:\/\/angelboss.com.br\/en\/2026\/03\/10\/tissot-reforca-sua-conexao-historica-com-o-ciclismo-e-se-torna-patrocinadora-oficial-do-letape-brasil\/","title":{"rendered":"Tissot refor\u00e7a sua conex\u00e3o hist\u00f3rica com o ciclismo e se torna patrocinadora oficial do L`Etape Brasil"},"content":{"rendered":"<p><em>A marca de relojoaria su\u00ed\u00e7a, cronometrista\u00a0oficial\u00a0do\u00a0Tour de France, traz\u00a0sua\u00a0expertise\u00a0e\u00a0eleg\u00e2ncia para\u00a0o\u00a0maior\u00a0evento de\u00a0ciclismo\u00a0amador\u00a0do\u00a0pa\u00eds, unindo performance, luxo\u00a0e\u00a0lifestyle<\/em><\/p>\n\n\n\n<p>A&nbsp;<a href=\"https:\/\/www.instagram.com\/tissot_official\/\">TISSOT<\/a>, \u00edcone da relojoaria su\u00ed\u00e7a&nbsp;e&nbsp;sin\u00f4nimo de precis\u00e3o, anuncia&nbsp;sua&nbsp;parceria&nbsp;como&nbsp;patrocinadora&nbsp;oficial&nbsp;do&nbsp;<a href=\"https:\/\/www.instagram.com\/letapebrasil\/\">L\u2019\u00c9tape&nbsp;Brasil&nbsp;by Tour de France<\/a>. A marca, representada no&nbsp;Brasil&nbsp;pelo grupo FiveHands,&nbsp;estar\u00e1 presente nas tr\u00eas&nbsp;etapas&nbsp;do&nbsp;evento&nbsp;em 2026 \u2013 Cunha (SP),&nbsp;entre 27&nbsp;e&nbsp;29 de mar\u00e7o;&nbsp;Serra Negra (SP), de 26 a 28 de junho;&nbsp;e&nbsp;Campos&nbsp;do&nbsp;Jord\u00e3o&nbsp;(SP), de 25 a 27 de&nbsp;setembro \u2013, refor\u00e7ando&nbsp;sua&nbsp;profunda&nbsp;e&nbsp;hist\u00f3rica liga\u00e7\u00e3o&nbsp;com&nbsp;o&nbsp;ciclismo&nbsp;de alta performance&nbsp;e&nbsp;conectando-se&nbsp;com&nbsp;um p\u00fablico que valoriza tanto&nbsp;o&nbsp;desempenho&nbsp;esportivo quanto um&nbsp;estilo de vida sofisticado.<\/p>\n\n\n\n<p>Com&nbsp;uma heran\u00e7a que remonta a 1853, a&nbsp;TISSOT&nbsp;consolidou-se&nbsp;como cronometrista&nbsp;oficial&nbsp;das mais prestigiadas&nbsp;competi\u00e7\u00f5es&nbsp;do&nbsp;mundo, incluindo&nbsp;o&nbsp;lend\u00e1rio Tour de France, a NBA&nbsp;e&nbsp;o&nbsp;MotoGP. A associa\u00e7\u00e3o&nbsp;com&nbsp;o&nbsp;L&#8217;\u00c9tape&nbsp;Brasil&nbsp;\u00e9 um desdobramento natural dessa voca\u00e7\u00e3o, trazendo a mesma precis\u00e3o&nbsp;e&nbsp;excel\u00eancia&nbsp;exigidas nas provas profissionais para a&nbsp;experi\u00eancia&nbsp;dos ciclistas amadores no&nbsp;Brasil.<\/p>\n\n\n\n<p>A&nbsp;TISSOT&nbsp;n\u00e3o&nbsp;apenas mede&nbsp;o&nbsp;tempo;&nbsp;ela celebra cada&nbsp;segundo.&nbsp;Essa filosofia \u00e9 personificada por&nbsp;embaixadores de renome mundial,&nbsp;como&nbsp;o&nbsp;ciclista campe\u00e3o&nbsp;ol\u00edmpico Primo\u017e Rogli\u010d, que&nbsp;exemplifica a dedica\u00e7\u00e3o, a precis\u00e3o&nbsp;e&nbsp;a supera\u00e7\u00e3o&nbsp;\u2013 valores que a marca&nbsp;compartilha&nbsp;com&nbsp;os atletas&nbsp;e&nbsp;entusiastas&nbsp;do&nbsp;esporte. A presen\u00e7a no L\u2019\u00c9tape&nbsp;Brasil&nbsp;fortalece a&nbsp;estrat\u00e9gia da FiveHands de reconectar a marca ao&nbsp;seu p\u00fablico no pa\u00eds,&nbsp;oferecendo rel\u00f3gios que s\u00e3o&nbsp;verdadeiras declara\u00e7\u00f5es de&nbsp;estilo&nbsp;e&nbsp;tecnologia.<\/p>\n\n\n\n<p>\u201cA&nbsp;TISSOT&nbsp;\u00e9 uma marca que vive a paix\u00e3o&nbsp;pelo&nbsp;esporte&nbsp;em&nbsp;sua&nbsp;ess\u00eancia,&nbsp;e&nbsp;o&nbsp;ciclismo&nbsp;\u00e9 parte fundamental da nossa hist\u00f3ria. Ao nos unirmos ao L\u2019\u00c9tape&nbsp;Brasil, n\u00e3o&nbsp;estamos apenas patrocinando um&nbsp;evento;&nbsp;estamos celebrando um&nbsp;estilo de vida. Nossos rel\u00f3gios s\u00e3o&nbsp;feitos para quem aprecia a beleza da&nbsp;engenharia su\u00ed\u00e7a&nbsp;e&nbsp;a&nbsp;emo\u00e7\u00e3o&nbsp;de superar limites. Trazer a atmosfera&nbsp;do&nbsp;Tour de France para&nbsp;o&nbsp;Brasil&nbsp;\u00e9 conectar nossa heran\u00e7a de precis\u00e3o&nbsp;com&nbsp;a paix\u00e3o&nbsp;e&nbsp;a sofistica\u00e7\u00e3o&nbsp;do&nbsp;p\u00fablico&nbsp;brasileiro, que v\u00ea no&nbsp;esporte uma&nbsp;extens\u00e3o&nbsp;do&nbsp;seu lifestyle\u201d , diz Pedro Cagnoni, CEO&nbsp;e&nbsp;presidente&nbsp;do&nbsp;grupo FiveHands.<\/p>\n\n\n\n<p>A&nbsp;empresa&nbsp;do&nbsp;Swatch Group \u00e9 reconhecida&nbsp;como a porta de&nbsp;entrada para a alta relojoaria su\u00ed\u00e7a,&nbsp;combinando materiais nobres,&nbsp;como cristal de safira&nbsp;e&nbsp;a\u00e7o&nbsp;316L,&nbsp;com&nbsp;mecanismos de alta precis\u00e3o. Cole\u00e7\u00f5es&nbsp;como a T-Race Cycling celebram a sinergia&nbsp;com&nbsp;o&nbsp;ciclismo,&nbsp;enquanto \u00edcones&nbsp;como&nbsp;o&nbsp;PRX, inspirado no design&nbsp;dos anos 70,&nbsp;tornaram-se&nbsp;objetos de desejo&nbsp;entre fashionistas&nbsp;e&nbsp;colecionadores, provando a versatilidade da marca.<\/p>\n\n\n\n<p>&#8220;A&nbsp;TISSOT&nbsp;temuma rela\u00e7\u00e3o&nbsp;hist\u00f3rica&nbsp;com&nbsp;o&nbsp;ciclismo&nbsp;internacional,&nbsp;sendo respons\u00e1vel pela cronometragem&nbsp;dos maiores&nbsp;eventos&nbsp;do&nbsp;mundo. A chegada da marca no L\u2019\u00c9tape&nbsp;Brasil&nbsp;representou um avan\u00e7o&nbsp;importante para a&nbsp;experi\u00eancia&nbsp;do&nbsp;atleta,&nbsp;elevando&nbsp;o&nbsp;padr\u00e3o&nbsp;t\u00e9cnico&nbsp;do&nbsp;evento&nbsp;e&nbsp;refor\u00e7ando&nbsp;sua&nbsp;conex\u00e3o&nbsp;com&nbsp;o&nbsp;Tour de France\u201d, diz Bruno Prada, CEO&nbsp;do&nbsp;L&#8217;\u00c9tape&nbsp;Brasil&nbsp;e&nbsp;medalhista&nbsp;ol\u00edmpico.<\/p>\n\n\n\n<p>Al\u00e9m da&nbsp;competi\u00e7\u00e3o, cada&nbsp;etapa&nbsp;do&nbsp;L&#8217;\u00c9tape&nbsp;Brasil&nbsp;contar\u00e1&nbsp;com&nbsp;o&nbsp;Village, um&nbsp;espa\u00e7o&nbsp;de conviv\u00eancia&nbsp;e&nbsp;ativa\u00e7\u00f5es&nbsp;onde&nbsp;os participantes&nbsp;e&nbsp;convidados poder\u00e3o&nbsp;mergulhar no universo&nbsp;TISSOT, conhecer as cole\u00e7\u00f5es&nbsp;e&nbsp;vivenciar a paix\u00e3o&nbsp;da marca pelo&nbsp;esporte&nbsp;e&nbsp;pelo design.<\/p>","protected":false},"excerpt":{"rendered":"<p>A marca de relojoaria su\u00ed\u00e7a, cronometrista\u00a0oficial\u00a0do\u00a0Tour de France, traz\u00a0sua\u00a0expertise\u00a0e\u00a0eleg\u00e2ncia para\u00a0o\u00a0maior\u00a0evento de\u00a0ciclismo\u00a0amador\u00a0do\u00a0pa\u00eds, unindo performance, luxo\u00a0e\u00a0lifestyle A&nbsp;TISSOT, \u00edcone da relojoaria su\u00ed\u00e7a&nbsp;e&nbsp;sin\u00f4nimo de precis\u00e3o, anuncia&nbsp;sua&nbsp;parceria&nbsp;como&nbsp;patrocinadora&nbsp;oficial&nbsp;do&nbsp;L\u2019\u00c9tape&nbsp;Brasil&nbsp;by Tour de France. A marca, representada no&nbsp;Brasil&nbsp;pelo grupo FiveHands,&nbsp;estar\u00e1 presente nas tr\u00eas&nbsp;etapas&nbsp;do&nbsp;evento&nbsp;em 2026 \u2013 Cunha (SP),&nbsp;entre 27&nbsp;e&nbsp;29 de mar\u00e7o;&nbsp;Serra Negra (SP), de 26 a 28 de junho;&nbsp;e&nbsp;Campos&nbsp;do&nbsp;Jord\u00e3o&nbsp;(SP), de 25 a 27 de&nbsp;setembro \u2013,<\/p>","protected":false},"author":2,"featured_media":14360,"comment_status":"open","ping_status":"open","sticky":false,"template":"","format":"standard","meta":{"footnotes":""},"categories":[154],"tags":[1806,1805,1804],"class_list":{"0":"post-14357","1":"post","2":"type-post","3":"status-publish","4":"format-standard","5":"has-post-thumbnail","7":"category-esportes","8":"tag-maior-evento-de-ciclismo-amador","9":"tag-marca-suica","10":"tag-tissot-no-letape-brasil"},"yoast_head":"<!-- This site is optimized with the Yoast SEO plugin v27.5 - https:\/\/yoast.com\/product\/yoast-seo-wordpress\/ -->\n<title>Tissot no L\u2019\u00c9tape Brasil: Patroc\u00ednio Oficial e Precis\u00e3o Su\u00ed\u00e7a<\/title>\n<meta name=\"description\" content=\"A Tissot no L\u2019\u00c9tape Brasil refor\u00e7a sua conex\u00e3o com o ciclismo. Conhe\u00e7a a parceria da marca su\u00ed\u00e7a com o maior evento de ciclismo amador.\" \/>\n<meta name=\"robots\" content=\"index, follow, max-snippet:-1, max-image-preview:large, max-video-preview:-1\" \/>\n<link rel=\"canonical\" href=\"https:\/\/angelboss.com.br\/en\/2026\/03\/10\/tissot-reforca-sua-conexao-historica-com-o-ciclismo-e-se-torna-patrocinadora-oficial-do-letape-brasil\/\" \/>\n<meta property=\"og:locale\" content=\"en_US\" \/>\n<meta property=\"og:type\" content=\"article\" \/>\n<meta property=\"og:title\" content=\"Tissot no L\u2019\u00c9tape Brasil: Patroc\u00ednio Oficial e Precis\u00e3o Su\u00ed\u00e7a\" \/>\n<meta property=\"og:description\" content=\"A Tissot no L\u2019\u00c9tape Brasil refor\u00e7a sua conex\u00e3o com o ciclismo. Conhe\u00e7a a parceria da marca su\u00ed\u00e7a com o maior evento de ciclismo amador.\" \/>\n<meta property=\"og:url\" content=\"https:\/\/angelboss.com.br\/en\/2026\/03\/10\/tissot-reforca-sua-conexao-historica-com-o-ciclismo-e-se-torna-patrocinadora-oficial-do-letape-brasil\/\" \/>\n<meta property=\"og:site_name\" content=\"Portal Masculino de Moda, Beleza, Luxo and Business - Angel Boss\" \/>\n<meta property=\"article:published_time\" content=\"2026-03-10T20:40:58+00:00\" \/>\n<meta property=\"article:modified_time\" content=\"2026-03-10T20:41:00+00:00\" \/>\n<meta property=\"og:image\" content=\"https:\/\/angelboss.com.br\/wp-content\/uploads\/2026\/03\/02034942_Tissot_no_.jpg\" \/>\n\t<meta property=\"og:image:width\" content=\"1108\" \/>\n\t<meta property=\"og:image:height\" content=\"630\" \/>\n\t<meta property=\"og:image:type\" content=\"image\/jpeg\" \/>\n<meta name=\"author\" content=\"Neto Angel Boss\" \/>\n<meta name=\"twitter:card\" content=\"summary_large_image\" \/>\n<meta name=\"twitter:label1\" content=\"Written by\" \/>\n\t<meta name=\"twitter:data1\" content=\"Neto Angel Boss\" \/>\n\t<meta name=\"twitter:label2\" content=\"Est. reading time\" \/>\n\t<meta name=\"twitter:data2\" content=\"4 minutes\" \/>\n<script type=\"application\/ld+json\" class=\"yoast-schema-graph\">{\"@context\":\"https:\\\/\\\/schema.org\",\"@graph\":[{\"@type\":\"Article\",\"@id\":\"https:\\\/\\\/angelboss.com.br\\\/en\\\/2026\\\/03\\\/10\\\/tissot-reforca-sua-conexao-historica-com-o-ciclismo-e-se-torna-patrocinadora-oficial-do-letape-brasil\\\/#article\",\"isPartOf\":{\"@id\":\"https:\\\/\\\/angelboss.com.br\\\/en\\\/2026\\\/03\\\/10\\\/tissot-reforca-sua-conexao-historica-com-o-ciclismo-e-se-torna-patrocinadora-oficial-do-letape-brasil\\\/\"},\"author\":{\"name\":\"Neto Angel Boss\",\"@id\":\"http:\\\/\\\/angelboss.com.br\\\/#\\\/schema\\\/person\\\/af084936b46cf2e03f299183e429e350\"},\"headline\":\"Tissot refor\u00e7a sua conex\u00e3o hist\u00f3rica com o ciclismo e se torna patrocinadora oficial do L`Etape Brasil\",\"datePublished\":\"2026-03-10T20:40:58+00:00\",\"dateModified\":\"2026-03-10T20:41:00+00:00\",\"mainEntityOfPage\":{\"@id\":\"https:\\\/\\\/angelboss.com.br\\\/en\\\/2026\\\/03\\\/10\\\/tissot-reforca-sua-conexao-historica-com-o-ciclismo-e-se-torna-patrocinadora-oficial-do-letape-brasil\\\/\"},\"wordCount\":849,\"commentCount\":0,\"publisher\":{\"@id\":\"http:\\\/\\\/angelboss.com.br\\\/#organization\"},\"image\":{\"@id\":\"https:\\\/\\\/angelboss.com.br\\\/en\\\/2026\\\/03\\\/10\\\/tissot-reforca-sua-conexao-historica-com-o-ciclismo-e-se-torna-patrocinadora-oficial-do-letape-brasil\\\/#primaryimage\"},\"thumbnailUrl\":\"https:\\\/\\\/angelboss.com.br\\\/wp-content\\\/uploads\\\/2026\\\/03\\\/02034942_Tissot_no_.jpg\",\"keywords\":[\"maior evento de ciclismo amador.\",\"marca su\u00ed\u00e7a\",\"Tissot no L\u2019\u00c9tape Brasil\"],\"articleSection\":[\"ESPORTES\"],\"inLanguage\":\"en-US\",\"potentialAction\":[{\"@type\":\"CommentAction\",\"name\":\"Comment\",\"target\":[\"https:\\\/\\\/angelboss.com.br\\\/en\\\/2026\\\/03\\\/10\\\/tissot-reforca-sua-conexao-historica-com-o-ciclismo-e-se-torna-patrocinadora-oficial-do-letape-brasil\\\/#respond\"]}]},{\"@type\":\"WebPage\",\"@id\":\"https:\\\/\\\/angelboss.com.br\\\/en\\\/2026\\\/03\\\/10\\\/tissot-reforca-sua-conexao-historica-com-o-ciclismo-e-se-torna-patrocinadora-oficial-do-letape-brasil\\\/\",\"url\":\"https:\\\/\\\/angelboss.com.br\\\/en\\\/2026\\\/03\\\/10\\\/tissot-reforca-sua-conexao-historica-com-o-ciclismo-e-se-torna-patrocinadora-oficial-do-letape-brasil\\\/\",\"name\":\"Tissot no L\u2019\u00c9tape Brasil: Patroc\u00ednio Oficial e Precis\u00e3o Su\u00ed\u00e7a\",\"isPartOf\":{\"@id\":\"http:\\\/\\\/angelboss.com.br\\\/#website\"},\"primaryImageOfPage\":{\"@id\":\"https:\\\/\\\/angelboss.com.br\\\/en\\\/2026\\\/03\\\/10\\\/tissot-reforca-sua-conexao-historica-com-o-ciclismo-e-se-torna-patrocinadora-oficial-do-letape-brasil\\\/#primaryimage\"},\"image\":{\"@id\":\"https:\\\/\\\/angelboss.com.br\\\/en\\\/2026\\\/03\\\/10\\\/tissot-reforca-sua-conexao-historica-com-o-ciclismo-e-se-torna-patrocinadora-oficial-do-letape-brasil\\\/#primaryimage\"},\"thumbnailUrl\":\"https:\\\/\\\/angelboss.com.br\\\/wp-content\\\/uploads\\\/2026\\\/03\\\/02034942_Tissot_no_.jpg\",\"datePublished\":\"2026-03-10T20:40:58+00:00\",\"dateModified\":\"2026-03-10T20:41:00+00:00\",\"description\":\"A Tissot no L\u2019\u00c9tape Brasil refor\u00e7a sua conex\u00e3o com o ciclismo. Conhe\u00e7a a parceria da marca su\u00ed\u00e7a com o maior evento de ciclismo amador.\",\"breadcrumb\":{\"@id\":\"https:\\\/\\\/angelboss.com.br\\\/en\\\/2026\\\/03\\\/10\\\/tissot-reforca-sua-conexao-historica-com-o-ciclismo-e-se-torna-patrocinadora-oficial-do-letape-brasil\\\/#breadcrumb\"},\"inLanguage\":\"en-US\",\"potentialAction\":[{\"@type\":\"ReadAction\",\"target\":[\"https:\\\/\\\/angelboss.com.br\\\/en\\\/2026\\\/03\\\/10\\\/tissot-reforca-sua-conexao-historica-com-o-ciclismo-e-se-torna-patrocinadora-oficial-do-letape-brasil\\\/\"]}]},{\"@type\":\"ImageObject\",\"inLanguage\":\"en-US\",\"@id\":\"https:\\\/\\\/angelboss.com.br\\\/en\\\/2026\\\/03\\\/10\\\/tissot-reforca-sua-conexao-historica-com-o-ciclismo-e-se-torna-patrocinadora-oficial-do-letape-brasil\\\/#primaryimage\",\"url\":\"https:\\\/\\\/angelboss.com.br\\\/wp-content\\\/uploads\\\/2026\\\/03\\\/02034942_Tissot_no_.jpg\",\"contentUrl\":\"https:\\\/\\\/angelboss.com.br\\\/wp-content\\\/uploads\\\/2026\\\/03\\\/02034942_Tissot_no_.jpg\",\"width\":1108,\"height\":630,\"caption\":\"Imagem\\\/Jornal do Br\u00e1s\"},{\"@type\":\"BreadcrumbList\",\"@id\":\"https:\\\/\\\/angelboss.com.br\\\/en\\\/2026\\\/03\\\/10\\\/tissot-reforca-sua-conexao-historica-com-o-ciclismo-e-se-torna-patrocinadora-oficial-do-letape-brasil\\\/#breadcrumb\",\"itemListElement\":[{\"@type\":\"ListItem\",\"position\":1,\"name\":\"In\u00edcio\",\"item\":\"http:\\\/\\\/angelboss.com.br\\\/\"},{\"@type\":\"ListItem\",\"position\":2,\"name\":\"Tissot refor\u00e7a sua conex\u00e3o hist\u00f3rica com o ciclismo e se torna patrocinadora oficial do L`Etape Brasil\"}]},{\"@type\":\"WebSite\",\"@id\":\"http:\\\/\\\/angelboss.com.br\\\/#website\",\"url\":\"http:\\\/\\\/angelboss.com.br\\\/\",\"name\":\"Portal Masculino de Moda, Beleza, Luxo e Business - Angel Boss\",\"description\":\"O Maior Portal sobre Moda, Luxo, Beleza e Business Masculino do Brasil\",\"publisher\":{\"@id\":\"http:\\\/\\\/angelboss.com.br\\\/#organization\"},\"alternateName\":\"Maior Portal e Blog de Beleza Masculina e Luxo\",\"potentialAction\":[{\"@type\":\"SearchAction\",\"target\":{\"@type\":\"EntryPoint\",\"urlTemplate\":\"http:\\\/\\\/angelboss.com.br\\\/?s={search_term_string}\"},\"query-input\":{\"@type\":\"PropertyValueSpecification\",\"valueRequired\":true,\"valueName\":\"search_term_string\"}}],\"inLanguage\":\"en-US\"},{\"@type\":\"Organization\",\"@id\":\"http:\\\/\\\/angelboss.com.br\\\/#organization\",\"name\":\"Portal Masculino de Moda, Beleza, Luxo and Business - Angel Boss\",\"url\":\"http:\\\/\\\/angelboss.com.br\\\/\",\"logo\":{\"@type\":\"ImageObject\",\"inLanguage\":\"en-US\",\"@id\":\"http:\\\/\\\/angelboss.com.br\\\/#\\\/schema\\\/logo\\\/image\\\/\",\"url\":\"http:\\\/\\\/angelboss.com.br\\\/wp-content\\\/uploads\\\/2025\\\/12\\\/WhatsApp-Image-2025-12-11-at-12.54.26.jpeg\",\"contentUrl\":\"http:\\\/\\\/angelboss.com.br\\\/wp-content\\\/uploads\\\/2025\\\/12\\\/WhatsApp-Image-2025-12-11-at-12.54.26.jpeg\",\"width\":1280,\"height\":1280,\"caption\":\"Portal Masculino de Moda, Beleza, Luxo and Business - Angel Boss\"},\"image\":{\"@id\":\"http:\\\/\\\/angelboss.com.br\\\/#\\\/schema\\\/logo\\\/image\\\/\"}},{\"@type\":\"Person\",\"@id\":\"http:\\\/\\\/angelboss.com.br\\\/#\\\/schema\\\/person\\\/af084936b46cf2e03f299183e429e350\",\"name\":\"Neto Angel Boss\",\"image\":{\"@type\":\"ImageObject\",\"inLanguage\":\"en-US\",\"@id\":\"https:\\\/\\\/secure.gravatar.com\\\/avatar\\\/dbb38b2050e5181e32afbccf458635967af0767d15abe8168b35ebbd97907289?s=96&d=mm&r=g\",\"url\":\"https:\\\/\\\/secure.gravatar.com\\\/avatar\\\/dbb38b2050e5181e32afbccf458635967af0767d15abe8168b35ebbd97907289?s=96&d=mm&r=g\",\"contentUrl\":\"https:\\\/\\\/secure.gravatar.com\\\/avatar\\\/dbb38b2050e5181e32afbccf458635967af0767d15abe8168b35ebbd97907289?s=96&d=mm&r=g\",\"caption\":\"Neto Angel Boss\"},\"sameAs\":[\"http:\\\/\\\/www.angelboss.com\"],\"url\":\"https:\\\/\\\/angelboss.com.br\\\/en\\\/author\\\/netoangelboss\\\/\"}]}<\/script>\n<!-- \/ Yoast SEO plugin. -->","yoast_head_json":{"title":"Tissot no L\u2019\u00c9tape Brasil: Patroc\u00ednio Oficial e Precis\u00e3o Su\u00ed\u00e7a","description":"A Tissot no L\u2019\u00c9tape Brasil refor\u00e7a sua conex\u00e3o com o ciclismo. Conhe\u00e7a a parceria da marca su\u00ed\u00e7a com o maior evento de ciclismo amador.","robots":{"index":"index","follow":"follow","max-snippet":"max-snippet:-1","max-image-preview":"max-image-preview:large","max-video-preview":"max-video-preview:-1"},"canonical":"https:\/\/angelboss.com.br\/en\/2026\/03\/10\/tissot-reforca-sua-conexao-historica-com-o-ciclismo-e-se-torna-patrocinadora-oficial-do-letape-brasil\/","og_locale":"en_US","og_type":"article","og_title":"Tissot no L\u2019\u00c9tape Brasil: Patroc\u00ednio Oficial e Precis\u00e3o Su\u00ed\u00e7a","og_description":"A Tissot no L\u2019\u00c9tape Brasil refor\u00e7a sua conex\u00e3o com o ciclismo. Conhe\u00e7a a parceria da marca su\u00ed\u00e7a com o maior evento de ciclismo amador.","og_url":"https:\/\/angelboss.com.br\/en\/2026\/03\/10\/tissot-reforca-sua-conexao-historica-com-o-ciclismo-e-se-torna-patrocinadora-oficial-do-letape-brasil\/","og_site_name":"Portal Masculino de Moda, Beleza, Luxo and Business - Angel Boss","article_published_time":"2026-03-10T20:40:58+00:00","article_modified_time":"2026-03-10T20:41:00+00:00","og_image":[{"width":1108,"height":630,"url":"https:\/\/angelboss.com.br\/wp-content\/uploads\/2026\/03\/02034942_Tissot_no_.jpg","type":"image\/jpeg"}],"author":"Neto Angel Boss","twitter_card":"summary_large_image","twitter_misc":{"Written by":"Neto Angel Boss","Est. reading time":"4 minutes"},"schema":{"@context":"https:\/\/schema.org","@graph":[{"@type":"Article","@id":"https:\/\/angelboss.com.br\/en\/2026\/03\/10\/tissot-reforca-sua-conexao-historica-com-o-ciclismo-e-se-torna-patrocinadora-oficial-do-letape-brasil\/#article","isPartOf":{"@id":"https:\/\/angelboss.com.br\/en\/2026\/03\/10\/tissot-reforca-sua-conexao-historica-com-o-ciclismo-e-se-torna-patrocinadora-oficial-do-letape-brasil\/"},"author":{"name":"Neto Angel Boss","@id":"http:\/\/angelboss.com.br\/#\/schema\/person\/af084936b46cf2e03f299183e429e350"},"headline":"Tissot refor\u00e7a sua conex\u00e3o hist\u00f3rica com o ciclismo e se torna patrocinadora oficial do L`Etape Brasil","datePublished":"2026-03-10T20:40:58+00:00","dateModified":"2026-03-10T20:41:00+00:00","mainEntityOfPage":{"@id":"https:\/\/angelboss.com.br\/en\/2026\/03\/10\/tissot-reforca-sua-conexao-historica-com-o-ciclismo-e-se-torna-patrocinadora-oficial-do-letape-brasil\/"},"wordCount":849,"commentCount":0,"publisher":{"@id":"http:\/\/angelboss.com.br\/#organization"},"image":{"@id":"https:\/\/angelboss.com.br\/en\/2026\/03\/10\/tissot-reforca-sua-conexao-historica-com-o-ciclismo-e-se-torna-patrocinadora-oficial-do-letape-brasil\/#primaryimage"},"thumbnailUrl":"https:\/\/angelboss.com.br\/wp-content\/uploads\/2026\/03\/02034942_Tissot_no_.jpg","keywords":["maior evento de ciclismo amador.","marca su\u00ed\u00e7a","Tissot no L\u2019\u00c9tape Brasil"],"articleSection":["ESPORTES"],"inLanguage":"en-US","potentialAction":[{"@type":"CommentAction","name":"Comment","target":["https:\/\/angelboss.com.br\/en\/2026\/03\/10\/tissot-reforca-sua-conexao-historica-com-o-ciclismo-e-se-torna-patrocinadora-oficial-do-letape-brasil\/#respond"]}]},{"@type":"WebPage","@id":"https:\/\/angelboss.com.br\/en\/2026\/03\/10\/tissot-reforca-sua-conexao-historica-com-o-ciclismo-e-se-torna-patrocinadora-oficial-do-letape-brasil\/","url":"https:\/\/angelboss.com.br\/en\/2026\/03\/10\/tissot-reforca-sua-conexao-historica-com-o-ciclismo-e-se-torna-patrocinadora-oficial-do-letape-brasil\/","name":"Tissot no L\u2019\u00c9tape Brasil: Patroc\u00ednio Oficial e Precis\u00e3o Su\u00ed\u00e7a","isPartOf":{"@id":"http:\/\/angelboss.com.br\/#website"},"primaryImageOfPage":{"@id":"https:\/\/angelboss.com.br\/en\/2026\/03\/10\/tissot-reforca-sua-conexao-historica-com-o-ciclismo-e-se-torna-patrocinadora-oficial-do-letape-brasil\/#primaryimage"},"image":{"@id":"https:\/\/angelboss.com.br\/en\/2026\/03\/10\/tissot-reforca-sua-conexao-historica-com-o-ciclismo-e-se-torna-patrocinadora-oficial-do-letape-brasil\/#primaryimage"},"thumbnailUrl":"https:\/\/angelboss.com.br\/wp-content\/uploads\/2026\/03\/02034942_Tissot_no_.jpg","datePublished":"2026-03-10T20:40:58+00:00","dateModified":"2026-03-10T20:41:00+00:00","description":"A Tissot no L\u2019\u00c9tape Brasil refor\u00e7a sua conex\u00e3o com o ciclismo. Conhe\u00e7a a parceria da marca su\u00ed\u00e7a com o maior evento de ciclismo amador.","breadcrumb":{"@id":"https:\/\/angelboss.com.br\/en\/2026\/03\/10\/tissot-reforca-sua-conexao-historica-com-o-ciclismo-e-se-torna-patrocinadora-oficial-do-letape-brasil\/#breadcrumb"},"inLanguage":"en-US","potentialAction":[{"@type":"ReadAction","target":["https:\/\/angelboss.com.br\/en\/2026\/03\/10\/tissot-reforca-sua-conexao-historica-com-o-ciclismo-e-se-torna-patrocinadora-oficial-do-letape-brasil\/"]}]},{"@type":"ImageObject","inLanguage":"en-US","@id":"https:\/\/angelboss.com.br\/en\/2026\/03\/10\/tissot-reforca-sua-conexao-historica-com-o-ciclismo-e-se-torna-patrocinadora-oficial-do-letape-brasil\/#primaryimage","url":"https:\/\/angelboss.com.br\/wp-content\/uploads\/2026\/03\/02034942_Tissot_no_.jpg","contentUrl":"https:\/\/angelboss.com.br\/wp-content\/uploads\/2026\/03\/02034942_Tissot_no_.jpg","width":1108,"height":630,"caption":"Imagem\/Jornal do Br\u00e1s"},{"@type":"BreadcrumbList","@id":"https:\/\/angelboss.com.br\/en\/2026\/03\/10\/tissot-reforca-sua-conexao-historica-com-o-ciclismo-e-se-torna-patrocinadora-oficial-do-letape-brasil\/#breadcrumb","itemListElement":[{"@type":"ListItem","position":1,"name":"In\u00edcio","item":"http:\/\/angelboss.com.br\/"},{"@type":"ListItem","position":2,"name":"Tissot refor\u00e7a sua conex\u00e3o hist\u00f3rica com o ciclismo e se torna patrocinadora oficial do L`Etape Brasil"}]},{"@type":"WebSite","@id":"http:\/\/angelboss.com.br\/#website","url":"http:\/\/angelboss.com.br\/","name":"Portal Masculino de Moda, Beleza, Luxo e Business - Angel Boss","description":"O Maior Portal sobre Moda, Luxo, Beleza e Business Masculino do Brasil","publisher":{"@id":"http:\/\/angelboss.com.br\/#organization"},"alternateName":"Maior Portal e Blog de Beleza Masculina e Luxo","potentialAction":[{"@type":"SearchAction","target":{"@type":"EntryPoint","urlTemplate":"http:\/\/angelboss.com.br\/?s={search_term_string}"},"query-input":{"@type":"PropertyValueSpecification","valueRequired":true,"valueName":"search_term_string"}}],"inLanguage":"en-US"},{"@type":"Organization","@id":"http:\/\/angelboss.com.br\/#organization","name":"Portal Masculino de Moda, Beleza, Luxo and Business - Angel Boss","url":"http:\/\/angelboss.com.br\/","logo":{"@type":"ImageObject","inLanguage":"en-US","@id":"http:\/\/angelboss.com.br\/#\/schema\/logo\/image\/","url":"http:\/\/angelboss.com.br\/wp-content\/uploads\/2025\/12\/WhatsApp-Image-2025-12-11-at-12.54.26.jpeg","contentUrl":"http:\/\/angelboss.com.br\/wp-content\/uploads\/2025\/12\/WhatsApp-Image-2025-12-11-at-12.54.26.jpeg","width":1280,"height":1280,"caption":"Portal Masculino de Moda, Beleza, Luxo and Business - Angel Boss"},"image":{"@id":"http:\/\/angelboss.com.br\/#\/schema\/logo\/image\/"}},{"@type":"Person","@id":"http:\/\/angelboss.com.br\/#\/schema\/person\/af084936b46cf2e03f299183e429e350","name":"Neto Angel Boss","image":{"@type":"ImageObject","inLanguage":"en-US","@id":"https:\/\/secure.gravatar.com\/avatar\/dbb38b2050e5181e32afbccf458635967af0767d15abe8168b35ebbd97907289?s=96&d=mm&r=g","url":"https:\/\/secure.gravatar.com\/avatar\/dbb38b2050e5181e32afbccf458635967af0767d15abe8168b35ebbd97907289?s=96&d=mm&r=g","contentUrl":"https:\/\/secure.gravatar.com\/avatar\/dbb38b2050e5181e32afbccf458635967af0767d15abe8168b35ebbd97907289?s=96&d=mm&r=g","caption":"Neto Angel Boss"},"sameAs":["http:\/\/www.angelboss.com"],"url":"https:\/\/angelboss.com.br\/en\/author\/netoangelboss\/"}]}},"amp_enabled":true,"_links":{"self":[{"href":"https:\/\/angelboss.com.br\/en\/wp-json\/wp\/v2\/posts\/14357","targetHints":{"allow":["GET"]}}],"collection":[{"href":"https:\/\/angelboss.com.br\/en\/wp-json\/wp\/v2\/posts"}],"about":[{"href":"https:\/\/angelboss.com.br\/en\/wp-json\/wp\/v2\/types\/post"}],"author":[{"embeddable":true,"href":"https:\/\/angelboss.com.br\/en\/wp-json\/wp\/v2\/users\/2"}],"replies":[{"embeddable":true,"href":"https:\/\/angelboss.com.br\/en\/wp-json\/wp\/v2\/comments?post=14357"}],"version-history":[{"count":1,"href":"https:\/\/angelboss.com.br\/en\/wp-json\/wp\/v2\/posts\/14357\/revisions"}],"predecessor-version":[{"id":14361,"href":"https:\/\/angelboss.com.br\/en\/wp-json\/wp\/v2\/posts\/14357\/revisions\/14361"}],"wp:featuredmedia":[{"embeddable":true,"href":"https:\/\/angelboss.com.br\/en\/wp-json\/wp\/v2\/media\/14360"}],"wp:attachment":[{"href":"https:\/\/angelboss.com.br\/en\/wp-json\/wp\/v2\/media?parent=14357"}],"wp:term":[{"taxonomy":"category","embeddable":true,"href":"https:\/\/angelboss.com.br\/en\/wp-json\/wp\/v2\/categories?post=14357"},{"taxonomy":"post_tag","embeddable":true,"href":"https:\/\/angelboss.com.br\/en\/wp-json\/wp\/v2\/tags?post=14357"}],"curies":[{"name":"wp","href":"https:\/\/api.w.org\/{rel}","templated":true}]}}