{"id":14301,"date":"2026-03-10T19:33:31","date_gmt":"2026-03-10T19:33:31","guid":{"rendered":"https:\/\/angelboss.com.br\/?p=14301"},"modified":"2026-03-10T19:33:33","modified_gmt":"2026-03-10T19:33:33","slug":"fusao-bel-cosmeticos-e-mundo-do-cabeleireiro-l-catterton","status":"publish","type":"post","link":"https:\/\/angelboss.com.br\/en\/2026\/03\/10\/fusao-bel-cosmeticos-e-mundo-do-cabeleireiro-l-catterton\/","title":{"rendered":"L Catterton anuncia a fus\u00e3o da Bel Cosm\u00e9ticos e do Mundo do cabeleireiro para criar o principal varejista de beleza do brasil"},"content":{"rendered":"<p>A&nbsp;gestora global&nbsp;L&nbsp;Catterton&nbsp;anunciou hoje&nbsp;a&nbsp;fus\u00e3o&nbsp;entre&nbsp;a&nbsp;Bel&nbsp;Cosm\u00e9ticos (\u201cBel\u201d)&nbsp;e&nbsp;o&nbsp;Mundo&nbsp;do&nbsp;Cabeleireiro&nbsp;(\u201cMundo\u201d), criando&nbsp;a&nbsp;maior plataforma multimarcas&nbsp;especializada&nbsp;em&nbsp;beleza&nbsp;do&nbsp;Brasil, com mais&nbsp;de&nbsp;130&nbsp;lojas distribu\u00eddas nos principais&nbsp;estados&nbsp;do&nbsp;pa\u00eds.<\/p>\n\n\n\n<p>A&nbsp;opera\u00e7\u00e3o&nbsp;une&nbsp;dois&nbsp;l\u00edderes&nbsp;altamente complementares&nbsp;do&nbsp;setor. Fundadas h\u00e1 mais&nbsp;de&nbsp;tr\u00eas d\u00e9cadas,&nbsp;ambas&nbsp;as&nbsp;empresas constru\u00edram marcas regionais s\u00f3lidas&nbsp;e&nbsp;cultivaram forte fidelidade&nbsp;de&nbsp;clientes&nbsp;ao&nbsp;oferecer sortimentos curados&nbsp;de&nbsp;produtos&nbsp;de&nbsp;beleza&nbsp;com&nbsp;excelente proposta&nbsp;de&nbsp;valor. Com pouca sobreposi\u00e7\u00e3o&nbsp;geogr\u00e1fica&nbsp;e&nbsp;for\u00e7as regionais complementares,&nbsp;a&nbsp;fus\u00e3o&nbsp;cria uma plataforma&nbsp;de&nbsp;grande&nbsp;escala com presen\u00e7a&nbsp;nacional&nbsp;ampliada, bem-posicionada&nbsp;para&nbsp;atender consumidores&nbsp;e&nbsp;parceiros&nbsp;de&nbsp;marca&nbsp;em todo&nbsp;o&nbsp;Brasil.<\/p>\n\n\n\n<p>A&nbsp;companhia combinada utilizar\u00e1 sua maior&nbsp;escala&nbsp;para&nbsp;expandir seu sortimento&nbsp;em cuidados com&nbsp;os cabelos, cuidados com&nbsp;a&nbsp;pele, maquiagem&nbsp;e&nbsp;fragr\u00e2ncias,&nbsp;abrangendo diferentes faixas&nbsp;de&nbsp;pre\u00e7o. Seu&nbsp;objetivo \u00e9 se tornar&nbsp;o&nbsp;primeiro verdadeiro&nbsp;l\u00edder nacional no varejo&nbsp;especializado&nbsp;em&nbsp;beleza&nbsp;no&nbsp;Brasil.&nbsp;A&nbsp;empresa tamb\u00e9m planeja investir&nbsp;em capacidades&nbsp;omnichannel, infraestrutura digital&nbsp;e&nbsp;programas&nbsp;de&nbsp;fidelidade,&nbsp;oferecendo uma&nbsp;experi\u00eancia&nbsp;de&nbsp;compra fluida&nbsp;e&nbsp;integrada&nbsp;entre&nbsp;os canais f\u00edsico&nbsp;e&nbsp;digital.<\/p>\n\n\n\n<p>Com&nbsp;alcance&nbsp;ampliado&nbsp;e&nbsp;cobertura geogr\u00e1fica fortalecida,&nbsp;a&nbsp;companhia&nbsp;oferecer\u00e1&nbsp;aos fornecedores maior&nbsp;acesso&nbsp;ao mercado, promovendo colabora\u00e7\u00e3o&nbsp;mais pr\u00f3xima,&nbsp;lan\u00e7amentos&nbsp;de&nbsp;produtos&nbsp;aprimorados&nbsp;e&nbsp;distribui\u00e7\u00e3o&nbsp;mais&nbsp;ampla.&nbsp;A&nbsp;plataforma combinada tamb\u00e9m&nbsp;enxerga&nbsp;oportunidades relevantes&nbsp;de&nbsp;crescimento disciplinado por meio&nbsp;da&nbsp;abertura&nbsp;de&nbsp;novas&nbsp;lojas&nbsp;e&nbsp;aquisi\u00e7\u00f5es seletivas&nbsp;ao&nbsp;longo&nbsp;do&nbsp;tempo.<\/p>\n\n\n\n<p>Celso Moraes, cofundador&nbsp;do&nbsp;Mundo,&nbsp;assumir\u00e1&nbsp;o&nbsp;cargo&nbsp;de&nbsp;Diretor-Presidente (CEO)&nbsp;da&nbsp;companhia combinada. Ivo Barbosa, fundador&nbsp;da&nbsp;Bel,&nbsp;e&nbsp;Marina Moraes, cofundadora&nbsp;do&nbsp;Mundo, integrar\u00e3o&nbsp;o&nbsp;Conselho&nbsp;de&nbsp;Administra\u00e7\u00e3o&nbsp;e&nbsp;permanecer\u00e3o&nbsp;ativamente&nbsp;envolvidos no neg\u00f3cio,&nbsp;assegurando continuidade&nbsp;de&nbsp;lideran\u00e7a&nbsp;e&nbsp;preserva\u00e7\u00e3o&nbsp;da&nbsp;cultura&nbsp;organizacional.<\/p>\n\n\n\n<p>\u201cEstamos&nbsp;entusiasmados com&nbsp;a&nbsp;uni\u00e3o&nbsp;da&nbsp;Bel&nbsp;e&nbsp;do&nbsp;Mundo&nbsp;para&nbsp;construir&nbsp;o&nbsp;primeiro verdadeiro \u2018destino&nbsp;de&nbsp;beleza\u2019 nacional no&nbsp;Brasil\u201d,&nbsp;afirmou Ramiro&nbsp;Lauzan, um Managing Partner&nbsp;do&nbsp;fundo&nbsp;da&nbsp;L&nbsp;Catterton&nbsp;para&nbsp;a&nbsp;Am\u00e9rica&nbsp;Latina. \u201cIvo, Celso&nbsp;e&nbsp;Marina&nbsp;criaram neg\u00f3cios&nbsp;excepcionais&nbsp;em suas respectivas regi\u00f5es.&nbsp;Ao unir suas for\u00e7as&nbsp;e&nbsp;alavancar nossa&nbsp;expertise global no setor&nbsp;de&nbsp;beleza,&nbsp;acreditamos que&nbsp;a&nbsp;nova companhia&nbsp;est\u00e1 bem posicionada&nbsp;para&nbsp;se tornar&nbsp;o&nbsp;parceiro preferencial&nbsp;de&nbsp;consumidores&nbsp;e&nbsp;fornecedores&nbsp;em todo&nbsp;o&nbsp;pa\u00eds.\u201d<\/p>\n\n\n\n<p>Celso Moraes&nbsp;acrescentou: \u201cEsta fus\u00e3o&nbsp;marca um novo&nbsp;e&nbsp;importante cap\u00edtulo&nbsp;para&nbsp;nossas&nbsp;equipes, clientes&nbsp;e&nbsp;fornecedores. Juntos,&nbsp;ampliaremos nosso&nbsp;alcance, fortaleceremos nosso sortimento&nbsp;e&nbsp;aceleraremos&nbsp;o&nbsp;crescimento, mantendo nosso compromisso com&nbsp;a&nbsp;qualidade&nbsp;do&nbsp;servi\u00e7o&nbsp;e&nbsp;a&nbsp;proposta&nbsp;de&nbsp;valor.\u201d<\/p>\n\n\n\n<p>Ivo Barbosa completou: \u201cA&nbsp;Bel&nbsp;sempre teve como foco&nbsp;oferecer variedade, qualidade&nbsp;e&nbsp;acessibilidade&nbsp;aos nossos clientes.&nbsp;Ao unirmos for\u00e7as com&nbsp;o&nbsp;Mundo, criamos uma plataforma mais robusta&nbsp;e&nbsp;escal\u00e1vel, que nos permitir\u00e1 continuar investindo&nbsp;em nossas pessoas,&nbsp;lojas&nbsp;e&nbsp;capacidades digitais.\u201d<\/p>\n\n\n\n<p>A&nbsp;L&nbsp;Catterton&nbsp;possui&nbsp;ampla&nbsp;experi\u00eancia global&nbsp;em investimentos no setor&nbsp;de&nbsp;beleza&nbsp;e&nbsp;cuidados pessoais, com mais&nbsp;de&nbsp;30 investimentos&nbsp;atuais&nbsp;e&nbsp;anteriores, incluindo KIKO Milano,&nbsp;Oddity (controladora&nbsp;da&nbsp;IL MAKIAGE), The Honest Company,&nbsp;Elemis, Maria Nila, TULA, Merit, Nutrafol&nbsp;e&nbsp;Intercos,&nbsp;entre&nbsp;outros.<\/p>\n\n\n\n<p>A&nbsp;transa\u00e7\u00e3o&nbsp;resulta na venda integral&nbsp;da&nbsp;participa\u00e7\u00e3o&nbsp;detida pelo Fundo NEIII,&nbsp;da&nbsp;Vinci Compass, no&nbsp;Mundo&nbsp;do&nbsp;Cabeleireiro.<\/p>\n\n\n\n<p>A&nbsp;L&nbsp;Catterton&nbsp;foi&nbsp;assessorada pelo Mattos Filho&nbsp;Advogados,&nbsp;a&nbsp;Bel&nbsp;contou com&nbsp;assessoria&nbsp;da&nbsp;IGC Partners&nbsp;e&nbsp;do&nbsp;escrit\u00f3rio VPBG&nbsp;Advogados,&nbsp;e&nbsp;o&nbsp;Mundo&nbsp;foi&nbsp;assessorado pela \u00c1rtica Investimentos&nbsp;e&nbsp;por Coelho &amp;&nbsp;Dalle&nbsp;Advogados.<\/p>\n\n\n\n<p><\/p>","protected":false},"excerpt":{"rendered":"<p>A&nbsp;gestora global&nbsp;L&nbsp;Catterton&nbsp;anunciou hoje&nbsp;a&nbsp;fus\u00e3o&nbsp;entre&nbsp;a&nbsp;Bel&nbsp;Cosm\u00e9ticos (\u201cBel\u201d)&nbsp;e&nbsp;o&nbsp;Mundo&nbsp;do&nbsp;Cabeleireiro&nbsp;(\u201cMundo\u201d), criando&nbsp;a&nbsp;maior plataforma multimarcas&nbsp;especializada&nbsp;em&nbsp;beleza&nbsp;do&nbsp;Brasil, com mais&nbsp;de&nbsp;130&nbsp;lojas distribu\u00eddas nos principais&nbsp;estados&nbsp;do&nbsp;pa\u00eds. A&nbsp;opera\u00e7\u00e3o&nbsp;une&nbsp;dois&nbsp;l\u00edderes&nbsp;altamente complementares&nbsp;do&nbsp;setor. Fundadas h\u00e1 mais&nbsp;de&nbsp;tr\u00eas d\u00e9cadas,&nbsp;ambas&nbsp;as&nbsp;empresas constru\u00edram marcas regionais s\u00f3lidas&nbsp;e&nbsp;cultivaram forte fidelidade&nbsp;de&nbsp;clientes&nbsp;ao&nbsp;oferecer sortimentos curados&nbsp;de&nbsp;produtos&nbsp;de&nbsp;beleza&nbsp;com&nbsp;excelente proposta&nbsp;de&nbsp;valor. Com pouca sobreposi\u00e7\u00e3o&nbsp;geogr\u00e1fica&nbsp;e&nbsp;for\u00e7as regionais complementares,&nbsp;a&nbsp;fus\u00e3o&nbsp;cria uma plataforma&nbsp;de&nbsp;grande&nbsp;escala com presen\u00e7a&nbsp;nacional&nbsp;ampliada, bem-posicionada&nbsp;para&nbsp;atender consumidores&nbsp;e&nbsp;parceiros&nbsp;de&nbsp;marca&nbsp;em todo&nbsp;o&nbsp;Brasil. A&nbsp;companhia combinada utilizar\u00e1 sua maior&nbsp;escala&nbsp;para&nbsp;expandir seu sortimento&nbsp;em cuidados com&nbsp;os cabelos, cuidados com&nbsp;a&nbsp;pele, maquiagem&nbsp;e&nbsp;fragr\u00e2ncias,&nbsp;abrangendo diferentes faixas&nbsp;de&nbsp;pre\u00e7o. Seu&nbsp;objetivo<\/p>","protected":false},"author":2,"featured_media":14306,"comment_status":"open","ping_status":"open","sticky":false,"template":"","format":"standard","meta":{"footnotes":""},"categories":[315],"tags":[1783,1782,1784],"class_list":{"0":"post-14301","1":"post","2":"type-post","3":"status-publish","4":"format-standard","5":"has-post-thumbnail","7":"category-noticias-corporativas-dino","8":"tag-fusao-da-bel-cosmeticos-e-do-mundo-do-cabeleireiro","9":"tag-l-catterton","10":"tag-varejo-de-beleza-no-brasil"},"yoast_head":"<!-- This site is optimized with the Yoast SEO plugin v27.5 - https:\/\/yoast.com\/product\/yoast-seo-wordpress\/ -->\n<title>Varejo de Beleza no Brasil: Fus\u00e3o Bel e Mundo cria Gigante<\/title>\n<meta name=\"description\" content=\"Varejo de Beleza no Brasil ganha um novo l\u00edder com a fus\u00e3o da Bel Cosm\u00e9ticos e Mundo do Cabeleireiro. L Catterton criar\u00e1 rede com 130 lojas.\" \/>\n<meta name=\"robots\" content=\"index, follow, max-snippet:-1, max-image-preview:large, max-video-preview:-1\" \/>\n<link rel=\"canonical\" href=\"https:\/\/angelboss.com.br\/en\/2026\/03\/10\/fusao-bel-cosmeticos-e-mundo-do-cabeleireiro-l-catterton\/\" \/>\n<meta property=\"og:locale\" content=\"en_US\" \/>\n<meta property=\"og:type\" content=\"article\" \/>\n<meta property=\"og:title\" content=\"Varejo de Beleza no Brasil: Fus\u00e3o Bel e Mundo cria Gigante\" \/>\n<meta property=\"og:description\" content=\"Varejo de Beleza no Brasil ganha um novo l\u00edder com a fus\u00e3o da Bel Cosm\u00e9ticos e Mundo do Cabeleireiro. L Catterton criar\u00e1 rede com 130 lojas.\" \/>\n<meta property=\"og:url\" content=\"https:\/\/angelboss.com.br\/en\/2026\/03\/10\/fusao-bel-cosmeticos-e-mundo-do-cabeleireiro-l-catterton\/\" \/>\n<meta property=\"og:site_name\" content=\"Portal Masculino de Moda, Beleza, Luxo and Business - Angel Boss\" \/>\n<meta property=\"article:published_time\" content=\"2026-03-10T19:33:31+00:00\" \/>\n<meta property=\"article:modified_time\" content=\"2026-03-10T19:33:33+00:00\" \/>\n<meta property=\"og:image\" content=\"https:\/\/angelboss.com.br\/wp-content\/uploads\/2026\/03\/Screenshot-2026-03-09-112746.webp\" \/>\n\t<meta property=\"og:image:width\" content=\"1080\" \/>\n\t<meta property=\"og:image:height\" content=\"565\" \/>\n\t<meta property=\"og:image:type\" content=\"image\/webp\" \/>\n<meta name=\"author\" content=\"Neto Angel Boss\" \/>\n<meta name=\"twitter:card\" content=\"summary_large_image\" \/>\n<meta name=\"twitter:label1\" content=\"Written by\" \/>\n\t<meta name=\"twitter:data1\" content=\"Neto Angel Boss\" \/>\n\t<meta name=\"twitter:label2\" content=\"Est. reading time\" \/>\n\t<meta name=\"twitter:data2\" content=\"4 minutes\" \/>\n<script type=\"application\/ld+json\" class=\"yoast-schema-graph\">{\"@context\":\"https:\\\/\\\/schema.org\",\"@graph\":[{\"@type\":\"Article\",\"@id\":\"https:\\\/\\\/angelboss.com.br\\\/en\\\/2026\\\/03\\\/10\\\/fusao-bel-cosmeticos-e-mundo-do-cabeleireiro-l-catterton\\\/#article\",\"isPartOf\":{\"@id\":\"https:\\\/\\\/angelboss.com.br\\\/en\\\/2026\\\/03\\\/10\\\/fusao-bel-cosmeticos-e-mundo-do-cabeleireiro-l-catterton\\\/\"},\"author\":{\"name\":\"Neto Angel Boss\",\"@id\":\"http:\\\/\\\/angelboss.com.br\\\/#\\\/schema\\\/person\\\/af084936b46cf2e03f299183e429e350\"},\"headline\":\"L Catterton anuncia a fus\u00e3o da Bel Cosm\u00e9ticos e do Mundo do cabeleireiro para criar o principal varejista de beleza do brasil\",\"datePublished\":\"2026-03-10T19:33:31+00:00\",\"dateModified\":\"2026-03-10T19:33:33+00:00\",\"mainEntityOfPage\":{\"@id\":\"https:\\\/\\\/angelboss.com.br\\\/en\\\/2026\\\/03\\\/10\\\/fusao-bel-cosmeticos-e-mundo-do-cabeleireiro-l-catterton\\\/\"},\"wordCount\":949,\"commentCount\":0,\"publisher\":{\"@id\":\"http:\\\/\\\/angelboss.com.br\\\/#organization\"},\"image\":{\"@id\":\"https:\\\/\\\/angelboss.com.br\\\/en\\\/2026\\\/03\\\/10\\\/fusao-bel-cosmeticos-e-mundo-do-cabeleireiro-l-catterton\\\/#primaryimage\"},\"thumbnailUrl\":\"https:\\\/\\\/angelboss.com.br\\\/wp-content\\\/uploads\\\/2026\\\/03\\\/Screenshot-2026-03-09-112746.webp\",\"keywords\":[\"fus\u00e3o da Bel Cosm\u00e9ticos e do Mundo do cabeleireiro\",\"L Catterton\",\"Varejo de Beleza no Brasil\"],\"articleSection\":[\"Not\u00edcias Corporativas\"],\"inLanguage\":\"en-US\",\"potentialAction\":[{\"@type\":\"CommentAction\",\"name\":\"Comment\",\"target\":[\"https:\\\/\\\/angelboss.com.br\\\/en\\\/2026\\\/03\\\/10\\\/fusao-bel-cosmeticos-e-mundo-do-cabeleireiro-l-catterton\\\/#respond\"]}]},{\"@type\":\"WebPage\",\"@id\":\"https:\\\/\\\/angelboss.com.br\\\/en\\\/2026\\\/03\\\/10\\\/fusao-bel-cosmeticos-e-mundo-do-cabeleireiro-l-catterton\\\/\",\"url\":\"https:\\\/\\\/angelboss.com.br\\\/en\\\/2026\\\/03\\\/10\\\/fusao-bel-cosmeticos-e-mundo-do-cabeleireiro-l-catterton\\\/\",\"name\":\"Varejo de Beleza no Brasil: Fus\u00e3o Bel e Mundo cria Gigante\",\"isPartOf\":{\"@id\":\"http:\\\/\\\/angelboss.com.br\\\/#website\"},\"primaryImageOfPage\":{\"@id\":\"https:\\\/\\\/angelboss.com.br\\\/en\\\/2026\\\/03\\\/10\\\/fusao-bel-cosmeticos-e-mundo-do-cabeleireiro-l-catterton\\\/#primaryimage\"},\"image\":{\"@id\":\"https:\\\/\\\/angelboss.com.br\\\/en\\\/2026\\\/03\\\/10\\\/fusao-bel-cosmeticos-e-mundo-do-cabeleireiro-l-catterton\\\/#primaryimage\"},\"thumbnailUrl\":\"https:\\\/\\\/angelboss.com.br\\\/wp-content\\\/uploads\\\/2026\\\/03\\\/Screenshot-2026-03-09-112746.webp\",\"datePublished\":\"2026-03-10T19:33:31+00:00\",\"dateModified\":\"2026-03-10T19:33:33+00:00\",\"description\":\"Varejo de Beleza no Brasil ganha um novo l\u00edder com a fus\u00e3o da Bel Cosm\u00e9ticos e Mundo do Cabeleireiro. L Catterton criar\u00e1 rede com 130 lojas.\",\"breadcrumb\":{\"@id\":\"https:\\\/\\\/angelboss.com.br\\\/en\\\/2026\\\/03\\\/10\\\/fusao-bel-cosmeticos-e-mundo-do-cabeleireiro-l-catterton\\\/#breadcrumb\"},\"inLanguage\":\"en-US\",\"potentialAction\":[{\"@type\":\"ReadAction\",\"target\":[\"https:\\\/\\\/angelboss.com.br\\\/en\\\/2026\\\/03\\\/10\\\/fusao-bel-cosmeticos-e-mundo-do-cabeleireiro-l-catterton\\\/\"]}]},{\"@type\":\"ImageObject\",\"inLanguage\":\"en-US\",\"@id\":\"https:\\\/\\\/angelboss.com.br\\\/en\\\/2026\\\/03\\\/10\\\/fusao-bel-cosmeticos-e-mundo-do-cabeleireiro-l-catterton\\\/#primaryimage\",\"url\":\"https:\\\/\\\/angelboss.com.br\\\/wp-content\\\/uploads\\\/2026\\\/03\\\/Screenshot-2026-03-09-112746.webp\",\"contentUrl\":\"https:\\\/\\\/angelboss.com.br\\\/wp-content\\\/uploads\\\/2026\\\/03\\\/Screenshot-2026-03-09-112746.webp\",\"width\":1080,\"height\":565,\"caption\":\"Imagem\\\/Revista Veja\"},{\"@type\":\"BreadcrumbList\",\"@id\":\"https:\\\/\\\/angelboss.com.br\\\/en\\\/2026\\\/03\\\/10\\\/fusao-bel-cosmeticos-e-mundo-do-cabeleireiro-l-catterton\\\/#breadcrumb\",\"itemListElement\":[{\"@type\":\"ListItem\",\"position\":1,\"name\":\"In\u00edcio\",\"item\":\"http:\\\/\\\/angelboss.com.br\\\/\"},{\"@type\":\"ListItem\",\"position\":2,\"name\":\"L Catterton anuncia a fus\u00e3o da Bel Cosm\u00e9ticos e do Mundo do cabeleireiro para criar o principal varejista de beleza do brasil\"}]},{\"@type\":\"WebSite\",\"@id\":\"http:\\\/\\\/angelboss.com.br\\\/#website\",\"url\":\"http:\\\/\\\/angelboss.com.br\\\/\",\"name\":\"Portal Masculino de Moda, Beleza, Luxo e Business - Angel Boss\",\"description\":\"O Maior Portal sobre Moda, Luxo, Beleza e Business Masculino do Brasil\",\"publisher\":{\"@id\":\"http:\\\/\\\/angelboss.com.br\\\/#organization\"},\"alternateName\":\"Maior Portal e Blog de Beleza Masculina e Luxo\",\"potentialAction\":[{\"@type\":\"SearchAction\",\"target\":{\"@type\":\"EntryPoint\",\"urlTemplate\":\"http:\\\/\\\/angelboss.com.br\\\/?s={search_term_string}\"},\"query-input\":{\"@type\":\"PropertyValueSpecification\",\"valueRequired\":true,\"valueName\":\"search_term_string\"}}],\"inLanguage\":\"en-US\"},{\"@type\":\"Organization\",\"@id\":\"http:\\\/\\\/angelboss.com.br\\\/#organization\",\"name\":\"Portal Masculino de Moda, Beleza, Luxo and Business - Angel Boss\",\"url\":\"http:\\\/\\\/angelboss.com.br\\\/\",\"logo\":{\"@type\":\"ImageObject\",\"inLanguage\":\"en-US\",\"@id\":\"http:\\\/\\\/angelboss.com.br\\\/#\\\/schema\\\/logo\\\/image\\\/\",\"url\":\"http:\\\/\\\/angelboss.com.br\\\/wp-content\\\/uploads\\\/2025\\\/12\\\/WhatsApp-Image-2025-12-11-at-12.54.26.jpeg\",\"contentUrl\":\"http:\\\/\\\/angelboss.com.br\\\/wp-content\\\/uploads\\\/2025\\\/12\\\/WhatsApp-Image-2025-12-11-at-12.54.26.jpeg\",\"width\":1280,\"height\":1280,\"caption\":\"Portal Masculino de Moda, Beleza, Luxo and Business - Angel Boss\"},\"image\":{\"@id\":\"http:\\\/\\\/angelboss.com.br\\\/#\\\/schema\\\/logo\\\/image\\\/\"}},{\"@type\":\"Person\",\"@id\":\"http:\\\/\\\/angelboss.com.br\\\/#\\\/schema\\\/person\\\/af084936b46cf2e03f299183e429e350\",\"name\":\"Neto Angel Boss\",\"image\":{\"@type\":\"ImageObject\",\"inLanguage\":\"en-US\",\"@id\":\"https:\\\/\\\/secure.gravatar.com\\\/avatar\\\/dbb38b2050e5181e32afbccf458635967af0767d15abe8168b35ebbd97907289?s=96&d=mm&r=g\",\"url\":\"https:\\\/\\\/secure.gravatar.com\\\/avatar\\\/dbb38b2050e5181e32afbccf458635967af0767d15abe8168b35ebbd97907289?s=96&d=mm&r=g\",\"contentUrl\":\"https:\\\/\\\/secure.gravatar.com\\\/avatar\\\/dbb38b2050e5181e32afbccf458635967af0767d15abe8168b35ebbd97907289?s=96&d=mm&r=g\",\"caption\":\"Neto Angel Boss\"},\"sameAs\":[\"http:\\\/\\\/www.angelboss.com\"],\"url\":\"https:\\\/\\\/angelboss.com.br\\\/en\\\/author\\\/netoangelboss\\\/\"}]}<\/script>\n<!-- \/ Yoast SEO plugin. -->","yoast_head_json":{"title":"Varejo de Beleza no Brasil: Fus\u00e3o Bel e Mundo cria Gigante","description":"Varejo de Beleza no Brasil ganha um novo l\u00edder com a fus\u00e3o da Bel Cosm\u00e9ticos e Mundo do Cabeleireiro. L Catterton criar\u00e1 rede com 130 lojas.","robots":{"index":"index","follow":"follow","max-snippet":"max-snippet:-1","max-image-preview":"max-image-preview:large","max-video-preview":"max-video-preview:-1"},"canonical":"https:\/\/angelboss.com.br\/en\/2026\/03\/10\/fusao-bel-cosmeticos-e-mundo-do-cabeleireiro-l-catterton\/","og_locale":"en_US","og_type":"article","og_title":"Varejo de Beleza no Brasil: Fus\u00e3o Bel e Mundo cria Gigante","og_description":"Varejo de Beleza no Brasil ganha um novo l\u00edder com a fus\u00e3o da Bel Cosm\u00e9ticos e Mundo do Cabeleireiro. L Catterton criar\u00e1 rede com 130 lojas.","og_url":"https:\/\/angelboss.com.br\/en\/2026\/03\/10\/fusao-bel-cosmeticos-e-mundo-do-cabeleireiro-l-catterton\/","og_site_name":"Portal Masculino de Moda, Beleza, Luxo and Business - Angel Boss","article_published_time":"2026-03-10T19:33:31+00:00","article_modified_time":"2026-03-10T19:33:33+00:00","og_image":[{"width":1080,"height":565,"url":"https:\/\/angelboss.com.br\/wp-content\/uploads\/2026\/03\/Screenshot-2026-03-09-112746.webp","type":"image\/webp"}],"author":"Neto Angel Boss","twitter_card":"summary_large_image","twitter_misc":{"Written by":"Neto Angel Boss","Est. reading time":"4 minutes"},"schema":{"@context":"https:\/\/schema.org","@graph":[{"@type":"Article","@id":"https:\/\/angelboss.com.br\/en\/2026\/03\/10\/fusao-bel-cosmeticos-e-mundo-do-cabeleireiro-l-catterton\/#article","isPartOf":{"@id":"https:\/\/angelboss.com.br\/en\/2026\/03\/10\/fusao-bel-cosmeticos-e-mundo-do-cabeleireiro-l-catterton\/"},"author":{"name":"Neto Angel Boss","@id":"http:\/\/angelboss.com.br\/#\/schema\/person\/af084936b46cf2e03f299183e429e350"},"headline":"L Catterton anuncia a fus\u00e3o da Bel Cosm\u00e9ticos e do Mundo do cabeleireiro para criar o principal varejista de beleza do brasil","datePublished":"2026-03-10T19:33:31+00:00","dateModified":"2026-03-10T19:33:33+00:00","mainEntityOfPage":{"@id":"https:\/\/angelboss.com.br\/en\/2026\/03\/10\/fusao-bel-cosmeticos-e-mundo-do-cabeleireiro-l-catterton\/"},"wordCount":949,"commentCount":0,"publisher":{"@id":"http:\/\/angelboss.com.br\/#organization"},"image":{"@id":"https:\/\/angelboss.com.br\/en\/2026\/03\/10\/fusao-bel-cosmeticos-e-mundo-do-cabeleireiro-l-catterton\/#primaryimage"},"thumbnailUrl":"https:\/\/angelboss.com.br\/wp-content\/uploads\/2026\/03\/Screenshot-2026-03-09-112746.webp","keywords":["fus\u00e3o da Bel Cosm\u00e9ticos e do Mundo do cabeleireiro","L Catterton","Varejo de Beleza no Brasil"],"articleSection":["Not\u00edcias Corporativas"],"inLanguage":"en-US","potentialAction":[{"@type":"CommentAction","name":"Comment","target":["https:\/\/angelboss.com.br\/en\/2026\/03\/10\/fusao-bel-cosmeticos-e-mundo-do-cabeleireiro-l-catterton\/#respond"]}]},{"@type":"WebPage","@id":"https:\/\/angelboss.com.br\/en\/2026\/03\/10\/fusao-bel-cosmeticos-e-mundo-do-cabeleireiro-l-catterton\/","url":"https:\/\/angelboss.com.br\/en\/2026\/03\/10\/fusao-bel-cosmeticos-e-mundo-do-cabeleireiro-l-catterton\/","name":"Varejo de Beleza no Brasil: Fus\u00e3o Bel e Mundo cria Gigante","isPartOf":{"@id":"http:\/\/angelboss.com.br\/#website"},"primaryImageOfPage":{"@id":"https:\/\/angelboss.com.br\/en\/2026\/03\/10\/fusao-bel-cosmeticos-e-mundo-do-cabeleireiro-l-catterton\/#primaryimage"},"image":{"@id":"https:\/\/angelboss.com.br\/en\/2026\/03\/10\/fusao-bel-cosmeticos-e-mundo-do-cabeleireiro-l-catterton\/#primaryimage"},"thumbnailUrl":"https:\/\/angelboss.com.br\/wp-content\/uploads\/2026\/03\/Screenshot-2026-03-09-112746.webp","datePublished":"2026-03-10T19:33:31+00:00","dateModified":"2026-03-10T19:33:33+00:00","description":"Varejo de Beleza no Brasil ganha um novo l\u00edder com a fus\u00e3o da Bel Cosm\u00e9ticos e Mundo do Cabeleireiro. L Catterton criar\u00e1 rede com 130 lojas.","breadcrumb":{"@id":"https:\/\/angelboss.com.br\/en\/2026\/03\/10\/fusao-bel-cosmeticos-e-mundo-do-cabeleireiro-l-catterton\/#breadcrumb"},"inLanguage":"en-US","potentialAction":[{"@type":"ReadAction","target":["https:\/\/angelboss.com.br\/en\/2026\/03\/10\/fusao-bel-cosmeticos-e-mundo-do-cabeleireiro-l-catterton\/"]}]},{"@type":"ImageObject","inLanguage":"en-US","@id":"https:\/\/angelboss.com.br\/en\/2026\/03\/10\/fusao-bel-cosmeticos-e-mundo-do-cabeleireiro-l-catterton\/#primaryimage","url":"https:\/\/angelboss.com.br\/wp-content\/uploads\/2026\/03\/Screenshot-2026-03-09-112746.webp","contentUrl":"https:\/\/angelboss.com.br\/wp-content\/uploads\/2026\/03\/Screenshot-2026-03-09-112746.webp","width":1080,"height":565,"caption":"Imagem\/Revista Veja"},{"@type":"BreadcrumbList","@id":"https:\/\/angelboss.com.br\/en\/2026\/03\/10\/fusao-bel-cosmeticos-e-mundo-do-cabeleireiro-l-catterton\/#breadcrumb","itemListElement":[{"@type":"ListItem","position":1,"name":"In\u00edcio","item":"http:\/\/angelboss.com.br\/"},{"@type":"ListItem","position":2,"name":"L Catterton anuncia a fus\u00e3o da Bel Cosm\u00e9ticos e do Mundo do cabeleireiro para criar o principal varejista de beleza do brasil"}]},{"@type":"WebSite","@id":"http:\/\/angelboss.com.br\/#website","url":"http:\/\/angelboss.com.br\/","name":"Portal Masculino de Moda, Beleza, Luxo e Business - Angel Boss","description":"O Maior Portal sobre Moda, Luxo, Beleza e Business Masculino do Brasil","publisher":{"@id":"http:\/\/angelboss.com.br\/#organization"},"alternateName":"Maior Portal e Blog de Beleza Masculina e Luxo","potentialAction":[{"@type":"SearchAction","target":{"@type":"EntryPoint","urlTemplate":"http:\/\/angelboss.com.br\/?s={search_term_string}"},"query-input":{"@type":"PropertyValueSpecification","valueRequired":true,"valueName":"search_term_string"}}],"inLanguage":"en-US"},{"@type":"Organization","@id":"http:\/\/angelboss.com.br\/#organization","name":"Portal Masculino de Moda, Beleza, Luxo and Business - Angel Boss","url":"http:\/\/angelboss.com.br\/","logo":{"@type":"ImageObject","inLanguage":"en-US","@id":"http:\/\/angelboss.com.br\/#\/schema\/logo\/image\/","url":"http:\/\/angelboss.com.br\/wp-content\/uploads\/2025\/12\/WhatsApp-Image-2025-12-11-at-12.54.26.jpeg","contentUrl":"http:\/\/angelboss.com.br\/wp-content\/uploads\/2025\/12\/WhatsApp-Image-2025-12-11-at-12.54.26.jpeg","width":1280,"height":1280,"caption":"Portal Masculino de Moda, Beleza, Luxo and Business - Angel Boss"},"image":{"@id":"http:\/\/angelboss.com.br\/#\/schema\/logo\/image\/"}},{"@type":"Person","@id":"http:\/\/angelboss.com.br\/#\/schema\/person\/af084936b46cf2e03f299183e429e350","name":"Neto Angel Boss","image":{"@type":"ImageObject","inLanguage":"en-US","@id":"https:\/\/secure.gravatar.com\/avatar\/dbb38b2050e5181e32afbccf458635967af0767d15abe8168b35ebbd97907289?s=96&d=mm&r=g","url":"https:\/\/secure.gravatar.com\/avatar\/dbb38b2050e5181e32afbccf458635967af0767d15abe8168b35ebbd97907289?s=96&d=mm&r=g","contentUrl":"https:\/\/secure.gravatar.com\/avatar\/dbb38b2050e5181e32afbccf458635967af0767d15abe8168b35ebbd97907289?s=96&d=mm&r=g","caption":"Neto Angel Boss"},"sameAs":["http:\/\/www.angelboss.com"],"url":"https:\/\/angelboss.com.br\/en\/author\/netoangelboss\/"}]}},"amp_enabled":true,"_links":{"self":[{"href":"https:\/\/angelboss.com.br\/en\/wp-json\/wp\/v2\/posts\/14301","targetHints":{"allow":["GET"]}}],"collection":[{"href":"https:\/\/angelboss.com.br\/en\/wp-json\/wp\/v2\/posts"}],"about":[{"href":"https:\/\/angelboss.com.br\/en\/wp-json\/wp\/v2\/types\/post"}],"author":[{"embeddable":true,"href":"https:\/\/angelboss.com.br\/en\/wp-json\/wp\/v2\/users\/2"}],"replies":[{"embeddable":true,"href":"https:\/\/angelboss.com.br\/en\/wp-json\/wp\/v2\/comments?post=14301"}],"version-history":[{"count":1,"href":"https:\/\/angelboss.com.br\/en\/wp-json\/wp\/v2\/posts\/14301\/revisions"}],"predecessor-version":[{"id":14307,"href":"https:\/\/angelboss.com.br\/en\/wp-json\/wp\/v2\/posts\/14301\/revisions\/14307"}],"wp:featuredmedia":[{"embeddable":true,"href":"https:\/\/angelboss.com.br\/en\/wp-json\/wp\/v2\/media\/14306"}],"wp:attachment":[{"href":"https:\/\/angelboss.com.br\/en\/wp-json\/wp\/v2\/media?parent=14301"}],"wp:term":[{"taxonomy":"category","embeddable":true,"href":"https:\/\/angelboss.com.br\/en\/wp-json\/wp\/v2\/categories?post=14301"},{"taxonomy":"post_tag","embeddable":true,"href":"https:\/\/angelboss.com.br\/en\/wp-json\/wp\/v2\/tags?post=14301"}],"curies":[{"name":"wp","href":"https:\/\/api.w.org\/{rel}","templated":true}]}}