{"id":14019,"date":"2026-03-09T19:50:07","date_gmt":"2026-03-09T19:50:07","guid":{"rendered":"https:\/\/angelboss.com.br\/?p=14019"},"modified":"2026-03-09T19:50:24","modified_gmt":"2026-03-09T19:50:24","slug":"bmw-ix3-no-brasil-lancamento-neue-klasse-2026","status":"publish","type":"post","link":"https:\/\/angelboss.com.br\/en\/2026\/03\/09\/bmw-ix3-no-brasil-lancamento-neue-klasse-2026\/","title":{"rendered":"BMW\u00a0iX3\u00a0\u00e9\u00a0confirmado\u00a0e\u00a0passa\u00a0por\u00a0\u00faltimos\u00a0testes\u00a0de\u00a0homologa\u00e7\u00e3o\u00a0no\u00a0Brasil"},"content":{"rendered":"<ul class=\"wp-block-list\">\n<li>Completamente\u00a0novo, modelo inaugura\u00a0nova linguagem\u00a0de\u00a0design da marca<\/li>\n\n\n\n<li>Novo conceito\u00a0de\u00a0interior tamb\u00e9m ser\u00e1 inaugurado\u00a0no\u00a0modelo, que ter\u00e1 como\u00a0destaque o Panoramic iDrive<\/li>\n\n\n\n<li>Nova gera\u00e7\u00e3o baterias permite carregamento\u00a0de\u00a0400 kW<\/li>\n<\/ul>\n\n\n\n<figure class=\"wp-block-table\"><table class=\"has-fixed-layout\"><tbody><tr><td><img decoding=\"async\" src=\"https:\/\/s2601.imxsnd86.com\/4==QOkpzN3kjN3MjOyJmLt92YuM3cvJGbldmbhBEbldmbh9Gdl5mOxEzN3ATNyAjNxozZlBnauc3bsNWMyQGMjFGNwgzNmFjM4IWOzEWYlZGO5kzNzMmZilTMGJTJilTMGJTJyQTN4IjRyUCN1ADNx8VL1ETLf9VLwITLfpDN\"><\/td><\/tr><\/tbody><\/table><\/figure>\n\n\n\n<p><br><strong>S\u00e3o Paulo, 04&nbsp;de&nbsp;mar\u00e7o&nbsp;de&nbsp;2026&nbsp;<\/strong>\u2013 O futuro da&nbsp;BMW&nbsp;est\u00e1&nbsp;de&nbsp;malas prontas para chegar&nbsp;no&nbsp;Brasil. O&nbsp;BMW&nbsp;iX3, primeiro modelo que ir\u00e1 ditar o futuro da marca, tem lan\u00e7amento&nbsp;confirmado&nbsp;no&nbsp;Brasil&nbsp;em 2026. Inteiramente&nbsp;novo, o modelo ser\u00e1 o respons\u00e1vel&nbsp;por&nbsp;inaugurar uma&nbsp;nova&nbsp;era&nbsp;entre os ve\u00edculos&nbsp;BMW,&nbsp;estreando uma&nbsp;nova linguagem&nbsp;de&nbsp;design&nbsp;externo&nbsp;e&nbsp;interno, al\u00e9m&nbsp;de&nbsp;uma&nbsp;nova gera\u00e7\u00e3o&nbsp;equipamentos&nbsp;e&nbsp;tecnologias.<\/p>\n\n\n\n<p>Liderando a chegada do conceito Neue Klasse, o&nbsp;novo&nbsp;BMW&nbsp;iX3&nbsp;lan\u00e7ar\u00e1 a&nbsp;nova linguagem&nbsp;de&nbsp;design da&nbsp;BMW, que ser\u00e1 replicada&nbsp;em toda a gama&nbsp;de&nbsp;modelos da marca&nbsp;em breve. O visual \u00e9 uma interpreta\u00e7\u00e3o moderna do projeto original&nbsp;e&nbsp;duradouro da&nbsp;BMW.<\/p>\n\n\n\n<p>O&nbsp;design do interior do&nbsp;BMW&nbsp;iX3&nbsp;tamb\u00e9m&nbsp;estabelece um&nbsp;novo padr\u00e3o que ser\u00e1 replicado&nbsp;nos pr\u00f3ximos lan\u00e7amentos da marca,&nbsp;em termos&nbsp;de&nbsp;modernidade&nbsp;e&nbsp;intuitividade. O interior tem&nbsp;design minimalista, proporcionando o cen\u00e1rio ideal para a&nbsp;experi\u00eancia digital. A cabine prioriza o foco&nbsp;no&nbsp;condutor, marca registrada da&nbsp;BMW,&nbsp;e&nbsp;o conforto&nbsp;de&nbsp;todos os ocupantes.<\/p>\n\n\n\n<p>Grande&nbsp;destaque do interior, o&nbsp;BMW&nbsp;Panoramic iDrive \u00e9 um cockpit horizontal que re\u00fane informa\u00e7\u00f5es do carro&nbsp;em um&nbsp;novo conceito, baseado&nbsp;no&nbsp;tamb\u00e9m rec\u00e9m-desenvolvido&nbsp;BMW&nbsp;Operating System X.&nbsp;Ele integra telas, geometria&nbsp;e&nbsp;design&nbsp;de&nbsp;luz&nbsp;e&nbsp;som&nbsp;em uma&nbsp;experi\u00eancia personaliz\u00e1vel&nbsp;e&nbsp;exclusiva.<\/p>\n\n\n\n<p>Os avan\u00e7os trazidos pela sexta gera\u00e7\u00e3o da tecnologia&nbsp;BMW&nbsp;eDrive tamb\u00e9m t\u00eam uma influ\u00eancia significativa na&nbsp;experi\u00eancia&nbsp;de&nbsp;carregamento. Uma taxa m\u00e1xima&nbsp;de&nbsp;carregamento&nbsp;de&nbsp;400 kW permite que os usu\u00e1rios carreguem seu&nbsp;novo&nbsp;BMW&nbsp;iX3&nbsp;com&nbsp;energia suficiente&nbsp;em uma&nbsp;esta\u00e7\u00e3o&nbsp;de&nbsp;carregamento r\u00e1pido&nbsp;de&nbsp;corrente cont\u00ednua (CC)&nbsp;de&nbsp;800 V.<\/p>\n\n\n\n<p>Para mais informa\u00e7\u00f5es sobre a&nbsp;BMW&nbsp;do&nbsp;Brasil,&nbsp;<a href=\"https:\/\/www.bmw.com.br\/\"><strong><u>clique aqui<\/u><\/strong><\/a>.<\/p>\n\n\n\n<p><strong>Acompanhe a&nbsp;BMW&nbsp;do&nbsp;Brasil&nbsp;nas redes sociais:<\/strong><\/p>\n\n\n\n<p><a href=\"https:\/\/www.instagram.com\/bmwdobrasil\/\"><strong><u>Instagram<\/u><\/strong><\/a><strong>&nbsp;(@bmwdobrasil)<\/strong><\/p>\n\n\n\n<p><a href=\"https:\/\/www.facebook.com\/BMWBrasil\"><strong><u>Facebook<\/u><\/strong><\/a><strong>&nbsp;(@BMWBrasil)<\/strong><\/p>\n\n\n\n<p><a href=\"https:\/\/www.youtube.com\/channel\/UCNdmMv0UNG470K6YHYznwKA\"><strong><u>Youtube<\/u><\/strong><\/a><strong>&nbsp;(@BMWTVBrasil)<\/strong><\/p>\n\n\n\n<p><a href=\"https:\/\/www.twitter.com\/BMWBrasil\"><strong><u>X<\/u><\/strong><\/a><strong>&nbsp;(@BMWBrasil)<\/strong><\/p>\n\n\n\n<p><a href=\"https:\/\/www.tiktok.com\/@bmwdobrasil\"><strong><u>Tik Tok<\/u><\/strong><\/a><strong>&nbsp;(@bmwdobrasil)<\/strong><\/p>\n\n\n\n<p><a href=\"https:\/\/br.linkedin.com\/company\/bmwgroupbrasil\"><strong><u>LinkedIn<\/u><\/strong><\/a><strong>&nbsp;(@BMWGroupBrasil)<\/strong><\/p>\n\n\n\n<p><\/p>","protected":false},"excerpt":{"rendered":"<p>S\u00e3o Paulo, 04&nbsp;de&nbsp;mar\u00e7o&nbsp;de&nbsp;2026&nbsp;\u2013 O futuro da&nbsp;BMW&nbsp;est\u00e1&nbsp;de&nbsp;malas prontas para chegar&nbsp;no&nbsp;Brasil. O&nbsp;BMW&nbsp;iX3, primeiro modelo que ir\u00e1 ditar o futuro da marca, tem lan\u00e7amento&nbsp;confirmado&nbsp;no&nbsp;Brasil&nbsp;em 2026. Inteiramente&nbsp;novo, o modelo ser\u00e1 o respons\u00e1vel&nbsp;por&nbsp;inaugurar uma&nbsp;nova&nbsp;era&nbsp;entre os ve\u00edculos&nbsp;BMW,&nbsp;estreando uma&nbsp;nova linguagem&nbsp;de&nbsp;design&nbsp;externo&nbsp;e&nbsp;interno, al\u00e9m&nbsp;de&nbsp;uma&nbsp;nova gera\u00e7\u00e3o&nbsp;equipamentos&nbsp;e&nbsp;tecnologias. Liderando a chegada do conceito Neue Klasse, o&nbsp;novo&nbsp;BMW&nbsp;iX3&nbsp;lan\u00e7ar\u00e1 a&nbsp;nova linguagem&nbsp;de&nbsp;design da&nbsp;BMW, que ser\u00e1 replicada&nbsp;em toda a gama&nbsp;de&nbsp;modelos da marca&nbsp;em breve.<\/p>","protected":false},"author":2,"featured_media":14021,"comment_status":"open","ping_status":"open","sticky":false,"template":"","format":"standard","meta":{"footnotes":""},"categories":[315],"tags":[1666,1668,1667],"class_list":{"0":"post-14019","1":"post","2":"type-post","3":"status-publish","4":"format-standard","5":"has-post-thumbnail","7":"category-noticias-corporativas-dino","8":"tag-bmw-ix3","9":"tag-neue-klasse","10":"tag-suv-eletrico"},"yoast_head":"<!-- This site is optimized with the Yoast SEO plugin v27.5 - https:\/\/yoast.com\/product\/yoast-seo-wordpress\/ -->\n<title>BMW iX3 no Brasil: Lan\u00e7amento Confirmado e Novos Testes<\/title>\n<meta name=\"description\" content=\"Confira os detalhes da chegada do BMW iX3 no Brasil. O SUV el\u00e9trico estreia a linguagem Neue Klasse com carregamento de 400 kW e design futurista. Saiba mais!\" \/>\n<meta name=\"robots\" content=\"index, follow, max-snippet:-1, max-image-preview:large, max-video-preview:-1\" \/>\n<link rel=\"canonical\" href=\"http:\/\/angelboss.com.br\/en\/2026\/03\/09\/bmw-ix3-no-brasil-lancamento-neue-klasse-2026\/\" \/>\n<meta property=\"og:locale\" content=\"en_US\" \/>\n<meta property=\"og:type\" content=\"article\" \/>\n<meta property=\"og:title\" content=\"BMW iX3 no Brasil: Lan\u00e7amento Confirmado e Novos Testes\" \/>\n<meta property=\"og:description\" content=\"Confira os detalhes da chegada do BMW iX3 no Brasil. O SUV el\u00e9trico estreia a linguagem Neue Klasse com carregamento de 400 kW e design futurista. Saiba mais!\" \/>\n<meta property=\"og:url\" content=\"http:\/\/angelboss.com.br\/en\/2026\/03\/09\/bmw-ix3-no-brasil-lancamento-neue-klasse-2026\/\" \/>\n<meta property=\"og:site_name\" content=\"Portal Masculino de Moda, Beleza, Luxo and Business - Angel Boss\" \/>\n<meta property=\"article:published_time\" content=\"2026-03-09T19:50:07+00:00\" \/>\n<meta property=\"article:modified_time\" content=\"2026-03-09T19:50:24+00:00\" \/>\n<meta property=\"og:image\" content=\"http:\/\/angelboss.com.br\/wp-content\/uploads\/2026\/03\/images-36.jpg\" \/>\n\t<meta property=\"og:image:width\" content=\"183\" \/>\n\t<meta property=\"og:image:height\" content=\"275\" \/>\n\t<meta property=\"og:image:type\" content=\"image\/jpeg\" \/>\n<meta name=\"author\" content=\"Neto Angel Boss\" \/>\n<meta name=\"twitter:card\" content=\"summary_large_image\" \/>\n<meta name=\"twitter:label1\" content=\"Written by\" \/>\n\t<meta name=\"twitter:data1\" content=\"Neto Angel Boss\" \/>\n\t<meta name=\"twitter:label2\" content=\"Est. reading time\" \/>\n\t<meta name=\"twitter:data2\" content=\"3 minutes\" \/>\n<script type=\"application\/ld+json\" class=\"yoast-schema-graph\">{\"@context\":\"https:\\\/\\\/schema.org\",\"@graph\":[{\"@type\":\"Article\",\"@id\":\"http:\\\/\\\/angelboss.com.br\\\/2026\\\/03\\\/09\\\/bmw-ix3-no-brasil-lancamento-neue-klasse-2026\\\/#article\",\"isPartOf\":{\"@id\":\"http:\\\/\\\/angelboss.com.br\\\/2026\\\/03\\\/09\\\/bmw-ix3-no-brasil-lancamento-neue-klasse-2026\\\/\"},\"author\":{\"name\":\"Neto Angel Boss\",\"@id\":\"http:\\\/\\\/angelboss.com.br\\\/#\\\/schema\\\/person\\\/af084936b46cf2e03f299183e429e350\"},\"headline\":\"BMW\u00a0iX3\u00a0\u00e9\u00a0confirmado\u00a0e\u00a0passa\u00a0por\u00a0\u00faltimos\u00a0testes\u00a0de\u00a0homologa\u00e7\u00e3o\u00a0no\u00a0Brasil\",\"datePublished\":\"2026-03-09T19:50:07+00:00\",\"dateModified\":\"2026-03-09T19:50:24+00:00\",\"mainEntityOfPage\":{\"@id\":\"http:\\\/\\\/angelboss.com.br\\\/2026\\\/03\\\/09\\\/bmw-ix3-no-brasil-lancamento-neue-klasse-2026\\\/\"},\"wordCount\":504,\"commentCount\":0,\"publisher\":{\"@id\":\"http:\\\/\\\/angelboss.com.br\\\/#organization\"},\"image\":{\"@id\":\"http:\\\/\\\/angelboss.com.br\\\/2026\\\/03\\\/09\\\/bmw-ix3-no-brasil-lancamento-neue-klasse-2026\\\/#primaryimage\"},\"thumbnailUrl\":\"https:\\\/\\\/angelboss.com.br\\\/wp-content\\\/uploads\\\/2026\\\/03\\\/images-36.jpg\",\"keywords\":[\"BMW iX3\",\"Neue Klasse\",\"SUV El\u00e9trico\"],\"articleSection\":[\"Not\u00edcias Corporativas\"],\"inLanguage\":\"en-US\",\"potentialAction\":[{\"@type\":\"CommentAction\",\"name\":\"Comment\",\"target\":[\"http:\\\/\\\/angelboss.com.br\\\/2026\\\/03\\\/09\\\/bmw-ix3-no-brasil-lancamento-neue-klasse-2026\\\/#respond\"]}]},{\"@type\":\"WebPage\",\"@id\":\"http:\\\/\\\/angelboss.com.br\\\/2026\\\/03\\\/09\\\/bmw-ix3-no-brasil-lancamento-neue-klasse-2026\\\/\",\"url\":\"http:\\\/\\\/angelboss.com.br\\\/2026\\\/03\\\/09\\\/bmw-ix3-no-brasil-lancamento-neue-klasse-2026\\\/\",\"name\":\"BMW iX3 no Brasil: Lan\u00e7amento Confirmado e Novos Testes\",\"isPartOf\":{\"@id\":\"http:\\\/\\\/angelboss.com.br\\\/#website\"},\"primaryImageOfPage\":{\"@id\":\"http:\\\/\\\/angelboss.com.br\\\/2026\\\/03\\\/09\\\/bmw-ix3-no-brasil-lancamento-neue-klasse-2026\\\/#primaryimage\"},\"image\":{\"@id\":\"http:\\\/\\\/angelboss.com.br\\\/2026\\\/03\\\/09\\\/bmw-ix3-no-brasil-lancamento-neue-klasse-2026\\\/#primaryimage\"},\"thumbnailUrl\":\"https:\\\/\\\/angelboss.com.br\\\/wp-content\\\/uploads\\\/2026\\\/03\\\/images-36.jpg\",\"datePublished\":\"2026-03-09T19:50:07+00:00\",\"dateModified\":\"2026-03-09T19:50:24+00:00\",\"description\":\"Confira os detalhes da chegada do BMW iX3 no Brasil. O SUV el\u00e9trico estreia a linguagem Neue Klasse com carregamento de 400 kW e design futurista. Saiba mais!\",\"breadcrumb\":{\"@id\":\"http:\\\/\\\/angelboss.com.br\\\/2026\\\/03\\\/09\\\/bmw-ix3-no-brasil-lancamento-neue-klasse-2026\\\/#breadcrumb\"},\"inLanguage\":\"en-US\",\"potentialAction\":[{\"@type\":\"ReadAction\",\"target\":[\"http:\\\/\\\/angelboss.com.br\\\/2026\\\/03\\\/09\\\/bmw-ix3-no-brasil-lancamento-neue-klasse-2026\\\/\"]}]},{\"@type\":\"ImageObject\",\"inLanguage\":\"en-US\",\"@id\":\"http:\\\/\\\/angelboss.com.br\\\/2026\\\/03\\\/09\\\/bmw-ix3-no-brasil-lancamento-neue-klasse-2026\\\/#primaryimage\",\"url\":\"https:\\\/\\\/angelboss.com.br\\\/wp-content\\\/uploads\\\/2026\\\/03\\\/images-36.jpg\",\"contentUrl\":\"https:\\\/\\\/angelboss.com.br\\\/wp-content\\\/uploads\\\/2026\\\/03\\\/images-36.jpg\",\"width\":183,\"height\":275,\"caption\":\"Imagem\\\/CNN br\"},{\"@type\":\"BreadcrumbList\",\"@id\":\"http:\\\/\\\/angelboss.com.br\\\/2026\\\/03\\\/09\\\/bmw-ix3-no-brasil-lancamento-neue-klasse-2026\\\/#breadcrumb\",\"itemListElement\":[{\"@type\":\"ListItem\",\"position\":1,\"name\":\"In\u00edcio\",\"item\":\"http:\\\/\\\/angelboss.com.br\\\/\"},{\"@type\":\"ListItem\",\"position\":2,\"name\":\"BMW\u00a0iX3\u00a0\u00e9\u00a0confirmado\u00a0e\u00a0passa\u00a0por\u00a0\u00faltimos\u00a0testes\u00a0de\u00a0homologa\u00e7\u00e3o\u00a0no\u00a0Brasil\"}]},{\"@type\":\"WebSite\",\"@id\":\"http:\\\/\\\/angelboss.com.br\\\/#website\",\"url\":\"http:\\\/\\\/angelboss.com.br\\\/\",\"name\":\"Portal Masculino de Moda, Beleza, Luxo e Business - Angel Boss\",\"description\":\"O Maior Portal sobre Moda, Luxo, Beleza e Business Masculino do Brasil\",\"publisher\":{\"@id\":\"http:\\\/\\\/angelboss.com.br\\\/#organization\"},\"alternateName\":\"Maior Portal e Blog de Beleza Masculina e Luxo\",\"potentialAction\":[{\"@type\":\"SearchAction\",\"target\":{\"@type\":\"EntryPoint\",\"urlTemplate\":\"http:\\\/\\\/angelboss.com.br\\\/?s={search_term_string}\"},\"query-input\":{\"@type\":\"PropertyValueSpecification\",\"valueRequired\":true,\"valueName\":\"search_term_string\"}}],\"inLanguage\":\"en-US\"},{\"@type\":\"Organization\",\"@id\":\"http:\\\/\\\/angelboss.com.br\\\/#organization\",\"name\":\"Portal Masculino de Moda, Beleza, Luxo and Business - Angel Boss\",\"url\":\"http:\\\/\\\/angelboss.com.br\\\/\",\"logo\":{\"@type\":\"ImageObject\",\"inLanguage\":\"en-US\",\"@id\":\"http:\\\/\\\/angelboss.com.br\\\/#\\\/schema\\\/logo\\\/image\\\/\",\"url\":\"http:\\\/\\\/angelboss.com.br\\\/wp-content\\\/uploads\\\/2025\\\/12\\\/WhatsApp-Image-2025-12-11-at-12.54.26.jpeg\",\"contentUrl\":\"http:\\\/\\\/angelboss.com.br\\\/wp-content\\\/uploads\\\/2025\\\/12\\\/WhatsApp-Image-2025-12-11-at-12.54.26.jpeg\",\"width\":1280,\"height\":1280,\"caption\":\"Portal Masculino de Moda, Beleza, Luxo and Business - Angel Boss\"},\"image\":{\"@id\":\"http:\\\/\\\/angelboss.com.br\\\/#\\\/schema\\\/logo\\\/image\\\/\"}},{\"@type\":\"Person\",\"@id\":\"http:\\\/\\\/angelboss.com.br\\\/#\\\/schema\\\/person\\\/af084936b46cf2e03f299183e429e350\",\"name\":\"Neto Angel Boss\",\"image\":{\"@type\":\"ImageObject\",\"inLanguage\":\"en-US\",\"@id\":\"https:\\\/\\\/secure.gravatar.com\\\/avatar\\\/dbb38b2050e5181e32afbccf458635967af0767d15abe8168b35ebbd97907289?s=96&d=mm&r=g\",\"url\":\"https:\\\/\\\/secure.gravatar.com\\\/avatar\\\/dbb38b2050e5181e32afbccf458635967af0767d15abe8168b35ebbd97907289?s=96&d=mm&r=g\",\"contentUrl\":\"https:\\\/\\\/secure.gravatar.com\\\/avatar\\\/dbb38b2050e5181e32afbccf458635967af0767d15abe8168b35ebbd97907289?s=96&d=mm&r=g\",\"caption\":\"Neto Angel Boss\"},\"sameAs\":[\"http:\\\/\\\/www.angelboss.com\"],\"url\":\"https:\\\/\\\/angelboss.com.br\\\/en\\\/author\\\/netoangelboss\\\/\"}]}<\/script>\n<!-- \/ Yoast SEO plugin. -->","yoast_head_json":{"title":"BMW iX3 no Brasil: Lan\u00e7amento Confirmado e Novos Testes","description":"Confira os detalhes da chegada do BMW iX3 no Brasil. O SUV el\u00e9trico estreia a linguagem Neue Klasse com carregamento de 400 kW e design futurista. Saiba mais!","robots":{"index":"index","follow":"follow","max-snippet":"max-snippet:-1","max-image-preview":"max-image-preview:large","max-video-preview":"max-video-preview:-1"},"canonical":"http:\/\/angelboss.com.br\/en\/2026\/03\/09\/bmw-ix3-no-brasil-lancamento-neue-klasse-2026\/","og_locale":"en_US","og_type":"article","og_title":"BMW iX3 no Brasil: Lan\u00e7amento Confirmado e Novos Testes","og_description":"Confira os detalhes da chegada do BMW iX3 no Brasil. O SUV el\u00e9trico estreia a linguagem Neue Klasse com carregamento de 400 kW e design futurista. Saiba mais!","og_url":"http:\/\/angelboss.com.br\/en\/2026\/03\/09\/bmw-ix3-no-brasil-lancamento-neue-klasse-2026\/","og_site_name":"Portal Masculino de Moda, Beleza, Luxo and Business - Angel Boss","article_published_time":"2026-03-09T19:50:07+00:00","article_modified_time":"2026-03-09T19:50:24+00:00","og_image":[{"width":183,"height":275,"url":"http:\/\/angelboss.com.br\/wp-content\/uploads\/2026\/03\/images-36.jpg","type":"image\/jpeg"}],"author":"Neto Angel Boss","twitter_card":"summary_large_image","twitter_misc":{"Written by":"Neto Angel Boss","Est. reading time":"3 minutes"},"schema":{"@context":"https:\/\/schema.org","@graph":[{"@type":"Article","@id":"http:\/\/angelboss.com.br\/2026\/03\/09\/bmw-ix3-no-brasil-lancamento-neue-klasse-2026\/#article","isPartOf":{"@id":"http:\/\/angelboss.com.br\/2026\/03\/09\/bmw-ix3-no-brasil-lancamento-neue-klasse-2026\/"},"author":{"name":"Neto Angel Boss","@id":"http:\/\/angelboss.com.br\/#\/schema\/person\/af084936b46cf2e03f299183e429e350"},"headline":"BMW\u00a0iX3\u00a0\u00e9\u00a0confirmado\u00a0e\u00a0passa\u00a0por\u00a0\u00faltimos\u00a0testes\u00a0de\u00a0homologa\u00e7\u00e3o\u00a0no\u00a0Brasil","datePublished":"2026-03-09T19:50:07+00:00","dateModified":"2026-03-09T19:50:24+00:00","mainEntityOfPage":{"@id":"http:\/\/angelboss.com.br\/2026\/03\/09\/bmw-ix3-no-brasil-lancamento-neue-klasse-2026\/"},"wordCount":504,"commentCount":0,"publisher":{"@id":"http:\/\/angelboss.com.br\/#organization"},"image":{"@id":"http:\/\/angelboss.com.br\/2026\/03\/09\/bmw-ix3-no-brasil-lancamento-neue-klasse-2026\/#primaryimage"},"thumbnailUrl":"https:\/\/angelboss.com.br\/wp-content\/uploads\/2026\/03\/images-36.jpg","keywords":["BMW iX3","Neue Klasse","SUV El\u00e9trico"],"articleSection":["Not\u00edcias Corporativas"],"inLanguage":"en-US","potentialAction":[{"@type":"CommentAction","name":"Comment","target":["http:\/\/angelboss.com.br\/2026\/03\/09\/bmw-ix3-no-brasil-lancamento-neue-klasse-2026\/#respond"]}]},{"@type":"WebPage","@id":"http:\/\/angelboss.com.br\/2026\/03\/09\/bmw-ix3-no-brasil-lancamento-neue-klasse-2026\/","url":"http:\/\/angelboss.com.br\/2026\/03\/09\/bmw-ix3-no-brasil-lancamento-neue-klasse-2026\/","name":"BMW iX3 no Brasil: Lan\u00e7amento Confirmado e Novos Testes","isPartOf":{"@id":"http:\/\/angelboss.com.br\/#website"},"primaryImageOfPage":{"@id":"http:\/\/angelboss.com.br\/2026\/03\/09\/bmw-ix3-no-brasil-lancamento-neue-klasse-2026\/#primaryimage"},"image":{"@id":"http:\/\/angelboss.com.br\/2026\/03\/09\/bmw-ix3-no-brasil-lancamento-neue-klasse-2026\/#primaryimage"},"thumbnailUrl":"https:\/\/angelboss.com.br\/wp-content\/uploads\/2026\/03\/images-36.jpg","datePublished":"2026-03-09T19:50:07+00:00","dateModified":"2026-03-09T19:50:24+00:00","description":"Confira os detalhes da chegada do BMW iX3 no Brasil. O SUV el\u00e9trico estreia a linguagem Neue Klasse com carregamento de 400 kW e design futurista. Saiba mais!","breadcrumb":{"@id":"http:\/\/angelboss.com.br\/2026\/03\/09\/bmw-ix3-no-brasil-lancamento-neue-klasse-2026\/#breadcrumb"},"inLanguage":"en-US","potentialAction":[{"@type":"ReadAction","target":["http:\/\/angelboss.com.br\/2026\/03\/09\/bmw-ix3-no-brasil-lancamento-neue-klasse-2026\/"]}]},{"@type":"ImageObject","inLanguage":"en-US","@id":"http:\/\/angelboss.com.br\/2026\/03\/09\/bmw-ix3-no-brasil-lancamento-neue-klasse-2026\/#primaryimage","url":"https:\/\/angelboss.com.br\/wp-content\/uploads\/2026\/03\/images-36.jpg","contentUrl":"https:\/\/angelboss.com.br\/wp-content\/uploads\/2026\/03\/images-36.jpg","width":183,"height":275,"caption":"Imagem\/CNN br"},{"@type":"BreadcrumbList","@id":"http:\/\/angelboss.com.br\/2026\/03\/09\/bmw-ix3-no-brasil-lancamento-neue-klasse-2026\/#breadcrumb","itemListElement":[{"@type":"ListItem","position":1,"name":"In\u00edcio","item":"http:\/\/angelboss.com.br\/"},{"@type":"ListItem","position":2,"name":"BMW\u00a0iX3\u00a0\u00e9\u00a0confirmado\u00a0e\u00a0passa\u00a0por\u00a0\u00faltimos\u00a0testes\u00a0de\u00a0homologa\u00e7\u00e3o\u00a0no\u00a0Brasil"}]},{"@type":"WebSite","@id":"http:\/\/angelboss.com.br\/#website","url":"http:\/\/angelboss.com.br\/","name":"Portal Masculino de Moda, Beleza, Luxo e Business - Angel Boss","description":"O Maior Portal sobre Moda, Luxo, Beleza e Business Masculino do Brasil","publisher":{"@id":"http:\/\/angelboss.com.br\/#organization"},"alternateName":"Maior Portal e Blog de Beleza Masculina e Luxo","potentialAction":[{"@type":"SearchAction","target":{"@type":"EntryPoint","urlTemplate":"http:\/\/angelboss.com.br\/?s={search_term_string}"},"query-input":{"@type":"PropertyValueSpecification","valueRequired":true,"valueName":"search_term_string"}}],"inLanguage":"en-US"},{"@type":"Organization","@id":"http:\/\/angelboss.com.br\/#organization","name":"Portal Masculino de Moda, Beleza, Luxo and Business - Angel Boss","url":"http:\/\/angelboss.com.br\/","logo":{"@type":"ImageObject","inLanguage":"en-US","@id":"http:\/\/angelboss.com.br\/#\/schema\/logo\/image\/","url":"http:\/\/angelboss.com.br\/wp-content\/uploads\/2025\/12\/WhatsApp-Image-2025-12-11-at-12.54.26.jpeg","contentUrl":"http:\/\/angelboss.com.br\/wp-content\/uploads\/2025\/12\/WhatsApp-Image-2025-12-11-at-12.54.26.jpeg","width":1280,"height":1280,"caption":"Portal Masculino de Moda, Beleza, Luxo and Business - Angel Boss"},"image":{"@id":"http:\/\/angelboss.com.br\/#\/schema\/logo\/image\/"}},{"@type":"Person","@id":"http:\/\/angelboss.com.br\/#\/schema\/person\/af084936b46cf2e03f299183e429e350","name":"Neto Angel Boss","image":{"@type":"ImageObject","inLanguage":"en-US","@id":"https:\/\/secure.gravatar.com\/avatar\/dbb38b2050e5181e32afbccf458635967af0767d15abe8168b35ebbd97907289?s=96&d=mm&r=g","url":"https:\/\/secure.gravatar.com\/avatar\/dbb38b2050e5181e32afbccf458635967af0767d15abe8168b35ebbd97907289?s=96&d=mm&r=g","contentUrl":"https:\/\/secure.gravatar.com\/avatar\/dbb38b2050e5181e32afbccf458635967af0767d15abe8168b35ebbd97907289?s=96&d=mm&r=g","caption":"Neto Angel Boss"},"sameAs":["http:\/\/www.angelboss.com"],"url":"https:\/\/angelboss.com.br\/en\/author\/netoangelboss\/"}]}},"amp_enabled":true,"_links":{"self":[{"href":"https:\/\/angelboss.com.br\/en\/wp-json\/wp\/v2\/posts\/14019","targetHints":{"allow":["GET"]}}],"collection":[{"href":"https:\/\/angelboss.com.br\/en\/wp-json\/wp\/v2\/posts"}],"about":[{"href":"https:\/\/angelboss.com.br\/en\/wp-json\/wp\/v2\/types\/post"}],"author":[{"embeddable":true,"href":"https:\/\/angelboss.com.br\/en\/wp-json\/wp\/v2\/users\/2"}],"replies":[{"embeddable":true,"href":"https:\/\/angelboss.com.br\/en\/wp-json\/wp\/v2\/comments?post=14019"}],"version-history":[{"count":1,"href":"https:\/\/angelboss.com.br\/en\/wp-json\/wp\/v2\/posts\/14019\/revisions"}],"predecessor-version":[{"id":14023,"href":"https:\/\/angelboss.com.br\/en\/wp-json\/wp\/v2\/posts\/14019\/revisions\/14023"}],"wp:featuredmedia":[{"embeddable":true,"href":"https:\/\/angelboss.com.br\/en\/wp-json\/wp\/v2\/media\/14021"}],"wp:attachment":[{"href":"https:\/\/angelboss.com.br\/en\/wp-json\/wp\/v2\/media?parent=14019"}],"wp:term":[{"taxonomy":"category","embeddable":true,"href":"https:\/\/angelboss.com.br\/en\/wp-json\/wp\/v2\/categories?post=14019"},{"taxonomy":"post_tag","embeddable":true,"href":"https:\/\/angelboss.com.br\/en\/wp-json\/wp\/v2\/tags?post=14019"}],"curies":[{"name":"wp","href":"https:\/\/api.w.org\/{rel}","templated":true}]}}