{"id":14002,"date":"2026-03-09T19:37:24","date_gmt":"2026-03-09T19:37:24","guid":{"rendered":"https:\/\/angelboss.com.br\/?p=14002"},"modified":"2026-03-09T19:41:27","modified_gmt":"2026-03-09T19:41:27","slug":"adidas-e-o-time-brasil-colecao-exclusiva-retro","status":"publish","type":"post","link":"https:\/\/angelboss.com.br\/en\/2026\/03\/09\/adidas-e-o-time-brasil-colecao-exclusiva-retro\/","title":{"rendered":"COM\u00a0INSPIRA\u00c7\u00c3O RETR\u00d4,\u00a0ADIDAS\u00a0E\u00a0COBLAN\u00c7AM COLE\u00c7\u00c3O\u00a0EXCLUSIVA\u00a0DO\u00a0TIME\u00a0BRASIL"},"content":{"rendered":"<p>COM\u00a0INSPIRA\u00c7\u00c3O RETR\u00d4,\u00a0ADIDAS\u00a0E\u00a0COBLAN\u00c7AM COLE\u00c7\u00c3O\u00a0EXCLUSIVA\u00a0DO\u00a0TIME\u00a0BRASIL<\/p>\n\n\n\n<p><\/p>\n\n\n\n<figure class=\"wp-block-table\"><table class=\"has-fixed-layout\"><tbody><tr><td><img decoding=\"async\" src=\"https:\/\/s2601.imxsnd20.com\/85QmO1UTN4UTO6InYu02bj5ycz9mYsV2ZuFGQsV2ZuF2b0Vmb6gjN0EjN2YzM2MjOn5GcukDOmhjZwUjMiZ2MlNmMiVTN3EGOlRjYyEGZygDM2YmYGJTJ2YmYGJTJ2AzM3IjRyUSMzEDNx8VL1ETLf9VLwITLfpTO\"><\/td><\/tr><\/tbody><\/table><\/figure>\n\n\n\n<p>A\u00a0adidas\u00a0e\u00a0o\u00a0Comit\u00ea Ol\u00edmpico\u00a0do\u00a0Brasil\u00a0(COB) apresentam a primeira cole\u00e7\u00e3o criada\u00a0exclusivamente para o\u00a0Time\u00a0Brasil. A nova linha foi desenvolvida para quem vive a paix\u00e3o pelo\u00a0esporte\u00a0e\u00a0carrega o orgulho nacional no dia a dia. Renovada\u00a0em 2025, ap\u00f3s quatro d\u00e9cadas\u00a0em que a marca das tr\u00eas listras vestiu o\u00a0COB\u00a0nos anos 80, a nova fase da parceria ganha seu primeiro lan\u00e7amento pensado\u00a0especialmente para o lifestyle, unindo as cores, s\u00edmbolos\u00a0e\u00a0a\u00a0ess\u00eancia da\u00a0brasilidade ao design ic\u00f4nico da marca.<\/p>\n\n\n\n<p>Diferentemente&nbsp;dos uniformes t\u00e9cnicos utilizados pelos atletas nas&nbsp;competi\u00e7\u00f5es, a cole\u00e7\u00e3o foi criada para f\u00e3s que vibram&nbsp;com&nbsp;cada conquista&nbsp;e&nbsp;querem vestir o verde&nbsp;e&nbsp;amarelo&nbsp;com&nbsp;autenticidade. As pe\u00e7as traduzem a&nbsp;energia&nbsp;do&nbsp;esporte&nbsp;brasileiro&nbsp;e&nbsp;a heran\u00e7a das tr\u00eas listras,&nbsp;combinando&nbsp;elementos ic\u00f4nicos&nbsp;do&nbsp;Time&nbsp;Brasil&nbsp;com&nbsp;o DNA cl\u00e1ssico de&nbsp;adidas&nbsp;Originals, unindo performance, cultura&nbsp;e&nbsp;lifestyle.<\/p>\n\n\n\n<p>A linha apresenta tr\u00eas modelos de camisas, dispon\u00edveis nas vers\u00f5es feminina&nbsp;e&nbsp;masculina: uma amarela&nbsp;com&nbsp;detalhes&nbsp;em verde&nbsp;e&nbsp;outra azul&nbsp;com&nbsp;detalhes&nbsp;em amarelo, ambas confeccionadas&nbsp;em poli\u00e9ster reciclado. A cole\u00e7\u00e3o tamb\u00e9m conta&nbsp;com&nbsp;uma op\u00e7\u00e3o branca,&nbsp;com&nbsp;grafismos&nbsp;em verde&nbsp;e&nbsp;amarelo, produzida&nbsp;em algod\u00e3o sustent\u00e1vel.<\/p>\n\n\n\n<p>Inspirada no uniforme de basquete de 1987, ano&nbsp;em que o&nbsp;Brasil&nbsp;conquistou de forma hist\u00f3rica o ouro na modalidade nos Jogos Pan-Americanos de Indian\u00e1polis, nos&nbsp;Estados Unidos, a camiseta amarela apresenta listras horizontais&nbsp;e&nbsp;detalhes&nbsp;em verde que ressaltam sua&nbsp;est\u00e9tica cl\u00e1ssica&nbsp;e&nbsp;trazem o visual retr\u00f4.<\/p>\n\n\n\n<p>J\u00e1 o modelo azul traz refer\u00eancias ao uniforme usado pela lend\u00e1ria gera\u00e7\u00e3o&nbsp;do&nbsp;v\u00f4lei nos Jogos de Los Angeles 1984, quando o&nbsp;Brasil&nbsp;conquistou sua primeira medalha ol\u00edmpica na modalidade,&nbsp;apostando&nbsp;em um design minimalista, destacando as mangas&nbsp;com&nbsp;listras&nbsp;em amarelo vibrante que refor\u00e7am o contraste&nbsp;e&nbsp;a identidade&nbsp;esportiva.&nbsp;Complementando a cole\u00e7\u00e3o, a camiseta branca&nbsp;combina conforto&nbsp;e&nbsp;estilo&nbsp;com&nbsp;um gr\u00e1fico geom\u00e9trico&nbsp;em verde&nbsp;e&nbsp;amarelo aplicado no peito, trazendo um toque contempor\u00e2neo ao visual. Todas as pe\u00e7as contam ainda&nbsp;com&nbsp;o patch oficial&nbsp;do&nbsp;Time&nbsp;Brasil&nbsp;aplicado na barra,&nbsp;elemento que refor\u00e7a a autenticidade&nbsp;e&nbsp;a conex\u00e3o&nbsp;com&nbsp;o&nbsp;esporte nacional. O resultado \u00e9 uma cole\u00e7\u00e3o que transforma o&nbsp;esp\u00edrito&nbsp;do&nbsp;p\u00f3dio&nbsp;em&nbsp;express\u00e3o cultural, levando o sentimento ol\u00edmpico para al\u00e9m das arenas&nbsp;esportivas.<br>\u201cO&nbsp;Time&nbsp;Brasil&nbsp;simboliza&nbsp;excel\u00eancia, diversidade&nbsp;e&nbsp;a for\u00e7a&nbsp;do&nbsp;esporte nacional.&nbsp;Esta cole\u00e7\u00e3o nasce justamente dessa inspira\u00e7\u00e3o: aproximar ainda mais as pessoas&nbsp;do&nbsp;universo&nbsp;esportivo, levando para o dia a dia pe\u00e7as que celebram nossas cores, nossos s\u00edmbolos&nbsp;e&nbsp;o&nbsp;estilo \u00fanico&nbsp;do&nbsp;brasileiro.&nbsp;Como uma marca de&nbsp;esporte&nbsp;e&nbsp;da cultura que nasce dele, temos orgulho de fortalecer nossa parceria&nbsp;com&nbsp;o&nbsp;Time&nbsp;Brasil&nbsp;e, ao mesmo tempo, usar o poder de&nbsp;adidas&nbsp;Originals para transformar&nbsp;essa&nbsp;energia&nbsp;em produtos que podem ser utilizados&nbsp;em qualquer ocasi\u00e3o\u201d, afirma Andr\u00e9 Svartman, diretor s\u00eanior de Marketing da&nbsp;adidas&nbsp;Brasil.<\/p>\n\n\n\n<p>Para o&nbsp;COB, a iniciativa refor\u00e7a o movimento de ampliar o alcance da marca&nbsp;Time&nbsp;Brasil&nbsp;e&nbsp;fortalecer o v\u00ednculo&nbsp;com&nbsp;os f\u00e3s. \u201cA parceria&nbsp;entre&nbsp;COB&nbsp;e&nbsp;adidas&nbsp;atinge um novo patamar&nbsp;com&nbsp;esta cole\u00e7\u00e3o, que \u00e9 um verdadeiro presente para os apaixonados por&nbsp;esporte. Ao unirmos a&nbsp;expertise global&nbsp;e&nbsp;o design ic\u00f4nico da&nbsp;adidas&nbsp;\u00e0 alma&nbsp;do&nbsp;Time&nbsp;Brasil,&nbsp;estamos permitindo que o f\u00e3 n\u00e3o apenas assista \u00e0s&nbsp;competi\u00e7\u00f5es, mas vista&nbsp;essa hist\u00f3ria.&nbsp;Essa cole\u00e7\u00e3o \u00e9 uma&nbsp;etapa&nbsp;estrat\u00e9gica para fortalecer nossa marca&nbsp;e&nbsp;nutrir o orgulho nacional todos os dias, consolidando o&nbsp;esporte&nbsp;como um pilar central da nossa cultura&nbsp;e&nbsp;estilo de vida\u201d,&nbsp;comenta Manoela Penna, diretora de&nbsp;Comunica\u00e7\u00e3o, Marketing&nbsp;e&nbsp;Valores Ol\u00edmpicos&nbsp;do&nbsp;COB.<\/p>\n\n\n\n<p>A cole\u00e7\u00e3o&nbsp;adidas&nbsp;x&nbsp;Time&nbsp;Brasil&nbsp;estar\u00e1 dispon\u00edvel a partir&nbsp;do&nbsp;dia 05 de mar\u00e7o, nas lojas f\u00edsicas da&nbsp;adidas, no&nbsp;e-commerce da marca&nbsp;e&nbsp;em parceiros selecionados<\/p>\n\n\n\n<figure class=\"wp-block-image size-large\"><img fetchpriority=\"high\" decoding=\"async\" width=\"1024\" height=\"768\" src=\"https:\/\/angelboss.com.br\/wp-content\/uploads\/2026\/03\/2025_12_08_ADIDAS_TIMEBRASIL_GERAL_CHURRASQUEIRA_KV_1689_pl_FINAL_v1-1024x768.webp\" alt=\"\" class=\"wp-image-14006\" srcset=\"https:\/\/angelboss.com.br\/wp-content\/uploads\/2026\/03\/2025_12_08_ADIDAS_TIMEBRASIL_GERAL_CHURRASQUEIRA_KV_1689_pl_FINAL_v1-1024x768.webp 1024w, https:\/\/angelboss.com.br\/wp-content\/uploads\/2026\/03\/2025_12_08_ADIDAS_TIMEBRASIL_GERAL_CHURRASQUEIRA_KV_1689_pl_FINAL_v1-300x225.webp 300w, https:\/\/angelboss.com.br\/wp-content\/uploads\/2026\/03\/2025_12_08_ADIDAS_TIMEBRASIL_GERAL_CHURRASQUEIRA_KV_1689_pl_FINAL_v1-768x576.webp 768w, https:\/\/angelboss.com.br\/wp-content\/uploads\/2026\/03\/2025_12_08_ADIDAS_TIMEBRASIL_GERAL_CHURRASQUEIRA_KV_1689_pl_FINAL_v1-1536x1152.webp 1536w, https:\/\/angelboss.com.br\/wp-content\/uploads\/2026\/03\/2025_12_08_ADIDAS_TIMEBRASIL_GERAL_CHURRASQUEIRA_KV_1689_pl_FINAL_v1-2048x1536.webp 2048w, https:\/\/angelboss.com.br\/wp-content\/uploads\/2026\/03\/2025_12_08_ADIDAS_TIMEBRASIL_GERAL_CHURRASQUEIRA_KV_1689_pl_FINAL_v1-16x12.webp 16w, https:\/\/angelboss.com.br\/wp-content\/uploads\/2026\/03\/2025_12_08_ADIDAS_TIMEBRASIL_GERAL_CHURRASQUEIRA_KV_1689_pl_FINAL_v1-150x112.webp 150w, https:\/\/angelboss.com.br\/wp-content\/uploads\/2026\/03\/2025_12_08_ADIDAS_TIMEBRASIL_GERAL_CHURRASQUEIRA_KV_1689_pl_FINAL_v1-450x337.webp 450w, https:\/\/angelboss.com.br\/wp-content\/uploads\/2026\/03\/2025_12_08_ADIDAS_TIMEBRASIL_GERAL_CHURRASQUEIRA_KV_1689_pl_FINAL_v1-1200x900.webp 1200w, https:\/\/angelboss.com.br\/wp-content\/uploads\/2026\/03\/2025_12_08_ADIDAS_TIMEBRASIL_GERAL_CHURRASQUEIRA_KV_1689_pl_FINAL_v1-195x146.webp 195w\" sizes=\"(max-width: 1024px) 100vw, 1024px\" \/><\/figure>\n\n\n\n<p><\/p>","protected":false},"excerpt":{"rendered":"<p>COM\u00a0INSPIRA\u00c7\u00c3O RETR\u00d4,\u00a0ADIDAS\u00a0E\u00a0COBLAN\u00c7AM COLE\u00c7\u00c3O\u00a0EXCLUSIVA\u00a0DO\u00a0TIME\u00a0BRASIL A\u00a0adidas\u00a0e\u00a0o\u00a0Comit\u00ea Ol\u00edmpico\u00a0do\u00a0Brasil\u00a0(COB) apresentam a primeira cole\u00e7\u00e3o criada\u00a0exclusivamente para o\u00a0Time\u00a0Brasil. A nova linha foi desenvolvida para quem vive a paix\u00e3o pelo\u00a0esporte\u00a0e\u00a0carrega o orgulho nacional no dia a dia. Renovada\u00a0em 2025, ap\u00f3s quatro d\u00e9cadas\u00a0em que a marca das tr\u00eas listras vestiu o\u00a0COB\u00a0nos anos 80, a nova fase da parceria ganha seu primeiro lan\u00e7amento pensado\u00a0especialmente<\/p>","protected":false},"author":2,"featured_media":14005,"comment_status":"open","ping_status":"open","sticky":false,"template":"","format":"standard","meta":{"footnotes":""},"categories":[168,609],"tags":[1659,1660,624],"class_list":{"0":"post-14002","1":"post","2":"type-post","3":"status-publish","4":"format-standard","5":"has-post-thumbnail","7":"category-eai-bora-nessa","8":"category-moda","9":"tag-adidas","10":"tag-collecao-retro-2026","11":"tag-time-brasil"},"yoast_head":"<!-- This site is optimized with the Yoast SEO plugin v27.4 - https:\/\/yoast.com\/product\/yoast-seo-wordpress\/ -->\n<title>adidas e o Time Brasil: Lan\u00e7amento da Cole\u00e7\u00e3o Retr\u00f4 2026<\/title>\n<meta name=\"description\" content=\"Conhe\u00e7a a nova cole\u00e7\u00e3o da adidas e o Time Brasil. Pe\u00e7as com inspira\u00e7\u00e3o retr\u00f4 que unem a paix\u00e3o ol\u00edmpica ao lifestyle urbano. Confira os modelos e onde comprar!\" \/>\n<meta name=\"robots\" content=\"index, follow, max-snippet:-1, max-image-preview:large, max-video-preview:-1\" \/>\n<link rel=\"canonical\" href=\"http:\/\/angelboss.com.br\/en\/2026\/03\/09\/adidas-e-o-time-brasil-colecao-exclusiva-retro\/\" \/>\n<meta property=\"og:locale\" content=\"en_US\" \/>\n<meta property=\"og:type\" content=\"article\" \/>\n<meta property=\"og:title\" content=\"adidas e o Time Brasil: Lan\u00e7amento da Cole\u00e7\u00e3o Retr\u00f4 2026\" \/>\n<meta property=\"og:description\" content=\"Conhe\u00e7a a nova cole\u00e7\u00e3o da adidas e o Time Brasil. Pe\u00e7as com inspira\u00e7\u00e3o retr\u00f4 que unem a paix\u00e3o ol\u00edmpica ao lifestyle urbano. Confira os modelos e onde comprar!\" \/>\n<meta property=\"og:url\" content=\"http:\/\/angelboss.com.br\/en\/2026\/03\/09\/adidas-e-o-time-brasil-colecao-exclusiva-retro\/\" \/>\n<meta property=\"og:site_name\" content=\"Portal Masculino de Moda, Beleza, Luxo and Business - Angel Boss\" \/>\n<meta property=\"article:published_time\" content=\"2026-03-09T19:37:24+00:00\" \/>\n<meta property=\"article:modified_time\" content=\"2026-03-09T19:41:27+00:00\" \/>\n<meta property=\"og:image\" content=\"http:\/\/angelboss.com.br\/wp-content\/uploads\/2026\/03\/thumbnail.jpg\" \/>\n\t<meta property=\"og:image:width\" content=\"1653\" \/>\n\t<meta property=\"og:image:height\" content=\"2204\" \/>\n\t<meta property=\"og:image:type\" content=\"image\/jpeg\" \/>\n<meta name=\"author\" content=\"Neto Angel Boss\" \/>\n<meta name=\"twitter:card\" content=\"summary_large_image\" \/>\n<meta name=\"twitter:label1\" content=\"Written by\" \/>\n\t<meta name=\"twitter:data1\" content=\"Neto Angel Boss\" \/>\n\t<meta name=\"twitter:label2\" content=\"Est. reading time\" \/>\n\t<meta name=\"twitter:data2\" content=\"5 minutes\" \/>\n<script type=\"application\/ld+json\" class=\"yoast-schema-graph\">{\"@context\":\"https:\\\/\\\/schema.org\",\"@graph\":[{\"@type\":\"Article\",\"@id\":\"http:\\\/\\\/angelboss.com.br\\\/2026\\\/03\\\/09\\\/adidas-e-o-time-brasil-colecao-exclusiva-retro\\\/#article\",\"isPartOf\":{\"@id\":\"http:\\\/\\\/angelboss.com.br\\\/2026\\\/03\\\/09\\\/adidas-e-o-time-brasil-colecao-exclusiva-retro\\\/\"},\"author\":{\"name\":\"Neto Angel Boss\",\"@id\":\"http:\\\/\\\/angelboss.com.br\\\/#\\\/schema\\\/person\\\/af084936b46cf2e03f299183e429e350\"},\"headline\":\"COM\u00a0INSPIRA\u00c7\u00c3O RETR\u00d4,\u00a0ADIDAS\u00a0E\u00a0COBLAN\u00c7AM COLE\u00c7\u00c3O\u00a0EXCLUSIVA\u00a0DO\u00a0TIME\u00a0BRASIL\",\"datePublished\":\"2026-03-09T19:37:24+00:00\",\"dateModified\":\"2026-03-09T19:41:27+00:00\",\"mainEntityOfPage\":{\"@id\":\"http:\\\/\\\/angelboss.com.br\\\/2026\\\/03\\\/09\\\/adidas-e-o-time-brasil-colecao-exclusiva-retro\\\/\"},\"wordCount\":895,\"commentCount\":0,\"publisher\":{\"@id\":\"http:\\\/\\\/angelboss.com.br\\\/#organization\"},\"image\":{\"@id\":\"http:\\\/\\\/angelboss.com.br\\\/2026\\\/03\\\/09\\\/adidas-e-o-time-brasil-colecao-exclusiva-retro\\\/#primaryimage\"},\"thumbnailUrl\":\"https:\\\/\\\/angelboss.com.br\\\/wp-content\\\/uploads\\\/2026\\\/03\\\/thumbnail.jpg\",\"keywords\":[\"Adidas\",\"Colle\u00e7\u00e3o Retr\u00f4 2026\",\"time brasil\"],\"articleSection\":[\"EA\u00cd, BORA NESSA?\",\"MODA\"],\"inLanguage\":\"en-US\",\"potentialAction\":[{\"@type\":\"CommentAction\",\"name\":\"Comment\",\"target\":[\"http:\\\/\\\/angelboss.com.br\\\/2026\\\/03\\\/09\\\/adidas-e-o-time-brasil-colecao-exclusiva-retro\\\/#respond\"]}]},{\"@type\":\"WebPage\",\"@id\":\"http:\\\/\\\/angelboss.com.br\\\/2026\\\/03\\\/09\\\/adidas-e-o-time-brasil-colecao-exclusiva-retro\\\/\",\"url\":\"http:\\\/\\\/angelboss.com.br\\\/2026\\\/03\\\/09\\\/adidas-e-o-time-brasil-colecao-exclusiva-retro\\\/\",\"name\":\"adidas e o Time Brasil: Lan\u00e7amento da Cole\u00e7\u00e3o Retr\u00f4 2026\",\"isPartOf\":{\"@id\":\"http:\\\/\\\/angelboss.com.br\\\/#website\"},\"primaryImageOfPage\":{\"@id\":\"http:\\\/\\\/angelboss.com.br\\\/2026\\\/03\\\/09\\\/adidas-e-o-time-brasil-colecao-exclusiva-retro\\\/#primaryimage\"},\"image\":{\"@id\":\"http:\\\/\\\/angelboss.com.br\\\/2026\\\/03\\\/09\\\/adidas-e-o-time-brasil-colecao-exclusiva-retro\\\/#primaryimage\"},\"thumbnailUrl\":\"https:\\\/\\\/angelboss.com.br\\\/wp-content\\\/uploads\\\/2026\\\/03\\\/thumbnail.jpg\",\"datePublished\":\"2026-03-09T19:37:24+00:00\",\"dateModified\":\"2026-03-09T19:41:27+00:00\",\"description\":\"Conhe\u00e7a a nova cole\u00e7\u00e3o da adidas e o Time Brasil. Pe\u00e7as com inspira\u00e7\u00e3o retr\u00f4 que unem a paix\u00e3o ol\u00edmpica ao lifestyle urbano. Confira os modelos e onde comprar!\",\"breadcrumb\":{\"@id\":\"http:\\\/\\\/angelboss.com.br\\\/2026\\\/03\\\/09\\\/adidas-e-o-time-brasil-colecao-exclusiva-retro\\\/#breadcrumb\"},\"inLanguage\":\"en-US\",\"potentialAction\":[{\"@type\":\"ReadAction\",\"target\":[\"http:\\\/\\\/angelboss.com.br\\\/2026\\\/03\\\/09\\\/adidas-e-o-time-brasil-colecao-exclusiva-retro\\\/\"]}]},{\"@type\":\"ImageObject\",\"inLanguage\":\"en-US\",\"@id\":\"http:\\\/\\\/angelboss.com.br\\\/2026\\\/03\\\/09\\\/adidas-e-o-time-brasil-colecao-exclusiva-retro\\\/#primaryimage\",\"url\":\"https:\\\/\\\/angelboss.com.br\\\/wp-content\\\/uploads\\\/2026\\\/03\\\/thumbnail.jpg\",\"contentUrl\":\"https:\\\/\\\/angelboss.com.br\\\/wp-content\\\/uploads\\\/2026\\\/03\\\/thumbnail.jpg\",\"width\":1653,\"height\":2204,\"caption\":\"Imagem\\\/Divulga\u00e7\u00e3o\"},{\"@type\":\"BreadcrumbList\",\"@id\":\"http:\\\/\\\/angelboss.com.br\\\/2026\\\/03\\\/09\\\/adidas-e-o-time-brasil-colecao-exclusiva-retro\\\/#breadcrumb\",\"itemListElement\":[{\"@type\":\"ListItem\",\"position\":1,\"name\":\"In\u00edcio\",\"item\":\"http:\\\/\\\/angelboss.com.br\\\/\"},{\"@type\":\"ListItem\",\"position\":2,\"name\":\"COM\u00a0INSPIRA\u00c7\u00c3O RETR\u00d4,\u00a0ADIDAS\u00a0E\u00a0COBLAN\u00c7AM COLE\u00c7\u00c3O\u00a0EXCLUSIVA\u00a0DO\u00a0TIME\u00a0BRASIL\"}]},{\"@type\":\"WebSite\",\"@id\":\"http:\\\/\\\/angelboss.com.br\\\/#website\",\"url\":\"http:\\\/\\\/angelboss.com.br\\\/\",\"name\":\"Portal Masculino de Moda, Beleza, Luxo e Business - Angel Boss\",\"description\":\"O Maior Portal sobre Moda, Luxo, Beleza e Business Masculino do Brasil\",\"publisher\":{\"@id\":\"http:\\\/\\\/angelboss.com.br\\\/#organization\"},\"alternateName\":\"Maior Portal e Blog de Beleza Masculina e Luxo\",\"potentialAction\":[{\"@type\":\"SearchAction\",\"target\":{\"@type\":\"EntryPoint\",\"urlTemplate\":\"http:\\\/\\\/angelboss.com.br\\\/?s={search_term_string}\"},\"query-input\":{\"@type\":\"PropertyValueSpecification\",\"valueRequired\":true,\"valueName\":\"search_term_string\"}}],\"inLanguage\":\"en-US\"},{\"@type\":\"Organization\",\"@id\":\"http:\\\/\\\/angelboss.com.br\\\/#organization\",\"name\":\"Portal Masculino de Moda, Beleza, Luxo and Business - Angel Boss\",\"url\":\"http:\\\/\\\/angelboss.com.br\\\/\",\"logo\":{\"@type\":\"ImageObject\",\"inLanguage\":\"en-US\",\"@id\":\"http:\\\/\\\/angelboss.com.br\\\/#\\\/schema\\\/logo\\\/image\\\/\",\"url\":\"http:\\\/\\\/angelboss.com.br\\\/wp-content\\\/uploads\\\/2025\\\/12\\\/WhatsApp-Image-2025-12-11-at-12.54.26.jpeg\",\"contentUrl\":\"http:\\\/\\\/angelboss.com.br\\\/wp-content\\\/uploads\\\/2025\\\/12\\\/WhatsApp-Image-2025-12-11-at-12.54.26.jpeg\",\"width\":1280,\"height\":1280,\"caption\":\"Portal Masculino de Moda, Beleza, Luxo and Business - Angel Boss\"},\"image\":{\"@id\":\"http:\\\/\\\/angelboss.com.br\\\/#\\\/schema\\\/logo\\\/image\\\/\"}},{\"@type\":\"Person\",\"@id\":\"http:\\\/\\\/angelboss.com.br\\\/#\\\/schema\\\/person\\\/af084936b46cf2e03f299183e429e350\",\"name\":\"Neto Angel Boss\",\"image\":{\"@type\":\"ImageObject\",\"inLanguage\":\"en-US\",\"@id\":\"https:\\\/\\\/secure.gravatar.com\\\/avatar\\\/dbb38b2050e5181e32afbccf458635967af0767d15abe8168b35ebbd97907289?s=96&d=mm&r=g\",\"url\":\"https:\\\/\\\/secure.gravatar.com\\\/avatar\\\/dbb38b2050e5181e32afbccf458635967af0767d15abe8168b35ebbd97907289?s=96&d=mm&r=g\",\"contentUrl\":\"https:\\\/\\\/secure.gravatar.com\\\/avatar\\\/dbb38b2050e5181e32afbccf458635967af0767d15abe8168b35ebbd97907289?s=96&d=mm&r=g\",\"caption\":\"Neto Angel Boss\"},\"sameAs\":[\"http:\\\/\\\/www.angelboss.com\"],\"url\":\"https:\\\/\\\/angelboss.com.br\\\/en\\\/author\\\/netoangelboss\\\/\"}]}<\/script>\n<!-- \/ Yoast SEO plugin. -->","yoast_head_json":{"title":"adidas e o Time Brasil: Lan\u00e7amento da Cole\u00e7\u00e3o Retr\u00f4 2026","description":"Conhe\u00e7a a nova cole\u00e7\u00e3o da adidas e o Time Brasil. Pe\u00e7as com inspira\u00e7\u00e3o retr\u00f4 que unem a paix\u00e3o ol\u00edmpica ao lifestyle urbano. Confira os modelos e onde comprar!","robots":{"index":"index","follow":"follow","max-snippet":"max-snippet:-1","max-image-preview":"max-image-preview:large","max-video-preview":"max-video-preview:-1"},"canonical":"http:\/\/angelboss.com.br\/en\/2026\/03\/09\/adidas-e-o-time-brasil-colecao-exclusiva-retro\/","og_locale":"en_US","og_type":"article","og_title":"adidas e o Time Brasil: Lan\u00e7amento da Cole\u00e7\u00e3o Retr\u00f4 2026","og_description":"Conhe\u00e7a a nova cole\u00e7\u00e3o da adidas e o Time Brasil. Pe\u00e7as com inspira\u00e7\u00e3o retr\u00f4 que unem a paix\u00e3o ol\u00edmpica ao lifestyle urbano. Confira os modelos e onde comprar!","og_url":"http:\/\/angelboss.com.br\/en\/2026\/03\/09\/adidas-e-o-time-brasil-colecao-exclusiva-retro\/","og_site_name":"Portal Masculino de Moda, Beleza, Luxo and Business - Angel Boss","article_published_time":"2026-03-09T19:37:24+00:00","article_modified_time":"2026-03-09T19:41:27+00:00","og_image":[{"width":1653,"height":2204,"url":"http:\/\/angelboss.com.br\/wp-content\/uploads\/2026\/03\/thumbnail.jpg","type":"image\/jpeg"}],"author":"Neto Angel Boss","twitter_card":"summary_large_image","twitter_misc":{"Written by":"Neto Angel Boss","Est. reading time":"5 minutes"},"schema":{"@context":"https:\/\/schema.org","@graph":[{"@type":"Article","@id":"http:\/\/angelboss.com.br\/2026\/03\/09\/adidas-e-o-time-brasil-colecao-exclusiva-retro\/#article","isPartOf":{"@id":"http:\/\/angelboss.com.br\/2026\/03\/09\/adidas-e-o-time-brasil-colecao-exclusiva-retro\/"},"author":{"name":"Neto Angel Boss","@id":"http:\/\/angelboss.com.br\/#\/schema\/person\/af084936b46cf2e03f299183e429e350"},"headline":"COM\u00a0INSPIRA\u00c7\u00c3O RETR\u00d4,\u00a0ADIDAS\u00a0E\u00a0COBLAN\u00c7AM COLE\u00c7\u00c3O\u00a0EXCLUSIVA\u00a0DO\u00a0TIME\u00a0BRASIL","datePublished":"2026-03-09T19:37:24+00:00","dateModified":"2026-03-09T19:41:27+00:00","mainEntityOfPage":{"@id":"http:\/\/angelboss.com.br\/2026\/03\/09\/adidas-e-o-time-brasil-colecao-exclusiva-retro\/"},"wordCount":895,"commentCount":0,"publisher":{"@id":"http:\/\/angelboss.com.br\/#organization"},"image":{"@id":"http:\/\/angelboss.com.br\/2026\/03\/09\/adidas-e-o-time-brasil-colecao-exclusiva-retro\/#primaryimage"},"thumbnailUrl":"https:\/\/angelboss.com.br\/wp-content\/uploads\/2026\/03\/thumbnail.jpg","keywords":["Adidas","Colle\u00e7\u00e3o Retr\u00f4 2026","time brasil"],"articleSection":["EA\u00cd, BORA NESSA?","MODA"],"inLanguage":"en-US","potentialAction":[{"@type":"CommentAction","name":"Comment","target":["http:\/\/angelboss.com.br\/2026\/03\/09\/adidas-e-o-time-brasil-colecao-exclusiva-retro\/#respond"]}]},{"@type":"WebPage","@id":"http:\/\/angelboss.com.br\/2026\/03\/09\/adidas-e-o-time-brasil-colecao-exclusiva-retro\/","url":"http:\/\/angelboss.com.br\/2026\/03\/09\/adidas-e-o-time-brasil-colecao-exclusiva-retro\/","name":"adidas e o Time Brasil: Lan\u00e7amento da Cole\u00e7\u00e3o Retr\u00f4 2026","isPartOf":{"@id":"http:\/\/angelboss.com.br\/#website"},"primaryImageOfPage":{"@id":"http:\/\/angelboss.com.br\/2026\/03\/09\/adidas-e-o-time-brasil-colecao-exclusiva-retro\/#primaryimage"},"image":{"@id":"http:\/\/angelboss.com.br\/2026\/03\/09\/adidas-e-o-time-brasil-colecao-exclusiva-retro\/#primaryimage"},"thumbnailUrl":"https:\/\/angelboss.com.br\/wp-content\/uploads\/2026\/03\/thumbnail.jpg","datePublished":"2026-03-09T19:37:24+00:00","dateModified":"2026-03-09T19:41:27+00:00","description":"Conhe\u00e7a a nova cole\u00e7\u00e3o da adidas e o Time Brasil. Pe\u00e7as com inspira\u00e7\u00e3o retr\u00f4 que unem a paix\u00e3o ol\u00edmpica ao lifestyle urbano. Confira os modelos e onde comprar!","breadcrumb":{"@id":"http:\/\/angelboss.com.br\/2026\/03\/09\/adidas-e-o-time-brasil-colecao-exclusiva-retro\/#breadcrumb"},"inLanguage":"en-US","potentialAction":[{"@type":"ReadAction","target":["http:\/\/angelboss.com.br\/2026\/03\/09\/adidas-e-o-time-brasil-colecao-exclusiva-retro\/"]}]},{"@type":"ImageObject","inLanguage":"en-US","@id":"http:\/\/angelboss.com.br\/2026\/03\/09\/adidas-e-o-time-brasil-colecao-exclusiva-retro\/#primaryimage","url":"https:\/\/angelboss.com.br\/wp-content\/uploads\/2026\/03\/thumbnail.jpg","contentUrl":"https:\/\/angelboss.com.br\/wp-content\/uploads\/2026\/03\/thumbnail.jpg","width":1653,"height":2204,"caption":"Imagem\/Divulga\u00e7\u00e3o"},{"@type":"BreadcrumbList","@id":"http:\/\/angelboss.com.br\/2026\/03\/09\/adidas-e-o-time-brasil-colecao-exclusiva-retro\/#breadcrumb","itemListElement":[{"@type":"ListItem","position":1,"name":"In\u00edcio","item":"http:\/\/angelboss.com.br\/"},{"@type":"ListItem","position":2,"name":"COM\u00a0INSPIRA\u00c7\u00c3O RETR\u00d4,\u00a0ADIDAS\u00a0E\u00a0COBLAN\u00c7AM COLE\u00c7\u00c3O\u00a0EXCLUSIVA\u00a0DO\u00a0TIME\u00a0BRASIL"}]},{"@type":"WebSite","@id":"http:\/\/angelboss.com.br\/#website","url":"http:\/\/angelboss.com.br\/","name":"Portal Masculino de Moda, Beleza, Luxo e Business - Angel Boss","description":"O Maior Portal sobre Moda, Luxo, Beleza e Business Masculino do Brasil","publisher":{"@id":"http:\/\/angelboss.com.br\/#organization"},"alternateName":"Maior Portal e Blog de Beleza Masculina e Luxo","potentialAction":[{"@type":"SearchAction","target":{"@type":"EntryPoint","urlTemplate":"http:\/\/angelboss.com.br\/?s={search_term_string}"},"query-input":{"@type":"PropertyValueSpecification","valueRequired":true,"valueName":"search_term_string"}}],"inLanguage":"en-US"},{"@type":"Organization","@id":"http:\/\/angelboss.com.br\/#organization","name":"Portal Masculino de Moda, Beleza, Luxo and Business - Angel Boss","url":"http:\/\/angelboss.com.br\/","logo":{"@type":"ImageObject","inLanguage":"en-US","@id":"http:\/\/angelboss.com.br\/#\/schema\/logo\/image\/","url":"http:\/\/angelboss.com.br\/wp-content\/uploads\/2025\/12\/WhatsApp-Image-2025-12-11-at-12.54.26.jpeg","contentUrl":"http:\/\/angelboss.com.br\/wp-content\/uploads\/2025\/12\/WhatsApp-Image-2025-12-11-at-12.54.26.jpeg","width":1280,"height":1280,"caption":"Portal Masculino de Moda, Beleza, Luxo and Business - Angel Boss"},"image":{"@id":"http:\/\/angelboss.com.br\/#\/schema\/logo\/image\/"}},{"@type":"Person","@id":"http:\/\/angelboss.com.br\/#\/schema\/person\/af084936b46cf2e03f299183e429e350","name":"Neto Angel Boss","image":{"@type":"ImageObject","inLanguage":"en-US","@id":"https:\/\/secure.gravatar.com\/avatar\/dbb38b2050e5181e32afbccf458635967af0767d15abe8168b35ebbd97907289?s=96&d=mm&r=g","url":"https:\/\/secure.gravatar.com\/avatar\/dbb38b2050e5181e32afbccf458635967af0767d15abe8168b35ebbd97907289?s=96&d=mm&r=g","contentUrl":"https:\/\/secure.gravatar.com\/avatar\/dbb38b2050e5181e32afbccf458635967af0767d15abe8168b35ebbd97907289?s=96&d=mm&r=g","caption":"Neto Angel Boss"},"sameAs":["http:\/\/www.angelboss.com"],"url":"https:\/\/angelboss.com.br\/en\/author\/netoangelboss\/"}]}},"amp_enabled":true,"_links":{"self":[{"href":"https:\/\/angelboss.com.br\/en\/wp-json\/wp\/v2\/posts\/14002","targetHints":{"allow":["GET"]}}],"collection":[{"href":"https:\/\/angelboss.com.br\/en\/wp-json\/wp\/v2\/posts"}],"about":[{"href":"https:\/\/angelboss.com.br\/en\/wp-json\/wp\/v2\/types\/post"}],"author":[{"embeddable":true,"href":"https:\/\/angelboss.com.br\/en\/wp-json\/wp\/v2\/users\/2"}],"replies":[{"embeddable":true,"href":"https:\/\/angelboss.com.br\/en\/wp-json\/wp\/v2\/comments?post=14002"}],"version-history":[{"count":2,"href":"https:\/\/angelboss.com.br\/en\/wp-json\/wp\/v2\/posts\/14002\/revisions"}],"predecessor-version":[{"id":14011,"href":"https:\/\/angelboss.com.br\/en\/wp-json\/wp\/v2\/posts\/14002\/revisions\/14011"}],"wp:featuredmedia":[{"embeddable":true,"href":"https:\/\/angelboss.com.br\/en\/wp-json\/wp\/v2\/media\/14005"}],"wp:attachment":[{"href":"https:\/\/angelboss.com.br\/en\/wp-json\/wp\/v2\/media?parent=14002"}],"wp:term":[{"taxonomy":"category","embeddable":true,"href":"https:\/\/angelboss.com.br\/en\/wp-json\/wp\/v2\/categories?post=14002"},{"taxonomy":"post_tag","embeddable":true,"href":"https:\/\/angelboss.com.br\/en\/wp-json\/wp\/v2\/tags?post=14002"}],"curies":[{"name":"wp","href":"https:\/\/api.w.org\/{rel}","templated":true}]}}