{"id":13663,"date":"2026-03-05T00:00:00","date_gmt":"2026-03-05T00:00:00","guid":{"rendered":"https:\/\/angelboss.com.br\/2026\/03\/05\/328143-unicharm-group-divulga-iniciativas-mundiais-em-conjunto-com-dia-internacional-da-mulher-em-8-de-marco\/"},"modified":"2026-03-05T00:00:00","modified_gmt":"2026-03-05T00:00:00","slug":"328143-unicharm-group-divulga-iniciativas-mundiais-em-conjunto-com-dia-internacional-da-mulher-em-8-de-marco","status":"publish","type":"post","link":"https:\/\/angelboss.com.br\/en\/2026\/03\/05\/328143-unicharm-group-divulga-iniciativas-mundiais-em-conjunto-com-dia-internacional-da-mulher-em-8-de-marco\/","title":{"rendered":"Unicharm Group divulga iniciativas mundiais em conjunto com Dia Internacional da Mulher, em 8 de mar\u00e7o"},"content":{"rendered":"<p xmlns=\"http:\/\/www.w3.org\/1999\/xhtml\">\nA Unicharm Corporation (T\u00d3QUIO: 8113) vem acelerando suas opera\u00e7\u00f5es comerciais para reduzir a desigualdade de g\u00eanero em todo o mundo, enquanto promove o crescimento econ\u00f4mico sustent\u00e1vel, alinhado&agrave;ess\u00eancia de sua marca corporativa: &#8220;Love Your Possibilities&#8221; (Ame Suas Possibilidades). Em comemora\u00e7\u00e3o ao Dia Internacional da Mulher, em 8 de mar\u00e7o, a empresa vai al\u00e9m da simples conscientiza\u00e7\u00e3o, abordando tamb\u00e9m restri\u00e7\u00f5es fisiol\u00f3gicas, como a menstrua\u00e7\u00e3o, como &#8220;desafios sociais estruturais&#8221;. A Unicharm sente orgulho de anunciar suas mais recentes iniciativas para apoiar a educa\u00e7\u00e3o e o emprego de mulheres mediante o fornecimento de produtos e programas educacionais no Brasil, Indon\u00e9sia e Qu\u00eania, um mercado no qual a empresa est\u00e1 expandindo de modo intenso.<\/p>\n<p id=\"news-body-cta\" xmlns=\"http:\/\/www.w3.org\/1999\/xhtml\">Este comunicado de imprensa inclui multim\u00e9dia. Veja o comunicado completo aqui: <a href=\"https:\/\/www.businesswire.com\/news\/home\/20260305778488\/pt\/\" rel=\"follow\" target=\"_blank\">https:\/\/www.businesswire.com\/news\/home\/20260305778488\/pt\/<\/a><\/p>\n<div id=\"bwbodyimg\" style=\"width: 480px; float:left; padding-left:0px; padding-right:20px; padding-top:0px; padding-bottom:0px;\" xmlns=\"http:\/\/www.w3.org\/1999\/xhtml\"><img decoding=\"async\" src=\"https:\/\/mms.businesswire.com\/media\/20260305778488\/pt\/2738842\/4\/Unicharm-Brazil-new.jpg\" alt=\"Sanitary napkins scheduled for launch in Brazil\"><\/p>\n<p style=\"font-size:85%;\">Sanitary napkins scheduled for launch in Brazil<\/p>\n<\/div>\n<p xmlns=\"http:\/\/www.w3.org\/1999\/xhtml\"><b>Iniciativas regionais do Unicharm Group<br \/>\n<br \/><\/b><b>1. [Brasil] Lan\u00e7amento em larga escala do &#8220;SOFY&#8221; para apoiar o aumento da participa\u00e7\u00e3o feminina no mercado de trabalho<br \/>\n<br \/><\/b>A Unicharm ir\u00e1 lan\u00e7ar sua marca de absorventes higi\u00eanicos &#8216;SOFY&#8217; no mercado brasileiro, onde as taxas de emprego feminino cresce com rapidez junto com o desenvolvimento econ\u00f4mico.<br \/>\n<br \/><b>&#8211; Singularidade e adapta\u00e7\u00e3o ao mercado:<\/b> Para alcan\u00e7ar os jovens brasileiros conscientes das tend\u00eancias, a Unicharm inaugurou uma loja oficial no TikTok para comunicar diretamente o valor de sua marca para consumo.<\/p>\n<p xmlns=\"http:\/\/www.w3.org\/1999\/xhtml\"><b>2. [Indon\u00e9sia] Respeito da cultura e elimina\u00e7\u00e3o do &#8220;desconforto&#8221;<br \/>\n<br \/><\/b>Na Indon\u00e9sia, pa\u00eds que abriga a maior popula\u00e7\u00e3o mu\u00e7ulmana do mundo, a Unicharm realiza atividades educativas que demonstram profundo respeito pela cultura e pelos costumes locais.<br \/>\n<br \/><b>&#8211; Conex\u00e3o com o Ramad\u00e3:<\/b> Em 4 de mar\u00e7o de 2026, como parte de uma s\u00e9rie de eventos durante o m\u00eas do Ramad\u00e3, a Unicharm ofereceu a &#8220;Primeira Educa\u00e7\u00e3o sobre Menstrua\u00e7\u00e3o&#8221; para cerca de 60 estudantes de uma escola secund\u00e1ria isl\u00e2mica.<br \/>\n<br \/><b>&#8211; Circunst\u00e2ncias:<\/b> Ao respeitar os contextos religiosos e culturais e, ao mesmo tempo, fornecer informa\u00e7\u00f5es precisas sobre a menstrua\u00e7\u00e3o, a Unicharm visa concretizar uma &#8220;sociedade coesa&#8221; onde as mulheres possam viver como desejam em qualquer ambiente.<\/p>\n<p xmlns=\"http:\/\/www.w3.org\/1999\/xhtml\"><b>3. [Qu\u00eania] Estabelecimento de um polo estrat\u00e9gico para a \u00c1frica Oriental e investimentos na pr\u00f3xima gera\u00e7\u00e3o<br \/>\n<br \/><\/b>Com base em um cen\u00e1rio de crescimento a longo prazo para a regi\u00e3o da \u00c1frica Oriental, a Unicharm planeja estabelecer uma nova subsidi\u00e1ria, a &#8220;Sofy East Africa Limited&#8221;, na Rep\u00fablica do Qu\u00eania, em abril de 2026.<br \/>\n<br \/><b>&#8211; Contexto social e mitiga\u00e7\u00e3o de riscos:<\/b> Em \u00e1reas como Kibera, uma das maiores favelas da \u00c1frica, a &#8220;pobreza menstrual&#8221; continua sendo um problema cr\u00edtico que priva as meninas de oportunidades educacionais.<br \/>\n<br \/><b>&#8211;<\/b><b>A\u00e7\u00e3o espec\u00edfica:<\/b> Em 25 de janeiro de 2026, a Unicharm coorganizou um torneio de futebol feminino com mais de 150 participantes. O evento combinou esporte para fomentar a autoestima com educa\u00e7\u00e3o essencial sobre sa\u00fade menstrual.<\/p>\n<p xmlns=\"http:\/\/www.w3.org\/1999\/xhtml\"><b>Perspectivas futuras<br \/>\n<br \/><\/b>As disparidades de g\u00eanero nas oportunidades de educa\u00e7\u00e3o e emprego persistem em muitas partes do mundo. A Unicharm continuar\u00e1 fornecendo produtos, servi\u00e7os e atividades educativas para garantir que as mulheres possam viver suas vidas sem desconforto ou limita\u00e7\u00f5es causadas pela menstrua\u00e7\u00e3o. Mantemos nosso compromisso de criar oportunidades para a educa\u00e7\u00e3o e participa\u00e7\u00e3o social feminina, visando, em \u00faltima inst\u00e2ncia, a melhoria de seu status social.<\/p>\n<p xmlns=\"http:\/\/www.w3.org\/1999\/xhtml\">\nO texto no idioma original deste an\u00fancio \u00e9 a vers\u00e3o oficial autorizada. As tradu\u00e7\u00f5es s\u00e3o fornecidas apenas como uma facilidade e devem se referir ao texto no idioma original, que \u00e9 a \u00fanica vers\u00e3o do texto que tem efeito legal.<\/p>\n<p xmlns=\"http:\/\/www.w3.org\/1999\/xhtml\"><img decoding=\"async\" alt=\"\" src=\"https:\/\/cts.businesswire.com\/ct\/CT?id=bwnews&amp;sty=20260305778488r1&amp;sid=brdno&amp;distro=ftp\"><span class=\"bwct31415\"><\/span><\/p>\n<p id=\"mmgallerylink\" xmlns=\"http:\/\/www.w3.org\/1999\/xhtml\"><span id=\"mmgallerylink-phrase\">Ver a vers\u00e3o original em businesswire.com: <\/span><span id=\"mmgallerylink-link\"><a href=\"https:\/\/www.businesswire.com\/news\/home\/20260305778488\/pt\/\" rel=\"follow\" target=\"_blank\">https:\/\/www.businesswire.com\/news\/home\/20260305778488\/pt\/<\/a><\/span><\/p>\n<p><b>Contato:<\/b><\/p>\n<p>\n[Para consultas]\n<\/p>\n<p>Unicharm Corporation, Divis\u00e3o Global de Comunica\u00e7\u00e3o de Marketing,\n<\/p>\n<p>Departamento de Rela\u00e7\u00f5es P\u00fablicas da &#8220;Love Your Possibilities&#8221;\n<\/p>\n<p>E-mail: <a href=\"mailto:brand-pr@unicharm.com\" rel=\"follow\" shape=\"rect\">brand-pr@unicharm.com<\/a><\/p>\n<p><strong>Fonte: <\/strong><a href='http:\/\/www.businesswire.com\/portal\/site\/home\/' target='_blank'>BUSINESS WIRE<\/a><img src='https:\/\/api.dino.com.br\/v2\/news\/tr\/328143?partnerId=4593' alt=\"\" style=\"border:0px;width:1px;height:1px;\" \/><\/p>\n","protected":false},"excerpt":{"rendered":"<p>Capacitando mulheres para viver vidas aut\u00eanticas atrav\u00e9s de educa\u00e7\u00e3o de \u00faltima gera\u00e7\u00e3o e suporte ao emprego ao redor do mundo<\/p>","protected":false},"author":3,"featured_media":0,"comment_status":"open","ping_status":"open","sticky":false,"template":"","format":"standard","meta":{"footnotes":""},"categories":[315],"tags":[349,350,358,357,330,344,324,352],"class_list":{"0":"post-13663","1":"post","2":"type-post","3":"status-publish","4":"format-standard","6":"category-noticias-corporativas-dino","7":"tag-arte","8":"tag-comunicacao","9":"tag-educacao","10":"tag-estilo-de-vida","11":"tag-eventos","12":"tag-midia","13":"tag-negocios","14":"tag-saude-e-bem-estar"},"yoast_head":"<!-- This site is optimized with the Yoast SEO plugin v27.4 - https:\/\/yoast.com\/product\/yoast-seo-wordpress\/ -->\n<title>Unicharm Group divulga iniciativas mundiais em conjunto com Dia Internacional da Mulher, em 8 de mar\u00e7o - Portal Masculino de Moda, Beleza, Luxo and Business - Angel Boss<\/title>\n<meta name=\"robots\" content=\"index, follow, max-snippet:-1, max-image-preview:large, max-video-preview:-1\" \/>\n<link rel=\"canonical\" href=\"https:\/\/angelboss.com.br\/en\/2026\/03\/05\/328143-unicharm-group-divulga-iniciativas-mundiais-em-conjunto-com-dia-internacional-da-mulher-em-8-de-marco\/\" \/>\n<meta property=\"og:locale\" content=\"en_US\" \/>\n<meta property=\"og:type\" content=\"article\" \/>\n<meta property=\"og:title\" content=\"Unicharm Group divulga iniciativas mundiais em conjunto com Dia Internacional da Mulher, em 8 de mar\u00e7o - Portal Masculino de Moda, Beleza, Luxo and Business - Angel Boss\" \/>\n<meta property=\"og:description\" content=\"Capacitando mulheres para viver vidas aut\u00eanticas atrav\u00e9s de educa\u00e7\u00e3o de \u00faltima gera\u00e7\u00e3o e suporte ao emprego ao redor do mundo\" \/>\n<meta property=\"og:url\" content=\"https:\/\/angelboss.com.br\/en\/2026\/03\/05\/328143-unicharm-group-divulga-iniciativas-mundiais-em-conjunto-com-dia-internacional-da-mulher-em-8-de-marco\/\" \/>\n<meta property=\"og:site_name\" content=\"Portal Masculino de Moda, Beleza, Luxo and Business - Angel Boss\" \/>\n<meta property=\"article:published_time\" content=\"2026-03-05T00:00:00+00:00\" \/>\n<meta property=\"og:image\" content=\"https:\/\/mms.businesswire.com\/media\/20260305778488\/pt\/2738842\/4\/Unicharm-Brazil-new.jpg\" \/>\n<meta name=\"author\" content=\"DINO\" \/>\n<meta name=\"twitter:card\" content=\"summary_large_image\" \/>\n<meta name=\"twitter:label1\" content=\"Written by\" \/>\n\t<meta name=\"twitter:data1\" content=\"DINO\" \/>\n\t<meta name=\"twitter:label2\" content=\"Est. reading time\" \/>\n\t<meta name=\"twitter:data2\" content=\"3 minutes\" \/>\n<script type=\"application\/ld+json\" class=\"yoast-schema-graph\">{\"@context\":\"https:\\\/\\\/schema.org\",\"@graph\":[{\"@type\":\"Article\",\"@id\":\"https:\\\/\\\/angelboss.com.br\\\/en\\\/2026\\\/03\\\/05\\\/328143-unicharm-group-divulga-iniciativas-mundiais-em-conjunto-com-dia-internacional-da-mulher-em-8-de-marco\\\/#article\",\"isPartOf\":{\"@id\":\"https:\\\/\\\/angelboss.com.br\\\/en\\\/2026\\\/03\\\/05\\\/328143-unicharm-group-divulga-iniciativas-mundiais-em-conjunto-com-dia-internacional-da-mulher-em-8-de-marco\\\/\"},\"author\":{\"name\":\"DINO\",\"@id\":\"http:\\\/\\\/angelboss.com.br\\\/#\\\/schema\\\/person\\\/b6676b8d991f97199ef2d5b8e5c2d8a5\"},\"headline\":\"Unicharm Group divulga iniciativas mundiais em conjunto com Dia Internacional da Mulher, em 8 de mar\u00e7o\",\"datePublished\":\"2026-03-05T00:00:00+00:00\",\"mainEntityOfPage\":{\"@id\":\"https:\\\/\\\/angelboss.com.br\\\/en\\\/2026\\\/03\\\/05\\\/328143-unicharm-group-divulga-iniciativas-mundiais-em-conjunto-com-dia-internacional-da-mulher-em-8-de-marco\\\/\"},\"wordCount\":675,\"commentCount\":0,\"publisher\":{\"@id\":\"http:\\\/\\\/angelboss.com.br\\\/#organization\"},\"image\":{\"@id\":\"https:\\\/\\\/angelboss.com.br\\\/en\\\/2026\\\/03\\\/05\\\/328143-unicharm-group-divulga-iniciativas-mundiais-em-conjunto-com-dia-internacional-da-mulher-em-8-de-marco\\\/#primaryimage\"},\"thumbnailUrl\":\"https:\\\/\\\/mms.businesswire.com\\\/media\\\/20260305778488\\\/pt\\\/2738842\\\/4\\\/Unicharm-Brazil-new.jpg\",\"keywords\":[\"ARTE\",\"COMUNICA\u00c7\u00c3O\",\"EDUCA\u00c7\u00c3O\",\"ESTILO DE VIDA\",\"EVENTOS\",\"M\u00cdDIA\",\"NEG\u00d3CIOS\",\"SA\u00daDE E BEM-ESTAR\"],\"articleSection\":[\"Not\u00edcias Corporativas\"],\"inLanguage\":\"en-US\",\"potentialAction\":[{\"@type\":\"CommentAction\",\"name\":\"Comment\",\"target\":[\"https:\\\/\\\/angelboss.com.br\\\/en\\\/2026\\\/03\\\/05\\\/328143-unicharm-group-divulga-iniciativas-mundiais-em-conjunto-com-dia-internacional-da-mulher-em-8-de-marco\\\/#respond\"]}]},{\"@type\":\"WebPage\",\"@id\":\"https:\\\/\\\/angelboss.com.br\\\/en\\\/2026\\\/03\\\/05\\\/328143-unicharm-group-divulga-iniciativas-mundiais-em-conjunto-com-dia-internacional-da-mulher-em-8-de-marco\\\/\",\"url\":\"https:\\\/\\\/angelboss.com.br\\\/en\\\/2026\\\/03\\\/05\\\/328143-unicharm-group-divulga-iniciativas-mundiais-em-conjunto-com-dia-internacional-da-mulher-em-8-de-marco\\\/\",\"name\":\"Unicharm Group divulga iniciativas mundiais em conjunto com Dia Internacional da Mulher, em 8 de mar\u00e7o - Portal Masculino de Moda, Beleza, Luxo and Business - Angel Boss\",\"isPartOf\":{\"@id\":\"http:\\\/\\\/angelboss.com.br\\\/#website\"},\"primaryImageOfPage\":{\"@id\":\"https:\\\/\\\/angelboss.com.br\\\/en\\\/2026\\\/03\\\/05\\\/328143-unicharm-group-divulga-iniciativas-mundiais-em-conjunto-com-dia-internacional-da-mulher-em-8-de-marco\\\/#primaryimage\"},\"image\":{\"@id\":\"https:\\\/\\\/angelboss.com.br\\\/en\\\/2026\\\/03\\\/05\\\/328143-unicharm-group-divulga-iniciativas-mundiais-em-conjunto-com-dia-internacional-da-mulher-em-8-de-marco\\\/#primaryimage\"},\"thumbnailUrl\":\"https:\\\/\\\/mms.businesswire.com\\\/media\\\/20260305778488\\\/pt\\\/2738842\\\/4\\\/Unicharm-Brazil-new.jpg\",\"datePublished\":\"2026-03-05T00:00:00+00:00\",\"breadcrumb\":{\"@id\":\"https:\\\/\\\/angelboss.com.br\\\/en\\\/2026\\\/03\\\/05\\\/328143-unicharm-group-divulga-iniciativas-mundiais-em-conjunto-com-dia-internacional-da-mulher-em-8-de-marco\\\/#breadcrumb\"},\"inLanguage\":\"en-US\",\"potentialAction\":[{\"@type\":\"ReadAction\",\"target\":[\"https:\\\/\\\/angelboss.com.br\\\/en\\\/2026\\\/03\\\/05\\\/328143-unicharm-group-divulga-iniciativas-mundiais-em-conjunto-com-dia-internacional-da-mulher-em-8-de-marco\\\/\"]}]},{\"@type\":\"ImageObject\",\"inLanguage\":\"en-US\",\"@id\":\"https:\\\/\\\/angelboss.com.br\\\/en\\\/2026\\\/03\\\/05\\\/328143-unicharm-group-divulga-iniciativas-mundiais-em-conjunto-com-dia-internacional-da-mulher-em-8-de-marco\\\/#primaryimage\",\"url\":\"https:\\\/\\\/mms.businesswire.com\\\/media\\\/20260305778488\\\/pt\\\/2738842\\\/4\\\/Unicharm-Brazil-new.jpg\",\"contentUrl\":\"https:\\\/\\\/mms.businesswire.com\\\/media\\\/20260305778488\\\/pt\\\/2738842\\\/4\\\/Unicharm-Brazil-new.jpg\"},{\"@type\":\"BreadcrumbList\",\"@id\":\"https:\\\/\\\/angelboss.com.br\\\/en\\\/2026\\\/03\\\/05\\\/328143-unicharm-group-divulga-iniciativas-mundiais-em-conjunto-com-dia-internacional-da-mulher-em-8-de-marco\\\/#breadcrumb\",\"itemListElement\":[{\"@type\":\"ListItem\",\"position\":1,\"name\":\"In\u00edcio\",\"item\":\"http:\\\/\\\/angelboss.com.br\\\/\"},{\"@type\":\"ListItem\",\"position\":2,\"name\":\"Unicharm Group divulga iniciativas mundiais em conjunto com Dia Internacional da Mulher, em 8 de mar\u00e7o\"}]},{\"@type\":\"WebSite\",\"@id\":\"http:\\\/\\\/angelboss.com.br\\\/#website\",\"url\":\"http:\\\/\\\/angelboss.com.br\\\/\",\"name\":\"Portal Masculino de Moda, Beleza, Luxo e Business - Angel Boss\",\"description\":\"O Maior Portal sobre Moda, Luxo, Beleza e Business Masculino do Brasil\",\"publisher\":{\"@id\":\"http:\\\/\\\/angelboss.com.br\\\/#organization\"},\"alternateName\":\"Maior Portal e Blog de Beleza Masculina e Luxo\",\"potentialAction\":[{\"@type\":\"SearchAction\",\"target\":{\"@type\":\"EntryPoint\",\"urlTemplate\":\"http:\\\/\\\/angelboss.com.br\\\/?s={search_term_string}\"},\"query-input\":{\"@type\":\"PropertyValueSpecification\",\"valueRequired\":true,\"valueName\":\"search_term_string\"}}],\"inLanguage\":\"en-US\"},{\"@type\":\"Organization\",\"@id\":\"http:\\\/\\\/angelboss.com.br\\\/#organization\",\"name\":\"Portal Masculino de Moda, Beleza, Luxo and Business - Angel Boss\",\"url\":\"http:\\\/\\\/angelboss.com.br\\\/\",\"logo\":{\"@type\":\"ImageObject\",\"inLanguage\":\"en-US\",\"@id\":\"http:\\\/\\\/angelboss.com.br\\\/#\\\/schema\\\/logo\\\/image\\\/\",\"url\":\"http:\\\/\\\/angelboss.com.br\\\/wp-content\\\/uploads\\\/2025\\\/12\\\/WhatsApp-Image-2025-12-11-at-12.54.26.jpeg\",\"contentUrl\":\"http:\\\/\\\/angelboss.com.br\\\/wp-content\\\/uploads\\\/2025\\\/12\\\/WhatsApp-Image-2025-12-11-at-12.54.26.jpeg\",\"width\":1280,\"height\":1280,\"caption\":\"Portal Masculino de Moda, Beleza, Luxo and Business - Angel Boss\"},\"image\":{\"@id\":\"http:\\\/\\\/angelboss.com.br\\\/#\\\/schema\\\/logo\\\/image\\\/\"}},{\"@type\":\"Person\",\"@id\":\"http:\\\/\\\/angelboss.com.br\\\/#\\\/schema\\\/person\\\/b6676b8d991f97199ef2d5b8e5c2d8a5\",\"name\":\"DINO\",\"image\":{\"@type\":\"ImageObject\",\"inLanguage\":\"en-US\",\"@id\":\"https:\\\/\\\/secure.gravatar.com\\\/avatar\\\/f29568383aedf96da155b6f87103b0e04b1c662f982055cda25086444ab33ff8?s=96&d=mm&r=g\",\"url\":\"https:\\\/\\\/secure.gravatar.com\\\/avatar\\\/f29568383aedf96da155b6f87103b0e04b1c662f982055cda25086444ab33ff8?s=96&d=mm&r=g\",\"contentUrl\":\"https:\\\/\\\/secure.gravatar.com\\\/avatar\\\/f29568383aedf96da155b6f87103b0e04b1c662f982055cda25086444ab33ff8?s=96&d=mm&r=g\",\"caption\":\"DINO\"},\"url\":\"https:\\\/\\\/angelboss.com.br\\\/en\\\/author\\\/DINO\\\/\"}]}<\/script>\n<!-- \/ Yoast SEO plugin. -->","yoast_head_json":{"title":"Unicharm Group divulga iniciativas mundiais em conjunto com Dia Internacional da Mulher, em 8 de mar\u00e7o - Portal Masculino de Moda, Beleza, Luxo and Business - Angel Boss","robots":{"index":"index","follow":"follow","max-snippet":"max-snippet:-1","max-image-preview":"max-image-preview:large","max-video-preview":"max-video-preview:-1"},"canonical":"https:\/\/angelboss.com.br\/en\/2026\/03\/05\/328143-unicharm-group-divulga-iniciativas-mundiais-em-conjunto-com-dia-internacional-da-mulher-em-8-de-marco\/","og_locale":"en_US","og_type":"article","og_title":"Unicharm Group divulga iniciativas mundiais em conjunto com Dia Internacional da Mulher, em 8 de mar\u00e7o - Portal Masculino de Moda, Beleza, Luxo and Business - Angel Boss","og_description":"Capacitando mulheres para viver vidas aut\u00eanticas atrav\u00e9s de educa\u00e7\u00e3o de \u00faltima gera\u00e7\u00e3o e suporte ao emprego ao redor do mundo","og_url":"https:\/\/angelboss.com.br\/en\/2026\/03\/05\/328143-unicharm-group-divulga-iniciativas-mundiais-em-conjunto-com-dia-internacional-da-mulher-em-8-de-marco\/","og_site_name":"Portal Masculino de Moda, Beleza, Luxo and Business - Angel Boss","article_published_time":"2026-03-05T00:00:00+00:00","og_image":[{"url":"https:\/\/mms.businesswire.com\/media\/20260305778488\/pt\/2738842\/4\/Unicharm-Brazil-new.jpg","type":"","width":"","height":""}],"author":"DINO","twitter_card":"summary_large_image","twitter_misc":{"Written by":"DINO","Est. reading time":"3 minutes"},"schema":{"@context":"https:\/\/schema.org","@graph":[{"@type":"Article","@id":"https:\/\/angelboss.com.br\/en\/2026\/03\/05\/328143-unicharm-group-divulga-iniciativas-mundiais-em-conjunto-com-dia-internacional-da-mulher-em-8-de-marco\/#article","isPartOf":{"@id":"https:\/\/angelboss.com.br\/en\/2026\/03\/05\/328143-unicharm-group-divulga-iniciativas-mundiais-em-conjunto-com-dia-internacional-da-mulher-em-8-de-marco\/"},"author":{"name":"DINO","@id":"http:\/\/angelboss.com.br\/#\/schema\/person\/b6676b8d991f97199ef2d5b8e5c2d8a5"},"headline":"Unicharm Group divulga iniciativas mundiais em conjunto com Dia Internacional da Mulher, em 8 de mar\u00e7o","datePublished":"2026-03-05T00:00:00+00:00","mainEntityOfPage":{"@id":"https:\/\/angelboss.com.br\/en\/2026\/03\/05\/328143-unicharm-group-divulga-iniciativas-mundiais-em-conjunto-com-dia-internacional-da-mulher-em-8-de-marco\/"},"wordCount":675,"commentCount":0,"publisher":{"@id":"http:\/\/angelboss.com.br\/#organization"},"image":{"@id":"https:\/\/angelboss.com.br\/en\/2026\/03\/05\/328143-unicharm-group-divulga-iniciativas-mundiais-em-conjunto-com-dia-internacional-da-mulher-em-8-de-marco\/#primaryimage"},"thumbnailUrl":"https:\/\/mms.businesswire.com\/media\/20260305778488\/pt\/2738842\/4\/Unicharm-Brazil-new.jpg","keywords":["ARTE","COMUNICA\u00c7\u00c3O","EDUCA\u00c7\u00c3O","ESTILO DE VIDA","EVENTOS","M\u00cdDIA","NEG\u00d3CIOS","SA\u00daDE E BEM-ESTAR"],"articleSection":["Not\u00edcias Corporativas"],"inLanguage":"en-US","potentialAction":[{"@type":"CommentAction","name":"Comment","target":["https:\/\/angelboss.com.br\/en\/2026\/03\/05\/328143-unicharm-group-divulga-iniciativas-mundiais-em-conjunto-com-dia-internacional-da-mulher-em-8-de-marco\/#respond"]}]},{"@type":"WebPage","@id":"https:\/\/angelboss.com.br\/en\/2026\/03\/05\/328143-unicharm-group-divulga-iniciativas-mundiais-em-conjunto-com-dia-internacional-da-mulher-em-8-de-marco\/","url":"https:\/\/angelboss.com.br\/en\/2026\/03\/05\/328143-unicharm-group-divulga-iniciativas-mundiais-em-conjunto-com-dia-internacional-da-mulher-em-8-de-marco\/","name":"Unicharm Group divulga iniciativas mundiais em conjunto com Dia Internacional da Mulher, em 8 de mar\u00e7o - Portal Masculino de Moda, Beleza, Luxo and Business - Angel Boss","isPartOf":{"@id":"http:\/\/angelboss.com.br\/#website"},"primaryImageOfPage":{"@id":"https:\/\/angelboss.com.br\/en\/2026\/03\/05\/328143-unicharm-group-divulga-iniciativas-mundiais-em-conjunto-com-dia-internacional-da-mulher-em-8-de-marco\/#primaryimage"},"image":{"@id":"https:\/\/angelboss.com.br\/en\/2026\/03\/05\/328143-unicharm-group-divulga-iniciativas-mundiais-em-conjunto-com-dia-internacional-da-mulher-em-8-de-marco\/#primaryimage"},"thumbnailUrl":"https:\/\/mms.businesswire.com\/media\/20260305778488\/pt\/2738842\/4\/Unicharm-Brazil-new.jpg","datePublished":"2026-03-05T00:00:00+00:00","breadcrumb":{"@id":"https:\/\/angelboss.com.br\/en\/2026\/03\/05\/328143-unicharm-group-divulga-iniciativas-mundiais-em-conjunto-com-dia-internacional-da-mulher-em-8-de-marco\/#breadcrumb"},"inLanguage":"en-US","potentialAction":[{"@type":"ReadAction","target":["https:\/\/angelboss.com.br\/en\/2026\/03\/05\/328143-unicharm-group-divulga-iniciativas-mundiais-em-conjunto-com-dia-internacional-da-mulher-em-8-de-marco\/"]}]},{"@type":"ImageObject","inLanguage":"en-US","@id":"https:\/\/angelboss.com.br\/en\/2026\/03\/05\/328143-unicharm-group-divulga-iniciativas-mundiais-em-conjunto-com-dia-internacional-da-mulher-em-8-de-marco\/#primaryimage","url":"https:\/\/mms.businesswire.com\/media\/20260305778488\/pt\/2738842\/4\/Unicharm-Brazil-new.jpg","contentUrl":"https:\/\/mms.businesswire.com\/media\/20260305778488\/pt\/2738842\/4\/Unicharm-Brazil-new.jpg"},{"@type":"BreadcrumbList","@id":"https:\/\/angelboss.com.br\/en\/2026\/03\/05\/328143-unicharm-group-divulga-iniciativas-mundiais-em-conjunto-com-dia-internacional-da-mulher-em-8-de-marco\/#breadcrumb","itemListElement":[{"@type":"ListItem","position":1,"name":"In\u00edcio","item":"http:\/\/angelboss.com.br\/"},{"@type":"ListItem","position":2,"name":"Unicharm Group divulga iniciativas mundiais em conjunto com Dia Internacional da Mulher, em 8 de mar\u00e7o"}]},{"@type":"WebSite","@id":"http:\/\/angelboss.com.br\/#website","url":"http:\/\/angelboss.com.br\/","name":"Portal Masculino de Moda, Beleza, Luxo e Business - Angel Boss","description":"O Maior Portal sobre Moda, Luxo, Beleza e Business Masculino do Brasil","publisher":{"@id":"http:\/\/angelboss.com.br\/#organization"},"alternateName":"Maior Portal e Blog de Beleza Masculina e Luxo","potentialAction":[{"@type":"SearchAction","target":{"@type":"EntryPoint","urlTemplate":"http:\/\/angelboss.com.br\/?s={search_term_string}"},"query-input":{"@type":"PropertyValueSpecification","valueRequired":true,"valueName":"search_term_string"}}],"inLanguage":"en-US"},{"@type":"Organization","@id":"http:\/\/angelboss.com.br\/#organization","name":"Portal Masculino de Moda, Beleza, Luxo and Business - Angel Boss","url":"http:\/\/angelboss.com.br\/","logo":{"@type":"ImageObject","inLanguage":"en-US","@id":"http:\/\/angelboss.com.br\/#\/schema\/logo\/image\/","url":"http:\/\/angelboss.com.br\/wp-content\/uploads\/2025\/12\/WhatsApp-Image-2025-12-11-at-12.54.26.jpeg","contentUrl":"http:\/\/angelboss.com.br\/wp-content\/uploads\/2025\/12\/WhatsApp-Image-2025-12-11-at-12.54.26.jpeg","width":1280,"height":1280,"caption":"Portal Masculino de Moda, Beleza, Luxo and Business - Angel Boss"},"image":{"@id":"http:\/\/angelboss.com.br\/#\/schema\/logo\/image\/"}},{"@type":"Person","@id":"http:\/\/angelboss.com.br\/#\/schema\/person\/b6676b8d991f97199ef2d5b8e5c2d8a5","name":"DINO","image":{"@type":"ImageObject","inLanguage":"en-US","@id":"https:\/\/secure.gravatar.com\/avatar\/f29568383aedf96da155b6f87103b0e04b1c662f982055cda25086444ab33ff8?s=96&d=mm&r=g","url":"https:\/\/secure.gravatar.com\/avatar\/f29568383aedf96da155b6f87103b0e04b1c662f982055cda25086444ab33ff8?s=96&d=mm&r=g","contentUrl":"https:\/\/secure.gravatar.com\/avatar\/f29568383aedf96da155b6f87103b0e04b1c662f982055cda25086444ab33ff8?s=96&d=mm&r=g","caption":"DINO"},"url":"https:\/\/angelboss.com.br\/en\/author\/DINO\/"}]}},"amp_enabled":true,"_links":{"self":[{"href":"https:\/\/angelboss.com.br\/en\/wp-json\/wp\/v2\/posts\/13663","targetHints":{"allow":["GET"]}}],"collection":[{"href":"https:\/\/angelboss.com.br\/en\/wp-json\/wp\/v2\/posts"}],"about":[{"href":"https:\/\/angelboss.com.br\/en\/wp-json\/wp\/v2\/types\/post"}],"author":[{"embeddable":true,"href":"https:\/\/angelboss.com.br\/en\/wp-json\/wp\/v2\/users\/3"}],"replies":[{"embeddable":true,"href":"https:\/\/angelboss.com.br\/en\/wp-json\/wp\/v2\/comments?post=13663"}],"version-history":[{"count":0,"href":"https:\/\/angelboss.com.br\/en\/wp-json\/wp\/v2\/posts\/13663\/revisions"}],"wp:attachment":[{"href":"https:\/\/angelboss.com.br\/en\/wp-json\/wp\/v2\/media?parent=13663"}],"wp:term":[{"taxonomy":"category","embeddable":true,"href":"https:\/\/angelboss.com.br\/en\/wp-json\/wp\/v2\/categories?post=13663"},{"taxonomy":"post_tag","embeddable":true,"href":"https:\/\/angelboss.com.br\/en\/wp-json\/wp\/v2\/tags?post=13663"}],"curies":[{"name":"wp","href":"https:\/\/api.w.org\/{rel}","templated":true}]}}