{"id":9753,"date":"2026-01-30T14:08:49","date_gmt":"2026-01-30T14:08:49","guid":{"rendered":"https:\/\/angelboss.com.br\/?p=9753"},"modified":"2026-01-30T14:08:50","modified_gmt":"2026-01-30T14:08:50","slug":"misci-inaugura-primeira-loja-no-rio-de-janeiro-e-marca-nova-fase-da-expansao-nacional","status":"publish","type":"post","link":"http:\/\/angelboss.com.br\/en\/2026\/01\/30\/misci-inaugura-primeira-loja-no-rio-de-janeiro-e-marca-nova-fase-da-expansao-nacional\/","title":{"rendered":"MISCI\u00a0inaugura\u00a0primeira\u00a0loja\u00a0no\u00a0Rio\u00a0de\u00a0Janeiro\u00a0e\u00a0marca\u00a0nova\u00a0fase\u00a0da\u00a0expans\u00e3o\u00a0nacional"},"content":{"rendered":"<p><em>Novo\u00a0espa\u00e7o\u00a0em Ipanema refor\u00e7a a rela\u00e7\u00e3o\u00a0da\u00a0marca\u00a0com o p\u00fablico carioca\u00a0e\u00a0simboliza um passo\u00a0estrat\u00e9gico na trajet\u00f3ria\u00a0da\u00a0MISCI<\/em><\/p>\n\n\n<div class=\"wp-block-image\">\n<figure class=\"aligncenter size-large\"><img fetchpriority=\"high\" decoding=\"async\" width=\"683\" height=\"1024\" src=\"https:\/\/angelboss.com.br\/wp-content\/uploads\/2026\/01\/image-206-683x1024.webp\" alt=\"\" class=\"wp-image-9755\" srcset=\"http:\/\/angelboss.com.br\/wp-content\/uploads\/2026\/01\/image-206-683x1024.webp 683w, http:\/\/angelboss.com.br\/wp-content\/uploads\/2026\/01\/image-206-200x300.webp 200w, http:\/\/angelboss.com.br\/wp-content\/uploads\/2026\/01\/image-206-768x1152.webp 768w, http:\/\/angelboss.com.br\/wp-content\/uploads\/2026\/01\/image-206-1024x1536.webp 1024w, http:\/\/angelboss.com.br\/wp-content\/uploads\/2026\/01\/image-206-1365x2048.webp 1365w, http:\/\/angelboss.com.br\/wp-content\/uploads\/2026\/01\/image-206-8x12.webp 8w, http:\/\/angelboss.com.br\/wp-content\/uploads\/2026\/01\/image-206-150x225.webp 150w, http:\/\/angelboss.com.br\/wp-content\/uploads\/2026\/01\/image-206-450x675.webp 450w, http:\/\/angelboss.com.br\/wp-content\/uploads\/2026\/01\/image-206-1200x1800.webp 1200w, http:\/\/angelboss.com.br\/wp-content\/uploads\/2026\/01\/image-206-97x146.webp 97w, http:\/\/angelboss.com.br\/wp-content\/uploads\/2026\/01\/image-206-scaled.png 1707w\" sizes=\"(max-width: 683px) 100vw, 683px\" \/><figcaption class=\"wp-element-caption\">Imagem\/Divulga\u00e7\u00e3o<\/figcaption><\/figure>\n<\/div>\n\n\n<p>A&nbsp;MISCI&nbsp;inaugura&nbsp;sua&nbsp;primeira&nbsp;loja&nbsp;no&nbsp;Rio&nbsp;de&nbsp;Janeiro, na Rua Garcia D\u2019\u00c1vila,&nbsp;em Ipanema,&nbsp;e&nbsp;consolida mais um cap\u00edtulo&nbsp;da&nbsp;expans\u00e3o&nbsp;nacional&nbsp;da&nbsp;marca.&nbsp;Depois&nbsp;de&nbsp;cinco anos&nbsp;de&nbsp;opera\u00e7\u00e3o comercial&nbsp;e&nbsp;da&nbsp;consolida\u00e7\u00e3o&nbsp;no&nbsp;mercado&nbsp;de&nbsp;luxo paulista, a chegada ao&nbsp;Rio&nbsp;surge como um avan\u00e7o natural, mas tamb\u00e9m&nbsp;marcante, j\u00e1 que a cidade sempre&nbsp;esteve&nbsp;entre os principais polos&nbsp;de&nbsp;consumo&nbsp;da&nbsp;MISCI. Hoje, \u00e9 o segundo maior p\u00fablico&nbsp;da&nbsp;marca&nbsp;no&nbsp;digital, o que confirma um&nbsp;desejo&nbsp;existente antes mesmo&nbsp;da&nbsp;presen\u00e7a f\u00edsica. A abertura atende&nbsp;essa comunidade que j\u00e1 incorporou a&nbsp;MISCI&nbsp;ao dia a dia&nbsp;e&nbsp;agora passa a contar com um&nbsp;espa\u00e7o pr\u00f3prio.<\/p>\n\n\n\n<p>O&nbsp;Rio&nbsp;sempre fez parte do imagin\u00e1rio&nbsp;pessoal&nbsp;e&nbsp;profissional&nbsp;de&nbsp;Airon Martin, fundador&nbsp;e&nbsp;diretor criativo&nbsp;da&nbsp;MISCI. A&nbsp;est\u00e9tica, o ritmo&nbsp;e&nbsp;a leveza&nbsp;da&nbsp;cidade influenciam seu olhar, o que torna a&nbsp;estreia&nbsp;no&nbsp;in\u00edcio do ver\u00e3o ainda mais simb\u00f3lica. A&nbsp;descoberta do ponto ideal&nbsp;em Ipanema&nbsp;e&nbsp;a possibilidade&nbsp;de&nbsp;abrir as portas durante o per\u00edodo&nbsp;de&nbsp;maior&nbsp;energia&nbsp;da&nbsp;cidade refor\u00e7aram a&nbsp;decis\u00e3o. Para a&nbsp;MISCI,&nbsp;esse momento merece ser celebrado como o in\u00edcio&nbsp;de&nbsp;um&nbsp;novo ciclo.<\/p>\n\n\n\n<figure class=\"wp-block-image size-large\"><img decoding=\"async\" width=\"1024\" height=\"683\" src=\"http:\/\/angelboss.com.br\/wp-content\/uploads\/2026\/01\/449A6483.jpg-1024x683.webp\" alt=\"\" class=\"wp-image-9756\" srcset=\"http:\/\/angelboss.com.br\/wp-content\/uploads\/2026\/01\/449A6483.jpg-1024x683.webp 1024w, http:\/\/angelboss.com.br\/wp-content\/uploads\/2026\/01\/449A6483.jpg-300x200.webp 300w, http:\/\/angelboss.com.br\/wp-content\/uploads\/2026\/01\/449A6483.jpg-768x512.webp 768w, http:\/\/angelboss.com.br\/wp-content\/uploads\/2026\/01\/449A6483.jpg-1536x1024.webp 1536w, http:\/\/angelboss.com.br\/wp-content\/uploads\/2026\/01\/449A6483.jpg-2048x1365.webp 2048w, http:\/\/angelboss.com.br\/wp-content\/uploads\/2026\/01\/449A6483.jpg-18x12.webp 18w, http:\/\/angelboss.com.br\/wp-content\/uploads\/2026\/01\/449A6483.jpg-150x100.webp 150w, http:\/\/angelboss.com.br\/wp-content\/uploads\/2026\/01\/449A6483.jpg-450x300.webp 450w, http:\/\/angelboss.com.br\/wp-content\/uploads\/2026\/01\/449A6483.jpg-1200x800.webp 1200w, http:\/\/angelboss.com.br\/wp-content\/uploads\/2026\/01\/449A6483.jpg-219x146.webp 219w\" sizes=\"(max-width: 1024px) 100vw, 1024px\" \/><figcaption class=\"wp-element-caption\">Imagem\/Divulga\u00e7\u00e3o<\/figcaption><\/figure>\n\n\n\n<p>A rela\u00e7\u00e3o com o&nbsp;Rio&nbsp;n\u00e3o come\u00e7a agora.&nbsp;Em 2024, a&nbsp;marca&nbsp;realizou sua&nbsp;primeira&nbsp;colabora\u00e7\u00e3o com a carioca Lenny Niemeyer, com uma cole\u00e7\u00e3o inteiramente concebida na cidade,&nbsp;da&nbsp;inspira\u00e7\u00e3o \u00e0 campanha.&nbsp;Em 2025, o&nbsp;desfile mais recente trouxe refer\u00eancias ao Cinema&nbsp;Novo&nbsp;e&nbsp;ao Tropicalismo, movimento que uniu&nbsp;elementos tradicionais brasileiros&nbsp;e, sobretudo, cariocas, como o samba.&nbsp;No&nbsp;digital, o p\u00fablico do&nbsp;Rio&nbsp;j\u00e1 se identifica com a&nbsp;est\u00e9tica&nbsp;e&nbsp;a linguagem&nbsp;da&nbsp;MISCI, o que torna a&nbsp;expans\u00e3o para o f\u00edsico um passo coerente.<\/p>\n\n\n\n<p><em>\u201cEscolher uma&nbsp;loja&nbsp;de&nbsp;rua&nbsp;no&nbsp;Rio&nbsp;foi um ato&nbsp;de&nbsp;amor pela cidade.&nbsp;Eu&nbsp;estudo urbanismo&nbsp;e&nbsp;sigo muito as ideias do \u2018Cidades para Pessoas\u2019, do Jan Gehl. Acredito na for\u00e7a&nbsp;das ruas para manter a cidade viva, para&nbsp;devolver movimento&nbsp;e&nbsp;cuidado para quem circula por&nbsp;ela. Uma&nbsp;loja&nbsp;aberta para a rua \u00e9 um presente para o bairro&nbsp;e&nbsp;tamb\u00e9m contribui para a seguran\u00e7a p\u00fablica. Por isso, fazer&nbsp;nossa&nbsp;estreia aqui,&nbsp;e&nbsp;n\u00e3o&nbsp;em um shopping,&nbsp;era fundamental pra mim, como uma retribui\u00e7\u00e3o minha pela paix\u00e3o que tenho pelo&nbsp;Rio&nbsp;de&nbsp;Janeiro\u201d<\/em>, afirma Airon Martin.&nbsp;<\/p>\n\n\n\n<p>O projeto segue com a cria\u00e7\u00e3o dupla&nbsp;de&nbsp;Airon Martin&nbsp;e&nbsp;do arquiteto Gabriel Contreira, respons\u00e1vel pelas&nbsp;lojas&nbsp;MISCI. Al\u00e9m&nbsp;de&nbsp;manter a identidade arquitet\u00f4nica&nbsp;da&nbsp;marca&nbsp;\u2014 minimalista, com aten\u00e7\u00e3o absoluta aos materiais, texturas&nbsp;e&nbsp;luz \u2014 a&nbsp;loja&nbsp;do&nbsp;Rio&nbsp;de&nbsp;Janeiro&nbsp;d\u00e1 continuidade ao projeto&nbsp;de&nbsp;rebrand iniciado nas \u00faltimas&nbsp;inaugura\u00e7\u00f5es, como as do Shopping Higien\u00f3polis&nbsp;e&nbsp;do Shopping Cidade Jardim, com&nbsp;elementos como os tapetes org\u00e2nicos, as ic\u00f4nicas&nbsp;estantes&nbsp;de&nbsp;bolsas&nbsp;e&nbsp;os&nbsp;estofados com&nbsp;estampas que&nbsp;marcaram cole\u00e7\u00f5es&nbsp;da&nbsp;MISCI. Para o&nbsp;Rio, por\u00e9m, o conceito foi&nbsp;desenvolvido&nbsp;exclusivamente para o&nbsp;espa\u00e7o. \u201cEsse projeto foi pensado do zero para o&nbsp;Rio. Quer\u00edamos que a&nbsp;loja&nbsp;fosse uma homenagem verdadeira \u00e0 cidade, trabalhando com o que&nbsp;ela tem&nbsp;de&nbsp;mais forte&nbsp;e&nbsp;mais bonito\u201d, afirma Gabriel Contreira. A praia aparece&nbsp;no&nbsp;piso com textura&nbsp;de&nbsp;areia,&nbsp;enquanto palha&nbsp;e&nbsp;pedra&nbsp;estruturam o ambiente, criando um di\u00e1logo direto com as refer\u00eancias naturais locais. O projeto tamb\u00e9m presta tributo \u00e0 arquitetura modernista carioca&nbsp;e&nbsp;aos grandes&nbsp;nomes do&nbsp;design.&nbsp;Entre os mobili\u00e1rios, as Poltronas Pil\u00e3o,&nbsp;desenvolvidas por Airon Martin&nbsp;em colabora\u00e7\u00e3o com o&nbsp;Est\u00fadio Orth,&nbsp;estar\u00e3o presentes&nbsp;no&nbsp;espa\u00e7o, refor\u00e7ando o car\u00e1ter&nbsp;exclusivo&nbsp;da&nbsp;nova&nbsp;loja.<\/p>\n\n\n\n<figure class=\"wp-block-image size-large\"><img decoding=\"async\" width=\"1024\" height=\"683\" src=\"http:\/\/angelboss.com.br\/wp-content\/uploads\/2026\/01\/449A6483.jpg-1024x683.webp\" alt=\"\" class=\"wp-image-9756\" srcset=\"http:\/\/angelboss.com.br\/wp-content\/uploads\/2026\/01\/449A6483.jpg-1024x683.webp 1024w, http:\/\/angelboss.com.br\/wp-content\/uploads\/2026\/01\/449A6483.jpg-300x200.webp 300w, http:\/\/angelboss.com.br\/wp-content\/uploads\/2026\/01\/449A6483.jpg-768x512.webp 768w, http:\/\/angelboss.com.br\/wp-content\/uploads\/2026\/01\/449A6483.jpg-1536x1024.webp 1536w, http:\/\/angelboss.com.br\/wp-content\/uploads\/2026\/01\/449A6483.jpg-2048x1365.webp 2048w, http:\/\/angelboss.com.br\/wp-content\/uploads\/2026\/01\/449A6483.jpg-18x12.webp 18w, http:\/\/angelboss.com.br\/wp-content\/uploads\/2026\/01\/449A6483.jpg-150x100.webp 150w, http:\/\/angelboss.com.br\/wp-content\/uploads\/2026\/01\/449A6483.jpg-450x300.webp 450w, http:\/\/angelboss.com.br\/wp-content\/uploads\/2026\/01\/449A6483.jpg-1200x800.webp 1200w, http:\/\/angelboss.com.br\/wp-content\/uploads\/2026\/01\/449A6483.jpg-219x146.webp 219w\" sizes=\"(max-width: 1024px) 100vw, 1024px\" \/><figcaption class=\"wp-element-caption\">Imagem\/Divulga\u00e7\u00e3o<\/figcaption><\/figure>\n\n\n\n<p>A&nbsp;loja&nbsp;re\u00fane todas as categorias mais&nbsp;desejadas do universo&nbsp;MISCI: masculino, feminino, acess\u00f3rios&nbsp;e&nbsp;itens consagrados como as camisetas Jogo do Bicho&nbsp;e&nbsp;Caipirinha, al\u00e9m&nbsp;da&nbsp;sele\u00e7\u00e3o&nbsp;de&nbsp;bolsas que se tornaram \u00edcones na&nbsp;marca, como Forr\u00f3, Bambol\u00ea&nbsp;e&nbsp;Nine, al\u00e9m dos acess\u00f3rios&nbsp;em couro&nbsp;de&nbsp;Pirarucu. Como&nbsp;novidade&nbsp;exclusiva ao p\u00fablico carioca, a&nbsp;marca&nbsp;lan\u00e7a um bon\u00e9 criado&nbsp;especialmente para o&nbsp;Rio, com chegada prevista para mar\u00e7o.<\/p>\n\n\n\n<p>A\u00a0estreia\u00a0no\u00a0Rio\u00a0integra a\u00a0estrat\u00e9gia\u00a0de\u00a0expans\u00e3o planejada para 2026.\u00a0Estar\u00a0em uma\u00a0das ruas mais\u00a0desejadas do mercado\u00a0de\u00a0luxo refor\u00e7a o posicionamento\u00a0da\u00a0MISCI\u00a0e\u00a0seu compromisso\u00a0em crescer com consist\u00eancia. A presen\u00e7a f\u00edsica na cidade tamb\u00e9m \u00e9\u00a0estrat\u00e9gica para ampliar a visibilidade global\u00a0da\u00a0marca,\u00a0especialmente diante do plano\u00a0de\u00a0fortalecer, cada vez mais, sua atua\u00e7\u00e3o internacional.\u00a0Dados\u00a0de\u00a0opera\u00e7\u00e3o digital, comportamento\u00a0de\u00a0compra\u00a0e\u00a0engajamento org\u00e2nico confirmam o\u00a0Rio\u00a0como um dos mercados mais fortes,\u00a0enquanto pesquisas apontam o crescente interesse do consumidor carioca por\u00a0marcas\u00a0de\u00a0luxo nacionais\u00a0e\u00a0design autoral, o que acelerou a\u00a0decis\u00e3o\u00a0de\u00a0abrir a\u00a0loja.<\/p>","protected":false},"excerpt":{"rendered":"<p>Novo\u00a0espa\u00e7o\u00a0em Ipanema refor\u00e7a a rela\u00e7\u00e3o\u00a0da\u00a0marca\u00a0com o p\u00fablico carioca\u00a0e\u00a0simboliza um passo\u00a0estrat\u00e9gico na trajet\u00f3ria\u00a0da\u00a0MISCI A&nbsp;MISCI&nbsp;inaugura&nbsp;sua&nbsp;primeira&nbsp;loja&nbsp;no&nbsp;Rio&nbsp;de&nbsp;Janeiro, na Rua Garcia D\u2019\u00c1vila,&nbsp;em Ipanema,&nbsp;e&nbsp;consolida mais um cap\u00edtulo&nbsp;da&nbsp;expans\u00e3o&nbsp;nacional&nbsp;da&nbsp;marca.&nbsp;Depois&nbsp;de&nbsp;cinco anos&nbsp;de&nbsp;opera\u00e7\u00e3o comercial&nbsp;e&nbsp;da&nbsp;consolida\u00e7\u00e3o&nbsp;no&nbsp;mercado&nbsp;de&nbsp;luxo paulista, a chegada ao&nbsp;Rio&nbsp;surge como um avan\u00e7o natural, mas tamb\u00e9m&nbsp;marcante, j\u00e1 que a cidade sempre&nbsp;esteve&nbsp;entre os principais polos&nbsp;de&nbsp;consumo&nbsp;da&nbsp;MISCI. Hoje, \u00e9 o segundo maior p\u00fablico&nbsp;da&nbsp;marca&nbsp;no&nbsp;digital, o que confirma um&nbsp;desejo&nbsp;existente antes mesmo&nbsp;da&nbsp;presen\u00e7a f\u00edsica. A<\/p>","protected":false},"author":2,"featured_media":0,"comment_status":"open","ping_status":"open","sticky":false,"template":"","format":"standard","meta":{"footnotes":""},"categories":[609,315],"tags":[678,245,656],"class_list":{"0":"post-9753","1":"post","2":"type-post","3":"status-publish","4":"format-standard","6":"category-moda","7":"category-noticias-corporativas-dino","8":"tag-misci","9":"tag-moda","10":"tag-rio-de-janeiro"},"yoast_head":"<!-- This site is optimized with the Yoast SEO plugin v27.5 - https:\/\/yoast.com\/product\/yoast-seo-wordpress\/ -->\n<title>MISCI Rio de Janeiro: Primeira Loja Abre na Garcia D\u2019\u00c1vila<\/title>\n<meta name=\"description\" content=\"A MISCI Rio de Janeiro inaugura em Ipanema! Conhe\u00e7a a primeira loja de rua da marca de Airon Martin na Garcia D&#039;\u00c1vila. Design autoral e luxo nacional.\" \/>\n<meta name=\"robots\" content=\"index, follow, max-snippet:-1, max-image-preview:large, max-video-preview:-1\" \/>\n<link rel=\"canonical\" href=\"http:\/\/angelboss.com.br\/en\/2026\/01\/30\/misci-inaugura-primeira-loja-no-rio-de-janeiro-e-marca-nova-fase-da-expansao-nacional\/\" \/>\n<meta property=\"og:locale\" content=\"en_US\" \/>\n<meta property=\"og:type\" content=\"article\" \/>\n<meta property=\"og:title\" content=\"MISCI Rio de Janeiro: Primeira Loja Abre na Garcia D\u2019\u00c1vila\" \/>\n<meta property=\"og:description\" content=\"A MISCI Rio de Janeiro inaugura em Ipanema! Conhe\u00e7a a primeira loja de rua da marca de Airon Martin na Garcia D&#039;\u00c1vila. Design autoral e luxo nacional.\" \/>\n<meta property=\"og:url\" content=\"http:\/\/angelboss.com.br\/en\/2026\/01\/30\/misci-inaugura-primeira-loja-no-rio-de-janeiro-e-marca-nova-fase-da-expansao-nacional\/\" \/>\n<meta property=\"og:site_name\" content=\"Portal Masculino de Moda, Beleza, Luxo and Business - Angel Boss\" \/>\n<meta property=\"article:published_time\" content=\"2026-01-30T14:08:49+00:00\" \/>\n<meta property=\"article:modified_time\" content=\"2026-01-30T14:08:50+00:00\" \/>\n<meta property=\"og:image\" content=\"https:\/\/angelboss.com.br\/wp-content\/uploads\/2026\/01\/image-206-683x1024.png\" \/>\n<meta name=\"author\" content=\"Neto Angel Boss\" \/>\n<meta name=\"twitter:card\" content=\"summary_large_image\" \/>\n<meta name=\"twitter:label1\" content=\"Written by\" \/>\n\t<meta name=\"twitter:data1\" content=\"Neto Angel Boss\" \/>\n\t<meta name=\"twitter:label2\" content=\"Est. reading time\" \/>\n\t<meta name=\"twitter:data2\" content=\"5 minutes\" \/>\n<script type=\"application\/ld+json\" class=\"yoast-schema-graph\">{\"@context\":\"https:\\\/\\\/schema.org\",\"@graph\":[{\"@type\":\"Article\",\"@id\":\"http:\\\/\\\/angelboss.com.br\\\/2026\\\/01\\\/30\\\/misci-inaugura-primeira-loja-no-rio-de-janeiro-e-marca-nova-fase-da-expansao-nacional\\\/#article\",\"isPartOf\":{\"@id\":\"http:\\\/\\\/angelboss.com.br\\\/2026\\\/01\\\/30\\\/misci-inaugura-primeira-loja-no-rio-de-janeiro-e-marca-nova-fase-da-expansao-nacional\\\/\"},\"author\":{\"name\":\"Neto Angel Boss\",\"@id\":\"https:\\\/\\\/angelboss.com.br\\\/en\\\/#\\\/schema\\\/person\\\/af084936b46cf2e03f299183e429e350\"},\"headline\":\"MISCI\u00a0inaugura\u00a0primeira\u00a0loja\u00a0no\u00a0Rio\u00a0de\u00a0Janeiro\u00a0e\u00a0marca\u00a0nova\u00a0fase\u00a0da\u00a0expans\u00e3o\u00a0nacional\",\"datePublished\":\"2026-01-30T14:08:49+00:00\",\"dateModified\":\"2026-01-30T14:08:50+00:00\",\"mainEntityOfPage\":{\"@id\":\"http:\\\/\\\/angelboss.com.br\\\/2026\\\/01\\\/30\\\/misci-inaugura-primeira-loja-no-rio-de-janeiro-e-marca-nova-fase-da-expansao-nacional\\\/\"},\"wordCount\":1117,\"commentCount\":0,\"publisher\":{\"@id\":\"https:\\\/\\\/angelboss.com.br\\\/en\\\/#organization\"},\"image\":{\"@id\":\"http:\\\/\\\/angelboss.com.br\\\/2026\\\/01\\\/30\\\/misci-inaugura-primeira-loja-no-rio-de-janeiro-e-marca-nova-fase-da-expansao-nacional\\\/#primaryimage\"},\"thumbnailUrl\":\"https:\\\/\\\/angelboss.com.br\\\/wp-content\\\/uploads\\\/2026\\\/01\\\/image-206-683x1024.png\",\"keywords\":[\"misci\",\"moda\",\"rio de janeiro\"],\"articleSection\":[\"MODA\",\"Not\u00edcias Corporativas\"],\"inLanguage\":\"en-US\",\"potentialAction\":[{\"@type\":\"CommentAction\",\"name\":\"Comment\",\"target\":[\"http:\\\/\\\/angelboss.com.br\\\/2026\\\/01\\\/30\\\/misci-inaugura-primeira-loja-no-rio-de-janeiro-e-marca-nova-fase-da-expansao-nacional\\\/#respond\"]}]},{\"@type\":\"WebPage\",\"@id\":\"http:\\\/\\\/angelboss.com.br\\\/2026\\\/01\\\/30\\\/misci-inaugura-primeira-loja-no-rio-de-janeiro-e-marca-nova-fase-da-expansao-nacional\\\/\",\"url\":\"http:\\\/\\\/angelboss.com.br\\\/2026\\\/01\\\/30\\\/misci-inaugura-primeira-loja-no-rio-de-janeiro-e-marca-nova-fase-da-expansao-nacional\\\/\",\"name\":\"MISCI Rio de Janeiro: Primeira Loja Abre na Garcia D\u2019\u00c1vila\",\"isPartOf\":{\"@id\":\"https:\\\/\\\/angelboss.com.br\\\/en\\\/#website\"},\"primaryImageOfPage\":{\"@id\":\"http:\\\/\\\/angelboss.com.br\\\/2026\\\/01\\\/30\\\/misci-inaugura-primeira-loja-no-rio-de-janeiro-e-marca-nova-fase-da-expansao-nacional\\\/#primaryimage\"},\"image\":{\"@id\":\"http:\\\/\\\/angelboss.com.br\\\/2026\\\/01\\\/30\\\/misci-inaugura-primeira-loja-no-rio-de-janeiro-e-marca-nova-fase-da-expansao-nacional\\\/#primaryimage\"},\"thumbnailUrl\":\"https:\\\/\\\/angelboss.com.br\\\/wp-content\\\/uploads\\\/2026\\\/01\\\/image-206-683x1024.png\",\"datePublished\":\"2026-01-30T14:08:49+00:00\",\"dateModified\":\"2026-01-30T14:08:50+00:00\",\"description\":\"A MISCI Rio de Janeiro inaugura em Ipanema! Conhe\u00e7a a primeira loja de rua da marca de Airon Martin na Garcia D'\u00c1vila. Design autoral e luxo nacional.\",\"breadcrumb\":{\"@id\":\"http:\\\/\\\/angelboss.com.br\\\/2026\\\/01\\\/30\\\/misci-inaugura-primeira-loja-no-rio-de-janeiro-e-marca-nova-fase-da-expansao-nacional\\\/#breadcrumb\"},\"inLanguage\":\"en-US\",\"potentialAction\":[{\"@type\":\"ReadAction\",\"target\":[\"http:\\\/\\\/angelboss.com.br\\\/2026\\\/01\\\/30\\\/misci-inaugura-primeira-loja-no-rio-de-janeiro-e-marca-nova-fase-da-expansao-nacional\\\/\"]}]},{\"@type\":\"ImageObject\",\"inLanguage\":\"en-US\",\"@id\":\"http:\\\/\\\/angelboss.com.br\\\/2026\\\/01\\\/30\\\/misci-inaugura-primeira-loja-no-rio-de-janeiro-e-marca-nova-fase-da-expansao-nacional\\\/#primaryimage\",\"url\":\"https:\\\/\\\/angelboss.com.br\\\/wp-content\\\/uploads\\\/2026\\\/01\\\/image-206-683x1024.png\",\"contentUrl\":\"https:\\\/\\\/angelboss.com.br\\\/wp-content\\\/uploads\\\/2026\\\/01\\\/image-206-683x1024.png\"},{\"@type\":\"BreadcrumbList\",\"@id\":\"http:\\\/\\\/angelboss.com.br\\\/2026\\\/01\\\/30\\\/misci-inaugura-primeira-loja-no-rio-de-janeiro-e-marca-nova-fase-da-expansao-nacional\\\/#breadcrumb\",\"itemListElement\":[{\"@type\":\"ListItem\",\"position\":1,\"name\":\"In\u00edcio\",\"item\":\"https:\\\/\\\/angelboss.com.br\\\/en\\\/\"},{\"@type\":\"ListItem\",\"position\":2,\"name\":\"MISCI\u00a0inaugura\u00a0primeira\u00a0loja\u00a0no\u00a0Rio\u00a0de\u00a0Janeiro\u00a0e\u00a0marca\u00a0nova\u00a0fase\u00a0da\u00a0expans\u00e3o\u00a0nacional\"}]},{\"@type\":\"WebSite\",\"@id\":\"https:\\\/\\\/angelboss.com.br\\\/en\\\/#website\",\"url\":\"https:\\\/\\\/angelboss.com.br\\\/en\\\/\",\"name\":\"Portal Masculino de Moda, Beleza, Luxo e Business - Angel Boss\",\"description\":\"O Maior Portal sobre Moda, Luxo, Beleza e Business Masculino do Brasil\",\"publisher\":{\"@id\":\"https:\\\/\\\/angelboss.com.br\\\/en\\\/#organization\"},\"alternateName\":\"Maior Portal e Blog de Beleza Masculina e Luxo\",\"potentialAction\":[{\"@type\":\"SearchAction\",\"target\":{\"@type\":\"EntryPoint\",\"urlTemplate\":\"https:\\\/\\\/angelboss.com.br\\\/en\\\/?s={search_term_string}\"},\"query-input\":{\"@type\":\"PropertyValueSpecification\",\"valueRequired\":true,\"valueName\":\"search_term_string\"}}],\"inLanguage\":\"en-US\"},{\"@type\":\"Organization\",\"@id\":\"https:\\\/\\\/angelboss.com.br\\\/en\\\/#organization\",\"name\":\"Portal Masculino de Moda, Beleza, Luxo and Business - Angel Boss\",\"url\":\"https:\\\/\\\/angelboss.com.br\\\/en\\\/\",\"logo\":{\"@type\":\"ImageObject\",\"inLanguage\":\"en-US\",\"@id\":\"https:\\\/\\\/angelboss.com.br\\\/en\\\/#\\\/schema\\\/logo\\\/image\\\/\",\"url\":\"http:\\\/\\\/angelboss.com.br\\\/wp-content\\\/uploads\\\/2025\\\/12\\\/WhatsApp-Image-2025-12-11-at-12.54.26.jpeg\",\"contentUrl\":\"http:\\\/\\\/angelboss.com.br\\\/wp-content\\\/uploads\\\/2025\\\/12\\\/WhatsApp-Image-2025-12-11-at-12.54.26.jpeg\",\"width\":1280,\"height\":1280,\"caption\":\"Portal Masculino de Moda, Beleza, Luxo and Business - Angel Boss\"},\"image\":{\"@id\":\"https:\\\/\\\/angelboss.com.br\\\/en\\\/#\\\/schema\\\/logo\\\/image\\\/\"}},{\"@type\":\"Person\",\"@id\":\"https:\\\/\\\/angelboss.com.br\\\/en\\\/#\\\/schema\\\/person\\\/af084936b46cf2e03f299183e429e350\",\"name\":\"Neto Angel Boss\",\"image\":{\"@type\":\"ImageObject\",\"inLanguage\":\"en-US\",\"@id\":\"https:\\\/\\\/secure.gravatar.com\\\/avatar\\\/dbb38b2050e5181e32afbccf458635967af0767d15abe8168b35ebbd97907289?s=96&d=mm&r=g\",\"url\":\"https:\\\/\\\/secure.gravatar.com\\\/avatar\\\/dbb38b2050e5181e32afbccf458635967af0767d15abe8168b35ebbd97907289?s=96&d=mm&r=g\",\"contentUrl\":\"https:\\\/\\\/secure.gravatar.com\\\/avatar\\\/dbb38b2050e5181e32afbccf458635967af0767d15abe8168b35ebbd97907289?s=96&d=mm&r=g\",\"caption\":\"Neto Angel Boss\"},\"sameAs\":[\"http:\\\/\\\/www.angelboss.com\"],\"url\":\"http:\\\/\\\/angelboss.com.br\\\/en\\\/author\\\/netoangelboss\\\/\"}]}<\/script>\n<!-- \/ Yoast SEO plugin. -->","yoast_head_json":{"title":"MISCI Rio de Janeiro: Primeira Loja Abre na Garcia D\u2019\u00c1vila","description":"A MISCI Rio de Janeiro inaugura em Ipanema! Conhe\u00e7a a primeira loja de rua da marca de Airon Martin na Garcia D'\u00c1vila. Design autoral e luxo nacional.","robots":{"index":"index","follow":"follow","max-snippet":"max-snippet:-1","max-image-preview":"max-image-preview:large","max-video-preview":"max-video-preview:-1"},"canonical":"http:\/\/angelboss.com.br\/en\/2026\/01\/30\/misci-inaugura-primeira-loja-no-rio-de-janeiro-e-marca-nova-fase-da-expansao-nacional\/","og_locale":"en_US","og_type":"article","og_title":"MISCI Rio de Janeiro: Primeira Loja Abre na Garcia D\u2019\u00c1vila","og_description":"A MISCI Rio de Janeiro inaugura em Ipanema! Conhe\u00e7a a primeira loja de rua da marca de Airon Martin na Garcia D'\u00c1vila. Design autoral e luxo nacional.","og_url":"http:\/\/angelboss.com.br\/en\/2026\/01\/30\/misci-inaugura-primeira-loja-no-rio-de-janeiro-e-marca-nova-fase-da-expansao-nacional\/","og_site_name":"Portal Masculino de Moda, Beleza, Luxo and Business - Angel Boss","article_published_time":"2026-01-30T14:08:49+00:00","article_modified_time":"2026-01-30T14:08:50+00:00","og_image":[{"url":"https:\/\/angelboss.com.br\/wp-content\/uploads\/2026\/01\/image-206-683x1024.png","type":"","width":"","height":""}],"author":"Neto Angel Boss","twitter_card":"summary_large_image","twitter_misc":{"Written by":"Neto Angel Boss","Est. reading time":"5 minutes"},"schema":{"@context":"https:\/\/schema.org","@graph":[{"@type":"Article","@id":"http:\/\/angelboss.com.br\/2026\/01\/30\/misci-inaugura-primeira-loja-no-rio-de-janeiro-e-marca-nova-fase-da-expansao-nacional\/#article","isPartOf":{"@id":"http:\/\/angelboss.com.br\/2026\/01\/30\/misci-inaugura-primeira-loja-no-rio-de-janeiro-e-marca-nova-fase-da-expansao-nacional\/"},"author":{"name":"Neto Angel Boss","@id":"https:\/\/angelboss.com.br\/en\/#\/schema\/person\/af084936b46cf2e03f299183e429e350"},"headline":"MISCI\u00a0inaugura\u00a0primeira\u00a0loja\u00a0no\u00a0Rio\u00a0de\u00a0Janeiro\u00a0e\u00a0marca\u00a0nova\u00a0fase\u00a0da\u00a0expans\u00e3o\u00a0nacional","datePublished":"2026-01-30T14:08:49+00:00","dateModified":"2026-01-30T14:08:50+00:00","mainEntityOfPage":{"@id":"http:\/\/angelboss.com.br\/2026\/01\/30\/misci-inaugura-primeira-loja-no-rio-de-janeiro-e-marca-nova-fase-da-expansao-nacional\/"},"wordCount":1117,"commentCount":0,"publisher":{"@id":"https:\/\/angelboss.com.br\/en\/#organization"},"image":{"@id":"http:\/\/angelboss.com.br\/2026\/01\/30\/misci-inaugura-primeira-loja-no-rio-de-janeiro-e-marca-nova-fase-da-expansao-nacional\/#primaryimage"},"thumbnailUrl":"https:\/\/angelboss.com.br\/wp-content\/uploads\/2026\/01\/image-206-683x1024.png","keywords":["misci","moda","rio de janeiro"],"articleSection":["MODA","Not\u00edcias Corporativas"],"inLanguage":"en-US","potentialAction":[{"@type":"CommentAction","name":"Comment","target":["http:\/\/angelboss.com.br\/2026\/01\/30\/misci-inaugura-primeira-loja-no-rio-de-janeiro-e-marca-nova-fase-da-expansao-nacional\/#respond"]}]},{"@type":"WebPage","@id":"http:\/\/angelboss.com.br\/2026\/01\/30\/misci-inaugura-primeira-loja-no-rio-de-janeiro-e-marca-nova-fase-da-expansao-nacional\/","url":"http:\/\/angelboss.com.br\/2026\/01\/30\/misci-inaugura-primeira-loja-no-rio-de-janeiro-e-marca-nova-fase-da-expansao-nacional\/","name":"MISCI Rio de Janeiro: Primeira Loja Abre na Garcia D\u2019\u00c1vila","isPartOf":{"@id":"https:\/\/angelboss.com.br\/en\/#website"},"primaryImageOfPage":{"@id":"http:\/\/angelboss.com.br\/2026\/01\/30\/misci-inaugura-primeira-loja-no-rio-de-janeiro-e-marca-nova-fase-da-expansao-nacional\/#primaryimage"},"image":{"@id":"http:\/\/angelboss.com.br\/2026\/01\/30\/misci-inaugura-primeira-loja-no-rio-de-janeiro-e-marca-nova-fase-da-expansao-nacional\/#primaryimage"},"thumbnailUrl":"https:\/\/angelboss.com.br\/wp-content\/uploads\/2026\/01\/image-206-683x1024.png","datePublished":"2026-01-30T14:08:49+00:00","dateModified":"2026-01-30T14:08:50+00:00","description":"A MISCI Rio de Janeiro inaugura em Ipanema! Conhe\u00e7a a primeira loja de rua da marca de Airon Martin na Garcia D'\u00c1vila. Design autoral e luxo nacional.","breadcrumb":{"@id":"http:\/\/angelboss.com.br\/2026\/01\/30\/misci-inaugura-primeira-loja-no-rio-de-janeiro-e-marca-nova-fase-da-expansao-nacional\/#breadcrumb"},"inLanguage":"en-US","potentialAction":[{"@type":"ReadAction","target":["http:\/\/angelboss.com.br\/2026\/01\/30\/misci-inaugura-primeira-loja-no-rio-de-janeiro-e-marca-nova-fase-da-expansao-nacional\/"]}]},{"@type":"ImageObject","inLanguage":"en-US","@id":"http:\/\/angelboss.com.br\/2026\/01\/30\/misci-inaugura-primeira-loja-no-rio-de-janeiro-e-marca-nova-fase-da-expansao-nacional\/#primaryimage","url":"https:\/\/angelboss.com.br\/wp-content\/uploads\/2026\/01\/image-206-683x1024.png","contentUrl":"https:\/\/angelboss.com.br\/wp-content\/uploads\/2026\/01\/image-206-683x1024.png"},{"@type":"BreadcrumbList","@id":"http:\/\/angelboss.com.br\/2026\/01\/30\/misci-inaugura-primeira-loja-no-rio-de-janeiro-e-marca-nova-fase-da-expansao-nacional\/#breadcrumb","itemListElement":[{"@type":"ListItem","position":1,"name":"In\u00edcio","item":"https:\/\/angelboss.com.br\/en\/"},{"@type":"ListItem","position":2,"name":"MISCI\u00a0inaugura\u00a0primeira\u00a0loja\u00a0no\u00a0Rio\u00a0de\u00a0Janeiro\u00a0e\u00a0marca\u00a0nova\u00a0fase\u00a0da\u00a0expans\u00e3o\u00a0nacional"}]},{"@type":"WebSite","@id":"https:\/\/angelboss.com.br\/en\/#website","url":"https:\/\/angelboss.com.br\/en\/","name":"Portal Masculino de Moda, Beleza, Luxo e Business - Angel Boss","description":"O Maior Portal sobre Moda, Luxo, Beleza e Business Masculino do Brasil","publisher":{"@id":"https:\/\/angelboss.com.br\/en\/#organization"},"alternateName":"Maior Portal e Blog de Beleza Masculina e Luxo","potentialAction":[{"@type":"SearchAction","target":{"@type":"EntryPoint","urlTemplate":"https:\/\/angelboss.com.br\/en\/?s={search_term_string}"},"query-input":{"@type":"PropertyValueSpecification","valueRequired":true,"valueName":"search_term_string"}}],"inLanguage":"en-US"},{"@type":"Organization","@id":"https:\/\/angelboss.com.br\/en\/#organization","name":"Portal Masculino de Moda, Beleza, Luxo and Business - Angel Boss","url":"https:\/\/angelboss.com.br\/en\/","logo":{"@type":"ImageObject","inLanguage":"en-US","@id":"https:\/\/angelboss.com.br\/en\/#\/schema\/logo\/image\/","url":"http:\/\/angelboss.com.br\/wp-content\/uploads\/2025\/12\/WhatsApp-Image-2025-12-11-at-12.54.26.jpeg","contentUrl":"http:\/\/angelboss.com.br\/wp-content\/uploads\/2025\/12\/WhatsApp-Image-2025-12-11-at-12.54.26.jpeg","width":1280,"height":1280,"caption":"Portal Masculino de Moda, Beleza, Luxo and Business - Angel Boss"},"image":{"@id":"https:\/\/angelboss.com.br\/en\/#\/schema\/logo\/image\/"}},{"@type":"Person","@id":"https:\/\/angelboss.com.br\/en\/#\/schema\/person\/af084936b46cf2e03f299183e429e350","name":"Neto Angel Boss","image":{"@type":"ImageObject","inLanguage":"en-US","@id":"https:\/\/secure.gravatar.com\/avatar\/dbb38b2050e5181e32afbccf458635967af0767d15abe8168b35ebbd97907289?s=96&d=mm&r=g","url":"https:\/\/secure.gravatar.com\/avatar\/dbb38b2050e5181e32afbccf458635967af0767d15abe8168b35ebbd97907289?s=96&d=mm&r=g","contentUrl":"https:\/\/secure.gravatar.com\/avatar\/dbb38b2050e5181e32afbccf458635967af0767d15abe8168b35ebbd97907289?s=96&d=mm&r=g","caption":"Neto Angel Boss"},"sameAs":["http:\/\/www.angelboss.com"],"url":"http:\/\/angelboss.com.br\/en\/author\/netoangelboss\/"}]}},"amp_enabled":true,"_links":{"self":[{"href":"http:\/\/angelboss.com.br\/en\/wp-json\/wp\/v2\/posts\/9753","targetHints":{"allow":["GET"]}}],"collection":[{"href":"http:\/\/angelboss.com.br\/en\/wp-json\/wp\/v2\/posts"}],"about":[{"href":"http:\/\/angelboss.com.br\/en\/wp-json\/wp\/v2\/types\/post"}],"author":[{"embeddable":true,"href":"http:\/\/angelboss.com.br\/en\/wp-json\/wp\/v2\/users\/2"}],"replies":[{"embeddable":true,"href":"http:\/\/angelboss.com.br\/en\/wp-json\/wp\/v2\/comments?post=9753"}],"version-history":[{"count":1,"href":"http:\/\/angelboss.com.br\/en\/wp-json\/wp\/v2\/posts\/9753\/revisions"}],"predecessor-version":[{"id":9758,"href":"http:\/\/angelboss.com.br\/en\/wp-json\/wp\/v2\/posts\/9753\/revisions\/9758"}],"wp:attachment":[{"href":"http:\/\/angelboss.com.br\/en\/wp-json\/wp\/v2\/media?parent=9753"}],"wp:term":[{"taxonomy":"category","embeddable":true,"href":"http:\/\/angelboss.com.br\/en\/wp-json\/wp\/v2\/categories?post=9753"},{"taxonomy":"post_tag","embeddable":true,"href":"http:\/\/angelboss.com.br\/en\/wp-json\/wp\/v2\/tags?post=9753"}],"curies":[{"name":"wp","href":"https:\/\/api.w.org\/{rel}","templated":true}]}}