{"id":7746,"date":"2026-01-15T18:23:48","date_gmt":"2026-01-15T18:23:48","guid":{"rendered":"https:\/\/angelboss.com.br\/?p=7746"},"modified":"2026-01-15T18:23:50","modified_gmt":"2026-01-15T18:23:50","slug":"granado-yes-nos-temos-banana","status":"publish","type":"post","link":"http:\/\/angelboss.com.br\/en\/2026\/01\/15\/granado-yes-nos-temos-banana\/","title":{"rendered":"Granado lan\u00e7a &#8220;Yes, N\u00f3s Temos Banana!&#8221;, nova fragr\u00e2ncia vintage que celebra a brasilidade"},"content":{"rendered":"<p><em>Sofisticada, luminosa e tropical, a cria\u00e7\u00e3o homenageia a exuber\u00e2ncia da banana em todas as suas nuances<\/em><\/p>\n\n\n\n<figure class=\"wp-block-image size-large is-resized\"><img fetchpriority=\"high\" decoding=\"async\" width=\"674\" height=\"1024\" src=\"https:\/\/angelboss.com.br\/wp-content\/uploads\/2026\/01\/GRANADO0011-1-674x1024.webp\" alt=\"\" class=\"wp-image-7748\" style=\"aspect-ratio:0.6585317591187916;width:586px;height:auto\" srcset=\"http:\/\/angelboss.com.br\/wp-content\/uploads\/2026\/01\/GRANADO0011-1-674x1024.webp 674w, http:\/\/angelboss.com.br\/wp-content\/uploads\/2026\/01\/GRANADO0011-1-198x300.webp 198w, http:\/\/angelboss.com.br\/wp-content\/uploads\/2026\/01\/GRANADO0011-1-768x1166.webp 768w, http:\/\/angelboss.com.br\/wp-content\/uploads\/2026\/01\/GRANADO0011-1-1011x1536.webp 1011w, http:\/\/angelboss.com.br\/wp-content\/uploads\/2026\/01\/GRANADO0011-1-1349x2048.webp 1349w, http:\/\/angelboss.com.br\/wp-content\/uploads\/2026\/01\/GRANADO0011-1-8x12.webp 8w, http:\/\/angelboss.com.br\/wp-content\/uploads\/2026\/01\/GRANADO0011-1-150x228.webp 150w, http:\/\/angelboss.com.br\/wp-content\/uploads\/2026\/01\/GRANADO0011-1-450x683.webp 450w, http:\/\/angelboss.com.br\/wp-content\/uploads\/2026\/01\/GRANADO0011-1-1200x1822.webp 1200w, http:\/\/angelboss.com.br\/wp-content\/uploads\/2026\/01\/GRANADO0011-1-96x146.webp 96w, http:\/\/angelboss.com.br\/wp-content\/uploads\/2026\/01\/GRANADO0011-1-scaled.webp 1686w\" sizes=\"(max-width: 674px) 100vw, 674px\" \/><figcaption class=\"wp-element-caption\"><em>(Divulga\u00e7\u00e3o: Granado)<\/em><\/figcaption><\/figure>\n\n\n\n<p>A Granado, marca brasileira refer\u00eancia em cosm\u00e9ticos e perfumaria, lan\u00e7a Yes, N\u00f3s Temos Banana!, nova fragr\u00e2ncia da linha Vintage. Com sofistica\u00e7\u00e3o e autenticidade, o lan\u00e7amento convida a uma viagem sensorial pela centen\u00e1ria hist\u00f3ria da marca e pela brasilidade, celebrando o ic\u00f4nico fruto tropical em suas diferentes facetas: o frescor verde das folhas, a cremosidade da polpa e o dul\u00e7or do amadurecimento, elevados pela eleg\u00e2ncia da \u00edris e notas amadeiradas de s\u00e2ndalo e cedro.<\/p>\n\n\n\n<p>Desenvolvida em edi\u00e7\u00e3o limitada com arte exclusiva, a fragr\u00e2ncia floral frutal combina banana, flor de p\u00eassego, figo, \u00edris, folha de bananeira, feno, musk, s\u00e2ndalo e cedro, proporcionando uma experi\u00eancia olfativa intensa, luminosa e envolvente. A cria\u00e7\u00e3o \u00e9 assinada pelo perfumista Ugo Charron, da Casa de Fragr\u00e2ncias Mane, que une t\u00e9cnica e emo\u00e7\u00e3o em suas composi\u00e7\u00f5es, inspirando-se em sua forma\u00e7\u00e3o em qu\u00edmica, piano cl\u00e1ssico e experi\u00eancias art\u00edsticas multissensoriais para criar perfumes \u00fanicos.<\/p>\n\n\n\n<p>&#8220;Yes, N\u00f3s Temos Banana! \u00e9 um manifesto de brasilidade e criatividade. Quer\u00edamos uma fragr\u00e2ncia que trouxesse irrever\u00eancia e sofistica\u00e7\u00e3o, ao mesmo tempo em que celebrasse um \u00edcone tropical que faz parte da nossa cultura&#8221;, afirma Sissi Freeman, Diretora de Marketing e Vendas da Granado.<\/p>\n\n\n\n<p>Yes, N\u00f3s Temos Banana! j\u00e1 est\u00e1 dispon\u00edvel nas lojas Granado e no e-commerce da marca por R$ 345,00 (perfume + sabonete barra no kit especial).<\/p>\n\n\n\n<h2 class=\"wp-block-heading\"><strong>Sobre a Granado<\/strong><\/h2>\n\n\n\n<p>Fundada em 1870, a Granado \u00e9 uma das marcas mais tradicionais e ic\u00f4nicas do Brasil, com ra\u00edzes que se estendem \u00e0 \u00e9poca da Corte Real, quando foi nomeada Farm\u00e1cia Oficial da Fam\u00edlia Imperial Brasileira. Origin\u00e1ria do Rio de Janeiro, e conhecida pelo pioneirismo em rem\u00e9dios naturais baseados em plantas e ervas brasileiras, a Granado tornou-se refer\u00eancia em qualidade e cuidado ao longo dos anos. Em 1994, a marca foi adquirida por Christopher Freeman, que manteve as ra\u00edzes hist\u00f3ricas da empresa e ampliou seu portf\u00f3lio para incluir perfumaria, cuidados corporais e fragr\u00e2ncias para o lar. Em 2013, iniciou a expans\u00e3o da marca no mercado internacional. <\/p>\n\n\n\n<p>Hoje, a Granado \u00e9 s\u00edmbolo de excel\u00eancia e sustentabilidade, conta com mais de 100 lojas pr\u00f3prias pelo Brasil e com uma presen\u00e7a global que inclui lojas-conceito em Paris, Londres, Portugal e Nova York, al\u00e9m de atender clientes em mais de 30 pa\u00edses pelo seu e-commerce. No final de 2024, a Granado adquiriu a Care Natural Beauty, uma empresa brasileira de &#8220;beleza limpa&#8221;, reconhecida por seus produtos de maquiagem e skincare formulados com ativos org\u00e2nicos, naturais e tecnol\u00f3gicos. A marca segue comprometida com a inova\u00e7\u00e3o respons\u00e1vel e a valoriza\u00e7\u00e3o do patrim\u00f4nio brasileiro, sendo um nome consolidado na alta perfumaria e nos cuidados pessoais.<\/p>","protected":false},"excerpt":{"rendered":"<p>Sofisticada, luminosa e tropical, a cria\u00e7\u00e3o homenageia a exuber\u00e2ncia da banana em todas as suas nuances A Granado, marca brasileira refer\u00eancia em cosm\u00e9ticos e perfumaria, lan\u00e7a Yes, N\u00f3s Temos Banana!, nova fragr\u00e2ncia da linha Vintage. Com sofistica\u00e7\u00e3o e autenticidade, o lan\u00e7amento convida a uma viagem sensorial pela centen\u00e1ria hist\u00f3ria da marca e pela brasilidade, celebrando<\/p>","protected":false},"author":2,"featured_media":7749,"comment_status":"open","ping_status":"open","sticky":false,"template":"","format":"standard","meta":{"footnotes":""},"categories":[159],"tags":[442,537,536,253,302],"class_list":{"0":"post-7746","1":"post","2":"type-post","3":"status-publish","4":"format-standard","5":"has-post-thumbnail","7":"category-ta-na-moda","8":"tag-brasil","9":"tag-fragrancia","10":"tag-granado","11":"tag-informacao","12":"tag-perfume"},"yoast_head":"<!-- This site is optimized with the Yoast SEO plugin v27.5 - https:\/\/yoast.com\/product\/yoast-seo-wordpress\/ -->\n<title>Granado lan\u00e7a fragr\u00e2ncia Yes, N\u00f3s Temos Banana!<\/title>\n<meta name=\"description\" content=\"Granado lan\u00e7a Yes, N\u00f3s Temos Banana!, nova fragr\u00e2ncia vintage que celebra a brasilidade com notas tropicais e sofisticadas.\" \/>\n<meta name=\"robots\" content=\"index, follow, max-snippet:-1, max-image-preview:large, max-video-preview:-1\" \/>\n<link rel=\"canonical\" href=\"https:\/\/angelboss.com.br\/en\/2026\/01\/15\/granado-yes-nos-temos-banana\/\" \/>\n<meta property=\"og:locale\" content=\"en_US\" \/>\n<meta property=\"og:type\" content=\"article\" \/>\n<meta property=\"og:title\" content=\"Granado lan\u00e7a fragr\u00e2ncia Yes, N\u00f3s Temos Banana!\" \/>\n<meta property=\"og:description\" content=\"Granado lan\u00e7a Yes, N\u00f3s Temos Banana!, nova fragr\u00e2ncia vintage que celebra a brasilidade com notas tropicais e sofisticadas.\" \/>\n<meta property=\"og:url\" content=\"https:\/\/angelboss.com.br\/en\/2026\/01\/15\/granado-yes-nos-temos-banana\/\" \/>\n<meta property=\"og:site_name\" content=\"Portal Masculino de Moda, Beleza, Luxo and Business - Angel Boss\" \/>\n<meta property=\"article:published_time\" content=\"2026-01-15T18:23:48+00:00\" \/>\n<meta property=\"article:modified_time\" content=\"2026-01-15T18:23:50+00:00\" \/>\n<meta property=\"og:image\" content=\"https:\/\/angelboss.com.br\/wp-content\/uploads\/2026\/01\/GRANADO0005-1-scaled.jpg\" \/>\n\t<meta property=\"og:image:width\" content=\"1707\" \/>\n\t<meta property=\"og:image:height\" content=\"2560\" \/>\n\t<meta property=\"og:image:type\" content=\"image\/jpeg\" \/>\n<meta name=\"author\" content=\"Neto Angel Boss\" \/>\n<meta name=\"twitter:card\" content=\"summary_large_image\" \/>\n<meta name=\"twitter:label1\" content=\"Written by\" \/>\n\t<meta name=\"twitter:data1\" content=\"Neto Angel Boss\" \/>\n\t<meta name=\"twitter:label2\" content=\"Est. reading time\" \/>\n\t<meta name=\"twitter:data2\" content=\"3 minutes\" \/>\n<script type=\"application\/ld+json\" class=\"yoast-schema-graph\">{\"@context\":\"https:\\\/\\\/schema.org\",\"@graph\":[{\"@type\":\"Article\",\"@id\":\"https:\\\/\\\/angelboss.com.br\\\/2026\\\/01\\\/15\\\/granado-yes-nos-temos-banana\\\/#article\",\"isPartOf\":{\"@id\":\"https:\\\/\\\/angelboss.com.br\\\/2026\\\/01\\\/15\\\/granado-yes-nos-temos-banana\\\/\"},\"author\":{\"name\":\"Neto Angel Boss\",\"@id\":\"https:\\\/\\\/angelboss.com.br\\\/en\\\/#\\\/schema\\\/person\\\/af084936b46cf2e03f299183e429e350\"},\"headline\":\"Granado lan\u00e7a &#8220;Yes, N\u00f3s Temos Banana!&#8221;, nova fragr\u00e2ncia vintage que celebra a brasilidade\",\"datePublished\":\"2026-01-15T18:23:48+00:00\",\"dateModified\":\"2026-01-15T18:23:50+00:00\",\"mainEntityOfPage\":{\"@id\":\"https:\\\/\\\/angelboss.com.br\\\/2026\\\/01\\\/15\\\/granado-yes-nos-temos-banana\\\/\"},\"wordCount\":505,\"commentCount\":0,\"publisher\":{\"@id\":\"https:\\\/\\\/angelboss.com.br\\\/en\\\/#organization\"},\"image\":{\"@id\":\"https:\\\/\\\/angelboss.com.br\\\/2026\\\/01\\\/15\\\/granado-yes-nos-temos-banana\\\/#primaryimage\"},\"thumbnailUrl\":\"http:\\\/\\\/angelboss.com.br\\\/wp-content\\\/uploads\\\/2026\\\/01\\\/GRANADO0005-1-scaled.jpg\",\"keywords\":[\"brasil\",\"fragr\u00e2ncia\",\"granado\",\"informa\u00e7\u00e3o\",\"perfume\"],\"articleSection\":[\"T\u00c1 NA MODA\"],\"inLanguage\":\"en-US\",\"potentialAction\":[{\"@type\":\"CommentAction\",\"name\":\"Comment\",\"target\":[\"https:\\\/\\\/angelboss.com.br\\\/2026\\\/01\\\/15\\\/granado-yes-nos-temos-banana\\\/#respond\"]}]},{\"@type\":\"WebPage\",\"@id\":\"https:\\\/\\\/angelboss.com.br\\\/2026\\\/01\\\/15\\\/granado-yes-nos-temos-banana\\\/\",\"url\":\"https:\\\/\\\/angelboss.com.br\\\/2026\\\/01\\\/15\\\/granado-yes-nos-temos-banana\\\/\",\"name\":\"Granado lan\u00e7a fragr\u00e2ncia Yes, N\u00f3s Temos Banana!\",\"isPartOf\":{\"@id\":\"https:\\\/\\\/angelboss.com.br\\\/en\\\/#website\"},\"primaryImageOfPage\":{\"@id\":\"https:\\\/\\\/angelboss.com.br\\\/2026\\\/01\\\/15\\\/granado-yes-nos-temos-banana\\\/#primaryimage\"},\"image\":{\"@id\":\"https:\\\/\\\/angelboss.com.br\\\/2026\\\/01\\\/15\\\/granado-yes-nos-temos-banana\\\/#primaryimage\"},\"thumbnailUrl\":\"http:\\\/\\\/angelboss.com.br\\\/wp-content\\\/uploads\\\/2026\\\/01\\\/GRANADO0005-1-scaled.jpg\",\"datePublished\":\"2026-01-15T18:23:48+00:00\",\"dateModified\":\"2026-01-15T18:23:50+00:00\",\"description\":\"Granado lan\u00e7a Yes, N\u00f3s Temos Banana!, nova fragr\u00e2ncia vintage que celebra a brasilidade com notas tropicais e sofisticadas.\",\"breadcrumb\":{\"@id\":\"https:\\\/\\\/angelboss.com.br\\\/2026\\\/01\\\/15\\\/granado-yes-nos-temos-banana\\\/#breadcrumb\"},\"inLanguage\":\"en-US\",\"potentialAction\":[{\"@type\":\"ReadAction\",\"target\":[\"https:\\\/\\\/angelboss.com.br\\\/2026\\\/01\\\/15\\\/granado-yes-nos-temos-banana\\\/\"]}]},{\"@type\":\"ImageObject\",\"inLanguage\":\"en-US\",\"@id\":\"https:\\\/\\\/angelboss.com.br\\\/2026\\\/01\\\/15\\\/granado-yes-nos-temos-banana\\\/#primaryimage\",\"url\":\"http:\\\/\\\/angelboss.com.br\\\/wp-content\\\/uploads\\\/2026\\\/01\\\/GRANADO0005-1-scaled.jpg\",\"contentUrl\":\"http:\\\/\\\/angelboss.com.br\\\/wp-content\\\/uploads\\\/2026\\\/01\\\/GRANADO0005-1-scaled.jpg\",\"width\":1707,\"height\":2560,\"caption\":\"(Divulga\u00e7\u00e3o: Granado)\"},{\"@type\":\"BreadcrumbList\",\"@id\":\"https:\\\/\\\/angelboss.com.br\\\/2026\\\/01\\\/15\\\/granado-yes-nos-temos-banana\\\/#breadcrumb\",\"itemListElement\":[{\"@type\":\"ListItem\",\"position\":1,\"name\":\"In\u00edcio\",\"item\":\"https:\\\/\\\/angelboss.com.br\\\/en\\\/\"},{\"@type\":\"ListItem\",\"position\":2,\"name\":\"Granado lan\u00e7a &#8220;Yes, N\u00f3s Temos Banana!&#8221;, nova fragr\u00e2ncia vintage que celebra a brasilidade\"}]},{\"@type\":\"WebSite\",\"@id\":\"https:\\\/\\\/angelboss.com.br\\\/en\\\/#website\",\"url\":\"https:\\\/\\\/angelboss.com.br\\\/en\\\/\",\"name\":\"Portal Masculino de Moda, Beleza, Luxo e Business - Angel Boss\",\"description\":\"O Maior Portal sobre Moda, Luxo, Beleza e Business Masculino do Brasil\",\"publisher\":{\"@id\":\"https:\\\/\\\/angelboss.com.br\\\/en\\\/#organization\"},\"alternateName\":\"Maior Portal e Blog de Beleza Masculina e Luxo\",\"potentialAction\":[{\"@type\":\"SearchAction\",\"target\":{\"@type\":\"EntryPoint\",\"urlTemplate\":\"https:\\\/\\\/angelboss.com.br\\\/en\\\/?s={search_term_string}\"},\"query-input\":{\"@type\":\"PropertyValueSpecification\",\"valueRequired\":true,\"valueName\":\"search_term_string\"}}],\"inLanguage\":\"en-US\"},{\"@type\":\"Organization\",\"@id\":\"https:\\\/\\\/angelboss.com.br\\\/en\\\/#organization\",\"name\":\"Portal Masculino de Moda, Beleza, Luxo and Business - Angel Boss\",\"url\":\"https:\\\/\\\/angelboss.com.br\\\/en\\\/\",\"logo\":{\"@type\":\"ImageObject\",\"inLanguage\":\"en-US\",\"@id\":\"https:\\\/\\\/angelboss.com.br\\\/en\\\/#\\\/schema\\\/logo\\\/image\\\/\",\"url\":\"http:\\\/\\\/angelboss.com.br\\\/wp-content\\\/uploads\\\/2025\\\/12\\\/WhatsApp-Image-2025-12-11-at-12.54.26.jpeg\",\"contentUrl\":\"http:\\\/\\\/angelboss.com.br\\\/wp-content\\\/uploads\\\/2025\\\/12\\\/WhatsApp-Image-2025-12-11-at-12.54.26.jpeg\",\"width\":1280,\"height\":1280,\"caption\":\"Portal Masculino de Moda, Beleza, Luxo and Business - Angel Boss\"},\"image\":{\"@id\":\"https:\\\/\\\/angelboss.com.br\\\/en\\\/#\\\/schema\\\/logo\\\/image\\\/\"}},{\"@type\":\"Person\",\"@id\":\"https:\\\/\\\/angelboss.com.br\\\/en\\\/#\\\/schema\\\/person\\\/af084936b46cf2e03f299183e429e350\",\"name\":\"Neto Angel Boss\",\"image\":{\"@type\":\"ImageObject\",\"inLanguage\":\"en-US\",\"@id\":\"https:\\\/\\\/secure.gravatar.com\\\/avatar\\\/dbb38b2050e5181e32afbccf458635967af0767d15abe8168b35ebbd97907289?s=96&d=mm&r=g\",\"url\":\"https:\\\/\\\/secure.gravatar.com\\\/avatar\\\/dbb38b2050e5181e32afbccf458635967af0767d15abe8168b35ebbd97907289?s=96&d=mm&r=g\",\"contentUrl\":\"https:\\\/\\\/secure.gravatar.com\\\/avatar\\\/dbb38b2050e5181e32afbccf458635967af0767d15abe8168b35ebbd97907289?s=96&d=mm&r=g\",\"caption\":\"Neto Angel Boss\"},\"sameAs\":[\"http:\\\/\\\/www.angelboss.com\"],\"url\":\"http:\\\/\\\/angelboss.com.br\\\/en\\\/author\\\/netoangelboss\\\/\"}]}<\/script>\n<!-- \/ Yoast SEO plugin. -->","yoast_head_json":{"title":"Granado lan\u00e7a fragr\u00e2ncia Yes, N\u00f3s Temos Banana!","description":"Granado lan\u00e7a Yes, N\u00f3s Temos Banana!, nova fragr\u00e2ncia vintage que celebra a brasilidade com notas tropicais e sofisticadas.","robots":{"index":"index","follow":"follow","max-snippet":"max-snippet:-1","max-image-preview":"max-image-preview:large","max-video-preview":"max-video-preview:-1"},"canonical":"https:\/\/angelboss.com.br\/en\/2026\/01\/15\/granado-yes-nos-temos-banana\/","og_locale":"en_US","og_type":"article","og_title":"Granado lan\u00e7a fragr\u00e2ncia Yes, N\u00f3s Temos Banana!","og_description":"Granado lan\u00e7a Yes, N\u00f3s Temos Banana!, nova fragr\u00e2ncia vintage que celebra a brasilidade com notas tropicais e sofisticadas.","og_url":"https:\/\/angelboss.com.br\/en\/2026\/01\/15\/granado-yes-nos-temos-banana\/","og_site_name":"Portal Masculino de Moda, Beleza, Luxo and Business - Angel Boss","article_published_time":"2026-01-15T18:23:48+00:00","article_modified_time":"2026-01-15T18:23:50+00:00","og_image":[{"width":1707,"height":2560,"url":"https:\/\/angelboss.com.br\/wp-content\/uploads\/2026\/01\/GRANADO0005-1-scaled.jpg","type":"image\/jpeg"}],"author":"Neto Angel Boss","twitter_card":"summary_large_image","twitter_misc":{"Written by":"Neto Angel Boss","Est. reading time":"3 minutes"},"schema":{"@context":"https:\/\/schema.org","@graph":[{"@type":"Article","@id":"https:\/\/angelboss.com.br\/2026\/01\/15\/granado-yes-nos-temos-banana\/#article","isPartOf":{"@id":"https:\/\/angelboss.com.br\/2026\/01\/15\/granado-yes-nos-temos-banana\/"},"author":{"name":"Neto Angel Boss","@id":"https:\/\/angelboss.com.br\/en\/#\/schema\/person\/af084936b46cf2e03f299183e429e350"},"headline":"Granado lan\u00e7a &#8220;Yes, N\u00f3s Temos Banana!&#8221;, nova fragr\u00e2ncia vintage que celebra a brasilidade","datePublished":"2026-01-15T18:23:48+00:00","dateModified":"2026-01-15T18:23:50+00:00","mainEntityOfPage":{"@id":"https:\/\/angelboss.com.br\/2026\/01\/15\/granado-yes-nos-temos-banana\/"},"wordCount":505,"commentCount":0,"publisher":{"@id":"https:\/\/angelboss.com.br\/en\/#organization"},"image":{"@id":"https:\/\/angelboss.com.br\/2026\/01\/15\/granado-yes-nos-temos-banana\/#primaryimage"},"thumbnailUrl":"http:\/\/angelboss.com.br\/wp-content\/uploads\/2026\/01\/GRANADO0005-1-scaled.jpg","keywords":["brasil","fragr\u00e2ncia","granado","informa\u00e7\u00e3o","perfume"],"articleSection":["T\u00c1 NA MODA"],"inLanguage":"en-US","potentialAction":[{"@type":"CommentAction","name":"Comment","target":["https:\/\/angelboss.com.br\/2026\/01\/15\/granado-yes-nos-temos-banana\/#respond"]}]},{"@type":"WebPage","@id":"https:\/\/angelboss.com.br\/2026\/01\/15\/granado-yes-nos-temos-banana\/","url":"https:\/\/angelboss.com.br\/2026\/01\/15\/granado-yes-nos-temos-banana\/","name":"Granado lan\u00e7a fragr\u00e2ncia Yes, N\u00f3s Temos Banana!","isPartOf":{"@id":"https:\/\/angelboss.com.br\/en\/#website"},"primaryImageOfPage":{"@id":"https:\/\/angelboss.com.br\/2026\/01\/15\/granado-yes-nos-temos-banana\/#primaryimage"},"image":{"@id":"https:\/\/angelboss.com.br\/2026\/01\/15\/granado-yes-nos-temos-banana\/#primaryimage"},"thumbnailUrl":"http:\/\/angelboss.com.br\/wp-content\/uploads\/2026\/01\/GRANADO0005-1-scaled.jpg","datePublished":"2026-01-15T18:23:48+00:00","dateModified":"2026-01-15T18:23:50+00:00","description":"Granado lan\u00e7a Yes, N\u00f3s Temos Banana!, nova fragr\u00e2ncia vintage que celebra a brasilidade com notas tropicais e sofisticadas.","breadcrumb":{"@id":"https:\/\/angelboss.com.br\/2026\/01\/15\/granado-yes-nos-temos-banana\/#breadcrumb"},"inLanguage":"en-US","potentialAction":[{"@type":"ReadAction","target":["https:\/\/angelboss.com.br\/2026\/01\/15\/granado-yes-nos-temos-banana\/"]}]},{"@type":"ImageObject","inLanguage":"en-US","@id":"https:\/\/angelboss.com.br\/2026\/01\/15\/granado-yes-nos-temos-banana\/#primaryimage","url":"http:\/\/angelboss.com.br\/wp-content\/uploads\/2026\/01\/GRANADO0005-1-scaled.jpg","contentUrl":"http:\/\/angelboss.com.br\/wp-content\/uploads\/2026\/01\/GRANADO0005-1-scaled.jpg","width":1707,"height":2560,"caption":"(Divulga\u00e7\u00e3o: Granado)"},{"@type":"BreadcrumbList","@id":"https:\/\/angelboss.com.br\/2026\/01\/15\/granado-yes-nos-temos-banana\/#breadcrumb","itemListElement":[{"@type":"ListItem","position":1,"name":"In\u00edcio","item":"https:\/\/angelboss.com.br\/en\/"},{"@type":"ListItem","position":2,"name":"Granado lan\u00e7a &#8220;Yes, N\u00f3s Temos Banana!&#8221;, nova fragr\u00e2ncia vintage que celebra a brasilidade"}]},{"@type":"WebSite","@id":"https:\/\/angelboss.com.br\/en\/#website","url":"https:\/\/angelboss.com.br\/en\/","name":"Portal Masculino de Moda, Beleza, Luxo e Business - Angel Boss","description":"O Maior Portal sobre Moda, Luxo, Beleza e Business Masculino do Brasil","publisher":{"@id":"https:\/\/angelboss.com.br\/en\/#organization"},"alternateName":"Maior Portal e Blog de Beleza Masculina e Luxo","potentialAction":[{"@type":"SearchAction","target":{"@type":"EntryPoint","urlTemplate":"https:\/\/angelboss.com.br\/en\/?s={search_term_string}"},"query-input":{"@type":"PropertyValueSpecification","valueRequired":true,"valueName":"search_term_string"}}],"inLanguage":"en-US"},{"@type":"Organization","@id":"https:\/\/angelboss.com.br\/en\/#organization","name":"Portal Masculino de Moda, Beleza, Luxo and Business - Angel Boss","url":"https:\/\/angelboss.com.br\/en\/","logo":{"@type":"ImageObject","inLanguage":"en-US","@id":"https:\/\/angelboss.com.br\/en\/#\/schema\/logo\/image\/","url":"http:\/\/angelboss.com.br\/wp-content\/uploads\/2025\/12\/WhatsApp-Image-2025-12-11-at-12.54.26.jpeg","contentUrl":"http:\/\/angelboss.com.br\/wp-content\/uploads\/2025\/12\/WhatsApp-Image-2025-12-11-at-12.54.26.jpeg","width":1280,"height":1280,"caption":"Portal Masculino de Moda, Beleza, Luxo and Business - Angel Boss"},"image":{"@id":"https:\/\/angelboss.com.br\/en\/#\/schema\/logo\/image\/"}},{"@type":"Person","@id":"https:\/\/angelboss.com.br\/en\/#\/schema\/person\/af084936b46cf2e03f299183e429e350","name":"Neto Angel Boss","image":{"@type":"ImageObject","inLanguage":"en-US","@id":"https:\/\/secure.gravatar.com\/avatar\/dbb38b2050e5181e32afbccf458635967af0767d15abe8168b35ebbd97907289?s=96&d=mm&r=g","url":"https:\/\/secure.gravatar.com\/avatar\/dbb38b2050e5181e32afbccf458635967af0767d15abe8168b35ebbd97907289?s=96&d=mm&r=g","contentUrl":"https:\/\/secure.gravatar.com\/avatar\/dbb38b2050e5181e32afbccf458635967af0767d15abe8168b35ebbd97907289?s=96&d=mm&r=g","caption":"Neto Angel Boss"},"sameAs":["http:\/\/www.angelboss.com"],"url":"http:\/\/angelboss.com.br\/en\/author\/netoangelboss\/"}]}},"amp_enabled":true,"_links":{"self":[{"href":"http:\/\/angelboss.com.br\/en\/wp-json\/wp\/v2\/posts\/7746","targetHints":{"allow":["GET"]}}],"collection":[{"href":"http:\/\/angelboss.com.br\/en\/wp-json\/wp\/v2\/posts"}],"about":[{"href":"http:\/\/angelboss.com.br\/en\/wp-json\/wp\/v2\/types\/post"}],"author":[{"embeddable":true,"href":"http:\/\/angelboss.com.br\/en\/wp-json\/wp\/v2\/users\/2"}],"replies":[{"embeddable":true,"href":"http:\/\/angelboss.com.br\/en\/wp-json\/wp\/v2\/comments?post=7746"}],"version-history":[{"count":1,"href":"http:\/\/angelboss.com.br\/en\/wp-json\/wp\/v2\/posts\/7746\/revisions"}],"predecessor-version":[{"id":7750,"href":"http:\/\/angelboss.com.br\/en\/wp-json\/wp\/v2\/posts\/7746\/revisions\/7750"}],"wp:featuredmedia":[{"embeddable":true,"href":"http:\/\/angelboss.com.br\/en\/wp-json\/wp\/v2\/media\/7749"}],"wp:attachment":[{"href":"http:\/\/angelboss.com.br\/en\/wp-json\/wp\/v2\/media?parent=7746"}],"wp:term":[{"taxonomy":"category","embeddable":true,"href":"http:\/\/angelboss.com.br\/en\/wp-json\/wp\/v2\/categories?post=7746"},{"taxonomy":"post_tag","embeddable":true,"href":"http:\/\/angelboss.com.br\/en\/wp-json\/wp\/v2\/tags?post=7746"}],"curies":[{"name":"wp","href":"https:\/\/api.w.org\/{rel}","templated":true}]}}